{"id":2211,"date":"2020-06-25T09:09:54","date_gmt":"2020-06-25T09:09:54","guid":{"rendered":"https:\/\/kofe.hu\/parola\/?p=2211"},"modified":"2020-07-30T16:59:08","modified_gmt":"2020-07-30T16:59:08","slug":"kistersegi-osszefogassal-falvainkert-konferencia-az-mta-regionalis-kozpontjaban-1993-osz","status":"publish","type":"post","link":"https:\/\/kofe.hu\/parola\/parola-folyoirat\/kistersegi-osszefogassal-falvainkert-konferencia-az-mta-regionalis-kozpontjaban-1993-osz\/","title":{"rendered":"Kist\u00e9rs\u00e9gi \u00f6sszefog\u00e1ssal falvaink\u00e9rt: Konferencia az MTA region\u00e1lis k\u00f6zpontj\u00e1ban 1993. \u0151sz"},"content":{"rendered":"<p style=\"text-align: justify;\"><span style=\"font-family: Times New Roman CE;\">A fenti c\u00edmmel rendezett konferenci\u00e1t az MTA Region\u00e1lis Kutat\u00e1si K\u00f6zpontj\u00e1nak \u00c9szak-Magyarorsz\u00e1gi Oszt\u00e1lya 1993 \u0151sz\u00e9n. Az al\u00e1bbiakban k\u00f6z\u00f6lj\u00fck a konferencia egyik r\u00e9sztvev\u0151j\u00e9nek nacion\u00e1l\u00e9j\u00e1t, tov\u00e1bb\u00e1 a tapasztalatcsere \u00f6sszegz\u0151 meg\u00e1llap\u00edt\u00e1sait.<\/span><br \/>\n<!--more--><br \/>\n<span style=\"font-family: Times New Roman CE;\">Csereh\u00e1ti Telep\u00fcl\u00e9ssz\u00f6vets\u00e9g<\/span><br \/>\n<span style=\"font-family: Times New Roman CE;\">Alakul\u00e1s ideje: 1989 j\u00fanius. C\u00edm: Gagyb\u00e1tor, F\u0151t\u00e9r 1. tel: Gagyb\u00e1tor 6. Vezet\u0151: Csom\u00f3s J\u00f3zsef reform\u00e1tus esperes. Tagok: 56 telep\u00fcl\u00e9si \u00f6nkorm\u00e1nyzat, 96 mag\u00e1nszem\u00e9ly, 9 egy\u00e9b jogi szem\u00e9ly.<\/span><br \/>\n<span style=\"font-family: Times New Roman CE;\">C\u00e9lok:<\/span><br \/>\n<span style=\"font-family: Times New Roman CE;\">A t\u00e9rs\u00e9g region\u00e1lis \u00e9rdekeinek k\u00e9pviselet\u00e9re hivatott politikai, \u00f6nkorm\u00e1nyzati, v\u00e1llalati, int\u00e9zm\u00e9nyi vezet\u0151k, valamint mag\u00e1nszem\u00e9lyek (v\u00e1llalkoz\u00f3k) tev\u00e9kenys\u00e9g\u00e9nek \u00f6sszehangol\u00e1sa a ter\u00fclet fejleszt\u00e9se \u00e9rdek\u00e9ben.<\/span><br \/>\n<span style=\"font-family: Times New Roman CE;\">Feladatok:<\/span><br \/>\n<span style=\"font-family: Times New Roman CE;\">A Sz\u00f6vets\u00e9g a megl\u00e9v\u0151 int\u00e9zm\u00e9nyrendszerben nem, vagy nem kell\u0151 hangs\u00fallyal megjelen\u0151 speci\u00e1lis r\u00e9gi\u00f3\u00e9rdekeket \u00fajszer\u0171 m\u00f3dszerekkel &#8211; de nem a megl\u00e9v\u0151 int\u00e9zm\u00e9nyrendszer ellen\u00e9ben &#8211; k\u00edv\u00e1nja k\u00e9pviselni, \u00e9rv\u00e9nyre juttatni. A ter\u00fcleti \u00e9rdek k\u00e9pviselete mellett a r\u00e9gi\u00f3hoz k\u00f6t\u0151d\u0151 k\u00f6z\u00f6s \u00e9rdekelts\u00e9gre, patriotizmusra alapozva v\u00e9gez gazdas\u00e1gi, kultur\u00e1lis \u00e9s k\u00f6z\u00f6ss\u00e9gi szervez\u0151munk\u00e1t.<\/span><\/p>\n<p style=\"text-align: justify;\"><span style=\"font-family: Times New Roman CE;\">1. A tev\u00e9kenys\u00e9g f\u0151 elemei:<\/span><br \/>\n<span style=\"font-family: Times New Roman CE;\">&#8211; A t\u00e9rs\u00e9g \u00e9rdekeinek k\u00e9pviselete m\u00e1s szervek, szervezetek el\u0151tt.<\/span><br \/>\n<span style=\"font-family: Times New Roman CE;\">&#8211; Gazdas\u00e1gi, kultur\u00e1lis v\u00e1llalkoz\u00e1si, igazgat\u00e1si, szervez\u00e9si k\u00e9rd\u00e9sekkel kapcsolatos \u00f6tletek, kezdem\u00e9nyez\u00e9sek \u00f6sszegy\u0171jt\u00e9se, rendszerez\u00e9se, felkarol\u00e1sa.<\/span><br \/>\n<span style=\"font-family: Times New Roman CE;\">&#8211; Gazdas\u00e1gi, kultur\u00e1lis v\u00e1llalkoz\u00e1sokhoz az \u00e9rdekazonoss\u00e1g alapj\u00e1n t\u00e1rsak keres\u00e9se, megnyer\u00e9se, a potenci\u00e1lis t\u00e1rsak egym\u00e1sra tal\u00e1l\u00e1s\u00e1nak seg\u00edt\u00e9se.<\/span><br \/>\n<span style=\"font-family: Times New Roman CE;\">&#8211; Szaktan\u00e1csad\u00e1s megszervez\u00e9se az egy\u00e9ni \u00e9s k\u00f6z\u00f6ss\u00e9gi kezdem\u00e9nyez\u00e9sek beind\u00edt\u00e1s\u00e1hoz, v\u00e9ghezvitel\u00e9hez.<\/span><br \/>\n<span style=\"font-family: Times New Roman CE;\">&#8211; Az ismeretterjeszt\u00e9s megszervez\u00e9se, bonyol\u00edt\u00e1sa a t\u00e9rs\u00e9gen bel\u00fcl \u00e9s azon k\u00edv\u00fcl, kiadv\u00e1nyok megjelentet\u00e9s\u00e9vel, el\u0151ad\u00e1sok, ki\u00e1ll\u00edt\u00e1sok szervez\u00e9s\u00e9vel, p\u00e1ly\u00e1zatok ki\u00edr\u00e1s\u00e1val \u00e9s elb\u00edr\u00e1l\u00e1s\u00e1val.<\/span><br \/>\n<span style=\"font-family: Times New Roman CE;\">&#8211; A Sz\u00f6vets\u00e9g c\u00e9lj\u00e1nak megval\u00f3s\u00edt\u00e1s\u00e1t szolg\u00e1l\u00f3 felt\u00e1r\u00f3, v\u00e9lem\u00e9nyez\u0151, javaslattev\u0151 tanulm\u00e1nyok k\u00e9sz\u00edt\u00e9se ill. k\u00e9sz\u00edttet\u00e9se.<\/span><br \/>\n<span style=\"font-family: Times New Roman CE;\">&#8211; A helyi t\u00e1rsadalmak k\u00f6z\u00f6ss\u00e9gfejleszt\u00e9si tev\u00e9kenys\u00e9g\u00e9nek \u00f6szt\u00f6nz\u00e9se a t\u00e9rs\u00e9g bels\u0151 er\u0151forr\u00e1sainak er\u0151s\u00edt\u00e9se, a helyi t\u00e1rsadalmak \u00f6nszervez\u0151d\u00e9seinek, revitaliz\u00e1ci\u00f3j\u00e1nak seg\u00edt\u00e9se, az \u00f6ner\u0151s fejl\u0151d\u00e9s t\u00e1rsadalmi alapjainak megteremt\u00e9se \u00e9rdek\u00e9ben.<\/span><\/p>\n<p style=\"text-align: justify;\"><span style=\"font-family: Times New Roman CE;\">2. Az egyes kezdem\u00e9nyez\u00e9sek felkarol\u00e1s\u00e1t, sors\u00e1t nem azok nagys\u00e1grendje, hanem hasznoss\u00e1ga hat\u00e1rozza meg.<\/span><\/p>\n<p style=\"text-align: justify;\"><span style=\"font-family: Times New Roman CE;\">3. A Sz\u00f6vets\u00e9g &#8211; tagjain kereszt\u00fcl &#8211; keresi saj\u00e1t gazdas\u00e1gi forr\u00e1sai b\u0151v\u00edt\u00e9s\u00e9nek lehet\u0151s\u00e9g\u00e9t annak \u00e9rdek\u00e9ben, hogy \u00f6nmaga is \u00f6n\u00e1ll\u00f3 v\u00e1llalkoz\u00e1ss\u00e1 v\u00e1ljon.<\/span><\/p>\n<p style=\"text-align: justify;\"><span style=\"font-family: Times New Roman CE;\">4. A Sz\u00f6vets\u00e9g t\u00f6rekszik arra, hogy munk\u00e1j\u00e1ban mindenekel\u0151tt a t\u00e9rs\u00e9g bels\u0151 szellemi er\u0151forr\u00e1saira \u00e9p\u00edtsen, de a t\u00e9rs\u00e9gb\u0151l elsz\u00e1rmazott, a t\u00e9rs\u00e9ghez azonban szellemiekben, \u00e9rzelmileg er\u0151sen k\u00f6t\u0151d\u0151, \u00e1ldozatk\u00e9sz emberekre is nagym\u00e9rt\u00e9kben k\u00edv\u00e1n t\u00e1maszkodni.<\/span><\/p>\n<p style=\"text-align: justify;\"><span style=\"font-family: Times New Roman CE;\">Eddigi tev\u00e9kenys\u00e9g:<\/span><br \/>\n<span style=\"font-family: Times New Roman CE;\">Komplex t\u00e9rs\u00e9gfejleszt\u00e9s<\/span><span style=\"font-family: Times New Roman CE;\">&#8211; Csereh\u00e1ti Ter\u00fclet- \u00e9s Gazdas\u00e1gfejleszt\u00e9si K\u00f6zpont alap\u00edt\u00e1si koncepci\u00f3j\u00e1nak kidolgoz\u00e1sa, a beind\u00edt\u00e1s szervez\u00e9se<\/span><br \/>\n<span style=\"font-family: Times New Roman CE;\">&#8211; kapcsolatok \u00e9p\u00edt\u00e9se, k\u00fclf\u00f6ldi \u00e9s hazai vend\u00e9gek fogad\u00e1sa (angol, holland)<\/span><br \/>\n<span style=\"font-family: Times New Roman CE;\">\u00c9rdekv\u00e9delem<\/span><br \/>\n<span style=\"font-family: Times New Roman CE;\">&#8211; jogszab\u00e1lytervezetek v\u00e9lem\u00e9nyez\u00e9se<\/span><br \/>\n<span style=\"font-family: Times New Roman CE;\">&#8211; \u00e9rdekegyeztet\u0151 t\u00e1rgyal\u00e1sokon val\u00f3 r\u00e9szv\u00e9tel<\/span><br \/>\n<span style=\"font-family: Times New Roman CE;\">&#8211; telefonprogram \u00f6szt\u00f6nz\u00e9se, \u00e9rdekk\u00e9pviselet<\/span><br \/>\n<span style=\"font-family: Times New Roman CE;\">&#8211; orsz\u00e1ggy\u0171l\u00e9si k\u00e9pvisel\u0151 interpell\u00e1ci\u00f3ra val\u00f3 felk\u00e9sz\u00fcl\u00e9s\u00e9nek seg\u00edt\u00e9se ,di\u00f3fa&#8221; \u00e9s iv\u00f3v\u00edzprogram \u00fcgyben<\/span><br \/>\n<span style=\"font-family: Times New Roman CE;\">&#8211; falugondnokok m\u0171k\u00f6d\u00e9s\u00e9nek t\u00e1mogat\u00e1si form\u00e1inak keres\u00e9se<\/span><br \/>\n<span style=\"font-family: Times New Roman CE;\">Infrastrukt\u00farafejleszt\u00e9s<\/span><br \/>\n<span style=\"font-family: Times New Roman CE;\">&#8211; K\u00e1ny-Buzita hat\u00e1r\u00e1tkel\u0151 megnyit\u00e1s\u00e1nak szorgalmaz\u00e1sa<\/span><br \/>\n<span style=\"font-family: Times New Roman CE;\">&#8211; H\u00eddv\u00e9gard\u00f3-Torna hat\u00e1r\u00e1tkel\u0151 nemzetk\u00f6ziv\u00e9 nyilv\u00e1n\u00edt\u00e1s\u00e1nak szorgalmaz\u00e1sa<\/span><br \/>\n<span style=\"font-family: Times New Roman CE;\">&#8211; B\u00fctt\u00f6s-Szemerei \u00fat p\u00e1ly\u00e1zat\u00e1nak el\u0151k\u00e9sz\u00edt\u00e9se<\/span><br \/>\n<span style=\"font-family: Times New Roman CE;\">&#8211; falugondnoki rendszer elind\u00edt\u00e1s\u00e1ban akt\u00edv k\u00f6zrem\u0171k\u00f6d\u00e9s<\/span><br \/>\n<span style=\"font-family: Times New Roman CE;\">&#8211; holland szakemberekkel j\u00e1tsz\u00f3t\u00e9r \u00e9p\u00edt\u00e9se Gagyvend\u00e9giben<\/span><br \/>\n<span style=\"font-family: Times New Roman CE;\">&#8211; krasznokvajdai rend\u0151r\u00f6rs szervez\u00e9s\u00e9nek seg\u00edt\u00e9se<\/span><br \/>\n<span style=\"font-family: Times New Roman CE;\">Gazdas\u00e1gfejleszt\u00e9s<\/span><br \/>\n<span style=\"font-family: Times New Roman CE;\">&#8211; m\u00e9h\u00e9szek sz\u00f6vets\u00e9g\u00e9nek megalakul\u00e1sa<\/span><br \/>\n<span style=\"font-family: Times New Roman CE;\">&#8211; tejprogram kidolgoztat\u00e1sa<\/span><br \/>\n<span style=\"font-family: Times New Roman CE;\">&#8211; mez\u0151gazdas\u00e1gi szakemberek d\u00e1niai tanulm\u00e1ny\u00fatj\u00e1nak t\u00e1mogat\u00e1sa<\/span><br \/>\n<span style=\"font-family: Times New Roman CE;\">T\u00e9rs\u00e9gi propaganda<\/span><br \/>\n<span style=\"font-family: Times New Roman CE;\">&#8211; Csereh\u00e1ti F\u00fczetek 1-9. szerkeszt\u00e9se \u00e9s kiad\u00e1sa<\/span><br \/>\n<span style=\"font-family: Times New Roman CE;\">&#8211; Csereh\u00e1ti Turistat\u00e9rk\u00e9p kiad\u00e1sa<\/span><br \/>\n<span style=\"font-family: Times New Roman CE;\">&#8211; Csereh\u00e1ti \u00datikalauz szerkeszt\u0151bizotts\u00e1g\u00e1nak megszervez\u00e9se<\/span><br \/>\n<span style=\"font-family: Times New Roman CE;\">&#8211; TV-felv\u00e9telek:<\/span><br \/>\n<span style=\"font-family: Times New Roman CE;\">SORSOK; Hazan\u00e9z\u0151; Eur\u00f3pa falvai;<\/span><br \/>\n<span style=\"font-family: Times New Roman CE;\">Napz\u00e1rta<\/span><br \/>\n<span style=\"font-family: Times New Roman CE;\">&#8211; konferenci\u00e1kon, tan\u00e1cskoz\u00e1sokon val\u00f3 r\u00e9szv\u00e9tel el\u0151ad\u00e1ssal<\/span><br \/>\n<span style=\"font-family: Times New Roman CE;\">Savaria Urbanisztikai Ny\u00e1ri Egyetem<\/span><br \/>\n<span style=\"font-family: Times New Roman CE;\">Borsodiak Budapesti Bar\u00e1ti K\u00f6re<\/span><br \/>\n<span style=\"font-family: Times New Roman CE;\">Falukonferencia I-II.<\/span><br \/>\n<span style=\"font-family: Times New Roman CE;\">SEED Kisv\u00e1llalkoz\u00e1sokat Seg\u00edt\u0151 Alap\u00edtv\u00e1ny tan\u00e1cskoz\u00e1sa<\/span><br \/>\n<span style=\"font-family: Times New Roman CE;\">&#8211; \u00dajs\u00e1gcikkek sorozata<\/span><br \/>\n<span style=\"font-family: Times New Roman CE;\">K\u00f6z\u00f6ss\u00e9gfejleszt\u00e9s<\/span><br \/>\n<span style=\"font-family: Times New Roman CE;\">Csereh\u00e1ti Plak\u00e1t\u00fajs\u00e1g kiad\u00e1sa<\/span><br \/>\n<span style=\"font-family: Times New Roman CE;\">\u00e1ltal\u00e1nos iskol\u00e1k hollandiai videolevelez\u00e9s\u00e9nek megszervez\u00e9se<\/span><br \/>\n<span style=\"font-family: Times New Roman CE;\">Csereh\u00e1ti S\u00edfut\u00f3 Szakoszt\u00e1ly szervez\u00e9se<\/span><br \/>\n<span style=\"font-family: Times New Roman CE;\">k\u00e9pz\u00e9si program keret\u00e9ben a helyi \u00e9rtelmis\u00e9giekb\u0151l \u00e1ll\u00f3 \u00fan. Csereh\u00e1ti Szak\u00e9rt\u0151i K\u00f6r l\u00e9trehoz\u00e1sa<\/span><br \/>\n<span style=\"font-family: Times New Roman CE;\">Tervez\u00e9s, programalkot\u00e1s<\/span><br \/>\n<span style=\"font-family: Times New Roman CE;\">falukutat\u00f3 t\u00e1bor szervez\u00e9se<\/span><br \/>\n<span style=\"font-family: Times New Roman CE;\">&#8211; k\u00fclf\u00f6ldi \u00e9s hazai szak\u00e9rt\u0151k seg\u00edt\u00e9se, inform\u00e1l\u00e1sa<\/span><br \/>\n<span style=\"font-family: Times New Roman CE;\">P\u00e1ly\u00e1zatok k\u00e9sz\u00edt\u00e9se<\/span><br \/>\n<span style=\"font-family: Times New Roman CE;\">&#8211; Foglalkoztat\u00e1si Alap<\/span><br \/>\n<span style=\"font-family: Times New Roman CE;\">k\u00e9pz\u00e9si program<\/span><br \/>\n<span style=\"font-family: Times New Roman CE;\">&#8211; K\u00f6zm\u0171vel\u0151d\u00e9si Alap\u00edtv\u00e1ny<\/span><br \/>\n<span style=\"font-family: Times New Roman CE;\">hollandokkal k\u00f6z\u00f6s program, csereh\u00e1ti \u00fajs\u00e1g, k\u00e9pz\u00e9si program<\/span><br \/>\n<span style=\"font-family: Times New Roman CE;\">&#8211; J\u00f3l\u00e9ti Szolg\u00e1lat<\/span><br \/>\n<span style=\"font-family: Times New Roman CE;\">tan\u00e1csad\u00f3i program<\/span><br \/>\n<span style=\"font-family: Times New Roman CE;\">&#8211; Szerencsej\u00e1t\u00e9k Alap\u00edtv\u00e1ny<\/span><br \/>\n<span style=\"font-family: Times New Roman CE;\">Csereh\u00e1ti \u00dajs\u00e1g<\/span><br \/>\n<span style=\"font-family: Times New Roman CE;\">Csereh\u00e1ti Tanulm\u00e1nysorozat<\/span><br \/>\n<span style=\"font-family: Times New Roman CE;\">&#8211; Soros Alap\u00edtv\u00e1ny<\/span><br \/>\n<span style=\"font-family: Times New Roman CE;\">sz\u00e1m\u00edt\u00f3g\u00e9p + f\u00e9nym\u00e1sol\u00f3<\/span><br \/>\n<span style=\"font-family: Times New Roman CE;\">t\u00e9rs\u00e9gfejleszt\u00e9si program<\/span><br \/>\n<span style=\"font-family: Times New Roman CE;\">&#8211; Minisztereln\u00f6ki Hivatal<\/span><br \/>\n<span style=\"font-family: Times New Roman CE;\">t\u00e1rsadalmi szervezetek t\u00e1mogat\u00e1sa<\/span><br \/>\n<span style=\"font-family: Times New Roman CE;\">&#8211; BAZ Megyei \u00d6nkorm\u00e1nyzat Mecenas Alap<\/span><br \/>\n<span style=\"font-family: Times New Roman CE;\">Falukutat\u00f3 t\u00e1bor<\/span><br \/>\n<span style=\"font-family: Times New Roman CE;\">Turistat\u00e9rk\u00e9p<\/span><br \/>\n<span style=\"font-family: Times New Roman CE;\">Hollandokkal k\u00f6z\u00f6s program<\/span><br \/>\n<span style=\"font-family: Times New Roman CE;\">Vox Provincine Alap\u00edtv\u00e1ny<\/span><br \/>\n<span style=\"font-family: Times New Roman CE;\">mez\u0151gazdas\u00e1gi szakemberek tanulm\u00e1ny\u00fatja D\u00e1ni\u00e1ba<\/span><br \/>\n<span style=\"font-family: Times New Roman CE;\">&#8211; Lakitelek Alap\u00edtv\u00e1ny<\/span><br \/>\n<span style=\"font-family: Times New Roman CE;\">Csereh\u00e1ti \u00dajs\u00e1g<\/span><br \/>\n<span style=\"font-family: Times New Roman CE;\">&#8211; Foglalkoztat\u00e1si Alap<\/span><br \/>\n<span style=\"font-family: Times New Roman CE;\">Csereh\u00e1ti Ter\u00fclet- \u00e9s Gazdas\u00e1gfejleszt\u00e9si K\u00f6zpont<\/span><br \/>\n<span style=\"font-family: Times New Roman CE;\">&#8211; Ter\u00fcletfejleszt\u00e9si Alap<\/span><br \/>\n<span style=\"font-family: Times New Roman CE;\">Csereh\u00e1ti Ter\u00fclet- \u00e9s Gazdas\u00e1gfejleszt\u00e9si K\u00f6zpont<\/span><br \/>\n<span style=\"font-family: Times New Roman CE;\">Mecenatura, k\u00f6zvet\u00edt\u00e9s<\/span><br \/>\n<span style=\"font-family: Times New Roman CE;\">&#8211; Miskolci Fot\u00f3k\u00f6r &#8211; csereh\u00e1ti fot\u00f3sorozat<\/span><br \/>\n<span style=\"font-family: Times New Roman CE;\">&#8211; gadnai \u00f3voda<\/span><br \/>\n<span style=\"font-family: Times New Roman CE;\">&#8211; Szanticska<\/span><br \/>\n<span style=\"font-family: Times New Roman CE;\">&#8211; encsi di\u00e1kotthon honismereti k\u00f6re<\/span><br \/>\n<span style=\"font-family: Times New Roman CE;\">&#8211; term\u00e9szetj\u00e1r\u00f3k &#8211; turista\u00fatvonalak felfest\u00e9se<\/span><br \/>\n<span style=\"font-family: Times New Roman CE;\">&#8211; Krasznokvajda &#8211; \u00f6regek napja<\/span><br \/>\n<span style=\"font-family: Times New Roman CE;\">&#8211; edel\u00e9nyi munkaiskola<\/span><br \/>\n<span style=\"font-family: Times New Roman CE;\">\u00d6nfenntart\u00e1s<\/span><br \/>\n<span style=\"font-family: Times New Roman CE;\">&#8211; adminisztr\u00e1ci\u00f3<\/span><br \/>\n<span style=\"font-family: Times New Roman CE;\">&#8211; gazd\u00e1lkod\u00e1s<\/span><\/p>\n<p><span style=\"font-family: Times New Roman CE;\">A ,Kist\u00e9rs\u00e9gi \u00f6sszefog\u00e1ssal falvaink\u00e9rt&#8221; tapasztalatcsere \u00f6sszegz\u0151 meg\u00e1llap\u00edt\u00e1sai<\/span><\/p>\n<p><span style=\"font-family: Times New Roman CE;\">Az orsz\u00e1gban l\u00e9trej\u00f6tt kist\u00e9rs\u00e9gi szervez\u0151d\u00e9sek sz\u00e1m\u00e1ra az MTA Region\u00e1lis Kutat\u00e1sok K\u00f6zpontja \u00c9szak-magyarorsz\u00e1gi Oszt\u00e1lya \u00e9s a Csereh\u00e1ti Telep\u00fcl\u00e9ssz\u00f6vets\u00e9g \u00e1ltal szervezett tapasztalatcser\u00e9n r\u00e9szt vev\u0151 15 t\u00e9rs\u00e9gi sz\u00f6vets\u00e9g\/t\u00e1rsul\u00e1s k\u00e9pvisel\u0151i, valamint kist\u00e9rs\u00e9gi szervez\u0151d\u00e9sekkel foglalkoz\u00f3 szakemberek a k\u00f6vetkez\u0151 meg\u00e1llap\u00edt\u00e1sokat tett\u00e9k:<\/span><br \/>\n<span style=\"font-family: Times New Roman CE;\">&#8211; Meger\u0151s\u00f6d\u00f6tt azon v\u00e9lem\u00e9ny\u00fcnk, hogy a kist\u00e9rs\u00e9gi szervez\u0151d\u00e9seknek ma helye, szerepe van, hiszen olyan hi\u00e1nyt p\u00f3tolnak, melynek megsz\u00fcntet\u00e9s\u00e9re jelenleg nincsenek a korm\u00e1nyzati \u00e9s a helyi szintek sz\u00e1m\u00e1ra egyar\u00e1nt megfelel\u0151 koncepci\u00f3k \u00e9s int\u00e9zm\u00e9nyek \u00e9s azt gondoljuk, hogy a t\u00e9rs\u00e9gi szervez\u0151d\u00e9sek alkalmasak ezen strat\u00e9gi\u00e1k kimunk\u00e1l\u00e1s\u00e1ra.<\/span><br \/>\n<span style=\"font-family: Times New Roman CE;\">&#8211; Ezen szervez\u0151d\u00e9sek \u00e1ltal\u00e1ban perif\u00e9ri\u00e1lis ter\u00fcletek fejleszt\u00e9s\u00e9re j\u00f6ttek l\u00e9tre, c\u00e9ljaikat megfogalmazt\u00e1k s a megval\u00f3s\u00edt\u00e1s eszk\u00f6zeit \u00e9s partnereket keresnek.<\/span><br \/>\n<span style=\"font-family: Times New Roman CE;\">&#8211; A probl\u00e9m\u00e1k \u00e9s feladatok hasonl\u00f3s\u00e1ga igazolja, hogy az elmaradott t\u00e9rs\u00e9gek gondjainak kezel\u00e9se t\u00f6bbir\u00e1ny\u00fa, \u00f6sszehangolt, k\u00f6zponti t\u00e1mogat\u00e1ssal is meger\u0151s\u00edtett m\u00f3dszerek kimunk\u00e1l\u00e1s\u00e1t \u00e9s megval\u00f3s\u00edt\u00e1s\u00e1t ig\u00e9nylik.<\/span><br \/>\n<span style=\"font-family: Times New Roman CE;\">&#8211; Meggy\u0151z\u0151d\u00e9s\u00fcnk, hogy a t\u00e9rs\u00e9gi szervez\u0151d\u00e9sek kell\u0151 szakmai kidolgozotts\u00e1ggal m\u0171k\u00f6dve sikeresen vehetnek r\u00e9szt a korm\u00e1nyzati, nem csak t\u00e9rs\u00e9gfejleszt\u00e9si c\u00e9lra sz\u00e1nt forr\u00e1sok megszerz\u00e9s\u00e9ben \u00e9s legoptim\u00e1lisabb felhaszn\u00e1l\u00e1s\u00e1ban.<\/span><br \/>\n<span style=\"font-family: Times New Roman CE;\">A tapasztalatcser\u00e9n r\u00e9sztvev\u0151k kifejezt\u00e9k j\u00f6v\u0151beni egy\u00fcttm\u0171k\u00f6d\u00e9si sz\u00e1nd\u00e9kukat s megegyeztek abban, hogy legk\u00f6zelebb Salg\u00f3tarj\u00e1nban, a N\u00e9pj\u00f3l\u00e9ti K\u00e9pz\u00e9si K\u00f6zpontban tal\u00e1lkoznak, ahol egym\u00e1s munk\u00e1j\u00e1nak megismer\u00e9s\u00e9n t\u00fal els\u0151sorban a ter\u00fcletfejleszt\u00e9s int\u00e9zm\u00e9nyrendszer\u00e9re, ebben a kist\u00e9rs\u00e9gi szervez\u0151d\u00e9sek hely\u00e9re, szerep\u00e9re vonatkoz\u00f3 koncepci\u00f3kat k\u00edv\u00e1nj\u00e1k megismerni, megvitatni.<\/span><\/p>\n","protected":false},"excerpt":{"rendered":"<p>A fenti c\u00edmmel rendezett konferenci\u00e1t az MTA Region\u00e1lis Kutat\u00e1si K\u00f6zpontj\u00e1nak \u00c9szak-Magyarorsz\u00e1gi Oszt\u00e1lya 1993 \u0151sz\u00e9n. Az al\u00e1bbiakban k\u00f6z\u00f6lj\u00fck a konferencia egyik r\u00e9sztvev\u0151j\u00e9nek nacion\u00e1l\u00e9j\u00e1t, tov\u00e1bb\u00e1 a tapasztalatcsere \u00f6sszegz\u0151 meg\u00e1llap\u00edt\u00e1sait.<\/p>\n","protected":false},"author":4,"featured_media":3468,"comment_status":"open","ping_status":"open","sticky":false,"template":"","format":"standard","meta":{"_acf_changed":false,"footnotes":""},"categories":[256,8,7],"tags":[],"coauthors":[47],"class_list":["post-2211","post","type-post","status-publish","format-standard","has-post-thumbnail","hentry","category-parola-1994-1","category-parola-folyoirat","category-repertorium"],"acf":[],"yoast_head":"<!-- This site is optimized with the Yoast SEO plugin v26.7 - https:\/\/yoast.com\/wordpress\/plugins\/seo\/ -->\n<title>Kist\u00e9rs\u00e9gi \u00f6sszefog\u00e1ssal falvaink\u00e9rt: Konferencia az MTA region\u00e1lis k\u00f6zpontj\u00e1ban 1993. \u0151sz - Parola Foly\u00f3irat<\/title>\n<meta name=\"robots\" content=\"index, follow, max-snippet:-1, max-image-preview:large, max-video-preview:-1\" \/>\n<link rel=\"canonical\" href=\"https:\/\/kofe.hu\/parola\/parola-folyoirat\/kistersegi-osszefogassal-falvainkert-konferencia-az-mta-regionalis-kozpontjaban-1993-osz\/\" \/>\n<meta property=\"og:locale\" content=\"hu_HU\" \/>\n<meta property=\"og:type\" content=\"article\" \/>\n<meta property=\"og:title\" content=\"Kist\u00e9rs\u00e9gi \u00f6sszefog\u00e1ssal falvaink\u00e9rt: Konferencia az MTA region\u00e1lis k\u00f6zpontj\u00e1ban 1993. \u0151sz - Parola Foly\u00f3irat\" \/>\n<meta property=\"og:description\" content=\"A fenti c\u00edmmel rendezett konferenci\u00e1t az MTA Region\u00e1lis Kutat\u00e1si K\u00f6zpontj\u00e1nak \u00c9szak-Magyarorsz\u00e1gi Oszt\u00e1lya 1993 \u0151sz\u00e9n. Az al\u00e1bbiakban k\u00f6z\u00f6lj\u00fck a konferencia egyik r\u00e9sztvev\u0151j\u00e9nek nacion\u00e1l\u00e9j\u00e1t, tov\u00e1bb\u00e1 a tapasztalatcsere \u00f6sszegz\u0151 meg\u00e1llap\u00edt\u00e1sait.\" \/>\n<meta property=\"og:url\" content=\"https:\/\/kofe.hu\/parola\/parola-folyoirat\/kistersegi-osszefogassal-falvainkert-konferencia-az-mta-regionalis-kozpontjaban-1993-osz\/\" \/>\n<meta property=\"og:site_name\" content=\"Parola Foly\u00f3irat\" \/>\n<meta property=\"article:published_time\" content=\"2020-06-25T09:09:54+00:00\" \/>\n<meta property=\"article:modified_time\" content=\"2020-07-30T16:59:08+00:00\" \/>\n<meta property=\"og:image\" content=\"https:\/\/kofe.hu\/parola\/wp-content\/uploads\/2020\/07\/94.1.jpeg\" \/>\n\t<meta property=\"og:image:width\" content=\"1435\" \/>\n\t<meta property=\"og:image:height\" content=\"2002\" \/>\n\t<meta property=\"og:image:type\" content=\"image\/jpeg\" \/>\n<meta name=\"author\" content=\"Parola\" \/>\n<meta name=\"twitter:card\" content=\"summary_large_image\" \/>\n<meta name=\"twitter:label1\" content=\"Szerz\u0151:\" \/>\n\t<meta name=\"twitter:data1\" content=\"Parola\" \/>\n\t<meta name=\"twitter:label2\" content=\"Becs\u00fclt olvas\u00e1si id\u0151\" \/>\n\t<meta name=\"twitter:data2\" content=\"8 perc\" \/>\n\t<meta name=\"twitter:label3\" content=\"Written by\" \/>\n\t<meta name=\"twitter:data3\" content=\"Parola\" \/>\n<script type=\"application\/ld+json\" class=\"yoast-schema-graph\">{\"@context\":\"https:\/\/schema.org\",\"@graph\":[{\"@type\":\"Article\",\"@id\":\"https:\/\/kofe.hu\/parola\/parola-folyoirat\/kistersegi-osszefogassal-falvainkert-konferencia-az-mta-regionalis-kozpontjaban-1993-osz\/#article\",\"isPartOf\":{\"@id\":\"https:\/\/kofe.hu\/parola\/parola-folyoirat\/kistersegi-osszefogassal-falvainkert-konferencia-az-mta-regionalis-kozpontjaban-1993-osz\/\"},\"author\":{\"name\":\"Parola\",\"@id\":\"https:\/\/kofe.hu\/parola\/#\/schema\/person\/b39ea6ec0995233537351d7e33281aeb\"},\"headline\":\"Kist\u00e9rs\u00e9gi \u00f6sszefog\u00e1ssal falvaink\u00e9rt: Konferencia az MTA region\u00e1lis k\u00f6zpontj\u00e1ban 1993. \u0151sz\",\"datePublished\":\"2020-06-25T09:09:54+00:00\",\"dateModified\":\"2020-07-30T16:59:08+00:00\",\"mainEntityOfPage\":{\"@id\":\"https:\/\/kofe.hu\/parola\/parola-folyoirat\/kistersegi-osszefogassal-falvainkert-konferencia-az-mta-regionalis-kozpontjaban-1993-osz\/\"},\"wordCount\":1569,\"commentCount\":0,\"image\":{\"@id\":\"https:\/\/kofe.hu\/parola\/parola-folyoirat\/kistersegi-osszefogassal-falvainkert-konferencia-az-mta-regionalis-kozpontjaban-1993-osz\/#primaryimage\"},\"thumbnailUrl\":\"https:\/\/kofe.hu\/parola\/wp-content\/uploads\/2020\/07\/94.1.jpeg\",\"articleSection\":[\"Parola 1994\/1\",\"Parola Foly\u00f3irat\",\"Repert\u00f3rium\"],\"inLanguage\":\"hu\",\"potentialAction\":[{\"@type\":\"CommentAction\",\"name\":\"Comment\",\"target\":[\"https:\/\/kofe.hu\/parola\/parola-folyoirat\/kistersegi-osszefogassal-falvainkert-konferencia-az-mta-regionalis-kozpontjaban-1993-osz\/#respond\"]}]},{\"@type\":\"WebPage\",\"@id\":\"https:\/\/kofe.hu\/parola\/parola-folyoirat\/kistersegi-osszefogassal-falvainkert-konferencia-az-mta-regionalis-kozpontjaban-1993-osz\/\",\"url\":\"https:\/\/kofe.hu\/parola\/parola-folyoirat\/kistersegi-osszefogassal-falvainkert-konferencia-az-mta-regionalis-kozpontjaban-1993-osz\/\",\"name\":\"Kist\u00e9rs\u00e9gi \u00f6sszefog\u00e1ssal falvaink\u00e9rt: Konferencia az MTA region\u00e1lis k\u00f6zpontj\u00e1ban 1993. \u0151sz - Parola Foly\u00f3irat\",\"isPartOf\":{\"@id\":\"https:\/\/kofe.hu\/parola\/#website\"},\"primaryImageOfPage\":{\"@id\":\"https:\/\/kofe.hu\/parola\/parola-folyoirat\/kistersegi-osszefogassal-falvainkert-konferencia-az-mta-regionalis-kozpontjaban-1993-osz\/#primaryimage\"},\"image\":{\"@id\":\"https:\/\/kofe.hu\/parola\/parola-folyoirat\/kistersegi-osszefogassal-falvainkert-konferencia-az-mta-regionalis-kozpontjaban-1993-osz\/#primaryimage\"},\"thumbnailUrl\":\"https:\/\/kofe.hu\/parola\/wp-content\/uploads\/2020\/07\/94.1.jpeg\",\"datePublished\":\"2020-06-25T09:09:54+00:00\",\"dateModified\":\"2020-07-30T16:59:08+00:00\",\"author\":{\"@id\":\"https:\/\/kofe.hu\/parola\/#\/schema\/person\/b39ea6ec0995233537351d7e33281aeb\"},\"breadcrumb\":{\"@id\":\"https:\/\/kofe.hu\/parola\/parola-folyoirat\/kistersegi-osszefogassal-falvainkert-konferencia-az-mta-regionalis-kozpontjaban-1993-osz\/#breadcrumb\"},\"inLanguage\":\"hu\",\"potentialAction\":[{\"@type\":\"ReadAction\",\"target\":[\"https:\/\/kofe.hu\/parola\/parola-folyoirat\/kistersegi-osszefogassal-falvainkert-konferencia-az-mta-regionalis-kozpontjaban-1993-osz\/\"]}]},{\"@type\":\"ImageObject\",\"inLanguage\":\"hu\",\"@id\":\"https:\/\/kofe.hu\/parola\/parola-folyoirat\/kistersegi-osszefogassal-falvainkert-konferencia-az-mta-regionalis-kozpontjaban-1993-osz\/#primaryimage\",\"url\":\"https:\/\/kofe.hu\/parola\/wp-content\/uploads\/2020\/07\/94.1.jpeg\",\"contentUrl\":\"https:\/\/kofe.hu\/parola\/wp-content\/uploads\/2020\/07\/94.1.jpeg\",\"width\":1435,\"height\":2002},{\"@type\":\"BreadcrumbList\",\"@id\":\"https:\/\/kofe.hu\/parola\/parola-folyoirat\/kistersegi-osszefogassal-falvainkert-konferencia-az-mta-regionalis-kozpontjaban-1993-osz\/#breadcrumb\",\"itemListElement\":[{\"@type\":\"ListItem\",\"position\":1,\"name\":\"Home\",\"item\":\"https:\/\/kofe.hu\/parola\/\"},{\"@type\":\"ListItem\",\"position\":2,\"name\":\"Kist\u00e9rs\u00e9gi \u00f6sszefog\u00e1ssal falvaink\u00e9rt: Konferencia az MTA region\u00e1lis k\u00f6zpontj\u00e1ban 1993. \u0151sz\"}]},{\"@type\":\"WebSite\",\"@id\":\"https:\/\/kofe.hu\/parola\/#website\",\"url\":\"https:\/\/kofe.hu\/parola\/\",\"name\":\"Parola Foly\u00f3irat\",\"description\":\"\",\"potentialAction\":[{\"@type\":\"SearchAction\",\"target\":{\"@type\":\"EntryPoint\",\"urlTemplate\":\"https:\/\/kofe.hu\/parola\/?s={search_term_string}\"},\"query-input\":{\"@type\":\"PropertyValueSpecification\",\"valueRequired\":true,\"valueName\":\"search_term_string\"}}],\"inLanguage\":\"hu\"},{\"@type\":\"Person\",\"@id\":\"https:\/\/kofe.hu\/parola\/#\/schema\/person\/b39ea6ec0995233537351d7e33281aeb\",\"name\":\"Parola\",\"image\":{\"@type\":\"ImageObject\",\"inLanguage\":\"hu\",\"@id\":\"https:\/\/kofe.hu\/parola\/#\/schema\/person\/image\/ef1d7dc4d1949d5457aa415351763853\",\"url\":\"https:\/\/secure.gravatar.com\/avatar\/c18c00ea50048aa7adb99e5d11e4250d05111e33b2bea02671439eb7912c945e?s=96&d=mm&r=g\",\"contentUrl\":\"https:\/\/secure.gravatar.com\/avatar\/c18c00ea50048aa7adb99e5d11e4250d05111e33b2bea02671439eb7912c945e?s=96&d=mm&r=g\",\"caption\":\"Parola\"},\"url\":\"https:\/\/kofe.hu\/parola\/szerzok\/parola\/\"}]}<\/script>\n<!-- \/ Yoast SEO plugin. -->","yoast_head_json":{"title":"Kist\u00e9rs\u00e9gi \u00f6sszefog\u00e1ssal falvaink\u00e9rt: Konferencia az MTA region\u00e1lis k\u00f6zpontj\u00e1ban 1993. \u0151sz - Parola Foly\u00f3irat","robots":{"index":"index","follow":"follow","max-snippet":"max-snippet:-1","max-image-preview":"max-image-preview:large","max-video-preview":"max-video-preview:-1"},"canonical":"https:\/\/kofe.hu\/parola\/parola-folyoirat\/kistersegi-osszefogassal-falvainkert-konferencia-az-mta-regionalis-kozpontjaban-1993-osz\/","og_locale":"hu_HU","og_type":"article","og_title":"Kist\u00e9rs\u00e9gi \u00f6sszefog\u00e1ssal falvaink\u00e9rt: Konferencia az MTA region\u00e1lis k\u00f6zpontj\u00e1ban 1993. \u0151sz - Parola Foly\u00f3irat","og_description":"A fenti c\u00edmmel rendezett konferenci\u00e1t az MTA Region\u00e1lis Kutat\u00e1si K\u00f6zpontj\u00e1nak \u00c9szak-Magyarorsz\u00e1gi Oszt\u00e1lya 1993 \u0151sz\u00e9n. Az al\u00e1bbiakban k\u00f6z\u00f6lj\u00fck a konferencia egyik r\u00e9sztvev\u0151j\u00e9nek nacion\u00e1l\u00e9j\u00e1t, tov\u00e1bb\u00e1 a tapasztalatcsere \u00f6sszegz\u0151 meg\u00e1llap\u00edt\u00e1sait.","og_url":"https:\/\/kofe.hu\/parola\/parola-folyoirat\/kistersegi-osszefogassal-falvainkert-konferencia-az-mta-regionalis-kozpontjaban-1993-osz\/","og_site_name":"Parola Foly\u00f3irat","article_published_time":"2020-06-25T09:09:54+00:00","article_modified_time":"2020-07-30T16:59:08+00:00","og_image":[{"width":1435,"height":2002,"url":"https:\/\/kofe.hu\/parola\/wp-content\/uploads\/2020\/07\/94.1.jpeg","type":"image\/jpeg"}],"author":"Parola","twitter_card":"summary_large_image","twitter_misc":{"Szerz\u0151:":"Parola","Becs\u00fclt olvas\u00e1si id\u0151":"8 perc","Written by":"Parola"},"schema":{"@context":"https:\/\/schema.org","@graph":[{"@type":"Article","@id":"https:\/\/kofe.hu\/parola\/parola-folyoirat\/kistersegi-osszefogassal-falvainkert-konferencia-az-mta-regionalis-kozpontjaban-1993-osz\/#article","isPartOf":{"@id":"https:\/\/kofe.hu\/parola\/parola-folyoirat\/kistersegi-osszefogassal-falvainkert-konferencia-az-mta-regionalis-kozpontjaban-1993-osz\/"},"author":{"name":"Parola","@id":"https:\/\/kofe.hu\/parola\/#\/schema\/person\/b39ea6ec0995233537351d7e33281aeb"},"headline":"Kist\u00e9rs\u00e9gi \u00f6sszefog\u00e1ssal falvaink\u00e9rt: Konferencia az MTA region\u00e1lis k\u00f6zpontj\u00e1ban 1993. \u0151sz","datePublished":"2020-06-25T09:09:54+00:00","dateModified":"2020-07-30T16:59:08+00:00","mainEntityOfPage":{"@id":"https:\/\/kofe.hu\/parola\/parola-folyoirat\/kistersegi-osszefogassal-falvainkert-konferencia-az-mta-regionalis-kozpontjaban-1993-osz\/"},"wordCount":1569,"commentCount":0,"image":{"@id":"https:\/\/kofe.hu\/parola\/parola-folyoirat\/kistersegi-osszefogassal-falvainkert-konferencia-az-mta-regionalis-kozpontjaban-1993-osz\/#primaryimage"},"thumbnailUrl":"https:\/\/kofe.hu\/parola\/wp-content\/uploads\/2020\/07\/94.1.jpeg","articleSection":["Parola 1994\/1","Parola Foly\u00f3irat","Repert\u00f3rium"],"inLanguage":"hu","potentialAction":[{"@type":"CommentAction","name":"Comment","target":["https:\/\/kofe.hu\/parola\/parola-folyoirat\/kistersegi-osszefogassal-falvainkert-konferencia-az-mta-regionalis-kozpontjaban-1993-osz\/#respond"]}]},{"@type":"WebPage","@id":"https:\/\/kofe.hu\/parola\/parola-folyoirat\/kistersegi-osszefogassal-falvainkert-konferencia-az-mta-regionalis-kozpontjaban-1993-osz\/","url":"https:\/\/kofe.hu\/parola\/parola-folyoirat\/kistersegi-osszefogassal-falvainkert-konferencia-az-mta-regionalis-kozpontjaban-1993-osz\/","name":"Kist\u00e9rs\u00e9gi \u00f6sszefog\u00e1ssal falvaink\u00e9rt: Konferencia az MTA region\u00e1lis k\u00f6zpontj\u00e1ban 1993. \u0151sz - Parola Foly\u00f3irat","isPartOf":{"@id":"https:\/\/kofe.hu\/parola\/#website"},"primaryImageOfPage":{"@id":"https:\/\/kofe.hu\/parola\/parola-folyoirat\/kistersegi-osszefogassal-falvainkert-konferencia-az-mta-regionalis-kozpontjaban-1993-osz\/#primaryimage"},"image":{"@id":"https:\/\/kofe.hu\/parola\/parola-folyoirat\/kistersegi-osszefogassal-falvainkert-konferencia-az-mta-regionalis-kozpontjaban-1993-osz\/#primaryimage"},"thumbnailUrl":"https:\/\/kofe.hu\/parola\/wp-content\/uploads\/2020\/07\/94.1.jpeg","datePublished":"2020-06-25T09:09:54+00:00","dateModified":"2020-07-30T16:59:08+00:00","author":{"@id":"https:\/\/kofe.hu\/parola\/#\/schema\/person\/b39ea6ec0995233537351d7e33281aeb"},"breadcrumb":{"@id":"https:\/\/kofe.hu\/parola\/parola-folyoirat\/kistersegi-osszefogassal-falvainkert-konferencia-az-mta-regionalis-kozpontjaban-1993-osz\/#breadcrumb"},"inLanguage":"hu","potentialAction":[{"@type":"ReadAction","target":["https:\/\/kofe.hu\/parola\/parola-folyoirat\/kistersegi-osszefogassal-falvainkert-konferencia-az-mta-regionalis-kozpontjaban-1993-osz\/"]}]},{"@type":"ImageObject","inLanguage":"hu","@id":"https:\/\/kofe.hu\/parola\/parola-folyoirat\/kistersegi-osszefogassal-falvainkert-konferencia-az-mta-regionalis-kozpontjaban-1993-osz\/#primaryimage","url":"https:\/\/kofe.hu\/parola\/wp-content\/uploads\/2020\/07\/94.1.jpeg","contentUrl":"https:\/\/kofe.hu\/parola\/wp-content\/uploads\/2020\/07\/94.1.jpeg","width":1435,"height":2002},{"@type":"BreadcrumbList","@id":"https:\/\/kofe.hu\/parola\/parola-folyoirat\/kistersegi-osszefogassal-falvainkert-konferencia-az-mta-regionalis-kozpontjaban-1993-osz\/#breadcrumb","itemListElement":[{"@type":"ListItem","position":1,"name":"Home","item":"https:\/\/kofe.hu\/parola\/"},{"@type":"ListItem","position":2,"name":"Kist\u00e9rs\u00e9gi \u00f6sszefog\u00e1ssal falvaink\u00e9rt: Konferencia az MTA region\u00e1lis k\u00f6zpontj\u00e1ban 1993. \u0151sz"}]},{"@type":"WebSite","@id":"https:\/\/kofe.hu\/parola\/#website","url":"https:\/\/kofe.hu\/parola\/","name":"Parola Foly\u00f3irat","description":"","potentialAction":[{"@type":"SearchAction","target":{"@type":"EntryPoint","urlTemplate":"https:\/\/kofe.hu\/parola\/?s={search_term_string}"},"query-input":{"@type":"PropertyValueSpecification","valueRequired":true,"valueName":"search_term_string"}}],"inLanguage":"hu"},{"@type":"Person","@id":"https:\/\/kofe.hu\/parola\/#\/schema\/person\/b39ea6ec0995233537351d7e33281aeb","name":"Parola","image":{"@type":"ImageObject","inLanguage":"hu","@id":"https:\/\/kofe.hu\/parola\/#\/schema\/person\/image\/ef1d7dc4d1949d5457aa415351763853","url":"https:\/\/secure.gravatar.com\/avatar\/c18c00ea50048aa7adb99e5d11e4250d05111e33b2bea02671439eb7912c945e?s=96&d=mm&r=g","contentUrl":"https:\/\/secure.gravatar.com\/avatar\/c18c00ea50048aa7adb99e5d11e4250d05111e33b2bea02671439eb7912c945e?s=96&d=mm&r=g","caption":"Parola"},"url":"https:\/\/kofe.hu\/parola\/szerzok\/parola\/"}]}},"_links":{"self":[{"href":"https:\/\/kofe.hu\/parola\/wp-json\/wp\/v2\/posts\/2211","targetHints":{"allow":["GET"]}}],"collection":[{"href":"https:\/\/kofe.hu\/parola\/wp-json\/wp\/v2\/posts"}],"about":[{"href":"https:\/\/kofe.hu\/parola\/wp-json\/wp\/v2\/types\/post"}],"author":[{"embeddable":true,"href":"https:\/\/kofe.hu\/parola\/wp-json\/wp\/v2\/users\/4"}],"replies":[{"embeddable":true,"href":"https:\/\/kofe.hu\/parola\/wp-json\/wp\/v2\/comments?post=2211"}],"version-history":[{"count":3,"href":"https:\/\/kofe.hu\/parola\/wp-json\/wp\/v2\/posts\/2211\/revisions"}],"predecessor-version":[{"id":4931,"href":"https:\/\/kofe.hu\/parola\/wp-json\/wp\/v2\/posts\/2211\/revisions\/4931"}],"wp:featuredmedia":[{"embeddable":true,"href":"https:\/\/kofe.hu\/parola\/wp-json\/wp\/v2\/media\/3468"}],"wp:attachment":[{"href":"https:\/\/kofe.hu\/parola\/wp-json\/wp\/v2\/media?parent=2211"}],"wp:term":[{"taxonomy":"category","embeddable":true,"href":"https:\/\/kofe.hu\/parola\/wp-json\/wp\/v2\/categories?post=2211"},{"taxonomy":"post_tag","embeddable":true,"href":"https:\/\/kofe.hu\/parola\/wp-json\/wp\/v2\/tags?post=2211"},{"taxonomy":"author","embeddable":true,"href":"https:\/\/kofe.hu\/parola\/wp-json\/wp\/v2\/coauthors?post=2211"}],"curies":[{"name":"wp","href":"https:\/\/api.w.org\/{rel}","templated":true}]}}