{"id":2206,"date":"2020-06-25T09:04:14","date_gmt":"2020-06-25T09:04:14","guid":{"rendered":"https:\/\/kofe.hu\/parola\/?p=2206"},"modified":"2020-07-30T16:59:34","modified_gmt":"2020-07-30T16:59:34","slug":"gazdakorok-talalkozoja-nagyigmandon-1994-februar-14","status":"publish","type":"post","link":"https:\/\/kofe.hu\/parola\/parola-folyoirat\/gazdakorok-talalkozoja-nagyigmandon-1994-februar-14\/","title":{"rendered":"Gazdak\u00f6r\u00f6k tal\u00e1lkoz\u00f3ja Nagyigm\u00e1ndon: 1994. febru\u00e1r 14."},"content":{"rendered":"<p style=\"text-align: justify;\"><span style=\"font-family: Times New Roman CE;\">Az elm\u00falt \u00e9vekben a gazdak\u00f6r\u00f6k sz\u00e1ma fokozatosan n\u00f6vekedett, ez\u00e9rt vet\u0151d\u00f6tt fel a gondolat, hogy j\u00f3 lenne \u00f6sszeh\u00edvni \u0151ket egy megyei tal\u00e1lkoz\u00f3ra.<\/span><br \/>\n<span style=\"font-family: Times New Roman CE;\">A szervez\u00e9si feladatot a Kom\u00e1rom-Esztergom Megyei K\u00f6z\u00f6ss\u00e9gszolg\u00e1lat v\u00e1llalta, a szakmai seg\u00edts\u00e9get az FM Megyei Hivatala biztos\u00edtotta, a h\u00e1zigazda szerepk\u00f6r\u00e9t term\u00e9szetesen a nagyigm\u00e1ndi gazdak\u00f6r l\u00e1tta el. A szervez\u0151k a helyi m\u0171vel\u0151d\u00e9si h\u00e1z vezet\u0151j\u00e9vel egy\u00fctt izgalommal v\u00e1rt\u00e1k a tervezett napon, vajon h\u00e1nyan fogadj\u00e1k el a megh\u00edv\u00e1st.<\/span><\/p>\n<p style=\"text-align: justify;\"><!--more--><br \/>\n<span style=\"font-family: Times New Roman CE;\">Sok\u00e1ig nem kellett ezen t\u00f6prengeni, mert a kezd\u00e9s el\u0151tt m\u00e1r j\u00f3 f\u00e9l\u00f3r\u00e1val meg\u00e9rkeztek a keszt\u00f6lciek, majd a tokodiak \u00e9s \u00edgy tov\u00e1bb. A besz\u00e9lget\u00e9sek \u00e9s ismerked\u00e9s m\u00e1r a gy\u00fclekez\u00e9s ideje alatt megkezd\u0151d\u00f6tt, amit seg\u00edtett a h\u00e1zigazd\u00e1k figyelmess\u00e9ge \u00e9s vend\u00e9gszeretete. A klubterembe m\u00e1r a p\u00f3tsz\u00e9kek is tele voltak amikor a k\u00f6zs\u00e9g polg\u00e1rmestere, Szijj Ferencn\u00e9 k\u00f6sz\u00f6nt\u00f6tte kedves szavakkal a vend\u00e9geket. Ezt k\u00f6vet\u0151en a megyei k\u00f6z\u00f6ss\u00e9gszolg\u00e1lat vezet\u0151je, Keresztesi J\u00f3zsef vette \u00e1t a sz\u00f3t, mint a tan\u00e1cskoz\u00e1s egyik szervez\u0151je. a r\u00f6vid bevezet\u0151 ut\u00e1n dr. Papp Imre, az FM megyei hivatal\u00e1nak ir\u00e1ny\u00edt\u00f3ja tartott &#8211; az el\u0151ad\u00e1s c\u00edm\u00e9hez h\u00edven &#8211; \u0151szinte t\u00e1j\u00e9koztat\u00f3t a mez\u0151gazdas\u00e1g aktu\u00e1lis k\u00e9rd\u00e9seir\u0151l, bele\u00e9rtve a t\u00e1mogat\u00e1si lehet\u0151s\u00e9geket is. A k\u00f6vetkez\u0151 megsz\u00f3lal\u00f3 a Magyar Gazdak\u00f6r\u00f6k Orsz\u00e1gos Sz\u00f6vets\u00e9g\u00e9nek \u00fcgyvezet\u0151 igazgat\u00f3ja dr. Nagy J\u00f3zsef volt, aki ismertette a sz\u00f6vets\u00e9g eddigi munk\u00e1j\u00e1t, az \u00e1ltaluk v\u00e9gzett \u00e9s tervezett seg\u00edt\u0151 munk\u00e1t s javasolta a megyei sz\u00f6vets\u00e9g l\u00e9trehoz\u00e1s\u00e1t.<\/span><\/p>\n<p style=\"text-align: justify;\"><span style=\"font-family: Times New Roman CE;\">A tov\u00e1bbiakban a gazdak\u00f6r\u00f6k vezet\u0151i, tagjai vett\u00e9k \u00e1t a sz\u00f3t s sz\u00e1moltak be tev\u00e9kenys\u00e9g\u00fckr\u0151l, azokr\u00f3l az akad\u00e1lyokr\u00f3l, amelyek nehez\u00edtik az eredm\u00e9nyesebb munk\u00e1t. Ugyanakkor a tataiak \u00f6r\u00f6mmel mondt\u00e1k el, hogy siker\u00fclt a r\u00e9gi gazdak\u00f6ri \u00e9p\u00fcletet ism\u00e9t megszerezni a helyi \u00f6nkorm\u00e1nyzat t\u00e1mogat\u00e1s\u00e1val. A kisb\u00e9riek vezet\u0151je az \u00fczleti terv k\u00e9sz\u00edt\u00e9s\u00e9r\u0151l k\u00e9rt inform\u00e1ci\u00f3t. A mocsai gazdak\u00f6r vezet\u0151je a falugazd\u00e1sz h\u00e1l\u00f3zattal kapcsolatban azt emelte ki, hogy olyan emberek legyenek, ,akiknek a gumicsizm\u00e1ja k\u00e9t\u00e9venk\u00e9nt elkopik&#8221;. Egy\u00fattal felh\u00edv\u00e1st int\u00e9zett a gazd\u00e1khoz, hogy mindenki \u00fcltessen hekt\u00e1ronk\u00e9nt t\u00edz f\u00e1t. A nagyigm\u00e1ndiak elmondt\u00e1k: van m\u00e1r hagyom\u00e1nyos rendezv\u00e9ny\u00fck, amit \u00e9vente megszerveznek. Ezek egyike a Hegyi Nap, ahol t\u00f6bbsz\u00e1z falubeli vesz r\u00e9szt \u00e9s sz\u00f3rakozik. Felaj\u00e1nlott\u00e1k, ha a megyei szervezet megalakul, akkor sz\u00edvesen adnak helyet m\u0171k\u00f6d\u00e9s\u00e9hez. A tokodiak kiemelt\u00e9k, hogy sz\u00fcks\u00e9g van szaktan\u00e1csad\u00e1sra, az ismeretekre, ez\u00e9rt tov\u00e1bbi rendezv\u00e9nyeket javasoltak.<\/span><\/p>\n<p style=\"text-align: justify;\"><span style=\"font-family: Times New Roman CE;\">A megyei k\u00f6zgy\u0171l\u00e9s eln\u00f6ke dr. Kov\u00e1cs Gy\u00f6rgy Zolt\u00e1n is r\u00e9szt vett a programon \u00e9s felsz\u00f3lal\u00e1s\u00e1ban kifejtette, hogy sz\u00fcks\u00e9gesnek tartja a hasonl\u00f3 tal\u00e1lkoz\u00f3kat. Biztos\u00edtotta a r\u00e9sztvev\u0151ket a megyei k\u00f6zgy\u0171l\u00e9s \u00e9s a hivatal szakmai t\u00e1mogat\u00e1s\u00e1r\u00f3l, \u00e9s ha a gazdak\u00f6r\u00f6k \u00fagy d\u00f6ntenek, hogy Tatab\u00e1nya legyen a sz\u00e9khely, akkor ehhez a helyis\u00e9get rendelkez\u00e9s\u00fckre bocs\u00e1tja.<\/span><\/p>\n<p style=\"text-align: justify;\"><span style=\"font-family: Times New Roman CE;\">Ezt k\u00f6vet\u0151en is m\u00e9g sokan mondt\u00e1k el v\u00e9lem\u00e9ny\u00fcket \u00e9s azokat a probl\u00e9m\u00e1kat, amelyek akad\u00e1lyozz\u00e1k a gazdak\u00f6r\u00f6ket \u00e9s mag\u00e1t a gazd\u00e1lkod\u00e1st. Az est\u00e9be ny\u00fal\u00f3 program azzal z\u00e1rult, hogy legyen folytat\u00e1sa a nagyigm\u00e1ndi tal\u00e1lkoz\u00f3nak. A gazdak\u00f6r\u00f6k k\u00e9pvisel\u0151i hamarosan ism\u00e9t \u00f6ssze\u00fclnek, hogy el\u0151k\u00e9sz\u00edts\u00e9k a megyei sz\u00f6vets\u00e9g megalakul\u00e1s\u00e1t. A megyei k\u00f6z\u00f6ss\u00e9gszolg\u00e1lat pedig v\u00e1llalta a sz\u00fcks\u00e9ges szakmai, szervez\u00e9si seg\u00edts\u00e9get, am\u00edg a megyei szervezet megalakul.<\/span><\/p>\n","protected":false},"excerpt":{"rendered":"<p>Az elm\u00falt \u00e9vekben a gazdak\u00f6r\u00f6k sz\u00e1ma fokozatosan n\u00f6vekedett, ez\u00e9rt vet\u0151d\u00f6tt fel a gondolat, hogy j\u00f3 lenne \u00f6sszeh\u00edvni \u0151ket egy megyei tal\u00e1lkoz\u00f3ra. A szervez\u00e9si feladatot a Kom\u00e1rom-Esztergom Megyei K\u00f6z\u00f6ss\u00e9gszolg\u00e1lat v\u00e1llalta, a szakmai seg\u00edts\u00e9get az FM Megyei Hivatala biztos\u00edtotta, a h\u00e1zigazda szerepk\u00f6r\u00e9t term\u00e9szetesen a nagyigm\u00e1ndi gazdak\u00f6r l\u00e1tta el. A szervez\u0151k a helyi m\u0171vel\u0151d\u00e9si h\u00e1z vezet\u0151j\u00e9vel egy\u00fctt izgalommal [&hellip;]<\/p>\n","protected":false},"author":4,"featured_media":0,"comment_status":"open","ping_status":"open","sticky":false,"template":"","format":"standard","meta":{"_acf_changed":false,"footnotes":""},"categories":[256,8,7],"tags":[],"coauthors":[47],"class_list":["post-2206","post","type-post","status-publish","format-standard","hentry","category-parola-1994-1","category-parola-folyoirat","category-repertorium"],"acf":[],"yoast_head":"<!-- This site is optimized with the Yoast SEO plugin v26.7 - https:\/\/yoast.com\/wordpress\/plugins\/seo\/ -->\n<title>Gazdak\u00f6r\u00f6k tal\u00e1lkoz\u00f3ja Nagyigm\u00e1ndon: 1994. febru\u00e1r 14. - Parola Foly\u00f3irat<\/title>\n<meta name=\"robots\" content=\"index, follow, max-snippet:-1, max-image-preview:large, max-video-preview:-1\" \/>\n<link rel=\"canonical\" href=\"https:\/\/kofe.hu\/parola\/parola-folyoirat\/gazdakorok-talalkozoja-nagyigmandon-1994-februar-14\/\" \/>\n<meta property=\"og:locale\" content=\"hu_HU\" \/>\n<meta property=\"og:type\" content=\"article\" \/>\n<meta property=\"og:title\" content=\"Gazdak\u00f6r\u00f6k tal\u00e1lkoz\u00f3ja Nagyigm\u00e1ndon: 1994. febru\u00e1r 14. - Parola Foly\u00f3irat\" \/>\n<meta property=\"og:description\" content=\"Az elm\u00falt \u00e9vekben a gazdak\u00f6r\u00f6k sz\u00e1ma fokozatosan n\u00f6vekedett, ez\u00e9rt vet\u0151d\u00f6tt fel a gondolat, hogy j\u00f3 lenne \u00f6sszeh\u00edvni \u0151ket egy megyei tal\u00e1lkoz\u00f3ra. A szervez\u00e9si feladatot a Kom\u00e1rom-Esztergom Megyei K\u00f6z\u00f6ss\u00e9gszolg\u00e1lat v\u00e1llalta, a szakmai seg\u00edts\u00e9get az FM Megyei Hivatala biztos\u00edtotta, a h\u00e1zigazda szerepk\u00f6r\u00e9t term\u00e9szetesen a nagyigm\u00e1ndi gazdak\u00f6r l\u00e1tta el. A szervez\u0151k a helyi m\u0171vel\u0151d\u00e9si h\u00e1z vezet\u0151j\u00e9vel egy\u00fctt izgalommal [&hellip;]\" \/>\n<meta property=\"og:url\" content=\"https:\/\/kofe.hu\/parola\/parola-folyoirat\/gazdakorok-talalkozoja-nagyigmandon-1994-februar-14\/\" \/>\n<meta property=\"og:site_name\" content=\"Parola Foly\u00f3irat\" \/>\n<meta property=\"article:published_time\" content=\"2020-06-25T09:04:14+00:00\" \/>\n<meta property=\"article:modified_time\" content=\"2020-07-30T16:59:34+00:00\" \/>\n<meta name=\"author\" content=\"Parola\" \/>\n<meta name=\"twitter:card\" content=\"summary_large_image\" \/>\n<meta name=\"twitter:label1\" content=\"Szerz\u0151:\" \/>\n\t<meta name=\"twitter:data1\" content=\"Parola\" \/>\n\t<meta name=\"twitter:label2\" content=\"Becs\u00fclt olvas\u00e1si id\u0151\" \/>\n\t<meta name=\"twitter:data2\" content=\"4 perc\" \/>\n\t<meta name=\"twitter:label3\" content=\"Written by\" \/>\n\t<meta name=\"twitter:data3\" content=\"Parola\" \/>\n<script type=\"application\/ld+json\" class=\"yoast-schema-graph\">{\"@context\":\"https:\/\/schema.org\",\"@graph\":[{\"@type\":\"Article\",\"@id\":\"https:\/\/kofe.hu\/parola\/parola-folyoirat\/gazdakorok-talalkozoja-nagyigmandon-1994-februar-14\/#article\",\"isPartOf\":{\"@id\":\"https:\/\/kofe.hu\/parola\/parola-folyoirat\/gazdakorok-talalkozoja-nagyigmandon-1994-februar-14\/\"},\"author\":{\"name\":\"Parola\",\"@id\":\"https:\/\/kofe.hu\/parola\/#\/schema\/person\/b39ea6ec0995233537351d7e33281aeb\"},\"headline\":\"Gazdak\u00f6r\u00f6k tal\u00e1lkoz\u00f3ja Nagyigm\u00e1ndon: 1994. febru\u00e1r 14.\",\"datePublished\":\"2020-06-25T09:04:14+00:00\",\"dateModified\":\"2020-07-30T16:59:34+00:00\",\"mainEntityOfPage\":{\"@id\":\"https:\/\/kofe.hu\/parola\/parola-folyoirat\/gazdakorok-talalkozoja-nagyigmandon-1994-februar-14\/\"},\"wordCount\":745,\"commentCount\":0,\"articleSection\":[\"Parola 1994\/1\",\"Parola Foly\u00f3irat\",\"Repert\u00f3rium\"],\"inLanguage\":\"hu\",\"potentialAction\":[{\"@type\":\"CommentAction\",\"name\":\"Comment\",\"target\":[\"https:\/\/kofe.hu\/parola\/parola-folyoirat\/gazdakorok-talalkozoja-nagyigmandon-1994-februar-14\/#respond\"]}]},{\"@type\":\"WebPage\",\"@id\":\"https:\/\/kofe.hu\/parola\/parola-folyoirat\/gazdakorok-talalkozoja-nagyigmandon-1994-februar-14\/\",\"url\":\"https:\/\/kofe.hu\/parola\/parola-folyoirat\/gazdakorok-talalkozoja-nagyigmandon-1994-februar-14\/\",\"name\":\"Gazdak\u00f6r\u00f6k tal\u00e1lkoz\u00f3ja Nagyigm\u00e1ndon: 1994. febru\u00e1r 14. - Parola Foly\u00f3irat\",\"isPartOf\":{\"@id\":\"https:\/\/kofe.hu\/parola\/#website\"},\"datePublished\":\"2020-06-25T09:04:14+00:00\",\"dateModified\":\"2020-07-30T16:59:34+00:00\",\"author\":{\"@id\":\"https:\/\/kofe.hu\/parola\/#\/schema\/person\/b39ea6ec0995233537351d7e33281aeb\"},\"breadcrumb\":{\"@id\":\"https:\/\/kofe.hu\/parola\/parola-folyoirat\/gazdakorok-talalkozoja-nagyigmandon-1994-februar-14\/#breadcrumb\"},\"inLanguage\":\"hu\",\"potentialAction\":[{\"@type\":\"ReadAction\",\"target\":[\"https:\/\/kofe.hu\/parola\/parola-folyoirat\/gazdakorok-talalkozoja-nagyigmandon-1994-februar-14\/\"]}]},{\"@type\":\"BreadcrumbList\",\"@id\":\"https:\/\/kofe.hu\/parola\/parola-folyoirat\/gazdakorok-talalkozoja-nagyigmandon-1994-februar-14\/#breadcrumb\",\"itemListElement\":[{\"@type\":\"ListItem\",\"position\":1,\"name\":\"Home\",\"item\":\"https:\/\/kofe.hu\/parola\/\"},{\"@type\":\"ListItem\",\"position\":2,\"name\":\"Gazdak\u00f6r\u00f6k tal\u00e1lkoz\u00f3ja Nagyigm\u00e1ndon: 1994. febru\u00e1r 14.\"}]},{\"@type\":\"WebSite\",\"@id\":\"https:\/\/kofe.hu\/parola\/#website\",\"url\":\"https:\/\/kofe.hu\/parola\/\",\"name\":\"Parola Foly\u00f3irat\",\"description\":\"\",\"potentialAction\":[{\"@type\":\"SearchAction\",\"target\":{\"@type\":\"EntryPoint\",\"urlTemplate\":\"https:\/\/kofe.hu\/parola\/?s={search_term_string}\"},\"query-input\":{\"@type\":\"PropertyValueSpecification\",\"valueRequired\":true,\"valueName\":\"search_term_string\"}}],\"inLanguage\":\"hu\"},{\"@type\":\"Person\",\"@id\":\"https:\/\/kofe.hu\/parola\/#\/schema\/person\/b39ea6ec0995233537351d7e33281aeb\",\"name\":\"Parola\",\"image\":{\"@type\":\"ImageObject\",\"inLanguage\":\"hu\",\"@id\":\"https:\/\/kofe.hu\/parola\/#\/schema\/person\/image\/ef1d7dc4d1949d5457aa415351763853\",\"url\":\"https:\/\/secure.gravatar.com\/avatar\/c18c00ea50048aa7adb99e5d11e4250d05111e33b2bea02671439eb7912c945e?s=96&d=mm&r=g\",\"contentUrl\":\"https:\/\/secure.gravatar.com\/avatar\/c18c00ea50048aa7adb99e5d11e4250d05111e33b2bea02671439eb7912c945e?s=96&d=mm&r=g\",\"caption\":\"Parola\"},\"url\":\"https:\/\/kofe.hu\/parola\/szerzok\/parola\/\"}]}<\/script>\n<!-- \/ Yoast SEO plugin. -->","yoast_head_json":{"title":"Gazdak\u00f6r\u00f6k tal\u00e1lkoz\u00f3ja Nagyigm\u00e1ndon: 1994. febru\u00e1r 14. - Parola Foly\u00f3irat","robots":{"index":"index","follow":"follow","max-snippet":"max-snippet:-1","max-image-preview":"max-image-preview:large","max-video-preview":"max-video-preview:-1"},"canonical":"https:\/\/kofe.hu\/parola\/parola-folyoirat\/gazdakorok-talalkozoja-nagyigmandon-1994-februar-14\/","og_locale":"hu_HU","og_type":"article","og_title":"Gazdak\u00f6r\u00f6k tal\u00e1lkoz\u00f3ja Nagyigm\u00e1ndon: 1994. febru\u00e1r 14. - Parola Foly\u00f3irat","og_description":"Az elm\u00falt \u00e9vekben a gazdak\u00f6r\u00f6k sz\u00e1ma fokozatosan n\u00f6vekedett, ez\u00e9rt vet\u0151d\u00f6tt fel a gondolat, hogy j\u00f3 lenne \u00f6sszeh\u00edvni \u0151ket egy megyei tal\u00e1lkoz\u00f3ra. A szervez\u00e9si feladatot a Kom\u00e1rom-Esztergom Megyei K\u00f6z\u00f6ss\u00e9gszolg\u00e1lat v\u00e1llalta, a szakmai seg\u00edts\u00e9get az FM Megyei Hivatala biztos\u00edtotta, a h\u00e1zigazda szerepk\u00f6r\u00e9t term\u00e9szetesen a nagyigm\u00e1ndi gazdak\u00f6r l\u00e1tta el. A szervez\u0151k a helyi m\u0171vel\u0151d\u00e9si h\u00e1z vezet\u0151j\u00e9vel egy\u00fctt izgalommal [&hellip;]","og_url":"https:\/\/kofe.hu\/parola\/parola-folyoirat\/gazdakorok-talalkozoja-nagyigmandon-1994-februar-14\/","og_site_name":"Parola Foly\u00f3irat","article_published_time":"2020-06-25T09:04:14+00:00","article_modified_time":"2020-07-30T16:59:34+00:00","author":"Parola","twitter_card":"summary_large_image","twitter_misc":{"Szerz\u0151:":"Parola","Becs\u00fclt olvas\u00e1si id\u0151":"4 perc","Written by":"Parola"},"schema":{"@context":"https:\/\/schema.org","@graph":[{"@type":"Article","@id":"https:\/\/kofe.hu\/parola\/parola-folyoirat\/gazdakorok-talalkozoja-nagyigmandon-1994-februar-14\/#article","isPartOf":{"@id":"https:\/\/kofe.hu\/parola\/parola-folyoirat\/gazdakorok-talalkozoja-nagyigmandon-1994-februar-14\/"},"author":{"name":"Parola","@id":"https:\/\/kofe.hu\/parola\/#\/schema\/person\/b39ea6ec0995233537351d7e33281aeb"},"headline":"Gazdak\u00f6r\u00f6k tal\u00e1lkoz\u00f3ja Nagyigm\u00e1ndon: 1994. febru\u00e1r 14.","datePublished":"2020-06-25T09:04:14+00:00","dateModified":"2020-07-30T16:59:34+00:00","mainEntityOfPage":{"@id":"https:\/\/kofe.hu\/parola\/parola-folyoirat\/gazdakorok-talalkozoja-nagyigmandon-1994-februar-14\/"},"wordCount":745,"commentCount":0,"articleSection":["Parola 1994\/1","Parola Foly\u00f3irat","Repert\u00f3rium"],"inLanguage":"hu","potentialAction":[{"@type":"CommentAction","name":"Comment","target":["https:\/\/kofe.hu\/parola\/parola-folyoirat\/gazdakorok-talalkozoja-nagyigmandon-1994-februar-14\/#respond"]}]},{"@type":"WebPage","@id":"https:\/\/kofe.hu\/parola\/parola-folyoirat\/gazdakorok-talalkozoja-nagyigmandon-1994-februar-14\/","url":"https:\/\/kofe.hu\/parola\/parola-folyoirat\/gazdakorok-talalkozoja-nagyigmandon-1994-februar-14\/","name":"Gazdak\u00f6r\u00f6k tal\u00e1lkoz\u00f3ja Nagyigm\u00e1ndon: 1994. febru\u00e1r 14. - Parola Foly\u00f3irat","isPartOf":{"@id":"https:\/\/kofe.hu\/parola\/#website"},"datePublished":"2020-06-25T09:04:14+00:00","dateModified":"2020-07-30T16:59:34+00:00","author":{"@id":"https:\/\/kofe.hu\/parola\/#\/schema\/person\/b39ea6ec0995233537351d7e33281aeb"},"breadcrumb":{"@id":"https:\/\/kofe.hu\/parola\/parola-folyoirat\/gazdakorok-talalkozoja-nagyigmandon-1994-februar-14\/#breadcrumb"},"inLanguage":"hu","potentialAction":[{"@type":"ReadAction","target":["https:\/\/kofe.hu\/parola\/parola-folyoirat\/gazdakorok-talalkozoja-nagyigmandon-1994-februar-14\/"]}]},{"@type":"BreadcrumbList","@id":"https:\/\/kofe.hu\/parola\/parola-folyoirat\/gazdakorok-talalkozoja-nagyigmandon-1994-februar-14\/#breadcrumb","itemListElement":[{"@type":"ListItem","position":1,"name":"Home","item":"https:\/\/kofe.hu\/parola\/"},{"@type":"ListItem","position":2,"name":"Gazdak\u00f6r\u00f6k tal\u00e1lkoz\u00f3ja Nagyigm\u00e1ndon: 1994. febru\u00e1r 14."}]},{"@type":"WebSite","@id":"https:\/\/kofe.hu\/parola\/#website","url":"https:\/\/kofe.hu\/parola\/","name":"Parola Foly\u00f3irat","description":"","potentialAction":[{"@type":"SearchAction","target":{"@type":"EntryPoint","urlTemplate":"https:\/\/kofe.hu\/parola\/?s={search_term_string}"},"query-input":{"@type":"PropertyValueSpecification","valueRequired":true,"valueName":"search_term_string"}}],"inLanguage":"hu"},{"@type":"Person","@id":"https:\/\/kofe.hu\/parola\/#\/schema\/person\/b39ea6ec0995233537351d7e33281aeb","name":"Parola","image":{"@type":"ImageObject","inLanguage":"hu","@id":"https:\/\/kofe.hu\/parola\/#\/schema\/person\/image\/ef1d7dc4d1949d5457aa415351763853","url":"https:\/\/secure.gravatar.com\/avatar\/c18c00ea50048aa7adb99e5d11e4250d05111e33b2bea02671439eb7912c945e?s=96&d=mm&r=g","contentUrl":"https:\/\/secure.gravatar.com\/avatar\/c18c00ea50048aa7adb99e5d11e4250d05111e33b2bea02671439eb7912c945e?s=96&d=mm&r=g","caption":"Parola"},"url":"https:\/\/kofe.hu\/parola\/szerzok\/parola\/"}]}},"_links":{"self":[{"href":"https:\/\/kofe.hu\/parola\/wp-json\/wp\/v2\/posts\/2206","targetHints":{"allow":["GET"]}}],"collection":[{"href":"https:\/\/kofe.hu\/parola\/wp-json\/wp\/v2\/posts"}],"about":[{"href":"https:\/\/kofe.hu\/parola\/wp-json\/wp\/v2\/types\/post"}],"author":[{"embeddable":true,"href":"https:\/\/kofe.hu\/parola\/wp-json\/wp\/v2\/users\/4"}],"replies":[{"embeddable":true,"href":"https:\/\/kofe.hu\/parola\/wp-json\/wp\/v2\/comments?post=2206"}],"version-history":[{"count":3,"href":"https:\/\/kofe.hu\/parola\/wp-json\/wp\/v2\/posts\/2206\/revisions"}],"predecessor-version":[{"id":4933,"href":"https:\/\/kofe.hu\/parola\/wp-json\/wp\/v2\/posts\/2206\/revisions\/4933"}],"wp:attachment":[{"href":"https:\/\/kofe.hu\/parola\/wp-json\/wp\/v2\/media?parent=2206"}],"wp:term":[{"taxonomy":"category","embeddable":true,"href":"https:\/\/kofe.hu\/parola\/wp-json\/wp\/v2\/categories?post=2206"},{"taxonomy":"post_tag","embeddable":true,"href":"https:\/\/kofe.hu\/parola\/wp-json\/wp\/v2\/tags?post=2206"},{"taxonomy":"author","embeddable":true,"href":"https:\/\/kofe.hu\/parola\/wp-json\/wp\/v2\/coauthors?post=2206"}],"curies":[{"name":"wp","href":"https:\/\/api.w.org\/{rel}","templated":true}]}}