{"id":2087,"date":"2020-06-24T17:12:20","date_gmt":"2020-06-24T17:12:20","guid":{"rendered":"https:\/\/kofe.hu\/parola\/?p=2087"},"modified":"2020-07-30T17:14:30","modified_gmt":"2020-07-30T17:14:30","slug":"kornyezetbarat-kozossegek-7-a-gyakorlati-kerdesek-kovetkeznek","status":"publish","type":"post","link":"https:\/\/kofe.hu\/parola\/parola-folyoirat\/kornyezetbarat-kozossegek-7-a-gyakorlati-kerdesek-kovetkeznek\/","title":{"rendered":"K\u00f6rnyezetbar\u00e1t k\u00f6z\u00f6ss\u00e9gek (7.): A gyakorlati k\u00e9rd\u00e9sek k\u00f6vetkeznek"},"content":{"rendered":"<p style=\"text-align: justify;\"><span style=\"font-family: Times New Roman CE;\">Ez a munka azonban csak \u00edgy le\u00edrva t\u0171nik k\u00f6nny\u0171nek, Magyarorsz\u00e1gon ugyanis m\u00e9g nincs az \u00fajrahasznos\u00edthat\u00f3 anyagoknak piacuk, a v\u00e1llalatoknak nem \u00e9rdek\u00fck \u00e1tvenni ezeket, vonakodva, szinte &#8222;sz\u00edvess\u00e9get t\u00e9ve&#8221; teszik meg. D\u00f6bbenetes pazarl\u00e1s folyik az orsz\u00e1gban: a kutat\u00e1s alatt kider\u00fclt, van olyan v\u00e1llalat, mely pap\u00edr-\u00fajrahasznos\u00edt\u00e1s helyett Finnorsz\u00e1gb\u00f3l hozat cellul\u00f3zt, \u00e9s ez r\u00e1ad\u00e1sul meg is \u00e9ri neki anyagilag!<\/span><\/p>\n<p><!--more--><\/p>\n<p style=\"text-align: justify;\"><span style=\"font-family: Times New Roman CE;\"> Az \u00fajhelyiek felm\u00e9rt\u00e9k a v\u00e1ros szemet\u00e9nek \u00f6sszet\u00e9tel\u00e9t, \u00e9s kider\u00fclt, hogy \u00e9vente t\u00f6bb milli\u00f3 forint ker\u00fcl a szem\u00e9ttelepre. Persze ez nem jelenti azt, hogy ez mind haszonk\u00e9nt fog jelentkezni, de ha csak a t\u00f6red\u00e9k\u00e9t tudj\u00e1k hasznos\u00edtani, m\u00e1r nullszald\u00f3s lehet a v\u00e1llalkoz\u00e1s, ami az el\u0151z\u0151 magyarorsz\u00e1gi (\u00e9s k\u00fclf\u00f6ldi) p\u00e9ld\u00e1kat ismerve j\u00f3 eredm\u00e9ny lenne. (A szelekt\u00edv gy\u0171jt\u00e9s legnagyobb haszna ugyanis nyilv\u00e1n nem az azonnali anyagi haszon.) A tervez\u00e9sn\u00e9l sz\u00e1mos probl\u00e9ma mer\u00fclt fel: H\u00e1ny szem\u00e9tfajt\u00e1t k\u00fcl\u00f6n\u00edtsenek el? Mibe gy\u0171jts\u00e9k \u0151ket a lak\u00f3k? Hogyan oldj\u00e1k meg az elsz\u00e1ll\u00edt\u00e1st? Mi legyen a lak\u00f3telepi h\u00e1zakkal? Hogyan \u00f6szt\u00f6n\u00f6zz\u00e9k a lakoss\u00e1got a bekapcsol\u00f3d\u00e1sra? Mi legyen a vesz\u00e9lyes hullad\u00e9kokkal? Hogyan vonj\u00e1k be a v\u00e1llalatokat, int\u00e9zm\u00e9nyeket? \u00c9s legf\u0151k\u00e9ppen: Honnan lesz minderre p\u00e9nz? Rengeteg \u00f6tlet, megold\u00e1si javaslat mer\u00fclt fel ezekre, amelyekb\u0151l v\u00e9g\u00fcl \u00f6ssze\u00e1llt a R\u00c9SZLETES TERV,<\/span><br \/>\n<span style=\"font-family: Times New Roman CE;\">Eszerint \u00f6t frakci\u00f3t gy\u0171jtenek majd k\u00fcl\u00f6n, az \u00fcveget, a m\u0171anyagot, a pap\u00edrt, az alum\u00edniumot \u00e9s a szerves hullad\u00e9kot. A szelekt\u00edven gy\u0171jt\u00f6tt szemetet megpr\u00f3b\u00e1lj\u00e1k \u00e9rt\u00e9kes\u00edteni, a szerves hullad\u00e9kot pedig \u00e1tadj\u00e1k a helyi mez\u0151gazdas\u00e1gi szakk\u00f6z\u00e9piskola tangazdas\u00e1g\u00e1nak komposzt\u00e1l\u00e1sra. A komposzt\u00e1lhat\u00f3 szemetet a csal\u00e1di h\u00e1zas \u00f6vezetekben nem is fogj\u00e1k \u00f6sszegy\u0171jteni, hanem a lakoss\u00e1got megtan\u00edtj\u00e1k a komposzt\u00e1l\u00e1s lehet\u0151s\u00e9geire. Ezeken a ter\u00fcleteken a csal\u00e1dok gy\u0171jt\u0151l\u00e1d\u00e1kat kapnak az \u00fajrahasznos\u00edthat\u00f3 szem\u00e9t ideiglenes t\u00e1rol\u00e1s\u00e1ra. A t\u00f6bbszintes lak\u00f3telepi h\u00e1zakban l\u00e9pcs\u0151h\u00e1zank\u00e9nt t\u00f6bb t\u00e1rol\u00f3ed\u00e9nybe gy\u0171jtik majd a lak\u00f3k a hullad\u00e9kot. Az \u00edgy \u00f6sszegy\u0171jt\u00f6tt szemetet egy speci\u00e1lis gy\u0171jt\u0151kocsi fogja elsz\u00e1ll\u00edtani.<\/span><br \/>\n<span style=\"font-family: Times New Roman CE;\">Speci\u00e1lis szem\u00e9tgy\u0171jt\u0151 kocsi<\/span><br \/>\n<span style=\"font-family: Times New Roman CE;\">Ez a pontja \u00e9rdekes igaz\u00e1n az \u00fajhelyi programnak! Eddig ugyanis &#8222;\u00e1tlagos&#8221; szelekt\u00edv gy\u0171jt\u00e9si program, de az \u00fajhelyiek a vermonti mint\u00e1t k\u00f6vetve egy jellegzetes, az el\u0151 \u00e9s az ut\u00f3szelekt\u00e1l\u00e1st kever\u0151 m\u00f3dszert szeretn\u00e9nek meghonos\u00edtani. A lak\u00f3k nem v\u00e1logatj\u00e1k sz\u00e9t teljesen a szemetet, csak a nagy frakci\u00f3kat gy\u0171jtik k\u00fcl\u00f6n. \u00cdgy nagyobb az es\u00e9ly a sikerre, hiszen nem vesz el sok id\u0151t a szelekt\u00e1l\u00e1s. (PI. Az \u00fcveget sz\u00edn szerint nem v\u00e1logatj\u00e1k sz\u00e9t.) Az \u00edgy durv\u00e1n sz\u00e9tv\u00e1logatott szem\u00e9t\u00e9rt j\u00f6n a speci\u00e1lis gy\u0171jt\u0151kocsi, melynek rakr\u00e9sze t\u00f6bb rekeszes. (A gy\u0171jtend\u0151 frakci\u00f3kt\u00f3l f\u00fcgg\u0151en. ) A szem\u00e9tsz\u00e1ll\u00edt\u00f3 munk\u00e1s a h\u00e1zak el\u00e9 kirakott rekeszekb\u0151l tov\u00e1bb v\u00e1logatva, a megfelel\u0151 rekeszekbe teszi a k\u00fcl\u00f6nb\u00f6z\u0151 hullad\u00e9kfajt\u00e1kat. (pap\u00edrt fajt\u00e1k szerint, \u00fcveget sz\u00edn szerint, stb.) Ez csak l\u00e1tsz\u00f3lag t\u0171nik neh\u00e9zkesnek, alig valamivel lassabb \u00edgy a gy\u0171jt\u00e9s, mint a hagyom\u00e1nyos. (Saj\u00e1t szem\u00fcnkkel l\u00e1thattuk Vermontban!) A kocsi rekeszeit k\u00fcl\u00f6n lehet \u00fcr\u00edteni, \u00edgy nem probl\u00e9ma a lerakod\u00e1s sem. Ehhez, persze speci\u00e1lis gy\u0171jt\u0151kocsira \u00e9s &#8222;kvalifik\u00e1ltabb&#8221; munk\u00e1sokra van sz\u00fcks\u00e9g. (Fel kell ismerni\u00fck a k\u00fcl\u00f6nb\u00f6z\u0151 m\u0171anyag, pap\u00edr \u00e9s \u00fcvegfajt\u00e1kat! )A vermontb\u00f3l kapott tervrajzokat tanulm\u00e1nyozva azonban egy ilyen kocsi kialak\u00edt\u00e1sa nem t\u0171nik k\u00fcl\u00f6n\u00f6sebben bonyolultnak. Ez teh\u00e1t az \u00fajhelyiek terve,<\/span><br \/>\n<span style=\"font-family: Times New Roman CE;\">melyet az \u00f6nkorm\u00e1nyzat elfogadott \u00e1prilisi \u00fcl\u00e9s\u00e9n, &#8222;z\u00f6ld&#8221; utat adva a megval\u00f3s\u00edt\u00e1snak. Hogy a megval\u00f3s\u00edt\u00e1ssal se legyen gond t\u00f6bb l\u00e9pcs\u0151s rendszerben fogj\u00e1k bevezetni, hogy a gyakorlati tapasztalatokat is be\u00e9p\u00edthess\u00e9k a rendszerbe. Kezdetk\u00e9nt egy kb. 500 csal\u00e1dos &#8222;elit&#8221;, csal\u00e1di-h\u00e1zas \u00f6vezetben indul a program, a tervek szerint j\u00faniusban. A k\u00eds\u00e9rleti megval\u00f3s\u00edt\u00e1shoz megvan a p\u00e9nz, ezt a vermonti c\u00e9lt\u00e1mogat\u00e1sb\u00f3l fogj\u00e1k fedezni az \u00fajhelyiek. A teljes k\u00f6r\u0171 bevezet\u00e9shez azonban ez kev\u00e9s, t\u00f6bb milli\u00f3ra lenne m\u00e9g sz\u00fcks\u00e9g, amit p\u00e1ly\u00e1zatokon szeretne az \u00f6nkorm\u00e1nyzat elnyerni.<\/span><br \/>\n<span style=\"font-family: Times New Roman CE;\">Katona Rezs\u0151 polg\u00e1rmester ez\u00e9rt meghallgat\u00e1st k\u00e9rt Dr. Rott N\u00e1ndort\u00f3l, a Parlament K\u00f6rnyezetv\u00e9delmi Bizotts\u00e1g\u00e1nak eln\u00f6k\u00e9t\u0151l \u00e9s Gyurk\u00f3 J\u00e1nos minisztert\u0151l, hogy t\u00e1j\u00e9koz\u00f3djanak a lehet\u0151s\u00e9gekr\u0151l \u00e9s, hogy t\u00e1mogat\u00e1st k\u00e9rjenek a programhoz. Rott N\u00e1ndor fogadta is az \u00fajhelyieket, \u00e9s t\u00e1mogat\u00e1s\u00e1r\u00f3l biztos\u00edtotta \u0151ket. Neh\u00e9zs\u00e9geikr\u0151l besz\u00e9lve a deleg\u00e1ci\u00f3 felsorolta a meghallgat\u00e1son azokat a hi\u00e1nyz\u00f3 orsz\u00e1gos int\u00e9zked\u00e9seket, melyek bevezet\u00e9se nagyban megk\u00f6nny\u00edten\u00e9 az \u00fajrahasznos\u00edt\u00e1si programok bevezet\u00e9s\u00e9t Magyarorsz\u00e1gon. Ilyenek pl. a recikl\u00e1l\u00f3 \u00fczemek t\u00e1mogat\u00e1sa, a m\u0171anyagfajt\u00e1k megjel\u00f6l\u00e9se stb. Ezek megval\u00f3s\u00edt\u00e1sa n\u00e9lk\u00fcl a szelekt\u00edv szem\u00e9tgy\u0171jt\u00e9si programok csak ideiglenesen maradhatnak fenn, \u00e1tvev\u0151piacok n\u00e9lk\u00fcl nincs es\u00e9ly\u00fck! Dr. Rott N\u00e1ndor elmondta, hogy tudom\u00e1sa szerint miniszt\u00e9riumi rendelet k\u00e9sz\u00fcl e k\u00e9rd\u00e9sr\u0151l, de be kell kalkul\u00e1lni az ipar tiltakoz\u00e1s\u00e1t az esetleges k\u00e9nyszer\u00edt\u0151 int\u00e9zked\u00e9sek ellen, \u00e9s azt, hogy az \u00fajrahasznos\u00edt\u00e1s k\u00f6lts\u00e9ghaszon \u00f6sszef\u00fcgg\u00e9sei nincsenek kisz\u00e1molva (az \u00e9get\u00e9s is egy megold\u00e1s).<\/span><br \/>\n<span style=\"font-family: Times New Roman CE;\">Az \u00fajhelyi deleg\u00e1ci\u00f3 ezut\u00e1n \u00e1tment a K\u00f6rnyezetv\u00e9delmi \u00e9s Ter\u00fcletfejleszt\u00e9si Miniszt\u00e9riumba, ahol Gyurk\u00f3 miniszter \u00far helyett &#8211; aki el\u0151re be\u00fctemezett programja miatt nem tudott ott lenni &#8211; t\u00f6bb vezet\u0151 miniszt\u00e9riumi tisztvisel\u0151 fogadta \u0151ket. A tal\u00e1lkoz\u00f3n az \u00fajhelyiek bemutatt\u00e1k a programot, kiemelt\u00e9k modell jelleg\u00e9t \u00e9s t\u00e1mogat\u00e1st k\u00e9rtek. Szommer Ferenc kabinetf\u0151n\u00f6k a miniszt\u00e9rium nev\u00e9ben elmondta, hogy korl\u00e1tozottak a p\u00e9nz\u00fcgyi lehet\u0151s\u00e9gek, ink\u00e1bb szakmai seg\u00edts\u00e9get tudnak adni. A miniszt\u00e9rium eddig is t\u00e1mogatott \u00fajrahasznos\u00edt\u00e1si programokat, de az ind\u00edt\u00f3 t\u0151ke ut\u00e1n minden \u00e9vben \u00fajra t\u00e1mogatni kellett volna \u0151ket, ami hossz\u00fat\u00e1von nyilv\u00e1n nem megold\u00e1s. A tal\u00e1lkoz\u00f3 v\u00e9g\u00e9n az \u00fajhelyiek tov\u00e1bbi inform\u00e1ci\u00f3kat kaptak a p\u00e1ly\u00e1zati lehet\u0151s\u00e9gekr\u0151l.<\/span><br \/>\n<span style=\"font-family: Times New Roman CE;\">\u00dajra a lakoss\u00e1g el\u00e9 t\u00e1rt\u00e1k<\/span><br \/>\n<span style=\"font-family: Times New Roman CE;\">A vermonti programb\u00f3l m\u00e9g h\u00e1rom h\u00f3nap van h\u00e1tra. A h\u00e1tral\u00e9v\u0151 id\u0151ben a bizotts\u00e1gok az FKI \u00e9s a F\u00d6K munkat\u00e1rsaival k\u00f6z\u00f6sen \u00e9rt\u00e9kelik a programot. (Emellett term\u00e9szetesen folyik a szelekt\u00edv szem\u00e9tgy\u0171jt\u00e9si rendszer bevezet\u00e9se, de ez m\u00e1r nem a program keret\u00e9ben. A projekt el\u00e9rte c\u00e9lj\u00e1t: a v\u00e1ros egy konszenzuson alapul\u00f3, a helyi szak\u00e9rt\u0151k \u00e1ltal kidolgozott tervet k\u00e9sz\u00fcl megval\u00f3s\u00edtani.) A v\u00e9grehajt\u00e1si terv (az \u00fajrahasznos\u00edt\u00e1si k\u00eds\u00e9rlet r\u00e9szletes terve) \u00e9s az akci\u00f3terv, amely a program sor\u00e1n felt\u00e9rk\u00e9pezett k\u00f6rnyezeti kock\u00e1zatokat rendszerezi \u00e9s megold\u00e1si javaslatokat tesz, m\u00e1jus k\u00f6zep\u00e9n elk\u00e9sz\u00fclt. Az \u00fajhelyiek elk\u00fcldt\u00e9k a terveket Vermontba, ahol az FKI igazgat\u00f3tan\u00e1csa \u00e9rt\u00e9keli \u0151ket, \u00e9s eld\u00f6nti \u00e9rdemesek-e a t\u00e1mogat\u00e1sra. A bizotts\u00e1gok m\u00e9g egy besz\u00e1mol\u00f3t k\u00e9sz\u00edtenek a lakoss\u00e1g sz\u00e1m\u00e1ra, mely \u00fajra bemutatja a v\u00e1ros k\u00f6rnyezeti bajait, a lakoss\u00e1g sz\u00e1m\u00e1ra is k\u00f6z\u00e9rthet\u0151 nyelven. Ez a terv nem csak a rangsorolt kock\u00e1zatokkal foglalkozik majd, hanem valamennyi \u00f6sszegy\u0171jt\u00f6tt probl\u00e9m\u00e1val, ezenk\u00edv\u00fcl a program munk\u00e1j\u00e1r\u00f3l is \u00e1ltal\u00e1nos, \u00f6sszegzett k\u00e9pet ad sz\u00e1mukra. A program teh\u00e1t a v\u00e9g\u00e9hez k\u00f6zeledik, de az igaz\u00e1n neh\u00e9z dolog most k\u00f6vetkezik: .program&#8221; n\u00e9lk\u00fcl is tov\u00e1bb folytatni a munk\u00e1t, a szellemis\u00e9get. A mosonmagyar\u00f3v\u00e1riak kicsit elmaradtak a menetrendt\u0151l, de m\u00e1jus k\u00f6zep\u00e9re \u0151k is befejezt\u00e9k a tervez\u0151munk\u00e1t. A vermonti tanulm\u00e1ny\u00fat el\u0151tt m\u00e9g nem d8lt el v\u00e9glegesen, hogy melyik probl\u00e9ma vagy probl\u00e9m\u00e1k kapnak kiemelt hangs\u00falyt. Ez\u00e9rt a haza\u00e9rkez\u00e9s ut\u00e1ni els\u0151 bizotts\u00e1gi \u00fcl\u00e9sen az \u00fati besz\u00e1mol\u00f3 mellett a priorit\u00e1sok kiv\u00e1laszt\u00e1s\u00e1ra is sor ker\u00fclt. A deleg\u00e1ci\u00f3tapasztalatainak meghallgat\u00e1sa ut\u00e1n a bizotts\u00e1gok szavaz\u00e1ssal v\u00e1lasztott\u00e1k ki azt a k\u00e9t probl\u00e9m\u00e1t, melyekre azut\u00e1n megold\u00e1si terveket dolgoztak ki. Itt m\u00e1r nemcsak a probl\u00e9ma s\u00falyoss\u00e1g\u00e1t, hanem megoldhat\u00f3s\u00e1g\u00e1t, a rendelkez\u00e9sre \u00e1ll\u00f3 eszk\u00f6z\u00f6ket, tapasztalatokat is figyelembe vett\u00e9k.<\/span><br \/>\n<span style=\"font-family: Times New Roman CE;\">Az \u00e9l\u0151vizek v\u00e9delme<\/span><br \/>\n<span style=\"font-family: Times New Roman CE;\">A bizotts\u00e1gok v\u00e9g\u00fcl, hasonl\u00f3an az \u00fajhelyiekhez, az \u00e9l\u0151vizek szennyez\u00e9s\u00e9t \u00e9s a szem\u00e9ttelep k\u00e9rd\u00e9s\u00e9t v\u00e1lasztott\u00e1k ki. V\u00e1laszt\u00e1suk meger\u0151s\u00edt\u00e9s\u00e9re lakoss\u00e1gi f\u00f3rumot h\u00edvtak \u00f6ssze, amelyen elmondt\u00e1k d\u00f6nt\u00e9s\u00fck okait, \u00e9s visszajelz\u00e9st k\u00e9rtek. A jelenl\u00e9v\u0151k egyet\u00e9rtettek a d\u00f6nt\u00e9ssel: az \u00e9l\u0151vizek szennyez\u00e9se \u00e9s a hullad\u00e9k probl\u00e9ma bizonyult a legfontosabbnak. A k\u00f6vetkez\u0151 \u00fcl\u00e9sen kiscsoportok alakultak, melyek \u00f6n\u00e1ll\u00f3an folytatt\u00e1k a munk\u00e1t. Szor\u00edtotta \u0151ket az id\u0151, hiszen csak m\u00e1rcius k\u00f6zepe fel\u00e9 kezd\u0151d\u00f6tt az \u00e9rdemi munka. A kiscsoportoknak t\u00f6bb h\u00f3napi lemarad\u00e1st kellett behozniuk. Ahhoz, hogy a tervet m\u00e1jus v\u00e9g\u00e9n megvitathassa az \u00f6nkorm\u00e1nyzati test\u00fclet, \u00e1prilis v\u00e9g\u00e9ig be kellett fejezni a tervk\u00e9sz\u00edt\u00e9st. (T\u00f6bbsz\u00f6ri sz\u0171r\u0151n kellett \u00e1tmennie a tervnek.) Sajnos kider\u00fclt, hogy a tavaly ny\u00e1ron k\u00e9sz\u00fclt szakmai besz\u00e1mol\u00f3k nem adnak el\u00e9g inform\u00e1ci\u00f3t, \u00edgy a tervez\u00e9s mellett m\u00e9g adatgy\u0171jt\u0151 munka is folyt. A bizotts\u00e1gok felvett\u00e9k a kapcsolatot Dim\u00e9ny G\u00e1bor v\u00e1rosi f\u0151\u00e9p\u00edt\u00e9sszel, aki komoly szakmai seg\u00edts\u00e9get adott \u00e9s vil\u00e1gosabb\u00e1 tette a tagok el\u0151tt az \u00f6nkorm\u00e1nyzat elk\u00e9pzel\u00e9seit. (Eddig a pontig a bizotts\u00e1gok \u00e9s az \u00f6nkorm\u00e1nyzat sajnos nem dolgoztak egy\u00fctt, ami a hat\u00e9konys\u00e1g rov\u00e1s\u00e1ra ment.)<\/span><br \/>\n<span style=\"font-family: Times New Roman CE;\">Az \u00f3v\u00e1riak az utols\u00f3 hetekben hatalmas munk\u00e1t v\u00e9geztek: kb. egy h\u00f3nap alatt kidolgozt\u00e1k a v\u00e9grehajt\u00e1si \u00e9s az akci\u00f3tervet is. (R\u00e1ad\u00e1sul n\u00e1luk t\u00f6bb probl\u00e9ma mer\u00fclt fel, mint \u00dajhelyen.) \u00c9l\u0151vizeik v\u00e9delm\u00e9re a k\u00f6vetkez\u0151 c\u00e9lkit\u0171z\u00e9seket tett\u00e9k: c\u00e9l a v\u00edzmin\u0151s\u00e9g jav\u00edt\u00e1sa, a vizek k\u00f6rnyezet\u00e9nek rendez\u00e9se, a v\u00edzmennyis\u00e9g egyenletesebb\u00e9 t\u00e9tele, h\u00edd\u00e9p\u00edt\u00e9s \u00e9s komp\u00fczemeltet\u00e9s, \u00e9s mindegyik ponthoz kapcsol\u00f3d\u00f3an az oktat\u00f3-nevel\u0151 munka. Ezek megval\u00f3s\u00edt\u00e1s\u00e1ra pontos tervet k\u00e9sz\u00edtettek, megjel\u00f6lve a felel\u0151s\u00f6ket, felbecs\u00fclve az anyagiakat. A hullad\u00e9kk\u00e9rd\u00e9s megold\u00e1s\u00e1ban figyelembe kellett venni\u00fck, hogy a r\u00e9gi szem\u00e9tlerak\u00f3 megtelt, \u00fajat kell l\u00e9tes\u00edtenie a v\u00e1rosnak. Ez az a pont, ahol nagyon k\u00f6r\u00fcltekint\u0151en kell elj\u00e1rni: a v\u00e1ros k\u00f6vetkez\u0151 \u00e9vtizedeit meghat\u00e1roz\u00f3 d\u00f6nt\u00e9sr\u0151l van sz\u00f3. Az \u00f3v\u00e1ri bizotts\u00e1gok ez\u00e9rt azt javasolj\u00e1k, hogy a lerak\u00f3hellyel szembeni k\u00f6rnyezetv\u00e9delmi k\u00f6vetelm\u00e9nyeket az \u00e9p\u00edt\u00e9s sor\u00e1n maxim\u00e1lisan tarts\u00e1k be (m\u0171szaki v\u00e9delem megold\u00e1sa, talajv\u00edzszennyez\u00e9s \u00e9szlel\u0151rendszer\u00e9nek ki\u00e9p\u00edt\u00e9se, a rekultiv\u00e1ci\u00f3s lehet\u0151s\u00e9g biztos\u00edt\u00e1sa, hidrogeol\u00f3giai biztons\u00e1g l\u00e9trehoz\u00e1sa, biztos\u00edt\u00e1sa). Tov\u00e1bb\u00e1, hogy vegy\u00e9k figyelembe az esetleges szelekt\u00edv gy\u0171jt\u00e9si program, mert erre is vannak terveik) ig\u00e9nyeit. (Szelekt\u00edven gy\u0171jt\u00f6tt anyagok fogad\u00f3helye, t\u00f6m\u00f6r\u00edt\u0151, stb.) Egy nem megfelel\u0151 technol\u00f3gi\u00e1val l\u00e9trehozott szem\u00e9tlerak\u00f3 nemcsak eszt\u00e9tikai, hanem eg\u00e9szs\u00e9g\u00fcgyi szempontb\u00f3l is nagy k\u00e1rokat okozhat.<\/span><br \/>\n<span style=\"font-family: Times New Roman CE;\">A k\u00e9t v\u00e1ros bizotts\u00e1gai hatalmas munk\u00e1t v\u00e9geztek az elm\u00falt alig t\u00f6bb mint egy \u00e9vben. Szabadidej\u00fckben, ellenszolg\u00e1ltat\u00e1s n\u00e9lk\u00fcl dolgozva olyan sz\u00ednvonal\u00fa munk\u00e1t siker\u00fclt mindk\u00e9t helyen v\u00e9gezni, amire lehet \u00e9p\u00edteni: az elk\u00e9sz\u00fclt tervek szakmai szempontb\u00f3l is j\u00f3k, arr\u00f3l nem is besz\u00e9lve, hogy folyamatos lakoss\u00e1gi kontroll mellett dolgozt\u00e1k ki \u0151ket. A program h\u00e1tral\u00e9v\u0151 h\u00e1rom h\u00f3napja az \u00e9rt\u00e9kel\u00e9s\u00e9 \u00e9s az \u00e1tmenet\u00e9: a program elm\u00e9leti eredm\u00e9nyeit a gyakorlatban kell megval\u00f3s\u00edtaniuk a v\u00e1rosoknak.<\/span><\/p>\n","protected":false},"excerpt":{"rendered":"<p>Ez a munka azonban csak \u00edgy le\u00edrva t\u0171nik k\u00f6nny\u0171nek, Magyarorsz\u00e1gon ugyanis m\u00e9g nincs az \u00fajrahasznos\u00edthat\u00f3 anyagoknak piacuk, a v\u00e1llalatoknak nem \u00e9rdek\u00fck \u00e1tvenni ezeket, vonakodva, szinte &#8222;sz\u00edvess\u00e9get t\u00e9ve&#8221; teszik meg. D\u00f6bbenetes pazarl\u00e1s folyik az orsz\u00e1gban: a kutat\u00e1s alatt kider\u00fclt, van olyan v\u00e1llalat, mely pap\u00edr-\u00fajrahasznos\u00edt\u00e1s helyett Finnorsz\u00e1gb\u00f3l hozat cellul\u00f3zt, \u00e9s ez r\u00e1ad\u00e1sul meg is \u00e9ri neki anyagilag!<\/p>\n","protected":false},"author":197,"featured_media":3464,"comment_status":"open","ping_status":"open","sticky":false,"template":"","format":"standard","meta":{"_acf_changed":false,"footnotes":""},"categories":[281,8,7],"tags":[],"coauthors":[240],"class_list":["post-2087","post","type-post","status-publish","format-standard","has-post-thumbnail","hentry","category-parola-1993-3","category-parola-folyoirat","category-repertorium"],"acf":[],"yoast_head":"<!-- This site is optimized with the Yoast SEO plugin v26.7 - https:\/\/yoast.com\/wordpress\/plugins\/seo\/ -->\n<title>K\u00f6rnyezetbar\u00e1t k\u00f6z\u00f6ss\u00e9gek (7.): A gyakorlati k\u00e9rd\u00e9sek k\u00f6vetkeznek - Parola Foly\u00f3irat<\/title>\n<meta name=\"robots\" content=\"index, follow, max-snippet:-1, max-image-preview:large, max-video-preview:-1\" \/>\n<link rel=\"canonical\" href=\"https:\/\/kofe.hu\/parola\/parola-folyoirat\/kornyezetbarat-kozossegek-7-a-gyakorlati-kerdesek-kovetkeznek\/\" \/>\n<meta property=\"og:locale\" content=\"hu_HU\" \/>\n<meta property=\"og:type\" content=\"article\" \/>\n<meta property=\"og:title\" content=\"K\u00f6rnyezetbar\u00e1t k\u00f6z\u00f6ss\u00e9gek (7.): A gyakorlati k\u00e9rd\u00e9sek k\u00f6vetkeznek - Parola Foly\u00f3irat\" \/>\n<meta property=\"og:description\" content=\"Ez a munka azonban csak \u00edgy le\u00edrva t\u0171nik k\u00f6nny\u0171nek, Magyarorsz\u00e1gon ugyanis m\u00e9g nincs az \u00fajrahasznos\u00edthat\u00f3 anyagoknak piacuk, a v\u00e1llalatoknak nem \u00e9rdek\u00fck \u00e1tvenni ezeket, vonakodva, szinte &#8222;sz\u00edvess\u00e9get t\u00e9ve&#8221; teszik meg. D\u00f6bbenetes pazarl\u00e1s folyik az orsz\u00e1gban: a kutat\u00e1s alatt kider\u00fclt, van olyan v\u00e1llalat, mely pap\u00edr-\u00fajrahasznos\u00edt\u00e1s helyett Finnorsz\u00e1gb\u00f3l hozat cellul\u00f3zt, \u00e9s ez r\u00e1ad\u00e1sul meg is \u00e9ri neki anyagilag!\" \/>\n<meta property=\"og:url\" content=\"https:\/\/kofe.hu\/parola\/parola-folyoirat\/kornyezetbarat-kozossegek-7-a-gyakorlati-kerdesek-kovetkeznek\/\" \/>\n<meta property=\"og:site_name\" content=\"Parola Foly\u00f3irat\" \/>\n<meta property=\"article:published_time\" content=\"2020-06-24T17:12:20+00:00\" \/>\n<meta property=\"article:modified_time\" content=\"2020-07-30T17:14:30+00:00\" \/>\n<meta property=\"og:image\" content=\"https:\/\/kofe.hu\/parola\/wp-content\/uploads\/2020\/07\/93.3.jpeg\" \/>\n\t<meta property=\"og:image:width\" content=\"1392\" \/>\n\t<meta property=\"og:image:height\" content=\"1952\" \/>\n\t<meta property=\"og:image:type\" content=\"image\/jpeg\" \/>\n<meta name=\"author\" content=\"Niz\u00e1k P\u00e9ter\" \/>\n<meta name=\"twitter:card\" content=\"summary_large_image\" \/>\n<meta name=\"twitter:label1\" content=\"Szerz\u0151:\" \/>\n\t<meta name=\"twitter:data1\" content=\"Niz\u00e1k P\u00e9ter\" \/>\n\t<meta name=\"twitter:label2\" content=\"Becs\u00fclt olvas\u00e1si id\u0151\" \/>\n\t<meta name=\"twitter:data2\" content=\"11 perc\" \/>\n\t<meta name=\"twitter:label3\" content=\"Written by\" \/>\n\t<meta name=\"twitter:data3\" content=\"Niz\u00e1k P\u00e9ter\" \/>\n<script type=\"application\/ld+json\" class=\"yoast-schema-graph\">{\"@context\":\"https:\/\/schema.org\",\"@graph\":[{\"@type\":\"Article\",\"@id\":\"https:\/\/kofe.hu\/parola\/parola-folyoirat\/kornyezetbarat-kozossegek-7-a-gyakorlati-kerdesek-kovetkeznek\/#article\",\"isPartOf\":{\"@id\":\"https:\/\/kofe.hu\/parola\/parola-folyoirat\/kornyezetbarat-kozossegek-7-a-gyakorlati-kerdesek-kovetkeznek\/\"},\"author\":{\"name\":\"Niz\u00e1k P\u00e9ter\",\"@id\":\"https:\/\/kofe.hu\/parola\/#\/schema\/person\/f002eb9c9e8d984be8869fd5129eec10\"},\"headline\":\"K\u00f6rnyezetbar\u00e1t k\u00f6z\u00f6ss\u00e9gek (7.): A gyakorlati k\u00e9rd\u00e9sek k\u00f6vetkeznek\",\"datePublished\":\"2020-06-24T17:12:20+00:00\",\"dateModified\":\"2020-07-30T17:14:30+00:00\",\"mainEntityOfPage\":{\"@id\":\"https:\/\/kofe.hu\/parola\/parola-folyoirat\/kornyezetbarat-kozossegek-7-a-gyakorlati-kerdesek-kovetkeznek\/\"},\"wordCount\":2295,\"commentCount\":0,\"image\":{\"@id\":\"https:\/\/kofe.hu\/parola\/parola-folyoirat\/kornyezetbarat-kozossegek-7-a-gyakorlati-kerdesek-kovetkeznek\/#primaryimage\"},\"thumbnailUrl\":\"https:\/\/kofe.hu\/parola\/wp-content\/uploads\/2020\/07\/93.3.jpeg\",\"articleSection\":[\"Parola 1993\/3\",\"Parola Foly\u00f3irat\",\"Repert\u00f3rium\"],\"inLanguage\":\"hu\",\"potentialAction\":[{\"@type\":\"CommentAction\",\"name\":\"Comment\",\"target\":[\"https:\/\/kofe.hu\/parola\/parola-folyoirat\/kornyezetbarat-kozossegek-7-a-gyakorlati-kerdesek-kovetkeznek\/#respond\"]}]},{\"@type\":\"WebPage\",\"@id\":\"https:\/\/kofe.hu\/parola\/parola-folyoirat\/kornyezetbarat-kozossegek-7-a-gyakorlati-kerdesek-kovetkeznek\/\",\"url\":\"https:\/\/kofe.hu\/parola\/parola-folyoirat\/kornyezetbarat-kozossegek-7-a-gyakorlati-kerdesek-kovetkeznek\/\",\"name\":\"K\u00f6rnyezetbar\u00e1t k\u00f6z\u00f6ss\u00e9gek (7.): A gyakorlati k\u00e9rd\u00e9sek k\u00f6vetkeznek - Parola Foly\u00f3irat\",\"isPartOf\":{\"@id\":\"https:\/\/kofe.hu\/parola\/#website\"},\"primaryImageOfPage\":{\"@id\":\"https:\/\/kofe.hu\/parola\/parola-folyoirat\/kornyezetbarat-kozossegek-7-a-gyakorlati-kerdesek-kovetkeznek\/#primaryimage\"},\"image\":{\"@id\":\"https:\/\/kofe.hu\/parola\/parola-folyoirat\/kornyezetbarat-kozossegek-7-a-gyakorlati-kerdesek-kovetkeznek\/#primaryimage\"},\"thumbnailUrl\":\"https:\/\/kofe.hu\/parola\/wp-content\/uploads\/2020\/07\/93.3.jpeg\",\"datePublished\":\"2020-06-24T17:12:20+00:00\",\"dateModified\":\"2020-07-30T17:14:30+00:00\",\"author\":{\"@id\":\"https:\/\/kofe.hu\/parola\/#\/schema\/person\/f002eb9c9e8d984be8869fd5129eec10\"},\"breadcrumb\":{\"@id\":\"https:\/\/kofe.hu\/parola\/parola-folyoirat\/kornyezetbarat-kozossegek-7-a-gyakorlati-kerdesek-kovetkeznek\/#breadcrumb\"},\"inLanguage\":\"hu\",\"potentialAction\":[{\"@type\":\"ReadAction\",\"target\":[\"https:\/\/kofe.hu\/parola\/parola-folyoirat\/kornyezetbarat-kozossegek-7-a-gyakorlati-kerdesek-kovetkeznek\/\"]}]},{\"@type\":\"ImageObject\",\"inLanguage\":\"hu\",\"@id\":\"https:\/\/kofe.hu\/parola\/parola-folyoirat\/kornyezetbarat-kozossegek-7-a-gyakorlati-kerdesek-kovetkeznek\/#primaryimage\",\"url\":\"https:\/\/kofe.hu\/parola\/wp-content\/uploads\/2020\/07\/93.3.jpeg\",\"contentUrl\":\"https:\/\/kofe.hu\/parola\/wp-content\/uploads\/2020\/07\/93.3.jpeg\",\"width\":1392,\"height\":1952},{\"@type\":\"BreadcrumbList\",\"@id\":\"https:\/\/kofe.hu\/parola\/parola-folyoirat\/kornyezetbarat-kozossegek-7-a-gyakorlati-kerdesek-kovetkeznek\/#breadcrumb\",\"itemListElement\":[{\"@type\":\"ListItem\",\"position\":1,\"name\":\"Home\",\"item\":\"https:\/\/kofe.hu\/parola\/\"},{\"@type\":\"ListItem\",\"position\":2,\"name\":\"K\u00f6rnyezetbar\u00e1t k\u00f6z\u00f6ss\u00e9gek (7.): A gyakorlati k\u00e9rd\u00e9sek k\u00f6vetkeznek\"}]},{\"@type\":\"WebSite\",\"@id\":\"https:\/\/kofe.hu\/parola\/#website\",\"url\":\"https:\/\/kofe.hu\/parola\/\",\"name\":\"Parola Foly\u00f3irat\",\"description\":\"\",\"potentialAction\":[{\"@type\":\"SearchAction\",\"target\":{\"@type\":\"EntryPoint\",\"urlTemplate\":\"https:\/\/kofe.hu\/parola\/?s={search_term_string}\"},\"query-input\":{\"@type\":\"PropertyValueSpecification\",\"valueRequired\":true,\"valueName\":\"search_term_string\"}}],\"inLanguage\":\"hu\"},{\"@type\":\"Person\",\"@id\":\"https:\/\/kofe.hu\/parola\/#\/schema\/person\/f002eb9c9e8d984be8869fd5129eec10\",\"name\":\"Niz\u00e1k P\u00e9ter\",\"image\":{\"@type\":\"ImageObject\",\"inLanguage\":\"hu\",\"@id\":\"https:\/\/kofe.hu\/parola\/#\/schema\/person\/image\/7f7e7aec1aa0116e03cc058fe8808c37\",\"url\":\"https:\/\/secure.gravatar.com\/avatar\/39de83e1955889ef92a987d19b02ec78de896b8d41242fccf4792dae487e5536?s=96&d=mm&r=g\",\"contentUrl\":\"https:\/\/secure.gravatar.com\/avatar\/39de83e1955889ef92a987d19b02ec78de896b8d41242fccf4792dae487e5536?s=96&d=mm&r=g\",\"caption\":\"Niz\u00e1k P\u00e9ter\"},\"url\":\"https:\/\/kofe.hu\/parola\/szerzok\/nizak-peter\/\"}]}<\/script>\n<!-- \/ Yoast SEO plugin. -->","yoast_head_json":{"title":"K\u00f6rnyezetbar\u00e1t k\u00f6z\u00f6ss\u00e9gek (7.): A gyakorlati k\u00e9rd\u00e9sek k\u00f6vetkeznek - Parola Foly\u00f3irat","robots":{"index":"index","follow":"follow","max-snippet":"max-snippet:-1","max-image-preview":"max-image-preview:large","max-video-preview":"max-video-preview:-1"},"canonical":"https:\/\/kofe.hu\/parola\/parola-folyoirat\/kornyezetbarat-kozossegek-7-a-gyakorlati-kerdesek-kovetkeznek\/","og_locale":"hu_HU","og_type":"article","og_title":"K\u00f6rnyezetbar\u00e1t k\u00f6z\u00f6ss\u00e9gek (7.): A gyakorlati k\u00e9rd\u00e9sek k\u00f6vetkeznek - Parola Foly\u00f3irat","og_description":"Ez a munka azonban csak \u00edgy le\u00edrva t\u0171nik k\u00f6nny\u0171nek, Magyarorsz\u00e1gon ugyanis m\u00e9g nincs az \u00fajrahasznos\u00edthat\u00f3 anyagoknak piacuk, a v\u00e1llalatoknak nem \u00e9rdek\u00fck \u00e1tvenni ezeket, vonakodva, szinte &#8222;sz\u00edvess\u00e9get t\u00e9ve&#8221; teszik meg. D\u00f6bbenetes pazarl\u00e1s folyik az orsz\u00e1gban: a kutat\u00e1s alatt kider\u00fclt, van olyan v\u00e1llalat, mely pap\u00edr-\u00fajrahasznos\u00edt\u00e1s helyett Finnorsz\u00e1gb\u00f3l hozat cellul\u00f3zt, \u00e9s ez r\u00e1ad\u00e1sul meg is \u00e9ri neki anyagilag!","og_url":"https:\/\/kofe.hu\/parola\/parola-folyoirat\/kornyezetbarat-kozossegek-7-a-gyakorlati-kerdesek-kovetkeznek\/","og_site_name":"Parola Foly\u00f3irat","article_published_time":"2020-06-24T17:12:20+00:00","article_modified_time":"2020-07-30T17:14:30+00:00","og_image":[{"width":1392,"height":1952,"url":"https:\/\/kofe.hu\/parola\/wp-content\/uploads\/2020\/07\/93.3.jpeg","type":"image\/jpeg"}],"author":"Niz\u00e1k P\u00e9ter","twitter_card":"summary_large_image","twitter_misc":{"Szerz\u0151:":"Niz\u00e1k P\u00e9ter","Becs\u00fclt olvas\u00e1si id\u0151":"11 perc","Written by":"Niz\u00e1k P\u00e9ter"},"schema":{"@context":"https:\/\/schema.org","@graph":[{"@type":"Article","@id":"https:\/\/kofe.hu\/parola\/parola-folyoirat\/kornyezetbarat-kozossegek-7-a-gyakorlati-kerdesek-kovetkeznek\/#article","isPartOf":{"@id":"https:\/\/kofe.hu\/parola\/parola-folyoirat\/kornyezetbarat-kozossegek-7-a-gyakorlati-kerdesek-kovetkeznek\/"},"author":{"name":"Niz\u00e1k P\u00e9ter","@id":"https:\/\/kofe.hu\/parola\/#\/schema\/person\/f002eb9c9e8d984be8869fd5129eec10"},"headline":"K\u00f6rnyezetbar\u00e1t k\u00f6z\u00f6ss\u00e9gek (7.): A gyakorlati k\u00e9rd\u00e9sek k\u00f6vetkeznek","datePublished":"2020-06-24T17:12:20+00:00","dateModified":"2020-07-30T17:14:30+00:00","mainEntityOfPage":{"@id":"https:\/\/kofe.hu\/parola\/parola-folyoirat\/kornyezetbarat-kozossegek-7-a-gyakorlati-kerdesek-kovetkeznek\/"},"wordCount":2295,"commentCount":0,"image":{"@id":"https:\/\/kofe.hu\/parola\/parola-folyoirat\/kornyezetbarat-kozossegek-7-a-gyakorlati-kerdesek-kovetkeznek\/#primaryimage"},"thumbnailUrl":"https:\/\/kofe.hu\/parola\/wp-content\/uploads\/2020\/07\/93.3.jpeg","articleSection":["Parola 1993\/3","Parola Foly\u00f3irat","Repert\u00f3rium"],"inLanguage":"hu","potentialAction":[{"@type":"CommentAction","name":"Comment","target":["https:\/\/kofe.hu\/parola\/parola-folyoirat\/kornyezetbarat-kozossegek-7-a-gyakorlati-kerdesek-kovetkeznek\/#respond"]}]},{"@type":"WebPage","@id":"https:\/\/kofe.hu\/parola\/parola-folyoirat\/kornyezetbarat-kozossegek-7-a-gyakorlati-kerdesek-kovetkeznek\/","url":"https:\/\/kofe.hu\/parola\/parola-folyoirat\/kornyezetbarat-kozossegek-7-a-gyakorlati-kerdesek-kovetkeznek\/","name":"K\u00f6rnyezetbar\u00e1t k\u00f6z\u00f6ss\u00e9gek (7.): A gyakorlati k\u00e9rd\u00e9sek k\u00f6vetkeznek - Parola Foly\u00f3irat","isPartOf":{"@id":"https:\/\/kofe.hu\/parola\/#website"},"primaryImageOfPage":{"@id":"https:\/\/kofe.hu\/parola\/parola-folyoirat\/kornyezetbarat-kozossegek-7-a-gyakorlati-kerdesek-kovetkeznek\/#primaryimage"},"image":{"@id":"https:\/\/kofe.hu\/parola\/parola-folyoirat\/kornyezetbarat-kozossegek-7-a-gyakorlati-kerdesek-kovetkeznek\/#primaryimage"},"thumbnailUrl":"https:\/\/kofe.hu\/parola\/wp-content\/uploads\/2020\/07\/93.3.jpeg","datePublished":"2020-06-24T17:12:20+00:00","dateModified":"2020-07-30T17:14:30+00:00","author":{"@id":"https:\/\/kofe.hu\/parola\/#\/schema\/person\/f002eb9c9e8d984be8869fd5129eec10"},"breadcrumb":{"@id":"https:\/\/kofe.hu\/parola\/parola-folyoirat\/kornyezetbarat-kozossegek-7-a-gyakorlati-kerdesek-kovetkeznek\/#breadcrumb"},"inLanguage":"hu","potentialAction":[{"@type":"ReadAction","target":["https:\/\/kofe.hu\/parola\/parola-folyoirat\/kornyezetbarat-kozossegek-7-a-gyakorlati-kerdesek-kovetkeznek\/"]}]},{"@type":"ImageObject","inLanguage":"hu","@id":"https:\/\/kofe.hu\/parola\/parola-folyoirat\/kornyezetbarat-kozossegek-7-a-gyakorlati-kerdesek-kovetkeznek\/#primaryimage","url":"https:\/\/kofe.hu\/parola\/wp-content\/uploads\/2020\/07\/93.3.jpeg","contentUrl":"https:\/\/kofe.hu\/parola\/wp-content\/uploads\/2020\/07\/93.3.jpeg","width":1392,"height":1952},{"@type":"BreadcrumbList","@id":"https:\/\/kofe.hu\/parola\/parola-folyoirat\/kornyezetbarat-kozossegek-7-a-gyakorlati-kerdesek-kovetkeznek\/#breadcrumb","itemListElement":[{"@type":"ListItem","position":1,"name":"Home","item":"https:\/\/kofe.hu\/parola\/"},{"@type":"ListItem","position":2,"name":"K\u00f6rnyezetbar\u00e1t k\u00f6z\u00f6ss\u00e9gek (7.): A gyakorlati k\u00e9rd\u00e9sek k\u00f6vetkeznek"}]},{"@type":"WebSite","@id":"https:\/\/kofe.hu\/parola\/#website","url":"https:\/\/kofe.hu\/parola\/","name":"Parola Foly\u00f3irat","description":"","potentialAction":[{"@type":"SearchAction","target":{"@type":"EntryPoint","urlTemplate":"https:\/\/kofe.hu\/parola\/?s={search_term_string}"},"query-input":{"@type":"PropertyValueSpecification","valueRequired":true,"valueName":"search_term_string"}}],"inLanguage":"hu"},{"@type":"Person","@id":"https:\/\/kofe.hu\/parola\/#\/schema\/person\/f002eb9c9e8d984be8869fd5129eec10","name":"Niz\u00e1k P\u00e9ter","image":{"@type":"ImageObject","inLanguage":"hu","@id":"https:\/\/kofe.hu\/parola\/#\/schema\/person\/image\/7f7e7aec1aa0116e03cc058fe8808c37","url":"https:\/\/secure.gravatar.com\/avatar\/39de83e1955889ef92a987d19b02ec78de896b8d41242fccf4792dae487e5536?s=96&d=mm&r=g","contentUrl":"https:\/\/secure.gravatar.com\/avatar\/39de83e1955889ef92a987d19b02ec78de896b8d41242fccf4792dae487e5536?s=96&d=mm&r=g","caption":"Niz\u00e1k P\u00e9ter"},"url":"https:\/\/kofe.hu\/parola\/szerzok\/nizak-peter\/"}]}},"_links":{"self":[{"href":"https:\/\/kofe.hu\/parola\/wp-json\/wp\/v2\/posts\/2087","targetHints":{"allow":["GET"]}}],"collection":[{"href":"https:\/\/kofe.hu\/parola\/wp-json\/wp\/v2\/posts"}],"about":[{"href":"https:\/\/kofe.hu\/parola\/wp-json\/wp\/v2\/types\/post"}],"author":[{"embeddable":true,"href":"https:\/\/kofe.hu\/parola\/wp-json\/wp\/v2\/users\/197"}],"replies":[{"embeddable":true,"href":"https:\/\/kofe.hu\/parola\/wp-json\/wp\/v2\/comments?post=2087"}],"version-history":[{"count":2,"href":"https:\/\/kofe.hu\/parola\/wp-json\/wp\/v2\/posts\/2087\/revisions"}],"predecessor-version":[{"id":4985,"href":"https:\/\/kofe.hu\/parola\/wp-json\/wp\/v2\/posts\/2087\/revisions\/4985"}],"wp:featuredmedia":[{"embeddable":true,"href":"https:\/\/kofe.hu\/parola\/wp-json\/wp\/v2\/media\/3464"}],"wp:attachment":[{"href":"https:\/\/kofe.hu\/parola\/wp-json\/wp\/v2\/media?parent=2087"}],"wp:term":[{"taxonomy":"category","embeddable":true,"href":"https:\/\/kofe.hu\/parola\/wp-json\/wp\/v2\/categories?post=2087"},{"taxonomy":"post_tag","embeddable":true,"href":"https:\/\/kofe.hu\/parola\/wp-json\/wp\/v2\/tags?post=2087"},{"taxonomy":"author","embeddable":true,"href":"https:\/\/kofe.hu\/parola\/wp-json\/wp\/v2\/coauthors?post=2087"}],"curies":[{"name":"wp","href":"https:\/\/api.w.org\/{rel}","templated":true}]}}