{"id":2085,"date":"2020-06-24T17:10:11","date_gmt":"2020-06-24T17:10:11","guid":{"rendered":"https:\/\/kofe.hu\/parola\/?p=2085"},"modified":"2020-07-30T17:14:12","modified_gmt":"2020-07-30T17:14:12","slug":"muvelodesi-egyesuletek-franciaoszagban","status":"publish","type":"post","link":"https:\/\/kofe.hu\/parola\/parola-folyoirat\/muvelodesi-egyesuletek-franciaoszagban\/","title":{"rendered":"M\u0171vel\u0151d\u00e9si egyes\u00fcletek Franciaosz\u00e1gban"},"content":{"rendered":"<p style=\"text-align: justify;\"><span style=\"font-family: Times New Roman CE;\">A vid\u00e9ki \u00e9let min\u0151s\u00e9g\u00e9nek egyik fokm\u00e9r\u0151je a k\u00f6z\u00f6ss\u00e9gi m\u0171vel\u0151d\u00e9s helyzete. Az \u00e1llami int\u00e9zm\u00e9nyrendszer kereteiben l\u00e9gszomjjal k\u00fcszk\u00f6d\u0151 magyar k\u00f6zm\u0171vel\u0151d\u00e9snek a meg\u00fajul\u00e1s minden es\u00e9ly\u00e9t ki kell haszn\u00e1lni.<\/span><br \/>\n<span style=\"font-family: Times New Roman CE;\">Ezzel a sz\u00e1nd\u00e9kkal utaztunk \u00e1prilis 24-\u00e9n Franciaorsz\u00e1gba mi t\u00edzen, a K\u00f6z\u00f6ss\u00e9gfejleszt\u0151k Hajd\u00fa-Bihar Megyei Egyes\u00fclet\u00e9nek tagjai. Megh\u00edv\u00f3ink egy k\u00f6z\u00e9pkori hangulat\u00fa d\u00e9l-franciaorsz\u00e1gi v\u00e1rosba Saint Pons m\u0171vel\u0151d\u00e9si egyes\u00fclet\u00e9nek tagjai &#8211; annak ellen\u00e9re, hogy el\u0151sz\u00f6r fogadtak hasonl\u00f3 szakmai \u00e9rdekl\u0151d\u00e9s\u0171 k\u00fclf\u00f6ldi csoportot &#8211; a programot \u00fagy \u00e1ll\u00edtott\u00e1k \u00f6ssze, hogy a k\u00f6rny\u00e9k f\u0151bb telep\u00fcl\u00e9st\u00edpusait megismerhess\u00fck.<\/span><\/p>\n<p style=\"text-align: justify;\"><!--more--><br \/>\n<span style=\"font-family: Times New Roman CE;\">Vend\u00e9gl\u00e1t\u00f3ink otthona a r\u00e9gi\u00f3n bel\u00fcl 3 megye tal\u00e1lkoz\u00e1s\u00e1n\u00e1l fekszik, ennek k\u00f6sz\u00f6nheti &#8211; 3000 lakosa ellen\u00e9re &#8211; viszonylagos szervez\u0151 szerep\u00e9t.<\/span><br \/>\n<span style=\"font-family: Times New Roman CE;\">A k\u00f6z\u00e9pkorban bet\u00f6lt\u00f6tt fontos vall\u00e1si feladatk\u00f6r \u00e1ltal meghat\u00e1rozott vir\u00e1gkor \u00f3ta folyamatosan cs\u00f6kken a v\u00e1roska gazdas\u00e1gi jelent\u0151s\u00e9ge. A jelenleg csup\u00e1n a szintentart\u00e1s\u00e9rt k\u00fcszk\u00f6d\u0151 \u00f6nkorm\u00e1nyzat szeretn\u00e9 a helyi term\u00e9szeti adotts\u00e1gok (gy\u00f3gyv\u00edz, barlangrendszer, fafeldolgoz\u00e1s) \u00e1ltal \u00fajra fellend\u00edteni a fejl\u0151d\u00e9st. A 15-20%-os munkan\u00e9lk\u00fclis\u00e9g, a fiatalok elk\u00f6lt\u00f6z\u00e9se \u00e9s az \u00e9rt\u00e9kes\u00edt\u00e9si gondokkal k\u00fczd\u0151 mez\u0151gazdas\u00e1g hallat\u00e1n m\u00e1ris otthon \u00e9rezhett\u00fck magunkat.<\/span><br \/>\n<span style=\"font-family: Times New Roman CE;\">A szakmai programok sor\u00e1n megfordultunk a 45 000 lakos\u00fa Carcassone \u00e9s a megyesz\u00e9khelyk\u00e9nt m\u0171k\u00f6d\u0151, l\u00e9nyegesen nagyobb (mintegy 210 000 f\u0151s) Montpellier v\u00e1rosokban is.<\/span><br \/>\n<span style=\"font-family: Times New Roman CE;\">A m\u0171vel\u0151d\u00e9si k\u00f6z\u00f6ss\u00e9gekben tett l\u00e1togat\u00e1sok, a kultur\u00e1lis int\u00e9zm\u00e9nyek igazgat\u00f3ival, ill. a helyi \u00f6nkorm\u00e1nyzati vezet\u0151kkel val\u00f3 besz\u00e9lget\u00e9sek sor\u00e1n lassan kirajzol\u00f3dott el\u0151tt\u00fcnk a sz\u00e1munkra els\u0151 pillant\u00e1sra kiss\u00e9 bonyolultnak t\u0171n\u0151 francia m\u0171vel\u0151d\u00e9si int\u00e9zm\u00e9nyrendszer. A hatalommal szembeni kiszolg\u00e1ltatotts\u00e1gunkat \u00e9s a politikai harcok \u00e1ltal t\u00e1pl\u00e1lt gyanakv\u00e1sainkat t\u00fckr\u00f6z\u0151 k\u00e9rd\u00e9seinkre h\u00e1zigazd\u00e1ink \u00fajra \u00e9s \u00fajra t\u00fcrelemmel reag\u00e1lva v\u00e1zolt\u00e1k fel rendszer\u00fck egyszer\u0171s\u00e9g\u00e9t.<\/span><br \/>\n<span style=\"font-family: Times New Roman CE;\">Az \u00f6nk\u00e9ntes m\u0171vel\u0151d\u00e9si k\u00f6z\u00f6ss\u00e9gek, egyes\u00fcletek, sportk\u00f6r\u00f6k Franciaorsz\u00e1gban az 1901-ben(!) meghozott egyes\u00fcleti t\u00f6rv\u00e9ny \u00f3ta a demokr\u00e1cia iskol\u00e1ik\u00e9nt is m\u0171k\u00f6dtek. Fennmarad\u00e1suk eszmei biztos\u00edt\u00e9ka az egy\u00e9nek egym\u00e1s ir\u00e1nti felel\u0151ss\u00e9g\u00e9rzete \u00e9s a politikamentess\u00e9g. Az ifj\u00fas\u00e1gi \u00e9s m\u0171vel\u0151d\u00e9si h\u00e1zak a II. vil\u00e1gh\u00e1bor\u00fa ut\u00e1n alakultak ki.<\/span><br \/>\n<span style=\"font-family: Times New Roman CE;\">\u00d6nk\u00e9ntes munk\u00e1val, adom\u00e1nyokb\u00f3l, mag\u00e1nkezdem\u00e9nyez\u00e9sek nyom\u00e1n sz\u00fclettek. A kialakul\u00e1s felt\u00e9tele minden\u00fctt egy er\u0151s \u00e1llampolg\u00e1ri kezdem\u00e9nyez\u00e9sb\u0151l sz\u00fcletett egyes\u00fclet, mely alap\u00edt\u00f3tagjai k\u00f6z\u00fcl vezet\u0151s\u00e9get v\u00e1laszt, m\u0171k\u00f6d\u00e9si szab\u00e1lyozatot k\u00e9sz\u00edt, \u00e9vente k\u00f6zgy\u0171l\u00e9st h\u00edv \u00f6ssze. Feladataikat saj\u00e1t ig\u00e9nyeik \u00e9s erej\u00fck sz\u00e1mbav\u00e9tel\u00e9vel maguk hat\u00e1rozz\u00e1k meg. M\u0171k\u00f6d\u00e9si kiad\u00e1saikat t\u00f6bb forr\u00e1sb\u00f3l fedezik: tagd\u00edjakb\u00f3l; az \u00e1llam \u00e1ltal valamennyi egyes\u00fcletnek ny\u00fajtott tagl\u00e9tsz\u00e1m ut\u00e1ni t\u00e1mogat\u00e1sb\u00f3l; az egyes\u00fcletek region\u00e1lis sz\u00f6vets\u00e9ge \u00e1ltal ny\u00fajtott \u00f6sszegb\u0151l; helyenk\u00e9nt v\u00e1ltoz\u00f3 m\u00e9rt\u00e9k\u0171 \u00f6nkorm\u00e1nyzati t\u00e1mogat\u00e1sb\u00f3l, kieg\u00e9sz\u00edtve saj\u00e1t bev\u00e9teleikkel.<\/span><br \/>\n<span style=\"font-family: Times New Roman CE;\">Az egyes\u00fclet nagys\u00e1ga, a v\u00e9gzett munka min\u0151s\u00e9ge, az \u00f6nkorm\u00e1nyzatok p\u00e9nz\u00fcgyi ereje szerint v\u00e1lik ez a k\u00e9p \u00e1rnyaltabb\u00e1. Fontos szereppel b\u00edr az egyes\u00fcletek region\u00e1lis sz\u00f6vets\u00e9ge is, amely a k\u00fcl\u00f6nb\u00f6z\u0151 projektekre sz\u00fcks\u00e9ges anyagi feldezet biztos\u00edt\u00e1s\u00e1val vagy munkat\u00e1rsak b\u00e9r\u00e9nek fizet\u00e9s\u00e9vel seg\u00edti a telep\u00fcl\u00e9seken m\u0171k\u00f6d\u0151 egyes\u00fcletek munk\u00e1j\u00e1t.<\/span><br \/>\n<span style=\"font-family: Times New Roman CE;\">Helyi ig\u00e9nyeknek megfelel\u0151en az 1-2 szem\u00e9lyes int\u00e9zm\u00e9nyekt\u0151l a 60 kiscsoportot m\u0171k\u00f6dtet\u0151, 7-8 f\u0151\u00e1ll\u00e1s\u00fa dolgoz\u00f3t alkalmaz\u00f3 ifj\u00fas\u00e1gi \u00e9s m\u0171vel\u0151d\u00e9si k\u00f6zpontokig, az egyes\u00fcleti h\u00e1zak t\u00f6bb fajt\u00e1j\u00e1val tal\u00e1lkoztunk. Miut\u00e1n a bejegyzett egyes\u00fcletek int\u00e9zm\u00e9nyei szakmailag csak a miniszt\u00e9rium fel\u00fcgyelete al\u00e1 tartoznak, s az \u00e1llami, \u00f6nkorm\u00e1nyzati t\u00e1mogat\u00e1s felt\u00e9tele csup\u00e1n a t\u00f6rv\u00e9nyess\u00e9get betart\u00f3, politikamentes m\u0171k\u00f6d\u00e9s, \u00edgy az egyes\u00fcleti \u00e9s \u00f6nkorm\u00e1nyzati fenntart\u00e1s k\u00f6z\u00f6tt nincs ellentmond\u00e1s. A v\u00e9gzett munk\u00e1r\u00f3l besz\u00e1molni, a p\u00e9nz\u00fcgyek\u00e9rt felelni egy ilyen int\u00e9zm\u00e9ny igazgat\u00f3ja csakis saj\u00e1t egyes\u00fclet\u00e9nek tartozik.<\/span><br \/>\n<span style=\"font-family: Times New Roman CE;\">Ez a csorb\u00edtatlan auton\u00f3mia a z\u00e1loga annak, hogy az egyes\u00fcleti tagok aktivit\u00e1sa megmaradjon, s a kult\u00fara fogyaszt\u00f3ib\u00f3l annak k\u00f6zvet\u00edt\u0151iv\u00e9, alkot\u00f3iv\u00e1 v\u00e1lhassanak. Minden t\u00e1mogat\u00e1s mellett ennek a rendszernek az egyes\u00fcleti tagok \u00f6nk\u00e9ntes munk\u00e1ja, anyagi \u00e1ldozatv\u00e1llal\u00e1sa a mozgat\u00f3rug\u00f3ja. E tekintetben a mi vend\u00e9gl\u00e1t\u00f3 Saint Pons-i egyes\u00fclet\u00fck sz\u00e9p p\u00e9ld\u00e1val szolg\u00e1lt, hiszen fogad\u00e1sunkon a fav\u00e1g\u00f3 \u00e9s a sikeres keresked\u0151 egyar\u00e1nt teljes sz\u00edvvel munk\u00e1lkodott, figyelm\u00e9vel, szeretet\u00e9vel v\u00e9ve k\u00f6r\u00fcl egy sz\u00e1mukra kiss\u00e9 m\u00e9g mindig idegen vil\u00e1g k\u00fcld\u00f6tteit.<\/span><br \/>\n<span style=\"font-family: Times New Roman CE;\">Egyes\u00fclet\u00fck sz\u00edvesen bocs\u00e1tja szakmai \u00e9s emberi tapasztalatait az \u00e9rdekl\u0151d\u0151k rendelkez\u00e9s\u00e9re.<\/span><br \/>\n<span style=\"font-family: Times New Roman CE;\">Varga Matild<\/span><\/p>\n<p><span style=\"font-family: Times New Roman CE;\">Inform\u00e1ci\u00f3: K\u00f6z\u00f6ss\u00e9gfejleszt\u0151k Hajd\u00fa-Bihar Megyei Egyes\u00fclete<\/span><br \/>\n<span style=\"font-family: Times New Roman CE;\">4028 Debrecen, Simonyi u. 14.<\/span><\/p>\n","protected":false},"excerpt":{"rendered":"<p>A vid\u00e9ki \u00e9let min\u0151s\u00e9g\u00e9nek egyik fokm\u00e9r\u0151je a k\u00f6z\u00f6ss\u00e9gi m\u0171vel\u0151d\u00e9s helyzete. Az \u00e1llami int\u00e9zm\u00e9nyrendszer kereteiben l\u00e9gszomjjal k\u00fcszk\u00f6d\u0151 magyar k\u00f6zm\u0171vel\u0151d\u00e9snek a meg\u00fajul\u00e1s minden es\u00e9ly\u00e9t ki kell haszn\u00e1lni. Ezzel a sz\u00e1nd\u00e9kkal utaztunk \u00e1prilis 24-\u00e9n Franciaorsz\u00e1gba mi t\u00edzen, a K\u00f6z\u00f6ss\u00e9gfejleszt\u0151k Hajd\u00fa-Bihar Megyei Egyes\u00fclet\u00e9nek tagjai. Megh\u00edv\u00f3ink egy k\u00f6z\u00e9pkori hangulat\u00fa d\u00e9l-franciaorsz\u00e1gi v\u00e1rosba Saint Pons m\u0171vel\u0151d\u00e9si egyes\u00fclet\u00e9nek tagjai &#8211; annak ellen\u00e9re, hogy [&hellip;]<\/p>\n","protected":false},"author":242,"featured_media":3464,"comment_status":"open","ping_status":"open","sticky":false,"template":"","format":"standard","meta":{"_acf_changed":false,"footnotes":""},"categories":[281,8,7],"tags":[],"coauthors":[291],"class_list":["post-2085","post","type-post","status-publish","format-standard","has-post-thumbnail","hentry","category-parola-1993-3","category-parola-folyoirat","category-repertorium"],"acf":[],"yoast_head":"<!-- This site is optimized with the Yoast SEO plugin v26.7 - https:\/\/yoast.com\/wordpress\/plugins\/seo\/ -->\n<title>M\u0171vel\u0151d\u00e9si egyes\u00fcletek Franciaosz\u00e1gban - Parola Foly\u00f3irat<\/title>\n<meta name=\"robots\" content=\"index, follow, max-snippet:-1, max-image-preview:large, max-video-preview:-1\" \/>\n<link rel=\"canonical\" href=\"https:\/\/kofe.hu\/parola\/parola-folyoirat\/muvelodesi-egyesuletek-franciaoszagban\/\" \/>\n<meta property=\"og:locale\" content=\"hu_HU\" \/>\n<meta property=\"og:type\" content=\"article\" \/>\n<meta property=\"og:title\" content=\"M\u0171vel\u0151d\u00e9si egyes\u00fcletek Franciaosz\u00e1gban - Parola Foly\u00f3irat\" \/>\n<meta property=\"og:description\" content=\"A vid\u00e9ki \u00e9let min\u0151s\u00e9g\u00e9nek egyik fokm\u00e9r\u0151je a k\u00f6z\u00f6ss\u00e9gi m\u0171vel\u0151d\u00e9s helyzete. Az \u00e1llami int\u00e9zm\u00e9nyrendszer kereteiben l\u00e9gszomjjal k\u00fcszk\u00f6d\u0151 magyar k\u00f6zm\u0171vel\u0151d\u00e9snek a meg\u00fajul\u00e1s minden es\u00e9ly\u00e9t ki kell haszn\u00e1lni. Ezzel a sz\u00e1nd\u00e9kkal utaztunk \u00e1prilis 24-\u00e9n Franciaorsz\u00e1gba mi t\u00edzen, a K\u00f6z\u00f6ss\u00e9gfejleszt\u0151k Hajd\u00fa-Bihar Megyei Egyes\u00fclet\u00e9nek tagjai. Megh\u00edv\u00f3ink egy k\u00f6z\u00e9pkori hangulat\u00fa d\u00e9l-franciaorsz\u00e1gi v\u00e1rosba Saint Pons m\u0171vel\u0151d\u00e9si egyes\u00fclet\u00e9nek tagjai &#8211; annak ellen\u00e9re, hogy [&hellip;]\" \/>\n<meta property=\"og:url\" content=\"https:\/\/kofe.hu\/parola\/parola-folyoirat\/muvelodesi-egyesuletek-franciaoszagban\/\" \/>\n<meta property=\"og:site_name\" content=\"Parola Foly\u00f3irat\" \/>\n<meta property=\"article:published_time\" content=\"2020-06-24T17:10:11+00:00\" \/>\n<meta property=\"article:modified_time\" content=\"2020-07-30T17:14:12+00:00\" \/>\n<meta property=\"og:image\" content=\"https:\/\/kofe.hu\/parola\/wp-content\/uploads\/2020\/07\/93.3.jpeg\" \/>\n\t<meta property=\"og:image:width\" content=\"1392\" \/>\n\t<meta property=\"og:image:height\" content=\"1952\" \/>\n\t<meta property=\"og:image:type\" content=\"image\/jpeg\" \/>\n<meta name=\"author\" content=\"Varga Matild\" \/>\n<meta name=\"twitter:card\" content=\"summary_large_image\" \/>\n<meta name=\"twitter:label1\" content=\"Szerz\u0151:\" \/>\n\t<meta name=\"twitter:data1\" content=\"Varga Matild\" \/>\n\t<meta name=\"twitter:label2\" content=\"Becs\u00fclt olvas\u00e1si id\u0151\" \/>\n\t<meta name=\"twitter:data2\" content=\"5 perc\" \/>\n\t<meta name=\"twitter:label3\" content=\"Written by\" \/>\n\t<meta name=\"twitter:data3\" content=\"Varga Matild\" \/>\n<script type=\"application\/ld+json\" class=\"yoast-schema-graph\">{\"@context\":\"https:\/\/schema.org\",\"@graph\":[{\"@type\":\"Article\",\"@id\":\"https:\/\/kofe.hu\/parola\/parola-folyoirat\/muvelodesi-egyesuletek-franciaoszagban\/#article\",\"isPartOf\":{\"@id\":\"https:\/\/kofe.hu\/parola\/parola-folyoirat\/muvelodesi-egyesuletek-franciaoszagban\/\"},\"author\":{\"name\":\"Varga Matild\",\"@id\":\"https:\/\/kofe.hu\/parola\/#\/schema\/person\/7e592f6b518b7f4fc9eb86633d425b47\"},\"headline\":\"M\u0171vel\u0151d\u00e9si egyes\u00fcletek Franciaosz\u00e1gban\",\"datePublished\":\"2020-06-24T17:10:11+00:00\",\"dateModified\":\"2020-07-30T17:14:12+00:00\",\"mainEntityOfPage\":{\"@id\":\"https:\/\/kofe.hu\/parola\/parola-folyoirat\/muvelodesi-egyesuletek-franciaoszagban\/\"},\"wordCount\":987,\"commentCount\":0,\"image\":{\"@id\":\"https:\/\/kofe.hu\/parola\/parola-folyoirat\/muvelodesi-egyesuletek-franciaoszagban\/#primaryimage\"},\"thumbnailUrl\":\"https:\/\/kofe.hu\/parola\/wp-content\/uploads\/2020\/07\/93.3.jpeg\",\"articleSection\":[\"Parola 1993\/3\",\"Parola Foly\u00f3irat\",\"Repert\u00f3rium\"],\"inLanguage\":\"hu\",\"potentialAction\":[{\"@type\":\"CommentAction\",\"name\":\"Comment\",\"target\":[\"https:\/\/kofe.hu\/parola\/parola-folyoirat\/muvelodesi-egyesuletek-franciaoszagban\/#respond\"]}]},{\"@type\":\"WebPage\",\"@id\":\"https:\/\/kofe.hu\/parola\/parola-folyoirat\/muvelodesi-egyesuletek-franciaoszagban\/\",\"url\":\"https:\/\/kofe.hu\/parola\/parola-folyoirat\/muvelodesi-egyesuletek-franciaoszagban\/\",\"name\":\"M\u0171vel\u0151d\u00e9si egyes\u00fcletek Franciaosz\u00e1gban - Parola Foly\u00f3irat\",\"isPartOf\":{\"@id\":\"https:\/\/kofe.hu\/parola\/#website\"},\"primaryImageOfPage\":{\"@id\":\"https:\/\/kofe.hu\/parola\/parola-folyoirat\/muvelodesi-egyesuletek-franciaoszagban\/#primaryimage\"},\"image\":{\"@id\":\"https:\/\/kofe.hu\/parola\/parola-folyoirat\/muvelodesi-egyesuletek-franciaoszagban\/#primaryimage\"},\"thumbnailUrl\":\"https:\/\/kofe.hu\/parola\/wp-content\/uploads\/2020\/07\/93.3.jpeg\",\"datePublished\":\"2020-06-24T17:10:11+00:00\",\"dateModified\":\"2020-07-30T17:14:12+00:00\",\"author\":{\"@id\":\"https:\/\/kofe.hu\/parola\/#\/schema\/person\/7e592f6b518b7f4fc9eb86633d425b47\"},\"breadcrumb\":{\"@id\":\"https:\/\/kofe.hu\/parola\/parola-folyoirat\/muvelodesi-egyesuletek-franciaoszagban\/#breadcrumb\"},\"inLanguage\":\"hu\",\"potentialAction\":[{\"@type\":\"ReadAction\",\"target\":[\"https:\/\/kofe.hu\/parola\/parola-folyoirat\/muvelodesi-egyesuletek-franciaoszagban\/\"]}]},{\"@type\":\"ImageObject\",\"inLanguage\":\"hu\",\"@id\":\"https:\/\/kofe.hu\/parola\/parola-folyoirat\/muvelodesi-egyesuletek-franciaoszagban\/#primaryimage\",\"url\":\"https:\/\/kofe.hu\/parola\/wp-content\/uploads\/2020\/07\/93.3.jpeg\",\"contentUrl\":\"https:\/\/kofe.hu\/parola\/wp-content\/uploads\/2020\/07\/93.3.jpeg\",\"width\":1392,\"height\":1952},{\"@type\":\"BreadcrumbList\",\"@id\":\"https:\/\/kofe.hu\/parola\/parola-folyoirat\/muvelodesi-egyesuletek-franciaoszagban\/#breadcrumb\",\"itemListElement\":[{\"@type\":\"ListItem\",\"position\":1,\"name\":\"Home\",\"item\":\"https:\/\/kofe.hu\/parola\/\"},{\"@type\":\"ListItem\",\"position\":2,\"name\":\"M\u0171vel\u0151d\u00e9si egyes\u00fcletek Franciaosz\u00e1gban\"}]},{\"@type\":\"WebSite\",\"@id\":\"https:\/\/kofe.hu\/parola\/#website\",\"url\":\"https:\/\/kofe.hu\/parola\/\",\"name\":\"Parola Foly\u00f3irat\",\"description\":\"\",\"potentialAction\":[{\"@type\":\"SearchAction\",\"target\":{\"@type\":\"EntryPoint\",\"urlTemplate\":\"https:\/\/kofe.hu\/parola\/?s={search_term_string}\"},\"query-input\":{\"@type\":\"PropertyValueSpecification\",\"valueRequired\":true,\"valueName\":\"search_term_string\"}}],\"inLanguage\":\"hu\"},{\"@type\":\"Person\",\"@id\":\"https:\/\/kofe.hu\/parola\/#\/schema\/person\/7e592f6b518b7f4fc9eb86633d425b47\",\"name\":\"Varga Matild\",\"image\":{\"@type\":\"ImageObject\",\"inLanguage\":\"hu\",\"@id\":\"https:\/\/kofe.hu\/parola\/#\/schema\/person\/image\/ed5652f1a996d3084d225d960d6225a7\",\"url\":\"https:\/\/secure.gravatar.com\/avatar\/d951242cc40684bce4a24055cd2fef31e39880d9137fca6599a6ca353dc62a21?s=96&d=mm&r=g\",\"contentUrl\":\"https:\/\/secure.gravatar.com\/avatar\/d951242cc40684bce4a24055cd2fef31e39880d9137fca6599a6ca353dc62a21?s=96&d=mm&r=g\",\"caption\":\"Varga Matild\"},\"url\":\"https:\/\/kofe.hu\/parola\/szerzok\/varga-matild\/\"}]}<\/script>\n<!-- \/ Yoast SEO plugin. -->","yoast_head_json":{"title":"M\u0171vel\u0151d\u00e9si egyes\u00fcletek Franciaosz\u00e1gban - Parola Foly\u00f3irat","robots":{"index":"index","follow":"follow","max-snippet":"max-snippet:-1","max-image-preview":"max-image-preview:large","max-video-preview":"max-video-preview:-1"},"canonical":"https:\/\/kofe.hu\/parola\/parola-folyoirat\/muvelodesi-egyesuletek-franciaoszagban\/","og_locale":"hu_HU","og_type":"article","og_title":"M\u0171vel\u0151d\u00e9si egyes\u00fcletek Franciaosz\u00e1gban - Parola Foly\u00f3irat","og_description":"A vid\u00e9ki \u00e9let min\u0151s\u00e9g\u00e9nek egyik fokm\u00e9r\u0151je a k\u00f6z\u00f6ss\u00e9gi m\u0171vel\u0151d\u00e9s helyzete. Az \u00e1llami int\u00e9zm\u00e9nyrendszer kereteiben l\u00e9gszomjjal k\u00fcszk\u00f6d\u0151 magyar k\u00f6zm\u0171vel\u0151d\u00e9snek a meg\u00fajul\u00e1s minden es\u00e9ly\u00e9t ki kell haszn\u00e1lni. Ezzel a sz\u00e1nd\u00e9kkal utaztunk \u00e1prilis 24-\u00e9n Franciaorsz\u00e1gba mi t\u00edzen, a K\u00f6z\u00f6ss\u00e9gfejleszt\u0151k Hajd\u00fa-Bihar Megyei Egyes\u00fclet\u00e9nek tagjai. Megh\u00edv\u00f3ink egy k\u00f6z\u00e9pkori hangulat\u00fa d\u00e9l-franciaorsz\u00e1gi v\u00e1rosba Saint Pons m\u0171vel\u0151d\u00e9si egyes\u00fclet\u00e9nek tagjai &#8211; annak ellen\u00e9re, hogy [&hellip;]","og_url":"https:\/\/kofe.hu\/parola\/parola-folyoirat\/muvelodesi-egyesuletek-franciaoszagban\/","og_site_name":"Parola Foly\u00f3irat","article_published_time":"2020-06-24T17:10:11+00:00","article_modified_time":"2020-07-30T17:14:12+00:00","og_image":[{"width":1392,"height":1952,"url":"https:\/\/kofe.hu\/parola\/wp-content\/uploads\/2020\/07\/93.3.jpeg","type":"image\/jpeg"}],"author":"Varga Matild","twitter_card":"summary_large_image","twitter_misc":{"Szerz\u0151:":"Varga Matild","Becs\u00fclt olvas\u00e1si id\u0151":"5 perc","Written by":"Varga Matild"},"schema":{"@context":"https:\/\/schema.org","@graph":[{"@type":"Article","@id":"https:\/\/kofe.hu\/parola\/parola-folyoirat\/muvelodesi-egyesuletek-franciaoszagban\/#article","isPartOf":{"@id":"https:\/\/kofe.hu\/parola\/parola-folyoirat\/muvelodesi-egyesuletek-franciaoszagban\/"},"author":{"name":"Varga Matild","@id":"https:\/\/kofe.hu\/parola\/#\/schema\/person\/7e592f6b518b7f4fc9eb86633d425b47"},"headline":"M\u0171vel\u0151d\u00e9si egyes\u00fcletek Franciaosz\u00e1gban","datePublished":"2020-06-24T17:10:11+00:00","dateModified":"2020-07-30T17:14:12+00:00","mainEntityOfPage":{"@id":"https:\/\/kofe.hu\/parola\/parola-folyoirat\/muvelodesi-egyesuletek-franciaoszagban\/"},"wordCount":987,"commentCount":0,"image":{"@id":"https:\/\/kofe.hu\/parola\/parola-folyoirat\/muvelodesi-egyesuletek-franciaoszagban\/#primaryimage"},"thumbnailUrl":"https:\/\/kofe.hu\/parola\/wp-content\/uploads\/2020\/07\/93.3.jpeg","articleSection":["Parola 1993\/3","Parola Foly\u00f3irat","Repert\u00f3rium"],"inLanguage":"hu","potentialAction":[{"@type":"CommentAction","name":"Comment","target":["https:\/\/kofe.hu\/parola\/parola-folyoirat\/muvelodesi-egyesuletek-franciaoszagban\/#respond"]}]},{"@type":"WebPage","@id":"https:\/\/kofe.hu\/parola\/parola-folyoirat\/muvelodesi-egyesuletek-franciaoszagban\/","url":"https:\/\/kofe.hu\/parola\/parola-folyoirat\/muvelodesi-egyesuletek-franciaoszagban\/","name":"M\u0171vel\u0151d\u00e9si egyes\u00fcletek Franciaosz\u00e1gban - Parola Foly\u00f3irat","isPartOf":{"@id":"https:\/\/kofe.hu\/parola\/#website"},"primaryImageOfPage":{"@id":"https:\/\/kofe.hu\/parola\/parola-folyoirat\/muvelodesi-egyesuletek-franciaoszagban\/#primaryimage"},"image":{"@id":"https:\/\/kofe.hu\/parola\/parola-folyoirat\/muvelodesi-egyesuletek-franciaoszagban\/#primaryimage"},"thumbnailUrl":"https:\/\/kofe.hu\/parola\/wp-content\/uploads\/2020\/07\/93.3.jpeg","datePublished":"2020-06-24T17:10:11+00:00","dateModified":"2020-07-30T17:14:12+00:00","author":{"@id":"https:\/\/kofe.hu\/parola\/#\/schema\/person\/7e592f6b518b7f4fc9eb86633d425b47"},"breadcrumb":{"@id":"https:\/\/kofe.hu\/parola\/parola-folyoirat\/muvelodesi-egyesuletek-franciaoszagban\/#breadcrumb"},"inLanguage":"hu","potentialAction":[{"@type":"ReadAction","target":["https:\/\/kofe.hu\/parola\/parola-folyoirat\/muvelodesi-egyesuletek-franciaoszagban\/"]}]},{"@type":"ImageObject","inLanguage":"hu","@id":"https:\/\/kofe.hu\/parola\/parola-folyoirat\/muvelodesi-egyesuletek-franciaoszagban\/#primaryimage","url":"https:\/\/kofe.hu\/parola\/wp-content\/uploads\/2020\/07\/93.3.jpeg","contentUrl":"https:\/\/kofe.hu\/parola\/wp-content\/uploads\/2020\/07\/93.3.jpeg","width":1392,"height":1952},{"@type":"BreadcrumbList","@id":"https:\/\/kofe.hu\/parola\/parola-folyoirat\/muvelodesi-egyesuletek-franciaoszagban\/#breadcrumb","itemListElement":[{"@type":"ListItem","position":1,"name":"Home","item":"https:\/\/kofe.hu\/parola\/"},{"@type":"ListItem","position":2,"name":"M\u0171vel\u0151d\u00e9si egyes\u00fcletek Franciaosz\u00e1gban"}]},{"@type":"WebSite","@id":"https:\/\/kofe.hu\/parola\/#website","url":"https:\/\/kofe.hu\/parola\/","name":"Parola Foly\u00f3irat","description":"","potentialAction":[{"@type":"SearchAction","target":{"@type":"EntryPoint","urlTemplate":"https:\/\/kofe.hu\/parola\/?s={search_term_string}"},"query-input":{"@type":"PropertyValueSpecification","valueRequired":true,"valueName":"search_term_string"}}],"inLanguage":"hu"},{"@type":"Person","@id":"https:\/\/kofe.hu\/parola\/#\/schema\/person\/7e592f6b518b7f4fc9eb86633d425b47","name":"Varga Matild","image":{"@type":"ImageObject","inLanguage":"hu","@id":"https:\/\/kofe.hu\/parola\/#\/schema\/person\/image\/ed5652f1a996d3084d225d960d6225a7","url":"https:\/\/secure.gravatar.com\/avatar\/d951242cc40684bce4a24055cd2fef31e39880d9137fca6599a6ca353dc62a21?s=96&d=mm&r=g","contentUrl":"https:\/\/secure.gravatar.com\/avatar\/d951242cc40684bce4a24055cd2fef31e39880d9137fca6599a6ca353dc62a21?s=96&d=mm&r=g","caption":"Varga Matild"},"url":"https:\/\/kofe.hu\/parola\/szerzok\/varga-matild\/"}]}},"_links":{"self":[{"href":"https:\/\/kofe.hu\/parola\/wp-json\/wp\/v2\/posts\/2085","targetHints":{"allow":["GET"]}}],"collection":[{"href":"https:\/\/kofe.hu\/parola\/wp-json\/wp\/v2\/posts"}],"about":[{"href":"https:\/\/kofe.hu\/parola\/wp-json\/wp\/v2\/types\/post"}],"author":[{"embeddable":true,"href":"https:\/\/kofe.hu\/parola\/wp-json\/wp\/v2\/users\/242"}],"replies":[{"embeddable":true,"href":"https:\/\/kofe.hu\/parola\/wp-json\/wp\/v2\/comments?post=2085"}],"version-history":[{"count":3,"href":"https:\/\/kofe.hu\/parola\/wp-json\/wp\/v2\/posts\/2085\/revisions"}],"predecessor-version":[{"id":4984,"href":"https:\/\/kofe.hu\/parola\/wp-json\/wp\/v2\/posts\/2085\/revisions\/4984"}],"wp:featuredmedia":[{"embeddable":true,"href":"https:\/\/kofe.hu\/parola\/wp-json\/wp\/v2\/media\/3464"}],"wp:attachment":[{"href":"https:\/\/kofe.hu\/parola\/wp-json\/wp\/v2\/media?parent=2085"}],"wp:term":[{"taxonomy":"category","embeddable":true,"href":"https:\/\/kofe.hu\/parola\/wp-json\/wp\/v2\/categories?post=2085"},{"taxonomy":"post_tag","embeddable":true,"href":"https:\/\/kofe.hu\/parola\/wp-json\/wp\/v2\/tags?post=2085"},{"taxonomy":"author","embeddable":true,"href":"https:\/\/kofe.hu\/parola\/wp-json\/wp\/v2\/coauthors?post=2085"}],"curies":[{"name":"wp","href":"https:\/\/api.w.org\/{rel}","templated":true}]}}