{"id":2079,"date":"2020-06-24T17:03:17","date_gmt":"2020-06-24T17:03:17","guid":{"rendered":"https:\/\/kofe.hu\/parola\/?p=2079"},"modified":"2023-05-15T09:21:15","modified_gmt":"2023-05-15T09:21:15","slug":"a-jovo-kihivasai-a-hazai-eselyekrol","status":"publish","type":"post","link":"https:\/\/kofe.hu\/parola\/parola-folyoirat\/a-jovo-kihivasai-a-hazai-eselyekrol\/","title":{"rendered":"A j\u00f6v\u0151 kih\u00edv\u00e1sai: A hazai es\u00e9lyekr\u0151l"},"content":{"rendered":"<p style=\"text-align: justify;\"><span style=\"font-family: Times New Roman CE;\">A ,j\u00f6v\u0151 kih\u00edv\u00e1sai&#8221; konferenci\u00e1n lezajlott kerekasztal besz\u00e9lget\u00e9sre megh\u00edvott szak\u00e9rt\u0151k a magyarorsz\u00e1gi nem-korm\u00e1nyzati szervezetek k\u00f6zelj\u00f6v\u0151beli es\u00e9lyeir\u0151l besz\u00e9ltek.<\/span><br \/>\n<span style=\"font-family: Times New Roman CE;\">Az al\u00e1bbiakban Hars\u00e1nyi L\u00e1szl\u00f3, k\u00f6zgazd\u00e1sz hozz\u00e1sz\u00f3l\u00e1s\u00e1t ismertetj\u00fck.<\/span><br \/>\n<!--more--><br \/>\n<span style=\"font-family: Times New Roman CE;\">Meg\u00edt\u00e9l\u00e9sem szerint h\u00e1rom ,forgat\u00f3k\u00f6nyv&#8221; egy jogi, egy gazdas\u00e1gi, \u00e9s egy politikai fogja a civil, nonprofit szervezeteket meghat\u00e1rozni a j\u00f6v\u0151ben. Szerencs\u00e9s esetben ezek a forgat\u00f3k\u00f6nyvek egy ir\u00e1nyba mutatn\u00e1nak. Bizonytalan vagyok, hogy most megvan-e ak\u00e1rcsak a p\u00e1rhuzamoss\u00e1guk ezeknek, de ezt majd egy\u00fctt fogjuk megtapasztalni. Vegy\u00fck sorra ezeket a ,forgat\u00f3k\u00f6nyveket&#8221;.<\/span><\/p>\n<p><span style=\"font-family: Times New Roman CE;\">A jogi<\/span><\/p>\n<p><span style=\"font-family: Times New Roman CE;\">A magyar civil szervezetek m\u0171k\u00f6d\u00e9s\u00e9t k\u00e9t \u00faj t\u00f6rv\u00e9ny fogja meghat\u00e1rozni a k\u00f6zelj\u00f6v\u0151ben, hogy a k\u00e9t t\u00f6rv\u00e9nyb\u0151l mennyi sz\u00fcletik meg: az m\u00e1r a forgat\u00f3k\u00f6nyv r\u00e9sze. V\u00e9lem\u00e9nyem szerint a nonprofit t\u00f6rv\u00e9ny, ami m\u00e1r m\u00e1sf\u00e9l \u00e9ve k\u00e9sz\u00fcl\u0151dik, ebben a peri\u00f3dusban m\u00e9g korm\u00e1nyzati, d\u00f6nt\u00e9si szintig sem fog eljutni, ami azt jelenti, hogy a civil szervezetek egy \u00e1tfog\u00f3 jogszab\u00e1lya 1995 t\u00e1j\u00e1n j\u00f6het majd csak l\u00e9tre. Ez a meg nem sz\u00fclet\u0151 szab\u00e1ly lenne hivatva arra, hogy alapvet\u0151 gazd\u00e1lkod\u00e1si, nyilv\u00e1noss\u00e1gb\u00e9li szerep\u00fcket vil\u00e1gosan r\u00f6gz\u00edtse.<\/span><br \/>\n<span style=\"font-family: Times New Roman CE;\">Ami ebben az \u00e9vben l\u00e9trej\u00f6n, az a polg\u00e1ri t\u00f6rv\u00e9nyk\u00f6nyv m\u00f3dos\u00edt\u00e1sa. A polg\u00e1ri t\u00f6rv\u00e9nyk\u00f6nyv m\u00f3dos\u00edt\u00e1s\u00e1t beny\u00fajtott\u00e1k a Parlament el\u00e9 \u00e9s folyik a bizotts\u00e1g vit\u00e1ja. Rem\u00e9ny van, hogy megsz\u00fclessen. Ennek a t\u00f6rv\u00e9nynek van egy pozit\u00edv \u00e9s egy vagy t\u00f6bb negat\u00edv von\u00e1sa.<\/span><br \/>\n<span style=\"font-family: Times New Roman CE;\">Pozit\u00edv: hogy az alap\u00edtv\u00e1nyokon, egyes\u00fcleteken k\u00edv\u00fcl, \u00faj szerepl\u0151ket fog defini\u00e1lni a civil szf\u00e9r\u00e1ban. L\u00e9tre j\u00f6hetnek a k\u00f6zalap\u00edtv\u00e1nyok, a k\u00f6ztest\u00fcletek. Ak\u00e1rhogy is lesz, az biztos, hogy n\u00f6veli a mozg\u00e1s\u00e1t a civil kezdem\u00e9nyez\u00e9seknek \u00e9s a form\u00e1k szaporod\u00e1s\u00e1val a szerepek tiszt\u00e1bb\u00e1 v\u00e1lnak.<\/span><br \/>\n<span style=\"font-family: Times New Roman CE;\">Ami a negat\u00edvumok k\u00f6z\u00fcl a kiemelend\u0151, hogy az \u00e9n olvasatomban rendk\u00edv\u00fcl er\u0151s \u00e1llami r\u00e9szv\u00e9telt, \u00e9s \u00e1llami kontrollt pr\u00f3b\u00e1l ez a t\u00f6rv\u00e9ny megval\u00f3s\u00edtani. Az er\u0151fesz\u00edt\u00e9seknek arra kell ir\u00e1nyulni, hogy az \u00e1llami szerepet visszaszor\u00edtsuk.<\/span><br \/>\n<span style=\"font-family: Times New Roman CE;\">K\u00e9tf\u00e9le \u00e1llami szerep van: az egyik hogy maga az \u00e1llam l\u00e9trehozhat-e ilyen nonprofit szervezeteket, itt sz\u0171k hat\u00e1rra szabadna szor\u00edtani az \u00e1llami lehet\u0151s\u00e9geket. A k\u00fcl\u00f6nb\u00f6z\u0151 hum\u00e1n szolg\u00e1ltat\u00e1soknak az \u00e1llamtalan\u00edt\u00e1s\u00e1t az Orsz\u00e1ggy\u0171l\u00e9sre \u00e9s a helyi \u00f6nkorm\u00e1nyzatokra \u00e9s nem a korm\u00e1nyra szabadna csak b\u00edzni.<\/span><br \/>\n<span style=\"font-family: Times New Roman CE;\">A m\u00e1sik vesz\u00e9ly, hogy az \u00e1llam a megl\u00e9v\u0151 szervezetekn\u00e9l a jelenlegin\u00e9l sokkal er\u0151teljesebb kontrollt k\u00e9pzel el a m\u0171k\u00f6d\u00e9s\u00fckkel kapcsolatban. Itt a hivatkoz\u00e1s els\u0151sorban gazdas\u00e1gi t\u00edpus\u00fa; ad\u00f3csal\u00e1s, alap\u00edtv\u00e1nyok vissza\u00e9l\u00e9sei stb. Semmilyen vizsg\u00e1lat &#8211; m\u00e1rpedig hivatalos is volt &#8211; nem mutatta, hogy az alap\u00edtv\u00e1nyi szf\u00e9r\u00e1ban a vissza\u00e9l\u00e9sek meghat\u00e1roz\u00f3ak lenn\u00e9nek.<\/span><\/p>\n<p><span style=\"font-family: Times New Roman CE;\">A gazdas\u00e1gi<\/span><\/p>\n<p><span style=\"font-family: Times New Roman CE;\">K\u00fcl\u00f6nb\u00f6z\u0151 t\u00f6rv\u00e9nyekben van sz\u00f3 a civil szervezetek gazd\u00e1lkod\u00e1s\u00e1r\u00f3l. Az ad\u00f3t\u00f6rv\u00e9nyben, az \u00e1llamh\u00e1ztart\u00e1s-t\u00f6rv\u00e9nyben, a privatiz\u00e1ci\u00f3s t\u00f6rv\u00e9nyben. Vagy pedig korm\u00e1nyrendeletek pr\u00f3b\u00e1lj\u00e1k \u00e9rtelmezni a s\u0171r\u0171n v\u00e1ltoz\u00f3 t\u00f6rv\u00e9nyeket ezen szervezetek sz\u00e1m\u00e1ra. Ebben vannak kedvez\u0151 mozzanatok a civil szervez\u0151d\u00e9sek sz\u00e1m\u00e1ra. 1992-ben az egyes\u00fcletek \u00e9s alap\u00edtv\u00e1nyok gazd\u00e1lkod\u00e1s\u00e1r\u00f3l sz\u00f3l\u00f3 korm\u00e1nyrendelet teljesen megv\u00e1ltoztatta az ad\u00f3t\u00f6rv\u00e9ny e ter\u00fcletekre vonatkoz\u00f3 \u00edr\u00e1<\/span><span style=\"font-family: Times New Roman CE;\">sait, sokkal t\u00f6bbet engedett meg az alap\u00edtv\u00e1nyoknak \u00e9s egyes\u00fcleteknek, mint ami az ad\u00f3t\u00f6rv\u00e9nyben \u00e1llt. Be kell l\u00e1tni, hogy ez egy jogi k\u00e9ptelens\u00e9g, hiszen ez egy alacsonyabb szint\u0171 szab\u00e1ly, amely rendk\u00edv\u00fcl bizonytalan jogforr\u00e1s, s a gazd\u00e1lkod\u00e1snak semmifajta hossz\u00fa t\u00e1v\u00fa kond\u00edci\u00f3j\u00e1t nem k\u00e9pes megszabni.<\/span><br \/>\n<span style=\"font-family: Times New Roman CE;\">A gazd\u00e1lkod\u00e1ssal kapcsolatosan a k\u00e9tf\u00e9le lehet\u0151s\u00e9g rajzol\u00f3dik ki: az egyik, hogy marad ez a f\u00e9lig elrendezett \u00e1llapota az egyes\u00fcletek \u00e9s alap\u00edtv\u00e1nyok gazd\u00e1lkod\u00e1s\u00e1nak. K\u00f6z\u00e9pt\u00e1von ez a legval\u00f3sz\u00edn\u0171bb, mert Magyarorsz\u00e1gon sodr\u00f3d\u00e1sos gazdas\u00e1gpolitika van. Mi\u00e9rt ennek lenne jobb a helyzete.<\/span><br \/>\n<span style=\"font-family: Times New Roman CE;\">Lehets\u00e9ges esetleg egy pozit\u00edv v\u00e1ltoz\u00e1s, de csak akkor, ha a nonprofit t\u00f6rv\u00e9nyt is megalkotj\u00e1k. Amely azt mondja, hogy az alap\u00edtv\u00e1nyok \u00e9s egyes\u00fcletek gazd\u00e1lkod\u00e1sa t\u00e1vlatosan \u00edgy meg \u00edgy n\u00e9z ki. Ennek a val\u00f3sz\u00edn\u0171s\u00e9ge egy-k\u00e9t \u00e9ven bel\u00fcl nem t\u00fal nagy. K\u00e9sz\u00fcl\u0151d\u0151ben van az \u00e1llamh\u00e1ztart\u00e1sr\u00f3l sz\u00f3l\u00f3 program. Ebben jelent\u0151s szigor\u00edt\u00e1sokat akarnak bevezetni a civil szf\u00e9r\u00e1k t\u00e1mogat\u00e1s\u00e1nak ad\u00f3mentess\u00e9g\u00e9ben. Ebb\u0151l az el\u0151terjeszt\u0151k egy milli\u00e1rd forint bev\u00e9telt rem\u00e9lnek el\u00e9rni a k\u00f6lts\u00e9gvet\u00e9s sz\u00e1m\u00e1ra.<\/span><\/p>\n<p><span style=\"font-family: Times New Roman CE;\">A politikai forgat\u00f3k\u00f6nyv<\/span><\/p>\n<p><span style=\"font-family: Times New Roman CE;\">Nagyon szeretn\u00e9nk, ha a civil szervezetek \u00e9s a politika k\u00e9t k\u00fcl\u00f6n ter\u00fclet lehetne, de ez nem biztos, hogy siker\u00fcl. K\u00fcl\u00f6n kell ebben a tekintetben v\u00e1lasztani az egyes\u00fcleteket \u00e9s az alap\u00edtv\u00e1nyokat. Egyes\u00fcletekn\u00e9l vesz\u00e9ly, n\u00e9h\u00e1nyn\u00e1l lehet\u0151s\u00e9g az 1994-es k\u00e9t v\u00e1laszt\u00e1s: az orsz\u00e1ggy\u0171l\u00e9si \u00e9s a helyhat\u00f3s\u00e1gi. Gyan\u00fam, hogy a k\u00fcl\u00f6nb\u00f6z\u0151 politikai er\u0151k megpr\u00f3b\u00e1lj\u00e1k a civil szervezeteket bevonni, rajtuk kereszt\u00fcl akarnak eljutni a n\u00e9pcsoporthoz. Ez n\u00e9h\u00e1ny sz\u00e1m\u00e1ra er\u0151s konjuktur\u00e1lis er\u0151t jelenthet, de hosszabb t\u00e1von ennek nagy a vesz\u00e9lye.<\/span><\/p>\n<p><span style=\"font-family: Times New Roman CE;\">Az egyes\u00fcletekkel kapcsolatban m\u00e1sik j\u00e1t\u00e9k is folyik: a k\u00f6lts\u00e9gvet\u00e9si t\u00e1mogat\u00e1sok oda\u00edt\u00e9l\u00e9se k\u00f6r\u00fcli harc. R\u00e9szben van durv\u00e1n 480 milli\u00f3 forint, amit az Orsz\u00e1ggy\u0171l\u00e9s k\u00f6zvetlen ad t\u00e1mogat\u00e1sk\u00e9nt. Ezen t\u00fal van nagys\u00e1grendileg \u00fagy egy milli\u00e1rd k\u00f6r\u00fcli \u00f6sszeg, amit t\u00e1rc\u00e1nk\u00e9nt juttatnak k\u00fcl\u00f6nb\u00f6z\u0151 szervezeteknek. A p\u00e9nzek oda\u00edt\u00e9l\u00e9se k\u00f6r\u00fcl egy h\u00f3napon bel\u00fcl l\u00e1that\u00f3 lesz, hogy messze nem szakmai szempontok, nem humanit\u00e1rus, a civil szervezetek l\u00e9t\u00e9hez k\u00f6t\u0151d\u0151 szempontok fogj\u00e1k a d\u00f6nt\u00e9st uralni. Sajnos! \u00dagy sejtem politikai \u00e9rdekek fognak megjelenni a p\u00e9nz eloszt\u00e1s\u00e1ban.<\/span><br \/>\n<span style=\"font-family: Times New Roman CE;\">Alap\u00edtv\u00e1nyok: A konferencia magyar r\u00e9sztvev\u0151i el\u0151tt ismer\u0151s az ut\u00f3bbi h\u00f3nap alap\u00edtv\u00e1ny-botr\u00e1nysorozata, amely \u00fagy foglalhat\u00f3 \u00f6ssze, hogy az \u00e1llami p\u00e9nzb\u0151l l\u00e9trehozott jelent\u0151s t\u0151keerej\u0171 alap\u00edtv\u00e1nyok ker\u00fcltek kem\u00e9ny politikai vit\u00e1k keresztt\u00fcz\u00e9be. Feltehet\u0151, hogy ezen alap\u00edtv\u00e1nyok l\u00e9trehoz\u00e1sa jogilag rendben van. Ami s\u00e9relmet szenvedett, az els\u0151sorban az etikai r\u00e9sze, a nyilv\u00e1noss\u00e1g, az \u00e1tl\u00e1that\u00f3s\u00e1g, \u00e9s a t\u00e1vlatos m\u0171k\u00f6d\u00e9s garanci\u00e1i. K\u00e9rd\u00e9s, hogy lesz-e ezen esem\u00e9nyeknek olyan k\u00f6vetkezm\u00e9nye, amely a magyar t\u00e1rsadalom bizalm\u00e1t vonja el az alap\u00edtv\u00e1nyokt\u00f3l. Vagy k\u00e9pes lesz-e a magyar t\u00e1rsadalom k\u00fcl\u00f6nbs\u00e9get tenni alap\u00edtv\u00e1ny \u00e9s alap\u00edtv\u00e1ny k\u00f6z\u00f6tt. Neh\u00e9z. Nek\u00fcnk \u00e1lland\u00f3an el kell mondani, hogy az alap\u00edtv\u00e1nyok, egyes\u00fcletek, civil szervezetek nagyon fontosak \u00e9s nem szabad ezeket azonos\u00edtani azokkal a devianci\u00e1kkal, amelyek a magyar sajt\u00f3t &#8211; ezzel kapcsolatban &#8211; uralj\u00e1k.<\/span><\/p>\n<p><span style=\"font-family: Times New Roman CE;\">Auton\u00f3mia Alap\u00edtv\u00e1ny<\/span><br \/>\n<span style=\"font-family: Times New Roman CE;\">&#8211; Partnership Program<\/span><\/p>\n<p><span style=\"font-family: Times New Roman CE;\">1991-ben a Gorman Marshall Fund of the United States kezdem\u00e9nyez\u00e9s\u00e9re egy amerikai \u00e9s jap\u00e1n alap\u00edtv\u00e1nyokb\u00f3l \u00e1ll\u00f3 konzorcium k\u00f6z\u00e9p-eur\u00f3pai k\u00f6rnyezetv\u00e9delmi programot ind\u00edtott: a Partnership Kelet-Eur\u00f3pa Programot. A kezdem\u00e9nyez\u00e9shez csatlakoztak a Rockefeller Brothers Fund, a Charles Stewart Mott Foundation \u00e9s m\u00e1s alap\u00edtv\u00e1nyok.<\/span><br \/>\n<span style=\"font-family: Times New Roman CE;\">A fenti c\u00e9l el\u00e9r\u00e9s\u00e9hez a Partnership Kelet-Eur\u00f3pa Program p\u00e9nz\u00fcgyi t\u00e1mogat\u00e1st, technikai valamint szervez\u00e9si seg\u00edts\u00e9get ny\u00fajt a p\u00e1ly\u00e1z\u00f3knak gyors, rugalmas, nem b\u00fcrokratikus m\u00f3don.<\/span><br \/>\n<span style=\"font-family: Times New Roman CE;\">A Partnership program 1993-ban adom\u00e1nyaival seg\u00edteni k\u00edv\u00e1nja a hazai korm\u00e1nyzatt\u00f3l f\u00fcggetlen k\u00f6rnyezetv\u00e9d\u0151 szervezetek tev\u00e9kenys\u00e9g\u00e9t, programjait, akci\u00f3it, esetenk\u00e9nt a szervezetek m\u0171k\u00f6d\u00e9si k\u00f6lts\u00e9geihez is hozz\u00e1j\u00e1rul. T\u00e1mogatni k\u00edv\u00e1nja e szervezetek fejl\u0151d\u00e9s\u00e9t, tags\u00e1guk b\u0151v\u00edt\u00e9s\u00e9t, hat\u00e9konyabb m\u0171k\u00f6d\u00e9s\u00fck \u00e9rdek\u00e9ben tagjainak k\u00e9pz\u00e9s\u00e9vel szervez\u00e9si, kommunik\u00e1ci\u00f3s \u00e9s adminisztrat\u00edv k\u00e9pess\u00e9geik n\u00f6vel\u00e9s\u00e9t.<\/span><br \/>\n<span style=\"font-family: Times New Roman CE;\">A program el\u0151nyben r\u00e9szes\u00edti azokat az elk\u00e9pzel\u00e9seket, amelyek a helyi k\u00f6rnyezeti probl\u00e9m\u00e1k megold\u00e1s\u00e1hoz vezetnek a civil t\u00e1rsadalmi szervezetek \u00e9s az \u00f6nkorm\u00e1nyzatok k\u00f6z\u00f6s munk\u00e1j\u00e1nak eredm\u00e9nyek\u00e9nt. A program tov\u00e1bbi feladat\u00e1nak tekinti olyan szak\u00e9rt\u0151k list\u00e1j\u00e1nak \u00f6ssze\u00e1ll\u00edt\u00e1s\u00e1t, akik a helyi szervezetek k\u00f6rnyezeti tan\u00e1csad\u00f3i lehetnek.<\/span><br \/>\n<span style=\"font-family: Times New Roman CE;\">A Partnership Kelet-Eur\u00f3pa Program hozz\u00e1j\u00e1rul p\u00e9ld\u00e1ul egy t\u00e9rs\u00e9gi fejleszt\u00e9si koncepci\u00f3 kialak\u00edt\u00e1s\u00e1nak k\u00f6lts\u00e9geihez is.<\/span><br \/>\n<span style=\"font-family: Times New Roman CE;\">1993-ban a Partnership Kelet-Eur\u00f3pa Program sz\u00e9toszthat\u00f3 t\u00e1mogat\u00e1si alapja k\u00f6zel 12 milli\u00f3 forint &#8211; egy-egy p\u00e1ly\u00e1zatra maxim\u00e1lisan 650.000 forint t\u00e1mogat\u00e1st ad. A program c\u00e9lja, hogy gyors seg\u00edts\u00e9get ny\u00fajtson a p\u00e1ly\u00e1z\u00f3knak, ez\u00e9rt az elb\u00edr\u00e1l\u00e1s folyamata is rugalmas. A kisebb, 160.000 forint alatti k\u00e9relmeket a 6 hetente \u00f6ssze\u00fcl\u0151 tan\u00e1csad\u00f3 test\u00fclet javaslatot tesz az Auton\u00f3mia Alap\u00edtv\u00e1ny kurat\u00f3rium\u00e1nak, amely negyed\u00e9vente d\u00f6nt\u00e9st hoz a p\u00e1ly\u00e1zatokr\u00f3l.<\/span><br \/>\n<span style=\"font-family: Times New Roman CE;\">A p\u00e1ly\u00e1zat formai k\u00f6vetelm\u00e9nyei:<\/span><br \/>\n<span style=\"font-family: Times New Roman CE;\">&#8211; a p\u00e1ly\u00e1z\u00f3 szervezet c\u00e9lj\u00e1nak, addigi tev\u00e9kenys\u00e9g\u00e9nek \u00e9s j\u00f6v\u0151beli elk\u00e9pzel\u00e9seinek le\u00edr\u00e1sa (bele\u00e9rtve a szervezet kor\u00e1bbi \u00e9s jelenlegi anyagi helyzet\u00e9nek ismertet\u00e9s\u00e9t);<\/span><br \/>\n<span style=\"font-family: Times New Roman CE;\">&#8211; a t\u00e1mogatand\u00f3 tev\u00e9kenys\u00e9g le\u00edr\u00e1sa;<\/span><br \/>\n<span style=\"font-family: Times New Roman CE;\">&#8211; a k\u00f6lts\u00e9gvet\u00e9s (amennyiben a p\u00e1ly\u00e1zat t\u00e1mogat\u00e1s\u00e1ra m\u00e1s forr\u00e1sokat is ig\u00e9nybe vesz a p\u00e1ly\u00e1z\u00f3, akkor ennek egy\u00e9rtelm\u0171 felt\u00fcntet\u00e9se);<\/span><br \/>\n<span style=\"font-family: Times New Roman CE;\">&#8211; egyoldalas \u00f6sszefoglal\u00f3 a p\u00e1ly\u00e1zatr\u00f3l.<\/span><br \/>\n<span style=\"font-family: Times New Roman CE;\">A p\u00e1ly\u00e1zatokat az Auton\u00f3mia Alap\u00edtv\u00e1ny Partnership Program c\u00edm\u00e9re kell eljuttatni: 1538 Budapest, Pf. 592.<\/span><\/p>\n","protected":false},"excerpt":{"rendered":"<p>A ,j\u00f6v\u0151 kih\u00edv\u00e1sai&#8221; konferenci\u00e1n lezajlott kerekasztal besz\u00e9lget\u00e9sre megh\u00edvott szak\u00e9rt\u0151k a magyarorsz\u00e1gi nem-korm\u00e1nyzati szervezetek k\u00f6zelj\u00f6v\u0151beli es\u00e9lyeir\u0151l besz\u00e9ltek. Az al\u00e1bbiakban Hars\u00e1nyi L\u00e1szl\u00f3, k\u00f6zgazd\u00e1sz hozz\u00e1sz\u00f3l\u00e1s\u00e1t ismertetj\u00fck.<\/p>\n","protected":false},"author":239,"featured_media":3464,"comment_status":"open","ping_status":"open","sticky":false,"template":"","format":"standard","meta":{"_acf_changed":false,"footnotes":""},"categories":[281,8,7],"tags":[],"coauthors":[288],"class_list":["post-2079","post","type-post","status-publish","format-standard","has-post-thumbnail","hentry","category-parola-1993-3","category-parola-folyoirat","category-repertorium"],"acf":[],"yoast_head":"<!-- This site is optimized with the Yoast SEO plugin v26.7 - https:\/\/yoast.com\/wordpress\/plugins\/seo\/ -->\n<title>A j\u00f6v\u0151 kih\u00edv\u00e1sai: A hazai es\u00e9lyekr\u0151l - Parola Foly\u00f3irat<\/title>\n<meta name=\"robots\" content=\"index, follow, max-snippet:-1, max-image-preview:large, max-video-preview:-1\" \/>\n<link rel=\"canonical\" href=\"https:\/\/kofe.hu\/parola\/parola-folyoirat\/a-jovo-kihivasai-a-hazai-eselyekrol\/\" \/>\n<meta property=\"og:locale\" content=\"hu_HU\" \/>\n<meta property=\"og:type\" content=\"article\" \/>\n<meta property=\"og:title\" content=\"A j\u00f6v\u0151 kih\u00edv\u00e1sai: A hazai es\u00e9lyekr\u0151l - Parola Foly\u00f3irat\" \/>\n<meta property=\"og:description\" content=\"A ,j\u00f6v\u0151 kih\u00edv\u00e1sai&#8221; konferenci\u00e1n lezajlott kerekasztal besz\u00e9lget\u00e9sre megh\u00edvott szak\u00e9rt\u0151k a magyarorsz\u00e1gi nem-korm\u00e1nyzati szervezetek k\u00f6zelj\u00f6v\u0151beli es\u00e9lyeir\u0151l besz\u00e9ltek. Az al\u00e1bbiakban Hars\u00e1nyi L\u00e1szl\u00f3, k\u00f6zgazd\u00e1sz hozz\u00e1sz\u00f3l\u00e1s\u00e1t ismertetj\u00fck.\" \/>\n<meta property=\"og:url\" content=\"https:\/\/kofe.hu\/parola\/parola-folyoirat\/a-jovo-kihivasai-a-hazai-eselyekrol\/\" \/>\n<meta property=\"og:site_name\" content=\"Parola Foly\u00f3irat\" \/>\n<meta property=\"article:published_time\" content=\"2020-06-24T17:03:17+00:00\" \/>\n<meta property=\"article:modified_time\" content=\"2023-05-15T09:21:15+00:00\" \/>\n<meta property=\"og:image\" content=\"https:\/\/kofe.hu\/parola\/wp-content\/uploads\/2020\/07\/93.3.jpeg\" \/>\n\t<meta property=\"og:image:width\" content=\"1392\" \/>\n\t<meta property=\"og:image:height\" content=\"1952\" \/>\n\t<meta property=\"og:image:type\" content=\"image\/jpeg\" \/>\n<meta name=\"author\" content=\"Hars\u00e1nyi L\u00e1szl\u00f3\" \/>\n<meta name=\"twitter:card\" content=\"summary_large_image\" \/>\n<meta name=\"twitter:label1\" content=\"Szerz\u0151:\" \/>\n\t<meta name=\"twitter:data1\" content=\"Hars\u00e1nyi L\u00e1szl\u00f3\" \/>\n\t<meta name=\"twitter:label2\" content=\"Becs\u00fclt olvas\u00e1si id\u0151\" \/>\n\t<meta name=\"twitter:data2\" content=\"9 perc\" \/>\n\t<meta name=\"twitter:label3\" content=\"Written by\" \/>\n\t<meta name=\"twitter:data3\" content=\"Hars\u00e1nyi L\u00e1szl\u00f3\" \/>\n<script type=\"application\/ld+json\" class=\"yoast-schema-graph\">{\"@context\":\"https:\/\/schema.org\",\"@graph\":[{\"@type\":\"Article\",\"@id\":\"https:\/\/kofe.hu\/parola\/parola-folyoirat\/a-jovo-kihivasai-a-hazai-eselyekrol\/#article\",\"isPartOf\":{\"@id\":\"https:\/\/kofe.hu\/parola\/parola-folyoirat\/a-jovo-kihivasai-a-hazai-eselyekrol\/\"},\"author\":{\"name\":\"Hars\u00e1nyi L\u00e1szl\u00f3\",\"@id\":\"https:\/\/kofe.hu\/parola\/#\/schema\/person\/393a4301f43b76821c5e020939667030\"},\"headline\":\"A j\u00f6v\u0151 kih\u00edv\u00e1sai: A hazai es\u00e9lyekr\u0151l\",\"datePublished\":\"2020-06-24T17:03:17+00:00\",\"dateModified\":\"2023-05-15T09:21:15+00:00\",\"mainEntityOfPage\":{\"@id\":\"https:\/\/kofe.hu\/parola\/parola-folyoirat\/a-jovo-kihivasai-a-hazai-eselyekrol\/\"},\"wordCount\":1873,\"commentCount\":0,\"image\":{\"@id\":\"https:\/\/kofe.hu\/parola\/parola-folyoirat\/a-jovo-kihivasai-a-hazai-eselyekrol\/#primaryimage\"},\"thumbnailUrl\":\"https:\/\/kofe.hu\/parola\/wp-content\/uploads\/2020\/07\/93.3.jpeg\",\"articleSection\":[\"Parola 1993\/3\",\"Parola Foly\u00f3irat\",\"Repert\u00f3rium\"],\"inLanguage\":\"hu\",\"potentialAction\":[{\"@type\":\"CommentAction\",\"name\":\"Comment\",\"target\":[\"https:\/\/kofe.hu\/parola\/parola-folyoirat\/a-jovo-kihivasai-a-hazai-eselyekrol\/#respond\"]}]},{\"@type\":\"WebPage\",\"@id\":\"https:\/\/kofe.hu\/parola\/parola-folyoirat\/a-jovo-kihivasai-a-hazai-eselyekrol\/\",\"url\":\"https:\/\/kofe.hu\/parola\/parola-folyoirat\/a-jovo-kihivasai-a-hazai-eselyekrol\/\",\"name\":\"A j\u00f6v\u0151 kih\u00edv\u00e1sai: A hazai es\u00e9lyekr\u0151l - Parola Foly\u00f3irat\",\"isPartOf\":{\"@id\":\"https:\/\/kofe.hu\/parola\/#website\"},\"primaryImageOfPage\":{\"@id\":\"https:\/\/kofe.hu\/parola\/parola-folyoirat\/a-jovo-kihivasai-a-hazai-eselyekrol\/#primaryimage\"},\"image\":{\"@id\":\"https:\/\/kofe.hu\/parola\/parola-folyoirat\/a-jovo-kihivasai-a-hazai-eselyekrol\/#primaryimage\"},\"thumbnailUrl\":\"https:\/\/kofe.hu\/parola\/wp-content\/uploads\/2020\/07\/93.3.jpeg\",\"datePublished\":\"2020-06-24T17:03:17+00:00\",\"dateModified\":\"2023-05-15T09:21:15+00:00\",\"author\":{\"@id\":\"https:\/\/kofe.hu\/parola\/#\/schema\/person\/393a4301f43b76821c5e020939667030\"},\"breadcrumb\":{\"@id\":\"https:\/\/kofe.hu\/parola\/parola-folyoirat\/a-jovo-kihivasai-a-hazai-eselyekrol\/#breadcrumb\"},\"inLanguage\":\"hu\",\"potentialAction\":[{\"@type\":\"ReadAction\",\"target\":[\"https:\/\/kofe.hu\/parola\/parola-folyoirat\/a-jovo-kihivasai-a-hazai-eselyekrol\/\"]}]},{\"@type\":\"ImageObject\",\"inLanguage\":\"hu\",\"@id\":\"https:\/\/kofe.hu\/parola\/parola-folyoirat\/a-jovo-kihivasai-a-hazai-eselyekrol\/#primaryimage\",\"url\":\"https:\/\/kofe.hu\/parola\/wp-content\/uploads\/2020\/07\/93.3.jpeg\",\"contentUrl\":\"https:\/\/kofe.hu\/parola\/wp-content\/uploads\/2020\/07\/93.3.jpeg\",\"width\":1392,\"height\":1952},{\"@type\":\"BreadcrumbList\",\"@id\":\"https:\/\/kofe.hu\/parola\/parola-folyoirat\/a-jovo-kihivasai-a-hazai-eselyekrol\/#breadcrumb\",\"itemListElement\":[{\"@type\":\"ListItem\",\"position\":1,\"name\":\"Home\",\"item\":\"https:\/\/kofe.hu\/parola\/\"},{\"@type\":\"ListItem\",\"position\":2,\"name\":\"A j\u00f6v\u0151 kih\u00edv\u00e1sai: A hazai es\u00e9lyekr\u0151l\"}]},{\"@type\":\"WebSite\",\"@id\":\"https:\/\/kofe.hu\/parola\/#website\",\"url\":\"https:\/\/kofe.hu\/parola\/\",\"name\":\"Parola Foly\u00f3irat\",\"description\":\"\",\"potentialAction\":[{\"@type\":\"SearchAction\",\"target\":{\"@type\":\"EntryPoint\",\"urlTemplate\":\"https:\/\/kofe.hu\/parola\/?s={search_term_string}\"},\"query-input\":{\"@type\":\"PropertyValueSpecification\",\"valueRequired\":true,\"valueName\":\"search_term_string\"}}],\"inLanguage\":\"hu\"},{\"@type\":\"Person\",\"@id\":\"https:\/\/kofe.hu\/parola\/#\/schema\/person\/393a4301f43b76821c5e020939667030\",\"name\":\"Hars\u00e1nyi L\u00e1szl\u00f3\",\"image\":{\"@type\":\"ImageObject\",\"inLanguage\":\"hu\",\"@id\":\"https:\/\/kofe.hu\/parola\/#\/schema\/person\/image\/0612c9db7058da34026909db2a3c9aec\",\"url\":\"https:\/\/secure.gravatar.com\/avatar\/79c3d13e916a961cae84356be46130e9fc46ad652fea43ffa681b86bbdf61191?s=96&d=mm&r=g\",\"contentUrl\":\"https:\/\/secure.gravatar.com\/avatar\/79c3d13e916a961cae84356be46130e9fc46ad652fea43ffa681b86bbdf61191?s=96&d=mm&r=g\",\"caption\":\"Hars\u00e1nyi L\u00e1szl\u00f3\"},\"url\":\"https:\/\/kofe.hu\/parola\/szerzok\/harsanyi-laszlo\/\"}]}<\/script>\n<!-- \/ Yoast SEO plugin. -->","yoast_head_json":{"title":"A j\u00f6v\u0151 kih\u00edv\u00e1sai: A hazai es\u00e9lyekr\u0151l - Parola Foly\u00f3irat","robots":{"index":"index","follow":"follow","max-snippet":"max-snippet:-1","max-image-preview":"max-image-preview:large","max-video-preview":"max-video-preview:-1"},"canonical":"https:\/\/kofe.hu\/parola\/parola-folyoirat\/a-jovo-kihivasai-a-hazai-eselyekrol\/","og_locale":"hu_HU","og_type":"article","og_title":"A j\u00f6v\u0151 kih\u00edv\u00e1sai: A hazai es\u00e9lyekr\u0151l - Parola Foly\u00f3irat","og_description":"A ,j\u00f6v\u0151 kih\u00edv\u00e1sai&#8221; konferenci\u00e1n lezajlott kerekasztal besz\u00e9lget\u00e9sre megh\u00edvott szak\u00e9rt\u0151k a magyarorsz\u00e1gi nem-korm\u00e1nyzati szervezetek k\u00f6zelj\u00f6v\u0151beli es\u00e9lyeir\u0151l besz\u00e9ltek. Az al\u00e1bbiakban Hars\u00e1nyi L\u00e1szl\u00f3, k\u00f6zgazd\u00e1sz hozz\u00e1sz\u00f3l\u00e1s\u00e1t ismertetj\u00fck.","og_url":"https:\/\/kofe.hu\/parola\/parola-folyoirat\/a-jovo-kihivasai-a-hazai-eselyekrol\/","og_site_name":"Parola Foly\u00f3irat","article_published_time":"2020-06-24T17:03:17+00:00","article_modified_time":"2023-05-15T09:21:15+00:00","og_image":[{"width":1392,"height":1952,"url":"https:\/\/kofe.hu\/parola\/wp-content\/uploads\/2020\/07\/93.3.jpeg","type":"image\/jpeg"}],"author":"Hars\u00e1nyi L\u00e1szl\u00f3","twitter_card":"summary_large_image","twitter_misc":{"Szerz\u0151:":"Hars\u00e1nyi L\u00e1szl\u00f3","Becs\u00fclt olvas\u00e1si id\u0151":"9 perc","Written by":"Hars\u00e1nyi L\u00e1szl\u00f3"},"schema":{"@context":"https:\/\/schema.org","@graph":[{"@type":"Article","@id":"https:\/\/kofe.hu\/parola\/parola-folyoirat\/a-jovo-kihivasai-a-hazai-eselyekrol\/#article","isPartOf":{"@id":"https:\/\/kofe.hu\/parola\/parola-folyoirat\/a-jovo-kihivasai-a-hazai-eselyekrol\/"},"author":{"name":"Hars\u00e1nyi L\u00e1szl\u00f3","@id":"https:\/\/kofe.hu\/parola\/#\/schema\/person\/393a4301f43b76821c5e020939667030"},"headline":"A j\u00f6v\u0151 kih\u00edv\u00e1sai: A hazai es\u00e9lyekr\u0151l","datePublished":"2020-06-24T17:03:17+00:00","dateModified":"2023-05-15T09:21:15+00:00","mainEntityOfPage":{"@id":"https:\/\/kofe.hu\/parola\/parola-folyoirat\/a-jovo-kihivasai-a-hazai-eselyekrol\/"},"wordCount":1873,"commentCount":0,"image":{"@id":"https:\/\/kofe.hu\/parola\/parola-folyoirat\/a-jovo-kihivasai-a-hazai-eselyekrol\/#primaryimage"},"thumbnailUrl":"https:\/\/kofe.hu\/parola\/wp-content\/uploads\/2020\/07\/93.3.jpeg","articleSection":["Parola 1993\/3","Parola Foly\u00f3irat","Repert\u00f3rium"],"inLanguage":"hu","potentialAction":[{"@type":"CommentAction","name":"Comment","target":["https:\/\/kofe.hu\/parola\/parola-folyoirat\/a-jovo-kihivasai-a-hazai-eselyekrol\/#respond"]}]},{"@type":"WebPage","@id":"https:\/\/kofe.hu\/parola\/parola-folyoirat\/a-jovo-kihivasai-a-hazai-eselyekrol\/","url":"https:\/\/kofe.hu\/parola\/parola-folyoirat\/a-jovo-kihivasai-a-hazai-eselyekrol\/","name":"A j\u00f6v\u0151 kih\u00edv\u00e1sai: A hazai es\u00e9lyekr\u0151l - Parola Foly\u00f3irat","isPartOf":{"@id":"https:\/\/kofe.hu\/parola\/#website"},"primaryImageOfPage":{"@id":"https:\/\/kofe.hu\/parola\/parola-folyoirat\/a-jovo-kihivasai-a-hazai-eselyekrol\/#primaryimage"},"image":{"@id":"https:\/\/kofe.hu\/parola\/parola-folyoirat\/a-jovo-kihivasai-a-hazai-eselyekrol\/#primaryimage"},"thumbnailUrl":"https:\/\/kofe.hu\/parola\/wp-content\/uploads\/2020\/07\/93.3.jpeg","datePublished":"2020-06-24T17:03:17+00:00","dateModified":"2023-05-15T09:21:15+00:00","author":{"@id":"https:\/\/kofe.hu\/parola\/#\/schema\/person\/393a4301f43b76821c5e020939667030"},"breadcrumb":{"@id":"https:\/\/kofe.hu\/parola\/parola-folyoirat\/a-jovo-kihivasai-a-hazai-eselyekrol\/#breadcrumb"},"inLanguage":"hu","potentialAction":[{"@type":"ReadAction","target":["https:\/\/kofe.hu\/parola\/parola-folyoirat\/a-jovo-kihivasai-a-hazai-eselyekrol\/"]}]},{"@type":"ImageObject","inLanguage":"hu","@id":"https:\/\/kofe.hu\/parola\/parola-folyoirat\/a-jovo-kihivasai-a-hazai-eselyekrol\/#primaryimage","url":"https:\/\/kofe.hu\/parola\/wp-content\/uploads\/2020\/07\/93.3.jpeg","contentUrl":"https:\/\/kofe.hu\/parola\/wp-content\/uploads\/2020\/07\/93.3.jpeg","width":1392,"height":1952},{"@type":"BreadcrumbList","@id":"https:\/\/kofe.hu\/parola\/parola-folyoirat\/a-jovo-kihivasai-a-hazai-eselyekrol\/#breadcrumb","itemListElement":[{"@type":"ListItem","position":1,"name":"Home","item":"https:\/\/kofe.hu\/parola\/"},{"@type":"ListItem","position":2,"name":"A j\u00f6v\u0151 kih\u00edv\u00e1sai: A hazai es\u00e9lyekr\u0151l"}]},{"@type":"WebSite","@id":"https:\/\/kofe.hu\/parola\/#website","url":"https:\/\/kofe.hu\/parola\/","name":"Parola Foly\u00f3irat","description":"","potentialAction":[{"@type":"SearchAction","target":{"@type":"EntryPoint","urlTemplate":"https:\/\/kofe.hu\/parola\/?s={search_term_string}"},"query-input":{"@type":"PropertyValueSpecification","valueRequired":true,"valueName":"search_term_string"}}],"inLanguage":"hu"},{"@type":"Person","@id":"https:\/\/kofe.hu\/parola\/#\/schema\/person\/393a4301f43b76821c5e020939667030","name":"Hars\u00e1nyi L\u00e1szl\u00f3","image":{"@type":"ImageObject","inLanguage":"hu","@id":"https:\/\/kofe.hu\/parola\/#\/schema\/person\/image\/0612c9db7058da34026909db2a3c9aec","url":"https:\/\/secure.gravatar.com\/avatar\/79c3d13e916a961cae84356be46130e9fc46ad652fea43ffa681b86bbdf61191?s=96&d=mm&r=g","contentUrl":"https:\/\/secure.gravatar.com\/avatar\/79c3d13e916a961cae84356be46130e9fc46ad652fea43ffa681b86bbdf61191?s=96&d=mm&r=g","caption":"Hars\u00e1nyi L\u00e1szl\u00f3"},"url":"https:\/\/kofe.hu\/parola\/szerzok\/harsanyi-laszlo\/"}]}},"_links":{"self":[{"href":"https:\/\/kofe.hu\/parola\/wp-json\/wp\/v2\/posts\/2079","targetHints":{"allow":["GET"]}}],"collection":[{"href":"https:\/\/kofe.hu\/parola\/wp-json\/wp\/v2\/posts"}],"about":[{"href":"https:\/\/kofe.hu\/parola\/wp-json\/wp\/v2\/types\/post"}],"author":[{"embeddable":true,"href":"https:\/\/kofe.hu\/parola\/wp-json\/wp\/v2\/users\/239"}],"replies":[{"embeddable":true,"href":"https:\/\/kofe.hu\/parola\/wp-json\/wp\/v2\/comments?post=2079"}],"version-history":[{"count":5,"href":"https:\/\/kofe.hu\/parola\/wp-json\/wp\/v2\/posts\/2079\/revisions"}],"predecessor-version":[{"id":7358,"href":"https:\/\/kofe.hu\/parola\/wp-json\/wp\/v2\/posts\/2079\/revisions\/7358"}],"wp:featuredmedia":[{"embeddable":true,"href":"https:\/\/kofe.hu\/parola\/wp-json\/wp\/v2\/media\/3464"}],"wp:attachment":[{"href":"https:\/\/kofe.hu\/parola\/wp-json\/wp\/v2\/media?parent=2079"}],"wp:term":[{"taxonomy":"category","embeddable":true,"href":"https:\/\/kofe.hu\/parola\/wp-json\/wp\/v2\/categories?post=2079"},{"taxonomy":"post_tag","embeddable":true,"href":"https:\/\/kofe.hu\/parola\/wp-json\/wp\/v2\/tags?post=2079"},{"taxonomy":"author","embeddable":true,"href":"https:\/\/kofe.hu\/parola\/wp-json\/wp\/v2\/coauthors?post=2079"}],"curies":[{"name":"wp","href":"https:\/\/api.w.org\/{rel}","templated":true}]}}