{"id":2077,"date":"2020-06-24T17:01:04","date_gmt":"2020-06-24T17:01:04","guid":{"rendered":"https:\/\/kofe.hu\/parola\/?p=2077"},"modified":"2020-07-30T17:13:10","modified_gmt":"2020-07-30T17:13:10","slug":"francia-pelda-a-muvelodesi-haz-mint-egyesulet","status":"publish","type":"post","link":"https:\/\/kofe.hu\/parola\/parola-folyoirat\/francia-pelda-a-muvelodesi-haz-mint-egyesulet\/","title":{"rendered":"Francia p\u00e9lda a m\u0171vel\u0151d\u00e9si h\u00e1z mint egyes\u00fclet"},"content":{"rendered":"<p style=\"text-align: justify;\"><span style=\"font-family: Times New Roman CE;\">A Magyar M\u0171vel\u0151d\u00e9si Int\u00e9zet \u00e9s a K\u00f6z\u00f6ss\u00e9gfejleszt\u0151k Egyes\u00fclete a M\u0171vel\u0151d\u00e9si \u00e9s K\u00f6zoktat\u00e1si Miniszt\u00e9rium anyagi t\u00e1mogat\u00e1s\u00e1val 1993. \u00e1prilis 26 &#8211; m\u00e1jus 3. k\u00f6z\u00f6tt \u00f6tf\u0151s deleg\u00e1ci\u00f3t fogadott a d\u00e9l-franciaorsz\u00e1gi Languedoc Roussillon r\u00e9gi\u00f3b\u00f3l. Francia bar\u00e1taink &#8211; akik k\u00f6z\u00f6tt egyar\u00e1nt volt polg\u00e1rmester, m\u0171vel\u0151d\u00e9si h\u00e1zi egyes\u00fcleti eln\u00f6k, illetve a m\u0171vel\u0151d\u00e9si \u00e9s ifj\u00fas\u00e1gi h\u00e1zak region\u00e1lis sz\u00f6vets\u00e9ge vezet\u0151s\u00e9g\u00e9nek k\u00e9pvisel\u0151je &#8211; arr\u00f3l tartottak el\u0151ad\u00e1sokat, hogyan m\u0171k\u00f6dnek Franciaorsz\u00e1gban a m\u0171vel\u0151d\u00e9si \u00e9s ifj\u00fas\u00e1gi h\u00e1zak egyes\u00fcleti form\u00e1ban. Budapesten, Kecskem\u00e9ten, B\u00e1tonytereny\u00e9n, Debrecenben, Szombathelyen \u00e9s P\u00e9csett tartott konzult\u00e1ci\u00f3ikat a hallgat\u00f3k nagy \u00e9rdekl\u0151d\u00e9ssel, \u00e9s helyenk\u00e9nt nem kis \u00e9rtetlens\u00e9ggel fogadt\u00e1k. El\u0151ad\u00e1saik \u00e9s \u00e1tadott \u00edr\u00e1sos dokumentumaik alapj\u00e1n k\u00e9sz\u00fclt egyik hosszabb l\u00e9legzet\u0171 \u00f6sszefoglal\u00f3, amelyb\u0151l az al\u00e1bbiakban n\u00e9h\u00e1ny r\u00e9szletet k\u00f6zl\u00fcnk.<\/span><br \/>\n<!--more--><br \/>\n<span style=\"font-family: Times New Roman CE;\">&#8230;Fontos megjegyezn\u00fcnk, hogy a m\u0171vel\u0151d\u00e9si \u00e9s ifj\u00fas\u00e1gi h\u00e1zak (Maisons des Jeunes et de la Culture, r\u00f6vid\u00edtve MJC-k) nem azonosak azzal a 19 nagy M\u0171vel\u0151d\u00e9si H\u00e1zzal (Maisons de la Culture), amelyeket Andr\u00e9 Malraux idej\u00e9n hoztak l\u00e9tre abb\u00f3l a c\u00e9lb\u00f3l, hogy a hivat\u00e1sos m\u0171v\u00e9szeteknek adjanak otthont. A magyar helyzett\u0151l elt\u00e9r\u0151en Franciaorsz\u00e1gban a Kultur\u00e1lis Miniszt\u00e9rium csak a hivat\u00e1sos m\u0171v\u00e9szettel foglalkozik, m\u00edg a nem-hivat\u00e1sos m\u0171v\u00e9szeti tev\u00e9kenys\u00e9gek, a szabadid\u0151s \u00e9s sporttev\u00e9kenys\u00e9gek, a gyermekeknek \u00e9s fiataloknak, a telep\u00fcl\u00e9s legk\u00fcl\u00f6nf\u00e9l\u00e9bb kor\u00fa lakosainak sz\u00e1nt esem\u00e9nyek \u00e9s rendezv\u00e9nyek, a helyi anim\u00e1ci\u00f3 &#8211; teh\u00e1t mindaz, amivel egy MJC foglalkozik &#8211; az Ifj\u00fas\u00e1gi \u00e9s Sportminiszt\u00e9rium hat\u00e1sk\u00f6r\u00e9be tartozik.<\/span><br \/>\n<span style=\"font-family: Times New Roman CE;\">A m\u0171vel\u0151d\u00e9si \u00e9s ifj\u00fas\u00e1gi h\u00e1z t\u00edpus\u00fa egyes\u00fclet mindenki el\u0151tt nyitva \u00e1ll, \u00e9letkort\u00f3l, politikai vagy vall\u00e1si meggy\u0151z\u0151d\u00e9st\u0151l f\u00fcggetlen\u00fcl. Tiszteletben tartja mindenki szem\u00e9lyes n\u00e9zeteit \u00e9s alapszab\u00e1ly\u00e1ban megtiltja, hogy az egyes\u00fclet b\u00e1rmilyen politikai p\u00e1rthoz vagy mozgalomhoz, illetve felekezethez kapcsol\u00f3djon. Hat\u00e1rozatlan id\u0151tartamra alakul abb\u00f3l a c\u00e9lb\u00f3l, hogy egy adott telep\u00fcl\u00e9sen (faluban, kisv\u00e1rosban vagy nagyv\u00e1rosban), v\u00e1rosr\u00e9szben (ker\u00fcletben) vagy kistelep\u00fcl\u00e9sek eset\u00e9n telep\u00fcl\u00e9scsoportban (amikor egy h\u00e1z szolg\u00e1l ki t\u00f6bb telep\u00fcl\u00e9st) lehet\u0151s\u00e9get ny\u00fajtson az embereknek arra, hogy r\u00e1\u00e9bredjenek k\u00e9pess\u00e9geikre, fejleszthess\u00e9k szem\u00e9lyis\u00e9g\u00fcket \u00e9s felk\u00e9sz\u00fclhessenek arra, hogy egy \u00e9l\u0151 k\u00f6z\u00f6ss\u00e9g akt\u00edv \u00e9s felel\u0151s polg\u00e1rai legyenek&#8230;<\/span><\/p>\n<p><span style=\"font-family: Times New Roman CE;\">Mi\u00e9rt egyes\u00fcletk\u00e9nt?<\/span><\/p>\n<p><span style=\"font-family: Times New Roman CE;\">Az egyes\u00fclet alapj\u00e1t a k\u00fcl\u00f6nb\u00f6z\u0151 csoportok, szekci\u00f3k jelentik. A k\u00fcl\u00f6nf\u00e9le tev\u00e9kenys\u00e9gek ir\u00e1nt tart\u00f3san \u00e9rdekl\u0151d\u0151knek be kell l\u00e9pni\u00fck az egyes\u00fcletbe. Tags\u00e1gi k\u00e1rty\u00e1juk jogos\u00edtja fel \u0151ket arra, hogy egy (vagy t\u00f6bb) csoport munk\u00e1j\u00e1ban r\u00e9szt vegyenek. (Egyedi rendezv\u00e9nyek, p\u00e9ld\u00e1ul egy koncert eset\u00e9ben term\u00e9szetesen m\u00e1s is v\u00e1lthat jegyet, a beiratkozott tag viszont ilyenkor kedvezm\u00e9nyt \u00e9lvez)&#8230;<\/span><br \/>\n<span style=\"font-family: Times New Roman CE;\">Mi\u00e9rt alak\u00edtanak mindezek a szekci\u00f3k k\u00f6z\u00f6sen egy MJC t\u00edpus\u00fa egyes\u00fcletet, ahelyett, hogy \u00f6n\u00e1ll\u00f3 egyes\u00fcletk\u00e9nt (futballcsapatk\u00e9nt, sz\u00ednj\u00e1tsz\u00f3 csoportk\u00e9nt stb.) m\u0171k\u00f6dn\u00e9nek?<\/span><br \/>\n<span style=\"font-family: Times New Roman CE;\">\u00c9rdek\u00fckben \u00e1ll, hogy k\u00f6z\u00f6sen tartsanak fenn titk\u00e1rs\u00e1got, k\u00f6nyvel\u00e9st, hogy k\u00f6z\u00f6sen jobban haszn\u00e1lj\u00e1k ki helyis\u00e9geiket. Az MJC jobban k\u00e9pviseli a lakoss\u00e1g soksz\u00edn\u0171 \u00e9rdekl\u0151d\u00e9s\u00e9t \u00e9s k\u00fcl\u00f6nf\u00e9le \u00e9rdekeit, a k\u00f6z\u00f6s k\u00f6lts\u00e9gvet\u00e9sbe befoly\u00f3 \u00f6sszegek sokkal sokr\u00e9t\u0171bb tev\u00e9kenys\u00e9get tesznek lehet\u0151v\u00e9, mint elapr\u00f3zva, \u00e9s az \u00f6nkorm\u00e1nyzat t\u00e1mogat\u00e1sa is egyazon helyre \u00e9rkezik, nem pedig megannyi kiscsoport megannyi c\u00edm\u00e9re. Az egyes\u00fcl\u00e9si szabads\u00e1g \u00e9rtelm\u00e9ben term\u00e9szetesen b\u00e1rmelyik szekci\u00f3nak b\u00e1rmikor jog\u00e1ban \u00e1ll kil\u00e9pni az MJC-b\u0151l \u00e9s k\u00fcl\u00f6n klubban vagy egyes\u00fcletben folytatni a tev\u00e9kenys\u00e9g\u00e9t&#8230;<\/span><br \/>\n<span style=\"font-family: Times New Roman CE;\">A m\u0171vel\u0151d\u00e9si \u00e9s ifj\u00fas\u00e1gi h\u00e1zat haszn\u00e1l\u00f3 tags\u00e1gon k\u00edv\u00fcl (nevezz\u00fck \u0151ket rendes tagnak) az egyes\u00fcletnek vannak jog szerinti tagjai, tiszteletbeli tagjai \u00e9s t\u00e1rsult tagjai is. A t\u00e1rsult tagok k\u00f6z\u00f6tt egyar\u00e1nt tal\u00e1lhatunk jogi szem\u00e9lyeket (m\u00e1s egyes\u00fcleteket, szervezeteket vagy ifj\u00fas\u00e1gi mozgalmakat, amelyeket egy-egy k\u00fcld\u00f6tt\u00fck k\u00e9pvisel) \u00e9s olyan szakembereket, akiket hozz\u00e1\u00e9rt\u00e9s\u00fck, szak\u00e9rtelm\u00fck miatt v\u00e1lasztanak be. A tiszteletbeli tags\u00e1got az MJC V\u00e1lasztm\u00e1nya adom\u00e1nyozza elismer\u00e9sk\u00e9ppen azoknak, akik valamilyen szolg\u00e1latot tettek az egyes\u00fcletnek. A jog szerinti, t\u00e1rsult \u00e9s tiszteletbeli tagoknak nem kell tagd\u00edjat fizetni\u00fck. Felv\u00e9tel\u00fckr\u0151l a v\u00e1lasztm\u00e1ny d\u00f6nt, kiv\u00e9ve a jog szerinti tags\u00e1g eset\u00e9t, amelyr\u0151l az alapszab\u00e1ly rendelkezik. A fentiekb\u0151l l\u00e1that\u00f3k a jogszerinti tag nem azonos a jogi szem\u00e9ly fogalm\u00e1val, a jogszerinti tags\u00e1g a tag st\u00e1tusz\u00e1b\u00f3l, funkci\u00f3j\u00e1b\u00f3l automatikusan k\u00f6vetkezik.<\/span><\/p>\n<p><span style=\"font-family: Times New Roman CE;\">Az egyes\u00fcleti h\u00e1zak helyi ir\u00e1ny\u00edt\u00e1sa<\/span><\/p>\n<p><span style=\"font-family: Times New Roman CE;\">A K\u00f6zgy\u0171l\u00e9s sor\u00e1n titkos szavaz\u00e1ssal v\u00e1lasztj\u00e1k meg az egyes\u00fclet v\u00e1lasztm\u00e1ny\u00e1t. A v\u00e1laszt\u00e1sban azok a tagok vehetnek r\u00e9szt, akik a k\u00f6zgy\u0171l\u00e9s napj\u00e1n m\u00e1r t\u00f6bb, mint hat h\u00f3napja tagjai az egyes\u00fcletnek, el\u00e9rt\u00e9k a t\u00f6rv\u00e9nyben el\u0151\u00edrt korhat\u00e1rt \u00e9s befizett\u00e9k a tagd\u00edjat&#8230;<\/span><br \/>\n<span style=\"font-family: Times New Roman CE;\">A v\u00e1lasztm\u00e1ny hat\u00e1sk\u00f6r\u00e9be tartoznak az al\u00e1bbi ter\u00fcletek:<\/span><br \/>\n<span style=\"font-family: Times New Roman CE;\">&#8211; Egyet\u00e9rt\u00e9si jog a Region\u00e1lis Sz\u00f6vets\u00e9g \u00e1ltal fizetett szakalkalmazottak helyi kinevez\u00e9s\u00e9hez. Kinevez\u00e9si jogk\u00f6r a k\u00f6zvetlen\u00fcl fizetett alkalmazottak eset\u00e9ben<\/span><br \/>\n<span style=\"font-family: Times New Roman CE;\">&#8211; A k\u00f6lts\u00e9gvet\u00e9s-tervezet elk\u00e9sz\u00edt\u00e9se \u00e9s a szubvenci\u00f3k ig\u00e9nyl\u00e9se<\/span><br \/>\n<span style=\"font-family: Times New Roman CE;\">&#8211; Az MJC saj\u00e1t bev\u00e9teleinek kezel\u00e9se (tagd\u00edjak, \u00e9tterem, b\u00e1r, ifj\u00fas\u00e1gi sz\u00e1ll\u00e1s stb.)<\/span><br \/>\n<span style=\"font-family: Times New Roman CE;\">&#8211; Az MJC tev\u00e9kenys\u00e9geinek el\u0151mozd\u00edt\u00e1sa, az igazgat\u00f3 tan\u00e1csokkal t\u00f6rt\u00e9n\u0151 seg\u00edt\u00e9se \u00e9s ellen\u0151rz\u00e9se<\/span><br \/>\n<span style=\"font-family: Times New Roman CE;\">&#8211; K\u00e9pvisel\u0151 k\u00fcld\u00e9se a Region\u00e1lis Sz\u00f6vets\u00e9g (adott esetben a Megyei Sz\u00f6vets\u00e9g) k\u00f6zgy\u0171l\u00e9s\u00e9re.<\/span><br \/>\n<span style=\"font-family: Times New Roman CE;\">Egyes nagy horderej\u0171 k\u00e9rd\u00e9sek eset\u00e9ben (ingatlanok v\u00e9tele, cser\u00e9je, elidegen\u00edt\u00e9se, kilenc \u00e9vn\u00e9l hosszabb b\u00e9rleti szerz\u0151d\u00e9sek stb.) a v\u00e1lasztm\u00e1ny d\u00f6nt\u00e9seit a k\u00f6zgy\u0171l\u00e9ssel kell j\u00f3v\u00e1hagyatni.<\/span><\/p>\n<p><span style=\"font-family: Times New Roman CE;\">Az egyes\u00fclet p\u00e9nzforr\u00e1sai<\/span><\/p>\n<p><span style=\"font-family: Times New Roman CE;\">Az egyes\u00fclet az MJC m\u00e9reteit\u0151l, a tev\u00e9kenys\u00e9gekt\u0151l, a tagok ig\u00e9nyeit\u0151l f\u00fcgg\u0151en foglalkoztathat fizetett alkalmazottakat. Fizetett alkalmazott a m\u0171vel\u0151d\u00e9si \u00e9s ifj\u00fas\u00e1gi h\u00e1z igazgat\u00f3ja (sokszor egyed\u00fcl), mellette egy vagy t\u00f6bb hivat\u00e1sos n\u00e9pm\u0171vel\u0151, anim\u00e1tor, illetve az egy\u00e9b kiseg\u00edt\u0151 szem\u00e9lyzet (takar\u00edt\u00f3, port\u00e1s stb.) Az egyes k\u00f6r\u00f6k vezet\u00e9s\u00e9re vagy \u00f6nk\u00e9ntesek v\u00e1llalkoznak, vagy \u00f3rad\u00edjas megb\u00edz\u00e1ssal szerz\u0151dtetnek valakit, aki az adott tev\u00e9kenys\u00e9get magas szinten \u00e9rti (hivat\u00e1sos). Az igazgat\u00f3nak \u00e9s a n\u00e9pm\u0171vel\u0151(k)nek az MJC elk\u00e9pzel\u00e9seit kell kiszolg\u00e1lniuk, egy\u00fctt kell dolgozniuk az egyes\u00fclet \u00f6nk\u00e9ntesekb\u0151l \u00e1ll\u00f3 v\u00e1lasztm\u00e1ny\u00e1val&#8230;<\/span><\/p>\n<p><span style=\"font-family: Times New Roman CE;\">Az egyes\u00fclet p\u00e9nzforr\u00e1sai a k\u00f6vetkez\u0151k:<\/span><br \/>\n<span style=\"font-family: Times New Roman CE;\">1. a tagok \u00e1ltal befizetett tagd\u00edjak<\/span><br \/>\n<span style=\"font-family: Times New Roman CE;\">2. a k\u00fcl\u00f6nb\u00f6z\u0151 k\u00f6r\u00f6kben szedett r\u00e9szv\u00e9teli d\u00edjak (az adott tev\u00e9kenys\u00e9g k\u00f6lts\u00e9geinek fedez\u00e9s\u00e9re)<\/span><br \/>\n<span style=\"font-family: Times New Roman CE;\">3. szubvenci\u00f3k:<\/span><br \/>\n<span style=\"font-family: Times New Roman CE;\">a) az adott telep\u00fcl\u00e9s \u00f6nkorm\u00e1nyzata v\u00e1llalja az egyes\u00fclet m\u0171k\u00f6dtet\u00e9s\u00e9hez sz\u00fcks\u00e9ges al\u00e1bbi k\u00f6lts\u00e9geket:<\/span><br \/>\n<span style=\"font-family: Times New Roman CE;\">&#8211; a fizetett szakalkalmazottak (igazgat\u00f3 \u00e9s n\u00e9pm\u0171vel\u0151k) fizet\u00e9s\u00e9nek k\u00e9tharmad r\u00e9sz\u00e9t. A kifizet\u00e9s azonban nem k\u00f6zvetlen\u00fcl t\u00f6rt\u00e9nik, mivel nem \u0151k a munk\u00e1ltat\u00f3k, hanem az MJC-k Region\u00e1lis Sz\u00f6vets\u00e9ge. \u00eegy az \u00f6nkorm\u00e1nyzatok a fizet\u00e9shez val\u00f3 hozz\u00e1j\u00e1rul\u00e1suk \u00f6sszeg\u00e9t a region\u00e1lis sz\u00f6vets\u00e9gnek utalj\u00e1k \u00e1t, amely b\u00e1rmilyen probl\u00e9ma felmer\u00fcl\u00e9se eset\u00e9n tomp\u00edt\u00f3k\u00e9nt cs\u00f6kkenti a konfliktus negat\u00edv hat\u00e1sait. A k\u00f6zvetett t\u00e1mogat\u00e1s ilyen rendszere elker\u00fclhet\u0151v\u00e9 teszi azt is, hogy az \u00f6nkorm\u00e1nyzat k\u00f6zvetlen\u00fcl befoly\u00e1solni pr\u00f3b\u00e1lja az MJC m\u0171k\u00f6d\u00e9s\u00e9t.<\/span><br \/>\n<span style=\"font-family: Times New Roman CE;\">&#8211; az MJC \u00e9p\u00fclet\u00e9vel, helyis\u00e9geivel kapcsolatos k\u00f6lts\u00e9geket (f\u0171t\u00e9s, villany, karbantart\u00e1s) teljes eg\u00e9sz\u00e9ben&#8230;<\/span><br \/>\n<span style=\"font-family: Times New Roman CE;\">b) Az Ifj\u00fas\u00e1gi \u00e9s Sportminiszt\u00e9rium biztos\u00edtja a szakalkalmazottak b\u00e9r\u00e9nek fennmarad\u00f3 egyharmad r\u00e9sz\u00e9t.<\/span><br \/>\n<span style=\"font-family: Times New Roman CE;\">4. Egy\u00e9b forr\u00e1sok az MJC tev\u00e9kenys\u00e9g\u00e9b\u0151l ad\u00f3d\u00f3an:<\/span><br \/>\n<span style=\"font-family: Times New Roman CE;\">&#8211; bel\u00e9p\u0151jegyek az egyes k\u00f6r\u00f6k rendezv\u00e9nyeire<\/span><br \/>\n<span style=\"font-family: Times New Roman CE;\">&#8211; bel\u00e9p\u0151jegyek t\u00e1rsadalmi esem\u00e9nyekre<\/span><\/p>\n<p><span style=\"font-family: Times New Roman CE;\">&#8211; az MJC kiadv\u00e1nyaiban megjelentetett hirdet\u00e9sek<\/span><br \/>\n<span style=\"font-family: Times New Roman CE;\">&#8211; az MJC mint jogi szem\u00e9ly \u00e1ltal felvett hitelek<\/span><br \/>\n<span style=\"font-family: Times New Roman CE;\">&#8211; az MJC egy\u00e9b forr\u00e1sai (ide sorolhat\u00f3 p\u00e9ld\u00e1ul a Narbonne-i MJC-hez tartoz\u00f3, ifj\u00fas\u00e1gi sz\u00e1ll\u00e1shely m\u0171k\u00f6dtet\u00e9s\u00e9nek bev\u00e9tele, ami k\u00f6lts\u00e9gvet\u00e9s\u00fcknek kb. 1\/5-\u00e9t biztos\u00edtja)<\/span><br \/>\n<span style=\"font-family: Times New Roman CE;\">5. Mec\u00e9n\u00e1sokt\u00f3l, szponzorokt\u00f3l kapott t\u00e1mogat\u00e1s&#8230; (Narbonne-ban az orsz\u00e1gos bajnoks\u00e1gban j\u00e1tsz\u00f3 r\u00f6plabdacsapat r\u00e9v\u00e9n jutnak ilym\u00f3don t\u00e1mogat\u00e1shoz).<\/span><\/p>\n<p><span style=\"font-family: Times New Roman CE;\">Az \u00f6sszefoglal\u00f3t &#8211; melyet a Magyar M\u0171vel\u0151d\u00e9si Int\u00e9zet az ittenin\u00e9l b\u0151vebb terjedelemben nyomtat\u00e1sban megjelentet\u00a0<\/span><\/p>\n","protected":false},"excerpt":{"rendered":"<p>A Magyar M\u0171vel\u0151d\u00e9si Int\u00e9zet \u00e9s a K\u00f6z\u00f6ss\u00e9gfejleszt\u0151k Egyes\u00fclete a M\u0171vel\u0151d\u00e9si \u00e9s K\u00f6zoktat\u00e1si Miniszt\u00e9rium anyagi t\u00e1mogat\u00e1s\u00e1val 1993. \u00e1prilis 26 &#8211; m\u00e1jus 3. k\u00f6z\u00f6tt \u00f6tf\u0151s deleg\u00e1ci\u00f3t fogadott a d\u00e9l-franciaorsz\u00e1gi Languedoc Roussillon r\u00e9gi\u00f3b\u00f3l. Francia bar\u00e1taink &#8211; akik k\u00f6z\u00f6tt egyar\u00e1nt volt polg\u00e1rmester, m\u0171vel\u0151d\u00e9si h\u00e1zi egyes\u00fcleti eln\u00f6k, illetve a m\u0171vel\u0151d\u00e9si \u00e9s ifj\u00fas\u00e1gi h\u00e1zak region\u00e1lis sz\u00f6vets\u00e9ge vezet\u0151s\u00e9g\u00e9nek k\u00e9pvisel\u0151je &#8211; arr\u00f3l tartottak [&hellip;]<\/p>\n","protected":false},"author":238,"featured_media":3464,"comment_status":"open","ping_status":"open","sticky":false,"template":"","format":"standard","meta":{"_acf_changed":false,"footnotes":""},"categories":[281,8,7],"tags":[],"coauthors":[287],"class_list":["post-2077","post","type-post","status-publish","format-standard","has-post-thumbnail","hentry","category-parola-1993-3","category-parola-folyoirat","category-repertorium"],"acf":[],"yoast_head":"<!-- This site is optimized with the Yoast SEO plugin v26.7 - https:\/\/yoast.com\/wordpress\/plugins\/seo\/ -->\n<title>Francia p\u00e9lda a m\u0171vel\u0151d\u00e9si h\u00e1z mint egyes\u00fclet - Parola Foly\u00f3irat<\/title>\n<meta name=\"robots\" content=\"index, follow, max-snippet:-1, max-image-preview:large, max-video-preview:-1\" \/>\n<link rel=\"canonical\" href=\"https:\/\/kofe.hu\/parola\/parola-folyoirat\/francia-pelda-a-muvelodesi-haz-mint-egyesulet\/\" \/>\n<meta property=\"og:locale\" content=\"hu_HU\" \/>\n<meta property=\"og:type\" content=\"article\" \/>\n<meta property=\"og:title\" content=\"Francia p\u00e9lda a m\u0171vel\u0151d\u00e9si h\u00e1z mint egyes\u00fclet - Parola Foly\u00f3irat\" \/>\n<meta property=\"og:description\" content=\"A Magyar M\u0171vel\u0151d\u00e9si Int\u00e9zet \u00e9s a K\u00f6z\u00f6ss\u00e9gfejleszt\u0151k Egyes\u00fclete a M\u0171vel\u0151d\u00e9si \u00e9s K\u00f6zoktat\u00e1si Miniszt\u00e9rium anyagi t\u00e1mogat\u00e1s\u00e1val 1993. \u00e1prilis 26 &#8211; m\u00e1jus 3. k\u00f6z\u00f6tt \u00f6tf\u0151s deleg\u00e1ci\u00f3t fogadott a d\u00e9l-franciaorsz\u00e1gi Languedoc Roussillon r\u00e9gi\u00f3b\u00f3l. Francia bar\u00e1taink &#8211; akik k\u00f6z\u00f6tt egyar\u00e1nt volt polg\u00e1rmester, m\u0171vel\u0151d\u00e9si h\u00e1zi egyes\u00fcleti eln\u00f6k, illetve a m\u0171vel\u0151d\u00e9si \u00e9s ifj\u00fas\u00e1gi h\u00e1zak region\u00e1lis sz\u00f6vets\u00e9ge vezet\u0151s\u00e9g\u00e9nek k\u00e9pvisel\u0151je &#8211; arr\u00f3l tartottak [&hellip;]\" \/>\n<meta property=\"og:url\" content=\"https:\/\/kofe.hu\/parola\/parola-folyoirat\/francia-pelda-a-muvelodesi-haz-mint-egyesulet\/\" \/>\n<meta property=\"og:site_name\" content=\"Parola Foly\u00f3irat\" \/>\n<meta property=\"article:published_time\" content=\"2020-06-24T17:01:04+00:00\" \/>\n<meta property=\"article:modified_time\" content=\"2020-07-30T17:13:10+00:00\" \/>\n<meta property=\"og:image\" content=\"https:\/\/kofe.hu\/parola\/wp-content\/uploads\/2020\/07\/93.3.jpeg\" \/>\n\t<meta property=\"og:image:width\" content=\"1392\" \/>\n\t<meta property=\"og:image:height\" content=\"1952\" \/>\n\t<meta property=\"og:image:type\" content=\"image\/jpeg\" \/>\n<meta name=\"author\" content=\"Solymosi Judit\" \/>\n<meta name=\"twitter:card\" content=\"summary_large_image\" \/>\n<meta name=\"twitter:label1\" content=\"Szerz\u0151:\" \/>\n\t<meta name=\"twitter:data1\" content=\"Solymosi Judit\" \/>\n\t<meta name=\"twitter:label2\" content=\"Becs\u00fclt olvas\u00e1si id\u0151\" \/>\n\t<meta name=\"twitter:data2\" content=\"8 perc\" \/>\n\t<meta name=\"twitter:label3\" content=\"Written by\" \/>\n\t<meta name=\"twitter:data3\" content=\"Solymosi Judit\" \/>\n<script type=\"application\/ld+json\" class=\"yoast-schema-graph\">{\"@context\":\"https:\/\/schema.org\",\"@graph\":[{\"@type\":\"Article\",\"@id\":\"https:\/\/kofe.hu\/parola\/parola-folyoirat\/francia-pelda-a-muvelodesi-haz-mint-egyesulet\/#article\",\"isPartOf\":{\"@id\":\"https:\/\/kofe.hu\/parola\/parola-folyoirat\/francia-pelda-a-muvelodesi-haz-mint-egyesulet\/\"},\"author\":{\"name\":\"Solymosi Judit\",\"@id\":\"https:\/\/kofe.hu\/parola\/#\/schema\/person\/39f7df93a3284f8e4df107f71c50e7f0\"},\"headline\":\"Francia p\u00e9lda a m\u0171vel\u0151d\u00e9si h\u00e1z mint egyes\u00fclet\",\"datePublished\":\"2020-06-24T17:01:04+00:00\",\"dateModified\":\"2020-07-30T17:13:10+00:00\",\"mainEntityOfPage\":{\"@id\":\"https:\/\/kofe.hu\/parola\/parola-folyoirat\/francia-pelda-a-muvelodesi-haz-mint-egyesulet\/\"},\"wordCount\":1703,\"commentCount\":0,\"image\":{\"@id\":\"https:\/\/kofe.hu\/parola\/parola-folyoirat\/francia-pelda-a-muvelodesi-haz-mint-egyesulet\/#primaryimage\"},\"thumbnailUrl\":\"https:\/\/kofe.hu\/parola\/wp-content\/uploads\/2020\/07\/93.3.jpeg\",\"articleSection\":[\"Parola 1993\/3\",\"Parola Foly\u00f3irat\",\"Repert\u00f3rium\"],\"inLanguage\":\"hu\",\"potentialAction\":[{\"@type\":\"CommentAction\",\"name\":\"Comment\",\"target\":[\"https:\/\/kofe.hu\/parola\/parola-folyoirat\/francia-pelda-a-muvelodesi-haz-mint-egyesulet\/#respond\"]}]},{\"@type\":\"WebPage\",\"@id\":\"https:\/\/kofe.hu\/parola\/parola-folyoirat\/francia-pelda-a-muvelodesi-haz-mint-egyesulet\/\",\"url\":\"https:\/\/kofe.hu\/parola\/parola-folyoirat\/francia-pelda-a-muvelodesi-haz-mint-egyesulet\/\",\"name\":\"Francia p\u00e9lda a m\u0171vel\u0151d\u00e9si h\u00e1z mint egyes\u00fclet - Parola Foly\u00f3irat\",\"isPartOf\":{\"@id\":\"https:\/\/kofe.hu\/parola\/#website\"},\"primaryImageOfPage\":{\"@id\":\"https:\/\/kofe.hu\/parola\/parola-folyoirat\/francia-pelda-a-muvelodesi-haz-mint-egyesulet\/#primaryimage\"},\"image\":{\"@id\":\"https:\/\/kofe.hu\/parola\/parola-folyoirat\/francia-pelda-a-muvelodesi-haz-mint-egyesulet\/#primaryimage\"},\"thumbnailUrl\":\"https:\/\/kofe.hu\/parola\/wp-content\/uploads\/2020\/07\/93.3.jpeg\",\"datePublished\":\"2020-06-24T17:01:04+00:00\",\"dateModified\":\"2020-07-30T17:13:10+00:00\",\"author\":{\"@id\":\"https:\/\/kofe.hu\/parola\/#\/schema\/person\/39f7df93a3284f8e4df107f71c50e7f0\"},\"breadcrumb\":{\"@id\":\"https:\/\/kofe.hu\/parola\/parola-folyoirat\/francia-pelda-a-muvelodesi-haz-mint-egyesulet\/#breadcrumb\"},\"inLanguage\":\"hu\",\"potentialAction\":[{\"@type\":\"ReadAction\",\"target\":[\"https:\/\/kofe.hu\/parola\/parola-folyoirat\/francia-pelda-a-muvelodesi-haz-mint-egyesulet\/\"]}]},{\"@type\":\"ImageObject\",\"inLanguage\":\"hu\",\"@id\":\"https:\/\/kofe.hu\/parola\/parola-folyoirat\/francia-pelda-a-muvelodesi-haz-mint-egyesulet\/#primaryimage\",\"url\":\"https:\/\/kofe.hu\/parola\/wp-content\/uploads\/2020\/07\/93.3.jpeg\",\"contentUrl\":\"https:\/\/kofe.hu\/parola\/wp-content\/uploads\/2020\/07\/93.3.jpeg\",\"width\":1392,\"height\":1952},{\"@type\":\"BreadcrumbList\",\"@id\":\"https:\/\/kofe.hu\/parola\/parola-folyoirat\/francia-pelda-a-muvelodesi-haz-mint-egyesulet\/#breadcrumb\",\"itemListElement\":[{\"@type\":\"ListItem\",\"position\":1,\"name\":\"Home\",\"item\":\"https:\/\/kofe.hu\/parola\/\"},{\"@type\":\"ListItem\",\"position\":2,\"name\":\"Francia p\u00e9lda a m\u0171vel\u0151d\u00e9si h\u00e1z mint egyes\u00fclet\"}]},{\"@type\":\"WebSite\",\"@id\":\"https:\/\/kofe.hu\/parola\/#website\",\"url\":\"https:\/\/kofe.hu\/parola\/\",\"name\":\"Parola Foly\u00f3irat\",\"description\":\"\",\"potentialAction\":[{\"@type\":\"SearchAction\",\"target\":{\"@type\":\"EntryPoint\",\"urlTemplate\":\"https:\/\/kofe.hu\/parola\/?s={search_term_string}\"},\"query-input\":{\"@type\":\"PropertyValueSpecification\",\"valueRequired\":true,\"valueName\":\"search_term_string\"}}],\"inLanguage\":\"hu\"},{\"@type\":\"Person\",\"@id\":\"https:\/\/kofe.hu\/parola\/#\/schema\/person\/39f7df93a3284f8e4df107f71c50e7f0\",\"name\":\"Solymosi Judit\",\"image\":{\"@type\":\"ImageObject\",\"inLanguage\":\"hu\",\"@id\":\"https:\/\/kofe.hu\/parola\/#\/schema\/person\/image\/abe2bf51056bcf517f25d92a92e367b4\",\"url\":\"https:\/\/secure.gravatar.com\/avatar\/e4e569e6fbbfcb02d4120ec00ae8645c04144a3d974395c387c0246197103368?s=96&d=mm&r=g\",\"contentUrl\":\"https:\/\/secure.gravatar.com\/avatar\/e4e569e6fbbfcb02d4120ec00ae8645c04144a3d974395c387c0246197103368?s=96&d=mm&r=g\",\"caption\":\"Solymosi Judit\"},\"url\":\"https:\/\/kofe.hu\/parola\/szerzok\/solymosi-judit\/\"}]}<\/script>\n<!-- \/ Yoast SEO plugin. -->","yoast_head_json":{"title":"Francia p\u00e9lda a m\u0171vel\u0151d\u00e9si h\u00e1z mint egyes\u00fclet - Parola Foly\u00f3irat","robots":{"index":"index","follow":"follow","max-snippet":"max-snippet:-1","max-image-preview":"max-image-preview:large","max-video-preview":"max-video-preview:-1"},"canonical":"https:\/\/kofe.hu\/parola\/parola-folyoirat\/francia-pelda-a-muvelodesi-haz-mint-egyesulet\/","og_locale":"hu_HU","og_type":"article","og_title":"Francia p\u00e9lda a m\u0171vel\u0151d\u00e9si h\u00e1z mint egyes\u00fclet - Parola Foly\u00f3irat","og_description":"A Magyar M\u0171vel\u0151d\u00e9si Int\u00e9zet \u00e9s a K\u00f6z\u00f6ss\u00e9gfejleszt\u0151k Egyes\u00fclete a M\u0171vel\u0151d\u00e9si \u00e9s K\u00f6zoktat\u00e1si Miniszt\u00e9rium anyagi t\u00e1mogat\u00e1s\u00e1val 1993. \u00e1prilis 26 &#8211; m\u00e1jus 3. k\u00f6z\u00f6tt \u00f6tf\u0151s deleg\u00e1ci\u00f3t fogadott a d\u00e9l-franciaorsz\u00e1gi Languedoc Roussillon r\u00e9gi\u00f3b\u00f3l. Francia bar\u00e1taink &#8211; akik k\u00f6z\u00f6tt egyar\u00e1nt volt polg\u00e1rmester, m\u0171vel\u0151d\u00e9si h\u00e1zi egyes\u00fcleti eln\u00f6k, illetve a m\u0171vel\u0151d\u00e9si \u00e9s ifj\u00fas\u00e1gi h\u00e1zak region\u00e1lis sz\u00f6vets\u00e9ge vezet\u0151s\u00e9g\u00e9nek k\u00e9pvisel\u0151je &#8211; arr\u00f3l tartottak [&hellip;]","og_url":"https:\/\/kofe.hu\/parola\/parola-folyoirat\/francia-pelda-a-muvelodesi-haz-mint-egyesulet\/","og_site_name":"Parola Foly\u00f3irat","article_published_time":"2020-06-24T17:01:04+00:00","article_modified_time":"2020-07-30T17:13:10+00:00","og_image":[{"width":1392,"height":1952,"url":"https:\/\/kofe.hu\/parola\/wp-content\/uploads\/2020\/07\/93.3.jpeg","type":"image\/jpeg"}],"author":"Solymosi Judit","twitter_card":"summary_large_image","twitter_misc":{"Szerz\u0151:":"Solymosi Judit","Becs\u00fclt olvas\u00e1si id\u0151":"8 perc","Written by":"Solymosi Judit"},"schema":{"@context":"https:\/\/schema.org","@graph":[{"@type":"Article","@id":"https:\/\/kofe.hu\/parola\/parola-folyoirat\/francia-pelda-a-muvelodesi-haz-mint-egyesulet\/#article","isPartOf":{"@id":"https:\/\/kofe.hu\/parola\/parola-folyoirat\/francia-pelda-a-muvelodesi-haz-mint-egyesulet\/"},"author":{"name":"Solymosi Judit","@id":"https:\/\/kofe.hu\/parola\/#\/schema\/person\/39f7df93a3284f8e4df107f71c50e7f0"},"headline":"Francia p\u00e9lda a m\u0171vel\u0151d\u00e9si h\u00e1z mint egyes\u00fclet","datePublished":"2020-06-24T17:01:04+00:00","dateModified":"2020-07-30T17:13:10+00:00","mainEntityOfPage":{"@id":"https:\/\/kofe.hu\/parola\/parola-folyoirat\/francia-pelda-a-muvelodesi-haz-mint-egyesulet\/"},"wordCount":1703,"commentCount":0,"image":{"@id":"https:\/\/kofe.hu\/parola\/parola-folyoirat\/francia-pelda-a-muvelodesi-haz-mint-egyesulet\/#primaryimage"},"thumbnailUrl":"https:\/\/kofe.hu\/parola\/wp-content\/uploads\/2020\/07\/93.3.jpeg","articleSection":["Parola 1993\/3","Parola Foly\u00f3irat","Repert\u00f3rium"],"inLanguage":"hu","potentialAction":[{"@type":"CommentAction","name":"Comment","target":["https:\/\/kofe.hu\/parola\/parola-folyoirat\/francia-pelda-a-muvelodesi-haz-mint-egyesulet\/#respond"]}]},{"@type":"WebPage","@id":"https:\/\/kofe.hu\/parola\/parola-folyoirat\/francia-pelda-a-muvelodesi-haz-mint-egyesulet\/","url":"https:\/\/kofe.hu\/parola\/parola-folyoirat\/francia-pelda-a-muvelodesi-haz-mint-egyesulet\/","name":"Francia p\u00e9lda a m\u0171vel\u0151d\u00e9si h\u00e1z mint egyes\u00fclet - Parola Foly\u00f3irat","isPartOf":{"@id":"https:\/\/kofe.hu\/parola\/#website"},"primaryImageOfPage":{"@id":"https:\/\/kofe.hu\/parola\/parola-folyoirat\/francia-pelda-a-muvelodesi-haz-mint-egyesulet\/#primaryimage"},"image":{"@id":"https:\/\/kofe.hu\/parola\/parola-folyoirat\/francia-pelda-a-muvelodesi-haz-mint-egyesulet\/#primaryimage"},"thumbnailUrl":"https:\/\/kofe.hu\/parola\/wp-content\/uploads\/2020\/07\/93.3.jpeg","datePublished":"2020-06-24T17:01:04+00:00","dateModified":"2020-07-30T17:13:10+00:00","author":{"@id":"https:\/\/kofe.hu\/parola\/#\/schema\/person\/39f7df93a3284f8e4df107f71c50e7f0"},"breadcrumb":{"@id":"https:\/\/kofe.hu\/parola\/parola-folyoirat\/francia-pelda-a-muvelodesi-haz-mint-egyesulet\/#breadcrumb"},"inLanguage":"hu","potentialAction":[{"@type":"ReadAction","target":["https:\/\/kofe.hu\/parola\/parola-folyoirat\/francia-pelda-a-muvelodesi-haz-mint-egyesulet\/"]}]},{"@type":"ImageObject","inLanguage":"hu","@id":"https:\/\/kofe.hu\/parola\/parola-folyoirat\/francia-pelda-a-muvelodesi-haz-mint-egyesulet\/#primaryimage","url":"https:\/\/kofe.hu\/parola\/wp-content\/uploads\/2020\/07\/93.3.jpeg","contentUrl":"https:\/\/kofe.hu\/parola\/wp-content\/uploads\/2020\/07\/93.3.jpeg","width":1392,"height":1952},{"@type":"BreadcrumbList","@id":"https:\/\/kofe.hu\/parola\/parola-folyoirat\/francia-pelda-a-muvelodesi-haz-mint-egyesulet\/#breadcrumb","itemListElement":[{"@type":"ListItem","position":1,"name":"Home","item":"https:\/\/kofe.hu\/parola\/"},{"@type":"ListItem","position":2,"name":"Francia p\u00e9lda a m\u0171vel\u0151d\u00e9si h\u00e1z mint egyes\u00fclet"}]},{"@type":"WebSite","@id":"https:\/\/kofe.hu\/parola\/#website","url":"https:\/\/kofe.hu\/parola\/","name":"Parola Foly\u00f3irat","description":"","potentialAction":[{"@type":"SearchAction","target":{"@type":"EntryPoint","urlTemplate":"https:\/\/kofe.hu\/parola\/?s={search_term_string}"},"query-input":{"@type":"PropertyValueSpecification","valueRequired":true,"valueName":"search_term_string"}}],"inLanguage":"hu"},{"@type":"Person","@id":"https:\/\/kofe.hu\/parola\/#\/schema\/person\/39f7df93a3284f8e4df107f71c50e7f0","name":"Solymosi Judit","image":{"@type":"ImageObject","inLanguage":"hu","@id":"https:\/\/kofe.hu\/parola\/#\/schema\/person\/image\/abe2bf51056bcf517f25d92a92e367b4","url":"https:\/\/secure.gravatar.com\/avatar\/e4e569e6fbbfcb02d4120ec00ae8645c04144a3d974395c387c0246197103368?s=96&d=mm&r=g","contentUrl":"https:\/\/secure.gravatar.com\/avatar\/e4e569e6fbbfcb02d4120ec00ae8645c04144a3d974395c387c0246197103368?s=96&d=mm&r=g","caption":"Solymosi Judit"},"url":"https:\/\/kofe.hu\/parola\/szerzok\/solymosi-judit\/"}]}},"_links":{"self":[{"href":"https:\/\/kofe.hu\/parola\/wp-json\/wp\/v2\/posts\/2077","targetHints":{"allow":["GET"]}}],"collection":[{"href":"https:\/\/kofe.hu\/parola\/wp-json\/wp\/v2\/posts"}],"about":[{"href":"https:\/\/kofe.hu\/parola\/wp-json\/wp\/v2\/types\/post"}],"author":[{"embeddable":true,"href":"https:\/\/kofe.hu\/parola\/wp-json\/wp\/v2\/users\/238"}],"replies":[{"embeddable":true,"href":"https:\/\/kofe.hu\/parola\/wp-json\/wp\/v2\/comments?post=2077"}],"version-history":[{"count":3,"href":"https:\/\/kofe.hu\/parola\/wp-json\/wp\/v2\/posts\/2077\/revisions"}],"predecessor-version":[{"id":4980,"href":"https:\/\/kofe.hu\/parola\/wp-json\/wp\/v2\/posts\/2077\/revisions\/4980"}],"wp:featuredmedia":[{"embeddable":true,"href":"https:\/\/kofe.hu\/parola\/wp-json\/wp\/v2\/media\/3464"}],"wp:attachment":[{"href":"https:\/\/kofe.hu\/parola\/wp-json\/wp\/v2\/media?parent=2077"}],"wp:term":[{"taxonomy":"category","embeddable":true,"href":"https:\/\/kofe.hu\/parola\/wp-json\/wp\/v2\/categories?post=2077"},{"taxonomy":"post_tag","embeddable":true,"href":"https:\/\/kofe.hu\/parola\/wp-json\/wp\/v2\/tags?post=2077"},{"taxonomy":"author","embeddable":true,"href":"https:\/\/kofe.hu\/parola\/wp-json\/wp\/v2\/coauthors?post=2077"}],"curies":[{"name":"wp","href":"https:\/\/api.w.org\/{rel}","templated":true}]}}