{"id":2075,"date":"2020-06-24T16:57:49","date_gmt":"2020-06-24T16:57:49","guid":{"rendered":"https:\/\/kofe.hu\/parola\/?p=2075"},"modified":"2023-05-15T09:20:51","modified_gmt":"2023-05-15T09:20:51","slug":"a-jovo-kihivasai-el-taller-szeminarium-budapesten","status":"publish","type":"post","link":"https:\/\/kofe.hu\/parola\/parola-folyoirat\/a-jovo-kihivasai-el-taller-szeminarium-budapesten\/","title":{"rendered":"A j\u00f6v\u0151 kih\u00edv\u00e1sai: El Taller szemin\u00e1rium Budapesten"},"content":{"rendered":"<p style=\"text-align: justify;\"><span style=\"font-family: Times New Roman CE;\">A tavalyi \u00e9v m\u00e1sodik fel\u00e9t\u0151l kezd\u0151d\u0151en a K\u00f6z\u00f6ss\u00e9gfejleszt\u0151k Egyes\u00fclete intenz\u00edv inform\u00e1ci\u00f3cser\u00e9t folytatott az El Taller nev\u0171 nemzetk\u00f6zi szervezettel egy, az ez \u00e9v els\u0151 fel\u00e9ben Budapesten megtartand\u00f3 szemin\u00e1riumr\u00f3l.<\/span><br \/>\n<span style=\"font-family: Times New Roman CE;\">A k\u00fcl\u00f6nb\u00f6z\u0151 elk\u00e9pzel\u00e9sek megvitat\u00e1sa ut\u00e1n a k\u00e9t szervezet elhat\u00e1rozta, hogy egy n\u00e9gy napos szemin\u00e1riumot szervez k\u00f6z\u00f6sen, magyar nem-korm\u00e1nyzati (non-Governmental NGO) szervezetek sz\u00e1m\u00e1ra.<\/span><\/p>\n<p style=\"text-align: justify;\"><!--more--><br \/>\n<span style=\"font-family: Times New Roman CE;\">Az esem\u00e9ny 1993 \u00e1prilis\u00e1ban ker\u00fclt megrendez\u00e9sre a Magyar M\u0171vel\u0151d\u00e9si Int\u00e9zetben, ahova a magyarorsz\u00e1gi NGO-k\u00e9pvisel\u0151k\u00f6n t\u00fal K\u00e1rp\u00e1talj\u00e1r\u00f3l \u00e9s Rom\u00e1ni\u00e1b\u00f3l is \u00e9rkeztek r\u00e9sztvev\u0151k.<\/span><br \/>\n<span style=\"font-family: Times New Roman CE;\">Az El Taller-t\u0151l Christine Merkel, a nemzetk\u00f6zi \u00f6sszet\u00e9tel\u0171 vezet\u0151s\u00e9g tagja Theodora Kosturkova, az El Taller els\u0151 h\u00e1rom h\u00f3napos kurzus\u00e1nak bolg\u00e1r r\u00e9sztvev\u0151je, Jos\u00e9 Ignacio L\u00f3pez Soria, az El Taller tuniszi irod\u00e1j\u00e1nak f\u0151munkat\u00e1rsa \u00e9s ifj. Varga Tam\u00e1s \u00f6nk\u00e9ntes vett r\u00e9szt a szemin\u00e1riumon.<\/span><br \/>\n<span style=\"font-family: Times New Roman CE;\">Varga A. Tam\u00e1s, a K\u00f6z\u00f6ss\u00e9gfejleszt\u0151k \u00fcgyvezet\u0151 eln\u00f6k\u00e9nek k\u00f6sz\u00f6nt\u0151 szavai ut\u00e1n az El Taller bemutat\u00e1s\u00e1val folytat\u00f3dott a munka. A n\u00e9gy vend\u00e9g a szervezet munk\u00e1j\u00e1nak n\u00e9gy k\u00fcl\u00f6nb\u00f6z\u0151 szintj\u00e9t mutatta be, amely j\u00f3 lehet\u0151s\u00e9g volt a r\u00e9sztvev\u0151k sz\u00e1m\u00e1ra, hogy az El Taller-r\u0151l egy \u00f6sszetettebb, homog\u00e9n k\u00e9pet alak\u00edtsanak ki.<\/span><br \/>\n<span style=\"font-family: Times New Roman CE;\">A magyar r\u00e9sztvev\u0151k egym\u00e1st\u00f3l meglehet\u0151sen k\u00fcl\u00f6nb\u00f6z\u0151 munkater\u00fcletekr\u0151l \u00e9rkeztek: a k\u00f6z\u00f6ss\u00e9gi telev\u00edzi\u00f3z\u00e1st\u00f3l vagy ment\u00e1lhigi\u00e9n\u00e9s oktat\u00e1st\u00f3l kezdve, a kisebbs\u00e9gi identit\u00e1s\u00e9rt folytatott harcon kereszt\u00fcl, az \u00f6nk\u00e9ntesi munka szinte minden ter\u00fclete megtal\u00e1lhat\u00f3 volt itt. Legt\u00f6bbj\u00fck mind\u00f6ssze \u00faj perspekt\u00edv\u00e1kat j\u00f6tt tanulni, minden konkr\u00e9tabb, meghat\u00e1rozott c\u00e9l n\u00e9lk\u00fcl, vagy ahogy egy kis falub\u00f3l \u00e9rkezett h\u00f6lgy megfogalmazta: ,\u00e9n val\u00f3j\u00e1ban csak az\u00e9rt j\u00f6ttem, mert szeretn\u00e9k az itt megismert \u00faj dolgok, \u00f6tletek \u00e1ltal kit\u00f6rni az izol\u00e1lts\u00e1gb\u00f3l, amit az \u00e9let egy kis faluban jelent, \u00e9s emellett szeretn\u00e9m megismerni a vil\u00e1g m\u00e1s r\u00e9szein \u00e9l\u0151 emberek munk\u00e1j\u00e1t, \u00e9let\u00e9t.&#8221;<\/span><br \/>\n<span style=\"font-family: Times New Roman CE;\">A bemutatkoz\u00e1st egy \u00f3r\u00e1s csoportbesz\u00e9lget\u00e9s k\u00f6vette. A t\u00e9ma a magyar NGO-kat \u00e9rint\u0151 probl\u00e9m\u00e1k, akad\u00e1lyok volt. Kider\u00fclt, hogy az egyik legnagyobb probl\u00e9ma, ami &#8211; a p\u00e9nzhi\u00e1ny mellett &#8211; munk\u00e1nkat legjobban akad\u00e1lyozza, az egym\u00e1s ir\u00e1nti bizalom hi\u00e1nya.<\/span><br \/>\n<span style=\"font-family: Times New Roman CE;\">A szemin\u00e1rium alappill\u00e9reit az NGO-k identit\u00e1s\u00e1nak, filoz\u00f3fi\u00e1j\u00e1nak, strat\u00e9gi\u00e1j\u00e1nak \u00e9s nemzetk\u00f6zi kapcsolatainak k\u00e9rd\u00e9sei alkott\u00e1k, amelyekr\u0151l Christine Merkel \u00e9s Jos\u00e9 Ignacio L\u00f3pez Soria besz\u00e9lt. Az egyes t\u00e9m\u00e1k bemutat\u00e1sa ut\u00e1n a r\u00e9sztvev\u0151k h\u00e1rom csoportban besz\u00e9lt\u00e9k meg az el\u0151ad\u00f3k \u00e1ltal felvetettt k\u00e9rd\u00e9seket:<\/span><br \/>\n<span style=\"font-family: Times New Roman CE;\">Az identit\u00e1s t\u00e9mak\u00f6r\u00e9ben:<\/span><br \/>\n<span style=\"font-family: Times New Roman CE;\">&#8211; az NGO-k szerepe \u00e9s az \u0151ket \u00e9rint\u0151 kih\u00edv\u00e1sok,<\/span><br \/>\n<span style=\"font-family: Times New Roman CE;\">&#8211; az NGO-k k\u00f6z\u00f6tti kapcsolatok,<\/span><br \/>\n<span style=\"font-family: Times New Roman CE;\">&#8211; az NGO-k \u00e9s a civil t\u00e1rsadalom,<\/span><br \/>\n<span style=\"font-family: Times New Roman CE;\">&#8211; az NGO-k \u00e9s a korm\u00e1ny.<\/span><br \/>\n<span style=\"font-family: Times New Roman CE;\">A filoz\u00f3fia t\u00e9mak\u00f6r\u00e9ben:<\/span><br \/>\n<span style=\"font-family: Times New Roman CE;\">&#8211; az NGO-k kult\u00far\u00e1ja \u00e9s \u00e9rt\u00e9kei,<\/span><br \/>\n<span style=\"font-family: Times New Roman CE;\">&#8211; fejleszt\u00e9si koncepci\u00f3k,<\/span><br \/>\n<span style=\"font-family: Times New Roman CE;\">&#8211; fejleszt\u00e9si oktat\u00e1s.<\/span><br \/>\n<span style=\"font-family: Times New Roman CE;\">A strat\u00e9gia t\u00e9mak\u00f6r\u00e9ben:<\/span><br \/>\n<span style=\"font-family: Times New Roman CE;\">&#8211; professzionalizmus,<\/span><br \/>\n<span style=\"font-family: Times New Roman CE;\">&#8211; szervez\u00e9s,<\/span><br \/>\n<span style=\"font-family: Times New Roman CE;\">&#8211; kommunik\u00e1ci\u00f3,<\/span><br \/>\n<span style=\"font-family: Times New Roman CE;\">&#8211; forr\u00e1s management,<\/span><br \/>\n<span style=\"font-family: Times New Roman CE;\">&#8211; project (megtervez\u00e9s, kivitelez\u00e9s, \u00e9rt\u00e9kel\u00e9s).<\/span><br \/>\n<span style=\"font-family: Times New Roman CE;\">Minden csoportban volt egy jelent\u00e9stev\u0151, aki a k\u00e9rd\u00e9sek ki\u00e9rt\u00e9kel\u00e9se ut\u00e1n besz\u00e1molt a csoport munk\u00e1j\u00e1r\u00f3l.<\/span><br \/>\n<span style=\"font-family: Times New Roman CE;\">,Az NGO-k \u00e9s a korm\u00e1ny&#8221; t\u00e9mak\u00f6rben rendk\u00edv\u00fcl izgalmas vit\u00e1k sz\u00fclettek. ,Mi a magunkat a korm\u00e1nyt\u00f3l val\u00f3 elhat\u00e1rol\u00e1s megfelel\u0151 szintje? &#8211; k\u00e9rdezt\u00e9k sokan -, hiszen valahol, valahogyan mindannyian f\u00fcgg\u00fcnk t\u0151le.&#8221; N\u00e9h\u00e1nyan m\u00e9g a ,nem-korm\u00e1nyzati&#8221; sz\u00f3 helyess\u00e9g\u00e9t is megk\u00e9rd\u0151jelezt\u00e9k mondv\u00e1n, hogy valamif\u00e9le tagad\u00e1s van benne, amely sok olyan emberb\u0151l, akik k\u00fcl\u00f6nben seg\u00edten\u00e9k munk\u00e1nkat, akaratlanul is ellenkez\u00e9st v\u00e1lt ki.<\/span><br \/>\n<span style=\"font-family: Times New Roman CE;\">Este alternat\u00edv programok voltak, k\u00fcl\u00f6nb\u00f6z\u0151 szervezetek k\u00e9pvisel\u0151i besz\u00e9ltek munk\u00e1jukr\u00f3l. Hallhattuk Tomka Mikl\u00f3s, egy vall\u00e1sos szervezet vezet\u0151j\u00e9nek besz\u00e1mol\u00f3j\u00e1t k\u00e9pz\u00e9seikr\u0151l, egy m\u00e1sik alkalommal pedig P\u00e9terfi Ferenc, a K\u00f6z\u00f6ss\u00e9gfejleszt\u0151k Egyes\u00fclet\u00e9t\u0151l volt annak a besz\u00e9lget\u00e9snek a h\u00e1zigazd\u00e1ja, amelynek a c\u00edme: ,A helyi nyilv\u00e1noss\u00e1g szerepe az NGO-k \u00f6nk\u00e9ntes mozg\u00f3s\u00edt\u00e1s\u00e1ban&#8221; volt, s amelyik az \u00f6nk\u00e9ntes szervezetek \u00e9s a helyi m\u00e9diumok (\u00fajs\u00e1gok, k\u00f6z\u00f6ss\u00e9gi t\u00e9v\u00e9k, helyi r\u00e1di\u00f3k) lehets\u00e9ges kapcsolat\u00e1t vette sz\u00e1mba.<\/span><br \/>\n<span style=\"font-family: Times New Roman CE;\">A nemzetk\u00f6zi kapcsolatok t\u00e9m\u00e1ja a legt\u00f6bb r\u00e9sztvev\u0151 sz\u00e1m\u00e1ra \u00faj volt, legal\u00e1bbis a D\u00e9l-\u00c9szak kapcsolata szintj\u00e9n (a nyugati NGO-kat Christine Merkel, a d\u00e9lieket Jos\u00e9 Ignacio L\u00f3pez Soria, a bolg\u00e1rokat pedig Theodora Kosturkova mutatta be). Sokak sz\u00e1m\u00e1ra neh\u00e9z volt megl\u00e1tni a kapcsolatot a d\u00e9li \u00e9s a kelet-eur\u00f3pai NGO-k probl\u00e9m\u00e1i k\u00f6z\u00f6tt, de t\u00e9m\u00e1it &#8211; \u00e1ltal\u00e1noss\u00e1gban &#8211; mindenki \u00e9rdekesnek tal\u00e1lta.<\/span><br \/>\n<span style=\"font-family: Times New Roman CE;\">A szemin\u00e1rium utols\u00f3 est\u00e9j\u00e9n a r\u00e9sztvev\u0151k a CET (a Civil Egyes\u00fcletek \u00e9s T\u00e1rsask\u00f6r\u00f6k H\u00e1l\u00f3zata) \u00e9s a Sz\u00e9chenyi Hegyi Region\u00e1lis Egyes\u00fclet vend\u00e9gei voltak \u00e9s a besz\u00e9lget\u00e9sen r\u00e9szt vettek a p\u00e1rtok, valamint a XII. ker\u00fcleti \u00f6korm\u00e1nyzat k\u00e9pvisel\u0151i. A t\u00e9ma a civil t\u00e1rsadalom szerepe volt.<\/span><br \/>\n<span style=\"font-family: Times New Roman CE;\">A hazai NGO-k j\u00f6v\u0151beli m\u0171k\u00f6d\u00e9s\u00e9nek es\u00e9lyeir\u0151l a vend\u00e9gek \u00e9s a szervez\u0151k szak\u00e9rt\u0151k bevon\u00e1s\u00e1val egy kerekasztal-besz\u00e9lget\u00e9sen vettek r\u00e9szt. Sz\u00f3 volt egy a j\u00f6v\u0151ben, K\u00f6z\u00e9p-Kelet-Eur\u00f3p\u00e1ban lebonyol\u00edtand\u00f3 kutat\u00f3i programr\u00f3l, valamint egy a j\u00f6v\u0151 \u00e9vben Magyarorsz\u00e1gon megszervezend\u0151 hosszabb id\u0151tartam\u00fa szemin\u00e1riumr\u00f3l is, amely mintegy tal\u00e1lkoz\u00e1si pontk\u00e9nt szolg\u00e1lhatna a k\u00f6z\u00e9p- \u00e9s kelet-eur\u00f3pai NGO-k sz\u00e1m\u00e1ra.<\/span><\/p>\n<p>&nbsp;<\/p>\n<hr \/>\n<p><span style=\"font-family: Times New Roman CE;\">Gy\u00e1szolnak vil\u00e1gszerte a nem-korm\u00e1nyzati szervezetek, gy\u00e1szol az EL TALLER, gy\u00e1szolnak Magyarorsz\u00e1gon is mindazok, akik munk\u00e1juk r\u00e9v\u00e9n megismert\u00e9k \u00e9s megszerett\u00e9k SJEF THEUNIS-t, az EL TALLER (A M\u0171hely) elnevez\u00e9s\u0171, tuniszi sz\u00e9khely\u0171 nemzetk\u00f6zi szervezet f\u0151titk\u00e1r\u00e1t, aki \u00e9desanyja \u00e9s nagyn\u00e9nje jelenl\u00e9t\u00e9ben tuniszi otthon\u00e1ban hunyt el v\u00e1ratlanul, sz\u00edvroham k\u00f6vetkezt\u00e9ben 1993. m\u00e1jus 24-\u00e9n, h\u00e9tf\u0151n. Minden energi\u00e1j\u00e1t az EL TALLER megszervez\u00e9s\u00e9nek szentelte, tervei \u00e9s gondolatai nyom\u00e1n m\u00e1r er\u0151s mozgalom kezdett kibontakozni a civil t\u00e1rsadalom \u00e9p\u00edt\u00e9s\u00e9\u00e9rt \u00e9s a t\u00e1rsadalmi igazs\u00e1goss\u00e1g el\u00e9r\u00e9s\u00e9\u00e9rt. K\u00fczd\u00f6tt a D\u00e9l-D\u00e9l, \u00c9szak-D\u00e9l kapcsolatok fejleszt\u00e9s\u00e9\u00e9rt, a kultur\u00e1lis soksz\u00edn\u0171s\u00e9g tiszteletben tart\u00e1s\u00e1\u00e9rt, az alternat\u00edv fejl\u0151d\u00e9si modellek kialak\u00edt\u00e1s\u00e1\u00e9rt. Dinamizmus\u00e1nak, megsz\u00e1llotts\u00e1g\u00e1nak is k\u00f6sz\u00f6nhet\u0151, hogy 1992 szeptember\u00e9ben megny\u00edlhatott Tun\u00e9zi\u00e1ban az az oktat\u00e1si, \u00f6sszej\u00f6veteli \u00e9s elm\u00e9ly\u00fcl\u00e9si k\u00f6zpont, amely h\u00e1rom h\u00f3napos k\u00e9pz\u00e9seket k\u00edn\u00e1lt a nem-korm\u00e1nyzati szer<\/span><span style=\"font-family: Times New Roman CE;\">vezetek vezet\u0151i r\u00e9sz\u00e9re a vil\u00e1g minden sark\u00e1b\u00f3l. Figyelt Magyarorsz\u00e1gra: t\u00f6bbsz\u00f6r j\u00e1rt haz\u00e1nkban, \u00e9s 1993 m\u00e1rcius\u00e1ban el\u0151ad\u00e1st is tartott az EL TALLER-r\u0151l \u00e9s az NGO-mozgalomr\u00f3l. Seg\u00edts\u00e9ge r\u00e9v\u00e9n az 1992-ben Pr\u00e1g\u00e1ban szervezett szemin\u00e1riumon, majd az idei h\u00e1rom h\u00f3napos k\u00e9pz\u00e9sen Tun\u00e9zi\u00e1ban is fogadtak magyar r\u00e9sztvev\u0151ket, 1993 \u00e1prilis\u00e1ban pedig Budapesten tartott n\u00e9gy napos szemin\u00e1riumot az EL TALLER \u00e9s a K\u00f6z\u00f6ss\u00e9gfejleszt\u0151k Egyes\u00fclete (ld. k\u00fcl\u00f6n cikk\u00fcnket). Gondoskod\u00f3 figyelm\u00e9t, dinamizmus\u00e1t, \u00e9let\u00f6r\u00f6m\u00e9t hi\u00e1nyolni fogjuk, de igyeksz\u00fcnk folytatni munk\u00e1j\u00e1t az \u00e1ltala meg\u00e1lmodott jobb \u00e9s emberibb vil\u00e1g\u00e9rt. A Santiago de Chil\u00e9ben rendezett konferenci\u00e1n tartott bevezet\u0151 besz\u00e9d\u00e9b\u0151l vett szavakkal b\u00facs\u00fazunk t\u0151le: ,Felel\u0151ss\u00e9g\u00fcnk mint nem-korm\u00e1nyzati fejleszt\u00e9si szervezetnek abban \u00e1ll, hogy l\u00e1zadjunk az olyan t\u00e1rsadalmi berendezked\u00e9sek ellen, amelyek megengedik az igazs\u00e1gtalans\u00e1got, elt\u0171rik a szeg\u00e9nys\u00e9get \u00e9s a k\u00f6rnyezet pusztul\u00e1s\u00e1t. Etikai forradal<\/span><span style=\"font-family: Times New Roman CE;\">m\u00e1roknak kell lenn\u00fcnk. Valamennyien r\u00e9szesei vagyunk egy glob\u00e1lis t\u00e1rsadalomnak, amely elt\u0171ri milli\u00f3k perif\u00e9ri\u00e1ra sodr\u00f3d\u00e1s\u00e1t, \u00e9s ebben a k\u00e9rd\u00e9sben nem szabad toler\u00e1nsnak lenn\u00fcnk. &#8230;Egy apatikus nem-korm\u00e1nyzati fejleszt\u00e9si szervezet m\u00e1r \u00f6nmag\u00e1ban ellentmond\u00e1sos.&#8221;<\/span><br \/>\n<span style=\"font-family: Times New Roman CE;\">K\u00f6z\u00f6ss\u00e9gfejleszt\u0151k Egyes\u00fclete<\/span><\/p>\n","protected":false},"excerpt":{"rendered":"<p>A tavalyi \u00e9v m\u00e1sodik fel\u00e9t\u0151l kezd\u0151d\u0151en a K\u00f6z\u00f6ss\u00e9gfejleszt\u0151k Egyes\u00fclete intenz\u00edv inform\u00e1ci\u00f3cser\u00e9t folytatott az El Taller nev\u0171 nemzetk\u00f6zi szervezettel egy, az ez \u00e9v els\u0151 fel\u00e9ben Budapesten megtartand\u00f3 szemin\u00e1riumr\u00f3l. A k\u00fcl\u00f6nb\u00f6z\u0151 elk\u00e9pzel\u00e9sek megvitat\u00e1sa ut\u00e1n a k\u00e9t szervezet elhat\u00e1rozta, hogy egy n\u00e9gy napos szemin\u00e1riumot szervez k\u00f6z\u00f6sen, magyar nem-korm\u00e1nyzati (non-Governmental NGO) szervezetek sz\u00e1m\u00e1ra.<\/p>\n","protected":false},"author":237,"featured_media":3464,"comment_status":"open","ping_status":"open","sticky":false,"template":"","format":"standard","meta":{"_acf_changed":false,"footnotes":""},"categories":[281,8,7],"tags":[],"coauthors":[286],"class_list":["post-2075","post","type-post","status-publish","format-standard","has-post-thumbnail","hentry","category-parola-1993-3","category-parola-folyoirat","category-repertorium"],"acf":[],"yoast_head":"<!-- This site is optimized with the Yoast SEO plugin v26.7 - https:\/\/yoast.com\/wordpress\/plugins\/seo\/ -->\n<title>A j\u00f6v\u0151 kih\u00edv\u00e1sai: El Taller szemin\u00e1rium Budapesten - Parola Foly\u00f3irat<\/title>\n<meta name=\"robots\" content=\"index, follow, max-snippet:-1, max-image-preview:large, max-video-preview:-1\" \/>\n<link rel=\"canonical\" href=\"https:\/\/kofe.hu\/parola\/parola-folyoirat\/a-jovo-kihivasai-el-taller-szeminarium-budapesten\/\" \/>\n<meta property=\"og:locale\" content=\"hu_HU\" \/>\n<meta property=\"og:type\" content=\"article\" \/>\n<meta property=\"og:title\" content=\"A j\u00f6v\u0151 kih\u00edv\u00e1sai: El Taller szemin\u00e1rium Budapesten - Parola Foly\u00f3irat\" \/>\n<meta property=\"og:description\" content=\"A tavalyi \u00e9v m\u00e1sodik fel\u00e9t\u0151l kezd\u0151d\u0151en a K\u00f6z\u00f6ss\u00e9gfejleszt\u0151k Egyes\u00fclete intenz\u00edv inform\u00e1ci\u00f3cser\u00e9t folytatott az El Taller nev\u0171 nemzetk\u00f6zi szervezettel egy, az ez \u00e9v els\u0151 fel\u00e9ben Budapesten megtartand\u00f3 szemin\u00e1riumr\u00f3l. A k\u00fcl\u00f6nb\u00f6z\u0151 elk\u00e9pzel\u00e9sek megvitat\u00e1sa ut\u00e1n a k\u00e9t szervezet elhat\u00e1rozta, hogy egy n\u00e9gy napos szemin\u00e1riumot szervez k\u00f6z\u00f6sen, magyar nem-korm\u00e1nyzati (non-Governmental NGO) szervezetek sz\u00e1m\u00e1ra.\" \/>\n<meta property=\"og:url\" content=\"https:\/\/kofe.hu\/parola\/parola-folyoirat\/a-jovo-kihivasai-el-taller-szeminarium-budapesten\/\" \/>\n<meta property=\"og:site_name\" content=\"Parola Foly\u00f3irat\" \/>\n<meta property=\"article:published_time\" content=\"2020-06-24T16:57:49+00:00\" \/>\n<meta property=\"article:modified_time\" content=\"2023-05-15T09:20:51+00:00\" \/>\n<meta property=\"og:image\" content=\"https:\/\/kofe.hu\/parola\/wp-content\/uploads\/2020\/07\/93.3.jpeg\" \/>\n\t<meta property=\"og:image:width\" content=\"1392\" \/>\n\t<meta property=\"og:image:height\" content=\"1952\" \/>\n\t<meta property=\"og:image:type\" content=\"image\/jpeg\" \/>\n<meta name=\"author\" content=\"ifj. Varga Tam\u00e1s\" \/>\n<meta name=\"twitter:card\" content=\"summary_large_image\" \/>\n<meta name=\"twitter:label1\" content=\"Szerz\u0151:\" \/>\n\t<meta name=\"twitter:data1\" content=\"ifj. Varga Tam\u00e1s\" \/>\n\t<meta name=\"twitter:label2\" content=\"Becs\u00fclt olvas\u00e1si id\u0151\" \/>\n\t<meta name=\"twitter:data2\" content=\"8 perc\" \/>\n\t<meta name=\"twitter:label3\" content=\"Written by\" \/>\n\t<meta name=\"twitter:data3\" content=\"ifj. Varga Tam\u00e1s\" \/>\n<script type=\"application\/ld+json\" class=\"yoast-schema-graph\">{\"@context\":\"https:\/\/schema.org\",\"@graph\":[{\"@type\":\"Article\",\"@id\":\"https:\/\/kofe.hu\/parola\/parola-folyoirat\/a-jovo-kihivasai-el-taller-szeminarium-budapesten\/#article\",\"isPartOf\":{\"@id\":\"https:\/\/kofe.hu\/parola\/parola-folyoirat\/a-jovo-kihivasai-el-taller-szeminarium-budapesten\/\"},\"author\":{\"name\":\"ifj. Varga Tam\u00e1s\",\"@id\":\"https:\/\/kofe.hu\/parola\/#\/schema\/person\/653f5cc4de6a07b545f53c755e2c0594\"},\"headline\":\"A j\u00f6v\u0151 kih\u00edv\u00e1sai: El Taller szemin\u00e1rium Budapesten\",\"datePublished\":\"2020-06-24T16:57:49+00:00\",\"dateModified\":\"2023-05-15T09:20:51+00:00\",\"mainEntityOfPage\":{\"@id\":\"https:\/\/kofe.hu\/parola\/parola-folyoirat\/a-jovo-kihivasai-el-taller-szeminarium-budapesten\/\"},\"wordCount\":1557,\"commentCount\":0,\"image\":{\"@id\":\"https:\/\/kofe.hu\/parola\/parola-folyoirat\/a-jovo-kihivasai-el-taller-szeminarium-budapesten\/#primaryimage\"},\"thumbnailUrl\":\"https:\/\/kofe.hu\/parola\/wp-content\/uploads\/2020\/07\/93.3.jpeg\",\"articleSection\":[\"Parola 1993\/3\",\"Parola Foly\u00f3irat\",\"Repert\u00f3rium\"],\"inLanguage\":\"hu\",\"potentialAction\":[{\"@type\":\"CommentAction\",\"name\":\"Comment\",\"target\":[\"https:\/\/kofe.hu\/parola\/parola-folyoirat\/a-jovo-kihivasai-el-taller-szeminarium-budapesten\/#respond\"]}]},{\"@type\":\"WebPage\",\"@id\":\"https:\/\/kofe.hu\/parola\/parola-folyoirat\/a-jovo-kihivasai-el-taller-szeminarium-budapesten\/\",\"url\":\"https:\/\/kofe.hu\/parola\/parola-folyoirat\/a-jovo-kihivasai-el-taller-szeminarium-budapesten\/\",\"name\":\"A j\u00f6v\u0151 kih\u00edv\u00e1sai: El Taller szemin\u00e1rium Budapesten - Parola Foly\u00f3irat\",\"isPartOf\":{\"@id\":\"https:\/\/kofe.hu\/parola\/#website\"},\"primaryImageOfPage\":{\"@id\":\"https:\/\/kofe.hu\/parola\/parola-folyoirat\/a-jovo-kihivasai-el-taller-szeminarium-budapesten\/#primaryimage\"},\"image\":{\"@id\":\"https:\/\/kofe.hu\/parola\/parola-folyoirat\/a-jovo-kihivasai-el-taller-szeminarium-budapesten\/#primaryimage\"},\"thumbnailUrl\":\"https:\/\/kofe.hu\/parola\/wp-content\/uploads\/2020\/07\/93.3.jpeg\",\"datePublished\":\"2020-06-24T16:57:49+00:00\",\"dateModified\":\"2023-05-15T09:20:51+00:00\",\"author\":{\"@id\":\"https:\/\/kofe.hu\/parola\/#\/schema\/person\/653f5cc4de6a07b545f53c755e2c0594\"},\"breadcrumb\":{\"@id\":\"https:\/\/kofe.hu\/parola\/parola-folyoirat\/a-jovo-kihivasai-el-taller-szeminarium-budapesten\/#breadcrumb\"},\"inLanguage\":\"hu\",\"potentialAction\":[{\"@type\":\"ReadAction\",\"target\":[\"https:\/\/kofe.hu\/parola\/parola-folyoirat\/a-jovo-kihivasai-el-taller-szeminarium-budapesten\/\"]}]},{\"@type\":\"ImageObject\",\"inLanguage\":\"hu\",\"@id\":\"https:\/\/kofe.hu\/parola\/parola-folyoirat\/a-jovo-kihivasai-el-taller-szeminarium-budapesten\/#primaryimage\",\"url\":\"https:\/\/kofe.hu\/parola\/wp-content\/uploads\/2020\/07\/93.3.jpeg\",\"contentUrl\":\"https:\/\/kofe.hu\/parola\/wp-content\/uploads\/2020\/07\/93.3.jpeg\",\"width\":1392,\"height\":1952},{\"@type\":\"BreadcrumbList\",\"@id\":\"https:\/\/kofe.hu\/parola\/parola-folyoirat\/a-jovo-kihivasai-el-taller-szeminarium-budapesten\/#breadcrumb\",\"itemListElement\":[{\"@type\":\"ListItem\",\"position\":1,\"name\":\"Home\",\"item\":\"https:\/\/kofe.hu\/parola\/\"},{\"@type\":\"ListItem\",\"position\":2,\"name\":\"A j\u00f6v\u0151 kih\u00edv\u00e1sai: El Taller szemin\u00e1rium Budapesten\"}]},{\"@type\":\"WebSite\",\"@id\":\"https:\/\/kofe.hu\/parola\/#website\",\"url\":\"https:\/\/kofe.hu\/parola\/\",\"name\":\"Parola Foly\u00f3irat\",\"description\":\"\",\"potentialAction\":[{\"@type\":\"SearchAction\",\"target\":{\"@type\":\"EntryPoint\",\"urlTemplate\":\"https:\/\/kofe.hu\/parola\/?s={search_term_string}\"},\"query-input\":{\"@type\":\"PropertyValueSpecification\",\"valueRequired\":true,\"valueName\":\"search_term_string\"}}],\"inLanguage\":\"hu\"},{\"@type\":\"Person\",\"@id\":\"https:\/\/kofe.hu\/parola\/#\/schema\/person\/653f5cc4de6a07b545f53c755e2c0594\",\"name\":\"ifj. Varga Tam\u00e1s\",\"image\":{\"@type\":\"ImageObject\",\"inLanguage\":\"hu\",\"@id\":\"https:\/\/kofe.hu\/parola\/#\/schema\/person\/image\/7272e0f5620d854e69828155ef93c2cb\",\"url\":\"https:\/\/secure.gravatar.com\/avatar\/564fa5665c7fa2afce75524f45134381f23897d890c49c0f4e35e0662debd0d7?s=96&d=mm&r=g\",\"contentUrl\":\"https:\/\/secure.gravatar.com\/avatar\/564fa5665c7fa2afce75524f45134381f23897d890c49c0f4e35e0662debd0d7?s=96&d=mm&r=g\",\"caption\":\"ifj. Varga Tam\u00e1s\"},\"url\":\"https:\/\/kofe.hu\/parola\/szerzok\/ifj-varga-tamas\/\"}]}<\/script>\n<!-- \/ Yoast SEO plugin. -->","yoast_head_json":{"title":"A j\u00f6v\u0151 kih\u00edv\u00e1sai: El Taller szemin\u00e1rium Budapesten - Parola Foly\u00f3irat","robots":{"index":"index","follow":"follow","max-snippet":"max-snippet:-1","max-image-preview":"max-image-preview:large","max-video-preview":"max-video-preview:-1"},"canonical":"https:\/\/kofe.hu\/parola\/parola-folyoirat\/a-jovo-kihivasai-el-taller-szeminarium-budapesten\/","og_locale":"hu_HU","og_type":"article","og_title":"A j\u00f6v\u0151 kih\u00edv\u00e1sai: El Taller szemin\u00e1rium Budapesten - Parola Foly\u00f3irat","og_description":"A tavalyi \u00e9v m\u00e1sodik fel\u00e9t\u0151l kezd\u0151d\u0151en a K\u00f6z\u00f6ss\u00e9gfejleszt\u0151k Egyes\u00fclete intenz\u00edv inform\u00e1ci\u00f3cser\u00e9t folytatott az El Taller nev\u0171 nemzetk\u00f6zi szervezettel egy, az ez \u00e9v els\u0151 fel\u00e9ben Budapesten megtartand\u00f3 szemin\u00e1riumr\u00f3l. A k\u00fcl\u00f6nb\u00f6z\u0151 elk\u00e9pzel\u00e9sek megvitat\u00e1sa ut\u00e1n a k\u00e9t szervezet elhat\u00e1rozta, hogy egy n\u00e9gy napos szemin\u00e1riumot szervez k\u00f6z\u00f6sen, magyar nem-korm\u00e1nyzati (non-Governmental NGO) szervezetek sz\u00e1m\u00e1ra.","og_url":"https:\/\/kofe.hu\/parola\/parola-folyoirat\/a-jovo-kihivasai-el-taller-szeminarium-budapesten\/","og_site_name":"Parola Foly\u00f3irat","article_published_time":"2020-06-24T16:57:49+00:00","article_modified_time":"2023-05-15T09:20:51+00:00","og_image":[{"width":1392,"height":1952,"url":"https:\/\/kofe.hu\/parola\/wp-content\/uploads\/2020\/07\/93.3.jpeg","type":"image\/jpeg"}],"author":"ifj. Varga Tam\u00e1s","twitter_card":"summary_large_image","twitter_misc":{"Szerz\u0151:":"ifj. Varga Tam\u00e1s","Becs\u00fclt olvas\u00e1si id\u0151":"8 perc","Written by":"ifj. Varga Tam\u00e1s"},"schema":{"@context":"https:\/\/schema.org","@graph":[{"@type":"Article","@id":"https:\/\/kofe.hu\/parola\/parola-folyoirat\/a-jovo-kihivasai-el-taller-szeminarium-budapesten\/#article","isPartOf":{"@id":"https:\/\/kofe.hu\/parola\/parola-folyoirat\/a-jovo-kihivasai-el-taller-szeminarium-budapesten\/"},"author":{"name":"ifj. Varga Tam\u00e1s","@id":"https:\/\/kofe.hu\/parola\/#\/schema\/person\/653f5cc4de6a07b545f53c755e2c0594"},"headline":"A j\u00f6v\u0151 kih\u00edv\u00e1sai: El Taller szemin\u00e1rium Budapesten","datePublished":"2020-06-24T16:57:49+00:00","dateModified":"2023-05-15T09:20:51+00:00","mainEntityOfPage":{"@id":"https:\/\/kofe.hu\/parola\/parola-folyoirat\/a-jovo-kihivasai-el-taller-szeminarium-budapesten\/"},"wordCount":1557,"commentCount":0,"image":{"@id":"https:\/\/kofe.hu\/parola\/parola-folyoirat\/a-jovo-kihivasai-el-taller-szeminarium-budapesten\/#primaryimage"},"thumbnailUrl":"https:\/\/kofe.hu\/parola\/wp-content\/uploads\/2020\/07\/93.3.jpeg","articleSection":["Parola 1993\/3","Parola Foly\u00f3irat","Repert\u00f3rium"],"inLanguage":"hu","potentialAction":[{"@type":"CommentAction","name":"Comment","target":["https:\/\/kofe.hu\/parola\/parola-folyoirat\/a-jovo-kihivasai-el-taller-szeminarium-budapesten\/#respond"]}]},{"@type":"WebPage","@id":"https:\/\/kofe.hu\/parola\/parola-folyoirat\/a-jovo-kihivasai-el-taller-szeminarium-budapesten\/","url":"https:\/\/kofe.hu\/parola\/parola-folyoirat\/a-jovo-kihivasai-el-taller-szeminarium-budapesten\/","name":"A j\u00f6v\u0151 kih\u00edv\u00e1sai: El Taller szemin\u00e1rium Budapesten - Parola Foly\u00f3irat","isPartOf":{"@id":"https:\/\/kofe.hu\/parola\/#website"},"primaryImageOfPage":{"@id":"https:\/\/kofe.hu\/parola\/parola-folyoirat\/a-jovo-kihivasai-el-taller-szeminarium-budapesten\/#primaryimage"},"image":{"@id":"https:\/\/kofe.hu\/parola\/parola-folyoirat\/a-jovo-kihivasai-el-taller-szeminarium-budapesten\/#primaryimage"},"thumbnailUrl":"https:\/\/kofe.hu\/parola\/wp-content\/uploads\/2020\/07\/93.3.jpeg","datePublished":"2020-06-24T16:57:49+00:00","dateModified":"2023-05-15T09:20:51+00:00","author":{"@id":"https:\/\/kofe.hu\/parola\/#\/schema\/person\/653f5cc4de6a07b545f53c755e2c0594"},"breadcrumb":{"@id":"https:\/\/kofe.hu\/parola\/parola-folyoirat\/a-jovo-kihivasai-el-taller-szeminarium-budapesten\/#breadcrumb"},"inLanguage":"hu","potentialAction":[{"@type":"ReadAction","target":["https:\/\/kofe.hu\/parola\/parola-folyoirat\/a-jovo-kihivasai-el-taller-szeminarium-budapesten\/"]}]},{"@type":"ImageObject","inLanguage":"hu","@id":"https:\/\/kofe.hu\/parola\/parola-folyoirat\/a-jovo-kihivasai-el-taller-szeminarium-budapesten\/#primaryimage","url":"https:\/\/kofe.hu\/parola\/wp-content\/uploads\/2020\/07\/93.3.jpeg","contentUrl":"https:\/\/kofe.hu\/parola\/wp-content\/uploads\/2020\/07\/93.3.jpeg","width":1392,"height":1952},{"@type":"BreadcrumbList","@id":"https:\/\/kofe.hu\/parola\/parola-folyoirat\/a-jovo-kihivasai-el-taller-szeminarium-budapesten\/#breadcrumb","itemListElement":[{"@type":"ListItem","position":1,"name":"Home","item":"https:\/\/kofe.hu\/parola\/"},{"@type":"ListItem","position":2,"name":"A j\u00f6v\u0151 kih\u00edv\u00e1sai: El Taller szemin\u00e1rium Budapesten"}]},{"@type":"WebSite","@id":"https:\/\/kofe.hu\/parola\/#website","url":"https:\/\/kofe.hu\/parola\/","name":"Parola Foly\u00f3irat","description":"","potentialAction":[{"@type":"SearchAction","target":{"@type":"EntryPoint","urlTemplate":"https:\/\/kofe.hu\/parola\/?s={search_term_string}"},"query-input":{"@type":"PropertyValueSpecification","valueRequired":true,"valueName":"search_term_string"}}],"inLanguage":"hu"},{"@type":"Person","@id":"https:\/\/kofe.hu\/parola\/#\/schema\/person\/653f5cc4de6a07b545f53c755e2c0594","name":"ifj. Varga Tam\u00e1s","image":{"@type":"ImageObject","inLanguage":"hu","@id":"https:\/\/kofe.hu\/parola\/#\/schema\/person\/image\/7272e0f5620d854e69828155ef93c2cb","url":"https:\/\/secure.gravatar.com\/avatar\/564fa5665c7fa2afce75524f45134381f23897d890c49c0f4e35e0662debd0d7?s=96&d=mm&r=g","contentUrl":"https:\/\/secure.gravatar.com\/avatar\/564fa5665c7fa2afce75524f45134381f23897d890c49c0f4e35e0662debd0d7?s=96&d=mm&r=g","caption":"ifj. Varga Tam\u00e1s"},"url":"https:\/\/kofe.hu\/parola\/szerzok\/ifj-varga-tamas\/"}]}},"_links":{"self":[{"href":"https:\/\/kofe.hu\/parola\/wp-json\/wp\/v2\/posts\/2075","targetHints":{"allow":["GET"]}}],"collection":[{"href":"https:\/\/kofe.hu\/parola\/wp-json\/wp\/v2\/posts"}],"about":[{"href":"https:\/\/kofe.hu\/parola\/wp-json\/wp\/v2\/types\/post"}],"author":[{"embeddable":true,"href":"https:\/\/kofe.hu\/parola\/wp-json\/wp\/v2\/users\/237"}],"replies":[{"embeddable":true,"href":"https:\/\/kofe.hu\/parola\/wp-json\/wp\/v2\/comments?post=2075"}],"version-history":[{"count":3,"href":"https:\/\/kofe.hu\/parola\/wp-json\/wp\/v2\/posts\/2075\/revisions"}],"predecessor-version":[{"id":7356,"href":"https:\/\/kofe.hu\/parola\/wp-json\/wp\/v2\/posts\/2075\/revisions\/7356"}],"wp:featuredmedia":[{"embeddable":true,"href":"https:\/\/kofe.hu\/parola\/wp-json\/wp\/v2\/media\/3464"}],"wp:attachment":[{"href":"https:\/\/kofe.hu\/parola\/wp-json\/wp\/v2\/media?parent=2075"}],"wp:term":[{"taxonomy":"category","embeddable":true,"href":"https:\/\/kofe.hu\/parola\/wp-json\/wp\/v2\/categories?post=2075"},{"taxonomy":"post_tag","embeddable":true,"href":"https:\/\/kofe.hu\/parola\/wp-json\/wp\/v2\/tags?post=2075"},{"taxonomy":"author","embeddable":true,"href":"https:\/\/kofe.hu\/parola\/wp-json\/wp\/v2\/coauthors?post=2075"}],"curies":[{"name":"wp","href":"https:\/\/api.w.org\/{rel}","templated":true}]}}