{"id":2071,"date":"2020-06-24T16:52:44","date_gmt":"2020-06-24T16:52:44","guid":{"rendered":"https:\/\/kofe.hu\/parola\/?p=2071"},"modified":"2020-07-30T17:12:21","modified_gmt":"2020-07-30T17:12:21","slug":"a-kulturalis-fejlesztes-strategiai-es-az-alapmuveltseg-falun-1993-aprilis-15-17-salamaca-spanyolorszag","status":"publish","type":"post","link":"https:\/\/kofe.hu\/parola\/parola-folyoirat\/a-kulturalis-fejlesztes-strategiai-es-az-alapmuveltseg-falun-1993-aprilis-15-17-salamaca-spanyolorszag\/","title":{"rendered":"A kultur\u00e1lis fejleszt\u00e9s strat\u00e9gi\u00e1i \u00e9s az alapm\u0171velts\u00e9g falun: 1993. \u00e1prilis 15-17. Salamaca. Spanyolorsz\u00e1g"},"content":{"rendered":"<p style=\"text-align: justify;\"><span style=\"font-family: Times New Roman CE;\">A fest\u0151i sz\u00e9ps\u00e9g\u0171 800 \u00e9ves spanyol egyetemi v\u00e1ros adott helyt az UNESCO hamburgi oktat\u00e1si int\u00e9zete szemin\u00e1rium\u00e1nak, amelyen 11 orsz\u00e1g (Anglia, Belgium, Csehorsz\u00e1g, Kanada, Magyarorsz\u00e1g, Spanyolorsz\u00e1g, Szlov\u00e1kia, Szlov\u00e9nia, Portug\u00e1lia, Rom\u00e1nia, USA) 35 k\u00f6z\u00f6ss\u00e9gfejleszt\u0151, k\u00f6zm\u0171vel\u0151d\u00e9si \u00e9s feln\u0151ttoktat\u00e1si szakembere vett r\u00e9szt. <\/span><\/p>\n<p><!--more--><\/p>\n<p style=\"text-align: justify;\"><span style=\"font-family: Times New Roman CE;\">A k\u00e9t \u00e9s f\u00e9lnapos konferencia egy t\u00f6bb\u00e9ves nemzetk\u00f6zi egy\u00fcttm\u0171k\u00f6d\u00e9snek a z\u00e1r\u00f3 aktusa volt, amelyen a k\u00fcld\u00f6ttek sz\u00e1mot adtak egym\u00e1snak kutat\u00e1si eredm\u00e9nyeikr\u0151l az amerikai Appalache hegyvid\u00e9k munk\u00e1jukat vesztett b\u00e1ny\u00e1szainak k\u00f6r\u00e9ben folytatott \u00f6nbizalomfejleszt\u0151 k\u00eds\u00e9rletekt\u0151l a szlov\u00e1kiai K\u00f6rm\u00f6cb\u00e1nya cig\u00e1ny lakoss\u00e1g\u00e1val v\u00e9gzett szocio-kultur\u00e1lis foglalkoz\u00e1sokig. Az egym\u00e1s \u00e1ltal bemutatott \u00e9s megvitatott tanulm\u00e1nyok egy vaskos k\u00f6tetben l\u00e1tnak majd napvil\u00e1got ALPHA 94 c\u00edmmel, amelyben Magyarorsz\u00e1got Dr. Balipap Ferenc monogr\u00e1fi\u00e1ja fogja k\u00e9pviselni ,Gyulaj k\u00f6zs\u00e9g helyi kult\u00far\u00e1ja \u00e9s t\u00e1rsadalma&#8221; c\u00edmmel. A szemin\u00e1rium \u00edr\u00e1sos anyagai, a forg\u00f3sz\u00ednpadszer\u0171en egym\u00e1st k\u00f6vet\u0151 kutat\u00e1si besz\u00e1mol\u00f3k, a m\u0171helymunka-megbesz\u00e9l\u00e9sek, valamint a hivatalos programon k\u00edv\u00fcli igen intenz\u00edv k\u00f6tetlen eszmecser\u00e9k a falu kultur\u00e1lis fejleszt\u00e9s\u00e9nek \u00e9s az alapm\u0171velts\u00e9g emel\u00e9s\u00e9nek igen gazdag \u00e9s sokoldal\u00faan megk\u00f6zel\u00edtett val\u00f3s\u00e1g\u00e1t \u00e9s megold\u00e1si lehet\u0151s\u00e9geit t\u00e1rt\u00e1k fel, amely tanuls\u00e1gul szolg\u00e1lhat a hazai k\u00f6z\u00f6ss\u00e9gfejleszt\u00e9s, strat\u00e9giakeres\u00e9s sz\u00e1m\u00e1ra is.<\/span><\/p>\n<p style=\"text-align: justify;\"><span style=\"font-family: Times New Roman CE;\">Tengeren innen \u00e9s t\u00fal ism\u00e9telten kimondatott az az \u00f6r\u00f6k \u00e9rv\u00e9ny\u0171 alapigazs\u00e1g, hogy ,Nem az iskol\u00e1nak, hanem az \u00e9letnek tanulunk&#8221;. Ha igaz ez a gyermek tanul\u00e1s\u00e1ra n\u00e9zve, sz\u00e1zszorta, ezerszerte \u00e9rv\u00e9nyes ez a feln\u0151ttek m\u0171vel\u00e9s\u00e9re, fejleszt\u00e9s\u00e9re, akik egy\u00e9ni, csal\u00e1di boldogul\u00e1sukhoz, lak\u00f3hely\u00fck szebb\u00e9 \u00e9s jobb\u00e1 t\u00e9tel\u00e9hez v\u00e1rnak seg\u00edts\u00e9get a m\u0171vel\u0151d\u00e9st\u0151l, ismereteik gyarap\u00edt\u00e1s\u00e1t\u00f3l. Az alapm\u0171velts\u00e9g fogalma &#8211; \u00e1llap\u00edtotta meg egybehangz\u00f3an a tan\u00e1cskoz\u00e1s &#8211; nem korl\u00e1tozhat az iskol\u00e1ban tanultakra, \u00e9s eredm\u00e9nyess\u00e9g\u00e9t nem lehet oszt\u00e1lyzatokban, vizsgak\u00f6vetelm\u00e9nyekben kifejezni. Sokkal ink\u00e1bb sz\u00fcks\u00e9g van egy olyan tud\u00e1sra \u00e9s alapm\u0171velts\u00e9gre, amely az egy\u00e9n, a k\u00f6z\u00f6ss\u00e9g, a telep\u00fcl\u00e9s nap mint nap t\u00f6rt\u00e9n\u0151 ,\u00fajratermel\u00e9s\u00e9hez&#8221; sz\u00fcks\u00e9ges. Ez az \u00fagynevezett ,funkcion\u00e1lis alapm\u0171velts\u00e9g&#8221;, a nemzetk\u00f6zi terminol\u00f3gi\u00e1val \u00e9lve: a ,functional literacy&#8221;. Ez azt is jelenti, hogy a m\u0171velts\u00e9gfejleszt\u0151 aktivit\u00e1sok csak akkor lehetnek eredm\u00e9nyesek, ha nem maradnak meg elszigetelt kezdem\u00e9nyez\u00e9seknek, hanem szerves r\u00e9szei egy \u00e1tfog\u00f3 k\u00f6z\u00f6ss\u00e9g- \u00e9s telep\u00fcl\u00e9sfejleszt\u0151 folyamatnak, amely falusi viszonyok k\u00f6z\u00f6tt a szeg\u00e9nys\u00e9g, az elszigetelts\u00e9g, a v\u00e1rosba t\u00f6rt\u00e9n\u0151 elv\u00e1ndorl\u00e1s f\u00e9kez\u00e9se, lek\u00fczd\u00e9se ellen ir\u00e1nyul.<\/span><\/p>\n<p style=\"text-align: justify;\"><span style=\"font-family: Times New Roman CE;\">A k\u00f6z\u00f6ss\u00e9gfejleszt\u0151, alapm\u0171velts\u00e9get seg\u00edt\u0151 programokban az alapvet\u0151 strat\u00e9gia az &#8211; eddigi meggy\u0151z\u0151d\u00e9s\u00fcnkben m\u00e9g ink\u00e1bb meger\u0151s\u00f6dve hoztuk haza \u00fatraval\u00f3ul -, hogy fel kell ismerni a helyi t\u00e1rsadalmakban fellelhet\u0151, spont\u00e1n-bel\u00fclr\u0151l kiindul\u00f3 dinamikus er\u0151ket, csoportosul\u00e1sokat, k\u00f6z\u00f6ss\u00e9geket, amelyek kibontakoz\/tat\/\u00e1s\u00e1val minden rem\u00e9ny meg van arra, hogy el lehet h\u00e1r\u00edtani a falu kultur\u00e1lis fejl\u0151d\u00e9se, fejleszt\u00e9se el\u0151tt tornyosul\u00f3 szubjekt\u00edv \u00e9s objekt\u00edv akad\u00e1lyokat. Amennyiben a falu gazdas\u00e1gi, t\u00e1rsadalmi k\u00f6rnyezet\u00e9n az \u00f6nszervez\u0151d\u00e9s folyamata m\u00e1r t\u00faljutott az eggy\u00e9forr\u00e1s halmaz\u00e1llapot\u00e1n, a fejleszt\u00e9s k\u00f6vetkez\u0151 l\u00e9pcs\u0151je lehet az azonos r\u00e9gi\u00f3kban l\u00e9trej\u00f6tt k\u00f6z\u00f6ss\u00e9gek, egyes\u00fcletek, illetve a jobb\u00edt\u00e1s feladat\u00e1t \u00f6nk\u00e9nt magukra v\u00e1llal\u00f3 egy\u00e9nek egym\u00e1sra tal\u00e1l\u00e1sa, egy\u00fcttm\u0171k\u00f6d\u00e9se. Ehhez lehet eszk\u00f6z \u00e9s sz\u00fcks\u00e9glet olyan alapvet\u0151 ismeretek \u00e9s k\u00e9szs\u00e9gek elsaj\u00e1t\u00edt\u00e1sa, mint az alapvet\u0151 kommunik\u00e1ci\u00f3s k\u00e9szs\u00e9g, nyilv\u00e1nos szerepl\u00e9s, az egy\u00e9ni \u00e9s kollekt\u00edv \u00e9rdek\u00e9rv\u00e9nyes\u00edt\u00e9s ,megtanul\u00e1sa&#8221;. Megk\u00fcl\u00f6nb\u00f6ztetett figyelmet kaptak az el\u0151zetes kutat\u00e1sokban \u00e9s k\u00eds\u00e9rletekben, \u00edgy a szemin\u00e1riumon is a kisebbs\u00e9gek kult\u00far\u00e1j\u00e1nak, m\u0171vel\u0151d\u00e9s\u00e9nek fejleszt\u00e9se, ugyanakkor v\u00e9delme \u00e9s meg\u0151rz\u00e9se, D\u00e9l- \u00e9s K\u00f6z\u00e9p-Eur\u00f3p\u00e1ban pedig a cig\u00e1ny n\u00e9pess\u00e9g szocio-kultur\u00e1lis felemel\u00e9s\u00e9re kell t\u00f6rekedni, \u00f6nszervez\u0151d\u00e9s\u00fckre, meg\u0151rzend\u0151 hagyom\u00e1nyaikra \u00e9p\u00edtve.<\/span><\/p>\n<p style=\"text-align: justify;\"><span style=\"font-family: Times New Roman CE;\">A magyar r\u00e9szr\u0151l bemutatott gyulaji telep\u00fcl\u00e9s- \u00e9s k\u00f6z\u00f6ss\u00e9gfejleszt\u0151 folyamat j\u00f3l illett a szemin\u00e1rium szellem\u00e9hez, filoz\u00f3fi\u00e1j\u00e1hoz. Els\u0151sorban az\u00e9rt, mert az alapm\u0171velts\u00e9g \u00e9s a kult\u00fara fejleszt\u00e9s\u00e9t a telep\u00fcl\u00e9s globalit\u00e1s\u00e1ban, annak \u00e1tfog\u00f3 t\u00f6rt\u00e9nelmi, gazdas\u00e1gi, t\u00e1rsadalmi, politikai kontextus\u00e1ban vizsg\u00e1lta, k\u00f6z\u00e9ppontj\u00e1ba \u00e1ll\u00edtva a cig\u00e1nys\u00e1g helyzet\u00e9t, szocializ\u00e1ci\u00f3j\u00e1nak eredm\u00e9nyeit, ellentmond\u00e1sait. De tetszett a tanulm\u00e1ny az\u00e9rt is, mert \u00e9letszer\u0171s\u00e9g\u00e9ben, konkr\u00e9ts\u00e1g\u00e1ban sok tekintetben p\u00e9ld\u00e1ja lehetett nemcsak egy magyar, hanem egy k\u00f6z\u00e9p-kelet-eur\u00f3pai fejl\u0151d\u00e9s\u00e9ben megg\u00e1tolt, majd az erk\u00f6lcsi \u00e9s materi\u00e1lis tehert\u00e9teleket lassan-lassan lek\u00fczd\u0151 \u00e9s \u00f6ner\u0151b\u0151l talpra\u00e1ll\u00f3 k\u00f6zs\u00e9gnek.<\/span><\/p>\n","protected":false},"excerpt":{"rendered":"<p>A fest\u0151i sz\u00e9ps\u00e9g\u0171 800 \u00e9ves spanyol egyetemi v\u00e1ros adott helyt az UNESCO hamburgi oktat\u00e1si int\u00e9zete szemin\u00e1rium\u00e1nak, amelyen 11 orsz\u00e1g (Anglia, Belgium, Csehorsz\u00e1g, Kanada, Magyarorsz\u00e1g, Spanyolorsz\u00e1g, Szlov\u00e1kia, Szlov\u00e9nia, Portug\u00e1lia, Rom\u00e1nia, USA) 35 k\u00f6z\u00f6ss\u00e9gfejleszt\u0151, k\u00f6zm\u0171vel\u0151d\u00e9si \u00e9s feln\u0151ttoktat\u00e1si szakembere vett r\u00e9szt.<\/p>\n","protected":false},"author":235,"featured_media":3464,"comment_status":"open","ping_status":"open","sticky":false,"template":"","format":"standard","meta":{"_acf_changed":false,"footnotes":""},"categories":[281,8,7],"tags":[],"coauthors":[284],"class_list":["post-2071","post","type-post","status-publish","format-standard","has-post-thumbnail","hentry","category-parola-1993-3","category-parola-folyoirat","category-repertorium"],"acf":[],"yoast_head":"<!-- This site is optimized with the Yoast SEO plugin v26.7 - https:\/\/yoast.com\/wordpress\/plugins\/seo\/ -->\n<title>A kultur\u00e1lis fejleszt\u00e9s strat\u00e9gi\u00e1i \u00e9s az alapm\u0171velts\u00e9g falun: 1993. \u00e1prilis 15-17. Salamaca. Spanyolorsz\u00e1g - Parola Foly\u00f3irat<\/title>\n<meta name=\"robots\" content=\"index, follow, max-snippet:-1, max-image-preview:large, max-video-preview:-1\" \/>\n<link rel=\"canonical\" href=\"https:\/\/kofe.hu\/parola\/parola-folyoirat\/a-kulturalis-fejlesztes-strategiai-es-az-alapmuveltseg-falun-1993-aprilis-15-17-salamaca-spanyolorszag\/\" \/>\n<meta property=\"og:locale\" content=\"hu_HU\" \/>\n<meta property=\"og:type\" content=\"article\" \/>\n<meta property=\"og:title\" content=\"A kultur\u00e1lis fejleszt\u00e9s strat\u00e9gi\u00e1i \u00e9s az alapm\u0171velts\u00e9g falun: 1993. \u00e1prilis 15-17. Salamaca. Spanyolorsz\u00e1g - Parola Foly\u00f3irat\" \/>\n<meta property=\"og:description\" content=\"A fest\u0151i sz\u00e9ps\u00e9g\u0171 800 \u00e9ves spanyol egyetemi v\u00e1ros adott helyt az UNESCO hamburgi oktat\u00e1si int\u00e9zete szemin\u00e1rium\u00e1nak, amelyen 11 orsz\u00e1g (Anglia, Belgium, Csehorsz\u00e1g, Kanada, Magyarorsz\u00e1g, Spanyolorsz\u00e1g, Szlov\u00e1kia, Szlov\u00e9nia, Portug\u00e1lia, Rom\u00e1nia, USA) 35 k\u00f6z\u00f6ss\u00e9gfejleszt\u0151, k\u00f6zm\u0171vel\u0151d\u00e9si \u00e9s feln\u0151ttoktat\u00e1si szakembere vett r\u00e9szt.\" \/>\n<meta property=\"og:url\" content=\"https:\/\/kofe.hu\/parola\/parola-folyoirat\/a-kulturalis-fejlesztes-strategiai-es-az-alapmuveltseg-falun-1993-aprilis-15-17-salamaca-spanyolorszag\/\" \/>\n<meta property=\"og:site_name\" content=\"Parola Foly\u00f3irat\" \/>\n<meta property=\"article:published_time\" content=\"2020-06-24T16:52:44+00:00\" \/>\n<meta property=\"article:modified_time\" content=\"2020-07-30T17:12:21+00:00\" \/>\n<meta property=\"og:image\" content=\"https:\/\/kofe.hu\/parola\/wp-content\/uploads\/2020\/07\/93.3.jpeg\" \/>\n\t<meta property=\"og:image:width\" content=\"1392\" \/>\n\t<meta property=\"og:image:height\" content=\"1952\" \/>\n\t<meta property=\"og:image:type\" content=\"image\/jpeg\" \/>\n<meta name=\"author\" content=\"Harangi L\u00e1szl\u00f3\" \/>\n<meta name=\"twitter:card\" content=\"summary_large_image\" \/>\n<meta name=\"twitter:label1\" content=\"Szerz\u0151:\" \/>\n\t<meta name=\"twitter:data1\" content=\"Harangi L\u00e1szl\u00f3\" \/>\n\t<meta name=\"twitter:label2\" content=\"Becs\u00fclt olvas\u00e1si id\u0151\" \/>\n\t<meta name=\"twitter:data2\" content=\"5 perc\" \/>\n\t<meta name=\"twitter:label3\" content=\"Written by\" \/>\n\t<meta name=\"twitter:data3\" content=\"Harangi L\u00e1szl\u00f3\" \/>\n<script type=\"application\/ld+json\" class=\"yoast-schema-graph\">{\"@context\":\"https:\/\/schema.org\",\"@graph\":[{\"@type\":\"Article\",\"@id\":\"https:\/\/kofe.hu\/parola\/parola-folyoirat\/a-kulturalis-fejlesztes-strategiai-es-az-alapmuveltseg-falun-1993-aprilis-15-17-salamaca-spanyolorszag\/#article\",\"isPartOf\":{\"@id\":\"https:\/\/kofe.hu\/parola\/parola-folyoirat\/a-kulturalis-fejlesztes-strategiai-es-az-alapmuveltseg-falun-1993-aprilis-15-17-salamaca-spanyolorszag\/\"},\"author\":{\"name\":\"Harangi L\u00e1szl\u00f3\",\"@id\":\"https:\/\/kofe.hu\/parola\/#\/schema\/person\/b5841aaa38e15afe37186930ca4ac238\"},\"headline\":\"A kultur\u00e1lis fejleszt\u00e9s strat\u00e9gi\u00e1i \u00e9s az alapm\u0171velts\u00e9g falun: 1993. \u00e1prilis 15-17. Salamaca. Spanyolorsz\u00e1g\",\"datePublished\":\"2020-06-24T16:52:44+00:00\",\"dateModified\":\"2020-07-30T17:12:21+00:00\",\"mainEntityOfPage\":{\"@id\":\"https:\/\/kofe.hu\/parola\/parola-folyoirat\/a-kulturalis-fejlesztes-strategiai-es-az-alapmuveltseg-falun-1993-aprilis-15-17-salamaca-spanyolorszag\/\"},\"wordCount\":975,\"commentCount\":0,\"image\":{\"@id\":\"https:\/\/kofe.hu\/parola\/parola-folyoirat\/a-kulturalis-fejlesztes-strategiai-es-az-alapmuveltseg-falun-1993-aprilis-15-17-salamaca-spanyolorszag\/#primaryimage\"},\"thumbnailUrl\":\"https:\/\/kofe.hu\/parola\/wp-content\/uploads\/2020\/07\/93.3.jpeg\",\"articleSection\":[\"Parola 1993\/3\",\"Parola Foly\u00f3irat\",\"Repert\u00f3rium\"],\"inLanguage\":\"hu\",\"potentialAction\":[{\"@type\":\"CommentAction\",\"name\":\"Comment\",\"target\":[\"https:\/\/kofe.hu\/parola\/parola-folyoirat\/a-kulturalis-fejlesztes-strategiai-es-az-alapmuveltseg-falun-1993-aprilis-15-17-salamaca-spanyolorszag\/#respond\"]}]},{\"@type\":\"WebPage\",\"@id\":\"https:\/\/kofe.hu\/parola\/parola-folyoirat\/a-kulturalis-fejlesztes-strategiai-es-az-alapmuveltseg-falun-1993-aprilis-15-17-salamaca-spanyolorszag\/\",\"url\":\"https:\/\/kofe.hu\/parola\/parola-folyoirat\/a-kulturalis-fejlesztes-strategiai-es-az-alapmuveltseg-falun-1993-aprilis-15-17-salamaca-spanyolorszag\/\",\"name\":\"A kultur\u00e1lis fejleszt\u00e9s strat\u00e9gi\u00e1i \u00e9s az alapm\u0171velts\u00e9g falun: 1993. \u00e1prilis 15-17. Salamaca. Spanyolorsz\u00e1g - Parola Foly\u00f3irat\",\"isPartOf\":{\"@id\":\"https:\/\/kofe.hu\/parola\/#website\"},\"primaryImageOfPage\":{\"@id\":\"https:\/\/kofe.hu\/parola\/parola-folyoirat\/a-kulturalis-fejlesztes-strategiai-es-az-alapmuveltseg-falun-1993-aprilis-15-17-salamaca-spanyolorszag\/#primaryimage\"},\"image\":{\"@id\":\"https:\/\/kofe.hu\/parola\/parola-folyoirat\/a-kulturalis-fejlesztes-strategiai-es-az-alapmuveltseg-falun-1993-aprilis-15-17-salamaca-spanyolorszag\/#primaryimage\"},\"thumbnailUrl\":\"https:\/\/kofe.hu\/parola\/wp-content\/uploads\/2020\/07\/93.3.jpeg\",\"datePublished\":\"2020-06-24T16:52:44+00:00\",\"dateModified\":\"2020-07-30T17:12:21+00:00\",\"author\":{\"@id\":\"https:\/\/kofe.hu\/parola\/#\/schema\/person\/b5841aaa38e15afe37186930ca4ac238\"},\"breadcrumb\":{\"@id\":\"https:\/\/kofe.hu\/parola\/parola-folyoirat\/a-kulturalis-fejlesztes-strategiai-es-az-alapmuveltseg-falun-1993-aprilis-15-17-salamaca-spanyolorszag\/#breadcrumb\"},\"inLanguage\":\"hu\",\"potentialAction\":[{\"@type\":\"ReadAction\",\"target\":[\"https:\/\/kofe.hu\/parola\/parola-folyoirat\/a-kulturalis-fejlesztes-strategiai-es-az-alapmuveltseg-falun-1993-aprilis-15-17-salamaca-spanyolorszag\/\"]}]},{\"@type\":\"ImageObject\",\"inLanguage\":\"hu\",\"@id\":\"https:\/\/kofe.hu\/parola\/parola-folyoirat\/a-kulturalis-fejlesztes-strategiai-es-az-alapmuveltseg-falun-1993-aprilis-15-17-salamaca-spanyolorszag\/#primaryimage\",\"url\":\"https:\/\/kofe.hu\/parola\/wp-content\/uploads\/2020\/07\/93.3.jpeg\",\"contentUrl\":\"https:\/\/kofe.hu\/parola\/wp-content\/uploads\/2020\/07\/93.3.jpeg\",\"width\":1392,\"height\":1952},{\"@type\":\"BreadcrumbList\",\"@id\":\"https:\/\/kofe.hu\/parola\/parola-folyoirat\/a-kulturalis-fejlesztes-strategiai-es-az-alapmuveltseg-falun-1993-aprilis-15-17-salamaca-spanyolorszag\/#breadcrumb\",\"itemListElement\":[{\"@type\":\"ListItem\",\"position\":1,\"name\":\"Home\",\"item\":\"https:\/\/kofe.hu\/parola\/\"},{\"@type\":\"ListItem\",\"position\":2,\"name\":\"A kultur\u00e1lis fejleszt\u00e9s strat\u00e9gi\u00e1i \u00e9s az alapm\u0171velts\u00e9g falun: 1993. \u00e1prilis 15-17. Salamaca. Spanyolorsz\u00e1g\"}]},{\"@type\":\"WebSite\",\"@id\":\"https:\/\/kofe.hu\/parola\/#website\",\"url\":\"https:\/\/kofe.hu\/parola\/\",\"name\":\"Parola Foly\u00f3irat\",\"description\":\"\",\"potentialAction\":[{\"@type\":\"SearchAction\",\"target\":{\"@type\":\"EntryPoint\",\"urlTemplate\":\"https:\/\/kofe.hu\/parola\/?s={search_term_string}\"},\"query-input\":{\"@type\":\"PropertyValueSpecification\",\"valueRequired\":true,\"valueName\":\"search_term_string\"}}],\"inLanguage\":\"hu\"},{\"@type\":\"Person\",\"@id\":\"https:\/\/kofe.hu\/parola\/#\/schema\/person\/b5841aaa38e15afe37186930ca4ac238\",\"name\":\"Harangi L\u00e1szl\u00f3\",\"image\":{\"@type\":\"ImageObject\",\"inLanguage\":\"hu\",\"@id\":\"https:\/\/kofe.hu\/parola\/#\/schema\/person\/image\/b3d2800f60a1de06ca9df1c54576df2f\",\"url\":\"https:\/\/secure.gravatar.com\/avatar\/467e07ce720e0096971fcdf22289952bd7873635e2cd2817c669c713b4825241?s=96&d=mm&r=g\",\"contentUrl\":\"https:\/\/secure.gravatar.com\/avatar\/467e07ce720e0096971fcdf22289952bd7873635e2cd2817c669c713b4825241?s=96&d=mm&r=g\",\"caption\":\"Harangi L\u00e1szl\u00f3\"},\"url\":\"https:\/\/kofe.hu\/parola\/szerzok\/harangi-laszlo\/\"}]}<\/script>\n<!-- \/ Yoast SEO plugin. -->","yoast_head_json":{"title":"A kultur\u00e1lis fejleszt\u00e9s strat\u00e9gi\u00e1i \u00e9s az alapm\u0171velts\u00e9g falun: 1993. \u00e1prilis 15-17. Salamaca. Spanyolorsz\u00e1g - Parola Foly\u00f3irat","robots":{"index":"index","follow":"follow","max-snippet":"max-snippet:-1","max-image-preview":"max-image-preview:large","max-video-preview":"max-video-preview:-1"},"canonical":"https:\/\/kofe.hu\/parola\/parola-folyoirat\/a-kulturalis-fejlesztes-strategiai-es-az-alapmuveltseg-falun-1993-aprilis-15-17-salamaca-spanyolorszag\/","og_locale":"hu_HU","og_type":"article","og_title":"A kultur\u00e1lis fejleszt\u00e9s strat\u00e9gi\u00e1i \u00e9s az alapm\u0171velts\u00e9g falun: 1993. \u00e1prilis 15-17. Salamaca. Spanyolorsz\u00e1g - Parola Foly\u00f3irat","og_description":"A fest\u0151i sz\u00e9ps\u00e9g\u0171 800 \u00e9ves spanyol egyetemi v\u00e1ros adott helyt az UNESCO hamburgi oktat\u00e1si int\u00e9zete szemin\u00e1rium\u00e1nak, amelyen 11 orsz\u00e1g (Anglia, Belgium, Csehorsz\u00e1g, Kanada, Magyarorsz\u00e1g, Spanyolorsz\u00e1g, Szlov\u00e1kia, Szlov\u00e9nia, Portug\u00e1lia, Rom\u00e1nia, USA) 35 k\u00f6z\u00f6ss\u00e9gfejleszt\u0151, k\u00f6zm\u0171vel\u0151d\u00e9si \u00e9s feln\u0151ttoktat\u00e1si szakembere vett r\u00e9szt.","og_url":"https:\/\/kofe.hu\/parola\/parola-folyoirat\/a-kulturalis-fejlesztes-strategiai-es-az-alapmuveltseg-falun-1993-aprilis-15-17-salamaca-spanyolorszag\/","og_site_name":"Parola Foly\u00f3irat","article_published_time":"2020-06-24T16:52:44+00:00","article_modified_time":"2020-07-30T17:12:21+00:00","og_image":[{"width":1392,"height":1952,"url":"https:\/\/kofe.hu\/parola\/wp-content\/uploads\/2020\/07\/93.3.jpeg","type":"image\/jpeg"}],"author":"Harangi L\u00e1szl\u00f3","twitter_card":"summary_large_image","twitter_misc":{"Szerz\u0151:":"Harangi L\u00e1szl\u00f3","Becs\u00fclt olvas\u00e1si id\u0151":"5 perc","Written by":"Harangi L\u00e1szl\u00f3"},"schema":{"@context":"https:\/\/schema.org","@graph":[{"@type":"Article","@id":"https:\/\/kofe.hu\/parola\/parola-folyoirat\/a-kulturalis-fejlesztes-strategiai-es-az-alapmuveltseg-falun-1993-aprilis-15-17-salamaca-spanyolorszag\/#article","isPartOf":{"@id":"https:\/\/kofe.hu\/parola\/parola-folyoirat\/a-kulturalis-fejlesztes-strategiai-es-az-alapmuveltseg-falun-1993-aprilis-15-17-salamaca-spanyolorszag\/"},"author":{"name":"Harangi L\u00e1szl\u00f3","@id":"https:\/\/kofe.hu\/parola\/#\/schema\/person\/b5841aaa38e15afe37186930ca4ac238"},"headline":"A kultur\u00e1lis fejleszt\u00e9s strat\u00e9gi\u00e1i \u00e9s az alapm\u0171velts\u00e9g falun: 1993. \u00e1prilis 15-17. Salamaca. Spanyolorsz\u00e1g","datePublished":"2020-06-24T16:52:44+00:00","dateModified":"2020-07-30T17:12:21+00:00","mainEntityOfPage":{"@id":"https:\/\/kofe.hu\/parola\/parola-folyoirat\/a-kulturalis-fejlesztes-strategiai-es-az-alapmuveltseg-falun-1993-aprilis-15-17-salamaca-spanyolorszag\/"},"wordCount":975,"commentCount":0,"image":{"@id":"https:\/\/kofe.hu\/parola\/parola-folyoirat\/a-kulturalis-fejlesztes-strategiai-es-az-alapmuveltseg-falun-1993-aprilis-15-17-salamaca-spanyolorszag\/#primaryimage"},"thumbnailUrl":"https:\/\/kofe.hu\/parola\/wp-content\/uploads\/2020\/07\/93.3.jpeg","articleSection":["Parola 1993\/3","Parola Foly\u00f3irat","Repert\u00f3rium"],"inLanguage":"hu","potentialAction":[{"@type":"CommentAction","name":"Comment","target":["https:\/\/kofe.hu\/parola\/parola-folyoirat\/a-kulturalis-fejlesztes-strategiai-es-az-alapmuveltseg-falun-1993-aprilis-15-17-salamaca-spanyolorszag\/#respond"]}]},{"@type":"WebPage","@id":"https:\/\/kofe.hu\/parola\/parola-folyoirat\/a-kulturalis-fejlesztes-strategiai-es-az-alapmuveltseg-falun-1993-aprilis-15-17-salamaca-spanyolorszag\/","url":"https:\/\/kofe.hu\/parola\/parola-folyoirat\/a-kulturalis-fejlesztes-strategiai-es-az-alapmuveltseg-falun-1993-aprilis-15-17-salamaca-spanyolorszag\/","name":"A kultur\u00e1lis fejleszt\u00e9s strat\u00e9gi\u00e1i \u00e9s az alapm\u0171velts\u00e9g falun: 1993. \u00e1prilis 15-17. Salamaca. Spanyolorsz\u00e1g - Parola Foly\u00f3irat","isPartOf":{"@id":"https:\/\/kofe.hu\/parola\/#website"},"primaryImageOfPage":{"@id":"https:\/\/kofe.hu\/parola\/parola-folyoirat\/a-kulturalis-fejlesztes-strategiai-es-az-alapmuveltseg-falun-1993-aprilis-15-17-salamaca-spanyolorszag\/#primaryimage"},"image":{"@id":"https:\/\/kofe.hu\/parola\/parola-folyoirat\/a-kulturalis-fejlesztes-strategiai-es-az-alapmuveltseg-falun-1993-aprilis-15-17-salamaca-spanyolorszag\/#primaryimage"},"thumbnailUrl":"https:\/\/kofe.hu\/parola\/wp-content\/uploads\/2020\/07\/93.3.jpeg","datePublished":"2020-06-24T16:52:44+00:00","dateModified":"2020-07-30T17:12:21+00:00","author":{"@id":"https:\/\/kofe.hu\/parola\/#\/schema\/person\/b5841aaa38e15afe37186930ca4ac238"},"breadcrumb":{"@id":"https:\/\/kofe.hu\/parola\/parola-folyoirat\/a-kulturalis-fejlesztes-strategiai-es-az-alapmuveltseg-falun-1993-aprilis-15-17-salamaca-spanyolorszag\/#breadcrumb"},"inLanguage":"hu","potentialAction":[{"@type":"ReadAction","target":["https:\/\/kofe.hu\/parola\/parola-folyoirat\/a-kulturalis-fejlesztes-strategiai-es-az-alapmuveltseg-falun-1993-aprilis-15-17-salamaca-spanyolorszag\/"]}]},{"@type":"ImageObject","inLanguage":"hu","@id":"https:\/\/kofe.hu\/parola\/parola-folyoirat\/a-kulturalis-fejlesztes-strategiai-es-az-alapmuveltseg-falun-1993-aprilis-15-17-salamaca-spanyolorszag\/#primaryimage","url":"https:\/\/kofe.hu\/parola\/wp-content\/uploads\/2020\/07\/93.3.jpeg","contentUrl":"https:\/\/kofe.hu\/parola\/wp-content\/uploads\/2020\/07\/93.3.jpeg","width":1392,"height":1952},{"@type":"BreadcrumbList","@id":"https:\/\/kofe.hu\/parola\/parola-folyoirat\/a-kulturalis-fejlesztes-strategiai-es-az-alapmuveltseg-falun-1993-aprilis-15-17-salamaca-spanyolorszag\/#breadcrumb","itemListElement":[{"@type":"ListItem","position":1,"name":"Home","item":"https:\/\/kofe.hu\/parola\/"},{"@type":"ListItem","position":2,"name":"A kultur\u00e1lis fejleszt\u00e9s strat\u00e9gi\u00e1i \u00e9s az alapm\u0171velts\u00e9g falun: 1993. \u00e1prilis 15-17. Salamaca. Spanyolorsz\u00e1g"}]},{"@type":"WebSite","@id":"https:\/\/kofe.hu\/parola\/#website","url":"https:\/\/kofe.hu\/parola\/","name":"Parola Foly\u00f3irat","description":"","potentialAction":[{"@type":"SearchAction","target":{"@type":"EntryPoint","urlTemplate":"https:\/\/kofe.hu\/parola\/?s={search_term_string}"},"query-input":{"@type":"PropertyValueSpecification","valueRequired":true,"valueName":"search_term_string"}}],"inLanguage":"hu"},{"@type":"Person","@id":"https:\/\/kofe.hu\/parola\/#\/schema\/person\/b5841aaa38e15afe37186930ca4ac238","name":"Harangi L\u00e1szl\u00f3","image":{"@type":"ImageObject","inLanguage":"hu","@id":"https:\/\/kofe.hu\/parola\/#\/schema\/person\/image\/b3d2800f60a1de06ca9df1c54576df2f","url":"https:\/\/secure.gravatar.com\/avatar\/467e07ce720e0096971fcdf22289952bd7873635e2cd2817c669c713b4825241?s=96&d=mm&r=g","contentUrl":"https:\/\/secure.gravatar.com\/avatar\/467e07ce720e0096971fcdf22289952bd7873635e2cd2817c669c713b4825241?s=96&d=mm&r=g","caption":"Harangi L\u00e1szl\u00f3"},"url":"https:\/\/kofe.hu\/parola\/szerzok\/harangi-laszlo\/"}]}},"_links":{"self":[{"href":"https:\/\/kofe.hu\/parola\/wp-json\/wp\/v2\/posts\/2071","targetHints":{"allow":["GET"]}}],"collection":[{"href":"https:\/\/kofe.hu\/parola\/wp-json\/wp\/v2\/posts"}],"about":[{"href":"https:\/\/kofe.hu\/parola\/wp-json\/wp\/v2\/types\/post"}],"author":[{"embeddable":true,"href":"https:\/\/kofe.hu\/parola\/wp-json\/wp\/v2\/users\/235"}],"replies":[{"embeddable":true,"href":"https:\/\/kofe.hu\/parola\/wp-json\/wp\/v2\/comments?post=2071"}],"version-history":[{"count":2,"href":"https:\/\/kofe.hu\/parola\/wp-json\/wp\/v2\/posts\/2071\/revisions"}],"predecessor-version":[{"id":4975,"href":"https:\/\/kofe.hu\/parola\/wp-json\/wp\/v2\/posts\/2071\/revisions\/4975"}],"wp:featuredmedia":[{"embeddable":true,"href":"https:\/\/kofe.hu\/parola\/wp-json\/wp\/v2\/media\/3464"}],"wp:attachment":[{"href":"https:\/\/kofe.hu\/parola\/wp-json\/wp\/v2\/media?parent=2071"}],"wp:term":[{"taxonomy":"category","embeddable":true,"href":"https:\/\/kofe.hu\/parola\/wp-json\/wp\/v2\/categories?post=2071"},{"taxonomy":"post_tag","embeddable":true,"href":"https:\/\/kofe.hu\/parola\/wp-json\/wp\/v2\/tags?post=2071"},{"taxonomy":"author","embeddable":true,"href":"https:\/\/kofe.hu\/parola\/wp-json\/wp\/v2\/coauthors?post=2071"}],"curies":[{"name":"wp","href":"https:\/\/api.w.org\/{rel}","templated":true}]}}