{"id":2068,"date":"2020-06-24T16:48:00","date_gmt":"2020-06-24T16:48:00","guid":{"rendered":"https:\/\/kofe.hu\/parola\/?p=2068"},"modified":"2020-07-30T17:12:06","modified_gmt":"2020-07-30T17:12:06","slug":"2068","status":"publish","type":"post","link":"https:\/\/kofe.hu\/parola\/parola-folyoirat\/2068\/","title":{"rendered":"K\u00f6z\u00f6ss\u00e9gfejleszt\u00e9s h\u00e1tr\u00e1nyos helyzetben: S\u00f3sharty\u00e1n \u00e9lni akar"},"content":{"rendered":"<p style=\"text-align: justify;\"><span style=\"font-family: Times New Roman CE;\">S\u00f3sharty\u00e1n \u00e9lni akar<\/span><\/p>\n<p><span style=\"font-family: Times New Roman CE;\">S\u00f3sharty\u00e1n &#8211; melyr\u0151l besz\u00e9lni szeretn\u00e9k &#8211; nem sz\u00fcl\u0151f\u00f6ldem. Mintegy m\u00e1sf\u00e9l \u00e9ve n\u0151s\u00fcltem be a faluba, de csak t\u00edz h\u00f3nappal ezel\u0151tt v\u00e1llaltam az els\u0151 l\u00e9p\u00e9seket a helyi k\u00f6z\u00f6ss\u00e9gfejleszt\u00e9s ter\u00fclet\u00e9n feles\u00e9gem r\u00e9v\u00e9n, ki az elm\u00falt \u00e9v tavasz\u00e1n azzal az \u00f6tlet\u00e9vel \u00e1llt el\u0151, hogy csin\u00e1ljunk egy k\u00f6zs\u00e9gi kalend\u00e1riumot. Tetszett a sz\u00e1nd\u00e9k. N\u00e9mi egy\u00fctt-t\u0171n\u0151d\u00e9s ut\u00e1n felkerest\u00fck a Polg\u00e1rmesteri Hivatalt a kiad\u00e1s f\u00f6lv\u00e1llal\u00e1s\u00e1nak rem\u00e9ny\u00e9vel, ahol is egy falusz\u00e9p\u00edt\u0151 egyes\u00fclet l\u00e9trehoz\u00e1s\u00e1ra biztattak mondv\u00e1n: t\u00f6bb k\u00e9z t\u00f6bbet v\u00e9gezhet &#8211; \u00e9s p\u00e1ly\u00e1zat\u00edr\u00e1sra, hogy el\u0151\u00e1lljon a sz\u00fcks\u00e9ges p\u00e9nz. Otthon megh\u00e1nytuk-vetett\u00fck a javaslatot; feles\u00e9gem egyes\u00fcleti alapszab\u00e1ly-tervezetet \u00e9s megh\u00edv\u00f3kat k\u00e9sz\u00edtett, azut\u00e1n j\u00f3 egy h\u00e9t eltelt\u00e9vel 22 f\u0151vel megalakult a ,S\u00f3sharty\u00e1ni Falusz\u00e9p\u00edt\u0151 Egyes\u00fclet&#8221;. Teh\u00e1t 1992. \u00e1prilis 10-\u00e9vel elindult a telep\u00fcl\u00e9s \u00e9let\u00e9ben egy fel\u00fclr\u0151l gener\u00e1lt \u00f6nszervez\u0151d\u00e9s, melyben feles\u00e9gem az eln\u00f6ki posztot, magam pedig a h\u00e1tt\u00e9rseg\u00edts\u00e9get v\u00e1llaltam. Ezzel megkezd\u0151d\u00f6tt ismeretszerz\u00e9sem a falur\u00f3l.<\/span><\/p>\n<p style=\"text-align: justify;\"><!--more--><\/p>\n<p><span style=\"font-family: Times New Roman CE;\">Kultur\u00e1lis h\u00e1tt\u00e9r<\/span><\/p>\n<p><span style=\"font-family: Times New Roman CE;\">S\u00f3sharty\u00e1n &#8211; fest\u0151i k\u00f6rnyezetben &#8211; Salg\u00f3tarj\u00e1n \u00e9s Sz\u00e9cs\u00e9ny k\u00f6z\u00f6tt elhelyezked\u0151, 910 lelket sz\u00e1ml\u00e1l\u00f3 kistelep\u00fcl\u00e9s. Etnikai okok \u00e9s iskolai v\u00e9gzetts\u00e9g hi\u00e1nya miatt er\u0151sen h\u00e1tr\u00e1nyos helyzet\u0171 darabja ez az orsz\u00e1gnak. A lakoss\u00e1g 53%-a a cig\u00e1ny etnikumhoz tartozik &#8211; k\u00f6ztudom\u00e1s\u00fa, hogy a gy\u00e1rak l\u00e9tsz\u00e1mle\u00e9p\u00edt\u00e9seinek els\u0151 \u00e1ldozatai k\u00f6z\u00fcl\u00fck ker\u00fclnek ki etnikai vagy ,vid\u00e9ki&#8221; alapon majdnem mindenhol &#8211; s ebb\u0151l ad\u00f3d\u00f3an mintegy 50%-os munkan\u00e9lk\u00fclis\u00e9ggel kell a Polg\u00e1rmesteri Hivatalnak nap mint nap szemben\u00e9znie. Az \u00e1ll\u00e1stalanok egyharmada m\u00e9g 8 \u00e1ltal\u00e1nossal sem rendelkezik, a m\u00e1sik egyharmad csup\u00e1n a 8 \u00e1ltal\u00e1nost v\u00e9gezte el, de gyakorlatilag \u00edrni-olvasni alig tud; ez r\u00e9szben az oktat\u00e1snak is betudhat\u00f3, hiszen az 5-8. oszt\u00e1lyt tan\u00edt\u00f3k \u00e9s k\u00e9pes\u00edt\u00e9s n\u00e9lk\u00fcli pedag\u00f3gusok oktatj\u00e1k jelen pillanatban. Jellemz\u0151 a kultur\u00e1lis h\u00e1tt\u00e9rre m\u00e9g, hogy az \u00f6njel\u00f6lt vajda sem engedi tov\u00e1bbtanulni ez \u00e9vben v\u00e9gz\u0151s &#8211; egy\u00e9bk\u00e9nt tehets\u00e9ges &#8211; l\u00e1nygyermek\u00e9t mondv\u00e1n: minek ahhoz iskola, itthon is teherbe eshet. Jellemz\u0151 a falunkra m\u00e9g a genetikai hiba, mivel a helyi cig\u00e1nys\u00e1g k\u00f6r\u00e9ben szinte csak rokonh\u00e1zass\u00e1gokr\u00f3l besz\u00e9lhet\u00fcnk, olyan \u00f6r\u00f6kletes betegs\u00e9gekr\u0151l, amelyek r\u00e9szint szellemi fogyat\u00e9koss\u00e1ggal r\u00e9szint korai hal\u00e1llal j\u00e1rnak, amit a 6 \u00e9ves korban jelentkez\u0151, v\u00e9rben lev\u0151 zs\u00edrsejtelszaporod\u00e1s okoz. Az \u00e1ll\u00e1stalanok egyharmada rendelkezik szakmunk\u00e1sbizony\u00edtv\u00e1nnyal, n\u00e9gyen \u00e9retts\u00e9giztek. A felsoroltakb\u00f3l j\u00f3l l\u00e1that\u00f3, hogy szinte lehetetlen sz\u00e1mukra munkahelyet tal\u00e1lni vagy l\u00e9tes\u00edteni.<\/span><br \/>\n<span style=\"font-family: Times New Roman CE;\">Ilyen alapon, egy lelkes kis csapattal indult teh\u00e1t el egy faluarculat-alak\u00edt\u00f3 tev\u00e9kenys\u00e9g.<\/span><\/p>\n<p><span style=\"font-family: Times New Roman CE;\">J\u00f3kor j\u00f6tt seg\u00edts\u00e9g &#8211; k\u00edv\u00fclr\u0151l<\/span><\/p>\n<p><span style=\"font-family: Times New Roman CE;\">L\u00e9trej\u00f6tt\u00fcnket k\u00f6vet\u0151en el\u0151sz\u00f6r telep\u00fcl\u00e9s\u00fcnk int\u00e9zm\u00e9nyeivel igyekezt\u00fcnk j\u00f3 kapcsolatot ki\u00e9p\u00edteni. \u00c1prilis v\u00e9g\u00e9n, az \u00c1ltal\u00e1nos Iskol\u00e1val \u00e9s az \u00d3vod\u00e1val kar\u00f6ltve megrendezt\u00fck a madarak \u00e9s f\u00e1k napj\u00e1t, k\u00e9s\u0151bb templomi hangversenyt szervezt\u00fcnk. K\u00f6zben \u00e9p\u00fclt a kalend\u00e1rium, f\u00f6lkerest\u00fck \u00e9s mes\u00e9ltett\u00fck az id\u0151s embereket, f\u00f6lfigyeltek r\u00e1nk, elhozt\u00e1k ig\u00e9nyeiket a fiatalok, a sz\u00fcl\u0151k, vagyis megkezd\u0151d\u00f6tt az alulr\u00f3l szervez\u0151d\u00e9s. \u00eegy adtunk be p\u00e1ly\u00e1zatot a Mozg\u00f3k\u00e9p Alap\u00edtv\u00e1nyhoz filmklub l\u00e9trehoz\u00e1s\u00e1ra, ahonnan 50 000 forintot nyert\u00fcnk is a m\u0171k\u00f6dtet\u00e9s\u00e9re. Az \u00d6nkorm\u00e1nyzat rendelkez\u00e9s\u00fcnkre bocs\u00e1totta a M\u0171vel\u0151d\u00e9si H\u00e1zat \u00e9s v\u00e1s\u00e1rolt egy kimustr\u00e1lt 16 mm-es vet\u00edt\u0151g\u00e9pet, hogy beindulhasson a vet\u00edt\u00e9s 20 forintos alkalmi bel\u00e9p\u0151d\u00edjjal \u00e9s 150 forintos 12 el\u0151ad\u00e1sra sz\u00f3l\u00f3 b\u00e9rlettel. M\u0171sorunk k\u00e9t r\u00e9szb\u0151l tev\u0151d\u00f6tt \u00f6ssze: k\u00f6telez\u0151 irodalmak filmadapt\u00e1ci\u00f3ib\u00f3l \u00e9s klasszikus v\u00edgj\u00e1t\u00e9kokb\u00f3l. Az el\u0151bbiek mell\u00e9 feladatlapokat k\u00e9sz\u00edtett\u00fcnk, amit &#8211; helyes megfejt\u00e9s eset\u00e9n &#8211; k\u00f6nyvvel jutalmaztunk.<\/span><br \/>\n<span style=\"font-family: Times New Roman CE;\">Okt\u00f3ber k\u00f6zep\u00e9n &#8211; magam is munkan\u00e9lk\u00fcli l\u00e9v\u00e9n &#8211; lej\u00e1rt a seg\u00e9lyjogosults\u00e1gom, a Munkak\u00f6zvet\u00edt\u0151 Hivatal \u00e1tir\u00e1ny\u00edtott a helyi Polg\u00e1rmesteri Hivatalhoz, ahol k\u00f6zhaszn\u00fa munk\u00e1s st\u00e1tuszban alkalmaz\u00e1st nyertem. Ekkor v\u00e1lt feladatomm\u00e1 a M\u0171vel\u0151d\u00e9si H\u00e1z vezet\u00e9se \u00e9s a k\u00f6nyvt\u00e1ri szolg\u00e1ltat\u00e1s. A k\u00f6nyvt\u00e1rnak ekkor \u00f6tven bejegyzett olvas\u00f3ja volt. filmklub feladatlapjainak k\u00f6sz\u00f6nhet\u0151en k\u00e9t h\u00f3nap leforg\u00e1sa alatt megdupl\u00e1z\u00f3dott ez a sz\u00e1m, ami az \u00f6r\u00f6m mell\u00e9 \u00fcr\u00f6mmel is szolg\u00e1lt, hiszen a mesek\u00f6nyvek sz\u00e1ma alig \u00e9ri el a sz\u00e1zat, ifj\u00fas\u00e1gival egy\u00fctt az \u00f6tsz\u00e1zat, s ezeknek a java (enyhe jelz\u0151vel m\u00e9ltatva) is selejt.<\/span><br \/>\n<span style=\"font-family: Times New Roman CE;\">Munk\u00e1ba \u00e1ll\u00e1sommal egyid\u0151ben megkezd\u0151d\u00f6tt h\u00e1rom korcsoporttal &#8211; egyes\u00fclet\u00fcnk szervez\u00e9s\u00e9ben &#8211; a n\u00e9pt\u00e1ncoktat\u00e1s, melyet H\u00e1jas Tibor \u00e9s H\u00e1jasn\u00e9 Nagy Anik\u00f3 n\u00e9pt\u00e1ncpedag\u00f3gusok tartanak heti egy, illetve k\u00e9t \u00f3r\u00e1ban \u00f3vod\u00e1soknak, \u00e1ltal\u00e1nos iskol\u00e1soknak \u00e9s k\u00f6z\u00e9piskol\u00e1s l\u00e1nyoknak. Ez \u00e9v m\u00e1rcius\u00e1ig er\u0151s \u00e9rv\u00e1g\u00e1st jelentett ez a kassz\u00e1nkon, mivel 46 gyermek r\u00e9szv\u00e9teli d\u00edja csak az oktat\u00f3 k\u00f6lts\u00e9geinek a fel\u00e9t volt k\u00e9pes fedezni, a hi\u00e1nyz\u00f3 r\u00e9szt m\u00e1shonnan kellett ideiglenesen elvonnunk. M\u00e1rciusban a Szerencsej\u00e1t\u00e9k Rt. 70 000 forintos t\u00e1mogat\u00e1sa mentett a helyzeten, s\u0151t egy kicsivel t\u00f6bbre is futotta; beind\u00edtottuk h\u00e1t az \u00c1ltal\u00e1nos Iskola 1-3. oszt\u00e1lya sz\u00e1m\u00e1ra is a n\u00e9pt\u00e1ncoktat\u00e1st, hogy azok a gyermekek is hozz\u00e1jussanak kult\u00far\u00e1nk ezen gy\u00f6ngyszem\u00e9hez, akiknek a sz\u00fclei m\u00e9g a kilogrammnyi keny\u00e9r \u00e1r\u00e1t sem tudj\u00e1k n\u00e9lk\u00fcl\u00f6zni a h\u00e1ztart\u00e1sukb\u00f3l.<\/span><\/p>\n<p><span style=\"font-family: Times New Roman CE;\">K\u00fcl\u00f6nben Istv\u00e1n Sz\u00ednj\u00e1tsz\u00f3k\u00f6r<\/span><\/p>\n<p><span style=\"font-family: Times New Roman CE;\">Telep\u00fcl\u00e9s\u00fcnk\u00f6n jelenleg k\u00e9t k\u00f6z\u00e9piskol\u00e1s l\u00e1nyokb\u00f3l \u00e1ll\u00f3 csoport m\u0171k\u00f6dik &#8211; els\u0151sorban eszmei &#8211; t\u00e1mogat\u00e1sunk r\u00e9v\u00e9n: a Rozmaring n\u00e9pt\u00e1ncegy\u00fcttes \u00e9s a K\u00fcl\u00f6nben Istv\u00e1n Sz\u00ednj\u00e1tsz\u00f3k\u00f6r. Mindk\u00e9t csoport indult a Ki mit tud? &#8211; vet\u00e9lked\u0151n s ez ut\u00f3bbi bejutott az orsz\u00e1gos fordul\u00f3ra, mely m\u00e1r a telev\u00edzi\u00f3 nyilv\u00e1noss\u00e1ga el\u0151tt fog lezajlani. F\u00f6nntart\u00e1suk \u00e9rdek\u00e9ben p\u00e1ly\u00e1zatokat ny\u00fajtottunk be, de egyel\u0151re a p\u00e9nz rem\u00e9ny\u00e9n k\u00edv\u00fcl m\u00e1sunk nincs.<\/span><br \/>\n<span style=\"font-family: Times New Roman CE;\">Az elm\u00falt \u00e9v november\u00e9ben elkezdt\u00fcnk egy tizenk\u00e9t h\u00f3naposra tervezett foglalkoz\u00e1ssorozatot Mir\u0151l mes\u00e9l e n\u00e9pmese? c\u00edmmel. Ugyanekkor megkezdt\u00fck egy augusztusra tervezett N\u00e9prajzi-honismereti t\u00e1bor szervez\u00e9s\u00e9t-el\u0151k\u00e9sz\u00edt\u00e9s\u00e9t. Itt szeretn\u00e9nk a helyi kultur\u00e1lis \u00e9rt\u00e9keket tudatos\u00edtani, a magyar \u00e9s a cig\u00e1ny hagyom\u00e1nyok eredet\u00e9t megvil\u00e1g\u00edtani.<\/span><br \/>\n<span style=\"font-family: Times New Roman CE;\">Jelen pillanatban n\u00e9h\u00e1ny<\/span><\/p>\n<p><span style=\"font-family: Times New Roman CE;\">hossz\u00fa t\u00e1v\u00fa program<\/span><\/p>\n<p><span style=\"font-family: Times New Roman CE;\">kidolgoz\u00e1s\u00e1n f\u00e1radozunk. Az Es\u00e9ly Alap\u00edtv\u00e1ny a falu ter\u00fclet\u00e9n egy v\u00e1lyogver\u0151 \u00fczemet k\u00e9sz\u00fcl beind\u00edtani, illetve &#8211; j\u00f3daqua-forr\u00e1sra \u00e9p\u00edtve &#8211; idegenforgalmat l\u00e9trehozni. Mi ezzel p\u00e1rhuzamosan szeptembert\u0151l \u00c9letm\u00f3d-tanfolyamot ind\u00edtunk &#8211; els\u0151sorban cig\u00e1ny &#8211; fiatal n\u0151k sz\u00e1m\u00e1ra, ahol is k\u00e9zm\u0171ves jelleg\u0171 tev\u00e9kenys\u00e9geket oktatn\u00e1nk, illetve az eg\u00e9szs\u00e9g\u00fcgyre koncentr\u00e1ln\u00e1nk, hogy a fent v\u00e1zolt helyi viszonyokat kimozd\u00edtsuk a k\u00e1ty\u00fab\u00f3l, elinduljon egyfajta urbaniz\u00e1i\u00f3.<\/span><br \/>\n<span style=\"font-family: Times New Roman CE;\">S\u00f3sharty\u00e1n t\u00f6bbsz\u00f6r\u00f6sen h\u00e1tr\u00e1nyos helyzet\u0171, de \u00fagy v\u00e9lem, egyes\u00fclet\u00fcnk l\u00e9trej\u00f6tt\u00e9vel elindult egy folyamat, megsz\u00fcletett egy k\u00f6z\u00f6ss\u00e9g, mely elkezdte kinevelni az ,alk\u00f6z\u00f6ss\u00e9geit&#8221;, elindult valami a XXI. sz\u00e1zad fel\u00e9 vezet\u0151 \u00faton. Rem\u00e9lj\u00fck, cselekv\u0151k\u00e9szs\u00e9g\u00fcnk \u00e9vtizedekre t\u00f6retlen marad.<\/span><\/p>\n","protected":false},"excerpt":{"rendered":"<p>S\u00f3sharty\u00e1n \u00e9lni akar S\u00f3sharty\u00e1n &#8211; melyr\u0151l besz\u00e9lni szeretn\u00e9k &#8211; nem sz\u00fcl\u0151f\u00f6ldem. Mintegy m\u00e1sf\u00e9l \u00e9ve n\u0151s\u00fcltem be a faluba, de csak t\u00edz h\u00f3nappal ezel\u0151tt v\u00e1llaltam az els\u0151 l\u00e9p\u00e9seket a helyi k\u00f6z\u00f6ss\u00e9gfejleszt\u00e9s ter\u00fclet\u00e9n feles\u00e9gem r\u00e9v\u00e9n, ki az elm\u00falt \u00e9v tavasz\u00e1n azzal az \u00f6tlet\u00e9vel \u00e1llt el\u0151, hogy csin\u00e1ljunk egy k\u00f6zs\u00e9gi kalend\u00e1riumot. Tetszett a sz\u00e1nd\u00e9k. N\u00e9mi egy\u00fctt-t\u0171n\u0151d\u00e9s ut\u00e1n felkerest\u00fck [&hellip;]<\/p>\n","protected":false},"author":234,"featured_media":3464,"comment_status":"open","ping_status":"open","sticky":false,"template":"","format":"standard","meta":{"_acf_changed":false,"footnotes":""},"categories":[281,8,7],"tags":[],"coauthors":[283],"class_list":["post-2068","post","type-post","status-publish","format-standard","has-post-thumbnail","hentry","category-parola-1993-3","category-parola-folyoirat","category-repertorium"],"acf":[],"yoast_head":"<!-- This site is optimized with the Yoast SEO plugin v26.7 - https:\/\/yoast.com\/wordpress\/plugins\/seo\/ -->\n<title>K\u00f6z\u00f6ss\u00e9gfejleszt\u00e9s h\u00e1tr\u00e1nyos helyzetben: S\u00f3sharty\u00e1n \u00e9lni akar - Parola Foly\u00f3irat<\/title>\n<meta name=\"robots\" content=\"index, follow, max-snippet:-1, max-image-preview:large, max-video-preview:-1\" \/>\n<link rel=\"canonical\" href=\"https:\/\/kofe.hu\/parola\/parola-folyoirat\/2068\/\" \/>\n<meta property=\"og:locale\" content=\"hu_HU\" \/>\n<meta property=\"og:type\" content=\"article\" \/>\n<meta property=\"og:title\" content=\"K\u00f6z\u00f6ss\u00e9gfejleszt\u00e9s h\u00e1tr\u00e1nyos helyzetben: S\u00f3sharty\u00e1n \u00e9lni akar - Parola Foly\u00f3irat\" \/>\n<meta property=\"og:description\" content=\"S\u00f3sharty\u00e1n \u00e9lni akar S\u00f3sharty\u00e1n &#8211; melyr\u0151l besz\u00e9lni szeretn\u00e9k &#8211; nem sz\u00fcl\u0151f\u00f6ldem. Mintegy m\u00e1sf\u00e9l \u00e9ve n\u0151s\u00fcltem be a faluba, de csak t\u00edz h\u00f3nappal ezel\u0151tt v\u00e1llaltam az els\u0151 l\u00e9p\u00e9seket a helyi k\u00f6z\u00f6ss\u00e9gfejleszt\u00e9s ter\u00fclet\u00e9n feles\u00e9gem r\u00e9v\u00e9n, ki az elm\u00falt \u00e9v tavasz\u00e1n azzal az \u00f6tlet\u00e9vel \u00e1llt el\u0151, hogy csin\u00e1ljunk egy k\u00f6zs\u00e9gi kalend\u00e1riumot. Tetszett a sz\u00e1nd\u00e9k. N\u00e9mi egy\u00fctt-t\u0171n\u0151d\u00e9s ut\u00e1n felkerest\u00fck [&hellip;]\" \/>\n<meta property=\"og:url\" content=\"https:\/\/kofe.hu\/parola\/parola-folyoirat\/2068\/\" \/>\n<meta property=\"og:site_name\" content=\"Parola Foly\u00f3irat\" \/>\n<meta property=\"article:published_time\" content=\"2020-06-24T16:48:00+00:00\" \/>\n<meta property=\"article:modified_time\" content=\"2020-07-30T17:12:06+00:00\" \/>\n<meta property=\"og:image\" content=\"https:\/\/kofe.hu\/parola\/wp-content\/uploads\/2020\/07\/93.3.jpeg\" \/>\n\t<meta property=\"og:image:width\" content=\"1392\" \/>\n\t<meta property=\"og:image:height\" content=\"1952\" \/>\n\t<meta property=\"og:image:type\" content=\"image\/jpeg\" \/>\n<meta name=\"author\" content=\"Hand\u00f3 P\u00e9ter\" \/>\n<meta name=\"twitter:card\" content=\"summary_large_image\" \/>\n<meta name=\"twitter:label1\" content=\"Szerz\u0151:\" \/>\n\t<meta name=\"twitter:data1\" content=\"Hand\u00f3 P\u00e9ter\" \/>\n\t<meta name=\"twitter:label2\" content=\"Becs\u00fclt olvas\u00e1si id\u0151\" \/>\n\t<meta name=\"twitter:data2\" content=\"7 perc\" \/>\n\t<meta name=\"twitter:label3\" content=\"Written by\" \/>\n\t<meta name=\"twitter:data3\" content=\"Hand\u00f3 P\u00e9ter\" \/>\n<script type=\"application\/ld+json\" class=\"yoast-schema-graph\">{\"@context\":\"https:\/\/schema.org\",\"@graph\":[{\"@type\":\"Article\",\"@id\":\"https:\/\/kofe.hu\/parola\/parola-folyoirat\/2068\/#article\",\"isPartOf\":{\"@id\":\"https:\/\/kofe.hu\/parola\/parola-folyoirat\/2068\/\"},\"author\":{\"name\":\"Hand\u00f3 P\u00e9ter\",\"@id\":\"https:\/\/kofe.hu\/parola\/#\/schema\/person\/41262fd368def7540fd0a545104a7672\"},\"headline\":\"K\u00f6z\u00f6ss\u00e9gfejleszt\u00e9s h\u00e1tr\u00e1nyos helyzetben: S\u00f3sharty\u00e1n \u00e9lni akar\",\"datePublished\":\"2020-06-24T16:48:00+00:00\",\"dateModified\":\"2020-07-30T17:12:06+00:00\",\"mainEntityOfPage\":{\"@id\":\"https:\/\/kofe.hu\/parola\/parola-folyoirat\/2068\/\"},\"wordCount\":1478,\"commentCount\":0,\"image\":{\"@id\":\"https:\/\/kofe.hu\/parola\/parola-folyoirat\/2068\/#primaryimage\"},\"thumbnailUrl\":\"https:\/\/kofe.hu\/parola\/wp-content\/uploads\/2020\/07\/93.3.jpeg\",\"articleSection\":[\"Parola 1993\/3\",\"Parola Foly\u00f3irat\",\"Repert\u00f3rium\"],\"inLanguage\":\"hu\",\"potentialAction\":[{\"@type\":\"CommentAction\",\"name\":\"Comment\",\"target\":[\"https:\/\/kofe.hu\/parola\/parola-folyoirat\/2068\/#respond\"]}]},{\"@type\":\"WebPage\",\"@id\":\"https:\/\/kofe.hu\/parola\/parola-folyoirat\/2068\/\",\"url\":\"https:\/\/kofe.hu\/parola\/parola-folyoirat\/2068\/\",\"name\":\"K\u00f6z\u00f6ss\u00e9gfejleszt\u00e9s h\u00e1tr\u00e1nyos helyzetben: S\u00f3sharty\u00e1n \u00e9lni akar - Parola Foly\u00f3irat\",\"isPartOf\":{\"@id\":\"https:\/\/kofe.hu\/parola\/#website\"},\"primaryImageOfPage\":{\"@id\":\"https:\/\/kofe.hu\/parola\/parola-folyoirat\/2068\/#primaryimage\"},\"image\":{\"@id\":\"https:\/\/kofe.hu\/parola\/parola-folyoirat\/2068\/#primaryimage\"},\"thumbnailUrl\":\"https:\/\/kofe.hu\/parola\/wp-content\/uploads\/2020\/07\/93.3.jpeg\",\"datePublished\":\"2020-06-24T16:48:00+00:00\",\"dateModified\":\"2020-07-30T17:12:06+00:00\",\"author\":{\"@id\":\"https:\/\/kofe.hu\/parola\/#\/schema\/person\/41262fd368def7540fd0a545104a7672\"},\"breadcrumb\":{\"@id\":\"https:\/\/kofe.hu\/parola\/parola-folyoirat\/2068\/#breadcrumb\"},\"inLanguage\":\"hu\",\"potentialAction\":[{\"@type\":\"ReadAction\",\"target\":[\"https:\/\/kofe.hu\/parola\/parola-folyoirat\/2068\/\"]}]},{\"@type\":\"ImageObject\",\"inLanguage\":\"hu\",\"@id\":\"https:\/\/kofe.hu\/parola\/parola-folyoirat\/2068\/#primaryimage\",\"url\":\"https:\/\/kofe.hu\/parola\/wp-content\/uploads\/2020\/07\/93.3.jpeg\",\"contentUrl\":\"https:\/\/kofe.hu\/parola\/wp-content\/uploads\/2020\/07\/93.3.jpeg\",\"width\":1392,\"height\":1952},{\"@type\":\"BreadcrumbList\",\"@id\":\"https:\/\/kofe.hu\/parola\/parola-folyoirat\/2068\/#breadcrumb\",\"itemListElement\":[{\"@type\":\"ListItem\",\"position\":1,\"name\":\"Home\",\"item\":\"https:\/\/kofe.hu\/parola\/\"},{\"@type\":\"ListItem\",\"position\":2,\"name\":\"K\u00f6z\u00f6ss\u00e9gfejleszt\u00e9s h\u00e1tr\u00e1nyos helyzetben: S\u00f3sharty\u00e1n \u00e9lni akar\"}]},{\"@type\":\"WebSite\",\"@id\":\"https:\/\/kofe.hu\/parola\/#website\",\"url\":\"https:\/\/kofe.hu\/parola\/\",\"name\":\"Parola Foly\u00f3irat\",\"description\":\"\",\"potentialAction\":[{\"@type\":\"SearchAction\",\"target\":{\"@type\":\"EntryPoint\",\"urlTemplate\":\"https:\/\/kofe.hu\/parola\/?s={search_term_string}\"},\"query-input\":{\"@type\":\"PropertyValueSpecification\",\"valueRequired\":true,\"valueName\":\"search_term_string\"}}],\"inLanguage\":\"hu\"},{\"@type\":\"Person\",\"@id\":\"https:\/\/kofe.hu\/parola\/#\/schema\/person\/41262fd368def7540fd0a545104a7672\",\"name\":\"Hand\u00f3 P\u00e9ter\",\"image\":{\"@type\":\"ImageObject\",\"inLanguage\":\"hu\",\"@id\":\"https:\/\/kofe.hu\/parola\/#\/schema\/person\/image\/761442e7259fedd57adf7bcbcfa576dd\",\"url\":\"https:\/\/secure.gravatar.com\/avatar\/85376bba576361650f405e6bbca7e6269e4d19c00104e58002d8c0c06240ea63?s=96&d=mm&r=g\",\"contentUrl\":\"https:\/\/secure.gravatar.com\/avatar\/85376bba576361650f405e6bbca7e6269e4d19c00104e58002d8c0c06240ea63?s=96&d=mm&r=g\",\"caption\":\"Hand\u00f3 P\u00e9ter\"},\"url\":\"https:\/\/kofe.hu\/parola\/szerzok\/hando-peter\/\"}]}<\/script>\n<!-- \/ Yoast SEO plugin. -->","yoast_head_json":{"title":"K\u00f6z\u00f6ss\u00e9gfejleszt\u00e9s h\u00e1tr\u00e1nyos helyzetben: S\u00f3sharty\u00e1n \u00e9lni akar - Parola Foly\u00f3irat","robots":{"index":"index","follow":"follow","max-snippet":"max-snippet:-1","max-image-preview":"max-image-preview:large","max-video-preview":"max-video-preview:-1"},"canonical":"https:\/\/kofe.hu\/parola\/parola-folyoirat\/2068\/","og_locale":"hu_HU","og_type":"article","og_title":"K\u00f6z\u00f6ss\u00e9gfejleszt\u00e9s h\u00e1tr\u00e1nyos helyzetben: S\u00f3sharty\u00e1n \u00e9lni akar - Parola Foly\u00f3irat","og_description":"S\u00f3sharty\u00e1n \u00e9lni akar S\u00f3sharty\u00e1n &#8211; melyr\u0151l besz\u00e9lni szeretn\u00e9k &#8211; nem sz\u00fcl\u0151f\u00f6ldem. Mintegy m\u00e1sf\u00e9l \u00e9ve n\u0151s\u00fcltem be a faluba, de csak t\u00edz h\u00f3nappal ezel\u0151tt v\u00e1llaltam az els\u0151 l\u00e9p\u00e9seket a helyi k\u00f6z\u00f6ss\u00e9gfejleszt\u00e9s ter\u00fclet\u00e9n feles\u00e9gem r\u00e9v\u00e9n, ki az elm\u00falt \u00e9v tavasz\u00e1n azzal az \u00f6tlet\u00e9vel \u00e1llt el\u0151, hogy csin\u00e1ljunk egy k\u00f6zs\u00e9gi kalend\u00e1riumot. Tetszett a sz\u00e1nd\u00e9k. N\u00e9mi egy\u00fctt-t\u0171n\u0151d\u00e9s ut\u00e1n felkerest\u00fck [&hellip;]","og_url":"https:\/\/kofe.hu\/parola\/parola-folyoirat\/2068\/","og_site_name":"Parola Foly\u00f3irat","article_published_time":"2020-06-24T16:48:00+00:00","article_modified_time":"2020-07-30T17:12:06+00:00","og_image":[{"width":1392,"height":1952,"url":"https:\/\/kofe.hu\/parola\/wp-content\/uploads\/2020\/07\/93.3.jpeg","type":"image\/jpeg"}],"author":"Hand\u00f3 P\u00e9ter","twitter_card":"summary_large_image","twitter_misc":{"Szerz\u0151:":"Hand\u00f3 P\u00e9ter","Becs\u00fclt olvas\u00e1si id\u0151":"7 perc","Written by":"Hand\u00f3 P\u00e9ter"},"schema":{"@context":"https:\/\/schema.org","@graph":[{"@type":"Article","@id":"https:\/\/kofe.hu\/parola\/parola-folyoirat\/2068\/#article","isPartOf":{"@id":"https:\/\/kofe.hu\/parola\/parola-folyoirat\/2068\/"},"author":{"name":"Hand\u00f3 P\u00e9ter","@id":"https:\/\/kofe.hu\/parola\/#\/schema\/person\/41262fd368def7540fd0a545104a7672"},"headline":"K\u00f6z\u00f6ss\u00e9gfejleszt\u00e9s h\u00e1tr\u00e1nyos helyzetben: S\u00f3sharty\u00e1n \u00e9lni akar","datePublished":"2020-06-24T16:48:00+00:00","dateModified":"2020-07-30T17:12:06+00:00","mainEntityOfPage":{"@id":"https:\/\/kofe.hu\/parola\/parola-folyoirat\/2068\/"},"wordCount":1478,"commentCount":0,"image":{"@id":"https:\/\/kofe.hu\/parola\/parola-folyoirat\/2068\/#primaryimage"},"thumbnailUrl":"https:\/\/kofe.hu\/parola\/wp-content\/uploads\/2020\/07\/93.3.jpeg","articleSection":["Parola 1993\/3","Parola Foly\u00f3irat","Repert\u00f3rium"],"inLanguage":"hu","potentialAction":[{"@type":"CommentAction","name":"Comment","target":["https:\/\/kofe.hu\/parola\/parola-folyoirat\/2068\/#respond"]}]},{"@type":"WebPage","@id":"https:\/\/kofe.hu\/parola\/parola-folyoirat\/2068\/","url":"https:\/\/kofe.hu\/parola\/parola-folyoirat\/2068\/","name":"K\u00f6z\u00f6ss\u00e9gfejleszt\u00e9s h\u00e1tr\u00e1nyos helyzetben: S\u00f3sharty\u00e1n \u00e9lni akar - Parola Foly\u00f3irat","isPartOf":{"@id":"https:\/\/kofe.hu\/parola\/#website"},"primaryImageOfPage":{"@id":"https:\/\/kofe.hu\/parola\/parola-folyoirat\/2068\/#primaryimage"},"image":{"@id":"https:\/\/kofe.hu\/parola\/parola-folyoirat\/2068\/#primaryimage"},"thumbnailUrl":"https:\/\/kofe.hu\/parola\/wp-content\/uploads\/2020\/07\/93.3.jpeg","datePublished":"2020-06-24T16:48:00+00:00","dateModified":"2020-07-30T17:12:06+00:00","author":{"@id":"https:\/\/kofe.hu\/parola\/#\/schema\/person\/41262fd368def7540fd0a545104a7672"},"breadcrumb":{"@id":"https:\/\/kofe.hu\/parola\/parola-folyoirat\/2068\/#breadcrumb"},"inLanguage":"hu","potentialAction":[{"@type":"ReadAction","target":["https:\/\/kofe.hu\/parola\/parola-folyoirat\/2068\/"]}]},{"@type":"ImageObject","inLanguage":"hu","@id":"https:\/\/kofe.hu\/parola\/parola-folyoirat\/2068\/#primaryimage","url":"https:\/\/kofe.hu\/parola\/wp-content\/uploads\/2020\/07\/93.3.jpeg","contentUrl":"https:\/\/kofe.hu\/parola\/wp-content\/uploads\/2020\/07\/93.3.jpeg","width":1392,"height":1952},{"@type":"BreadcrumbList","@id":"https:\/\/kofe.hu\/parola\/parola-folyoirat\/2068\/#breadcrumb","itemListElement":[{"@type":"ListItem","position":1,"name":"Home","item":"https:\/\/kofe.hu\/parola\/"},{"@type":"ListItem","position":2,"name":"K\u00f6z\u00f6ss\u00e9gfejleszt\u00e9s h\u00e1tr\u00e1nyos helyzetben: S\u00f3sharty\u00e1n \u00e9lni akar"}]},{"@type":"WebSite","@id":"https:\/\/kofe.hu\/parola\/#website","url":"https:\/\/kofe.hu\/parola\/","name":"Parola Foly\u00f3irat","description":"","potentialAction":[{"@type":"SearchAction","target":{"@type":"EntryPoint","urlTemplate":"https:\/\/kofe.hu\/parola\/?s={search_term_string}"},"query-input":{"@type":"PropertyValueSpecification","valueRequired":true,"valueName":"search_term_string"}}],"inLanguage":"hu"},{"@type":"Person","@id":"https:\/\/kofe.hu\/parola\/#\/schema\/person\/41262fd368def7540fd0a545104a7672","name":"Hand\u00f3 P\u00e9ter","image":{"@type":"ImageObject","inLanguage":"hu","@id":"https:\/\/kofe.hu\/parola\/#\/schema\/person\/image\/761442e7259fedd57adf7bcbcfa576dd","url":"https:\/\/secure.gravatar.com\/avatar\/85376bba576361650f405e6bbca7e6269e4d19c00104e58002d8c0c06240ea63?s=96&d=mm&r=g","contentUrl":"https:\/\/secure.gravatar.com\/avatar\/85376bba576361650f405e6bbca7e6269e4d19c00104e58002d8c0c06240ea63?s=96&d=mm&r=g","caption":"Hand\u00f3 P\u00e9ter"},"url":"https:\/\/kofe.hu\/parola\/szerzok\/hando-peter\/"}]}},"_links":{"self":[{"href":"https:\/\/kofe.hu\/parola\/wp-json\/wp\/v2\/posts\/2068","targetHints":{"allow":["GET"]}}],"collection":[{"href":"https:\/\/kofe.hu\/parola\/wp-json\/wp\/v2\/posts"}],"about":[{"href":"https:\/\/kofe.hu\/parola\/wp-json\/wp\/v2\/types\/post"}],"author":[{"embeddable":true,"href":"https:\/\/kofe.hu\/parola\/wp-json\/wp\/v2\/users\/234"}],"replies":[{"embeddable":true,"href":"https:\/\/kofe.hu\/parola\/wp-json\/wp\/v2\/comments?post=2068"}],"version-history":[{"count":3,"href":"https:\/\/kofe.hu\/parola\/wp-json\/wp\/v2\/posts\/2068\/revisions"}],"predecessor-version":[{"id":4972,"href":"https:\/\/kofe.hu\/parola\/wp-json\/wp\/v2\/posts\/2068\/revisions\/4972"}],"wp:featuredmedia":[{"embeddable":true,"href":"https:\/\/kofe.hu\/parola\/wp-json\/wp\/v2\/media\/3464"}],"wp:attachment":[{"href":"https:\/\/kofe.hu\/parola\/wp-json\/wp\/v2\/media?parent=2068"}],"wp:term":[{"taxonomy":"category","embeddable":true,"href":"https:\/\/kofe.hu\/parola\/wp-json\/wp\/v2\/categories?post=2068"},{"taxonomy":"post_tag","embeddable":true,"href":"https:\/\/kofe.hu\/parola\/wp-json\/wp\/v2\/tags?post=2068"},{"taxonomy":"author","embeddable":true,"href":"https:\/\/kofe.hu\/parola\/wp-json\/wp\/v2\/coauthors?post=2068"}],"curies":[{"name":"wp","href":"https:\/\/api.w.org\/{rel}","templated":true}]}}