{"id":2066,"date":"2020-06-24T16:45:16","date_gmt":"2020-06-24T16:45:16","guid":{"rendered":"https:\/\/kofe.hu\/parola\/?p=2066"},"modified":"2020-07-30T17:11:50","modified_gmt":"2020-07-30T17:11:50","slug":"a-hajos-jelenseg","status":"publish","type":"post","link":"https:\/\/kofe.hu\/parola\/parola-folyoirat\/a-hajos-jelenseg\/","title":{"rendered":"A Haj\u00f3s-jelens\u00e9g"},"content":{"rendered":"<p style=\"text-align: justify;\"><span style=\"font-family: Times New Roman CE;\">Mondt\u00e1k, mondj\u00e1k: k\u00f6nny\u0171 neki.<\/span><br \/>\n<span style=\"font-family: Times New Roman CE;\">Haj\u00f3son j\u00e1rva n\u00e9h\u00e1nyszor haszn\u00e1ltam ide-oda menet s\u00e1rga aut\u00f3j\u00e1t \u00e9s persze nem hozhattam sz\u00e9gyent re\u00e1. Amerre csak fordult az utca, minden\u00fctt karlenget\u00e9ssel k\u00f6sz\u00f6nt\u00f6ttek. \u00c9n meg viszont. Aut\u00f3ja persze \u0151t azonos\u00edtotta. Tal\u00e1n hasonl\u00f3 fazonunk tette, hogy m\u00e9g a szemben j\u00f6v\u0151 biciklisek is folyv\u00e1st visszak\u00f6sz\u00f6ntek. Mert mellette is \u00fclve megfigyelhettem el\u00e9gszer, hogy mindig \u0151 a kezdem\u00e9nyez\u0151. Azt is tudom, hogy nem mindig j\u00f3kedv\u00e9b\u0151l tette.<\/span><\/p>\n<p><!--more--><\/p>\n<p style=\"text-align: justify;\"><span style=\"font-family: Times New Roman CE;\">,\u0150k alkalmaznak, nekik dolgozom&#8221; szokta volt mondani.<\/span><br \/>\n<span style=\"font-family: Times New Roman CE;\">A takaross\u00e1 var\u00e1zsolt pincefaluban ha kolleg\u00e1kat k\u00eds\u00e9rt, be-bet\u00e9rt egyik-m\u00e1sik pinc\u00e9be. Bet\u00e9rt? &#8211; pr\u00f3b\u00e1lta volna nem meghallani, elh\u00e1r\u00edtani az invit\u00e1l\u00e1st. K\u00e9nyszer\u0171 udvariass\u00e1ga miatt nem egyszer \u00f3r\u00e1kat k\u00e9st\u00fcnk, mert ki is \u00e1llhatta volna meg, hogy ha m\u00e1r b\u00e9v\u00fcl vagyunk, ne k\u00f3stoljuk meg ezt vagy azt \u00e9s azut\u00e1n a jobbikat ism\u00e9t. Ilyenkor a vend\u00e9gl\u00e1t\u00f3val f\u0171zte a sz\u00f3t sz\u00e1munkra ismeretlen, helyb\u00e9li \u00fcgyekr\u0151l, mintha p\u00e1r perce v\u00e1ltak volna el \u00e9s v\u00e9ge sem lett soha az eff\u00e9le besz\u00e9lget\u00e9snek bizony\u00e1ra az\u00e9rt, mert mindketten tudt\u00e1k imm\u00e1r \u00e9vtizede, hogy folytathatj\u00e1k majd a legk\u00f6zelebbi tal\u00e1lkoz\u00e1skor. ,K\u00f6nny\u0171 neki&#8221;, legyintettek a kolleg\u00e1k n\u00e9mi irigys\u00e9ggel \u00e9s persze n\u00e9mi fens\u0151bbs\u00e9ggel is, ,pr\u00f3b\u00e1ln\u00e1 n\u00e1lunk&#8221;.<\/span><br \/>\n<span style=\"font-family: Times New Roman CE;\">Ez a legyint\u00e9s unok\u00e1ja annak az imm\u00e1r \u00e9vtizedesnek, amivel a m\u0171vel\u0151d\u00e9si otthon\u00e1ba telep\u00edtett kozmetikus, fodr\u00e1sz majd fogorvos miatt illet\u00e9k a szakma fens\u0151s\u00e9gesebbjei. Akkort\u00e1jt m\u00e9g h\u00edre-hamva sem volt az az\u00f3ta m\u00e1r elal\u00e9lt, az int\u00e9zm\u00e9nyi v\u00e1llalkoz\u00e1si form\u00e1kat szorgalmaz\u00f3 lehet\u0151s\u00e9gnek, deh\u00e1t nem is a bev\u00e9tel n\u00f6vel\u00e9se \u00e9rdek\u00e9ben sz\u00fclettek ezek. Helyb\u00e9li ig\u00e9nyt el\u00e9g\u00edtett ki \u00e9ppen \u00fagy, mint a gyermekm\u0171sor, a n\u00f3taest vagy a diszk\u00f3, avagy az itt fogad\u00f3\u00f3r\u00e1t tart\u00f3 kalocsai \u00fcgyv\u00e9d, az odaval\u00f3si IBUSZ-iroda itteni \u00fcgyelete. ,Mi\u00e9rt ne lehetne joguk a haj\u00f3siaknak arra, hogy v\u00e1rakoz\u00e1s, buszjegy \u00e9s k\u00e9tszer f\u00e9l \u00f3ra utaz\u00e1s n\u00e9lk\u00fcl v\u00e1ltsanak valut\u00e1t, keress\u00e9k igazukat vagy hozz\u00e1k rendbe magukat?&#8221; szokta volt k\u00e9rdezni \u00e9s persze teljesen igazat adtunk neki m\u00e9g akkor is, ha m\u00e1sok az int\u00e9zm\u00e9nyi statisztika kit\u00f6ltend\u0151 rovatai szerint v\u00e9lt\u00e9k megtal\u00e1lni a m\u0171vel\u0151d\u00e9si otthoni tev\u00e9kenys\u00e9get. A fodr\u00e1szra, a kozmetikusra, az \u00fcgyv\u00e9dre val\u00f3 v\u00e1rakoz\u00e1s sz\u00fcks\u00e9gk\u00e9ppen \u00e1talak\u00edtotta az \u00e9p\u00fclet fogad\u00f3ter\u00e9t; vir\u00e1g \u00e9s \u00fajs\u00e1gok, asztalok, fotelok ker\u00fcltek oda, a megtartott cser\u00e9pk\u00e1lyh\u00e1hoz padk\u00e1t ker\u00edtett \u00e9s \u00e1talakult az onnan ny\u00edl\u00f3 k\u00f6nyvt\u00e1r is persze, mert oda is ben\u00e9ztek, helyet foglaltak, egym\u00e1ssal ott is sz\u00f3ba elegyedtek a v\u00e1rakoz\u00f3k. ,K\u00f6nny\u0171 neki&#8221; mondt\u00e1k az odal\u00e1togat\u00f3 kolleg\u00e1k az eredm\u00e9nyt l\u00e1tv\u00e1n \u00e9s bizony nem tudom, hogy k\u00f6z\u00fcl\u00fck h\u00e1nyan voltak azok, akik meg\u00e9rtett\u00e9k a l\u00e1tottak ok\u00e1t \u00e9s a megval\u00f3s\u00edt\u00e1s apr\u00f3, b\u00e1r hallatlan neh\u00e9zs\u00e9geit. Bizony nem tudom, belegondolt-e valaki saj\u00e1t helyzet\u00e9be Haj\u00f3son j\u00e1rv\u00e1n, hogy mag\u00e1ra n\u00e9zv\u00e9st \u00e1t\u00edrja a tapasztaltakat; hogy a Haj\u00f3son t\u00f6rt\u00e9ntek logik\u00e1j\u00e1t k\u00f6vetve saj\u00e1t helyzet\u00e9ben saj\u00e1t tennival\u00f3j\u00e1t k\u00f6nnyebben meglelje. Az \u0151 adotts\u00e1gai szerinti sz\u00fcks\u00e9gess\u00e9get.<\/span><br \/>\n<span style=\"font-family: Times New Roman CE;\">A pincefalu imm\u00e1r takaros \u00e9p\u00fcletei, a n\u00e9met idegenforgalomra alapozott, busznyi vend\u00e9get befogad\u00f3 apartmanok, az idegenforgalom eredm\u00e9nyek\u00e9pp kialakult sz\u00e1mtalan emberi-csal\u00e1di kapcsolat, manaps\u00e1g m\u00e1r v\u00e1llalkoz\u00e1s a m\u0171vel\u0151d\u00e9si otthoni statisztik\u00e1ban ugyancsak elsz\u00e1molhatatlan. Nincs helye ott annak a n\u00e9pm\u0171vel\u0151i felismer\u00e9snek, hogy az odaker\u00fcl\u00e9sekor (teh\u00e1t mintegy k\u00e9t \u00e9vtizede) m\u00e9g romos pinc\u00e9k vil\u00e1grasz\u00f3l\u00f3 kuri\u00f3zumok lehetn\u00e9nek; a statisztik\u00e1ban r\u00f6gz\u00edthetetlen az a munka, ahogyan a helyb\u00e9li szeg\u00e9nyes rafin\u00e9ri\u00e1n (hogy ugyanis ha elhanyagolt az \u00e9p\u00fclet, akkor kevesebb ad\u00f3t vet ki a fin\u00e1nc) \u00farr\u00e1 lett; bizony elsz\u00e1molhatatlan az a teljes\u00edtm\u00e9ny, hogy a sz\u0151l\u0151sgazd\u00e1k a szok\u00e1sos l\u0151re helyett manaps\u00e1g piack\u00e9pes bort t\u00e1rolnak \u00e9p\u00fcleteik m\u00e9ly\u00e9n \u00e9s nincs hov\u00e1 be\u00edrni azt az eredm\u00e9nyt sem, amely szerint a helyb\u00e9liek imm\u00e1r nem az ad\u00f3t\u00f3l rettegnek, hanem a kurrens tennival\u00f3t keresik. Tehet t\u00f6bbet egy n\u00e9pm\u0171vel\u0151 ann\u00e1l, hogy a helybelieket nemcsak helyben tartja, hanem j\u00f3 \u00e9rz\u00e9s\u00fcket, meg\u00e9lhet\u00e9s\u00fcket \u00e9s rem\u00e9nyeiket is n\u00f6veli? Tehet t\u00f6bbet ann\u00e1l, hogy \u00f6sszehozza, hogy \u00f6sszetartja, hogy egy\u00fcttm\u0171k\u00f6d\u00e9s\u00fcket, hogy szolidarit\u00e1sukat megteremti?<\/span><br \/>\n<span style=\"font-family: Times New Roman CE;\">Az egyik Orb\u00e1n-napi bor\u00fcnnepen, az ugyancsak saj\u00e1t tal\u00e1lm\u00e1ny\u00fa, el\u0151zm\u00e9nyek n\u00e9lk\u00fcli \u00e9s imm\u00e1r hagyom\u00e1nyos nagy haj\u00f3si bulin s\u00e9tafik\u00e1lva \u00e1ll\u00edtott meg benn\u00fcnket az egyik atyafi hossz\u00fa asztal\u00e1hoz \u00e9s sok vend\u00e9ge k\u00f6z\u00e9 invit\u00e1lva, bemutatva menyeit, vejeit, s\u00f3gorait \u00e9s kom\u00e1it, unokatestv\u00e9reit \u00e9s azok rokonait szerte Magyarorsz\u00e1gr\u00f3l mondv\u00e1n, hogy eddig csak a temet\u00e9sekkor szoktak alkalmasint \u00f6sszegy\u00fclekezni, de l\u00e1m ideszoktak mindannyian imm\u00e1r \u00e9vek \u00f3ta erre a napra, mert b\u00fab\u00e1nat n\u00e9lk\u00fcl fecseghetnek v\u00e9gre ebb\u0151l az alkalomb\u00f3l. ,Neki k\u00f6sz\u00f6nj\u00e9tek&#8221; mutatta be \u0151t \u00e9s \u00e9n arra gondoltam, vajon ahonnan ideutaztak nincs n\u00e9pm\u0171vel\u0151 kollega? Nincs valami mondvacsin\u00e1lhat\u00f3 \u00fcr\u00fcgy, \u00e9szrev\u00e9telre v\u00e1r\u00f3 k\u00fcl\u00f6n\u00f6ss\u00e9g, elfelejtett egyedi r\u00e9szlet, szunnyad\u00f3, meg- vagy kital\u00e1land\u00f3 hagyom\u00e1ny hasonl\u00f3t teremteni? ,Itt a vil\u00e1g k\u00f6zepe&#8221; \u00edrta ki saj\u00e1t pinc\u00e9j\u00e9re nagyk\u00e9p\u0171en az egyik haj\u00f3si, \u00e9s az Orb\u00e1n-napi forgatagban az ember hajlamos elhinni ezt. K\u00fcl\u00f6n\u00f6sen, hogy valaki valamikor ide teremtette. Az, akinek &#8211; mondj\u00e1k &#8211; olyan k\u00f6nny\u0171 volt.<\/span><br \/>\n<span style=\"font-family: Times New Roman CE;\">Hogy k\u00f6nny\u0171 volt vagy sem, ne vitassuk. Kevesebb\u00e9rt is meghurcoltak, megal\u00e1ztak, semmibe vettek \u00e9s kioktattak n\u00e9pm\u0171vel\u0151ket szerte e haz\u00e1ban. Hogy ki mik\u00e9nt b\u00edrta, egy\u00e9ni adotts\u00e1g, szerencse, k\u00f6r\u00fclm\u00e9ny dolga volt. Azzal sem dicsekedhet\u00fcnk, hogy csak a n\u00e9pm\u0171vel\u0151ket \u00e9rte hasonl\u00f3 figyelem; a lekicsinyl\u00e9sben, a megleck\u00e9ztet\u00e9sben, a lealacsony\u00edt\u00e1sban sokan m\u00e1sokkal osztoztunk. \u00d6nbecs\u00fcl\u00e9st keresve bizony\u00e1ra t\u00f6bben lelt\u00e9k meg a haj\u00f3si utat: az emberek szolg\u00e1lat\u00e1t, \u00e9rdekeik felismer\u00e9s\u00e9t \u00e9s felismertet\u00e9s\u00e9t, a m\u0171vel\u0151d\u00e9si otthonon k\u00edv\u00fcli helyb\u00e9li vil\u00e1g megv\u00e1ltoztat\u00e1s\u00e1t, fejleszt\u00e9s\u00e9t. Bizony\u00e1ra t\u00f6bb hely\u00fctt tal\u00e1lt\u00e1k \u00e9s tal\u00e1ltatt\u00e1k meg a vil\u00e1g k\u00f6zep\u00e9t. \u00c1m ett\u0151l m\u00e9g Haj\u00f3son is. \u00c9s \u00edgy val\u00f3ban k\u00f6nny\u0171 volt. Legal\u00e1bbis: k\u00f6nnyebb.<\/span><br \/>\n<span style=\"font-family: Times New Roman CE;\">Persze minderr\u0151l m\u00falt id\u0151ben kell \u00edrnom imm\u00e1r. M\u00e1jus elsej\u00e9t\u0151l v\u00e1llalkoz\u00e1s lett a haj\u00f3si m\u0171vel\u0151d\u00e9si otthon. Az \u00f6nkorm\u00e1nyzat egy \u00f6sszegben el\u0151re megadta h\u00e1rom \u00e9ves t\u00e1mogat\u00e1s\u00e1t, amib\u0151l meg\u00fajult az imm\u00e1r b\u00e9rlem\u00e9nny\u00e9 v\u00e1ltozott \u00e9p\u00fclet; k\u00e9t \u00e9v m\u00falva pedig \u00e9vente egymilli\u00f3s b\u00e9rleti d\u00edjat fizet a bet\u00e9ti t\u00e1rsas\u00e1gg\u00e1 alakult csapat. Hogy a m\u0171vel\u0151d\u00e9s h\u00e1z\u00e1t\u00f3l joggal megk\u00f6vetelhet\u0151 tev\u00e9kenys\u00e9g\u00fck\u00f6n t\u00fal vend\u00e9gl\u00e1t\u00e1ssal \u00e9s idegenforgalom szervez\u00e9s\u00e9vel-bonyol\u00edt\u00e1s\u00e1val is foglalkoznak, az el\u00e9g term\u00e9szetes. Az elm\u00falt \u00e9vtizedekben &#8211; fogalmazzunk most \u00edgy &#8211; kikapart\u00e1k a geszteny\u00e9t. Mi\u00e9rt m\u00e1s gy\u0171jtse be?<\/span><\/p>\n<p><span style=\"font-family: Times New Roman CE;\">*<\/span><\/p>\n<p><span style=\"font-family: Times New Roman CE;\">Alf\u00f6ldi Albert bar\u00e1tom &#8211; mert h\u00e1t \u0151 a volt haj\u00f3si n\u00e9pm\u0171vel\u0151, a mai v\u00e1llalkoz\u00f3 &#8211; \u00e1prilis harmincadik\u00e1n \u00e9jjel nekiindult, hogy h\u00e1rom \u00e9vtizedes \u00e1llami szolg\u00e1lat\u00e1nak helysz\u00edneit ebb\u00e9li min\u0151s\u00e9g\u00e9nek utols\u00f3 \u00f3r\u00e1iban f\u00f6lkeresse. Elsej\u00e9n reggel v\u00e1llalkoz\u00f3k\u00e9nt t\u00e9rt haza. A faluba \u00e9rve k\u00f6sz\u00f6nt jobbra-balra, mint eddig, hiszen mi v\u00e1ltozott? \u0150 nem. Tehets\u00e9ge, lelkiismeretess\u00e9ge is ugyanaz. A helyb\u00e9liek sem. Sz\u00fcks\u00e9gleteik, \u00e9rdekeik ugyanolyanok. \u00c1m az orsz\u00e1gb\u00e9li viszonylatok nagyon is. A lehet\u0151s\u00e9gek ugyancsak. \u0150 ehhez k\u00e9pest l\u00e9pett egyet. Megintcsak el\u00e9nk.<\/span><br \/>\n<span style=\"font-family: Times New Roman CE;\">Aj\u00e1nl\u00e1s P\u00e1l Ancinak<\/span><br \/>\n<span style=\"font-family: Times New Roman CE;\">B\u00e9k\u00e9scsab\u00e1ra<\/span><\/p>\n<p><span style=\"font-family: Times New Roman CE;\">A minap bar\u00e1ti-kollegai k\u00f6rben egy\u00fctt vacsor\u00e1zva eml\u00edtetted volt, hogy nem v\u00e1laszoltam. K\u00e9rdeztem, mire? A leveledre, mondtad. Nem eml\u00e9keztem r\u00e1, gy\u00f6ng\u00fcl\u0151 eml\u00e9kezetemmel mentegettem magam. Szigor\u00faan r\u00e1mk\u00e9rdezt\u00e9l, hogy akkor most itt helyben, azonnal magyar\u00e1zzam meg, hogy mit \u00e9rtek szakmai meg\u00fajul\u00e1son. \u00c9rtetlen\u00fcl nyeltem vacsor\u00e1mat, azt\u00e1n eszembe jutott. Val\u00f3ban volt egy k\u00f6rlevel\u00fcnk azt tudakoland\u00f3, hogy vajon merre \u00e9s hol lelhet\u00fcnk olyan, m\u00e1soknak is gy\u00e1mol\u00edt\u00e1st, b\u00e1tor\u00edt\u00e1st ny\u00fajt\u00f3 m\u0171vel\u0151d\u00e9si otthoni kezdem\u00e9nyez\u00e9seket, amelyek meghaladj\u00e1k a kor\u00e1bbi megszokott gyakorlatot \u00e9s azt\u00e1n amelyekkel m\u00e1sutt is \u00e1tgondol\u00e1st, meg\u00fajul\u00f3 cselekv\u00e9st serkenthet\u00fcnk. T\u00e9nyleg, jutott eszembe &#8211; \u00e9s ezt ott helyben be is vallottam -, hogy ep\u00e9s sorok k\u00eds\u00e9ret\u00e9ben v\u00e1laszolt\u00e1l, r\u00e1k\u00e9rdezve a meg\u00fajul\u00e1s sz\u00f3ra, annak min\u00e9m\u0171s\u00e9g\u00e9re, \u00e1ltalad bizonytalannak \u00edt\u00e9lt \u00e9rt\u00e9k\u00e9re. Igaz\u00e1b\u00f3l nem hittem, hogy v\u00e1laszt v\u00e1rsz \u00e9s persze az id\u00e9zett vacsorakor nem hittem, hogy komolyan k\u00e9rdezed. Hogy mivel \u00fct\u00f6ttem el folytonos nyaggat\u00e1sodat, m\u00e1r nem eml\u00e9kezem. De most, hogy Alf\u00f6ldi Bercir\u0151l, eredetileg B\u00e9k\u00e9s megyei n\u00e9pm\u0171vel\u0151 st\u00e1tuszv\u00e1lt\u00e1s\u00e1r\u00f3l \u00edrok, eszembe jutott \u00f3hajod a v\u00e1laszra. \u00eeme teh\u00e1t ut\u00f3lagos sz\u00f3- \u00e9s helyzetmagyar\u00e1zat (bevallom, az \u00c9rtelmez\u0151 K\u00e9zisz\u00f3t\u00e1r 1972-es kiad\u00e1s\u00e1nak 933. oldal\u00e1n tal\u00e1lhat\u00f3 sz\u00f3cikk segedelm\u00e9vel): ,meg\u00fajul, aki ism\u00e9t (szinte) \u00fajj\u00e1, \u00e9pp\u00e9, illet\u0151leg friss\u00e9, elevenn\u00e9 v\u00e1lik. Az a szervezet vagy k\u00f6z\u00f6ss\u00e9g, amely \u00fajj\u00e1alakul, \u00fajj\u00e1sz\u00fcletik. Amikor egy folyamat \u00fajra kezd\u0151dik. Meg\u00fajul\u00e1s: az a folyamat, jelens\u00e9g illet\u0151leg t\u00e9ny, hogy valami meg\u00fajul, vagyis teh\u00e1t (l\u00e1sd mint fent) \u00fajj\u00e1, friss\u00e9 alakul, \u00fajj\u00e1sz\u00fcletik. A meg\u00fajul\u00e1s ennek korszaka, id\u0151szaka&#8221;.<\/span><br \/>\n<span style=\"font-family: Times New Roman CE;\">Valahogy \u00edgy \u00e9rtettem teh\u00e1t. \u00c1ltal\u00e1noss\u00e1gk\u00e9nt persze, hiszen k\u00e9rd\u00e9sed is arra vonatkozott. Ehhez k\u00e9pest kerest\u00fcnk konkr\u00e9t megval\u00f3sul\u00e1sokat. Mint ahogy Haj\u00f3son is leltek a kor\u00e1bbihoz k\u00e9pest alternat\u00edv utat, m\u00f3dot. Nem nagyon \u00e9rtem, hogy egy meg\u00fajult vil\u00e1gban mi\u00e9rt maradn\u00e1nk ugyan\u00fagy, ugyanott?<\/span><\/p>\n","protected":false},"excerpt":{"rendered":"<p>Mondt\u00e1k, mondj\u00e1k: k\u00f6nny\u0171 neki. Haj\u00f3son j\u00e1rva n\u00e9h\u00e1nyszor haszn\u00e1ltam ide-oda menet s\u00e1rga aut\u00f3j\u00e1t \u00e9s persze nem hozhattam sz\u00e9gyent re\u00e1. Amerre csak fordult az utca, minden\u00fctt karlenget\u00e9ssel k\u00f6sz\u00f6nt\u00f6ttek. \u00c9n meg viszont. Aut\u00f3ja persze \u0151t azonos\u00edtotta. Tal\u00e1n hasonl\u00f3 fazonunk tette, hogy m\u00e9g a szemben j\u00f6v\u0151 biciklisek is folyv\u00e1st visszak\u00f6sz\u00f6ntek. Mert mellette is \u00fclve megfigyelhettem el\u00e9gszer, hogy mindig \u0151 [&hellip;]<\/p>\n","protected":false},"author":45,"featured_media":3464,"comment_status":"open","ping_status":"open","sticky":false,"template":"","format":"standard","meta":{"_acf_changed":false,"footnotes":""},"categories":[281,8,7],"tags":[],"coauthors":[62],"class_list":["post-2066","post","type-post","status-publish","format-standard","has-post-thumbnail","hentry","category-parola-1993-3","category-parola-folyoirat","category-repertorium"],"acf":[],"yoast_head":"<!-- This site is optimized with the Yoast SEO plugin v26.7 - https:\/\/yoast.com\/wordpress\/plugins\/seo\/ -->\n<title>A Haj\u00f3s-jelens\u00e9g - Parola Foly\u00f3irat<\/title>\n<meta name=\"robots\" content=\"index, follow, max-snippet:-1, max-image-preview:large, max-video-preview:-1\" \/>\n<link rel=\"canonical\" href=\"https:\/\/kofe.hu\/parola\/parola-folyoirat\/a-hajos-jelenseg\/\" \/>\n<meta property=\"og:locale\" content=\"hu_HU\" \/>\n<meta property=\"og:type\" content=\"article\" \/>\n<meta property=\"og:title\" content=\"A Haj\u00f3s-jelens\u00e9g - Parola Foly\u00f3irat\" \/>\n<meta property=\"og:description\" content=\"Mondt\u00e1k, mondj\u00e1k: k\u00f6nny\u0171 neki. Haj\u00f3son j\u00e1rva n\u00e9h\u00e1nyszor haszn\u00e1ltam ide-oda menet s\u00e1rga aut\u00f3j\u00e1t \u00e9s persze nem hozhattam sz\u00e9gyent re\u00e1. Amerre csak fordult az utca, minden\u00fctt karlenget\u00e9ssel k\u00f6sz\u00f6nt\u00f6ttek. \u00c9n meg viszont. Aut\u00f3ja persze \u0151t azonos\u00edtotta. Tal\u00e1n hasonl\u00f3 fazonunk tette, hogy m\u00e9g a szemben j\u00f6v\u0151 biciklisek is folyv\u00e1st visszak\u00f6sz\u00f6ntek. Mert mellette is \u00fclve megfigyelhettem el\u00e9gszer, hogy mindig \u0151 [&hellip;]\" \/>\n<meta property=\"og:url\" content=\"https:\/\/kofe.hu\/parola\/parola-folyoirat\/a-hajos-jelenseg\/\" \/>\n<meta property=\"og:site_name\" content=\"Parola Foly\u00f3irat\" \/>\n<meta property=\"article:published_time\" content=\"2020-06-24T16:45:16+00:00\" \/>\n<meta property=\"article:modified_time\" content=\"2020-07-30T17:11:50+00:00\" \/>\n<meta property=\"og:image\" content=\"https:\/\/kofe.hu\/parola\/wp-content\/uploads\/2020\/07\/93.3.jpeg\" \/>\n\t<meta property=\"og:image:width\" content=\"1392\" \/>\n\t<meta property=\"og:image:height\" content=\"1952\" \/>\n\t<meta property=\"og:image:type\" content=\"image\/jpeg\" \/>\n<meta name=\"author\" content=\"Beke P\u00e1l\" \/>\n<meta name=\"twitter:card\" content=\"summary_large_image\" \/>\n<meta name=\"twitter:label1\" content=\"Szerz\u0151:\" \/>\n\t<meta name=\"twitter:data1\" content=\"Beke P\u00e1l\" \/>\n\t<meta name=\"twitter:label2\" content=\"Becs\u00fclt olvas\u00e1si id\u0151\" \/>\n\t<meta name=\"twitter:data2\" content=\"9 perc\" \/>\n\t<meta name=\"twitter:label3\" content=\"Written by\" \/>\n\t<meta name=\"twitter:data3\" content=\"Beke P\u00e1l\" \/>\n<script type=\"application\/ld+json\" class=\"yoast-schema-graph\">{\"@context\":\"https:\/\/schema.org\",\"@graph\":[{\"@type\":\"Article\",\"@id\":\"https:\/\/kofe.hu\/parola\/parola-folyoirat\/a-hajos-jelenseg\/#article\",\"isPartOf\":{\"@id\":\"https:\/\/kofe.hu\/parola\/parola-folyoirat\/a-hajos-jelenseg\/\"},\"author\":{\"name\":\"Beke P\u00e1l\",\"@id\":\"https:\/\/kofe.hu\/parola\/#\/schema\/person\/e218f9357a879ddd7f2cc215cbc1f9e4\"},\"headline\":\"A Haj\u00f3s-jelens\u00e9g\",\"datePublished\":\"2020-06-24T16:45:16+00:00\",\"dateModified\":\"2020-07-30T17:11:50+00:00\",\"mainEntityOfPage\":{\"@id\":\"https:\/\/kofe.hu\/parola\/parola-folyoirat\/a-hajos-jelenseg\/\"},\"wordCount\":1872,\"commentCount\":0,\"image\":{\"@id\":\"https:\/\/kofe.hu\/parola\/parola-folyoirat\/a-hajos-jelenseg\/#primaryimage\"},\"thumbnailUrl\":\"https:\/\/kofe.hu\/parola\/wp-content\/uploads\/2020\/07\/93.3.jpeg\",\"articleSection\":[\"Parola 1993\/3\",\"Parola Foly\u00f3irat\",\"Repert\u00f3rium\"],\"inLanguage\":\"hu\",\"potentialAction\":[{\"@type\":\"CommentAction\",\"name\":\"Comment\",\"target\":[\"https:\/\/kofe.hu\/parola\/parola-folyoirat\/a-hajos-jelenseg\/#respond\"]}]},{\"@type\":\"WebPage\",\"@id\":\"https:\/\/kofe.hu\/parola\/parola-folyoirat\/a-hajos-jelenseg\/\",\"url\":\"https:\/\/kofe.hu\/parola\/parola-folyoirat\/a-hajos-jelenseg\/\",\"name\":\"A Haj\u00f3s-jelens\u00e9g - Parola Foly\u00f3irat\",\"isPartOf\":{\"@id\":\"https:\/\/kofe.hu\/parola\/#website\"},\"primaryImageOfPage\":{\"@id\":\"https:\/\/kofe.hu\/parola\/parola-folyoirat\/a-hajos-jelenseg\/#primaryimage\"},\"image\":{\"@id\":\"https:\/\/kofe.hu\/parola\/parola-folyoirat\/a-hajos-jelenseg\/#primaryimage\"},\"thumbnailUrl\":\"https:\/\/kofe.hu\/parola\/wp-content\/uploads\/2020\/07\/93.3.jpeg\",\"datePublished\":\"2020-06-24T16:45:16+00:00\",\"dateModified\":\"2020-07-30T17:11:50+00:00\",\"author\":{\"@id\":\"https:\/\/kofe.hu\/parola\/#\/schema\/person\/e218f9357a879ddd7f2cc215cbc1f9e4\"},\"breadcrumb\":{\"@id\":\"https:\/\/kofe.hu\/parola\/parola-folyoirat\/a-hajos-jelenseg\/#breadcrumb\"},\"inLanguage\":\"hu\",\"potentialAction\":[{\"@type\":\"ReadAction\",\"target\":[\"https:\/\/kofe.hu\/parola\/parola-folyoirat\/a-hajos-jelenseg\/\"]}]},{\"@type\":\"ImageObject\",\"inLanguage\":\"hu\",\"@id\":\"https:\/\/kofe.hu\/parola\/parola-folyoirat\/a-hajos-jelenseg\/#primaryimage\",\"url\":\"https:\/\/kofe.hu\/parola\/wp-content\/uploads\/2020\/07\/93.3.jpeg\",\"contentUrl\":\"https:\/\/kofe.hu\/parola\/wp-content\/uploads\/2020\/07\/93.3.jpeg\",\"width\":1392,\"height\":1952},{\"@type\":\"BreadcrumbList\",\"@id\":\"https:\/\/kofe.hu\/parola\/parola-folyoirat\/a-hajos-jelenseg\/#breadcrumb\",\"itemListElement\":[{\"@type\":\"ListItem\",\"position\":1,\"name\":\"Home\",\"item\":\"https:\/\/kofe.hu\/parola\/\"},{\"@type\":\"ListItem\",\"position\":2,\"name\":\"A Haj\u00f3s-jelens\u00e9g\"}]},{\"@type\":\"WebSite\",\"@id\":\"https:\/\/kofe.hu\/parola\/#website\",\"url\":\"https:\/\/kofe.hu\/parola\/\",\"name\":\"Parola Foly\u00f3irat\",\"description\":\"\",\"potentialAction\":[{\"@type\":\"SearchAction\",\"target\":{\"@type\":\"EntryPoint\",\"urlTemplate\":\"https:\/\/kofe.hu\/parola\/?s={search_term_string}\"},\"query-input\":{\"@type\":\"PropertyValueSpecification\",\"valueRequired\":true,\"valueName\":\"search_term_string\"}}],\"inLanguage\":\"hu\"},{\"@type\":\"Person\",\"@id\":\"https:\/\/kofe.hu\/parola\/#\/schema\/person\/e218f9357a879ddd7f2cc215cbc1f9e4\",\"name\":\"Beke P\u00e1l\",\"image\":{\"@type\":\"ImageObject\",\"inLanguage\":\"hu\",\"@id\":\"https:\/\/kofe.hu\/parola\/#\/schema\/person\/image\/23494c9101089ad44ae88ce9d2f56aac\",\"url\":\"https:\/\/secure.gravatar.com\/avatar\/?s=96&d=mm&r=g\",\"contentUrl\":\"https:\/\/secure.gravatar.com\/avatar\/?s=96&d=mm&r=g\",\"caption\":\"Beke P\u00e1l\"},\"url\":\"https:\/\/kofe.hu\/parola\/szerzok\/beke-pal\/\"}]}<\/script>\n<!-- \/ Yoast SEO plugin. -->","yoast_head_json":{"title":"A Haj\u00f3s-jelens\u00e9g - Parola Foly\u00f3irat","robots":{"index":"index","follow":"follow","max-snippet":"max-snippet:-1","max-image-preview":"max-image-preview:large","max-video-preview":"max-video-preview:-1"},"canonical":"https:\/\/kofe.hu\/parola\/parola-folyoirat\/a-hajos-jelenseg\/","og_locale":"hu_HU","og_type":"article","og_title":"A Haj\u00f3s-jelens\u00e9g - Parola Foly\u00f3irat","og_description":"Mondt\u00e1k, mondj\u00e1k: k\u00f6nny\u0171 neki. Haj\u00f3son j\u00e1rva n\u00e9h\u00e1nyszor haszn\u00e1ltam ide-oda menet s\u00e1rga aut\u00f3j\u00e1t \u00e9s persze nem hozhattam sz\u00e9gyent re\u00e1. Amerre csak fordult az utca, minden\u00fctt karlenget\u00e9ssel k\u00f6sz\u00f6nt\u00f6ttek. \u00c9n meg viszont. Aut\u00f3ja persze \u0151t azonos\u00edtotta. Tal\u00e1n hasonl\u00f3 fazonunk tette, hogy m\u00e9g a szemben j\u00f6v\u0151 biciklisek is folyv\u00e1st visszak\u00f6sz\u00f6ntek. Mert mellette is \u00fclve megfigyelhettem el\u00e9gszer, hogy mindig \u0151 [&hellip;]","og_url":"https:\/\/kofe.hu\/parola\/parola-folyoirat\/a-hajos-jelenseg\/","og_site_name":"Parola Foly\u00f3irat","article_published_time":"2020-06-24T16:45:16+00:00","article_modified_time":"2020-07-30T17:11:50+00:00","og_image":[{"width":1392,"height":1952,"url":"https:\/\/kofe.hu\/parola\/wp-content\/uploads\/2020\/07\/93.3.jpeg","type":"image\/jpeg"}],"author":"Beke P\u00e1l","twitter_card":"summary_large_image","twitter_misc":{"Szerz\u0151:":"Beke P\u00e1l","Becs\u00fclt olvas\u00e1si id\u0151":"9 perc","Written by":"Beke P\u00e1l"},"schema":{"@context":"https:\/\/schema.org","@graph":[{"@type":"Article","@id":"https:\/\/kofe.hu\/parola\/parola-folyoirat\/a-hajos-jelenseg\/#article","isPartOf":{"@id":"https:\/\/kofe.hu\/parola\/parola-folyoirat\/a-hajos-jelenseg\/"},"author":{"name":"Beke P\u00e1l","@id":"https:\/\/kofe.hu\/parola\/#\/schema\/person\/e218f9357a879ddd7f2cc215cbc1f9e4"},"headline":"A Haj\u00f3s-jelens\u00e9g","datePublished":"2020-06-24T16:45:16+00:00","dateModified":"2020-07-30T17:11:50+00:00","mainEntityOfPage":{"@id":"https:\/\/kofe.hu\/parola\/parola-folyoirat\/a-hajos-jelenseg\/"},"wordCount":1872,"commentCount":0,"image":{"@id":"https:\/\/kofe.hu\/parola\/parola-folyoirat\/a-hajos-jelenseg\/#primaryimage"},"thumbnailUrl":"https:\/\/kofe.hu\/parola\/wp-content\/uploads\/2020\/07\/93.3.jpeg","articleSection":["Parola 1993\/3","Parola Foly\u00f3irat","Repert\u00f3rium"],"inLanguage":"hu","potentialAction":[{"@type":"CommentAction","name":"Comment","target":["https:\/\/kofe.hu\/parola\/parola-folyoirat\/a-hajos-jelenseg\/#respond"]}]},{"@type":"WebPage","@id":"https:\/\/kofe.hu\/parola\/parola-folyoirat\/a-hajos-jelenseg\/","url":"https:\/\/kofe.hu\/parola\/parola-folyoirat\/a-hajos-jelenseg\/","name":"A Haj\u00f3s-jelens\u00e9g - Parola Foly\u00f3irat","isPartOf":{"@id":"https:\/\/kofe.hu\/parola\/#website"},"primaryImageOfPage":{"@id":"https:\/\/kofe.hu\/parola\/parola-folyoirat\/a-hajos-jelenseg\/#primaryimage"},"image":{"@id":"https:\/\/kofe.hu\/parola\/parola-folyoirat\/a-hajos-jelenseg\/#primaryimage"},"thumbnailUrl":"https:\/\/kofe.hu\/parola\/wp-content\/uploads\/2020\/07\/93.3.jpeg","datePublished":"2020-06-24T16:45:16+00:00","dateModified":"2020-07-30T17:11:50+00:00","author":{"@id":"https:\/\/kofe.hu\/parola\/#\/schema\/person\/e218f9357a879ddd7f2cc215cbc1f9e4"},"breadcrumb":{"@id":"https:\/\/kofe.hu\/parola\/parola-folyoirat\/a-hajos-jelenseg\/#breadcrumb"},"inLanguage":"hu","potentialAction":[{"@type":"ReadAction","target":["https:\/\/kofe.hu\/parola\/parola-folyoirat\/a-hajos-jelenseg\/"]}]},{"@type":"ImageObject","inLanguage":"hu","@id":"https:\/\/kofe.hu\/parola\/parola-folyoirat\/a-hajos-jelenseg\/#primaryimage","url":"https:\/\/kofe.hu\/parola\/wp-content\/uploads\/2020\/07\/93.3.jpeg","contentUrl":"https:\/\/kofe.hu\/parola\/wp-content\/uploads\/2020\/07\/93.3.jpeg","width":1392,"height":1952},{"@type":"BreadcrumbList","@id":"https:\/\/kofe.hu\/parola\/parola-folyoirat\/a-hajos-jelenseg\/#breadcrumb","itemListElement":[{"@type":"ListItem","position":1,"name":"Home","item":"https:\/\/kofe.hu\/parola\/"},{"@type":"ListItem","position":2,"name":"A Haj\u00f3s-jelens\u00e9g"}]},{"@type":"WebSite","@id":"https:\/\/kofe.hu\/parola\/#website","url":"https:\/\/kofe.hu\/parola\/","name":"Parola Foly\u00f3irat","description":"","potentialAction":[{"@type":"SearchAction","target":{"@type":"EntryPoint","urlTemplate":"https:\/\/kofe.hu\/parola\/?s={search_term_string}"},"query-input":{"@type":"PropertyValueSpecification","valueRequired":true,"valueName":"search_term_string"}}],"inLanguage":"hu"},{"@type":"Person","@id":"https:\/\/kofe.hu\/parola\/#\/schema\/person\/e218f9357a879ddd7f2cc215cbc1f9e4","name":"Beke P\u00e1l","image":{"@type":"ImageObject","inLanguage":"hu","@id":"https:\/\/kofe.hu\/parola\/#\/schema\/person\/image\/23494c9101089ad44ae88ce9d2f56aac","url":"https:\/\/secure.gravatar.com\/avatar\/?s=96&d=mm&r=g","contentUrl":"https:\/\/secure.gravatar.com\/avatar\/?s=96&d=mm&r=g","caption":"Beke P\u00e1l"},"url":"https:\/\/kofe.hu\/parola\/szerzok\/beke-pal\/"}]}},"_links":{"self":[{"href":"https:\/\/kofe.hu\/parola\/wp-json\/wp\/v2\/posts\/2066","targetHints":{"allow":["GET"]}}],"collection":[{"href":"https:\/\/kofe.hu\/parola\/wp-json\/wp\/v2\/posts"}],"about":[{"href":"https:\/\/kofe.hu\/parola\/wp-json\/wp\/v2\/types\/post"}],"author":[{"embeddable":true,"href":"https:\/\/kofe.hu\/parola\/wp-json\/wp\/v2\/users\/45"}],"replies":[{"embeddable":true,"href":"https:\/\/kofe.hu\/parola\/wp-json\/wp\/v2\/comments?post=2066"}],"version-history":[{"count":3,"href":"https:\/\/kofe.hu\/parola\/wp-json\/wp\/v2\/posts\/2066\/revisions"}],"predecessor-version":[{"id":4969,"href":"https:\/\/kofe.hu\/parola\/wp-json\/wp\/v2\/posts\/2066\/revisions\/4969"}],"wp:featuredmedia":[{"embeddable":true,"href":"https:\/\/kofe.hu\/parola\/wp-json\/wp\/v2\/media\/3464"}],"wp:attachment":[{"href":"https:\/\/kofe.hu\/parola\/wp-json\/wp\/v2\/media?parent=2066"}],"wp:term":[{"taxonomy":"category","embeddable":true,"href":"https:\/\/kofe.hu\/parola\/wp-json\/wp\/v2\/categories?post=2066"},{"taxonomy":"post_tag","embeddable":true,"href":"https:\/\/kofe.hu\/parola\/wp-json\/wp\/v2\/tags?post=2066"},{"taxonomy":"author","embeddable":true,"href":"https:\/\/kofe.hu\/parola\/wp-json\/wp\/v2\/coauthors?post=2066"}],"curies":[{"name":"wp","href":"https:\/\/api.w.org\/{rel}","templated":true}]}}