{"id":2064,"date":"2020-06-24T16:42:21","date_gmt":"2020-06-24T16:42:21","guid":{"rendered":"https:\/\/kofe.hu\/parola\/?p=2064"},"modified":"2020-07-30T17:11:36","modified_gmt":"2020-07-30T17:11:36","slug":"memorandum-a-tortenelmi-varosreszek-valasztasi-rehabilitaciojaert","status":"publish","type":"post","link":"https:\/\/kofe.hu\/parola\/parola-folyoirat\/memorandum-a-tortenelmi-varosreszek-valasztasi-rehabilitaciojaert\/","title":{"rendered":"Memorandum a t\u00f6rt\u00e9nelmi v\u00e1rosr\u00e9szek v\u00e1laszt\u00e1si rehabilit\u00e1ci\u00f3j\u00e1\u00e9rt"},"content":{"rendered":"<p style=\"text-align: justify;\"><span style=\"font-family: Times New Roman CE;\">Budapest f\u0151v\u00e1ros t\u00f6rt\u00e9nelmi v\u00e1rosr\u00e9szei a v\u00e1rosfejl\u0151d\u00e9s t\u00f6rt\u00e9nelmileg hiteles\u00edtett, hagyom\u00e1nyaikat az \u00f6nk\u00e9nyes v\u00e1rosigazgat\u00e1si rendez\u00e9sek er\u0151szak\u00e1val szemben is meg\u0151rizni k\u00e9pes egys\u00e9gei, amelyek az esetek egy r\u00e9sz\u00e9ben be\u00e9p\u00edt\u00e9si jellegzetess\u00e9geiket, t\u00e1rsadalmi saj\u00e1toss\u00e1gaikat tekintve is k\u00fcl\u00f6nb\u00f6znek szomsz\u00e9daikt\u00f3l. De ha ezt a bels\u0151 rendet \u00f6ssze is t\u00f6rt\u00e9k a lokalit\u00e1s k\u00f6z\u00f6ss\u00e9gfennart\u00f3 erej\u00e9t len\u00e9z\u0151, a polg\u00e1ri \u00e9rt\u00e9krendet ideol\u00f3giai megfontol\u00e1sokb\u00f3l tagad\u00f3 kem\u00e9ny majd l\u00e1gy diktat\u00fara \u00e9vtizedei, Budapest t\u00f6rt\u00e9nelmi v\u00e1rosr\u00e9szei m\u00e9g mai \u00e1llapotukban is alkalmasak arra, hogy az identit\u00e1s \u00faj forr\u00e1sak\u00e9nt m\u0171k\u00f6dve a t\u00e1rsadalom szerves, \u00f6n\u00e9p\u00edtkez\u0151 fejl\u0151d\u00e9s\u00e9nek b\u00e1zis\u00e1t k\u00e9pezz\u00e9k.<\/span><\/p>\n<p style=\"text-align: justify;\"><!--more--><br \/>\n<span style=\"font-family: Times New Roman CE;\">Amikor 1990-ben megnevez\u00e9s\u00fck t\u00f6rv\u00e9nyes\u00edt\u00e9s\u00e9vel, s e megnevez\u00e9sek alkalmaz\u00e1s\u00e1nak k\u00f6telez\u0151 el\u0151\u00edr\u00e1s\u00e1val a f\u0151v\u00e1ros megtette az els\u0151 l\u00e9p\u00e9st a t\u00f6rt\u00e9nelmi v\u00e1rosr\u00e9szek rehabilit\u00e1ci\u00f3j\u00e1nak \u00fatj\u00e1n &#8211; \u00e9s amikor az \u00d6nkorm\u00e1nyzati, majd a F\u0151v\u00e1rosi t\u00f6rv\u00e9ny is megfogalmazta a r\u00e9sz\u00f6nkorm\u00e1nyzatokat is elismer\u0151 koncepci\u00f3t &#8211; \u00fagy l\u00e1tszott, hogy a form\u00e1l\u00f3d\u00f3 \u00faj hatalom felismerte ennek a gondolatnak a term\u00e9keny\u00edt\u0151 erej\u00e9t, mely az \u00f6nigazgat\u00e1snak term\u00e9szetes b\u00e1zisait teremtheti meg, a t\u00f6bbnyire mesters\u00e9ges k\u00e9pz\u0151dm\u00e9nyeknek tekinthet\u0151 ker\u00fcletekkel szemben vagy azok mellett. Az els\u0151 komoly er\u0151pr\u00f3b\u00e1t jelent\u0151 helyhat\u00f3s\u00e1gi v\u00e1laszt\u00e1sok azonban megmutatt\u00e1k, hogy a p\u00e1rtok strat\u00e9gi\u00e1jukat els\u0151sorban nem a lokalit\u00e1sra \u00e9p\u00edtik &#8211; holott ez volna a helyhat\u00f3s\u00e1gnak m\u00e1r neve szerint is legbens\u0151bb l\u00e9nyege &#8211; hanem egy\u00e9b szempontok alapj\u00e1n hat\u00e1rozz\u00e1k meg a saj\u00e1t f\u0151szerepl\u00e9s\u00fckkel elk\u00e9pzelt j\u00f6v\u0151k\u00e9pet. \u00c9s mivel a v\u00e1laszt\u00e1sok id\u0151szak\u00e1ban a kor\u00e1bban sz\u00e9tvert, felsz\u00e1molt civil szervez\u0151d\u00e9sek, \u00fajj\u00e1alakul\u00e1suk eset\u00e9n sem voltak m\u00e9g eszk\u00f6zeik birtok\u00e1ban, mik\u00f6zben a p\u00e1rtok minden eszk\u00f6zzel rendelkeztek ahhoz, hogy az esem\u00e9nyeket ir\u00e1ny\u00edts\u00e1k, a mai \u00f6nkorm\u00e1nyzati form\u00e1ci\u00f3k legt\u00f6bbj\u00e9t &#8211; az elm\u00falt \u00e9vek t\u00f6rt\u00e9n\u00e9sei ezt f\u00e9lre\u00e9rthetetlen\u00fcl megmutatt\u00e1k &#8211; nem azok a saj\u00e1toss\u00e1gok jellemzik, amelyeket mint legfontosabbakat, a mindenkori \u00f6nkorm\u00e1nyzatok bels\u0151 filoz\u00f3fi\u00e1ja indokolna.<\/span><br \/>\n<span style=\"font-family: Times New Roman CE;\">\u015aj v\u00e1laszt\u00e1sok k\u00f6zelednek, m\u00e9g egyszer nem t\u00f6rt\u00e9nhet meg Budapesten az, ami az 1990-es v\u00e1laszt\u00e1sokon megt\u00f6rt\u00e9nt: hogy m\u00e1r a k\u00f6rzethat\u00e1rok kijel\u00f6l\u00e9s\u00e9n\u00e9l sem veszik figyelembe a t\u00f6rt\u00e9nelmi v\u00e1rosr\u00e9szek hat\u00e1rait &#8211; ehelyett a p\u00e1rt\u00e1llami p\u00e1rtk\u00f6rzetek saj\u00e1tos \u00e9rdekeit \u00e1t\u00f6r\u00f6k\u00edt\u0151, \u00f6nk\u00e9nyes hat\u00e1rokkal jel\u00f6lik meg egy-egy megv\u00e1lasztand\u00f3 k\u00e9pvisel\u0151 k\u00f6rzet\u00e9t. Azokat a szempontokat m\u00e9rlegelve, amelyeket a bevezet\u0151ben v\u00e1zoltunk, m\u00e9g a p\u00e1rtk\u00e9pvisel\u0151k megv\u00e1laszt\u00e1sa eset\u00e9n is jobb helyzetet teremt, ugyanis ha egy-egy v\u00e1rosr\u00e9sz egyik k\u00e9pvisel\u0151jek\u00e9nt hat\u00e1rozhatj\u00e1k meg magukat \u00e9s m\u0171k\u00f6d\u00e9s\u00fck kereteit &#8211; mint ha a k\u00e9pvisel\u0151k \u00e9s a k\u00e9pviseltek minden szerves koh\u00e9zi\u00f3t n\u00e9lk\u00fcl\u00f6z\u0151 halmazai \u00e1llnak szemben egym\u00e1ssal vagy ak\u00e1r egym\u00e1s mellett.<\/span><br \/>\n<span style=\"font-family: Times New Roman CE;\">Az el\u0151adottak logik\u00e1j\u00e1b\u00f3l k\u00f6vetkezik az is, hogy a jelen memorandum megfogalmaz\u00f3i \u00e9s al\u00e1\u00edr\u00f3i &#8211; Budapest \u00e9s v\u00e1rosr\u00e9szeinek civil szervezetei &#8211; nem t\u00e1mogatj\u00e1k, tiltakoz\u00e1ssal fogadj\u00e1k a p\u00e1rtoknak azokat a m\u00e1r bejelentett kezdem\u00e9nyez\u00e9seit, amelyek a v\u00e1laszt\u00e1si t\u00f6rv\u00e9ny m\u00f3dos\u00edt\u00e1s\u00e1val a list\u00e1s \u00e9s egy\u00e9ni k\u00e9pvisel\u0151k test\u00fcleten bel\u00fcli ar\u00e1nyait a list\u00e1s helyek t\u00fals\u00faly\u00e1val k\u00e9pzelik megval\u00f3s\u00edtani. Ez &#8211; ha tal\u00e1n a parlamenti k\u00e9pvisel\u0151k deleg\u00e1l\u00e1s\u00e1n\u00e1l el is k\u00e9pzelhet\u0151 &#8211; a helyhat\u00f3s\u00e1gok k\u00e9pvisel\u0151test\u00fcleteinek majdani legitimit\u00e1s\u00e1t k\u00e9rd\u0151jelezn\u00e9 meg, ha nem is jogtechnikai, de t\u00e1rsadalmi \u00e9rtelemben felt\u00e9tlen\u00fcl.<\/span><br \/>\n<span style=\"font-family: Times New Roman CE;\">Herminamez\u0151 Polg\u00e1ri K\u00f6re K\u00f6zgy\u0171l\u00e9s\u00e9nek jelen memoranduma, kiindulva a fenti t\u00e9nyekb\u0151l \u00e9s elemz\u00e9sb\u0151l, minden a v\u00e1laszt\u00e1sokban, azok el\u0151k\u00e9sz\u00edt\u00e9s\u00e9ben \u00e9rdekelt hivatal \u00e9s int\u00e9zm\u00e9ny figyelm\u00e9t arra h\u00edvja fel, hogy az 1994-ben esed\u00e9kes helyhat\u00f3s\u00e1gi v\u00e1laszt\u00e1sok el\u0151tt igaz\u00edts\u00e1k hozz\u00e1 a v\u00e1laszt\u00e1si k\u00f6rzethat\u00e1rokat a t\u00f6rt\u00e9nelmi v\u00e1rosr\u00e9szek kor\u00e1bbi hivatalos d\u00f6nt\u00e9sekkel defini\u00e1lt hat\u00e1raihoz. Ne fordulhasson el\u0151, hogy Budapesten olyan k\u00e9pvisel\u0151test\u00fcletek alakuljanak, amelyeknek tagjai nem tudj\u00e1k egy\u00e9rtelm\u0171en meghat\u00e1rozni saj\u00e1t v\u00e1laszt\u00f3ik term\u00e9szetes k\u00f6z\u00f6ss\u00e9geit, mert az \u00f6nk\u00e9nyes hat\u00e1rok miatt, nem is \u00e1llnak m\u00f6g\u00f6tt\u00fck ilyen szerves fejl\u0151d\u00e9st mutat\u00f3, t\u00f6rt\u00e9nelmileg hiteles\u00edtett k\u00f6z\u00f6ss\u00e9gek.<\/span><br \/>\n<span style=\"font-family: Times New Roman CE;\">E memorandum megfogalmaz\u00f3i \u00e9s a kezdem\u00e9nyez\u00e9shez csatlakoz\u00f3k nem \u00e9rtenek egyet az egy\u00e9ni v\u00e1laszt\u00f3k\u00f6rzetekb\u0151l v\u00e1laszthat\u00f3, a helyi k\u00f6z\u00f6ss\u00e9gek \u00e1ltal hiteles\u00edthet\u0151 \u00e9s elsz\u00e1moltathat\u00f3 helyhat\u00f3s\u00e1gi k\u00e9pvisel\u0151k ar\u00e1ny\u00e1nak cs\u00f6kkent\u00e9s\u00e9re ir\u00e1nyul\u00f3 t\u00f6rekv\u00e9sekkel. Kifejezik azt a hat\u00e1rozott sz\u00e1nd\u00e9kukat, hogy minden t\u00f6rv\u00e9nyes lehet\u0151s\u00e9get kihaszn\u00e1lva, minden lehets\u00e9ges f\u00f3rumot ig\u00e9nybe v\u00e9ve fell\u00e9pnek e p\u00e1rtkezdem\u00e9nyez\u00e9s ellen \u00e9s annak \u00e9rdek\u00e9ben, hogy a t\u00f6rt\u00e9nelmi v\u00e1rosr\u00e9szek hat\u00e1rait ne ignor\u00e1lhass\u00e1k \u00f6nk\u00e9nyes \u00e9rdekek szabta v\u00e1laszt\u00e1si k\u00f6rzetkialak\u00edt\u00e1sok a k\u00f6vetkez\u0151 helyhat\u00f3s\u00e1gi v\u00e1laszt\u00e1sokon.<\/span><\/p>\n","protected":false},"excerpt":{"rendered":"<p>Budapest f\u0151v\u00e1ros t\u00f6rt\u00e9nelmi v\u00e1rosr\u00e9szei a v\u00e1rosfejl\u0151d\u00e9s t\u00f6rt\u00e9nelmileg hiteles\u00edtett, hagyom\u00e1nyaikat az \u00f6nk\u00e9nyes v\u00e1rosigazgat\u00e1si rendez\u00e9sek er\u0151szak\u00e1val szemben is meg\u0151rizni k\u00e9pes egys\u00e9gei, amelyek az esetek egy r\u00e9sz\u00e9ben be\u00e9p\u00edt\u00e9si jellegzetess\u00e9geiket, t\u00e1rsadalmi saj\u00e1toss\u00e1gaikat tekintve is k\u00fcl\u00f6nb\u00f6znek szomsz\u00e9daikt\u00f3l. De ha ezt a bels\u0151 rendet \u00f6ssze is t\u00f6rt\u00e9k a lokalit\u00e1s k\u00f6z\u00f6ss\u00e9gfennart\u00f3 erej\u00e9t len\u00e9z\u0151, a polg\u00e1ri \u00e9rt\u00e9krendet ideol\u00f3giai megfontol\u00e1sokb\u00f3l tagad\u00f3 kem\u00e9ny majd l\u00e1gy [&hellip;]<\/p>\n","protected":false},"author":4,"featured_media":3464,"comment_status":"open","ping_status":"open","sticky":false,"template":"","format":"standard","meta":{"_acf_changed":false,"footnotes":""},"categories":[281,8,7],"tags":[],"coauthors":[47],"class_list":["post-2064","post","type-post","status-publish","format-standard","has-post-thumbnail","hentry","category-parola-1993-3","category-parola-folyoirat","category-repertorium"],"acf":[],"yoast_head":"<!-- This site is optimized with the Yoast SEO plugin v26.7 - https:\/\/yoast.com\/wordpress\/plugins\/seo\/ -->\n<title>Memorandum a t\u00f6rt\u00e9nelmi v\u00e1rosr\u00e9szek v\u00e1laszt\u00e1si rehabilit\u00e1ci\u00f3j\u00e1\u00e9rt - Parola Foly\u00f3irat<\/title>\n<meta name=\"robots\" content=\"index, follow, max-snippet:-1, max-image-preview:large, max-video-preview:-1\" \/>\n<link rel=\"canonical\" href=\"https:\/\/kofe.hu\/parola\/parola-folyoirat\/memorandum-a-tortenelmi-varosreszek-valasztasi-rehabilitaciojaert\/\" \/>\n<meta property=\"og:locale\" content=\"hu_HU\" \/>\n<meta property=\"og:type\" content=\"article\" \/>\n<meta property=\"og:title\" content=\"Memorandum a t\u00f6rt\u00e9nelmi v\u00e1rosr\u00e9szek v\u00e1laszt\u00e1si rehabilit\u00e1ci\u00f3j\u00e1\u00e9rt - Parola Foly\u00f3irat\" \/>\n<meta property=\"og:description\" content=\"Budapest f\u0151v\u00e1ros t\u00f6rt\u00e9nelmi v\u00e1rosr\u00e9szei a v\u00e1rosfejl\u0151d\u00e9s t\u00f6rt\u00e9nelmileg hiteles\u00edtett, hagyom\u00e1nyaikat az \u00f6nk\u00e9nyes v\u00e1rosigazgat\u00e1si rendez\u00e9sek er\u0151szak\u00e1val szemben is meg\u0151rizni k\u00e9pes egys\u00e9gei, amelyek az esetek egy r\u00e9sz\u00e9ben be\u00e9p\u00edt\u00e9si jellegzetess\u00e9geiket, t\u00e1rsadalmi saj\u00e1toss\u00e1gaikat tekintve is k\u00fcl\u00f6nb\u00f6znek szomsz\u00e9daikt\u00f3l. De ha ezt a bels\u0151 rendet \u00f6ssze is t\u00f6rt\u00e9k a lokalit\u00e1s k\u00f6z\u00f6ss\u00e9gfennart\u00f3 erej\u00e9t len\u00e9z\u0151, a polg\u00e1ri \u00e9rt\u00e9krendet ideol\u00f3giai megfontol\u00e1sokb\u00f3l tagad\u00f3 kem\u00e9ny majd l\u00e1gy [&hellip;]\" \/>\n<meta property=\"og:url\" content=\"https:\/\/kofe.hu\/parola\/parola-folyoirat\/memorandum-a-tortenelmi-varosreszek-valasztasi-rehabilitaciojaert\/\" \/>\n<meta property=\"og:site_name\" content=\"Parola Foly\u00f3irat\" \/>\n<meta property=\"article:published_time\" content=\"2020-06-24T16:42:21+00:00\" \/>\n<meta property=\"article:modified_time\" content=\"2020-07-30T17:11:36+00:00\" \/>\n<meta property=\"og:image\" content=\"https:\/\/kofe.hu\/parola\/wp-content\/uploads\/2020\/07\/93.3.jpeg\" \/>\n\t<meta property=\"og:image:width\" content=\"1392\" \/>\n\t<meta property=\"og:image:height\" content=\"1952\" \/>\n\t<meta property=\"og:image:type\" content=\"image\/jpeg\" \/>\n<meta name=\"author\" content=\"Parola\" \/>\n<meta name=\"twitter:card\" content=\"summary_large_image\" \/>\n<meta name=\"twitter:label1\" content=\"Szerz\u0151:\" \/>\n\t<meta name=\"twitter:data1\" content=\"Parola\" \/>\n\t<meta name=\"twitter:label2\" content=\"Becs\u00fclt olvas\u00e1si id\u0151\" \/>\n\t<meta name=\"twitter:data2\" content=\"5 perc\" \/>\n\t<meta name=\"twitter:label3\" content=\"Written by\" \/>\n\t<meta name=\"twitter:data3\" content=\"Parola\" \/>\n<script type=\"application\/ld+json\" class=\"yoast-schema-graph\">{\"@context\":\"https:\/\/schema.org\",\"@graph\":[{\"@type\":\"Article\",\"@id\":\"https:\/\/kofe.hu\/parola\/parola-folyoirat\/memorandum-a-tortenelmi-varosreszek-valasztasi-rehabilitaciojaert\/#article\",\"isPartOf\":{\"@id\":\"https:\/\/kofe.hu\/parola\/parola-folyoirat\/memorandum-a-tortenelmi-varosreszek-valasztasi-rehabilitaciojaert\/\"},\"author\":{\"name\":\"Parola\",\"@id\":\"https:\/\/kofe.hu\/parola\/#\/schema\/person\/b39ea6ec0995233537351d7e33281aeb\"},\"headline\":\"Memorandum a t\u00f6rt\u00e9nelmi v\u00e1rosr\u00e9szek v\u00e1laszt\u00e1si rehabilit\u00e1ci\u00f3j\u00e1\u00e9rt\",\"datePublished\":\"2020-06-24T16:42:21+00:00\",\"dateModified\":\"2020-07-30T17:11:36+00:00\",\"mainEntityOfPage\":{\"@id\":\"https:\/\/kofe.hu\/parola\/parola-folyoirat\/memorandum-a-tortenelmi-varosreszek-valasztasi-rehabilitaciojaert\/\"},\"wordCount\":1028,\"commentCount\":0,\"image\":{\"@id\":\"https:\/\/kofe.hu\/parola\/parola-folyoirat\/memorandum-a-tortenelmi-varosreszek-valasztasi-rehabilitaciojaert\/#primaryimage\"},\"thumbnailUrl\":\"https:\/\/kofe.hu\/parola\/wp-content\/uploads\/2020\/07\/93.3.jpeg\",\"articleSection\":[\"Parola 1993\/3\",\"Parola Foly\u00f3irat\",\"Repert\u00f3rium\"],\"inLanguage\":\"hu\",\"potentialAction\":[{\"@type\":\"CommentAction\",\"name\":\"Comment\",\"target\":[\"https:\/\/kofe.hu\/parola\/parola-folyoirat\/memorandum-a-tortenelmi-varosreszek-valasztasi-rehabilitaciojaert\/#respond\"]}]},{\"@type\":\"WebPage\",\"@id\":\"https:\/\/kofe.hu\/parola\/parola-folyoirat\/memorandum-a-tortenelmi-varosreszek-valasztasi-rehabilitaciojaert\/\",\"url\":\"https:\/\/kofe.hu\/parola\/parola-folyoirat\/memorandum-a-tortenelmi-varosreszek-valasztasi-rehabilitaciojaert\/\",\"name\":\"Memorandum a t\u00f6rt\u00e9nelmi v\u00e1rosr\u00e9szek v\u00e1laszt\u00e1si rehabilit\u00e1ci\u00f3j\u00e1\u00e9rt - Parola Foly\u00f3irat\",\"isPartOf\":{\"@id\":\"https:\/\/kofe.hu\/parola\/#website\"},\"primaryImageOfPage\":{\"@id\":\"https:\/\/kofe.hu\/parola\/parola-folyoirat\/memorandum-a-tortenelmi-varosreszek-valasztasi-rehabilitaciojaert\/#primaryimage\"},\"image\":{\"@id\":\"https:\/\/kofe.hu\/parola\/parola-folyoirat\/memorandum-a-tortenelmi-varosreszek-valasztasi-rehabilitaciojaert\/#primaryimage\"},\"thumbnailUrl\":\"https:\/\/kofe.hu\/parola\/wp-content\/uploads\/2020\/07\/93.3.jpeg\",\"datePublished\":\"2020-06-24T16:42:21+00:00\",\"dateModified\":\"2020-07-30T17:11:36+00:00\",\"author\":{\"@id\":\"https:\/\/kofe.hu\/parola\/#\/schema\/person\/b39ea6ec0995233537351d7e33281aeb\"},\"breadcrumb\":{\"@id\":\"https:\/\/kofe.hu\/parola\/parola-folyoirat\/memorandum-a-tortenelmi-varosreszek-valasztasi-rehabilitaciojaert\/#breadcrumb\"},\"inLanguage\":\"hu\",\"potentialAction\":[{\"@type\":\"ReadAction\",\"target\":[\"https:\/\/kofe.hu\/parola\/parola-folyoirat\/memorandum-a-tortenelmi-varosreszek-valasztasi-rehabilitaciojaert\/\"]}]},{\"@type\":\"ImageObject\",\"inLanguage\":\"hu\",\"@id\":\"https:\/\/kofe.hu\/parola\/parola-folyoirat\/memorandum-a-tortenelmi-varosreszek-valasztasi-rehabilitaciojaert\/#primaryimage\",\"url\":\"https:\/\/kofe.hu\/parola\/wp-content\/uploads\/2020\/07\/93.3.jpeg\",\"contentUrl\":\"https:\/\/kofe.hu\/parola\/wp-content\/uploads\/2020\/07\/93.3.jpeg\",\"width\":1392,\"height\":1952},{\"@type\":\"BreadcrumbList\",\"@id\":\"https:\/\/kofe.hu\/parola\/parola-folyoirat\/memorandum-a-tortenelmi-varosreszek-valasztasi-rehabilitaciojaert\/#breadcrumb\",\"itemListElement\":[{\"@type\":\"ListItem\",\"position\":1,\"name\":\"Home\",\"item\":\"https:\/\/kofe.hu\/parola\/\"},{\"@type\":\"ListItem\",\"position\":2,\"name\":\"Memorandum a t\u00f6rt\u00e9nelmi v\u00e1rosr\u00e9szek v\u00e1laszt\u00e1si rehabilit\u00e1ci\u00f3j\u00e1\u00e9rt\"}]},{\"@type\":\"WebSite\",\"@id\":\"https:\/\/kofe.hu\/parola\/#website\",\"url\":\"https:\/\/kofe.hu\/parola\/\",\"name\":\"Parola Foly\u00f3irat\",\"description\":\"\",\"potentialAction\":[{\"@type\":\"SearchAction\",\"target\":{\"@type\":\"EntryPoint\",\"urlTemplate\":\"https:\/\/kofe.hu\/parola\/?s={search_term_string}\"},\"query-input\":{\"@type\":\"PropertyValueSpecification\",\"valueRequired\":true,\"valueName\":\"search_term_string\"}}],\"inLanguage\":\"hu\"},{\"@type\":\"Person\",\"@id\":\"https:\/\/kofe.hu\/parola\/#\/schema\/person\/b39ea6ec0995233537351d7e33281aeb\",\"name\":\"Parola\",\"image\":{\"@type\":\"ImageObject\",\"inLanguage\":\"hu\",\"@id\":\"https:\/\/kofe.hu\/parola\/#\/schema\/person\/image\/ef1d7dc4d1949d5457aa415351763853\",\"url\":\"https:\/\/secure.gravatar.com\/avatar\/c18c00ea50048aa7adb99e5d11e4250d05111e33b2bea02671439eb7912c945e?s=96&d=mm&r=g\",\"contentUrl\":\"https:\/\/secure.gravatar.com\/avatar\/c18c00ea50048aa7adb99e5d11e4250d05111e33b2bea02671439eb7912c945e?s=96&d=mm&r=g\",\"caption\":\"Parola\"},\"url\":\"https:\/\/kofe.hu\/parola\/szerzok\/parola\/\"}]}<\/script>\n<!-- \/ Yoast SEO plugin. -->","yoast_head_json":{"title":"Memorandum a t\u00f6rt\u00e9nelmi v\u00e1rosr\u00e9szek v\u00e1laszt\u00e1si rehabilit\u00e1ci\u00f3j\u00e1\u00e9rt - Parola Foly\u00f3irat","robots":{"index":"index","follow":"follow","max-snippet":"max-snippet:-1","max-image-preview":"max-image-preview:large","max-video-preview":"max-video-preview:-1"},"canonical":"https:\/\/kofe.hu\/parola\/parola-folyoirat\/memorandum-a-tortenelmi-varosreszek-valasztasi-rehabilitaciojaert\/","og_locale":"hu_HU","og_type":"article","og_title":"Memorandum a t\u00f6rt\u00e9nelmi v\u00e1rosr\u00e9szek v\u00e1laszt\u00e1si rehabilit\u00e1ci\u00f3j\u00e1\u00e9rt - Parola Foly\u00f3irat","og_description":"Budapest f\u0151v\u00e1ros t\u00f6rt\u00e9nelmi v\u00e1rosr\u00e9szei a v\u00e1rosfejl\u0151d\u00e9s t\u00f6rt\u00e9nelmileg hiteles\u00edtett, hagyom\u00e1nyaikat az \u00f6nk\u00e9nyes v\u00e1rosigazgat\u00e1si rendez\u00e9sek er\u0151szak\u00e1val szemben is meg\u0151rizni k\u00e9pes egys\u00e9gei, amelyek az esetek egy r\u00e9sz\u00e9ben be\u00e9p\u00edt\u00e9si jellegzetess\u00e9geiket, t\u00e1rsadalmi saj\u00e1toss\u00e1gaikat tekintve is k\u00fcl\u00f6nb\u00f6znek szomsz\u00e9daikt\u00f3l. De ha ezt a bels\u0151 rendet \u00f6ssze is t\u00f6rt\u00e9k a lokalit\u00e1s k\u00f6z\u00f6ss\u00e9gfennart\u00f3 erej\u00e9t len\u00e9z\u0151, a polg\u00e1ri \u00e9rt\u00e9krendet ideol\u00f3giai megfontol\u00e1sokb\u00f3l tagad\u00f3 kem\u00e9ny majd l\u00e1gy [&hellip;]","og_url":"https:\/\/kofe.hu\/parola\/parola-folyoirat\/memorandum-a-tortenelmi-varosreszek-valasztasi-rehabilitaciojaert\/","og_site_name":"Parola Foly\u00f3irat","article_published_time":"2020-06-24T16:42:21+00:00","article_modified_time":"2020-07-30T17:11:36+00:00","og_image":[{"width":1392,"height":1952,"url":"https:\/\/kofe.hu\/parola\/wp-content\/uploads\/2020\/07\/93.3.jpeg","type":"image\/jpeg"}],"author":"Parola","twitter_card":"summary_large_image","twitter_misc":{"Szerz\u0151:":"Parola","Becs\u00fclt olvas\u00e1si id\u0151":"5 perc","Written by":"Parola"},"schema":{"@context":"https:\/\/schema.org","@graph":[{"@type":"Article","@id":"https:\/\/kofe.hu\/parola\/parola-folyoirat\/memorandum-a-tortenelmi-varosreszek-valasztasi-rehabilitaciojaert\/#article","isPartOf":{"@id":"https:\/\/kofe.hu\/parola\/parola-folyoirat\/memorandum-a-tortenelmi-varosreszek-valasztasi-rehabilitaciojaert\/"},"author":{"name":"Parola","@id":"https:\/\/kofe.hu\/parola\/#\/schema\/person\/b39ea6ec0995233537351d7e33281aeb"},"headline":"Memorandum a t\u00f6rt\u00e9nelmi v\u00e1rosr\u00e9szek v\u00e1laszt\u00e1si rehabilit\u00e1ci\u00f3j\u00e1\u00e9rt","datePublished":"2020-06-24T16:42:21+00:00","dateModified":"2020-07-30T17:11:36+00:00","mainEntityOfPage":{"@id":"https:\/\/kofe.hu\/parola\/parola-folyoirat\/memorandum-a-tortenelmi-varosreszek-valasztasi-rehabilitaciojaert\/"},"wordCount":1028,"commentCount":0,"image":{"@id":"https:\/\/kofe.hu\/parola\/parola-folyoirat\/memorandum-a-tortenelmi-varosreszek-valasztasi-rehabilitaciojaert\/#primaryimage"},"thumbnailUrl":"https:\/\/kofe.hu\/parola\/wp-content\/uploads\/2020\/07\/93.3.jpeg","articleSection":["Parola 1993\/3","Parola Foly\u00f3irat","Repert\u00f3rium"],"inLanguage":"hu","potentialAction":[{"@type":"CommentAction","name":"Comment","target":["https:\/\/kofe.hu\/parola\/parola-folyoirat\/memorandum-a-tortenelmi-varosreszek-valasztasi-rehabilitaciojaert\/#respond"]}]},{"@type":"WebPage","@id":"https:\/\/kofe.hu\/parola\/parola-folyoirat\/memorandum-a-tortenelmi-varosreszek-valasztasi-rehabilitaciojaert\/","url":"https:\/\/kofe.hu\/parola\/parola-folyoirat\/memorandum-a-tortenelmi-varosreszek-valasztasi-rehabilitaciojaert\/","name":"Memorandum a t\u00f6rt\u00e9nelmi v\u00e1rosr\u00e9szek v\u00e1laszt\u00e1si rehabilit\u00e1ci\u00f3j\u00e1\u00e9rt - Parola Foly\u00f3irat","isPartOf":{"@id":"https:\/\/kofe.hu\/parola\/#website"},"primaryImageOfPage":{"@id":"https:\/\/kofe.hu\/parola\/parola-folyoirat\/memorandum-a-tortenelmi-varosreszek-valasztasi-rehabilitaciojaert\/#primaryimage"},"image":{"@id":"https:\/\/kofe.hu\/parola\/parola-folyoirat\/memorandum-a-tortenelmi-varosreszek-valasztasi-rehabilitaciojaert\/#primaryimage"},"thumbnailUrl":"https:\/\/kofe.hu\/parola\/wp-content\/uploads\/2020\/07\/93.3.jpeg","datePublished":"2020-06-24T16:42:21+00:00","dateModified":"2020-07-30T17:11:36+00:00","author":{"@id":"https:\/\/kofe.hu\/parola\/#\/schema\/person\/b39ea6ec0995233537351d7e33281aeb"},"breadcrumb":{"@id":"https:\/\/kofe.hu\/parola\/parola-folyoirat\/memorandum-a-tortenelmi-varosreszek-valasztasi-rehabilitaciojaert\/#breadcrumb"},"inLanguage":"hu","potentialAction":[{"@type":"ReadAction","target":["https:\/\/kofe.hu\/parola\/parola-folyoirat\/memorandum-a-tortenelmi-varosreszek-valasztasi-rehabilitaciojaert\/"]}]},{"@type":"ImageObject","inLanguage":"hu","@id":"https:\/\/kofe.hu\/parola\/parola-folyoirat\/memorandum-a-tortenelmi-varosreszek-valasztasi-rehabilitaciojaert\/#primaryimage","url":"https:\/\/kofe.hu\/parola\/wp-content\/uploads\/2020\/07\/93.3.jpeg","contentUrl":"https:\/\/kofe.hu\/parola\/wp-content\/uploads\/2020\/07\/93.3.jpeg","width":1392,"height":1952},{"@type":"BreadcrumbList","@id":"https:\/\/kofe.hu\/parola\/parola-folyoirat\/memorandum-a-tortenelmi-varosreszek-valasztasi-rehabilitaciojaert\/#breadcrumb","itemListElement":[{"@type":"ListItem","position":1,"name":"Home","item":"https:\/\/kofe.hu\/parola\/"},{"@type":"ListItem","position":2,"name":"Memorandum a t\u00f6rt\u00e9nelmi v\u00e1rosr\u00e9szek v\u00e1laszt\u00e1si rehabilit\u00e1ci\u00f3j\u00e1\u00e9rt"}]},{"@type":"WebSite","@id":"https:\/\/kofe.hu\/parola\/#website","url":"https:\/\/kofe.hu\/parola\/","name":"Parola Foly\u00f3irat","description":"","potentialAction":[{"@type":"SearchAction","target":{"@type":"EntryPoint","urlTemplate":"https:\/\/kofe.hu\/parola\/?s={search_term_string}"},"query-input":{"@type":"PropertyValueSpecification","valueRequired":true,"valueName":"search_term_string"}}],"inLanguage":"hu"},{"@type":"Person","@id":"https:\/\/kofe.hu\/parola\/#\/schema\/person\/b39ea6ec0995233537351d7e33281aeb","name":"Parola","image":{"@type":"ImageObject","inLanguage":"hu","@id":"https:\/\/kofe.hu\/parola\/#\/schema\/person\/image\/ef1d7dc4d1949d5457aa415351763853","url":"https:\/\/secure.gravatar.com\/avatar\/c18c00ea50048aa7adb99e5d11e4250d05111e33b2bea02671439eb7912c945e?s=96&d=mm&r=g","contentUrl":"https:\/\/secure.gravatar.com\/avatar\/c18c00ea50048aa7adb99e5d11e4250d05111e33b2bea02671439eb7912c945e?s=96&d=mm&r=g","caption":"Parola"},"url":"https:\/\/kofe.hu\/parola\/szerzok\/parola\/"}]}},"_links":{"self":[{"href":"https:\/\/kofe.hu\/parola\/wp-json\/wp\/v2\/posts\/2064","targetHints":{"allow":["GET"]}}],"collection":[{"href":"https:\/\/kofe.hu\/parola\/wp-json\/wp\/v2\/posts"}],"about":[{"href":"https:\/\/kofe.hu\/parola\/wp-json\/wp\/v2\/types\/post"}],"author":[{"embeddable":true,"href":"https:\/\/kofe.hu\/parola\/wp-json\/wp\/v2\/users\/4"}],"replies":[{"embeddable":true,"href":"https:\/\/kofe.hu\/parola\/wp-json\/wp\/v2\/comments?post=2064"}],"version-history":[{"count":2,"href":"https:\/\/kofe.hu\/parola\/wp-json\/wp\/v2\/posts\/2064\/revisions"}],"predecessor-version":[{"id":4968,"href":"https:\/\/kofe.hu\/parola\/wp-json\/wp\/v2\/posts\/2064\/revisions\/4968"}],"wp:featuredmedia":[{"embeddable":true,"href":"https:\/\/kofe.hu\/parola\/wp-json\/wp\/v2\/media\/3464"}],"wp:attachment":[{"href":"https:\/\/kofe.hu\/parola\/wp-json\/wp\/v2\/media?parent=2064"}],"wp:term":[{"taxonomy":"category","embeddable":true,"href":"https:\/\/kofe.hu\/parola\/wp-json\/wp\/v2\/categories?post=2064"},{"taxonomy":"post_tag","embeddable":true,"href":"https:\/\/kofe.hu\/parola\/wp-json\/wp\/v2\/tags?post=2064"},{"taxonomy":"author","embeddable":true,"href":"https:\/\/kofe.hu\/parola\/wp-json\/wp\/v2\/coauthors?post=2064"}],"curies":[{"name":"wp","href":"https:\/\/api.w.org\/{rel}","templated":true}]}}