{"id":2062,"date":"2020-06-24T16:39:11","date_gmt":"2020-06-24T16:39:11","guid":{"rendered":"https:\/\/kofe.hu\/parola\/?p=2062"},"modified":"2020-07-30T17:11:19","modified_gmt":"2020-07-30T17:11:19","slug":"kozossegi-adattar","status":"publish","type":"post","link":"https:\/\/kofe.hu\/parola\/parola-folyoirat\/kozossegi-adattar\/","title":{"rendered":"K\u00f6z\u00f6ss\u00e9gi Adatt\u00e1r"},"content":{"rendered":"<p>Az egyre szaporod\u00f3 civil szervezetek nehezen, vagy egy\u00e1ltal\u00e1n nem tudj\u00e1k megszerezni a napi munk\u00e1jukhoz sz\u00fcks\u00e9ges inform\u00e1ci\u00f3kat. Az itt-ott \u00f6sszegy\u0171jt\u00f6tt adatok nem v\u00e1lhatnak k\u00f6zkinccs\u00e9, mert nincsenek m\u0171k\u00f6d\u0151, a civil szf\u00e9ra sz\u00e1m\u00e1ra is haszn\u00e1lhat\u00f3 inform\u00e1ci\u00f3s h\u00e1l\u00f3zatok. Ezt a hi\u00e1nyt felismerve,<\/p>\n<p><span style=\"font-family: Times New Roman CE;\">K\u00f6z\u00f6ss\u00e9gi Adatt\u00e1rat<\/span><\/p>\n<p style=\"text-align: justify;\"><span style=\"font-family: Times New Roman CE;\">k\u00e9sz\u00edt a K\u00f6z\u00f6ss\u00e9gfejleszt\u0151k Egyes\u00fclete \u00e9s a Magyar M\u0171vel\u0151d\u00e9si Int\u00e9zet a k\u00f6z\u00f6ss\u00e9gek, k\u00f6z\u00f6ss\u00e9gekben dolgoz\u00f3 szakemberek, laikusok \u00e9s int\u00e9zm\u00e9nyek sz\u00e1m\u00e1ra.<\/span><br \/>\n<span style=\"font-family: Times New Roman CE;\">Sz\u00e1nd\u00e9kunk, hogy a K\u00f6z\u00f6ss\u00e9gi Adatt\u00e1r ne csak tartalm\u00e1ban legyen k\u00f6z\u00f6ss\u00e9gi, hanem szervezet\u00e9ben, m\u0171k\u00f6d\u00e9s\u00e9ben is.<\/span><br \/>\n<span style=\"font-family: Times New Roman CE;\">A kit\u0171z\u00f6tt c\u00e9l &#8211; minden olyan inform\u00e1ci\u00f3 gy\u0171jt\u00e9se \u00e9s k\u00f6zz\u00e9t\u00e9tele amely a k\u00fcl\u00f6nf\u00e9le k\u00f6z\u00f6ss\u00e9gek sz\u00e1m\u00e1ra hasznos lehet &#8211; csak egy\u00fcttes munk\u00e1val \u00e9rhet\u0151 el.<\/span><\/p>\n<p style=\"text-align: justify;\"><!--more--><br \/>\n<span style=\"font-family: Times New Roman CE;\">Ennek megfelel\u0151en a K\u00f6z\u00f6ss\u00e9gi Adatt\u00e1rnak nem el\u0151fizet\u0151i, hanem klubtagjai lesznek, akik nem csak haszn\u00e1l\u00f3i, hanem gy\u0171jt\u0151i \u00e9s karbantart\u00f3i, teh\u00e1t gazd\u00e1i is az adatt\u00e1rnak.<\/span><br \/>\n<span style=\"font-family: Times New Roman CE;\">Szeml\u00e9letesen, egy p\u00e9ld\u00e1val lehet \u00e9rz\u00e9keltetni a klub tervezett m\u0171k\u00f6d\u00e9s\u00e9t: egy szakmai t\u00e1rsas\u00e1g minden tagja fel\u00edrja egy c\u00e9dul\u00e1ra a birtok\u00e1ban lev\u0151, szakk\u00f6nyvek c\u00edm\u00e9t \u00e9s szerz\u0151j\u00e9t, valamint a tartalomra utal\u00f3 t\u00e1rgyszavakat. A c\u00e9dul\u00e1kat odaadj\u00e1k a t\u00e1rsas\u00e1g egyik tagj\u00e1nak, mondjuk annak aki a t\u00f6bbiek sz\u00e1m\u00e1ra a legk\u00f6nnyebben el\u00e9rhet\u0151. \u017e \u00f6sszes\u00edti az \u00f6sszegy\u0171lt adatokat \u00e9s rendezi azokat a t\u00e1rgyszavak szerint, majd a t\u00e1rsas\u00e1g minden tagj\u00e1nak elk\u00fcldi az elk\u00e9sz\u00fclt list\u00e1t. V\u00e9g\u00fcl k\u00f6z\u00f6sen eld\u00f6ntik, mi m\u00f3don friss\u00edtik a list\u00e1t ha valaki \u00faj szakk\u00f6nyvh\u00f6z jut, vagy ha \u00faj tag ker\u00fcl a t\u00e1rsas\u00e1gba.<\/span><br \/>\n<span style=\"font-family: Times New Roman CE;\">Mi csak elkezdeni tudtuk a munk\u00e1t, megteremtett\u00fck annak lehet\u0151s\u00e9g\u00e9t, hogy a K\u00f6z\u00f6ss\u00e9gi Adatt\u00e1r megalakulhasson, megtervezt\u00fck \u00e9s l\u00e9trehoztuk az adatt\u00e1r sz\u00e1m\u00edt\u00f3g\u00e9pes rendszer\u00e9t, \u00f6sszegy\u0171jt\u00f6tt\u00fcnk t\u00f6bb mint harminc adat\u00e1llom\u00e1nyt:<\/span><br \/>\n<span style=\"font-family: Times New Roman CE;\">\u00c1ltal\u00e1nos iskol\u00e1k orsz\u00e1gos c\u00edmlist\u00e1ja, Egyes\u00fcletek orsz\u00e1gos c\u00edmlist\u00e1ja, F\u0151jegyz\u0151s\u00e9gek orsz\u00e1gos c\u00edmlist\u00e1ja, Helyi \u00fajs\u00e1gok c\u00edmlist\u00e1ja, N\u00e9pi iparm\u0171v\u00e9szek orsz\u00e1gos c\u00edmlist\u00e1ja, Iskolasz\u00f6vetkezetek orsz\u00e1gos list\u00e1ja, Jegyz\u0151k orsz\u00e1gos c\u00edmlist\u00e1ja, K\u00f6nyvt\u00e1rak r\u00e9szleges c\u00edmlist\u00e1ja, K\u00f6rjegyz\u0151s\u00e9gek c\u00edmlist\u00e1ja, K\u00f6z\u00e9piskol\u00e1k orsz\u00e1gos c\u00edmlist\u00e1ja, A k\u00f6zt\u00e1rsas\u00e1gi megb\u00edzottak list\u00e1ja, Kultur\u00e1lis bizotts\u00e1g n\u00e9vlist\u00e1ja, M\u0171vel\u0151d\u00e9si h\u00e1zak orsz\u00e1gos c\u00edmlist\u00e1ja, Kultur\u00e1lis esem\u00e9nyek kronol\u00f3gi\u00e1ja, \u00d6nkorm\u00e1nyzati Sz\u00f6vets\u00e9gek taglist\u00e1ja, P\u00e1ly\u00e1zatok, Polg\u00e1rmesterek orsz\u00e1gos c\u00edmlist\u00e1ja, Megyejog\u00fa V\u00e1rosok Sz\u00f6vets\u00e9ge, Olcs\u00f3 sz\u00e1ll\u00e1sok jegyz\u00e9ke, Civit\u00e1s k\u00f6r tagjai, K\u00f6rnyezetv\u00e9delmi aktivist\u00e1k list\u00e1ja, Civil egyes\u00fcletek tagjainak list\u00e1ja, Egyh\u00e1zi k\u00f6z\u00f6ss\u00e9gek list\u00e1ja, Munkan\u00e9lk\u00fcliek \u00e9s \u00e1ll\u00e1skeres\u0151k klublist\u00e1ja, Seg\u00edt\u0151 kezek int\u00e9zm\u00e9nyei, Az adatb\u00e1zisok list\u00e1ja, Fogyaszt\u00e1sv\u00e9delmi F\u0151fel\u00fcgyel\u0151s\u00e9gek, K\u00f6nyvesboltok jegyz\u00e9ke (sz\u00e1m\u00edt\u00e1stechnikai), Csal\u00e1dseg\u00edt\u0151 k\u00f6zpontok, Ki\u00e1ll\u00edt\u00e1sok \u00e9s v\u00e1s\u00e1rok, Munka\u00fcgyi k\u00f6zpontok, Konferenci\u00e1k, M\u0171sorok, T\u00e1borok, Ifj\u00fas\u00e1gi irod\u00e1k c\u00edmjegyz\u00e9ke.<\/span><\/p>\n<p><span style=\"font-family: Times New Roman CE;\">A megy\u00e9kben olyan int\u00e9zm\u00e9nyeket kerest\u00fcnk \u00e9s keres\u00fcnk amelyek otthont adnak megyei k\u00f6z\u00f6ss\u00e9gi adatt\u00e1raknak, hogy a klubtagoknak egyszer\u0171bb legyen kapcsolatot teremteni vel\u00fcnk. Az els\u0151 Megyei K\u00f6z\u00f6ss\u00e9gi Adatt\u00e1r, tal\u00e1n m\u00e1r mondhatjuk, meg is alakult Debrecenben szint\u00e9n t\u00f6bb int\u00e9zm\u00e9ny egy\u00fcttm\u0171k\u00f6d\u00e9s\u00e9nek k\u00f6sz\u00f6nhet\u0151en.<\/span><br \/>\n<span style=\"font-family: Times New Roman CE;\">Most pedig klubtagokat toborzunk, hogy egy\u00fctt folytassuk, hogy k\u00f6z\u00f6s munk\u00e1nk eredm\u00e9nyek\u00e9ppen kialakuljon egy mindenki sz\u00e1m\u00e1ra k\u00f6nnyen el\u00e9rhet\u0151 h\u00e1l\u00f3zat, melynek seg\u00edts\u00e9g\u00e9vel a klubtagok munk\u00e1jukhoz naprak\u00e9sz \u00e9s azonnali inform\u00e1ci\u00f3t szerezhetnek, s amelyben egym\u00e1ssal kommunik\u00e1lhatnak, amelyet haszn\u00e1lva egym\u00e1sr\u00f3l \u00e9s dolgaikr\u00f3l, eredm\u00e9nyeikr\u0151l, fejleszt\u00e9seikr\u0151l, sikereikr\u0151l inform\u00e1l\u00f3dhatnak.<\/span><br \/>\n<span style=\"font-family: Times New Roman CE;\">Klubtag lehet b\u00e1rki, b\u00e1rmely k\u00f6z\u00f6ss\u00e9g vagy int\u00e9zm\u00e9ny, amely haszn\u00e1lni szeretn\u00e9 az adatt\u00e1rat. A tags\u00e1gi d\u00edj havonta 150.-Ft, amit \u00e9vente lehet fizetni, bel\u00e9p\u00e9skor a t\u00f6rt \u00e9vnek megfelel\u0151 \u00f6sszeget kell kifizetni.<\/span><\/p>\n<p><span style=\"font-family: Times New Roman CE;\">A klubtagok<\/span><br \/>\n<span style=\"font-family: Times New Roman CE;\">1\/ ingyen haszn\u00e1lhatj\u00e1k az adatt\u00e1r bizonyos r\u00e9szeit (az adatok egy r\u00e9sz\u00e9t val\u00f3sz\u00edn\u0171leg v\u00e1s\u00e1roljuk majd k\u00fcl\u00f6nf\u00e9le gy\u0171jt\u0151kt\u0151l, a klubtagok ilyen adatok haszn\u00e1lat\u00e1\u00e9rt \u00f6nk\u00f6lts\u00e9gi d\u00edjat fizetnek)<\/span><br \/>\n<span style=\"font-family: Times New Roman CE;\">2\/ haszn\u00e1lhatj\u00e1k a k\u00f6rlevelez\u0151 szolg\u00e1latot, amelynek seg\u00edts\u00e9g\u00e9vel p\u00e9ld\u00e1ul egy m\u0171velettel az \u00f6sszes klubtagnak k\u00fcldhetnek levelet<\/span><br \/>\n<span style=\"font-family: Times New Roman CE;\">3\/ havonta megjelen\u0151 h\u00edrlev\u00e9lb\u0151l t\u00e1j\u00e9koz\u00f3dhatnak az adatt\u00e1r \u00fajdons\u00e1gair\u00f3l, a k\u00f6z\u00f6s elhat\u00e1roz\u00e1ssal ind\u00edtott munk\u00e1k \u00e1ll\u00e1s\u00e1r\u00f3l, a tagok k\u00fcl\u00f6nf\u00e9le kezdem\u00e9nyez\u00e9seir\u0151l.<\/span><br \/>\n<span style=\"font-family: Times New Roman CE;\">A klubba az oldal alj\u00e1n tal\u00e1lhat\u00f3 jelentkez\u00e9si lappal, &#8211; vagy egy olyan lev\u00e9lben, amely a jelentkez\u00e9si lapon k\u00e9rt adatokat tartalmazza &#8211; lehet bel\u00e9pni.<\/span><br \/>\n<span style=\"font-family: Times New Roman CE;\">C\u00edm\u00fcnk: K\u00f6z\u00f6ss\u00e9gfejleszt\u0151k Egyes\u00fclete 1011 Budapest I. Corvin t\u00e9r 8.<\/span><\/p>\n<p><span style=\"font-family: Times New Roman CE;\">Hogy lehet adatot k\u00e9rni az adatt\u00e1rt\u00f3l?<\/span><br \/>\n<span style=\"font-family: Times New Roman CE;\">1\/ k\u00f6zvetlen\u00fcl sz\u00e1m\u00edt\u00f3g\u00e9ppel (err\u0151l r\u00e9szletesen olvashat a keretes r\u00e9szben)<\/span><br \/>\n<span style=\"font-family: Times New Roman CE;\">2\/ lev\u00e9lben, telefaxon: ebben az esetben, ha a v\u00e1lasz nem s\u00fcrg\u0151s, akkor azt a havonta megjelen\u0151 h\u00edrlev\u00e9llel post\u00e1zzuk a k\u00e9rdez\u0151nek, ha azonnali v\u00e1lasz sz\u00fcks\u00e9ges, akkor annak \u00f6nk\u00f6lts\u00e9g\u00e9t t\u00e9r\u00edti meg a k\u00e9rdez\u0151, ha klubtag; ha nem akkor az adat \u00e1r\u00e1t is.<\/span><br \/>\n<span style=\"font-family: Times New Roman CE;\">3\/ telefonon: ha a v\u00e1lasz nem adhat\u00f3 meg azonnal a besz\u00e9lget\u00e9s ideje alatt, akkor ugyanaz t\u00f6rt\u00e9nik mint a 2. pontban.<\/span><\/p>\n<p><span style=\"font-family: Times New Roman CE;\">B\u0151vebb felvil\u00e1gos\u00edt\u00e1st kaphat:<\/span><br \/>\n<span style=\"font-family: Times New Roman CE;\">&#8211; tartalmi, \u00e9s szervezeti k\u00e9rd\u00e9sekben Simon M\u00e1ri\u00e1t\u00f3l,<\/span><br \/>\n<span style=\"font-family: Times New Roman CE;\">&#8211; technikai k\u00e9rd\u00e9sekben R\u00f3cza G\u00e1bort\u00f3l<\/span><br \/>\n<span style=\"font-family: Times New Roman CE;\">az (1) 201-57-28-as telefonon, lev\u00e9lben a K\u00f6z\u00f6ss\u00e9gfejleszt\u0151k Egyes\u00fclete c\u00edm\u00e9n: Budapest 1011 Corvin t\u00e9r 8.<\/span><\/p>\n","protected":false},"excerpt":{"rendered":"<p>Az egyre szaporod\u00f3 civil szervezetek nehezen, vagy egy\u00e1ltal\u00e1n nem tudj\u00e1k megszerezni a napi munk\u00e1jukhoz sz\u00fcks\u00e9ges inform\u00e1ci\u00f3kat. Az itt-ott \u00f6sszegy\u0171jt\u00f6tt adatok nem v\u00e1lhatnak k\u00f6zkinccs\u00e9, mert nincsenek m\u0171k\u00f6d\u0151, a civil szf\u00e9ra sz\u00e1m\u00e1ra is haszn\u00e1lhat\u00f3 inform\u00e1ci\u00f3s h\u00e1l\u00f3zatok. Ezt a hi\u00e1nyt felismerve, K\u00f6z\u00f6ss\u00e9gi Adatt\u00e1rat k\u00e9sz\u00edt a K\u00f6z\u00f6ss\u00e9gfejleszt\u0151k Egyes\u00fclete \u00e9s a Magyar M\u0171vel\u0151d\u00e9si Int\u00e9zet a k\u00f6z\u00f6ss\u00e9gek, k\u00f6z\u00f6ss\u00e9gekben dolgoz\u00f3 szakemberek, laikusok [&hellip;]<\/p>\n","protected":false},"author":4,"featured_media":3464,"comment_status":"open","ping_status":"open","sticky":false,"template":"","format":"standard","meta":{"_acf_changed":false,"footnotes":""},"categories":[281,8,7],"tags":[],"coauthors":[47],"class_list":["post-2062","post","type-post","status-publish","format-standard","has-post-thumbnail","hentry","category-parola-1993-3","category-parola-folyoirat","category-repertorium"],"acf":[],"yoast_head":"<!-- This site is optimized with the Yoast SEO plugin v26.7 - https:\/\/yoast.com\/wordpress\/plugins\/seo\/ -->\n<title>K\u00f6z\u00f6ss\u00e9gi Adatt\u00e1r - Parola Foly\u00f3irat<\/title>\n<meta name=\"robots\" content=\"index, follow, max-snippet:-1, max-image-preview:large, max-video-preview:-1\" \/>\n<link rel=\"canonical\" href=\"https:\/\/kofe.hu\/parola\/parola-folyoirat\/kozossegi-adattar\/\" \/>\n<meta property=\"og:locale\" content=\"hu_HU\" \/>\n<meta property=\"og:type\" content=\"article\" \/>\n<meta property=\"og:title\" content=\"K\u00f6z\u00f6ss\u00e9gi Adatt\u00e1r - Parola Foly\u00f3irat\" \/>\n<meta property=\"og:description\" content=\"Az egyre szaporod\u00f3 civil szervezetek nehezen, vagy egy\u00e1ltal\u00e1n nem tudj\u00e1k megszerezni a napi munk\u00e1jukhoz sz\u00fcks\u00e9ges inform\u00e1ci\u00f3kat. Az itt-ott \u00f6sszegy\u0171jt\u00f6tt adatok nem v\u00e1lhatnak k\u00f6zkinccs\u00e9, mert nincsenek m\u0171k\u00f6d\u0151, a civil szf\u00e9ra sz\u00e1m\u00e1ra is haszn\u00e1lhat\u00f3 inform\u00e1ci\u00f3s h\u00e1l\u00f3zatok. Ezt a hi\u00e1nyt felismerve, K\u00f6z\u00f6ss\u00e9gi Adatt\u00e1rat k\u00e9sz\u00edt a K\u00f6z\u00f6ss\u00e9gfejleszt\u0151k Egyes\u00fclete \u00e9s a Magyar M\u0171vel\u0151d\u00e9si Int\u00e9zet a k\u00f6z\u00f6ss\u00e9gek, k\u00f6z\u00f6ss\u00e9gekben dolgoz\u00f3 szakemberek, laikusok [&hellip;]\" \/>\n<meta property=\"og:url\" content=\"https:\/\/kofe.hu\/parola\/parola-folyoirat\/kozossegi-adattar\/\" \/>\n<meta property=\"og:site_name\" content=\"Parola Foly\u00f3irat\" \/>\n<meta property=\"article:published_time\" content=\"2020-06-24T16:39:11+00:00\" \/>\n<meta property=\"article:modified_time\" content=\"2020-07-30T17:11:19+00:00\" \/>\n<meta property=\"og:image\" content=\"https:\/\/kofe.hu\/parola\/wp-content\/uploads\/2020\/07\/93.3.jpeg\" \/>\n\t<meta property=\"og:image:width\" content=\"1392\" \/>\n\t<meta property=\"og:image:height\" content=\"1952\" \/>\n\t<meta property=\"og:image:type\" content=\"image\/jpeg\" \/>\n<meta name=\"author\" content=\"Parola\" \/>\n<meta name=\"twitter:card\" content=\"summary_large_image\" \/>\n<meta name=\"twitter:label1\" content=\"Szerz\u0151:\" \/>\n\t<meta name=\"twitter:data1\" content=\"Parola\" \/>\n\t<meta name=\"twitter:label2\" content=\"Becs\u00fclt olvas\u00e1si id\u0151\" \/>\n\t<meta name=\"twitter:data2\" content=\"6 perc\" \/>\n\t<meta name=\"twitter:label3\" content=\"Written by\" \/>\n\t<meta name=\"twitter:data3\" content=\"Parola\" \/>\n<script type=\"application\/ld+json\" class=\"yoast-schema-graph\">{\"@context\":\"https:\/\/schema.org\",\"@graph\":[{\"@type\":\"Article\",\"@id\":\"https:\/\/kofe.hu\/parola\/parola-folyoirat\/kozossegi-adattar\/#article\",\"isPartOf\":{\"@id\":\"https:\/\/kofe.hu\/parola\/parola-folyoirat\/kozossegi-adattar\/\"},\"author\":{\"name\":\"Parola\",\"@id\":\"https:\/\/kofe.hu\/parola\/#\/schema\/person\/b39ea6ec0995233537351d7e33281aeb\"},\"headline\":\"K\u00f6z\u00f6ss\u00e9gi Adatt\u00e1r\",\"datePublished\":\"2020-06-24T16:39:11+00:00\",\"dateModified\":\"2020-07-30T17:11:19+00:00\",\"mainEntityOfPage\":{\"@id\":\"https:\/\/kofe.hu\/parola\/parola-folyoirat\/kozossegi-adattar\/\"},\"wordCount\":1141,\"commentCount\":0,\"image\":{\"@id\":\"https:\/\/kofe.hu\/parola\/parola-folyoirat\/kozossegi-adattar\/#primaryimage\"},\"thumbnailUrl\":\"https:\/\/kofe.hu\/parola\/wp-content\/uploads\/2020\/07\/93.3.jpeg\",\"articleSection\":[\"Parola 1993\/3\",\"Parola Foly\u00f3irat\",\"Repert\u00f3rium\"],\"inLanguage\":\"hu\",\"potentialAction\":[{\"@type\":\"CommentAction\",\"name\":\"Comment\",\"target\":[\"https:\/\/kofe.hu\/parola\/parola-folyoirat\/kozossegi-adattar\/#respond\"]}]},{\"@type\":\"WebPage\",\"@id\":\"https:\/\/kofe.hu\/parola\/parola-folyoirat\/kozossegi-adattar\/\",\"url\":\"https:\/\/kofe.hu\/parola\/parola-folyoirat\/kozossegi-adattar\/\",\"name\":\"K\u00f6z\u00f6ss\u00e9gi Adatt\u00e1r - Parola Foly\u00f3irat\",\"isPartOf\":{\"@id\":\"https:\/\/kofe.hu\/parola\/#website\"},\"primaryImageOfPage\":{\"@id\":\"https:\/\/kofe.hu\/parola\/parola-folyoirat\/kozossegi-adattar\/#primaryimage\"},\"image\":{\"@id\":\"https:\/\/kofe.hu\/parola\/parola-folyoirat\/kozossegi-adattar\/#primaryimage\"},\"thumbnailUrl\":\"https:\/\/kofe.hu\/parola\/wp-content\/uploads\/2020\/07\/93.3.jpeg\",\"datePublished\":\"2020-06-24T16:39:11+00:00\",\"dateModified\":\"2020-07-30T17:11:19+00:00\",\"author\":{\"@id\":\"https:\/\/kofe.hu\/parola\/#\/schema\/person\/b39ea6ec0995233537351d7e33281aeb\"},\"breadcrumb\":{\"@id\":\"https:\/\/kofe.hu\/parola\/parola-folyoirat\/kozossegi-adattar\/#breadcrumb\"},\"inLanguage\":\"hu\",\"potentialAction\":[{\"@type\":\"ReadAction\",\"target\":[\"https:\/\/kofe.hu\/parola\/parola-folyoirat\/kozossegi-adattar\/\"]}]},{\"@type\":\"ImageObject\",\"inLanguage\":\"hu\",\"@id\":\"https:\/\/kofe.hu\/parola\/parola-folyoirat\/kozossegi-adattar\/#primaryimage\",\"url\":\"https:\/\/kofe.hu\/parola\/wp-content\/uploads\/2020\/07\/93.3.jpeg\",\"contentUrl\":\"https:\/\/kofe.hu\/parola\/wp-content\/uploads\/2020\/07\/93.3.jpeg\",\"width\":1392,\"height\":1952},{\"@type\":\"BreadcrumbList\",\"@id\":\"https:\/\/kofe.hu\/parola\/parola-folyoirat\/kozossegi-adattar\/#breadcrumb\",\"itemListElement\":[{\"@type\":\"ListItem\",\"position\":1,\"name\":\"Home\",\"item\":\"https:\/\/kofe.hu\/parola\/\"},{\"@type\":\"ListItem\",\"position\":2,\"name\":\"K\u00f6z\u00f6ss\u00e9gi Adatt\u00e1r\"}]},{\"@type\":\"WebSite\",\"@id\":\"https:\/\/kofe.hu\/parola\/#website\",\"url\":\"https:\/\/kofe.hu\/parola\/\",\"name\":\"Parola Foly\u00f3irat\",\"description\":\"\",\"potentialAction\":[{\"@type\":\"SearchAction\",\"target\":{\"@type\":\"EntryPoint\",\"urlTemplate\":\"https:\/\/kofe.hu\/parola\/?s={search_term_string}\"},\"query-input\":{\"@type\":\"PropertyValueSpecification\",\"valueRequired\":true,\"valueName\":\"search_term_string\"}}],\"inLanguage\":\"hu\"},{\"@type\":\"Person\",\"@id\":\"https:\/\/kofe.hu\/parola\/#\/schema\/person\/b39ea6ec0995233537351d7e33281aeb\",\"name\":\"Parola\",\"image\":{\"@type\":\"ImageObject\",\"inLanguage\":\"hu\",\"@id\":\"https:\/\/kofe.hu\/parola\/#\/schema\/person\/image\/ef1d7dc4d1949d5457aa415351763853\",\"url\":\"https:\/\/secure.gravatar.com\/avatar\/c18c00ea50048aa7adb99e5d11e4250d05111e33b2bea02671439eb7912c945e?s=96&d=mm&r=g\",\"contentUrl\":\"https:\/\/secure.gravatar.com\/avatar\/c18c00ea50048aa7adb99e5d11e4250d05111e33b2bea02671439eb7912c945e?s=96&d=mm&r=g\",\"caption\":\"Parola\"},\"url\":\"https:\/\/kofe.hu\/parola\/szerzok\/parola\/\"}]}<\/script>\n<!-- \/ Yoast SEO plugin. -->","yoast_head_json":{"title":"K\u00f6z\u00f6ss\u00e9gi Adatt\u00e1r - Parola Foly\u00f3irat","robots":{"index":"index","follow":"follow","max-snippet":"max-snippet:-1","max-image-preview":"max-image-preview:large","max-video-preview":"max-video-preview:-1"},"canonical":"https:\/\/kofe.hu\/parola\/parola-folyoirat\/kozossegi-adattar\/","og_locale":"hu_HU","og_type":"article","og_title":"K\u00f6z\u00f6ss\u00e9gi Adatt\u00e1r - Parola Foly\u00f3irat","og_description":"Az egyre szaporod\u00f3 civil szervezetek nehezen, vagy egy\u00e1ltal\u00e1n nem tudj\u00e1k megszerezni a napi munk\u00e1jukhoz sz\u00fcks\u00e9ges inform\u00e1ci\u00f3kat. Az itt-ott \u00f6sszegy\u0171jt\u00f6tt adatok nem v\u00e1lhatnak k\u00f6zkinccs\u00e9, mert nincsenek m\u0171k\u00f6d\u0151, a civil szf\u00e9ra sz\u00e1m\u00e1ra is haszn\u00e1lhat\u00f3 inform\u00e1ci\u00f3s h\u00e1l\u00f3zatok. Ezt a hi\u00e1nyt felismerve, K\u00f6z\u00f6ss\u00e9gi Adatt\u00e1rat k\u00e9sz\u00edt a K\u00f6z\u00f6ss\u00e9gfejleszt\u0151k Egyes\u00fclete \u00e9s a Magyar M\u0171vel\u0151d\u00e9si Int\u00e9zet a k\u00f6z\u00f6ss\u00e9gek, k\u00f6z\u00f6ss\u00e9gekben dolgoz\u00f3 szakemberek, laikusok [&hellip;]","og_url":"https:\/\/kofe.hu\/parola\/parola-folyoirat\/kozossegi-adattar\/","og_site_name":"Parola Foly\u00f3irat","article_published_time":"2020-06-24T16:39:11+00:00","article_modified_time":"2020-07-30T17:11:19+00:00","og_image":[{"width":1392,"height":1952,"url":"https:\/\/kofe.hu\/parola\/wp-content\/uploads\/2020\/07\/93.3.jpeg","type":"image\/jpeg"}],"author":"Parola","twitter_card":"summary_large_image","twitter_misc":{"Szerz\u0151:":"Parola","Becs\u00fclt olvas\u00e1si id\u0151":"6 perc","Written by":"Parola"},"schema":{"@context":"https:\/\/schema.org","@graph":[{"@type":"Article","@id":"https:\/\/kofe.hu\/parola\/parola-folyoirat\/kozossegi-adattar\/#article","isPartOf":{"@id":"https:\/\/kofe.hu\/parola\/parola-folyoirat\/kozossegi-adattar\/"},"author":{"name":"Parola","@id":"https:\/\/kofe.hu\/parola\/#\/schema\/person\/b39ea6ec0995233537351d7e33281aeb"},"headline":"K\u00f6z\u00f6ss\u00e9gi Adatt\u00e1r","datePublished":"2020-06-24T16:39:11+00:00","dateModified":"2020-07-30T17:11:19+00:00","mainEntityOfPage":{"@id":"https:\/\/kofe.hu\/parola\/parola-folyoirat\/kozossegi-adattar\/"},"wordCount":1141,"commentCount":0,"image":{"@id":"https:\/\/kofe.hu\/parola\/parola-folyoirat\/kozossegi-adattar\/#primaryimage"},"thumbnailUrl":"https:\/\/kofe.hu\/parola\/wp-content\/uploads\/2020\/07\/93.3.jpeg","articleSection":["Parola 1993\/3","Parola Foly\u00f3irat","Repert\u00f3rium"],"inLanguage":"hu","potentialAction":[{"@type":"CommentAction","name":"Comment","target":["https:\/\/kofe.hu\/parola\/parola-folyoirat\/kozossegi-adattar\/#respond"]}]},{"@type":"WebPage","@id":"https:\/\/kofe.hu\/parola\/parola-folyoirat\/kozossegi-adattar\/","url":"https:\/\/kofe.hu\/parola\/parola-folyoirat\/kozossegi-adattar\/","name":"K\u00f6z\u00f6ss\u00e9gi Adatt\u00e1r - Parola Foly\u00f3irat","isPartOf":{"@id":"https:\/\/kofe.hu\/parola\/#website"},"primaryImageOfPage":{"@id":"https:\/\/kofe.hu\/parola\/parola-folyoirat\/kozossegi-adattar\/#primaryimage"},"image":{"@id":"https:\/\/kofe.hu\/parola\/parola-folyoirat\/kozossegi-adattar\/#primaryimage"},"thumbnailUrl":"https:\/\/kofe.hu\/parola\/wp-content\/uploads\/2020\/07\/93.3.jpeg","datePublished":"2020-06-24T16:39:11+00:00","dateModified":"2020-07-30T17:11:19+00:00","author":{"@id":"https:\/\/kofe.hu\/parola\/#\/schema\/person\/b39ea6ec0995233537351d7e33281aeb"},"breadcrumb":{"@id":"https:\/\/kofe.hu\/parola\/parola-folyoirat\/kozossegi-adattar\/#breadcrumb"},"inLanguage":"hu","potentialAction":[{"@type":"ReadAction","target":["https:\/\/kofe.hu\/parola\/parola-folyoirat\/kozossegi-adattar\/"]}]},{"@type":"ImageObject","inLanguage":"hu","@id":"https:\/\/kofe.hu\/parola\/parola-folyoirat\/kozossegi-adattar\/#primaryimage","url":"https:\/\/kofe.hu\/parola\/wp-content\/uploads\/2020\/07\/93.3.jpeg","contentUrl":"https:\/\/kofe.hu\/parola\/wp-content\/uploads\/2020\/07\/93.3.jpeg","width":1392,"height":1952},{"@type":"BreadcrumbList","@id":"https:\/\/kofe.hu\/parola\/parola-folyoirat\/kozossegi-adattar\/#breadcrumb","itemListElement":[{"@type":"ListItem","position":1,"name":"Home","item":"https:\/\/kofe.hu\/parola\/"},{"@type":"ListItem","position":2,"name":"K\u00f6z\u00f6ss\u00e9gi Adatt\u00e1r"}]},{"@type":"WebSite","@id":"https:\/\/kofe.hu\/parola\/#website","url":"https:\/\/kofe.hu\/parola\/","name":"Parola Foly\u00f3irat","description":"","potentialAction":[{"@type":"SearchAction","target":{"@type":"EntryPoint","urlTemplate":"https:\/\/kofe.hu\/parola\/?s={search_term_string}"},"query-input":{"@type":"PropertyValueSpecification","valueRequired":true,"valueName":"search_term_string"}}],"inLanguage":"hu"},{"@type":"Person","@id":"https:\/\/kofe.hu\/parola\/#\/schema\/person\/b39ea6ec0995233537351d7e33281aeb","name":"Parola","image":{"@type":"ImageObject","inLanguage":"hu","@id":"https:\/\/kofe.hu\/parola\/#\/schema\/person\/image\/ef1d7dc4d1949d5457aa415351763853","url":"https:\/\/secure.gravatar.com\/avatar\/c18c00ea50048aa7adb99e5d11e4250d05111e33b2bea02671439eb7912c945e?s=96&d=mm&r=g","contentUrl":"https:\/\/secure.gravatar.com\/avatar\/c18c00ea50048aa7adb99e5d11e4250d05111e33b2bea02671439eb7912c945e?s=96&d=mm&r=g","caption":"Parola"},"url":"https:\/\/kofe.hu\/parola\/szerzok\/parola\/"}]}},"_links":{"self":[{"href":"https:\/\/kofe.hu\/parola\/wp-json\/wp\/v2\/posts\/2062","targetHints":{"allow":["GET"]}}],"collection":[{"href":"https:\/\/kofe.hu\/parola\/wp-json\/wp\/v2\/posts"}],"about":[{"href":"https:\/\/kofe.hu\/parola\/wp-json\/wp\/v2\/types\/post"}],"author":[{"embeddable":true,"href":"https:\/\/kofe.hu\/parola\/wp-json\/wp\/v2\/users\/4"}],"replies":[{"embeddable":true,"href":"https:\/\/kofe.hu\/parola\/wp-json\/wp\/v2\/comments?post=2062"}],"version-history":[{"count":3,"href":"https:\/\/kofe.hu\/parola\/wp-json\/wp\/v2\/posts\/2062\/revisions"}],"predecessor-version":[{"id":4966,"href":"https:\/\/kofe.hu\/parola\/wp-json\/wp\/v2\/posts\/2062\/revisions\/4966"}],"wp:featuredmedia":[{"embeddable":true,"href":"https:\/\/kofe.hu\/parola\/wp-json\/wp\/v2\/media\/3464"}],"wp:attachment":[{"href":"https:\/\/kofe.hu\/parola\/wp-json\/wp\/v2\/media?parent=2062"}],"wp:term":[{"taxonomy":"category","embeddable":true,"href":"https:\/\/kofe.hu\/parola\/wp-json\/wp\/v2\/categories?post=2062"},{"taxonomy":"post_tag","embeddable":true,"href":"https:\/\/kofe.hu\/parola\/wp-json\/wp\/v2\/tags?post=2062"},{"taxonomy":"author","embeddable":true,"href":"https:\/\/kofe.hu\/parola\/wp-json\/wp\/v2\/coauthors?post=2062"}],"curies":[{"name":"wp","href":"https:\/\/api.w.org\/{rel}","templated":true}]}}