{"id":2058,"date":"2020-06-24T16:34:49","date_gmt":"2020-06-24T16:34:49","guid":{"rendered":"https:\/\/kofe.hu\/parola\/?p=2058"},"modified":"2020-07-30T17:10:46","modified_gmt":"2020-07-30T17:10:46","slug":"bemutatkozik-egy-uj-gyermekmozgalom-a-4h-klubok-szovetsege","status":"publish","type":"post","link":"https:\/\/kofe.hu\/parola\/parola-folyoirat\/bemutatkozik-egy-uj-gyermekmozgalom-a-4h-klubok-szovetsege\/","title":{"rendered":"Bemutatkozik egy \u00faj gyermekmozgalom a 4H Klubok Sz\u00f6vets\u00e9ge"},"content":{"rendered":"<p style=\"text-align: justify;\"><span style=\"font-family: Times New Roman CE;\">A gyermekmozgalom pluraliz\u00e1l\u00f3d\u00e1sa szem\u00fcnk el\u0151tt lej\u00e1tsz\u00f3d\u00f3 folyamat. B\u00e1r id\u0151nk\u00e9nt \u00fagy \u00e9rezni, lenne sz\u00e1nd\u00e9k arra, hogy valamelyiket a tucatnyi k\u00f6z\u00fcl \u00fajra a legbefoly\u00e1sosabb\u00e1 kellene t\u00e1mogatni, azonban a realit\u00e1sok, a t\u00e1rsadalom fogad\u00f3k\u00e9szs\u00e9ge s a gyerekmozgalmak mindegyik\u00e9nek toler\u00e1ns \u00f6nk\u00e9pe, s\u0151t e mozgalmak egym\u00e1s el\u0151tt is deklar\u00e1lt es\u00e9lyegyenl\u0151s\u00e9g-princ\u00edpiuma tart\u00f3san biztos\u00edtja a soksz\u00edn\u0171s\u00e9g, a v\u00e1laszt\u00e9k civil gazdags\u00e1g\u00e1nak \u0151rz\u00e9s\u00e9t.<\/span><\/p>\n<p style=\"text-align: justify;\"><!--more--><br \/>\n<span style=\"font-family: Times New Roman CE;\">A tucatnyi gyerek- \u00e9s serd\u00fcl\u0151mozgalom k\u00f6z\u00fcl a Magyarorsz\u00e1gi 4H klubok sz\u00f6vets\u00e9ge mutatta be \u00f6n\u00e1ll\u00f3 kiadv\u00e1nyban tev\u00e9kenys\u00e9g\u00e9t. A kiadv\u00e1ny tartalmas \u00e9s tanuls\u00e1gos tanulm\u00e1nyai meg\u00e9rdemlik a figyelemfelkelt\u0151 recenzi\u00f3t.<\/span><br \/>\n<span style=\"font-family: Times New Roman CE;\">A kiadv\u00e1ny bevezet\u0151 aj\u00e1nl\u00e1s\u00e1ban Mih\u00e1ly Ott\u00f3, aki a Magyarorsz\u00e1gi 4H klubok sz\u00f6vets\u00e9g\u00e9nek is eln\u00f6ke, a hazai iskolafejleszt\u00e9sek, alternat\u00edv pedag\u00f3gi\u00e1k mozg\u00e1s\u00e1ban helyezi el a 4H-t. ,Eg\u00e9sz pedag\u00f3giai gondolkod\u00e1sunk &#8211; hangs\u00falyozza &#8211; egyoldal\u00faan v\u00e1roscentrikus. Magyarorsz\u00e1gon a pedag\u00f3gi\u00e1t az &#8216;urban education&#8217; jellemzi, a falusi, a vid\u00e9ki, a nem-ipari k\u00f6rzetek iskol\u00e1z\u00e1s\u00e1nak, az ott jelentkez\u0151 k\u00e9pz\u00e9snek a gondjai h\u00e1tt\u00e9rbe szorulnak.&#8221; Ezzel szemben &#8211; v\u00e9li a jeles pedag\u00f3giai kutat\u00f3 &#8211; a 4H helye a ,pedag\u00f3giai rendszertanban&#8221; a hazai alternat\u00edv\u00e1k k\u00f6zt alig alig k\u00e9pviselt &#8216;rural education&#8217; k\u00f6r\u00e9n van kijel\u00f6lve.<\/span><br \/>\n<span style=\"font-family: Times New Roman CE;\">Mi is az a 4H?<\/span><br \/>\n<span style=\"font-family: Times New Roman CE;\">A t\u00f6rt\u00e9nelmi tanulm\u00e1nyb\u00f3l megtudjuk, hogy ez a mozgalom is a ,Gyermek \u00c9vsz\u00e1zad\u00e1nak&#8221; hajnal\u00e1n indult \u00fatj\u00e1ra, szinte egyid\u0151ben m\u00e1s amerikai gyerekmozgalmakkal (pion\u00edroknak, indi\u00e1noknak bec\u00e9zt\u00e9k a v\u00e1rosi gyerekek j\u00e1t\u00e9kcsapatait az \u00dajvil\u00e1gban, majd a cserk\u00e9szeknek a b\u00far h\u00e1bor\u00fab\u00f3l hazat\u00e9r\u0151 t\u00e1bornok ,fiait&#8221; Angli\u00e1ban. Mindegyik mozgalom a feln\u0151tteket ut\u00e1nz\u00f3 szerepj\u00e1t\u00e9k szab\u00e1lyait k\u00edn\u00e1lta cselleng\u0151 gyerekeknek. Hyde Bailey nem katon\u00e1sdit, nem felder\u00edt\u0151sdit, nem indi\u00e1nosdit j\u00e1tszott n\u00f6vend\u00e9keivel, hanem ,farmeresdit&#8221;. A 4H mozgalomt\u00f6rt\u00e9nete m\u00e1sodik nagy esem\u00e9nye m\u00e1r legend\u00e1t teremtett \u00e9s sodorta a vil\u00e1gh\u00edr fel\u00e9 a mozgalmat. 1902-ben az illinoisi klub minden tagja egy-egy uncia vet\u0151magot \u00fcltetett el s v\u00e1rta a ,termeszt\u00e9si&#8221; eredm\u00e9nyeket. A mozgalom ekkor m\u00e1r viselte h\u00e1romlevel\u0171 l\u00f3her\u00e9s jelv\u00e9ny\u00e9t, rajta 3 H bet\u0171vel (head = fej, hands = kezek, heart = sz\u00edv). 1911-ben \u00edrt\u00e1k hozz\u00e1 a negyediket, az eg\u00e9szs\u00e9g (a health) jegy\u00e9t, mint \u00e9rt\u00e9keiket teljess\u00e9 tev\u0151 jelk\u00e9pet.<\/span><br \/>\n<span style=\"font-family: Times New Roman CE;\">E jelek jegy\u00e9ben bontakozott ki a 4H nemzetk\u00f6zi viszonylatokban, hogy hossz\u00fa \u00fatja ut\u00e1n finn k\u00f6zvet\u00edt\u00e9ssel Magyarorsz\u00e1gon is l\u00e9trehozza szervezeteit.<\/span><br \/>\n<span style=\"font-family: Times New Roman CE;\">A hazai elterjed\u00e9sr\u0151l m\u00e1sik tanulm\u00e1ny sz\u00f3l. Jellegzetesnek mondhat\u00f3, hogy azon pedag\u00f3giai t\u00f6rekv\u00e9sek tal\u00e1ltak es\u00e9lyt a 4H-ban, melyek \u00e9vtizedek \u00f3ta az oktat\u00e1s \u00e9s termel\u0151munka \u00f6sszekapcsol\u00e1s\u00e1val k\u00eds\u00e9rleteztek, csak \u00e9ppen az iskol\u00e1sgyerekek hasznos, \u00f6ntev\u00e9keny gazd\u00e1lkod\u00e1s\u00e1hoz alkalmas termel\u00e9si viszonyokat nem tal\u00e1ltak (legut\u00f3bb a rem\u00e9nyteli sz\u00f6vetkezeti &#8211; iskolasz\u00f6vetkezeti &#8211; mozgalom m\u00e1llott sz\u00e9t al\u00f3luk).<\/span><br \/>\n<span style=\"font-family: Times New Roman CE;\">A 4H az egy\u00e9ni v\u00e1llalkoz\u00f3k t\u00e1rsas j\u00e1t\u00e9ka. A klub\u00e9let keretei k\u00f6z\u00f6tt auton\u00f3m szem\u00e9lyek &#8211; ha gyerekek is &#8211; gyakorolj\u00e1k az \u00e9rv\u00e9nyes\u00fcl\u00e9shez sz\u00fcks\u00e9ges sz\u00f6vets\u00e9gk\u00f6t\u00e9seket, a k\u00f6lcs\u00f6n\u00f6s \u00e9rdekl\u0151d\u00e9sen \u00e9s \u00e9rdekelts\u00e9gen alapul\u00f3 tapasztalatcsere technik\u00e1j\u00e1t. (Nem tanuls\u00e1g n\u00e9lk\u00fcli az az inform\u00e1ci\u00f3, hogy nem egy fejlett mez\u0151gazdas\u00e1g\u00fa nyugati, \u00e9szaki \u00e1llam val\u00f3di ad\u00f3kedvezm\u00e9nyekkel, m\u00e1s t\u00e1mogat\u00e1sokkal biztos\u00edt z\u00f6ld utat a gazd\u00e1lkod\u00f3, napjainkban egyre ink\u00e1bb k\u00f6rnyezetk\u00edm\u00e9l\u0151 m\u00f3don gazd\u00e1lkod\u00f3 gyerekt\u00e1rsul\u00e1soknak, ha a 4H keretei k\u00f6zt m\u0171k\u00f6dnek.)<\/span><br \/>\n<span style=\"font-family: Times New Roman CE;\">A kiadv\u00e1ny v\u00e9g\u00fcl a szervezethez csatlakoz\u00e1sr\u00f3l n\u00e9h\u00e1ny inform\u00e1ci\u00f3t ny\u00fajt \u00e1t az olvas\u00f3nak.<\/span><br \/>\n<span style=\"font-family: Times New Roman CE;\">Kellemes ki\u00e1ll\u00edt\u00e1s, kedvet teremt\u0151 inform\u00e1ci\u00f3k. A f\u00e9nyk\u00e9pek a magyarorsz\u00e1gi 4H mozgalom h\u0151skor\u00e1ban kit\u0171nt Debrecen-t\u00f3coskerti iskola nevel\u0151inek \u00e9s n\u00f6vend\u00e9keinek tartalmas, der\u0171s alkot\u00f3 \u00e9let\u00e9b\u0151l vett pillanatfelv\u00e9telekkel agit\u00e1lnak az \u00faj mozgalom mellett.<\/span><\/p>\n<p><span style=\"font-family: Times New Roman CE;\">Inform\u00e1ci\u00f3: B\u00e9nyei S\u00e1ndor \u00fcgyvezet\u0151 eln\u00f6k 4225 Debrecen-<\/span><br \/>\n<span style=\"font-family: Times New Roman CE;\">J\u00f3zsa, G\u00f6nczy P\u00e1l u. 1-3.<\/span><\/p>\n<p><span style=\"font-family: Times New Roman CE;\">Alternat\u00edv \u00e1ltal\u00e1nos iskol\u00e1k Budapesten<\/span><br \/>\n<span style=\"font-family: Times New Roman CE;\">Budapesten sz\u00e1mos \u00fagynevezett ,alternat\u00edv&#8221; pedag\u00f3giai m\u0171hely indult az elm\u00falt \u00e9vekben. Fontos tudnival\u00f3, hogy ezek az oktat\u00e1si int\u00e9zm\u00e9nyek a tartalmi \u00e9s szervez\u00e9si munk\u00e1t csak \u00e9rv\u00e9nyes miniszt\u00e9riumi \u00e9s \u00f6nkorm\u00e1nyzati enged\u00e9ly birtok\u00e1ban kezdhetik el. K\u00f6lts\u00e9gvet\u00e9s\u00fcket kieg\u00e9sz\u00edthetik m\u00e1s forr\u00e1sb\u00f3l is &#8211; az egy\u00e9bk\u00e9nt sz\u00e1mukra is \u00e1llamilag garant\u00e1lt fejkv\u00f3t\u00e1n k\u00edv\u00fcl. Ez jelenleg gyermekenk\u00e9nt &#8211; az 1993. \u00e9vi k\u00f6lts\u00e9gvet\u00e9si t\u00f6rv\u00e9ny alapj\u00e1n &#8211; 41 ezer forint egy \u00e9vre. Ezt az \u00f6sszeget azok az alap\u00edtv\u00e1nyok \u00e9s mag\u00e1nszem\u00e9lyek ig\u00e9nyelhetik, akik az oktat\u00e1st alaptev\u00e9kenys\u00e9gk\u00e9nt v\u00e9gzik. Ehhez term\u00e9szetesen a ker\u00fcleti \u00f6nkorm\u00e1nyzatok is hozz\u00e1j\u00e1rulhatnak, amennyiben ad\u00f3bev\u00e9teleik vagy egy\u00e9b forr\u00e1saik ezt megengedik.<\/span><br \/>\n<span style=\"font-family: Times New Roman CE;\">A budapesti alternat\u00edv \u00e1ltal\u00e1nos iskol\u00e1k list\u00e1ja:<\/span><br \/>\n<span style=\"font-family: Times New Roman CE;\">Waldorf Iskola 1028 Bp., K\u00f6zs\u00e9gh\u00e1z u. 6. A kurat\u00f3rium eln\u00f6ke Vekerdi Tam\u00e1s, I., M\u00e1ria t\u00e9r 3. Tel.: 201-8847<\/span><br \/>\n<span style=\"font-family: Times New Roman CE;\">\u00d6kumenikus \u00c1ltal\u00e1nos Iskola 1028 Bp., Kossuth u. 17. (M\u00e1riaremete-Pesthidegk\u00fat) Igazgat\u00f3: dr. K\u0151szeghy Tam\u00e1sn\u00e9.<\/span><br \/>\n<span style=\"font-family: Times New Roman CE;\">Tel.: 176-5488<\/span><br \/>\n<span style=\"font-family: Times New Roman CE;\">Lauder \u00c1ltal\u00e1nos Iskola (7-8. oszt\u00e1ly) 1021 Bp., T\u00e1rogat\u00f3 u. 1. (volt SZOT-iskola)<\/span><br \/>\n<span style=\"font-family: Times New Roman CE;\">G\u00e9niusz Alap\u00edtv\u00e1nyi \u00e9s Kutat\u00f3csoport K\u00eds\u00e9rleti Iskol\u00e1ja 1039 Bp., Kal\u00e1szi u. 3. Igzagat\u00f3: G\u00e1sp\u00e1rn\u00e9 T\u00f3th M\u00e1ria, Tel.: 180-3711\/69 m.<\/span><br \/>\n<span style=\"font-family: Times New Roman CE;\">Autizmus Alap\u00edtv\u00e1ny \u00e9s Kutat\u00f3csoport K\u00eds\u00e9rleti Iskol\u00e1ja 1041 Bp., Ny\u00e1r u. 40-42.<\/span><br \/>\n<span style=\"font-family: Times New Roman CE;\">Lauder Javne K\u00f6z\u00f6ss\u00e9gi Alap\u00edtv\u00e1nyi Zsid\u00f3 Iskola \u00e9s Gimn\u00e1zium 1062 Bp., Lendvay u.<\/span><br \/>\n<span style=\"font-family: Times New Roman CE;\">17-19. Igazgat\u00f3: Kazal J\u00e1nos. Tel.: 131-6160, 111-6459<\/span><br \/>\n<span style=\"font-family: Times New Roman CE;\">Amerikai Alap\u00edtv\u00e1nyi Iskola (zsid\u00f3 eg\u00e9sz napos iskola) 1075 Bp., Wessel\u00e9nyi u. 44. Igazgat\u00f3: dr. Hajd\u00fa P\u00e9ter. Tel.: 122-2427<\/span><br \/>\n<span style=\"font-family: Times New Roman CE;\">Oltalom Mag\u00e1niskola 1101 Bp., K\u0151b\u00e1nyai u.30. (1-5. \u00e9vf.) Vezet\u0151: dr. Lov\u00e1sz Gabriella. Tel.: 138-1233<\/span><br \/>\n<span style=\"font-family: Times New Roman CE;\">Vakok Batty\u00e1ny L\u00e1szl\u00f3 Gyermekotthona, R\u00f3mai Katolikus \u00d3vod\u00e1ja, Iskol\u00e1ja 1125 Bp., M\u00e1ty\u00e1s Kir\u00e1ly u. 29. Igazgat\u00f3: Feh\u00e9r Anna. Tel.: 175-9323<\/span><br \/>\n<span style=\"font-family: Times New Roman CE;\">Rogers Alap\u00edtv\u00e1ny Szem\u00e9lyk\u00f6zpont\u00fa Iskola 1121 Bp., F\u00fclemile u. 8. Vezet\u0151: dr. G\u00e1bor Anna. Tel.: 175-3020<\/span><br \/>\n<span style=\"font-family: Times New Roman CE;\">Deutsche Schule (n\u00e9met-magyar iskola \u00e9s gimn\u00e1zium) 1121 Bp., Cinege u. 8\/C. Igazgat\u00f3: J\u00fcrgen Ambuster. Tel.: 175-4901<\/span><br \/>\n<span style=\"font-family: Times New Roman CE;\">Csan\u00e1di \u00c1ltal\u00e1nos Iskola \u00e9s Gimn\u00e1zium (8+4 oszt., OTSH iskol\u00e1ja) 1143 Bp., \u0150rnagy u. 5-7. Igazgat\u00f3: Sl\u00e9ger Oszk\u00e1r<\/span><br \/>\n<span style=\"font-family: Times New Roman CE;\">Kar\u00e1csony S\u00e1ndor Alap\u00edtv\u00e1nyi Iskola 1193 Bp., \u00dcll\u0151i u. 305. \u00dcgyviv\u0151: Don\u00e1t Istv\u00e1n<\/span><br \/>\n<span style=\"font-family: Times New Roman CE;\">Burattino Iskola 1211 Bp., T\u00e1ncsics M. u. 27-29. Vezet\u0151: Mezei Katalin<\/span><br \/>\n<span style=\"font-family: Times New Roman CE;\">Montessori Iskola 1215 Bp., Guszev K. u. 68-74. Vezet\u0151: Bord\u00e1cs Margit<\/span><br \/>\n<span style=\"font-family: Times New Roman CE;\">Must\u00e1rmag Kereszt\u00e9ny Iskola 1039 Bp., Vziorgona u. 1.<\/span><br \/>\n<span style=\"font-family: Times New Roman CE;\">P\u00e1l Apostol Iskola (\u00f6kumenikus) 1173 Bp., Ak\u00e1cvir\u00e1g u. 36.<\/span><br \/>\n<span style=\"font-family: Times New Roman CE;\">(Alap\u00edtv\u00e1nyi H\u00edrlev\u00e9l 93\/4.)<\/span><\/p>\n","protected":false},"excerpt":{"rendered":"<p>A gyermekmozgalom pluraliz\u00e1l\u00f3d\u00e1sa szem\u00fcnk el\u0151tt lej\u00e1tsz\u00f3d\u00f3 folyamat. B\u00e1r id\u0151nk\u00e9nt \u00fagy \u00e9rezni, lenne sz\u00e1nd\u00e9k arra, hogy valamelyiket a tucatnyi k\u00f6z\u00fcl \u00fajra a legbefoly\u00e1sosabb\u00e1 kellene t\u00e1mogatni, azonban a realit\u00e1sok, a t\u00e1rsadalom fogad\u00f3k\u00e9szs\u00e9ge s a gyerekmozgalmak mindegyik\u00e9nek toler\u00e1ns \u00f6nk\u00e9pe, s\u0151t e mozgalmak egym\u00e1s el\u0151tt is deklar\u00e1lt es\u00e9lyegyenl\u0151s\u00e9g-princ\u00edpiuma tart\u00f3san biztos\u00edtja a soksz\u00edn\u0171s\u00e9g, a v\u00e1laszt\u00e9k civil gazdags\u00e1g\u00e1nak \u0151rz\u00e9s\u00e9t.<\/p>\n","protected":false},"author":232,"featured_media":3464,"comment_status":"open","ping_status":"open","sticky":false,"template":"","format":"standard","meta":{"_acf_changed":false,"footnotes":""},"categories":[281,8,7],"tags":[],"coauthors":[282],"class_list":["post-2058","post","type-post","status-publish","format-standard","has-post-thumbnail","hentry","category-parola-1993-3","category-parola-folyoirat","category-repertorium"],"acf":[],"yoast_head":"<!-- This site is optimized with the Yoast SEO plugin v26.7 - https:\/\/yoast.com\/wordpress\/plugins\/seo\/ -->\n<title>Bemutatkozik egy \u00faj gyermekmozgalom a 4H Klubok Sz\u00f6vets\u00e9ge - Parola Foly\u00f3irat<\/title>\n<meta name=\"robots\" content=\"index, follow, max-snippet:-1, max-image-preview:large, max-video-preview:-1\" \/>\n<link rel=\"canonical\" href=\"https:\/\/kofe.hu\/parola\/parola-folyoirat\/bemutatkozik-egy-uj-gyermekmozgalom-a-4h-klubok-szovetsege\/\" \/>\n<meta property=\"og:locale\" content=\"hu_HU\" \/>\n<meta property=\"og:type\" content=\"article\" \/>\n<meta property=\"og:title\" content=\"Bemutatkozik egy \u00faj gyermekmozgalom a 4H Klubok Sz\u00f6vets\u00e9ge - Parola Foly\u00f3irat\" \/>\n<meta property=\"og:description\" content=\"A gyermekmozgalom pluraliz\u00e1l\u00f3d\u00e1sa szem\u00fcnk el\u0151tt lej\u00e1tsz\u00f3d\u00f3 folyamat. B\u00e1r id\u0151nk\u00e9nt \u00fagy \u00e9rezni, lenne sz\u00e1nd\u00e9k arra, hogy valamelyiket a tucatnyi k\u00f6z\u00fcl \u00fajra a legbefoly\u00e1sosabb\u00e1 kellene t\u00e1mogatni, azonban a realit\u00e1sok, a t\u00e1rsadalom fogad\u00f3k\u00e9szs\u00e9ge s a gyerekmozgalmak mindegyik\u00e9nek toler\u00e1ns \u00f6nk\u00e9pe, s\u0151t e mozgalmak egym\u00e1s el\u0151tt is deklar\u00e1lt es\u00e9lyegyenl\u0151s\u00e9g-princ\u00edpiuma tart\u00f3san biztos\u00edtja a soksz\u00edn\u0171s\u00e9g, a v\u00e1laszt\u00e9k civil gazdags\u00e1g\u00e1nak \u0151rz\u00e9s\u00e9t.\" \/>\n<meta property=\"og:url\" content=\"https:\/\/kofe.hu\/parola\/parola-folyoirat\/bemutatkozik-egy-uj-gyermekmozgalom-a-4h-klubok-szovetsege\/\" \/>\n<meta property=\"og:site_name\" content=\"Parola Foly\u00f3irat\" \/>\n<meta property=\"article:published_time\" content=\"2020-06-24T16:34:49+00:00\" \/>\n<meta property=\"article:modified_time\" content=\"2020-07-30T17:10:46+00:00\" \/>\n<meta property=\"og:image\" content=\"https:\/\/kofe.hu\/parola\/wp-content\/uploads\/2020\/07\/93.3.jpeg\" \/>\n\t<meta property=\"og:image:width\" content=\"1392\" \/>\n\t<meta property=\"og:image:height\" content=\"1952\" \/>\n\t<meta property=\"og:image:type\" content=\"image\/jpeg\" \/>\n<meta name=\"author\" content=\"B\u00e9nyei S\u00e1ndor\" \/>\n<meta name=\"twitter:card\" content=\"summary_large_image\" \/>\n<meta name=\"twitter:label1\" content=\"Szerz\u0151:\" \/>\n\t<meta name=\"twitter:data1\" content=\"B\u00e9nyei S\u00e1ndor\" \/>\n\t<meta name=\"twitter:label2\" content=\"Becs\u00fclt olvas\u00e1si id\u0151\" \/>\n\t<meta name=\"twitter:data2\" content=\"6 perc\" \/>\n\t<meta name=\"twitter:label3\" content=\"Written by\" \/>\n\t<meta name=\"twitter:data3\" content=\"B\u00e9nyei S\u00e1ndor\" \/>\n<script type=\"application\/ld+json\" class=\"yoast-schema-graph\">{\"@context\":\"https:\/\/schema.org\",\"@graph\":[{\"@type\":\"Article\",\"@id\":\"https:\/\/kofe.hu\/parola\/parola-folyoirat\/bemutatkozik-egy-uj-gyermekmozgalom-a-4h-klubok-szovetsege\/#article\",\"isPartOf\":{\"@id\":\"https:\/\/kofe.hu\/parola\/parola-folyoirat\/bemutatkozik-egy-uj-gyermekmozgalom-a-4h-klubok-szovetsege\/\"},\"author\":{\"name\":\"B\u00e9nyei S\u00e1ndor\",\"@id\":\"https:\/\/kofe.hu\/parola\/#\/schema\/person\/674e87cfa3267b09e42587f40cb02ab1\"},\"headline\":\"Bemutatkozik egy \u00faj gyermekmozgalom a 4H Klubok Sz\u00f6vets\u00e9ge\",\"datePublished\":\"2020-06-24T16:34:49+00:00\",\"dateModified\":\"2020-07-30T17:10:46+00:00\",\"mainEntityOfPage\":{\"@id\":\"https:\/\/kofe.hu\/parola\/parola-folyoirat\/bemutatkozik-egy-uj-gyermekmozgalom-a-4h-klubok-szovetsege\/\"},\"wordCount\":1259,\"commentCount\":0,\"image\":{\"@id\":\"https:\/\/kofe.hu\/parola\/parola-folyoirat\/bemutatkozik-egy-uj-gyermekmozgalom-a-4h-klubok-szovetsege\/#primaryimage\"},\"thumbnailUrl\":\"https:\/\/kofe.hu\/parola\/wp-content\/uploads\/2020\/07\/93.3.jpeg\",\"articleSection\":[\"Parola 1993\/3\",\"Parola Foly\u00f3irat\",\"Repert\u00f3rium\"],\"inLanguage\":\"hu\",\"potentialAction\":[{\"@type\":\"CommentAction\",\"name\":\"Comment\",\"target\":[\"https:\/\/kofe.hu\/parola\/parola-folyoirat\/bemutatkozik-egy-uj-gyermekmozgalom-a-4h-klubok-szovetsege\/#respond\"]}]},{\"@type\":\"WebPage\",\"@id\":\"https:\/\/kofe.hu\/parola\/parola-folyoirat\/bemutatkozik-egy-uj-gyermekmozgalom-a-4h-klubok-szovetsege\/\",\"url\":\"https:\/\/kofe.hu\/parola\/parola-folyoirat\/bemutatkozik-egy-uj-gyermekmozgalom-a-4h-klubok-szovetsege\/\",\"name\":\"Bemutatkozik egy \u00faj gyermekmozgalom a 4H Klubok Sz\u00f6vets\u00e9ge - Parola Foly\u00f3irat\",\"isPartOf\":{\"@id\":\"https:\/\/kofe.hu\/parola\/#website\"},\"primaryImageOfPage\":{\"@id\":\"https:\/\/kofe.hu\/parola\/parola-folyoirat\/bemutatkozik-egy-uj-gyermekmozgalom-a-4h-klubok-szovetsege\/#primaryimage\"},\"image\":{\"@id\":\"https:\/\/kofe.hu\/parola\/parola-folyoirat\/bemutatkozik-egy-uj-gyermekmozgalom-a-4h-klubok-szovetsege\/#primaryimage\"},\"thumbnailUrl\":\"https:\/\/kofe.hu\/parola\/wp-content\/uploads\/2020\/07\/93.3.jpeg\",\"datePublished\":\"2020-06-24T16:34:49+00:00\",\"dateModified\":\"2020-07-30T17:10:46+00:00\",\"author\":{\"@id\":\"https:\/\/kofe.hu\/parola\/#\/schema\/person\/674e87cfa3267b09e42587f40cb02ab1\"},\"breadcrumb\":{\"@id\":\"https:\/\/kofe.hu\/parola\/parola-folyoirat\/bemutatkozik-egy-uj-gyermekmozgalom-a-4h-klubok-szovetsege\/#breadcrumb\"},\"inLanguage\":\"hu\",\"potentialAction\":[{\"@type\":\"ReadAction\",\"target\":[\"https:\/\/kofe.hu\/parola\/parola-folyoirat\/bemutatkozik-egy-uj-gyermekmozgalom-a-4h-klubok-szovetsege\/\"]}]},{\"@type\":\"ImageObject\",\"inLanguage\":\"hu\",\"@id\":\"https:\/\/kofe.hu\/parola\/parola-folyoirat\/bemutatkozik-egy-uj-gyermekmozgalom-a-4h-klubok-szovetsege\/#primaryimage\",\"url\":\"https:\/\/kofe.hu\/parola\/wp-content\/uploads\/2020\/07\/93.3.jpeg\",\"contentUrl\":\"https:\/\/kofe.hu\/parola\/wp-content\/uploads\/2020\/07\/93.3.jpeg\",\"width\":1392,\"height\":1952},{\"@type\":\"BreadcrumbList\",\"@id\":\"https:\/\/kofe.hu\/parola\/parola-folyoirat\/bemutatkozik-egy-uj-gyermekmozgalom-a-4h-klubok-szovetsege\/#breadcrumb\",\"itemListElement\":[{\"@type\":\"ListItem\",\"position\":1,\"name\":\"Home\",\"item\":\"https:\/\/kofe.hu\/parola\/\"},{\"@type\":\"ListItem\",\"position\":2,\"name\":\"Bemutatkozik egy \u00faj gyermekmozgalom a 4H Klubok Sz\u00f6vets\u00e9ge\"}]},{\"@type\":\"WebSite\",\"@id\":\"https:\/\/kofe.hu\/parola\/#website\",\"url\":\"https:\/\/kofe.hu\/parola\/\",\"name\":\"Parola Foly\u00f3irat\",\"description\":\"\",\"potentialAction\":[{\"@type\":\"SearchAction\",\"target\":{\"@type\":\"EntryPoint\",\"urlTemplate\":\"https:\/\/kofe.hu\/parola\/?s={search_term_string}\"},\"query-input\":{\"@type\":\"PropertyValueSpecification\",\"valueRequired\":true,\"valueName\":\"search_term_string\"}}],\"inLanguage\":\"hu\"},{\"@type\":\"Person\",\"@id\":\"https:\/\/kofe.hu\/parola\/#\/schema\/person\/674e87cfa3267b09e42587f40cb02ab1\",\"name\":\"B\u00e9nyei S\u00e1ndor\",\"image\":{\"@type\":\"ImageObject\",\"inLanguage\":\"hu\",\"@id\":\"https:\/\/kofe.hu\/parola\/#\/schema\/person\/image\/37fea602c77d09b53bac584fffbac96a\",\"url\":\"https:\/\/secure.gravatar.com\/avatar\/a957036f0cb3696ff3c09a9f5d302163549a4ec797a8bd0396b97ce14656ae2f?s=96&d=mm&r=g\",\"contentUrl\":\"https:\/\/secure.gravatar.com\/avatar\/a957036f0cb3696ff3c09a9f5d302163549a4ec797a8bd0396b97ce14656ae2f?s=96&d=mm&r=g\",\"caption\":\"B\u00e9nyei S\u00e1ndor\"},\"url\":\"https:\/\/kofe.hu\/parola\/szerzok\/benyei-sandor\/\"}]}<\/script>\n<!-- \/ Yoast SEO plugin. -->","yoast_head_json":{"title":"Bemutatkozik egy \u00faj gyermekmozgalom a 4H Klubok Sz\u00f6vets\u00e9ge - Parola Foly\u00f3irat","robots":{"index":"index","follow":"follow","max-snippet":"max-snippet:-1","max-image-preview":"max-image-preview:large","max-video-preview":"max-video-preview:-1"},"canonical":"https:\/\/kofe.hu\/parola\/parola-folyoirat\/bemutatkozik-egy-uj-gyermekmozgalom-a-4h-klubok-szovetsege\/","og_locale":"hu_HU","og_type":"article","og_title":"Bemutatkozik egy \u00faj gyermekmozgalom a 4H Klubok Sz\u00f6vets\u00e9ge - Parola Foly\u00f3irat","og_description":"A gyermekmozgalom pluraliz\u00e1l\u00f3d\u00e1sa szem\u00fcnk el\u0151tt lej\u00e1tsz\u00f3d\u00f3 folyamat. B\u00e1r id\u0151nk\u00e9nt \u00fagy \u00e9rezni, lenne sz\u00e1nd\u00e9k arra, hogy valamelyiket a tucatnyi k\u00f6z\u00fcl \u00fajra a legbefoly\u00e1sosabb\u00e1 kellene t\u00e1mogatni, azonban a realit\u00e1sok, a t\u00e1rsadalom fogad\u00f3k\u00e9szs\u00e9ge s a gyerekmozgalmak mindegyik\u00e9nek toler\u00e1ns \u00f6nk\u00e9pe, s\u0151t e mozgalmak egym\u00e1s el\u0151tt is deklar\u00e1lt es\u00e9lyegyenl\u0151s\u00e9g-princ\u00edpiuma tart\u00f3san biztos\u00edtja a soksz\u00edn\u0171s\u00e9g, a v\u00e1laszt\u00e9k civil gazdags\u00e1g\u00e1nak \u0151rz\u00e9s\u00e9t.","og_url":"https:\/\/kofe.hu\/parola\/parola-folyoirat\/bemutatkozik-egy-uj-gyermekmozgalom-a-4h-klubok-szovetsege\/","og_site_name":"Parola Foly\u00f3irat","article_published_time":"2020-06-24T16:34:49+00:00","article_modified_time":"2020-07-30T17:10:46+00:00","og_image":[{"width":1392,"height":1952,"url":"https:\/\/kofe.hu\/parola\/wp-content\/uploads\/2020\/07\/93.3.jpeg","type":"image\/jpeg"}],"author":"B\u00e9nyei S\u00e1ndor","twitter_card":"summary_large_image","twitter_misc":{"Szerz\u0151:":"B\u00e9nyei S\u00e1ndor","Becs\u00fclt olvas\u00e1si id\u0151":"6 perc","Written by":"B\u00e9nyei S\u00e1ndor"},"schema":{"@context":"https:\/\/schema.org","@graph":[{"@type":"Article","@id":"https:\/\/kofe.hu\/parola\/parola-folyoirat\/bemutatkozik-egy-uj-gyermekmozgalom-a-4h-klubok-szovetsege\/#article","isPartOf":{"@id":"https:\/\/kofe.hu\/parola\/parola-folyoirat\/bemutatkozik-egy-uj-gyermekmozgalom-a-4h-klubok-szovetsege\/"},"author":{"name":"B\u00e9nyei S\u00e1ndor","@id":"https:\/\/kofe.hu\/parola\/#\/schema\/person\/674e87cfa3267b09e42587f40cb02ab1"},"headline":"Bemutatkozik egy \u00faj gyermekmozgalom a 4H Klubok Sz\u00f6vets\u00e9ge","datePublished":"2020-06-24T16:34:49+00:00","dateModified":"2020-07-30T17:10:46+00:00","mainEntityOfPage":{"@id":"https:\/\/kofe.hu\/parola\/parola-folyoirat\/bemutatkozik-egy-uj-gyermekmozgalom-a-4h-klubok-szovetsege\/"},"wordCount":1259,"commentCount":0,"image":{"@id":"https:\/\/kofe.hu\/parola\/parola-folyoirat\/bemutatkozik-egy-uj-gyermekmozgalom-a-4h-klubok-szovetsege\/#primaryimage"},"thumbnailUrl":"https:\/\/kofe.hu\/parola\/wp-content\/uploads\/2020\/07\/93.3.jpeg","articleSection":["Parola 1993\/3","Parola Foly\u00f3irat","Repert\u00f3rium"],"inLanguage":"hu","potentialAction":[{"@type":"CommentAction","name":"Comment","target":["https:\/\/kofe.hu\/parola\/parola-folyoirat\/bemutatkozik-egy-uj-gyermekmozgalom-a-4h-klubok-szovetsege\/#respond"]}]},{"@type":"WebPage","@id":"https:\/\/kofe.hu\/parola\/parola-folyoirat\/bemutatkozik-egy-uj-gyermekmozgalom-a-4h-klubok-szovetsege\/","url":"https:\/\/kofe.hu\/parola\/parola-folyoirat\/bemutatkozik-egy-uj-gyermekmozgalom-a-4h-klubok-szovetsege\/","name":"Bemutatkozik egy \u00faj gyermekmozgalom a 4H Klubok Sz\u00f6vets\u00e9ge - Parola Foly\u00f3irat","isPartOf":{"@id":"https:\/\/kofe.hu\/parola\/#website"},"primaryImageOfPage":{"@id":"https:\/\/kofe.hu\/parola\/parola-folyoirat\/bemutatkozik-egy-uj-gyermekmozgalom-a-4h-klubok-szovetsege\/#primaryimage"},"image":{"@id":"https:\/\/kofe.hu\/parola\/parola-folyoirat\/bemutatkozik-egy-uj-gyermekmozgalom-a-4h-klubok-szovetsege\/#primaryimage"},"thumbnailUrl":"https:\/\/kofe.hu\/parola\/wp-content\/uploads\/2020\/07\/93.3.jpeg","datePublished":"2020-06-24T16:34:49+00:00","dateModified":"2020-07-30T17:10:46+00:00","author":{"@id":"https:\/\/kofe.hu\/parola\/#\/schema\/person\/674e87cfa3267b09e42587f40cb02ab1"},"breadcrumb":{"@id":"https:\/\/kofe.hu\/parola\/parola-folyoirat\/bemutatkozik-egy-uj-gyermekmozgalom-a-4h-klubok-szovetsege\/#breadcrumb"},"inLanguage":"hu","potentialAction":[{"@type":"ReadAction","target":["https:\/\/kofe.hu\/parola\/parola-folyoirat\/bemutatkozik-egy-uj-gyermekmozgalom-a-4h-klubok-szovetsege\/"]}]},{"@type":"ImageObject","inLanguage":"hu","@id":"https:\/\/kofe.hu\/parola\/parola-folyoirat\/bemutatkozik-egy-uj-gyermekmozgalom-a-4h-klubok-szovetsege\/#primaryimage","url":"https:\/\/kofe.hu\/parola\/wp-content\/uploads\/2020\/07\/93.3.jpeg","contentUrl":"https:\/\/kofe.hu\/parola\/wp-content\/uploads\/2020\/07\/93.3.jpeg","width":1392,"height":1952},{"@type":"BreadcrumbList","@id":"https:\/\/kofe.hu\/parola\/parola-folyoirat\/bemutatkozik-egy-uj-gyermekmozgalom-a-4h-klubok-szovetsege\/#breadcrumb","itemListElement":[{"@type":"ListItem","position":1,"name":"Home","item":"https:\/\/kofe.hu\/parola\/"},{"@type":"ListItem","position":2,"name":"Bemutatkozik egy \u00faj gyermekmozgalom a 4H Klubok Sz\u00f6vets\u00e9ge"}]},{"@type":"WebSite","@id":"https:\/\/kofe.hu\/parola\/#website","url":"https:\/\/kofe.hu\/parola\/","name":"Parola Foly\u00f3irat","description":"","potentialAction":[{"@type":"SearchAction","target":{"@type":"EntryPoint","urlTemplate":"https:\/\/kofe.hu\/parola\/?s={search_term_string}"},"query-input":{"@type":"PropertyValueSpecification","valueRequired":true,"valueName":"search_term_string"}}],"inLanguage":"hu"},{"@type":"Person","@id":"https:\/\/kofe.hu\/parola\/#\/schema\/person\/674e87cfa3267b09e42587f40cb02ab1","name":"B\u00e9nyei S\u00e1ndor","image":{"@type":"ImageObject","inLanguage":"hu","@id":"https:\/\/kofe.hu\/parola\/#\/schema\/person\/image\/37fea602c77d09b53bac584fffbac96a","url":"https:\/\/secure.gravatar.com\/avatar\/a957036f0cb3696ff3c09a9f5d302163549a4ec797a8bd0396b97ce14656ae2f?s=96&d=mm&r=g","contentUrl":"https:\/\/secure.gravatar.com\/avatar\/a957036f0cb3696ff3c09a9f5d302163549a4ec797a8bd0396b97ce14656ae2f?s=96&d=mm&r=g","caption":"B\u00e9nyei S\u00e1ndor"},"url":"https:\/\/kofe.hu\/parola\/szerzok\/benyei-sandor\/"}]}},"_links":{"self":[{"href":"https:\/\/kofe.hu\/parola\/wp-json\/wp\/v2\/posts\/2058","targetHints":{"allow":["GET"]}}],"collection":[{"href":"https:\/\/kofe.hu\/parola\/wp-json\/wp\/v2\/posts"}],"about":[{"href":"https:\/\/kofe.hu\/parola\/wp-json\/wp\/v2\/types\/post"}],"author":[{"embeddable":true,"href":"https:\/\/kofe.hu\/parola\/wp-json\/wp\/v2\/users\/232"}],"replies":[{"embeddable":true,"href":"https:\/\/kofe.hu\/parola\/wp-json\/wp\/v2\/comments?post=2058"}],"version-history":[{"count":2,"href":"https:\/\/kofe.hu\/parola\/wp-json\/wp\/v2\/posts\/2058\/revisions"}],"predecessor-version":[{"id":4963,"href":"https:\/\/kofe.hu\/parola\/wp-json\/wp\/v2\/posts\/2058\/revisions\/4963"}],"wp:featuredmedia":[{"embeddable":true,"href":"https:\/\/kofe.hu\/parola\/wp-json\/wp\/v2\/media\/3464"}],"wp:attachment":[{"href":"https:\/\/kofe.hu\/parola\/wp-json\/wp\/v2\/media?parent=2058"}],"wp:term":[{"taxonomy":"category","embeddable":true,"href":"https:\/\/kofe.hu\/parola\/wp-json\/wp\/v2\/categories?post=2058"},{"taxonomy":"post_tag","embeddable":true,"href":"https:\/\/kofe.hu\/parola\/wp-json\/wp\/v2\/tags?post=2058"},{"taxonomy":"author","embeddable":true,"href":"https:\/\/kofe.hu\/parola\/wp-json\/wp\/v2\/coauthors?post=2058"}],"curies":[{"name":"wp","href":"https:\/\/api.w.org\/{rel}","templated":true}]}}