{"id":2039,"date":"2020-06-24T16:10:24","date_gmt":"2020-06-24T16:10:24","guid":{"rendered":"https:\/\/kofe.hu\/parola\/?p=2039"},"modified":"2020-07-30T17:17:35","modified_gmt":"2020-07-30T17:17:35","slug":"duna-liga","status":"publish","type":"post","link":"https:\/\/kofe.hu\/parola\/parola-folyoirat\/duna-liga\/","title":{"rendered":"Duna Liga"},"content":{"rendered":"<p style=\"text-align: justify;\"><span style=\"font-family: Times New Roman CE;\">Legyen szabads\u00e1g, bar\u00e1ts\u00e1g, egyet\u00e9rt\u00e9s \u00e9s egy\u00fcttm\u0171k\u00f6d\u00e9s a Duna-medence t\u00e1jain!<\/span><br \/>\n<span style=\"font-family: Times New Roman CE;\">Ezt k\u00edv\u00e1nja e t\u00e9rs\u00e9g minden n\u00e9pe, nemzete!<\/span><br \/>\n<span style=\"font-family: Times New Roman CE;\">K\u00f6z\u00e9p-Eur\u00f3pa orsz\u00e1gaiban m\u00e1r j\u00f3ideje szervez\u0151dnek olyan kis k\u00f6z\u00f6ss\u00e9gek-klubok, egyes\u00fcletek, amelyeknek c\u00e9ljai k\u00f6zel azonosak: az itt \u00e9l\u0151 n\u00e9pek egym\u00e1ssal megb\u00e9k\u00e9lve, \u00f6szebar\u00e1tkozva, egy\u00fcttm\u0171k\u00f6dve val\u00f3s\u00edts\u00e1k meg meg\u00fajul\u00e1si t\u00f6rekv\u00e9seiket az \u00f6n\u00e1ll\u00f3s\u00e1gi &#8211; \u00f6nigazgat\u00f3s\u00e1gi &#8211; elv teljes \u00e9rv\u00e9nyes\u00fcl\u00e9s\u00e9vel.<\/span><\/p>\n<p style=\"text-align: justify;\"><!--more--><br \/>\n<span style=\"font-family: Times New Roman CE;\">A m\u00falt b\u00e9kly\u00f3it\u00f3l szabadulva most v\u00e9gre itt az id\u0151, amikor mindenfajta ellens\u00e9ges akci\u00f3k helyett konszenzust k\u00f6thet\u00fcnk, kezet foghatunk egym\u00e1ssal a bizalmi elv \u00e9rv\u00e9nyes\u00fcl\u00e9s\u00e9nek sz\u00e1nd\u00e9k\u00e1val. Ez az egy\u00fcttm\u0171k\u00f6d\u00e9si k\u00e9szs\u00e9g megakad\u00e1lyozhatja, hogy az itt \u00e9l\u0151 n\u00e9pek \u00e9s nemzetek, egym\u00e1s ellen\u00e9re pazarolj\u00e1k el dr\u00e1ga idej\u00fcket, ahelyett, hogy v\u00e1llvetve seg\u00edten\u00e9k egym\u00e1st kil\u00e1balni abb\u00f3l a v\u00e1ls\u00e1gb\u00f3l, amelybe az elm\u00falt \u00e9vtizedek t\u00f6rt\u00e9n\u00e9sei hajtottak be valamennyi\u00fcnket&#8230;<\/span><br \/>\n<span style=\"font-family: Times New Roman CE;\">Csak rajtunk m\u00falik, hogy f\u00f6lemelkedhess\u00fcnk valamennyien m\u00e9lt\u00f3 eur\u00f3pai kult\u00farhely\u00fcnkre! Valljuk \u00e9s hissz\u00fck: egy\u00fcttes er\u0151vel k\u00f6nnyebb munk\u00e1lkodnunk \u00e9s eredm\u00e9nyt el\u00e9rn\u00fcnk!<\/span><br \/>\n<span style=\"font-family: Times New Roman CE;\">Hasonl\u00f3 hitvall\u00e1s\u00fa cseh \u00e9s szlov\u00e1kiai, rom\u00e1niai, d\u00e9lszl\u00e1v \u00e9s osztr\u00e1k szervezetekkel t\u00f6rt\u00e9nt kapcsolatfelv\u00e9tel ut\u00e1n Magyarorsz\u00e1gon is megalakult, z\u00e1szl\u00f3t bontott az az egye\u00fcslet, amely a duna menti sorsk\u00f6z\u00f6ss\u00e9get felel\u0151ss\u00e9ggel felv\u00e1llal\u00f3polg\u00e1rok szervezete: a DUNA LIGA -, amely egyes\u00fclet, sz\u00f6vets\u00e9g \u00e9s mozgalom k\u00edv\u00e1n lenni mindenki haszn\u00e1ra \u00e9s boldogul\u00e1s\u00e1ra.<\/span><br \/>\n<span style=\"font-family: Times New Roman CE;\">Alakul\u00f3 k\u00f6zgy\u0171l\u00e9s\u00fcnk 1991. \u00e9v m\u00e1rcius 22-\u00e9n elfogadta az alapszab\u00e1lyt, mely r\u00f6gz\u00edtette c\u00e9lkit\u0171z\u00e9seinket:<\/span><br \/>\n<span style=\"font-family: Times New Roman CE;\">,a Duna ment\u00e9n egy sorsk\u00f6z\u00f6ss\u00e9gben \u00e9l\u0151 n\u00e9pek egym\u00e1ssal \u00f6sszefogva haladjanak nemzeti meg\u00fajul\u00e1saik fel\u00e9. Meg kell akad\u00e1lyozni azt, hogy e t\u00e9rs\u00e9gben hatalmi \u00e9rdekek \u00fagy \u00e9rv\u00e9nyes\u00fcljenek, hogy ezeket a n\u00e9peket, nemzeteket egym\u00e1ssal szemben kij\u00e1tssz\u00e1k, bujtogat\u00e1ssal sz\u00edts\u00e1k torzsalkod\u00e1sukat, hogy politikai j\u00e1t\u00e9kszer\u0171kk\u00e9 legy\u00fcnk mi: a Duna mente n\u00e9pei. Szervezet\u00fcnknek minden t\u00f6rv\u00e9nyes eszk\u00f6zt \u00e9s lehet\u0151s\u00e9get fel kell haszn\u00e1lnia &#8211; kultur\u00e1lis, gazdas\u00e1gi, t\u00e1rsadalmi, bar\u00e1ti kapcsolatok ki\u00e9p\u00edt\u00e9s\u00e9vel -, hogy n\u00e9peink k\u00f6z\u00f6s \u00e9rdekeit szolg\u00e1ljuk: k\u00f6z\u00f6s boldogul\u00e1sunk c\u00e9lj\u00e1b\u00f3l.&#8221;<\/span><br \/>\n<span style=\"font-family: Times New Roman CE;\">V\u00e1rjuk tagjaink k\u00f6z\u00e9 a vel\u00fcnk egy\u00fcttgondolkod\u00f3 \u00e9s \u00e9rz\u0151, cselekv\u00e9sre k\u00e9sz polg\u00e1rokat \u00e9s szervezeteket.<\/span><br \/>\n<span style=\"font-family: Times New Roman CE;\">A Duna Liga lev\u00e9lc\u00edme: 1119 Budapest, T\u00e9t\u00e9nyi \u00fat 100\/c.<\/span><br \/>\n<span style=\"font-family: Times New Roman CE;\">Tel.: 161-0057 \u00e9s 132-42-83<\/span><br \/>\n<span style=\"font-family: Times New Roman CE;\">(T\u00f3th K\u00e1roly)<\/span><br \/>\n<span style=\"font-family: Times New Roman CE;\">A DUNA LIGA Eln\u00f6ks\u00e9g\u00e9nek nev\u00e9ben:<\/span><br \/>\n<span style=\"font-family: Times New Roman CE;\">Harcos Istv\u00e1n eln\u00f6k<\/span><\/p>\n","protected":false},"excerpt":{"rendered":"<p>Legyen szabads\u00e1g, bar\u00e1ts\u00e1g, egyet\u00e9rt\u00e9s \u00e9s egy\u00fcttm\u0171k\u00f6d\u00e9s a Duna-medence t\u00e1jain! Ezt k\u00edv\u00e1nja e t\u00e9rs\u00e9g minden n\u00e9pe, nemzete! K\u00f6z\u00e9p-Eur\u00f3pa orsz\u00e1gaiban m\u00e1r j\u00f3ideje szervez\u0151dnek olyan kis k\u00f6z\u00f6ss\u00e9gek-klubok, egyes\u00fcletek, amelyeknek c\u00e9ljai k\u00f6zel azonosak: az itt \u00e9l\u0151 n\u00e9pek egym\u00e1ssal megb\u00e9k\u00e9lve, \u00f6szebar\u00e1tkozva, egy\u00fcttm\u0171k\u00f6dve val\u00f3s\u00edts\u00e1k meg meg\u00fajul\u00e1si t\u00f6rekv\u00e9seiket az \u00f6n\u00e1ll\u00f3s\u00e1gi &#8211; \u00f6nigazgat\u00f3s\u00e1gi &#8211; elv teljes \u00e9rv\u00e9nyes\u00fcl\u00e9s\u00e9vel.<\/p>\n","protected":false},"author":224,"featured_media":3463,"comment_status":"open","ping_status":"open","sticky":false,"template":"","format":"standard","meta":{"_acf_changed":false,"footnotes":""},"categories":[262,8,7],"tags":[],"coauthors":[270],"class_list":["post-2039","post","type-post","status-publish","format-standard","has-post-thumbnail","hentry","category-parola-1993-2","category-parola-folyoirat","category-repertorium"],"acf":[],"yoast_head":"<!-- This site is optimized with the Yoast SEO plugin v26.7 - https:\/\/yoast.com\/wordpress\/plugins\/seo\/ -->\n<title>Duna Liga - Parola Foly\u00f3irat<\/title>\n<meta name=\"robots\" content=\"index, follow, max-snippet:-1, max-image-preview:large, max-video-preview:-1\" \/>\n<link rel=\"canonical\" href=\"https:\/\/kofe.hu\/parola\/parola-folyoirat\/duna-liga\/\" \/>\n<meta property=\"og:locale\" content=\"hu_HU\" \/>\n<meta property=\"og:type\" content=\"article\" \/>\n<meta property=\"og:title\" content=\"Duna Liga - Parola Foly\u00f3irat\" \/>\n<meta property=\"og:description\" content=\"Legyen szabads\u00e1g, bar\u00e1ts\u00e1g, egyet\u00e9rt\u00e9s \u00e9s egy\u00fcttm\u0171k\u00f6d\u00e9s a Duna-medence t\u00e1jain! Ezt k\u00edv\u00e1nja e t\u00e9rs\u00e9g minden n\u00e9pe, nemzete! K\u00f6z\u00e9p-Eur\u00f3pa orsz\u00e1gaiban m\u00e1r j\u00f3ideje szervez\u0151dnek olyan kis k\u00f6z\u00f6ss\u00e9gek-klubok, egyes\u00fcletek, amelyeknek c\u00e9ljai k\u00f6zel azonosak: az itt \u00e9l\u0151 n\u00e9pek egym\u00e1ssal megb\u00e9k\u00e9lve, \u00f6szebar\u00e1tkozva, egy\u00fcttm\u0171k\u00f6dve val\u00f3s\u00edts\u00e1k meg meg\u00fajul\u00e1si t\u00f6rekv\u00e9seiket az \u00f6n\u00e1ll\u00f3s\u00e1gi &#8211; \u00f6nigazgat\u00f3s\u00e1gi &#8211; elv teljes \u00e9rv\u00e9nyes\u00fcl\u00e9s\u00e9vel.\" \/>\n<meta property=\"og:url\" content=\"https:\/\/kofe.hu\/parola\/parola-folyoirat\/duna-liga\/\" \/>\n<meta property=\"og:site_name\" content=\"Parola Foly\u00f3irat\" \/>\n<meta property=\"article:published_time\" content=\"2020-06-24T16:10:24+00:00\" \/>\n<meta property=\"article:modified_time\" content=\"2020-07-30T17:17:35+00:00\" \/>\n<meta property=\"og:image\" content=\"https:\/\/kofe.hu\/parola\/wp-content\/uploads\/2020\/07\/93.2.jpeg\" \/>\n\t<meta property=\"og:image:width\" content=\"1353\" \/>\n\t<meta property=\"og:image:height\" content=\"1972\" \/>\n\t<meta property=\"og:image:type\" content=\"image\/jpeg\" \/>\n<meta name=\"author\" content=\"Harcos Istv\u00e1n\" \/>\n<meta name=\"twitter:card\" content=\"summary_large_image\" \/>\n<meta name=\"twitter:label1\" content=\"Szerz\u0151:\" \/>\n\t<meta name=\"twitter:data1\" content=\"Harcos Istv\u00e1n\" \/>\n\t<meta name=\"twitter:label2\" content=\"Becs\u00fclt olvas\u00e1si id\u0151\" \/>\n\t<meta name=\"twitter:data2\" content=\"3 perc\" \/>\n\t<meta name=\"twitter:label3\" content=\"Written by\" \/>\n\t<meta name=\"twitter:data3\" content=\"Harcos Istv\u00e1n\" \/>\n<script type=\"application\/ld+json\" class=\"yoast-schema-graph\">{\"@context\":\"https:\/\/schema.org\",\"@graph\":[{\"@type\":\"Article\",\"@id\":\"https:\/\/kofe.hu\/parola\/parola-folyoirat\/duna-liga\/#article\",\"isPartOf\":{\"@id\":\"https:\/\/kofe.hu\/parola\/parola-folyoirat\/duna-liga\/\"},\"author\":{\"name\":\"Harcos Istv\u00e1n\",\"@id\":\"https:\/\/kofe.hu\/parola\/#\/schema\/person\/48eb20a06c792a8dbe636c1d82403c37\"},\"headline\":\"Duna Liga\",\"datePublished\":\"2020-06-24T16:10:24+00:00\",\"dateModified\":\"2020-07-30T17:17:35+00:00\",\"mainEntityOfPage\":{\"@id\":\"https:\/\/kofe.hu\/parola\/parola-folyoirat\/duna-liga\/\"},\"wordCount\":512,\"commentCount\":0,\"image\":{\"@id\":\"https:\/\/kofe.hu\/parola\/parola-folyoirat\/duna-liga\/#primaryimage\"},\"thumbnailUrl\":\"https:\/\/kofe.hu\/parola\/wp-content\/uploads\/2020\/07\/93.2.jpeg\",\"articleSection\":[\"Parola 1993\/2\",\"Parola Foly\u00f3irat\",\"Repert\u00f3rium\"],\"inLanguage\":\"hu\",\"potentialAction\":[{\"@type\":\"CommentAction\",\"name\":\"Comment\",\"target\":[\"https:\/\/kofe.hu\/parola\/parola-folyoirat\/duna-liga\/#respond\"]}]},{\"@type\":\"WebPage\",\"@id\":\"https:\/\/kofe.hu\/parola\/parola-folyoirat\/duna-liga\/\",\"url\":\"https:\/\/kofe.hu\/parola\/parola-folyoirat\/duna-liga\/\",\"name\":\"Duna Liga - Parola Foly\u00f3irat\",\"isPartOf\":{\"@id\":\"https:\/\/kofe.hu\/parola\/#website\"},\"primaryImageOfPage\":{\"@id\":\"https:\/\/kofe.hu\/parola\/parola-folyoirat\/duna-liga\/#primaryimage\"},\"image\":{\"@id\":\"https:\/\/kofe.hu\/parola\/parola-folyoirat\/duna-liga\/#primaryimage\"},\"thumbnailUrl\":\"https:\/\/kofe.hu\/parola\/wp-content\/uploads\/2020\/07\/93.2.jpeg\",\"datePublished\":\"2020-06-24T16:10:24+00:00\",\"dateModified\":\"2020-07-30T17:17:35+00:00\",\"author\":{\"@id\":\"https:\/\/kofe.hu\/parola\/#\/schema\/person\/48eb20a06c792a8dbe636c1d82403c37\"},\"breadcrumb\":{\"@id\":\"https:\/\/kofe.hu\/parola\/parola-folyoirat\/duna-liga\/#breadcrumb\"},\"inLanguage\":\"hu\",\"potentialAction\":[{\"@type\":\"ReadAction\",\"target\":[\"https:\/\/kofe.hu\/parola\/parola-folyoirat\/duna-liga\/\"]}]},{\"@type\":\"ImageObject\",\"inLanguage\":\"hu\",\"@id\":\"https:\/\/kofe.hu\/parola\/parola-folyoirat\/duna-liga\/#primaryimage\",\"url\":\"https:\/\/kofe.hu\/parola\/wp-content\/uploads\/2020\/07\/93.2.jpeg\",\"contentUrl\":\"https:\/\/kofe.hu\/parola\/wp-content\/uploads\/2020\/07\/93.2.jpeg\",\"width\":1353,\"height\":1972},{\"@type\":\"BreadcrumbList\",\"@id\":\"https:\/\/kofe.hu\/parola\/parola-folyoirat\/duna-liga\/#breadcrumb\",\"itemListElement\":[{\"@type\":\"ListItem\",\"position\":1,\"name\":\"Home\",\"item\":\"https:\/\/kofe.hu\/parola\/\"},{\"@type\":\"ListItem\",\"position\":2,\"name\":\"Duna Liga\"}]},{\"@type\":\"WebSite\",\"@id\":\"https:\/\/kofe.hu\/parola\/#website\",\"url\":\"https:\/\/kofe.hu\/parola\/\",\"name\":\"Parola Foly\u00f3irat\",\"description\":\"\",\"potentialAction\":[{\"@type\":\"SearchAction\",\"target\":{\"@type\":\"EntryPoint\",\"urlTemplate\":\"https:\/\/kofe.hu\/parola\/?s={search_term_string}\"},\"query-input\":{\"@type\":\"PropertyValueSpecification\",\"valueRequired\":true,\"valueName\":\"search_term_string\"}}],\"inLanguage\":\"hu\"},{\"@type\":\"Person\",\"@id\":\"https:\/\/kofe.hu\/parola\/#\/schema\/person\/48eb20a06c792a8dbe636c1d82403c37\",\"name\":\"Harcos Istv\u00e1n\",\"image\":{\"@type\":\"ImageObject\",\"inLanguage\":\"hu\",\"@id\":\"https:\/\/kofe.hu\/parola\/#\/schema\/person\/image\/279044d012da35370e6b3c1c14a056c6\",\"url\":\"https:\/\/secure.gravatar.com\/avatar\/e7277c516058f7b88bc7b3baa1dfd7eba994c6efa7c0e1bb32429fc6a72a5e36?s=96&d=mm&r=g\",\"contentUrl\":\"https:\/\/secure.gravatar.com\/avatar\/e7277c516058f7b88bc7b3baa1dfd7eba994c6efa7c0e1bb32429fc6a72a5e36?s=96&d=mm&r=g\",\"caption\":\"Harcos Istv\u00e1n\"},\"url\":\"https:\/\/kofe.hu\/parola\/szerzok\/harcos-istvan\/\"}]}<\/script>\n<!-- \/ Yoast SEO plugin. -->","yoast_head_json":{"title":"Duna Liga - Parola Foly\u00f3irat","robots":{"index":"index","follow":"follow","max-snippet":"max-snippet:-1","max-image-preview":"max-image-preview:large","max-video-preview":"max-video-preview:-1"},"canonical":"https:\/\/kofe.hu\/parola\/parola-folyoirat\/duna-liga\/","og_locale":"hu_HU","og_type":"article","og_title":"Duna Liga - Parola Foly\u00f3irat","og_description":"Legyen szabads\u00e1g, bar\u00e1ts\u00e1g, egyet\u00e9rt\u00e9s \u00e9s egy\u00fcttm\u0171k\u00f6d\u00e9s a Duna-medence t\u00e1jain! Ezt k\u00edv\u00e1nja e t\u00e9rs\u00e9g minden n\u00e9pe, nemzete! K\u00f6z\u00e9p-Eur\u00f3pa orsz\u00e1gaiban m\u00e1r j\u00f3ideje szervez\u0151dnek olyan kis k\u00f6z\u00f6ss\u00e9gek-klubok, egyes\u00fcletek, amelyeknek c\u00e9ljai k\u00f6zel azonosak: az itt \u00e9l\u0151 n\u00e9pek egym\u00e1ssal megb\u00e9k\u00e9lve, \u00f6szebar\u00e1tkozva, egy\u00fcttm\u0171k\u00f6dve val\u00f3s\u00edts\u00e1k meg meg\u00fajul\u00e1si t\u00f6rekv\u00e9seiket az \u00f6n\u00e1ll\u00f3s\u00e1gi &#8211; \u00f6nigazgat\u00f3s\u00e1gi &#8211; elv teljes \u00e9rv\u00e9nyes\u00fcl\u00e9s\u00e9vel.","og_url":"https:\/\/kofe.hu\/parola\/parola-folyoirat\/duna-liga\/","og_site_name":"Parola Foly\u00f3irat","article_published_time":"2020-06-24T16:10:24+00:00","article_modified_time":"2020-07-30T17:17:35+00:00","og_image":[{"width":1353,"height":1972,"url":"https:\/\/kofe.hu\/parola\/wp-content\/uploads\/2020\/07\/93.2.jpeg","type":"image\/jpeg"}],"author":"Harcos Istv\u00e1n","twitter_card":"summary_large_image","twitter_misc":{"Szerz\u0151:":"Harcos Istv\u00e1n","Becs\u00fclt olvas\u00e1si id\u0151":"3 perc","Written by":"Harcos Istv\u00e1n"},"schema":{"@context":"https:\/\/schema.org","@graph":[{"@type":"Article","@id":"https:\/\/kofe.hu\/parola\/parola-folyoirat\/duna-liga\/#article","isPartOf":{"@id":"https:\/\/kofe.hu\/parola\/parola-folyoirat\/duna-liga\/"},"author":{"name":"Harcos Istv\u00e1n","@id":"https:\/\/kofe.hu\/parola\/#\/schema\/person\/48eb20a06c792a8dbe636c1d82403c37"},"headline":"Duna Liga","datePublished":"2020-06-24T16:10:24+00:00","dateModified":"2020-07-30T17:17:35+00:00","mainEntityOfPage":{"@id":"https:\/\/kofe.hu\/parola\/parola-folyoirat\/duna-liga\/"},"wordCount":512,"commentCount":0,"image":{"@id":"https:\/\/kofe.hu\/parola\/parola-folyoirat\/duna-liga\/#primaryimage"},"thumbnailUrl":"https:\/\/kofe.hu\/parola\/wp-content\/uploads\/2020\/07\/93.2.jpeg","articleSection":["Parola 1993\/2","Parola Foly\u00f3irat","Repert\u00f3rium"],"inLanguage":"hu","potentialAction":[{"@type":"CommentAction","name":"Comment","target":["https:\/\/kofe.hu\/parola\/parola-folyoirat\/duna-liga\/#respond"]}]},{"@type":"WebPage","@id":"https:\/\/kofe.hu\/parola\/parola-folyoirat\/duna-liga\/","url":"https:\/\/kofe.hu\/parola\/parola-folyoirat\/duna-liga\/","name":"Duna Liga - Parola Foly\u00f3irat","isPartOf":{"@id":"https:\/\/kofe.hu\/parola\/#website"},"primaryImageOfPage":{"@id":"https:\/\/kofe.hu\/parola\/parola-folyoirat\/duna-liga\/#primaryimage"},"image":{"@id":"https:\/\/kofe.hu\/parola\/parola-folyoirat\/duna-liga\/#primaryimage"},"thumbnailUrl":"https:\/\/kofe.hu\/parola\/wp-content\/uploads\/2020\/07\/93.2.jpeg","datePublished":"2020-06-24T16:10:24+00:00","dateModified":"2020-07-30T17:17:35+00:00","author":{"@id":"https:\/\/kofe.hu\/parola\/#\/schema\/person\/48eb20a06c792a8dbe636c1d82403c37"},"breadcrumb":{"@id":"https:\/\/kofe.hu\/parola\/parola-folyoirat\/duna-liga\/#breadcrumb"},"inLanguage":"hu","potentialAction":[{"@type":"ReadAction","target":["https:\/\/kofe.hu\/parola\/parola-folyoirat\/duna-liga\/"]}]},{"@type":"ImageObject","inLanguage":"hu","@id":"https:\/\/kofe.hu\/parola\/parola-folyoirat\/duna-liga\/#primaryimage","url":"https:\/\/kofe.hu\/parola\/wp-content\/uploads\/2020\/07\/93.2.jpeg","contentUrl":"https:\/\/kofe.hu\/parola\/wp-content\/uploads\/2020\/07\/93.2.jpeg","width":1353,"height":1972},{"@type":"BreadcrumbList","@id":"https:\/\/kofe.hu\/parola\/parola-folyoirat\/duna-liga\/#breadcrumb","itemListElement":[{"@type":"ListItem","position":1,"name":"Home","item":"https:\/\/kofe.hu\/parola\/"},{"@type":"ListItem","position":2,"name":"Duna Liga"}]},{"@type":"WebSite","@id":"https:\/\/kofe.hu\/parola\/#website","url":"https:\/\/kofe.hu\/parola\/","name":"Parola Foly\u00f3irat","description":"","potentialAction":[{"@type":"SearchAction","target":{"@type":"EntryPoint","urlTemplate":"https:\/\/kofe.hu\/parola\/?s={search_term_string}"},"query-input":{"@type":"PropertyValueSpecification","valueRequired":true,"valueName":"search_term_string"}}],"inLanguage":"hu"},{"@type":"Person","@id":"https:\/\/kofe.hu\/parola\/#\/schema\/person\/48eb20a06c792a8dbe636c1d82403c37","name":"Harcos Istv\u00e1n","image":{"@type":"ImageObject","inLanguage":"hu","@id":"https:\/\/kofe.hu\/parola\/#\/schema\/person\/image\/279044d012da35370e6b3c1c14a056c6","url":"https:\/\/secure.gravatar.com\/avatar\/e7277c516058f7b88bc7b3baa1dfd7eba994c6efa7c0e1bb32429fc6a72a5e36?s=96&d=mm&r=g","contentUrl":"https:\/\/secure.gravatar.com\/avatar\/e7277c516058f7b88bc7b3baa1dfd7eba994c6efa7c0e1bb32429fc6a72a5e36?s=96&d=mm&r=g","caption":"Harcos Istv\u00e1n"},"url":"https:\/\/kofe.hu\/parola\/szerzok\/harcos-istvan\/"}]}},"_links":{"self":[{"href":"https:\/\/kofe.hu\/parola\/wp-json\/wp\/v2\/posts\/2039","targetHints":{"allow":["GET"]}}],"collection":[{"href":"https:\/\/kofe.hu\/parola\/wp-json\/wp\/v2\/posts"}],"about":[{"href":"https:\/\/kofe.hu\/parola\/wp-json\/wp\/v2\/types\/post"}],"author":[{"embeddable":true,"href":"https:\/\/kofe.hu\/parola\/wp-json\/wp\/v2\/users\/224"}],"replies":[{"embeddable":true,"href":"https:\/\/kofe.hu\/parola\/wp-json\/wp\/v2\/comments?post=2039"}],"version-history":[{"count":2,"href":"https:\/\/kofe.hu\/parola\/wp-json\/wp\/v2\/posts\/2039\/revisions"}],"predecessor-version":[{"id":4993,"href":"https:\/\/kofe.hu\/parola\/wp-json\/wp\/v2\/posts\/2039\/revisions\/4993"}],"wp:featuredmedia":[{"embeddable":true,"href":"https:\/\/kofe.hu\/parola\/wp-json\/wp\/v2\/media\/3463"}],"wp:attachment":[{"href":"https:\/\/kofe.hu\/parola\/wp-json\/wp\/v2\/media?parent=2039"}],"wp:term":[{"taxonomy":"category","embeddable":true,"href":"https:\/\/kofe.hu\/parola\/wp-json\/wp\/v2\/categories?post=2039"},{"taxonomy":"post_tag","embeddable":true,"href":"https:\/\/kofe.hu\/parola\/wp-json\/wp\/v2\/tags?post=2039"},{"taxonomy":"author","embeddable":true,"href":"https:\/\/kofe.hu\/parola\/wp-json\/wp\/v2\/coauthors?post=2039"}],"curies":[{"name":"wp","href":"https:\/\/api.w.org\/{rel}","templated":true}]}}