{"id":2027,"date":"2020-06-24T15:59:35","date_gmt":"2020-06-24T15:59:35","guid":{"rendered":"https:\/\/kofe.hu\/parola\/?p=2027"},"modified":"2020-07-30T17:16:30","modified_gmt":"2020-07-30T17:16:30","slug":"mit-erdemes-tudni-a-diakjoszolgalati-csoportrol","status":"publish","type":"post","link":"https:\/\/kofe.hu\/parola\/parola-folyoirat\/mit-erdemes-tudni-a-diakjoszolgalati-csoportrol\/","title":{"rendered":"Mit \u00e9rdemes tudni a Di\u00e1kj\u00f3szolg\u00e1lati Csoportr\u00f3l?"},"content":{"rendered":"<p style=\"text-align: justify;\"><span style=\"font-family: Times New Roman CE;\">A Di\u00e1kj\u00f3szolg\u00e1lati Csoportot az Orsz\u00e1gos Di\u00e1k Uni\u00f3, az Egyes\u00fclet a Di\u00e1k\u00f6nkorm\u00e1nyzatok\u00e9rt \u00e9s az Iskolapolg\u00e1r Alap\u00edtv\u00e1ny &#8211; t\u00f6bb m\u00e1s szervezet t\u00e1mogat\u00e1s\u00e1val, a Di\u00e1k\u00e9rdekek Orsz\u00e1gos Sz\u00f3viv\u0151je int\u00e9zm\u00e9ny ut\u00f3djak\u00e9nt &#8211; hozta l\u00e9tre konkr\u00e9t di\u00e1kpanaszok kivizsg\u00e1l\u00e1sa, megold\u00e1suk el\u0151seg\u00edt\u00e9se \u00e9s di\u00e1k\u00e9rdeks\u00e9relmek lehet\u0151s\u00e9g szerinti megel\u0151z\u00e9se c\u00e9lj\u00e1b\u00f3l.<\/span><br \/>\n<span style=\"font-family: Times New Roman CE;\">A Di\u00e1kj\u00f3szolg\u00e1lati Csoport c\u00e9lja:<\/span><\/p>\n<p style=\"text-align: justify;\"><!--more--><br \/>\n<span style=\"font-family: Times New Roman CE;\">&#8211; egy\u00e9ni probl\u00e9m\u00e1k, s\u00e9relmek meghallgat\u00e1sa-gy\u0171jt\u00e9se, felt\u00e1r\u00e1sa, dokument\u00e1l\u00e1sa \u00e9s elj\u00e1r\u00e1s a megold\u00e1s \u00e9rdek\u00e9ben,<\/span><br \/>\n<span style=\"font-family: Times New Roman CE;\">&#8211; az egy\u00e9ni probl\u00e9m\u00e1k \u00e1ltal\u00e1nos\u00edthat\u00f3 tapasztalatainak megfogalmaz\u00e1sa, ezek alapj\u00e1n jogszab\u00e1lym\u00f3dos\u00edt\u00e1soknak, jogh\u00e9zagok megsz\u00fcntet\u00e9s\u00e9nek \u00e9s glob\u00e1lis v\u00e1ltoztat\u00e1soknak kezdem\u00e9nyez\u00e9se, elin- d\u00edt\u00e1sa,<\/span><br \/>\n<span style=\"font-family: Times New Roman CE;\">&#8211; feladatai megold\u00e1s\u00e1hoz iskolai \u00e9s region\u00e1lis \u00e9rdekv\u00e9delmi-di\u00e1kj\u00f3szolg\u00e1lati csoportok, k\u00f6zpontok megalak\u00edt\u00e1s\u00e1nak a kezdem\u00e9nyez\u00e9se, kapcsolatfelv\u00e9tel minden sz\u00f6vets\u00e9gesnek megnyerhet\u0151 szervezettel.<\/span><br \/>\n<span style=\"font-family: Times New Roman CE;\">A Di\u00e1kj\u00f3szolg\u00e1lati Csoporthoz az \u00fcgyeleti id\u0151ben szem\u00e9lyesen vagy lev\u00e9lben illetve telefonon lehet fordulni. A csoport jogi, pedag\u00f3giai, k\u00f6z\u00e9let-szervez\u00e9si szakemberek seg\u00edts\u00e9g\u00e9vel v\u00e9gzi tev\u00e9kenys\u00e9g\u00e9t.<\/span><br \/>\n<span style=\"font-family: Times New Roman CE;\">Fontos tudni: A Di\u00e1kj\u00f3szolg\u00e1lati Csoport nem szelekt\u00e1l, minden a hozz\u00e1fordul\u00f3k \u00e1ltal \u00edr\u00e1sban r\u00f6gz\u00edtett \u00e9s a t\u00e1j\u00e9koz\u00f3d\u00e1shoz sz\u00fcks\u00e9ges alapinform\u00e1ci\u00f3kat tartalmaz\u00f3 panaszt, probl\u00e9m\u00e1t a k\u00f6vetkez\u0151k\u00e9ppen kezel:<\/span><br \/>\n<span style=\"font-family: Times New Roman CE;\">&#8211; a probl\u00e9m\u00e1t r\u00f6gz\u00edti az adatbankban, s err\u0151l 15 napon bel\u00fcl \u00e9rtes\u00edt\u00e9st k\u00fcld, &#8211; k\u00e9pvisel\u0151t b\u00edz meg az \u00fcgy felt\u00e1r\u00e1s\u00e1val, kivizsg\u00e1l\u00e1s\u00e1val,<\/span><br \/>\n<span style=\"font-family: Times New Roman CE;\">&#8211; az \u00fcgyt\u0151l f\u00fcgg\u0151en:<\/span><br \/>\n<span style=\"font-family: Times New Roman CE;\">* a k\u00e9pvisel\u0151 felveszi a kapcsolatot a panaszossal, tov\u00e1bbi inform\u00e1ci\u00f3kat k\u00e9r, elkezdi az \u00fcgy felt\u00e1r\u00e1s\u00e1t,<\/span><br \/>\n<span style=\"font-family: Times New Roman CE;\">* kider\u00edti az illet\u00e9kest, \u00e9rveket gy\u0171jt, k\u00e9rdez, a panaszos sz\u00e1m\u00e1ra kiel\u00e9g\u00edt\u0151 v\u00e1laszt pr\u00f3b\u00e1l szerezni,<\/span><br \/>\n<span style=\"font-family: Times New Roman CE;\">* felt\u00e1rja az \u00f6sszef\u00fcgg\u00e9seket, szak\u00e9rt\u0151ivel okokat \u00e9s hat\u00e1sokat elemez, csoportos\u00edtja a probl\u00e9m\u00e1kat,<\/span><br \/>\n<span style=\"font-family: Times New Roman CE;\">* mindehhez sz\u00fcks\u00e9g szerint szervezi a nyilv\u00e1noss\u00e1got,<\/span><br \/>\n<span style=\"font-family: Times New Roman CE;\">&#8211; felk\u00edn\u00e1lja a panaszosnak, hogy vegyen r\u00e9szt probl\u00e9mafelt\u00e1r\u00f3-probl\u00e9mamegold\u00f3 csoportban, seg\u00edts\u00e9get ny\u00fajt az ezt seg\u00edt\u0151 m\u00f3dszerek megismer\u00e9s\u00e9hez, elsaj\u00e1t\u00edt\u00e1s\u00e1hoz, alkalmaz\u00e1s\u00e1hoz, &#8211; az \u00fcgy felt\u00e1r\u00e1sa \u00e9s orvosl\u00e1sa sor\u00e1n egy\u00fcttm\u0171k\u00f6dik az arra hajland\u00f3, a di\u00e1ks\u00e9relmek megold\u00e1s\u00e1val is a pedag\u00f3gus szakma becs\u00fclet\u00e9t \u0151rizni \u00e9s er\u0151s\u00edteni k\u00edv\u00e1n\u00f3 pedag\u00f3gusokkal,<\/span><br \/>\n<span style=\"font-family: Times New Roman CE;\">&#8211; az \u00fcgy felt\u00e1r\u00e1sa sor\u00e1n csak akkor hivatkozik a panaszos szem\u00e9ly\u00e9re, ha erre att\u00f3l k\u00fcl\u00f6n felhatalmaz\u00e1st kap (teh\u00e1t: titoktart\u00e1s).<\/span><br \/>\n<span style=\"font-family: Times New Roman CE;\">C\u00edm: Di\u00e1kj\u00f3szolg\u00e1lati Csoport 1451 Budapest, Postafi\u00f3k 132.<\/span><br \/>\n<span style=\"font-family: Times New Roman CE;\">\u00dcgyelet: keddenk\u00e9nt 18.00-19.00-ig<\/span><br \/>\n<span style=\"font-family: Times New Roman CE;\">Budapest IX. R\u00e1day u. 49. I\/8.<\/span><br \/>\n<span style=\"font-family: Times New Roman CE;\">Telefon: 137-9822, 15.00-18.00-ig.<\/span><\/p>\n","protected":false},"excerpt":{"rendered":"<p>A Di\u00e1kj\u00f3szolg\u00e1lati Csoportot az Orsz\u00e1gos Di\u00e1k Uni\u00f3, az Egyes\u00fclet a Di\u00e1k\u00f6nkorm\u00e1nyzatok\u00e9rt \u00e9s az Iskolapolg\u00e1r Alap\u00edtv\u00e1ny &#8211; t\u00f6bb m\u00e1s szervezet t\u00e1mogat\u00e1s\u00e1val, a Di\u00e1k\u00e9rdekek Orsz\u00e1gos Sz\u00f3viv\u0151je int\u00e9zm\u00e9ny ut\u00f3djak\u00e9nt &#8211; hozta l\u00e9tre konkr\u00e9t di\u00e1kpanaszok kivizsg\u00e1l\u00e1sa, megold\u00e1suk el\u0151seg\u00edt\u00e9se \u00e9s di\u00e1k\u00e9rdeks\u00e9relmek lehet\u0151s\u00e9g szerinti megel\u0151z\u00e9se c\u00e9lj\u00e1b\u00f3l. A Di\u00e1kj\u00f3szolg\u00e1lati Csoport c\u00e9lja:<\/p>\n","protected":false},"author":4,"featured_media":3463,"comment_status":"open","ping_status":"open","sticky":false,"template":"","format":"standard","meta":{"_acf_changed":false,"footnotes":""},"categories":[262,8,7],"tags":[],"coauthors":[47],"class_list":["post-2027","post","type-post","status-publish","format-standard","has-post-thumbnail","hentry","category-parola-1993-2","category-parola-folyoirat","category-repertorium"],"acf":[],"yoast_head":"<!-- This site is optimized with the Yoast SEO plugin v26.7 - https:\/\/yoast.com\/wordpress\/plugins\/seo\/ -->\n<title>Mit \u00e9rdemes tudni a Di\u00e1kj\u00f3szolg\u00e1lati Csoportr\u00f3l? - Parola Foly\u00f3irat<\/title>\n<meta name=\"robots\" content=\"index, follow, max-snippet:-1, max-image-preview:large, max-video-preview:-1\" \/>\n<link rel=\"canonical\" href=\"https:\/\/kofe.hu\/parola\/parola-folyoirat\/mit-erdemes-tudni-a-diakjoszolgalati-csoportrol\/\" \/>\n<meta property=\"og:locale\" content=\"hu_HU\" \/>\n<meta property=\"og:type\" content=\"article\" \/>\n<meta property=\"og:title\" content=\"Mit \u00e9rdemes tudni a Di\u00e1kj\u00f3szolg\u00e1lati Csoportr\u00f3l? - Parola Foly\u00f3irat\" \/>\n<meta property=\"og:description\" content=\"A Di\u00e1kj\u00f3szolg\u00e1lati Csoportot az Orsz\u00e1gos Di\u00e1k Uni\u00f3, az Egyes\u00fclet a Di\u00e1k\u00f6nkorm\u00e1nyzatok\u00e9rt \u00e9s az Iskolapolg\u00e1r Alap\u00edtv\u00e1ny &#8211; t\u00f6bb m\u00e1s szervezet t\u00e1mogat\u00e1s\u00e1val, a Di\u00e1k\u00e9rdekek Orsz\u00e1gos Sz\u00f3viv\u0151je int\u00e9zm\u00e9ny ut\u00f3djak\u00e9nt &#8211; hozta l\u00e9tre konkr\u00e9t di\u00e1kpanaszok kivizsg\u00e1l\u00e1sa, megold\u00e1suk el\u0151seg\u00edt\u00e9se \u00e9s di\u00e1k\u00e9rdeks\u00e9relmek lehet\u0151s\u00e9g szerinti megel\u0151z\u00e9se c\u00e9lj\u00e1b\u00f3l. A Di\u00e1kj\u00f3szolg\u00e1lati Csoport c\u00e9lja:\" \/>\n<meta property=\"og:url\" content=\"https:\/\/kofe.hu\/parola\/parola-folyoirat\/mit-erdemes-tudni-a-diakjoszolgalati-csoportrol\/\" \/>\n<meta property=\"og:site_name\" content=\"Parola Foly\u00f3irat\" \/>\n<meta property=\"article:published_time\" content=\"2020-06-24T15:59:35+00:00\" \/>\n<meta property=\"article:modified_time\" content=\"2020-07-30T17:16:30+00:00\" \/>\n<meta property=\"og:image\" content=\"https:\/\/kofe.hu\/parola\/wp-content\/uploads\/2020\/07\/93.2.jpeg\" \/>\n\t<meta property=\"og:image:width\" content=\"1353\" \/>\n\t<meta property=\"og:image:height\" content=\"1972\" \/>\n\t<meta property=\"og:image:type\" content=\"image\/jpeg\" \/>\n<meta name=\"author\" content=\"Parola\" \/>\n<meta name=\"twitter:card\" content=\"summary_large_image\" \/>\n<meta name=\"twitter:label1\" content=\"Szerz\u0151:\" \/>\n\t<meta name=\"twitter:data1\" content=\"Parola\" \/>\n\t<meta name=\"twitter:label2\" content=\"Becs\u00fclt olvas\u00e1si id\u0151\" \/>\n\t<meta name=\"twitter:data2\" content=\"3 perc\" \/>\n\t<meta name=\"twitter:label3\" content=\"Written by\" \/>\n\t<meta name=\"twitter:data3\" content=\"Parola\" \/>\n<script type=\"application\/ld+json\" class=\"yoast-schema-graph\">{\"@context\":\"https:\/\/schema.org\",\"@graph\":[{\"@type\":\"Article\",\"@id\":\"https:\/\/kofe.hu\/parola\/parola-folyoirat\/mit-erdemes-tudni-a-diakjoszolgalati-csoportrol\/#article\",\"isPartOf\":{\"@id\":\"https:\/\/kofe.hu\/parola\/parola-folyoirat\/mit-erdemes-tudni-a-diakjoszolgalati-csoportrol\/\"},\"author\":{\"name\":\"Parola\",\"@id\":\"https:\/\/kofe.hu\/parola\/#\/schema\/person\/b39ea6ec0995233537351d7e33281aeb\"},\"headline\":\"Mit \u00e9rdemes tudni a Di\u00e1kj\u00f3szolg\u00e1lati Csoportr\u00f3l?\",\"datePublished\":\"2020-06-24T15:59:35+00:00\",\"dateModified\":\"2020-07-30T17:16:30+00:00\",\"mainEntityOfPage\":{\"@id\":\"https:\/\/kofe.hu\/parola\/parola-folyoirat\/mit-erdemes-tudni-a-diakjoszolgalati-csoportrol\/\"},\"wordCount\":546,\"commentCount\":0,\"image\":{\"@id\":\"https:\/\/kofe.hu\/parola\/parola-folyoirat\/mit-erdemes-tudni-a-diakjoszolgalati-csoportrol\/#primaryimage\"},\"thumbnailUrl\":\"https:\/\/kofe.hu\/parola\/wp-content\/uploads\/2020\/07\/93.2.jpeg\",\"articleSection\":[\"Parola 1993\/2\",\"Parola Foly\u00f3irat\",\"Repert\u00f3rium\"],\"inLanguage\":\"hu\",\"potentialAction\":[{\"@type\":\"CommentAction\",\"name\":\"Comment\",\"target\":[\"https:\/\/kofe.hu\/parola\/parola-folyoirat\/mit-erdemes-tudni-a-diakjoszolgalati-csoportrol\/#respond\"]}]},{\"@type\":\"WebPage\",\"@id\":\"https:\/\/kofe.hu\/parola\/parola-folyoirat\/mit-erdemes-tudni-a-diakjoszolgalati-csoportrol\/\",\"url\":\"https:\/\/kofe.hu\/parola\/parola-folyoirat\/mit-erdemes-tudni-a-diakjoszolgalati-csoportrol\/\",\"name\":\"Mit \u00e9rdemes tudni a Di\u00e1kj\u00f3szolg\u00e1lati Csoportr\u00f3l? - Parola Foly\u00f3irat\",\"isPartOf\":{\"@id\":\"https:\/\/kofe.hu\/parola\/#website\"},\"primaryImageOfPage\":{\"@id\":\"https:\/\/kofe.hu\/parola\/parola-folyoirat\/mit-erdemes-tudni-a-diakjoszolgalati-csoportrol\/#primaryimage\"},\"image\":{\"@id\":\"https:\/\/kofe.hu\/parola\/parola-folyoirat\/mit-erdemes-tudni-a-diakjoszolgalati-csoportrol\/#primaryimage\"},\"thumbnailUrl\":\"https:\/\/kofe.hu\/parola\/wp-content\/uploads\/2020\/07\/93.2.jpeg\",\"datePublished\":\"2020-06-24T15:59:35+00:00\",\"dateModified\":\"2020-07-30T17:16:30+00:00\",\"author\":{\"@id\":\"https:\/\/kofe.hu\/parola\/#\/schema\/person\/b39ea6ec0995233537351d7e33281aeb\"},\"breadcrumb\":{\"@id\":\"https:\/\/kofe.hu\/parola\/parola-folyoirat\/mit-erdemes-tudni-a-diakjoszolgalati-csoportrol\/#breadcrumb\"},\"inLanguage\":\"hu\",\"potentialAction\":[{\"@type\":\"ReadAction\",\"target\":[\"https:\/\/kofe.hu\/parola\/parola-folyoirat\/mit-erdemes-tudni-a-diakjoszolgalati-csoportrol\/\"]}]},{\"@type\":\"ImageObject\",\"inLanguage\":\"hu\",\"@id\":\"https:\/\/kofe.hu\/parola\/parola-folyoirat\/mit-erdemes-tudni-a-diakjoszolgalati-csoportrol\/#primaryimage\",\"url\":\"https:\/\/kofe.hu\/parola\/wp-content\/uploads\/2020\/07\/93.2.jpeg\",\"contentUrl\":\"https:\/\/kofe.hu\/parola\/wp-content\/uploads\/2020\/07\/93.2.jpeg\",\"width\":1353,\"height\":1972},{\"@type\":\"BreadcrumbList\",\"@id\":\"https:\/\/kofe.hu\/parola\/parola-folyoirat\/mit-erdemes-tudni-a-diakjoszolgalati-csoportrol\/#breadcrumb\",\"itemListElement\":[{\"@type\":\"ListItem\",\"position\":1,\"name\":\"Home\",\"item\":\"https:\/\/kofe.hu\/parola\/\"},{\"@type\":\"ListItem\",\"position\":2,\"name\":\"Mit \u00e9rdemes tudni a Di\u00e1kj\u00f3szolg\u00e1lati Csoportr\u00f3l?\"}]},{\"@type\":\"WebSite\",\"@id\":\"https:\/\/kofe.hu\/parola\/#website\",\"url\":\"https:\/\/kofe.hu\/parola\/\",\"name\":\"Parola Foly\u00f3irat\",\"description\":\"\",\"potentialAction\":[{\"@type\":\"SearchAction\",\"target\":{\"@type\":\"EntryPoint\",\"urlTemplate\":\"https:\/\/kofe.hu\/parola\/?s={search_term_string}\"},\"query-input\":{\"@type\":\"PropertyValueSpecification\",\"valueRequired\":true,\"valueName\":\"search_term_string\"}}],\"inLanguage\":\"hu\"},{\"@type\":\"Person\",\"@id\":\"https:\/\/kofe.hu\/parola\/#\/schema\/person\/b39ea6ec0995233537351d7e33281aeb\",\"name\":\"Parola\",\"image\":{\"@type\":\"ImageObject\",\"inLanguage\":\"hu\",\"@id\":\"https:\/\/kofe.hu\/parola\/#\/schema\/person\/image\/ef1d7dc4d1949d5457aa415351763853\",\"url\":\"https:\/\/secure.gravatar.com\/avatar\/c18c00ea50048aa7adb99e5d11e4250d05111e33b2bea02671439eb7912c945e?s=96&d=mm&r=g\",\"contentUrl\":\"https:\/\/secure.gravatar.com\/avatar\/c18c00ea50048aa7adb99e5d11e4250d05111e33b2bea02671439eb7912c945e?s=96&d=mm&r=g\",\"caption\":\"Parola\"},\"url\":\"https:\/\/kofe.hu\/parola\/szerzok\/parola\/\"}]}<\/script>\n<!-- \/ Yoast SEO plugin. -->","yoast_head_json":{"title":"Mit \u00e9rdemes tudni a Di\u00e1kj\u00f3szolg\u00e1lati Csoportr\u00f3l? - Parola Foly\u00f3irat","robots":{"index":"index","follow":"follow","max-snippet":"max-snippet:-1","max-image-preview":"max-image-preview:large","max-video-preview":"max-video-preview:-1"},"canonical":"https:\/\/kofe.hu\/parola\/parola-folyoirat\/mit-erdemes-tudni-a-diakjoszolgalati-csoportrol\/","og_locale":"hu_HU","og_type":"article","og_title":"Mit \u00e9rdemes tudni a Di\u00e1kj\u00f3szolg\u00e1lati Csoportr\u00f3l? - Parola Foly\u00f3irat","og_description":"A Di\u00e1kj\u00f3szolg\u00e1lati Csoportot az Orsz\u00e1gos Di\u00e1k Uni\u00f3, az Egyes\u00fclet a Di\u00e1k\u00f6nkorm\u00e1nyzatok\u00e9rt \u00e9s az Iskolapolg\u00e1r Alap\u00edtv\u00e1ny &#8211; t\u00f6bb m\u00e1s szervezet t\u00e1mogat\u00e1s\u00e1val, a Di\u00e1k\u00e9rdekek Orsz\u00e1gos Sz\u00f3viv\u0151je int\u00e9zm\u00e9ny ut\u00f3djak\u00e9nt &#8211; hozta l\u00e9tre konkr\u00e9t di\u00e1kpanaszok kivizsg\u00e1l\u00e1sa, megold\u00e1suk el\u0151seg\u00edt\u00e9se \u00e9s di\u00e1k\u00e9rdeks\u00e9relmek lehet\u0151s\u00e9g szerinti megel\u0151z\u00e9se c\u00e9lj\u00e1b\u00f3l. A Di\u00e1kj\u00f3szolg\u00e1lati Csoport c\u00e9lja:","og_url":"https:\/\/kofe.hu\/parola\/parola-folyoirat\/mit-erdemes-tudni-a-diakjoszolgalati-csoportrol\/","og_site_name":"Parola Foly\u00f3irat","article_published_time":"2020-06-24T15:59:35+00:00","article_modified_time":"2020-07-30T17:16:30+00:00","og_image":[{"width":1353,"height":1972,"url":"https:\/\/kofe.hu\/parola\/wp-content\/uploads\/2020\/07\/93.2.jpeg","type":"image\/jpeg"}],"author":"Parola","twitter_card":"summary_large_image","twitter_misc":{"Szerz\u0151:":"Parola","Becs\u00fclt olvas\u00e1si id\u0151":"3 perc","Written by":"Parola"},"schema":{"@context":"https:\/\/schema.org","@graph":[{"@type":"Article","@id":"https:\/\/kofe.hu\/parola\/parola-folyoirat\/mit-erdemes-tudni-a-diakjoszolgalati-csoportrol\/#article","isPartOf":{"@id":"https:\/\/kofe.hu\/parola\/parola-folyoirat\/mit-erdemes-tudni-a-diakjoszolgalati-csoportrol\/"},"author":{"name":"Parola","@id":"https:\/\/kofe.hu\/parola\/#\/schema\/person\/b39ea6ec0995233537351d7e33281aeb"},"headline":"Mit \u00e9rdemes tudni a Di\u00e1kj\u00f3szolg\u00e1lati Csoportr\u00f3l?","datePublished":"2020-06-24T15:59:35+00:00","dateModified":"2020-07-30T17:16:30+00:00","mainEntityOfPage":{"@id":"https:\/\/kofe.hu\/parola\/parola-folyoirat\/mit-erdemes-tudni-a-diakjoszolgalati-csoportrol\/"},"wordCount":546,"commentCount":0,"image":{"@id":"https:\/\/kofe.hu\/parola\/parola-folyoirat\/mit-erdemes-tudni-a-diakjoszolgalati-csoportrol\/#primaryimage"},"thumbnailUrl":"https:\/\/kofe.hu\/parola\/wp-content\/uploads\/2020\/07\/93.2.jpeg","articleSection":["Parola 1993\/2","Parola Foly\u00f3irat","Repert\u00f3rium"],"inLanguage":"hu","potentialAction":[{"@type":"CommentAction","name":"Comment","target":["https:\/\/kofe.hu\/parola\/parola-folyoirat\/mit-erdemes-tudni-a-diakjoszolgalati-csoportrol\/#respond"]}]},{"@type":"WebPage","@id":"https:\/\/kofe.hu\/parola\/parola-folyoirat\/mit-erdemes-tudni-a-diakjoszolgalati-csoportrol\/","url":"https:\/\/kofe.hu\/parola\/parola-folyoirat\/mit-erdemes-tudni-a-diakjoszolgalati-csoportrol\/","name":"Mit \u00e9rdemes tudni a Di\u00e1kj\u00f3szolg\u00e1lati Csoportr\u00f3l? - Parola Foly\u00f3irat","isPartOf":{"@id":"https:\/\/kofe.hu\/parola\/#website"},"primaryImageOfPage":{"@id":"https:\/\/kofe.hu\/parola\/parola-folyoirat\/mit-erdemes-tudni-a-diakjoszolgalati-csoportrol\/#primaryimage"},"image":{"@id":"https:\/\/kofe.hu\/parola\/parola-folyoirat\/mit-erdemes-tudni-a-diakjoszolgalati-csoportrol\/#primaryimage"},"thumbnailUrl":"https:\/\/kofe.hu\/parola\/wp-content\/uploads\/2020\/07\/93.2.jpeg","datePublished":"2020-06-24T15:59:35+00:00","dateModified":"2020-07-30T17:16:30+00:00","author":{"@id":"https:\/\/kofe.hu\/parola\/#\/schema\/person\/b39ea6ec0995233537351d7e33281aeb"},"breadcrumb":{"@id":"https:\/\/kofe.hu\/parola\/parola-folyoirat\/mit-erdemes-tudni-a-diakjoszolgalati-csoportrol\/#breadcrumb"},"inLanguage":"hu","potentialAction":[{"@type":"ReadAction","target":["https:\/\/kofe.hu\/parola\/parola-folyoirat\/mit-erdemes-tudni-a-diakjoszolgalati-csoportrol\/"]}]},{"@type":"ImageObject","inLanguage":"hu","@id":"https:\/\/kofe.hu\/parola\/parola-folyoirat\/mit-erdemes-tudni-a-diakjoszolgalati-csoportrol\/#primaryimage","url":"https:\/\/kofe.hu\/parola\/wp-content\/uploads\/2020\/07\/93.2.jpeg","contentUrl":"https:\/\/kofe.hu\/parola\/wp-content\/uploads\/2020\/07\/93.2.jpeg","width":1353,"height":1972},{"@type":"BreadcrumbList","@id":"https:\/\/kofe.hu\/parola\/parola-folyoirat\/mit-erdemes-tudni-a-diakjoszolgalati-csoportrol\/#breadcrumb","itemListElement":[{"@type":"ListItem","position":1,"name":"Home","item":"https:\/\/kofe.hu\/parola\/"},{"@type":"ListItem","position":2,"name":"Mit \u00e9rdemes tudni a Di\u00e1kj\u00f3szolg\u00e1lati Csoportr\u00f3l?"}]},{"@type":"WebSite","@id":"https:\/\/kofe.hu\/parola\/#website","url":"https:\/\/kofe.hu\/parola\/","name":"Parola Foly\u00f3irat","description":"","potentialAction":[{"@type":"SearchAction","target":{"@type":"EntryPoint","urlTemplate":"https:\/\/kofe.hu\/parola\/?s={search_term_string}"},"query-input":{"@type":"PropertyValueSpecification","valueRequired":true,"valueName":"search_term_string"}}],"inLanguage":"hu"},{"@type":"Person","@id":"https:\/\/kofe.hu\/parola\/#\/schema\/person\/b39ea6ec0995233537351d7e33281aeb","name":"Parola","image":{"@type":"ImageObject","inLanguage":"hu","@id":"https:\/\/kofe.hu\/parola\/#\/schema\/person\/image\/ef1d7dc4d1949d5457aa415351763853","url":"https:\/\/secure.gravatar.com\/avatar\/c18c00ea50048aa7adb99e5d11e4250d05111e33b2bea02671439eb7912c945e?s=96&d=mm&r=g","contentUrl":"https:\/\/secure.gravatar.com\/avatar\/c18c00ea50048aa7adb99e5d11e4250d05111e33b2bea02671439eb7912c945e?s=96&d=mm&r=g","caption":"Parola"},"url":"https:\/\/kofe.hu\/parola\/szerzok\/parola\/"}]}},"_links":{"self":[{"href":"https:\/\/kofe.hu\/parola\/wp-json\/wp\/v2\/posts\/2027","targetHints":{"allow":["GET"]}}],"collection":[{"href":"https:\/\/kofe.hu\/parola\/wp-json\/wp\/v2\/posts"}],"about":[{"href":"https:\/\/kofe.hu\/parola\/wp-json\/wp\/v2\/types\/post"}],"author":[{"embeddable":true,"href":"https:\/\/kofe.hu\/parola\/wp-json\/wp\/v2\/users\/4"}],"replies":[{"embeddable":true,"href":"https:\/\/kofe.hu\/parola\/wp-json\/wp\/v2\/comments?post=2027"}],"version-history":[{"count":2,"href":"https:\/\/kofe.hu\/parola\/wp-json\/wp\/v2\/posts\/2027\/revisions"}],"predecessor-version":[{"id":4987,"href":"https:\/\/kofe.hu\/parola\/wp-json\/wp\/v2\/posts\/2027\/revisions\/4987"}],"wp:featuredmedia":[{"embeddable":true,"href":"https:\/\/kofe.hu\/parola\/wp-json\/wp\/v2\/media\/3463"}],"wp:attachment":[{"href":"https:\/\/kofe.hu\/parola\/wp-json\/wp\/v2\/media?parent=2027"}],"wp:term":[{"taxonomy":"category","embeddable":true,"href":"https:\/\/kofe.hu\/parola\/wp-json\/wp\/v2\/categories?post=2027"},{"taxonomy":"post_tag","embeddable":true,"href":"https:\/\/kofe.hu\/parola\/wp-json\/wp\/v2\/tags?post=2027"},{"taxonomy":"author","embeddable":true,"href":"https:\/\/kofe.hu\/parola\/wp-json\/wp\/v2\/coauthors?post=2027"}],"curies":[{"name":"wp","href":"https:\/\/api.w.org\/{rel}","templated":true}]}}