{"id":2011,"date":"2020-06-24T15:32:56","date_gmt":"2020-06-24T15:32:56","guid":{"rendered":"https:\/\/kofe.hu\/parola\/?p=2011"},"modified":"2020-07-30T17:23:23","modified_gmt":"2020-07-30T17:23:23","slug":"naplo-lepesrol-lepesre-1-kisiskola","status":"publish","type":"post","link":"https:\/\/kofe.hu\/parola\/parola-folyoirat\/naplo-lepesrol-lepesre-1-kisiskola\/","title":{"rendered":"Napl\u00f3 l\u00e9p\u00e9sr\u0151l l\u00e9p\u00e9sre 1.: Kisiskola"},"content":{"rendered":"<p style=\"text-align: justify;\"><span style=\"font-family: Times New Roman CE;\">Figyelek. Itt ezt, ott azt hallom. Amott emezt, m\u00e1sutt m\u00e1st l\u00e1tok. A r\u00e9szleteket elfelejtem, a tendenci\u00e1k r\u00f6gz\u00fclnek ink\u00e1bb. Valami id\u0151nk\u00e9nt megvil\u00e1gosodik. K\u00e9rd\u00e9sek fogalmaz\u00f3dnak, kihullanak, visszaj\u00f6nnek. N\u00e9ha \u00f6ntudatlan, m\u00e1skor keresve rak\u00f3dnak egym\u00e1sra \u00e9lm\u00e9nyek, benyom\u00e1sok, ismeretek, v\u00e9lem\u00e9nyek. Besz\u00e9lnek hozz\u00e1m, \u00e9n besz\u00e9lek m\u00e1sokkal. Fecseg\u00fcnk, vitatkozunk, gondolkodunk. Igyeksz\u00fcnk el\u0151re l\u00e1tni, m\u00e1skor hagyom\u00e1nyt tal\u00e1lni. Ez a munk\u00e1m.<\/span><\/p>\n<p style=\"text-align: justify;\"><!--more--><br \/>\n<span style=\"font-family: Times New Roman CE;\">T\u00edz \u00e9ve tal\u00e1n, hogy tal\u00e1lkoztam a si\u00f3juti iskol\u00e1val. J\u00f3zsefv\u00e1rosi l\u00e9v\u00e9n \u00e9n nem ismertem az osztatlant a magam b\u0151r\u00e9n. Tetszett. M\u00e1r nem eml\u00e9kszem, hogy volt-e szerep\u00fcnk abban, hogy mindm\u00e1ig megmaradt, de ez most nem is \u00e9rdekes. R\u00e9mlik, mintha elemezt\u00fck volna a k\u00f6rzeti iskol\u00e1ba innen beker\u00fcltek tov\u00e1bbi \u00e9let\u00fatj\u00e1t \u00f6sszehasonl\u00edtva az elemibe is a k\u00f6rzetibe j\u00e1r\u00f3 si\u00f3juti gyerekek\u00e9vel \u00e9s r\u00e9mlik, hogy a volt osztatlanosok d\u00f6nt\u0151 sikert arattak k\u00f6z\u00e9piskol\u00e1ikban \u00e9s tov\u00e1bb. M\u00e1r nem eml\u00e9kszem, hol volt az a falu, ahol a hajdani tan\u00edt\u00f3n\u0151 egy\u00fctt sz\u00e1llt fel a menetrend szerinti j\u00e1ratra a falu kisiskol\u00e1saival, hogy a k\u00f6rzetk\u00f6zpontiban azt\u00e1n tan\u00edthassa \u0151ket. D\u00e9lut\u00e1n is egy\u00fctt \u00e9rkeztek vissza. \u00c9n a szolg\u00e1lati lak\u00e1s\u00e1n\u00e1l v\u00e1rtam \u0151t. K\u00f6sz\u00f6nt\u00f6tt \u00e9s beh\u00edvott. El\u0151sz\u00f6r a t\u00f6bb \u00e9ve m\u00e1r rangj\u00e1t vesz\u00edtett volt oszt\u00e1ly\u00e1ba invit\u00e1lt. Leporolta a padokat, a katedr\u00e1t, r\u00e9gi asztal\u00e1t, sz\u00e9k\u00e9t, a t\u00e1bl\u00e1t, a f\u00f6ldg\u00f6mb\u00f6t, a falra akasztott mesek\u00e9peket, a vask\u00e1lyh\u00e1t. Fels\u00f6p\u00f6rt, felmosott. Kit\u00f6r\u00f6lte szem\u00e9b\u0151l a k\u00f6nnyeket. Itt \u00e9s ekkor fogadtam el Si\u00f3jutot v\u00e9gk\u00e9pp.<\/span><\/p>\n<p style=\"text-align: justify;\"><span style=\"font-family: Times New Roman CE;\">Csod\u00e1lkoztam, amikor R\u00f3ka Gyula si\u00f3juti tan\u00edt\u00f3hoz \u00f3ral\u00e1togatni j\u00e1rtak k\u00e9pzett tan\u00edt\u00f3n\u0151k, hogy \u00e1tvegy\u00e9k oszt\u00e1ly\u00e1t nyugd\u00edjaz\u00e1sakor. Meg\u00e9rtettem, hogy osztatlanban tan\u00edtani k\u00fcl\u00f6n tudom\u00e1ny. Az\u00f3ta is tudom, hogy nem tan\u00edtj\u00e1k sehol.<\/span><br \/>\n<span style=\"font-family: Times New Roman CE;\">Eml\u00e9k-szil\u00e1nkok, inform\u00e1ci\u00f3-t\u00f6red\u00e9kek. Nem \u00e1llnak \u00f6ssze, nincs m\u00e9g \u00f6n\u00e1ll\u00f3 \u00e9let\u00fck.<\/span><br \/>\n<span style=\"font-family: Times New Roman CE;\">Kult\u00farh\u00e1zz\u00e1 kell b\u0151v\u00edteni egy \u00e9p\u00fcletet. Mi volt kor\u00e1bban?<\/span><\/p>\n<p><span style=\"font-family: Times New Roman CE;\">iskola. \u00c9s a gyerekek? Buszoznak. M\u00e1sutt lak\u00e1ss\u00e1, irod\u00e1v\u00e1 alak\u00edtott\u00e1k. Megint m\u00e1sutt rakt\u00e1r lett. A gyerekek?<\/span><\/p>\n<p><span style=\"font-family: Times New Roman CE;\">csak tizen\u00f6ten vannak. J\u00f6v\u0151re kevesebben. Buszoznak. Megint m\u00e1sutt egy \u00fcres \u00e9p\u00fclet. Mi lesz vele?<\/span><\/p>\n<p><span style=\"font-family: Times New Roman CE;\">k\u00e9rdezz\u00fck. Iskola lesz, majd ha lehet.<\/span><br \/>\n<span style=\"font-family: Times New Roman CE;\">Eml\u00e9kt\u00f6red\u00e9kek.<\/span><br \/>\n<span style=\"font-family: Times New Roman CE;\">Nyaralunk a v\u00edzen. A mell\u00e9m kapaszkodott kajakb\u00f3l alap\u00edtv\u00e1nyi iskolatervet hallgatok. \u00c9rdekes. Mintha osztatlan lenne. Egy m\u00e1sik t\u00f6red\u00e9k: egy tanulm\u00e1ny. Az osztatlan, mint \u00faj kezdem\u00e9nyez\u00e9s. Aktiviz\u00e1l\u00f3dik az \u00e9vtizedes eml\u00e9k: egy \u00f6reg \u00e9p\u00edt\u00e9sz mes\u00e9lte, hogy a kibomb\u00e1zott londoni iskol\u00e1kban k\u00e9nytelenek voltak egy terembe \u00f6sszeterelni t\u00f6bb \u00e9vfolyam gyerekeit. Pedag\u00f3giai \u00faj\u00edt\u00e1s lett az, amit \u00e9ppen akkor sz\u00e1moltak fel n\u00e1lunk. Konferencia, \u00e9s ez m\u00e1r napjaink, a Parol\u00e1ban is sz\u00f3ltam r\u00f3la. Kiszerkesztett\u00e9k a polg\u00e1rmestereket, akik visszatelep\u00edtik az iskol\u00e1t. Akkor m\u00e9g csak azt nem \u00e9rtettem, honnan van b\u00e1tors\u00e1guk a helyi akaratot kifigur\u00e1zni. Most azt nem \u00e9rtem, hogy nem jutott esz\u00fckbe az, ami nekem.<\/span><br \/>\n<span style=\"font-family: Times New Roman CE;\">P\u00e1r h\u00e9ttel ezel\u0151tt pedag\u00f3gus h\u00e1zasp\u00e1rn\u00e1l vizit\u00e1ltunk. \u00c9let\u00fck \u00e9vtizedes nagy kalandj\u00e1t\u00f3l, az osztatlanban tan\u00edt\u00e1s eml\u00e9keit\u0151l bep\u00e1r\u00e1sodik a szem\u00fck. Imm\u00e1r nyugd\u00edjasok. Az\u00f3ta R\u00f3ka Gyuszi is az. Deh\u00e1t \u0151k honnan tudt\u00e1k, mit \u00e9s hogyan kell ott tenni\u00f6k? Tanult\u00e1k. M\u00e9g nem tudom mire kell nekem, hogy tan\u00edt\u00e1si fort\u00e9lyokr\u00f3l, az osztatlans\u00e1g k\u00e9zik\u00f6nyveir\u0151l hallok. Elrakt\u00e1rozand\u00f3 inform\u00e1ci\u00f3-szil\u00e1nk.<\/span><br \/>\n<span style=\"font-family: Times New Roman CE;\">Falvak. \u00dat, szennyv\u00edzcsatorna, tiszt\u00edt\u00f3m\u0171, polg\u00e1rmesteri hivatal, faluh\u00e1z, orvoslak\u00e1s \u00e9p\u00fcl. Az iskolab\u0151v\u00edt\u00e9s is gyakori. A visszatelep\u00edt\u00e9s is. \u00c9rhet\u0151, hiszen ha v\u00e9gre szabad \u00e9s v\u00e9gre telik r\u00e1, a helyb\u00e9li \u00f6nbecs\u00fcl\u00e9s kiindul\u00f3pontja joggal \u00e9ppen ez. Rem\u00e9lem, meg\u00e9rt\u00e9k a kor\u00e1bban k\u00f6rzetes\u00edt\u0151k a vissza\u00e9p\u00fcl\u00e9s manaps\u00e1g kezd\u0151d\u0151 id\u0151szak\u00e1t. A t\u00f6nkrement iskol\u00e1kra, a megkeseredett tan\u00edt\u00f3kra, a lehet\u0151s\u00e9g\u00fcket vesz\u00edtett gyermekekre, a buszok visszaindul\u00e1s\u00e1ig elt\u00e9bl\u00e1bolt id\u0151re, az ilyet\u00e9nm\u00f3d rafin\u00e1lt haz\u00e1tlan\u00edt\u00e1sra gondolva az orrukat vern\u00e9m az \u00faj iskol\u00e1k friss vakolat\u00e1ba!<\/span><br \/>\n<span style=\"font-family: Times New Roman CE;\">&#8230;\u00e9s err\u0151l eszembe jut: kik fognak ott tan\u00edtani?<\/span><\/p>\n<p><span style=\"font-family: Times New Roman CE;\">*<\/span><\/p>\n<p><span style=\"font-family: Times New Roman CE;\">F\u00f6lh\u00edvtam tan\u00edt\u00f3k\u00e9pz\u0151s tan\u00e1r bar\u00e1tomat, vajon foglalkoznak-e az osztatlans\u00e1gra val\u00f3 f\u00f6lk\u00e9sz\u00edt\u00e9ssel? Megvannak-e a hatvanas \u00e9vek elej\u00e9n m\u00e9g haszn\u00e1latos k\u00e9zik\u00f6nyvek, \u00fatmutat\u00f3k? Nem oktatnak ilyet \u00e9s nincsenek k\u00f6nyvek. F\u00f6lh\u00edvtam a kisiskol\u00e1k kecskem\u00e9ti egyes\u00fclet\u00e9t, hogy mik\u00e9nt oldj\u00e1k az ebb\u00e9li ismerethi\u00e1nyt? Mondt\u00e1k: egyel\u0151re csak \u00e9rz\u00e9kelik. R\u00e9gi beidegzetts\u00e9gem a miniszt\u00e9riumnak \u00e9s az oktat\u00e1s\u00fcgy m\u00f3dszertani k\u00f6zpontj\u00e1nak sz\u00f3l\u00f3 telefont is suttogott, de ezt elhallgattattam. Tudn\u00e1nak r\u00f3la kor\u00e1bbi besz\u00e9lget\u0151t\u00e1rsaim, ha t\u00f6rt\u00e9nn\u00e9k valami. Orsz\u00e1gosabb dolgaik lehetnek. Az is elk\u00e9pzelhet\u0151, hogy \u0151k m\u00e1sk\u00e9ppen gondolj\u00e1k. \u00dagy v\u00e9ltem elegend\u0151, ha ennyien \u00e9rz\u00e9kelj\u00fck a hi\u00e1nyt. M\u00e1rmint a cselekv\u00e9shez el\u00e9g, enged\u00e9ly meg sz\u00fcks\u00e9gtelen.<\/span><br \/>\n<span style=\"font-family: Times New Roman CE;\">Napok m\u00falva kurat\u00f3riumi \u00fcl\u00e9st tartott az Orsz\u00e1g\u00e9p\u00edt\u0151 Alap\u00edtv\u00e1ny. \u00c9kessz\u00f3l\u00e1somat latba vetve jellemeztem a helyzetet: az osztatlan tan\u00edt\u00e1s vissza\u00e1ll\u00edt\u00e1s\u00e1t ott, ahol err\u0151l \u00edgy d\u00f6nt a helyb\u00e9li \u00f6nkorm\u00e1nyzat, illet\u0151leg az e feladatra val\u00f3 tan\u00edt\u00f3i felk\u00e9sz\u00fcletlens\u00e9get. \u00d6ssze kellene h\u00edvni tal\u00e1n az \u00e9vtizedekig ekk\u00e9nt foglalkoztatott, imm\u00e1r nyugalmazott tan\u00edt\u00f3kat \u00e9s a m\u00e9g megl\u00e9v\u0151 osztatlanban dolgoz\u00f3kat n\u00e9h\u00e1ny napra v\u00e9gz\u0151s vagy frissen v\u00e9gzett, ez ir\u00e1nt \u00e9rdekl\u0151d\u0151 vagy erre v\u00e1llalkoz\u00f3 pedag\u00f3gusokkal; \u00fajra kellene \u00edratni vagy reprintben kiadni a hajdani k\u00e9zik\u00f6nyveket; az \u00e9rdekl\u0151d\u0151 \u00e9rintetteknek hospit\u00e1l\u00e1st lehetne szervezni; gondoskodni kellene az ebb\u00e9li, szaktanfolyamok megszervez\u00e9s\u00e9r\u0151l, meg kellene teremteni az ekk\u00e9nt foglalkoztatottak szakmai egyes\u00fclet\u00e9t. Folytattam volna m\u00e9g, de meg\u00e1ll\u00edtottak. A kurat\u00f3rium v\u00e9lem\u00e9nye szerint. El\u0151zetes t\u00e1j\u00e9koz\u00f3d\u00e1s n\u00e9lk\u00fcl ne kezdj\u00fcnk ebbe a folyamatba, mondt\u00e1k \u00e9s az al\u00e1bbi lev\u00e9l megfogalmaz\u00e1s\u00e1ra k\u00e9rtek. A v\u00e1lasz birtok\u00e1ban \u00e9s annak tartalm\u00e1t m\u00e9rlegelve cseleksz\u00fcnk majd.<\/span><\/p>\n<p><span style=\"font-family: Times New Roman CE;\">,Alap\u00edtv\u00e1nyunk 1993. \u00e9vi t\u00e1mogat\u00e1sair\u00f3l sz\u00f3t v\u00e1ltva mer\u00fclt fel az egyre ink\u00e1bb visszaker\u00fcl\u0151 kis, osztatlan iskol\u00e1k speci\u00e1lis k\u00e9pzetts\u00e9g\u0171 tan\u00edt\u00f3inak hi\u00e1nya. N\u00e9mik\u00e9pp<\/span><\/p>\n<p><span style=\"font-family: Times New Roman CE;\">t\u00e1j\u00e9koz\u00f3dtunk e t\u00e1rgyk\u00f6rben \u00e9s kider\u00fclt, hogy a tan\u00edt\u00f3k\u00e9pz\u0151 f\u0151iskol\u00e1k r\u00e9g\u00f3ta nem k\u00e9peznek erre, \u00e9s nem haszn\u00e1latosak azok a szakk\u00f6nyvek sem, amelyek m\u00e9g az \u00f6tvenes \u00e9vekben is kiv\u00e1l\u00f3 seg\u00e9dleteit jelentett\u00e9k az akkor m\u00e9g gyakori osztatlan oszt\u00e1lyok tan\u00edt\u00f3inak.<\/span><br \/>\n<span style=\"font-family: Times New Roman CE;\">Erre ir\u00e1nyul\u00f3 k\u00e9pz\u00e9sek (szakkoll\u00e9gium, posztgradu\u00e1lis tanfolyam) szakmai konferenci\u00e1k \u00e9s m\u00f3dszertani kiadv\u00e1nyok n\u00e9lk\u00fcl hi\u00e1ba a falvak \u00e9s k\u00e9pvisel\u0151test\u00fcleteik iskol\u00e1t vissza\u00e9p\u00edt\u0151 t\u00f6rekv\u00e9se, sz\u00e1nd\u00e9kuk fennakad a szakk\u00e9pzett taner\u0151 hi\u00e1ny\u00e1n. Mindezen helyzetjellemz\u00e9st a Kisiskol\u00e1k Sz\u00f6vets\u00e9g\u00e9nek hozz\u00e1nk \u00edrott levele is meger\u0151s\u00edti.<\/span><br \/>\n<span style=\"font-family: Times New Roman CE;\">Kurat\u00f3riumunk d\u00f6nt\u00e9st halaszt\u00f3 v\u00e9lem\u00e9nye szerint az ezzel kapcsolatos probl\u00e9mahalmaz alapvet\u0151en a M\u0171vel\u0151d\u00e9si \u00e9s K\u00f6zoktat\u00e1si Miniszt\u00e9rium illet\u00e9kess\u00e9gi k\u00f6r\u00e9be tartozik. Tisztelettel k\u00e9rdezz\u00fck, hogy az osztatlan iskol\u00e1k vissza\u00e9p\u00fcl\u00e9se \u00e9rdek\u00e9ben vajon minden megtesz-megval\u00f3s\u00edt a szakminiszt\u00e9rium, illet\u0151leg szakint\u00e9zete, avagy marad-e s ha igen, mif\u00e9le, p\u00e9ld\u00e1ul \u00e1ltalunk t\u00e1rsadalmas\u00edthat\u00f3 f\u00f6ladat e t\u00e1rgyk\u00f6rben?<\/span><br \/>\n<span style=\"font-family: Times New Roman CE;\">Alap\u00edtv\u00e1nyunk nem tolakodni akar ezt tudakoland\u00f3 \u00e9s nem is \u00f3hajt \u00e1tv\u00e1llalni \u00e1llami, szakint\u00e9zeti vagy ak\u00e1r posztgradu\u00e1lis k\u00e9pz\u00e9si feladatokat, ann\u00e1l is ink\u00e1bb, mert anyagi erej\u00e9t m\u00e1s fontos dolgokra is ford\u00edthatja; \u00e1m ha a tapasztalat\u00e1tad\u00e1sban, a probl\u00e9mafelt\u00e1r\u00f3 gy\u0171l\u00e9sek finansz\u00edroz\u00e1s\u00e1ban vagy b\u00e1rmi m\u00e1sban lehet feladatunk, azt sz\u00edvesen v\u00e1llaljuk.<\/span><br \/>\n<span style=\"font-family: Times New Roman CE;\">Tisztelettel:<\/span><br \/>\n<span style=\"font-family: Times New Roman CE;\">Makovecz Imre, kurat\u00f3riumi eln\u00f6k&#8221;<\/span><\/p>\n<p><span style=\"font-family: Times New Roman CE;\">V\u00e1rakoz\u00e1sra k\u00e1rhoztatva \u00fagy gondoltam, hogy le\u00edrom az el\u0151zm\u00e9nyeket \u00e9s a Parola k\u00e9thavonk\u00e9nti megjelen\u00e9s\u00e9re figyelemmel folyamatosan besz\u00e1molok, hol tartok. Hazai viszonyainkra, lehet\u0151s\u00e9geinkre is \u0151szinte f\u00e9ny der\u00fcl, ha a v\u00e9gkifejletet nem ismerve, az esem\u00e9nyekkel egy id\u0151ben, l\u00e9p\u00e9sr\u0151l l\u00e9p\u00e9sre \u00edrom ezt a napl\u00f3t. Meddig?<\/span><\/p>\n<p><span style=\"font-family: Times New Roman CE;\">m\u00edg ki nem der\u00fcl, hogy a hi\u00e1ny l\u00e1tsz\u00f3lagos \u00e9s csak t\u00e1j\u00e9kozatlans\u00e1gom \u00e9rz\u00e9kelte megoldatlannak. Vagy addig, am\u00edg cselekv\u00e9sre serkennek a tan\u00edt\u00f3k\u00e9pz\u0151k, a pedag\u00f3giai k\u00f6zpontok. Vagy addig, am\u00edg vel\u00fck vagy n\u00e9lk\u00fcl\u00fck egy\u00fcttgondolkod\u00f3 \u00e9s cselekv\u0151 t\u00e1rsakra lelek. Addig am\u00edg az \u00e9rintettek tettrek\u00e9szs\u00e9ge \u00e1tveszi a bonyol\u00edt\u00e1st. Addig teh\u00e1t, amikor m\u00e1r nincs k\u00f6z\u00f6ss\u00e9gfejleszt\u0151i feladat.<\/span><br \/>\n<span style=\"font-family: Times New Roman CE;\">Beke P\u00e1l<\/span><\/p>\n<p><span style=\"font-family: Times New Roman CE;\">A kis, osztatlan iskol\u00e1k visszatelep\u00edt\u00e9s\u00e9ben gondolkod\u00f3 vagy ezt m\u00e1r bonyol\u00edt\u00f3, \u00e9p\u00edt\u0151 telep\u00fcl\u00e9si \u00f6nkorm\u00e1nyzatok figyelm\u00e9be aj\u00e1nljuk seg\u00edt\u0151 k\u00f6zrem\u0171k\u00f6d\u00e9s\u00fcnket. Ameddig a seg\u00edts\u00e9gny\u00fajt\u00e1sra hivat\u00e1sszervezeteket nem tal\u00e1lnak k\u00e9rj\u00fck, nek\u00fcnk \u00edrj\u00e1k meg gondjaikat, k\u00e9r\u00e9seiket. Azokat vagy tov\u00e1bb\u00edtjuk az illet\u00e9kesebbnek gondoltak fel\u00e9, vagy magunk keres\u00fcnk r\u00e1 szak\u00e9rt\u0151 v\u00e1laszt. Jelentkez\u00e9s\u00fck egyidej\u0171leg orient\u00e1lja is az e t\u00e1rgyk\u00f6rben sz\u00fcks\u00e9ges, esetleg \u00e1ltalunk ell\u00e1tand\u00f3 vagy szervezend\u0151 tennival\u00f3kat. V\u00e1rjuk k\u00e9rd\u00e9seiket, leveleiket, \u00fczeneteiket a 201-5728 telefonsz\u00e1mon, illet\u0151leg a 201-4892 faxon avagy a K\u00f6z\u00f6ss\u00e9gfejleszt\u0151k Egyes\u00fclete c\u00edm\u00e9n: Budapest I., Corvin t\u00e9r 8.<\/span><\/p>\n","protected":false},"excerpt":{"rendered":"<p>Figyelek. Itt ezt, ott azt hallom. Amott emezt, m\u00e1sutt m\u00e1st l\u00e1tok. A r\u00e9szleteket elfelejtem, a tendenci\u00e1k r\u00f6gz\u00fclnek ink\u00e1bb. Valami id\u0151nk\u00e9nt megvil\u00e1gosodik. K\u00e9rd\u00e9sek fogalmaz\u00f3dnak, kihullanak, visszaj\u00f6nnek. N\u00e9ha \u00f6ntudatlan, m\u00e1skor keresve rak\u00f3dnak egym\u00e1sra \u00e9lm\u00e9nyek, benyom\u00e1sok, ismeretek, v\u00e9lem\u00e9nyek. Besz\u00e9lnek hozz\u00e1m, \u00e9n besz\u00e9lek m\u00e1sokkal. Fecseg\u00fcnk, vitatkozunk, gondolkodunk. Igyeksz\u00fcnk el\u0151re l\u00e1tni, m\u00e1skor hagyom\u00e1nyt tal\u00e1lni. Ez a munk\u00e1m.<\/p>\n","protected":false},"author":45,"featured_media":3462,"comment_status":"open","ping_status":"open","sticky":false,"template":"","format":"standard","meta":{"_acf_changed":false,"footnotes":""},"categories":[259,8,7],"tags":[],"coauthors":[62],"class_list":["post-2011","post","type-post","status-publish","format-standard","has-post-thumbnail","hentry","category-parola-1993-1","category-parola-folyoirat","category-repertorium"],"acf":[],"yoast_head":"<!-- This site is optimized with the Yoast SEO plugin v26.7 - https:\/\/yoast.com\/wordpress\/plugins\/seo\/ -->\n<title>Napl\u00f3 l\u00e9p\u00e9sr\u0151l l\u00e9p\u00e9sre 1.: Kisiskola - Parola Foly\u00f3irat<\/title>\n<meta name=\"robots\" content=\"index, follow, max-snippet:-1, max-image-preview:large, max-video-preview:-1\" \/>\n<link rel=\"canonical\" href=\"https:\/\/kofe.hu\/parola\/parola-folyoirat\/naplo-lepesrol-lepesre-1-kisiskola\/\" \/>\n<meta property=\"og:locale\" content=\"hu_HU\" \/>\n<meta property=\"og:type\" content=\"article\" \/>\n<meta property=\"og:title\" content=\"Napl\u00f3 l\u00e9p\u00e9sr\u0151l l\u00e9p\u00e9sre 1.: Kisiskola - Parola Foly\u00f3irat\" \/>\n<meta property=\"og:description\" content=\"Figyelek. Itt ezt, ott azt hallom. Amott emezt, m\u00e1sutt m\u00e1st l\u00e1tok. A r\u00e9szleteket elfelejtem, a tendenci\u00e1k r\u00f6gz\u00fclnek ink\u00e1bb. Valami id\u0151nk\u00e9nt megvil\u00e1gosodik. K\u00e9rd\u00e9sek fogalmaz\u00f3dnak, kihullanak, visszaj\u00f6nnek. N\u00e9ha \u00f6ntudatlan, m\u00e1skor keresve rak\u00f3dnak egym\u00e1sra \u00e9lm\u00e9nyek, benyom\u00e1sok, ismeretek, v\u00e9lem\u00e9nyek. Besz\u00e9lnek hozz\u00e1m, \u00e9n besz\u00e9lek m\u00e1sokkal. Fecseg\u00fcnk, vitatkozunk, gondolkodunk. Igyeksz\u00fcnk el\u0151re l\u00e1tni, m\u00e1skor hagyom\u00e1nyt tal\u00e1lni. Ez a munk\u00e1m.\" \/>\n<meta property=\"og:url\" content=\"https:\/\/kofe.hu\/parola\/parola-folyoirat\/naplo-lepesrol-lepesre-1-kisiskola\/\" \/>\n<meta property=\"og:site_name\" content=\"Parola Foly\u00f3irat\" \/>\n<meta property=\"article:published_time\" content=\"2020-06-24T15:32:56+00:00\" \/>\n<meta property=\"article:modified_time\" content=\"2020-07-30T17:23:23+00:00\" \/>\n<meta property=\"og:image\" content=\"https:\/\/kofe.hu\/parola\/wp-content\/uploads\/2020\/07\/93.1.jpeg\" \/>\n\t<meta property=\"og:image:width\" content=\"1430\" \/>\n\t<meta property=\"og:image:height\" content=\"1923\" \/>\n\t<meta property=\"og:image:type\" content=\"image\/jpeg\" \/>\n<meta name=\"author\" content=\"Beke P\u00e1l\" \/>\n<meta name=\"twitter:card\" content=\"summary_large_image\" \/>\n<meta name=\"twitter:label1\" content=\"Szerz\u0151:\" \/>\n\t<meta name=\"twitter:data1\" content=\"Beke P\u00e1l\" \/>\n\t<meta name=\"twitter:label2\" content=\"Becs\u00fclt olvas\u00e1si id\u0151\" \/>\n\t<meta name=\"twitter:data2\" content=\"9 perc\" \/>\n\t<meta name=\"twitter:label3\" content=\"Written by\" \/>\n\t<meta name=\"twitter:data3\" content=\"Beke P\u00e1l\" \/>\n<script type=\"application\/ld+json\" class=\"yoast-schema-graph\">{\"@context\":\"https:\/\/schema.org\",\"@graph\":[{\"@type\":\"Article\",\"@id\":\"https:\/\/kofe.hu\/parola\/parola-folyoirat\/naplo-lepesrol-lepesre-1-kisiskola\/#article\",\"isPartOf\":{\"@id\":\"https:\/\/kofe.hu\/parola\/parola-folyoirat\/naplo-lepesrol-lepesre-1-kisiskola\/\"},\"author\":{\"name\":\"Beke P\u00e1l\",\"@id\":\"https:\/\/kofe.hu\/parola\/#\/schema\/person\/e218f9357a879ddd7f2cc215cbc1f9e4\"},\"headline\":\"Napl\u00f3 l\u00e9p\u00e9sr\u0151l l\u00e9p\u00e9sre 1.: Kisiskola\",\"datePublished\":\"2020-06-24T15:32:56+00:00\",\"dateModified\":\"2020-07-30T17:23:23+00:00\",\"mainEntityOfPage\":{\"@id\":\"https:\/\/kofe.hu\/parola\/parola-folyoirat\/naplo-lepesrol-lepesre-1-kisiskola\/\"},\"wordCount\":1803,\"commentCount\":0,\"image\":{\"@id\":\"https:\/\/kofe.hu\/parola\/parola-folyoirat\/naplo-lepesrol-lepesre-1-kisiskola\/#primaryimage\"},\"thumbnailUrl\":\"https:\/\/kofe.hu\/parola\/wp-content\/uploads\/2020\/07\/93.1.jpeg\",\"articleSection\":[\"Parola 1993\/1\",\"Parola Foly\u00f3irat\",\"Repert\u00f3rium\"],\"inLanguage\":\"hu\",\"potentialAction\":[{\"@type\":\"CommentAction\",\"name\":\"Comment\",\"target\":[\"https:\/\/kofe.hu\/parola\/parola-folyoirat\/naplo-lepesrol-lepesre-1-kisiskola\/#respond\"]}]},{\"@type\":\"WebPage\",\"@id\":\"https:\/\/kofe.hu\/parola\/parola-folyoirat\/naplo-lepesrol-lepesre-1-kisiskola\/\",\"url\":\"https:\/\/kofe.hu\/parola\/parola-folyoirat\/naplo-lepesrol-lepesre-1-kisiskola\/\",\"name\":\"Napl\u00f3 l\u00e9p\u00e9sr\u0151l l\u00e9p\u00e9sre 1.: Kisiskola - Parola Foly\u00f3irat\",\"isPartOf\":{\"@id\":\"https:\/\/kofe.hu\/parola\/#website\"},\"primaryImageOfPage\":{\"@id\":\"https:\/\/kofe.hu\/parola\/parola-folyoirat\/naplo-lepesrol-lepesre-1-kisiskola\/#primaryimage\"},\"image\":{\"@id\":\"https:\/\/kofe.hu\/parola\/parola-folyoirat\/naplo-lepesrol-lepesre-1-kisiskola\/#primaryimage\"},\"thumbnailUrl\":\"https:\/\/kofe.hu\/parola\/wp-content\/uploads\/2020\/07\/93.1.jpeg\",\"datePublished\":\"2020-06-24T15:32:56+00:00\",\"dateModified\":\"2020-07-30T17:23:23+00:00\",\"author\":{\"@id\":\"https:\/\/kofe.hu\/parola\/#\/schema\/person\/e218f9357a879ddd7f2cc215cbc1f9e4\"},\"breadcrumb\":{\"@id\":\"https:\/\/kofe.hu\/parola\/parola-folyoirat\/naplo-lepesrol-lepesre-1-kisiskola\/#breadcrumb\"},\"inLanguage\":\"hu\",\"potentialAction\":[{\"@type\":\"ReadAction\",\"target\":[\"https:\/\/kofe.hu\/parola\/parola-folyoirat\/naplo-lepesrol-lepesre-1-kisiskola\/\"]}]},{\"@type\":\"ImageObject\",\"inLanguage\":\"hu\",\"@id\":\"https:\/\/kofe.hu\/parola\/parola-folyoirat\/naplo-lepesrol-lepesre-1-kisiskola\/#primaryimage\",\"url\":\"https:\/\/kofe.hu\/parola\/wp-content\/uploads\/2020\/07\/93.1.jpeg\",\"contentUrl\":\"https:\/\/kofe.hu\/parola\/wp-content\/uploads\/2020\/07\/93.1.jpeg\",\"width\":1430,\"height\":1923},{\"@type\":\"BreadcrumbList\",\"@id\":\"https:\/\/kofe.hu\/parola\/parola-folyoirat\/naplo-lepesrol-lepesre-1-kisiskola\/#breadcrumb\",\"itemListElement\":[{\"@type\":\"ListItem\",\"position\":1,\"name\":\"Home\",\"item\":\"https:\/\/kofe.hu\/parola\/\"},{\"@type\":\"ListItem\",\"position\":2,\"name\":\"Napl\u00f3 l\u00e9p\u00e9sr\u0151l l\u00e9p\u00e9sre 1.: Kisiskola\"}]},{\"@type\":\"WebSite\",\"@id\":\"https:\/\/kofe.hu\/parola\/#website\",\"url\":\"https:\/\/kofe.hu\/parola\/\",\"name\":\"Parola Foly\u00f3irat\",\"description\":\"\",\"potentialAction\":[{\"@type\":\"SearchAction\",\"target\":{\"@type\":\"EntryPoint\",\"urlTemplate\":\"https:\/\/kofe.hu\/parola\/?s={search_term_string}\"},\"query-input\":{\"@type\":\"PropertyValueSpecification\",\"valueRequired\":true,\"valueName\":\"search_term_string\"}}],\"inLanguage\":\"hu\"},{\"@type\":\"Person\",\"@id\":\"https:\/\/kofe.hu\/parola\/#\/schema\/person\/e218f9357a879ddd7f2cc215cbc1f9e4\",\"name\":\"Beke P\u00e1l\",\"image\":{\"@type\":\"ImageObject\",\"inLanguage\":\"hu\",\"@id\":\"https:\/\/kofe.hu\/parola\/#\/schema\/person\/image\/23494c9101089ad44ae88ce9d2f56aac\",\"url\":\"https:\/\/secure.gravatar.com\/avatar\/?s=96&d=mm&r=g\",\"contentUrl\":\"https:\/\/secure.gravatar.com\/avatar\/?s=96&d=mm&r=g\",\"caption\":\"Beke P\u00e1l\"},\"url\":\"https:\/\/kofe.hu\/parola\/szerzok\/beke-pal\/\"}]}<\/script>\n<!-- \/ Yoast SEO plugin. -->","yoast_head_json":{"title":"Napl\u00f3 l\u00e9p\u00e9sr\u0151l l\u00e9p\u00e9sre 1.: Kisiskola - Parola Foly\u00f3irat","robots":{"index":"index","follow":"follow","max-snippet":"max-snippet:-1","max-image-preview":"max-image-preview:large","max-video-preview":"max-video-preview:-1"},"canonical":"https:\/\/kofe.hu\/parola\/parola-folyoirat\/naplo-lepesrol-lepesre-1-kisiskola\/","og_locale":"hu_HU","og_type":"article","og_title":"Napl\u00f3 l\u00e9p\u00e9sr\u0151l l\u00e9p\u00e9sre 1.: Kisiskola - Parola Foly\u00f3irat","og_description":"Figyelek. Itt ezt, ott azt hallom. Amott emezt, m\u00e1sutt m\u00e1st l\u00e1tok. A r\u00e9szleteket elfelejtem, a tendenci\u00e1k r\u00f6gz\u00fclnek ink\u00e1bb. Valami id\u0151nk\u00e9nt megvil\u00e1gosodik. K\u00e9rd\u00e9sek fogalmaz\u00f3dnak, kihullanak, visszaj\u00f6nnek. N\u00e9ha \u00f6ntudatlan, m\u00e1skor keresve rak\u00f3dnak egym\u00e1sra \u00e9lm\u00e9nyek, benyom\u00e1sok, ismeretek, v\u00e9lem\u00e9nyek. Besz\u00e9lnek hozz\u00e1m, \u00e9n besz\u00e9lek m\u00e1sokkal. Fecseg\u00fcnk, vitatkozunk, gondolkodunk. Igyeksz\u00fcnk el\u0151re l\u00e1tni, m\u00e1skor hagyom\u00e1nyt tal\u00e1lni. Ez a munk\u00e1m.","og_url":"https:\/\/kofe.hu\/parola\/parola-folyoirat\/naplo-lepesrol-lepesre-1-kisiskola\/","og_site_name":"Parola Foly\u00f3irat","article_published_time":"2020-06-24T15:32:56+00:00","article_modified_time":"2020-07-30T17:23:23+00:00","og_image":[{"width":1430,"height":1923,"url":"https:\/\/kofe.hu\/parola\/wp-content\/uploads\/2020\/07\/93.1.jpeg","type":"image\/jpeg"}],"author":"Beke P\u00e1l","twitter_card":"summary_large_image","twitter_misc":{"Szerz\u0151:":"Beke P\u00e1l","Becs\u00fclt olvas\u00e1si id\u0151":"9 perc","Written by":"Beke P\u00e1l"},"schema":{"@context":"https:\/\/schema.org","@graph":[{"@type":"Article","@id":"https:\/\/kofe.hu\/parola\/parola-folyoirat\/naplo-lepesrol-lepesre-1-kisiskola\/#article","isPartOf":{"@id":"https:\/\/kofe.hu\/parola\/parola-folyoirat\/naplo-lepesrol-lepesre-1-kisiskola\/"},"author":{"name":"Beke P\u00e1l","@id":"https:\/\/kofe.hu\/parola\/#\/schema\/person\/e218f9357a879ddd7f2cc215cbc1f9e4"},"headline":"Napl\u00f3 l\u00e9p\u00e9sr\u0151l l\u00e9p\u00e9sre 1.: Kisiskola","datePublished":"2020-06-24T15:32:56+00:00","dateModified":"2020-07-30T17:23:23+00:00","mainEntityOfPage":{"@id":"https:\/\/kofe.hu\/parola\/parola-folyoirat\/naplo-lepesrol-lepesre-1-kisiskola\/"},"wordCount":1803,"commentCount":0,"image":{"@id":"https:\/\/kofe.hu\/parola\/parola-folyoirat\/naplo-lepesrol-lepesre-1-kisiskola\/#primaryimage"},"thumbnailUrl":"https:\/\/kofe.hu\/parola\/wp-content\/uploads\/2020\/07\/93.1.jpeg","articleSection":["Parola 1993\/1","Parola Foly\u00f3irat","Repert\u00f3rium"],"inLanguage":"hu","potentialAction":[{"@type":"CommentAction","name":"Comment","target":["https:\/\/kofe.hu\/parola\/parola-folyoirat\/naplo-lepesrol-lepesre-1-kisiskola\/#respond"]}]},{"@type":"WebPage","@id":"https:\/\/kofe.hu\/parola\/parola-folyoirat\/naplo-lepesrol-lepesre-1-kisiskola\/","url":"https:\/\/kofe.hu\/parola\/parola-folyoirat\/naplo-lepesrol-lepesre-1-kisiskola\/","name":"Napl\u00f3 l\u00e9p\u00e9sr\u0151l l\u00e9p\u00e9sre 1.: Kisiskola - Parola Foly\u00f3irat","isPartOf":{"@id":"https:\/\/kofe.hu\/parola\/#website"},"primaryImageOfPage":{"@id":"https:\/\/kofe.hu\/parola\/parola-folyoirat\/naplo-lepesrol-lepesre-1-kisiskola\/#primaryimage"},"image":{"@id":"https:\/\/kofe.hu\/parola\/parola-folyoirat\/naplo-lepesrol-lepesre-1-kisiskola\/#primaryimage"},"thumbnailUrl":"https:\/\/kofe.hu\/parola\/wp-content\/uploads\/2020\/07\/93.1.jpeg","datePublished":"2020-06-24T15:32:56+00:00","dateModified":"2020-07-30T17:23:23+00:00","author":{"@id":"https:\/\/kofe.hu\/parola\/#\/schema\/person\/e218f9357a879ddd7f2cc215cbc1f9e4"},"breadcrumb":{"@id":"https:\/\/kofe.hu\/parola\/parola-folyoirat\/naplo-lepesrol-lepesre-1-kisiskola\/#breadcrumb"},"inLanguage":"hu","potentialAction":[{"@type":"ReadAction","target":["https:\/\/kofe.hu\/parola\/parola-folyoirat\/naplo-lepesrol-lepesre-1-kisiskola\/"]}]},{"@type":"ImageObject","inLanguage":"hu","@id":"https:\/\/kofe.hu\/parola\/parola-folyoirat\/naplo-lepesrol-lepesre-1-kisiskola\/#primaryimage","url":"https:\/\/kofe.hu\/parola\/wp-content\/uploads\/2020\/07\/93.1.jpeg","contentUrl":"https:\/\/kofe.hu\/parola\/wp-content\/uploads\/2020\/07\/93.1.jpeg","width":1430,"height":1923},{"@type":"BreadcrumbList","@id":"https:\/\/kofe.hu\/parola\/parola-folyoirat\/naplo-lepesrol-lepesre-1-kisiskola\/#breadcrumb","itemListElement":[{"@type":"ListItem","position":1,"name":"Home","item":"https:\/\/kofe.hu\/parola\/"},{"@type":"ListItem","position":2,"name":"Napl\u00f3 l\u00e9p\u00e9sr\u0151l l\u00e9p\u00e9sre 1.: Kisiskola"}]},{"@type":"WebSite","@id":"https:\/\/kofe.hu\/parola\/#website","url":"https:\/\/kofe.hu\/parola\/","name":"Parola Foly\u00f3irat","description":"","potentialAction":[{"@type":"SearchAction","target":{"@type":"EntryPoint","urlTemplate":"https:\/\/kofe.hu\/parola\/?s={search_term_string}"},"query-input":{"@type":"PropertyValueSpecification","valueRequired":true,"valueName":"search_term_string"}}],"inLanguage":"hu"},{"@type":"Person","@id":"https:\/\/kofe.hu\/parola\/#\/schema\/person\/e218f9357a879ddd7f2cc215cbc1f9e4","name":"Beke P\u00e1l","image":{"@type":"ImageObject","inLanguage":"hu","@id":"https:\/\/kofe.hu\/parola\/#\/schema\/person\/image\/23494c9101089ad44ae88ce9d2f56aac","url":"https:\/\/secure.gravatar.com\/avatar\/?s=96&d=mm&r=g","contentUrl":"https:\/\/secure.gravatar.com\/avatar\/?s=96&d=mm&r=g","caption":"Beke P\u00e1l"},"url":"https:\/\/kofe.hu\/parola\/szerzok\/beke-pal\/"}]}},"_links":{"self":[{"href":"https:\/\/kofe.hu\/parola\/wp-json\/wp\/v2\/posts\/2011","targetHints":{"allow":["GET"]}}],"collection":[{"href":"https:\/\/kofe.hu\/parola\/wp-json\/wp\/v2\/posts"}],"about":[{"href":"https:\/\/kofe.hu\/parola\/wp-json\/wp\/v2\/types\/post"}],"author":[{"embeddable":true,"href":"https:\/\/kofe.hu\/parola\/wp-json\/wp\/v2\/users\/45"}],"replies":[{"embeddable":true,"href":"https:\/\/kofe.hu\/parola\/wp-json\/wp\/v2\/comments?post=2011"}],"version-history":[{"count":3,"href":"https:\/\/kofe.hu\/parola\/wp-json\/wp\/v2\/posts\/2011\/revisions"}],"predecessor-version":[{"id":5027,"href":"https:\/\/kofe.hu\/parola\/wp-json\/wp\/v2\/posts\/2011\/revisions\/5027"}],"wp:featuredmedia":[{"embeddable":true,"href":"https:\/\/kofe.hu\/parola\/wp-json\/wp\/v2\/media\/3462"}],"wp:attachment":[{"href":"https:\/\/kofe.hu\/parola\/wp-json\/wp\/v2\/media?parent=2011"}],"wp:term":[{"taxonomy":"category","embeddable":true,"href":"https:\/\/kofe.hu\/parola\/wp-json\/wp\/v2\/categories?post=2011"},{"taxonomy":"post_tag","embeddable":true,"href":"https:\/\/kofe.hu\/parola\/wp-json\/wp\/v2\/tags?post=2011"},{"taxonomy":"author","embeddable":true,"href":"https:\/\/kofe.hu\/parola\/wp-json\/wp\/v2\/coauthors?post=2011"}],"curies":[{"name":"wp","href":"https:\/\/api.w.org\/{rel}","templated":true}]}}