{"id":1990,"date":"2020-06-24T14:54:35","date_gmt":"2020-06-24T14:54:35","guid":{"rendered":"https:\/\/kofe.hu\/parola\/?p=1990"},"modified":"2020-07-30T17:21:14","modified_gmt":"2020-07-30T17:21:14","slug":"bemutatkozik-az-europai-kerekparos-szovetseg","status":"publish","type":"post","link":"https:\/\/kofe.hu\/parola\/parola-folyoirat\/bemutatkozik-az-europai-kerekparos-szovetseg\/","title":{"rendered":"Bemutatkozik az Eur\u00f3pai Ker\u00e9kp\u00e1ros Sz\u00f6vets\u00e9g"},"content":{"rendered":"<p style=\"text-align: justify;\"><span style=\"font-family: Times New Roman CE;\">A 19 orsz\u00e1got, 28 tagszervezetet, 5000 aktivist\u00e1t \u00e9s 250 000 ker\u00e9kp\u00e1rost t\u00f6m\u00f6r\u00edt\u0151 szervezet b\u00fcszk\u00e9n vallja, hogy Eur\u00f3pa ker\u00e9kp\u00e1ros lobby- \u00e9s szolg\u00e1ltat\u00f3 szervezete. 1992 m\u00e1jusa \u00f3ta a Bringa munkacsoport tagja e szervezetnek, melyen kereszt\u00fcl a magyar k\u00f6zleked\u0151-ker\u00e9kp\u00e1ros er\u0151fesz\u00edt\u00e9sek Eur\u00f3pa-szerte ismertek, illetve az ottani kutat\u00e1si \u00e9s lobbymunk\u00e1k az itthoni kerekesekhez eljutnak.<\/span><\/p>\n<p style=\"text-align: justify;\"><!--more--><br \/>\n<span style=\"font-family: Times New Roman CE;\">Az Eur\u00f3pai Ker\u00e9kp\u00e1ros Sz\u00f6vets\u00e9g Koppenh\u00e1g\u00e1ban 1983-ban alakult azzal a c\u00e9llal, hogy a ker\u00e9kp\u00e1roz\u00e1st t\u00e1mogassa, hiszen az fontos r\u00e9sze mind a k\u00f6zleked\u00e9si, mind pedig a k\u00f6rnyezetv\u00e9delmi helyi, region\u00e1lis, orsz\u00e1gos \u00e9s eur\u00f3pai szint\u0171 politik\u00e1nak.<\/span><br \/>\n<span style=\"font-family: Times New Roman CE;\">E c\u00e9l el\u00e9r\u00e9se \u00e9rdek\u00e9ben lobbymunk\u00e1t folytatnak, inform\u00e1ci\u00f3kkal, szolg\u00e1ltat\u00e1sokkal l\u00e1tj\u00e1k el a sajt\u00f3t, a hivatalokat, a v\u00e1llalatokat, valamint az int\u00e9zm\u00e9nyeket. Az ECF tagszervezetei sz\u00e1m\u00e1ra sz\u00e1mos egy\u00e9b szolg\u00e1ltat\u00e1s is el\u00e9rhet\u0151. Annak ellen\u00e9re, hogy a 28 tagszervezet elt\u00e9r\u0151 tapasztalattal rendelkezik, m\u00e9gis sok ker\u00e9kp\u00e1ros probl\u00e9ma hasonl\u00f3 Eur\u00f3pa-szerte, mint p\u00e9ld\u00e1ul a vesz\u00e9lyes utak, a ker\u00e9kp\u00e1roz\u00e1s mell\u0151z\u0151tts\u00e9ge, nem megfelel\u0151 ker\u00e9kp\u00e1roz\u00e1si lehet\u0151s\u00e9gek, a politikai d\u00f6nt\u00e9s hi\u00e1nya arr\u00f3l, hogy a ker\u00e9kp\u00e1roz\u00e1st t\u00e1mogass\u00e1k. Mindazon\u00e1ltal a g\u00e9pj\u00e1rm\u0171forgalom egyre elviselhetetlenebb\u00e9 teszi a v\u00e1rosi k\u00f6zelekd\u00e9st, ez\u00e9rt a ker\u00e9kp\u00e1roz\u00e1s egyre fontosabb szerepet kaphat a k\u00f6zleked\u00e9si dug\u00f3k elker\u00fcl\u00e9s\u00e9ben \u00e9s a k\u00f6rnyezet v\u00e9delm\u00e9ben. Kutat\u00e1sok egy\u00e9rtelm\u0171en bebizony\u00edtott\u00e1k, hogy a ker\u00e9kp\u00e1roz\u00e1s az eg\u00e9szs\u00e9gesebb \u00e9letvitelhez j\u00e1rul hozz\u00e1. \u00eegy nyilv\u00e1nval\u00f3, hogy a ker\u00e9kp\u00e1r a j\u00f6v\u0151 k\u00f6zleked\u00e9si eszk\u00f6ze.<\/span><br \/>\n<span style=\"font-family: Times New Roman CE;\">Az ECF folyamatban l\u00e9v\u0151 munk\u00e1i:<\/span><br \/>\n<span style=\"font-family: Times New Roman CE;\">&#8211; T\u00e1rgyalnak az Eur\u00f3pai K\u00f6z\u00f6ss\u00e9ggel, rendszeres az egy\u00fcttm\u0171k\u00f6d\u00e9s\u00fck a K\u00f6zleked\u00e9si, a K\u00f6rnyezetv\u00e9delmi \u00e9s az Inform\u00e1ci\u00f3s Igazgat\u00e1ssal olyan t\u00e9m\u00e1kban, politikai k\u00e9rd\u00e9sekben, amely a ker\u00e9kp\u00e1rosokat \u00e9rinti. V\u00e9lem\u00e9nyt f\u0171znek az EK fontos t\u00e1rgyal\u00e1si anyagaihoz.<\/span><br \/>\n<span style=\"font-family: Times New Roman CE;\">&#8211; Figyelemmel k\u00eds\u00e9rik az Eur\u00f3pa Parlament munk\u00e1j\u00e1t \u00e9s t\u00e1mogatj\u00e1k a Valamennyi P\u00e1rt Biciklis Bar\u00e1tai csoportot.<\/span><br \/>\n<span style=\"font-family: Times New Roman CE;\">&#8211; A K\u00f6zleked\u00e9si Miniszterek Eur\u00f3pa Konferenci\u00e1j\u00e1n az ECF mint nem-korm\u00e1nyzati szervezet szerzett st\u00e1tust.<\/span><br \/>\n<span style=\"font-family: Times New Roman CE;\">&#8211; Elk\u00e9sz\u00fclt a nemzetk\u00f6zi vasutakr\u00f3l sz\u00f3l\u00f3 anyag, mely felt\u00e9rk\u00e9pezi a ker\u00e9kp\u00e1rsz\u00e1ll\u00edt\u00e1s \u00e9s t\u00e1rol\u00e1s lehet\u0151s\u00e9geit az Eur\u00f3pai K\u00f6z\u00f6ss\u00e9g orsz\u00e1gaiban.<\/span><br \/>\n<span style=\"font-family: Times New Roman CE;\">Tov\u00e1bbi kutat\u00e1si t\u00e9m\u00e1ik:<\/span><br \/>\n<span style=\"font-family: Times New Roman CE;\">&#8211; Ker\u00e9kp\u00e1ros politika \u00e9s annak gyakorlati megval\u00f3s\u00edt\u00e1sa<\/span><br \/>\n<span style=\"font-family: Times New Roman CE;\">&#8211; Ker\u00e9kp\u00e1rok \u00e9s vonatok<\/span><br \/>\n<span style=\"font-family: Times New Roman CE;\">&#8211; Ker\u00e9kp\u00e1rosok \u00e1tjut\u00e1sa a Csatorna alag\u00fatj\u00e1n<\/span><br \/>\n<span style=\"font-family: Times New Roman CE;\">&#8211; Egy\u00fcttm\u0171k\u00f6d\u00e9s az Eur\u00f3pa Parlament \u00e1ltal k\u00e9sz\u00edtett ker\u00e9kp\u00e1ros felm\u00e9r\u00e9sben<\/span><br \/>\n<span style=\"font-family: Times New Roman CE;\">&#8211; Havonk\u00e9nti Ker\u00e9kp\u00e1ros Kutat\u00e1si Jelent\u00e9s<\/span><br \/>\n<span style=\"font-family: Times New Roman CE;\">Mindezek mellett \u00e9vente megrendezik a Velo-City Konferenci\u00e1kat, el\u0151ad\u00e1sp\u00e1ly\u00e1zatot \u00edrnak ki, kereteiken bel\u00fcl m\u0171k\u00f6dik a ,V\u00e1rosok a ker\u00e9kp\u00e1rosok\u00e9rt&#8221; mozgalom, melynek 1992 v\u00e9g\u00e9re 11 tagv\u00e1rosa lett (k\u00f6zt\u00fck szerepel G\u00f6d\u00f6ll\u0151 is, mint az els\u0151 kelet-eur\u00f3pai v\u00e1ros).<\/span><br \/>\n<span style=\"font-family: Times New Roman CE;\">Tov\u00e1bbi r\u00e9szletekkel sz\u00edvesen \u00e1ll rendelkez\u00e9s\u00e9re a Bringa Munkacsoport, valamint az ECF Coordination, Postbus 2150, NL-3440 DD Woerden, Hollandia. Tel.: 00-31348023119,<\/span><br \/>\n<span style=\"font-family: Times New Roman CE;\">fax: 00-31348017058<\/span><br \/>\n<span style=\"font-family: Times New Roman CE;\">Magyarorsz\u00e1gon a jelenlegi k\u00f6zleked\u00e9spoltikai koncepci\u00f3 nem foglalkozik a ker\u00e9kp\u00e1roz\u00e1ssal, sem mint a r\u00f6vid t\u00e1vols\u00e1gok megt\u00e9tel\u00e9re alkalmas v\u00e1rosi, sem mint a nagy t\u00e1vols\u00e1gok vas\u00fattal kombin\u00e1lhat\u00f3 k\u00f6rnyezetbar\u00e1t k\u00f6zleked\u00e9si eszk\u00f6z\u00e9vel. Ezt a s\u00falyos hi\u00e1nyoss\u00e1got enyh\u00edtend\u0151 a Bringa Munkacsoport megegyezett az Eur\u00f3pai Ker\u00e9kp\u00e1ros sz\u00f6vets\u00e9ggel, hogy a ,Ker\u00e9kp\u00e1rok \u00e9s vonatok&#8221; (Bikes and Trains) c\u00edm\u0171 angol szakanyagot eljuttatj\u00e1k a K\u00f6zleked\u00e9si, H\u00edrk\u00f6zl\u00e9si \u00e9s V\u00edz\u00fcgyi Miniszt\u00e9riumnak, a K\u00f6rnyezetv\u00e9delmi \u00e9s Ter\u00fcletfejleszt\u00e9si Miniszt\u00e9riumnak, valamint a Magyar \u00c1llamvasutaknak \u00e9s a Budapesti K\u00f6zleked\u00e9si V\u00e1llalatnak.<\/span><br \/>\n<span style=\"font-family: Times New Roman CE;\">A ,Ker\u00e9kp\u00e1rok \u00e9s vonatok&#8221; c\u00edm\u0171 tanulm\u00e1ny angol nyelven el\u00e9rhet\u0151, k\u00f6lcs\u00f6n\u00f6zhet\u0151 a Bringa Munkacsoport irod\u00e1j\u00e1ban (1054 Budapest, Sz\u00e9chenyi rkp. 7. V. em.)(L\u00e9legzet, 1993. janu\u00e1r)<\/span><\/p>\n","protected":false},"excerpt":{"rendered":"<p>A 19 orsz\u00e1got, 28 tagszervezetet, 5000 aktivist\u00e1t \u00e9s 250 000 ker\u00e9kp\u00e1rost t\u00f6m\u00f6r\u00edt\u0151 szervezet b\u00fcszk\u00e9n vallja, hogy Eur\u00f3pa ker\u00e9kp\u00e1ros lobby- \u00e9s szolg\u00e1ltat\u00f3 szervezete. 1992 m\u00e1jusa \u00f3ta a Bringa munkacsoport tagja e szervezetnek, melyen kereszt\u00fcl a magyar k\u00f6zleked\u0151-ker\u00e9kp\u00e1ros er\u0151fesz\u00edt\u00e9sek Eur\u00f3pa-szerte ismertek, illetve az ottani kutat\u00e1si \u00e9s lobbymunk\u00e1k az itthoni kerekesekhez eljutnak.<\/p>\n","protected":false},"author":4,"featured_media":3462,"comment_status":"open","ping_status":"open","sticky":false,"template":"","format":"standard","meta":{"_acf_changed":false,"footnotes":""},"categories":[259,8,7],"tags":[],"coauthors":[47],"class_list":["post-1990","post","type-post","status-publish","format-standard","has-post-thumbnail","hentry","category-parola-1993-1","category-parola-folyoirat","category-repertorium"],"acf":[],"yoast_head":"<!-- This site is optimized with the Yoast SEO plugin v26.7 - https:\/\/yoast.com\/wordpress\/plugins\/seo\/ -->\n<title>Bemutatkozik az Eur\u00f3pai Ker\u00e9kp\u00e1ros Sz\u00f6vets\u00e9g - Parola Foly\u00f3irat<\/title>\n<meta name=\"robots\" content=\"index, follow, max-snippet:-1, max-image-preview:large, max-video-preview:-1\" \/>\n<link rel=\"canonical\" href=\"https:\/\/kofe.hu\/parola\/parola-folyoirat\/bemutatkozik-az-europai-kerekparos-szovetseg\/\" \/>\n<meta property=\"og:locale\" content=\"hu_HU\" \/>\n<meta property=\"og:type\" content=\"article\" \/>\n<meta property=\"og:title\" content=\"Bemutatkozik az Eur\u00f3pai Ker\u00e9kp\u00e1ros Sz\u00f6vets\u00e9g - Parola Foly\u00f3irat\" \/>\n<meta property=\"og:description\" content=\"A 19 orsz\u00e1got, 28 tagszervezetet, 5000 aktivist\u00e1t \u00e9s 250 000 ker\u00e9kp\u00e1rost t\u00f6m\u00f6r\u00edt\u0151 szervezet b\u00fcszk\u00e9n vallja, hogy Eur\u00f3pa ker\u00e9kp\u00e1ros lobby- \u00e9s szolg\u00e1ltat\u00f3 szervezete. 1992 m\u00e1jusa \u00f3ta a Bringa munkacsoport tagja e szervezetnek, melyen kereszt\u00fcl a magyar k\u00f6zleked\u0151-ker\u00e9kp\u00e1ros er\u0151fesz\u00edt\u00e9sek Eur\u00f3pa-szerte ismertek, illetve az ottani kutat\u00e1si \u00e9s lobbymunk\u00e1k az itthoni kerekesekhez eljutnak.\" \/>\n<meta property=\"og:url\" content=\"https:\/\/kofe.hu\/parola\/parola-folyoirat\/bemutatkozik-az-europai-kerekparos-szovetseg\/\" \/>\n<meta property=\"og:site_name\" content=\"Parola Foly\u00f3irat\" \/>\n<meta property=\"article:published_time\" content=\"2020-06-24T14:54:35+00:00\" \/>\n<meta property=\"article:modified_time\" content=\"2020-07-30T17:21:14+00:00\" \/>\n<meta property=\"og:image\" content=\"https:\/\/kofe.hu\/parola\/wp-content\/uploads\/2020\/07\/93.1.jpeg\" \/>\n\t<meta property=\"og:image:width\" content=\"1430\" \/>\n\t<meta property=\"og:image:height\" content=\"1923\" \/>\n\t<meta property=\"og:image:type\" content=\"image\/jpeg\" \/>\n<meta name=\"author\" content=\"Parola\" \/>\n<meta name=\"twitter:card\" content=\"summary_large_image\" \/>\n<meta name=\"twitter:label1\" content=\"Szerz\u0151:\" \/>\n\t<meta name=\"twitter:data1\" content=\"Parola\" \/>\n\t<meta name=\"twitter:label2\" content=\"Becs\u00fclt olvas\u00e1si id\u0151\" \/>\n\t<meta name=\"twitter:data2\" content=\"4 perc\" \/>\n\t<meta name=\"twitter:label3\" content=\"Written by\" \/>\n\t<meta name=\"twitter:data3\" content=\"Parola\" \/>\n<script type=\"application\/ld+json\" class=\"yoast-schema-graph\">{\"@context\":\"https:\/\/schema.org\",\"@graph\":[{\"@type\":\"Article\",\"@id\":\"https:\/\/kofe.hu\/parola\/parola-folyoirat\/bemutatkozik-az-europai-kerekparos-szovetseg\/#article\",\"isPartOf\":{\"@id\":\"https:\/\/kofe.hu\/parola\/parola-folyoirat\/bemutatkozik-az-europai-kerekparos-szovetseg\/\"},\"author\":{\"name\":\"Parola\",\"@id\":\"https:\/\/kofe.hu\/parola\/#\/schema\/person\/b39ea6ec0995233537351d7e33281aeb\"},\"headline\":\"Bemutatkozik az Eur\u00f3pai Ker\u00e9kp\u00e1ros Sz\u00f6vets\u00e9g\",\"datePublished\":\"2020-06-24T14:54:35+00:00\",\"dateModified\":\"2020-07-30T17:21:14+00:00\",\"mainEntityOfPage\":{\"@id\":\"https:\/\/kofe.hu\/parola\/parola-folyoirat\/bemutatkozik-az-europai-kerekparos-szovetseg\/\"},\"wordCount\":778,\"commentCount\":0,\"image\":{\"@id\":\"https:\/\/kofe.hu\/parola\/parola-folyoirat\/bemutatkozik-az-europai-kerekparos-szovetseg\/#primaryimage\"},\"thumbnailUrl\":\"https:\/\/kofe.hu\/parola\/wp-content\/uploads\/2020\/07\/93.1.jpeg\",\"articleSection\":[\"Parola 1993\/1\",\"Parola Foly\u00f3irat\",\"Repert\u00f3rium\"],\"inLanguage\":\"hu\",\"potentialAction\":[{\"@type\":\"CommentAction\",\"name\":\"Comment\",\"target\":[\"https:\/\/kofe.hu\/parola\/parola-folyoirat\/bemutatkozik-az-europai-kerekparos-szovetseg\/#respond\"]}]},{\"@type\":\"WebPage\",\"@id\":\"https:\/\/kofe.hu\/parola\/parola-folyoirat\/bemutatkozik-az-europai-kerekparos-szovetseg\/\",\"url\":\"https:\/\/kofe.hu\/parola\/parola-folyoirat\/bemutatkozik-az-europai-kerekparos-szovetseg\/\",\"name\":\"Bemutatkozik az Eur\u00f3pai Ker\u00e9kp\u00e1ros Sz\u00f6vets\u00e9g - Parola Foly\u00f3irat\",\"isPartOf\":{\"@id\":\"https:\/\/kofe.hu\/parola\/#website\"},\"primaryImageOfPage\":{\"@id\":\"https:\/\/kofe.hu\/parola\/parola-folyoirat\/bemutatkozik-az-europai-kerekparos-szovetseg\/#primaryimage\"},\"image\":{\"@id\":\"https:\/\/kofe.hu\/parola\/parola-folyoirat\/bemutatkozik-az-europai-kerekparos-szovetseg\/#primaryimage\"},\"thumbnailUrl\":\"https:\/\/kofe.hu\/parola\/wp-content\/uploads\/2020\/07\/93.1.jpeg\",\"datePublished\":\"2020-06-24T14:54:35+00:00\",\"dateModified\":\"2020-07-30T17:21:14+00:00\",\"author\":{\"@id\":\"https:\/\/kofe.hu\/parola\/#\/schema\/person\/b39ea6ec0995233537351d7e33281aeb\"},\"breadcrumb\":{\"@id\":\"https:\/\/kofe.hu\/parola\/parola-folyoirat\/bemutatkozik-az-europai-kerekparos-szovetseg\/#breadcrumb\"},\"inLanguage\":\"hu\",\"potentialAction\":[{\"@type\":\"ReadAction\",\"target\":[\"https:\/\/kofe.hu\/parola\/parola-folyoirat\/bemutatkozik-az-europai-kerekparos-szovetseg\/\"]}]},{\"@type\":\"ImageObject\",\"inLanguage\":\"hu\",\"@id\":\"https:\/\/kofe.hu\/parola\/parola-folyoirat\/bemutatkozik-az-europai-kerekparos-szovetseg\/#primaryimage\",\"url\":\"https:\/\/kofe.hu\/parola\/wp-content\/uploads\/2020\/07\/93.1.jpeg\",\"contentUrl\":\"https:\/\/kofe.hu\/parola\/wp-content\/uploads\/2020\/07\/93.1.jpeg\",\"width\":1430,\"height\":1923},{\"@type\":\"BreadcrumbList\",\"@id\":\"https:\/\/kofe.hu\/parola\/parola-folyoirat\/bemutatkozik-az-europai-kerekparos-szovetseg\/#breadcrumb\",\"itemListElement\":[{\"@type\":\"ListItem\",\"position\":1,\"name\":\"Home\",\"item\":\"https:\/\/kofe.hu\/parola\/\"},{\"@type\":\"ListItem\",\"position\":2,\"name\":\"Bemutatkozik az Eur\u00f3pai Ker\u00e9kp\u00e1ros Sz\u00f6vets\u00e9g\"}]},{\"@type\":\"WebSite\",\"@id\":\"https:\/\/kofe.hu\/parola\/#website\",\"url\":\"https:\/\/kofe.hu\/parola\/\",\"name\":\"Parola Foly\u00f3irat\",\"description\":\"\",\"potentialAction\":[{\"@type\":\"SearchAction\",\"target\":{\"@type\":\"EntryPoint\",\"urlTemplate\":\"https:\/\/kofe.hu\/parola\/?s={search_term_string}\"},\"query-input\":{\"@type\":\"PropertyValueSpecification\",\"valueRequired\":true,\"valueName\":\"search_term_string\"}}],\"inLanguage\":\"hu\"},{\"@type\":\"Person\",\"@id\":\"https:\/\/kofe.hu\/parola\/#\/schema\/person\/b39ea6ec0995233537351d7e33281aeb\",\"name\":\"Parola\",\"image\":{\"@type\":\"ImageObject\",\"inLanguage\":\"hu\",\"@id\":\"https:\/\/kofe.hu\/parola\/#\/schema\/person\/image\/ef1d7dc4d1949d5457aa415351763853\",\"url\":\"https:\/\/secure.gravatar.com\/avatar\/c18c00ea50048aa7adb99e5d11e4250d05111e33b2bea02671439eb7912c945e?s=96&d=mm&r=g\",\"contentUrl\":\"https:\/\/secure.gravatar.com\/avatar\/c18c00ea50048aa7adb99e5d11e4250d05111e33b2bea02671439eb7912c945e?s=96&d=mm&r=g\",\"caption\":\"Parola\"},\"url\":\"https:\/\/kofe.hu\/parola\/szerzok\/parola\/\"}]}<\/script>\n<!-- \/ Yoast SEO plugin. -->","yoast_head_json":{"title":"Bemutatkozik az Eur\u00f3pai Ker\u00e9kp\u00e1ros Sz\u00f6vets\u00e9g - Parola Foly\u00f3irat","robots":{"index":"index","follow":"follow","max-snippet":"max-snippet:-1","max-image-preview":"max-image-preview:large","max-video-preview":"max-video-preview:-1"},"canonical":"https:\/\/kofe.hu\/parola\/parola-folyoirat\/bemutatkozik-az-europai-kerekparos-szovetseg\/","og_locale":"hu_HU","og_type":"article","og_title":"Bemutatkozik az Eur\u00f3pai Ker\u00e9kp\u00e1ros Sz\u00f6vets\u00e9g - Parola Foly\u00f3irat","og_description":"A 19 orsz\u00e1got, 28 tagszervezetet, 5000 aktivist\u00e1t \u00e9s 250 000 ker\u00e9kp\u00e1rost t\u00f6m\u00f6r\u00edt\u0151 szervezet b\u00fcszk\u00e9n vallja, hogy Eur\u00f3pa ker\u00e9kp\u00e1ros lobby- \u00e9s szolg\u00e1ltat\u00f3 szervezete. 1992 m\u00e1jusa \u00f3ta a Bringa munkacsoport tagja e szervezetnek, melyen kereszt\u00fcl a magyar k\u00f6zleked\u0151-ker\u00e9kp\u00e1ros er\u0151fesz\u00edt\u00e9sek Eur\u00f3pa-szerte ismertek, illetve az ottani kutat\u00e1si \u00e9s lobbymunk\u00e1k az itthoni kerekesekhez eljutnak.","og_url":"https:\/\/kofe.hu\/parola\/parola-folyoirat\/bemutatkozik-az-europai-kerekparos-szovetseg\/","og_site_name":"Parola Foly\u00f3irat","article_published_time":"2020-06-24T14:54:35+00:00","article_modified_time":"2020-07-30T17:21:14+00:00","og_image":[{"width":1430,"height":1923,"url":"https:\/\/kofe.hu\/parola\/wp-content\/uploads\/2020\/07\/93.1.jpeg","type":"image\/jpeg"}],"author":"Parola","twitter_card":"summary_large_image","twitter_misc":{"Szerz\u0151:":"Parola","Becs\u00fclt olvas\u00e1si id\u0151":"4 perc","Written by":"Parola"},"schema":{"@context":"https:\/\/schema.org","@graph":[{"@type":"Article","@id":"https:\/\/kofe.hu\/parola\/parola-folyoirat\/bemutatkozik-az-europai-kerekparos-szovetseg\/#article","isPartOf":{"@id":"https:\/\/kofe.hu\/parola\/parola-folyoirat\/bemutatkozik-az-europai-kerekparos-szovetseg\/"},"author":{"name":"Parola","@id":"https:\/\/kofe.hu\/parola\/#\/schema\/person\/b39ea6ec0995233537351d7e33281aeb"},"headline":"Bemutatkozik az Eur\u00f3pai Ker\u00e9kp\u00e1ros Sz\u00f6vets\u00e9g","datePublished":"2020-06-24T14:54:35+00:00","dateModified":"2020-07-30T17:21:14+00:00","mainEntityOfPage":{"@id":"https:\/\/kofe.hu\/parola\/parola-folyoirat\/bemutatkozik-az-europai-kerekparos-szovetseg\/"},"wordCount":778,"commentCount":0,"image":{"@id":"https:\/\/kofe.hu\/parola\/parola-folyoirat\/bemutatkozik-az-europai-kerekparos-szovetseg\/#primaryimage"},"thumbnailUrl":"https:\/\/kofe.hu\/parola\/wp-content\/uploads\/2020\/07\/93.1.jpeg","articleSection":["Parola 1993\/1","Parola Foly\u00f3irat","Repert\u00f3rium"],"inLanguage":"hu","potentialAction":[{"@type":"CommentAction","name":"Comment","target":["https:\/\/kofe.hu\/parola\/parola-folyoirat\/bemutatkozik-az-europai-kerekparos-szovetseg\/#respond"]}]},{"@type":"WebPage","@id":"https:\/\/kofe.hu\/parola\/parola-folyoirat\/bemutatkozik-az-europai-kerekparos-szovetseg\/","url":"https:\/\/kofe.hu\/parola\/parola-folyoirat\/bemutatkozik-az-europai-kerekparos-szovetseg\/","name":"Bemutatkozik az Eur\u00f3pai Ker\u00e9kp\u00e1ros Sz\u00f6vets\u00e9g - Parola Foly\u00f3irat","isPartOf":{"@id":"https:\/\/kofe.hu\/parola\/#website"},"primaryImageOfPage":{"@id":"https:\/\/kofe.hu\/parola\/parola-folyoirat\/bemutatkozik-az-europai-kerekparos-szovetseg\/#primaryimage"},"image":{"@id":"https:\/\/kofe.hu\/parola\/parola-folyoirat\/bemutatkozik-az-europai-kerekparos-szovetseg\/#primaryimage"},"thumbnailUrl":"https:\/\/kofe.hu\/parola\/wp-content\/uploads\/2020\/07\/93.1.jpeg","datePublished":"2020-06-24T14:54:35+00:00","dateModified":"2020-07-30T17:21:14+00:00","author":{"@id":"https:\/\/kofe.hu\/parola\/#\/schema\/person\/b39ea6ec0995233537351d7e33281aeb"},"breadcrumb":{"@id":"https:\/\/kofe.hu\/parola\/parola-folyoirat\/bemutatkozik-az-europai-kerekparos-szovetseg\/#breadcrumb"},"inLanguage":"hu","potentialAction":[{"@type":"ReadAction","target":["https:\/\/kofe.hu\/parola\/parola-folyoirat\/bemutatkozik-az-europai-kerekparos-szovetseg\/"]}]},{"@type":"ImageObject","inLanguage":"hu","@id":"https:\/\/kofe.hu\/parola\/parola-folyoirat\/bemutatkozik-az-europai-kerekparos-szovetseg\/#primaryimage","url":"https:\/\/kofe.hu\/parola\/wp-content\/uploads\/2020\/07\/93.1.jpeg","contentUrl":"https:\/\/kofe.hu\/parola\/wp-content\/uploads\/2020\/07\/93.1.jpeg","width":1430,"height":1923},{"@type":"BreadcrumbList","@id":"https:\/\/kofe.hu\/parola\/parola-folyoirat\/bemutatkozik-az-europai-kerekparos-szovetseg\/#breadcrumb","itemListElement":[{"@type":"ListItem","position":1,"name":"Home","item":"https:\/\/kofe.hu\/parola\/"},{"@type":"ListItem","position":2,"name":"Bemutatkozik az Eur\u00f3pai Ker\u00e9kp\u00e1ros Sz\u00f6vets\u00e9g"}]},{"@type":"WebSite","@id":"https:\/\/kofe.hu\/parola\/#website","url":"https:\/\/kofe.hu\/parola\/","name":"Parola Foly\u00f3irat","description":"","potentialAction":[{"@type":"SearchAction","target":{"@type":"EntryPoint","urlTemplate":"https:\/\/kofe.hu\/parola\/?s={search_term_string}"},"query-input":{"@type":"PropertyValueSpecification","valueRequired":true,"valueName":"search_term_string"}}],"inLanguage":"hu"},{"@type":"Person","@id":"https:\/\/kofe.hu\/parola\/#\/schema\/person\/b39ea6ec0995233537351d7e33281aeb","name":"Parola","image":{"@type":"ImageObject","inLanguage":"hu","@id":"https:\/\/kofe.hu\/parola\/#\/schema\/person\/image\/ef1d7dc4d1949d5457aa415351763853","url":"https:\/\/secure.gravatar.com\/avatar\/c18c00ea50048aa7adb99e5d11e4250d05111e33b2bea02671439eb7912c945e?s=96&d=mm&r=g","contentUrl":"https:\/\/secure.gravatar.com\/avatar\/c18c00ea50048aa7adb99e5d11e4250d05111e33b2bea02671439eb7912c945e?s=96&d=mm&r=g","caption":"Parola"},"url":"https:\/\/kofe.hu\/parola\/szerzok\/parola\/"}]}},"_links":{"self":[{"href":"https:\/\/kofe.hu\/parola\/wp-json\/wp\/v2\/posts\/1990","targetHints":{"allow":["GET"]}}],"collection":[{"href":"https:\/\/kofe.hu\/parola\/wp-json\/wp\/v2\/posts"}],"about":[{"href":"https:\/\/kofe.hu\/parola\/wp-json\/wp\/v2\/types\/post"}],"author":[{"embeddable":true,"href":"https:\/\/kofe.hu\/parola\/wp-json\/wp\/v2\/users\/4"}],"replies":[{"embeddable":true,"href":"https:\/\/kofe.hu\/parola\/wp-json\/wp\/v2\/comments?post=1990"}],"version-history":[{"count":2,"href":"https:\/\/kofe.hu\/parola\/wp-json\/wp\/v2\/posts\/1990\/revisions"}],"predecessor-version":[{"id":5014,"href":"https:\/\/kofe.hu\/parola\/wp-json\/wp\/v2\/posts\/1990\/revisions\/5014"}],"wp:featuredmedia":[{"embeddable":true,"href":"https:\/\/kofe.hu\/parola\/wp-json\/wp\/v2\/media\/3462"}],"wp:attachment":[{"href":"https:\/\/kofe.hu\/parola\/wp-json\/wp\/v2\/media?parent=1990"}],"wp:term":[{"taxonomy":"category","embeddable":true,"href":"https:\/\/kofe.hu\/parola\/wp-json\/wp\/v2\/categories?post=1990"},{"taxonomy":"post_tag","embeddable":true,"href":"https:\/\/kofe.hu\/parola\/wp-json\/wp\/v2\/tags?post=1990"},{"taxonomy":"author","embeddable":true,"href":"https:\/\/kofe.hu\/parola\/wp-json\/wp\/v2\/coauthors?post=1990"}],"curies":[{"name":"wp","href":"https:\/\/api.w.org\/{rel}","templated":true}]}}