{"id":1982,"date":"2020-06-24T14:40:02","date_gmt":"2020-06-24T14:40:02","guid":{"rendered":"https:\/\/kofe.hu\/parola\/?p=1982"},"modified":"2020-07-30T17:20:13","modified_gmt":"2020-07-30T17:20:13","slug":"a-helyi-radiozasrol-helyi-radio-es-televizio-allomasok-hollandiaban","status":"publish","type":"post","link":"https:\/\/kofe.hu\/parola\/parola-folyoirat\/a-helyi-radiozasrol-helyi-radio-es-televizio-allomasok-hollandiaban\/","title":{"rendered":"A helyi r\u00e1di\u00f3z\u00e1sr\u00f3l: Helyi r\u00e1di\u00f3- \u00e9s telev\u00edzi\u00f3-\u00e1llom\u00e1sok Hollandi\u00e1ban"},"content":{"rendered":"<p>A helyi k\u00f6z\u00f6ss\u00e9gek joga a r\u00e1di\u00f3 \u00e9s TV ,csin\u00e1l\u00e1s\u00e1hoz&#8221;<\/p>\n<p style=\"text-align: justify;\"><span style=\"font-family: Times New Roman CE;\">1992 okt\u00f3ber\u00e9ben Magyarorsz\u00e1gon j\u00e1rt Henri Braakenburg szociol\u00f3gus, a Holland Gondoz\u00e1si \u00e9s N\u00e9pj\u00f3l\u00e9ti rintel Int\u00e9zet (NIZW) munkat\u00e1rsa.<\/span><br \/>\n<span style=\"font-family: Times New Roman CE;\">\u00datj\u00e1nak c\u00e9lja az volt, hogy felvegye a kapcsolatot a hazai k\u00f6z\u00f6ss\u00e9gfejleszt\u0151kkel. Olyanokkal, akiket \u00e9rint \u00e9s \u00e9rdekel a helyi r\u00e1di\u00f3- \u00e9s telev\u00edzi\u00f3-\u00e1llom\u00e1sok, a k\u00f6z\u00f6ss\u00e9gfejleszt\u00e9s \u00e9s a feln\u0151ttnevel\u00e9s kapcsolatai.<\/span><\/p>\n<p style=\"text-align: justify;\"><!--more--><br \/>\n<span style=\"font-family: Times New Roman CE;\">Magyarorsz\u00e1gi tapasztalatai alapj\u00e1n Henri Braakenburg szervezett sz\u00e1munkra egy hollandiai tanulm\u00e1nyutat, melyet magyar r\u00e9szr\u0151l a vend\u00e9g\u00fcnk itteni \u00fatj\u00e1t is gondoz\u00f3 K\u00f6z\u00f6ss\u00e9gfejleszt\u0151k Egyes\u00fclete koordin\u00e1lt.<\/span><\/p>\n<p><span style=\"font-family: Times New Roman CE;\">A r\u00e1di\u00f3- \u00e9s telev\u00edzi\u00f3-\u00e1llom\u00e1sok rendszere Hollandi\u00e1ban<\/span><\/p>\n<p><span style=\"font-family: Times New Roman CE;\">1.Orsz\u00e1gos sug\u00e1rz\u00e1ssal 5 r\u00e1di\u00f3- \u00e9s telev\u00edzi\u00f3-\u00e1llom\u00e1s m\u0171k\u00f6dik. Ezek munk\u00e1j\u00e1nak koordin\u00e1l\u00e1s\u00e1t a Holland R\u00e1di\u00f3 \u00e9s Telev\u00edzi\u00f3 T\u00e1rsas\u00e1g l\u00e1tja el, melynek tagja mindegyik \u00e1llom\u00e1s \u00e9s a korm\u00e1ny k\u00e9pvisel\u0151je is.<\/span><br \/>\n<span style=\"font-family: Times New Roman CE;\">2.Region\u00e1lis szinten 22 r\u00e1di\u00f3\u00e1llom\u00e1s m\u0171k\u00f6dik. Felm\u00e9r\u00e9sek szerint naponta 2,5 milli\u00f3an hallgatj\u00e1k ezek m\u0171sorait.<\/span><br \/>\n<span style=\"font-family: Times New Roman CE;\">Fel\u00fcgyel\u0151 Bizotts\u00e1gok biztos\u00edtj\u00e1k azt, hogy a m\u00e9diahaszn\u00e1lat a lakoss\u00e1g csoportjai r\u00e9sz\u00e9re el\u00e9rhet\u0151 legyen. A Bizotts\u00e1gban a r\u00e9gi\u00f3 jelent\u0151sebb \u00e9rdekk\u00e9pviseleti csoportjai vesznek r\u00e9szt, \u0151k hat\u00e1rozz\u00e1k meg az ad\u00f3k m\u0171sorpolitik\u00e1j\u00e1t.<\/span><br \/>\n<span style=\"font-family: Times New Roman CE;\">3.Magas a helyi \u00e1llom\u00e1sok sz\u00e1ma is. A nijmegeni egyetem adatai szerint 267 helyi m\u0171sorsug\u00e1rz\u00f3 \u00e1llom\u00e1s (k\u00f6zt\u00fck k\u00f6z\u00f6s r\u00e1di\u00f3 \u00e9s telev\u00edzi\u00f3 is) l\u00e9tezik. A holland lakoss\u00e1g (kb. 15 milli\u00f3) 75,9 %-a hallgatja a helyi r\u00e1di\u00f3kat, 41,2 %-a pedig n\u00e9zi a helyi telev\u00edzi\u00f3k m\u0171sorait.<\/span><\/p>\n<p><span style=\"font-family: Times New Roman CE;\">A helyi \u00e1llom\u00e1sok 1987 \u00f3ta m\u0171k\u00f6dhetnek leg\u00e1lisan, amikor is a holland m\u00e9diat\u00f6rv\u00e9ny megsz\u00fcletett. Kor\u00e1bban illeg\u00e1lisan ill. t\u00f6bben ideiglenesen, enged\u00e9llyel m\u0171k\u00f6dtek.<\/span><br \/>\n<span style=\"font-family: Times New Roman CE;\">A m\u0171sorsz\u00f3r\u00e1si enged\u00e9lyeket a N\u00e9pj\u00f3l\u00e9ti \u00e9s Kultur\u00e1lis Miniszt\u00e9rium adja ki. R\u00e9gi\u00f3k\u00e9nt ill. telep\u00fcl\u00e9senk\u00e9nt is csak egy enged\u00e9lyt ad ki \u00e9s a k\u00e9relmez\u0151nek rendelkezni kell a r\u00e9gi\u00f3beli, ill. a helyi hat\u00f3s\u00e1gok j\u00f3v\u00e1hagy\u00e1s\u00e1val is.<\/span><br \/>\n<span style=\"font-family: Times New Roman CE;\">A m\u00e9dia \u00e1llamilag nem ellen\u0151rz\u00f6tt, ez Hollandi\u00e1ban elk\u00e9pzelhetetlen. Az orsz\u00e1gos \u00e9s region\u00e1lis \u00e1llom\u00e1sok t\u00f6rv\u00e9ny \u00e1ltal el\u0151\u00edrt t\u00e1mogat\u00e1st kapnak az ad\u00f3bev\u00e9telekb\u0151l.<\/span><\/p>\n<p><span style=\"font-family: Times New Roman CE;\">Helyi \u00e1llom\u00e1sok jellemz\u0151i<\/span><\/p>\n<p><span style=\"font-family: Times New Roman CE;\">Finansz\u00edroz\u00e1s<\/span><br \/>\n<span style=\"font-family: Times New Roman CE;\">A helyi m\u00e9di\u00e1k anyagi t\u00e1mogat\u00e1sa nem olyan szab\u00e1lyozott, mint az orsz\u00e1gos \u00e9s a region\u00e1lis ad\u00f3k\u00e9. Az \u00f6nkorm\u00e1nyzatok d\u00f6ntenek a t\u00e1mogat\u00e1s m\u00e9rt\u00e9k\u00e9r\u0151l. Ez igen jelent\u0151s, az \u00e1llom\u00e1sok kiad\u00e1sainak \u00e1ltal\u00e1ban 80 %-\u00e1t fedezik, a fennmarad\u00f3 20 %-ot egy\u00e9b t\u00e1mogat\u00e1sokb\u00f3l p\u00f3tolj\u00e1k. Egy 1992-es t\u00f6rv\u00e9ny alapj\u00e1n a helyi ad\u00f3kon is lehet\u0151s\u00e9g ny\u00edlt a rekl\u00e1mok sug\u00e1rz\u00e1s\u00e1ra. (A napi \u00f6ssz-m\u0171sorid\u0151 6,5 %-\u00e1t t\u00f6ltheti ki a rekl\u00e1m, term\u00e9szetesen tetsz\u0151leges eloszl\u00e1sban.) Ez bev\u00e9teln\u00f6vel\u0151 lehet\u0151s\u00e9g, ugyanakkor az \u00e1llom\u00e1sokat m\u0171k\u00f6dtet\u0151k f\u00e9lnek a kommercionaliz\u00e1l\u00f3d\u00e1st\u00f3l. A j\u00f6v\u0151ben t\u00f6bb forr\u00e1sb\u00f3l t\u00e1pl\u00e1lkozhatnak az \u00e1llom\u00e1sok. Az \u00f6nkorm\u00e1nyzati t\u00e1mogat\u00e1s, a hallgat\u00f3k t\u00e1mogat\u00e1sa \u00e9s a rekl\u00e1mbev\u00e9telek a t\u00f6bb l\u00e1bon \u00e1ll\u00e1st seg\u00edtik.<\/span><\/p>\n<p><span style=\"font-family: Times New Roman CE;\">M\u0171sorszerkezet<\/span><br \/>\n<span style=\"font-family: Times New Roman CE;\">Az el\u0151bb eml\u00edtett t\u00f6rv\u00e9ny a m\u0171sorok jelleg\u00e9t is szab\u00e1lyoza, term\u00e9szetesen csak keret jelleggel. A m\u0171sorok 50 %-\u00e1nak kultur\u00e1lis, oktat\u00e1si, inform\u00e1ci\u00f3s jelleg\u0171nek kell lennie. A 6,5 %-os rekl\u00e1mid\u0151t m\u00e1r eml\u00edtett\u00fck. A fennmarad\u00f3 m\u0171sorid\u0151vel kapcsolatban az \u00f6nkorm\u00e1nyzatok is hozhatnak keret jelleg\u0171 szab\u00e1lyokat.<\/span><br \/>\n<span style=\"font-family: Times New Roman CE;\">A helyi \u00e1llom\u00e1sok nyilv\u00e1nval\u00f3 jellemz\u0151je, hogy m\u0171soraik olyan t\u00e9m\u00e1kkal foglalkoznak, melyek az embereket k\u00f6zvetlen\u00fcl \u00e9rintik, ez\u00e1ltal \u00e9rdeklik. A hallgat\u00f3k napi \u00e9let\u00e9ben szerepl\u0151 szem\u00e9lyekr\u0151l, felvet\u0151d\u0151 k\u00e9rd\u00e9sekr\u0151l sz\u00f3lnak a m\u0171sorok. \u00edgy a helyi k\u00f6z\u00f6ss\u00e9gek \u00e9rdekl\u0151d\u00e9se fokozhat\u00f3, a m\u0171sorok a k\u00f6z\u00f6ss\u00e9gfejleszt\u0151 munka fontos eszk\u00f6zei lehetnek.<\/span><br \/>\n<span style=\"font-family: Times New Roman CE;\">Saj\u00e1tos jellemz\u0151je a hollandiai helyi r\u00e1di\u00f3z\u00e1snak \u00e9s telev\u00edzi\u00f3z\u00e1snak a feln\u0151ttoktat\u00e1s \u00e9s a helyi m\u00e9dia szoros kapcsolata. A korm\u00e1ny is t\u00e1mogatja a helyi m\u00e9di\u00e1k oktat\u00e1s\u00e1ban \u00e9s a helyi k\u00f6z\u00e9rdek\u0171-k\u00f6zhaszn\u00fa ismeretek terjeszt\u00e9s\u00e9ben.<\/span><\/p>\n<p><span style=\"font-family: Times New Roman CE;\">M\u0171k\u00f6d\u00e9si szerkezet, m\u0171k\u00f6dtet\u0151k<\/span><br \/>\n<span style=\"font-family: Times New Roman CE;\">Jellemz\u0151 a helyi m\u00e9di\u00e1kra, hogy szervezet\u00fck nyitott, a polg\u00e1rok k\u00fcl\u00f6nb\u00f6z\u0151 csoportjainak szabadon hozz\u00e1f\u00e9rhet\u0151. D\u00f6nt\u0151en \u00f6nk\u00e9ntesek v\u00e9gzik a munk\u00e1t az \u00f6nk\u00e9ntesekhez b\u00e1rki csatlakozhat. Az \u00e1llom\u00e1sok t\u00f6bbs\u00e9ge t\u00f6rekszik arra, hogy legal\u00e1bb az \u00f6nk\u00e9ntesek k\u00f6lts\u00e9geit megt\u00e9r\u00edtse. Az \u00edgy v\u00e9gzett munka els\u0151sorban fontos \u00f6nkifejez\u00e9si m\u00f3d vagy j\u00f3 ,el\u0151tanulm\u00e1ny&#8221; a profi m\u00e9di\u00e1hoz k\u00e9sz\u00fcl\u0151knek, adott esetben \u00e9rtelmes cselekv\u00e9s a munka n\u00e9lk\u00fcl l\u00e9v\u0151knek. \u00c1ltal\u00e1ban elmondhat\u00f3 a helyi m\u00e9di\u00e1kr\u00f3l, hogy kis l\u00e9tsz\u00e1m\u00faak, rugalmas szervezet\u0171ek, k\u00e9pesek gyorsan k\u00f6vetni a helyi viszonyok v\u00e1ltoz\u00e1s\u00e1t \u00e9s a kommunik\u00e1ci\u00f3nak az orsz\u00e1gos \u00e9s region\u00e1lis \u00e1llom\u00e1sokhoz k\u00e9pest sokkal olcs\u00f3bb v\u00e1ltozat\u00e1t biztos\u00edtj\u00e1k.<\/span><\/p>\n<p><span style=\"font-family: Times New Roman CE;\">Konkr\u00e9t p\u00e9ld\u00e1k<\/span><br \/>\n<span style=\"font-family: Times New Roman CE;\">Dordrechtben (kb. 200 ezer lakos\u00fa v\u00e1ros) pl. a helyi telev\u00edzi\u00f3t egy az \u00f6nkorm\u00e1nyzat \u00e1ltal is l\u00e9trehozott \u00e9s t\u00e1mogatott alap\u00edtv\u00e1ny m\u0171k\u00f6dteti. A TV szombaton \u00e9s vas\u00e1rnap ad 2&#215;2 \u00f3r\u00e1s m\u0171sort, melyet aznap k\u00e9tszer megism\u00e9telnek. A st\u00e1b 40 \u00f6nk\u00e9ntesb\u0151l \u00e1ll, csak a k\u00f6lts\u00e9geiket t\u00e9r\u00edtik.<\/span><br \/>\n<span style=\"font-family: Times New Roman CE;\">Amersfoortban a helyi r\u00e1di\u00f3 p\u00e1rhuzamosan 2 m\u0171sort is sug\u00e1roz, az egyiket napi 24 \u00f3r\u00e1ban. A r\u00e1di\u00f3n\u00e1l dolgoz\u00f3 60 f\u0151b\u0151l 3 f\u0151\u00e1ll\u00e1s\u00fa, 5 r\u00e9szfoglalkoz\u00e1s\u00fa, a t\u00f6bbi \u00f6nk\u00e9ntes. A helyi telev\u00edzi\u00f3 heti 2 \u00f3r\u00e1s m\u0171sor\u00e1t vas\u00e1rnap sug\u00e1rozza \u00e9s ezt szint\u00e9n aznap k\u00e9tszer megism\u00e9tlik.<\/span><br \/>\n<span style=\"font-family: Times New Roman CE;\">A v\u00e1ros 110 ezer lakos\u00e1b\u00f3l 16 ezren rendszeres r\u00e1di\u00f3hallgat\u00f3k, 20 ezren \u00e1lland\u00f3 n\u00e9z\u0151i a helyi TV-nek. A helyi r\u00e1di\u00f3- \u00e9s telev\u00edzi\u00f3-\u00e1llom\u00e1st itt egy 16 f\u0151s Igazgat\u00f3tan\u00e1cs fel\u00fcgyeli. Ez a test\u00fclet \u00e1ltal\u00e1ban h\u00e1rom havonta \u00fcl\u00e9sezik. Az \u00e1llom\u00e1s strat\u00e9giai c\u00e9lkit\u0171z\u00e9seit hat\u00e1rozza meg. Az Igazgat\u00f3tan\u00e1cs \u00f6sszet\u00e9tel\u00e9\u00e9rt az \u00f6nkorm\u00e1nyzat felel. Test\u00fcletben helyet kell kapniuk a helyi k\u00f6z\u00f6ss\u00e9g kultur\u00e1lis, vall\u00e1si csoportjainak is. Amersfoortban a konkr\u00e9t ir\u00e1ny\u00edt\u00f3 feladatot egy havonta \u00fcl\u00e9sez\u0151 5 f\u0151s Vezet\u0151 Test\u00fclet l\u00e1tja el. (Ez az 5 f\u0151 egyben tagja az Igazgat\u00f3tan\u00e1csnak is.) A napi munka ir\u00e1ny\u00edt\u00e1s\u00e1t egy f\u0151\u00e1ll\u00e1s\u00fa igazgat\u00f3-f\u0151szerkeszt\u0151 v\u00e9gzi. Ez az ir\u00e1ny\u00edt\u00e1si strukt\u00fara \u00e1ltal\u00e1ban jellemz\u0151 a helyi m\u00e9di\u00e1kra. (Igazgat\u00f3tan\u00e1cs, Vezet\u0151 Test\u00fclet), de az igazgat\u00f3-f\u0151szerkeszt\u0151 az esetek t\u00f6bbs\u00e9g\u00e9ben \u00f6nk\u00e9ntes.<\/span><br \/>\n<span style=\"font-family: Times New Roman CE;\">Geldermalsen egy 15 ezer lakos\u00fa kisv\u00e1ros. Itt m\u0171k\u00f6dik a LOGO (Lokale Omroep Geldermalsen en Omstreken). Ez a frekvenciat\u00f6rv\u00e9ny (1987) \u00f3ta leg\u00e1lis, kor\u00e1bban kal\u00f3z r\u00e1di\u00f3 napi 6 \u00f3r\u00e1n \u00e1t szolg\u00e1ltatott m\u0171sort (18 \u00e9s 24 \u00f3ra k\u00f6z\u00f6tt). H\u00e9t v\u00e9g\u00e9n napi 16 \u00f3r\u00e1s az ad\u00e1sidej\u00fck (8-14). A munk\u00e1t 40 \u00f6nk\u00e9ntes l\u00e1tja el, nincs f\u0151\u00e1ll\u00e1s\u00fa alkalmazott. A helyi telev\u00edzi\u00f3t is ez a st\u00e1b m\u0171k\u00f6dteti, havonta 2&#215;2 \u00f3r\u00e1s m\u0171sort k\u00e9sz\u00edtenek.<\/span><br \/>\n<span style=\"font-family: Times New Roman CE;\">A r\u00e1di\u00f3 sug\u00e1roz az \u00e9terbe \u00e9s foghat\u00f3 k\u00e1belen is. Hollandi\u00e1ban \u00e1ltal\u00e1ban jellemzi ez a k\u00e9t forma mindegyik helyi m\u00e9di\u00e1t. A holland telep\u00fcl\u00e9sek (\u00f6sszesen k\u00f6zel 700) t\u00f6bbs\u00e9g\u00e9ben j\u00f3l ki\u00e9p\u00edtett k\u00e1belh\u00e1l\u00f3zat m\u0171k\u00f6dik. Ez egy\u00e9bk\u00e9nt nagyban seg\u00edtette a helyi m\u00e9di\u00e1k gyors elterjed\u00e9s\u00e9t.<\/span><br \/>\n<span style=\"font-family: Times New Roman CE;\">A LOGO a Geldermalsen k\u00f6zel\u00e9ben l\u00e9v\u0151 18 faluba is eljuttathatja m\u0171sorait. Ehhez a \u00e9rintett falvak enged\u00e9ly\u00e9t is meg kellett szereznie \u00e9s a t\u00f6rv\u00e9nyek \u00e9rtelm\u00e9ben ezek a falvak m\u00e1r m\u00e1s \u00e1llom\u00e1snak nem adhatnak enged\u00e9lyt a m\u0171sorsz\u00f3r\u00e1sra.<\/span><br \/>\n<span style=\"font-family: Times New Roman CE;\">A helyi m\u00e9di\u00e1k m\u0171k\u00f6d\u00e9s\u00e9re jellemz\u0151 az egym\u00e1ssal val\u00f3 kapcsolattart\u00e1s. L\u00e9trehozt\u00e1k a Hollandiai Helyi R\u00e1di\u00f3- \u00e9s Telev\u00edzi\u00f3-\u00e1llom\u00e1sok Egyes\u00fclet\u00e9t (OLON). Ez a szervezet mintegy szakszervezete a helyi m\u00e9di\u00e1knak. \u00c9rdekv\u00e9d\u0151 munk\u00e1ja mellett igyekszik \u00f6sszehangolni is azok munk\u00e1j\u00e1t. Konkr\u00e9t, f\u0151leg zenei anyagokkal, tov\u00e1bbk\u00e9pz\u00e9sekkel szakmai seg\u00edts\u00e9get is ad az azt ig\u00e9nyl\u0151 \u00e1llom\u00e1soknak. Az egyes\u00fclet k\u00f6zpontja Nijmegenben m\u0171k\u00f6dik. Fenntart\u00e1si k\u00f6lts\u00e9geinek kb. 90 %-\u00e1t \u00e1llami t\u00e1mogat\u00e1s biztos\u00edtja, a helyi \u00e1llom\u00e1soknak (gyakorlatilag mindegyik tag) tagd\u00edjk\u00e9nt csak n\u00e9vleges \u00f6sszeget kell fizetni\u00fck.<\/span><\/p>\n<p><span style=\"font-family: Times New Roman CE;\">Az iskolarendszer\u0171 k\u00e9pz\u00e9s \u00e9s helyi m\u00e9dia kapcsolata<\/span><\/p>\n<p><span style=\"font-family: Times New Roman CE;\">Hollandi\u00e1ban a fels\u0151oktat\u00e1si int\u00e9zm\u00e9nyekben a helyi m\u00e9di\u00e1k kutat\u00e1sa, a helyi m\u00e9dia haszn\u00e1lat\u00e1nak tan\u00edt\u00e1sa igen fontos szerepet j\u00e1tszik.<\/span><br \/>\n<span style=\"font-family: Times New Roman CE;\">A nijmegeni egyetemen egy t\u00f6megkommunik\u00e1ci\u00f3s int\u00e9zet m\u0171k\u00f6dik, ezen bel\u00fcl foglalkoznak a helyi m\u00e9di\u00e1kkal. Vizsg\u00e1lj\u00e1k a helyi k\u00f6z\u00f6ss\u00e9gi m\u00e9dia hollandiai szerkezet\u00e9t. Kutatj\u00e1k, hogy haszn\u00e1lj\u00e1k-e, kik \u00e9s mi\u00e9rt haszn\u00e1lj\u00e1k a helyi m\u00e9di\u00e1kat.<\/span><br \/>\n<span style=\"font-family: Times New Roman CE;\">Megismerkedt\u00fcnk Driebergben a K\u00f6z\u00f6ss\u00e9gfejleszt\u0151 F\u0151iskol\u00e1val. (&#8222;De Horst&#8221; &#8211; A lomb). Itt konkr\u00e9t m\u00e9diaismereteket is ny\u00fajtanak a hallgat\u00f3knak. \u00d6nk\u00e9ntesk\u00e9nt \u0151k k\u00e9sz\u00edtik a helyi TV m\u0171sorait is.<\/span><br \/>\n<span style=\"font-family: Times New Roman CE;\">\u00d6sszegez\u00e9s<\/span><br \/>\n<span style=\"font-family: Times New Roman CE;\">J\u00f3l szervezett, programokban igen gazdag \u00e9s mozgalmas egy hetet t\u00f6lt\u00f6tt\u00fcnk Hollandia 8 v\u00e1ros\u00e1ban. A hollandiai helyi m\u00e9di\u00e1kr\u00f3l gazdag keresztmetszetet kaptunk. A l\u00e1tottak, a tapasztalatok felhaszn\u00e1l\u00e1sa seg\u00edthet a Magyarorsz\u00e1gon most indul\u00f3 helyi, k\u00f6z\u00f6ss\u00e9gi m\u00e9di\u00e1k egyes gyermekbetegs\u00e9geinek elker\u00fcl\u00e9s\u00e9ben. A most kialakult szem\u00e9lyes kapcsolatok a k\u00f6zelj\u00f6v\u0151ben m\u00e1r m\u0171k\u00f6d\u0151 k\u00f6z\u00f6ss\u00e9gi m\u00e9di\u00e1k k\u00f6z\u00f6tt konkr\u00e9t egy\u00fcttm\u0171k\u00f6d\u00e9seket is seg\u00edthetnek. Az iskolarendszer\u0171 oktat\u00e1s ez ir\u00e1nyba val\u00f3 nyitotts\u00e1ga is fontos hazai teend\u0151nk lehet. Sz\u00e1momra pedig legfontosabb \u00fczenet az, hogy a k\u00f6z\u00f6ss\u00e9gi, helyi m\u00e9di\u00e1kra sz\u00fcks\u00e9g van, ez\u00e9rt kondicion\u00e1lni kell a helyi k\u00f6z\u00f6ss\u00e9geket arra, hogy tudjanak \u00e9lni kommunik\u00e1ci\u00f3s jogukkal. Mint k\u00f6z\u00f6ss\u00e9gfejleszt\u0151, tud\u00e1sommal \u00e9s tapasztalataimmal ebben szeretn\u00e9k seg\u00edteni Debrecenben.<\/span><\/p>\n","protected":false},"excerpt":{"rendered":"<p>A helyi k\u00f6z\u00f6ss\u00e9gek joga a r\u00e1di\u00f3 \u00e9s TV ,csin\u00e1l\u00e1s\u00e1hoz&#8221; 1992 okt\u00f3ber\u00e9ben Magyarorsz\u00e1gon j\u00e1rt Henri Braakenburg szociol\u00f3gus, a Holland Gondoz\u00e1si \u00e9s N\u00e9pj\u00f3l\u00e9ti rintel Int\u00e9zet (NIZW) munkat\u00e1rsa. \u00datj\u00e1nak c\u00e9lja az volt, hogy felvegye a kapcsolatot a hazai k\u00f6z\u00f6ss\u00e9gfejleszt\u0151kkel. Olyanokkal, akiket \u00e9rint \u00e9s \u00e9rdekel a helyi r\u00e1di\u00f3- \u00e9s telev\u00edzi\u00f3-\u00e1llom\u00e1sok, a k\u00f6z\u00f6ss\u00e9gfejleszt\u00e9s \u00e9s a feln\u0151ttnevel\u00e9s kapcsolatai.<\/p>\n","protected":false},"author":211,"featured_media":3462,"comment_status":"open","ping_status":"open","sticky":false,"template":"","format":"standard","meta":{"_acf_changed":false,"footnotes":""},"categories":[259,8,7],"tags":[],"coauthors":[258],"class_list":["post-1982","post","type-post","status-publish","format-standard","has-post-thumbnail","hentry","category-parola-1993-1","category-parola-folyoirat","category-repertorium"],"acf":[],"yoast_head":"<!-- This site is optimized with the Yoast SEO plugin v26.7 - https:\/\/yoast.com\/wordpress\/plugins\/seo\/ -->\n<title>A helyi r\u00e1di\u00f3z\u00e1sr\u00f3l: Helyi r\u00e1di\u00f3- \u00e9s telev\u00edzi\u00f3-\u00e1llom\u00e1sok Hollandi\u00e1ban - Parola Foly\u00f3irat<\/title>\n<meta name=\"robots\" content=\"index, follow, max-snippet:-1, max-image-preview:large, max-video-preview:-1\" \/>\n<link rel=\"canonical\" href=\"https:\/\/kofe.hu\/parola\/parola-folyoirat\/a-helyi-radiozasrol-helyi-radio-es-televizio-allomasok-hollandiaban\/\" \/>\n<meta property=\"og:locale\" content=\"hu_HU\" \/>\n<meta property=\"og:type\" content=\"article\" \/>\n<meta property=\"og:title\" content=\"A helyi r\u00e1di\u00f3z\u00e1sr\u00f3l: Helyi r\u00e1di\u00f3- \u00e9s telev\u00edzi\u00f3-\u00e1llom\u00e1sok Hollandi\u00e1ban - Parola Foly\u00f3irat\" \/>\n<meta property=\"og:description\" content=\"A helyi k\u00f6z\u00f6ss\u00e9gek joga a r\u00e1di\u00f3 \u00e9s TV ,csin\u00e1l\u00e1s\u00e1hoz&#8221; 1992 okt\u00f3ber\u00e9ben Magyarorsz\u00e1gon j\u00e1rt Henri Braakenburg szociol\u00f3gus, a Holland Gondoz\u00e1si \u00e9s N\u00e9pj\u00f3l\u00e9ti rintel Int\u00e9zet (NIZW) munkat\u00e1rsa. \u00datj\u00e1nak c\u00e9lja az volt, hogy felvegye a kapcsolatot a hazai k\u00f6z\u00f6ss\u00e9gfejleszt\u0151kkel. Olyanokkal, akiket \u00e9rint \u00e9s \u00e9rdekel a helyi r\u00e1di\u00f3- \u00e9s telev\u00edzi\u00f3-\u00e1llom\u00e1sok, a k\u00f6z\u00f6ss\u00e9gfejleszt\u00e9s \u00e9s a feln\u0151ttnevel\u00e9s kapcsolatai.\" \/>\n<meta property=\"og:url\" content=\"https:\/\/kofe.hu\/parola\/parola-folyoirat\/a-helyi-radiozasrol-helyi-radio-es-televizio-allomasok-hollandiaban\/\" \/>\n<meta property=\"og:site_name\" content=\"Parola Foly\u00f3irat\" \/>\n<meta property=\"article:published_time\" content=\"2020-06-24T14:40:02+00:00\" \/>\n<meta property=\"article:modified_time\" content=\"2020-07-30T17:20:13+00:00\" \/>\n<meta property=\"og:image\" content=\"https:\/\/kofe.hu\/parola\/wp-content\/uploads\/2020\/07\/93.1.jpeg\" \/>\n\t<meta property=\"og:image:width\" content=\"1430\" \/>\n\t<meta property=\"og:image:height\" content=\"1923\" \/>\n\t<meta property=\"og:image:type\" content=\"image\/jpeg\" \/>\n<meta name=\"author\" content=\"Hal\u00e1sz J\u00e1nos\" \/>\n<meta name=\"twitter:card\" content=\"summary_large_image\" \/>\n<meta name=\"twitter:label1\" content=\"Szerz\u0151:\" \/>\n\t<meta name=\"twitter:data1\" content=\"Hal\u00e1sz J\u00e1nos\" \/>\n\t<meta name=\"twitter:label2\" content=\"Becs\u00fclt olvas\u00e1si id\u0151\" \/>\n\t<meta name=\"twitter:data2\" content=\"10 perc\" \/>\n\t<meta name=\"twitter:label3\" content=\"Written by\" \/>\n\t<meta name=\"twitter:data3\" content=\"Hal\u00e1sz J\u00e1nos\" \/>\n<script type=\"application\/ld+json\" class=\"yoast-schema-graph\">{\"@context\":\"https:\/\/schema.org\",\"@graph\":[{\"@type\":\"Article\",\"@id\":\"https:\/\/kofe.hu\/parola\/parola-folyoirat\/a-helyi-radiozasrol-helyi-radio-es-televizio-allomasok-hollandiaban\/#article\",\"isPartOf\":{\"@id\":\"https:\/\/kofe.hu\/parola\/parola-folyoirat\/a-helyi-radiozasrol-helyi-radio-es-televizio-allomasok-hollandiaban\/\"},\"author\":{\"name\":\"Hal\u00e1sz J\u00e1nos\",\"@id\":\"https:\/\/kofe.hu\/parola\/#\/schema\/person\/10996a6fe913bdffaf98fca5d8071000\"},\"headline\":\"A helyi r\u00e1di\u00f3z\u00e1sr\u00f3l: Helyi r\u00e1di\u00f3- \u00e9s telev\u00edzi\u00f3-\u00e1llom\u00e1sok Hollandi\u00e1ban\",\"datePublished\":\"2020-06-24T14:40:02+00:00\",\"dateModified\":\"2020-07-30T17:20:13+00:00\",\"mainEntityOfPage\":{\"@id\":\"https:\/\/kofe.hu\/parola\/parola-folyoirat\/a-helyi-radiozasrol-helyi-radio-es-televizio-allomasok-hollandiaban\/\"},\"wordCount\":1919,\"commentCount\":0,\"image\":{\"@id\":\"https:\/\/kofe.hu\/parola\/parola-folyoirat\/a-helyi-radiozasrol-helyi-radio-es-televizio-allomasok-hollandiaban\/#primaryimage\"},\"thumbnailUrl\":\"https:\/\/kofe.hu\/parola\/wp-content\/uploads\/2020\/07\/93.1.jpeg\",\"articleSection\":[\"Parola 1993\/1\",\"Parola Foly\u00f3irat\",\"Repert\u00f3rium\"],\"inLanguage\":\"hu\",\"potentialAction\":[{\"@type\":\"CommentAction\",\"name\":\"Comment\",\"target\":[\"https:\/\/kofe.hu\/parola\/parola-folyoirat\/a-helyi-radiozasrol-helyi-radio-es-televizio-allomasok-hollandiaban\/#respond\"]}]},{\"@type\":\"WebPage\",\"@id\":\"https:\/\/kofe.hu\/parola\/parola-folyoirat\/a-helyi-radiozasrol-helyi-radio-es-televizio-allomasok-hollandiaban\/\",\"url\":\"https:\/\/kofe.hu\/parola\/parola-folyoirat\/a-helyi-radiozasrol-helyi-radio-es-televizio-allomasok-hollandiaban\/\",\"name\":\"A helyi r\u00e1di\u00f3z\u00e1sr\u00f3l: Helyi r\u00e1di\u00f3- \u00e9s telev\u00edzi\u00f3-\u00e1llom\u00e1sok Hollandi\u00e1ban - Parola Foly\u00f3irat\",\"isPartOf\":{\"@id\":\"https:\/\/kofe.hu\/parola\/#website\"},\"primaryImageOfPage\":{\"@id\":\"https:\/\/kofe.hu\/parola\/parola-folyoirat\/a-helyi-radiozasrol-helyi-radio-es-televizio-allomasok-hollandiaban\/#primaryimage\"},\"image\":{\"@id\":\"https:\/\/kofe.hu\/parola\/parola-folyoirat\/a-helyi-radiozasrol-helyi-radio-es-televizio-allomasok-hollandiaban\/#primaryimage\"},\"thumbnailUrl\":\"https:\/\/kofe.hu\/parola\/wp-content\/uploads\/2020\/07\/93.1.jpeg\",\"datePublished\":\"2020-06-24T14:40:02+00:00\",\"dateModified\":\"2020-07-30T17:20:13+00:00\",\"author\":{\"@id\":\"https:\/\/kofe.hu\/parola\/#\/schema\/person\/10996a6fe913bdffaf98fca5d8071000\"},\"breadcrumb\":{\"@id\":\"https:\/\/kofe.hu\/parola\/parola-folyoirat\/a-helyi-radiozasrol-helyi-radio-es-televizio-allomasok-hollandiaban\/#breadcrumb\"},\"inLanguage\":\"hu\",\"potentialAction\":[{\"@type\":\"ReadAction\",\"target\":[\"https:\/\/kofe.hu\/parola\/parola-folyoirat\/a-helyi-radiozasrol-helyi-radio-es-televizio-allomasok-hollandiaban\/\"]}]},{\"@type\":\"ImageObject\",\"inLanguage\":\"hu\",\"@id\":\"https:\/\/kofe.hu\/parola\/parola-folyoirat\/a-helyi-radiozasrol-helyi-radio-es-televizio-allomasok-hollandiaban\/#primaryimage\",\"url\":\"https:\/\/kofe.hu\/parola\/wp-content\/uploads\/2020\/07\/93.1.jpeg\",\"contentUrl\":\"https:\/\/kofe.hu\/parola\/wp-content\/uploads\/2020\/07\/93.1.jpeg\",\"width\":1430,\"height\":1923},{\"@type\":\"BreadcrumbList\",\"@id\":\"https:\/\/kofe.hu\/parola\/parola-folyoirat\/a-helyi-radiozasrol-helyi-radio-es-televizio-allomasok-hollandiaban\/#breadcrumb\",\"itemListElement\":[{\"@type\":\"ListItem\",\"position\":1,\"name\":\"Home\",\"item\":\"https:\/\/kofe.hu\/parola\/\"},{\"@type\":\"ListItem\",\"position\":2,\"name\":\"A helyi r\u00e1di\u00f3z\u00e1sr\u00f3l: Helyi r\u00e1di\u00f3- \u00e9s telev\u00edzi\u00f3-\u00e1llom\u00e1sok Hollandi\u00e1ban\"}]},{\"@type\":\"WebSite\",\"@id\":\"https:\/\/kofe.hu\/parola\/#website\",\"url\":\"https:\/\/kofe.hu\/parola\/\",\"name\":\"Parola Foly\u00f3irat\",\"description\":\"\",\"potentialAction\":[{\"@type\":\"SearchAction\",\"target\":{\"@type\":\"EntryPoint\",\"urlTemplate\":\"https:\/\/kofe.hu\/parola\/?s={search_term_string}\"},\"query-input\":{\"@type\":\"PropertyValueSpecification\",\"valueRequired\":true,\"valueName\":\"search_term_string\"}}],\"inLanguage\":\"hu\"},{\"@type\":\"Person\",\"@id\":\"https:\/\/kofe.hu\/parola\/#\/schema\/person\/10996a6fe913bdffaf98fca5d8071000\",\"name\":\"Hal\u00e1sz J\u00e1nos\",\"image\":{\"@type\":\"ImageObject\",\"inLanguage\":\"hu\",\"@id\":\"https:\/\/kofe.hu\/parola\/#\/schema\/person\/image\/7440b7100c84952b4b3a32e0d49817d2\",\"url\":\"https:\/\/secure.gravatar.com\/avatar\/3aa62168d2572a69b3fd522b08ffdaad9673347d9afd857c586cb691590a2d75?s=96&d=mm&r=g\",\"contentUrl\":\"https:\/\/secure.gravatar.com\/avatar\/3aa62168d2572a69b3fd522b08ffdaad9673347d9afd857c586cb691590a2d75?s=96&d=mm&r=g\",\"caption\":\"Hal\u00e1sz J\u00e1nos\"},\"url\":\"https:\/\/kofe.hu\/parola\/szerzok\/halasz-janos\/\"}]}<\/script>\n<!-- \/ Yoast SEO plugin. -->","yoast_head_json":{"title":"A helyi r\u00e1di\u00f3z\u00e1sr\u00f3l: Helyi r\u00e1di\u00f3- \u00e9s telev\u00edzi\u00f3-\u00e1llom\u00e1sok Hollandi\u00e1ban - Parola Foly\u00f3irat","robots":{"index":"index","follow":"follow","max-snippet":"max-snippet:-1","max-image-preview":"max-image-preview:large","max-video-preview":"max-video-preview:-1"},"canonical":"https:\/\/kofe.hu\/parola\/parola-folyoirat\/a-helyi-radiozasrol-helyi-radio-es-televizio-allomasok-hollandiaban\/","og_locale":"hu_HU","og_type":"article","og_title":"A helyi r\u00e1di\u00f3z\u00e1sr\u00f3l: Helyi r\u00e1di\u00f3- \u00e9s telev\u00edzi\u00f3-\u00e1llom\u00e1sok Hollandi\u00e1ban - Parola Foly\u00f3irat","og_description":"A helyi k\u00f6z\u00f6ss\u00e9gek joga a r\u00e1di\u00f3 \u00e9s TV ,csin\u00e1l\u00e1s\u00e1hoz&#8221; 1992 okt\u00f3ber\u00e9ben Magyarorsz\u00e1gon j\u00e1rt Henri Braakenburg szociol\u00f3gus, a Holland Gondoz\u00e1si \u00e9s N\u00e9pj\u00f3l\u00e9ti rintel Int\u00e9zet (NIZW) munkat\u00e1rsa. \u00datj\u00e1nak c\u00e9lja az volt, hogy felvegye a kapcsolatot a hazai k\u00f6z\u00f6ss\u00e9gfejleszt\u0151kkel. Olyanokkal, akiket \u00e9rint \u00e9s \u00e9rdekel a helyi r\u00e1di\u00f3- \u00e9s telev\u00edzi\u00f3-\u00e1llom\u00e1sok, a k\u00f6z\u00f6ss\u00e9gfejleszt\u00e9s \u00e9s a feln\u0151ttnevel\u00e9s kapcsolatai.","og_url":"https:\/\/kofe.hu\/parola\/parola-folyoirat\/a-helyi-radiozasrol-helyi-radio-es-televizio-allomasok-hollandiaban\/","og_site_name":"Parola Foly\u00f3irat","article_published_time":"2020-06-24T14:40:02+00:00","article_modified_time":"2020-07-30T17:20:13+00:00","og_image":[{"width":1430,"height":1923,"url":"https:\/\/kofe.hu\/parola\/wp-content\/uploads\/2020\/07\/93.1.jpeg","type":"image\/jpeg"}],"author":"Hal\u00e1sz J\u00e1nos","twitter_card":"summary_large_image","twitter_misc":{"Szerz\u0151:":"Hal\u00e1sz J\u00e1nos","Becs\u00fclt olvas\u00e1si id\u0151":"10 perc","Written by":"Hal\u00e1sz J\u00e1nos"},"schema":{"@context":"https:\/\/schema.org","@graph":[{"@type":"Article","@id":"https:\/\/kofe.hu\/parola\/parola-folyoirat\/a-helyi-radiozasrol-helyi-radio-es-televizio-allomasok-hollandiaban\/#article","isPartOf":{"@id":"https:\/\/kofe.hu\/parola\/parola-folyoirat\/a-helyi-radiozasrol-helyi-radio-es-televizio-allomasok-hollandiaban\/"},"author":{"name":"Hal\u00e1sz J\u00e1nos","@id":"https:\/\/kofe.hu\/parola\/#\/schema\/person\/10996a6fe913bdffaf98fca5d8071000"},"headline":"A helyi r\u00e1di\u00f3z\u00e1sr\u00f3l: Helyi r\u00e1di\u00f3- \u00e9s telev\u00edzi\u00f3-\u00e1llom\u00e1sok Hollandi\u00e1ban","datePublished":"2020-06-24T14:40:02+00:00","dateModified":"2020-07-30T17:20:13+00:00","mainEntityOfPage":{"@id":"https:\/\/kofe.hu\/parola\/parola-folyoirat\/a-helyi-radiozasrol-helyi-radio-es-televizio-allomasok-hollandiaban\/"},"wordCount":1919,"commentCount":0,"image":{"@id":"https:\/\/kofe.hu\/parola\/parola-folyoirat\/a-helyi-radiozasrol-helyi-radio-es-televizio-allomasok-hollandiaban\/#primaryimage"},"thumbnailUrl":"https:\/\/kofe.hu\/parola\/wp-content\/uploads\/2020\/07\/93.1.jpeg","articleSection":["Parola 1993\/1","Parola Foly\u00f3irat","Repert\u00f3rium"],"inLanguage":"hu","potentialAction":[{"@type":"CommentAction","name":"Comment","target":["https:\/\/kofe.hu\/parola\/parola-folyoirat\/a-helyi-radiozasrol-helyi-radio-es-televizio-allomasok-hollandiaban\/#respond"]}]},{"@type":"WebPage","@id":"https:\/\/kofe.hu\/parola\/parola-folyoirat\/a-helyi-radiozasrol-helyi-radio-es-televizio-allomasok-hollandiaban\/","url":"https:\/\/kofe.hu\/parola\/parola-folyoirat\/a-helyi-radiozasrol-helyi-radio-es-televizio-allomasok-hollandiaban\/","name":"A helyi r\u00e1di\u00f3z\u00e1sr\u00f3l: Helyi r\u00e1di\u00f3- \u00e9s telev\u00edzi\u00f3-\u00e1llom\u00e1sok Hollandi\u00e1ban - Parola Foly\u00f3irat","isPartOf":{"@id":"https:\/\/kofe.hu\/parola\/#website"},"primaryImageOfPage":{"@id":"https:\/\/kofe.hu\/parola\/parola-folyoirat\/a-helyi-radiozasrol-helyi-radio-es-televizio-allomasok-hollandiaban\/#primaryimage"},"image":{"@id":"https:\/\/kofe.hu\/parola\/parola-folyoirat\/a-helyi-radiozasrol-helyi-radio-es-televizio-allomasok-hollandiaban\/#primaryimage"},"thumbnailUrl":"https:\/\/kofe.hu\/parola\/wp-content\/uploads\/2020\/07\/93.1.jpeg","datePublished":"2020-06-24T14:40:02+00:00","dateModified":"2020-07-30T17:20:13+00:00","author":{"@id":"https:\/\/kofe.hu\/parola\/#\/schema\/person\/10996a6fe913bdffaf98fca5d8071000"},"breadcrumb":{"@id":"https:\/\/kofe.hu\/parola\/parola-folyoirat\/a-helyi-radiozasrol-helyi-radio-es-televizio-allomasok-hollandiaban\/#breadcrumb"},"inLanguage":"hu","potentialAction":[{"@type":"ReadAction","target":["https:\/\/kofe.hu\/parola\/parola-folyoirat\/a-helyi-radiozasrol-helyi-radio-es-televizio-allomasok-hollandiaban\/"]}]},{"@type":"ImageObject","inLanguage":"hu","@id":"https:\/\/kofe.hu\/parola\/parola-folyoirat\/a-helyi-radiozasrol-helyi-radio-es-televizio-allomasok-hollandiaban\/#primaryimage","url":"https:\/\/kofe.hu\/parola\/wp-content\/uploads\/2020\/07\/93.1.jpeg","contentUrl":"https:\/\/kofe.hu\/parola\/wp-content\/uploads\/2020\/07\/93.1.jpeg","width":1430,"height":1923},{"@type":"BreadcrumbList","@id":"https:\/\/kofe.hu\/parola\/parola-folyoirat\/a-helyi-radiozasrol-helyi-radio-es-televizio-allomasok-hollandiaban\/#breadcrumb","itemListElement":[{"@type":"ListItem","position":1,"name":"Home","item":"https:\/\/kofe.hu\/parola\/"},{"@type":"ListItem","position":2,"name":"A helyi r\u00e1di\u00f3z\u00e1sr\u00f3l: Helyi r\u00e1di\u00f3- \u00e9s telev\u00edzi\u00f3-\u00e1llom\u00e1sok Hollandi\u00e1ban"}]},{"@type":"WebSite","@id":"https:\/\/kofe.hu\/parola\/#website","url":"https:\/\/kofe.hu\/parola\/","name":"Parola Foly\u00f3irat","description":"","potentialAction":[{"@type":"SearchAction","target":{"@type":"EntryPoint","urlTemplate":"https:\/\/kofe.hu\/parola\/?s={search_term_string}"},"query-input":{"@type":"PropertyValueSpecification","valueRequired":true,"valueName":"search_term_string"}}],"inLanguage":"hu"},{"@type":"Person","@id":"https:\/\/kofe.hu\/parola\/#\/schema\/person\/10996a6fe913bdffaf98fca5d8071000","name":"Hal\u00e1sz J\u00e1nos","image":{"@type":"ImageObject","inLanguage":"hu","@id":"https:\/\/kofe.hu\/parola\/#\/schema\/person\/image\/7440b7100c84952b4b3a32e0d49817d2","url":"https:\/\/secure.gravatar.com\/avatar\/3aa62168d2572a69b3fd522b08ffdaad9673347d9afd857c586cb691590a2d75?s=96&d=mm&r=g","contentUrl":"https:\/\/secure.gravatar.com\/avatar\/3aa62168d2572a69b3fd522b08ffdaad9673347d9afd857c586cb691590a2d75?s=96&d=mm&r=g","caption":"Hal\u00e1sz J\u00e1nos"},"url":"https:\/\/kofe.hu\/parola\/szerzok\/halasz-janos\/"}]}},"_links":{"self":[{"href":"https:\/\/kofe.hu\/parola\/wp-json\/wp\/v2\/posts\/1982","targetHints":{"allow":["GET"]}}],"collection":[{"href":"https:\/\/kofe.hu\/parola\/wp-json\/wp\/v2\/posts"}],"about":[{"href":"https:\/\/kofe.hu\/parola\/wp-json\/wp\/v2\/types\/post"}],"author":[{"embeddable":true,"href":"https:\/\/kofe.hu\/parola\/wp-json\/wp\/v2\/users\/211"}],"replies":[{"embeddable":true,"href":"https:\/\/kofe.hu\/parola\/wp-json\/wp\/v2\/comments?post=1982"}],"version-history":[{"count":2,"href":"https:\/\/kofe.hu\/parola\/wp-json\/wp\/v2\/posts\/1982\/revisions"}],"predecessor-version":[{"id":5005,"href":"https:\/\/kofe.hu\/parola\/wp-json\/wp\/v2\/posts\/1982\/revisions\/5005"}],"wp:featuredmedia":[{"embeddable":true,"href":"https:\/\/kofe.hu\/parola\/wp-json\/wp\/v2\/media\/3462"}],"wp:attachment":[{"href":"https:\/\/kofe.hu\/parola\/wp-json\/wp\/v2\/media?parent=1982"}],"wp:term":[{"taxonomy":"category","embeddable":true,"href":"https:\/\/kofe.hu\/parola\/wp-json\/wp\/v2\/categories?post=1982"},{"taxonomy":"post_tag","embeddable":true,"href":"https:\/\/kofe.hu\/parola\/wp-json\/wp\/v2\/tags?post=1982"},{"taxonomy":"author","embeddable":true,"href":"https:\/\/kofe.hu\/parola\/wp-json\/wp\/v2\/coauthors?post=1982"}],"curies":[{"name":"wp","href":"https:\/\/api.w.org\/{rel}","templated":true}]}}