{"id":1980,"date":"2020-06-24T14:36:48","date_gmt":"2020-06-24T14:36:48","guid":{"rendered":"https:\/\/kofe.hu\/parola\/?p=1980"},"modified":"2020-07-30T17:19:57","modified_gmt":"2020-07-30T17:19:57","slug":"onallo-varosreszek","status":"publish","type":"post","link":"https:\/\/kofe.hu\/parola\/parola-folyoirat\/onallo-varosreszek\/","title":{"rendered":"\u00d6n\u00e1ll\u00f3 v\u00e1rosr\u00e9szek"},"content":{"rendered":"<p style=\"text-align: justify;\"><span style=\"font-family: Times New Roman CE;\">Egyre t\u00f6bbet hallunk a nagy k\u00f6rzetek &#8211; Budapesten a ker\u00fcletek &#8211; decentraliz\u00e1l\u00e1s\u00e1nak az el\u0151nyeir\u0151l. Ez a k\u00e9rd\u00e9s ker\u00fclet\u00fcnket igen k\u00f6zelr\u0151l \u00e9rinti, hiszen ide olyan \u00f6n\u00e1ll\u00f3 k\u00f6rzetek tartoznak, mint Gazdagr\u00e9t, Albertfalva, a Gell\u00e9rt-hegy k\u00f6rny\u00e9ke, a Sashegy stb.<\/span><\/p>\n<p style=\"text-align: justify;\"><!--more--><br \/>\n<span style=\"font-family: Times New Roman CE;\">,Igen fontos felt\u00e9tele t\u00e1rsadalmunk fejl\u0151d\u00e9s\u00e9nek, hogy a polg\u00e1rok megteremts\u00e9k \u00e9rdekkifejez\u0151, \u00e9rdek\u00e9rv\u00e9nyes\u00edt\u0151, \u00e9rdekv\u00e9d\u0151 szervezeteiket, az azonos \u00e9rdek\u0171ek kis k\u00f6z\u00f6ss\u00e9geit, \u00e9s ezeken kereszt\u00fcl keress\u00e9k a kapcsolatot a ter\u00fcletileg illet\u00e9kes k\u00f6zhatalmi test\u00fclettel&#8221; &#8211; mondta Barna G\u00e1bor (Magyar Urbanisztikai T\u00e1rsas\u00e1g) a Budapesti V\u00e1rosv\u00e9d\u0151 Egyes\u00fclet \u00e1ltal okt\u00f3ber 12-14. k\u00f6z\u00f6tt a v\u00e1rosr\u00e9szi \u00f6nkorm\u00e1nyzatokkal kapcsolatos k\u00e9rd\u00e9sekr\u0151l rendezett konferenci\u00e1n. A rendezv\u00e9nyen el\u0151ad\u00e1ssal k\u00e9pviseltette mag\u00e1t a F\u0151polg\u00e1rmesteri Hivatal, a Zsinati K\u00f6r, a Magyar K\u00f6zigazgat\u00e1si Int\u00e9zet, a Magyar Urbanisztikai T\u00e1rsas\u00e1g, a Biokult\u00fara Egyes\u00fclet, a Budapest Gal\u00e9ria \u00e9s a K\u00f6rnyezet\u00fcnk\u00e9rt Egyes\u00fclet. Ker\u00fclet\u00fcnket Hidv\u00e9gi Mikl\u00f3s (Etele K\u00f6r) k\u00e9pviselte ,A helyt\u00f6rt\u00e9neti mozgalom eredm\u00e9nyei a XI. ker\u00fcletben&#8221; c\u00edmmel megtartott el\u0151ad\u00e1s\u00e1val.<\/span><\/p>\n<p style=\"text-align: justify;\"><span style=\"font-family: Times New Roman CE;\">Az \u00f6nkorm\u00e1nyzati jogok a telep\u00fcl\u00e9s eg\u00e9sz\u00e9t illetik meg, ugyanakkor az eg\u00e9sz telep\u00fcl\u00e9st sok esetben olyan r\u00e9szek alkotj\u00e1k, amelyek \u00f6n\u00e1ll\u00f3 eg\u00e9szek s ig\u00e9nyt tartanak arra, hogy d\u00f6nt\u00e9si lehet\u0151s\u00e9get kapjanak azokban az \u00fcgyekben, amelyek \u0151ket s csak \u0151ket \u00e9rdeklik.<\/span><\/p>\n<p><span style=\"font-family: Times New Roman CE;\">Ez\u00e9rt sz\u00fcletett meg az \u00f6nkorm\u00e1nyzati t\u00f6rv\u00e9ny, amely lehet\u0151v\u00e9 tette a r\u00e9sz\u00f6nkorm\u00e1nyzatok l\u00e9trehoz\u00e1s\u00e1t. A telep\u00fcl\u00e9sek sokf\u00e9les\u00e9ge miatt a t\u00f6rv\u00e9ny csak keretszab\u00e1lyt ad, a r\u00e9szletes szab\u00e1lyoz\u00e1s a telep\u00fcl\u00e9s k\u00e9pvisel\u0151test\u00fclet\u00e9nek a hat\u00e1sk\u00f6r\u00e9be utalja.<\/span><br \/>\n<span style=\"font-family: Times New Roman CE;\">A t\u00f6rv\u00e9ny 28. \u00a7-a egyik megold\u00e1sk\u00e9nt eml\u00edti: ,A k\u00e9pvisel\u0151-test\u00fclet &#8211; szervezeti \u00e9s m\u0171k\u00f6d\u00e9si szab\u00e1lyozat\u00e1ban &#8211; telep\u00fcl\u00e9sr\u00e9szi \u00f6nkorm\u00e1nyzatot hozhat l\u00e9tre telep\u00fcl\u00e9si k\u00e9pvisel\u0151kb\u0151l, m\u00e1s v\u00e1laszt\u00f3polg\u00e1rokb\u00f3l.&#8221; Mind\u00f6ssze azt a felt\u00e9telt t\u00e1masztja, hogy a r\u00e9sz\u00f6nkorm\u00e1nyzati test\u00fclet vezet\u0151je telep\u00fcl\u00e9si k\u00e9pvisel\u0151 legyen.<\/span><\/p>\n<p style=\"text-align: justify;\"><span style=\"font-family: Times New Roman CE;\">A telep\u00fcl\u00e9sr\u00e9sz \u00f6nkorm\u00e1nyzat\u00e1nak megalak\u00edt\u00e1sakor c\u00e9lszer\u0171 az adott k\u00f6rzetben megv\u00e1lasztott k\u00e9pvisel\u0151kb\u0151l megalak\u00edtani a test\u00fcletet, de a t\u00f6rv\u00e9ny lehet\u0151v\u00e9 teszi m\u00e1s v\u00e1laszt\u00f3polg\u00e1rok k\u00f6zrem\u0171k\u00f6d\u00e9s\u00e9t ebben a test\u00fcletben. A k\u00fcls\u0151 tagok megv\u00e1laszt\u00e1sa t\u00f6bbf\u00e9lek\u00e9ppen t\u00f6rt\u00e9nhet. P\u00e9ld\u00e1ul deleg\u00e1lhatj\u00e1k a test\u00fclet tagjait a helyi egyes\u00fcletek. A telep\u00fcl\u00e9si k\u00e9pvisel\u0151-test\u00fclet k\u00fcls\u0151 szem\u00e9lyek felk\u00e9r\u00e9s\u00e9vel b\u0151v\u00edtheti a k\u00f6rzetben megv\u00e1lasztott helyi k\u00e9pvisel\u0151k csoportj\u00e1t. Ez ut\u00f3bbi m\u00f3dszer hasonl\u00edt a k\u00e9pvisel\u0151-test\u00fclet szakmai bizotts\u00e1gai l\u00e9tes\u00edt\u00e9s\u00e9nek m\u00f3dj\u00e1hoz. Ez megk\u00f6nny\u00edtheti a d\u00f6nt\u00e9s v\u00e9grehajt\u00e1s\u00e1t. A telep\u00fcl\u00e9sr\u00e9szi \u00f6nkorm\u00e1nyzat teh\u00e1t f\u00f6ldrajzi szempont szerint kialakul\u00f3 bizotts\u00e1gk\u00e9nt kezdheti meg a munk\u00e1j\u00e1t.<\/span><br \/>\n<span style=\"font-family: Times New Roman CE;\">A t\u00f6rv\u00e9ny 55. \u00a7-a a k\u00f6vetkez\u0151ket<\/span><\/p>\n<p><span style=\"font-family: Times New Roman CE;\">mondja: ,A k\u00e9pvisel\u0151-test\u00fclet a telep\u00fcl\u00e9sr\u00e9sz lak\u00f3helyi k\u00f6z\u00f6ss\u00e9g\u00e9nek &#8211; kezdem\u00e9nyez\u00e9s\u00e9re &#8211; kiz\u00e1r\u00f3lag a telep\u00fcl\u00e9sr\u00e9szt \u00e9rint\u0151 \u00fcgyekben \u00f6nkorm\u00e1nyzati jogokat adhat. Nem tagadhatja meg a kiz\u00e1r\u00f3lag a telep\u00fcl\u00e9sr\u00e9szt \u00e9rint\u0151 hat\u00e1sk\u00f6r \u00e1truh\u00e1z\u00e1s\u00e1t&#8221;: a k\u00fclter\u00fcleti lakott helyt\u0151l; az egyes\u00edt\u00e9ssel l\u00e9trej\u00f6tt telep\u00fcl\u00e9sr\u00e9szt\u0151l.<\/span><br \/>\n<span style=\"font-family: Times New Roman CE;\">A r\u00e9sz\u00f6nkorm\u00e1nyzat feladatait, hat\u00e1sk\u00f6r\u00e9t a k\u00e9pvisel\u0151-test\u00fclet hat\u00e1rozza meg, de akkor j\u00e1r el helyesen, ha a r\u00e9sz\u00f6nkorm\u00e1nyzat test\u00fclet\u00e9t\u0151l k\u00e9r erre javaslatot. A telep\u00fcl\u00e9si k\u00e9pvisel\u0151-test\u00fclet \u00e1ltal\u00e1nos hat\u00e1sk\u00f6r\u00e9b\u0151l azoknak a hat\u00e1s k\u00f6r\u00f6knek az \u00e1truh\u00e1z\u00e1sa indokolt, amelyek az adott ter\u00fcletet \u00e9rintik. A k\u00e9pvisel\u0151-test\u00fclet anyagi eszk\u00f6z\u00f6ket is adhat a r\u00e9sz\u00f6nkorm\u00e1nyzatnak. Ennek \u00f6sszeg\u00e9t a telep\u00fcl\u00e9s k\u00f6z\u00f6s k\u00f6lts\u00e9gvet\u00e9s\u00e9ben hat\u00e1rozza meg a k\u00e9pvisel\u0151-test\u00fclet.<\/span><br \/>\n<span style=\"font-family: Times New Roman CE;\">A telep\u00fcl\u00e9si k\u00e9pvisel\u0151-test\u00fclet egyes \u00fcgyekben egyet\u00e9rt\u00e9si, v\u00e9lem\u00e9nyez\u00e9si jogot is adhat a r\u00e9sz\u00f6nkorm\u00e1nyzatnak. Ezek olyan \u00fcgyek, amelyekben a k\u00e9pvisel\u0151-test\u00fclet, a polg\u00e1rmester, a jegyz\u0151 vagy m\u00e1s szem\u00e9ly d\u00f6nt, \u00e9s a d\u00f6nt\u00e9s \u00e9rinti az adott telep\u00fcl\u00e9sr\u00e9szt is. Ilyen esetekben a r\u00e9sz\u00f6nkorm\u00e1nyzat \u00e9rdek\u00e9rv\u00e9nyes\u00edt\u00e9si eszk\u00f6ze a v\u00e9lem\u00e9nyez\u00e9si, illetve egyet\u00e9rt\u00e9si jog.<\/span><br \/>\n<span style=\"font-family: Times New Roman CE;\">A telep\u00fcl\u00e9sr\u00e9sz lak\u00f3inak \u00e9rdekeit szolg\u00e1lja az is, ha a k\u00e9pvisel\u0151-test\u00fclet hivatali kirendelts\u00e9get hoz l\u00e9tre a telep\u00fcl\u00e9sr\u00e9szi \u00f6nkorm\u00e1nyzat munk\u00e1j\u00e1nak a seg\u00edt\u00e9s\u00e9re.-j- (\u00daj Buda)<\/span><\/p>\n","protected":false},"excerpt":{"rendered":"<p>Egyre t\u00f6bbet hallunk a nagy k\u00f6rzetek &#8211; Budapesten a ker\u00fcletek &#8211; decentraliz\u00e1l\u00e1s\u00e1nak az el\u0151nyeir\u0151l. Ez a k\u00e9rd\u00e9s ker\u00fclet\u00fcnket igen k\u00f6zelr\u0151l \u00e9rinti, hiszen ide olyan \u00f6n\u00e1ll\u00f3 k\u00f6rzetek tartoznak, mint Gazdagr\u00e9t, Albertfalva, a Gell\u00e9rt-hegy k\u00f6rny\u00e9ke, a Sashegy stb.<\/p>\n","protected":false},"author":4,"featured_media":3462,"comment_status":"open","ping_status":"open","sticky":false,"template":"","format":"standard","meta":{"_acf_changed":false,"footnotes":""},"categories":[259,8,7],"tags":[],"coauthors":[47],"class_list":["post-1980","post","type-post","status-publish","format-standard","has-post-thumbnail","hentry","category-parola-1993-1","category-parola-folyoirat","category-repertorium"],"acf":[],"yoast_head":"<!-- This site is optimized with the Yoast SEO plugin v26.7 - https:\/\/yoast.com\/wordpress\/plugins\/seo\/ -->\n<title>\u00d6n\u00e1ll\u00f3 v\u00e1rosr\u00e9szek - Parola Foly\u00f3irat<\/title>\n<meta name=\"robots\" content=\"index, follow, max-snippet:-1, max-image-preview:large, max-video-preview:-1\" \/>\n<link rel=\"canonical\" href=\"https:\/\/kofe.hu\/parola\/parola-folyoirat\/onallo-varosreszek\/\" \/>\n<meta property=\"og:locale\" content=\"hu_HU\" \/>\n<meta property=\"og:type\" content=\"article\" \/>\n<meta property=\"og:title\" content=\"\u00d6n\u00e1ll\u00f3 v\u00e1rosr\u00e9szek - Parola Foly\u00f3irat\" \/>\n<meta property=\"og:description\" content=\"Egyre t\u00f6bbet hallunk a nagy k\u00f6rzetek &#8211; Budapesten a ker\u00fcletek &#8211; decentraliz\u00e1l\u00e1s\u00e1nak az el\u0151nyeir\u0151l. Ez a k\u00e9rd\u00e9s ker\u00fclet\u00fcnket igen k\u00f6zelr\u0151l \u00e9rinti, hiszen ide olyan \u00f6n\u00e1ll\u00f3 k\u00f6rzetek tartoznak, mint Gazdagr\u00e9t, Albertfalva, a Gell\u00e9rt-hegy k\u00f6rny\u00e9ke, a Sashegy stb.\" \/>\n<meta property=\"og:url\" content=\"https:\/\/kofe.hu\/parola\/parola-folyoirat\/onallo-varosreszek\/\" \/>\n<meta property=\"og:site_name\" content=\"Parola Foly\u00f3irat\" \/>\n<meta property=\"article:published_time\" content=\"2020-06-24T14:36:48+00:00\" \/>\n<meta property=\"article:modified_time\" content=\"2020-07-30T17:19:57+00:00\" \/>\n<meta property=\"og:image\" content=\"https:\/\/kofe.hu\/parola\/wp-content\/uploads\/2020\/07\/93.1.jpeg\" \/>\n\t<meta property=\"og:image:width\" content=\"1430\" \/>\n\t<meta property=\"og:image:height\" content=\"1923\" \/>\n\t<meta property=\"og:image:type\" content=\"image\/jpeg\" \/>\n<meta name=\"author\" content=\"Parola\" \/>\n<meta name=\"twitter:card\" content=\"summary_large_image\" \/>\n<meta name=\"twitter:label1\" content=\"Szerz\u0151:\" \/>\n\t<meta name=\"twitter:data1\" content=\"Parola\" \/>\n\t<meta name=\"twitter:label2\" content=\"Becs\u00fclt olvas\u00e1si id\u0151\" \/>\n\t<meta name=\"twitter:data2\" content=\"5 perc\" \/>\n\t<meta name=\"twitter:label3\" content=\"Written by\" \/>\n\t<meta name=\"twitter:data3\" content=\"Parola\" \/>\n<script type=\"application\/ld+json\" class=\"yoast-schema-graph\">{\"@context\":\"https:\/\/schema.org\",\"@graph\":[{\"@type\":\"Article\",\"@id\":\"https:\/\/kofe.hu\/parola\/parola-folyoirat\/onallo-varosreszek\/#article\",\"isPartOf\":{\"@id\":\"https:\/\/kofe.hu\/parola\/parola-folyoirat\/onallo-varosreszek\/\"},\"author\":{\"name\":\"Parola\",\"@id\":\"https:\/\/kofe.hu\/parola\/#\/schema\/person\/b39ea6ec0995233537351d7e33281aeb\"},\"headline\":\"\u00d6n\u00e1ll\u00f3 v\u00e1rosr\u00e9szek\",\"datePublished\":\"2020-06-24T14:36:48+00:00\",\"dateModified\":\"2020-07-30T17:19:57+00:00\",\"mainEntityOfPage\":{\"@id\":\"https:\/\/kofe.hu\/parola\/parola-folyoirat\/onallo-varosreszek\/\"},\"wordCount\":906,\"commentCount\":0,\"image\":{\"@id\":\"https:\/\/kofe.hu\/parola\/parola-folyoirat\/onallo-varosreszek\/#primaryimage\"},\"thumbnailUrl\":\"https:\/\/kofe.hu\/parola\/wp-content\/uploads\/2020\/07\/93.1.jpeg\",\"articleSection\":[\"Parola 1993\/1\",\"Parola Foly\u00f3irat\",\"Repert\u00f3rium\"],\"inLanguage\":\"hu\",\"potentialAction\":[{\"@type\":\"CommentAction\",\"name\":\"Comment\",\"target\":[\"https:\/\/kofe.hu\/parola\/parola-folyoirat\/onallo-varosreszek\/#respond\"]}]},{\"@type\":\"WebPage\",\"@id\":\"https:\/\/kofe.hu\/parola\/parola-folyoirat\/onallo-varosreszek\/\",\"url\":\"https:\/\/kofe.hu\/parola\/parola-folyoirat\/onallo-varosreszek\/\",\"name\":\"\u00d6n\u00e1ll\u00f3 v\u00e1rosr\u00e9szek - Parola Foly\u00f3irat\",\"isPartOf\":{\"@id\":\"https:\/\/kofe.hu\/parola\/#website\"},\"primaryImageOfPage\":{\"@id\":\"https:\/\/kofe.hu\/parola\/parola-folyoirat\/onallo-varosreszek\/#primaryimage\"},\"image\":{\"@id\":\"https:\/\/kofe.hu\/parola\/parola-folyoirat\/onallo-varosreszek\/#primaryimage\"},\"thumbnailUrl\":\"https:\/\/kofe.hu\/parola\/wp-content\/uploads\/2020\/07\/93.1.jpeg\",\"datePublished\":\"2020-06-24T14:36:48+00:00\",\"dateModified\":\"2020-07-30T17:19:57+00:00\",\"author\":{\"@id\":\"https:\/\/kofe.hu\/parola\/#\/schema\/person\/b39ea6ec0995233537351d7e33281aeb\"},\"breadcrumb\":{\"@id\":\"https:\/\/kofe.hu\/parola\/parola-folyoirat\/onallo-varosreszek\/#breadcrumb\"},\"inLanguage\":\"hu\",\"potentialAction\":[{\"@type\":\"ReadAction\",\"target\":[\"https:\/\/kofe.hu\/parola\/parola-folyoirat\/onallo-varosreszek\/\"]}]},{\"@type\":\"ImageObject\",\"inLanguage\":\"hu\",\"@id\":\"https:\/\/kofe.hu\/parola\/parola-folyoirat\/onallo-varosreszek\/#primaryimage\",\"url\":\"https:\/\/kofe.hu\/parola\/wp-content\/uploads\/2020\/07\/93.1.jpeg\",\"contentUrl\":\"https:\/\/kofe.hu\/parola\/wp-content\/uploads\/2020\/07\/93.1.jpeg\",\"width\":1430,\"height\":1923},{\"@type\":\"BreadcrumbList\",\"@id\":\"https:\/\/kofe.hu\/parola\/parola-folyoirat\/onallo-varosreszek\/#breadcrumb\",\"itemListElement\":[{\"@type\":\"ListItem\",\"position\":1,\"name\":\"Home\",\"item\":\"https:\/\/kofe.hu\/parola\/\"},{\"@type\":\"ListItem\",\"position\":2,\"name\":\"\u00d6n\u00e1ll\u00f3 v\u00e1rosr\u00e9szek\"}]},{\"@type\":\"WebSite\",\"@id\":\"https:\/\/kofe.hu\/parola\/#website\",\"url\":\"https:\/\/kofe.hu\/parola\/\",\"name\":\"Parola Foly\u00f3irat\",\"description\":\"\",\"potentialAction\":[{\"@type\":\"SearchAction\",\"target\":{\"@type\":\"EntryPoint\",\"urlTemplate\":\"https:\/\/kofe.hu\/parola\/?s={search_term_string}\"},\"query-input\":{\"@type\":\"PropertyValueSpecification\",\"valueRequired\":true,\"valueName\":\"search_term_string\"}}],\"inLanguage\":\"hu\"},{\"@type\":\"Person\",\"@id\":\"https:\/\/kofe.hu\/parola\/#\/schema\/person\/b39ea6ec0995233537351d7e33281aeb\",\"name\":\"Parola\",\"image\":{\"@type\":\"ImageObject\",\"inLanguage\":\"hu\",\"@id\":\"https:\/\/kofe.hu\/parola\/#\/schema\/person\/image\/ef1d7dc4d1949d5457aa415351763853\",\"url\":\"https:\/\/secure.gravatar.com\/avatar\/c18c00ea50048aa7adb99e5d11e4250d05111e33b2bea02671439eb7912c945e?s=96&d=mm&r=g\",\"contentUrl\":\"https:\/\/secure.gravatar.com\/avatar\/c18c00ea50048aa7adb99e5d11e4250d05111e33b2bea02671439eb7912c945e?s=96&d=mm&r=g\",\"caption\":\"Parola\"},\"url\":\"https:\/\/kofe.hu\/parola\/szerzok\/parola\/\"}]}<\/script>\n<!-- \/ Yoast SEO plugin. -->","yoast_head_json":{"title":"\u00d6n\u00e1ll\u00f3 v\u00e1rosr\u00e9szek - Parola Foly\u00f3irat","robots":{"index":"index","follow":"follow","max-snippet":"max-snippet:-1","max-image-preview":"max-image-preview:large","max-video-preview":"max-video-preview:-1"},"canonical":"https:\/\/kofe.hu\/parola\/parola-folyoirat\/onallo-varosreszek\/","og_locale":"hu_HU","og_type":"article","og_title":"\u00d6n\u00e1ll\u00f3 v\u00e1rosr\u00e9szek - Parola Foly\u00f3irat","og_description":"Egyre t\u00f6bbet hallunk a nagy k\u00f6rzetek &#8211; Budapesten a ker\u00fcletek &#8211; decentraliz\u00e1l\u00e1s\u00e1nak az el\u0151nyeir\u0151l. Ez a k\u00e9rd\u00e9s ker\u00fclet\u00fcnket igen k\u00f6zelr\u0151l \u00e9rinti, hiszen ide olyan \u00f6n\u00e1ll\u00f3 k\u00f6rzetek tartoznak, mint Gazdagr\u00e9t, Albertfalva, a Gell\u00e9rt-hegy k\u00f6rny\u00e9ke, a Sashegy stb.","og_url":"https:\/\/kofe.hu\/parola\/parola-folyoirat\/onallo-varosreszek\/","og_site_name":"Parola Foly\u00f3irat","article_published_time":"2020-06-24T14:36:48+00:00","article_modified_time":"2020-07-30T17:19:57+00:00","og_image":[{"width":1430,"height":1923,"url":"https:\/\/kofe.hu\/parola\/wp-content\/uploads\/2020\/07\/93.1.jpeg","type":"image\/jpeg"}],"author":"Parola","twitter_card":"summary_large_image","twitter_misc":{"Szerz\u0151:":"Parola","Becs\u00fclt olvas\u00e1si id\u0151":"5 perc","Written by":"Parola"},"schema":{"@context":"https:\/\/schema.org","@graph":[{"@type":"Article","@id":"https:\/\/kofe.hu\/parola\/parola-folyoirat\/onallo-varosreszek\/#article","isPartOf":{"@id":"https:\/\/kofe.hu\/parola\/parola-folyoirat\/onallo-varosreszek\/"},"author":{"name":"Parola","@id":"https:\/\/kofe.hu\/parola\/#\/schema\/person\/b39ea6ec0995233537351d7e33281aeb"},"headline":"\u00d6n\u00e1ll\u00f3 v\u00e1rosr\u00e9szek","datePublished":"2020-06-24T14:36:48+00:00","dateModified":"2020-07-30T17:19:57+00:00","mainEntityOfPage":{"@id":"https:\/\/kofe.hu\/parola\/parola-folyoirat\/onallo-varosreszek\/"},"wordCount":906,"commentCount":0,"image":{"@id":"https:\/\/kofe.hu\/parola\/parola-folyoirat\/onallo-varosreszek\/#primaryimage"},"thumbnailUrl":"https:\/\/kofe.hu\/parola\/wp-content\/uploads\/2020\/07\/93.1.jpeg","articleSection":["Parola 1993\/1","Parola Foly\u00f3irat","Repert\u00f3rium"],"inLanguage":"hu","potentialAction":[{"@type":"CommentAction","name":"Comment","target":["https:\/\/kofe.hu\/parola\/parola-folyoirat\/onallo-varosreszek\/#respond"]}]},{"@type":"WebPage","@id":"https:\/\/kofe.hu\/parola\/parola-folyoirat\/onallo-varosreszek\/","url":"https:\/\/kofe.hu\/parola\/parola-folyoirat\/onallo-varosreszek\/","name":"\u00d6n\u00e1ll\u00f3 v\u00e1rosr\u00e9szek - Parola Foly\u00f3irat","isPartOf":{"@id":"https:\/\/kofe.hu\/parola\/#website"},"primaryImageOfPage":{"@id":"https:\/\/kofe.hu\/parola\/parola-folyoirat\/onallo-varosreszek\/#primaryimage"},"image":{"@id":"https:\/\/kofe.hu\/parola\/parola-folyoirat\/onallo-varosreszek\/#primaryimage"},"thumbnailUrl":"https:\/\/kofe.hu\/parola\/wp-content\/uploads\/2020\/07\/93.1.jpeg","datePublished":"2020-06-24T14:36:48+00:00","dateModified":"2020-07-30T17:19:57+00:00","author":{"@id":"https:\/\/kofe.hu\/parola\/#\/schema\/person\/b39ea6ec0995233537351d7e33281aeb"},"breadcrumb":{"@id":"https:\/\/kofe.hu\/parola\/parola-folyoirat\/onallo-varosreszek\/#breadcrumb"},"inLanguage":"hu","potentialAction":[{"@type":"ReadAction","target":["https:\/\/kofe.hu\/parola\/parola-folyoirat\/onallo-varosreszek\/"]}]},{"@type":"ImageObject","inLanguage":"hu","@id":"https:\/\/kofe.hu\/parola\/parola-folyoirat\/onallo-varosreszek\/#primaryimage","url":"https:\/\/kofe.hu\/parola\/wp-content\/uploads\/2020\/07\/93.1.jpeg","contentUrl":"https:\/\/kofe.hu\/parola\/wp-content\/uploads\/2020\/07\/93.1.jpeg","width":1430,"height":1923},{"@type":"BreadcrumbList","@id":"https:\/\/kofe.hu\/parola\/parola-folyoirat\/onallo-varosreszek\/#breadcrumb","itemListElement":[{"@type":"ListItem","position":1,"name":"Home","item":"https:\/\/kofe.hu\/parola\/"},{"@type":"ListItem","position":2,"name":"\u00d6n\u00e1ll\u00f3 v\u00e1rosr\u00e9szek"}]},{"@type":"WebSite","@id":"https:\/\/kofe.hu\/parola\/#website","url":"https:\/\/kofe.hu\/parola\/","name":"Parola Foly\u00f3irat","description":"","potentialAction":[{"@type":"SearchAction","target":{"@type":"EntryPoint","urlTemplate":"https:\/\/kofe.hu\/parola\/?s={search_term_string}"},"query-input":{"@type":"PropertyValueSpecification","valueRequired":true,"valueName":"search_term_string"}}],"inLanguage":"hu"},{"@type":"Person","@id":"https:\/\/kofe.hu\/parola\/#\/schema\/person\/b39ea6ec0995233537351d7e33281aeb","name":"Parola","image":{"@type":"ImageObject","inLanguage":"hu","@id":"https:\/\/kofe.hu\/parola\/#\/schema\/person\/image\/ef1d7dc4d1949d5457aa415351763853","url":"https:\/\/secure.gravatar.com\/avatar\/c18c00ea50048aa7adb99e5d11e4250d05111e33b2bea02671439eb7912c945e?s=96&d=mm&r=g","contentUrl":"https:\/\/secure.gravatar.com\/avatar\/c18c00ea50048aa7adb99e5d11e4250d05111e33b2bea02671439eb7912c945e?s=96&d=mm&r=g","caption":"Parola"},"url":"https:\/\/kofe.hu\/parola\/szerzok\/parola\/"}]}},"_links":{"self":[{"href":"https:\/\/kofe.hu\/parola\/wp-json\/wp\/v2\/posts\/1980","targetHints":{"allow":["GET"]}}],"collection":[{"href":"https:\/\/kofe.hu\/parola\/wp-json\/wp\/v2\/posts"}],"about":[{"href":"https:\/\/kofe.hu\/parola\/wp-json\/wp\/v2\/types\/post"}],"author":[{"embeddable":true,"href":"https:\/\/kofe.hu\/parola\/wp-json\/wp\/v2\/users\/4"}],"replies":[{"embeddable":true,"href":"https:\/\/kofe.hu\/parola\/wp-json\/wp\/v2\/comments?post=1980"}],"version-history":[{"count":2,"href":"https:\/\/kofe.hu\/parola\/wp-json\/wp\/v2\/posts\/1980\/revisions"}],"predecessor-version":[{"id":5003,"href":"https:\/\/kofe.hu\/parola\/wp-json\/wp\/v2\/posts\/1980\/revisions\/5003"}],"wp:featuredmedia":[{"embeddable":true,"href":"https:\/\/kofe.hu\/parola\/wp-json\/wp\/v2\/media\/3462"}],"wp:attachment":[{"href":"https:\/\/kofe.hu\/parola\/wp-json\/wp\/v2\/media?parent=1980"}],"wp:term":[{"taxonomy":"category","embeddable":true,"href":"https:\/\/kofe.hu\/parola\/wp-json\/wp\/v2\/categories?post=1980"},{"taxonomy":"post_tag","embeddable":true,"href":"https:\/\/kofe.hu\/parola\/wp-json\/wp\/v2\/tags?post=1980"},{"taxonomy":"author","embeddable":true,"href":"https:\/\/kofe.hu\/parola\/wp-json\/wp\/v2\/coauthors?post=1980"}],"curies":[{"name":"wp","href":"https:\/\/api.w.org\/{rel}","templated":true}]}}