{"id":1968,"date":"2020-06-24T13:37:42","date_gmt":"2020-06-24T13:37:42","guid":{"rendered":"https:\/\/kofe.hu\/parola\/?p=1968"},"modified":"2020-07-30T11:12:49","modified_gmt":"2020-07-30T11:12:49","slug":"bemutatjuk-a-helyi-tarsadalom-fejlodeseert-alapitvanyt","status":"publish","type":"post","link":"https:\/\/kofe.hu\/parola\/parola-folyoirat\/bemutatjuk-a-helyi-tarsadalom-fejlodeseert-alapitvanyt\/","title":{"rendered":"Bemutatjuk a Helyi T\u00e1rsadalom Fejl\u0151d\u00e9s\u00e9\u00e9rt Alap\u00edtv\u00e1nyt"},"content":{"rendered":"<p style=\"text-align: justify;\"><i><span style=\"font-family: Times New Roman CE; font-size: large;\">Sz\u00e9khelye: 1078 Budapest, Landler J. u. 11. III. 2.<\/span><\/i><br \/>\n<i><span style=\"font-family: Times New Roman CE; font-size: large;\">Telefon: 36-1-121-1585<\/span><\/i><br \/>\n<i><span style=\"font-family: Times New Roman CE; font-size: large;\">MNB 218-98316 szla. sz\u00e1m: 512-028417-0<\/span><\/i><br \/>\n<!--more--><br \/>\n<i><span style=\"font-family: Times New Roman CE; font-size: large;\">A Kurat\u00f3rium tagjai:<\/span><\/i><br \/>\n<span style=\"font-family: Times New Roman CE; font-size: large;\">Z\u00e1m M\u00e1ria szoci\u00e1lpolitikus, Dr. Vizkelety Marianna jog\u00e1sz, Szendr\u00e1k D\u00f3ra szoci\u00e1lpolitikus<\/span><br \/>\n<i><span style=\"font-family: Times New Roman CE; font-size: large;\">Az Alap\u00edtv\u00e1ny \u00e1ltal\u00e1nos c\u00e9ljai:<\/span><\/i><br \/>\n<span style=\"font-family: Times New Roman CE; font-size: large;\">Az \u00f6nkorm\u00e1nyzatok, t\u00e1rsadalmi szervezetek seg\u00edt\u00e9se, els\u0151sorban szoci\u00e1lis, eg\u00e9szs\u00e9gv\u00e9delmi, telep\u00fcl\u00e9sfejleszt\u00e9si, foglalkoztat\u00e1si, kultur\u00e1lis, k\u00f6zigazgat\u00e1si ter\u00fcleteken<\/span><br \/>\n<span style=\"font-family: Times New Roman CE; font-size: large;\">M\u0171k\u00f6d\u00e9si ter\u00fclete: els\u0151sorban a h\u00e1tr\u00e1nyos helyzet\u0171 telep\u00fcl\u00e9seken, v\u00e1rosr\u00e9szekben \u00e9s a h\u00e1tr\u00e1nyos helyzet\u0171 t\u00e1rsadalmi csoportok k\u00f6r\u00e9ben<\/span><br \/>\n<i><span style=\"font-family: Times New Roman CE; font-size: large;\">Az Alap\u00edtv\u00e1ny konkr\u00e9t c\u00e9ljai:<\/span><\/i><br \/>\n<span style=\"font-family: Times New Roman CE; font-size: large;\">1. Tan\u00e1csad\u00f3, inform\u00e1ci\u00f3s szolg\u00e1lat m\u0171k\u00f6dtet\u00e9se<\/span><br \/>\n<span style=\"font-family: Times New Roman CE; font-size: large;\">2. Modellk\u00eds\u00e9rletek, kutat\u00e1sok<\/span><br \/>\n<span style=\"font-family: Times New Roman CE; font-size: large;\">3. K\u00e9pz\u00e9s, oktat\u00e1s<\/span><br \/>\n<span style=\"font-family: Times New Roman CE; font-size: large;\">4. Tapasztalatok, inform\u00e1ci\u00f3k \u00e1tad\u00e1sa<\/span><br \/>\n<i><span style=\"font-family: Times New Roman CE; font-size: large;\">Megval\u00f3sult vagy folyamatban l\u00e9v\u0151 programok:<\/span><\/i><br \/>\n<span style=\"font-family: Times New Roman CE; font-size: large;\">1. Szoci\u00e1lpolitikai strat\u00e9giai terv elk\u00e9sz\u00edt\u00e9se a Budapest IX. ker\u00fcleti \u00d6nkorm\u00e1nyzat r\u00e9sz\u00e9re<\/span><br \/>\n<span style=\"font-family: Times New Roman CE; font-size: large;\">2. Mag\u00e1nyos, id\u0151s embereket t\u00e1mogat\u00f3 levelez\u0151 h\u00e1l\u00f3zat kialak\u00edt\u00e1sa (folyamatban), egy\u00fcttm\u0171k\u00f6dve a Nemzeti Eg\u00e9szs\u00e9gv\u00e9delmi Int\u00e9zettel<\/span><br \/>\n<span style=\"font-family: Times New Roman CE; font-size: large;\">3. \u201cP\u00e1ly\u00e1zati projekt k\u00e9sz\u00edt\u00e9s\u201d c. seg\u00e9danyag \u00f6ssze\u00e1ll\u00edt\u00e1sa \u00e9s p\u00e1ly\u00e1zati tan\u00e1csad\u00e1s a Magyar N\u00e9pf\u0151iskolai T\u00e1rsas\u00e1ggal k\u00f6z\u00f6sen<\/span><br \/>\n<span style=\"font-family: Times New Roman CE; font-size: large;\">4. Seg\u00e9danyag \u00f6ssze\u00e1ll\u00edt\u00e1sa szoci\u00e1lpolitikusok r\u00e9sz\u00e9re a \u201cLok\u00e1lis szint\u0171 szoci\u00e1lpolitikai strat\u00e9giai tervez\u00e9s\u201d-r\u0151l<\/span><\/p>\n","protected":false},"excerpt":{"rendered":"<p>Sz\u00e9khelye: 1078 Budapest, Landler J. u. 11. III. 2. Telefon: 36-1-121-1585 MNB 218-98316 szla. sz\u00e1m: 512-028417-0<\/p>\n","protected":false},"author":4,"featured_media":4117,"comment_status":"open","ping_status":"open","sticky":false,"template":"","format":"standard","meta":{"_acf_changed":false,"footnotes":""},"categories":[239,8,7],"tags":[],"coauthors":[47],"class_list":["post-1968","post","type-post","status-publish","format-standard","has-post-thumbnail","hentry","category-parola-1992-2","category-parola-folyoirat","category-repertorium"],"acf":[],"yoast_head":"<!-- This site is optimized with the Yoast SEO plugin v26.7 - https:\/\/yoast.com\/wordpress\/plugins\/seo\/ -->\n<title>Bemutatjuk a Helyi T\u00e1rsadalom Fejl\u0151d\u00e9s\u00e9\u00e9rt Alap\u00edtv\u00e1nyt - Parola Foly\u00f3irat<\/title>\n<meta name=\"robots\" content=\"index, follow, max-snippet:-1, max-image-preview:large, max-video-preview:-1\" \/>\n<link rel=\"canonical\" href=\"https:\/\/kofe.hu\/parola\/parola-folyoirat\/bemutatjuk-a-helyi-tarsadalom-fejlodeseert-alapitvanyt\/\" \/>\n<meta property=\"og:locale\" content=\"hu_HU\" \/>\n<meta property=\"og:type\" content=\"article\" \/>\n<meta property=\"og:title\" content=\"Bemutatjuk a Helyi T\u00e1rsadalom Fejl\u0151d\u00e9s\u00e9\u00e9rt Alap\u00edtv\u00e1nyt - Parola Foly\u00f3irat\" \/>\n<meta property=\"og:description\" content=\"Sz\u00e9khelye: 1078 Budapest, Landler J. u. 11. III. 2. Telefon: 36-1-121-1585 MNB 218-98316 szla. sz\u00e1m: 512-028417-0\" \/>\n<meta property=\"og:url\" content=\"https:\/\/kofe.hu\/parola\/parola-folyoirat\/bemutatjuk-a-helyi-tarsadalom-fejlodeseert-alapitvanyt\/\" \/>\n<meta property=\"og:site_name\" content=\"Parola Foly\u00f3irat\" \/>\n<meta property=\"article:published_time\" content=\"2020-06-24T13:37:42+00:00\" \/>\n<meta property=\"article:modified_time\" content=\"2020-07-30T11:12:49+00:00\" \/>\n<meta property=\"og:image\" content=\"https:\/\/kofe.hu\/parola\/wp-content\/uploads\/2020\/06\/92.2.jpeg\" \/>\n\t<meta property=\"og:image:width\" content=\"1493\" \/>\n\t<meta property=\"og:image:height\" content=\"2011\" \/>\n\t<meta property=\"og:image:type\" content=\"image\/jpeg\" \/>\n<meta name=\"author\" content=\"Parola\" \/>\n<meta name=\"twitter:card\" content=\"summary_large_image\" \/>\n<meta name=\"twitter:label1\" content=\"Szerz\u0151:\" \/>\n\t<meta name=\"twitter:data1\" content=\"Parola\" \/>\n\t<meta name=\"twitter:label2\" content=\"Becs\u00fclt olvas\u00e1si id\u0151\" \/>\n\t<meta name=\"twitter:data2\" content=\"1 perc\" \/>\n\t<meta name=\"twitter:label3\" content=\"Written by\" \/>\n\t<meta name=\"twitter:data3\" content=\"Parola\" \/>\n<script type=\"application\/ld+json\" class=\"yoast-schema-graph\">{\"@context\":\"https:\/\/schema.org\",\"@graph\":[{\"@type\":\"Article\",\"@id\":\"https:\/\/kofe.hu\/parola\/parola-folyoirat\/bemutatjuk-a-helyi-tarsadalom-fejlodeseert-alapitvanyt\/#article\",\"isPartOf\":{\"@id\":\"https:\/\/kofe.hu\/parola\/parola-folyoirat\/bemutatjuk-a-helyi-tarsadalom-fejlodeseert-alapitvanyt\/\"},\"author\":{\"name\":\"Parola\",\"@id\":\"https:\/\/kofe.hu\/parola\/#\/schema\/person\/b39ea6ec0995233537351d7e33281aeb\"},\"headline\":\"Bemutatjuk a Helyi T\u00e1rsadalom Fejl\u0151d\u00e9s\u00e9\u00e9rt Alap\u00edtv\u00e1nyt\",\"datePublished\":\"2020-06-24T13:37:42+00:00\",\"dateModified\":\"2020-07-30T11:12:49+00:00\",\"mainEntityOfPage\":{\"@id\":\"https:\/\/kofe.hu\/parola\/parola-folyoirat\/bemutatjuk-a-helyi-tarsadalom-fejlodeseert-alapitvanyt\/\"},\"wordCount\":264,\"commentCount\":0,\"image\":{\"@id\":\"https:\/\/kofe.hu\/parola\/parola-folyoirat\/bemutatjuk-a-helyi-tarsadalom-fejlodeseert-alapitvanyt\/#primaryimage\"},\"thumbnailUrl\":\"https:\/\/kofe.hu\/parola\/wp-content\/uploads\/2020\/06\/92.2.jpeg\",\"articleSection\":[\"Parola 1992\/2\",\"Parola Foly\u00f3irat\",\"Repert\u00f3rium\"],\"inLanguage\":\"hu\",\"potentialAction\":[{\"@type\":\"CommentAction\",\"name\":\"Comment\",\"target\":[\"https:\/\/kofe.hu\/parola\/parola-folyoirat\/bemutatjuk-a-helyi-tarsadalom-fejlodeseert-alapitvanyt\/#respond\"]}]},{\"@type\":\"WebPage\",\"@id\":\"https:\/\/kofe.hu\/parola\/parola-folyoirat\/bemutatjuk-a-helyi-tarsadalom-fejlodeseert-alapitvanyt\/\",\"url\":\"https:\/\/kofe.hu\/parola\/parola-folyoirat\/bemutatjuk-a-helyi-tarsadalom-fejlodeseert-alapitvanyt\/\",\"name\":\"Bemutatjuk a Helyi T\u00e1rsadalom Fejl\u0151d\u00e9s\u00e9\u00e9rt Alap\u00edtv\u00e1nyt - Parola Foly\u00f3irat\",\"isPartOf\":{\"@id\":\"https:\/\/kofe.hu\/parola\/#website\"},\"primaryImageOfPage\":{\"@id\":\"https:\/\/kofe.hu\/parola\/parola-folyoirat\/bemutatjuk-a-helyi-tarsadalom-fejlodeseert-alapitvanyt\/#primaryimage\"},\"image\":{\"@id\":\"https:\/\/kofe.hu\/parola\/parola-folyoirat\/bemutatjuk-a-helyi-tarsadalom-fejlodeseert-alapitvanyt\/#primaryimage\"},\"thumbnailUrl\":\"https:\/\/kofe.hu\/parola\/wp-content\/uploads\/2020\/06\/92.2.jpeg\",\"datePublished\":\"2020-06-24T13:37:42+00:00\",\"dateModified\":\"2020-07-30T11:12:49+00:00\",\"author\":{\"@id\":\"https:\/\/kofe.hu\/parola\/#\/schema\/person\/b39ea6ec0995233537351d7e33281aeb\"},\"breadcrumb\":{\"@id\":\"https:\/\/kofe.hu\/parola\/parola-folyoirat\/bemutatjuk-a-helyi-tarsadalom-fejlodeseert-alapitvanyt\/#breadcrumb\"},\"inLanguage\":\"hu\",\"potentialAction\":[{\"@type\":\"ReadAction\",\"target\":[\"https:\/\/kofe.hu\/parola\/parola-folyoirat\/bemutatjuk-a-helyi-tarsadalom-fejlodeseert-alapitvanyt\/\"]}]},{\"@type\":\"ImageObject\",\"inLanguage\":\"hu\",\"@id\":\"https:\/\/kofe.hu\/parola\/parola-folyoirat\/bemutatjuk-a-helyi-tarsadalom-fejlodeseert-alapitvanyt\/#primaryimage\",\"url\":\"https:\/\/kofe.hu\/parola\/wp-content\/uploads\/2020\/06\/92.2.jpeg\",\"contentUrl\":\"https:\/\/kofe.hu\/parola\/wp-content\/uploads\/2020\/06\/92.2.jpeg\",\"width\":1493,\"height\":2011},{\"@type\":\"BreadcrumbList\",\"@id\":\"https:\/\/kofe.hu\/parola\/parola-folyoirat\/bemutatjuk-a-helyi-tarsadalom-fejlodeseert-alapitvanyt\/#breadcrumb\",\"itemListElement\":[{\"@type\":\"ListItem\",\"position\":1,\"name\":\"Home\",\"item\":\"https:\/\/kofe.hu\/parola\/\"},{\"@type\":\"ListItem\",\"position\":2,\"name\":\"Bemutatjuk a Helyi T\u00e1rsadalom Fejl\u0151d\u00e9s\u00e9\u00e9rt Alap\u00edtv\u00e1nyt\"}]},{\"@type\":\"WebSite\",\"@id\":\"https:\/\/kofe.hu\/parola\/#website\",\"url\":\"https:\/\/kofe.hu\/parola\/\",\"name\":\"Parola Foly\u00f3irat\",\"description\":\"\",\"potentialAction\":[{\"@type\":\"SearchAction\",\"target\":{\"@type\":\"EntryPoint\",\"urlTemplate\":\"https:\/\/kofe.hu\/parola\/?s={search_term_string}\"},\"query-input\":{\"@type\":\"PropertyValueSpecification\",\"valueRequired\":true,\"valueName\":\"search_term_string\"}}],\"inLanguage\":\"hu\"},{\"@type\":\"Person\",\"@id\":\"https:\/\/kofe.hu\/parola\/#\/schema\/person\/b39ea6ec0995233537351d7e33281aeb\",\"name\":\"Parola\",\"image\":{\"@type\":\"ImageObject\",\"inLanguage\":\"hu\",\"@id\":\"https:\/\/kofe.hu\/parola\/#\/schema\/person\/image\/ef1d7dc4d1949d5457aa415351763853\",\"url\":\"https:\/\/secure.gravatar.com\/avatar\/c18c00ea50048aa7adb99e5d11e4250d05111e33b2bea02671439eb7912c945e?s=96&d=mm&r=g\",\"contentUrl\":\"https:\/\/secure.gravatar.com\/avatar\/c18c00ea50048aa7adb99e5d11e4250d05111e33b2bea02671439eb7912c945e?s=96&d=mm&r=g\",\"caption\":\"Parola\"},\"url\":\"https:\/\/kofe.hu\/parola\/szerzok\/parola\/\"}]}<\/script>\n<!-- \/ Yoast SEO plugin. -->","yoast_head_json":{"title":"Bemutatjuk a Helyi T\u00e1rsadalom Fejl\u0151d\u00e9s\u00e9\u00e9rt Alap\u00edtv\u00e1nyt - Parola Foly\u00f3irat","robots":{"index":"index","follow":"follow","max-snippet":"max-snippet:-1","max-image-preview":"max-image-preview:large","max-video-preview":"max-video-preview:-1"},"canonical":"https:\/\/kofe.hu\/parola\/parola-folyoirat\/bemutatjuk-a-helyi-tarsadalom-fejlodeseert-alapitvanyt\/","og_locale":"hu_HU","og_type":"article","og_title":"Bemutatjuk a Helyi T\u00e1rsadalom Fejl\u0151d\u00e9s\u00e9\u00e9rt Alap\u00edtv\u00e1nyt - Parola Foly\u00f3irat","og_description":"Sz\u00e9khelye: 1078 Budapest, Landler J. u. 11. III. 2. Telefon: 36-1-121-1585 MNB 218-98316 szla. sz\u00e1m: 512-028417-0","og_url":"https:\/\/kofe.hu\/parola\/parola-folyoirat\/bemutatjuk-a-helyi-tarsadalom-fejlodeseert-alapitvanyt\/","og_site_name":"Parola Foly\u00f3irat","article_published_time":"2020-06-24T13:37:42+00:00","article_modified_time":"2020-07-30T11:12:49+00:00","og_image":[{"width":1493,"height":2011,"url":"https:\/\/kofe.hu\/parola\/wp-content\/uploads\/2020\/06\/92.2.jpeg","type":"image\/jpeg"}],"author":"Parola","twitter_card":"summary_large_image","twitter_misc":{"Szerz\u0151:":"Parola","Becs\u00fclt olvas\u00e1si id\u0151":"1 perc","Written by":"Parola"},"schema":{"@context":"https:\/\/schema.org","@graph":[{"@type":"Article","@id":"https:\/\/kofe.hu\/parola\/parola-folyoirat\/bemutatjuk-a-helyi-tarsadalom-fejlodeseert-alapitvanyt\/#article","isPartOf":{"@id":"https:\/\/kofe.hu\/parola\/parola-folyoirat\/bemutatjuk-a-helyi-tarsadalom-fejlodeseert-alapitvanyt\/"},"author":{"name":"Parola","@id":"https:\/\/kofe.hu\/parola\/#\/schema\/person\/b39ea6ec0995233537351d7e33281aeb"},"headline":"Bemutatjuk a Helyi T\u00e1rsadalom Fejl\u0151d\u00e9s\u00e9\u00e9rt Alap\u00edtv\u00e1nyt","datePublished":"2020-06-24T13:37:42+00:00","dateModified":"2020-07-30T11:12:49+00:00","mainEntityOfPage":{"@id":"https:\/\/kofe.hu\/parola\/parola-folyoirat\/bemutatjuk-a-helyi-tarsadalom-fejlodeseert-alapitvanyt\/"},"wordCount":264,"commentCount":0,"image":{"@id":"https:\/\/kofe.hu\/parola\/parola-folyoirat\/bemutatjuk-a-helyi-tarsadalom-fejlodeseert-alapitvanyt\/#primaryimage"},"thumbnailUrl":"https:\/\/kofe.hu\/parola\/wp-content\/uploads\/2020\/06\/92.2.jpeg","articleSection":["Parola 1992\/2","Parola Foly\u00f3irat","Repert\u00f3rium"],"inLanguage":"hu","potentialAction":[{"@type":"CommentAction","name":"Comment","target":["https:\/\/kofe.hu\/parola\/parola-folyoirat\/bemutatjuk-a-helyi-tarsadalom-fejlodeseert-alapitvanyt\/#respond"]}]},{"@type":"WebPage","@id":"https:\/\/kofe.hu\/parola\/parola-folyoirat\/bemutatjuk-a-helyi-tarsadalom-fejlodeseert-alapitvanyt\/","url":"https:\/\/kofe.hu\/parola\/parola-folyoirat\/bemutatjuk-a-helyi-tarsadalom-fejlodeseert-alapitvanyt\/","name":"Bemutatjuk a Helyi T\u00e1rsadalom Fejl\u0151d\u00e9s\u00e9\u00e9rt Alap\u00edtv\u00e1nyt - Parola Foly\u00f3irat","isPartOf":{"@id":"https:\/\/kofe.hu\/parola\/#website"},"primaryImageOfPage":{"@id":"https:\/\/kofe.hu\/parola\/parola-folyoirat\/bemutatjuk-a-helyi-tarsadalom-fejlodeseert-alapitvanyt\/#primaryimage"},"image":{"@id":"https:\/\/kofe.hu\/parola\/parola-folyoirat\/bemutatjuk-a-helyi-tarsadalom-fejlodeseert-alapitvanyt\/#primaryimage"},"thumbnailUrl":"https:\/\/kofe.hu\/parola\/wp-content\/uploads\/2020\/06\/92.2.jpeg","datePublished":"2020-06-24T13:37:42+00:00","dateModified":"2020-07-30T11:12:49+00:00","author":{"@id":"https:\/\/kofe.hu\/parola\/#\/schema\/person\/b39ea6ec0995233537351d7e33281aeb"},"breadcrumb":{"@id":"https:\/\/kofe.hu\/parola\/parola-folyoirat\/bemutatjuk-a-helyi-tarsadalom-fejlodeseert-alapitvanyt\/#breadcrumb"},"inLanguage":"hu","potentialAction":[{"@type":"ReadAction","target":["https:\/\/kofe.hu\/parola\/parola-folyoirat\/bemutatjuk-a-helyi-tarsadalom-fejlodeseert-alapitvanyt\/"]}]},{"@type":"ImageObject","inLanguage":"hu","@id":"https:\/\/kofe.hu\/parola\/parola-folyoirat\/bemutatjuk-a-helyi-tarsadalom-fejlodeseert-alapitvanyt\/#primaryimage","url":"https:\/\/kofe.hu\/parola\/wp-content\/uploads\/2020\/06\/92.2.jpeg","contentUrl":"https:\/\/kofe.hu\/parola\/wp-content\/uploads\/2020\/06\/92.2.jpeg","width":1493,"height":2011},{"@type":"BreadcrumbList","@id":"https:\/\/kofe.hu\/parola\/parola-folyoirat\/bemutatjuk-a-helyi-tarsadalom-fejlodeseert-alapitvanyt\/#breadcrumb","itemListElement":[{"@type":"ListItem","position":1,"name":"Home","item":"https:\/\/kofe.hu\/parola\/"},{"@type":"ListItem","position":2,"name":"Bemutatjuk a Helyi T\u00e1rsadalom Fejl\u0151d\u00e9s\u00e9\u00e9rt Alap\u00edtv\u00e1nyt"}]},{"@type":"WebSite","@id":"https:\/\/kofe.hu\/parola\/#website","url":"https:\/\/kofe.hu\/parola\/","name":"Parola Foly\u00f3irat","description":"","potentialAction":[{"@type":"SearchAction","target":{"@type":"EntryPoint","urlTemplate":"https:\/\/kofe.hu\/parola\/?s={search_term_string}"},"query-input":{"@type":"PropertyValueSpecification","valueRequired":true,"valueName":"search_term_string"}}],"inLanguage":"hu"},{"@type":"Person","@id":"https:\/\/kofe.hu\/parola\/#\/schema\/person\/b39ea6ec0995233537351d7e33281aeb","name":"Parola","image":{"@type":"ImageObject","inLanguage":"hu","@id":"https:\/\/kofe.hu\/parola\/#\/schema\/person\/image\/ef1d7dc4d1949d5457aa415351763853","url":"https:\/\/secure.gravatar.com\/avatar\/c18c00ea50048aa7adb99e5d11e4250d05111e33b2bea02671439eb7912c945e?s=96&d=mm&r=g","contentUrl":"https:\/\/secure.gravatar.com\/avatar\/c18c00ea50048aa7adb99e5d11e4250d05111e33b2bea02671439eb7912c945e?s=96&d=mm&r=g","caption":"Parola"},"url":"https:\/\/kofe.hu\/parola\/szerzok\/parola\/"}]}},"_links":{"self":[{"href":"https:\/\/kofe.hu\/parola\/wp-json\/wp\/v2\/posts\/1968","targetHints":{"allow":["GET"]}}],"collection":[{"href":"https:\/\/kofe.hu\/parola\/wp-json\/wp\/v2\/posts"}],"about":[{"href":"https:\/\/kofe.hu\/parola\/wp-json\/wp\/v2\/types\/post"}],"author":[{"embeddable":true,"href":"https:\/\/kofe.hu\/parola\/wp-json\/wp\/v2\/users\/4"}],"replies":[{"embeddable":true,"href":"https:\/\/kofe.hu\/parola\/wp-json\/wp\/v2\/comments?post=1968"}],"version-history":[{"count":2,"href":"https:\/\/kofe.hu\/parola\/wp-json\/wp\/v2\/posts\/1968\/revisions"}],"predecessor-version":[{"id":4118,"href":"https:\/\/kofe.hu\/parola\/wp-json\/wp\/v2\/posts\/1968\/revisions\/4118"}],"wp:featuredmedia":[{"embeddable":true,"href":"https:\/\/kofe.hu\/parola\/wp-json\/wp\/v2\/media\/4117"}],"wp:attachment":[{"href":"https:\/\/kofe.hu\/parola\/wp-json\/wp\/v2\/media?parent=1968"}],"wp:term":[{"taxonomy":"category","embeddable":true,"href":"https:\/\/kofe.hu\/parola\/wp-json\/wp\/v2\/categories?post=1968"},{"taxonomy":"post_tag","embeddable":true,"href":"https:\/\/kofe.hu\/parola\/wp-json\/wp\/v2\/tags?post=1968"},{"taxonomy":"author","embeddable":true,"href":"https:\/\/kofe.hu\/parola\/wp-json\/wp\/v2\/coauthors?post=1968"}],"curies":[{"name":"wp","href":"https:\/\/api.w.org\/{rel}","templated":true}]}}