{"id":1964,"date":"2020-06-24T13:33:22","date_gmt":"2020-06-24T13:33:22","guid":{"rendered":"https:\/\/kofe.hu\/parola\/?p=1964"},"modified":"2020-07-30T11:13:40","modified_gmt":"2020-07-30T11:13:40","slug":"onkenyes-lakasfoglalok-kelet-nyugat-szeminarium","status":"publish","type":"post","link":"https:\/\/kofe.hu\/parola\/parola-folyoirat\/onkenyes-lakasfoglalok-kelet-nyugat-szeminarium\/","title":{"rendered":"\u00d6nk\u00e9nyes lak\u00e1sfoglal\u00f3k: Kelet-Nyugat szemin\u00e1rium"},"content":{"rendered":"<p style=\"text-align: justify;\"><span style=\"font-family: Times New Roman CE;\">KELET-NYUGAT SZEMIN\u00c1RIUM c\u00edmmel a k\u00f6zelm\u00faltban \u00e9rdekes konferenci\u00e1t szervezett \u00e1 T\u00e1rsadalmi-Kultur\u00e1lis Szomsz\u00e9ds\u00e1gi K\u00f6zpontok Nemzetk\u00f6zi Sz\u00f6vets\u00e9ge (lnternational Federation of Settlements and Neighbourhood Centres IFS) N\u00e9metorsz\u00e1gban.<\/span><\/p>\n<p style=\"text-align: justify;\"><!--more--><br \/>\n<span style=\"font-family: Times New Roman CE;\">Az \u00f6sszej\u00f6vetelen komoly visszhangot kapott a budapesti ES\u00c9L Y Csal\u00e1dseg\u00edt\u0151 \u00e9s K\u00f6z\u00f6ss\u00e9gfejleszt\u0151 Szolg\u00e1lat besz\u00e1mol\u00f3ja a bels\u0151 v\u00e1rosr\u00e9sz rehabilit\u00e1ci\u00f3k sor\u00e1n v\u00e9gzett k\u00f6z\u00f6ss\u00e9gi szoci\u00e1lis munk\u00e1jukr\u00f3l.<\/span><\/p>\n<p style=\"text-align: justify;\"><span style=\"font-family: Times New Roman CE;\">Az al\u00e1bbiakban Madlena Erzs\u00e9bet ismertet\u0151j\u00e9b\u0151l k\u00f6zl\u00fcnk r\u00e9szleteket, aki az \u00f6nk\u00e9nyes lak\u00e1sfoglal\u00f3kkal foglalkozott. \u00d6ssze\u00e1ll\u00edt\u00e1sunk n\u00e9h\u00e1ny kieg\u00e9sz\u00edt\u0151 anyag r\u00e9szlet\u00e9t is tartalmazza, amelyek az erzs\u00e9betv\u00e1rosi munk\u00e1hoz k\u00e9sz\u00fcltek.<\/span><br \/>\n<span style=\"font-family: Times New Roman CE;\">Budapesten, de t\u00f6bb vid\u00e9ki nagyv\u00e1rosunkban is igen sok az \u00f6nk\u00e9nyes lak\u00e1sfoglal\u00f3k sz\u00e1ma. Budapesten kb. 2500 csal\u00e1d lehet az, amelyik jelen pillanatban \u00f6nk\u00e9nyesen lak\u00e1st foglalni k\u00e9nyszer\u00fclt. Ez a sz\u00e1m nem pontos, hiszen ez naponta v\u00e1ltozik. Az \u00f6nk\u00e9nyes lak\u00e1sfoglal\u00e1s a hajl\u00e9ktalans\u00e1gnak egy form\u00e1ja.<\/span><\/p>\n<p style=\"text-align: justify;\"><span style=\"font-family: Times New Roman CE;\">Ennek okait mi f\u0151k\u00e9ppen abban l\u00e1tjuk, hogy a munkan\u00e9lk\u00fclis\u00e9g vid\u00e9ken nagyobb ar\u00e1ny\u00fa mint Budapesten \u00e9s a f\u0151v\u00e1rosnak a sz\u00edv\u00f3hat\u00e1sa arra k\u00e9sztetett t\u00f6bb ezer embert, hogy Budapesten keressen \u00faj lehet\u0151s\u00e9geket a maga \u00e9s a csal\u00e1dja sz\u00e1m\u00e1ra. M\u00e1sik fontos el\u0151id\u00e9z\u0151jek\u00e9nt gondolunk arra, hogy igen nagy volt az ing\u00e1z\u00f3k sz\u00e1ma, a vid\u00e9kr\u0151l budapesti munkahelyre naponta, hetente egyszer felj\u00e1r\u00f3 dolgoz\u00f3k t\u00e1bora, \u00e9s \u0151k jobb\u00e1ra munk\u00e1ssz\u00e1ll\u00e1sokon laktak Budapesten, de ezeket a munk\u00e1ssz\u00e1ll\u00e1sokat. az elm\u00falt k\u00e9t \u00e9vben bez\u00e1rt\u00e1k. Gyakorlatilag nincs hol lakniuk \u00e9s ugye ezek az emberek csal\u00e1djukat is k\u00e9nytelenek voltak magukkal hozni \u00e9s h\u00e1t valami lak\u00e1st keresni Budapesten. A dolog m\u00e1sik oldala az, hogy van elfoglalhat\u00f3 lak\u00e1s, lak\u00e1s\u00e1llom\u00e1ny a f\u0151v\u00e1rosban. Ennek az egyik f\u0151 oka az (ehet, hogy az elm\u00falt rendszerben az \u00e1llami lak\u00e1s\u00e1llom\u00e1nyt egy monopol helyzet\u0171 szervezet, egy v\u00e1llalat kezelte, r\u00e1b\u00edzt\u00e1k, de nem tartotta karban val\u00f3j\u00e1ban a lak\u00e1s\u00e1llom\u00e1nyt. Rengeteg lerobbant szoba-konyha, komfort n\u00e9lk\u00fcli lak\u00e1s van Budapesten. Sz\u00e1zas szorz\u00f3sz\u00e1mmal szorozhatom be a most elfoglalt sz\u00fcks\u00e9glak\u00e1sok sz\u00e1m\u00e1t. Teh\u00e1t kb. 2500 \u00f6nk\u00e9nyes lak\u00e1sfoglal\u00f3 lehet, enn\u00e9l a lerobbant lak\u00e1sok sz\u00e1ma l\u00e9nyegesen t\u00f6bb.<\/span><\/p>\n<p style=\"text-align: justify;\"><span style=\"font-family: Times New Roman CE;\">Mi t\u00f6rt\u00e9nik az \u00f6nk\u00e9nyes lak\u00e1sfoglal\u00f3kkal? Gondolom mint szerte a vil\u00e1gban m\u00e1shol is holmi hat\u00f3s\u00e1gi megold\u00e1st keres r\u00e1 az illet\u00e9kes \u00f6nkorm\u00e1nyzat. Ez els\u0151sorban b\u00fcntet\u0151 elj\u00e1r\u00e1s. Ez n\u00e1lunk is b\u00fcntet\u0151 \u00e9s nem gondoskod\u00f3 elj\u00e1r\u00e1s. Egy sz\u00e9ttagolt int\u00e9zm\u00e9nyrendszer pr\u00f3b\u00e1lja ezt a probl\u00e9m\u00e1t a hajl\u00e9ktalans\u00e1g ezen r\u00e9szlet\u00e9t kezelni. \u00c9s sajnos azt mondhatom, hogy jelen pillanatban sz\u00e9tosztva k\u00fcl\u00f6nf\u00e9le helyekre, hat\u00f3s\u00e1gok kezelik ezt a k\u00e9rd\u00e9st. Els\u0151sorban rend\u0151rs\u00e9gi \u00fcgy, merthogy az \u00f6nk\u00e9nyesen lak\u00e1sfoglal\u00f3k sz\u00e1mos b\u0171ncselekm\u00e9ny t\u00f6rv\u00e9nyi t\u00e9ny\u00e1ll\u00e1s\u00e1t megval\u00f3s\u00edtj\u00e1k, amikor \u00f6nk\u00e9nyesen lak\u00e1st foglalnak. Bet\u00f6r\u00e9s, jogtalan haszn\u00e1lat, okirathamis\u00edt\u00e1s, rong\u00e1l\u00e1s \u00e9s egyebek. Ezt minim\u00e1lisan szab\u00e1lys\u00e9rt\u00e9sk\u00e9nt szankcion\u00e1lja a b\u00fcntet\u0151 rendszer\u00fcnk, teh\u00e1t rend\u0151rs\u00e9gi \u00fcgy \u00e9s \u00e1ltal\u00e1ban a kilakoltat\u00e1sokhoz a rend\u0151rs\u00e9g seg\u00edts\u00e9g\u00e9re van sz\u00fcks\u00e9g. M\u00e1sfel\u0151l kezelik ezt lak\u00e1s\u00fcgynek az \u00f6nkorm\u00e1nyzatok lak\u00e1soszt\u00e1lyai. \u0150k regisztr\u00e1lj\u00e1k, sz\u00e1mba veszik, hogy mely lak\u00e1sokat foglalt\u00e1k el \u00e9s elrendelik a ki\u00fcr\u00edt\u00e9st, a kilakoltat\u00e1st. A szoci\u00e1lis \u00fcgyek\u00e9rt felel\u0151s szervek, hat\u00f3s\u00e1gok egy-egy \u00f6nkorm\u00e1nyzatn\u00e1l pedig megk\u00eds\u00e9relnek valamif\u00e9le szoci\u00e1lis ell\u00e1t\u00e1st ny\u00fajtani nekik. De nem siker\u00fcl jobb\u00e1ra m\u00e9g le\u00fclni sem a lak\u00e1s\u00fcgyi oszt\u00e1llyal egy\u00fctt valamifajta megold\u00e1st kital\u00e1lni, mert a szoci\u00e1lis szervezeteknek nincsen kompetenci\u00e1juk, nincsen el\u00e9gs\u00e9ges egy\u00fcttm\u0171k\u00f6d\u00e9s\u00fck a lak\u00e1s\u00fcgyi szervekkel. \u0150k legf\u00f6ljebb t\u00e1mogatni k\u00e9pesek, n\u00e9mi p\u00e9nzzel, olyanfajta szolg\u00e1ltat\u00e1s juttat\u00e1ssal, ami az embereknek azt az alapvet\u0151 gondj\u00e1t, hogy nincs lak\u00e1s, nincs hol lakni, nincs honnan m\u00e1snap munk\u00e1b\u00a6 menni, nincs hol tanulniuk a gyerekeknek, nem oldja meg. Abban a ker\u00fcletben ahol a koll\u00e9g\u00e1mmal egy\u00fctt dolgozunk el\u00e9be akartunk menni egy \u00e9vvel ezel\u0151tt a probl\u00e9m\u00e1nak, ugyanis egy \u00e9vig nem volt kilakoltat\u00e1s ebben a ker\u00fcletben \u00e9s az \u00faj, liber\u00e1lisabb szellem\u0171 polg\u00e1rmester \u00e9s a vezet\u00e9s felk\u00edn\u00e1lt nek\u00fcnk egy lehet\u0151s\u00e9get; &#8222;pr\u00f3b\u00e1ljunk valamit kital\u00e1lni az eddigi \u00e9s a jelenlegi jogszab\u00e1lyi megold\u00e1sokkal is ak\u00e1r ellenkez\u0151 megold\u00e1st ha tudn\u00e1nk k\u00edn\u00e1lni nekik, akkor t\u00e1rgyalhatunk err\u0151l.&#8221;<\/span><\/p>\n<p style=\"text-align: justify;\"><span style=\"font-family: Times New Roman CE;\">Ez egy nagyszer\u0171 lehet\u0151s\u00e9gnek \u00edg\u00e9rkezett sz\u00e1munkra. Egy szociol\u00f3gus koll\u00e9g\u00e1mmal egy\u00fctt &#8211; \u00e9n magam jog\u00e1szk\u00e9nt &#8211; arra k\u00e9sz\u00fclt\u00fcnk, hogy az \u00f6nk\u00e9nyesen lak\u00e1st foglal\u00f3k \u00e9let\u00fatj\u00e1t, lak\u00e1s\u00fatj\u00e1t v\u00e9gigk\u00f6vetve megpr\u00f3b\u00e1lunk olyan .pontokat tal\u00e1lni, amelyek esetleg m\u00f3dot adhatnak valamifajta tov\u00e1bbgondol\u00e1sra. Ennek sz\u00e1mbav\u00e9tele sor\u00e1n kider\u00fclt, hogy az \u00f6nk\u00e9nyesek legt\u00f6bbje pontosan fizeti az illeg\u00e1lisan haszn\u00e1lt lak\u00e1s &#8222;leg\u00e1lisan&#8221; ki\u00edrt lakb\u00e9r\u00e9t, rezsij\u00e9t. Sokan k\u00f6z\u00fcl\u00fck lakhat\u00f3v\u00e1 tett\u00e9k, rendbe hozt\u00e1k a t\u00f6bb \u00e9ve \u00fcresen \u00e1ll\u00f3 lak\u00e1sokat.<\/span><\/p>\n<p style=\"text-align: justify;\"><span style=\"font-family: Times New Roman CE;\">Mi akartuk \u0151ket ell\u00e1tni jogi, taktikai tan\u00e1csokkal, er\u0151forr\u00e1sok felkutat\u00e1s\u00e1val, ahhoz, hogy kiker\u00fclhessenek ebb\u0151l a k\u00e9ptelen \u00e9s nagyon kiszor\u00edtott helyzetb\u0151l. \u00d6sszeh\u00edvtuk a ker\u00fcletben l\u00e9v\u0151 \u00f6nk\u00e9nyesen lak\u00e1st foglal\u00f3kat. \u00c9rdekess\u00e9gk\u00e9nt mondom, hogy a kb.100-200 csal\u00e1db\u00f3l 20 \u00f6nk\u00e9nyes lak\u00e1sfoglal\u00f3 j\u00f6tt el \u00e9s j\u00e1rt \u00f6ssze a t\u00f6bbiekkel \u00e9s vel\u00fcnk rendszeresen t\u00f6bb h\u00f3napon kereszt\u00fcl. Ez tulajdonk\u00e9ppen nagyon \u0151szinte, klubszer\u0171, felszabadult besz\u00e9lget\u0151s l\u00e9gk\u00f6rt jelentett \u00e9s megfordult a helyzet amivel mi ind\u00edtottuk. Nem a mi tan\u00e1csainkra volt sz\u00fcks\u00e9g\u00fck, hanem egym\u00e1st l\u00e1tt\u00e1k el jobbn\u00e1l jobb inform\u00e1ci\u00f3kkal, t\u00f6rt\u00e9netesen arr\u00f3l, hogy hogyan lehet legaliz\u00e1lni a helyzet\u00fcket ak\u00e1r, hogyan lehet \u00e1lland\u00f3 bejelentetts\u00e9ghez okiratokat al\u00e1\u00edrni, hol vannak \u00faj elfoglalhat\u00f3 \u00fcres lak\u00e1sok arra az esetre ha meg\u00e9rkezne a kilakoltat\u00f3 csapat, \u00e9l\u00e9n a rend\u0151rs\u00e9ggel. Teh\u00e1t \u0151k l\u00e1tt\u00e1k el jobbn\u00e1l jobb tan\u00e1csokkal egym\u00e1st. Mi egy k\u00f6zvet\u00edt\u0151 szerepet szerett\u00fcnk volna kialak\u00edtani, ezt meg is aj\u00e1nlottuk az \u00f6nk\u00e9nyesen lak\u00e1stfoglal\u00f3 csapatnak. K\u00f6zvet\u00edt\u00e9st k\u00f6zt\u00fck, a hat\u00f3s\u00e1gok \u00e9s az \u00f6nkorm\u00e1nyzat k\u00f6z\u00f6tt, h\u00e1tha lehets\u00e9ges valamifajta konszenzust kialak\u00edtani. Hiszen a jogszab\u00e1lyaink nem k\u00e9sz\u00fcltek fel erre, \u00e9s nem sz\u00f3lnak; err\u0151l a helyzetr\u0151l. Nagy eredm\u00e9nye volt a munk\u00e1nknak az a lelki-pszichol\u00f3giai jelens\u00e9g, hogy ezek az emberek v\u00e9gre kimozdulhattak otthonr\u00f3l, v\u00e9gre besz\u00e9lhettek olyanokkal, akik a sorst\u00e1rsaik. Szemmel l\u00e1that\u00f3an felszabadultak \u00e9s megk\u00f6nnyebb\u00fcltek, hiszen kor\u00e1bban h\u00f3napokig, n\u00e9h\u00e1ny esetben \u00e9vekig majdhogynem illegalit\u00e1sban l\u00e9teztek, mindenki el\u0151l titkolni pr\u00f3b\u00e1lva azt, hogy \u0151k \u00f6nk\u00e9nyesen lak\u00e1st foglaltak.<\/span><br \/>\n<span style=\"font-family: Times New Roman CE;\">Magyarorsz\u00e1gon az \u00e1lland\u00f3 lak\u00f3hely \u00e9s ennek a dokument\u00e1l\u00e1sa az, ami alapj\u00e1n a legt\u00f6bb j\u00e1rand\u00f3s\u00e1gunk m\u0171k\u00f6dik, a legt\u00f6bb szolg\u00e1ltat\u00e1s, mint p\u00e9ld\u00e1ul az oktat\u00e1s, a gyerekeknek az \u00f3vod\u00e1ba, iskol\u00e1ba j\u00e1rat\u00e1sa is. Teh\u00e1t azoknak az embereknek, akik \u00f6nk\u00e9nyes lak\u00e1sfoglal\u00f3 helyzetben \u00e9ltek, \u00e9veken kereszt\u00fcl v\u00e1ltozatos technik\u00e1kat kellett kital\u00e1lniuk arra, hogy hogyan m\u0171k\u00f6djenek, hogyan \u00e9ljenek, hogyan j\u00e1rjanak a gyerekeik iskol\u00e1ba, melyikbe p\u00e9ld\u00e1ul. Megjelent r\u00f3lunk egy megmosolyogtat\u00f3 \u00fajs\u00e1gcikk: azt a c\u00edmet tal\u00e1lta az \u00fajs\u00e1g\u00edr\u00f3, hogy &#8222;T\u00e1rgyalni tan\u00edtjuk az \u00f6nk\u00e9nteseket&#8221;. Ez volt igaz\u00e1n tal\u00e1n a legeslegnagyobb eredm\u00e9nye ennek a ;c\u00f6z\u00f6ss\u00e9get \u00f6sszehoz\u00f3 munk\u00e1nak.<\/span><\/p>\n<p style=\"text-align: justify;\"><span style=\"font-family: Times New Roman CE;\">Mert ezek az emberek, akik eddig bujk\u00e1ltak, a legminim\u00e1lisabb jogaikkal sem voltak tiszt\u00e1ban, nemhogy a lehet\u0151s\u00e9geikkel, k\u00e9pesek voltak t\u00e1rgyalni egym\u00e1ssal, t\u00e1rgyalni a d\u00f6nt\u00e9st hoz\u00f3 hat\u00f3s\u00e1gokkal is egy-egy k\u00e9pvisel\u0151j\u00fck \u00fatj\u00e1n, s\u0151t a szomsz\u00e9daikkal &#8211; ezt most sz\u00f3 szerint \u00e9rtem &#8211; a szomsz\u00e9daikkal, a lak\u00f3t\u00e1rsaikkal is sz\u00f3t \u00e9rteni \u00e9s esetlegesen a t\u00e1mogat\u00e1sukat megnyerni. T\u00f6bb esetben eredm\u00e9nyt \u00e9rt el ugyanis, hogy az \u00f6nk\u00e9nyes l\u00e9t\u00fck ellen\u00e9re a szomsz\u00e9daik, a h\u00e1zban lak\u00f3k m\u00e9gis t\u00e1mogat\u00e1sukr\u00f3l biztos\u00edtott\u00e1k \u0151ket, al\u00e1\u00edrtak olyan pap\u00edrokat, amiket bejuttattak a polg\u00e1rmesterekhez, hogy a jogtalans\u00e1g ellen\u00e9re ezt \u00e9s ezt a csal\u00e1dot m\u00e9lt\u00e1nyoss\u00e1gi alapon ne az utc\u00e1ra, hanem valamilyen lak\u00e1smegold\u00e1shoz seg\u00edtse a hivatal. Ez az\u00e9rt is figyelemrem\u00e9lt\u00f3, mert a ker\u00fcletek lak\u00e1soszt\u00e1lyai a kilakoltat\u00f3 hat\u00e1rozataik indokl\u00e1s\u00e1ban sz\u00edvesen hivatkoznak arra, hogy a botr\u00e1nyosan viselked\u0151 \u00f6nk\u00e9nyesekkel szemben v\u00e9den\u00fcnk kell a szomsz\u00e9dok jogos \u00e9rdekeit.<\/span><\/p>\n<p style=\"text-align: justify;\"><span style=\"font-family: Times New Roman CE;\">Eredm\u00e9nyeink tulajdonk\u00e9ppen abban m\u00e9rhet\u0151k igaz\u00e1n, hogy az egy\u00e9nenk\u00e9nt megold\u00e1st keres\u0151 \u00e9s kij\u00e1r\u00f3 t\u00e1rgyal\u00e1sok helyett egy potenci\u00e1lis \u00e9rdekk\u00e9pviseleti csoportot, k\u00f6z\u00f6ss\u00e9get is tudtunk &#8211; ha id\u0151legesen is &#8211; de l\u00e9trehozni, amelyek t\u00e1rgyal\u00e1sra k\u00e9sztett\u00e9k a hat\u00f3s\u00e1gokat \u00e9s tal\u00e1n nem t\u00falzok ha azt mondom, hogy a realit\u00e1sok kezel\u00e9s\u00e9re is k\u00e9nyszer\u00edtett\u00e9k ezzel azt az \u00f6nkorm\u00e1nyzatot, amelyik eddig a jogszab\u00e1lyok alapj\u00e1n ezt a probl\u00e9m\u00e1t nem l\u00e9tez\u0151nek t\u00e9telezte \u00e9s kiz\u00e1r\u00f3lag egyfajta rend\u0151rs\u00e9gi megold\u00e1st tudott erre. Az \u00faj hat\u00f3s\u00e1gi gyakorlat nemcsak ebben a ker\u00fcletben, hanem m\u00e9g n\u00e9h\u00e1ny \u00f6korm\u00e1nyzatn\u00e1l, teh\u00e1t egyre t\u00f6bb helyen megk\u00eds\u00e9rli a lak\u00e1sprobl\u00e9m\u00e1t egy\u00fctt kezelni m\u00e1sfajta lehet\u0151s\u00e9gekkel, p\u00e9ld\u00e1ul a szoci\u00e1lis t\u00e1mogat\u00e1si rendszerrel is. \u00c9s ha a jogszab\u00e1ly nem is ad arra m\u00f3dot, hogy egy \u00f6nk\u00e9nyesen jogot s\u00e9rt\u0151, \u00f6nk\u00e9nyesen lak\u00e1st foglal\u00f3 megtarthassa azt, amit foglalt, de eg\u00e9sz egyszer\u0171en emberi joga alapj\u00e1n joga legyen valamifajta juttat\u00e1shoz, minim\u00e1lisan egy sz\u00fcks\u00e9glak\u00e1shoz.<\/span><br \/>\n<span style=\"font-family: Times New Roman CE;\">Az \u00f6nk\u00e9nyes lask\u00e1sfoglal\u00e1shoz vezet\u0151 utak<\/span><\/p>\n<p style=\"text-align: justify;\"><span style=\"font-family: Times New Roman CE;\">1. A legjellegzetesebben el\u0151fordul\u00f3 kateg\u00f3ria: a lak\u00e1s f\u0151b\u00e9rl\u0151j\u00e9nek hal\u00e1la ut\u00e1n a visszamarad\u00f3 csal\u00e1dtagok nekikjogilag igen, de etikailag &#8211; fel nem r\u00f3hat\u00f3 okokb\u00f3l, m\u00e1ig rendezetlen jogi helyzetbe ker\u00fclnek.<\/span><br \/>\n<span style=\"font-family: Times New Roman CE;\">2. IKV-vita. Az IKV f\u00e9lrevezeti az \u00fcgyfeleket, vagy a kiutalt lak\u00e1sokat nem teszi id\u0151ben lakhat\u00f3v\u00e1.<\/span><br \/>\n<span style=\"font-family: Times New Roman CE;\">3. V\u00e1l\u00e1s ut\u00e1n megoldatlan lak\u00e1shelyzet\u0171, vagy valamely csal\u00e1dtag. \u00e1ltal er\u0151szakkal kiszor\u00edtott szem\u00e9lyekr\u0151l van sz\u00f3.<\/span><br \/>\n<span style=\"font-family: Times New Roman CE;\">4. Szeg\u00e9nys\u00e9g, &#8222;zs\u00fafolts\u00e1g&#8221;: A kiterjedt nagycsal\u00e1dok nyomora megm\u00e9rgezi a k\u00f6z\u00f6s egy\u00fcttl\u00e9tet, \u00e9s a mobilabb csal\u00e1dtagok elmenek\u00fclnek ebb\u0151l a l\u00e9gk\u00f6rb\u0151l.<\/span><br \/>\n<span style=\"font-family: Times New Roman CE;\">5. Vegyes h\u00e1zass\u00e1g. Cig\u00e1ny-magyar vegyes h\u00e1zass\u00e1gok eset\u00e9n a cig\u00e1ny csal\u00e1dr\u00e9sz fizikailag k\u00e9ptelen befogadni az \u00faj p\u00e1rt, a magyar csal\u00e1dr\u00e9sz pedig kitagad\u00e1ssal demonstr\u00e1lja cig\u00e1nyellenes el\u0151\u00edt\u00e9leteit.<\/span><br \/>\n<span style=\"font-family: Times New Roman CE;\">6. Csal\u00e1db\u00f3l elmenek\u00fcl\u0151 fiatal. Ebbe a k\u00fclf\u00f6ld\u00f6n oly gyakori kateg\u00f3ri\u00e1ba a hazai lak\u00e1shelyzet jellege miatt viszonylag kev\u00e9s eset tartozik. Azok viszont igen s\u00falyosak, az er\u0151s \u00f6nsorsront\u00e1s \u00e9s a szuicid vesz\u00e9lyeztetetts\u00e9g miatt!<\/span><br \/>\n<span style=\"font-family: Times New Roman CE;\">7. Adminisztr\u00e1ci\u00f3s hiba. Az id\u0151 m\u00fal\u00e1s\u00e1val egyre nehezebben igazolhat\u00f3 \u00e1ll\u00edt\u00e1sok miatt az \u00fcgyf\u00e9l kiszolg\u00e1ltatott ezekben a helyzetekben.<\/span><\/p>\n<p><span style=\"font-family: Times New Roman CE;\">Mi n\u00e9h\u00e1nyan, akik megalak\u00edtottuk a<\/span><br \/>\n<span style=\"font-family: Times New Roman CE;\">TET\u0150T A FEJ\u00dcNK F\u00d6L\u00c9<\/span><br \/>\n<span style=\"font-family: Times New Roman CE;\">elnevez\u00e9s\u0171 csoportot, \u00f6nk\u00e9nyes lak\u00e1sfoglal\u00f3k\u00e9nt vagyunk nyilv\u00e1ntartva a helyi \u00f6nkorm\u00e1nyzatunkn\u00e1l. Fenyeget\u0151en k\u00f6zeli kilakoltat\u00e1sunk el\u0151tt tudt\u00e1ra akarjuk hozni mindenkinek, hogy mi:<\/span><br \/>\n<span style=\"font-family: Times New Roman CE;\">Nem akarjuk az \u00e9rv\u00e9nyes t\u00f6rv\u00e9nyeket sz\u00e1nd\u00e9kosan megszegni.<\/span><\/p>\n<p style=\"text-align: justify;\"><span style=\"font-family: Times New Roman CE;\">2. Senkit sem akarunk sz\u00e1nd\u00e9kosan megakad\u00e1lyozni abban, hogy lak\u00e1shoz juthasson.<\/span><br \/>\n<span style=\"font-family: Times New Roman CE;\">Nem az utc\u00e1nak akarjuk nevelni gyermekeinket.<\/span><br \/>\n<span style=\"font-family: Times New Roman CE;\">Nem akarjuk, hogy gyermekeinket b\u00e1rki elszak\u00edtsa t\u0151l\u00fcnk.<\/span><br \/>\n<span style=\"font-family: Times New Roman CE;\">5. Nem akarjuk, hogy gyermekeink \u00e1llami gondoz\u00e1sban n\u0151jenek fel.<\/span><br \/>\n<span style=\"font-family: Times New Roman CE;\">Akarunk lakb\u00e9rt fizetni. Legt\u00f6bb\u00fcnk ma is kifizeti azt.<\/span><br \/>\n<span style=\"font-family: Times New Roman CE;\">Rendszeresen fizetj\u00fck a villany \u00e9s g\u00e1zsz\u00e1ml\u00e1kat.<\/span><br \/>\n<span style=\"font-family: Times New Roman CE;\">8. Nem okozunk probl\u00e9m\u00e1t azokban a h\u00e1zakban ahol lakunk. A h\u00e1zak lak\u00f3i elfogadnak minket, \u00e9s sokuk al\u00e1\u00edr\u00e1s\u00e1val is t\u00e1mogatta lak\u00e1skiutal\u00e1si k\u00e9relmeinket.<\/span><br \/>\n<span style=\"font-family: Times New Roman CE;\">N\u00e9h\u00e1nyunkat egyszer\u0171en becsaptak a hivatalok \u00fcgyint\u00e9z\u0151i.<\/span><br \/>\n<span style=\"font-family: Times New Roman CE;\">10. Hivatalnokokt\u00f3l \u00e9s szakemberekt\u0151l gyakran kaptunk rossz, vagy semmilyen tan\u00e1csot, seg\u00edts\u00e9get.<\/span><br \/>\n<span style=\"font-family: Times New Roman CE;\">11. Sz\u00e1mtalanszor pr\u00f3b\u00e1ltunk saj\u00e1t magunk megold\u00e1st tal\u00e1lni kil\u00e1t\u00e1stalan lak\u00e1shelyzet\u00fcnkre &#8211; mindannyiszor sikertelen\u00fcl.<\/span><br \/>\n<span style=\"font-family: Times New Roman CE;\">12. Ha lak\u00e1s\u00fcgyeinkben hivatalos szem\u00e9lyekhez fordultunk, sohase tapasztaltuk, hogy b\u00e1rki is \u00fcgyelt volna arra, hogy val\u00f3ban meg\u00e9rts\u00fck azt, amit \u00fcgyeink szempontj\u00e1b\u00f3l meg kell \u00e9rten\u00fcnk.<\/span><br \/>\n<span style=\"font-family: Times New Roman CE;\">13. Mivel senki sem magyar\u00e1zta el sz\u00e1munkra is \u00e9rthet\u0151en a lak\u00e1s\u00fcgyi jogszab\u00e1lyokat, vagy az IKV \u00e9s a lak\u00e1soszt\u00e1lyok jelent\u0151s\u00e9g\u00e9t, szerep\u00e9t, ez\u00e9rt k\u00f6nnyen be lehetett benn\u00fcnket csapni; \u00f6sszezavarni, vagy a bolondj\u00e1t j\u00e1ratni vel\u00fcnk.<\/span><br \/>\n<span style=\"font-family: Times New Roman CE;\">14. Nem akarunk mi sem m\u00e1st, mint b\u00e1rmely m\u00e1s ember: &#8211; TET\u0150T A FEJ\u00dcNK F\u00d6L\u00c9, &#8211; egy biztos helyet, ami az otthonunk, &#8211; egy sz\u00e1raz helyet es\u0151ben, &#8211; egy meleg helyet hidegben, &#8211; egy helyet, ahol hideg \u00e9s meleg v\u00edz is van. &#8211; egy helyet, a mag\u00e1n\u00e9let\u00fcnk hely\u00e9t. 15. V\u00e9gs\u0151 k\u00e9ts\u00e9gbees\u00e9s\u00fcnkben sz\u00e1ntuk r\u00e1 magunkat erre a l\u00e9p\u00e9sre. Az\u00e9rt lett\u00fcnk lak\u00e1sfoglal\u00f3k, mert nem tehett\u00fcnk m\u00e1st.<\/span><br \/>\n<span style=\"font-family: Times New Roman CE;\">27 csal\u00e1d (25 gyerek) nev\u00e9ben a TET\u0150T A FEJ\u00dcNK F\u00d6L\u00c9 csoport.<\/span><\/p>\n<p><span style=\"font-family: Times New Roman CE;\">Javaslat az \u00f6nk\u00e9nyes lak\u00e1sfoglal\u00f3k helyzet\u00e9nek rendez\u00e9s\u00e9re<\/span><\/p>\n<p><span style=\"font-family: Times New Roman CE;\">Az \u00f6nk\u00e9nyes lak\u00e1sfoglal\u00f3k helyzet\u00e9nek megold\u00e1s\u00e1ra mindezid\u00e1ig sehol sem siker\u00fclt valamennyi \u00e9rdekelt f\u00e9l sz\u00e1m\u00e1ra megnyugtat\u00f3 megold\u00e1st tal\u00e1lni. Val\u00f3sz\u00edn\u0171leg nem is lehet. Az Erzs\u00e9betv\u00e1ros ter\u00fclet\u00e9n \u00f6nk\u00e9nyes lak\u00e1sfoglal\u00f3k\u00e9nt nyilv\u00e1ntartott csal\u00e1dok lak\u00e1shelyzet\u00e9nek megold\u00e1sa sor\u00e1n is csup\u00e1n a legkevesebb \u00e9rdeket s\u00e9rt\u0151 megold\u00e1s kidolgoz\u00e1sa lehet a c\u00e9l.<\/span><br \/>\n<span style=\"font-family: Times New Roman CE;\">T\u00e9ny, hogy a ker\u00fcletben is szinte valamennyi \u00f6nk\u00e9nyes lak\u00e1sfoglal\u00f3 a lak\u00e1sfoglal\u00e1s t\u00e9ny\u00e9vel megszegte az \u00e9rv\u00e9nyes rendelkez\u00e9seket.<\/span><br \/>\n<span style=\"font-family: Times New Roman CE;\">T\u00e9ny, hogy a VII. ker\u00fcleti \u00d6nkorm\u00e1nyzat \u00e9s annak Lak\u00e1s\u00fcgyi Bizotts\u00e1ga e neh\u00e9z dilemma hum\u00e1nus megold\u00e1s\u00e1ra t\u00f6rekedett, sokkal ink\u00e1bb, mint a F\u0151v\u00e1ros t\u00f6bbi ker\u00fclet\u00e9nek d\u00f6nt\u00e9shoz\u00f3i.<\/span><br \/>\n<span style=\"font-family: Times New Roman CE;\">T\u00e9ny, hogy az Erzs\u00e9betv\u00e1rosiak humanizmusa, t\u00fcrelme az \u00f6nk\u00e9nyes lak\u00e1sfoglal\u00f3k sz\u00e1m\u00e1nak n\u00f6veked\u00e9s\u00e9vel is j\u00e1rt. Klienseink k\u00f6r\u00e9ben is tapasztaltuk azt a jelens\u00e9get, hogy az \u00f6nk\u00e9nyes lak\u00e1sfoglal\u00f3knak kialakult egy ker\u00fcletr\u0151l ker\u00fcletre \u0171z\u00f6tt csoportja. Nyilv\u00e1nval\u00f3, hogy a probl\u00e9ma ker\u00fcleti szinten megoldhatatlan, \u00e1m a F\u0151v\u00e1rost\u00f3l kiindul\u00f3 k\u00f6z\u00f6s megold\u00e1sra hi\u00e1baval\u00f3 lenne tov\u00e1bb v\u00e1rni.<\/span><br \/>\n<span style=\"font-family: Times New Roman CE;\">Az &#8222;ES\u00c9LY&#8221; Csal\u00e1dseg\u00edt\u0151 Szolg\u00e1lat k\u00f6zel 30 csal\u00e1d helyzet\u00e9nek ismeret\u00e9ben alak\u00edtotta ki javaslat\u00e1t: Ah\u00e1ny eset, annyif\u00e9le sorstrag\u00e9dia. Valamennyi eset hat\u00e1reset.<\/span><br \/>\n<span style=\"font-family: Times New Roman CE;\">Szinte b\u00e1rmelyik &#8222;\u00fcgy&#8221; v\u00e9gz\u0151dhet kilakoltat\u00e1ssal, vagy \u00f6nkorm\u00e1nyzati hat\u00e1sk\u00f6rben m\u00e9lt\u00e1nyoss\u00e1g gyakorl\u00e1s\u00e1val. E sorsokr\u00f3l sz\u00f3l\u00f3 d\u00f6nt\u00e9s alapvet\u0151en etikai jelleg\u0171. Egy biztos: az \u00f6nk\u00e9nyes lak\u00e1sfoglal\u00f3k \u00fcgye nem \u00e1ll\u00edthat\u00f3 szembe a lak\u00e1skiutal\u00e1sra v\u00e1rakoz\u00f3k jogos \u00e9rdekeivel. Minden d\u00f6nt\u00e9shoz\u00f3i szinten egyet\u00e9rt\u00e9s van a tekintetben, hogy az ut\u00f3bbiak lak\u00e1shelyzet\u00e9nek megold\u00e1sa az \u00f6nkorm\u00e1nyzat ell\u00e1t\u00e1si felel\u0151ss\u00e9g\u00e9nek k\u00f6r\u00e9be tartozott (tartozik?), \u00e1m az el\u0151bbiek eset\u00e9ben ilyen felel\u0151ss\u00e9g m\u00e9g nincs kimondva. Az \u00f6nkorm\u00e1nyzati d\u00f6nt\u00e9s teh\u00e1t nem csup\u00e1n az \u00f6nk\u00e9nyes lak\u00e1sfoglal\u00f3k helyzet\u00e9re vonatkoz\u00f3 d\u00f6nt\u00e9s lesz, hanem egy\u00fattal annak kimond\u00e1s\u00e1t is fogja jelenteni hogy MI AZ AZ ALS\u00d3 HAT\u00c1R AMELYET A KER\u00dcLET A MAGA ELL\u00c1T\u00c1SI FELELCSSS\u00c9GEK\u00c9NT ELISMER \u00c9S KIMOND. Vagyis mi az a jog ami a VII. ker\u00fcletben a &#8222;lak\u00e1shoz val\u00f3 jog&#8221;-ot jelenti? (ENSZ Emberi Jogok Nyilatkozata 25. cikkely + A Magyar K\u00f6zt\u00e1rsas\u00e1g Alkotm\u00e1nya 54. szakasz)<\/span><br \/>\n<span style=\"font-family: Times New Roman CE;\">M\u00e1sr\u00e9szt azzal a t\u00e9nnyel is szembe kell n\u00e9zn\u00fcnk, hogy sem az \u00f6nk\u00e9nyes lak\u00e1sfoglal\u00e1s probl\u00e9m\u00e1j\u00e1t, sem annak sz\u00e1mtalan ok\u00e1t megsz\u00fcntetni nem lehet. Csup\u00e1n arra lehet t\u00f6rekedni, hogy e probl\u00e9m\u00e1k egy\u00e9b ir\u00e1nyba kanaliz\u00e1l\u00f3djanak, \u00e9s \u00edgy sz\u00e1muk cs\u00f6kkenjen.<\/span><br \/>\n<span style=\"font-family: Times New Roman CE;\">E megold\u00e1s sor\u00e1n a tov\u00e1bbi lak\u00e1sfoglal\u00e1sok megel\u0151z\u00e9se \u00e9rdek\u00e9ben \u00f6sszetett int\u00e9zked\u00e9ssort kell kidolgozni. N\u00e9h\u00e1ny javaslatunk:<\/span><\/p>\n<p><span style=\"font-family: Times New Roman CE;\">A ker\u00fcleti lak\u00e1s\u00e1llom\u00e1nyr\u00f3l \u00e1lljon rendelkez\u00e9sre pontos nyilv\u00e1ntart\u00e1s a Lak\u00e1s\u00fcgyi Oszt\u00e1lyon k\u00fcl\u00f6n\u00f6s tekintettel az \u00fcres lak\u00e1sok sz\u00e1m\u00e1ra, komfortfokozat\u00e1ra.<\/span><br \/>\n<span style=\"font-family: Times New Roman CE;\">2. Az eg\u00e9szs\u00e9gtelen, vagy eg\u00e9szs\u00e9get vesz\u00e9lyeztet\u0151 \u00e1llapot\u00fa lak\u00e1sok sz\u00e1mbav\u00e9tele K\u00f6j\u00e1l-szakv\u00e9lem\u00e9nyekkel val\u00f3 egyeztet\u00e9se ut\u00e1n s\u00fcrg\u0151sen d\u00f6nteni kell a lak\u00e1s tov\u00e1bbi sors\u00e1r\u00f3l.<\/span><br \/>\n<span style=\"font-family: Times New Roman CE;\">3. A Lak\u00e1s\u00fcgyi Oszt\u00e1ly, a M\u0171szaki Oszt\u00e1ly \u00e9s az IKV szoros munkakapcsolat\u00e1val val\u00f3s\u00edtsa meg, hogy a bont\u00e1sra, fel\u00faj\u00edt\u00e1sra \u00edt\u00e9lt \u00e9p\u00fcletek, lak\u00e1sok ne \u00e1lljanak hossz\u00fa id\u0151n \u00e1t \u00fcresen.<\/span><br \/>\n<span style=\"font-family: Times New Roman CE;\">A &#8222;3.&#8221; pontban megnevezett lak\u00e1sokat a rendbehozatalig \u00fagy z\u00e1rj\u00e1k le, hogy ne legyenek elfoglalhat\u00f3k.<\/span><br \/>\n<span style=\"font-family: Times New Roman CE;\">5. Az egy\u00e9b okokb\u00f3l \u00e1tmenetileg \u00fcresen \u00e1ll\u00f3 lak\u00e1sokat ugyancsak elfoglalhatatlann\u00e1 kell tenni. (Ennek k\u00f6lts\u00e9gei j\u00f3val kisebbek mint egy kilakoltat\u00e1s\u00e9.) C\u00e9lszer\u0171nek lenne az adott \u00e9p\u00fcletekben lak\u00f3kat t\u00e1j\u00e9koztatni ezen okokr\u00f3l (hagyat\u00e9k, katasztr\u00f3fa eset\u00e9re, vagy menek\u00fcltek r\u00e9sz\u00e9re fenntartott lak\u00e1sok stb.), hiszen \u00edgy az \u0151 egy\u00fcttm\u0171k\u00f6d\u00e9s\u00fckre is sokkal jobban lehetne sz\u00e1m\u00edtani.<\/span><br \/>\n<span style=\"font-family: Times New Roman CE;\">A hossz\u00fa t\u00e1v\u00fa megold\u00e1s teh\u00e1t v\u00e9gs\u0151 soron az \u00d6nkorm\u00e1nyzat kez\u00e9ben van azzal, hogy a lak\u00e1snyilv\u00e1ntart\u00e1sok rendbet\u00e9tele ut\u00e1n mihamarabb:<\/span><br \/>\n<span style=\"font-family: Times New Roman CE;\">a kiutalhat\u00f3 lak\u00e1sokat kiutalj\u00e1k,<\/span><br \/>\n<span style=\"font-family: Times New Roman CE;\">a fel\u00faj\u00edtand\u00f3t fel\u00faj\u00edtj\u00e1k,<\/span><br \/>\n<span style=\"font-family: Times New Roman CE;\">a lebontand\u00f3t lebontj\u00e1k,<\/span><br \/>\n<span style=\"font-family: Times New Roman CE;\">az indokoltan \u00fcresen \u00e1ll\u00f3t elfoglalhatatlann\u00e1 teszik.<\/span><br \/>\n<span style=\"font-family: Times New Roman CE;\">Mindez nem puszt\u00e1n p\u00e9nz k\u00e9rd\u00e9se, hanem az illet\u00e9kes szervek \u00f6sszehangolt. m\u0171k\u00f6d\u00e9s\u00e9n \u00e9s gyors int\u00e9zked\u00e9s\u00e9n m\u00falik.<\/span><br \/>\n<span style=\"font-family: Times New Roman CE;\">A hossz\u00fa t\u00e1v\u00fa int\u00e9zked\u00e9sek mellett a jelenleg \u00f6nk\u00e9nyes lak\u00e1sfoglal\u00f3k\u00e9nt nyilv\u00e1ntartottak helyzet\u00e9t is rendezni kell. Az &#8222;ES\u00c9LY&#8221; Csal\u00e1dseg\u00edt\u0151 Szolg\u00e1lat a felsorolt csal\u00e1dok helyzet\u00e9nek \u00e9s probl\u00e9m\u00e1inak megismer\u00e9se ut\u00e1n azt a k\u00f6vetkeztet\u00e9st vonta le, hogy:<\/span><br \/>\n<span style=\"font-family: Times New Roman CE;\">a probl\u00e9ma kilakoltat\u00e1ssal v\u00e9gz\u0151d\u0151 &#8222;rendez\u00e9se&#8221; csup\u00e1n lak\u00e1s\u00fcgyi \u00e9s elj\u00e1r\u00e1si megold\u00e1st ny\u00fajtana, \u00e1m figyelmen k\u00edv\u00fcl hagyn\u00e1 a probl\u00e9ma t\u00e9nyleges megold\u00e1s\u00e1hoz sz\u00fcks\u00e9ges szoci\u00e1lis feladatokat, amelyek az \u00f6nkorm\u00e1nyzat ell\u00e1t\u00e1si felel\u0151ss\u00e9ge \u00e9s k\u00f6telezetts\u00e9ge k\u00f6r\u00e9be tartoznak. Ez\u00e9rt javasoljuk, hogy: &#8216;<\/span><br \/>\n<span style=\"font-family: Times New Roman CE;\">1. Az \u00f6nk\u00e9nyes lak\u00e1sfoglal\u00f3k. \u00fcgy\u00e9ben hozott d\u00f6nt\u00e9sek mindig egy\u00e9ni m\u00e9rlegel\u00e9s ut\u00e1n sz\u00fclessenek; a d\u00f6nt\u00e9sel\u0151k\u00e9sz\u00edt\u00e9sbe vonj\u00e1k be a Csal\u00e1dseg\u00edt\u0151 Szolg\u00e1latok \u00e9s a Csal\u00e1dv\u00e9delmi Oszt\u00e1ly munkat\u00e1rsait.<\/span><br \/>\n<span style=\"font-family: Times New Roman CE;\">2. A lak\u00e1sfoglal\u00e1sra k\u00e9nyszer\u00fclt csal\u00e1dok szoci\u00e1lis helyzet\u00e9nek vizsg\u00e1lata ut\u00e1n a differenci\u00e1l\u00e1s \u00e9s a m\u00e9lt\u00e1nyoss\u00e1g elve legyen az elb\u00edr\u00e1l\u00e1s alapja-erre a jogszab\u00e1lyok is lehet\u0151s\u00e9get adnak.<\/span><br \/>\n<span style=\"font-family: Times New Roman CE;\">3. Gyermekes csal\u00e1dok ne ker\u00fcljenek utc\u00e1ra! Szoci\u00e1lis helyzete miatt egyetlen gyermek se ker\u00fclj\u00f6n \u00e1llami nevel\u00e9sbe! Ak\u00e1r egyetlen gyermek \u00e1llami nevel\u00e9se is k\u00f6lts\u00e9gesebb, mint a csal\u00e1d egy\u00fctt-tart\u00e1sa. (Egy nevel\u0151otthoni f\u00e9r\u0151hely kb.: 200.000.- Ft \u00e9vente egy hajl\u00e9ktalan menhelyi f\u00e9r\u0151hely kb.: 80.000.- Ft \u00e9vente.)<\/span><br \/>\n<span style=\"font-family: Times New Roman CE;\">4. Gyermektelenek eset\u00e9ben k\u00fcl\u00f6n kell v\u00e1lasztani a jogellenes magatart\u00e1s szankcion\u00e1l\u00e1s\u00e1t \u00e9s a szoci\u00e1lis helyzet rendez\u00e9s\u00e9t: az elfoglalt lak\u00e1sb\u00f3l val\u00f3 kik\u00f6lt\u00f6ztet\u00e9ssel egyidej\u0171leg lakhat\u00e1si megold\u00e1st kell tal\u00e1lni sz\u00e1mukra az \u00f6nkorm\u00e1nyzat szoci\u00e1lis szolg\u00e1ltat\u00e1sai seg\u00edts\u00e9g\u00e9vel.<\/span><br \/>\n<span style=\"font-family: Times New Roman CE;\">5. A mindenkori \u00e1llami nevelteknek &#8211; sz\u00e1muk f\u00fcggv\u00e9ny\u00e9ben &#8211; \u00e9ves, kiutalhat\u00f3, ker\u00fcleti lak\u00e1skeretet kell biztos\u00edtani, hiszen a volt \u00e1llami gondozottak vagy jelenleg \u00e1llami. neveltek eset\u00e9ben az ell\u00e1t\u00e1si felel\u0151ss\u00e9g fokozottan fenn\u00e1ll, mert csal\u00e1djaik gondoskod\u00f3 funkci\u00f3it az \u00e1llam vette \u00e1t.<\/span><br \/>\n<span style=\"font-family: Times New Roman CE;\">6. A k\u00fclf\u00f6ldr\u0151l menek\u00fcltek sz\u00e1m\u00e1ra a F\u0151v\u00e1ros biztos\u00edtson t\u00f6bblet er\u0151forr\u00e1sokat, amelyeket adjon a ker\u00fclet rendelkez\u00e9si jogk\u00f6r\u00e9be. Addig a ker\u00fclet biztos\u00edtson sz\u00e1mukra sz\u00fcks\u00e9glak\u00e1sokat a &#8222;3.&#8221; \u00e9s &#8222;4.&#8221; szempont figyelembe v\u00e9tel\u00e9vel.<\/span><br \/>\n<span style=\"font-family: Times New Roman CE;\">7. Fogyat\u00e9kos, s\u00falyos beteg lak\u00e1sfoglal\u00f3 azonos elb\u00edr\u00e1l\u00e1s al\u00e1 essen a fentiekkel, hiszen lak\u00e1sszerz\u00e9si es\u00e9lyei kisebbek a munkak\u00e9pesek\u00e9n\u00e9l.<\/span><br \/>\n<span style=\"font-family: Times New Roman CE;\">8. A kor\u00e1bbi d\u00f6nt\u00e9shozatal \u00e9s \u00fcgyint\u00e9z\u00e9s v\u00e9lelmezett hib\u00e1it \u00e9s f\u00e9lrevezet\u00e9seit a m\u00e9lt\u00e1nyoss\u00e1g keretein bel\u00fcl fel\u00fcl kell vizsg\u00e1lni, alapvet\u0151en az \u00fcgyf\u00e9l \u00e1ll\u00edt\u00e1s\u00e1t elfogadva.<\/span><\/p>\n","protected":false},"excerpt":{"rendered":"<p>KELET-NYUGAT SZEMIN\u00c1RIUM c\u00edmmel a k\u00f6zelm\u00faltban \u00e9rdekes konferenci\u00e1t szervezett \u00e1 T\u00e1rsadalmi-Kultur\u00e1lis Szomsz\u00e9ds\u00e1gi K\u00f6zpontok Nemzetk\u00f6zi Sz\u00f6vets\u00e9ge (lnternational Federation of Settlements and Neighbourhood Centres IFS) N\u00e9metorsz\u00e1gban.<\/p>\n","protected":false},"author":203,"featured_media":4117,"comment_status":"open","ping_status":"open","sticky":false,"template":"","format":"standard","meta":{"_acf_changed":false,"footnotes":""},"categories":[239,8,7],"tags":[],"coauthors":[246,247,248],"class_list":["post-1964","post","type-post","status-publish","format-standard","has-post-thumbnail","hentry","category-parola-1992-2","category-parola-folyoirat","category-repertorium"],"acf":[],"yoast_head":"<!-- This site is optimized with the Yoast SEO plugin v26.7 - https:\/\/yoast.com\/wordpress\/plugins\/seo\/ -->\n<title>\u00d6nk\u00e9nyes lak\u00e1sfoglal\u00f3k: Kelet-Nyugat szemin\u00e1rium - Parola Foly\u00f3irat<\/title>\n<meta name=\"robots\" content=\"index, follow, max-snippet:-1, max-image-preview:large, max-video-preview:-1\" \/>\n<link rel=\"canonical\" href=\"https:\/\/kofe.hu\/parola\/parola-folyoirat\/onkenyes-lakasfoglalok-kelet-nyugat-szeminarium\/\" \/>\n<meta property=\"og:locale\" content=\"hu_HU\" \/>\n<meta property=\"og:type\" content=\"article\" \/>\n<meta property=\"og:title\" content=\"\u00d6nk\u00e9nyes lak\u00e1sfoglal\u00f3k: Kelet-Nyugat szemin\u00e1rium - Parola Foly\u00f3irat\" \/>\n<meta property=\"og:description\" content=\"KELET-NYUGAT SZEMIN\u00c1RIUM c\u00edmmel a k\u00f6zelm\u00faltban \u00e9rdekes konferenci\u00e1t szervezett \u00e1 T\u00e1rsadalmi-Kultur\u00e1lis Szomsz\u00e9ds\u00e1gi K\u00f6zpontok Nemzetk\u00f6zi Sz\u00f6vets\u00e9ge (lnternational Federation of Settlements and Neighbourhood Centres IFS) N\u00e9metorsz\u00e1gban.\" \/>\n<meta property=\"og:url\" content=\"https:\/\/kofe.hu\/parola\/parola-folyoirat\/onkenyes-lakasfoglalok-kelet-nyugat-szeminarium\/\" \/>\n<meta property=\"og:site_name\" content=\"Parola Foly\u00f3irat\" \/>\n<meta property=\"article:published_time\" content=\"2020-06-24T13:33:22+00:00\" \/>\n<meta property=\"article:modified_time\" content=\"2020-07-30T11:13:40+00:00\" \/>\n<meta property=\"og:image\" content=\"https:\/\/kofe.hu\/parola\/wp-content\/uploads\/2020\/06\/92.2.jpeg\" \/>\n\t<meta property=\"og:image:width\" content=\"1493\" \/>\n\t<meta property=\"og:image:height\" content=\"2011\" \/>\n\t<meta property=\"og:image:type\" content=\"image\/jpeg\" \/>\n<meta name=\"author\" content=\"Gosztonyi G\u00e9za, dr. Madlena Erzs\u00e9bet, B. Talyig\u00e1s Katalin\" \/>\n<meta name=\"twitter:card\" content=\"summary_large_image\" \/>\n<meta name=\"twitter:label1\" content=\"Szerz\u0151:\" \/>\n\t<meta name=\"twitter:data1\" content=\"Gosztonyi G\u00e9za\" \/>\n\t<meta name=\"twitter:label2\" content=\"Becs\u00fclt olvas\u00e1si id\u0151\" \/>\n\t<meta name=\"twitter:data2\" content=\"19 perc\" \/>\n\t<meta name=\"twitter:label3\" content=\"Written by\" \/>\n\t<meta name=\"twitter:data3\" content=\"Gosztonyi G\u00e9za, dr. Madlena Erzs\u00e9bet, B. Talyig\u00e1s Katalin\" \/>\n<script type=\"application\/ld+json\" class=\"yoast-schema-graph\">{\"@context\":\"https:\/\/schema.org\",\"@graph\":[{\"@type\":\"Article\",\"@id\":\"https:\/\/kofe.hu\/parola\/parola-folyoirat\/onkenyes-lakasfoglalok-kelet-nyugat-szeminarium\/#article\",\"isPartOf\":{\"@id\":\"https:\/\/kofe.hu\/parola\/parola-folyoirat\/onkenyes-lakasfoglalok-kelet-nyugat-szeminarium\/\"},\"author\":{\"name\":\"Gosztonyi G\u00e9za\",\"@id\":\"https:\/\/kofe.hu\/parola\/#\/schema\/person\/6105dc467553b89541ffea25e21393f7\"},\"headline\":\"\u00d6nk\u00e9nyes lak\u00e1sfoglal\u00f3k: Kelet-Nyugat szemin\u00e1rium\",\"datePublished\":\"2020-06-24T13:33:22+00:00\",\"dateModified\":\"2020-07-30T11:13:40+00:00\",\"mainEntityOfPage\":{\"@id\":\"https:\/\/kofe.hu\/parola\/parola-folyoirat\/onkenyes-lakasfoglalok-kelet-nyugat-szeminarium\/\"},\"wordCount\":3820,\"commentCount\":0,\"image\":{\"@id\":\"https:\/\/kofe.hu\/parola\/parola-folyoirat\/onkenyes-lakasfoglalok-kelet-nyugat-szeminarium\/#primaryimage\"},\"thumbnailUrl\":\"https:\/\/kofe.hu\/parola\/wp-content\/uploads\/2020\/06\/92.2.jpeg\",\"articleSection\":[\"Parola 1992\/2\",\"Parola Foly\u00f3irat\",\"Repert\u00f3rium\"],\"inLanguage\":\"hu\",\"potentialAction\":[{\"@type\":\"CommentAction\",\"name\":\"Comment\",\"target\":[\"https:\/\/kofe.hu\/parola\/parola-folyoirat\/onkenyes-lakasfoglalok-kelet-nyugat-szeminarium\/#respond\"]}]},{\"@type\":\"WebPage\",\"@id\":\"https:\/\/kofe.hu\/parola\/parola-folyoirat\/onkenyes-lakasfoglalok-kelet-nyugat-szeminarium\/\",\"url\":\"https:\/\/kofe.hu\/parola\/parola-folyoirat\/onkenyes-lakasfoglalok-kelet-nyugat-szeminarium\/\",\"name\":\"\u00d6nk\u00e9nyes lak\u00e1sfoglal\u00f3k: Kelet-Nyugat szemin\u00e1rium - Parola Foly\u00f3irat\",\"isPartOf\":{\"@id\":\"https:\/\/kofe.hu\/parola\/#website\"},\"primaryImageOfPage\":{\"@id\":\"https:\/\/kofe.hu\/parola\/parola-folyoirat\/onkenyes-lakasfoglalok-kelet-nyugat-szeminarium\/#primaryimage\"},\"image\":{\"@id\":\"https:\/\/kofe.hu\/parola\/parola-folyoirat\/onkenyes-lakasfoglalok-kelet-nyugat-szeminarium\/#primaryimage\"},\"thumbnailUrl\":\"https:\/\/kofe.hu\/parola\/wp-content\/uploads\/2020\/06\/92.2.jpeg\",\"datePublished\":\"2020-06-24T13:33:22+00:00\",\"dateModified\":\"2020-07-30T11:13:40+00:00\",\"author\":{\"@id\":\"https:\/\/kofe.hu\/parola\/#\/schema\/person\/6105dc467553b89541ffea25e21393f7\"},\"breadcrumb\":{\"@id\":\"https:\/\/kofe.hu\/parola\/parola-folyoirat\/onkenyes-lakasfoglalok-kelet-nyugat-szeminarium\/#breadcrumb\"},\"inLanguage\":\"hu\",\"potentialAction\":[{\"@type\":\"ReadAction\",\"target\":[\"https:\/\/kofe.hu\/parola\/parola-folyoirat\/onkenyes-lakasfoglalok-kelet-nyugat-szeminarium\/\"]}]},{\"@type\":\"ImageObject\",\"inLanguage\":\"hu\",\"@id\":\"https:\/\/kofe.hu\/parola\/parola-folyoirat\/onkenyes-lakasfoglalok-kelet-nyugat-szeminarium\/#primaryimage\",\"url\":\"https:\/\/kofe.hu\/parola\/wp-content\/uploads\/2020\/06\/92.2.jpeg\",\"contentUrl\":\"https:\/\/kofe.hu\/parola\/wp-content\/uploads\/2020\/06\/92.2.jpeg\",\"width\":1493,\"height\":2011},{\"@type\":\"BreadcrumbList\",\"@id\":\"https:\/\/kofe.hu\/parola\/parola-folyoirat\/onkenyes-lakasfoglalok-kelet-nyugat-szeminarium\/#breadcrumb\",\"itemListElement\":[{\"@type\":\"ListItem\",\"position\":1,\"name\":\"Home\",\"item\":\"https:\/\/kofe.hu\/parola\/\"},{\"@type\":\"ListItem\",\"position\":2,\"name\":\"\u00d6nk\u00e9nyes lak\u00e1sfoglal\u00f3k: Kelet-Nyugat szemin\u00e1rium\"}]},{\"@type\":\"WebSite\",\"@id\":\"https:\/\/kofe.hu\/parola\/#website\",\"url\":\"https:\/\/kofe.hu\/parola\/\",\"name\":\"Parola Foly\u00f3irat\",\"description\":\"\",\"potentialAction\":[{\"@type\":\"SearchAction\",\"target\":{\"@type\":\"EntryPoint\",\"urlTemplate\":\"https:\/\/kofe.hu\/parola\/?s={search_term_string}\"},\"query-input\":{\"@type\":\"PropertyValueSpecification\",\"valueRequired\":true,\"valueName\":\"search_term_string\"}}],\"inLanguage\":\"hu\"},{\"@type\":\"Person\",\"@id\":\"https:\/\/kofe.hu\/parola\/#\/schema\/person\/6105dc467553b89541ffea25e21393f7\",\"name\":\"Gosztonyi G\u00e9za\",\"image\":{\"@type\":\"ImageObject\",\"inLanguage\":\"hu\",\"@id\":\"https:\/\/kofe.hu\/parola\/#\/schema\/person\/image\/a345fad5d6e4ee86f9739c519bb47b5d\",\"url\":\"https:\/\/secure.gravatar.com\/avatar\/6fc0e101f47df8027818fcea7755b3d7de1cd951bd94f3818c46af6f702c105d?s=96&d=mm&r=g\",\"contentUrl\":\"https:\/\/secure.gravatar.com\/avatar\/6fc0e101f47df8027818fcea7755b3d7de1cd951bd94f3818c46af6f702c105d?s=96&d=mm&r=g\",\"caption\":\"Gosztonyi G\u00e9za\"},\"url\":\"https:\/\/kofe.hu\/parola\/szerzok\/gosztonyi-geza\/\"}]}<\/script>\n<!-- \/ Yoast SEO plugin. -->","yoast_head_json":{"title":"\u00d6nk\u00e9nyes lak\u00e1sfoglal\u00f3k: Kelet-Nyugat szemin\u00e1rium - Parola Foly\u00f3irat","robots":{"index":"index","follow":"follow","max-snippet":"max-snippet:-1","max-image-preview":"max-image-preview:large","max-video-preview":"max-video-preview:-1"},"canonical":"https:\/\/kofe.hu\/parola\/parola-folyoirat\/onkenyes-lakasfoglalok-kelet-nyugat-szeminarium\/","og_locale":"hu_HU","og_type":"article","og_title":"\u00d6nk\u00e9nyes lak\u00e1sfoglal\u00f3k: Kelet-Nyugat szemin\u00e1rium - Parola Foly\u00f3irat","og_description":"KELET-NYUGAT SZEMIN\u00c1RIUM c\u00edmmel a k\u00f6zelm\u00faltban \u00e9rdekes konferenci\u00e1t szervezett \u00e1 T\u00e1rsadalmi-Kultur\u00e1lis Szomsz\u00e9ds\u00e1gi K\u00f6zpontok Nemzetk\u00f6zi Sz\u00f6vets\u00e9ge (lnternational Federation of Settlements and Neighbourhood Centres IFS) N\u00e9metorsz\u00e1gban.","og_url":"https:\/\/kofe.hu\/parola\/parola-folyoirat\/onkenyes-lakasfoglalok-kelet-nyugat-szeminarium\/","og_site_name":"Parola Foly\u00f3irat","article_published_time":"2020-06-24T13:33:22+00:00","article_modified_time":"2020-07-30T11:13:40+00:00","og_image":[{"width":1493,"height":2011,"url":"https:\/\/kofe.hu\/parola\/wp-content\/uploads\/2020\/06\/92.2.jpeg","type":"image\/jpeg"}],"author":"Gosztonyi G\u00e9za, dr. Madlena Erzs\u00e9bet, B. Talyig\u00e1s Katalin","twitter_card":"summary_large_image","twitter_misc":{"Szerz\u0151:":"Gosztonyi G\u00e9za","Becs\u00fclt olvas\u00e1si id\u0151":"19 perc","Written by":"Gosztonyi G\u00e9za, dr. Madlena Erzs\u00e9bet, B. Talyig\u00e1s Katalin"},"schema":{"@context":"https:\/\/schema.org","@graph":[{"@type":"Article","@id":"https:\/\/kofe.hu\/parola\/parola-folyoirat\/onkenyes-lakasfoglalok-kelet-nyugat-szeminarium\/#article","isPartOf":{"@id":"https:\/\/kofe.hu\/parola\/parola-folyoirat\/onkenyes-lakasfoglalok-kelet-nyugat-szeminarium\/"},"author":{"name":"Gosztonyi G\u00e9za","@id":"https:\/\/kofe.hu\/parola\/#\/schema\/person\/6105dc467553b89541ffea25e21393f7"},"headline":"\u00d6nk\u00e9nyes lak\u00e1sfoglal\u00f3k: Kelet-Nyugat szemin\u00e1rium","datePublished":"2020-06-24T13:33:22+00:00","dateModified":"2020-07-30T11:13:40+00:00","mainEntityOfPage":{"@id":"https:\/\/kofe.hu\/parola\/parola-folyoirat\/onkenyes-lakasfoglalok-kelet-nyugat-szeminarium\/"},"wordCount":3820,"commentCount":0,"image":{"@id":"https:\/\/kofe.hu\/parola\/parola-folyoirat\/onkenyes-lakasfoglalok-kelet-nyugat-szeminarium\/#primaryimage"},"thumbnailUrl":"https:\/\/kofe.hu\/parola\/wp-content\/uploads\/2020\/06\/92.2.jpeg","articleSection":["Parola 1992\/2","Parola Foly\u00f3irat","Repert\u00f3rium"],"inLanguage":"hu","potentialAction":[{"@type":"CommentAction","name":"Comment","target":["https:\/\/kofe.hu\/parola\/parola-folyoirat\/onkenyes-lakasfoglalok-kelet-nyugat-szeminarium\/#respond"]}]},{"@type":"WebPage","@id":"https:\/\/kofe.hu\/parola\/parola-folyoirat\/onkenyes-lakasfoglalok-kelet-nyugat-szeminarium\/","url":"https:\/\/kofe.hu\/parola\/parola-folyoirat\/onkenyes-lakasfoglalok-kelet-nyugat-szeminarium\/","name":"\u00d6nk\u00e9nyes lak\u00e1sfoglal\u00f3k: Kelet-Nyugat szemin\u00e1rium - Parola Foly\u00f3irat","isPartOf":{"@id":"https:\/\/kofe.hu\/parola\/#website"},"primaryImageOfPage":{"@id":"https:\/\/kofe.hu\/parola\/parola-folyoirat\/onkenyes-lakasfoglalok-kelet-nyugat-szeminarium\/#primaryimage"},"image":{"@id":"https:\/\/kofe.hu\/parola\/parola-folyoirat\/onkenyes-lakasfoglalok-kelet-nyugat-szeminarium\/#primaryimage"},"thumbnailUrl":"https:\/\/kofe.hu\/parola\/wp-content\/uploads\/2020\/06\/92.2.jpeg","datePublished":"2020-06-24T13:33:22+00:00","dateModified":"2020-07-30T11:13:40+00:00","author":{"@id":"https:\/\/kofe.hu\/parola\/#\/schema\/person\/6105dc467553b89541ffea25e21393f7"},"breadcrumb":{"@id":"https:\/\/kofe.hu\/parola\/parola-folyoirat\/onkenyes-lakasfoglalok-kelet-nyugat-szeminarium\/#breadcrumb"},"inLanguage":"hu","potentialAction":[{"@type":"ReadAction","target":["https:\/\/kofe.hu\/parola\/parola-folyoirat\/onkenyes-lakasfoglalok-kelet-nyugat-szeminarium\/"]}]},{"@type":"ImageObject","inLanguage":"hu","@id":"https:\/\/kofe.hu\/parola\/parola-folyoirat\/onkenyes-lakasfoglalok-kelet-nyugat-szeminarium\/#primaryimage","url":"https:\/\/kofe.hu\/parola\/wp-content\/uploads\/2020\/06\/92.2.jpeg","contentUrl":"https:\/\/kofe.hu\/parola\/wp-content\/uploads\/2020\/06\/92.2.jpeg","width":1493,"height":2011},{"@type":"BreadcrumbList","@id":"https:\/\/kofe.hu\/parola\/parola-folyoirat\/onkenyes-lakasfoglalok-kelet-nyugat-szeminarium\/#breadcrumb","itemListElement":[{"@type":"ListItem","position":1,"name":"Home","item":"https:\/\/kofe.hu\/parola\/"},{"@type":"ListItem","position":2,"name":"\u00d6nk\u00e9nyes lak\u00e1sfoglal\u00f3k: Kelet-Nyugat szemin\u00e1rium"}]},{"@type":"WebSite","@id":"https:\/\/kofe.hu\/parola\/#website","url":"https:\/\/kofe.hu\/parola\/","name":"Parola Foly\u00f3irat","description":"","potentialAction":[{"@type":"SearchAction","target":{"@type":"EntryPoint","urlTemplate":"https:\/\/kofe.hu\/parola\/?s={search_term_string}"},"query-input":{"@type":"PropertyValueSpecification","valueRequired":true,"valueName":"search_term_string"}}],"inLanguage":"hu"},{"@type":"Person","@id":"https:\/\/kofe.hu\/parola\/#\/schema\/person\/6105dc467553b89541ffea25e21393f7","name":"Gosztonyi G\u00e9za","image":{"@type":"ImageObject","inLanguage":"hu","@id":"https:\/\/kofe.hu\/parola\/#\/schema\/person\/image\/a345fad5d6e4ee86f9739c519bb47b5d","url":"https:\/\/secure.gravatar.com\/avatar\/6fc0e101f47df8027818fcea7755b3d7de1cd951bd94f3818c46af6f702c105d?s=96&d=mm&r=g","contentUrl":"https:\/\/secure.gravatar.com\/avatar\/6fc0e101f47df8027818fcea7755b3d7de1cd951bd94f3818c46af6f702c105d?s=96&d=mm&r=g","caption":"Gosztonyi G\u00e9za"},"url":"https:\/\/kofe.hu\/parola\/szerzok\/gosztonyi-geza\/"}]}},"_links":{"self":[{"href":"https:\/\/kofe.hu\/parola\/wp-json\/wp\/v2\/posts\/1964","targetHints":{"allow":["GET"]}}],"collection":[{"href":"https:\/\/kofe.hu\/parola\/wp-json\/wp\/v2\/posts"}],"about":[{"href":"https:\/\/kofe.hu\/parola\/wp-json\/wp\/v2\/types\/post"}],"author":[{"embeddable":true,"href":"https:\/\/kofe.hu\/parola\/wp-json\/wp\/v2\/users\/203"}],"replies":[{"embeddable":true,"href":"https:\/\/kofe.hu\/parola\/wp-json\/wp\/v2\/comments?post=1964"}],"version-history":[{"count":2,"href":"https:\/\/kofe.hu\/parola\/wp-json\/wp\/v2\/posts\/1964\/revisions"}],"predecessor-version":[{"id":4122,"href":"https:\/\/kofe.hu\/parola\/wp-json\/wp\/v2\/posts\/1964\/revisions\/4122"}],"wp:featuredmedia":[{"embeddable":true,"href":"https:\/\/kofe.hu\/parola\/wp-json\/wp\/v2\/media\/4117"}],"wp:attachment":[{"href":"https:\/\/kofe.hu\/parola\/wp-json\/wp\/v2\/media?parent=1964"}],"wp:term":[{"taxonomy":"category","embeddable":true,"href":"https:\/\/kofe.hu\/parola\/wp-json\/wp\/v2\/categories?post=1964"},{"taxonomy":"post_tag","embeddable":true,"href":"https:\/\/kofe.hu\/parola\/wp-json\/wp\/v2\/tags?post=1964"},{"taxonomy":"author","embeddable":true,"href":"https:\/\/kofe.hu\/parola\/wp-json\/wp\/v2\/coauthors?post=1964"}],"curies":[{"name":"wp","href":"https:\/\/api.w.org\/{rel}","templated":true}]}}