{"id":1962,"date":"2020-06-24T13:28:42","date_gmt":"2020-06-24T13:28:42","guid":{"rendered":"https:\/\/kofe.hu\/parola\/?p=1962"},"modified":"2020-07-30T11:14:05","modified_gmt":"2020-07-30T11:14:05","slug":"oroksegunk-orei-ifjusagi-mozgalom-a-muemlekvedelemert","status":"publish","type":"post","link":"https:\/\/kofe.hu\/parola\/parola-folyoirat\/oroksegunk-orei-ifjusagi-mozgalom-a-muemlekvedelemert\/","title":{"rendered":"\u00d6r\u00f6ks\u00e9g\u00fcnk \u0151rei: Ifj\u00fas\u00e1gi mozgalom a m\u0171eml\u00e9kv\u00e9delem\u00e9rt"},"content":{"rendered":"<p style=\"text-align: justify;\"><span style=\"font-family: Times New Roman CE;\">A t\u00f6rt\u00e9net 1988-ban kezd\u0151d\u00f6tt, amikor az Orsz\u00e1gos M\u0171eml\u00e9ki Fel\u00fcgyel\u0151s\u00e9g \u00e9s m\u00e9g j\u00f3 n\u00e9h\u00e1ny szervezet vet\u00e9lked\u0151t hirdetett k\u00f6z\u00e9piskol\u00e1s tanul\u00f3k sz\u00e1m\u00e1ra. Akkor kb. 3000 di\u00e1k dolgozott lelkesen egy \u00e9ven \u00e1t. A feladatok arra ir\u00e1nyultak, hogy az ifj\u00fa r\u00e9sztvev\u0151k m\u0171eml\u00e9k\u00e1llom\u00e1nyunk megismer\u00e9s\u00e9n t\u00fal felfedezz\u00e9k \u00e9p\u00edtett \u00f6r\u00f6ks\u00e9g\u00fcnk \u00e9rt\u00e9keit, sz\u00e9ps\u00e9g\u00e9t, vegy\u00e9k sz\u00e1mba k\u00f6rnyezet\u00fckben azokat az \u00e9rt\u00e9keket, melyek nem \u00e1llnak hivatalos v\u00e9delem alatt, s olyan feladatokat v\u00e9gezzenek el, melyekkel seg\u00edts\u00e9get ny\u00fajthatnak a hivat\u00e1sos m\u0171eml\u00e9kv\u00e9d\u0151knek is. <\/span><\/p>\n<p><!--more--><\/p>\n<p style=\"text-align: justify;\"><span style=\"font-family: Times New Roman CE;\">A legjobb h\u00fasz csapat tagjai orsz\u00e1gj\u00e1r\u00e1son \u00e9s olvas\u00f3t\u00e1borban vettek r\u00e9szt, melyben tov\u00e1bb gyarap\u00edtott\u00e1k tud\u00e1sukat, s m\u00e9g ink\u00e1bb elk\u00f6telez\u0151dtek a m\u0171eml\u00e9kv\u00e9delem \u00fcgye ir\u00e1nt. M\u00e1r a t\u00e1bor v\u00e9g\u00e9n felmer\u00fclt a gondolata egy hosszabb tev\u00e9kenys\u00e9gnek, erre azonban akkor m\u00e9g nem teremt\u0151dtek meg a felt\u00e9telek.<\/span><\/p>\n<p style=\"text-align: justify;\"><span style=\"font-family: Times New Roman CE;\">H\u00e1rom \u00e9vet kellett v\u00e1rni, m\u00edg 1989. november\u00e9ben az Orsz\u00e1gos M\u0171eml\u00e9ki Fel\u00fcgyel\u0151s\u00e9g f\u0151igazgat\u00f3ja megalak\u00edtotta az \u00d6r\u00f6ks\u00e9g\u00fcnk \u0150rei m\u0171eml\u00e9kv\u00e9d\u0151 ifj\u00fas\u00e1gi szervezetet. Alap\u00edt\u00f3tagjai azok az az\u00f3ta m\u00e1r feln\u0151tt di\u00e1kok voltak, akik annak idej\u00e9n r\u00e9szt vettek az olvas\u00f3t\u00e1borban. Hozz\u00e1juk csatlakoztak n\u00e9h\u00e1nyan &#8211; els\u0151sorban &#8211; a szem\u00e9lyes ismerets\u00e9gi k\u00f6rb\u0151l. K\u00f6r\u00fckh\u00f6z b\u00e1rki csatlakozhat, aki elfogadja a c\u00e9lkit\u0171z\u00e9seket \u00e9s a m\u0171k\u00f6d\u00e9si rendet.<\/span><\/p>\n<p style=\"text-align: justify;\"><span style=\"font-family: Times New Roman CE;\">A tags\u00e1g alapvet\u0151 felt\u00e9tele a folyamatosan v\u00e9gzett hasznos tev\u00e9kenys\u00e9g. Mag\u00e1t z\u00e1rja ki az, aki &#8211; m\u00e9lt\u00e1nyolhat\u00f3 indok n\u00e9lk\u00fcl &#8211; hosszabb id\u0151n \u00e1t semmilyen hasznos tev\u00e9kenys\u00e9get nem v\u00e9gez az \u00e9p\u00edtett \u00f6r\u00f6ks\u00e9g v\u00e9delm\u00e9ben. Ennek ellent\u00e9telek\u00e9nt a szervezet vezet\u00e9se \u00e9s a m\u0171eml\u00e9ki hivatal mindenkor k\u00f6teles gondoskodni \u00e9rtelmes, hasznos \u00e9s elv\u00e9gezhet\u0151 feladatokr\u00f3l.<\/span><\/p>\n<p style=\"text-align: justify;\"><span style=\"font-family: Times New Roman CE;\">Egyel\u0151re azonban akadozik a megval\u00f3s\u00edt\u00e1s. Anyagi neh\u00e9zs\u00e9gek miatt a nagy\u00edv\u0171 program csak r\u00e9szeiben val\u00f3sulhat meg. A tagok m\u00e9gis \u00fagy d\u00f6nt\u00f6ttek, hogy addig is nekil\u00e1tnak, nem v\u00e1rnak, hiszen \u00e9p\u00fcleteink most is vesz\u00e9lyben vannak, a megment\u00e9s\u00fckh\u00f6z m\u00e1r most \u00f6ssze kell fogni, nehogy k\u00e9s\u0151 legyen elindulni. Ez\u00e9rt egyel\u0151re azt teszik, amit tehetnek, s ez sem kev\u00e9s.<\/span><\/p>\n<p style=\"text-align: justify;\"><span style=\"font-family: Times New Roman CE;\">A v\u00e9gv\u00e1rakba &#8211; \u00edgy nevezik a helyi csoportokat-t\u00f6m\u00f6r\u00fcl\u00e9s nem oldhat\u00f3<\/span><br \/>\n<span style=\"font-family: Times New Roman CE;\">meg mindenhol, mert kevesen vannak, de egy\u00e9nileg is elv\u00e9gezhetik a feladatokat, legfeljebb egy kicsit lassabban megy. Naponta figyelemmel k\u00eds\u00e9rik sz\u0171kebb k\u00f6rnyezet\u00fck m\u0171eml\u00e9keit, \u00e9rt\u00e9kes &#8211; \u00e1m nem v\u00e9dett &#8211; \u00e9p\u00fcleteit, s ha valahol vesz\u00e9lyt tapasztalnak, azt azonnal elh\u00e1r\u00edtj\u00e1k, illetve jelzik az illet\u00e9kes helyen. Ezzel gyakran milli\u00f3s k\u00e1rokat el\u0151znek meg, mert van szem, mely \u00e9szreveszi, ha kilyukadt az es\u0151csatorna, hogy elmozdult egy cser\u00e9p, vagy vand\u00e1lok szaggatj\u00e1k fel a padl\u00f3t. Kir\u00e1ndul\u00e1saik, s\u00e9t\u00e1ik sor\u00e1n f\u00e9nyk\u00e9pez\u0151g\u00e9ppel j\u00e1rva-kelve meg\u00f6r\u00f6k\u00edtenek n\u00e9h\u00e1ny \u00e9rt\u00e9kes \u00e9p\u00fcletet, \u00e9p\u00edtm\u00e9nyt, felkutatj\u00e1k annak m\u00faltj\u00e1t, besz\u00e9lnek azokkal, akik ismerik t\u00f6rt\u00e9net\u00fcket, esetleg elind\u00edtj\u00e1k a v\u00e9dett\u00e9 nyilv\u00e1n\u00edt\u00e1si elj\u00e1r\u00e1st. \u00c9s nem utols\u00f3 sorban &#8211; puszt\u00e1n tev\u00e9kenys\u00e9g\u00fckkel &#8211; felh\u00edvj\u00e1k t\u00e1rsadalmi k\u00f6rnyezet\u00fck figyelm\u00e9t &#8222;hobbijukra&#8221;, \u00edgy a j\u00f6v\u0151ben, ha v\u00e9deni nem is, de t\u00f6nkretenni mindenk\u00e9ppen kevesebben fogj\u00e1k a m\u0171eml\u00e9keket.<\/span><\/p>\n<p style=\"text-align: justify;\"><span style=\"font-family: Times New Roman CE;\">Tavaly ny\u00e1ron megalakult n\u00e9gy c\u00e9h is, mely a r\u00e9gi, veretes c\u00e9hkereteket szeretn\u00e9 \u00fajrateremteni azzal a c\u00e9llal, hogy min\u00e9l t\u00f6bb k\u00e9zm\u0171ves szakm\u00e1t siker\u00fclj\u00f6n megmenteni a kihal\u00e1st\u00f3l. Ezek ugyanis n\u00e9lk\u00fcl\u00f6zhetetlenek a m\u0171eml\u00e9ki helyre\u00e1ll\u00edt\u00e1sok sor\u00e1n. de alig van m\u00e1r ismer\u0151j\u00fck. (A zsindelyk\u00e9sz\u00edt\u0151 mestert p\u00e9ld\u00e1ul Erd\u00e9lyb\u0151l kellett megh\u00edvni.) A mesterek vezet\u00e9s\u00e9vei saj\u00e1t\u00edtj\u00e1k el az inasok a szakmai alapokat, s amikor \u00fagy \u00edt\u00e9lik meg, hogy elegend\u0151 tud\u00e1s birtok\u00e1ba jutottak, leg\u00e9nyvizsg\u00e1t tehetnek, majd &#8211; az egyre t\u00f6k\u00e9letesend\u0151 tud\u00e1snak megfelel\u0151en &#8211; mesterr\u00e9, nagymesterr\u00e9 v\u00e1lhatnak. A bizony\u00edtv\u00e1nyok \u00e9s min\u0151s\u00edt\u00e9sek tud\u00e1sfedezet\u00e9t az Orsz\u00e1gos M\u0171eml\u00e9kv\u00e9delmi Hivatal szavatolja. Az \u00faj mesterek \u00edgy alkalmass\u00e1 v\u00e1lnak arra, hogy \u0151k is tan\u00edtsanak, ezzel biztos\u00edtva a folyamatos ut\u00e1np\u00f3tl\u00e1st.<\/span><\/p>\n<p style=\"text-align: justify;\"><span style=\"font-family: Times New Roman CE;\">Sz\u00e9p terv a k\u00e9z \u00fcgyes\u00edt\u00e9se mellett az agyak csiszol\u00e1sa. Ez\u00e9rt hat\u00e1rozt\u00e1k el az \u00fan. akad\u00e9mi\u00e1k l\u00e9trehoz\u00e1s\u00e1t a m\u0171eml\u00e9kekkel kapcsolatos ismeretek egy-egy meghat\u00e1rozott r\u00e9szter\u00fclet\u00e9nek tanulm\u00e1nyoz\u00e1s\u00e1ra, ahol a nebul\u00f3kb\u00f3l a teljes\u00edtm\u00e9nynek megfelel\u0151en v\u00e1lhat majd famulus, tudor illetve magister. Id\u00e9n ny\u00e1ron-\u0151sszel meg is alakulhat m\u00e1r az els\u0151 k\u00e9t akad\u00e9mia. Addig azonban &#8211; rem\u00e9nyeink szerint &#8211; h\u00e1tra van egy ny\u00e1ri c\u00e9hes t\u00e1bor Koml\u00f3dt\u00f3tfaluban, Szatm\u00e1r megye egy eldugott cs\u00fccsk\u00e9ben. S hogy mi\u00e9rt pont ott? Mert ott m\u00e9g megvan az alkot\u00e1shoz sz\u00fcks\u00e9ges csend \u00e9s b\u00e9ke, nem h\u00e1bor\u00edtj\u00e1k a vid\u00e9ket a nagyhang\u00fa turist\u00e1k, az ott lak\u00f3k olyan szeretettel v\u00e1rj\u00e1k, fogadj\u00e1k \u00f6r\u00f6ks\u00e9g\u00fcnk \u0151reit, hogy \u00e9rdemes \u00e9vr\u0151l \u00e9vre visszat\u00e9rni, s ebben az \u00e9rintetlen kult\u00far\u00e1j\u00fa t\u00e1jban cs\u00f6ndes csod\u00e1kat \u00e1t\u00e9lni. Ezenk\u00edv\u00fcl van ott egy romos, elhagyatott \u00e9p\u00fclet, melynek m\u00e1r csak a falai \u00e1llnak, ak\u00e1rmikor \u00f6sszed\u0171lhet, de m\u00e9g \u00edgy is gy\u00f6ny\u00f6r\u0171, s els\u0151 oszt\u00e1ly\u00fa m\u0171eml\u00e9k l\u00e9v\u00e9n megmentend\u0151. A helyre\u00e1ll\u00edt\u00e1s tenger sok p\u00e9nzbe ker\u00fcl, de ha siker\u00fcl \u00f6sszegy\u0171jteni &#8211; ki tudja h\u00e1ny \u00e9v alatt &#8211; a r\u00e1val\u00f3t, rem\u00e9nyeink szerint ez a kis t\u00e1rsas\u00e1g kapja majd meg, hogy ki\u00e9p\u00edtse benne &#8222;f\u0151hadisz\u00e1ll\u00e1s\u00e1t&#8221;, s tavaszt\u00f3l \u0151szig itt k\u00e9sz\u00fclj\u00f6n fel a. k\u00f6vetkez\u0151 \u00e9vek nagy munk\u00e1ira. A fiatalok \u00fagy k\u00e9pzelik, j\u00f3 hely lesz ez arra is, hogy csal\u00e1dos emberk\u00e9nt, majd nagysz\u00fcl\u0151k\u00e9nt itt pihenjenek meg nyaranta. tan\u00edtgatva az akkori ifjakat, s hogy gyerekeik ebben a mili\u0151ben n\u0151jenek fel. Hossz\u00fa id\u0151 telik m\u00e9g el addig. de a Koml\u00f3dt\u00f3tfalun \u00e9l\u0151 lakoss\u00e1g &#8211; akiknek \u00e1tlag\u00e9letkora hatvan\u00f6t \u00e9v k\u00f6r\u00fcl mozoghat &#8211; b\u00edzik abban, hogy \u00fajra teljes pomp\u00e1j\u00e1ban l\u00e1tja m\u00e9g &#8222;kast\u00e9ly\u00e1t&#8221;. Mi\u00e9rt ne b\u00edzn\u00e1nak benne a most huszon\u00e9vesek is?<\/span><\/p>\n<p style=\"text-align: justify;\"><span style=\"font-family: Times New Roman CE;\">Addig azonban teszik, ami tehet\u0151, keresik a szervezet c\u00e9ljaival szimpatiz\u00e1l\u00f3kat (nemcsak a leend\u0151 tagokat, de b\u00e1rkit, akivel \u00f6sszefoghatnak), \u00e9s der\u0171sen tervezik a j\u00f6v\u0151t&#8230;<\/span><\/p>\n<p><span style=\"font-family: Times New Roman CE;\">Az \u00d6r\u00f6ks\u00e9g\u00fcnk \u0150rei mozgalomr\u00f3l r\u00e9szletes inform\u00e1ci\u00f3kkal szolg\u00e1lnak az al\u00e1bbi c\u00edmen: Orsz\u00e1gos M\u0171eml\u00e9ki Fel\u00fcgyel\u0151s\u00e9g, Budapest !. ker. T\u00e1ncsics M. u. 1. Tel.:1569-722 Ghyczy Gabriella<\/span><\/p>\n","protected":false},"excerpt":{"rendered":"<p>A t\u00f6rt\u00e9net 1988-ban kezd\u0151d\u00f6tt, amikor az Orsz\u00e1gos M\u0171eml\u00e9ki Fel\u00fcgyel\u0151s\u00e9g \u00e9s m\u00e9g j\u00f3 n\u00e9h\u00e1ny szervezet vet\u00e9lked\u0151t hirdetett k\u00f6z\u00e9piskol\u00e1s tanul\u00f3k sz\u00e1m\u00e1ra. Akkor kb. 3000 di\u00e1k dolgozott lelkesen egy \u00e9ven \u00e1t. A feladatok arra ir\u00e1nyultak, hogy az ifj\u00fa r\u00e9sztvev\u0151k m\u0171eml\u00e9k\u00e1llom\u00e1nyunk megismer\u00e9s\u00e9n t\u00fal felfedezz\u00e9k \u00e9p\u00edtett \u00f6r\u00f6ks\u00e9g\u00fcnk \u00e9rt\u00e9keit, sz\u00e9ps\u00e9g\u00e9t, vegy\u00e9k sz\u00e1mba k\u00f6rnyezet\u00fckben azokat az \u00e9rt\u00e9keket, melyek nem \u00e1llnak hivatalos v\u00e9delem [&hellip;]<\/p>\n","protected":false},"author":202,"featured_media":4117,"comment_status":"open","ping_status":"open","sticky":false,"template":"","format":"standard","meta":{"_acf_changed":false,"footnotes":""},"categories":[239,8,7],"tags":[],"coauthors":[245],"class_list":["post-1962","post","type-post","status-publish","format-standard","has-post-thumbnail","hentry","category-parola-1992-2","category-parola-folyoirat","category-repertorium"],"acf":[],"yoast_head":"<!-- This site is optimized with the Yoast SEO plugin v26.7 - https:\/\/yoast.com\/wordpress\/plugins\/seo\/ -->\n<title>\u00d6r\u00f6ks\u00e9g\u00fcnk \u0151rei: Ifj\u00fas\u00e1gi mozgalom a m\u0171eml\u00e9kv\u00e9delem\u00e9rt - Parola Foly\u00f3irat<\/title>\n<meta name=\"robots\" content=\"index, follow, max-snippet:-1, max-image-preview:large, max-video-preview:-1\" \/>\n<link rel=\"canonical\" href=\"https:\/\/kofe.hu\/parola\/parola-folyoirat\/oroksegunk-orei-ifjusagi-mozgalom-a-muemlekvedelemert\/\" \/>\n<meta property=\"og:locale\" content=\"hu_HU\" \/>\n<meta property=\"og:type\" content=\"article\" \/>\n<meta property=\"og:title\" content=\"\u00d6r\u00f6ks\u00e9g\u00fcnk \u0151rei: Ifj\u00fas\u00e1gi mozgalom a m\u0171eml\u00e9kv\u00e9delem\u00e9rt - Parola Foly\u00f3irat\" \/>\n<meta property=\"og:description\" content=\"A t\u00f6rt\u00e9net 1988-ban kezd\u0151d\u00f6tt, amikor az Orsz\u00e1gos M\u0171eml\u00e9ki Fel\u00fcgyel\u0151s\u00e9g \u00e9s m\u00e9g j\u00f3 n\u00e9h\u00e1ny szervezet vet\u00e9lked\u0151t hirdetett k\u00f6z\u00e9piskol\u00e1s tanul\u00f3k sz\u00e1m\u00e1ra. Akkor kb. 3000 di\u00e1k dolgozott lelkesen egy \u00e9ven \u00e1t. A feladatok arra ir\u00e1nyultak, hogy az ifj\u00fa r\u00e9sztvev\u0151k m\u0171eml\u00e9k\u00e1llom\u00e1nyunk megismer\u00e9s\u00e9n t\u00fal felfedezz\u00e9k \u00e9p\u00edtett \u00f6r\u00f6ks\u00e9g\u00fcnk \u00e9rt\u00e9keit, sz\u00e9ps\u00e9g\u00e9t, vegy\u00e9k sz\u00e1mba k\u00f6rnyezet\u00fckben azokat az \u00e9rt\u00e9keket, melyek nem \u00e1llnak hivatalos v\u00e9delem [&hellip;]\" \/>\n<meta property=\"og:url\" content=\"https:\/\/kofe.hu\/parola\/parola-folyoirat\/oroksegunk-orei-ifjusagi-mozgalom-a-muemlekvedelemert\/\" \/>\n<meta property=\"og:site_name\" content=\"Parola Foly\u00f3irat\" \/>\n<meta property=\"article:published_time\" content=\"2020-06-24T13:28:42+00:00\" \/>\n<meta property=\"article:modified_time\" content=\"2020-07-30T11:14:05+00:00\" \/>\n<meta property=\"og:image\" content=\"https:\/\/kofe.hu\/parola\/wp-content\/uploads\/2020\/06\/92.2.jpeg\" \/>\n\t<meta property=\"og:image:width\" content=\"1493\" \/>\n\t<meta property=\"og:image:height\" content=\"2011\" \/>\n\t<meta property=\"og:image:type\" content=\"image\/jpeg\" \/>\n<meta name=\"author\" content=\"Ghyczy Gabriella\" \/>\n<meta name=\"twitter:card\" content=\"summary_large_image\" \/>\n<meta name=\"twitter:label1\" content=\"Szerz\u0151:\" \/>\n\t<meta name=\"twitter:data1\" content=\"Ghyczy Gabriella\" \/>\n\t<meta name=\"twitter:label2\" content=\"Becs\u00fclt olvas\u00e1si id\u0151\" \/>\n\t<meta name=\"twitter:data2\" content=\"6 perc\" \/>\n\t<meta name=\"twitter:label3\" content=\"Written by\" \/>\n\t<meta name=\"twitter:data3\" content=\"Ghyczy Gabriella\" \/>\n<script type=\"application\/ld+json\" class=\"yoast-schema-graph\">{\"@context\":\"https:\/\/schema.org\",\"@graph\":[{\"@type\":\"Article\",\"@id\":\"https:\/\/kofe.hu\/parola\/parola-folyoirat\/oroksegunk-orei-ifjusagi-mozgalom-a-muemlekvedelemert\/#article\",\"isPartOf\":{\"@id\":\"https:\/\/kofe.hu\/parola\/parola-folyoirat\/oroksegunk-orei-ifjusagi-mozgalom-a-muemlekvedelemert\/\"},\"author\":{\"name\":\"Ghyczy Gabriella\",\"@id\":\"https:\/\/kofe.hu\/parola\/#\/schema\/person\/d6d95c5759bf7cb8874d0a342ad2e20c\"},\"headline\":\"\u00d6r\u00f6ks\u00e9g\u00fcnk \u0151rei: Ifj\u00fas\u00e1gi mozgalom a m\u0171eml\u00e9kv\u00e9delem\u00e9rt\",\"datePublished\":\"2020-06-24T13:28:42+00:00\",\"dateModified\":\"2020-07-30T11:14:05+00:00\",\"mainEntityOfPage\":{\"@id\":\"https:\/\/kofe.hu\/parola\/parola-folyoirat\/oroksegunk-orei-ifjusagi-mozgalom-a-muemlekvedelemert\/\"},\"wordCount\":1295,\"commentCount\":0,\"image\":{\"@id\":\"https:\/\/kofe.hu\/parola\/parola-folyoirat\/oroksegunk-orei-ifjusagi-mozgalom-a-muemlekvedelemert\/#primaryimage\"},\"thumbnailUrl\":\"https:\/\/kofe.hu\/parola\/wp-content\/uploads\/2020\/06\/92.2.jpeg\",\"articleSection\":[\"Parola 1992\/2\",\"Parola Foly\u00f3irat\",\"Repert\u00f3rium\"],\"inLanguage\":\"hu\",\"potentialAction\":[{\"@type\":\"CommentAction\",\"name\":\"Comment\",\"target\":[\"https:\/\/kofe.hu\/parola\/parola-folyoirat\/oroksegunk-orei-ifjusagi-mozgalom-a-muemlekvedelemert\/#respond\"]}]},{\"@type\":\"WebPage\",\"@id\":\"https:\/\/kofe.hu\/parola\/parola-folyoirat\/oroksegunk-orei-ifjusagi-mozgalom-a-muemlekvedelemert\/\",\"url\":\"https:\/\/kofe.hu\/parola\/parola-folyoirat\/oroksegunk-orei-ifjusagi-mozgalom-a-muemlekvedelemert\/\",\"name\":\"\u00d6r\u00f6ks\u00e9g\u00fcnk \u0151rei: Ifj\u00fas\u00e1gi mozgalom a m\u0171eml\u00e9kv\u00e9delem\u00e9rt - Parola Foly\u00f3irat\",\"isPartOf\":{\"@id\":\"https:\/\/kofe.hu\/parola\/#website\"},\"primaryImageOfPage\":{\"@id\":\"https:\/\/kofe.hu\/parola\/parola-folyoirat\/oroksegunk-orei-ifjusagi-mozgalom-a-muemlekvedelemert\/#primaryimage\"},\"image\":{\"@id\":\"https:\/\/kofe.hu\/parola\/parola-folyoirat\/oroksegunk-orei-ifjusagi-mozgalom-a-muemlekvedelemert\/#primaryimage\"},\"thumbnailUrl\":\"https:\/\/kofe.hu\/parola\/wp-content\/uploads\/2020\/06\/92.2.jpeg\",\"datePublished\":\"2020-06-24T13:28:42+00:00\",\"dateModified\":\"2020-07-30T11:14:05+00:00\",\"author\":{\"@id\":\"https:\/\/kofe.hu\/parola\/#\/schema\/person\/d6d95c5759bf7cb8874d0a342ad2e20c\"},\"breadcrumb\":{\"@id\":\"https:\/\/kofe.hu\/parola\/parola-folyoirat\/oroksegunk-orei-ifjusagi-mozgalom-a-muemlekvedelemert\/#breadcrumb\"},\"inLanguage\":\"hu\",\"potentialAction\":[{\"@type\":\"ReadAction\",\"target\":[\"https:\/\/kofe.hu\/parola\/parola-folyoirat\/oroksegunk-orei-ifjusagi-mozgalom-a-muemlekvedelemert\/\"]}]},{\"@type\":\"ImageObject\",\"inLanguage\":\"hu\",\"@id\":\"https:\/\/kofe.hu\/parola\/parola-folyoirat\/oroksegunk-orei-ifjusagi-mozgalom-a-muemlekvedelemert\/#primaryimage\",\"url\":\"https:\/\/kofe.hu\/parola\/wp-content\/uploads\/2020\/06\/92.2.jpeg\",\"contentUrl\":\"https:\/\/kofe.hu\/parola\/wp-content\/uploads\/2020\/06\/92.2.jpeg\",\"width\":1493,\"height\":2011},{\"@type\":\"BreadcrumbList\",\"@id\":\"https:\/\/kofe.hu\/parola\/parola-folyoirat\/oroksegunk-orei-ifjusagi-mozgalom-a-muemlekvedelemert\/#breadcrumb\",\"itemListElement\":[{\"@type\":\"ListItem\",\"position\":1,\"name\":\"Home\",\"item\":\"https:\/\/kofe.hu\/parola\/\"},{\"@type\":\"ListItem\",\"position\":2,\"name\":\"\u00d6r\u00f6ks\u00e9g\u00fcnk \u0151rei: Ifj\u00fas\u00e1gi mozgalom a m\u0171eml\u00e9kv\u00e9delem\u00e9rt\"}]},{\"@type\":\"WebSite\",\"@id\":\"https:\/\/kofe.hu\/parola\/#website\",\"url\":\"https:\/\/kofe.hu\/parola\/\",\"name\":\"Parola Foly\u00f3irat\",\"description\":\"\",\"potentialAction\":[{\"@type\":\"SearchAction\",\"target\":{\"@type\":\"EntryPoint\",\"urlTemplate\":\"https:\/\/kofe.hu\/parola\/?s={search_term_string}\"},\"query-input\":{\"@type\":\"PropertyValueSpecification\",\"valueRequired\":true,\"valueName\":\"search_term_string\"}}],\"inLanguage\":\"hu\"},{\"@type\":\"Person\",\"@id\":\"https:\/\/kofe.hu\/parola\/#\/schema\/person\/d6d95c5759bf7cb8874d0a342ad2e20c\",\"name\":\"Ghyczy Gabriella\",\"image\":{\"@type\":\"ImageObject\",\"inLanguage\":\"hu\",\"@id\":\"https:\/\/kofe.hu\/parola\/#\/schema\/person\/image\/0a6e4166651a70401969e7ae787cd9e4\",\"url\":\"https:\/\/secure.gravatar.com\/avatar\/043453c0268b8b4b98923365b5217436827ed56d247c42efd69885ab04855eb5?s=96&d=mm&r=g\",\"contentUrl\":\"https:\/\/secure.gravatar.com\/avatar\/043453c0268b8b4b98923365b5217436827ed56d247c42efd69885ab04855eb5?s=96&d=mm&r=g\",\"caption\":\"Ghyczy Gabriella\"},\"url\":\"https:\/\/kofe.hu\/parola\/szerzok\/ghyczy-gabriella\/\"}]}<\/script>\n<!-- \/ Yoast SEO plugin. -->","yoast_head_json":{"title":"\u00d6r\u00f6ks\u00e9g\u00fcnk \u0151rei: Ifj\u00fas\u00e1gi mozgalom a m\u0171eml\u00e9kv\u00e9delem\u00e9rt - Parola Foly\u00f3irat","robots":{"index":"index","follow":"follow","max-snippet":"max-snippet:-1","max-image-preview":"max-image-preview:large","max-video-preview":"max-video-preview:-1"},"canonical":"https:\/\/kofe.hu\/parola\/parola-folyoirat\/oroksegunk-orei-ifjusagi-mozgalom-a-muemlekvedelemert\/","og_locale":"hu_HU","og_type":"article","og_title":"\u00d6r\u00f6ks\u00e9g\u00fcnk \u0151rei: Ifj\u00fas\u00e1gi mozgalom a m\u0171eml\u00e9kv\u00e9delem\u00e9rt - Parola Foly\u00f3irat","og_description":"A t\u00f6rt\u00e9net 1988-ban kezd\u0151d\u00f6tt, amikor az Orsz\u00e1gos M\u0171eml\u00e9ki Fel\u00fcgyel\u0151s\u00e9g \u00e9s m\u00e9g j\u00f3 n\u00e9h\u00e1ny szervezet vet\u00e9lked\u0151t hirdetett k\u00f6z\u00e9piskol\u00e1s tanul\u00f3k sz\u00e1m\u00e1ra. Akkor kb. 3000 di\u00e1k dolgozott lelkesen egy \u00e9ven \u00e1t. A feladatok arra ir\u00e1nyultak, hogy az ifj\u00fa r\u00e9sztvev\u0151k m\u0171eml\u00e9k\u00e1llom\u00e1nyunk megismer\u00e9s\u00e9n t\u00fal felfedezz\u00e9k \u00e9p\u00edtett \u00f6r\u00f6ks\u00e9g\u00fcnk \u00e9rt\u00e9keit, sz\u00e9ps\u00e9g\u00e9t, vegy\u00e9k sz\u00e1mba k\u00f6rnyezet\u00fckben azokat az \u00e9rt\u00e9keket, melyek nem \u00e1llnak hivatalos v\u00e9delem [&hellip;]","og_url":"https:\/\/kofe.hu\/parola\/parola-folyoirat\/oroksegunk-orei-ifjusagi-mozgalom-a-muemlekvedelemert\/","og_site_name":"Parola Foly\u00f3irat","article_published_time":"2020-06-24T13:28:42+00:00","article_modified_time":"2020-07-30T11:14:05+00:00","og_image":[{"width":1493,"height":2011,"url":"https:\/\/kofe.hu\/parola\/wp-content\/uploads\/2020\/06\/92.2.jpeg","type":"image\/jpeg"}],"author":"Ghyczy Gabriella","twitter_card":"summary_large_image","twitter_misc":{"Szerz\u0151:":"Ghyczy Gabriella","Becs\u00fclt olvas\u00e1si id\u0151":"6 perc","Written by":"Ghyczy Gabriella"},"schema":{"@context":"https:\/\/schema.org","@graph":[{"@type":"Article","@id":"https:\/\/kofe.hu\/parola\/parola-folyoirat\/oroksegunk-orei-ifjusagi-mozgalom-a-muemlekvedelemert\/#article","isPartOf":{"@id":"https:\/\/kofe.hu\/parola\/parola-folyoirat\/oroksegunk-orei-ifjusagi-mozgalom-a-muemlekvedelemert\/"},"author":{"name":"Ghyczy Gabriella","@id":"https:\/\/kofe.hu\/parola\/#\/schema\/person\/d6d95c5759bf7cb8874d0a342ad2e20c"},"headline":"\u00d6r\u00f6ks\u00e9g\u00fcnk \u0151rei: Ifj\u00fas\u00e1gi mozgalom a m\u0171eml\u00e9kv\u00e9delem\u00e9rt","datePublished":"2020-06-24T13:28:42+00:00","dateModified":"2020-07-30T11:14:05+00:00","mainEntityOfPage":{"@id":"https:\/\/kofe.hu\/parola\/parola-folyoirat\/oroksegunk-orei-ifjusagi-mozgalom-a-muemlekvedelemert\/"},"wordCount":1295,"commentCount":0,"image":{"@id":"https:\/\/kofe.hu\/parola\/parola-folyoirat\/oroksegunk-orei-ifjusagi-mozgalom-a-muemlekvedelemert\/#primaryimage"},"thumbnailUrl":"https:\/\/kofe.hu\/parola\/wp-content\/uploads\/2020\/06\/92.2.jpeg","articleSection":["Parola 1992\/2","Parola Foly\u00f3irat","Repert\u00f3rium"],"inLanguage":"hu","potentialAction":[{"@type":"CommentAction","name":"Comment","target":["https:\/\/kofe.hu\/parola\/parola-folyoirat\/oroksegunk-orei-ifjusagi-mozgalom-a-muemlekvedelemert\/#respond"]}]},{"@type":"WebPage","@id":"https:\/\/kofe.hu\/parola\/parola-folyoirat\/oroksegunk-orei-ifjusagi-mozgalom-a-muemlekvedelemert\/","url":"https:\/\/kofe.hu\/parola\/parola-folyoirat\/oroksegunk-orei-ifjusagi-mozgalom-a-muemlekvedelemert\/","name":"\u00d6r\u00f6ks\u00e9g\u00fcnk \u0151rei: Ifj\u00fas\u00e1gi mozgalom a m\u0171eml\u00e9kv\u00e9delem\u00e9rt - Parola Foly\u00f3irat","isPartOf":{"@id":"https:\/\/kofe.hu\/parola\/#website"},"primaryImageOfPage":{"@id":"https:\/\/kofe.hu\/parola\/parola-folyoirat\/oroksegunk-orei-ifjusagi-mozgalom-a-muemlekvedelemert\/#primaryimage"},"image":{"@id":"https:\/\/kofe.hu\/parola\/parola-folyoirat\/oroksegunk-orei-ifjusagi-mozgalom-a-muemlekvedelemert\/#primaryimage"},"thumbnailUrl":"https:\/\/kofe.hu\/parola\/wp-content\/uploads\/2020\/06\/92.2.jpeg","datePublished":"2020-06-24T13:28:42+00:00","dateModified":"2020-07-30T11:14:05+00:00","author":{"@id":"https:\/\/kofe.hu\/parola\/#\/schema\/person\/d6d95c5759bf7cb8874d0a342ad2e20c"},"breadcrumb":{"@id":"https:\/\/kofe.hu\/parola\/parola-folyoirat\/oroksegunk-orei-ifjusagi-mozgalom-a-muemlekvedelemert\/#breadcrumb"},"inLanguage":"hu","potentialAction":[{"@type":"ReadAction","target":["https:\/\/kofe.hu\/parola\/parola-folyoirat\/oroksegunk-orei-ifjusagi-mozgalom-a-muemlekvedelemert\/"]}]},{"@type":"ImageObject","inLanguage":"hu","@id":"https:\/\/kofe.hu\/parola\/parola-folyoirat\/oroksegunk-orei-ifjusagi-mozgalom-a-muemlekvedelemert\/#primaryimage","url":"https:\/\/kofe.hu\/parola\/wp-content\/uploads\/2020\/06\/92.2.jpeg","contentUrl":"https:\/\/kofe.hu\/parola\/wp-content\/uploads\/2020\/06\/92.2.jpeg","width":1493,"height":2011},{"@type":"BreadcrumbList","@id":"https:\/\/kofe.hu\/parola\/parola-folyoirat\/oroksegunk-orei-ifjusagi-mozgalom-a-muemlekvedelemert\/#breadcrumb","itemListElement":[{"@type":"ListItem","position":1,"name":"Home","item":"https:\/\/kofe.hu\/parola\/"},{"@type":"ListItem","position":2,"name":"\u00d6r\u00f6ks\u00e9g\u00fcnk \u0151rei: Ifj\u00fas\u00e1gi mozgalom a m\u0171eml\u00e9kv\u00e9delem\u00e9rt"}]},{"@type":"WebSite","@id":"https:\/\/kofe.hu\/parola\/#website","url":"https:\/\/kofe.hu\/parola\/","name":"Parola Foly\u00f3irat","description":"","potentialAction":[{"@type":"SearchAction","target":{"@type":"EntryPoint","urlTemplate":"https:\/\/kofe.hu\/parola\/?s={search_term_string}"},"query-input":{"@type":"PropertyValueSpecification","valueRequired":true,"valueName":"search_term_string"}}],"inLanguage":"hu"},{"@type":"Person","@id":"https:\/\/kofe.hu\/parola\/#\/schema\/person\/d6d95c5759bf7cb8874d0a342ad2e20c","name":"Ghyczy Gabriella","image":{"@type":"ImageObject","inLanguage":"hu","@id":"https:\/\/kofe.hu\/parola\/#\/schema\/person\/image\/0a6e4166651a70401969e7ae787cd9e4","url":"https:\/\/secure.gravatar.com\/avatar\/043453c0268b8b4b98923365b5217436827ed56d247c42efd69885ab04855eb5?s=96&d=mm&r=g","contentUrl":"https:\/\/secure.gravatar.com\/avatar\/043453c0268b8b4b98923365b5217436827ed56d247c42efd69885ab04855eb5?s=96&d=mm&r=g","caption":"Ghyczy Gabriella"},"url":"https:\/\/kofe.hu\/parola\/szerzok\/ghyczy-gabriella\/"}]}},"_links":{"self":[{"href":"https:\/\/kofe.hu\/parola\/wp-json\/wp\/v2\/posts\/1962","targetHints":{"allow":["GET"]}}],"collection":[{"href":"https:\/\/kofe.hu\/parola\/wp-json\/wp\/v2\/posts"}],"about":[{"href":"https:\/\/kofe.hu\/parola\/wp-json\/wp\/v2\/types\/post"}],"author":[{"embeddable":true,"href":"https:\/\/kofe.hu\/parola\/wp-json\/wp\/v2\/users\/202"}],"replies":[{"embeddable":true,"href":"https:\/\/kofe.hu\/parola\/wp-json\/wp\/v2\/comments?post=1962"}],"version-history":[{"count":2,"href":"https:\/\/kofe.hu\/parola\/wp-json\/wp\/v2\/posts\/1962\/revisions"}],"predecessor-version":[{"id":4125,"href":"https:\/\/kofe.hu\/parola\/wp-json\/wp\/v2\/posts\/1962\/revisions\/4125"}],"wp:featuredmedia":[{"embeddable":true,"href":"https:\/\/kofe.hu\/parola\/wp-json\/wp\/v2\/media\/4117"}],"wp:attachment":[{"href":"https:\/\/kofe.hu\/parola\/wp-json\/wp\/v2\/media?parent=1962"}],"wp:term":[{"taxonomy":"category","embeddable":true,"href":"https:\/\/kofe.hu\/parola\/wp-json\/wp\/v2\/categories?post=1962"},{"taxonomy":"post_tag","embeddable":true,"href":"https:\/\/kofe.hu\/parola\/wp-json\/wp\/v2\/tags?post=1962"},{"taxonomy":"author","embeddable":true,"href":"https:\/\/kofe.hu\/parola\/wp-json\/wp\/v2\/coauthors?post=1962"}],"curies":[{"name":"wp","href":"https:\/\/api.w.org\/{rel}","templated":true}]}}