{"id":1954,"date":"2020-06-24T13:14:45","date_gmt":"2020-06-24T13:14:45","guid":{"rendered":"https:\/\/kofe.hu\/parola\/?p=1954"},"modified":"2020-07-30T11:16:00","modified_gmt":"2020-07-30T11:16:00","slug":"falufejlesztes-rehabilitacio-az-epitesz-szemevel","status":"publish","type":"post","link":"https:\/\/kofe.hu\/parola\/parola-folyoirat\/falufejlesztes-rehabilitacio-az-epitesz-szemevel\/","title":{"rendered":"Falufejleszt\u00e9s &#8211; rehabilit\u00e1ci\u00f3 az \u00e9p\u00edt\u00e9sz szem\u00e9vel"},"content":{"rendered":"<p style=\"text-align: justify;\"><span style=\"font-family: Times New Roman CE;\">A magyar falut a II. vil\u00e1gh\u00e1bor\u00fat\u00f3l kezd\u0151d\u0151en tudatosan, tervszer\u0171en t\u00f6nkretett\u00e9k. Sz\u00e9tvert\u00e9k a falu szellemi \u00e9s fizikai k\u00f6zep\u00e9t, lapostetej\u0171 \u00fagynevezett v\u00e1rosias jelleg\u0171 <\/span><span style=\"font-family: Times New Roman CE;\">ABC-kel, \u00e1ruh\u00e1zakkal, m\u0171vel\u0151d\u00e9si h\u00e1zakkal \u00e9s egy\u00e9b &#8222;fontos&#8221; k\u00f6zint\u00e9zm\u00e9nyekkel telep\u00edtett\u00e9k be, ezzel szinte minden\u00fctt siker\u00fclt megbontani a falu kor\u00e1bbi \u00e9l\u0151 strukt\u00far\u00e1j\u00e1t.<\/span><\/p>\n<p style=\"text-align: justify;\"><!--more--><br \/>\n<span style=\"font-family: Times New Roman CE;\">Most itt a lehet\u0151s\u00e9g, hogy begy\u00f3gy\u00edtsuk ezeket a sebeket, korrig\u00e1ljuk a hib\u00e1kat \u00e9s elind\u00edtsunk \u00fajra egy bels\u0151 t\u00f6rv\u00e9nyekkel m\u0171k\u00f6d\u0151 fejl\u0151d\u00e9st. Ezt most h\u00e1rom, \u00e1ltalunk l\u00e9nyegesnek tartott szempontb\u00f3l k\u00f6zel\u00edtem meg.<\/span><\/p>\n<p style=\"text-align: justify;\"><span style=\"font-family: Times New Roman CE;\">l. \u00c1ltal\u00e1nos \u00e9s r\u00e9szletes rendez\u00e9si tervek. Minden falu rendelkezik olyan tervekkel, melyek a fejl\u0151d\u00e9si ir\u00e1nyokat voltak hivatva kijel\u00f6lni. Ezeket a terveket most minden\u00fctt fel\u00fclvizsg\u00e1ltatj\u00e1k illetve \u00fajakat k\u00e9sz\u00edtetnek. Ehhez a legfontosabb tan\u00e1cs a k\u00f6vetkez\u0151: a terv k\u00e9sz\u00edt\u00e9s\u00e9ben akt\u00edvan vegyen r\u00e9szt a falu lakoss\u00e1ga \u00e9s nagyon akt\u00edvan a falu vezet\u00e9se. M\u00e9rje fel a falu a telekviszonyokat, a k\u00f6zm\u0171ell\u00e1totts\u00e1got, a k\u00f6zint\u00e9zm\u00e9nyek helyzet\u00e9t, a megv\u00e1ltozott kor \u00faj ig\u00e9nyeit \u00e9s mindezek birtok\u00e1ban egy olyan \u00e9p\u00edt\u00e9sszel k\u00e9sz\u00edttessen terveket, aki azt felel\u0151ss\u00e9ggel k\u00e9sz\u00edti el \u00e9s felel\u0151ss\u00e9ggel gondozza. Mert a legfontosabb az, hogy a falu az \u00e9p\u00edt\u00e9sszel k\u00f6z\u00f6sen folyamatosan gondozza, fejlessze, alak\u00edtsa ezt a tervet!<\/span><span style=\"font-family: Times New Roman CE;\">M\u00e9g egy gondolat a rendez\u00e9si tervek elk\u00e9sz\u00edt\u00e9s\u00e9hez. Mint m\u00e1r eml\u00edtettem a falu strukt\u00far\u00e1j\u00e1t, rendj\u00e9t siker\u00fclt teljesen sz\u00e9tverni, teh\u00e1t vissza kell ny\u00falnia az \u00e9p\u00edt\u00e9sznek 80- 100 \u00e9vet, \u00e9s abb\u00f3l az \u00e1llapotb\u00f3l egy , sosemvolt&#8221; fejl\u0151d\u00e9st modellezve kell eljutnia a m\u00e1hoz, illetve kell impulzusokat adnia a fejl\u0151d\u00e9shez. Mindezt az \u00f6sszetett feladatot v\u00e9lem\u00e9ny\u00fcnk szerint csak egy f\u0151\u00e9p\u00edt\u00e9sz tudja ell\u00e1tni, \u00e9s ez a m\u00e1sodik szempont.<\/span><\/p>\n<p style=\"text-align: justify;\"><span style=\"font-family: Times New Roman CE;\">2. Minden falunak sz\u00fcks\u00e9ge van egy f\u0151\u00e9p\u00edt\u00e9sz jelenl\u00e9t\u00e9re, aki felel\u0151ss\u00e9ggel \u00e9s joggal avatkozik bele a falu fejl\u0151d\u00e9s\u00e9be. Fontos az \u00e1lland\u00f3 jelenl\u00e9t, a rendszeres fogad\u00f3\u00f3ra, a felel\u0151s tan\u00e1csad\u00e1s. A f\u0151\u00e9p\u00edt\u00e9sz mutasson p\u00e9ld\u00e1t, hogy milyen csal\u00e1di h\u00e1zat kell tervezni, \u00e9p\u00edteni az adott faluban. Merjen \u00e9s legyen joga bele- sz\u00f3lni az \u00e9p\u00edtend\u0151 k\u00f6zint\u00e9zm\u00e9nyek sors\u00e1ba. Jelenl\u00e9t\u00e9vel \u00e9s emberi magatart\u00e1s\u00e1val is seg\u00edtse a falu \u00e9let\u00e9t.<\/span><\/p>\n<p style=\"text-align: justify;\"><span style=\"font-family: Times New Roman CE;\">3. A harmadik szempont, hogy a falu hozz\u00e1\u00e9rt\u0151k seg\u00edts\u00e9g\u00e9vel m\u00e9rje fel a saj\u00e1t k\u00f6zint\u00e9zm\u00e9nyeit, azok m\u0171k\u00f6d\u00e9s\u00e9t, \u00f6sszef\u00fcgg\u00e9seit az azokkal kapcsolatos l\u00e9tez\u0151 \u00e9s lehets\u00e9ges t\u00e1rsadalmi sz\u00fcks\u00e9gletekkel. Ugyanis v\u00e9lem\u00e9ny\u00fcnk szerint nem felt\u00e9tlen \u0171j \u00e9s \u00fajabb k\u00f6zint\u00e9zm\u00e9nyeket kell \u00e9p\u00edteni, hanem a megl\u00e9v\u0151ket kell jobban hasznos\u00edtani, fel\u00faj\u00edtani, \u00e1talak\u00edtani.<\/span><br \/>\n<span style=\"font-family: Times New Roman CE;\">Itt kell m\u00e9g megjegyezn\u00fcnk, hogy az \u00faj k\u00f6z\u00e9p\u00fcleteket a falusi l\u00e9pt\u00e9knek megfelel\u0151en, egyszer\u0171 hagyom\u00e1nyos \u00e9p\u00edt\u0151anyagokb\u00f3l kell \u00e9p\u00edteni.<\/span><\/p>\n<p><span style=\"font-family: Times New Roman CE;\">Ha a le\u00edrtak alapj\u00e1n valamely falu tenni akar, mi \u00e1llunk rendelkez\u00e9s\u00fckre.<\/span><\/p>\n<p><span style=\"font-family: Times New Roman CE;\">C\u00edm: MAKONA Kft, TRISKELL Kft.<\/span><br \/>\n<span style=\"font-family: Times New Roman CE;\">Budapest I. ker.<\/span><br \/>\n<span style=\"font-family: Times New Roman CE;\">Szil\u00e1gyi D. t\u00e9r 6. I. em.<\/span><\/p>\n","protected":false},"excerpt":{"rendered":"<p>A magyar falut a II. vil\u00e1gh\u00e1bor\u00fat\u00f3l kezd\u0151d\u0151en tudatosan, tervszer\u0171en t\u00f6nkretett\u00e9k. Sz\u00e9tvert\u00e9k a falu szellemi \u00e9s fizikai k\u00f6zep\u00e9t, lapostetej\u0171 \u00fagynevezett v\u00e1rosias jelleg\u0171 ABC-kel, \u00e1ruh\u00e1zakkal, m\u0171vel\u0151d\u00e9si h\u00e1zakkal \u00e9s egy\u00e9b &#8222;fontos&#8221; k\u00f6zint\u00e9zm\u00e9nyekkel telep\u00edtett\u00e9k be, ezzel szinte minden\u00fctt siker\u00fclt megbontani a falu kor\u00e1bbi \u00e9l\u0151 strukt\u00far\u00e1j\u00e1t.<\/p>\n","protected":false},"author":198,"featured_media":4117,"comment_status":"open","ping_status":"open","sticky":false,"template":"","format":"standard","meta":{"_acf_changed":false,"footnotes":""},"categories":[239,8,7],"tags":[],"coauthors":[241],"class_list":["post-1954","post","type-post","status-publish","format-standard","has-post-thumbnail","hentry","category-parola-1992-2","category-parola-folyoirat","category-repertorium"],"acf":[],"yoast_head":"<!-- This site is optimized with the Yoast SEO plugin v26.7 - https:\/\/yoast.com\/wordpress\/plugins\/seo\/ -->\n<title>Falufejleszt\u00e9s - rehabilit\u00e1ci\u00f3 az \u00e9p\u00edt\u00e9sz szem\u00e9vel - Parola Foly\u00f3irat<\/title>\n<meta name=\"robots\" content=\"index, follow, max-snippet:-1, max-image-preview:large, max-video-preview:-1\" \/>\n<link rel=\"canonical\" href=\"https:\/\/kofe.hu\/parola\/parola-folyoirat\/falufejlesztes-rehabilitacio-az-epitesz-szemevel\/\" \/>\n<meta property=\"og:locale\" content=\"hu_HU\" \/>\n<meta property=\"og:type\" content=\"article\" \/>\n<meta property=\"og:title\" content=\"Falufejleszt\u00e9s - rehabilit\u00e1ci\u00f3 az \u00e9p\u00edt\u00e9sz szem\u00e9vel - Parola Foly\u00f3irat\" \/>\n<meta property=\"og:description\" content=\"A magyar falut a II. vil\u00e1gh\u00e1bor\u00fat\u00f3l kezd\u0151d\u0151en tudatosan, tervszer\u0171en t\u00f6nkretett\u00e9k. Sz\u00e9tvert\u00e9k a falu szellemi \u00e9s fizikai k\u00f6zep\u00e9t, lapostetej\u0171 \u00fagynevezett v\u00e1rosias jelleg\u0171 ABC-kel, \u00e1ruh\u00e1zakkal, m\u0171vel\u0151d\u00e9si h\u00e1zakkal \u00e9s egy\u00e9b &#8222;fontos&#8221; k\u00f6zint\u00e9zm\u00e9nyekkel telep\u00edtett\u00e9k be, ezzel szinte minden\u00fctt siker\u00fclt megbontani a falu kor\u00e1bbi \u00e9l\u0151 strukt\u00far\u00e1j\u00e1t.\" \/>\n<meta property=\"og:url\" content=\"https:\/\/kofe.hu\/parola\/parola-folyoirat\/falufejlesztes-rehabilitacio-az-epitesz-szemevel\/\" \/>\n<meta property=\"og:site_name\" content=\"Parola Foly\u00f3irat\" \/>\n<meta property=\"article:published_time\" content=\"2020-06-24T13:14:45+00:00\" \/>\n<meta property=\"article:modified_time\" content=\"2020-07-30T11:16:00+00:00\" \/>\n<meta property=\"og:image\" content=\"https:\/\/kofe.hu\/parola\/wp-content\/uploads\/2020\/06\/92.2.jpeg\" \/>\n\t<meta property=\"og:image:width\" content=\"1493\" \/>\n\t<meta property=\"og:image:height\" content=\"2011\" \/>\n\t<meta property=\"og:image:type\" content=\"image\/jpeg\" \/>\n<meta name=\"author\" content=\"Sikl\u00f3si J\u00f3zsef\" \/>\n<meta name=\"twitter:card\" content=\"summary_large_image\" \/>\n<meta name=\"twitter:label1\" content=\"Szerz\u0151:\" \/>\n\t<meta name=\"twitter:data1\" content=\"Sikl\u00f3si J\u00f3zsef\" \/>\n\t<meta name=\"twitter:label2\" content=\"Becs\u00fclt olvas\u00e1si id\u0151\" \/>\n\t<meta name=\"twitter:data2\" content=\"3 perc\" \/>\n\t<meta name=\"twitter:label3\" content=\"Written by\" \/>\n\t<meta name=\"twitter:data3\" content=\"Sikl\u00f3si J\u00f3zsef\" \/>\n<script type=\"application\/ld+json\" class=\"yoast-schema-graph\">{\"@context\":\"https:\/\/schema.org\",\"@graph\":[{\"@type\":\"Article\",\"@id\":\"https:\/\/kofe.hu\/parola\/parola-folyoirat\/falufejlesztes-rehabilitacio-az-epitesz-szemevel\/#article\",\"isPartOf\":{\"@id\":\"https:\/\/kofe.hu\/parola\/parola-folyoirat\/falufejlesztes-rehabilitacio-az-epitesz-szemevel\/\"},\"author\":{\"name\":\"Sikl\u00f3si J\u00f3zsef\",\"@id\":\"https:\/\/kofe.hu\/parola\/#\/schema\/person\/af310df35a0462d34448aa7dd70bc443\"},\"headline\":\"Falufejleszt\u00e9s &#8211; rehabilit\u00e1ci\u00f3 az \u00e9p\u00edt\u00e9sz szem\u00e9vel\",\"datePublished\":\"2020-06-24T13:14:45+00:00\",\"dateModified\":\"2020-07-30T11:16:00+00:00\",\"mainEntityOfPage\":{\"@id\":\"https:\/\/kofe.hu\/parola\/parola-folyoirat\/falufejlesztes-rehabilitacio-az-epitesz-szemevel\/\"},\"wordCount\":605,\"commentCount\":0,\"image\":{\"@id\":\"https:\/\/kofe.hu\/parola\/parola-folyoirat\/falufejlesztes-rehabilitacio-az-epitesz-szemevel\/#primaryimage\"},\"thumbnailUrl\":\"https:\/\/kofe.hu\/parola\/wp-content\/uploads\/2020\/06\/92.2.jpeg\",\"articleSection\":[\"Parola 1992\/2\",\"Parola Foly\u00f3irat\",\"Repert\u00f3rium\"],\"inLanguage\":\"hu\",\"potentialAction\":[{\"@type\":\"CommentAction\",\"name\":\"Comment\",\"target\":[\"https:\/\/kofe.hu\/parola\/parola-folyoirat\/falufejlesztes-rehabilitacio-az-epitesz-szemevel\/#respond\"]}]},{\"@type\":\"WebPage\",\"@id\":\"https:\/\/kofe.hu\/parola\/parola-folyoirat\/falufejlesztes-rehabilitacio-az-epitesz-szemevel\/\",\"url\":\"https:\/\/kofe.hu\/parola\/parola-folyoirat\/falufejlesztes-rehabilitacio-az-epitesz-szemevel\/\",\"name\":\"Falufejleszt\u00e9s - rehabilit\u00e1ci\u00f3 az \u00e9p\u00edt\u00e9sz szem\u00e9vel - Parola Foly\u00f3irat\",\"isPartOf\":{\"@id\":\"https:\/\/kofe.hu\/parola\/#website\"},\"primaryImageOfPage\":{\"@id\":\"https:\/\/kofe.hu\/parola\/parola-folyoirat\/falufejlesztes-rehabilitacio-az-epitesz-szemevel\/#primaryimage\"},\"image\":{\"@id\":\"https:\/\/kofe.hu\/parola\/parola-folyoirat\/falufejlesztes-rehabilitacio-az-epitesz-szemevel\/#primaryimage\"},\"thumbnailUrl\":\"https:\/\/kofe.hu\/parola\/wp-content\/uploads\/2020\/06\/92.2.jpeg\",\"datePublished\":\"2020-06-24T13:14:45+00:00\",\"dateModified\":\"2020-07-30T11:16:00+00:00\",\"author\":{\"@id\":\"https:\/\/kofe.hu\/parola\/#\/schema\/person\/af310df35a0462d34448aa7dd70bc443\"},\"breadcrumb\":{\"@id\":\"https:\/\/kofe.hu\/parola\/parola-folyoirat\/falufejlesztes-rehabilitacio-az-epitesz-szemevel\/#breadcrumb\"},\"inLanguage\":\"hu\",\"potentialAction\":[{\"@type\":\"ReadAction\",\"target\":[\"https:\/\/kofe.hu\/parola\/parola-folyoirat\/falufejlesztes-rehabilitacio-az-epitesz-szemevel\/\"]}]},{\"@type\":\"ImageObject\",\"inLanguage\":\"hu\",\"@id\":\"https:\/\/kofe.hu\/parola\/parola-folyoirat\/falufejlesztes-rehabilitacio-az-epitesz-szemevel\/#primaryimage\",\"url\":\"https:\/\/kofe.hu\/parola\/wp-content\/uploads\/2020\/06\/92.2.jpeg\",\"contentUrl\":\"https:\/\/kofe.hu\/parola\/wp-content\/uploads\/2020\/06\/92.2.jpeg\",\"width\":1493,\"height\":2011},{\"@type\":\"BreadcrumbList\",\"@id\":\"https:\/\/kofe.hu\/parola\/parola-folyoirat\/falufejlesztes-rehabilitacio-az-epitesz-szemevel\/#breadcrumb\",\"itemListElement\":[{\"@type\":\"ListItem\",\"position\":1,\"name\":\"Home\",\"item\":\"https:\/\/kofe.hu\/parola\/\"},{\"@type\":\"ListItem\",\"position\":2,\"name\":\"Falufejleszt\u00e9s &#8211; rehabilit\u00e1ci\u00f3 az \u00e9p\u00edt\u00e9sz szem\u00e9vel\"}]},{\"@type\":\"WebSite\",\"@id\":\"https:\/\/kofe.hu\/parola\/#website\",\"url\":\"https:\/\/kofe.hu\/parola\/\",\"name\":\"Parola Foly\u00f3irat\",\"description\":\"\",\"potentialAction\":[{\"@type\":\"SearchAction\",\"target\":{\"@type\":\"EntryPoint\",\"urlTemplate\":\"https:\/\/kofe.hu\/parola\/?s={search_term_string}\"},\"query-input\":{\"@type\":\"PropertyValueSpecification\",\"valueRequired\":true,\"valueName\":\"search_term_string\"}}],\"inLanguage\":\"hu\"},{\"@type\":\"Person\",\"@id\":\"https:\/\/kofe.hu\/parola\/#\/schema\/person\/af310df35a0462d34448aa7dd70bc443\",\"name\":\"Sikl\u00f3si J\u00f3zsef\",\"image\":{\"@type\":\"ImageObject\",\"inLanguage\":\"hu\",\"@id\":\"https:\/\/kofe.hu\/parola\/#\/schema\/person\/image\/225b483c5e7d164e3d56a37216fe27bb\",\"url\":\"https:\/\/secure.gravatar.com\/avatar\/f917d2adcb9348f574ac829f52640c383f8abfce9b288cc02b077b0ef9cdeee3?s=96&d=mm&r=g\",\"contentUrl\":\"https:\/\/secure.gravatar.com\/avatar\/f917d2adcb9348f574ac829f52640c383f8abfce9b288cc02b077b0ef9cdeee3?s=96&d=mm&r=g\",\"caption\":\"Sikl\u00f3si J\u00f3zsef\"},\"url\":\"https:\/\/kofe.hu\/parola\/szerzok\/siklosi-jozsef\/\"}]}<\/script>\n<!-- \/ Yoast SEO plugin. -->","yoast_head_json":{"title":"Falufejleszt\u00e9s - rehabilit\u00e1ci\u00f3 az \u00e9p\u00edt\u00e9sz szem\u00e9vel - Parola Foly\u00f3irat","robots":{"index":"index","follow":"follow","max-snippet":"max-snippet:-1","max-image-preview":"max-image-preview:large","max-video-preview":"max-video-preview:-1"},"canonical":"https:\/\/kofe.hu\/parola\/parola-folyoirat\/falufejlesztes-rehabilitacio-az-epitesz-szemevel\/","og_locale":"hu_HU","og_type":"article","og_title":"Falufejleszt\u00e9s - rehabilit\u00e1ci\u00f3 az \u00e9p\u00edt\u00e9sz szem\u00e9vel - Parola Foly\u00f3irat","og_description":"A magyar falut a II. vil\u00e1gh\u00e1bor\u00fat\u00f3l kezd\u0151d\u0151en tudatosan, tervszer\u0171en t\u00f6nkretett\u00e9k. Sz\u00e9tvert\u00e9k a falu szellemi \u00e9s fizikai k\u00f6zep\u00e9t, lapostetej\u0171 \u00fagynevezett v\u00e1rosias jelleg\u0171 ABC-kel, \u00e1ruh\u00e1zakkal, m\u0171vel\u0151d\u00e9si h\u00e1zakkal \u00e9s egy\u00e9b &#8222;fontos&#8221; k\u00f6zint\u00e9zm\u00e9nyekkel telep\u00edtett\u00e9k be, ezzel szinte minden\u00fctt siker\u00fclt megbontani a falu kor\u00e1bbi \u00e9l\u0151 strukt\u00far\u00e1j\u00e1t.","og_url":"https:\/\/kofe.hu\/parola\/parola-folyoirat\/falufejlesztes-rehabilitacio-az-epitesz-szemevel\/","og_site_name":"Parola Foly\u00f3irat","article_published_time":"2020-06-24T13:14:45+00:00","article_modified_time":"2020-07-30T11:16:00+00:00","og_image":[{"width":1493,"height":2011,"url":"https:\/\/kofe.hu\/parola\/wp-content\/uploads\/2020\/06\/92.2.jpeg","type":"image\/jpeg"}],"author":"Sikl\u00f3si J\u00f3zsef","twitter_card":"summary_large_image","twitter_misc":{"Szerz\u0151:":"Sikl\u00f3si J\u00f3zsef","Becs\u00fclt olvas\u00e1si id\u0151":"3 perc","Written by":"Sikl\u00f3si J\u00f3zsef"},"schema":{"@context":"https:\/\/schema.org","@graph":[{"@type":"Article","@id":"https:\/\/kofe.hu\/parola\/parola-folyoirat\/falufejlesztes-rehabilitacio-az-epitesz-szemevel\/#article","isPartOf":{"@id":"https:\/\/kofe.hu\/parola\/parola-folyoirat\/falufejlesztes-rehabilitacio-az-epitesz-szemevel\/"},"author":{"name":"Sikl\u00f3si J\u00f3zsef","@id":"https:\/\/kofe.hu\/parola\/#\/schema\/person\/af310df35a0462d34448aa7dd70bc443"},"headline":"Falufejleszt\u00e9s &#8211; rehabilit\u00e1ci\u00f3 az \u00e9p\u00edt\u00e9sz szem\u00e9vel","datePublished":"2020-06-24T13:14:45+00:00","dateModified":"2020-07-30T11:16:00+00:00","mainEntityOfPage":{"@id":"https:\/\/kofe.hu\/parola\/parola-folyoirat\/falufejlesztes-rehabilitacio-az-epitesz-szemevel\/"},"wordCount":605,"commentCount":0,"image":{"@id":"https:\/\/kofe.hu\/parola\/parola-folyoirat\/falufejlesztes-rehabilitacio-az-epitesz-szemevel\/#primaryimage"},"thumbnailUrl":"https:\/\/kofe.hu\/parola\/wp-content\/uploads\/2020\/06\/92.2.jpeg","articleSection":["Parola 1992\/2","Parola Foly\u00f3irat","Repert\u00f3rium"],"inLanguage":"hu","potentialAction":[{"@type":"CommentAction","name":"Comment","target":["https:\/\/kofe.hu\/parola\/parola-folyoirat\/falufejlesztes-rehabilitacio-az-epitesz-szemevel\/#respond"]}]},{"@type":"WebPage","@id":"https:\/\/kofe.hu\/parola\/parola-folyoirat\/falufejlesztes-rehabilitacio-az-epitesz-szemevel\/","url":"https:\/\/kofe.hu\/parola\/parola-folyoirat\/falufejlesztes-rehabilitacio-az-epitesz-szemevel\/","name":"Falufejleszt\u00e9s - rehabilit\u00e1ci\u00f3 az \u00e9p\u00edt\u00e9sz szem\u00e9vel - Parola Foly\u00f3irat","isPartOf":{"@id":"https:\/\/kofe.hu\/parola\/#website"},"primaryImageOfPage":{"@id":"https:\/\/kofe.hu\/parola\/parola-folyoirat\/falufejlesztes-rehabilitacio-az-epitesz-szemevel\/#primaryimage"},"image":{"@id":"https:\/\/kofe.hu\/parola\/parola-folyoirat\/falufejlesztes-rehabilitacio-az-epitesz-szemevel\/#primaryimage"},"thumbnailUrl":"https:\/\/kofe.hu\/parola\/wp-content\/uploads\/2020\/06\/92.2.jpeg","datePublished":"2020-06-24T13:14:45+00:00","dateModified":"2020-07-30T11:16:00+00:00","author":{"@id":"https:\/\/kofe.hu\/parola\/#\/schema\/person\/af310df35a0462d34448aa7dd70bc443"},"breadcrumb":{"@id":"https:\/\/kofe.hu\/parola\/parola-folyoirat\/falufejlesztes-rehabilitacio-az-epitesz-szemevel\/#breadcrumb"},"inLanguage":"hu","potentialAction":[{"@type":"ReadAction","target":["https:\/\/kofe.hu\/parola\/parola-folyoirat\/falufejlesztes-rehabilitacio-az-epitesz-szemevel\/"]}]},{"@type":"ImageObject","inLanguage":"hu","@id":"https:\/\/kofe.hu\/parola\/parola-folyoirat\/falufejlesztes-rehabilitacio-az-epitesz-szemevel\/#primaryimage","url":"https:\/\/kofe.hu\/parola\/wp-content\/uploads\/2020\/06\/92.2.jpeg","contentUrl":"https:\/\/kofe.hu\/parola\/wp-content\/uploads\/2020\/06\/92.2.jpeg","width":1493,"height":2011},{"@type":"BreadcrumbList","@id":"https:\/\/kofe.hu\/parola\/parola-folyoirat\/falufejlesztes-rehabilitacio-az-epitesz-szemevel\/#breadcrumb","itemListElement":[{"@type":"ListItem","position":1,"name":"Home","item":"https:\/\/kofe.hu\/parola\/"},{"@type":"ListItem","position":2,"name":"Falufejleszt\u00e9s &#8211; rehabilit\u00e1ci\u00f3 az \u00e9p\u00edt\u00e9sz szem\u00e9vel"}]},{"@type":"WebSite","@id":"https:\/\/kofe.hu\/parola\/#website","url":"https:\/\/kofe.hu\/parola\/","name":"Parola Foly\u00f3irat","description":"","potentialAction":[{"@type":"SearchAction","target":{"@type":"EntryPoint","urlTemplate":"https:\/\/kofe.hu\/parola\/?s={search_term_string}"},"query-input":{"@type":"PropertyValueSpecification","valueRequired":true,"valueName":"search_term_string"}}],"inLanguage":"hu"},{"@type":"Person","@id":"https:\/\/kofe.hu\/parola\/#\/schema\/person\/af310df35a0462d34448aa7dd70bc443","name":"Sikl\u00f3si J\u00f3zsef","image":{"@type":"ImageObject","inLanguage":"hu","@id":"https:\/\/kofe.hu\/parola\/#\/schema\/person\/image\/225b483c5e7d164e3d56a37216fe27bb","url":"https:\/\/secure.gravatar.com\/avatar\/f917d2adcb9348f574ac829f52640c383f8abfce9b288cc02b077b0ef9cdeee3?s=96&d=mm&r=g","contentUrl":"https:\/\/secure.gravatar.com\/avatar\/f917d2adcb9348f574ac829f52640c383f8abfce9b288cc02b077b0ef9cdeee3?s=96&d=mm&r=g","caption":"Sikl\u00f3si J\u00f3zsef"},"url":"https:\/\/kofe.hu\/parola\/szerzok\/siklosi-jozsef\/"}]}},"_links":{"self":[{"href":"https:\/\/kofe.hu\/parola\/wp-json\/wp\/v2\/posts\/1954","targetHints":{"allow":["GET"]}}],"collection":[{"href":"https:\/\/kofe.hu\/parola\/wp-json\/wp\/v2\/posts"}],"about":[{"href":"https:\/\/kofe.hu\/parola\/wp-json\/wp\/v2\/types\/post"}],"author":[{"embeddable":true,"href":"https:\/\/kofe.hu\/parola\/wp-json\/wp\/v2\/users\/198"}],"replies":[{"embeddable":true,"href":"https:\/\/kofe.hu\/parola\/wp-json\/wp\/v2\/comments?post=1954"}],"version-history":[{"count":2,"href":"https:\/\/kofe.hu\/parola\/wp-json\/wp\/v2\/posts\/1954\/revisions"}],"predecessor-version":[{"id":4132,"href":"https:\/\/kofe.hu\/parola\/wp-json\/wp\/v2\/posts\/1954\/revisions\/4132"}],"wp:featuredmedia":[{"embeddable":true,"href":"https:\/\/kofe.hu\/parola\/wp-json\/wp\/v2\/media\/4117"}],"wp:attachment":[{"href":"https:\/\/kofe.hu\/parola\/wp-json\/wp\/v2\/media?parent=1954"}],"wp:term":[{"taxonomy":"category","embeddable":true,"href":"https:\/\/kofe.hu\/parola\/wp-json\/wp\/v2\/categories?post=1954"},{"taxonomy":"post_tag","embeddable":true,"href":"https:\/\/kofe.hu\/parola\/wp-json\/wp\/v2\/tags?post=1954"},{"taxonomy":"author","embeddable":true,"href":"https:\/\/kofe.hu\/parola\/wp-json\/wp\/v2\/coauthors?post=1954"}],"curies":[{"name":"wp","href":"https:\/\/api.w.org\/{rel}","templated":true}]}}