{"id":1944,"date":"2020-06-24T12:58:41","date_gmt":"2020-06-24T12:58:41","guid":{"rendered":"https:\/\/kofe.hu\/parola\/?p=1944"},"modified":"2020-07-30T10:14:20","modified_gmt":"2020-07-30T10:14:20","slug":"fejlesztesi-javaslatok-csabacsud-tarsadalmi-fejlodesenek-felgyorsitasara-1-resz","status":"publish","type":"post","link":"https:\/\/kofe.hu\/parola\/parola-folyoirat\/fejlesztesi-javaslatok-csabacsud-tarsadalmi-fejlodesenek-felgyorsitasara-1-resz\/","title":{"rendered":"Fejleszt\u00e9si javaslatok Csabacs\u00fcd t\u00e1rsadalmi fejl\u0151d\u00e9s\u00e9nek felgyors\u00edt\u00e1s\u00e1ra (1. r\u00e9sz)"},"content":{"rendered":"<p style=\"text-align: justify;\"><span style=\"font-family: Times New Roman CE;\">A k\u00f6z\u00f6ss\u00e9gfejleszt\u0151i k\u00e9pz\u00e9s egyik munkacsoportja Csabacs\u00fcd\u00f6n v\u00e9gez terepmunk\u00e1t. Az al\u00e1bbiakban a csoport k\u00f6z\u00f6ss\u00e9gfejleszt\u00e9si javaslatait k\u00f6z\u00f6lj\u00fck, k\u00e9t r\u00e9szre bontva a Parola mostani k\u00f6vetkez\u0151 sz\u00e1m\u00e1ban azzal a megjegyz\u00e9ssel, hogy a helyzetelemz\u00e9st a Lemez\u00fajs\u00e1g 1991. novemberi sz\u00e1ma, a teljes anyagot pedig a Kult\u00fara \u00e9s K\u00f6z\u00f6ss\u00e9g 1991\/6. sz\u00e1ma fogja k\u00f6z\u00f6lni.<\/span><br \/>\n<!--more--><br \/>\n<span style=\"font-family: Times New Roman CE;\">Javaslataink a helybeliek felismert sz\u00e1nd\u00e9kaira \u00e9s fel nem ismert sz\u00fcks\u00e9gleteire \u00e9p\u00fclnek. \u00dcgyelt\u00fcnk arra, hogy kiz\u00e1r\u00f3lag olyan tev\u00e9kenys\u00e9geket javasoljunk, amire helyben kedv, tud\u00e1s, akarat vagy sz\u00fcks\u00e9glet mutatkozik.<\/span><br \/>\n<span style=\"font-family: Times New Roman CE;\">A javaslatok sorrendje nem fontoss\u00e1gi sorrend, s hogy bel\u0151l\u00fck mi \u00e9s mennyi val\u00f3sul meg, s hogy \u00e9ppen ezek vagy m\u00e1sok, az a csabacs\u00fcdi polg\u00e1rokkal \u00e9s \u00f6nkorm\u00e1nyzattal val\u00f3 tov\u00e1bbi tiszt\u00e1z\u00f3 besz\u00e9lget\u00e9seken d\u0151l el. A k\u00f6z\u00f6ss\u00e9gfejleszt\u0151k csak akkor kezdem\u00e9nyeznek, ha a polg\u00e1rok ezt sz\u00fcks\u00e9gesnek l\u00e1tj\u00e1k \u00e9s ki is fejezik ebb\u00e9li akaratukat.<\/span><br \/>\n<span style=\"font-family: Times New Roman CE;\">Mindenesetre abban m\u00e1ris meger\u0151s\u00edtettek benn\u00fcnket a helybeliek, hogy sz\u00fcks\u00e9gesnek \u00e9s fontosnak tartj\u00e1k a m\u00e1r megkezdett nyilv\u00e1nos besz\u00e9lget\u00e9seket, mert \u00e9bren tartja gondolataikat \u00e9s seg\u00edt jobban megismerni egym\u00e1st. Term\u00e9szetesen sz\u00edvesen tesz\u00fcnk ennek eleget, de tov\u00e1bbi k\u00f6z\u00f6ss\u00e9gi l\u00e9p\u00e9slehet\u0151s\u00e9geket is l\u00e1tunk.<\/span><\/p>\n<p><span style=\"font-family: Times New Roman CE;\">I. LOKALIT\u00c1S, NYILV\u00c1NOSS\u00c1G, CIVIL<\/span><br \/>\n<span style=\"font-family: Times New Roman CE;\">T\u00c1RSADALOM<\/span><\/p>\n<p><span style=\"font-family: Times New Roman CE;\">Mindenekel\u0151tt abban kellene meg\u00e1llapodnunk, hogy mi(k) lehet(nek) az(ok) az \u00fcgy(ek), amely(ek) megh\u00f6kkenten\u00e9k \u00e9s kimozd\u00edtan\u00e1k a csabacs\u00fcdieket, s amely(ek) szem\u00fckben \u00e9rt\u00e9kk\u00e9 emeln\u00e9(k) Csabacs\u00fcd\u00f6t \u00e9s ittlak\u00e1suk puszta t\u00e9ny\u00e9t \u00e9s ami k\u00f6r\u00e9 sz\u00e9lesk\u00f6r\u0171 mozgalom lenne szervezhet\u0151?<\/span><\/p>\n<p><span style=\"font-family: Times New Roman CE;\">1. A lokalit\u00e1s<\/span><\/p>\n<p><span style=\"font-family: Times New Roman CE;\">tudat\u00e1nak kialak\u00edt\u00e1sa csak konkr\u00e9t tev\u00e9kenys\u00e9geken \u00e9s tud\u00e1sok megszerz\u00e9s\u00e9n kereszt\u00fcl \u00e9rhet\u0151 el. Nagy seg\u00edts\u00e9gre lehetnek ebben az oly j\u00f3l eml\u00e9kez\u0151 \u00e9s sz\u00ednes egy\u00e9nis\u00e9g\u0171 \u00f6regek, de a fiatalok is, akikben m\u00e1r megfogalmaz\u00f3dott a Falusz\u00e9p\u00edt\u0151 Egyes\u00fclet l\u00e9trehoz\u00e1s\u00e1nak ig\u00e9nye, s akik falutakar\u00edt\u00e1si akci\u00f3n t\u00f6rik a fej\u00fcket. \u00dagy \u00e9rezz\u00fck, hogy e tev\u00e9kenys\u00e9gek elindul\u00e1s\u00e1hoz b\u00e1tor\u00edt\u00e1s, szakmai seg\u00edts\u00e9g sz\u00fcks\u00e9ges.<\/span><br \/>\n<span style=\"font-family: Times New Roman CE;\">&#8211; A verb\u00e1lis eml\u00e9kek, a t\u00f6rt\u00e9netek, a dalok, a versek, anekdot\u00e1k a legk\u00fcl\u00f6nf\u00e9l\u00e9bb k\u00f6z\u00f6ss\u00e9gi m\u00f3don r\u00f6gz\u00edthet\u0151k &#8211; vide\u00f3, kiadv\u00e1ny, stb., hogy ne csak k\u00f6zvetlen m\u00f3don, hanem k\u00f6zvetetten, az elsz\u00e1rmazottaknak ill. az \u00fajabb gener\u00e1ci\u00f3knak az iskol\u00e1ban is bemutathat\u00f3ak legyenek.<\/span><br \/>\n<span style=\"font-family: Times New Roman CE;\">&#8211; Helyt\u00f6rt\u00e9neti gy\u0171jtem\u00e9ny ill. t\u00e1jh\u00e1z kialak\u00edt\u00e1sa is sz\u00f3baker\u00fclt, a magyar \u00e9s a t\u00f3t hagyom\u00e1nyok t\u00e1rgyi eml\u00e9kei sz\u00e1m\u00e1ra.<\/span><br \/>\n<span style=\"font-family: Times New Roman CE;\">&#8211; A Falusz\u00e9p\u00edt\u0151 Egyes\u00fclet az \u00e9rt\u00e9kek tudatos v\u00e9delm\u00e9re \u00e9s fejleszt\u00e9s\u00e9re ford\u00edtana gondot, mint azt k\u00e9s\u0151bb kifejtj\u00fck.<\/span><br \/>\n<span style=\"font-family: Times New Roman CE;\">&#8211; Alakulhatna egy kr\u00f3nik\u00e1s csoport azokb\u00f3l, akik fontosnak tartj\u00e1k a ,ma&#8221; t\u00f6rt\u00e9nelm\u00e9t meg\u00f6r\u00f6k\u00edteni \u00e9s l\u00e9trehozhatn\u00e1nak egy dokumentumt\u00e1rat is a k\u00f6nyvt\u00e1rban. Magn\u00f3, f\u00e9nyk\u00e9pez\u0151g\u00e9p, videofelvev\u0151, f\u00e9nym\u00e1sol\u00f3 \u00e9s sz\u00e1m\u00edt\u00f3g\u00e9p is seg\u00edthetn\u00e9 munk\u00e1jukat, melyeket folyamatosan, p\u00e1ly\u00e1zat \u00fatj\u00e1n szerezhetn\u00e9nek be.<\/span><br \/>\n<span style=\"font-family: Times New Roman CE;\">&#8211; \u00dan. ,t\u00e9li est\u00e9k&#8221;-en bemutatkozhatn\u00e1nak a nyilv\u00e1noss\u00e1g el\u0151tt a k\u00f6ztiszteletben \u00e1ll\u00f3 helyi \u00e9s k\u00f6rny\u00e9kbeliek, akikr\u0151l videofelv\u00e9teleket, portr\u00e9kat k\u00e9sz\u00edthetn\u00e9nek a kr\u00f3nik\u00e1sok az ut\u00e1nunk j\u00f6v\u0151k sz\u00e1m\u00e1ra.<\/span><br \/>\n<span style=\"font-family: Times New Roman CE;\">Imre K\u00e1roly &#8211; Kenyeres S\u00e1ndorn\u00e9 &#8211; Magyar Istv\u00e1nn\u00e9 &#8211; Poly\u00e1k Albert &#8211; Pocsajin\u00e9 F\u00e1bi\u00e1n Magdolna &#8211; Vercseg Ilona:<\/span><br \/>\n<span style=\"font-family: Times New Roman CE;\">&#8211; A Csabacs\u00fcdr\u0151l elsz\u00e1rmazottak felkutat\u00e1sa \u00e9s bar\u00e1ti k\u00f6rr\u00e9 szervez\u00e9se is fontos \u00e9rzelmi-gondolati \u00e9s kapcsolati h\u00e1tteret, nyit\u00e1st jelentene a telep\u00fcl\u00e9s lak\u00f3i sz\u00e1m\u00e1ra.<\/span><\/p>\n<p><span style=\"font-family: Times New Roman CE;\">Mindezek &#8211; \u00e9s m\u00e9g hasonl\u00f3 m\u00e1sok &#8211; \u00e9rtelmes \u00e9s \u00f6r\u00f6mteli foglalatoss\u00e1got adn\u00e1nak sokak sz\u00e1m\u00e1ra s az eff\u00e9le tev\u00e9kenys\u00e9geknek nagy k\u00f6z\u00f6ss\u00e9gszervez\u0151 erej\u00fck van.<\/span><br \/>\n<span style=\"font-family: Times New Roman CE;\">Nagyon fontos lenne, hogy a falu identit\u00e1sa helyre\u00e1lljon. Ennek eszk\u00f6ze a nyilv\u00e1noss\u00e1g, a m\u00falt \u00e9s a jelen folyamatainak megismer\u00e9se, hagyom\u00e1nyok \u0151rz\u00e9se \u00e9s teremt\u00e9se, a k\u00f6z\u00f6ss\u00e9gi tev\u00e9kenys\u00e9g.<\/span><\/p>\n<p><span style=\"font-family: Times New Roman CE;\">2. Nyilv\u00e1noss\u00e1g<\/span><\/p>\n<p><span style=\"font-family: Times New Roman CE;\">Csabacs\u00fcd\u00f6n csak szeletei vannak meg a helyi nyilv\u00e1noss\u00e1gnak, melyet tov\u00e1bb lehet \u00e9s kell \u00e9p\u00edteni.<\/span><br \/>\n<span style=\"font-family: Times New Roman CE;\">&#8211; Az \u00fajs\u00e1got a helyi nyilv\u00e1noss\u00e1g egyik f\u00f3rum\u00e1v\u00e1 kellene v\u00e1ltoztatni \u00f6nkorm\u00e1nyzati t\u00e1j\u00e9koztat\u00f3 helyett. Ez azt jelenti, hogy v\u00e1ljon lakoss\u00e1gi org\u00e1numm\u00e1. Lakoss\u00e1gi csoport szerkessze, s jelenjenek meg benne a lakoss\u00e1got \u00e9rint\u0151 legfontosabb probl\u00e9m\u00e1k, k\u00e9telyek, \u00faj megold\u00e1sok, v\u00e9lem\u00e9nyek helyi k\u00e9rd\u00e9sekben csak\u00fagy, mint a telep\u00fcl\u00e9sre vonatkoz\u00f3 h\u00edrek, \u00fajdons\u00e1gok, h\u00edrdet\u00e9sek, rekl\u00e1m stb. Az ehhez sz\u00fcks\u00e9ges szakmai h\u00e1tteret a csoport ig\u00e9nyei alapj\u00e1n a k\u00f6z\u00f6ss\u00e9gi munk\u00e1sok is v\u00e1llaln\u00e1k biztos\u00edtani, anyagi-technikai sz\u00fcks\u00e9gleteit pedig a p\u00e1ly\u00e1zati lehet\u0151s\u00e9gek, az \u00f6nkorm\u00e1nyzat lehet\u0151s\u00e9gei \u00e9s a lap bev\u00e9telei biztos\u00edtan\u00e1k.<\/span><br \/>\n<span style=\"font-family: Times New Roman CE;\">&#8211; Kellen\u00e9nek nyilv\u00e1nos f\u00f3rumok, esem\u00e9nyek, alkalmak, amikor egy \u00e9vben k\u00e9tszer-\u00f6tsz\u00f6r \u00f6sszej\u00f6n a faluk\u00f6z\u00f6ss\u00e9g \u00e9s megbesz\u00e9li k\u00f6z\u00f6s dolgait. Ne csak azt, hogy \u00e9p\u00fclj\u00f6n-e k\u00f6ves \u00fat, hanem saj\u00e1t egzisztenci\u00e1lis-gazdas\u00e1gi-kultur\u00e1lis dolgaik megbesz\u00e9l\u00e9se v\u00e9gett.<\/span><br \/>\n<span style=\"font-family: Times New Roman CE;\">&#8211; A falu vezet\u0151i lehet\u0151leg minden jelent\u0151sebb lakoss\u00e1gi megmozdul\u00e1son vegyenek r\u00e9szt. Nekik is fontos a kapcsolat, de tapasztalataink szerint az emberek is j\u00f3 n\u00e9ven, megbecs\u00fcl\u00e9snek veszik a vezet\u0151k jelenl\u00e9t\u00e9t, s\u0151t, ig\u00e9nylik is az odafigyel\u00e9st.<\/span><br \/>\n<span style=\"font-family: Times New Roman CE;\">&#8211; A nyilv\u00e1noss\u00e1g val\u00f3di f\u00f3rumai a k\u00f6z\u00f6ss\u00e9gek, amelyek a saj\u00e1t \u00e9rdekeiket k\u00e9pviselik. Lehet b\u00e1rmely, emberek \u00e9rdeksz\u00f6vets\u00e9g\u00e9re alapul\u00f3 k\u00f6z\u00f6ss\u00e9gre, egyletre, csapatra, sportegyes\u00fcletre, falusz\u00e9p\u00edt\u0151 egyes\u00fcletre, m\u0171v\u00e9szetp\u00e1rtol\u00f3 egyes\u00fcletre, v\u00e1llalkoz\u00e1s c\u00e9lj\u00e1ra l\u00e9trehozott egyes\u00fcletre gondolni, amikor helyi k\u00f6z\u00f6ss\u00e9gekr\u0151l besz\u00e9l\u00fcnk. Mi\u00e9rt fontosak a k\u00f6z\u00f6ss\u00e9gek? Mi t\u00f6rt\u00e9nik a k\u00f6z\u00f6ss\u00e9gekben?<\/span><br \/>\n<span style=\"font-family: Times New Roman CE;\">A k\u00f6z\u00f6ss\u00e9gekben az emberek eld\u00f6ntik, hogy mi sz\u00e1mukra a fontos, meg tudj\u00e1k egym\u00e1st gy\u0151zni \u00e9s k\u00f6z\u00f6s akaratot tudnak k\u00e9pezni. De a k\u00f6z\u00f6ss\u00e9gekben az emberek megh\u00e1nyj\u00e1k-vetik a vil\u00e1g dolgait is \u00e9s a maguk sz\u00e1m\u00e1ra \u00e9rtelmezik azokat az inform\u00e1ci\u00f3kat, amiket a r\u00e1di\u00f3, a tv, a helyi \u00f6nkorm\u00e1nyzat, az \u00fajs\u00e1gok stb. sz\u00e1mukra ter\u00edtenek. Mi\u00e9rt nem j\u00f6nnek be az emberek a nyilv\u00e1nos \u00fcl\u00e9sekre \u00e9s mi\u00e9rt nem olvass\u00e1k a jegyz\u0151k\u00f6nyveket? Mert nincs t\u00e1rsadalmi gyakorlatuk. Sz\u00e1mukra ezek az anyagok \u00e9rthetetlen nyelven \u00edr\u00f3dnak \u00e9s nekik nem mondanak semmit. Nem tudj\u00e1k megfogalmazni a v\u00e9lem\u00e9ny\u00fcket ezekkel a k\u00e9rd\u00e9sekkel kapcsolatban \u00e9s ha meg is van a v\u00e9lem\u00e9ny\u00fck, mivel nincs megfelel\u0151 t\u00e1rsadalmi-kommunik\u00e1ci\u00f3s gyakorlatuk, nem tudj\u00e1k j\u00f3l kifejezni &#8211; vagy csak f\u00e9lnek t\u0151le, hogy nem tudj\u00e1k j\u00f3l kifejezni -, ez\u00e9rt ink\u00e1bb hozz\u00e1 se kezdenek. Nem el\u00e9g teh\u00e1t megadni a lehet\u0151s\u00e9get, hogy az emberek elolvashass\u00e1k a r\u00e1juk vonatkoz\u00f3 anyagokat, hanem fejleszteni kell a belesz\u00f3l\u00e1shoz sz\u00fcks\u00e9ges k\u00e9szs\u00e9geiket is, melyek legink\u00e1bb a k\u00fcl\u00f6nf\u00e9le k\u00f6z\u00f6ss\u00e9gekben fejl\u0151dhetnek ki.<\/span><br \/>\n<span style=\"font-family: Times New Roman CE;\">A k\u00f6z\u00f6ss\u00e9gek alapvet\u0151 felt\u00e9tele az egym\u00e1s ir\u00e1nti bizalom \u00e9s ennek meg ism\u00e9t csak a nyilv\u00e1noss\u00e1g. Ez \u00e9rdeke azoknak, akik hatalmi poz\u00edci\u00f3ban vannak \u00e9s \u00e9rdeke a falu lakoss\u00e1g\u00e1nak is. En\u00e9lk\u00fcl pl. nem fogjuk fel pontosan a vesz\u00e9lyhelyzetet sem. Nem tudjuk pontosan pl. azt, hogy mennyire \u00e9rz\u00e9kelik Csabacs\u00fcd\u00f6n a jelenlegi \u00e1ltal\u00e1nos helyzetet, hogy vannak-e elk\u00e9pzel\u00e9seik a falu lehet\u0151s\u00e9geivel kapcsolatban, de tapasztalataink szerint sem a vesz\u00e9ly igazi felm\u00e9r\u00e9s\u00e9hez \u00e9s k\u00f6zels\u00e9g\u00e9hez, sem a vesz\u00e9lyt cs\u00f6kkent\u0151 cselekv\u00e9si alternat\u00edv\u00e1k kital\u00e1l\u00e1s\u00e1hoz nincs elengend\u0151 kultur\u00e1lis k\u00e9szenl\u00e9t\u00fck, ill. ha van is, egym\u00e1st\u00f3l izol\u00e1ltan nem b\u00edznak benne.<\/span><br \/>\n<span style=\"font-family: Times New Roman CE;\">Egy helyi t\u00e1rsadalom v\u00e1ls\u00e1g\u00e1t egyetlen, vagy n\u00e9h\u00e1ny m\u00e9goly \u00fcgyes, tehets\u00e9ges, j\u00f3sz\u00e1nd\u00e9k\u00fa ember sem tudja kezelni-megoldani. Er\u0151lk\u00f6dhetnek \u00e9s r\u00f6vid t\u00e1von \u00e9rhetnek el eredm\u00e9nyeket, hossz\u00fa t\u00e1von azonban nem. Nem arr\u00f3l van ma sz\u00f3 Magyarorsz\u00e1gon, hogy a v\u00e1lasztott test\u00fcleteknek kell fel\u00e9p\u00edteni\u00fck a polg\u00e1ri demokr\u00e1ci\u00e1t. A polg\u00e1ri demokr\u00e1ci\u00e1t a demokratikus m\u00f3don ki\u00e9p\u00fcl\u0151 int\u00e9zm\u00e9nyrendszer gazdag t\u00e1rsadalmi sz\u00f6vete, a helyi t\u00e1rsadalmak k\u00f6z\u00f6ss\u00e9gei \u00e9p\u00edtik ki.<\/span><br \/>\n<span style=\"font-family: Times New Roman CE;\">K\u00f6z\u00f6ss\u00e9gekkel kell teh\u00e1t beh\u00e1l\u00f3zni a csabacs\u00fcdi k\u00f6z\u00e9letet is, struktur\u00e1lni kell a helyi t\u00e1rsadalmat, ugyan\u00fagy, ahogyan az eg\u00e9sz magyar t\u00e1rsadalmat, hogy az emberek gondolkodjanak \u00e9s v\u00e9lem\u00e9nyt tudjanak mondani, cselekedni akarjanak \u00e9s tudjanak is cselekedni, hogy visszanyerj\u00e9k \u00f6nbizalmukat. (Nem v\u00e9letlen, hogy egy telep\u00fcl\u00e9sen sz\u00e1munkra mindig legink\u00e1bb az id\u0151sek tudj\u00e1k megfogalmazni a v\u00e9lem\u00e9ny\u00fcket, azok, akik m\u00e9g egy struktur\u00e1ltabb civil t\u00e1rsadalomban szocializ\u00e1l\u00f3dtak.) Az inform\u00e1ci\u00f3k oda-vissza ir\u00e1ny\u00fa mozg\u00e1sa, a d\u00f6nt\u00e9sekre val\u00f3 k\u00f6z\u00f6s felk\u00e9sz\u00fcl\u00e9s, a helyzet m\u00e9rlegel\u00e9se &#8211; de m\u00e9g a probl\u00e9m\u00e1k puszta kibesz\u00e9l\u00e9se is -, a mindennapi \u00e9let \u00e9s gazdas\u00e1gi tev\u00e9kenys\u00e9g, a lelki eg\u00e9szs\u00e9g folyamatos meg\u00faj\u00edt\u00e1s\u00e1ra is alkalmas \u00e9s az otthon biztons\u00e1gos h\u00e1tter\u00e9t, be\u00e1gyazotts\u00e1g\u00e1t jelenti r\u00e9sztvev\u0151i sz\u00e1m\u00e1ra.<\/span><\/p>\n<p><span style=\"font-family: Times New Roman CE;\">3. Civil t\u00e1rsadalom<\/span><\/p>\n<p><span style=\"font-family: Times New Roman CE;\">A helyi k\u00f6z\u00f6ss\u00e9gek a demokr\u00e1cia ,iskol\u00e1i&#8221;, de m\u0171k\u00f6d\u00e9s\u00fck nem csak ennyi. Alternat\u00edv\u00e1i is lehetnek a helyi hatalmaknak. J\u00f3l megfigyelhet\u0151 volt ez m\u00e1r az 1990-es v\u00e1laszt\u00e1sokon is. Ahol volt cselekv\u00e9si alternat\u00edva, az emberek azt v\u00e1lasztott\u00e1k, ahol nem, ott minden maradt a r\u00e9giben. S ha m\u00e9g mindez sem lenne el\u00e9g meggy\u0151z\u0151 a helyi k\u00f6z\u00f6ss\u00e9gek \u00e9p\u00edt\u00e9se \u00e9rdek\u00e9ben &#8211; vagy \u00e9ppen a helyi k\u00f6z\u00f6ss\u00e9gek hatalmat vesz\u00e9lyeztet\u0151 volta miatt nem lenne k\u00edv\u00e1natos ki\u00e9p\u00fcl\u00e9s\u00fcket szorgalmazni -, el kell mondanunk azt is, hogy a kor\u00e1bbi beidegz\u0151d\u00e9sekkel szemben az \u00f6nszervez\u0151d\u00e9s lehet\u0151s\u00e9ge nem sz\u00edvess\u00e9g a hatalom r\u00e9sz\u00e9r\u0151l, nem luxus \u00e9s nem is csak k\u00f6z\u00e9rzetjav\u00edt\u00f3 t\u00e9nyez\u0151, hanem gazdas\u00e1gi hajt\u00f3er\u0151 is. A helyi k\u00f6z\u00f6ss\u00e9gek hatalmas terheket vehetnek le az \u00f6nkorm\u00e1nyzatok \u00e9s az eg\u00e9sz korm\u00e1ny v\u00e1ll\u00e1r\u00f3l; gyorsan, rugalmasan oldanak meg olyan feladatokat, melyeket az \u00e1llam nem, vagy csak k\u00e9sve, vagy t\u00falzottan k\u00f6zvetetten tudna megoldani (gondoljunk csak az \u00f6nseg\u00edt\u0151 csoportokra, a szolidarit\u00e1son alapul\u00f3 egym\u00e1s seg\u00edt\u00e9s\u00e9re, pl. a nagycsal\u00e1dosok egyes\u00fcleteire, a k\u00f6rnyezetv\u00e9delmi csoportokra stb.). A helyi k\u00f6z\u00f6ss\u00e9gek nem csak v\u00e9lem\u00e9nyt mondhatnak, nem csak vissza\u00e1ramoltathatnak inform\u00e1ci\u00f3kat, hanem cselekednek, nemegyszer gazdas\u00e1gi aktivit\u00e1sban eg\u00e9sz\u00edtve ki egym\u00e1st, s ez megint csak gazdas\u00e1gi t\u00e9nyez\u0151. S v\u00e9g\u00fcl: a helyi k\u00f6z\u00f6ss\u00e9gek hasznos\u00edthatj\u00e1k mindazt a szellemi- \u00e9s lelki t\u0151k\u00e9t, hum\u00e1n er\u0151forr\u00e1st, amit a form\u00e1lis int\u00e9zm\u00e9nyek &#8211; egy c\u00e9lra ir\u00e1nyults\u00e1guk miatt -, k\u00e9ptelenek mozg\u00f3s\u00edtani, egyel\u0151re nem sz\u00e1mokban kifejezett, de azokban igenis kifejezhet\u0151 m\u00f3don, az \u00f6sszt\u00e1rsadalom gazdas\u00e1gi folyamataiban is jelent\u0151s gazdas\u00e1gi t\u00e9nyez\u0151k\u00e9nt.<\/span><br \/>\n<span style=\"font-family: Times New Roman CE;\">A k\u00f6z\u00f6ss\u00e9gek megsz\u00fclet\u00e9s\u00e9nek b\u00e1tor\u00edt\u00e1sa, \u00f6nir\u00e1ny\u00edt\u00f3-\u00f6nszervez\u0151 m\u0171k\u00f6d\u00e9s\u00fck folyamatt\u00e1 szervez\u00e9se persze az elb\u00e1tortalanodott \u00e9s gyakorlat n\u00e9lk\u00fcli magyar t\u00e1rsadalomban nem egyszer\u0171 feladat, de tapasztalataink szerint nem lehetetlen. Felk\u00e9r\u00e9s eset\u00e9n Csabacs\u00fcd\u00f6n is sz\u00edvesen hozz\u00e1kezden\u00e9nk k\u00f6z\u00f6ss\u00e9gek szervez\u00e9s\u00e9hez. M\u00e1ris l\u00e1that\u00f3 lehets\u00e9ges k\u00f6z\u00f6ss\u00e9gi cs\u00edr\u00e1k a lokalit\u00e1sn\u00e1l javasoltak, de \u00e9letre j\u00f6hetnek ilyenek a gazdas\u00e1gi illetve az ir\u00e1ny\u00edt\u00e1si ter\u00fcleten is.<\/span><\/p>\n<p><span style=\"font-family: Times New Roman CE;\">(folytatjuk)<\/span><\/p>\n<p><span style=\"font-family: Times New Roman CE;\">II. AZ EGZISZTENCI\u00c1VAL KAPCSOLATOS K\u00d6Z\u00d6SS\u00c9GI T\u00c1J\u00c9KOZ\u00d3D\u00c1S<\/span><\/p>\n<p><span style=\"font-family: Times New Roman CE;\">A f\u0151 k\u00e9rd\u00e9s a falu funkci\u00f3inak meghat\u00e1roz\u00e1sa. Alv\u00f3v\u00e1ros? Valaki \u00fagy fogalmazta: lak\u00f3telep. Kell-e \u00e9s lehet-e helybeli munk\u00e1t tal\u00e1lni, s ha igen, mit, s vajon az korszer\u0171, az emberek tud\u00e1s\u00e1t \u00e9s meg\u00e9lhet\u00e9s\u00e9t egyar\u00e1nt biztos\u00edt\u00f3 munka lesz-e?<\/span><br \/>\n<span style=\"font-family: Times New Roman CE;\">&#8211; Az egys\u00edk\u00fa, mez\u0151gazdas\u00e1gi tud\u00e1sok szinte v\u00e1ltozatlan reproduk\u00e1l\u00e1sa helyett a min\u0151s\u00e9gre, a magas munkaig\u00e9ny\u0171, r\u00e9skit\u00f6lt\u0151 termel\u00e9sre \u00e9s a feldolgoz\u00e1sra kellene t\u00f6rekedni. Keresni kellene azokat a munk\u00e1kat, amelyek fejlesztik a munkav\u00e9gz\u0151 k\u00e9pess\u00e9geit, tanul\u00e1sra, inform\u00e1l\u00f3d\u00e1sra k\u00e9sztetik. A mag\u00e1ntulajdonon (vagy b\u00e9rleten, hiszen a f\u00f6ld eset\u00e9ben az is tulajdonk\u00e9nt viselkedhetik) gazd\u00e1lkod\u00f3k \u00e9s v\u00e1llalkoz\u00f3k sz\u00e1m\u00e1ra maga a tulajdon megl\u00e9te, gondoz\u00e1sa \u00e9s a vele val\u00f3 \u00fczletel\u00e9s is \u00f6szt\u00f6n\u00f6zheti a t\u00e1j\u00e9koz\u00f3d\u00e1st, tanul\u00e1st, melyet a telep\u00fcl\u00e9sen b\u00e1tor\u00edtani \u00e9s szakmailag seg\u00edteni kellene. Melyek azok a munk\u00e1k, amelyekre m\u00e1ris lenne akarat:<\/span><br \/>\n<span style=\"font-family: Times New Roman CE;\">&#8211; a bulg\u00e1rkert\u00e9szet, melynek hagyom\u00e1nyait a helybeliek feleleven\u00edthet\u0151nek \u00e9rzik. A kert\u00e9szked\u00e9s \u00f6sszekapcsol\u00e1sa a term\u00e1lv\u00edz hasznos\u00edt\u00e1s\u00e1val nem a fejleszt\u0151k fej\u00e9ben megfogant gondolat. Ehhez mi annyit tehet\u00fcnk hozz\u00e1, amennyit a v\u00e1lt\u00e1shoz-felk\u00e9sz\u00fcl\u00e9shez a folyamatban r\u00e9szt venni akar\u00f3k ig\u00e9nyelnek. Mindennek azonban csak akkor van \u00e9rtelme, ha a kert\u00e9szek \u00e9rdeksz\u00f6vets\u00e9get hoznak l\u00e9tre \u00e9s term\u00e9keik \u00e9rt\u00e9kes\u00edt\u00e9s\u00e9r\u0151l maguk gondoskodnak, amely a k\u00f6rnyez\u0151 v\u00e1rosok sz\u00e1m\u00e1t n\u00e9zve nem t\u0171nik kedvez\u0151tlennek. Az ehhez sz\u00fcks\u00e9ges jogi ismereteket seg\u00edts\u00e9ggel \u00e9s t\u00e1j\u00e9koz\u00f3d\u00e1ssal k\u00f6nnyen beszerezhetik.<\/span><br \/>\n<span style=\"font-family: Times New Roman CE;\">&#8211; a gy\u00f3gyn\u00f6v\u00e9ny termeszt\u00e9s \u00e9s feldolgoz\u00e1s m\u00e9g az eddigi negat\u00edv tapasztalatok ellen\u00e9re is megfontoland\u00f3. Nem szabad ugyanis a gy\u00f3gyn\u00f6v\u00e9nyt eladni, hanem fel is kell dolgozni \u00e9s \u00e9rt\u00e9kes\u00edteni kell. Tudjuk, hogy nem k\u00f6nny\u0171 bet\u00f6rni az alakul\u00f3 piacra, de meg kell \u00e9rteni, hogy mindig \u00e9s minden piacra neh\u00e9z bejutni, s hogy ez azoknak siker\u00fcl legink\u00e1bb, akik \u00f6sszefognak \u00e9s k\u00f6z\u00f6sen l\u00e9pnek fel (vagy akkora vagyonnal rendelkeznek, hogy mindent maguk al\u00e1 gy\u0171rhetnek, de a magyar \u00e1llapotok az\u00e9rt m\u00e9g nem ilyenek).<\/span><br \/>\n<span style=\"font-family: Times New Roman CE;\">Az eg\u00e9szs\u00e9gv\u00e9delem fontoss\u00e1ga ir\u00e1nt most kezd \u00e9rz\u00e9kenny\u00e9 v\u00e1lni t\u00e1rsadalmunk \u00e9s nagy piaca van \u00e9s lesz a feldolgozott gy\u00f3gyn\u00f6v\u00e9nyeknek. Persze mindez t\u00e1j\u00e9koz\u00f3d\u00e1si-tanul\u00e1si folyamatot felt\u00e9telez, de ennek megszervez\u00e9se nem \u00f6rd\u00f6ng\u0151ss\u00e9g.<\/span><br \/>\n<span style=\"font-family: Times New Roman CE;\">&#8211; Hasonl\u00f3 a helyzet a bioterm\u00e9kekkel is. Tudjuk, hogy a fiatalok m\u00e1r foglalkoznak is eff\u00e9le k\u00e9rd\u00e9sekkel, javaslatunk, hogy tudatosan szervezz\u00e9k ezir\u00e1ny\u00fa t\u00e1j\u00e9koz\u00f3d\u00e1sukat, vegy\u00e9k fel a kapcsolatot az orsz\u00e1gos \u00e9s k\u00fclf\u00f6ldi szervezetekkel. A kapcsolatok szervez\u00e9s\u00e9ben sz\u00edvesen seg\u00edt\u00fcnk.<\/span><br \/>\n<span style=\"font-family: Times New Roman CE;\">&#8211; a v\u00e1llalkoz\u00e1s seg\u00edt\u00e9s\u00e9nek felismert sz\u00fcks\u00e9glet\u00e9r\u0151l m\u00e1r volt sz\u00f3. A gazdas\u00e1gi k\u00e9rd\u00e9sekben val\u00f3 t\u00e1j\u00e9koz\u00f3d\u00e1s akkor is fontos, ha nem c\u00e9lir\u00e1nyos. ,Az embereknek \u00e9bren kell tartani a gondolat\u00e1t, hogy el ne tespedjenek, \u00e9s akkor mihelyt alkalmat l\u00e1tnak valamire, belev\u00e1gnak&#8221; &#8211; mondta egy csabacs\u00fcdi polg\u00e1r. Val\u00f3ban, k\u00e9szenl\u00e9tet kell l\u00e9trehozni elemi szinten, de a konkr\u00e9t v\u00e1llalkoz\u00e1sokat is seg\u00edteni kell.<\/span><br \/>\n<span style=\"font-family: Times New Roman CE;\">&#8211; a v\u00e1llalkoz\u00f3i k\u00e9szenl\u00e9t fokoz\u00e1s\u00e1ra v\u00e1llalkoz\u00f3i k\u00f6rt javasolunk szervezni, ahol a minden v\u00e1llalkoz\u00e1st egyar\u00e1nt \u00e9rint\u0151 \u00e1ltal\u00e1nos k\u00e9rd\u00e9sekr\u0151l, egy\u00e1ltal\u00e1n, a v\u00e1llalkoz\u00f3v\u00e1 v\u00e1l\u00e1s probl\u00e9m\u00e1ir\u00f3l besz\u00e9lgetn\u00e9nk megh\u00edvott szakemberek (bankos, piackutat\u00f3, k\u00f6zgazd\u00e1sz, \u00e9rt\u00e9kes\u00edt\u00e9sben j\u00e1ratos szakemberek) seg\u00edt\u00e9g\u00e9vel, a tipikus kudarclehet\u0151s\u00e9gek \u00e9s sikeres v\u00e1llalkoz\u00e1sok bemutat\u00e1s\u00e1val. A v\u00e1llalkoz\u00f3i k\u00e9szs\u00e9g fejleszt\u00e9s\u00e9re tapasztalatszerz\u0151 kir\u00e1ndul\u00e1sokat, utaz\u00e1sokat is szervezhetn\u00e9nk. K\u00f6r\u00fcln\u00e9zhetn\u00e9nk helyben \u00e9s a k\u00f6rny\u00e9ken, megn\u00e9zhetn\u00e9nk ak\u00e1r a helyi pulykanevel\u0151 kft-t, ak\u00e1r a tsz-t, hogy a mendemond\u00e1k \u00e9s f\u00e9linform\u00e1ci\u00f3k hely\u00e9re a saj\u00e1t tapasztalatok l\u00e9pjenek; megl\u00e1togathatn\u00e1nk pl. az \u00f6rm\u00e9nyk\u00fati olasz sajt\u00fczemet, a mez\u0151t\u00fari m\u0171anyagfeldolgoz\u00f3t, k\u00f6rny\u00e9kbeli savany\u00edt\u00f3\u00fczemeket, amelyek Nyugatra is gy\u00e1rtanak; Orosh\u00e1z\u00e1n felkereshetn\u00e9nk a Kissz\u00f6vetkezetek Orsz\u00e1gos Sz\u00f6vets\u00e9g\u00e9nek eln\u00f6k\u00e9t; megn\u00e9zhetn\u00e9nk Szeged mellett Zsomb\u00f3t, a v\u00e1llalkoz\u00f3 falut, stb. Tapasztalatszerz\u00e9s \u00e9s kapcsolatszervez\u00e9s lenne e munka hozad\u00e9ka.<\/span><br \/>\n<span style=\"font-family: Times New Roman CE;\">&#8211; a m\u00e1r beindult v\u00e1llalkoz\u00e1sok k\u00f6r\u00e9 m\u00e1sutt m\u00e1r megval\u00f3sult ugyanolyan v\u00e1llalkoz\u00e1sok megismer\u00e9s\u00e9t, inform\u00e1lis kapcsolatok szervez\u00e9s\u00e9t aj\u00e1nljuk szerte az orsz\u00e1gban. A hasonl\u00f3 t\u00e9m\u00e1kban v\u00e1llalkoz\u00f3k egym\u00e1st\u00f3l bizonyos f\u00f6ldrajzi t\u00e1vols\u00e1gban tal\u00e1n m\u00e1r \u00f6nzetlenebb\u00fcl is seg\u00edtik egym\u00e1st, m\u00edg mi hangs\u00falyozottan a helyi emberek \u00f6sszefog\u00e1s\u00e1ra, \u00e9rdeksz\u00f6vets\u00e9geinek fontoss\u00e1g\u00e1ra h\u00edvjuk fel a figyelmet.<\/span><br \/>\n<span style=\"font-family: Times New Roman CE;\">&#8211; \u00faj \u00e9s konkr\u00e9t v\u00e1llalkoz\u00e1s tervez\u00e9sekor konzult\u00e1ci\u00f3t kellene folytatni az adott t\u00e9m\u00e1ban j\u00e1ratos szakemberekkel \u00e9s itt is meg lehetne keresni a j\u00f3l men\u0151 v\u00e1llalkoz\u00f3kat.<\/span><br \/>\n<span style=\"font-family: Times New Roman CE;\">&#8211; a m\u00e1r l\u00e9tez\u0151 v\u00e1llalkoz\u00e1sokhoz is fontos a kapcsolatszervez\u00e9s, az inform\u00e1ci\u00f3s munka, hogy a v\u00e1llalkoz\u00f3k sikerre tudj\u00e1k vinni \u00fcgy\u00fcket.<\/span><\/p>\n<p><span style=\"font-family: Times New Roman CE;\">Elk\u00e9pzelhet\u0151, hogy k\u00e9s\u0151bb a falu v\u00e1llalkoz\u00f3i maguk alkalmaznak olyan szakembert, aki a kapcsolatszervez\u00e9si munk\u00e1t v\u00e9gzi.A v\u00e1llalkoz\u00e1sra felk\u00e9sz\u00fcl\u00e9s b\u00e1zisa lehet ma a megl\u00e9v\u0151 v\u00e1llalkoz\u00f3k csoportja \u00e9s az ifj\u00fas\u00e1gi egyes\u00fclet, de ig\u00e9ny eset\u00e9n, a k\u00f6z\u00f6ss\u00e9gi munk\u00e1sok is v\u00e1llaln\u00e1k az ebb\u00e9li k\u00f6zrem\u0171k\u00f6d\u00e9st, a sz\u00fcks\u00e9ges anyagi fedezetet pedig a helybeliek megirand\u00f3 p\u00e1ly\u00e1zatain kereszt\u00fcl rem\u00e9lik el\u00e9rni.<\/span><br \/>\n<span style=\"font-family: Times New Roman CE;\">&#8211; a munkan\u00e9lk\u00fcliek \u00f6sszefog\u00e1s\u00e1t elengedhetetlennek tartjuk. Fontos, hogy \u00f6sszej\u00e1rjanak \u00e9s k\u00f6z\u00f6sen keress\u00e9k a k\u00f6z\u00f6s helyzet\u00fckb\u0151l fakad\u00f3 probl\u00e9m\u00e1k megold\u00e1s\u00e1t. Elk\u00e9pzelhet\u0151, hogy ennek eredm\u00e9nyek\u00e9nt az \u00e1tk\u00e9pz\u00e9st, a tanul\u00e1st v\u00e1lasztj\u00e1k \u00e9s akkor meg kellene p\u00e1ly\u00e1zniuk a megyei munka\u00fcgyi hivatal valamelyik szakismeretet ad\u00f3 k\u00e9pz\u0151-\u00e1tk\u00e9pz\u0151 tanfolyam\u00e1t vagy tanfolyamait.<\/span><\/p>\n<p><span style=\"font-family: Times New Roman CE;\">III. HELYI T\u00c1RSADALOMPOLTIKA<\/span><\/p>\n<p><span style=\"font-family: Times New Roman CE;\">1. Az \u00f6nkorm\u00e1nyzatnak egy menedzser-szerepk\u00f6r bet\u00f6lt\u00e9s\u00e9t javasoljuk. E szerepk\u00f6r egyr\u00e9szt az \u00e9rt\u00e9kek tudatos v\u00e9delm\u00e9n, m\u00e1sr\u00e9szt a fejl\u0151d\u00e9s el\u0151seg\u00edt\u00e9s\u00e9n alapul.<\/span><\/p>\n<p><span style=\"font-family: Times New Roman CE;\">a, az \u00e9rt\u00e9kek tudatos v\u00e9delme<\/span><br \/>\n<span style=\"font-family: Times New Roman CE;\">Els\u0151sorban az emberi er\u0151forr\u00e1sokra gondolunk. Az \u00f6nkorm\u00e1nyzatnak, mint a falu v\u00e1lasztott test\u00fclet\u00e9nek, tudnia kell, hogy a telep\u00fcl\u00e9s csak az itt \u00e9l\u0151k emberi er\u0151forr\u00e1sainak a felsz\u00ednre hoz\u00e1s\u00e1val \u00e9s hasznos\u00edt\u00e1s\u00e1val juthat el\u0151bbre. T\u00e1mogatnia kell &#8211; ahogy m\u00e1r eddig is tette &#8211; minden olyan helyi kezdem\u00e9nyez\u00e9st, mely vagy egy\u00e9ni el\u0151rejut\u00e1st, vagy a k\u00f6zj\u00f3ra ir\u00e1nyul\u00f3 t\u00f6rekv\u00e9st szolg\u00e1l. Politik\u00e1j\u00e1ban mindig a magasabb rend\u0171 megold\u00e1sok el\u00e9r\u00e9s\u00e9re kell t\u00f6rekednie a falu, az emberek fejl\u0151d\u00e9se \u00e9rdek\u00e9ben, pl. az alacsony tud\u00e1sszintet ig\u00e9nyl\u0151 munka helyett az egy\u00e9n fejl\u0151d\u00e9s\u00e9t is szolg\u00e1l\u00f3 munk\u00e1t kell el\u0151nyben r\u00e9szes\u00edtenie. Az lenne k\u00edv\u00e1natos, hogy a telep\u00fcl\u00e9sen min\u00e9l kevesebb s\u00e9rtett, s\u00e1ncai m\u00f6g\u00e9 visszah\u00faz\u00f3dott ember \u00e9ljen, aki ahelyett, hogy tehets\u00e9g\u00e9t-tud\u00e1s\u00e1t a maga haszn\u00e1ra \u00e9s a t\u00f6bbiek jav\u00e1ra is kamatoztatn\u00e1, elz\u00e1rk\u00f3zik az akt\u00edv cselekv\u00e9st\u0151l.<\/span><br \/>\n<span style=\"font-family: Times New Roman CE;\">V\u00e9lem\u00e9ny\u00fcnk szerint az \u00f6nkorm\u00e1nyzatnak t\u00f6rekednie kell arra, hogy telep\u00fcl\u00e9se nyitott legyen, hogy sok l\u00e1togat\u00f3t fogadjon \u00e9s a lakoss\u00e1gi csoportok is utazzanak, orsz\u00e1got-vil\u00e1got l\u00e1ssanak. \u00c9lnie kell, csak\u00fagy, mint eddig is tette, a kintr\u0151l j\u00f6v\u0151 seg\u00edts\u00e9ggel &#8211; p\u00e1ly\u00e1zatokkal, a megyein\u00e9l t\u00e1gabb szint\u0171 kapcsolatokkal. Mindent meg kell tennie az\u00e9rt, hogy a telep\u00fcl\u00e9st egy t\u00e1gabb v\u00e9rkering\u00e9sbe kapcsolja, ahonnan t\u00f6bb h\u00edr, inform\u00e1ci\u00f3 \u00e9rkezik \u00e9s amelyik t\u00f6bb lehet\u0151s\u00e9get tartalmaz a jelenlegin\u00e9l.<\/span><br \/>\n<span style=\"font-family: Times New Roman CE;\">Az \u00e9rt\u00e9kek v\u00e9delm\u00e9n\u00e9l a t\u00e1rgyi k\u00f6rnyezet meg\u00f3v\u00e1s\u00e1ra is gondolunk. Csabacs\u00fcd sz\u00e9ps\u00e9ge, szinte \u00e9rintetlen alf\u00f6ldis\u00e9ge tudatos v\u00e9delemre-meg\u0151rz\u00e9sre \u00e9s jelleg\u00e9nek megfelel\u0151 tov\u00e1bbfejleszt\u00e9sre \u00e9rdemes. B\u00e1rmely ter\u00fcletrendez\u00e9sn\u00e9l, \u00faj beruh\u00e1z\u00e1sn\u00e1l, \u00e9p\u00edt\u00e9si enged\u00e9ly kiad\u00e1s\u00e1n\u00e1l, teh\u00e1t b\u00e1rmely, az eszt\u00e9tikai k\u00f6rnyezetet befoly\u00e1sol\u00f3 d\u00f6nt\u00e9sn\u00e9l e szempontot is figyelemben kell tartani \u00e9s j\u00f3 szakemberek v\u00e9lem\u00e9ny\u00e9t kik\u00e9rni.<\/span><\/p>\n<p><span style=\"font-family: Times New Roman CE;\">b, a fejl\u0151d\u00e9st<\/span><br \/>\n<span style=\"font-family: Times New Roman CE;\">v\u00e9lem\u00e9ny\u00fcnk szerint az \u00f6nkorm\u00e1nyzat tudatos telep\u00fcl\u00e9spolitik\u00e1val seg\u00edtheti el\u0151. Arra gondolunk, hogy az \u00f6nkorm\u00e1nyzatnak &#8211; az eddigin\u00e9l mark\u00e1nsabban &#8211; meg kellene fogalmaznia azokat az \u00e9rt\u00e9keket, melyeket el\u0151nyben r\u00e9szes\u00edt: a telep\u00fcl\u00e9s funkci\u00f3ja, fejl\u0151d\u00e9s\u00e9nek k\u00edv\u00e1natos ir\u00e1nya \u00e9s m\u00f3dja f\u00fcggv\u00e9ny\u00e9ben. Ha teh\u00e1t pl. az \u00f6nkorm\u00e1nyzat \u00e9s a falu nyilv\u00e1noss\u00e1ga \u00fagy d\u00f6nt, hogy minden er\u0151vel a munkalehet\u0151s\u00e9geket n\u00f6veli, akkor javaslataink a k\u00f6vetkez\u0151k:<\/span><br \/>\n<span style=\"font-family: Times New Roman CE;\">&#8211; tanulm\u00e1nyozza az \u00f6nkorm\u00e1nyzat a helyben kivethet\u0151 ad\u00f3k jelent\u0151s m\u00e9rs\u00e9kl\u00e9s\u00e9nek vagy elenged\u00e9s\u00e9nek lehet\u0151s\u00e9geit, hogy ezzel is seg\u00edtse a k\u00edv\u00e1natos helyi ipar \u00e9s szolg\u00e1ltat\u00e1s fellend\u00fcl\u00e9s\u00e9t. A H\u00f3dmez\u0151v\u00e1s\u00e1rhely melletti Zsomb\u00f3n pl. \u00e9vek \u00f3ta \u00e9rtelmis\u00e9gieket- \u00e9s v\u00e1llalkoz\u00f3kat letelep\u00edt\u0151 politik\u00e1t folytat az \u00f6nkorm\u00e1nyzat er\u0151sen kedvezm\u00e9nyes \u00e1r\u00fa telkek elad\u00e1sa r\u00e9v\u00e9n; a Baranya megyei Koz\u00e1rmislenyen pedig az ipar\u0171z\u00e9si ad\u00f3 70 %-\u00e1t 3 \u00e9vre elengedi a helyi \u00f6nkorm\u00e1nyzat. Hasonl\u00f3 \u00f6nkorm\u00e1nyzati politik\u00e1t folytatnak Franciaorsz\u00e1g azon telep\u00fcl\u00e9sein, ahol a munkan\u00e9lk\u00fcliek sz\u00e1ma er\u0151teljesen n\u00f6vekszik.<\/span><br \/>\n<span style=\"font-family: Times New Roman CE;\">&#8211; Az \u00f6nkorm\u00e1nyzat felk\u00e9rhet szakembereket annak kider\u00edt\u00e9s\u00e9re, hogy mik azok a hi\u00e1nyok szolg\u00e1ltat\u00e1sban, kereskedelemben, v\u00e1llalkoz\u00e1sban, melyek a telep\u00fcl\u00e9sen \u00e9s k\u00f6rny\u00e9k\u00e9n jelentkeznek &#8211; mik azok az ell\u00e1t\u00e1si gondok, melyek m\u00e9rs\u00e9kl\u00e9s\u00e9re a lakoss\u00e1g rendszeresen utazik, milyen rendszeress\u00e9ggel \u00e9s milyen t\u00e1vols\u00e1gra. E felm\u00e9r\u00e9s megadn\u00e1 a tudatos fejleszt\u00e9s ir\u00e1ny\u00e1t \u00e9s seg\u00edtene annak felismer\u00e9s\u00e9ben, milyen szakembereket kellene letelep\u00edteni ill. kik\u00e9pezni ill. milyen v\u00e1llalkoz\u00e1sokat kellene helyben t\u00e1mogatni. \u00d6szt\u00f6nz\u00e9si rendszer\u00e9t ennek alapj\u00e1n kellene kidolgoznia.<\/span><br \/>\n<span style=\"font-family: Times New Roman CE;\">&#8211; az \u00f6nkorm\u00e1nyzatnak t\u00e1mogatnia kellene azokat a fejleszt\u00e9si javaslatokat, amelyek a v\u00e1llalkoz\u00f3i tudatoss\u00e1got n\u00f6velik tapasztalatcser\u00e9k \u00e9s a legk\u00fcl\u00f6nb\u00f6z\u0151bb tanul\u00e1si form\u00e1k keret\u00e9ben.<\/span><br \/>\n<span style=\"font-family: Times New Roman CE;\">&#8211; Az \u00f6nkorm\u00e1nyzatnak k\u00fcl\u00f6nleges gondot kellene ford\u00edtani a gyermek- \u00e9s fiatal koroszt\u00e1lyok felk\u00e9sz\u00edt\u00e9s\u00e9re, tan\u00edttat\u00e1s\u00e1ra. A nyelvtanul\u00e1s, a sz\u00e1m\u00edt\u00f3g\u00e9p kezel\u00e9s\u00e9nek megtanul\u00e1sa mellett cserekapcsolatokkal is sokat tehet a feln\u00f6veked\u0151k vil\u00e1gl\u00e1totts\u00e1ga, kiszolg\u00e1ltatotts\u00e1g\u00e1nak cs\u00f6kkent\u00e9se \u00e9s \u00edgy a falu fejleszt\u00e9se \u00e9rdek\u00e9ben is. Az \u00f6nkorm\u00e1nyzat testv\u00e9rv\u00e1rosi kapcsolatokat \u00e9p\u00edthetne ki. \u00dagy tudjuk, hogy a falunak van mikrobusza, ami a bel- \u00e9s k\u00fclf\u00f6ldi utaz\u00e1sokhoz n\u00e9lk\u00fcl\u00f6zhetetlen.<\/span><br \/>\n<span style=\"font-family: Times New Roman CE;\">&#8211; Meg kellene vizsg\u00e1lni annak lehet\u0151s\u00e9g\u00e9t, hogy a helyi oktat\u00e1sban &#8211; az \u00e1ltal\u00e1nos iskol\u00e1t\u00f3l a leend\u0151 helyi tanfolyamokig &#8211; milyen ismeretek tan\u00edt\u00e1s\u00e1t kellene rendszeress\u00e9 tenni. A helyben nem tanulhat\u00f3, de a telep\u00fcl\u00e9s eg\u00e9sze szempontj\u00e1b\u00f3l fontos szakm\u00e1k elsaj\u00e1t\u00edt\u00e1s\u00e1ra az \u00f6nkorm\u00e1nyzat kereshetn\u00e9 \u00f6szt\u00f6nd\u00edjak p\u00e1ly\u00e1z\u00e1s\u00e1nak ill. \u00f6nkorm\u00e1nyzati \u00f6szt\u00f6nd\u00edjak ad\u00e1s\u00e1nak lehet\u0151s\u00e9geit. Szerz\u0151d\u00e9seket k\u00f6thetne az \u00f6nkorm\u00e1nyzat a c\u00e9ljait szolg\u00e1l\u00f3 k\u00f6rny\u00e9kbeli szakoktat\u00e1shoz jut\u00e1s\u00e9rt is. C\u00e9lja el\u00e9r\u00e9se \u00e9rdek\u00e9ben az \u00f6nkorm\u00e1nyzat Csabacs\u00fcd\u00e9rt alap\u00edtv\u00e1nyt hozhatna l\u00e9tre, melynek gyarapod\u00e1sa \u00e9rdek\u00e9ben folyamatosan keresn\u00e9 t\u00e1mogat\u00f3 partnereit, ak\u00e1r az elsz\u00e1rmazott csabacs\u00fcdiek k\u00f6r\u00e9b\u0151l is.<\/span><br \/>\n<span style=\"font-family: Times New Roman CE;\">&#8211; A helyi v\u00e1llalkoz\u00f3kat rendszeres inform\u00e1ci\u00f3s \u00e9s tapasztalatszerz\u0151 tev\u00e9kenys\u00e9ggel kellene er\u0151sebb\u00e9 tenni \u00e9s saj\u00e1t \u00e9rdekv\u00e9delm\u00fck, szervez\u0151d\u00e9seik kialakul\u00e1s\u00e1t seg\u00edteni.<\/span><br \/>\n<span style=\"font-family: Times New Roman CE;\">&#8211; A m\u0171vel\u0151d\u00e9si h\u00e1z k\u00f6z\u00f6ss\u00e9gi h\u00e1z legyen, a helyi csoportok, egyes\u00fcletek, a tal\u00e1lkoz\u00e1sok, az \u00e1tk\u00e9pz\u00e9s, a tanfolyamok, a vend\u00e9gfogad\u00e1s stb. k\u00f6zpontja.<\/span><\/p>\n<p><span style=\"font-family: Times New Roman CE;\">Mindehhez a fejleszt\u0151k, \u00f6nkorm\u00e1nyzati megb\u00edz\u00e1s eset\u00e9n, sz\u00edvesen adj\u00e1k seg\u00edts\u00e9g\u00fcket, csak\u00fagy, mint<\/span><\/p>\n<p><span style=\"font-family: Times New Roman CE;\">2. A lakoss\u00e1g<\/span><br \/>\n<span style=\"font-family: Times New Roman CE;\">\u00e9rdek\u00e9rv\u00e9nyes\u00edt\u0151 tev\u00e9kenys\u00e9g\u00e9hez. Amit a v\u00e1llalkoz\u00e1sn\u00e1l m\u00e1r elmondtunk, az a k\u00e9rd\u00e9s egyik fele. A m\u00e1sik fele, hogy a valamilyen h\u00e1tr\u00e1nnyal k\u00fcszk\u00f6d\u0151 vagy azonos \u00e9lethelyzet\u0171 emberek (munkan\u00e9lk\u00fcliek, cukorbetegek, gyerek\u00fcket egyed\u00fcl nevel\u0151k, kismam\u00e1k, \u00f6zvegyek stb.) kezdjenek csoportos \u00f6nseg\u00edt\u0151 tev\u00e9kenys\u00e9gbe. Ehhez, megb\u00edz\u00e1s eset\u00e9n, a k\u00f6z\u00f6ss\u00e9gfejleszt\u0151k seg\u00edts\u00e9get adnak.<\/span><br \/>\n<span style=\"font-family: Times New Roman CE;\">A lakoss\u00e1gnak fokozatosan be kell l\u00e1tnia \u00e9s az \u00f6nkorm\u00e1nyzatnak ezt t\u00e1mogatnia kell, hogy t\u00e1j\u00e9koz\u00f3d\u00e1s \u00e9s tanul\u00e1s n\u00e9lk\u00fcl nincs fejl\u0151d\u00e9s. Magyarorsz\u00e1gon ma sokan, \u00e9s f\u0151leg a falusiak, a saj\u00e1t k\u00e9t kez\u00fckkel, \u00f6nmaguk v\u00e1ltozatlan b\u00e9rbead\u00e1s\u00e1val \u00e9s kihaszn\u00e1l\u00e1s\u00e1val akarnak kiz\u00e1r\u00f3lagosan boldogulni. Lesz olyan r\u00e9teg, melynek csak ez a lehet\u0151s\u00e9g jut, de akik \u00f6nmaguk urai akarnak lenni, azoknak ilyesf\u00e9le utat kell v\u00e9gigj\u00e1rniuk.<\/span><\/p>\n","protected":false},"excerpt":{"rendered":"<p>A k\u00f6z\u00f6ss\u00e9gfejleszt\u0151i k\u00e9pz\u00e9s egyik munkacsoportja Csabacs\u00fcd\u00f6n v\u00e9gez terepmunk\u00e1t. Az al\u00e1bbiakban a csoport k\u00f6z\u00f6ss\u00e9gfejleszt\u00e9si javaslatait k\u00f6z\u00f6lj\u00fck, k\u00e9t r\u00e9szre bontva a Parola mostani k\u00f6vetkez\u0151 sz\u00e1m\u00e1ban azzal a megjegyz\u00e9ssel, hogy a helyzetelemz\u00e9st a Lemez\u00fajs\u00e1g 1991. novemberi sz\u00e1ma, a teljes anyagot pedig a Kult\u00fara \u00e9s K\u00f6z\u00f6ss\u00e9g 1991\/6. sz\u00e1ma fogja k\u00f6z\u00f6lni.<\/p>\n","protected":false},"author":194,"featured_media":4079,"comment_status":"open","ping_status":"open","sticky":false,"template":"","format":"standard","meta":{"_acf_changed":false,"footnotes":""},"categories":[231,8,7],"tags":[],"coauthors":[236,234,237,204,21],"class_list":["post-1944","post","type-post","status-publish","format-standard","has-post-thumbnail","hentry","category-parola-1992-1","category-parola-folyoirat","category-repertorium"],"acf":[],"yoast_head":"<!-- This site is optimized with the Yoast SEO plugin v26.7 - https:\/\/yoast.com\/wordpress\/plugins\/seo\/ -->\n<title>Fejleszt\u00e9si javaslatok Csabacs\u00fcd t\u00e1rsadalmi fejl\u0151d\u00e9s\u00e9nek felgyors\u00edt\u00e1s\u00e1ra (1. r\u00e9sz) - Parola Foly\u00f3irat<\/title>\n<meta name=\"robots\" content=\"index, follow, max-snippet:-1, max-image-preview:large, max-video-preview:-1\" \/>\n<link rel=\"canonical\" href=\"https:\/\/kofe.hu\/parola\/parola-folyoirat\/fejlesztesi-javaslatok-csabacsud-tarsadalmi-fejlodesenek-felgyorsitasara-1-resz\/\" \/>\n<meta property=\"og:locale\" content=\"hu_HU\" \/>\n<meta property=\"og:type\" content=\"article\" \/>\n<meta property=\"og:title\" content=\"Fejleszt\u00e9si javaslatok Csabacs\u00fcd t\u00e1rsadalmi fejl\u0151d\u00e9s\u00e9nek felgyors\u00edt\u00e1s\u00e1ra (1. r\u00e9sz) - Parola Foly\u00f3irat\" \/>\n<meta property=\"og:description\" content=\"A k\u00f6z\u00f6ss\u00e9gfejleszt\u0151i k\u00e9pz\u00e9s egyik munkacsoportja Csabacs\u00fcd\u00f6n v\u00e9gez terepmunk\u00e1t. Az al\u00e1bbiakban a csoport k\u00f6z\u00f6ss\u00e9gfejleszt\u00e9si javaslatait k\u00f6z\u00f6lj\u00fck, k\u00e9t r\u00e9szre bontva a Parola mostani k\u00f6vetkez\u0151 sz\u00e1m\u00e1ban azzal a megjegyz\u00e9ssel, hogy a helyzetelemz\u00e9st a Lemez\u00fajs\u00e1g 1991. novemberi sz\u00e1ma, a teljes anyagot pedig a Kult\u00fara \u00e9s K\u00f6z\u00f6ss\u00e9g 1991\/6. sz\u00e1ma fogja k\u00f6z\u00f6lni.\" \/>\n<meta property=\"og:url\" content=\"https:\/\/kofe.hu\/parola\/parola-folyoirat\/fejlesztesi-javaslatok-csabacsud-tarsadalmi-fejlodesenek-felgyorsitasara-1-resz\/\" \/>\n<meta property=\"og:site_name\" content=\"Parola Foly\u00f3irat\" \/>\n<meta property=\"article:published_time\" content=\"2020-06-24T12:58:41+00:00\" \/>\n<meta property=\"article:modified_time\" content=\"2020-07-30T10:14:20+00:00\" \/>\n<meta property=\"og:image\" content=\"https:\/\/kofe.hu\/parola\/wp-content\/uploads\/2020\/06\/92.1.jpeg\" \/>\n\t<meta property=\"og:image:width\" content=\"1394\" \/>\n\t<meta property=\"og:image:height\" content=\"1965\" \/>\n\t<meta property=\"og:image:type\" content=\"image\/jpeg\" \/>\n<meta name=\"author\" content=\"Imre K\u00e1roly, Kenyeres S\u00e1ndorn\u00e9, Magyar Istv\u00e1nn\u00e9, Pocsajin\u00e9 F\u00e1bi\u00e1n Magdolna, Vercseg Ilona\" \/>\n<meta name=\"twitter:card\" content=\"summary_large_image\" \/>\n<meta name=\"twitter:label1\" content=\"Szerz\u0151:\" \/>\n\t<meta name=\"twitter:data1\" content=\"Imre K\u00e1roly\" \/>\n\t<meta name=\"twitter:label2\" content=\"Becs\u00fclt olvas\u00e1si id\u0151\" \/>\n\t<meta name=\"twitter:data2\" content=\"23 perc\" \/>\n\t<meta name=\"twitter:label3\" content=\"Written by\" \/>\n\t<meta name=\"twitter:data3\" content=\"Imre K\u00e1roly, Kenyeres S\u00e1ndorn\u00e9, Magyar Istv\u00e1nn\u00e9, Pocsajin\u00e9 F\u00e1bi\u00e1n Magdolna, Vercseg Ilona\" \/>\n<script type=\"application\/ld+json\" class=\"yoast-schema-graph\">{\"@context\":\"https:\/\/schema.org\",\"@graph\":[{\"@type\":\"Article\",\"@id\":\"https:\/\/kofe.hu\/parola\/parola-folyoirat\/fejlesztesi-javaslatok-csabacsud-tarsadalmi-fejlodesenek-felgyorsitasara-1-resz\/#article\",\"isPartOf\":{\"@id\":\"https:\/\/kofe.hu\/parola\/parola-folyoirat\/fejlesztesi-javaslatok-csabacsud-tarsadalmi-fejlodesenek-felgyorsitasara-1-resz\/\"},\"author\":{\"name\":\"Imre K\u00e1roly\",\"@id\":\"https:\/\/kofe.hu\/parola\/#\/schema\/person\/865457445925eb688eef8a94755482d7\"},\"headline\":\"Fejleszt\u00e9si javaslatok Csabacs\u00fcd t\u00e1rsadalmi fejl\u0151d\u00e9s\u00e9nek felgyors\u00edt\u00e1s\u00e1ra (1. r\u00e9sz)\",\"datePublished\":\"2020-06-24T12:58:41+00:00\",\"dateModified\":\"2020-07-30T10:14:20+00:00\",\"mainEntityOfPage\":{\"@id\":\"https:\/\/kofe.hu\/parola\/parola-folyoirat\/fejlesztesi-javaslatok-csabacsud-tarsadalmi-fejlodesenek-felgyorsitasara-1-resz\/\"},\"wordCount\":4679,\"commentCount\":0,\"image\":{\"@id\":\"https:\/\/kofe.hu\/parola\/parola-folyoirat\/fejlesztesi-javaslatok-csabacsud-tarsadalmi-fejlodesenek-felgyorsitasara-1-resz\/#primaryimage\"},\"thumbnailUrl\":\"https:\/\/kofe.hu\/parola\/wp-content\/uploads\/2020\/06\/92.1.jpeg\",\"articleSection\":[\"Parola 1992\/1\",\"Parola Foly\u00f3irat\",\"Repert\u00f3rium\"],\"inLanguage\":\"hu\",\"potentialAction\":[{\"@type\":\"CommentAction\",\"name\":\"Comment\",\"target\":[\"https:\/\/kofe.hu\/parola\/parola-folyoirat\/fejlesztesi-javaslatok-csabacsud-tarsadalmi-fejlodesenek-felgyorsitasara-1-resz\/#respond\"]}]},{\"@type\":\"WebPage\",\"@id\":\"https:\/\/kofe.hu\/parola\/parola-folyoirat\/fejlesztesi-javaslatok-csabacsud-tarsadalmi-fejlodesenek-felgyorsitasara-1-resz\/\",\"url\":\"https:\/\/kofe.hu\/parola\/parola-folyoirat\/fejlesztesi-javaslatok-csabacsud-tarsadalmi-fejlodesenek-felgyorsitasara-1-resz\/\",\"name\":\"Fejleszt\u00e9si javaslatok Csabacs\u00fcd t\u00e1rsadalmi fejl\u0151d\u00e9s\u00e9nek felgyors\u00edt\u00e1s\u00e1ra (1. r\u00e9sz) - Parola Foly\u00f3irat\",\"isPartOf\":{\"@id\":\"https:\/\/kofe.hu\/parola\/#website\"},\"primaryImageOfPage\":{\"@id\":\"https:\/\/kofe.hu\/parola\/parola-folyoirat\/fejlesztesi-javaslatok-csabacsud-tarsadalmi-fejlodesenek-felgyorsitasara-1-resz\/#primaryimage\"},\"image\":{\"@id\":\"https:\/\/kofe.hu\/parola\/parola-folyoirat\/fejlesztesi-javaslatok-csabacsud-tarsadalmi-fejlodesenek-felgyorsitasara-1-resz\/#primaryimage\"},\"thumbnailUrl\":\"https:\/\/kofe.hu\/parola\/wp-content\/uploads\/2020\/06\/92.1.jpeg\",\"datePublished\":\"2020-06-24T12:58:41+00:00\",\"dateModified\":\"2020-07-30T10:14:20+00:00\",\"author\":{\"@id\":\"https:\/\/kofe.hu\/parola\/#\/schema\/person\/865457445925eb688eef8a94755482d7\"},\"breadcrumb\":{\"@id\":\"https:\/\/kofe.hu\/parola\/parola-folyoirat\/fejlesztesi-javaslatok-csabacsud-tarsadalmi-fejlodesenek-felgyorsitasara-1-resz\/#breadcrumb\"},\"inLanguage\":\"hu\",\"potentialAction\":[{\"@type\":\"ReadAction\",\"target\":[\"https:\/\/kofe.hu\/parola\/parola-folyoirat\/fejlesztesi-javaslatok-csabacsud-tarsadalmi-fejlodesenek-felgyorsitasara-1-resz\/\"]}]},{\"@type\":\"ImageObject\",\"inLanguage\":\"hu\",\"@id\":\"https:\/\/kofe.hu\/parola\/parola-folyoirat\/fejlesztesi-javaslatok-csabacsud-tarsadalmi-fejlodesenek-felgyorsitasara-1-resz\/#primaryimage\",\"url\":\"https:\/\/kofe.hu\/parola\/wp-content\/uploads\/2020\/06\/92.1.jpeg\",\"contentUrl\":\"https:\/\/kofe.hu\/parola\/wp-content\/uploads\/2020\/06\/92.1.jpeg\",\"width\":1394,\"height\":1965},{\"@type\":\"BreadcrumbList\",\"@id\":\"https:\/\/kofe.hu\/parola\/parola-folyoirat\/fejlesztesi-javaslatok-csabacsud-tarsadalmi-fejlodesenek-felgyorsitasara-1-resz\/#breadcrumb\",\"itemListElement\":[{\"@type\":\"ListItem\",\"position\":1,\"name\":\"Home\",\"item\":\"https:\/\/kofe.hu\/parola\/\"},{\"@type\":\"ListItem\",\"position\":2,\"name\":\"Fejleszt\u00e9si javaslatok Csabacs\u00fcd t\u00e1rsadalmi fejl\u0151d\u00e9s\u00e9nek felgyors\u00edt\u00e1s\u00e1ra (1. r\u00e9sz)\"}]},{\"@type\":\"WebSite\",\"@id\":\"https:\/\/kofe.hu\/parola\/#website\",\"url\":\"https:\/\/kofe.hu\/parola\/\",\"name\":\"Parola Foly\u00f3irat\",\"description\":\"\",\"potentialAction\":[{\"@type\":\"SearchAction\",\"target\":{\"@type\":\"EntryPoint\",\"urlTemplate\":\"https:\/\/kofe.hu\/parola\/?s={search_term_string}\"},\"query-input\":{\"@type\":\"PropertyValueSpecification\",\"valueRequired\":true,\"valueName\":\"search_term_string\"}}],\"inLanguage\":\"hu\"},{\"@type\":\"Person\",\"@id\":\"https:\/\/kofe.hu\/parola\/#\/schema\/person\/865457445925eb688eef8a94755482d7\",\"name\":\"Imre K\u00e1roly\",\"image\":{\"@type\":\"ImageObject\",\"inLanguage\":\"hu\",\"@id\":\"https:\/\/kofe.hu\/parola\/#\/schema\/person\/image\/5a4847894df904bef3e1e46e461488fd\",\"url\":\"https:\/\/secure.gravatar.com\/avatar\/659ca68517fc7e51db04a4307d57162c7ba255e94f1a15c97634906220d69397?s=96&d=mm&r=g\",\"contentUrl\":\"https:\/\/secure.gravatar.com\/avatar\/659ca68517fc7e51db04a4307d57162c7ba255e94f1a15c97634906220d69397?s=96&d=mm&r=g\",\"caption\":\"Imre K\u00e1roly\"},\"url\":\"https:\/\/kofe.hu\/parola\/szerzok\/imre-karoly\/\"}]}<\/script>\n<!-- \/ Yoast SEO plugin. -->","yoast_head_json":{"title":"Fejleszt\u00e9si javaslatok Csabacs\u00fcd t\u00e1rsadalmi fejl\u0151d\u00e9s\u00e9nek felgyors\u00edt\u00e1s\u00e1ra (1. r\u00e9sz) - Parola Foly\u00f3irat","robots":{"index":"index","follow":"follow","max-snippet":"max-snippet:-1","max-image-preview":"max-image-preview:large","max-video-preview":"max-video-preview:-1"},"canonical":"https:\/\/kofe.hu\/parola\/parola-folyoirat\/fejlesztesi-javaslatok-csabacsud-tarsadalmi-fejlodesenek-felgyorsitasara-1-resz\/","og_locale":"hu_HU","og_type":"article","og_title":"Fejleszt\u00e9si javaslatok Csabacs\u00fcd t\u00e1rsadalmi fejl\u0151d\u00e9s\u00e9nek felgyors\u00edt\u00e1s\u00e1ra (1. r\u00e9sz) - Parola Foly\u00f3irat","og_description":"A k\u00f6z\u00f6ss\u00e9gfejleszt\u0151i k\u00e9pz\u00e9s egyik munkacsoportja Csabacs\u00fcd\u00f6n v\u00e9gez terepmunk\u00e1t. Az al\u00e1bbiakban a csoport k\u00f6z\u00f6ss\u00e9gfejleszt\u00e9si javaslatait k\u00f6z\u00f6lj\u00fck, k\u00e9t r\u00e9szre bontva a Parola mostani k\u00f6vetkez\u0151 sz\u00e1m\u00e1ban azzal a megjegyz\u00e9ssel, hogy a helyzetelemz\u00e9st a Lemez\u00fajs\u00e1g 1991. novemberi sz\u00e1ma, a teljes anyagot pedig a Kult\u00fara \u00e9s K\u00f6z\u00f6ss\u00e9g 1991\/6. sz\u00e1ma fogja k\u00f6z\u00f6lni.","og_url":"https:\/\/kofe.hu\/parola\/parola-folyoirat\/fejlesztesi-javaslatok-csabacsud-tarsadalmi-fejlodesenek-felgyorsitasara-1-resz\/","og_site_name":"Parola Foly\u00f3irat","article_published_time":"2020-06-24T12:58:41+00:00","article_modified_time":"2020-07-30T10:14:20+00:00","og_image":[{"width":1394,"height":1965,"url":"https:\/\/kofe.hu\/parola\/wp-content\/uploads\/2020\/06\/92.1.jpeg","type":"image\/jpeg"}],"author":"Imre K\u00e1roly, Kenyeres S\u00e1ndorn\u00e9, Magyar Istv\u00e1nn\u00e9, Pocsajin\u00e9 F\u00e1bi\u00e1n Magdolna, Vercseg Ilona","twitter_card":"summary_large_image","twitter_misc":{"Szerz\u0151:":"Imre K\u00e1roly","Becs\u00fclt olvas\u00e1si id\u0151":"23 perc","Written by":"Imre K\u00e1roly, Kenyeres S\u00e1ndorn\u00e9, Magyar Istv\u00e1nn\u00e9, Pocsajin\u00e9 F\u00e1bi\u00e1n Magdolna, Vercseg Ilona"},"schema":{"@context":"https:\/\/schema.org","@graph":[{"@type":"Article","@id":"https:\/\/kofe.hu\/parola\/parola-folyoirat\/fejlesztesi-javaslatok-csabacsud-tarsadalmi-fejlodesenek-felgyorsitasara-1-resz\/#article","isPartOf":{"@id":"https:\/\/kofe.hu\/parola\/parola-folyoirat\/fejlesztesi-javaslatok-csabacsud-tarsadalmi-fejlodesenek-felgyorsitasara-1-resz\/"},"author":{"name":"Imre K\u00e1roly","@id":"https:\/\/kofe.hu\/parola\/#\/schema\/person\/865457445925eb688eef8a94755482d7"},"headline":"Fejleszt\u00e9si javaslatok Csabacs\u00fcd t\u00e1rsadalmi fejl\u0151d\u00e9s\u00e9nek felgyors\u00edt\u00e1s\u00e1ra (1. r\u00e9sz)","datePublished":"2020-06-24T12:58:41+00:00","dateModified":"2020-07-30T10:14:20+00:00","mainEntityOfPage":{"@id":"https:\/\/kofe.hu\/parola\/parola-folyoirat\/fejlesztesi-javaslatok-csabacsud-tarsadalmi-fejlodesenek-felgyorsitasara-1-resz\/"},"wordCount":4679,"commentCount":0,"image":{"@id":"https:\/\/kofe.hu\/parola\/parola-folyoirat\/fejlesztesi-javaslatok-csabacsud-tarsadalmi-fejlodesenek-felgyorsitasara-1-resz\/#primaryimage"},"thumbnailUrl":"https:\/\/kofe.hu\/parola\/wp-content\/uploads\/2020\/06\/92.1.jpeg","articleSection":["Parola 1992\/1","Parola Foly\u00f3irat","Repert\u00f3rium"],"inLanguage":"hu","potentialAction":[{"@type":"CommentAction","name":"Comment","target":["https:\/\/kofe.hu\/parola\/parola-folyoirat\/fejlesztesi-javaslatok-csabacsud-tarsadalmi-fejlodesenek-felgyorsitasara-1-resz\/#respond"]}]},{"@type":"WebPage","@id":"https:\/\/kofe.hu\/parola\/parola-folyoirat\/fejlesztesi-javaslatok-csabacsud-tarsadalmi-fejlodesenek-felgyorsitasara-1-resz\/","url":"https:\/\/kofe.hu\/parola\/parola-folyoirat\/fejlesztesi-javaslatok-csabacsud-tarsadalmi-fejlodesenek-felgyorsitasara-1-resz\/","name":"Fejleszt\u00e9si javaslatok Csabacs\u00fcd t\u00e1rsadalmi fejl\u0151d\u00e9s\u00e9nek felgyors\u00edt\u00e1s\u00e1ra (1. r\u00e9sz) - Parola Foly\u00f3irat","isPartOf":{"@id":"https:\/\/kofe.hu\/parola\/#website"},"primaryImageOfPage":{"@id":"https:\/\/kofe.hu\/parola\/parola-folyoirat\/fejlesztesi-javaslatok-csabacsud-tarsadalmi-fejlodesenek-felgyorsitasara-1-resz\/#primaryimage"},"image":{"@id":"https:\/\/kofe.hu\/parola\/parola-folyoirat\/fejlesztesi-javaslatok-csabacsud-tarsadalmi-fejlodesenek-felgyorsitasara-1-resz\/#primaryimage"},"thumbnailUrl":"https:\/\/kofe.hu\/parola\/wp-content\/uploads\/2020\/06\/92.1.jpeg","datePublished":"2020-06-24T12:58:41+00:00","dateModified":"2020-07-30T10:14:20+00:00","author":{"@id":"https:\/\/kofe.hu\/parola\/#\/schema\/person\/865457445925eb688eef8a94755482d7"},"breadcrumb":{"@id":"https:\/\/kofe.hu\/parola\/parola-folyoirat\/fejlesztesi-javaslatok-csabacsud-tarsadalmi-fejlodesenek-felgyorsitasara-1-resz\/#breadcrumb"},"inLanguage":"hu","potentialAction":[{"@type":"ReadAction","target":["https:\/\/kofe.hu\/parola\/parola-folyoirat\/fejlesztesi-javaslatok-csabacsud-tarsadalmi-fejlodesenek-felgyorsitasara-1-resz\/"]}]},{"@type":"ImageObject","inLanguage":"hu","@id":"https:\/\/kofe.hu\/parola\/parola-folyoirat\/fejlesztesi-javaslatok-csabacsud-tarsadalmi-fejlodesenek-felgyorsitasara-1-resz\/#primaryimage","url":"https:\/\/kofe.hu\/parola\/wp-content\/uploads\/2020\/06\/92.1.jpeg","contentUrl":"https:\/\/kofe.hu\/parola\/wp-content\/uploads\/2020\/06\/92.1.jpeg","width":1394,"height":1965},{"@type":"BreadcrumbList","@id":"https:\/\/kofe.hu\/parola\/parola-folyoirat\/fejlesztesi-javaslatok-csabacsud-tarsadalmi-fejlodesenek-felgyorsitasara-1-resz\/#breadcrumb","itemListElement":[{"@type":"ListItem","position":1,"name":"Home","item":"https:\/\/kofe.hu\/parola\/"},{"@type":"ListItem","position":2,"name":"Fejleszt\u00e9si javaslatok Csabacs\u00fcd t\u00e1rsadalmi fejl\u0151d\u00e9s\u00e9nek felgyors\u00edt\u00e1s\u00e1ra (1. r\u00e9sz)"}]},{"@type":"WebSite","@id":"https:\/\/kofe.hu\/parola\/#website","url":"https:\/\/kofe.hu\/parola\/","name":"Parola Foly\u00f3irat","description":"","potentialAction":[{"@type":"SearchAction","target":{"@type":"EntryPoint","urlTemplate":"https:\/\/kofe.hu\/parola\/?s={search_term_string}"},"query-input":{"@type":"PropertyValueSpecification","valueRequired":true,"valueName":"search_term_string"}}],"inLanguage":"hu"},{"@type":"Person","@id":"https:\/\/kofe.hu\/parola\/#\/schema\/person\/865457445925eb688eef8a94755482d7","name":"Imre K\u00e1roly","image":{"@type":"ImageObject","inLanguage":"hu","@id":"https:\/\/kofe.hu\/parola\/#\/schema\/person\/image\/5a4847894df904bef3e1e46e461488fd","url":"https:\/\/secure.gravatar.com\/avatar\/659ca68517fc7e51db04a4307d57162c7ba255e94f1a15c97634906220d69397?s=96&d=mm&r=g","contentUrl":"https:\/\/secure.gravatar.com\/avatar\/659ca68517fc7e51db04a4307d57162c7ba255e94f1a15c97634906220d69397?s=96&d=mm&r=g","caption":"Imre K\u00e1roly"},"url":"https:\/\/kofe.hu\/parola\/szerzok\/imre-karoly\/"}]}},"_links":{"self":[{"href":"https:\/\/kofe.hu\/parola\/wp-json\/wp\/v2\/posts\/1944","targetHints":{"allow":["GET"]}}],"collection":[{"href":"https:\/\/kofe.hu\/parola\/wp-json\/wp\/v2\/posts"}],"about":[{"href":"https:\/\/kofe.hu\/parola\/wp-json\/wp\/v2\/types\/post"}],"author":[{"embeddable":true,"href":"https:\/\/kofe.hu\/parola\/wp-json\/wp\/v2\/users\/194"}],"replies":[{"embeddable":true,"href":"https:\/\/kofe.hu\/parola\/wp-json\/wp\/v2\/comments?post=1944"}],"version-history":[{"count":2,"href":"https:\/\/kofe.hu\/parola\/wp-json\/wp\/v2\/posts\/1944\/revisions"}],"predecessor-version":[{"id":4085,"href":"https:\/\/kofe.hu\/parola\/wp-json\/wp\/v2\/posts\/1944\/revisions\/4085"}],"wp:featuredmedia":[{"embeddable":true,"href":"https:\/\/kofe.hu\/parola\/wp-json\/wp\/v2\/media\/4079"}],"wp:attachment":[{"href":"https:\/\/kofe.hu\/parola\/wp-json\/wp\/v2\/media?parent=1944"}],"wp:term":[{"taxonomy":"category","embeddable":true,"href":"https:\/\/kofe.hu\/parola\/wp-json\/wp\/v2\/categories?post=1944"},{"taxonomy":"post_tag","embeddable":true,"href":"https:\/\/kofe.hu\/parola\/wp-json\/wp\/v2\/tags?post=1944"},{"taxonomy":"author","embeddable":true,"href":"https:\/\/kofe.hu\/parola\/wp-json\/wp\/v2\/coauthors?post=1944"}],"curies":[{"name":"wp","href":"https:\/\/api.w.org\/{rel}","templated":true}]}}