{"id":1926,"date":"2020-06-24T12:08:58","date_gmt":"2020-06-24T12:08:58","guid":{"rendered":"https:\/\/kofe.hu\/parola\/?p=1926"},"modified":"2020-07-30T10:02:23","modified_gmt":"2020-07-30T10:02:23","slug":"lakaskorulmenyek-es-szocialis-munka","status":"publish","type":"post","link":"https:\/\/kofe.hu\/parola\/parola-folyoirat\/lakaskorulmenyek-es-szocialis-munka\/","title":{"rendered":"Lak\u00e1sk\u00f6r\u00fclm\u00e9nyek \u00e9s szoci\u00e1lis munka"},"content":{"rendered":"<p><span style=\"font-family: Times New Roman CE;\">A saj\u00e1t \u00f6nkorm\u00e1nyzattal rendelkez\u0151 d\u00fcsseldorfi Tehodorstrasse-i lak\u00f3negyed-project \u00e9s az ugyancsak saj\u00e1t \u00f6nkorm\u00e1nyzattal rendelkez\u0151 chemnitzi Further Strasse-i lak\u00f3negyed-project elk\u00e9pzel\u00e9sei:<\/span><br \/>\n<!--more--><br \/>\n<span style=\"font-family: Times New Roman CE;\">Neh\u00e9z helyzetben vagyok, mikor k\u00e9t projectet ilyen r\u00f6viden kell f\u00f6lv\u00e1zolnom, melyekhez r\u00e1ad\u00e1sul m\u00e9g annyi izzads\u00e1gos munk\u00e1m is f\u0171z\u0151dik. A d\u00fcsseldorfi \u00f6nkorm\u00e1nyzati Theodorstrasse-i lak\u00f3negyed-projectben (ezent\u00fal SWT \u00a6 Selbstverwalteter Wohnprojekt Theodorstrasse) \u00fcgyvezet\u0151k\u00e9nt tev\u00e9kenykedem. A Further Strasse-i projectet (ezent\u00fal SWF-Selbstverwalteter Wohnproject Further Strasse) kezdett\u0151l fogva figyelemmel k\u00eds\u00e9rem, keletkez\u00e9s\u00e9ben k\u00f6zrem\u0171k\u00f6dtem, \u00e9s az\u00f3ta is tan\u00e1csokkal seg\u00edtem ottani koll\u00e9g\u00e1im \u00e9s bar\u00e1taim munk\u00e1j\u00e1t.<\/span><\/p>\n<p><span style=\"font-family: Times New Roman CE;\">Ezzel csak azt akarom mondani, hogy ha hagyn\u00e1nak, \u00f3r\u00e1kig tudn\u00e9k a projectekr\u0151l besz\u00e9lni, mes\u00e9lni, \u00edrni&#8230;<\/span><\/p>\n<p><span style=\"font-family: Times New Roman CE;\">Deh\u00e1t ez az: ez a kev\u00e9ske hely. Az egyszer\u0171s\u00e9g kedv\u00e9\u00e9rt el\u0151sz\u00f6r a d\u00fcsseldorfi SWT-t mutatom be. Egyr\u00e9szt, hosszabb ideje l\u00e9tezik, mint a chamnitzi project (idestova m\u00e1r \u00f6t \u00e9ve), m\u00e1sr\u00e9szt a chamnitzi project elk\u00e9pzel\u00e9seiben a d\u00fcsseldorfi p\u00e9ld\u00e1ra t\u00e1maszkodik. Megpr\u00f3b\u00e1lt\u00e1k a chamnitzi saj\u00e1toss\u00e1gokat belesz\u0151ni a tervbe \u00e9s azokat a \u00a6t\u00f6rt\u00e9nelmi hib\u00e1kat\u00a6, melyeket d\u00fcsseldorfban elk\u00f6vettek, itt kik\u00fcsz\u00f6b\u00f6lni.<\/span><\/p>\n<p><span style=\"font-family: Times New Roman CE;\">Az SWT imm\u00e1r \u00f6t \u00e9ve l\u00e9tezik. Olyan szem\u00e9lyek \u00f6nmegseg\u00edt\u00e9si projectj\u00e9r\u0151l van sz\u00f3, akik k\u00fcl\u00f6nb\u00f6z\u0151 okokb\u00f3l \u00f6ssze\u00fctk\u00f6z\u00e9sbe ker\u00fcltek az \u00fan. \u00a6norm\u00e1lis vil\u00e1ggal\u00a6, annak perem\u00e9re ker\u00fcltek, vagy a szakad\u00e9kba zuhantak. Ezeknek a csoportoknak D\u00fcsseldorf \u00e9szaki r\u00e9sz\u00e9n egy \u00fczemb\u0151v\u00edt\u00e9si terv keret\u00e9ben lebont\u00e1sra \u00edt\u00e9lt h\u00e1zakat biztos\u00edtottak. E d\u00f6nt\u00e9s c\u00e9lja egyr\u00e9szt az volt, hogy az akkori \u00a6b\u00e9rlem\u00e9nyellenes lak\u00e1spolitika\u00a6 szellem\u00e9ben elvegy\u00e9k az id\u0151s b\u00e9rl\u0151k \u00e9s tulajdonosok kedv\u00e9t att\u00f3l, hogy tov\u00e1bbra is a k\u00f6rny\u00e9ken maradjanak \u00e9s \u00edgy meggyors\u00edts\u00e1k az elk\u00f6lt\u00f6z\u00e9s\u00fcket, m\u00e1sr\u00e9szt pedig, hogy D\u00fcsseldorf eleg\u00e1ns lak\u00f3negyedeinek utc\u00e1it \u00e9s tereit \u00a6megtiszt\u00edts\u00e1k\u00a6 az olyan nemk\u00edv\u00e1natos egy\u00e9nekt\u0151l, mint pl. a punkok. De ezzel a l\u00e9p\u00e9ssel egy\u00e9b v\u00e1rosr\u00e9szek h\u00e1zainak vagy int\u00e9zm\u00e9nyeinek neh\u00e9zs\u00e9geit is j\u00f3r\u00e9szt el lehetett sim\u00edtani. Ez a folyamat a 70-es \u00e9vek v\u00e9g\u00e9n kezd\u0151d\u00f6tt. Akt\u00edv, tev\u00e9keny r\u00e9sztvev\u0151je volt a D\u00fcsseldorf eg\u00e9sz ter\u00fclet\u00e9n tev\u00e9kenyked\u0151 \u00a6lak\u00e1s\u00edns\u00e9g akci\u00f3\u00a6 (Aktion Wohnungsnot-AWN), amely szervezet azonban megbukott t\u00fal nagy appar\u00e1tusa, valamint bels\u0151 n\u00e9zetelt\u00e9r\u00e9sek miatt.<\/span><\/p>\n<p><span style=\"font-family: Times New Roman CE;\">A Theodorstrasse egy ideig mindenf\u00e9le bels\u0151 tartalom n\u00e9lk\u00fcl veget\u00e1lt. Megpr\u00f3b\u00e1lt\u00e1k a \u00a6Lak\u00e1s\u00edns\u00e9g Akci\u00f3\u00a6 tapasztalatait egy \u00faj koncepci\u00f3ba be\u00e9p\u00edteni, a lak\u00e1spolitika ter\u00fclet\u00e9n. A fejl\u0151d\u00e9s koncepci\u00f3j\u00e1val szembe kellett \u00e1ll\u00edtani egy \u00e9l\u0151, tev\u00e9keny k\u00f6z\u00f6ss\u00e9g elk\u00e9pzel\u00e9s\u00e9t.<\/span><\/p>\n<p><span style=\"font-family: Times New Roman CE;\">Akik ma a Theodorstrass\u00e9n \u00e9lnek, szinte mind anyagi probl\u00e9m\u00e1kkal k\u00fcszk\u00f6dtek. Ez\u00e9rt gyakran \u00e9vekig nem volt lak\u00e1suk, ami egy olyan fejlett orsz\u00e1gban, mint az NSZK, aligha nevezhet\u0151 emberhez m\u00e9lt\u00f3nak. Az SWT c\u00e9lja, hogy ezeket a h\u00e1zakat a Theodorstrass\u00e9n, melyekben k\u00f6zben sokan otthonra leltek, megmentse a lebont\u00e1st\u00f3l, \u00e9s hossz\u00fa id\u0151re rendbe tegye \u0151ket, alacsony b\u00e9rleti d\u00edjak mellett.<\/span><\/p>\n<p><span style=\"font-family: Times New Roman CE;\">Egy m\u00e1sik t\u00f6rekv\u00e9se az SWT-nek, hogy a gyakran \u00e9vekig munka n\u00e9lk\u00fcl teng\u0151d\u0151knek munk\u00e1t szerezzen; vagy \u00fagy, hogy maga teremt munkahelyeket, vagy \u00a6 mint a Theodorstrasse fel\u00faj\u00edt\u00e1si munk\u00e1inak f\u0151v\u00e1llalkoz\u00f3ja \u00a6 f\u0151k\u00e9nt a Theodorstrasse lakosait alkalmazza az \u00e9p\u00edtkez\u00e9seken.<\/span><\/p>\n<p><span style=\"font-family: Times New Roman CE;\">Tenni kellett valamit az utc\u00e1n \u00e9l\u0151 gyerekekkel, fiatalokkal \u00e9s a sok egyed\u00fcl\u00e1ll\u00f3, gyerekes sz\u00fcl\u0151vel. Fel\u00e9p\u00edtettek h\u00e1t egy j\u00e1tsz\u00f3h\u00e1zat, ahol foglalkoztak a gyerekekkel, gondozt\u00e1k \u0151ket, ugyanakkor vit\u00e1kat rendeztek, egysz\u00f3val lehetett egym\u00e1ssal kommunik\u00e1lni.<\/span><\/p>\n<p><span style=\"font-family: Times New Roman CE;\">Nem szabadott elfelejteni az emberi egy\u00fctt\u00e9l\u00e9s k\u00f6vetkez\u0151 fontos szempontj\u00e1t sem: a k\u00f6z\u00f6s egy\u00fcttl\u00e9tet, k\u00f6z\u00f6s sz\u00f3rakoz\u00e1st. \u00cdgy egy valaha sarki kocsmak\u00e9nt m\u0171k\u00f6d\u0151 helyis\u00e9gb\u0151l kult\u00faregys\u00e9get alak\u00edtottak ki, mely hamarosan az utca tal\u00e1lkoz\u00f3hely\u00e9v\u00e9 v\u00e1lt. Egy\u00fcttesek l\u00e9pnek itt fel, disco m\u0171k\u00f6dik, z\u00e1rt k\u00f6r\u0171 rendezv\u00e9nyeknek ad otthont&#8230;<\/span><\/p>\n<p><span style=\"font-family: Times New Roman CE;\">Ez mind alkotja a Theodorstrasse-i lak\u00f3k\u00f6z\u00f6ss\u00e9get, mely egyre b\u0151v\u00fcl \u00e9s gazdagodik; napr\u00f3l-napra v\u00e1ltozik, de a l\u00e9nyege mindig ugyanaz marad: egy\u00fctt \u00e9lni!<\/span><\/p>\n<p><span style=\"font-family: Times New Roman CE;\">Sz\u00e1munkra igen \u00e9rdekes volt term\u00e9szetesen az NDK lak\u00e1spolitik\u00e1j\u00e1nak (mott\u00f3: \u00a6lak\u00e1shoz val\u00f3 jog\u00a6) vizsg\u00e1lata. Mikor megny\u00edltak a hat\u00e1rok, szerett\u00fcnk volna vel\u00fck err\u0151l besz\u00e9lni. Speci\u00e1lis telep\u00fcl\u00e9spolitikai megfontol\u00e1sok arra k\u00e9sztettek minket, hogy D\u00fcsseldorf testv\u00e9rv\u00e1ros\u00e1b\u00f3l, Chemnitzb\u0151l (akkor m\u00e9g Karl-Marx-Stadt) keress\u00fcnk ehhez partnereket.<\/span><\/p>\n<p><span style=\"font-family: Times New Roman CE;\">Meg is tal\u00e1ltuk \u0151ket, olyan emberek szem\u00e9ly\u00e9ben, akik m\u00e1r a fordulat el\u0151tt szil\u00e1rd \u00e9s kritikus szoci\u00e1lpolitikai \u00e1ll\u00e1spontot k\u00e9pviseltek. Meglep\u0151dt\u00fcnk azon, hogy egyesek m\u00e1r 1988 el\u0151tt eljutottak od\u00e1ig, hogy lefoglaljanak egy h\u00e1zat. \u00cdgy m\u00e1r r\u00f6vid id\u0151 m\u00falva azonos hull\u00e1mhosszra ker\u00fclt\u00fcnk, \u00e9s mikor a chamnitziek ell\u00e1togattak D\u00fcsseldorfba, annyira meggy\u0151zte \u0151ket a projekt\u00fcnk, hogy azonnal hasonl\u00f3 v\u00e1llalkoz\u00e1sba akartak fogni. 1990 febru\u00e1rj\u00e1ban megalakult az SWF.<\/span><\/p>\n<p><span style=\"font-family: Times New Roman CE;\">Term\u00e9szetesen a k\u00f6r\u00fclm\u00e9nyek nem azonosak. Chamnitzben mindenekel\u0151tt lakhat\u00f3 h\u00e1zakat, lak\u00e1sokat kellett szerezni azoknak, akik tov\u00e1bbra is v\u00e1llalt\u00e1k az \u00a6\u00e9letet az NDK-ban\u00a6. \u00c9s k\u00f6zben azokra is kellett gondolni, akikr\u0151l a hivatalos NDK nem vett tudom\u00e1st: az ell\u00e1tatlan \u00f6regekre, a sz\u00e9tzil\u00e1lt csal\u00e1dokra, a b\u0171n\u00f6z\u0151kre, a politikailag nemk\u00edv\u00e1natos szem\u00e9lyekre.<\/span><\/p>\n<p><span style=\"font-family: Times New Roman CE;\">Az SWF megalap\u00edt\u00e1sa ut\u00e1n a tagok \u00e9s a Further Strasse m\u00e9g megmaradt lak\u00f3i rengeteget tettek az\u00e9rt, hogy az Egyes\u00fclet koncepci\u00f3j\u00e1t elfogadtass\u00e1k az akkor k\u00f6rvonalaz\u00f3d\u00f3 politikai int\u00e9zm\u00e9nyekkel. \u00cdgy t\u00e1mogat\u00e1sra tal\u00e1ltak a \u00a6v\u00e1ros kerekasztal\u00e1n\u00e1l\u00a6, a r\u00e9gi ingatlankezel\u0151 v\u00e1llalatn\u00e1l \u00e9s annak ut\u00f3dj\u00e1n\u00e1l \u00e9s egy olyan szervezetn\u00e9l, melynek majd az Ipari- \u00e9s Kereskedelmi Kamara lesz az ut\u00f3dja.<\/span><\/p>\n<p><span style=\"font-family: Times New Roman CE;\">A chemnitzi projekt megval\u00f3s\u00edt\u00e1sa a Furtherstrasse 30. alatt, egy, a Gr\u00fcnderzeit (1871-73) idej\u00e9ben \u00e9p\u00fclt t\u00f6bbemeletes h\u00e1zban kezd\u0151d\u00f6tt. Az \u00e9p\u00fcletben el\u0151sz\u00f6r egy k\u00e1v\u00e9h\u00e1zat alak\u00edtottak ki, hogy megk\u00f6nny\u00edts\u00e9k a kommunik\u00e1ci\u00f3t, \u00e9s l\u00e9trehozzanak egy tal\u00e1lkoz\u00f3helyet. Minthogy a h\u00e1z bels\u0151 terei el\u00e9g t\u00e1gasak, irod\u00e1kat is be lehet rendezni. Egy volt \u00e1llami \u00f3vod\u00e1t is \u00e1t akar venni az Egyes\u00fclet, \u00e9pp szemben a k\u00e1v\u00e9h\u00e1zzal.<\/span><\/p>\n<p><span style=\"font-family: Times New Roman CE;\">A chamnitzi projekt is napr\u00f3l napra v\u00e1ltozik, b\u0151v\u00fcl. Itt is olyan er\u0151s az egy\u00fctt\u00e9l\u00e9s akar\u00e1sa, hogy annak ellen\u00e9re, hogy a k\u00e9t N\u00e9metorsz\u00e1gnak imm\u00e1r k\u00f6z\u00f6s p\u00e9nze van, de t\u00e1rsadalmilag nem lettek egys\u00e9gesek, tov\u00e1bbra is v\u00e1rhat\u00f3 a projekt \u00e9letben marad\u00e1sa.<\/span><\/p>\n<p><span style=\"font-family: Times New Roman CE;\">Akit csak kicsit is \u00e9rdekel a projekt\u00fcnk, l\u00e1togasson meg minket szem\u00e9lyesen! (Megj.: El\u0151zetes bejelentkez\u00e9snek \u00f6r\u00fcln\u00e9nk!!!)<\/span><br \/>\n<span style=\"font-family: Times New Roman CE;\">C\u00edm\u00fcnk: SWT<\/span><br \/>\n<span style=\"font-family: Times New Roman CE;\">Theodorstrasse 338<\/span><br \/>\n<span style=\"font-family: Times New Roman CE;\">4000 D\u00fcsseldorf 30.<\/span><\/p>\n","protected":false},"excerpt":{"rendered":"<p>A saj\u00e1t \u00f6nkorm\u00e1nyzattal rendelkez\u0151 d\u00fcsseldorfi Tehodorstrasse-i lak\u00f3negyed-project \u00e9s az ugyancsak saj\u00e1t \u00f6nkorm\u00e1nyzattal rendelkez\u0151 chemnitzi Further Strasse-i lak\u00f3negyed-project elk\u00e9pzel\u00e9sei:<\/p>\n","protected":false},"author":189,"featured_media":4069,"comment_status":"open","ping_status":"open","sticky":false,"template":"","format":"standard","meta":{"_acf_changed":false,"footnotes":""},"categories":[227,8,7],"tags":[],"coauthors":[229],"class_list":["post-1926","post","type-post","status-publish","format-standard","has-post-thumbnail","hentry","category-parola-1991-4","category-parola-folyoirat","category-repertorium"],"acf":[],"yoast_head":"<!-- This site is optimized with the Yoast SEO plugin v26.7 - https:\/\/yoast.com\/wordpress\/plugins\/seo\/ -->\n<title>Lak\u00e1sk\u00f6r\u00fclm\u00e9nyek \u00e9s szoci\u00e1lis munka - Parola Foly\u00f3irat<\/title>\n<meta name=\"robots\" content=\"index, follow, max-snippet:-1, max-image-preview:large, max-video-preview:-1\" \/>\n<link rel=\"canonical\" href=\"https:\/\/kofe.hu\/parola\/parola-folyoirat\/lakaskorulmenyek-es-szocialis-munka\/\" \/>\n<meta property=\"og:locale\" content=\"hu_HU\" \/>\n<meta property=\"og:type\" content=\"article\" \/>\n<meta property=\"og:title\" content=\"Lak\u00e1sk\u00f6r\u00fclm\u00e9nyek \u00e9s szoci\u00e1lis munka - Parola Foly\u00f3irat\" \/>\n<meta property=\"og:description\" content=\"A saj\u00e1t \u00f6nkorm\u00e1nyzattal rendelkez\u0151 d\u00fcsseldorfi Tehodorstrasse-i lak\u00f3negyed-project \u00e9s az ugyancsak saj\u00e1t \u00f6nkorm\u00e1nyzattal rendelkez\u0151 chemnitzi Further Strasse-i lak\u00f3negyed-project elk\u00e9pzel\u00e9sei:\" \/>\n<meta property=\"og:url\" content=\"https:\/\/kofe.hu\/parola\/parola-folyoirat\/lakaskorulmenyek-es-szocialis-munka\/\" \/>\n<meta property=\"og:site_name\" content=\"Parola Foly\u00f3irat\" \/>\n<meta property=\"article:published_time\" content=\"2020-06-24T12:08:58+00:00\" \/>\n<meta property=\"article:modified_time\" content=\"2020-07-30T10:02:23+00:00\" \/>\n<meta property=\"og:image\" content=\"https:\/\/kofe.hu\/parola\/wp-content\/uploads\/2020\/07\/91.4-1.jpeg\" \/>\n\t<meta property=\"og:image:width\" content=\"1421\" \/>\n\t<meta property=\"og:image:height\" content=\"2017\" \/>\n\t<meta property=\"og:image:type\" content=\"image\/jpeg\" \/>\n<meta name=\"author\" content=\"Uwe Majewski\" \/>\n<meta name=\"twitter:card\" content=\"summary_large_image\" \/>\n<meta name=\"twitter:label1\" content=\"Szerz\u0151:\" \/>\n\t<meta name=\"twitter:data1\" content=\"Uwe Majewski\" \/>\n\t<meta name=\"twitter:label2\" content=\"Becs\u00fclt olvas\u00e1si id\u0151\" \/>\n\t<meta name=\"twitter:data2\" content=\"6 perc\" \/>\n\t<meta name=\"twitter:label3\" content=\"Written by\" \/>\n\t<meta name=\"twitter:data3\" content=\"Uwe Majewski\" \/>\n<script type=\"application\/ld+json\" class=\"yoast-schema-graph\">{\"@context\":\"https:\/\/schema.org\",\"@graph\":[{\"@type\":\"Article\",\"@id\":\"https:\/\/kofe.hu\/parola\/parola-folyoirat\/lakaskorulmenyek-es-szocialis-munka\/#article\",\"isPartOf\":{\"@id\":\"https:\/\/kofe.hu\/parola\/parola-folyoirat\/lakaskorulmenyek-es-szocialis-munka\/\"},\"author\":{\"name\":\"Uwe Majewski\",\"@id\":\"https:\/\/kofe.hu\/parola\/#\/schema\/person\/41ddc4184ee2500ea1c4f83a3f26aa2d\"},\"headline\":\"Lak\u00e1sk\u00f6r\u00fclm\u00e9nyek \u00e9s szoci\u00e1lis munka\",\"datePublished\":\"2020-06-24T12:08:58+00:00\",\"dateModified\":\"2020-07-30T10:02:23+00:00\",\"mainEntityOfPage\":{\"@id\":\"https:\/\/kofe.hu\/parola\/parola-folyoirat\/lakaskorulmenyek-es-szocialis-munka\/\"},\"wordCount\":1294,\"commentCount\":0,\"image\":{\"@id\":\"https:\/\/kofe.hu\/parola\/parola-folyoirat\/lakaskorulmenyek-es-szocialis-munka\/#primaryimage\"},\"thumbnailUrl\":\"https:\/\/kofe.hu\/parola\/wp-content\/uploads\/2020\/07\/91.4-1.jpeg\",\"articleSection\":[\"Parola 1991\/4\",\"Parola Foly\u00f3irat\",\"Repert\u00f3rium\"],\"inLanguage\":\"hu\",\"potentialAction\":[{\"@type\":\"CommentAction\",\"name\":\"Comment\",\"target\":[\"https:\/\/kofe.hu\/parola\/parola-folyoirat\/lakaskorulmenyek-es-szocialis-munka\/#respond\"]}]},{\"@type\":\"WebPage\",\"@id\":\"https:\/\/kofe.hu\/parola\/parola-folyoirat\/lakaskorulmenyek-es-szocialis-munka\/\",\"url\":\"https:\/\/kofe.hu\/parola\/parola-folyoirat\/lakaskorulmenyek-es-szocialis-munka\/\",\"name\":\"Lak\u00e1sk\u00f6r\u00fclm\u00e9nyek \u00e9s szoci\u00e1lis munka - Parola Foly\u00f3irat\",\"isPartOf\":{\"@id\":\"https:\/\/kofe.hu\/parola\/#website\"},\"primaryImageOfPage\":{\"@id\":\"https:\/\/kofe.hu\/parola\/parola-folyoirat\/lakaskorulmenyek-es-szocialis-munka\/#primaryimage\"},\"image\":{\"@id\":\"https:\/\/kofe.hu\/parola\/parola-folyoirat\/lakaskorulmenyek-es-szocialis-munka\/#primaryimage\"},\"thumbnailUrl\":\"https:\/\/kofe.hu\/parola\/wp-content\/uploads\/2020\/07\/91.4-1.jpeg\",\"datePublished\":\"2020-06-24T12:08:58+00:00\",\"dateModified\":\"2020-07-30T10:02:23+00:00\",\"author\":{\"@id\":\"https:\/\/kofe.hu\/parola\/#\/schema\/person\/41ddc4184ee2500ea1c4f83a3f26aa2d\"},\"breadcrumb\":{\"@id\":\"https:\/\/kofe.hu\/parola\/parola-folyoirat\/lakaskorulmenyek-es-szocialis-munka\/#breadcrumb\"},\"inLanguage\":\"hu\",\"potentialAction\":[{\"@type\":\"ReadAction\",\"target\":[\"https:\/\/kofe.hu\/parola\/parola-folyoirat\/lakaskorulmenyek-es-szocialis-munka\/\"]}]},{\"@type\":\"ImageObject\",\"inLanguage\":\"hu\",\"@id\":\"https:\/\/kofe.hu\/parola\/parola-folyoirat\/lakaskorulmenyek-es-szocialis-munka\/#primaryimage\",\"url\":\"https:\/\/kofe.hu\/parola\/wp-content\/uploads\/2020\/07\/91.4-1.jpeg\",\"contentUrl\":\"https:\/\/kofe.hu\/parola\/wp-content\/uploads\/2020\/07\/91.4-1.jpeg\",\"width\":1421,\"height\":2017},{\"@type\":\"BreadcrumbList\",\"@id\":\"https:\/\/kofe.hu\/parola\/parola-folyoirat\/lakaskorulmenyek-es-szocialis-munka\/#breadcrumb\",\"itemListElement\":[{\"@type\":\"ListItem\",\"position\":1,\"name\":\"Home\",\"item\":\"https:\/\/kofe.hu\/parola\/\"},{\"@type\":\"ListItem\",\"position\":2,\"name\":\"Lak\u00e1sk\u00f6r\u00fclm\u00e9nyek \u00e9s szoci\u00e1lis munka\"}]},{\"@type\":\"WebSite\",\"@id\":\"https:\/\/kofe.hu\/parola\/#website\",\"url\":\"https:\/\/kofe.hu\/parola\/\",\"name\":\"Parola Foly\u00f3irat\",\"description\":\"\",\"potentialAction\":[{\"@type\":\"SearchAction\",\"target\":{\"@type\":\"EntryPoint\",\"urlTemplate\":\"https:\/\/kofe.hu\/parola\/?s={search_term_string}\"},\"query-input\":{\"@type\":\"PropertyValueSpecification\",\"valueRequired\":true,\"valueName\":\"search_term_string\"}}],\"inLanguage\":\"hu\"},{\"@type\":\"Person\",\"@id\":\"https:\/\/kofe.hu\/parola\/#\/schema\/person\/41ddc4184ee2500ea1c4f83a3f26aa2d\",\"name\":\"Uwe Majewski\",\"image\":{\"@type\":\"ImageObject\",\"inLanguage\":\"hu\",\"@id\":\"https:\/\/kofe.hu\/parola\/#\/schema\/person\/image\/25c56bb6bc029c0f79d6860ada000303\",\"url\":\"https:\/\/secure.gravatar.com\/avatar\/e425668168e2272f096ed7ff26c4d75113307602fbbd475a62cffeb38b4e5ab3?s=96&d=mm&r=g\",\"contentUrl\":\"https:\/\/secure.gravatar.com\/avatar\/e425668168e2272f096ed7ff26c4d75113307602fbbd475a62cffeb38b4e5ab3?s=96&d=mm&r=g\",\"caption\":\"Uwe Majewski\"},\"url\":\"https:\/\/kofe.hu\/parola\/szerzok\/uwe-majewski\/\"}]}<\/script>\n<!-- \/ Yoast SEO plugin. -->","yoast_head_json":{"title":"Lak\u00e1sk\u00f6r\u00fclm\u00e9nyek \u00e9s szoci\u00e1lis munka - Parola Foly\u00f3irat","robots":{"index":"index","follow":"follow","max-snippet":"max-snippet:-1","max-image-preview":"max-image-preview:large","max-video-preview":"max-video-preview:-1"},"canonical":"https:\/\/kofe.hu\/parola\/parola-folyoirat\/lakaskorulmenyek-es-szocialis-munka\/","og_locale":"hu_HU","og_type":"article","og_title":"Lak\u00e1sk\u00f6r\u00fclm\u00e9nyek \u00e9s szoci\u00e1lis munka - Parola Foly\u00f3irat","og_description":"A saj\u00e1t \u00f6nkorm\u00e1nyzattal rendelkez\u0151 d\u00fcsseldorfi Tehodorstrasse-i lak\u00f3negyed-project \u00e9s az ugyancsak saj\u00e1t \u00f6nkorm\u00e1nyzattal rendelkez\u0151 chemnitzi Further Strasse-i lak\u00f3negyed-project elk\u00e9pzel\u00e9sei:","og_url":"https:\/\/kofe.hu\/parola\/parola-folyoirat\/lakaskorulmenyek-es-szocialis-munka\/","og_site_name":"Parola Foly\u00f3irat","article_published_time":"2020-06-24T12:08:58+00:00","article_modified_time":"2020-07-30T10:02:23+00:00","og_image":[{"width":1421,"height":2017,"url":"https:\/\/kofe.hu\/parola\/wp-content\/uploads\/2020\/07\/91.4-1.jpeg","type":"image\/jpeg"}],"author":"Uwe Majewski","twitter_card":"summary_large_image","twitter_misc":{"Szerz\u0151:":"Uwe Majewski","Becs\u00fclt olvas\u00e1si id\u0151":"6 perc","Written by":"Uwe Majewski"},"schema":{"@context":"https:\/\/schema.org","@graph":[{"@type":"Article","@id":"https:\/\/kofe.hu\/parola\/parola-folyoirat\/lakaskorulmenyek-es-szocialis-munka\/#article","isPartOf":{"@id":"https:\/\/kofe.hu\/parola\/parola-folyoirat\/lakaskorulmenyek-es-szocialis-munka\/"},"author":{"name":"Uwe Majewski","@id":"https:\/\/kofe.hu\/parola\/#\/schema\/person\/41ddc4184ee2500ea1c4f83a3f26aa2d"},"headline":"Lak\u00e1sk\u00f6r\u00fclm\u00e9nyek \u00e9s szoci\u00e1lis munka","datePublished":"2020-06-24T12:08:58+00:00","dateModified":"2020-07-30T10:02:23+00:00","mainEntityOfPage":{"@id":"https:\/\/kofe.hu\/parola\/parola-folyoirat\/lakaskorulmenyek-es-szocialis-munka\/"},"wordCount":1294,"commentCount":0,"image":{"@id":"https:\/\/kofe.hu\/parola\/parola-folyoirat\/lakaskorulmenyek-es-szocialis-munka\/#primaryimage"},"thumbnailUrl":"https:\/\/kofe.hu\/parola\/wp-content\/uploads\/2020\/07\/91.4-1.jpeg","articleSection":["Parola 1991\/4","Parola Foly\u00f3irat","Repert\u00f3rium"],"inLanguage":"hu","potentialAction":[{"@type":"CommentAction","name":"Comment","target":["https:\/\/kofe.hu\/parola\/parola-folyoirat\/lakaskorulmenyek-es-szocialis-munka\/#respond"]}]},{"@type":"WebPage","@id":"https:\/\/kofe.hu\/parola\/parola-folyoirat\/lakaskorulmenyek-es-szocialis-munka\/","url":"https:\/\/kofe.hu\/parola\/parola-folyoirat\/lakaskorulmenyek-es-szocialis-munka\/","name":"Lak\u00e1sk\u00f6r\u00fclm\u00e9nyek \u00e9s szoci\u00e1lis munka - Parola Foly\u00f3irat","isPartOf":{"@id":"https:\/\/kofe.hu\/parola\/#website"},"primaryImageOfPage":{"@id":"https:\/\/kofe.hu\/parola\/parola-folyoirat\/lakaskorulmenyek-es-szocialis-munka\/#primaryimage"},"image":{"@id":"https:\/\/kofe.hu\/parola\/parola-folyoirat\/lakaskorulmenyek-es-szocialis-munka\/#primaryimage"},"thumbnailUrl":"https:\/\/kofe.hu\/parola\/wp-content\/uploads\/2020\/07\/91.4-1.jpeg","datePublished":"2020-06-24T12:08:58+00:00","dateModified":"2020-07-30T10:02:23+00:00","author":{"@id":"https:\/\/kofe.hu\/parola\/#\/schema\/person\/41ddc4184ee2500ea1c4f83a3f26aa2d"},"breadcrumb":{"@id":"https:\/\/kofe.hu\/parola\/parola-folyoirat\/lakaskorulmenyek-es-szocialis-munka\/#breadcrumb"},"inLanguage":"hu","potentialAction":[{"@type":"ReadAction","target":["https:\/\/kofe.hu\/parola\/parola-folyoirat\/lakaskorulmenyek-es-szocialis-munka\/"]}]},{"@type":"ImageObject","inLanguage":"hu","@id":"https:\/\/kofe.hu\/parola\/parola-folyoirat\/lakaskorulmenyek-es-szocialis-munka\/#primaryimage","url":"https:\/\/kofe.hu\/parola\/wp-content\/uploads\/2020\/07\/91.4-1.jpeg","contentUrl":"https:\/\/kofe.hu\/parola\/wp-content\/uploads\/2020\/07\/91.4-1.jpeg","width":1421,"height":2017},{"@type":"BreadcrumbList","@id":"https:\/\/kofe.hu\/parola\/parola-folyoirat\/lakaskorulmenyek-es-szocialis-munka\/#breadcrumb","itemListElement":[{"@type":"ListItem","position":1,"name":"Home","item":"https:\/\/kofe.hu\/parola\/"},{"@type":"ListItem","position":2,"name":"Lak\u00e1sk\u00f6r\u00fclm\u00e9nyek \u00e9s szoci\u00e1lis munka"}]},{"@type":"WebSite","@id":"https:\/\/kofe.hu\/parola\/#website","url":"https:\/\/kofe.hu\/parola\/","name":"Parola Foly\u00f3irat","description":"","potentialAction":[{"@type":"SearchAction","target":{"@type":"EntryPoint","urlTemplate":"https:\/\/kofe.hu\/parola\/?s={search_term_string}"},"query-input":{"@type":"PropertyValueSpecification","valueRequired":true,"valueName":"search_term_string"}}],"inLanguage":"hu"},{"@type":"Person","@id":"https:\/\/kofe.hu\/parola\/#\/schema\/person\/41ddc4184ee2500ea1c4f83a3f26aa2d","name":"Uwe Majewski","image":{"@type":"ImageObject","inLanguage":"hu","@id":"https:\/\/kofe.hu\/parola\/#\/schema\/person\/image\/25c56bb6bc029c0f79d6860ada000303","url":"https:\/\/secure.gravatar.com\/avatar\/e425668168e2272f096ed7ff26c4d75113307602fbbd475a62cffeb38b4e5ab3?s=96&d=mm&r=g","contentUrl":"https:\/\/secure.gravatar.com\/avatar\/e425668168e2272f096ed7ff26c4d75113307602fbbd475a62cffeb38b4e5ab3?s=96&d=mm&r=g","caption":"Uwe Majewski"},"url":"https:\/\/kofe.hu\/parola\/szerzok\/uwe-majewski\/"}]}},"_links":{"self":[{"href":"https:\/\/kofe.hu\/parola\/wp-json\/wp\/v2\/posts\/1926","targetHints":{"allow":["GET"]}}],"collection":[{"href":"https:\/\/kofe.hu\/parola\/wp-json\/wp\/v2\/posts"}],"about":[{"href":"https:\/\/kofe.hu\/parola\/wp-json\/wp\/v2\/types\/post"}],"author":[{"embeddable":true,"href":"https:\/\/kofe.hu\/parola\/wp-json\/wp\/v2\/users\/189"}],"replies":[{"embeddable":true,"href":"https:\/\/kofe.hu\/parola\/wp-json\/wp\/v2\/comments?post=1926"}],"version-history":[{"count":2,"href":"https:\/\/kofe.hu\/parola\/wp-json\/wp\/v2\/posts\/1926\/revisions"}],"predecessor-version":[{"id":4077,"href":"https:\/\/kofe.hu\/parola\/wp-json\/wp\/v2\/posts\/1926\/revisions\/4077"}],"wp:featuredmedia":[{"embeddable":true,"href":"https:\/\/kofe.hu\/parola\/wp-json\/wp\/v2\/media\/4069"}],"wp:attachment":[{"href":"https:\/\/kofe.hu\/parola\/wp-json\/wp\/v2\/media?parent=1926"}],"wp:term":[{"taxonomy":"category","embeddable":true,"href":"https:\/\/kofe.hu\/parola\/wp-json\/wp\/v2\/categories?post=1926"},{"taxonomy":"post_tag","embeddable":true,"href":"https:\/\/kofe.hu\/parola\/wp-json\/wp\/v2\/tags?post=1926"},{"taxonomy":"author","embeddable":true,"href":"https:\/\/kofe.hu\/parola\/wp-json\/wp\/v2\/coauthors?post=1926"}],"curies":[{"name":"wp","href":"https:\/\/api.w.org\/{rel}","templated":true}]}}