{"id":1897,"date":"2020-06-24T11:36:57","date_gmt":"2020-06-24T11:36:57","guid":{"rendered":"https:\/\/kofe.hu\/parola\/?p=1897"},"modified":"2020-07-30T09:47:01","modified_gmt":"2020-07-30T09:47:01","slug":"1897","status":"publish","type":"post","link":"https:\/\/kofe.hu\/parola\/parola-folyoirat\/1897\/","title":{"rendered":"\u00c9rdek\u00e9rv\u00e9nyes\u00edt\u0151 k\u00f6z\u00f6ss\u00e9geket!: Szab\u00e1lytalan besz\u00e1mol\u00f3 tanuls\u00e1gos k\u00f6vetkeztet\u00e9sekkel"},"content":{"rendered":"<p><span style=\"font-family: Times New Roman CE;\">\u201cDobd \u00e1t a sz\u00edvedet az akad\u00e1lyon a tested majd k\u00f6vetni fog.\u201d Mesterem b\u00f6lcsess\u00e9g jutott eszembe r\u00e9gr\u0151l tisztelt bar\u00e1tom r\u00f6pirat\u00e1t olvasva a \u201chelybelis\u00e9g gy\u0151zelm\u00e9r\u0151l\u201d, a \u201cmindannyionk illet\u00e9kess\u00e9g\u00e9r\u0151l\u201d, meg arr\u00f3l, hogy v\u00e9gre \u201cmi magunk agyunk a hatalom\u201d, s hogy nem kell a \u201cmindenhat\u00f3 p\u00e1rtt\u00f3l rettegni\u201d, meghogy a \u201ctan\u00e1csi b\u00fcrokr\u00e1ci\u00e1nak is befellegzett\u201d, mert elj\u00f6tt v\u00e9gre az \u201c\u00f6nkorm\u00e1nyz\u00f3 t\u00e1rsadalom\u201d. Az emelkedett hangv\u00e9telt megbocs\u00e1tja a t\u00f6rt\u00e9nelmi pillanat. A meg\u00e9lt \u00e9vtizedek azonban intenek; ne mossuk \u00f6ssze azt, amit \u00e9s ahogy szeretn\u00e9nk azzal, ami van.<\/span><\/p>\n<p><!--more--><br \/>\n<i><span style=\"font-family: Times New Roman CE;\">Elj\u00f6tt-e val\u00f3ban az \u00f6nkorm\u00e1nyz\u00f3 t\u00e1rsadalom?\u00a0<\/span><\/i><span style=\"font-family: Times New Roman CE;\">\u00d3hajtva a demokratikus \u00e1talakul\u00e1st, n\u00e9pm\u0171vel\u0151k\u00e9nt nem szemtan\u00fai akartunk lenni a rendszerv\u00e1lt\u00e1snak, hanem r\u00e9szesei. Szembes\u00edteni akartuk az \u00fajat saj\u00e1t lehet\u0151s\u00e9geivel. T\u00e1rsadalmi tulajdonba akartuk venni az \u00e1llamot. Azt akartuk, hogy nem az \u00e1llam (vagy b\u00fcrokr\u00e1ci\u00e1ja) ellen\u0151rizze a n\u00e9pet, hanem a n\u00e9p az \u00e1llamot. Hitt\u00fck, hogy az \u00e1talak\u00edt\u00e1st nem egym\u00e1s ellen\u00e9ben, hanem egym\u00e1s \u00e9rdek\u00e9ben kell elv\u00e9gezn\u00fcnk.<\/span><\/p>\n<p><span style=\"font-family: Times New Roman CE;\">A m\u00falt&#8230;<\/span><br \/>\n<span style=\"font-family: Times New Roman CE;\">T\u00f6bb, mint k\u00e9t \u00e9vtizedes n\u00e9pm\u0171vel\u0151i gyakorlat ut\u00e1n az \u00e1llami ir\u00e1ny\u00edt\u00e1s ter\u00fclet\u00e9re sodort az \u00e9let. Igaz, n\u00e9gy esztend\u0151 m\u0171k\u00f6d\u00e9sem sor\u00e1n sem tudtam megfejteni, hogy milyen tev\u00e9kenys\u00e9gi form\u00e1kat \u00e9s m\u00f3dokat is jelent val\u00f3j\u00e1ban ez az \u201cir\u00e1ny\u00edt\u00e1s\u201d. A m\u0171vel\u0151d\u00e9si szakigazgat\u00e1s olyan haj\u00f3 volt, ami alatt m\u00e1r r\u00e9g\u00f3ta nem volt v\u00edz. El\u0151bb, a szakfel\u00fcgyelet megsz\u0171n\u00e9s\u00e9vel a szakmai befoly\u00e1s, k\u00e9s\u0151bb az egys\u00e9ges tan\u00e1csi p\u00e9nzalap megteremt\u00e9s\u00e9vel az anyagi befoly\u00e1s cs\u00faszott ki a kez\u00fcnkb\u0151l. Az \u00fagynevezett ir\u00e1ny\u00edt\u00e1s hierarchikus rendszer\u00e9ben az egyik oldalon a jogi, gazdas\u00e1gi szab\u00e1lyoz\u00e1s \u00e9s az inform\u00e1lis j\u00e1t\u00e9kszab\u00e1lyok \u00e1ltal k\u00f6r\u00fclhat\u00e1rolt val\u00f3s\u00e1g, a m\u00e1sik oldalon a k\u00f6r\u00fclm\u00e9nyek k\u00e9nyszer \u00e1ltal meghat\u00e1rozott lehets\u00e9ges mozg\u00e1st\u00e9r \u00f6lel\u00e9s\u00e9ben verg\u0151dt\u00fcnk. Az elvi \u00e9s val\u00f3di lehet\u0151s\u00e9gek k\u00f6z\u00f6tti oll\u00f3 egyre sz\u00e9lesebbre ny\u00edlt.<\/span><\/p>\n<p><span style=\"font-family: Times New Roman CE;\">Egy m\u0171vel\u0151d\u00e9si oszt\u00e1ly \u2013 ha valamit is adott mag\u00e1ra \u2013 legjobban tette, ha az \u00e1gazat \u00e9rdek\u00e9rv\u00e9nyes\u00edt\u0151 szerep\u00e9t v\u00e1llalta fel saj\u00e1t munk\u00e1ltat\u00f3j\u00e1val, a test\u00fclettel szemben. Ez az \u00fctk\u00f6z\u00e9sek sorozat\u00e1t jelentette \u00e9s bizonyos aszk\u00e9tizmust k\u00edv\u00e1nt, amit rokonszenv sohasem k\u00eds\u00e9rt. A m\u0171vel\u0151d\u00e9si szakigazgat\u00e1sban dolgoz\u00f3k \u2013 \u00e1ll\u00edthatom \u2013 legal\u00e1bb annyira kellemetlen\u00fcl \u00e9rezt\u00e9k magukat, mint az int\u00e9zm\u00e9nyh\u00e1l\u00f3zatban munk\u00e1lkod\u00f3k, akik azt hitt\u00e9k, hogy a fels\u0151bbs\u00e9g\u201d okozza bajaikat, probl\u00e9m\u00e1ikat. Val\u00f3j\u00e1ban egy politikai strukt\u00fara tarthatatlans\u00e1g\u00e1r\u00f3l volt sz\u00f3, amit a benne \u00e9l\u0151k valamelyes feler\u0151s\u00edteni vagy oldani voltak k\u00e9pesek, de megv\u00e1ltoztatni aligha. Az ir\u00e1ny\u00edt\u00e1s k\u00e9zi vez\u00e9rl\u00e9ses, paternalista jelleg\u00e9t a rendszer hordozta mag\u00e1ban.<\/span><br \/>\n<span style=\"font-family: Times New Roman CE;\">S mert ezt \u00e9rz\u00e9kelni\u00fck kellett, term\u00e9szetes volt a t\u00f6rekv\u00e9s\u00fcnk is ennek megv\u00e1ltoztat\u00e1s\u00e1ra. De \u00e9rezt\u00fck, a v\u00e1ltoztat\u00e1s nem csak a j\u00f3 sz\u00e1nd\u00e9kon m\u00falik. Nemcsak \u00faj be\u00e1ll\u00edt\u00f3d\u00e1sok kellenek, hanem az eg\u00e9sz strukt\u00far\u00e1t is szem\u00e9tre kell dobni. Szervezeti v\u00e1ltoz\u00e1st \u2013 tudtuk \u2013 a majdan megsz\u00fclet\u0151 \u00f6nkorm\u00e1nyzati t\u00f6rv\u00e9ny hozhat csak. Megel\u0151zve az \u00f6nkorm\u00e1nyzatok l\u00e9trej\u00f6tt\u00e9t, m\u00e9g a r\u00e9vf\u00fcl\u00f6pi felh\u00edv\u00e1s el\u0151tt \u2013 ami a szabadm\u0171vel\u0151d\u00e9si mozgalom \u00faj elind\u00edt\u00f3ja volt \u2013 azon gondolkoztunk, lehet-e a szakigazgat\u00e1st demokratiz\u00e1lni? \u00c9s egy\u00e1ltal\u00e1n: \u00e9rdemes-e azt az ir\u00e1ny\u00edt\u00e1st \u00fajragondolni, ami egy k\u00f6zpontos\u00edtott, ideol\u00f3giai k\u00f6vetelm\u00e9nyeknek is eleget tev\u0151 \u00e1llamszervezet saj\u00e1tja? Bizonyosan nem. \u00d6nkorm\u00e1nyz\u00e1s kell!<\/span><\/p>\n<p><span style=\"font-family: Times New Roman CE;\">A kor\u00e1bbi tan\u00e1csai modellben a test\u00fcletet egy legal\u00e1bb ugyanakkora appar\u00e1tus ellens\u00falyozta. B\u00e1r a d\u00f6nt\u00e9s test\u00fcleti volt, az appar\u00e1tus szerepe m\u00e9gis meghat\u00e1roz\u00f3 volt. Az int\u00e9zm\u00e9nyek m\u0171k\u00f6dtet\u00e9s\u00e9t egy vertik\u00e1lis has\u00e1brendszerben lehet \u00e1br\u00e1zolni.<\/span><br \/>\n<span style=\"font-family: Times New Roman CE;\">A test\u00fclet tagja \u2013 b\u00e1r az utols\u00f3 \u00e9vekben egy\u00e1ltal\u00e1n nem volt b\u00f3logat\u00f3 fajta, mert viselked\u00e9s\u00e9t oldott\u00e1k a t\u00e1rsadalmi folyamatok \u2013 a maga esze, vagy \u00e9ppen v\u00e1rosr\u00e9sze \u00e9rdekei szerint pr\u00f3b\u00e1lta az \u00fcgyeket k\u00e9pviselni. De miut\u00e1n a test\u00fcleti tags\u00e1g utc\u00e1k szerint szervez\u0151d\u00f6tt, term\u00e9szetes \u00e1llapot volt, hogy a test\u00fcleti tag \u00e9l\u00e9nkebb vit\u00e1kat folyatott a szennyv\u00edz vagy v\u00edzelvezet\u00e9ses helyi, mint a m\u0171vel\u0151d\u00e9s v\u00e1rosi \u00e9rdekei\u00e9rt. \u00c1ltal\u00e1ban idegen volt t\u0151le, ami koncepcion\u00e1lis, \u00f6sszv\u00e1rosi szakmai \u00e9rdeket fejezett ki. Nem \u0151 tehetett err\u0151l. A strukt\u00fara volt rossz, amely nem engedte a d\u00f6nt\u00e9shoz\u00e1sba a k\u00fcl\u00f6nf\u00e9le szakmai k\u00f6z\u00f6ss\u00e9gek \u00e9rdekeit. A dolog m\u00e1r akkor elveszett, amikor a szakmai \u00e9rdekk\u00f6z\u00f6ss\u00e9gek \u2013 amelyek \u00e9rdek\u00e9rv\u00e9nyes\u00edt\u00e9sre t\u00f6rhettek volna \u2013 ki sem alakultak.<\/span><\/p>\n<p><span style=\"font-family: Times New Roman CE;\">K\u00eds\u00e9rlet egy \u00e1llapot meghalad\u00e1s\u00e1ra<\/span><br \/>\n<span style=\"font-family: Times New Roman CE;\">A kor\u00e1bbi sziszt\u00e9ma old\u00e1s\u00e1ra a szabadm\u0171vel\u0151d\u00e9si tan\u00e1cs gondolata jelentett kapaszkod\u00f3t. Az \u00f6nkorm\u00e1nyzatis\u00e1g n\u00e9phatalmi elv\u00e9b\u0151l kiindulva hitt\u00fck, hogy:<\/span><br \/>\n<span style=\"font-family: Times New Roman CE;\">\u2013 demokr\u00e1cia akkor teremthet\u0151, ha az egy\u00e9n beoszt\u00e1shoz k\u00f6t\u0151d\u0151 rendelkez\u00e9sbeni jog\u00e1t megsz\u00fcntetj\u00fck. Ebb\u0151l k\u00f6vetkez\u0151en \u2013 mert a jogk\u00f6r ezzel vonhat\u00f3 el \u2013 a d\u00f6nt\u00e9s csak test\u00fcleti jog lehet. A k\u00e9rd\u00e9s azonban az, hogy e test\u00fcleti jogos\u00edtv\u00e1ny mekkora szakmai kompetenci\u00e1val b\u00edr? Ha csak a k\u00e9pvisel\u0151 szem\u00e9lye v\u00e1ltozik, s a tov\u00e1bbiakban is laikus d\u00f6nt (mert minden szem\u00e9ly valamiben biztosan laikus) szakmai k\u00e9rd\u00e9sekben, akkor a helyzet mit sem v\u00e1ltozik. Hogyan lehet p\u00f3tolni a test\u00fclet szak\u00e9rtelm\u00e9t \u00fagy, hogy az val\u00f3ban a szakma konszenzusak\u00e9nt megfogalmazott szak\u00e9rtelem legyen?<\/span><br \/>\n<span style=\"font-family: Times New Roman CE;\">\u2013 Azt is felt\u00e9telezt\u00fck, hogy a demokratikus t\u00e1rsadalom sz\u00fcks\u00e9gszer\u0171en pluralista. Az \u00e9rdek \u00e9rdekkel, a hatalom hatalommal ellens\u00falyozhat\u00f3, ez menthet meg a diktat\u00far\u00e1t\u00f3l. Egy demokratikus t\u00e1rsadalom sokfajta t\u00f6rekv\u00e9st, \u00e9rdeket fogalmaz meg. Ezen \u00e9rdekeket valahol, valamilyen f\u00f3rumon artikul\u00e1lni kell Meg kell teremteni teh\u00e1t az erre alkalmas mez\u0151t.<\/span><br \/>\n<span style=\"font-family: Times New Roman CE;\">\u2013 A legk\u00fcl\u00f6nb\u00f6z\u0151bb k\u00f6z\u00f6ss\u00e9gek \u00e1ltal k\u00e9pviselt szakmai \u00e9rdekeket is felsz\u00ednre kell hozni, teh\u00e1t a p\u00e1rtsemleges szervez\u0151d\u00e9sek a demokr\u00e1cia szempontj\u00e1b\u00f3l legal\u00e1bb olyan fontosak, mint a politikai pluralizmus. Mindezen k\u00f6z\u00f6ss\u00e9gek t\u00f6rekv\u00e9seit valahol m\u00e9g kapcsolni is kell az \u00f6nkorm\u00e1nyzati tev\u00e9kenys\u00e9ghez, mert adott lak\u00f3ter\u00fcleten maga az \u00f6nkorm\u00e1nyzat a hatalom gyakorl\u00f3ja.,<\/span><br \/>\n<span style=\"font-family: Times New Roman CE;\">Mindezekre v\u00e1laszul a szabadm\u0171vel\u0151d\u00e9si tan\u00e1cs \u00edg\u00e9rkezett \u00e9letk\u00e9pes form\u00e1nak, amely mai \u00e9rtelmez\u00e9s\u00fcnk szerint nem m\u00e1s, mint az \u00f6nkorm\u00e1nyzati k\u00e9pvisel\u0151 test\u00fclet al\u00e1rendelt szakmai bizotts\u00e1gi rendszerb\u0151l egy. S amelynek d\u00f6nt\u00e9si jogos\u00edtv\u00e1nyra van sz\u00fcks\u00e9ge \u00e9s megfelel\u0151 p\u00e9nzalapra ahhoz, hogy ne v\u00e1lhasson \u00e9rdektelen bizotts\u00e1gosdiv\u00e1.<\/span><\/p>\n<p><span style=\"font-family: Times New Roman CE;\">\u00dagy v\u00e9lt\u00fck, a telep\u00fcl\u00e9s szabadm\u0171vel\u0151d\u00e9si tan\u00e1csa k\u00e9pes az illet\u00e9kess\u00e9g gyakorl\u00e1s\u00e1nak mechanizmus\u00e1v\u00e1, az \u00e9rdek\u00e9rv\u00e9nyes\u00edt\u00e9s f\u00f3rum\u00e1v\u00e1 v\u00e1lni. Biztos\u00edthatja a m\u0171vel\u0151d\u00e9sszervez\u00e9s t\u00e1rsadalmas\u00edt\u00e1s\u00e1t \u00e9s szakmais\u00e1g\u00e1t. A szabadm\u0171vel\u0151d\u00e9si tan\u00e1cs \u00e9letreh\u00edv\u00e1s\u00e1val \u00e9s m\u0171k\u00f6dtet\u00e9s\u00e9vel v\u00e1rosunkban egy jogilag legitim, de jogait igaz\u00e1n csak az elj\u00f6vend\u0151 helyi, \u00f6nkorm\u00e1nyzati hatalom\u00e1tv\u00e9tel ut\u00e1n \u00e9rv\u00e9nyes\u00edt\u0151 szervezet alakult, amelyben a telep\u00fcl\u00e9s valamennyi t\u00e1rsadalmi (a kultur\u00e1lis \u00e9letben sz\u00e1montartott) k\u00f6zege \u00e9s \u00e1llami int\u00e9zm\u00e9nyrendszere mint jogi szem\u00e9lyek, egyenl\u0151 szavazattal vettek r\u00e9szt. A m\u0171k\u00f6d\u00e9s anyagi alapj\u00e1t teremtett\u00fck meg azzal, hogy a m\u0171vel\u0151d\u00e9si oszt\u00e1ly kor\u00e1bbi \u201ck\u00f6zm\u0171vel\u0151d\u00e9si c\u00e9lfeladata\u201d elnevez\u00e9s\u0171 p\u00e9nz\u00f6sszeg\u00e9t a szabadm\u0171vel\u0151d\u00e9si tan\u00e1cs d\u00f6nt\u00e9si k\u00f6r\u00e9be utaltuk. B\u00e1r tudtuk, hogy az \u00faj szervezete cselekv\u0151k\u00e9pess\u00e9ge akkora lesz, amekkor\u00e1t az \u00f6nkorm\u00e1nyzat megenged, hitt\u00fcnk abban, hogy az \u00e1tmenet ut\u00e1n kialakul\u00f3 \u00faj hatalom t\u00f6rekv\u00e9seit (mert a demokratikus \u00e1talakul\u00e1s a kulcssz\u00f3) csak seg\u00edti egy szakmai \u00e9rdek\u00e9rv\u00e9nyes\u00edt\u0151 f\u00f3rum. A hat\u00e1sk\u00f6r\u00f6k pontos elk\u00fcl\u00f6n\u00edt\u00e9se a v\u00e1rosi \u00f6nkorm\u00e1nyzati test\u00fclet \u00e9s a szabadm\u0171vel\u0151d\u00e9si tan\u00e1cs k\u00f6z\u00f6tt lehet\u0151v\u00e9 tette volna, hogy a test\u00fclet v\u00e1rospolitikai \u00e9s hossz\u00fa t\u00e1v\u00fa k\u00e9rd\u00e9seken d\u00f6nts\u00f6n. A szakmai r\u00e9szk\u00e9rd\u00e9sek a szabadm\u0171vel\u0151d\u00e9si tan\u00e1cs hat\u00e1sk\u00f6r\u00e9be ker\u00fclhettek volna \u00e1t. Nem hitt\u00fck ugyanis, hogy egy v\u00e1rosi test\u00fcletnek \u00f3r\u00e1kon kereszt\u00fcl azon kellene vitatkoznia, hogy k\u00f6zel azon kellene vitatkoznia, hogy k\u00f6zel 200 m\u0171vel\u0151d\u00e9si int\u00e9zm\u00e9nye egyenk\u00e9nt milyen t\u00e1mogat\u00e1sban r\u00e9szes\u00fclj\u00f6n. Az int\u00e9zm\u00e9nyfinansz\u00edroz\u00e1s form\u00e1ja am\u00fagy is korszer\u0171tlen, mert a kult\u00fara nemcsak int\u00e9zm\u00e9nyes\u00edtett form\u00e1ban jelenik meg. \u00dagy v\u00e9lt\u00fck, hogy a v\u00e1rosi test\u00fcletnek azt kellene meghat\u00e1roznia, hogy minek ad priorit\u00e1st, hogy milyen ter\u00fcleteket prefer\u00e1l \u00e9s ezen bel\u00fcl ha int\u00e9zm\u00e9nyek m\u0171k\u00f6d\u00e9s\u00e9r\u0151l van sz\u00f3, azokra \u00f6sszess\u00e9g\u00e9ben \u2013 ak\u00e1r sz\u00e1zal\u00e9kosabb \u2013 mennyit akar \u00e1ldozni. De azt, hogy ez az \u00f6sszeg hogyan \u00e9s milyen krit\u00e9riumok alapj\u00e1n, milyen m\u00e9rt\u00e9kben \u00e9s form\u00e1ban (egyszeri t\u00e1mogat\u00e1s vagy ny\u00edlt p\u00e1ly\u00e1zat) ker\u00fcl az int\u00e9zm\u00e9nyekhez vagy k\u00f6z\u00f6ss\u00e9gekhez, az szakmai k\u00e9rd\u00e9s. S e szakmai alkunak \u00e9ppen a szabadm\u0171vel\u0151d\u00e9si tan\u00e1cs adhat keretet. De csak akkor, ha az \u00f6nkorm\u00e1nyzati k\u00e9pvisel\u0151k\u00f6n t\u00fal, szavazattal b\u00edr\u00f3 tagjai k\u00f6z\u00f6tt tudhat minden, a k\u00f6zm\u0171vel\u0151d\u00e9sben \u00e9rdekelt csoport. Csak \u00edgy \u00e9rhet\u0151 el, hogy r\u00e9sz\u00e9rdekek \u00e9s \u00e1tfog\u00f3 programok is versenghessenek \u00e1llami t\u00e1mogat\u00e1s\u00e9rt. Vagy, hogy a k\u00f6zp\u00e9nzb\u0151l t\u00e1mogatni lehessen kor\u00e1bban t\u00e1mogat\u00e1st nem \u00e9lvez\u0151, de \u00e1tfog\u00f3 programmal rendelkez\u0151 \u00f6nszervez\u0151d\u00e9seket is. Az \u00faj modellnek, mint az \u00f6nkorm\u00e1nyzati t\u00f6rv\u00e9nyt\u0151l nem idegen, egyik lehets\u00e9ges v\u00e1ltozatnak a v\u00e9giggondol\u00e1sa nem ker\u00fclhette meg, hogy szemben\u00e9zz\u00fcnk \u00f6nmagunk helyzet\u00e9vel.<\/span><\/p>\n<p><i><span style=\"font-family: Times New Roman CE;\">A k\u00f6vetkeztet\u00e9s: \u00f6nfelsz\u00e1mol\u00e1s<\/span><\/i><\/p>\n<p><span style=\"font-family: Times New Roman CE;\">M\u00e9g az \u00f6nkorm\u00e1nyzati v\u00e1laszt\u00e1sok el\u0151tt 1990 augusztus\u00e1ban az akkori megyei v\u00e1ros m\u0171vel\u0151d\u00e9si oszt\u00e1lyon megfogalmaztuk \u00f6nmagunk megsz\u00fcntet\u00e9s\u00e9t, az oszt\u00e1ly lebont\u00e1s\u00e1t. Kap\u00f3ra j\u00f6tt egy \u00fajonnan l\u00e9tes\u00edtett k\u00f6z\u00e9piskolai koll\u00e9gium, amelyben a t\u00e1voz\u00f3k sz\u00e1m\u00e1ra legal\u00e1bb nevel\u0151i \u00e1ll\u00e1shelyeket lehetett biztos\u00edtani. Hitt\u00fck, hogy kil\u00e9p\u00e9s\u00fcnk \u2013 sportnyelven sz\u00f3lva \u2013 meccslabd\u00e1t adott az \u00f6nkorm\u00e1nyzatnak ahhoz, hogy a m\u0171vel\u0151d\u00e9sir\u00e1ny\u00edt\u00e1s \u00faj strukt\u00far\u00e1j\u00e1t ki\u00e9p\u00edtse, s ebben ne akad\u00e1lyozz\u00e1k szem\u00e9lyi k\u00e9rd\u00e9sek. (Ezt a l\u00e9p\u00e9st a volt tan\u00e1csi rendszerben csak a m\u0171vel\u0151d\u00e9si oszt\u00e1ly tette meg.) Nem volt k\u00f6nny\u0171, mert egzisztenci\u00e1k felad\u00e1s\u00e1ra k\u00e9sztetett, s mert egy olyan politikai atmoszf\u00e9r\u00e1ban tett\u00fck ezt, amikor a l\u00e9nyeget nem ismer\u0151k az \u00faj rendszer el\u0151li menek\u00fcl\u00e9snek fogt\u00e1k fel ezt. Ma is \u00fagy v\u00e9lj\u00fck, sz\u00fcks\u00e9gszer\u0171 volt amit elv\u00e9gezt\u00fcnk, m\u00e9g akkor is, ha boszork\u00e1ny\u00fcld\u00f6z\u00e9s \u00e1ldozatai lesz\u00fcnk. Hegel jut eszembe (nem tudom, divatos-e m\u00e9g?): \u201cHa a val\u00f3s\u00e1g nem egyezik meg az elm\u00e9letemmel, ann\u00e1l rosszabb a val\u00f3s\u00e1g sz\u00e1m\u00e1ra.\u201d<\/span><\/p>\n<p><span style=\"font-family: Times New Roman CE;\">Hogyan tov\u00e1bb?<\/span><br \/>\n<span style=\"font-family: Times New Roman CE;\">A v\u00e1lasz kimunk\u00e1l\u00e1s\u00e1nak m\u00e1r nem lehett\u00fcnk r\u00e9szesei. Nemcsak nek\u00fcnk, de sokunknak nem adatott meg, hogy egy \u00faj mechanizmus kialak\u00edt\u00e1s\u00e1ba tapasztalatunkn\u00e1l \u00e9s tud\u00e1sunkn\u00e1l fogva, szakmai \u00e9rdekeink szerint belesz\u00f3ljunk. Az \u00e1talak\u00edt\u00e1s kulcsszava \u2013 gondolkod\u00e1sunk szerint \u2013 a val\u00f3di demokratiz\u00e1l\u00e1s, a demokr\u00e1cia m\u0171k\u00f6d\u0151k\u00e9pess\u00e9g\u00e9hez sz\u00fcks\u00e9ges \u00faj mechanizmus ki\u00e9p\u00edt\u00e9se lehetett volna. Ha gondolkod\u00e1sunk igaz, ha a demokr\u00e1cia az egy\u00e9n rendelkez\u00e9sbeni szerep\u00e9nek megfoszt\u00e1s\u00e1val kezd\u0151dik (b\u00e1rmilyen beoszt\u00e1shoz k\u00f6t\u0151dik is), ha a rendelkez\u00e9s kollekt\u00edv jog, akkor ennek \u00e9rv\u00e9nyes\u00fcl\u00e9s\u00e9hez ki kell \u00e9p\u00edteni az \u00e9rdek\u00e9rv\u00e9nyes\u00edt\u00e9s p\u00e1ly\u00e1j\u00e1t.<\/span><br \/>\n<span style=\"font-family: Times New Roman CE;\">A v\u00e1rosi \u00f6nkorm\u00e1nyzatnak szimpatikus d\u00f6nt\u00e9se volt, amikor \u00f6nmag\u00e1b\u00f3l l\u00e9trehozta \u2013 t\u00f6bbek k\u00f6z\u00f6tt \u2013 kultur\u00e1lis \u00e9s k\u00f6zoktat\u00e1si bizotts\u00e1gait, \u00e1tv\u00e9ve a kor\u00e1bbi, s j\u00f3r\u00e9szt beoszt\u00e1sokhoz k\u00f6t\u0151d\u0151 d\u00f6nt\u00e9si jogokat. A tan\u00e1csrendszerben is feltett k\u00e9rd\u00e9s azonban tov\u00e1bb \u00e9lt: egy test\u00fcletnek (bizotts\u00e1gnak) van-e megfelel\u0151 szakmai kompetenci\u00e1ja?<\/span><br \/>\n<span style=\"font-family: Times New Roman CE;\">k\u00e9pes-e, akarja-e a szakismeretet maga m\u00f6g\u00e9 szervezni? Sz\u00edvesen veszi-e, ha a szakmai sz\u00ednben felbukkan\u00f3 k\u00fcls\u0151 csoport\u00e9rdekek er\u0151sebben artikul\u00e1l\u00f3dnak?<\/span><br \/>\n<span style=\"font-family: Times New Roman CE;\">Ha nem veszi sz\u00edvesen, nyilv\u00e1n nem lehet val\u00f3di rendszerv\u00e1lt\u00e1sr\u00f3l sem sz\u00f3. Ha a b\u00e1rsonysz\u00e9keket csak \u00e1s szem\u00e9lyekkel cser\u00e9lj\u00fck fel, att\u00f3l legfeljebb a hatalom attit\u0171dje v\u00e1ltozik. Ha az asztalon egy hal\u00e1los beteg fekszik, nem az a leghat\u00e1sosabb ter\u00e1pia, ha lecser\u00e9lj\u00fck az \u00e1pol\u00f3kat. Ha a beteg gy\u00f3gy\u00edt\u00e1s\u00e1hoz az eg\u00e9szs\u00e9g\u00fcgy eg\u00e9sz m\u0171k\u00f6d\u00e9si mechanizmus\u00e1t \u00e1t kell alak\u00edtani, akkor ezt meg kell tenni. Az igazi v\u00e1ltoz\u00e1st teh\u00e1t a kor\u00e1bbi mechanizmus megv\u00e1ltoztat\u00e1sa jelenti egy olyan strukt\u00far\u00e1nak a l\u00e9trehoz\u00e1sa \u00e1ltal, amelyben az \u00e1llampolg\u00e1rnak lehet\u0151s\u00e9ge ad\u00f3dik a belesz\u00f3l\u00e1sra, a kultur\u00e1lis szf\u00e9r\u00e1nak lehet\u0151s\u00e9ge ny\u00edlik a k\u00fcl\u00f6nf\u00e9le \u00e9rdekek, inform\u00e1ci\u00f3k \u00fctk\u00f6ztet\u00e9s\u00e9vel a d\u00f6nt\u00e9shoz\u00e1sra, egysz\u00f3val \u00f6nmaga ir\u00e1ny\u00edt\u00e1s\u00e1ra. A d\u00f6nt\u00e9shez d\u00f6nt\u00e9si helyzetet kell teremteni. \u00dagy gondolom, e d\u00f6nt\u00e9si helyzetnek a biztos\u00edt\u00e1sa a hatalom igazi k\u00fcldet\u00e9se.<\/span><br \/>\n<span style=\"font-family: Times New Roman CE;\">A demokratiz\u00e1l\u00f3d\u00e1si folyamat \u2013 imm\u00e1ron k\u00edv\u00fclr\u0151l figyelve a t\u00f6rt\u00e9n\u00e9seket \u2013 \u00e9rz\u00e9sem szerint m\u00e1r a terepasztalon megbicsaklott. Igaz, az \u00f6nkorm\u00e1nyzat szakmai bizotts\u00e1ga kib\u0151v\u00fclt k\u00fcls\u0151 szakemberekkel. Csakhogy e k\u00fcls\u0151 szakemberek p\u00e1rtk\u00e9pviseletben jelentek meg, a hatalmi p\u00e1rtok szak\u00e9rt\u0151jek\u00e9nt \u00e9s nem a szakmai k\u00f6z\u00f6ss\u00e9gek deleg\u00e1ltjak\u00e9nt. A m\u0171vel\u0151d\u00e9s rendszere \u00edgy nem lett f\u00fcggetlen a politikai csat\u00e1roz\u00e1sokt\u00f3l.<\/span><\/p>\n<p><span style=\"font-family: Times New Roman CE;\">A t\u00e1rsadalmi \u00e1talakul\u00e1s gondolata t\u00f6rv\u00e9nyben is deklar\u00e1ltan tov\u00e1bb l\u00e9pett azzal, hogy a telep\u00fcl\u00e9seken \u00f6nkorm\u00e1nyzatok alakultak. \u00c9rdemes elgondolkodnunk azon is, hogy az \u00f6nkorm\u00e1nyzat nemcsak n\u00e9vv\u00e1ltoz\u00e1st jelent a volt tan\u00e1csokkal szemben, hanem \u2013 v\u00e9lem\u00e9nyem szerint \u2013 a szakter\u00fcletek, illetve az int\u00e9zm\u00e9nyek val\u00f3di \u00f6nigazgat\u00e1s\u00e1t. \u00c9ppen ez az igazs\u00e1g indokolja az int\u00e9zm\u00e9nyek \u00f6n\u00e1ll\u00f3s\u00e1g\u00e1nak a megteremt\u00e9s\u00e9t is. Az \u00f6nkorm\u00e1nyzati koncepci\u00f3 tartam\u00e1t sz\u00e1momra az \u00f6nkorm\u00e1nyzatis\u00e1g, maga az \u00f6nkorm\u00e1nyz\u00e1s jelenti \u00e9s nemcsak a v\u00e1rosi szakigazgat\u00e1s, hanem az int\u00e9zm\u00e9nyek szintj\u00e9n is. V\u00e9lem\u00e9nyem szerint az \u00f6nkorm\u00e1nyz\u00e1s soha nem lehet x vagy y, vagy ak\u00e1r a p\u00e1rtok korm\u00e1nyz\u00e1sa.<\/span><\/p>\n<p><span style=\"font-family: Times New Roman CE;\">A t\u00f6bbp\u00e1rti k\u00e9pviselet a parlamenti rendszer saj\u00e1tja. A helyi t\u00e1rsadalmak szintj\u00e9t azonban (plur\u00e1lis jelleg\u00e9n\u00e9l fogva a kor\u00e1bbiakhoz k\u00e9pest el\u0151rel\u00e9p\u00e9st jelentve) ez a sziszt\u00e9ma is csak \u00e1tt\u00e9telesen tudja kifejezni a val\u00f3s t\u00e1rsadalmi r\u00e9tegz\u0151d\u00e9sben megfogalmaz\u00f3d\u00f3 \u00e9rdekeket. A t\u00f6bbs\u00e9get kapott p\u00e1rt szerepe az \u00f6nkorm\u00e1nyzati strukt\u00far\u00e1ban felt\u00e9telez\u00e9sem szerint annyi, hogy az \u00f6nkorm\u00e1nyz\u00e1s szervezet\u00e9t \u00e9letre h\u00edvja \u00e9s k\u00e9pess\u00e9g\u00e9t biztos\u00edtja. Egy hatalmi szervezetnek nem hiszem, hogy a szakma okoss\u00e1ghi\u00e1ny\u00e1t kellene p\u00f3tolnia; ink\u00e1bb annak lehet\u0151s\u00e9g\u00e9t kell megteremtenie, hogy a szakma okoss\u00e1ga a legmesszebbmen\u0151kig \u00e9rv\u00e9nyes\u00fclhessen. Az egyes szakmai m\u0171helyek ma ig\u00e9nylik \u00e9s k\u00e9pesek eld\u00f6nteni, hogy mit kell tenni\u00fck. D\u00f6nteni azonban csak a fenntart\u00f3i sz\u00e1nd\u00e9k ismeret\u00e9ben k\u00e9pesek. Szakm\u00e1t \u00e9s fenntart\u00f3t ez\u00e9rt k\u00f6zel kell hozni egym\u00e1shoz, mint ahogy k\u00f6zel\u00edteni kell a szakm\u00e1t azokhoz, akikre ir\u00e1nyul.<\/span><\/p>\n<p><span style=\"font-family: Times New Roman CE;\">Az \u00f6nkorm\u00e1nyz\u00e1s v\u00e9lem\u00e9nyem szerint csak akkor lehets\u00e9ges, ha a szakmai \u00e9rdek\u00e9rv\u00e9nyes\u00edt\u0151 csatorn\u00e1k is kialakulnak, ha l\u00e9trej\u00f6n az a mez\u0151, azol az \u00e9rdek\u00e9rv\u00e9nyes\u00edt\u00e9s megt\u00f6rt\u00e9nhet. Hiszem, hogy a szakmai \u00e9rdek\u00e9rv\u00e9nyes\u00edt\u00e9snek val\u00f3s\u00e1gos f\u00f3ruma lehet az \u00f6nkorm\u00e1nyzatok szakbizotts\u00e1ga. A rendszer m\u0171k\u00f6d\u00e9s\u00e9hez azonban l\u00e9tre kell hozni azokat a szervez\u0151d\u00e9seket, amelyek a k\u00fcl\u00f6nf\u00e9le szakmai \u00e9rdekeket e bizotts\u00e1gok el\u0151tt megjelen\u00edtik. Hiszem azt is, hogy az \u00f6nkorm\u00e1nyz\u00e1s rendszere nem z\u00e1rhat el az inform\u00e1ci\u00f3kt\u00f3l \u00e9s a d\u00f6nt\u00e9s-el\u0151k\u00e9sz\u00edt\u00e9st\u0151l senkit. Az \u00f6nkorm\u00e1nyzatnak sz\u00fcks\u00e9ge van arra, hogy minden el\u0151reviv\u0151 gondolatot a d\u00f6nt\u00e9sek el\u0151k\u00e9sz\u00edt\u00e9s\u00e9be becsatorn\u00e1ztasson. Az \u00f6nkorm\u00e1nyzatnak nemcsak sz\u0171k szak\u00e9rt\u0151i g\u00e1rd\u00e1ra szabad t\u00e1maszkodnia, mert nem engedheti meg mag\u00e1nak, hogy \u00fajra egy sz\u0171k hatalmi elitet alak\u00edtson ki. \u00dagy v\u00e9lem teh\u00e1t, hogy az \u00f6nkorm\u00e1nyzatnak \u00e9rdeke egy olyan mechanizmus kialak\u00edt\u00e1sa, amely a p\u00e1rtsemleges szakmai szervez\u0151d\u00e9seket is becsatolja a v\u00e1ros\u00e9p\u00edt\u0151 folyamatban. S mert az \u00f6nkorm\u00e1nyzat politikus, azt is tudja, hogy az ismert szavazat-t\u00f6bbs\u00e9ggel csak \u00fagy lehet legitim szervez\u0151 er\u0151, ha a politikai \u00e9leten k\u00edv\u00fcl rekedt szakm\u00e1t is aktiviz\u00e1lni k\u00e9pes. Ezzel term\u00e9szetesen nemcsak a szakszer\u0171s\u00e9get kapja meg, de azt a sok-sok szimpatiz\u00e1nst is, akik nem politikai p\u00e1rthoz tapadva k\u00edv\u00e1nj\u00e1k a v\u00e1ltoz\u00e1st, az el\u0151rehalad\u00e1st.<\/span><br \/>\n<span style=\"font-family: Times New Roman CE;\">Az \u00f6nkorm\u00e1nyz\u00e1s k\u00e9pess\u00e9ge teh\u00e1t az\u00e1ltal biztos\u00edthat\u00f3, hogy minden k\u00f6rnek, csoportnak, int\u00e9zm\u00e9nynek, egy\u00e9nnek lehet\u0151s\u00e9ge van v\u00e9lem\u00e9nyt form\u00e1lni azzal, hogy a d\u00f6nt\u00e9si kalapba beviheti \u00e9rdekeit. Medd\u0151nek hiszem a d\u00f6nt\u00e9st hoz\u00f3 strukt\u00far\u00e1t\u00f3l t\u00e1vol tartott \u00e9rdek\u00e9rv\u00e9nyes\u00edt\u00e9st. Az \u00e9rdek\u00e9rv\u00e9nyes\u00edt\u00e9si mechanizmust a d\u00f6nt\u00e9shoz\u00f3 mechanizmushoz kell kapcsolni, mert a demokratiz\u00e1l\u00e1s, az \u00f6nkorm\u00e1nyz\u00e1s k\u00e9pess\u00e9g\u00e9nek a megteremt\u00e9se ezt felt\u00e9telezi. Olyan \u00f6nkorm\u00e1nyzati strukt\u00far\u00e1t kell teh\u00e1t megteremteni, amelynek m\u0171k\u00f6d\u00e9se nem teszi lehet\u0151v\u00e9 a lobbiz\u00e1st. Amely lehetetlenn\u00e9 teszi a hatalmi poz\u00edci\u00f3b\u00f3l t\u00f6rt\u00e9n\u0151 rendelkez\u00e9st. Ez csak \u00fagy val\u00f3s\u00edthat\u00f3 meg, ha az \u00f6nkorm\u00e1nyzatok szakbizotts\u00e1gai maguk m\u00f6g\u00e9 szervezik a szakmai \u00e9rdek\u00e9rv\u00e9nyes\u00edt\u0151 k\u00f6z\u00f6ss\u00e9geket, vagy azok v\u00e1lasztott k\u00e9pvisel\u0151it. A szabadm\u0171vel\u0151d\u00e9si tan\u00e1cs mint szervezeti keret \u00e9ppen ennek lehet\u0151s\u00e9g\u00e9t adhatta mg.<\/span><\/p>\n<p><span style=\"font-family: Times New Roman CE;\">Van a megbicsakl\u00e1snak egy m\u00e1sik vadhajt\u00e1sa is. Pedig err\u0151l m\u00e1r Bib\u00f3 Istv\u00e1n is \u00edrt, k\u00e1r teh\u00e1t a t\u00f6rt\u00e9nelmet megism\u00e9telni. \u201cA magyar demokr\u00e1cia v\u00e1ls\u00e1gban van. V\u00e1ls\u00e1gban van, mert f\u00e9lelemben \u00e9l.\u201d \u201c&#8230; Ha az orsz\u00e1g nem tud kiszabadulni a f\u00e9lelemnek ebb\u0151l a csapd\u00e1j\u00e1b\u00f3l, el\u0151bb-ut\u00f3bb kett\u00e9szakad egy ostob\u00e1n feltett alternat\u00edva k\u00f6r\u00fcl: a nemzeti folytonoss\u00e1g h\u00edvei a reakci\u00f3val, a radik\u00e1lis v\u00e1ltoz\u00e1sok h\u00edvei a baloldali diktat\u00fara \u00fcgy\u00e9vel ker\u00fclnek egy t\u00e1borba. A kett\u0151 k\u00f6z\u00f6tt elsikkad minden nyugodt \u00e9s biztos reformpolitika \u00e9s \u00fajb\u00f3l k\u00e1ty\u00faba jut az ez \u00e9v elej\u00e9n olyan nagy rem\u00e9nyekkel megindult magyar demokratikus fejl\u0151d\u00e9s.\u201d (Bib\u00f3 Istv\u00e1n: Magyar demokr\u00e1cia v\u00e1ls\u00e1ga).<\/span><\/p>\n<p><span style=\"font-family: Times New Roman CE;\">K\u00eds\u00e9rtetiesen tanuls\u00e1gos \u00e1ll\u00edt\u00e1s. Ha a m\u00falt \u00e9rt\u00e9kel\u00e9s\u00e9ben nem az a d\u00f6nt\u0151, hogy ki mit tett, hanem hogy hol \u00e9s mi volt, akkor nem hiszem, hogy demokr\u00e1cia lesz, nem hiszem, hogy jog\u00e1llam lesz, s egyre messzebb ker\u00fcl\u00fcnk Eur\u00f3p\u00e1t\u00f3l. A reformfolyamatot elt\u00e9r\u00edtheti a gy\u0171l\u00f6let, de a k\u00f6z\u00f6mb\u00f6ss\u00e9g is. A Szabadm\u0171vel\u0151d\u00e9si Tan\u00e1cs ideiglenes m\u0171k\u00f6d\u00e9s\u00e9t is b\u00e9n\u00edtotta e k\u00f6z\u00f6mb\u00f6ss\u00e9g. Az \u00e1llampolg\u00e1rok nagy r\u00e9sze nem hisz az \u00fajban. B\u00e1r k\u00edv\u00e1nja, de nem hisz a demokr\u00e1cia megteremthet\u0151s\u00e9g\u00e9ben. A jelenb\u0151l k\u00e9rdez \u00e9s sors\u00e1t kutatja. Pedig annak, aki a t\u00e1rsadalom \u00fct\u0151er\u00e9n tartja a kez\u00e9t, a bontakoz\u00f3 lehet\u0151s\u00e9geket el kell ismernie; az \u00faj v\u00e1laszt\u00e1si rendszert, a parlament meg\u00fajul\u00e1s\u00e1t, a politika pluraliz\u00e1l\u00f3d\u00e1s\u00e1t, a v\u00e1llalkoz\u00e1sok gondolat\u00e1nak t\u00e9rnyer\u00e9s\u00e9t a gazdas\u00e1gban, az auton\u00f3m szellemi csoportok gyarapod\u00e1s\u00e1t, a nyilv\u00e1noss\u00e1g reformj\u00e1t stb. M\u00e9gis; az \u00e1llampolg\u00e1rok egy r\u00e9sze a h\u00e9tk\u00f6znapokban \u00e9li meg a demokratiz\u00e1l\u00f3d\u00e1s fok\u00e1t. Nem \u00e9rzi m\u00e9g, hogy saj\u00e1t sors\u00e1nak alak\u00edt\u00f3ja lehet. Nem \u00e9rzi m\u00e9g, hogy a hatalom \u00f6nn\u00f6n maga lett. Ez\u00e9rt is indokolt rendk\u00edv\u00fcli figyelem a demokratikus helyi t\u00e1rsadalmak megszervez\u0151d\u00e9se fel\u00e9.<\/span><\/p>\n<p><span style=\"font-family: Times New Roman CE;\">Az \u00f6nkorm\u00e1nyz\u00e1s eszm\u00e9je ott kapott gellert, amikor lek\u00e9pezte a parlamenti viszonyokat. Az \u00f6nkorm\u00e1nyz\u00e1s kollekt\u00edv jog, amit az \u00e1llampolg\u00e1rok k\u00f6z\u00f6ss\u00e9gei gyakorolhatnak. A p\u00e1rtok nehezen k\u00e9pesek a sokfajta k\u00f6z\u00f6ss\u00e9gi \u00e9s egy\u00e9ni \u00e9rdeket megjelen\u00edteni. Az \u00f6nkorm\u00e1nyzatot teh\u00e1t nem a p\u00e1rtharcok t\u00fcz\u00e9ben kellett volna kialak\u00edtani, hanem \u00e9ppen a p\u00e1rtoknak kellett volna garant\u00e1lni, hogy az \u00f6nkorm\u00e1nyzatok a helyi t\u00e1rsadalmak val\u00f3s r\u00e9tegz\u0151d\u00e9s\u00e9t testes\u00edts\u00e9k meg, illetve k\u00e9pviselj\u00e9k. \u00c9rz\u00e9kelem, az \u00e1llampolg\u00e1rok t\u00f6bb mint 40 \u00e9ves szociallz\u00e1ci\u00f3s tapasztalata bizalmatlans\u00e1got sz\u00fcl a p\u00e1rtszervez\u0151d\u00e9sekkel szemben. Tal\u00e1n az lehetett volna ide\u00e1lis, ha az \u00f6nkorm\u00e1nyzatis\u00e1g a szociol\u00f3giai \u00e9rtelemben vett t\u00e1rsadalmi r\u00e9tegz\u0151d\u00e9sb\u0151l \u00e9p\u00edtkezett volna. Ez teremthette volna meg annak lehet\u0151s\u00e9g\u00e9t, hogy a helyi t\u00e1rsadalmak napi k\u00e9rd\u00e9seivel val\u00f3 foglalkoz\u00e1st nem sz\u00ednezz\u00e9k politikai csat\u00e1roz\u00e1sok. S ez biztos\u00edthatta volna, hogy az \u00f6nkorm\u00e1nyzat a helyi \u00e9rdekegyeztet\u00e9s f\u00f3rumak\u00e9nt \u00e9letre h\u00edvja azokat a k\u00f6z\u00f6ss\u00e9geket, \u00e9rdekkifejez\u0151 mechanizmusokat, amelyek ma p\u00e1rtsemlegesek ugyan, de r\u00e9szesei akarnak lenni a cselekv\u00e9snek. Ezek az \u00e9rdekkifejez\u0151, \u00e9rdek\u00e9rv\u00e9nyes\u00edt\u0151 mechanizmusok az igaz\u00e1n fontosak a j\u00f6v\u0151 szempontj\u00e1b\u00f3l. Inform\u00e1lis jelleg\u0171ek, de mindig egy meghat\u00e1rozott csoport tev\u00e9kenys\u00e9g\u00e9ben realiz\u00e1l\u00f3dnak. Ma \u2013 \u00fagy v\u00e9lem \u2013 az a k\u00e9rd\u00e9s, hogy ezen inform\u00e1lis csoportoknak az adott mez\u0151ben mekkora mozg\u00e1stere van? Mekkora a cselekv\u00e9sek alternativit\u00e1sa? Be tudnak-e t\u00f6rni a form\u00e1lis csoportba, ahol a d\u00f6nt\u00e9s val\u00f3j\u00e1ban sz\u00fcletik? Megteremt\u0151dik-e a beavatkoz\u00e1s lehet\u0151s\u00e9ge?<\/span><\/p>\n<p><span style=\"font-family: Times New Roman CE;\">Tanuls\u00e1g: \u00e9rdek\u00e9rv\u00e9nyes\u00edt\u0151 k\u00f6z\u00f6ss\u00e9geket!<\/span><\/p>\n<p><span style=\"font-family: Times New Roman CE;\">Ez\u00e9rt is fontos ma az \u00e9rdek\u00e9rv\u00e9nyes\u00edt\u0151 k\u00f6z\u00f6ss\u00e9gek szervez\u00e9se, t\u00e1mogat\u00e1sa. Ha a m\u0171vel\u0151d\u00e9s tapasztalt munk\u00e1sai a t\u00e1rsadalmi folyamtokb\u00f3l vezetik le tev\u00e9kenys\u00e9g\u00fcket, akkor bel\u00e1that\u00f3an nem lehet fontosabb dolguk, mint a helyi t\u00e1rsadalmak k\u00f6z\u00f6ss\u00e9geit megteremteni. Az \u00e9rdek\u00e9rv\u00e9nyes\u00edt\u00e9st akar\u00f3 k\u00f6z\u00f6ss\u00e9geket megszervezi, menedzselni. \u00dagy v\u00e9lem, hogy ezek vezethetnek el a val\u00f3ban demokratikus helyi t\u00e1rsadalom kialakul\u00e1s\u00e1ig. Ha ezt nem v\u00e1llaljuk, az elindult v\u00e1ltoz\u00e1s elakadhat f\u00e9l\u00faton. Ha ezt nem v\u00e1llaljuk, sohasem \u00e9rezz\u00fck igaz\u00e1n a \u201chelybelis\u00e9g gy\u0151zelm\u00e9t\u201d, \u00e9s \u201cmindannyionk illet\u00e9kess\u00e9g\u00e9t\u201d.<\/span><\/p>\n","protected":false},"excerpt":{"rendered":"<p>\u201cDobd \u00e1t a sz\u00edvedet az akad\u00e1lyon a tested majd k\u00f6vetni fog.\u201d Mesterem b\u00f6lcsess\u00e9g jutott eszembe r\u00e9gr\u0151l tisztelt bar\u00e1tom r\u00f6pirat\u00e1t olvasva a \u201chelybelis\u00e9g gy\u0151zelm\u00e9r\u0151l\u201d, a \u201cmindannyionk illet\u00e9kess\u00e9g\u00e9r\u0151l\u201d, meg arr\u00f3l, hogy v\u00e9gre \u201cmi magunk agyunk a hatalom\u201d, s hogy nem kell a \u201cmindenhat\u00f3 p\u00e1rtt\u00f3l rettegni\u201d, meghogy a \u201ctan\u00e1csi b\u00fcrokr\u00e1ci\u00e1nak is befellegzett\u201d, mert elj\u00f6tt v\u00e9gre az \u201c\u00f6nkorm\u00e1nyz\u00f3 t\u00e1rsadalom\u201d. [&hellip;]<\/p>\n","protected":false},"author":185,"featured_media":4038,"comment_status":"open","ping_status":"open","sticky":false,"template":"","format":"standard","meta":{"_acf_changed":false,"footnotes":""},"categories":[216,8,7],"tags":[],"coauthors":[222],"class_list":["post-1897","post","type-post","status-publish","format-standard","has-post-thumbnail","hentry","category-parola-1991-2","category-parola-folyoirat","category-repertorium"],"acf":[],"yoast_head":"<!-- This site is optimized with the Yoast SEO plugin v26.7 - https:\/\/yoast.com\/wordpress\/plugins\/seo\/ -->\n<title>\u00c9rdek\u00e9rv\u00e9nyes\u00edt\u0151 k\u00f6z\u00f6ss\u00e9geket!: Szab\u00e1lytalan besz\u00e1mol\u00f3 tanuls\u00e1gos k\u00f6vetkeztet\u00e9sekkel - Parola Foly\u00f3irat<\/title>\n<meta name=\"robots\" content=\"index, follow, max-snippet:-1, max-image-preview:large, max-video-preview:-1\" \/>\n<link rel=\"canonical\" href=\"https:\/\/kofe.hu\/parola\/parola-folyoirat\/1897\/\" \/>\n<meta property=\"og:locale\" content=\"hu_HU\" \/>\n<meta property=\"og:type\" content=\"article\" \/>\n<meta property=\"og:title\" content=\"\u00c9rdek\u00e9rv\u00e9nyes\u00edt\u0151 k\u00f6z\u00f6ss\u00e9geket!: Szab\u00e1lytalan besz\u00e1mol\u00f3 tanuls\u00e1gos k\u00f6vetkeztet\u00e9sekkel - Parola Foly\u00f3irat\" \/>\n<meta property=\"og:description\" content=\"\u201cDobd \u00e1t a sz\u00edvedet az akad\u00e1lyon a tested majd k\u00f6vetni fog.\u201d Mesterem b\u00f6lcsess\u00e9g jutott eszembe r\u00e9gr\u0151l tisztelt bar\u00e1tom r\u00f6pirat\u00e1t olvasva a \u201chelybelis\u00e9g gy\u0151zelm\u00e9r\u0151l\u201d, a \u201cmindannyionk illet\u00e9kess\u00e9g\u00e9r\u0151l\u201d, meg arr\u00f3l, hogy v\u00e9gre \u201cmi magunk agyunk a hatalom\u201d, s hogy nem kell a \u201cmindenhat\u00f3 p\u00e1rtt\u00f3l rettegni\u201d, meghogy a \u201ctan\u00e1csi b\u00fcrokr\u00e1ci\u00e1nak is befellegzett\u201d, mert elj\u00f6tt v\u00e9gre az \u201c\u00f6nkorm\u00e1nyz\u00f3 t\u00e1rsadalom\u201d. [&hellip;]\" \/>\n<meta property=\"og:url\" content=\"https:\/\/kofe.hu\/parola\/parola-folyoirat\/1897\/\" \/>\n<meta property=\"og:site_name\" content=\"Parola Foly\u00f3irat\" \/>\n<meta property=\"article:published_time\" content=\"2020-06-24T11:36:57+00:00\" \/>\n<meta property=\"article:modified_time\" content=\"2020-07-30T09:47:01+00:00\" \/>\n<meta property=\"og:image\" content=\"https:\/\/kofe.hu\/parola\/wp-content\/uploads\/2020\/06\/91.2.jpeg\" \/>\n\t<meta property=\"og:image:width\" content=\"1356\" \/>\n\t<meta property=\"og:image:height\" content=\"1967\" \/>\n\t<meta property=\"og:image:type\" content=\"image\/jpeg\" \/>\n<meta name=\"author\" content=\"Mezei J\u00f3zsef\" \/>\n<meta name=\"twitter:card\" content=\"summary_large_image\" \/>\n<meta name=\"twitter:label1\" content=\"Szerz\u0151:\" \/>\n\t<meta name=\"twitter:data1\" content=\"Mezei J\u00f3zsef\" \/>\n\t<meta name=\"twitter:label2\" content=\"Becs\u00fclt olvas\u00e1si id\u0151\" \/>\n\t<meta name=\"twitter:data2\" content=\"21 perc\" \/>\n\t<meta name=\"twitter:label3\" content=\"Written by\" \/>\n\t<meta name=\"twitter:data3\" content=\"Mezei J\u00f3zsef\" \/>\n<script type=\"application\/ld+json\" class=\"yoast-schema-graph\">{\"@context\":\"https:\/\/schema.org\",\"@graph\":[{\"@type\":\"Article\",\"@id\":\"https:\/\/kofe.hu\/parola\/parola-folyoirat\/1897\/#article\",\"isPartOf\":{\"@id\":\"https:\/\/kofe.hu\/parola\/parola-folyoirat\/1897\/\"},\"author\":{\"name\":\"Mezei J\u00f3zsef\",\"@id\":\"https:\/\/kofe.hu\/parola\/#\/schema\/person\/d5a351bef1b7a88229eb59327ba70bc9\"},\"headline\":\"\u00c9rdek\u00e9rv\u00e9nyes\u00edt\u0151 k\u00f6z\u00f6ss\u00e9geket!: Szab\u00e1lytalan besz\u00e1mol\u00f3 tanuls\u00e1gos k\u00f6vetkeztet\u00e9sekkel\",\"datePublished\":\"2020-06-24T11:36:57+00:00\",\"dateModified\":\"2020-07-30T09:47:01+00:00\",\"mainEntityOfPage\":{\"@id\":\"https:\/\/kofe.hu\/parola\/parola-folyoirat\/1897\/\"},\"wordCount\":4244,\"commentCount\":0,\"image\":{\"@id\":\"https:\/\/kofe.hu\/parola\/parola-folyoirat\/1897\/#primaryimage\"},\"thumbnailUrl\":\"https:\/\/kofe.hu\/parola\/wp-content\/uploads\/2020\/06\/91.2.jpeg\",\"articleSection\":[\"Parola 1991\/2\",\"Parola Foly\u00f3irat\",\"Repert\u00f3rium\"],\"inLanguage\":\"hu\",\"potentialAction\":[{\"@type\":\"CommentAction\",\"name\":\"Comment\",\"target\":[\"https:\/\/kofe.hu\/parola\/parola-folyoirat\/1897\/#respond\"]}]},{\"@type\":\"WebPage\",\"@id\":\"https:\/\/kofe.hu\/parola\/parola-folyoirat\/1897\/\",\"url\":\"https:\/\/kofe.hu\/parola\/parola-folyoirat\/1897\/\",\"name\":\"\u00c9rdek\u00e9rv\u00e9nyes\u00edt\u0151 k\u00f6z\u00f6ss\u00e9geket!: Szab\u00e1lytalan besz\u00e1mol\u00f3 tanuls\u00e1gos k\u00f6vetkeztet\u00e9sekkel - Parola Foly\u00f3irat\",\"isPartOf\":{\"@id\":\"https:\/\/kofe.hu\/parola\/#website\"},\"primaryImageOfPage\":{\"@id\":\"https:\/\/kofe.hu\/parola\/parola-folyoirat\/1897\/#primaryimage\"},\"image\":{\"@id\":\"https:\/\/kofe.hu\/parola\/parola-folyoirat\/1897\/#primaryimage\"},\"thumbnailUrl\":\"https:\/\/kofe.hu\/parola\/wp-content\/uploads\/2020\/06\/91.2.jpeg\",\"datePublished\":\"2020-06-24T11:36:57+00:00\",\"dateModified\":\"2020-07-30T09:47:01+00:00\",\"author\":{\"@id\":\"https:\/\/kofe.hu\/parola\/#\/schema\/person\/d5a351bef1b7a88229eb59327ba70bc9\"},\"breadcrumb\":{\"@id\":\"https:\/\/kofe.hu\/parola\/parola-folyoirat\/1897\/#breadcrumb\"},\"inLanguage\":\"hu\",\"potentialAction\":[{\"@type\":\"ReadAction\",\"target\":[\"https:\/\/kofe.hu\/parola\/parola-folyoirat\/1897\/\"]}]},{\"@type\":\"ImageObject\",\"inLanguage\":\"hu\",\"@id\":\"https:\/\/kofe.hu\/parola\/parola-folyoirat\/1897\/#primaryimage\",\"url\":\"https:\/\/kofe.hu\/parola\/wp-content\/uploads\/2020\/06\/91.2.jpeg\",\"contentUrl\":\"https:\/\/kofe.hu\/parola\/wp-content\/uploads\/2020\/06\/91.2.jpeg\",\"width\":1356,\"height\":1967},{\"@type\":\"BreadcrumbList\",\"@id\":\"https:\/\/kofe.hu\/parola\/parola-folyoirat\/1897\/#breadcrumb\",\"itemListElement\":[{\"@type\":\"ListItem\",\"position\":1,\"name\":\"Home\",\"item\":\"https:\/\/kofe.hu\/parola\/\"},{\"@type\":\"ListItem\",\"position\":2,\"name\":\"\u00c9rdek\u00e9rv\u00e9nyes\u00edt\u0151 k\u00f6z\u00f6ss\u00e9geket!: Szab\u00e1lytalan besz\u00e1mol\u00f3 tanuls\u00e1gos k\u00f6vetkeztet\u00e9sekkel\"}]},{\"@type\":\"WebSite\",\"@id\":\"https:\/\/kofe.hu\/parola\/#website\",\"url\":\"https:\/\/kofe.hu\/parola\/\",\"name\":\"Parola Foly\u00f3irat\",\"description\":\"\",\"potentialAction\":[{\"@type\":\"SearchAction\",\"target\":{\"@type\":\"EntryPoint\",\"urlTemplate\":\"https:\/\/kofe.hu\/parola\/?s={search_term_string}\"},\"query-input\":{\"@type\":\"PropertyValueSpecification\",\"valueRequired\":true,\"valueName\":\"search_term_string\"}}],\"inLanguage\":\"hu\"},{\"@type\":\"Person\",\"@id\":\"https:\/\/kofe.hu\/parola\/#\/schema\/person\/d5a351bef1b7a88229eb59327ba70bc9\",\"name\":\"Mezei J\u00f3zsef\",\"image\":{\"@type\":\"ImageObject\",\"inLanguage\":\"hu\",\"@id\":\"https:\/\/kofe.hu\/parola\/#\/schema\/person\/image\/868fb1983297cdadeda71ddf963eb371\",\"url\":\"https:\/\/secure.gravatar.com\/avatar\/cc1191388c191a423b3a16dbda508d5c0f35566a773b0eaea3e2a4e69eceb9e9?s=96&d=mm&r=g\",\"contentUrl\":\"https:\/\/secure.gravatar.com\/avatar\/cc1191388c191a423b3a16dbda508d5c0f35566a773b0eaea3e2a4e69eceb9e9?s=96&d=mm&r=g\",\"caption\":\"Mezei J\u00f3zsef\"},\"url\":\"https:\/\/kofe.hu\/parola\/szerzok\/mezei-jozsef\/\"}]}<\/script>\n<!-- \/ Yoast SEO plugin. -->","yoast_head_json":{"title":"\u00c9rdek\u00e9rv\u00e9nyes\u00edt\u0151 k\u00f6z\u00f6ss\u00e9geket!: Szab\u00e1lytalan besz\u00e1mol\u00f3 tanuls\u00e1gos k\u00f6vetkeztet\u00e9sekkel - Parola Foly\u00f3irat","robots":{"index":"index","follow":"follow","max-snippet":"max-snippet:-1","max-image-preview":"max-image-preview:large","max-video-preview":"max-video-preview:-1"},"canonical":"https:\/\/kofe.hu\/parola\/parola-folyoirat\/1897\/","og_locale":"hu_HU","og_type":"article","og_title":"\u00c9rdek\u00e9rv\u00e9nyes\u00edt\u0151 k\u00f6z\u00f6ss\u00e9geket!: Szab\u00e1lytalan besz\u00e1mol\u00f3 tanuls\u00e1gos k\u00f6vetkeztet\u00e9sekkel - Parola Foly\u00f3irat","og_description":"\u201cDobd \u00e1t a sz\u00edvedet az akad\u00e1lyon a tested majd k\u00f6vetni fog.\u201d Mesterem b\u00f6lcsess\u00e9g jutott eszembe r\u00e9gr\u0151l tisztelt bar\u00e1tom r\u00f6pirat\u00e1t olvasva a \u201chelybelis\u00e9g gy\u0151zelm\u00e9r\u0151l\u201d, a \u201cmindannyionk illet\u00e9kess\u00e9g\u00e9r\u0151l\u201d, meg arr\u00f3l, hogy v\u00e9gre \u201cmi magunk agyunk a hatalom\u201d, s hogy nem kell a \u201cmindenhat\u00f3 p\u00e1rtt\u00f3l rettegni\u201d, meghogy a \u201ctan\u00e1csi b\u00fcrokr\u00e1ci\u00e1nak is befellegzett\u201d, mert elj\u00f6tt v\u00e9gre az \u201c\u00f6nkorm\u00e1nyz\u00f3 t\u00e1rsadalom\u201d. [&hellip;]","og_url":"https:\/\/kofe.hu\/parola\/parola-folyoirat\/1897\/","og_site_name":"Parola Foly\u00f3irat","article_published_time":"2020-06-24T11:36:57+00:00","article_modified_time":"2020-07-30T09:47:01+00:00","og_image":[{"width":1356,"height":1967,"url":"https:\/\/kofe.hu\/parola\/wp-content\/uploads\/2020\/06\/91.2.jpeg","type":"image\/jpeg"}],"author":"Mezei J\u00f3zsef","twitter_card":"summary_large_image","twitter_misc":{"Szerz\u0151:":"Mezei J\u00f3zsef","Becs\u00fclt olvas\u00e1si id\u0151":"21 perc","Written by":"Mezei J\u00f3zsef"},"schema":{"@context":"https:\/\/schema.org","@graph":[{"@type":"Article","@id":"https:\/\/kofe.hu\/parola\/parola-folyoirat\/1897\/#article","isPartOf":{"@id":"https:\/\/kofe.hu\/parola\/parola-folyoirat\/1897\/"},"author":{"name":"Mezei J\u00f3zsef","@id":"https:\/\/kofe.hu\/parola\/#\/schema\/person\/d5a351bef1b7a88229eb59327ba70bc9"},"headline":"\u00c9rdek\u00e9rv\u00e9nyes\u00edt\u0151 k\u00f6z\u00f6ss\u00e9geket!: Szab\u00e1lytalan besz\u00e1mol\u00f3 tanuls\u00e1gos k\u00f6vetkeztet\u00e9sekkel","datePublished":"2020-06-24T11:36:57+00:00","dateModified":"2020-07-30T09:47:01+00:00","mainEntityOfPage":{"@id":"https:\/\/kofe.hu\/parola\/parola-folyoirat\/1897\/"},"wordCount":4244,"commentCount":0,"image":{"@id":"https:\/\/kofe.hu\/parola\/parola-folyoirat\/1897\/#primaryimage"},"thumbnailUrl":"https:\/\/kofe.hu\/parola\/wp-content\/uploads\/2020\/06\/91.2.jpeg","articleSection":["Parola 1991\/2","Parola Foly\u00f3irat","Repert\u00f3rium"],"inLanguage":"hu","potentialAction":[{"@type":"CommentAction","name":"Comment","target":["https:\/\/kofe.hu\/parola\/parola-folyoirat\/1897\/#respond"]}]},{"@type":"WebPage","@id":"https:\/\/kofe.hu\/parola\/parola-folyoirat\/1897\/","url":"https:\/\/kofe.hu\/parola\/parola-folyoirat\/1897\/","name":"\u00c9rdek\u00e9rv\u00e9nyes\u00edt\u0151 k\u00f6z\u00f6ss\u00e9geket!: Szab\u00e1lytalan besz\u00e1mol\u00f3 tanuls\u00e1gos k\u00f6vetkeztet\u00e9sekkel - Parola Foly\u00f3irat","isPartOf":{"@id":"https:\/\/kofe.hu\/parola\/#website"},"primaryImageOfPage":{"@id":"https:\/\/kofe.hu\/parola\/parola-folyoirat\/1897\/#primaryimage"},"image":{"@id":"https:\/\/kofe.hu\/parola\/parola-folyoirat\/1897\/#primaryimage"},"thumbnailUrl":"https:\/\/kofe.hu\/parola\/wp-content\/uploads\/2020\/06\/91.2.jpeg","datePublished":"2020-06-24T11:36:57+00:00","dateModified":"2020-07-30T09:47:01+00:00","author":{"@id":"https:\/\/kofe.hu\/parola\/#\/schema\/person\/d5a351bef1b7a88229eb59327ba70bc9"},"breadcrumb":{"@id":"https:\/\/kofe.hu\/parola\/parola-folyoirat\/1897\/#breadcrumb"},"inLanguage":"hu","potentialAction":[{"@type":"ReadAction","target":["https:\/\/kofe.hu\/parola\/parola-folyoirat\/1897\/"]}]},{"@type":"ImageObject","inLanguage":"hu","@id":"https:\/\/kofe.hu\/parola\/parola-folyoirat\/1897\/#primaryimage","url":"https:\/\/kofe.hu\/parola\/wp-content\/uploads\/2020\/06\/91.2.jpeg","contentUrl":"https:\/\/kofe.hu\/parola\/wp-content\/uploads\/2020\/06\/91.2.jpeg","width":1356,"height":1967},{"@type":"BreadcrumbList","@id":"https:\/\/kofe.hu\/parola\/parola-folyoirat\/1897\/#breadcrumb","itemListElement":[{"@type":"ListItem","position":1,"name":"Home","item":"https:\/\/kofe.hu\/parola\/"},{"@type":"ListItem","position":2,"name":"\u00c9rdek\u00e9rv\u00e9nyes\u00edt\u0151 k\u00f6z\u00f6ss\u00e9geket!: Szab\u00e1lytalan besz\u00e1mol\u00f3 tanuls\u00e1gos k\u00f6vetkeztet\u00e9sekkel"}]},{"@type":"WebSite","@id":"https:\/\/kofe.hu\/parola\/#website","url":"https:\/\/kofe.hu\/parola\/","name":"Parola Foly\u00f3irat","description":"","potentialAction":[{"@type":"SearchAction","target":{"@type":"EntryPoint","urlTemplate":"https:\/\/kofe.hu\/parola\/?s={search_term_string}"},"query-input":{"@type":"PropertyValueSpecification","valueRequired":true,"valueName":"search_term_string"}}],"inLanguage":"hu"},{"@type":"Person","@id":"https:\/\/kofe.hu\/parola\/#\/schema\/person\/d5a351bef1b7a88229eb59327ba70bc9","name":"Mezei J\u00f3zsef","image":{"@type":"ImageObject","inLanguage":"hu","@id":"https:\/\/kofe.hu\/parola\/#\/schema\/person\/image\/868fb1983297cdadeda71ddf963eb371","url":"https:\/\/secure.gravatar.com\/avatar\/cc1191388c191a423b3a16dbda508d5c0f35566a773b0eaea3e2a4e69eceb9e9?s=96&d=mm&r=g","contentUrl":"https:\/\/secure.gravatar.com\/avatar\/cc1191388c191a423b3a16dbda508d5c0f35566a773b0eaea3e2a4e69eceb9e9?s=96&d=mm&r=g","caption":"Mezei J\u00f3zsef"},"url":"https:\/\/kofe.hu\/parola\/szerzok\/mezei-jozsef\/"}]}},"_links":{"self":[{"href":"https:\/\/kofe.hu\/parola\/wp-json\/wp\/v2\/posts\/1897","targetHints":{"allow":["GET"]}}],"collection":[{"href":"https:\/\/kofe.hu\/parola\/wp-json\/wp\/v2\/posts"}],"about":[{"href":"https:\/\/kofe.hu\/parola\/wp-json\/wp\/v2\/types\/post"}],"author":[{"embeddable":true,"href":"https:\/\/kofe.hu\/parola\/wp-json\/wp\/v2\/users\/185"}],"replies":[{"embeddable":true,"href":"https:\/\/kofe.hu\/parola\/wp-json\/wp\/v2\/comments?post=1897"}],"version-history":[{"count":3,"href":"https:\/\/kofe.hu\/parola\/wp-json\/wp\/v2\/posts\/1897\/revisions"}],"predecessor-version":[{"id":4039,"href":"https:\/\/kofe.hu\/parola\/wp-json\/wp\/v2\/posts\/1897\/revisions\/4039"}],"wp:featuredmedia":[{"embeddable":true,"href":"https:\/\/kofe.hu\/parola\/wp-json\/wp\/v2\/media\/4038"}],"wp:attachment":[{"href":"https:\/\/kofe.hu\/parola\/wp-json\/wp\/v2\/media?parent=1897"}],"wp:term":[{"taxonomy":"category","embeddable":true,"href":"https:\/\/kofe.hu\/parola\/wp-json\/wp\/v2\/categories?post=1897"},{"taxonomy":"post_tag","embeddable":true,"href":"https:\/\/kofe.hu\/parola\/wp-json\/wp\/v2\/tags?post=1897"},{"taxonomy":"author","embeddable":true,"href":"https:\/\/kofe.hu\/parola\/wp-json\/wp\/v2\/coauthors?post=1897"}],"curies":[{"name":"wp","href":"https:\/\/api.w.org\/{rel}","templated":true}]}}