{"id":1891,"date":"2020-06-24T11:29:09","date_gmt":"2020-06-24T11:29:09","guid":{"rendered":"https:\/\/kofe.hu\/parola\/?p=1891"},"modified":"2020-07-30T09:48:31","modified_gmt":"2020-07-30T09:48:31","slug":"az-europa-parlament-konferenciaja-budapesten-1991-majus-15-17a-politika-az-allampolgarok-szolgalataban-es-az-allampolgarok-reszvetele-a-politikaban","status":"publish","type":"post","link":"https:\/\/kofe.hu\/parola\/parola-folyoirat\/az-europa-parlament-konferenciaja-budapesten-1991-majus-15-17a-politika-az-allampolgarok-szolgalataban-es-az-allampolgarok-reszvetele-a-politikaban\/","title":{"rendered":"Az Eur\u00f3pa Parlament konferenci\u00e1ja Budapesten, 1991. m\u00e1jus 15-17:A politika az \u00e1llampolg\u00e1rok szolg\u00e1lat\u00e1ban \u00e9s az \u00e1llampolg\u00e1rok r\u00e9szv\u00e9tele a politik\u00e1ban"},"content":{"rendered":"<p><span style=\"font-family: Times New Roman CE;\">Az Eur\u00f3pa Tan\u00e1cs Parlamenti K\u00f6zgy\u0171l\u00e9se Budapesten rendezett egy rendk\u00edv\u00fcl jelent\u0151s konferenci\u00e1t m\u00e1jus 15-17-\u00e9ig &#8222;Politika \u00e9s \u00e1llampolg\u00e1rok&#8221; c\u00edmmel. A lakoss\u00e1g \u00f6nszervez\u0151 csoportjai, az egyes\u00fcletek, a k\u00fcl\u00f6nf\u00e9le k\u00f6r\u00f6k, mozgalmak a &#8222;nemkorm\u00e1nyzati&#8221; szervezetek (angolul Non-Govemmental Organizations NGOs) milyen belesz\u00f3l\u00e1si, r\u00e9szv\u00e9teli lehet\u0151s\u00e9geket k\u00edn\u00e1lnak az \u00e1llampolg\u00e1roknak a helyi- \u00e9s a &#8222;nagypolitik\u00e1ban&#8221; val\u00f3 r\u00e9szv\u00e9telre? <\/span><\/p>\n<p><!--more--><\/p>\n<p><span style=\"font-family: Times New Roman CE;\">Ezzel a k\u00e9rd\u00e9ssel foglalkoztak a h\u00e1rom napon kereszt\u00fcl mindazok, akik az Eur\u00f3pa Parlament, az egyes orsz\u00e1gok nemzeti parlamentjel \u00e9s a k\u00fcl\u00f6nb\u00f6z\u0151 \u00f6nszervez\u0151d\u0151 csoportok k\u00e9pviselet\u00e9ben &#8211; \u00f6sszesen vagy 250-en &#8211; megh\u00edv\u00e1st kaptak a tal\u00e1lkoz\u00f3ra.<\/span><\/p>\n<p><span style=\"font-family: Times New Roman CE;\">A K\u00f6z\u00f6ss\u00e9gfejleszt\u0151k Egyes\u00fclete az ICEA (lntemational Community Education Association) egyik tagszervezetek\u00e9nt k\u00e9t f\u0151ve) megh\u00edv\u00e1st kapott a konferenci\u00e1ra, amelyen Gergely Attil\u00e1val ketten k\u00e9pviselt\u00fck szervezet\u00fcnket. N\u00e9h\u00e1ny gondolatot f\u00f6lid\u00e9z\u00fcnk az eszmecser\u00e9b\u0151l, amelyen magunk is f\u00f6lsz\u00f3laltunk az egyik munkacsoportban.<\/span><\/p>\n<p><span style=\"font-family: Times New Roman CE;\">Tapasztalati t\u00e9ny, hogy elfordul\u00f3ban vannak mindenfel\u00e9 az \u00e1llampolg\u00e1rok a politik\u00e1t\u00f3l &#8211; ezt jelzik az alacsony szavazati-r\u00e9szv\u00e9teli ar\u00e1nyok, m\u00e9g akik el is mentek, azok is ki\u00e1br\u00e1ndultan visszah\u00faz\u00f3dnak a szavaz\u00e1sokat k\u00f6vet\u0151en. Hiszen igen gyakran csal\u00f3d\u00e1st keltenek a &#8222;kiv\u00e1lasztottaik&#8221;, s a politik\u00e1ban a polg\u00e1rok r\u00e9szv\u00e9tel\u00e9nek m\u00e1s, k\u00f6zvetlenebb form\u00e1ja nem el\u00e9g ismert m\u00e9g a polg\u00e1ri demokr\u00e1ci\u00e1ban gyakorlottabb orsz\u00e1gokban sem. Ezek a jelens\u00e9gek azt\u00e1n k\u00fcl\u00f6n\u00f6sen indokoltt\u00e1 teszik, hogy a p\u00e1rtokon, a korm\u00e1nyz\u00e1sban k\u00f6zvetlen\u00fcl r\u00e9szt vev\u0151 politikai szervezeteken k\u00edv\u00fcl valamilyen kerete, s kezdem\u00e9nyez\u0151 lehet\u0151s\u00e9ge legyen a lak\u00f3polg\u00e1roknak saj\u00e1t \u00e9s k\u00f6rnyezet\u00fck sors\u00e1nak alakul\u00e1s\u00e1ban-alak\u00edt\u00e1s\u00e1ban.<\/span><\/p>\n<p><span style=\"font-family: Times New Roman CE;\">Mik\u00f6zben a politikai p\u00e1rtok ideol\u00f3gi\u00e1j\u00e1nak b\u0171v\u00f6let\u00e9ben \u00e9l\u00fcnk &#8211; fogalmazt\u00e1k az angol \u00e9s a francia r\u00e9sztvev\u0151k is &#8211; sz\u00fcks\u00e9ges a hozz\u00e1f\u00e9r\u00e9s, a politik\u00e1ban val\u00f3 r\u00e9szv\u00e9tel er\u0151s\u00edt\u00e9se az \u00f6nk\u00e9ntes szervezetek \u00e1ltal. Ki kell sz\u00e9les\u00edteni a hatalomhoz val\u00f3 hozz\u00e1f\u00e9r\u00e9st a h\u00e1tr\u00e1nyos helyzet\u0171ekre, s \u00e1ltal\u00e1ban a kisebbs\u00e9gekre is. \u00dajra rangot kellene adni a k\u00f6z\u00f6ss\u00e9g \u00e9rdek\u00e9ben v\u00e9gzett munk\u00e1nak, m\u00e1r csak az\u00e9rt is, mert az \u00fajb\u00f3l kezdem\u00e9nyez\u00e9sek ritk\u00e1n sz\u00e1rmaznak a hivatalokt\u00f3l, az \u00e1llamappar\u00e1tusb\u00f3l, ink\u00e1bb a polg\u00e1rokt\u00f3l vagy azok k\u00f6z\u00f6ss\u00e9geit\u0151l.<\/span><\/p>\n<p><span style=\"font-family: Times New Roman CE;\">K\u00fcl\u00f6n\u00f6sen szenved\u00e9lyesen sz\u00f3lt a nem \u00e1llami szervezet (NGO) \u00e9rdek\u00e9ben az egyik olasz parlamenti k\u00e9pvisel\u0151, aki \u00edgy fogalmazott: Berozsd\u00e1sodott a nyugati \u00e9s a keleti demokr\u00e1cia is. Az \u00f6nk\u00e9ntes munka felkarol\u00e1sa nem valami luxus, nem sz\u00edvess\u00e9g a korm\u00e1nyzati szervek r\u00e9sz\u00e9r\u0151l, hanem \u00e9ppen ellenkez\u0151leg, egy befektet\u00e9s, egy j\u00f3l megt\u00e9r\u00fclt befektet\u00e9s, az\u00e9rt ezt az \u00e1llamnak minden eszk\u00f6zzel k\u00f6teless\u00e9ge t\u00e1mogatni. Ami az anyagi finansz\u00edroz\u00e1st illeti, fontos k\u00f6zfunkci\u00f3kat l\u00e1tnak el ezek a szervezetek, az \u00e1llam int\u00e9zm\u00e9nyei helyett v\u00e9gzik el ezeket az \u00e1llampolg\u00e1rok saj\u00e1t int\u00e9zm\u00e9nyei, &#8211; teh\u00e1t j\u00e1r nekik az anyagi t\u00e1mogat\u00e1s.<\/span><\/p>\n<p><span style=\"font-family: Times New Roman CE;\">\u00c1ltal\u00e1ban a nyugati orsz\u00e1gok k\u00e9pvisel\u0151i k\u00fcl\u00f6n\u00f6s f\u00e9lt\u0151 felel\u0151ss\u00e9ggel sz\u00f3ltak a keleti orsz\u00e1gokhoz, nehogy azok kritik\u00e1tlan m\u00e1sol\u00e1sra t\u00f6rekedjenek. Dirk Jarre &#8211; aki az Eur\u00f3pa Tan\u00e1cs egyik n\u00e9pj\u00f3l\u00e9ti szak\u00e9rt\u0151je &#8211; \u00edgy tette f\u00f6l a k\u00e9rd\u00e9st: &#8222;\u00d6sszeomlott a szocialista rendszer, de vajon ennyire j\u00f3 a nyugat-eur\u00f3pai rendszer, hogy m\u00e1s alternat\u00edv\u00e1ja nincs is? Nem kellene e dial\u00f3gus a k\u00f6z\u00f6s v\u00e1lasz keres\u00e9s\u00e9re?&#8221; Arr\u00f3l m\u00e1r \u00f6sszefoglal\u00f3j\u00e1ban besz\u00e9lt, hogy a demokr\u00e1cia nem k\u0151be v\u00e9sett \u00f6r\u00f6kk\u00f6n \u00e9rv\u00e9nyes parancsolatok \u00e9s megold\u00e1sok rendszere, hanem annak id\u0151ben \u00e1lland\u00f3an v\u00e1ltoz\u00f3-alkalmazkod\u00f3 form\u00e1inak kell kialakulniuk. \u00c9s t\u00e9rben is m\u00e1s-m\u00e1s von\u00e1sai rajzol\u00f3dnak er\u0151sebben. Az egyes eur\u00f3pai orsz\u00e1gok k\u00fcl\u00f6nb\u00f6z\u0151s\u00e9ge igen fontos \u00e9rt\u00e9k &#8211; ezeket kellene meg\u0151rizni \u00e9s tov\u00e1bbfejleszteni. A pluralizmus az identit\u00e1s egyik garanci\u00e1ja.<\/span><br \/>\n<span style=\"font-family: Times New Roman CE;\">Az egyik munkacsoportban arr\u00f3l folyt hossz\u00fa dial\u00f3gus, hogy a k\u00fcl\u00f6nf\u00e9le m\u00e9di\u00e1knak is szolg\u00e1lniuk kellene ezeket a nemkorm\u00e1nyzati szervezeteket, ezekben is biztos\u00edtani sz\u00fcks\u00e9ges a r\u00e9szv\u00e9telt, a hozz\u00e1f\u00e9r\u00e9s lehet\u0151s\u00e9g\u00e9t. Ehelyett ezek a m\u00e9di\u00e1k nem a pontos inform\u00e1ci\u00f3kra figyelnek, hanem els\u0151sorban l\u00e1tv\u00e1nyt, akarnak ny\u00fajtani. Gyakran h\u00e1tat ford\u00edtanak a probl\u00e9m\u00e1k m\u00e9lyrehat\u00f3 elemz\u00e9s\u00e9nek. S mivel a NGO szervezeteknek nem ilyen l\u00e1tv\u00e1nyosnak, szenz\u00e1ci\u00f3 \u00e9rt\u00e9k\u0171nek tekinthet\u0151 a m\u0171k\u00f6d\u00e9s\u00fck, azokr\u00f3l a t\u00f6megkommunik\u00e1ci\u00f3s m\u00e9di\u00e1k alig sz\u00e1molnak be. Pedig az alult\u00e1j\u00e9kozott polg\u00e1r nem tud j\u00f3 \u00e1llampolg\u00e1r lenni. Ehhez persze az \u0151 nyelv\u00e9n, az \u0151 st\u00edlus\u00e1ban kellene hogy sz\u00f3ljanak ezek az eszk\u00f6z\u00f6k, ha t\u00e9nylegesen fel akarn\u00e1k v\u00e1llalni az \u00e1llampolg\u00e1rok mozg\u00f3s\u00edt\u00e1s\u00e1t.<\/span><\/p>\n<p><span style=\"font-family: Times New Roman CE;\">Sz\u00f3ba ker\u00fclt, hogy az \u00e1llami \u00e1s kereskedelmi r\u00e1di\u00f3k mellett olyan nonprofit szervez\u0151d\u00e9s\u0171 helyi r\u00e1di\u00f3k is kellen\u00e9nek, amelyeket p\u00e9ld\u00e1ul k\u00fcl\u00f6nf\u00e9le \u00f6nszervez\u0151 k\u00f6z\u00f6ss\u00e9gek m\u0171k\u00f6dtetnek. (Ez a k\u00e9rd\u00e9s k\u00fcl\u00f6n\u00f6sen \u00e9rdekelt benn\u00fcnket, hiszen k\u00fcsz\u00f6b\u00f6n \u00e1ll idehaza is a helyi r\u00e1di\u00f3k beindul\u00e1sa. B\u00e1r csak \u00e9rint\u0151legesen esett sz\u00f3 az \u00fcl\u00e9seken azokr\u00f3l, kapcsolatokat \u00e9s n\u00e9h\u00e1ny tanulm\u00e1nyt is szerezt\u00fcnk a t\u00e9m\u00e1r\u00f3l, amelyeket a k\u00f6zeli id\u0151ben szeretn\u00e9nk f\u00f6ldolgozni \u00e9s k\u00f6zz\u00e9tenni.<\/span><\/p>\n<p><span style=\"font-family: Times New Roman CE;\">A kelet-eur\u00f3pai r\u00e9sztvev\u0151k f\u0151k\u00e9nt ezeknek az orsz\u00e1goknak a rendszerv\u00e1lt\u00e1s k\u00f6r\u00fcli neh\u00e9zs\u00e9g\u00e9ir\u0151l besz\u00e9ltek. A konferenci\u00e1t k\u00fcsz\u00f6nt\u0151 Szabad Gy\u00f6rgy is azt emlegette, hogy mi itt a diktat\u00fara m\u00e1snapj\u00e1n vagyunk m\u00e9g, hogy a v\u00e1laszt\u00e1sokon egy olyan n\u00e9p v\u00e1lasztolt, amely maga is a diktat\u00far\u00e1ban nevelkedett. Ez\u00e9rt is, az \u00f6nkorrekci\u00f3ra val\u00f3 folyamatos k\u00e9szen\u00e1ll\u00e1s miatt (lenne) fontos n\u00e1lunk a civil t\u00e1rsadalom k\u00f6zrem\u0171k\u00f6d\u00e9se, illetve annak az \u00f6nkorm\u00e1nyz\u00e1sba t\u00f6rt\u00e9n\u0151 bevon\u00e1sa.<\/span><\/p>\n<p><span style=\"font-family: Times New Roman CE;\">V\u00e9g\u00fcl is az el\u0151ad\u00e1sokb\u00f3l; vit\u00e1kb\u00f3l j\u00f3l kirajzol\u00f3dott, hogy a demokratikus rendszerek k\u00e9tf\u00e9le technik\u00e1j\u00e1nak er\u0151teljes t\u00e1volod\u00e1sa k\u00e9sztethette a konferencia kezdem\u00e9nyez\u0151it a dial\u00f3gus meghirdet\u00e9s\u00e9re. Erezhet\u0151 volt a k\u00e9pviseleti demokr\u00e1cia &#8211; ha professzionaliz\u00e1l\u00f3dik is, val\u00f3sz\u00edn\u0171leg nem tud tart\u00f3san meg\u00e9lni az \u00e1ltala k\u00e9pviseltek r\u00e9szleges, alkalmi vagy rendszeres jelenl\u00e9te n\u00e9lk\u00fcl. A v\u00e1lasztott k\u00e9pvisel\u0151knek &#8211; a rendszer eg\u00e9sz\u00e9nek is &#8211; igazi legitimit\u00e1s\u00e1t nem a ciklus elej\u00e9n t\u00f6rt\u00e9nt egyetlen \u00e1llampolg\u00e1ri &#8222;beavatkoz\u00e1s&#8221;, aktivit\u00e1s: a v\u00e1laszt\u00e1son val\u00f3 egyszeri megjelen\u00e9s adja, hanem a folyamatos r\u00e9szv\u00e9tel dimenzi\u00f3inak a megtal\u00e1l\u00e1sa \u00e9s bet\u00f6lt\u00e9se. Az \u00f6nkorm\u00e1nyz\u00e1s ide\u00e1lis rendszer\u00e9ben teh\u00e1t a k\u00e9pviseleti \u00e9s a r\u00e9szv\u00e9teli demokr\u00e1cia egym\u00e1st felt\u00e9telez\u0151 \u00e9s kieg\u00e9sz\u00edt\u0151 technik\u00e1ja egyenrang\u00fa jelent\u0151s\u00e9get \u00e9s lehet\u0151s\u00e9get kap.<\/span><\/p>\n","protected":false},"excerpt":{"rendered":"<p>Az Eur\u00f3pa Tan\u00e1cs Parlamenti K\u00f6zgy\u0171l\u00e9se Budapesten rendezett egy rendk\u00edv\u00fcl jelent\u0151s konferenci\u00e1t m\u00e1jus 15-17-\u00e9ig &#8222;Politika \u00e9s \u00e1llampolg\u00e1rok&#8221; c\u00edmmel. A lakoss\u00e1g \u00f6nszervez\u0151 csoportjai, az egyes\u00fcletek, a k\u00fcl\u00f6nf\u00e9le k\u00f6r\u00f6k, mozgalmak a &#8222;nemkorm\u00e1nyzati&#8221; szervezetek (angolul Non-Govemmental Organizations NGOs) milyen belesz\u00f3l\u00e1si, r\u00e9szv\u00e9teli lehet\u0151s\u00e9geket k\u00edn\u00e1lnak az \u00e1llampolg\u00e1roknak a helyi- \u00e9s a &#8222;nagypolitik\u00e1ban&#8221; val\u00f3 r\u00e9szv\u00e9telre?<\/p>\n","protected":false},"author":15,"featured_media":4038,"comment_status":"open","ping_status":"open","sticky":false,"template":"","format":"standard","meta":{"_acf_changed":false,"footnotes":""},"categories":[216,8,7],"tags":[],"coauthors":[23],"class_list":["post-1891","post","type-post","status-publish","format-standard","has-post-thumbnail","hentry","category-parola-1991-2","category-parola-folyoirat","category-repertorium"],"acf":[],"yoast_head":"<!-- This site is optimized with the Yoast SEO plugin v26.7 - https:\/\/yoast.com\/wordpress\/plugins\/seo\/ -->\n<title>Az Eur\u00f3pa Parlament konferenci\u00e1ja Budapesten, 1991. m\u00e1jus 15-17:A politika az \u00e1llampolg\u00e1rok szolg\u00e1lat\u00e1ban \u00e9s az \u00e1llampolg\u00e1rok r\u00e9szv\u00e9tele a politik\u00e1ban - Parola Foly\u00f3irat<\/title>\n<meta name=\"robots\" content=\"index, follow, max-snippet:-1, max-image-preview:large, max-video-preview:-1\" \/>\n<link rel=\"canonical\" href=\"https:\/\/kofe.hu\/parola\/parola-folyoirat\/az-europa-parlament-konferenciaja-budapesten-1991-majus-15-17a-politika-az-allampolgarok-szolgalataban-es-az-allampolgarok-reszvetele-a-politikaban\/\" \/>\n<meta property=\"og:locale\" content=\"hu_HU\" \/>\n<meta property=\"og:type\" content=\"article\" \/>\n<meta property=\"og:title\" content=\"Az Eur\u00f3pa Parlament konferenci\u00e1ja Budapesten, 1991. m\u00e1jus 15-17:A politika az \u00e1llampolg\u00e1rok szolg\u00e1lat\u00e1ban \u00e9s az \u00e1llampolg\u00e1rok r\u00e9szv\u00e9tele a politik\u00e1ban - Parola Foly\u00f3irat\" \/>\n<meta property=\"og:description\" content=\"Az Eur\u00f3pa Tan\u00e1cs Parlamenti K\u00f6zgy\u0171l\u00e9se Budapesten rendezett egy rendk\u00edv\u00fcl jelent\u0151s konferenci\u00e1t m\u00e1jus 15-17-\u00e9ig &#8222;Politika \u00e9s \u00e1llampolg\u00e1rok&#8221; c\u00edmmel. A lakoss\u00e1g \u00f6nszervez\u0151 csoportjai, az egyes\u00fcletek, a k\u00fcl\u00f6nf\u00e9le k\u00f6r\u00f6k, mozgalmak a &#8222;nemkorm\u00e1nyzati&#8221; szervezetek (angolul Non-Govemmental Organizations NGOs) milyen belesz\u00f3l\u00e1si, r\u00e9szv\u00e9teli lehet\u0151s\u00e9geket k\u00edn\u00e1lnak az \u00e1llampolg\u00e1roknak a helyi- \u00e9s a &#8222;nagypolitik\u00e1ban&#8221; val\u00f3 r\u00e9szv\u00e9telre?\" \/>\n<meta property=\"og:url\" content=\"https:\/\/kofe.hu\/parola\/parola-folyoirat\/az-europa-parlament-konferenciaja-budapesten-1991-majus-15-17a-politika-az-allampolgarok-szolgalataban-es-az-allampolgarok-reszvetele-a-politikaban\/\" \/>\n<meta property=\"og:site_name\" content=\"Parola Foly\u00f3irat\" \/>\n<meta property=\"article:published_time\" content=\"2020-06-24T11:29:09+00:00\" \/>\n<meta property=\"article:modified_time\" content=\"2020-07-30T09:48:31+00:00\" \/>\n<meta property=\"og:image\" content=\"https:\/\/kofe.hu\/parola\/wp-content\/uploads\/2020\/06\/91.2.jpeg\" \/>\n\t<meta property=\"og:image:width\" content=\"1356\" \/>\n\t<meta property=\"og:image:height\" content=\"1967\" \/>\n\t<meta property=\"og:image:type\" content=\"image\/jpeg\" \/>\n<meta name=\"author\" content=\"P\u00e9terfi Ferenc\" \/>\n<meta name=\"twitter:card\" content=\"summary_large_image\" \/>\n<meta name=\"twitter:label1\" content=\"Szerz\u0151:\" \/>\n\t<meta name=\"twitter:data1\" content=\"P\u00e9terfi Ferenc\" \/>\n\t<meta name=\"twitter:label2\" content=\"Becs\u00fclt olvas\u00e1si id\u0151\" \/>\n\t<meta name=\"twitter:data2\" content=\"7 perc\" \/>\n\t<meta name=\"twitter:label3\" content=\"Written by\" \/>\n\t<meta name=\"twitter:data3\" content=\"P\u00e9terfi Ferenc\" \/>\n<script type=\"application\/ld+json\" class=\"yoast-schema-graph\">{\"@context\":\"https:\/\/schema.org\",\"@graph\":[{\"@type\":\"Article\",\"@id\":\"https:\/\/kofe.hu\/parola\/parola-folyoirat\/az-europa-parlament-konferenciaja-budapesten-1991-majus-15-17a-politika-az-allampolgarok-szolgalataban-es-az-allampolgarok-reszvetele-a-politikaban\/#article\",\"isPartOf\":{\"@id\":\"https:\/\/kofe.hu\/parola\/parola-folyoirat\/az-europa-parlament-konferenciaja-budapesten-1991-majus-15-17a-politika-az-allampolgarok-szolgalataban-es-az-allampolgarok-reszvetele-a-politikaban\/\"},\"author\":{\"name\":\"P\u00e9terfi Ferenc\",\"@id\":\"https:\/\/kofe.hu\/parola\/#\/schema\/person\/46297a12b269c035523fdcd019f91711\"},\"headline\":\"Az Eur\u00f3pa Parlament konferenci\u00e1ja Budapesten, 1991. m\u00e1jus 15-17:A politika az \u00e1llampolg\u00e1rok szolg\u00e1lat\u00e1ban \u00e9s az \u00e1llampolg\u00e1rok r\u00e9szv\u00e9tele a politik\u00e1ban\",\"datePublished\":\"2020-06-24T11:29:09+00:00\",\"dateModified\":\"2020-07-30T09:48:31+00:00\",\"mainEntityOfPage\":{\"@id\":\"https:\/\/kofe.hu\/parola\/parola-folyoirat\/az-europa-parlament-konferenciaja-budapesten-1991-majus-15-17a-politika-az-allampolgarok-szolgalataban-es-az-allampolgarok-reszvetele-a-politikaban\/\"},\"wordCount\":1362,\"commentCount\":0,\"image\":{\"@id\":\"https:\/\/kofe.hu\/parola\/parola-folyoirat\/az-europa-parlament-konferenciaja-budapesten-1991-majus-15-17a-politika-az-allampolgarok-szolgalataban-es-az-allampolgarok-reszvetele-a-politikaban\/#primaryimage\"},\"thumbnailUrl\":\"https:\/\/kofe.hu\/parola\/wp-content\/uploads\/2020\/06\/91.2.jpeg\",\"articleSection\":[\"Parola 1991\/2\",\"Parola Foly\u00f3irat\",\"Repert\u00f3rium\"],\"inLanguage\":\"hu\",\"potentialAction\":[{\"@type\":\"CommentAction\",\"name\":\"Comment\",\"target\":[\"https:\/\/kofe.hu\/parola\/parola-folyoirat\/az-europa-parlament-konferenciaja-budapesten-1991-majus-15-17a-politika-az-allampolgarok-szolgalataban-es-az-allampolgarok-reszvetele-a-politikaban\/#respond\"]}]},{\"@type\":\"WebPage\",\"@id\":\"https:\/\/kofe.hu\/parola\/parola-folyoirat\/az-europa-parlament-konferenciaja-budapesten-1991-majus-15-17a-politika-az-allampolgarok-szolgalataban-es-az-allampolgarok-reszvetele-a-politikaban\/\",\"url\":\"https:\/\/kofe.hu\/parola\/parola-folyoirat\/az-europa-parlament-konferenciaja-budapesten-1991-majus-15-17a-politika-az-allampolgarok-szolgalataban-es-az-allampolgarok-reszvetele-a-politikaban\/\",\"name\":\"Az Eur\u00f3pa Parlament konferenci\u00e1ja Budapesten, 1991. m\u00e1jus 15-17:A politika az \u00e1llampolg\u00e1rok szolg\u00e1lat\u00e1ban \u00e9s az \u00e1llampolg\u00e1rok r\u00e9szv\u00e9tele a politik\u00e1ban - Parola Foly\u00f3irat\",\"isPartOf\":{\"@id\":\"https:\/\/kofe.hu\/parola\/#website\"},\"primaryImageOfPage\":{\"@id\":\"https:\/\/kofe.hu\/parola\/parola-folyoirat\/az-europa-parlament-konferenciaja-budapesten-1991-majus-15-17a-politika-az-allampolgarok-szolgalataban-es-az-allampolgarok-reszvetele-a-politikaban\/#primaryimage\"},\"image\":{\"@id\":\"https:\/\/kofe.hu\/parola\/parola-folyoirat\/az-europa-parlament-konferenciaja-budapesten-1991-majus-15-17a-politika-az-allampolgarok-szolgalataban-es-az-allampolgarok-reszvetele-a-politikaban\/#primaryimage\"},\"thumbnailUrl\":\"https:\/\/kofe.hu\/parola\/wp-content\/uploads\/2020\/06\/91.2.jpeg\",\"datePublished\":\"2020-06-24T11:29:09+00:00\",\"dateModified\":\"2020-07-30T09:48:31+00:00\",\"author\":{\"@id\":\"https:\/\/kofe.hu\/parola\/#\/schema\/person\/46297a12b269c035523fdcd019f91711\"},\"breadcrumb\":{\"@id\":\"https:\/\/kofe.hu\/parola\/parola-folyoirat\/az-europa-parlament-konferenciaja-budapesten-1991-majus-15-17a-politika-az-allampolgarok-szolgalataban-es-az-allampolgarok-reszvetele-a-politikaban\/#breadcrumb\"},\"inLanguage\":\"hu\",\"potentialAction\":[{\"@type\":\"ReadAction\",\"target\":[\"https:\/\/kofe.hu\/parola\/parola-folyoirat\/az-europa-parlament-konferenciaja-budapesten-1991-majus-15-17a-politika-az-allampolgarok-szolgalataban-es-az-allampolgarok-reszvetele-a-politikaban\/\"]}]},{\"@type\":\"ImageObject\",\"inLanguage\":\"hu\",\"@id\":\"https:\/\/kofe.hu\/parola\/parola-folyoirat\/az-europa-parlament-konferenciaja-budapesten-1991-majus-15-17a-politika-az-allampolgarok-szolgalataban-es-az-allampolgarok-reszvetele-a-politikaban\/#primaryimage\",\"url\":\"https:\/\/kofe.hu\/parola\/wp-content\/uploads\/2020\/06\/91.2.jpeg\",\"contentUrl\":\"https:\/\/kofe.hu\/parola\/wp-content\/uploads\/2020\/06\/91.2.jpeg\",\"width\":1356,\"height\":1967},{\"@type\":\"BreadcrumbList\",\"@id\":\"https:\/\/kofe.hu\/parola\/parola-folyoirat\/az-europa-parlament-konferenciaja-budapesten-1991-majus-15-17a-politika-az-allampolgarok-szolgalataban-es-az-allampolgarok-reszvetele-a-politikaban\/#breadcrumb\",\"itemListElement\":[{\"@type\":\"ListItem\",\"position\":1,\"name\":\"Home\",\"item\":\"https:\/\/kofe.hu\/parola\/\"},{\"@type\":\"ListItem\",\"position\":2,\"name\":\"Az Eur\u00f3pa Parlament konferenci\u00e1ja Budapesten, 1991. m\u00e1jus 15-17:A politika az \u00e1llampolg\u00e1rok szolg\u00e1lat\u00e1ban \u00e9s az \u00e1llampolg\u00e1rok r\u00e9szv\u00e9tele a politik\u00e1ban\"}]},{\"@type\":\"WebSite\",\"@id\":\"https:\/\/kofe.hu\/parola\/#website\",\"url\":\"https:\/\/kofe.hu\/parola\/\",\"name\":\"Parola Foly\u00f3irat\",\"description\":\"\",\"potentialAction\":[{\"@type\":\"SearchAction\",\"target\":{\"@type\":\"EntryPoint\",\"urlTemplate\":\"https:\/\/kofe.hu\/parola\/?s={search_term_string}\"},\"query-input\":{\"@type\":\"PropertyValueSpecification\",\"valueRequired\":true,\"valueName\":\"search_term_string\"}}],\"inLanguage\":\"hu\"},{\"@type\":\"Person\",\"@id\":\"https:\/\/kofe.hu\/parola\/#\/schema\/person\/46297a12b269c035523fdcd019f91711\",\"name\":\"P\u00e9terfi Ferenc\",\"image\":{\"@type\":\"ImageObject\",\"inLanguage\":\"hu\",\"@id\":\"https:\/\/kofe.hu\/parola\/#\/schema\/person\/image\/d173d0cf20d3d8748a6819cd4d17d68c\",\"url\":\"https:\/\/secure.gravatar.com\/avatar\/523e0b801b986785c16f8e37b642a318cb28abdc4915fa26e5b257b5a3902afc?s=96&d=mm&r=g\",\"contentUrl\":\"https:\/\/secure.gravatar.com\/avatar\/523e0b801b986785c16f8e37b642a318cb28abdc4915fa26e5b257b5a3902afc?s=96&d=mm&r=g\",\"caption\":\"P\u00e9terfi Ferenc\"},\"url\":\"https:\/\/kofe.hu\/parola\/szerzok\/peterfi-ferenc\/\"}]}<\/script>\n<!-- \/ Yoast SEO plugin. -->","yoast_head_json":{"title":"Az Eur\u00f3pa Parlament konferenci\u00e1ja Budapesten, 1991. m\u00e1jus 15-17:A politika az \u00e1llampolg\u00e1rok szolg\u00e1lat\u00e1ban \u00e9s az \u00e1llampolg\u00e1rok r\u00e9szv\u00e9tele a politik\u00e1ban - Parola Foly\u00f3irat","robots":{"index":"index","follow":"follow","max-snippet":"max-snippet:-1","max-image-preview":"max-image-preview:large","max-video-preview":"max-video-preview:-1"},"canonical":"https:\/\/kofe.hu\/parola\/parola-folyoirat\/az-europa-parlament-konferenciaja-budapesten-1991-majus-15-17a-politika-az-allampolgarok-szolgalataban-es-az-allampolgarok-reszvetele-a-politikaban\/","og_locale":"hu_HU","og_type":"article","og_title":"Az Eur\u00f3pa Parlament konferenci\u00e1ja Budapesten, 1991. m\u00e1jus 15-17:A politika az \u00e1llampolg\u00e1rok szolg\u00e1lat\u00e1ban \u00e9s az \u00e1llampolg\u00e1rok r\u00e9szv\u00e9tele a politik\u00e1ban - Parola Foly\u00f3irat","og_description":"Az Eur\u00f3pa Tan\u00e1cs Parlamenti K\u00f6zgy\u0171l\u00e9se Budapesten rendezett egy rendk\u00edv\u00fcl jelent\u0151s konferenci\u00e1t m\u00e1jus 15-17-\u00e9ig &#8222;Politika \u00e9s \u00e1llampolg\u00e1rok&#8221; c\u00edmmel. A lakoss\u00e1g \u00f6nszervez\u0151 csoportjai, az egyes\u00fcletek, a k\u00fcl\u00f6nf\u00e9le k\u00f6r\u00f6k, mozgalmak a &#8222;nemkorm\u00e1nyzati&#8221; szervezetek (angolul Non-Govemmental Organizations NGOs) milyen belesz\u00f3l\u00e1si, r\u00e9szv\u00e9teli lehet\u0151s\u00e9geket k\u00edn\u00e1lnak az \u00e1llampolg\u00e1roknak a helyi- \u00e9s a &#8222;nagypolitik\u00e1ban&#8221; val\u00f3 r\u00e9szv\u00e9telre?","og_url":"https:\/\/kofe.hu\/parola\/parola-folyoirat\/az-europa-parlament-konferenciaja-budapesten-1991-majus-15-17a-politika-az-allampolgarok-szolgalataban-es-az-allampolgarok-reszvetele-a-politikaban\/","og_site_name":"Parola Foly\u00f3irat","article_published_time":"2020-06-24T11:29:09+00:00","article_modified_time":"2020-07-30T09:48:31+00:00","og_image":[{"width":1356,"height":1967,"url":"https:\/\/kofe.hu\/parola\/wp-content\/uploads\/2020\/06\/91.2.jpeg","type":"image\/jpeg"}],"author":"P\u00e9terfi Ferenc","twitter_card":"summary_large_image","twitter_misc":{"Szerz\u0151:":"P\u00e9terfi Ferenc","Becs\u00fclt olvas\u00e1si id\u0151":"7 perc","Written by":"P\u00e9terfi Ferenc"},"schema":{"@context":"https:\/\/schema.org","@graph":[{"@type":"Article","@id":"https:\/\/kofe.hu\/parola\/parola-folyoirat\/az-europa-parlament-konferenciaja-budapesten-1991-majus-15-17a-politika-az-allampolgarok-szolgalataban-es-az-allampolgarok-reszvetele-a-politikaban\/#article","isPartOf":{"@id":"https:\/\/kofe.hu\/parola\/parola-folyoirat\/az-europa-parlament-konferenciaja-budapesten-1991-majus-15-17a-politika-az-allampolgarok-szolgalataban-es-az-allampolgarok-reszvetele-a-politikaban\/"},"author":{"name":"P\u00e9terfi Ferenc","@id":"https:\/\/kofe.hu\/parola\/#\/schema\/person\/46297a12b269c035523fdcd019f91711"},"headline":"Az Eur\u00f3pa Parlament konferenci\u00e1ja Budapesten, 1991. m\u00e1jus 15-17:A politika az \u00e1llampolg\u00e1rok szolg\u00e1lat\u00e1ban \u00e9s az \u00e1llampolg\u00e1rok r\u00e9szv\u00e9tele a politik\u00e1ban","datePublished":"2020-06-24T11:29:09+00:00","dateModified":"2020-07-30T09:48:31+00:00","mainEntityOfPage":{"@id":"https:\/\/kofe.hu\/parola\/parola-folyoirat\/az-europa-parlament-konferenciaja-budapesten-1991-majus-15-17a-politika-az-allampolgarok-szolgalataban-es-az-allampolgarok-reszvetele-a-politikaban\/"},"wordCount":1362,"commentCount":0,"image":{"@id":"https:\/\/kofe.hu\/parola\/parola-folyoirat\/az-europa-parlament-konferenciaja-budapesten-1991-majus-15-17a-politika-az-allampolgarok-szolgalataban-es-az-allampolgarok-reszvetele-a-politikaban\/#primaryimage"},"thumbnailUrl":"https:\/\/kofe.hu\/parola\/wp-content\/uploads\/2020\/06\/91.2.jpeg","articleSection":["Parola 1991\/2","Parola Foly\u00f3irat","Repert\u00f3rium"],"inLanguage":"hu","potentialAction":[{"@type":"CommentAction","name":"Comment","target":["https:\/\/kofe.hu\/parola\/parola-folyoirat\/az-europa-parlament-konferenciaja-budapesten-1991-majus-15-17a-politika-az-allampolgarok-szolgalataban-es-az-allampolgarok-reszvetele-a-politikaban\/#respond"]}]},{"@type":"WebPage","@id":"https:\/\/kofe.hu\/parola\/parola-folyoirat\/az-europa-parlament-konferenciaja-budapesten-1991-majus-15-17a-politika-az-allampolgarok-szolgalataban-es-az-allampolgarok-reszvetele-a-politikaban\/","url":"https:\/\/kofe.hu\/parola\/parola-folyoirat\/az-europa-parlament-konferenciaja-budapesten-1991-majus-15-17a-politika-az-allampolgarok-szolgalataban-es-az-allampolgarok-reszvetele-a-politikaban\/","name":"Az Eur\u00f3pa Parlament konferenci\u00e1ja Budapesten, 1991. m\u00e1jus 15-17:A politika az \u00e1llampolg\u00e1rok szolg\u00e1lat\u00e1ban \u00e9s az \u00e1llampolg\u00e1rok r\u00e9szv\u00e9tele a politik\u00e1ban - Parola Foly\u00f3irat","isPartOf":{"@id":"https:\/\/kofe.hu\/parola\/#website"},"primaryImageOfPage":{"@id":"https:\/\/kofe.hu\/parola\/parola-folyoirat\/az-europa-parlament-konferenciaja-budapesten-1991-majus-15-17a-politika-az-allampolgarok-szolgalataban-es-az-allampolgarok-reszvetele-a-politikaban\/#primaryimage"},"image":{"@id":"https:\/\/kofe.hu\/parola\/parola-folyoirat\/az-europa-parlament-konferenciaja-budapesten-1991-majus-15-17a-politika-az-allampolgarok-szolgalataban-es-az-allampolgarok-reszvetele-a-politikaban\/#primaryimage"},"thumbnailUrl":"https:\/\/kofe.hu\/parola\/wp-content\/uploads\/2020\/06\/91.2.jpeg","datePublished":"2020-06-24T11:29:09+00:00","dateModified":"2020-07-30T09:48:31+00:00","author":{"@id":"https:\/\/kofe.hu\/parola\/#\/schema\/person\/46297a12b269c035523fdcd019f91711"},"breadcrumb":{"@id":"https:\/\/kofe.hu\/parola\/parola-folyoirat\/az-europa-parlament-konferenciaja-budapesten-1991-majus-15-17a-politika-az-allampolgarok-szolgalataban-es-az-allampolgarok-reszvetele-a-politikaban\/#breadcrumb"},"inLanguage":"hu","potentialAction":[{"@type":"ReadAction","target":["https:\/\/kofe.hu\/parola\/parola-folyoirat\/az-europa-parlament-konferenciaja-budapesten-1991-majus-15-17a-politika-az-allampolgarok-szolgalataban-es-az-allampolgarok-reszvetele-a-politikaban\/"]}]},{"@type":"ImageObject","inLanguage":"hu","@id":"https:\/\/kofe.hu\/parola\/parola-folyoirat\/az-europa-parlament-konferenciaja-budapesten-1991-majus-15-17a-politika-az-allampolgarok-szolgalataban-es-az-allampolgarok-reszvetele-a-politikaban\/#primaryimage","url":"https:\/\/kofe.hu\/parola\/wp-content\/uploads\/2020\/06\/91.2.jpeg","contentUrl":"https:\/\/kofe.hu\/parola\/wp-content\/uploads\/2020\/06\/91.2.jpeg","width":1356,"height":1967},{"@type":"BreadcrumbList","@id":"https:\/\/kofe.hu\/parola\/parola-folyoirat\/az-europa-parlament-konferenciaja-budapesten-1991-majus-15-17a-politika-az-allampolgarok-szolgalataban-es-az-allampolgarok-reszvetele-a-politikaban\/#breadcrumb","itemListElement":[{"@type":"ListItem","position":1,"name":"Home","item":"https:\/\/kofe.hu\/parola\/"},{"@type":"ListItem","position":2,"name":"Az Eur\u00f3pa Parlament konferenci\u00e1ja Budapesten, 1991. m\u00e1jus 15-17:A politika az \u00e1llampolg\u00e1rok szolg\u00e1lat\u00e1ban \u00e9s az \u00e1llampolg\u00e1rok r\u00e9szv\u00e9tele a politik\u00e1ban"}]},{"@type":"WebSite","@id":"https:\/\/kofe.hu\/parola\/#website","url":"https:\/\/kofe.hu\/parola\/","name":"Parola Foly\u00f3irat","description":"","potentialAction":[{"@type":"SearchAction","target":{"@type":"EntryPoint","urlTemplate":"https:\/\/kofe.hu\/parola\/?s={search_term_string}"},"query-input":{"@type":"PropertyValueSpecification","valueRequired":true,"valueName":"search_term_string"}}],"inLanguage":"hu"},{"@type":"Person","@id":"https:\/\/kofe.hu\/parola\/#\/schema\/person\/46297a12b269c035523fdcd019f91711","name":"P\u00e9terfi Ferenc","image":{"@type":"ImageObject","inLanguage":"hu","@id":"https:\/\/kofe.hu\/parola\/#\/schema\/person\/image\/d173d0cf20d3d8748a6819cd4d17d68c","url":"https:\/\/secure.gravatar.com\/avatar\/523e0b801b986785c16f8e37b642a318cb28abdc4915fa26e5b257b5a3902afc?s=96&d=mm&r=g","contentUrl":"https:\/\/secure.gravatar.com\/avatar\/523e0b801b986785c16f8e37b642a318cb28abdc4915fa26e5b257b5a3902afc?s=96&d=mm&r=g","caption":"P\u00e9terfi Ferenc"},"url":"https:\/\/kofe.hu\/parola\/szerzok\/peterfi-ferenc\/"}]}},"_links":{"self":[{"href":"https:\/\/kofe.hu\/parola\/wp-json\/wp\/v2\/posts\/1891","targetHints":{"allow":["GET"]}}],"collection":[{"href":"https:\/\/kofe.hu\/parola\/wp-json\/wp\/v2\/posts"}],"about":[{"href":"https:\/\/kofe.hu\/parola\/wp-json\/wp\/v2\/types\/post"}],"author":[{"embeddable":true,"href":"https:\/\/kofe.hu\/parola\/wp-json\/wp\/v2\/users\/15"}],"replies":[{"embeddable":true,"href":"https:\/\/kofe.hu\/parola\/wp-json\/wp\/v2\/comments?post=1891"}],"version-history":[{"count":2,"href":"https:\/\/kofe.hu\/parola\/wp-json\/wp\/v2\/posts\/1891\/revisions"}],"predecessor-version":[{"id":4043,"href":"https:\/\/kofe.hu\/parola\/wp-json\/wp\/v2\/posts\/1891\/revisions\/4043"}],"wp:featuredmedia":[{"embeddable":true,"href":"https:\/\/kofe.hu\/parola\/wp-json\/wp\/v2\/media\/4038"}],"wp:attachment":[{"href":"https:\/\/kofe.hu\/parola\/wp-json\/wp\/v2\/media?parent=1891"}],"wp:term":[{"taxonomy":"category","embeddable":true,"href":"https:\/\/kofe.hu\/parola\/wp-json\/wp\/v2\/categories?post=1891"},{"taxonomy":"post_tag","embeddable":true,"href":"https:\/\/kofe.hu\/parola\/wp-json\/wp\/v2\/tags?post=1891"},{"taxonomy":"author","embeddable":true,"href":"https:\/\/kofe.hu\/parola\/wp-json\/wp\/v2\/coauthors?post=1891"}],"curies":[{"name":"wp","href":"https:\/\/api.w.org\/{rel}","templated":true}]}}