{"id":1885,"date":"2020-06-24T11:23:23","date_gmt":"2020-06-24T11:23:23","guid":{"rendered":"https:\/\/kofe.hu\/parola\/?p=1885"},"modified":"2020-07-30T09:49:58","modified_gmt":"2020-07-30T09:49:58","slug":"vallalkozo-onkormanyzat-sagujfalu-onallo-telepules-1991-januar-1-tol","status":"publish","type":"post","link":"https:\/\/kofe.hu\/parola\/parola-folyoirat\/vallalkozo-onkormanyzat-sagujfalu-onallo-telepules-1991-januar-1-tol\/","title":{"rendered":"V\u00e1llalkoz\u00f3 \u00f6nkorm\u00e1nyzat: S\u00e1g\u00fajfalu \u00f6n\u00e1ll\u00f3 telep\u00fcl\u00e9s 1991. janu\u00e1r 1-t\u0151l"},"content":{"rendered":"<p><span style=\"font-family: Times New Roman CE;\">S\u00e1g\u00fajfalu 1991. janu\u00e1r 1-t\u0151l \u00f6n\u00e1ll\u00f3 telep\u00fcl\u00e9s. Az \u00f6nkorm\u00e1nyzat elk\u00e9pzel\u00e9seir\u0151l, programj\u00e1r\u00f3l besz\u00e9lgettem Szentes Attila polg\u00e1rmesterrel, aki a Falusz\u00e9p\u00edt\u0151 \u00e9s M\u0171vel\u0151d\u0151 Egyes\u00fclet jel\u00f6ltjek\u00e9nt indult. Az egyes\u00fclet tagjai k\u00f6z\u00fcl m\u00e9g tov\u00e1bbi 3 f\u0151t v\u00e1lasztottak meg az \u00f6nkorm\u00e1nyzatba.<\/span><\/p>\n<p><!--more--><br \/>\n<span style=\"font-family: Times New Roman CE;\">\u2013 Az egyes\u00fcletnek volt saj\u00e1t programja?<\/span><br \/>\n<span style=\"font-family: Times New Roman CE;\">\u2013 Igen, legfontosabb programunk az volt, hogy \u00f6n\u00e1ll\u00f3an m\u0171k\u00f6dhessen S\u00e1g\u00fajfalu. A k\u00f6z\u00f6s tan\u00e1csot 1973-ban hozt\u00e1k l\u00e9tre, akkor m\u00e1sf\u00e9l \u00e9vig h\u00faz\u00f3dott az \u00fcgy. Mi sohasem akartunk k\u00f6z\u00f6s tan\u00e1csot, nem j\u00f6tt\u00fcnk ki a Karancss\u00e1giakkal. Sajnos k\u00e9nytelenek voltunk bel\u00e9pni. A k\u00fcl\u00f6nv\u00e1l\u00e1st az alakul\u00f3 \u00fcl\u00e9s\u00fcnk\u00f6n ki is mondtuk. 1991. janu\u00e1r 1-t\u0151l \u00f6n\u00e1ll\u00f3ak vagyunk, k\u00fcl\u00f6n jegyz\u0151s\u00e9ggel. Ezzel egy\u00fctt j\u00e1rt a telep\u00fcl\u00e9s int\u00e9zm\u00e9nyeinek (\u00f3voda, iskola, labdar\u00fag\u00f3 egyes\u00fclet, klubk\u00f6nyvt\u00e1r) m\u0171k\u00f6dtet\u00e9se. Eddig ezek sz\u00e9khelye Karancss\u00e1g volt. Nyugodtan mondhatom, hogy a lakoss\u00e1g 90%-\u00e1nak ez a sz\u00e9tv\u00e1laszt\u00e1s sz\u00edve-v\u00e1gya volt, mindig felvet\u0151d\u00f6tt a falugy\u0171l\u00e9sen kor\u00e1bban is.<\/span><br \/>\n<span style=\"font-family: Times New Roman CE;\">\u2013 A szakemberek meg voltak az int\u00e9zm\u00e9nyek m\u0171k\u00f6dtet\u00e9s\u00e9hez?<\/span><br \/>\n<span style=\"font-family: Times New Roman CE;\">Az ellent\u00e9tek mindig abb\u00f3l ad\u00f3dtak, hogy S\u00e1g\u00fajfalu is rendelkezett azokkal a felt\u00e9telekkel, mint Karancss\u00e1g, meg voltak a szakembereink, m\u00e9gis al\u00e1-f\u00f6l\u00e9rendelts\u00e9g volt.<\/span><br \/>\n<span style=\"font-family: Times New Roman CE;\">\u2013 Gazdas\u00e1gi v\u00e1ltoz\u00e1sok t\u00f6rt\u00e9netek-e? Vannak-e v\u00e1llalkoz\u00e1si elk\u00e9pzel\u00e9sek?<\/span><br \/>\n<span style=\"font-family: Times New Roman CE;\">\u2013 S\u00e1g\u00fajfalu lakoss\u00e1ga 1066 f\u0151, erre kapunk \u00e1llami t\u00e1mogat\u00e1s. Ebb\u0151l tudunk majd gazd\u00e1lkodni. Amit az int\u00e9zm\u00e9nyekre kapunk \u00e1llami t\u00e1mogat\u00e1st, az nem elegend\u0151 a m\u0171k\u00f6dtet\u00e9sre, ez\u00e9rt m\u00e1shonnan kell \u00e1tcsoportos\u00edtanunk. A sz\u00ednvonalban nem szeretn\u00e9nk visszal\u00e9pni. Sajnos nem sok lehet\u0151s\u00e9g\u00fcnk van, a lakoss\u00e1got sem akarjuk t\u00falterhelni. Meghagytuk a tavaly kidolgozott ad\u00f3rendszer\u00fcnket, ami a magasabb fizet\u00e9s\u0171eket \u00e9rinti jobban. A rendelkez\u00e9s\u00fcnkre \u00e1ll\u00f3 \u00f6sszeg csak kisebb beruh\u00e1z\u00e1sokra el\u00e9g. Pl.: febru\u00e1r 1-j\u00e9n egy cip\u0151fels\u0151r\u00e9sz k\u00e9sz\u00edt\u0151 \u00fczemet ind\u00edtottunk a faluban. Ez egyr\u00e9szt a munkahelyteremt\u00e9st jav\u00edtotta (a lakoss\u00e1g 80%-a ing\u00e1z\u00f3). A le\u00e9p\u00edt\u00e9s minket is \u00e9rintett. Az \u00fczemet egy gmk. \u00fczemelteti \u00e9s a falub\u00f3l 10 f\u0151t alkalmaznak. Ha siker\u00fcl az elk\u00e9pzel\u00e9seiket megval\u00f3s\u00edtani, akkor b\u0151v\u00edtik az \u00fczemet, kb. 20 f\u0151 alkalmaz\u00e1sa v\u00e1lik lehet\u0151v\u00e9. A m\u00e1sik hasznos oldal ennek, az anyagi bev\u00e9tel. A helyis\u00e9get az \u00f6nkorm\u00e1nyzat alak\u00edtotta ki \u00e9s teremb\u00e9rleti d\u00edjat k\u00e9r\u00fcnk t\u0151l\u00fck. Ez a gmk. egy\u00e9b tev\u00e9kenys\u00e9ggel is foglalkozik: sz\u00f6v\u00e9ssel, haszn\u00e1ltruha keresked\u00e9ssel. Mi is szeretn\u00e9nk b\u0151v\u00edteni az itteni tev\u00e9kenys\u00e9g\u00fcket is, amennyiben a lakoss\u00e1gnak is ig\u00e9nye van r\u00e1. Ebb\u0151l is sz\u00e1rmazna n\u00e9mi bev\u00e9tele az \u00f6nkorm\u00e1nyzatnak. Karancss\u00e1gon m\u0171k\u00f6dik a termel\u0151sz\u00f6vetkezet, amely az itteni f\u00f6ldeket is m\u0171veli. F\u0151 \u00e1gazgatunk az \u00e1llatteny\u00e9szt\u00e9s. Orsz\u00e1gos gond a tej\u00e1tv\u00e9tel, feldolgoz\u00e1s, ez\u00e9rt egy\u00fcttm\u0171k\u00f6d\u00fcnk a tsz-szel. \u00c1tvesz\u00fcnk t\u0151l\u00fck egy bizonyos mennyis\u00e9g\u0171 tejet (lakoss\u00e1gi ig\u00e9ny szerint), \u00e9s az \u00fczleti \u00e1rt\u00f3l 2 Ft-tal. olcs\u00f3bban adjuk liter\u00e9t. Ennek szint\u00e9n kett\u0151s haszna van: a lakoss\u00e1g olcs\u00f3bban jut \u201cigazi\u201d tejhez, \u00e9s az \u00f6nkorm\u00e1nyzat is \u201ckeres\u201d 1,50 Ft-ot 1 liter tejen.<\/span><br \/>\n<span style=\"font-family: Times New Roman CE;\">Az int\u00e9zm\u00e9nyek fenntart\u00e1s\u00e1n\u00e1l az \u00f3vod\u00e1n\u00e1l van a legnagyobb gond. Kb. 1 200 000 Ft kellene a m\u0171k\u00f6dtet\u00e9shez az \u00e1llami t\u00e1mogat\u00e1son k\u00edv\u00fcl. A tejkim\u00e9r\u00e9st ott szeretn\u00e9nk megoldani, ezzel a kihaszn\u00e1lts\u00e1g\u00e1t is n\u00f6veln\u00e9nk. A K\u00d6J\u00c1L val\u00f3sz\u00edn\u0171leg enged\u00e9lyezi.<\/span><br \/>\n<span style=\"font-family: Times New Roman CE;\">\u2013 A Falusz\u00e9p\u00edt\u0151 Egyes\u00fcletnek voltak elk\u00e9pzel\u00e9sei a kast\u00e9ly hasznos\u00edt\u00e1s\u00e1val. Tal\u00e1lkozik-e ez az \u00f6nkorm\u00e1nyzat terveivel?<\/span><br \/>\n<span style=\"font-family: Times New Roman CE;\">\u2013 A Polg\u00e1rmesteri Hivatal is ebben a kast\u00e9lyban m\u0171k\u00f6dik. El\u00e9gg\u00e9 leromlott a kast\u00e9ly \u00e1llaga. Term\u00e9szetesen az elk\u00e9pzel\u00e9sek tal\u00e1lkoznak, de a p\u00e9nz hi\u00e1nyzik. Ehhez m\u00e1r jelent\u0151sebb \u00f6sszegre lenne sz\u00fcks\u00e9g. A bels\u0151 helyre\u00e1ll\u00edt\u00e1sra, berendez\u00e9sre tervezt\u00fcnk p\u00e9nzt a k\u00f6lts\u00e9gvet\u00e9sben, de k\u00edv\u00fclr\u0151l is rendbe kell tenni. Az Orsz\u00e1gos M\u0171eml\u00e9ki Fel\u00fcgyel\u0151s\u00e9gt\u0151l \u00e9rt\u00fcnk seg\u00edts\u00e9get a megval\u00f3s\u00edt\u00e1shoz. Egy tervez\u0151 v\u00e1llalatot m\u00e1r meg is b\u00edztunk, febru\u00e1r v\u00e9g\u00e9re \u00edg\u00e9rt\u00e9k a terveket. Az \u00e1raj\u00e1nlatuk is elfogadhat\u00f3. Ezut\u00e1n fordulunk a m\u0171eml\u00e9ki fel\u00fcgyel\u0151s\u00e9ghez, el\u0151zetes t\u00e1rgyal\u00e1sokat m\u00e1r folytattunk, a konkr\u00e9tumok m\u00e9g nincsenek meg.<\/span><br \/>\n<span style=\"font-family: Times New Roman CE;\">A kast\u00e9lyban 10 helyis\u00e9g van \u00f6sszesen, ebb\u0151l 3 a polg\u00e1rmesteri hivatal\u00e9, 1 a post\u00e1\u00e9, akik szint\u00e9n b\u00e9rleti d\u00edjat fizetn\u00e9nek, 1 orvosi rendel\u0151, v\u00e1r\u00f3terem, az \u00c1F\u00c9SZ italbolt m\u0171k\u00f6d\u00e9s\u00e9t megsz\u00fcntetj\u00fck, \u00e9s egy id\u0151sek napk\u00f6zi otthon\u00e1t szeretn\u00e9nk l\u00e9trehozni. Szeretn\u00e9nk a lakoss\u00e1g t\u00e1rsadalmi munk\u00e1j\u00e1t is ig\u00e9nybe venni ezek kialak\u00edt\u00e1s\u00e1n\u00e1l.<\/span><br \/>\n<span style=\"font-family: Times New Roman CE;\">\u2013 Az a tapasztalatom, hogy a t\u00e1rsadalmi munka m\u00e1r \u201ckiment a divatb\u00f3l\u201d, nem sz\u00edvesen mennek az emberek. Itt tal\u00e1n m\u00e1s a helyzet?<\/span><br \/>\n<span style=\"font-family: Times New Roman CE;\">\u2013 Igaz, hogy nem sz\u00edvesen v\u00e9geznek az emberek t\u00e1rsadalmi munk\u00e1t, de ha az eg\u00e9sz falu \u00e9rdek\u00e9r\u0151l van sz\u00f3, akkor m\u00e9g mindig elj\u00f6nnek.<\/span><br \/>\n<span style=\"font-family: Times New Roman CE;\">\u2013 Az egyes\u00fclet terveib\u0151l eml\u00e9kszem egy t\u00e1jh\u00e1z, faluh\u00e1z l\u00e9trehoz\u00e1s\u00e1ra, ahol a fiatalok is sz\u00f3rakozhatn\u00e1nak. Ez is helyet kap az \u00f6nkorm\u00e1nyzati programban?<\/span><br \/>\n<span style=\"font-family: Times New Roman CE;\">\u2013 Helye term\u00e9szetesen van. K\u00e9t \u00e9ve rendbe hoztuk azt az \u00e9p\u00fcletet, amit t\u00e1jh\u00e1znak kin\u00e9zt\u00fcnk. Ezt akkor a KISZ szervezet kapta meg, ami az\u00f3ta felbomlott. Most az \u00f6nkorm\u00e1nyzat tulajdon\u00e1ba ker\u00fclt (r\u00e9gi paraszth\u00e1z), mi lez\u00e1rtuk, hogy ne lehessen ott gar\u00e1zd\u00e1lkodni. A falak, a k\u00e9m\u00e9ny s\u00e9r\u00fcl\u00e9s\u00e9t t\u00e1rsadalmi munk\u00e1val kijav\u00edtottuk. \u00dagy gondoljuk, hogy a sportklub fogja megkapni. Mi adunk hozz\u00e1 anyagot, \u0151k pedig elv\u00e9gzik a munk\u00e1latokat. A sportklub tagjai f\u0151leg fi\u00fak, focist\u00e1k \u00e9s tek\u00e9sek. Am\u00edg a KISZ tulajdon\u00e1ban volt az \u00e9p\u00fclet, mindenki felel\u0151ss\u00e9g n\u00e9lk\u00fcl haszn\u00e1lhatta. \u00dagy egyezt\u00fcnk meg a sportklubbal, hogy a tagok k\u00f6z\u00fcl lesznek felel\u0151sek az \u00e9p\u00fclet\u00e9rt, beosztj\u00e1k maguk k\u00f6z\u00f6tt, hogy melyik nap ki v\u00e9gzi ezt a feladatot. Teh\u00e1t a klubtagok lesznek felel\u0151sek, de az eg\u00e9sz falu fiataljai sz\u00e1m\u00e1ra nyitott lesz.<\/span><br \/>\n<span style=\"font-family: Times New Roman CE;\">V\u00e1llalkoz\u00e1ssal kapcsolatban elmondom m\u00e9g, hogy tavasszal megkezdj\u00fck a vezet\u00e9kes iv\u00f3v\u00edz bek\u00f6t\u00e9s\u00e9t. A szerz\u0151d\u00e9seket m\u00e1r meg is k\u00f6t\u00f6tt\u00fck. Ebben a munk\u00e1ban szeretn\u00e9nk a munkan\u00e9lk\u00fclieket is alkalmazni (alkalmi munk\u00e1sk\u00e9nt). A lakoss\u00e1gi hozz\u00e1j\u00e1rul\u00e1s a vezet\u00e9khez att\u00f3l f\u00fcgg, hogy ki mennyi id\u0151re v\u00e1llalta a visszat\u00e9r\u00edt\u00e9st. Ehhez minden csal\u00e1dot v\u00e9gig kellett j\u00e1rni. \u00cdr\u00e1sos nyilatkozatot kellet k\u00e9rni. A lakoss\u00e1g 75%-a ig\u00e9nyelte. Ha egy csal\u00e1d 2 \u00e9v alatt fizeti vissza, 22 000 Ft a hozz\u00e1j\u00e1rul\u00e1s. 5 \u00e9v alatt 26 000 Ft, 10 \u00e9v alatt m\u00e1r 30 000 Ft. A nyilatkozatot a lakoss\u00e1g 75%-a 10 \u00e9vre \u00edrta al\u00e1, ennek megfelel\u0151en kalkul\u00e1ltuk a k\u00f6lts\u00e9gvet\u00e9s is. Havonta ez kb. 250 Ft t\u00e9r\u00edt\u00e9st jelent a lakoss\u00e1gnak. A k\u00f6zm\u0171ves\u00edtett telek viszont m\u00e1r nem 30 000 Ft-tal \u00e9r t\u00f6bbet. A terveket is siker\u00fclt olcs\u00f3n megcsin\u00e1ltatni. P\u00e1ly\u00e1zat \u00fatj\u00e1n val\u00f3s\u00edtjuk meg a vezet\u00e9k ki\u00e9p\u00edt\u00e9s\u00e9t. A Budapesti K\u00f6zm\u0171- \u00e9s M\u00e9ly\u00e9p\u00edt\u0151 V\u00e1llalat a kivitelez\u0151. A b\u00e1nyag\u00e9pgy\u00e1rbeli ismerets\u00e9gemet is kihaszn\u00e1ltam.<\/span><br \/>\n<span style=\"font-family: Times New Roman CE;\">\u2013 A v\u00e1laszt\u00e1sok \u00f3ta hogy l\u00e1tod az \u00f6nkorm\u00e1nyzatok v\u00e1llalkoz\u00e1si lehet\u0151s\u00e9geit. Mi az, ami seg\u00edt vagy g\u00e1tol benneteket?<\/span><br \/>\n<span style=\"font-family: Times New Roman CE;\">\u2013 V\u00e1llalkoz\u00e1sok ter\u00e9n nagyon neh\u00e9z a helyzet, mert az \u00f6nkorm\u00e1nyzatok nincsenek olyan anyagi helyzetben, hogy az int\u00e9zm\u00e9nyeiket tisztess\u00e9gesen m\u0171k\u00f6dtethess\u00e9k. Nincsenek egy\u00e9rtelm\u0171 t\u00f6rv\u00e9nyek, neh\u00e9z hitelekhez hozz\u00e1jutni. Lehet\u0151s\u00e9get jelentenek ma m\u00e9g a p\u00e1ly\u00e1zatok. Tegnap is adtunk be egy p\u00e1ly\u00e1zatot, amely fa\u00fcltet\u00e9ssel kapcsolatos, k\u00f6rnyezetv\u00e9delmi p\u00e1ly\u00e1zat. F\u0151leg az iskola k\u00f6rny\u00e9k\u00e9t szeretn\u00e9nk f\u00e1s\u00edtani, parkos\u00edtani. A p\u00e1ly\u00e1zatokat els\u0151sorban az egyes\u00fclet \u201cfigyeli\u201d, \u00edrja meg. Egy m\u00e1sik p\u00e1ly\u00e1zaton a Falusz\u00e9p\u00edt\u0151 Egyes\u00fclet nyert 100 000 Ft-ot, amelyet felaj\u00e1nlottak az \u00f6regek napk\u00f6zi otthon\u00e1nak kialak\u00edt\u00e1s\u00e1hoz. A szakmunk\u00e1k kiv\u00e9tel\u00e9vel megpr\u00f3b\u00e1lunk t\u00e1rsadalmi munk\u00e1val elv\u00e9gezni amit lehet.<\/span><br \/>\n<span style=\"font-family: Times New Roman CE;\">\u2013 Hogy t\u00e1j\u00e9koz\u00f3dik a lakoss\u00e1g az \u00f6nkorm\u00e1nyzat terveir\u0151l \u00e9s viszont?<\/span><br \/>\n<span style=\"font-family: Times New Roman CE;\">\u2013 Sz\u00f3r\u00f3lapokat k\u00e9sz\u00edt\u00fcnk, minden csal\u00e1dhoz eljuttatjuk a fontosabb dolgokat. a kev\u00e9sb\u00e9 fontosakat pedig a faluban a forgalmasabb helyeken kif\u00fcggesztj\u00fck. Van egy hangos h\u00edrad\u00f3nk arra az esetre, ha m\u00e1r nincs id\u0151 g\u00e9pel\u00e9sre, kif\u00fcggeszt\u00e9sre.<\/span><br \/>\n<span style=\"font-family: Times New Roman CE;\">\u2013 Mennyi az \u00e1tlag \u00e9letkora az \u00f6nkorm\u00e1nyzatnak?<\/span><br \/>\n<span style=\"font-family: Times New Roman CE;\">\u2013 Kb. 28\u201330 \u00e9v az \u00e1tlag\u00e9letkor. Viszonylag fiatal t\u00e1rsas\u00e1g j\u00f6tt \u00f6ssze. J\u00f3l egy\u00fctt tudunk dolgozni. Az int\u00e9zm\u00e9nyvezet\u0151k (iskola igazgat\u00f3, k\u00f6nyvt\u00e1ros) is fiatalok.<\/span><br \/>\n<span style=\"font-family: Times New Roman CE;\">J\u00f3 dolog az is, hogy az int\u00e9zm\u00e9nyvezet\u0151k nagy r\u00e9sze helyb\u00e9li, nincsenek buszhoz k\u00f6tve, \u00e9s saj\u00e1tjuknak \u00e9rzik a telep\u00fcl\u00e9st. Van k\u00e9t szolg\u00e1ltai lak\u00e1sunk, amit p\u00e1ly\u00e1zattal szeretn\u00e9nk meghirdetni, hogy a ma m\u00e9g nem helyben lak\u00f3k is le tudjanak telep\u00fclni.<\/span><br \/>\n<span style=\"font-family: Times New Roman CE;\">\u2013 K\u00f6sz\u00f6n\u00f6m a besz\u00e9lget\u00e9st!<\/span><\/p>\n","protected":false},"excerpt":{"rendered":"<p>S\u00e1g\u00fajfalu 1991. janu\u00e1r 1-t\u0151l \u00f6n\u00e1ll\u00f3 telep\u00fcl\u00e9s. Az \u00f6nkorm\u00e1nyzat elk\u00e9pzel\u00e9seir\u0151l, programj\u00e1r\u00f3l besz\u00e9lgettem Szentes Attila polg\u00e1rmesterrel, aki a Falusz\u00e9p\u00edt\u0151 \u00e9s M\u0171vel\u0151d\u0151 Egyes\u00fclet jel\u00f6ltjek\u00e9nt indult. Az egyes\u00fclet tagjai k\u00f6z\u00fcl m\u00e9g tov\u00e1bbi 3 f\u0151t v\u00e1lasztottak meg az \u00f6nkorm\u00e1nyzatba.<\/p>\n","protected":false},"author":57,"featured_media":4038,"comment_status":"open","ping_status":"open","sticky":false,"template":"","format":"standard","meta":{"_acf_changed":false,"footnotes":""},"categories":[216,8,7],"tags":[],"coauthors":[78],"class_list":["post-1885","post","type-post","status-publish","format-standard","has-post-thumbnail","hentry","category-parola-1991-2","category-parola-folyoirat","category-repertorium"],"acf":[],"yoast_head":"<!-- This site is optimized with the Yoast SEO plugin v26.7 - https:\/\/yoast.com\/wordpress\/plugins\/seo\/ -->\n<title>V\u00e1llalkoz\u00f3 \u00f6nkorm\u00e1nyzat: S\u00e1g\u00fajfalu \u00f6n\u00e1ll\u00f3 telep\u00fcl\u00e9s 1991. janu\u00e1r 1-t\u0151l - Parola Foly\u00f3irat<\/title>\n<meta name=\"robots\" content=\"index, follow, max-snippet:-1, max-image-preview:large, max-video-preview:-1\" \/>\n<link rel=\"canonical\" href=\"https:\/\/kofe.hu\/parola\/parola-folyoirat\/vallalkozo-onkormanyzat-sagujfalu-onallo-telepules-1991-januar-1-tol\/\" \/>\n<meta property=\"og:locale\" content=\"hu_HU\" \/>\n<meta property=\"og:type\" content=\"article\" \/>\n<meta property=\"og:title\" content=\"V\u00e1llalkoz\u00f3 \u00f6nkorm\u00e1nyzat: S\u00e1g\u00fajfalu \u00f6n\u00e1ll\u00f3 telep\u00fcl\u00e9s 1991. janu\u00e1r 1-t\u0151l - Parola Foly\u00f3irat\" \/>\n<meta property=\"og:description\" content=\"S\u00e1g\u00fajfalu 1991. janu\u00e1r 1-t\u0151l \u00f6n\u00e1ll\u00f3 telep\u00fcl\u00e9s. Az \u00f6nkorm\u00e1nyzat elk\u00e9pzel\u00e9seir\u0151l, programj\u00e1r\u00f3l besz\u00e9lgettem Szentes Attila polg\u00e1rmesterrel, aki a Falusz\u00e9p\u00edt\u0151 \u00e9s M\u0171vel\u0151d\u0151 Egyes\u00fclet jel\u00f6ltjek\u00e9nt indult. Az egyes\u00fclet tagjai k\u00f6z\u00fcl m\u00e9g tov\u00e1bbi 3 f\u0151t v\u00e1lasztottak meg az \u00f6nkorm\u00e1nyzatba.\" \/>\n<meta property=\"og:url\" content=\"https:\/\/kofe.hu\/parola\/parola-folyoirat\/vallalkozo-onkormanyzat-sagujfalu-onallo-telepules-1991-januar-1-tol\/\" \/>\n<meta property=\"og:site_name\" content=\"Parola Foly\u00f3irat\" \/>\n<meta property=\"article:published_time\" content=\"2020-06-24T11:23:23+00:00\" \/>\n<meta property=\"article:modified_time\" content=\"2020-07-30T09:49:58+00:00\" \/>\n<meta property=\"og:image\" content=\"https:\/\/kofe.hu\/parola\/wp-content\/uploads\/2020\/06\/91.2.jpeg\" \/>\n\t<meta property=\"og:image:width\" content=\"1356\" \/>\n\t<meta property=\"og:image:height\" content=\"1967\" \/>\n\t<meta property=\"og:image:type\" content=\"image\/jpeg\" \/>\n<meta name=\"author\" content=\"P\u00e1link\u00e1s S\u00e1ndorn\u00e9\" \/>\n<meta name=\"twitter:card\" content=\"summary_large_image\" \/>\n<meta name=\"twitter:label1\" content=\"Szerz\u0151:\" \/>\n\t<meta name=\"twitter:data1\" content=\"P\u00e1link\u00e1s S\u00e1ndorn\u00e9\" \/>\n\t<meta name=\"twitter:label2\" content=\"Becs\u00fclt olvas\u00e1si id\u0151\" \/>\n\t<meta name=\"twitter:data2\" content=\"9 perc\" \/>\n\t<meta name=\"twitter:label3\" content=\"Written by\" \/>\n\t<meta name=\"twitter:data3\" content=\"P\u00e1link\u00e1s S\u00e1ndorn\u00e9\" \/>\n<script type=\"application\/ld+json\" class=\"yoast-schema-graph\">{\"@context\":\"https:\/\/schema.org\",\"@graph\":[{\"@type\":\"Article\",\"@id\":\"https:\/\/kofe.hu\/parola\/parola-folyoirat\/vallalkozo-onkormanyzat-sagujfalu-onallo-telepules-1991-januar-1-tol\/#article\",\"isPartOf\":{\"@id\":\"https:\/\/kofe.hu\/parola\/parola-folyoirat\/vallalkozo-onkormanyzat-sagujfalu-onallo-telepules-1991-januar-1-tol\/\"},\"author\":{\"name\":\"P\u00e1link\u00e1s S\u00e1ndorn\u00e9\",\"@id\":\"https:\/\/kofe.hu\/parola\/#\/schema\/person\/3006baa80c15ba383b51184858ca9d78\"},\"headline\":\"V\u00e1llalkoz\u00f3 \u00f6nkorm\u00e1nyzat: S\u00e1g\u00fajfalu \u00f6n\u00e1ll\u00f3 telep\u00fcl\u00e9s 1991. janu\u00e1r 1-t\u0151l\",\"datePublished\":\"2020-06-24T11:23:23+00:00\",\"dateModified\":\"2020-07-30T09:49:58+00:00\",\"mainEntityOfPage\":{\"@id\":\"https:\/\/kofe.hu\/parola\/parola-folyoirat\/vallalkozo-onkormanyzat-sagujfalu-onallo-telepules-1991-januar-1-tol\/\"},\"wordCount\":1739,\"commentCount\":0,\"image\":{\"@id\":\"https:\/\/kofe.hu\/parola\/parola-folyoirat\/vallalkozo-onkormanyzat-sagujfalu-onallo-telepules-1991-januar-1-tol\/#primaryimage\"},\"thumbnailUrl\":\"https:\/\/kofe.hu\/parola\/wp-content\/uploads\/2020\/06\/91.2.jpeg\",\"articleSection\":[\"Parola 1991\/2\",\"Parola Foly\u00f3irat\",\"Repert\u00f3rium\"],\"inLanguage\":\"hu\",\"potentialAction\":[{\"@type\":\"CommentAction\",\"name\":\"Comment\",\"target\":[\"https:\/\/kofe.hu\/parola\/parola-folyoirat\/vallalkozo-onkormanyzat-sagujfalu-onallo-telepules-1991-januar-1-tol\/#respond\"]}]},{\"@type\":\"WebPage\",\"@id\":\"https:\/\/kofe.hu\/parola\/parola-folyoirat\/vallalkozo-onkormanyzat-sagujfalu-onallo-telepules-1991-januar-1-tol\/\",\"url\":\"https:\/\/kofe.hu\/parola\/parola-folyoirat\/vallalkozo-onkormanyzat-sagujfalu-onallo-telepules-1991-januar-1-tol\/\",\"name\":\"V\u00e1llalkoz\u00f3 \u00f6nkorm\u00e1nyzat: S\u00e1g\u00fajfalu \u00f6n\u00e1ll\u00f3 telep\u00fcl\u00e9s 1991. janu\u00e1r 1-t\u0151l - Parola Foly\u00f3irat\",\"isPartOf\":{\"@id\":\"https:\/\/kofe.hu\/parola\/#website\"},\"primaryImageOfPage\":{\"@id\":\"https:\/\/kofe.hu\/parola\/parola-folyoirat\/vallalkozo-onkormanyzat-sagujfalu-onallo-telepules-1991-januar-1-tol\/#primaryimage\"},\"image\":{\"@id\":\"https:\/\/kofe.hu\/parola\/parola-folyoirat\/vallalkozo-onkormanyzat-sagujfalu-onallo-telepules-1991-januar-1-tol\/#primaryimage\"},\"thumbnailUrl\":\"https:\/\/kofe.hu\/parola\/wp-content\/uploads\/2020\/06\/91.2.jpeg\",\"datePublished\":\"2020-06-24T11:23:23+00:00\",\"dateModified\":\"2020-07-30T09:49:58+00:00\",\"author\":{\"@id\":\"https:\/\/kofe.hu\/parola\/#\/schema\/person\/3006baa80c15ba383b51184858ca9d78\"},\"breadcrumb\":{\"@id\":\"https:\/\/kofe.hu\/parola\/parola-folyoirat\/vallalkozo-onkormanyzat-sagujfalu-onallo-telepules-1991-januar-1-tol\/#breadcrumb\"},\"inLanguage\":\"hu\",\"potentialAction\":[{\"@type\":\"ReadAction\",\"target\":[\"https:\/\/kofe.hu\/parola\/parola-folyoirat\/vallalkozo-onkormanyzat-sagujfalu-onallo-telepules-1991-januar-1-tol\/\"]}]},{\"@type\":\"ImageObject\",\"inLanguage\":\"hu\",\"@id\":\"https:\/\/kofe.hu\/parola\/parola-folyoirat\/vallalkozo-onkormanyzat-sagujfalu-onallo-telepules-1991-januar-1-tol\/#primaryimage\",\"url\":\"https:\/\/kofe.hu\/parola\/wp-content\/uploads\/2020\/06\/91.2.jpeg\",\"contentUrl\":\"https:\/\/kofe.hu\/parola\/wp-content\/uploads\/2020\/06\/91.2.jpeg\",\"width\":1356,\"height\":1967},{\"@type\":\"BreadcrumbList\",\"@id\":\"https:\/\/kofe.hu\/parola\/parola-folyoirat\/vallalkozo-onkormanyzat-sagujfalu-onallo-telepules-1991-januar-1-tol\/#breadcrumb\",\"itemListElement\":[{\"@type\":\"ListItem\",\"position\":1,\"name\":\"Home\",\"item\":\"https:\/\/kofe.hu\/parola\/\"},{\"@type\":\"ListItem\",\"position\":2,\"name\":\"V\u00e1llalkoz\u00f3 \u00f6nkorm\u00e1nyzat: S\u00e1g\u00fajfalu \u00f6n\u00e1ll\u00f3 telep\u00fcl\u00e9s 1991. janu\u00e1r 1-t\u0151l\"}]},{\"@type\":\"WebSite\",\"@id\":\"https:\/\/kofe.hu\/parola\/#website\",\"url\":\"https:\/\/kofe.hu\/parola\/\",\"name\":\"Parola Foly\u00f3irat\",\"description\":\"\",\"potentialAction\":[{\"@type\":\"SearchAction\",\"target\":{\"@type\":\"EntryPoint\",\"urlTemplate\":\"https:\/\/kofe.hu\/parola\/?s={search_term_string}\"},\"query-input\":{\"@type\":\"PropertyValueSpecification\",\"valueRequired\":true,\"valueName\":\"search_term_string\"}}],\"inLanguage\":\"hu\"},{\"@type\":\"Person\",\"@id\":\"https:\/\/kofe.hu\/parola\/#\/schema\/person\/3006baa80c15ba383b51184858ca9d78\",\"name\":\"P\u00e1link\u00e1s S\u00e1ndorn\u00e9\",\"image\":{\"@type\":\"ImageObject\",\"inLanguage\":\"hu\",\"@id\":\"https:\/\/kofe.hu\/parola\/#\/schema\/person\/image\/23494c9101089ad44ae88ce9d2f56aac\",\"url\":\"https:\/\/secure.gravatar.com\/avatar\/?s=96&d=mm&r=g\",\"contentUrl\":\"https:\/\/secure.gravatar.com\/avatar\/?s=96&d=mm&r=g\",\"caption\":\"P\u00e1link\u00e1s S\u00e1ndorn\u00e9\"},\"url\":\"https:\/\/kofe.hu\/parola\/szerzok\/palinkas-sandorne\/\"}]}<\/script>\n<!-- \/ Yoast SEO plugin. -->","yoast_head_json":{"title":"V\u00e1llalkoz\u00f3 \u00f6nkorm\u00e1nyzat: S\u00e1g\u00fajfalu \u00f6n\u00e1ll\u00f3 telep\u00fcl\u00e9s 1991. janu\u00e1r 1-t\u0151l - Parola Foly\u00f3irat","robots":{"index":"index","follow":"follow","max-snippet":"max-snippet:-1","max-image-preview":"max-image-preview:large","max-video-preview":"max-video-preview:-1"},"canonical":"https:\/\/kofe.hu\/parola\/parola-folyoirat\/vallalkozo-onkormanyzat-sagujfalu-onallo-telepules-1991-januar-1-tol\/","og_locale":"hu_HU","og_type":"article","og_title":"V\u00e1llalkoz\u00f3 \u00f6nkorm\u00e1nyzat: S\u00e1g\u00fajfalu \u00f6n\u00e1ll\u00f3 telep\u00fcl\u00e9s 1991. janu\u00e1r 1-t\u0151l - Parola Foly\u00f3irat","og_description":"S\u00e1g\u00fajfalu 1991. janu\u00e1r 1-t\u0151l \u00f6n\u00e1ll\u00f3 telep\u00fcl\u00e9s. Az \u00f6nkorm\u00e1nyzat elk\u00e9pzel\u00e9seir\u0151l, programj\u00e1r\u00f3l besz\u00e9lgettem Szentes Attila polg\u00e1rmesterrel, aki a Falusz\u00e9p\u00edt\u0151 \u00e9s M\u0171vel\u0151d\u0151 Egyes\u00fclet jel\u00f6ltjek\u00e9nt indult. Az egyes\u00fclet tagjai k\u00f6z\u00fcl m\u00e9g tov\u00e1bbi 3 f\u0151t v\u00e1lasztottak meg az \u00f6nkorm\u00e1nyzatba.","og_url":"https:\/\/kofe.hu\/parola\/parola-folyoirat\/vallalkozo-onkormanyzat-sagujfalu-onallo-telepules-1991-januar-1-tol\/","og_site_name":"Parola Foly\u00f3irat","article_published_time":"2020-06-24T11:23:23+00:00","article_modified_time":"2020-07-30T09:49:58+00:00","og_image":[{"width":1356,"height":1967,"url":"https:\/\/kofe.hu\/parola\/wp-content\/uploads\/2020\/06\/91.2.jpeg","type":"image\/jpeg"}],"author":"P\u00e1link\u00e1s S\u00e1ndorn\u00e9","twitter_card":"summary_large_image","twitter_misc":{"Szerz\u0151:":"P\u00e1link\u00e1s S\u00e1ndorn\u00e9","Becs\u00fclt olvas\u00e1si id\u0151":"9 perc","Written by":"P\u00e1link\u00e1s S\u00e1ndorn\u00e9"},"schema":{"@context":"https:\/\/schema.org","@graph":[{"@type":"Article","@id":"https:\/\/kofe.hu\/parola\/parola-folyoirat\/vallalkozo-onkormanyzat-sagujfalu-onallo-telepules-1991-januar-1-tol\/#article","isPartOf":{"@id":"https:\/\/kofe.hu\/parola\/parola-folyoirat\/vallalkozo-onkormanyzat-sagujfalu-onallo-telepules-1991-januar-1-tol\/"},"author":{"name":"P\u00e1link\u00e1s S\u00e1ndorn\u00e9","@id":"https:\/\/kofe.hu\/parola\/#\/schema\/person\/3006baa80c15ba383b51184858ca9d78"},"headline":"V\u00e1llalkoz\u00f3 \u00f6nkorm\u00e1nyzat: S\u00e1g\u00fajfalu \u00f6n\u00e1ll\u00f3 telep\u00fcl\u00e9s 1991. janu\u00e1r 1-t\u0151l","datePublished":"2020-06-24T11:23:23+00:00","dateModified":"2020-07-30T09:49:58+00:00","mainEntityOfPage":{"@id":"https:\/\/kofe.hu\/parola\/parola-folyoirat\/vallalkozo-onkormanyzat-sagujfalu-onallo-telepules-1991-januar-1-tol\/"},"wordCount":1739,"commentCount":0,"image":{"@id":"https:\/\/kofe.hu\/parola\/parola-folyoirat\/vallalkozo-onkormanyzat-sagujfalu-onallo-telepules-1991-januar-1-tol\/#primaryimage"},"thumbnailUrl":"https:\/\/kofe.hu\/parola\/wp-content\/uploads\/2020\/06\/91.2.jpeg","articleSection":["Parola 1991\/2","Parola Foly\u00f3irat","Repert\u00f3rium"],"inLanguage":"hu","potentialAction":[{"@type":"CommentAction","name":"Comment","target":["https:\/\/kofe.hu\/parola\/parola-folyoirat\/vallalkozo-onkormanyzat-sagujfalu-onallo-telepules-1991-januar-1-tol\/#respond"]}]},{"@type":"WebPage","@id":"https:\/\/kofe.hu\/parola\/parola-folyoirat\/vallalkozo-onkormanyzat-sagujfalu-onallo-telepules-1991-januar-1-tol\/","url":"https:\/\/kofe.hu\/parola\/parola-folyoirat\/vallalkozo-onkormanyzat-sagujfalu-onallo-telepules-1991-januar-1-tol\/","name":"V\u00e1llalkoz\u00f3 \u00f6nkorm\u00e1nyzat: S\u00e1g\u00fajfalu \u00f6n\u00e1ll\u00f3 telep\u00fcl\u00e9s 1991. janu\u00e1r 1-t\u0151l - Parola Foly\u00f3irat","isPartOf":{"@id":"https:\/\/kofe.hu\/parola\/#website"},"primaryImageOfPage":{"@id":"https:\/\/kofe.hu\/parola\/parola-folyoirat\/vallalkozo-onkormanyzat-sagujfalu-onallo-telepules-1991-januar-1-tol\/#primaryimage"},"image":{"@id":"https:\/\/kofe.hu\/parola\/parola-folyoirat\/vallalkozo-onkormanyzat-sagujfalu-onallo-telepules-1991-januar-1-tol\/#primaryimage"},"thumbnailUrl":"https:\/\/kofe.hu\/parola\/wp-content\/uploads\/2020\/06\/91.2.jpeg","datePublished":"2020-06-24T11:23:23+00:00","dateModified":"2020-07-30T09:49:58+00:00","author":{"@id":"https:\/\/kofe.hu\/parola\/#\/schema\/person\/3006baa80c15ba383b51184858ca9d78"},"breadcrumb":{"@id":"https:\/\/kofe.hu\/parola\/parola-folyoirat\/vallalkozo-onkormanyzat-sagujfalu-onallo-telepules-1991-januar-1-tol\/#breadcrumb"},"inLanguage":"hu","potentialAction":[{"@type":"ReadAction","target":["https:\/\/kofe.hu\/parola\/parola-folyoirat\/vallalkozo-onkormanyzat-sagujfalu-onallo-telepules-1991-januar-1-tol\/"]}]},{"@type":"ImageObject","inLanguage":"hu","@id":"https:\/\/kofe.hu\/parola\/parola-folyoirat\/vallalkozo-onkormanyzat-sagujfalu-onallo-telepules-1991-januar-1-tol\/#primaryimage","url":"https:\/\/kofe.hu\/parola\/wp-content\/uploads\/2020\/06\/91.2.jpeg","contentUrl":"https:\/\/kofe.hu\/parola\/wp-content\/uploads\/2020\/06\/91.2.jpeg","width":1356,"height":1967},{"@type":"BreadcrumbList","@id":"https:\/\/kofe.hu\/parola\/parola-folyoirat\/vallalkozo-onkormanyzat-sagujfalu-onallo-telepules-1991-januar-1-tol\/#breadcrumb","itemListElement":[{"@type":"ListItem","position":1,"name":"Home","item":"https:\/\/kofe.hu\/parola\/"},{"@type":"ListItem","position":2,"name":"V\u00e1llalkoz\u00f3 \u00f6nkorm\u00e1nyzat: S\u00e1g\u00fajfalu \u00f6n\u00e1ll\u00f3 telep\u00fcl\u00e9s 1991. janu\u00e1r 1-t\u0151l"}]},{"@type":"WebSite","@id":"https:\/\/kofe.hu\/parola\/#website","url":"https:\/\/kofe.hu\/parola\/","name":"Parola Foly\u00f3irat","description":"","potentialAction":[{"@type":"SearchAction","target":{"@type":"EntryPoint","urlTemplate":"https:\/\/kofe.hu\/parola\/?s={search_term_string}"},"query-input":{"@type":"PropertyValueSpecification","valueRequired":true,"valueName":"search_term_string"}}],"inLanguage":"hu"},{"@type":"Person","@id":"https:\/\/kofe.hu\/parola\/#\/schema\/person\/3006baa80c15ba383b51184858ca9d78","name":"P\u00e1link\u00e1s S\u00e1ndorn\u00e9","image":{"@type":"ImageObject","inLanguage":"hu","@id":"https:\/\/kofe.hu\/parola\/#\/schema\/person\/image\/23494c9101089ad44ae88ce9d2f56aac","url":"https:\/\/secure.gravatar.com\/avatar\/?s=96&d=mm&r=g","contentUrl":"https:\/\/secure.gravatar.com\/avatar\/?s=96&d=mm&r=g","caption":"P\u00e1link\u00e1s S\u00e1ndorn\u00e9"},"url":"https:\/\/kofe.hu\/parola\/szerzok\/palinkas-sandorne\/"}]}},"_links":{"self":[{"href":"https:\/\/kofe.hu\/parola\/wp-json\/wp\/v2\/posts\/1885","targetHints":{"allow":["GET"]}}],"collection":[{"href":"https:\/\/kofe.hu\/parola\/wp-json\/wp\/v2\/posts"}],"about":[{"href":"https:\/\/kofe.hu\/parola\/wp-json\/wp\/v2\/types\/post"}],"author":[{"embeddable":true,"href":"https:\/\/kofe.hu\/parola\/wp-json\/wp\/v2\/users\/57"}],"replies":[{"embeddable":true,"href":"https:\/\/kofe.hu\/parola\/wp-json\/wp\/v2\/comments?post=1885"}],"version-history":[{"count":3,"href":"https:\/\/kofe.hu\/parola\/wp-json\/wp\/v2\/posts\/1885\/revisions"}],"predecessor-version":[{"id":4047,"href":"https:\/\/kofe.hu\/parola\/wp-json\/wp\/v2\/posts\/1885\/revisions\/4047"}],"wp:featuredmedia":[{"embeddable":true,"href":"https:\/\/kofe.hu\/parola\/wp-json\/wp\/v2\/media\/4038"}],"wp:attachment":[{"href":"https:\/\/kofe.hu\/parola\/wp-json\/wp\/v2\/media?parent=1885"}],"wp:term":[{"taxonomy":"category","embeddable":true,"href":"https:\/\/kofe.hu\/parola\/wp-json\/wp\/v2\/categories?post=1885"},{"taxonomy":"post_tag","embeddable":true,"href":"https:\/\/kofe.hu\/parola\/wp-json\/wp\/v2\/tags?post=1885"},{"taxonomy":"author","embeddable":true,"href":"https:\/\/kofe.hu\/parola\/wp-json\/wp\/v2\/coauthors?post=1885"}],"curies":[{"name":"wp","href":"https:\/\/api.w.org\/{rel}","templated":true}]}}