{"id":1883,"date":"2020-06-24T11:21:36","date_gmt":"2020-06-24T11:21:36","guid":{"rendered":"https:\/\/kofe.hu\/parola\/?p=1883"},"modified":"2020-07-30T09:50:28","modified_gmt":"2020-07-30T09:50:28","slug":"a-kepzok-kepzoje-kozossegfejlesztoi-szakkepzes-szervezese-1991-marcius-18","status":"publish","type":"post","link":"https:\/\/kofe.hu\/parola\/parola-folyoirat\/a-kepzok-kepzoje-kozossegfejlesztoi-szakkepzes-szervezese-1991-marcius-18\/","title":{"rendered":"A k\u00e9pz\u0151k k\u00e9pz\u0151je: K\u00f6z\u00f6ss\u00e9gfejleszt\u0151i szakk\u00e9pz\u00e9s szervez\u00e9se, 1991. m\u00e1rcius 18."},"content":{"rendered":"<p><span style=\"font-family: Times New Roman CE;\">Mint azt m\u00e1r a K\u00f6zm\u0171vel\u0151d\u00e9si Lemez\u00fajs\u00e1g legut\u00f3bbi sz\u00e1m\u00e1ban, Buda B\u00e9la dr. el\u0151ad\u00e1s\u00e1t bemutatand\u00f3 is k\u00f6zz\u00e9 adtuk, a K\u00f6z\u00f6ss\u00e9gfejleszt\u0151k Egyes\u00fclete eljutott fejl\u0151d\u00e9s\u00e9nek fontos \u00e1llom\u00e1s\u00e1hoz, s k\u00f6z\u00f6ss\u00e9gfejleszt\u0151i szakk\u00e9pz\u00e9st szervez.<\/span><\/p>\n<p><!--more--><\/p>\n<p><span style=\"font-family: Times New Roman CE;\">Az els\u0151 l\u00e9p\u00e9sben term\u00e9szetesen a leend\u0151 k\u00e9pz\u0151ket k\u00e9pezz\u00fck Felk\u00e9sz\u00edt\u00e9s\u00fcnkre megh\u00edvtuk azokat a k\u00f6z\u00f6ss\u00e9gi munk\u00e1ban m\u00e1r j\u00e1ratos, megyei vagy region\u00e1lis egyes\u00fcletet szervez\u0151, gyakorlott, fejleszt\u0151-szeml\u00e9let\u0171 szakembereket (n\u00e9pm\u0171vel\u0151ket, pedag\u00f3gusokat), akik alkalmasak lesznek region\u00e1lis, szakm\u00e1t ad\u00f3 kurzusok vezet\u00e9s\u00e9re, arra, hogy leend\u0151 hallgat\u00f3ikkal egy &#8211; egy telep\u00fcl\u00e9sen \u00f6nszervez\u0151 mozg\u00e1sokat ind\u00edtsanak el \u00e9s a k\u00f6z\u00f6ss\u00e9gi folyamatokat kezelj\u00e9k Sokat gondolkodtunk azon, hogy mire van a legnagyobb sz\u00fcks\u00e9g\u0171k ezeknek a n\u00e9pm\u0171vel\u0151knek-pedag\u00f3gusoknak, akik egyetemet-f\u0151iskol\u00e1t v\u00e9geztek \u00e9s akiknek 20-30 \u00e9v gyakorlat, folyamatos \u00f6n- \u00e9s egyes\u00fcleti k\u00e9pz\u00e9s is \u00e1lt a h\u00e1tuk m\u00f6g\u00f6tt? Tanultak szociol\u00f3gi\u00e1t, pszichol\u00f3gi\u00e1t, kommunik\u00e1ci\u00f3 &#8211; elm\u00e9letet stb., kipr\u00f3b\u00e1lt\u00e1k, amit a magyar t\u00e1rsadalom sz\u00e1mukra megengedett. s\u0151t, ann\u00e1l m\u00e9g t\u00f6bbet is. R\u00e1j\u00f6tt\u00fcnk, hogy nem valamif\u00e9le \u00fajabb elm\u00e9leti vagy gyakorlati tud\u00e1s- anyag k\u00f6zvet\u00edt\u00e9se a legfontosabb most sz\u00e1mukra (m\u00edg az \u00e1ltaluk k\u00e9pzend\u0151 embereknek majd igen), hanem valami nagyon fontos m\u00e1s: t\u00e1j\u00e9koz\u00f3dni a vil\u00e1gban, megtanulni mozogni Eur\u00f3p\u00e1ban, megm\u00e9retni magukat m\u00e1sok gondolat- vil\u00e1g\u00e1ban \u00e9s praxis\u00e1ban, vagyis kinyitni vil\u00e1guk hat\u00e1rait. E folyamat szerencs\u00e9re nem most kezd\u0151dik, ki el\u0151r\u00e9bb, ki h\u00e1tr\u00e9bb tart vele. Vannak francia bar\u00e1taink, akik m\u00e1r \u00e9vek \u00f3ta partnereink, de arra el\u0151sz\u00f6r van m\u00f3dunk; hogy nyelvtanul\u00e1ssal, tanulm\u00e1nyutakkal, \u00faj orsz\u00e1gokban val\u00f3 t\u00e1j\u00e9koz\u00f3d\u00e1ssal is felgyors\u00edtsuk ezt a folyamatot, s\u0151t, hogy net\u00e1n k\u00fclf\u00f6ldi vend\u00e9gtan\u00e1rokat is felk\u00e9rhess\u00fcnk. A t\u00f6bbi \u00fan. posztszocialista orsz\u00e1ghoz hasonl\u00f3an a mi t\u00e1rsadalmunk is er\u0151sen z\u00e1rt volt, a vid\u00e9k nem csak a gazdas\u00e1gi \u00e9s politikai, hanem ezzel egy\u00fctt az inform\u00e1ci\u00f3s hierarchi\u00e1nak is a legalj\u00e1n \u00e9lt; a k\u00f6z\u00e9pgener\u00e1ci\u00f3k nem tanultak nyelveket, saj\u00e1t demokratikus hagyom\u00e1nyainkat is most revitaliz\u00e1ljuk stb. Sz\u00fcks\u00e9gesek a sz\u00e9lesebb nemzetk\u00f6zi t\u00e1vlatok egy nyitott gondolkod\u00e1s\u00fa, alternat\u00edv\u00e1kat figyelembe vev\u0151 k\u00f6z\u00f6ss\u00e9gi munk\u00e1hoz. Meggy\u0151z\u00f3d\u00e9s\u0171nk, hogy a legnagyobb kataliz\u00e1l\u00f3-fejleszt\u0151 er\u0151 mindenkin\u00e9l ez a nyit\u00e1s lesz.<\/span><\/p>\n<p><span style=\"font-family: Times New Roman CE;\">\u00dagy v\u00e9lt\u00fck mindez\u00e9rt, hogy k\u00e9t dolog most a legfontosabb:<\/span><\/p>\n<p><span style=\"font-family: Times New Roman CE;\">1. Hazai cselekv\u00e9si lehet\u0151s\u00e9gek keres\u00e9se, a szakmai &#8211; inform\u00e1ci\u00f3s kapcsolat &#8211; rendszer sz\u00e9les\u00edt\u00e9se: t\u00e1rsadalomtud\u00f3sok \u00e9s d\u00f6nt\u00e9si helyzetbe ker\u00fclt ir\u00e1ny\u00edt\u00e1si szakemberek v\u00e9lem\u00e9nyeit, t\u00f6rekv\u00e9seit szeretn\u00e9nk megismerni a t\u00e1rsadatom \u00e1talakul\u00e1s\u00e1nak lehet\u0151s\u00e9geir\u0151l;<\/span><\/p>\n<p><span style=\"font-family: Times New Roman CE;\">2. Sz\u00e9lesebb nemzetk\u00f6zi t\u00e1viatok: szakmai t\u00e1j\u00e9koz\u00f3d\u00e1s &#8222;a vil\u00e1gban&#8221;, kapcsolatok szervez\u00e9se<\/span><br \/>\n<span style=\"font-family: Times New Roman CE;\">A k\u00e9pz\u00e9s 1991. m\u00e1rcius 18-\u00e1n egy 2&#215;10 napos intenz\u00edv, bentlak\u00e1sos szakasszal kezd\u0151d\u00f6tt Szentendr\u00e9n. Itt h\u00e1rom &#8211; angol, francia \u00e9s n\u00e9met- csoportban kezd\u0151d\u00f6tt meg a 28 f\u0151 nyelvi k\u00e9pz\u00e9se. A d\u00e9lel\u0151tt\u00f6ket a nyelvtanul\u00e1s tette ki m\u00edg d\u00e9lut\u00e1nonk\u00e9nt, a fenti c\u00e9loknak megfelel\u0151en, el\u0151ad\u00f3-konzult\u00e1ns vend\u00e9geket h\u00edvtunk, akik k\u0151z\u00f6tt ott volt Buda B\u00e9la dr. pszichi\u00e1ter, Gergely Attila szociol\u00f3gus, Kamar\u00e1s Istv\u00e1n vall\u00e1sszociol\u00f3gus, Makovecz Imre \u00e9p\u00edt\u00e9sz, Schmidt P\u00e9ter alkotm\u00e1nyjog\u00e1sz, valamint a telep\u00fcl\u00e9sfejleszt\u00e9st ig\u00e9nyl\u0151 \u00e9s a k\u00e9pz\u00e9si munk\u00e1nak helyet sz\u00edvesen ad\u00f3 telep\u00fcl\u00e9sek polg\u00e1rmesterei is: Frank\u00f3 J\u00e1nos Csabacs\u0171dr\u0151l, Moln\u00e1r Erzs\u00e9bet T\u00fcrj\u00e9rol, tov\u00e1bb\u00e1 B\u00e1tonyterenye polg\u00e1rmestere Nagy Mih\u00e1ly, akik bemutatt\u00e1k telep\u00fcl\u00e9s\u00fcket \u00e9s ismerkedtek a k\u00f6z\u00f6ss\u00e9gfejleszt\u0151kkel. Az\u00f3ta mindh\u00e1rom telep\u00fcl\u00e9sen &#8211; \u00e9s egy negyediken, Gyulajon is &#8211; megindult a fejleszt\u00e9st megel\u0151z\u0151 felt\u00e1r\u00f3 folyamat. Est\u00e9nk\u00e9nt \u00e1ltal\u00e1ban egy\u00e9ni nyelvtanul\u00e1s folyt, ill. sz\u00e1m\u00edt\u00e1stechnikai alapismereteket kaptunk, az IBM PC haszn\u00e1lat\u00e1t tanultuk A k\u00e9pz\u00e9s r\u00e9sztvev\u0151i k\u00f6z\u00fcl azok, akik erre \u00f6nk\u00e9nt v\u00e1llalkoztak, vend\u00e9g\u00fcl l\u00e1tt\u00e1k a p\u00e1rizsi Anim\u00e1tork\u00e9pz\u0151 Int\u00e9zet (IFA) csoportj\u00e1t, akik a magyarorsz\u00e1gi fejleszt\u0151i munk\u00e1t tanulm\u00e1nyozt\u00e1k B\u00e9k\u00e9s-, Hajd\u00fa-, Borsod-Aba\u00faj-Zempl\u00e9n megy\u00e9kben \u00e9s Budapesten. A magyar cserecsoport \u00e9ppen a napokban t\u00e9r vissza P\u00e1rizsb\u00f3l, ahol az ott v\u00e9gz\u0151s hallgat\u00f3k tanulm\u00e1nyaival, munk\u00e1ival \u00e9s \u00e9letk\u00f6r\u00fclm\u00e9nyeivel ismerkednek A csere k\u00f6lts\u00e9geit a hallgat\u00f3k maguk fedezik. Felvet\u0151d\u00f6tt egy nyelvgyakorl\u00e1ssal egybe- k\u00f6t\u00f6tt angliai szakmai csere \u00e9s egy katal\u00e1n &#8211; francia &#8211; magyar csere lehet\u0151s\u00e9ge is. A k\u00e9pz\u00e9sre megh\u00edvtuk (s ha \u00fatik\u00f6lts\u00e9g\u00fcket siker\u00fcl fedezni, m\u00e1r v\u00e1llal\u00e1sukat is b\u00edrjuk) a k\u0151vetkez\u0151, az elm\u00falt \u00e9vek sor\u00e1n konferenci\u00e1kon, k\u00fclf\u00f6ldi utakon megismert, munk\u00e1inkkal szimpatiz\u00e1l\u00f3, bar\u00e1tk\u00e9nt sz\u00e1montartott k\u00fclf\u00f6ldi koll\u00e9g\u00e1inkat:<\/span><\/p>\n<p><span style=\"font-family: Times New Roman CE;\">Balla Enik\u0151, N\u00e9metorsz\u00e1g &#8211; k\u00f6rnyezetv\u00e9delem, biokult\u00fara, \u00f6nszervez\u0151d\u00e9s Bassand, Michel, Sv\u00e1jc &#8211; lakoss\u00e1gi \u00f6sszefog\u00e1s a Jura hegys\u00e9gben egy szennyv\u00edztiszt\u00edt\u00f3 \u00fcgy\u00e9ben Blin, Paul, Franciaorsz\u00e1g &#8211; a szociok\u00faltur\u00e1lis anim\u00e1ci\u00f3 Caul-Futy, Louis, Franciaorsz\u00e1g &#8211; region\u00e1lis fejleszt\u00e9s ipari munk\u00e1sok k\u00f6r\u00e9ben (Peugeot-gy\u00e1r, Belford) Chesaux, Claude-Alain, Sv\u00e1jc &#8211; a k\u00f6z\u00f6ss\u00e9gi r\u00e1di\u00f3z\u00e1s lehet\u0151s\u00e9gei \u00e9s gyakorlata Fernandez i Barrera, Josefina, Spanyolorsz\u00e1g &#8211; az egyes\u00fcl\u00e9s alkotm\u00e1nyos jogai Spanyolorsz\u00e1gban, az \u00f6nszervez\u0151d\u00e9s gyakorlat\u00e1nak kialakul\u00e1sa \u00e9s mai szervez\u0151d\u00e9se a diktat\u00fara ut\u00e1n Mayo Marjorie, Nagy Britannia &#8211; NB gazdas\u00e1gi \u00e9s politikai kontextusa; a k\u00f6z\u00f6ss\u00e9gfejleszt\u00e9s, mint a t\u00e1rsadalomfejleszt\u00e9s alternat\u00edv\u00e1ja Prof. dr. John H. Wolf, Portug\u00e1lia &#8211; sz\u00f6vetkezeti iskola a vid\u00e9ki kultur\u00e1lis fejleszt\u00e9sben; a sz\u00f6vetkez\u00e9s megtanul\u00e1sa Kurzusaikra rem\u00e9nyeink szerint szeptembert\u0151l ker\u00fcl sor<\/span><\/p>\n<p><span style=\"font-family: Times New Roman CE;\">A k\u00e9pz\u00e9sben nagy szerepe van az egy\u00e9ni tanul\u00e1snak. Az egyes\u00fclet\u00fcnk \u00e1ltal kidolgozott szakk\u00e9pz\u00e9si tematika b\u0151 irodalomjegyz\u00e9ket k\u00edn\u00e1l. Ezekb\u0151l ki &#8211; ki maga v\u00e1lasztja ki a saj\u00e1t hi\u00e1nyainak p\u00f3tl\u00e1s\u00e1ra val\u00f3 \u00edr\u00e1sokat \u00e9s egy\u00e9nileg k\u00e9sz\u00fcl, k\u00fcl\u00f6n\u00f6s tekintettet a k\u00e9s\u0151bb majd \u00e1ltala ir\u00e1ny\u00edtott k\u00e9pz\u00e9s sz\u00fcks\u00e9gleteire. A tan\u00e1rok mindehhez konzult\u00e1ci\u00f3s seg\u00edts\u00e9get adnak A nyelvtanul\u00e1s is r\u00e9szben csoportos, r\u00e9szben egy\u00e9ni munka. Az angol, francia \u00e9s n\u00e9met nyelv tanul\u00e1sa t\u00f6bb intenz\u00edv szakaszban \u00e9s k\u00f6zte egy\u00e9ni munk\u00e1ban folyik. A k\u00e9pz\u00e9s id\u0151tartama kb.1 \u00e9v, azut\u00e1n \u00f6sszefoglaljuk \u00e9s \u00e9rt\u00e9kelj\u00fck a munk\u00e1t, \u00e9s kb. 3 h\u00f3nap id\u0151t adunk a dolgozatok meg\u00edr\u00e1s\u00e1ra. A dolgozatokat hasznos\u00edt\u00e1sra \u00edrjuk &#8211; telep\u00fcl\u00e9s, egyes\u00fcleti publik\u00e1ci\u00f3, vide\u00f3 stb. A<\/span><br \/>\n<span style=\"font-family: Times New Roman CE;\">tanulm\u00e1nyutakr\u00f3l is dokument\u00e1ci\u00f3k sz\u00fcletnek.<\/span><\/p>\n","protected":false},"excerpt":{"rendered":"<p>Mint azt m\u00e1r a K\u00f6zm\u0171vel\u0151d\u00e9si Lemez\u00fajs\u00e1g legut\u00f3bbi sz\u00e1m\u00e1ban, Buda B\u00e9la dr. el\u0151ad\u00e1s\u00e1t bemutatand\u00f3 is k\u00f6zz\u00e9 adtuk, a K\u00f6z\u00f6ss\u00e9gfejleszt\u0151k Egyes\u00fclete eljutott fejl\u0151d\u00e9s\u00e9nek fontos \u00e1llom\u00e1s\u00e1hoz, s k\u00f6z\u00f6ss\u00e9gfejleszt\u0151i szakk\u00e9pz\u00e9st szervez.<\/p>\n","protected":false},"author":78,"featured_media":4038,"comment_status":"open","ping_status":"open","sticky":false,"template":"","format":"standard","meta":{"_acf_changed":false,"footnotes":""},"categories":[216,8,7],"tags":[],"coauthors":[95],"class_list":["post-1883","post","type-post","status-publish","format-standard","has-post-thumbnail","hentry","category-parola-1991-2","category-parola-folyoirat","category-repertorium"],"acf":[],"yoast_head":"<!-- This site is optimized with the Yoast SEO plugin v26.7 - https:\/\/yoast.com\/wordpress\/plugins\/seo\/ -->\n<title>A k\u00e9pz\u0151k k\u00e9pz\u0151je: K\u00f6z\u00f6ss\u00e9gfejleszt\u0151i szakk\u00e9pz\u00e9s szervez\u00e9se, 1991. m\u00e1rcius 18. - Parola Foly\u00f3irat<\/title>\n<meta name=\"robots\" content=\"index, follow, max-snippet:-1, max-image-preview:large, max-video-preview:-1\" \/>\n<link rel=\"canonical\" href=\"https:\/\/kofe.hu\/parola\/parola-folyoirat\/a-kepzok-kepzoje-kozossegfejlesztoi-szakkepzes-szervezese-1991-marcius-18\/\" \/>\n<meta property=\"og:locale\" content=\"hu_HU\" \/>\n<meta property=\"og:type\" content=\"article\" \/>\n<meta property=\"og:title\" content=\"A k\u00e9pz\u0151k k\u00e9pz\u0151je: K\u00f6z\u00f6ss\u00e9gfejleszt\u0151i szakk\u00e9pz\u00e9s szervez\u00e9se, 1991. m\u00e1rcius 18. - Parola Foly\u00f3irat\" \/>\n<meta property=\"og:description\" content=\"Mint azt m\u00e1r a K\u00f6zm\u0171vel\u0151d\u00e9si Lemez\u00fajs\u00e1g legut\u00f3bbi sz\u00e1m\u00e1ban, Buda B\u00e9la dr. el\u0151ad\u00e1s\u00e1t bemutatand\u00f3 is k\u00f6zz\u00e9 adtuk, a K\u00f6z\u00f6ss\u00e9gfejleszt\u0151k Egyes\u00fclete eljutott fejl\u0151d\u00e9s\u00e9nek fontos \u00e1llom\u00e1s\u00e1hoz, s k\u00f6z\u00f6ss\u00e9gfejleszt\u0151i szakk\u00e9pz\u00e9st szervez.\" \/>\n<meta property=\"og:url\" content=\"https:\/\/kofe.hu\/parola\/parola-folyoirat\/a-kepzok-kepzoje-kozossegfejlesztoi-szakkepzes-szervezese-1991-marcius-18\/\" \/>\n<meta property=\"og:site_name\" content=\"Parola Foly\u00f3irat\" \/>\n<meta property=\"article:published_time\" content=\"2020-06-24T11:21:36+00:00\" \/>\n<meta property=\"article:modified_time\" content=\"2020-07-30T09:50:28+00:00\" \/>\n<meta property=\"og:image\" content=\"https:\/\/kofe.hu\/parola\/wp-content\/uploads\/2020\/06\/91.2.jpeg\" \/>\n\t<meta property=\"og:image:width\" content=\"1356\" \/>\n\t<meta property=\"og:image:height\" content=\"1967\" \/>\n\t<meta property=\"og:image:type\" content=\"image\/jpeg\" \/>\n<meta name=\"author\" content=\"K\u00d6FE\" \/>\n<meta name=\"twitter:card\" content=\"summary_large_image\" \/>\n<meta name=\"twitter:label1\" content=\"Szerz\u0151:\" \/>\n\t<meta name=\"twitter:data1\" content=\"K\u00d6FE\" \/>\n\t<meta name=\"twitter:label2\" content=\"Becs\u00fclt olvas\u00e1si id\u0151\" \/>\n\t<meta name=\"twitter:data2\" content=\"7 perc\" \/>\n\t<meta name=\"twitter:label3\" content=\"Written by\" \/>\n\t<meta name=\"twitter:data3\" content=\"K\u00d6FE\" \/>\n<script type=\"application\/ld+json\" class=\"yoast-schema-graph\">{\"@context\":\"https:\/\/schema.org\",\"@graph\":[{\"@type\":\"Article\",\"@id\":\"https:\/\/kofe.hu\/parola\/parola-folyoirat\/a-kepzok-kepzoje-kozossegfejlesztoi-szakkepzes-szervezese-1991-marcius-18\/#article\",\"isPartOf\":{\"@id\":\"https:\/\/kofe.hu\/parola\/parola-folyoirat\/a-kepzok-kepzoje-kozossegfejlesztoi-szakkepzes-szervezese-1991-marcius-18\/\"},\"author\":{\"name\":\"K\u00d6FE\",\"@id\":\"https:\/\/kofe.hu\/parola\/#\/schema\/person\/657c33e525b3cb231a1f0d136fa81e2d\"},\"headline\":\"A k\u00e9pz\u0151k k\u00e9pz\u0151je: K\u00f6z\u00f6ss\u00e9gfejleszt\u0151i szakk\u00e9pz\u00e9s szervez\u00e9se, 1991. m\u00e1rcius 18.\",\"datePublished\":\"2020-06-24T11:21:36+00:00\",\"dateModified\":\"2020-07-30T09:50:28+00:00\",\"mainEntityOfPage\":{\"@id\":\"https:\/\/kofe.hu\/parola\/parola-folyoirat\/a-kepzok-kepzoje-kozossegfejlesztoi-szakkepzes-szervezese-1991-marcius-18\/\"},\"wordCount\":1322,\"commentCount\":0,\"image\":{\"@id\":\"https:\/\/kofe.hu\/parola\/parola-folyoirat\/a-kepzok-kepzoje-kozossegfejlesztoi-szakkepzes-szervezese-1991-marcius-18\/#primaryimage\"},\"thumbnailUrl\":\"https:\/\/kofe.hu\/parola\/wp-content\/uploads\/2020\/06\/91.2.jpeg\",\"articleSection\":[\"Parola 1991\/2\",\"Parola Foly\u00f3irat\",\"Repert\u00f3rium\"],\"inLanguage\":\"hu\",\"potentialAction\":[{\"@type\":\"CommentAction\",\"name\":\"Comment\",\"target\":[\"https:\/\/kofe.hu\/parola\/parola-folyoirat\/a-kepzok-kepzoje-kozossegfejlesztoi-szakkepzes-szervezese-1991-marcius-18\/#respond\"]}]},{\"@type\":\"WebPage\",\"@id\":\"https:\/\/kofe.hu\/parola\/parola-folyoirat\/a-kepzok-kepzoje-kozossegfejlesztoi-szakkepzes-szervezese-1991-marcius-18\/\",\"url\":\"https:\/\/kofe.hu\/parola\/parola-folyoirat\/a-kepzok-kepzoje-kozossegfejlesztoi-szakkepzes-szervezese-1991-marcius-18\/\",\"name\":\"A k\u00e9pz\u0151k k\u00e9pz\u0151je: K\u00f6z\u00f6ss\u00e9gfejleszt\u0151i szakk\u00e9pz\u00e9s szervez\u00e9se, 1991. m\u00e1rcius 18. - Parola Foly\u00f3irat\",\"isPartOf\":{\"@id\":\"https:\/\/kofe.hu\/parola\/#website\"},\"primaryImageOfPage\":{\"@id\":\"https:\/\/kofe.hu\/parola\/parola-folyoirat\/a-kepzok-kepzoje-kozossegfejlesztoi-szakkepzes-szervezese-1991-marcius-18\/#primaryimage\"},\"image\":{\"@id\":\"https:\/\/kofe.hu\/parola\/parola-folyoirat\/a-kepzok-kepzoje-kozossegfejlesztoi-szakkepzes-szervezese-1991-marcius-18\/#primaryimage\"},\"thumbnailUrl\":\"https:\/\/kofe.hu\/parola\/wp-content\/uploads\/2020\/06\/91.2.jpeg\",\"datePublished\":\"2020-06-24T11:21:36+00:00\",\"dateModified\":\"2020-07-30T09:50:28+00:00\",\"author\":{\"@id\":\"https:\/\/kofe.hu\/parola\/#\/schema\/person\/657c33e525b3cb231a1f0d136fa81e2d\"},\"breadcrumb\":{\"@id\":\"https:\/\/kofe.hu\/parola\/parola-folyoirat\/a-kepzok-kepzoje-kozossegfejlesztoi-szakkepzes-szervezese-1991-marcius-18\/#breadcrumb\"},\"inLanguage\":\"hu\",\"potentialAction\":[{\"@type\":\"ReadAction\",\"target\":[\"https:\/\/kofe.hu\/parola\/parola-folyoirat\/a-kepzok-kepzoje-kozossegfejlesztoi-szakkepzes-szervezese-1991-marcius-18\/\"]}]},{\"@type\":\"ImageObject\",\"inLanguage\":\"hu\",\"@id\":\"https:\/\/kofe.hu\/parola\/parola-folyoirat\/a-kepzok-kepzoje-kozossegfejlesztoi-szakkepzes-szervezese-1991-marcius-18\/#primaryimage\",\"url\":\"https:\/\/kofe.hu\/parola\/wp-content\/uploads\/2020\/06\/91.2.jpeg\",\"contentUrl\":\"https:\/\/kofe.hu\/parola\/wp-content\/uploads\/2020\/06\/91.2.jpeg\",\"width\":1356,\"height\":1967},{\"@type\":\"BreadcrumbList\",\"@id\":\"https:\/\/kofe.hu\/parola\/parola-folyoirat\/a-kepzok-kepzoje-kozossegfejlesztoi-szakkepzes-szervezese-1991-marcius-18\/#breadcrumb\",\"itemListElement\":[{\"@type\":\"ListItem\",\"position\":1,\"name\":\"Home\",\"item\":\"https:\/\/kofe.hu\/parola\/\"},{\"@type\":\"ListItem\",\"position\":2,\"name\":\"A k\u00e9pz\u0151k k\u00e9pz\u0151je: K\u00f6z\u00f6ss\u00e9gfejleszt\u0151i szakk\u00e9pz\u00e9s szervez\u00e9se, 1991. m\u00e1rcius 18.\"}]},{\"@type\":\"WebSite\",\"@id\":\"https:\/\/kofe.hu\/parola\/#website\",\"url\":\"https:\/\/kofe.hu\/parola\/\",\"name\":\"Parola Foly\u00f3irat\",\"description\":\"\",\"potentialAction\":[{\"@type\":\"SearchAction\",\"target\":{\"@type\":\"EntryPoint\",\"urlTemplate\":\"https:\/\/kofe.hu\/parola\/?s={search_term_string}\"},\"query-input\":{\"@type\":\"PropertyValueSpecification\",\"valueRequired\":true,\"valueName\":\"search_term_string\"}}],\"inLanguage\":\"hu\"},{\"@type\":\"Person\",\"@id\":\"https:\/\/kofe.hu\/parola\/#\/schema\/person\/657c33e525b3cb231a1f0d136fa81e2d\",\"name\":\"K\u00d6FE\",\"image\":{\"@type\":\"ImageObject\",\"inLanguage\":\"hu\",\"@id\":\"https:\/\/kofe.hu\/parola\/#\/schema\/person\/image\/23494c9101089ad44ae88ce9d2f56aac\",\"url\":\"https:\/\/secure.gravatar.com\/avatar\/?s=96&d=mm&r=g\",\"contentUrl\":\"https:\/\/secure.gravatar.com\/avatar\/?s=96&d=mm&r=g\",\"caption\":\"K\u00d6FE\"},\"url\":\"https:\/\/kofe.hu\/parola\/szerzok\/kofe\/\"}]}<\/script>\n<!-- \/ Yoast SEO plugin. -->","yoast_head_json":{"title":"A k\u00e9pz\u0151k k\u00e9pz\u0151je: K\u00f6z\u00f6ss\u00e9gfejleszt\u0151i szakk\u00e9pz\u00e9s szervez\u00e9se, 1991. m\u00e1rcius 18. - Parola Foly\u00f3irat","robots":{"index":"index","follow":"follow","max-snippet":"max-snippet:-1","max-image-preview":"max-image-preview:large","max-video-preview":"max-video-preview:-1"},"canonical":"https:\/\/kofe.hu\/parola\/parola-folyoirat\/a-kepzok-kepzoje-kozossegfejlesztoi-szakkepzes-szervezese-1991-marcius-18\/","og_locale":"hu_HU","og_type":"article","og_title":"A k\u00e9pz\u0151k k\u00e9pz\u0151je: K\u00f6z\u00f6ss\u00e9gfejleszt\u0151i szakk\u00e9pz\u00e9s szervez\u00e9se, 1991. m\u00e1rcius 18. - Parola Foly\u00f3irat","og_description":"Mint azt m\u00e1r a K\u00f6zm\u0171vel\u0151d\u00e9si Lemez\u00fajs\u00e1g legut\u00f3bbi sz\u00e1m\u00e1ban, Buda B\u00e9la dr. el\u0151ad\u00e1s\u00e1t bemutatand\u00f3 is k\u00f6zz\u00e9 adtuk, a K\u00f6z\u00f6ss\u00e9gfejleszt\u0151k Egyes\u00fclete eljutott fejl\u0151d\u00e9s\u00e9nek fontos \u00e1llom\u00e1s\u00e1hoz, s k\u00f6z\u00f6ss\u00e9gfejleszt\u0151i szakk\u00e9pz\u00e9st szervez.","og_url":"https:\/\/kofe.hu\/parola\/parola-folyoirat\/a-kepzok-kepzoje-kozossegfejlesztoi-szakkepzes-szervezese-1991-marcius-18\/","og_site_name":"Parola Foly\u00f3irat","article_published_time":"2020-06-24T11:21:36+00:00","article_modified_time":"2020-07-30T09:50:28+00:00","og_image":[{"width":1356,"height":1967,"url":"https:\/\/kofe.hu\/parola\/wp-content\/uploads\/2020\/06\/91.2.jpeg","type":"image\/jpeg"}],"author":"K\u00d6FE","twitter_card":"summary_large_image","twitter_misc":{"Szerz\u0151:":"K\u00d6FE","Becs\u00fclt olvas\u00e1si id\u0151":"7 perc","Written by":"K\u00d6FE"},"schema":{"@context":"https:\/\/schema.org","@graph":[{"@type":"Article","@id":"https:\/\/kofe.hu\/parola\/parola-folyoirat\/a-kepzok-kepzoje-kozossegfejlesztoi-szakkepzes-szervezese-1991-marcius-18\/#article","isPartOf":{"@id":"https:\/\/kofe.hu\/parola\/parola-folyoirat\/a-kepzok-kepzoje-kozossegfejlesztoi-szakkepzes-szervezese-1991-marcius-18\/"},"author":{"name":"K\u00d6FE","@id":"https:\/\/kofe.hu\/parola\/#\/schema\/person\/657c33e525b3cb231a1f0d136fa81e2d"},"headline":"A k\u00e9pz\u0151k k\u00e9pz\u0151je: K\u00f6z\u00f6ss\u00e9gfejleszt\u0151i szakk\u00e9pz\u00e9s szervez\u00e9se, 1991. m\u00e1rcius 18.","datePublished":"2020-06-24T11:21:36+00:00","dateModified":"2020-07-30T09:50:28+00:00","mainEntityOfPage":{"@id":"https:\/\/kofe.hu\/parola\/parola-folyoirat\/a-kepzok-kepzoje-kozossegfejlesztoi-szakkepzes-szervezese-1991-marcius-18\/"},"wordCount":1322,"commentCount":0,"image":{"@id":"https:\/\/kofe.hu\/parola\/parola-folyoirat\/a-kepzok-kepzoje-kozossegfejlesztoi-szakkepzes-szervezese-1991-marcius-18\/#primaryimage"},"thumbnailUrl":"https:\/\/kofe.hu\/parola\/wp-content\/uploads\/2020\/06\/91.2.jpeg","articleSection":["Parola 1991\/2","Parola Foly\u00f3irat","Repert\u00f3rium"],"inLanguage":"hu","potentialAction":[{"@type":"CommentAction","name":"Comment","target":["https:\/\/kofe.hu\/parola\/parola-folyoirat\/a-kepzok-kepzoje-kozossegfejlesztoi-szakkepzes-szervezese-1991-marcius-18\/#respond"]}]},{"@type":"WebPage","@id":"https:\/\/kofe.hu\/parola\/parola-folyoirat\/a-kepzok-kepzoje-kozossegfejlesztoi-szakkepzes-szervezese-1991-marcius-18\/","url":"https:\/\/kofe.hu\/parola\/parola-folyoirat\/a-kepzok-kepzoje-kozossegfejlesztoi-szakkepzes-szervezese-1991-marcius-18\/","name":"A k\u00e9pz\u0151k k\u00e9pz\u0151je: K\u00f6z\u00f6ss\u00e9gfejleszt\u0151i szakk\u00e9pz\u00e9s szervez\u00e9se, 1991. m\u00e1rcius 18. - Parola Foly\u00f3irat","isPartOf":{"@id":"https:\/\/kofe.hu\/parola\/#website"},"primaryImageOfPage":{"@id":"https:\/\/kofe.hu\/parola\/parola-folyoirat\/a-kepzok-kepzoje-kozossegfejlesztoi-szakkepzes-szervezese-1991-marcius-18\/#primaryimage"},"image":{"@id":"https:\/\/kofe.hu\/parola\/parola-folyoirat\/a-kepzok-kepzoje-kozossegfejlesztoi-szakkepzes-szervezese-1991-marcius-18\/#primaryimage"},"thumbnailUrl":"https:\/\/kofe.hu\/parola\/wp-content\/uploads\/2020\/06\/91.2.jpeg","datePublished":"2020-06-24T11:21:36+00:00","dateModified":"2020-07-30T09:50:28+00:00","author":{"@id":"https:\/\/kofe.hu\/parola\/#\/schema\/person\/657c33e525b3cb231a1f0d136fa81e2d"},"breadcrumb":{"@id":"https:\/\/kofe.hu\/parola\/parola-folyoirat\/a-kepzok-kepzoje-kozossegfejlesztoi-szakkepzes-szervezese-1991-marcius-18\/#breadcrumb"},"inLanguage":"hu","potentialAction":[{"@type":"ReadAction","target":["https:\/\/kofe.hu\/parola\/parola-folyoirat\/a-kepzok-kepzoje-kozossegfejlesztoi-szakkepzes-szervezese-1991-marcius-18\/"]}]},{"@type":"ImageObject","inLanguage":"hu","@id":"https:\/\/kofe.hu\/parola\/parola-folyoirat\/a-kepzok-kepzoje-kozossegfejlesztoi-szakkepzes-szervezese-1991-marcius-18\/#primaryimage","url":"https:\/\/kofe.hu\/parola\/wp-content\/uploads\/2020\/06\/91.2.jpeg","contentUrl":"https:\/\/kofe.hu\/parola\/wp-content\/uploads\/2020\/06\/91.2.jpeg","width":1356,"height":1967},{"@type":"BreadcrumbList","@id":"https:\/\/kofe.hu\/parola\/parola-folyoirat\/a-kepzok-kepzoje-kozossegfejlesztoi-szakkepzes-szervezese-1991-marcius-18\/#breadcrumb","itemListElement":[{"@type":"ListItem","position":1,"name":"Home","item":"https:\/\/kofe.hu\/parola\/"},{"@type":"ListItem","position":2,"name":"A k\u00e9pz\u0151k k\u00e9pz\u0151je: K\u00f6z\u00f6ss\u00e9gfejleszt\u0151i szakk\u00e9pz\u00e9s szervez\u00e9se, 1991. m\u00e1rcius 18."}]},{"@type":"WebSite","@id":"https:\/\/kofe.hu\/parola\/#website","url":"https:\/\/kofe.hu\/parola\/","name":"Parola Foly\u00f3irat","description":"","potentialAction":[{"@type":"SearchAction","target":{"@type":"EntryPoint","urlTemplate":"https:\/\/kofe.hu\/parola\/?s={search_term_string}"},"query-input":{"@type":"PropertyValueSpecification","valueRequired":true,"valueName":"search_term_string"}}],"inLanguage":"hu"},{"@type":"Person","@id":"https:\/\/kofe.hu\/parola\/#\/schema\/person\/657c33e525b3cb231a1f0d136fa81e2d","name":"K\u00d6FE","image":{"@type":"ImageObject","inLanguage":"hu","@id":"https:\/\/kofe.hu\/parola\/#\/schema\/person\/image\/23494c9101089ad44ae88ce9d2f56aac","url":"https:\/\/secure.gravatar.com\/avatar\/?s=96&d=mm&r=g","contentUrl":"https:\/\/secure.gravatar.com\/avatar\/?s=96&d=mm&r=g","caption":"K\u00d6FE"},"url":"https:\/\/kofe.hu\/parola\/szerzok\/kofe\/"}]}},"_links":{"self":[{"href":"https:\/\/kofe.hu\/parola\/wp-json\/wp\/v2\/posts\/1883","targetHints":{"allow":["GET"]}}],"collection":[{"href":"https:\/\/kofe.hu\/parola\/wp-json\/wp\/v2\/posts"}],"about":[{"href":"https:\/\/kofe.hu\/parola\/wp-json\/wp\/v2\/types\/post"}],"author":[{"embeddable":true,"href":"https:\/\/kofe.hu\/parola\/wp-json\/wp\/v2\/users\/78"}],"replies":[{"embeddable":true,"href":"https:\/\/kofe.hu\/parola\/wp-json\/wp\/v2\/comments?post=1883"}],"version-history":[{"count":2,"href":"https:\/\/kofe.hu\/parola\/wp-json\/wp\/v2\/posts\/1883\/revisions"}],"predecessor-version":[{"id":4048,"href":"https:\/\/kofe.hu\/parola\/wp-json\/wp\/v2\/posts\/1883\/revisions\/4048"}],"wp:featuredmedia":[{"embeddable":true,"href":"https:\/\/kofe.hu\/parola\/wp-json\/wp\/v2\/media\/4038"}],"wp:attachment":[{"href":"https:\/\/kofe.hu\/parola\/wp-json\/wp\/v2\/media?parent=1883"}],"wp:term":[{"taxonomy":"category","embeddable":true,"href":"https:\/\/kofe.hu\/parola\/wp-json\/wp\/v2\/categories?post=1883"},{"taxonomy":"post_tag","embeddable":true,"href":"https:\/\/kofe.hu\/parola\/wp-json\/wp\/v2\/tags?post=1883"},{"taxonomy":"author","embeddable":true,"href":"https:\/\/kofe.hu\/parola\/wp-json\/wp\/v2\/coauthors?post=1883"}],"curies":[{"name":"wp","href":"https:\/\/api.w.org\/{rel}","templated":true}]}}