{"id":1875,"date":"2020-06-24T11:13:22","date_gmt":"2020-06-24T11:13:22","guid":{"rendered":"https:\/\/kofe.hu\/parola\/?p=1875"},"modified":"2020-07-30T09:52:16","modified_gmt":"2020-07-30T09:52:16","slug":"start-tudas-a-start-hitel-lehetosegei-vallalkozok-szamara","status":"publish","type":"post","link":"https:\/\/kofe.hu\/parola\/parola-folyoirat\/start-tudas-a-start-hitel-lehetosegei-vallalkozok-szamara\/","title":{"rendered":"Start tud\u00e1s: A Start hitel lehet\u0151s\u00e9gei v\u00e1llalkoz\u00f3k sz\u00e1m\u00e1ra"},"content":{"rendered":"<p><span style=\"font-family: Times New Roman CE;\">Az Iparosok Orsz\u00e1gos Sz\u00f6vets\u00e9g\u00e9nek egyik vezet\u0151je nemr\u00e9g arr\u00f3l t\u00e1j\u00e9koztatta a nyilv\u00e1noss\u00e1got, hogy a Start hitelt k\u00e9r\u0151knek majdnem a fel\u00e9t val\u00f3sz\u00edn\u0171leg el kell majd utas\u00edtaniuk. A bejelent\u00e9s persze \u00f6nmag\u00e1ban amennyire nem jelent szenz\u00e1ci\u00f3t &#8211; az okokra utal\u00f3 magyar\u00e1zat ez\u00fattal legal\u00e1bb annyira figyelemrem\u00e9lt\u00f3. <\/span><!--more--><\/p>\n<p><span style=\"font-family: Times New Roman CE;\">Arr\u00f3l besz\u00e9lt ugyanis a nyilatkoz\u00f3, hogy a v\u00e1llalkoz\u00f3i p\u00e1ly\u00e1zatok, a hitelig\u00e9nyl\u0151 programok meglehet\u0151sen szakszer\u0171tlenek; a v\u00e1llalkoz\u00e1shoz sz\u00fcks\u00e9ges ismereteknek, a tervez\u00e9shez \u00e9s a sikeres cselekv\u00e9shez n\u00e9lk\u00fcl\u00f6zhetetlen legelemibb tud\u00e1snak is a teljes hi\u00e1ny\u00e1r\u00f3l \u00e1rulkod\u00f3k. &#8222;A v\u00e1llalkoz\u00e1s &#8211; egy tudom\u00e1ny&#8221; &#8211; sz\u00f6gezte le f\u00fcst\u00f6lg\u00e9s\u00e9nek tanuls\u00e1gak\u00e9nt az IPOSz-vez\u00e9r, egyszersmind intve az ehhez nem \u00e9rt\u0151ket a kalandorkod\u00e1st\u00f3l.<\/span><br \/>\n<span style=\"font-family: Times New Roman CE;\">&#8211; Na v\u00e9gre! &#8211; ki\u00e1ltott fel szinte lelkes\u00fclve, ami az\u00e9rt el\u00e9g ritk\u00e1n fordul el\u0151 velem manaps\u00e1g a telev\u00edzi\u00f3 el\u0151tt. Csakhogy r\u00e1j\u00f6nnek a gazdas\u00e1gi ter\u00fcleteken is, hogy tud\u00e1s n\u00e9lk\u00fcl semmit nem lehet eredm\u00e9nyesen elv\u00e9gezni. A kiss\u00e9 riadtan \u00e9s m\u00e9ltatlankodva besz\u00e9l\u0151 illet\u00e9kes szavai, aggodalma \u00e9s intelmei persze nem leptek meg igaz\u00e1n. \u00c9vekkel ezel\u0151tt l\u00e1that\u00f3 volt, amikor a v\u00e1ltoz\u00e1sok, a reformok m\u00e9g csak \u00e9rlel\u0151dtek \u00e9s ir\u00e1nyuk, felt\u00e9teleik m\u00e9g csak sejthet\u0151k voltak, hogy hi\u00e1ba v\u00e1ltoznak meg majd a k\u00f6r\u00fclm\u00e9nyek, nem tudnak az emberek \u00fagy cselekedni \u00e9s viselkedni, ahogyan nem tudnak.<\/span><\/p>\n<p><span style=\"font-family: Times New Roman CE;\">Hogy kultur\u00e1lis, m\u0171velts\u00e9g-, tud\u00e1s- vagy \u00e9ppen inform\u00e1ci\u00f3-b\u00e9li el\u0151felt\u00e9telek (k\u00e9szs\u00e9gek \u00e9s k\u00e9pess\u00e9gek) n\u00e9lk\u00fcl, csup\u00e1n az &#8222;objekt\u00edv k\u00f6r\u00fclm\u00e9nyek&#8221; hat\u00e1s\u00e1ra, mintegy automatikusan soha nem voltak \u00e9s soha nem is lehettek k\u00e9pesek az emberek a valahol valakik \u00e1ltal k\u00edv\u00e1nt &#8222;fordulatok&#8221; c\u00e9lszer\u0171nek v\u00e9lt v\u00e9grehajt\u00e1s\u00e1ra &#8211; arra a bizonyoss\u00e1g ak\u00e1r az emberis\u00e9g eg\u00e9sz t\u00f6rt\u00e9nelme.<\/span><br \/>\n<span style=\"font-family: Times New Roman CE;\">Csak h\u00e1t: ki hitte ezt el nek\u00fcnk, amikor err\u0151l besz\u00e9lt\u00fcnk? Ki hitte el ak\u00e1rkinek, \u00e9s ki hiszi el ma, hogy az oktat\u00e1ssal-nevel\u00e9ssel-k\u00e9pz\u00e9ssel a szem\u00e9lyis\u00e9gbe be nem vitt, a m\u0171velts\u00e9gben vez\u00e9rl\u0151-cselekv\u0151-\u00e9rt\u00e9kel\u0151 er\u0151v\u00e9 nem \u00e9rlelt, az egy\u00e9nben \u00f6nmaga \u00e1ltal fel nem \u00e9p\u00edtett s azt\u00e1n az alkalmaz\u00e1s sor\u00e1n vissza nem igazolt tud\u00e1s n\u00e9lk\u00fcl nincs v\u00e1ltani, v\u00e1ltozni, v\u00e1llalkozni k\u00e9pes ember?! Most majd persze, megint milli\u00f3k lesznek k\u00e1rvallottjai annak, hogy rossz tud\u00e1st kaptak, hogy a v\u00e1llalkoz\u00e1s tudom\u00e1ny\u00e1t (is) elhazudt\u00e1k, elrejtett\u00e9k el\u0151l\u00fck. A b\u00e9rmunk\u00e1sl\u00e9tre, az engedelmess\u00e9gre, a sz\u00f3fogad\u00e1sra, a vez\u00e9nyl\u00e9sre programozott nemzed\u00e9k, amelyben &#8211; hat\u00e1rozat mondta ki, k\u00e9rem &#8211; &#8222;lerakt\u00e1k a szocializmus alapjait&#8221;, most itt \u00e1ll a Start-hitel el\u0151tt, meg minden el\u0151tt, ami &#8222;elj\u00f6tt&#8221;, \u00e9s term\u00e9szetesen (I) b\u00e1mul mint borj\u00fa az \u00faj kapura&#8230; Bez\u00e1rj\u00e1k m\u00f6g\u00f6tte-el\u00f6tte a gy\u00e1rkaput (meg az iskol\u00e1\u00e9t, b\u00e1ny\u00e1\u00e9t, koh\u00f3\u00e9t, ak\u00e1rmi\u00e9t)- \u00e9s vakulj magyar, &#8211; v\u00e1llalkozz\u00e1l! Boldogulj, boldogulhatsz, hiszen j\u00f6n- most m\u00e1r nem a hatalomnak, hanem egyenesen neked &#8211; a hitel, j\u00f6n teh\u00e1t a seg\u00edts\u00e9g &#8211; mit akarsz m\u00e9g?! &#8222;Gy\u00fcrk\u0151zz J\u00e1nos, gyer\u00fcnk J\u00e1nos&#8230;&#8221;<\/span><\/p>\n<p><span style=\"font-family: Times New Roman CE;\">Neh\u00e9z nem l\u00e1tni, hogy az ujjszor\u00edt\u00f3, pisztolyt j\u00e1szolba rejt\u0151 &#8211; majd fenyeget\u0151en megtal\u00e1l\u00f3 sz\u00f6vetkezeti hi\u00e9naagit\u00e1torokkal a falub\u00f3l elzavart, a v\u00e1rosban azt\u00e1n seg\u00e9dmunk\u00e1ss\u00e1 majd betan\u00edtott munk\u00e1ss\u00e1 ,kapaszkodott&#8221; parasztra, vagy a nyomorban verg\u0151d\u0151 csal\u00e1dj\u00e1ba tartoz\u00f3 gyerek\u00e9re most r\u00e1ord\u00edt megint a t\u0151le elvad\u00edtott t\u00f6rt\u00e9nelem: V\u00e1llalkozz\u00e1l! Tied a ti\u00e9d, magadnak \u00e9p\u00edted&#8230;!<\/span><\/p>\n<p><span style=\"font-family: Times New Roman CE;\">Persze most m\u00e1r k\u00e9s\u0151 volna f\u00e9lni att\u00f3l, ami r\u00e9g\u00f3ta l\u00e1that\u00f3 volt, hogy a t\u00f6bbs\u00e9g nem tud \u00fagy cselekedni a v\u00e1ltoz\u00e1sok lehet\u0151s\u00e9gei k\u00f6zt, ahogyan nem tud. Most m\u00e1r az a bizonyoss\u00e1g temp\u00f3ban megtanulj\u00e1k, maguk, a maguk erej\u00e9b\u0151l, azt, ahogyan boldogulni kell \u00e9s lehet. Tudj\u00e1k, cselekszik &#8211; sokszor el\u00e9gg\u00e9 r\u00f6vidl\u00e1t\u00f3an persze-t\u00edzezrek m\u00e1ris. De: rengeteg \u00e1ldozat lesz, milli\u00f3k nem lesznek k\u00e9pesek a fordulat megt\u00e9tel\u00e9re, sz\u00e1zezreknek nincs semmi es\u00e9ly\u00fck az \u00e1tmenet egy\u00e9ni \u00fatj\u00e1nak megtal\u00e1l\u00e1s\u00e1ra \u00e9s bej\u00e1r\u00e1s\u00e1ra. \u00c9s m\u00e9g mennyi lesz itt, ajjaj, nemcsak a politik\u00e1ban, hanem a gazdas\u00e1g \u00faj boz\u00f3tos\u00e1ban is az elt\u00e9ved\u0151 \u00e9s az elbuk\u00f3&#8230;! Olyan, aki a rendszerv\u00e1ltoz\u00e1snak m\u00e1r nem az elm\u00falt 45 \u00e9vben &#8222;beprogramozott&#8221; \u00e9s elstartolni se tud\u00f3 vesztese lesz, hanem majd a rem\u00e9nyteljesnek gondolt v\u00e1llalkoz\u00e1s\u00e1ba, annak menete k\u00f6zben roppan bele&#8230;<\/span><\/p>\n<p><span style=\"font-family: Times New Roman CE;\">No de val\u00f3ban tudom\u00e1ny volna mindemiatt a v\u00e1llalkoz\u00e1s? Ezt persze nem hiszem. Csak kell hozz\u00e1 egy meglehet\u0151sen eredeti tud\u00e1s, ami az \u00e9nismerett\u0151l a helyzetismereten \u00e1t a vil\u00e1gban val\u00f3 eligazod\u00e1s k\u00e9pess\u00e9g\u00e9ig nagyon sok apr\u00f3, de kihagyhatatlan elemb\u0151l szerves\u00fcl \u00f6ssze. Kiben-kiben. Kell a v\u00e1llalkoz\u00e1shoz (is) teh\u00e1t valami olyasmi, aminek mi eddig itt (a rendszer hib\u00e1j\u00e1b\u00f3l!) h\u00edj\u00e1n voltunk, amihez csak a kiv\u00e1lts\u00e1gosok juthattak hozz\u00e1, \u00e9s ami n\u00e9lk\u00fcl az \u00e9let &#8211; \u00e9lhetetlen. S mert ezt a kult\u00fara, a m\u0171vel\u0151d\u00e9s szakembereinek nem hitte e! akkor a hatalom \u00e9s a t\u00e1rsadalom, \u00edgy most hatalmas t\u00f6megek e tud\u00e1s k\u00e1rvallottjak\u00e9nt ker\u00fclnek majd igen tragikus helyzetbe. Kell valami az emberbe, minden id\u0151tlen, ami messze t\u00falmutat az \u00e9ppen adott sz\u00fcks\u00e9gszer\u0171s\u00e9geken, &#8211; kell valami, amit\u0151l emberr\u00e9 v\u00e1lik, \u00e9s amivel emberr\u00e9 v\u00e1lni v\u00e1llalkozhat.<\/span><\/p>\n<p><span style=\"font-family: Times New Roman CE;\">Elstartolni ez\u00e9rt a tud\u00e1s\u00e9rt &#8211; sohasem k\u00e9s\u0151; mindenkor lehets\u00e9ges; \u00e9s most &#8211; a szocializmus b\u00f3dulat\u00e1b\u00f3l \u00e9bred\u0151 magyar t\u00e1rsadalomnak &#8211; k\u00fcl\u00f6n\u00f6sen id\u0151szer\u0171.<\/span><\/p>\n","protected":false},"excerpt":{"rendered":"<p>Az Iparosok Orsz\u00e1gos Sz\u00f6vets\u00e9g\u00e9nek egyik vezet\u0151je nemr\u00e9g arr\u00f3l t\u00e1j\u00e9koztatta a nyilv\u00e1noss\u00e1got, hogy a Start hitelt k\u00e9r\u0151knek majdnem a fel\u00e9t val\u00f3sz\u00edn\u0171leg el kell majd utas\u00edtaniuk. A bejelent\u00e9s persze \u00f6nmag\u00e1ban amennyire nem jelent szenz\u00e1ci\u00f3t &#8211; az okokra utal\u00f3 magyar\u00e1zat ez\u00fattal legal\u00e1bb annyira figyelemrem\u00e9lt\u00f3.<\/p>\n","protected":false},"author":49,"featured_media":4038,"comment_status":"open","ping_status":"open","sticky":false,"template":"","format":"standard","meta":{"_acf_changed":false,"footnotes":""},"categories":[216,8,7],"tags":[],"coauthors":[66],"class_list":["post-1875","post","type-post","status-publish","format-standard","has-post-thumbnail","hentry","category-parola-1991-2","category-parola-folyoirat","category-repertorium"],"acf":[],"yoast_head":"<!-- This site is optimized with the Yoast SEO plugin v26.7 - https:\/\/yoast.com\/wordpress\/plugins\/seo\/ -->\n<title>Start tud\u00e1s: A Start hitel lehet\u0151s\u00e9gei v\u00e1llalkoz\u00f3k sz\u00e1m\u00e1ra - Parola Foly\u00f3irat<\/title>\n<meta name=\"robots\" content=\"index, follow, max-snippet:-1, max-image-preview:large, max-video-preview:-1\" \/>\n<link rel=\"canonical\" href=\"https:\/\/kofe.hu\/parola\/parola-folyoirat\/start-tudas-a-start-hitel-lehetosegei-vallalkozok-szamara\/\" \/>\n<meta property=\"og:locale\" content=\"hu_HU\" \/>\n<meta property=\"og:type\" content=\"article\" \/>\n<meta property=\"og:title\" content=\"Start tud\u00e1s: A Start hitel lehet\u0151s\u00e9gei v\u00e1llalkoz\u00f3k sz\u00e1m\u00e1ra - Parola Foly\u00f3irat\" \/>\n<meta property=\"og:description\" content=\"Az Iparosok Orsz\u00e1gos Sz\u00f6vets\u00e9g\u00e9nek egyik vezet\u0151je nemr\u00e9g arr\u00f3l t\u00e1j\u00e9koztatta a nyilv\u00e1noss\u00e1got, hogy a Start hitelt k\u00e9r\u0151knek majdnem a fel\u00e9t val\u00f3sz\u00edn\u0171leg el kell majd utas\u00edtaniuk. A bejelent\u00e9s persze \u00f6nmag\u00e1ban amennyire nem jelent szenz\u00e1ci\u00f3t &#8211; az okokra utal\u00f3 magyar\u00e1zat ez\u00fattal legal\u00e1bb annyira figyelemrem\u00e9lt\u00f3.\" \/>\n<meta property=\"og:url\" content=\"https:\/\/kofe.hu\/parola\/parola-folyoirat\/start-tudas-a-start-hitel-lehetosegei-vallalkozok-szamara\/\" \/>\n<meta property=\"og:site_name\" content=\"Parola Foly\u00f3irat\" \/>\n<meta property=\"article:published_time\" content=\"2020-06-24T11:13:22+00:00\" \/>\n<meta property=\"article:modified_time\" content=\"2020-07-30T09:52:16+00:00\" \/>\n<meta property=\"og:image\" content=\"https:\/\/kofe.hu\/parola\/wp-content\/uploads\/2020\/06\/91.2.jpeg\" \/>\n\t<meta property=\"og:image:width\" content=\"1356\" \/>\n\t<meta property=\"og:image:height\" content=\"1967\" \/>\n\t<meta property=\"og:image:type\" content=\"image\/jpeg\" \/>\n<meta name=\"author\" content=\"dr. Balipap Ferenc\" \/>\n<meta name=\"twitter:card\" content=\"summary_large_image\" \/>\n<meta name=\"twitter:label1\" content=\"Szerz\u0151:\" \/>\n\t<meta name=\"twitter:data1\" content=\"dr. Balipap Ferenc\" \/>\n\t<meta name=\"twitter:label2\" content=\"Becs\u00fclt olvas\u00e1si id\u0151\" \/>\n\t<meta name=\"twitter:data2\" content=\"5 perc\" \/>\n\t<meta name=\"twitter:label3\" content=\"Written by\" \/>\n\t<meta name=\"twitter:data3\" content=\"dr. Balipap Ferenc\" \/>\n<script type=\"application\/ld+json\" class=\"yoast-schema-graph\">{\"@context\":\"https:\/\/schema.org\",\"@graph\":[{\"@type\":\"Article\",\"@id\":\"https:\/\/kofe.hu\/parola\/parola-folyoirat\/start-tudas-a-start-hitel-lehetosegei-vallalkozok-szamara\/#article\",\"isPartOf\":{\"@id\":\"https:\/\/kofe.hu\/parola\/parola-folyoirat\/start-tudas-a-start-hitel-lehetosegei-vallalkozok-szamara\/\"},\"author\":{\"name\":\"dr. Balipap Ferenc\",\"@id\":\"https:\/\/kofe.hu\/parola\/#\/schema\/person\/3e8190c2c2bb0272951001e3c1ed442e\"},\"headline\":\"Start tud\u00e1s: A Start hitel lehet\u0151s\u00e9gei v\u00e1llalkoz\u00f3k sz\u00e1m\u00e1ra\",\"datePublished\":\"2020-06-24T11:13:22+00:00\",\"dateModified\":\"2020-07-30T09:52:16+00:00\",\"mainEntityOfPage\":{\"@id\":\"https:\/\/kofe.hu\/parola\/parola-folyoirat\/start-tudas-a-start-hitel-lehetosegei-vallalkozok-szamara\/\"},\"wordCount\":1079,\"commentCount\":0,\"image\":{\"@id\":\"https:\/\/kofe.hu\/parola\/parola-folyoirat\/start-tudas-a-start-hitel-lehetosegei-vallalkozok-szamara\/#primaryimage\"},\"thumbnailUrl\":\"https:\/\/kofe.hu\/parola\/wp-content\/uploads\/2020\/06\/91.2.jpeg\",\"articleSection\":[\"Parola 1991\/2\",\"Parola Foly\u00f3irat\",\"Repert\u00f3rium\"],\"inLanguage\":\"hu\",\"potentialAction\":[{\"@type\":\"CommentAction\",\"name\":\"Comment\",\"target\":[\"https:\/\/kofe.hu\/parola\/parola-folyoirat\/start-tudas-a-start-hitel-lehetosegei-vallalkozok-szamara\/#respond\"]}]},{\"@type\":\"WebPage\",\"@id\":\"https:\/\/kofe.hu\/parola\/parola-folyoirat\/start-tudas-a-start-hitel-lehetosegei-vallalkozok-szamara\/\",\"url\":\"https:\/\/kofe.hu\/parola\/parola-folyoirat\/start-tudas-a-start-hitel-lehetosegei-vallalkozok-szamara\/\",\"name\":\"Start tud\u00e1s: A Start hitel lehet\u0151s\u00e9gei v\u00e1llalkoz\u00f3k sz\u00e1m\u00e1ra - Parola Foly\u00f3irat\",\"isPartOf\":{\"@id\":\"https:\/\/kofe.hu\/parola\/#website\"},\"primaryImageOfPage\":{\"@id\":\"https:\/\/kofe.hu\/parola\/parola-folyoirat\/start-tudas-a-start-hitel-lehetosegei-vallalkozok-szamara\/#primaryimage\"},\"image\":{\"@id\":\"https:\/\/kofe.hu\/parola\/parola-folyoirat\/start-tudas-a-start-hitel-lehetosegei-vallalkozok-szamara\/#primaryimage\"},\"thumbnailUrl\":\"https:\/\/kofe.hu\/parola\/wp-content\/uploads\/2020\/06\/91.2.jpeg\",\"datePublished\":\"2020-06-24T11:13:22+00:00\",\"dateModified\":\"2020-07-30T09:52:16+00:00\",\"author\":{\"@id\":\"https:\/\/kofe.hu\/parola\/#\/schema\/person\/3e8190c2c2bb0272951001e3c1ed442e\"},\"breadcrumb\":{\"@id\":\"https:\/\/kofe.hu\/parola\/parola-folyoirat\/start-tudas-a-start-hitel-lehetosegei-vallalkozok-szamara\/#breadcrumb\"},\"inLanguage\":\"hu\",\"potentialAction\":[{\"@type\":\"ReadAction\",\"target\":[\"https:\/\/kofe.hu\/parola\/parola-folyoirat\/start-tudas-a-start-hitel-lehetosegei-vallalkozok-szamara\/\"]}]},{\"@type\":\"ImageObject\",\"inLanguage\":\"hu\",\"@id\":\"https:\/\/kofe.hu\/parola\/parola-folyoirat\/start-tudas-a-start-hitel-lehetosegei-vallalkozok-szamara\/#primaryimage\",\"url\":\"https:\/\/kofe.hu\/parola\/wp-content\/uploads\/2020\/06\/91.2.jpeg\",\"contentUrl\":\"https:\/\/kofe.hu\/parola\/wp-content\/uploads\/2020\/06\/91.2.jpeg\",\"width\":1356,\"height\":1967},{\"@type\":\"BreadcrumbList\",\"@id\":\"https:\/\/kofe.hu\/parola\/parola-folyoirat\/start-tudas-a-start-hitel-lehetosegei-vallalkozok-szamara\/#breadcrumb\",\"itemListElement\":[{\"@type\":\"ListItem\",\"position\":1,\"name\":\"Home\",\"item\":\"https:\/\/kofe.hu\/parola\/\"},{\"@type\":\"ListItem\",\"position\":2,\"name\":\"Start tud\u00e1s: A Start hitel lehet\u0151s\u00e9gei v\u00e1llalkoz\u00f3k sz\u00e1m\u00e1ra\"}]},{\"@type\":\"WebSite\",\"@id\":\"https:\/\/kofe.hu\/parola\/#website\",\"url\":\"https:\/\/kofe.hu\/parola\/\",\"name\":\"Parola Foly\u00f3irat\",\"description\":\"\",\"potentialAction\":[{\"@type\":\"SearchAction\",\"target\":{\"@type\":\"EntryPoint\",\"urlTemplate\":\"https:\/\/kofe.hu\/parola\/?s={search_term_string}\"},\"query-input\":{\"@type\":\"PropertyValueSpecification\",\"valueRequired\":true,\"valueName\":\"search_term_string\"}}],\"inLanguage\":\"hu\"},{\"@type\":\"Person\",\"@id\":\"https:\/\/kofe.hu\/parola\/#\/schema\/person\/3e8190c2c2bb0272951001e3c1ed442e\",\"name\":\"dr. Balipap Ferenc\",\"image\":{\"@type\":\"ImageObject\",\"inLanguage\":\"hu\",\"@id\":\"https:\/\/kofe.hu\/parola\/#\/schema\/person\/image\/23494c9101089ad44ae88ce9d2f56aac\",\"url\":\"https:\/\/secure.gravatar.com\/avatar\/?s=96&d=mm&r=g\",\"contentUrl\":\"https:\/\/secure.gravatar.com\/avatar\/?s=96&d=mm&r=g\",\"caption\":\"dr. Balipap Ferenc\"},\"url\":\"https:\/\/kofe.hu\/parola\/szerzok\/dr-balipap-ferenc\/\"}]}<\/script>\n<!-- \/ Yoast SEO plugin. -->","yoast_head_json":{"title":"Start tud\u00e1s: A Start hitel lehet\u0151s\u00e9gei v\u00e1llalkoz\u00f3k sz\u00e1m\u00e1ra - Parola Foly\u00f3irat","robots":{"index":"index","follow":"follow","max-snippet":"max-snippet:-1","max-image-preview":"max-image-preview:large","max-video-preview":"max-video-preview:-1"},"canonical":"https:\/\/kofe.hu\/parola\/parola-folyoirat\/start-tudas-a-start-hitel-lehetosegei-vallalkozok-szamara\/","og_locale":"hu_HU","og_type":"article","og_title":"Start tud\u00e1s: A Start hitel lehet\u0151s\u00e9gei v\u00e1llalkoz\u00f3k sz\u00e1m\u00e1ra - Parola Foly\u00f3irat","og_description":"Az Iparosok Orsz\u00e1gos Sz\u00f6vets\u00e9g\u00e9nek egyik vezet\u0151je nemr\u00e9g arr\u00f3l t\u00e1j\u00e9koztatta a nyilv\u00e1noss\u00e1got, hogy a Start hitelt k\u00e9r\u0151knek majdnem a fel\u00e9t val\u00f3sz\u00edn\u0171leg el kell majd utas\u00edtaniuk. A bejelent\u00e9s persze \u00f6nmag\u00e1ban amennyire nem jelent szenz\u00e1ci\u00f3t &#8211; az okokra utal\u00f3 magyar\u00e1zat ez\u00fattal legal\u00e1bb annyira figyelemrem\u00e9lt\u00f3.","og_url":"https:\/\/kofe.hu\/parola\/parola-folyoirat\/start-tudas-a-start-hitel-lehetosegei-vallalkozok-szamara\/","og_site_name":"Parola Foly\u00f3irat","article_published_time":"2020-06-24T11:13:22+00:00","article_modified_time":"2020-07-30T09:52:16+00:00","og_image":[{"width":1356,"height":1967,"url":"https:\/\/kofe.hu\/parola\/wp-content\/uploads\/2020\/06\/91.2.jpeg","type":"image\/jpeg"}],"author":"dr. Balipap Ferenc","twitter_card":"summary_large_image","twitter_misc":{"Szerz\u0151:":"dr. Balipap Ferenc","Becs\u00fclt olvas\u00e1si id\u0151":"5 perc","Written by":"dr. Balipap Ferenc"},"schema":{"@context":"https:\/\/schema.org","@graph":[{"@type":"Article","@id":"https:\/\/kofe.hu\/parola\/parola-folyoirat\/start-tudas-a-start-hitel-lehetosegei-vallalkozok-szamara\/#article","isPartOf":{"@id":"https:\/\/kofe.hu\/parola\/parola-folyoirat\/start-tudas-a-start-hitel-lehetosegei-vallalkozok-szamara\/"},"author":{"name":"dr. Balipap Ferenc","@id":"https:\/\/kofe.hu\/parola\/#\/schema\/person\/3e8190c2c2bb0272951001e3c1ed442e"},"headline":"Start tud\u00e1s: A Start hitel lehet\u0151s\u00e9gei v\u00e1llalkoz\u00f3k sz\u00e1m\u00e1ra","datePublished":"2020-06-24T11:13:22+00:00","dateModified":"2020-07-30T09:52:16+00:00","mainEntityOfPage":{"@id":"https:\/\/kofe.hu\/parola\/parola-folyoirat\/start-tudas-a-start-hitel-lehetosegei-vallalkozok-szamara\/"},"wordCount":1079,"commentCount":0,"image":{"@id":"https:\/\/kofe.hu\/parola\/parola-folyoirat\/start-tudas-a-start-hitel-lehetosegei-vallalkozok-szamara\/#primaryimage"},"thumbnailUrl":"https:\/\/kofe.hu\/parola\/wp-content\/uploads\/2020\/06\/91.2.jpeg","articleSection":["Parola 1991\/2","Parola Foly\u00f3irat","Repert\u00f3rium"],"inLanguage":"hu","potentialAction":[{"@type":"CommentAction","name":"Comment","target":["https:\/\/kofe.hu\/parola\/parola-folyoirat\/start-tudas-a-start-hitel-lehetosegei-vallalkozok-szamara\/#respond"]}]},{"@type":"WebPage","@id":"https:\/\/kofe.hu\/parola\/parola-folyoirat\/start-tudas-a-start-hitel-lehetosegei-vallalkozok-szamara\/","url":"https:\/\/kofe.hu\/parola\/parola-folyoirat\/start-tudas-a-start-hitel-lehetosegei-vallalkozok-szamara\/","name":"Start tud\u00e1s: A Start hitel lehet\u0151s\u00e9gei v\u00e1llalkoz\u00f3k sz\u00e1m\u00e1ra - Parola Foly\u00f3irat","isPartOf":{"@id":"https:\/\/kofe.hu\/parola\/#website"},"primaryImageOfPage":{"@id":"https:\/\/kofe.hu\/parola\/parola-folyoirat\/start-tudas-a-start-hitel-lehetosegei-vallalkozok-szamara\/#primaryimage"},"image":{"@id":"https:\/\/kofe.hu\/parola\/parola-folyoirat\/start-tudas-a-start-hitel-lehetosegei-vallalkozok-szamara\/#primaryimage"},"thumbnailUrl":"https:\/\/kofe.hu\/parola\/wp-content\/uploads\/2020\/06\/91.2.jpeg","datePublished":"2020-06-24T11:13:22+00:00","dateModified":"2020-07-30T09:52:16+00:00","author":{"@id":"https:\/\/kofe.hu\/parola\/#\/schema\/person\/3e8190c2c2bb0272951001e3c1ed442e"},"breadcrumb":{"@id":"https:\/\/kofe.hu\/parola\/parola-folyoirat\/start-tudas-a-start-hitel-lehetosegei-vallalkozok-szamara\/#breadcrumb"},"inLanguage":"hu","potentialAction":[{"@type":"ReadAction","target":["https:\/\/kofe.hu\/parola\/parola-folyoirat\/start-tudas-a-start-hitel-lehetosegei-vallalkozok-szamara\/"]}]},{"@type":"ImageObject","inLanguage":"hu","@id":"https:\/\/kofe.hu\/parola\/parola-folyoirat\/start-tudas-a-start-hitel-lehetosegei-vallalkozok-szamara\/#primaryimage","url":"https:\/\/kofe.hu\/parola\/wp-content\/uploads\/2020\/06\/91.2.jpeg","contentUrl":"https:\/\/kofe.hu\/parola\/wp-content\/uploads\/2020\/06\/91.2.jpeg","width":1356,"height":1967},{"@type":"BreadcrumbList","@id":"https:\/\/kofe.hu\/parola\/parola-folyoirat\/start-tudas-a-start-hitel-lehetosegei-vallalkozok-szamara\/#breadcrumb","itemListElement":[{"@type":"ListItem","position":1,"name":"Home","item":"https:\/\/kofe.hu\/parola\/"},{"@type":"ListItem","position":2,"name":"Start tud\u00e1s: A Start hitel lehet\u0151s\u00e9gei v\u00e1llalkoz\u00f3k sz\u00e1m\u00e1ra"}]},{"@type":"WebSite","@id":"https:\/\/kofe.hu\/parola\/#website","url":"https:\/\/kofe.hu\/parola\/","name":"Parola Foly\u00f3irat","description":"","potentialAction":[{"@type":"SearchAction","target":{"@type":"EntryPoint","urlTemplate":"https:\/\/kofe.hu\/parola\/?s={search_term_string}"},"query-input":{"@type":"PropertyValueSpecification","valueRequired":true,"valueName":"search_term_string"}}],"inLanguage":"hu"},{"@type":"Person","@id":"https:\/\/kofe.hu\/parola\/#\/schema\/person\/3e8190c2c2bb0272951001e3c1ed442e","name":"dr. Balipap Ferenc","image":{"@type":"ImageObject","inLanguage":"hu","@id":"https:\/\/kofe.hu\/parola\/#\/schema\/person\/image\/23494c9101089ad44ae88ce9d2f56aac","url":"https:\/\/secure.gravatar.com\/avatar\/?s=96&d=mm&r=g","contentUrl":"https:\/\/secure.gravatar.com\/avatar\/?s=96&d=mm&r=g","caption":"dr. Balipap Ferenc"},"url":"https:\/\/kofe.hu\/parola\/szerzok\/dr-balipap-ferenc\/"}]}},"_links":{"self":[{"href":"https:\/\/kofe.hu\/parola\/wp-json\/wp\/v2\/posts\/1875","targetHints":{"allow":["GET"]}}],"collection":[{"href":"https:\/\/kofe.hu\/parola\/wp-json\/wp\/v2\/posts"}],"about":[{"href":"https:\/\/kofe.hu\/parola\/wp-json\/wp\/v2\/types\/post"}],"author":[{"embeddable":true,"href":"https:\/\/kofe.hu\/parola\/wp-json\/wp\/v2\/users\/49"}],"replies":[{"embeddable":true,"href":"https:\/\/kofe.hu\/parola\/wp-json\/wp\/v2\/comments?post=1875"}],"version-history":[{"count":2,"href":"https:\/\/kofe.hu\/parola\/wp-json\/wp\/v2\/posts\/1875\/revisions"}],"predecessor-version":[{"id":4053,"href":"https:\/\/kofe.hu\/parola\/wp-json\/wp\/v2\/posts\/1875\/revisions\/4053"}],"wp:featuredmedia":[{"embeddable":true,"href":"https:\/\/kofe.hu\/parola\/wp-json\/wp\/v2\/media\/4038"}],"wp:attachment":[{"href":"https:\/\/kofe.hu\/parola\/wp-json\/wp\/v2\/media?parent=1875"}],"wp:term":[{"taxonomy":"category","embeddable":true,"href":"https:\/\/kofe.hu\/parola\/wp-json\/wp\/v2\/categories?post=1875"},{"taxonomy":"post_tag","embeddable":true,"href":"https:\/\/kofe.hu\/parola\/wp-json\/wp\/v2\/tags?post=1875"},{"taxonomy":"author","embeddable":true,"href":"https:\/\/kofe.hu\/parola\/wp-json\/wp\/v2\/coauthors?post=1875"}],"curies":[{"name":"wp","href":"https:\/\/api.w.org\/{rel}","templated":true}]}}