{"id":1730,"date":"2020-06-12T09:09:11","date_gmt":"2020-06-12T09:09:11","guid":{"rendered":"https:\/\/kofe.hu\/parola\/?p=1730"},"modified":"2020-07-30T11:08:44","modified_gmt":"2020-07-30T11:08:44","slug":"a-viragzo-izlandi-e-demokracia","status":"publish","type":"post","link":"https:\/\/kofe.hu\/parola\/parola-folyoirat\/a-viragzo-izlandi-e-demokracia\/","title":{"rendered":"A vir\u00e1gz\u00f3 izlandi e-demokr\u00e1cia"},"content":{"rendered":"<p><span style=\"font-family: Arial;\">Az EGT\/Norv\u00e9g Civil T\u00e1mogat\u00e1si Alap \u00f6szt\u00f6nd\u00edjas programj\u00e1nak keret\u00e9ben megval\u00f3sul\u00f3<br \/>\ntanulm\u00e1nyutam c\u00e9lj\u00e1t k\u00e9pezte a Reykjav\u00edkban m\u0171k\u00f6d\u0151 hat\u00e9kony, partneri alapon m\u0171k\u00f6d\u0151,<br \/>\nalulr\u00f3l szervez\u0151d\u0151 online k\u00f6z\u00f6ss\u00e9gi tervez\u00e9s folyamat\u00e1ba val\u00f3 betekint\u00e9s, ennek k\u00f6zvetlen<br \/>\nmegtapasztal\u00e1sa. \u00dagy v\u00e9ltem, fontos szakmai tapasztalatot ny\u00fajthat k\u00fcld\u0151 szervezetem, a<br \/>\nK\u00f6z\u00f6ss\u00e9gfejleszt\u0151k Egyes\u00fclete \u00e9s a magam sz\u00e1m\u00e1ra is egy val\u00f3ban m\u0171k\u00f6d\u0151 e-demokr\u00e1cia<br \/>\nfolyamat\u00e1nak megismer\u00e9se, s az ennek l\u00e9trej\u00f6tt\u00e9hez sz\u00fcks\u00e9ges m\u00f3dszertani elemek<br \/>\ntanulm\u00e1nyoz\u00e1sa. Fogad\u00f3 szervezetem, a\u00a0<\/span><i><span style=\"font-family: Arial;\">Citizens Foundation (<\/span><\/i><span style=\"font-family: Arial;\">\u00c1llampolg\u00e1ri Alap\u00edtv\u00e1ny)<br \/>\nvil\u00e1gszerte t\u00e1mogat hasonl\u00f3 egy\u00fcttm\u0171k\u00f6d\u00e9seket, ily m\u00f3don nem csup\u00e1n Reykjav\u00edk \u00e9s ennek<br \/>\nr\u00e9v\u00e9n Izland p\u00e9ld\u00e1j\u00e1t ismerhettem meg, hanem t\u00f6bbek k\u00f6z\u00f6tt a m\u00e1r kialakult balk\u00e1ni<br \/>\nprojekteket is. Mindez egy komplex r\u00e1l\u00e1t\u00e1st biztos\u00edtott sz\u00e1momra, mely kieg\u00e9sz\u00fclt egy sz\u00e9les<br \/>\nk\u00f6r\u0171 kapcsolati h\u00e1l\u00f3 ki\u00e9p\u00fcl\u00e9s\u00e9vel. A k\u00f6vetkez\u0151kben a vir\u00e1gz\u00f3 izlandi demokr\u00e1cia online<br \/>\nform\u00e1inak ismertet\u00e9s\u00e9re v\u00e1llalkozom.<\/span><\/p>\n<p><!--more--><\/p>\n<p><span style=\"font-family: Arial;\"><br \/>\n<\/span><img loading=\"lazy\" decoding=\"async\" src=\"http:\/\/kka.hu\/_Kozossegi_Adattar\/PAROLAAR.NSF\/b84c8c861998671e8525670c00815721\/8458e2859a9132eac1257dc30046652a\/file\/299.458A?OpenElement&amp;FieldElemFormat=gif\" width=\"172\" height=\"130\" align=\"top\" \/><span style=\"font-family: Arial;\"><br \/>\n<\/span><b><span style=\"font-family: Arial;\">A szervezet j\u00f3 gyakorlat\u00e1nak bemutat\u00e1sa<\/span><\/b><b><\/b><\/p>\n<p><span style=\"color: #2f2f2f; font-family: Arial;\">A\u00a0<\/span><i><span style=\"color: #2f2f2f; font-family: Arial;\">Citizens\u00a0<\/span><\/i><i><u><span style=\"color: #0000ff; font-family: Arial;\">Foundation<\/span><\/u><\/i><span style=\"color: #2f2f2f; font-family: Arial;\">\u00a0k\u00fcldet\u00e9se, hogy egy olyan kommunik\u00e1ci\u00f3s<\/span><\/p>\n<p>fel\u00fcleteteket hozzon l\u00e9tre,<br \/>\nmelyek megteremtik a lehet\u0151s\u00e9get az<\/p>\n<p>\u00e1llampolg\u00e1ri l\u00e9t min\u00e9l sz\u00e9lesebb gyakorl\u00e1s\u00e1ra. Gunnar<\/p>\n<p><i><span style=\"color: #2f2f2f; font-family: Arial;\">Gr\u00edmsson<\/span><\/i><span style=\"color: #2f2f2f; font-family: Arial;\">\u00a0\u00e9s R\u00f3bert\u00a0<\/span><i><span style=\"color: #2f2f2f; font-family: Arial;\">Bjarnason<\/span><\/i><span style=\"color: #2f2f2f; font-family: Arial;\">\u00a02008 \u00f3ta \u00fczemeltetik \u00e9s fejlesztik<\/span><\/p>\n<p>a\u00a0<i><span style=\"color: #2f2f2f; font-family: Arial;\">Your Priorities<\/span><\/i><span style=\"color: #2f2f2f; font-family: Arial;\">\u00a0(A te prioit\u00e1sod\/els\u0151bbs\u00e9ged) online\u00a0<\/span><u><span style=\"color: #0000ff; font-family: Arial;\">szoftvert<\/span><\/u><span style=\"color: #2f2f2f; font-family: Arial;\"><br \/>\namely hozz\u00e1j\u00e1rult az \u00e1llampolg\u00e1ri r\u00e9szv\u00e9tel<br \/>\ner\u0151s\u00f6d\u00e9s\u00e9hez.<\/span><\/p>\n<p>Ennek eredm\u00e9nyek\u00e9ppen 2011-ben elnyert\u00e9k a\u00a0<i><span style=\"color: #2f2f2f; font-family: Arial;\">European e-Democracy<br \/>\nAwards<\/span><\/i><span style=\"color: #2f2f2f; font-family: Arial;\">-d\u00edjat.<br \/>\n<\/span><\/p>\n<p><b><span style=\"color: #2f2f2f; font-family: Arial;\">A\u00a0<\/span><\/b><b><i><span style=\"color: #2f2f2f; font-family: Arial;\">Your Priorities<\/span><\/i><\/b><b><span style=\"color: #2f2f2f; font-family: Arial;\">-re \u00e9p\u00fcl\u0151 izlandi e-demokr\u00e1cia modell<\/span><\/b><br \/>\n<span style=\"color: #2f2f2f; font-family: Arial;\">A\u00a0<\/span><i><span style=\"color: #2f2f2f; font-family: Arial;\">Citizens Foundation<\/span><\/i><span style=\"color: #2f2f2f; font-family: Arial;\">\u00a0munk\u00e1ss\u00e1g\u00e1nak kezdete 2008-ra tehet\u0151, mely \u00e9v m\u00e9lt\u00e1n nevezetes az izlandi demokr\u00e1cia t\u00f6rt\u00e9net\u00e9ben. Az ekkorra kiteljesed\u0151 p\u00e9nz\u00fcgyi v\u00e1ls\u00e1g hat\u00e1s\u00e1ra a politikai szf\u00e9ra bizalmi indexe a legm\u00e9lyebbre s\u00fcllyedt. Az izlandi civil t\u00e1rsadalom, kihaszn\u00e1lva a v\u00e1ls\u00e1g\u00e1llapotot, v\u00e1ltoz\u00e1st id\u00e9zett el\u0151 a demokr\u00e1cia fejl\u0151d\u00e9s\u00e9ben, s az \u00f6sszefog\u00e1s kulcsfontoss\u00e1g\u00fa alakjai k\u00f6z\u00f6tt tev\u00e9kenykedett R\u00f3bert Bjarnason \u00e9s Gunnar Gr\u00edmsson, a\u00a0<\/span><i><span style=\"color: #2f2f2f; font-family: Arial;\">Citizens Foundation<\/span><\/i><span style=\"color: #2f2f2f; font-family: Arial;\">\u00a0k\u00e9t munkat\u00e1rsa is. Ismerve az e-demokr\u00e1cia k\u00fclf\u00f6ldi hagyom\u00e1ny\u00e1t, kialak\u00edtottak egy, a r\u00e9szv\u00e9teli d\u00f6nt\u00e9shozatalra alkalmas online fel\u00fcletet, mely alkalmaz\u00e1s az\u00f3ta a\u00a0<\/span><i><span style=\"color: #2f2f2f; font-family: Arial;\">Your Priorities<\/span><\/i><span style=\"color: #2f2f2f; font-family: Arial;\">\u00a0n\u00e9ven v\u00e1lt ismertt\u00e9.<\/span><br \/>\n<span style=\"color: #2f2f2f; font-family: Arial;\">A demokr\u00e1cia fejleszt\u00e9s\u00e9nek lehet\u0151s\u00e9geit keresve, a s\u00falyos p\u00e9nz\u00fcgyi, valamint az ezzel egy\u00fctt j\u00e1r\u00f3, az \u00e1llampolg\u00e1rokban elhatalmasod\u00f3 bizalmi v\u00e1ls\u00e1gban, a\u00a0<\/span><i><span style=\"color: #2f2f2f; font-family: Arial;\">Citizens Foundation<\/span><\/i><span style=\"color: #2f2f2f; font-family: Arial;\">\u00a0munkat\u00e1rsai \u00fagy \u00e9rezt\u00e9k: meg\u00e9rett az id\u0151 egy alulr\u00f3l j\u00f6v\u0151 kezdem\u00e9nyez\u00e9s \u00e9letre kelt\u00e9s\u00e9re. E helyzetfelismer\u00e9st\u0151l inspir\u00e1lva ind\u00edtott\u00e1k \u00fatj\u00e1ra 2009-ben els\u0151, a r\u00e9szv\u00e9teli demokr\u00e1cia m\u00f3dszer\u00e9re \u00e9p\u00fcl\u0151 programjukat, melyet\u00a0<\/span><i><span style=\"color: #2f2f2f; font-family: Arial;\">Shadow Parliament<\/span><\/i><span style=\"color: #2f2f2f; font-family: Arial;\">nek (\u00e1rny\u00e9kparlamentnek) neveztek el, c\u00e9lja pedig egy, a v\u00e1rosi tan\u00e1cs m\u0171k\u00f6d\u00e9s\u00e9vel p\u00e1rhuzamos, \u00e1rny\u00e9kszavaz\u00e1snak teret ad\u00f3, az \u00e1llampolg\u00e1rok sz\u00e1m\u00e1ra kialak\u00edtott online kommunik\u00e1ci\u00f3s fel\u00fclet megalkot\u00e1sa volt, melyen kereszt\u00fcl az \u00e1llampolg\u00e1rok lehet\u0151s\u00e9get kaptak v\u00e9lem\u00e9ny\u00fck k\u00f6z\u00f6ss\u00e9gi megoszt\u00e1s\u00e1ra. El\u0151feltev\u00e9s\u00fck, miszerint a v\u00e1ls\u00e1g elhatalmasod\u00e1s\u00e1ra reag\u00e1lva, az emberek nagy sz\u00e1mban ig\u00e9nybe veszik majd ezt a lehet\u0151s\u00e9get, \u00e9s ezen kereszt\u00fcl hangot adnak v\u00e9lem\u00e9ny\u00fcknek, ekkor m\u00e9g nem igazol\u00f3dott be. A reykjav\u00edki \u00e1llampolg\u00e1rok a v\u00e1rtn\u00e1l csek\u00e9lyebb sz\u00e1mban csatlakoztak az els\u0151 kezdem\u00e9nyez\u00e9shez. Ennek k\u00f6vetkezt\u00e9ben ismert\u00e9k fel, hogy val\u00f3di hat\u00e1s \u00e9s sz\u00e9les k\u00f6r\u0171 r\u00e9szv\u00e9tel el\u00e9r\u00e9s\u00e9re egy komplexebb m\u00f3dszer kidolgoz\u00e1sa sz\u00fcks\u00e9ges, s nem el\u00e9gs\u00e9ges egy puszt\u00e1n egyoldal\u00fa, online kezdem\u00e9nyez\u00e9s elind\u00edt\u00e1sa. \u00cdgy, b\u00e1r 2008-ban teljes m\u00e9rt\u00e9kben civil \u00f6sszefog\u00e1sk\u00e9nt indult munk\u00e1ss\u00e1guk, egy \u00e9vvel az \u00e1rny\u00e9kkorm\u00e1ny kisebb-nagyobb sikerrel j\u00e1r\u00f3 m\u0171k\u00f6dtet\u00e9s\u00e9nek megkezd\u00e9se ut\u00e1n, 2010-ben \u00fagy d\u00f6nt\u00f6ttek, hogy teret adnak a politikai szf\u00e9r\u00e1nak is, s megpr\u00f3b\u00e1lnak egy mindk\u00e9t f\u00e9l sz\u00e1m\u00e1ra alkalmas egy\u00fcttm\u0171k\u00f6d\u00e9si platformot kialak\u00edtani.<\/span><br \/>\n<span style=\"color: #2f2f2f; font-family: Arial;\">2010 tavasz\u00e1n kezdt\u00e9k meg a t\u00e1rgyal\u00e1sokat a politikai p\u00e1rtokkal, s k\u00e9t h\u00e9ttel a reykjav\u00edki helyi v\u00e1laszt\u00e1sok el\u0151tt, megnyitott\u00e1k az imm\u00e1ron erre a koncepci\u00f3ra kialak\u00edtott\u00a0<\/span><i><span style=\"color: #2f2f2f; font-family: Arial;\">Better Reykjav\u00edk<\/span><\/i><span style=\"color: #2f2f2f; font-family: Arial;\">\u00a0<\/span><span style=\"font-family: Arial;\">(Betr\u00ed Reykjav\u00edk \u2013\u00a0<\/span><span style=\"color: #2f2f2f; font-family: Arial;\">Jobb Reykjav\u00edk) elnevez\u00e9s\u0171 online fel\u00fcletet a politikai p\u00e1rtok sz\u00e1m\u00e1ra is, hogy \u00e9rdemi p\u00e1rbesz\u00e9det kezdem\u00e9nyezhessenek az \u00e1llampolg\u00e1rokkal. A\u00a0<\/span><i><span style=\"color: #2f2f2f; font-family: Arial;\">Citizens Foundation<\/span><\/i><span style=\"color: #2f2f2f; font-family: Arial;\">\u00a0m\u00e1sodik, alulr\u00f3l \u00e9p\u00edtkez\u0151 civil kezdem\u00e9nyez\u00e9se teh\u00e1t a\u00a0<\/span><i><span style=\"color: #2f2f2f; font-family: Arial;\">Better Reykjav\u00edk<\/span><\/i><span style=\"color: #2f2f2f; font-family: Arial;\">, mely l\u00e9nyeg\u00e9ben v\u00e9ve az \u00e1rny\u00e9kkorm\u00e1ny int\u00e9zm\u00e9nyes\u00fclt form\u00e1j\u00e1v\u00e1 kezdett v\u00e1lni. Az egy\u00fcttm\u0171k\u00f6d\u00e9si lehet\u0151s\u00e9get minden p\u00e1rt sz\u00e1m\u00e1ra felaj\u00e1nlott\u00e1k, azonban csup\u00e1n\u00a0<\/span><i><span style=\"color: #2f2f2f; font-family: Arial;\">A Legjobb P\u00e1rt<\/span><\/i><span style=\"color: #2f2f2f; font-family: Arial;\">\u00a0(The Best Party) elnevez\u00e9s\u0171 viccp\u00e1rt tartotta fontosnak a kamp\u00e1ny utols\u00f3 id\u0151szak\u00e1ban, hogy az elektronikus demokr\u00e1cia ezen form\u00e1j\u00e1t alkalmazz\u00e1k. Arra azonban senki sem gondolt, hogy mindez hozz\u00e1seg\u00edti \u0151ket a fenn\u00e1ll\u00f3 politikai rendszer \u00e1talak\u00edt\u00e1s\u00e1hoz. A v\u00e1rosi tan\u00e1cs 15 hely\u00e9b\u0151l 6-ot szerzett meg 2010-ben\u00a0<\/span><i><span style=\"color: #2f2f2f; font-family: Arial;\">A Legjobb P\u00e1rt<\/span><\/i><span style=\"color: #2f2f2f; font-family: Arial;\">, s egy\u00fattal J\u00f3n Gnarr (sz\u00edn\u00e9sz, humorista) a viccp\u00e1rt jel\u00f6ltjek\u00e9nt lett a polg\u00e1rmestere Izland f\u0151v\u00e1ros\u00e1nak, melyet l\u00e9nyeg\u00e9ben a v\u00e1rosi tan\u00e1cs ir\u00e1ny\u00edt. Tagjait a 18 \u00e9v feletti, regisztr\u00e1lt reykjav\u00edki lakosok k\u00f6zvetlen m\u00f3don v\u00e1lasztj\u00e1k. A n\u00e9gy\u00e9ves mand\u00e1tum 2014-ben z\u00e1rult le, minek k\u00f6vetkezt\u00e9ben egy teljes ciklust meg\u00e9lt e-demokr\u00e1ciagyakorlat tapasztalatait birtokolja a szervezet. A\u00a0<\/span><i><span style=\"color: #2f2f2f; font-family: Arial;\">Citizens Foundation<\/span><\/i><span style=\"color: #2f2f2f; font-family: Arial;\">\u00a0ugyanis 2011 \u00f3ta hivatalosan is tagja annak a v\u00e1rosi fejleszt\u00e9si m\u0171helynek, amelyet a r\u00e9szv\u00e9teli demokr\u00e1cia koordin\u00e1l\u00e1s\u00e1ra hoztak l\u00e9tre. 2014 szeptember\u00e9ben k\u00f6t\u00f6tt\u00e9k meg a k\u00f6vetkez\u0151 ciklusra vonatkoz\u00f3 szerz\u0151d\u00e9st, egy \u00faj egy\u00fcttm\u0171k\u00f6d\u00e9si meg\u00e1llapod\u00e1s alapj\u00e1n, az el\u0151z\u0151 \u00e9vek tapasztalataira \u00e9p\u00edtve. A\u00a0<\/span><i><span style=\"color: #2f2f2f; font-family: Arial;\">Citizens Foundation\u00a0<\/span><\/i><span style=\"color: #2f2f2f; font-family: Arial;\">tev\u00e9kenys\u00e9ge alapvet\u0151en teh\u00e1t a\u00a0<\/span><i><span style=\"color: #2f2f2f; font-family: Arial;\">Your Priorities<\/span><\/i><span style=\"color: #2f2f2f; font-family: Arial;\">\u00a0szoftverre \u00e9p\u00fcl, amely 2008-as fejleszt\u00e9se \u00f3ta t\u00f6bb v\u00e1ltoz\u00e1son is \u00e1tesett, valamint sz\u00e1mos adapt\u00e1ci\u00f3t \u00e9rt meg a vil\u00e1g k\u00fcl\u00f6nb\u00f6z\u0151 pontjain.<\/span><\/p>\n<p><b><span style=\"font-family: Arial;\">A k\u00f6z\u00f6ss\u00e9gi tervez\u00e9s folyamata a\u00a0<\/span><\/b><b><i><span style=\"font-family: Arial;\">Your Priorities<\/span><\/i><\/b><b><span style=\"font-family: Arial;\">\u00a0\u00e1ltal<\/span><\/b><br \/>\n<span style=\"font-family: Arial;\">A\u00a0<\/span><i><span style=\"font-family: Arial;\">Your Priorities<\/span><\/i><span style=\"font-family: Arial;\">-szoftver egy olyan ny\u00edlt hozz\u00e1f\u00e9r\u00e9s\u0171 online k\u00f6z\u00f6ss\u00e9gi fel\u00fclet, ahol az \u00e1llampolg\u00e1rok \u00e1ltal k\u00e9pviselt \u00f6tletek \u00e9s priorit\u00e1sok nyilv\u00e1noss\u00e1got nyerhetnek. Egyszer\u0171 haszn\u00e1lata, vil\u00e1gos kezelhet\u0151s\u00e9ge r\u00e9v\u00e9n k\u00f6nnyen el\u00e9rhet\u0151 mindenki sz\u00e1m\u00e1ra. A fel\u00fclete letisztult, ami el\u0151seg\u00edti a gyakorlati alkalmaz\u00e1s\u00e1t, s egyben teret szolg\u00e1ltat arra, hogy az adott k\u00f6z\u00f6ss\u00e9g a saj\u00e1t szimbolik\u00e1j\u00e1t, nyelvezet\u00e9t haszn\u00e1lva adapt\u00e1lja.<\/span><br \/>\n<span style=\"font-family: Arial;\">M\u0171k\u00f6d\u00e9se k\u00e9tfajta r\u00e9szv\u00e9teli lehet\u0151s\u00e9get k\u00edn\u00e1l fel. A regisztr\u00e1ci\u00f3t k\u00f6vet\u0151en egyr\u00e9szt az egy\u00e9ni javaslatok artikul\u00e1ci\u00f3j\u00e1t teszi lehet\u0151v\u00e9, m\u00e1sr\u00e9szt pedig a m\u00e1r megl\u00e9v\u0151 \u00f6tletek k\u00f6zvetlen v\u00e9lem\u00e9nyez\u00e9s\u00e9re ny\u00edlik t\u00e9r. Ennek r\u00e9v\u00e9n kialakul a k\u00f6z\u00f6ss\u00e9g \u00e1ltal legink\u00e1bb t\u00e1mogatott \u00f6tletek jegyz\u00e9ke, mely vil\u00e1gos \u00e9s \u00e1tl\u00e1that\u00f3 m\u00f3don k\u00f6zvet\u00edti a nyilv\u00e1noss\u00e1g fel\u00e9 a k\u00f6z\u00f6ss\u00e9gi d\u00f6nt\u00e9s eredm\u00e9ny\u00e9t (rangsorolva az egyes megoszt\u00e1sokat). Az online fel\u00fclet alkalmaz\u00e1sa sor\u00e1n teh\u00e1t lehet\u0151s\u00e9g ny\u00edlik a javaslatok, innov\u00e1ci\u00f3k rendszerez\u00e9s\u00e9re, egy k\u00f6z\u00f6s nyelv kialak\u00edt\u00e1sa \u00e1ltal.<\/span><br \/>\n<span style=\"font-family: Arial;\">Az \u00e1llampolg\u00e1rok egy adott kereten, t\u00e9m\u00e1n bel\u00fcl \u00f6tleteket oszthatnak meg egym\u00e1ssal, f\u00fcggetlen\u00fcl att\u00f3l, hogy egy j\u00e1t\u00e9k k\u00f6z\u00f6ss\u00e9gi l\u00e9trehoz\u00e1s\u00e1r\u00f3l, iskolai kir\u00e1ndul\u00e1sok tervez\u00e9s\u00e9r\u0151l, egy szervezeten bel\u00fcli munkafolyamat megtervez\u00e9s\u00e9r\u0151l, vagy \u00e9ppen az \u00e1llami p\u00e9nzek k\u00f6z\u00f6ss\u00e9gi eloszt\u00e1s\u00e1r\u00f3l van sz\u00f3. Az els\u0151 l\u00e9p\u00e9s minden esetben a\u00a0<\/span><i><span style=\"font-family: Arial;\">Your Priorities<\/span><\/i><span style=\"font-family: Arial;\">-fel\u00fclet egy\u00e9ni aktiv\u00e1l\u00e1sa, s ezut\u00e1n k\u00fcl\u00f6nb\u00f6z\u0151, mindenki sz\u00e1m\u00e1ra \u00e9rthet\u0151 \u00e9s relev\u00e1ns kateg\u00f3ri\u00e1k l\u00e9trehoz\u00e1sa, melyeken bel\u00fcl lehet\u0151s\u00e9g ny\u00edlik az innovat\u00edv \u00f6tletek megoszt\u00e1s\u00e1ra. Az \u00f6tletek r\u00f6vid jellemz\u00e9s\u00e9t k\u00f6vet\u0151en tov\u00e1bbi t\u00e9r ny\u00edlik ezek meger\u0151s\u00edt\u00e9s\u00e9re vagy \u00e9ppen fel\u00fclb\u00edr\u00e1l\u00e1s\u00e1ra, ami arra a k\u00e9rd\u00e9sre ad b\u0151vebb v\u00e1laszt, hogy mi\u00e9rt \u00e9rdemes \u00e9ppen azt t\u00e1mogatni vagy ellenezni. Ennek folyam\u00e1n a szavaz\u00f3k k\u00f6z\u00f6tt elindul egy ny\u00edlt, mindenki sz\u00e1m\u00e1ra nyomon k\u00f6vethet\u0151 p\u00e1rbesz\u00e9d, ahol az \u00e9rvel\u00e9s technik\u00e1j\u00e1nak gyakorl\u00e1sa \u00e1ltal lehet\u0151s\u00e9get teremtenek a saj\u00e1t n\u00e9z\u0151pontok \u00e9rv\u00e9nyes\u00edt\u00e9s\u00e9re, nem utols\u00f3 sorban pedig az egyes v\u00e9lem\u00e9nyek megismer\u00e9s\u00e9re, val\u00f3di p\u00e1rbesz\u00e9d gener\u00e1l\u00e1sa \u00e1ltal.<\/span><br \/>\n<span style=\"font-family: Arial;\">Kialak\u00edt\u00e1sa sor\u00e1n t\u00f6rekedtek arra, hogy mindenki sz\u00e1m\u00e1ra k\u00f6nnyen haszn\u00e1lhat\u00f3, egyszer\u0171en kezelhet\u0151 \u00e9s \u00e1tl\u00e1that\u00f3 legyen. \u00cdgy azt\u00e1n nem v\u00e9letlen, hogy sikeresen alkalmazz\u00e1k a vil\u00e1g minden t\u00e1j\u00e1n. A\u00a0<\/span><i><span style=\"font-family: Arial;\">Your Priorities<\/span><\/i><span style=\"font-family: Arial;\">-fejleszt\u00e9s egyik legsikeresebb megval\u00f3sul\u00e1sa a\u00a0<\/span><i><span style=\"font-family: Arial;\">Better Reykjav\u00edk<\/span><\/i><span style=\"font-family: Arial;\">-oldal.<\/span><\/p>\n<p><b><i><span style=\"font-family: Arial;\">Better Reykjav\u00edk<\/span><\/i><\/b><b><span style=\"font-family: Arial;\">\u00a0\u2013 A r\u00e9szv\u00e9teli d\u00f6nt\u00e9shozatal izlandi esete<\/span><\/b><br \/>\n<span style=\"font-family: Arial;\">A v\u00e1rosi tan\u00e1cs, a\u00a0<\/span><i><span style=\"font-family: Arial;\">Citizens Foundation<\/span><\/i><span style=\"font-family: Arial;\">nel k\u00f6t\u00f6tt meg\u00e1llapod\u00e1s eredm\u00e9nyek\u00e9ppen, kialak\u00edtotta a r\u00e9szv\u00e9teli d\u00f6nt\u00e9shozatal izlandi mechanizmus\u00e1t. A 2010-es v\u00e1laszt\u00e1sokkal j\u00e1r\u00f3 strukt\u00farav\u00e1lt\u00e1s k\u00f6vetkezm\u00e9nye a r\u00e9szv\u00e9teli demokr\u00e1cia min\u0151s\u00e9gi fejl\u0151d\u00e9se, melynek egyik k\u00e9zzel foghat\u00f3 p\u00e9ld\u00e1ja a\u00a0<\/span><i><span style=\"font-family: Arial;\">Citizens Foundation<\/span><\/i><span style=\"font-family: Arial;\">nel val\u00f3 partners\u00e9g gy\u00fcm\u00f6lcse. Az \u00fajj\u00e1\u00e9p\u00edtkez\u00e9s szerves velej\u00e1r\u00f3jak\u00e9nt szerett\u00e9k volna intenz\u00edvv\u00e9 tenni az \u00e1llampolg\u00e1rok k\u00f6z\u00f6tti kommunik\u00e1ci\u00f3t, aminek eszk\u00f6ze a\u00a0<\/span><i><span style=\"font-family: Arial;\">Your Priorities<\/span><\/i><span style=\"font-family: Arial;\">\u00a0fel\u00fclete lett. Ennek eredm\u00e9nyek\u00e9ppen 2011-ben ind\u00edtott\u00e1k el, imm\u00e1ron a v\u00e1rosi tan\u00e1cs \u00e1ltal t\u00e1mogatott programk\u00e9nt, \u00e1talak\u00edtott, int\u00e9zm\u00e9nyes\u00fclt form\u00e1ban, a\u00a0<\/span><i><span style=\"font-family: Arial;\">\u201eBetter Reykjav\u00edk<\/span><\/i><span style=\"font-family: Arial;\">-programot.<\/span><br \/>\n<span style=\"font-family: Arial;\">Az e-demokr\u00e1cia m\u00f3dszer\u00e9t alkalmazva, a r\u00e9szv\u00e9teli d\u00f6nt\u00e9shozatal a v\u00e1rosi tan\u00e1cs m\u0171k\u00f6d\u00e9s\u00e9nek szerves r\u00e9sz\u00e9v\u00e9 v\u00e1lt. Ennek k\u00f6sz\u00f6nhet\u0151en a\u00a0<\/span><i><span style=\"font-family: Arial;\">Citizens Foundation<\/span><\/i><span style=\"font-family: Arial;\">\u00a0a v\u00e1rosi tan\u00e1ccsal 2011 okt\u00f3bere \u00f3ta \u00e1ll partners\u00e9gben, s az alap\u00edtv\u00e1ny munkat\u00e1rsai egy\u00fattal tagjai a v\u00e1rosfejleszt\u00e9si m\u0171helynek is. Az egy\u00fcttm\u0171k\u00f6d\u00e9s fenntarthat\u00f3s\u00e1g\u00e1nak tan\u00fabizonys\u00e1ga, hogy 2014 szeptember\u00e9ben mindezt meghosszabb\u00edtva \u2013 egy\u00fattal a szerz\u0151d\u00e9st meg\u00faj\u00edtva \u2013 folytatj\u00e1k a civil\u2013\u00e1llami egy\u00fcttm\u0171k\u00f6d\u00e9st. T\u00e9nylegesen is a v\u00e1rosvezet\u00e9s mindennapjainak r\u00e9sze lett teh\u00e1t ez a fajta online eszk\u00f6z. Mindez illeszkedik Anwar Shah, a r\u00e9szv\u00e9teli demokr\u00e1cia egyik szak\u00e9rt\u0151j\u00e9nek az elk\u00e9pzel\u00e9s\u00e9hez, miszerint egy eredm\u00e9nyes r\u00e9szv\u00e9teli k\u00f6lts\u00e9gvet\u00e9si folyamatot hossz\u00fa t\u00e1vra tervez\u00fcnk, minimum 2\u20133 \u00e9vre, elker\u00fclve ezzel is a t\u00falkap\u00e1sokat, valamint az esetleges csal\u00f3d\u00e1sokat.<\/span><br \/>\n<span style=\"font-family: Arial;\">A 2010\u20132014-ig tart\u00f3 egy\u00fcttm\u0171k\u00f6d\u00e9s projektkoordin\u00e1tora, Hilmar Magn\u00fasson, aki nem elhanyagolhat\u00f3 m\u00f3don emberi jogi aktivista civilk\u00e9nt, ut\u00f3dja pedig Unnur Margr\u00e9t Arnard\u00f3ttir, aki a k\u00f6vetkez\u0151 ciklus r\u00e9szv\u00e9teli demokr\u00e1cia projekt koordin\u00e1ci\u00f3j\u00e1\u00e9rt felel\u0151s.<\/span><br \/>\n<span style=\"font-family: Arial;\">A\u00a0<\/span><i><span style=\"font-family: Arial;\">Better Reykjav\u00edk<\/span><\/i><span style=\"font-family: Arial;\">\u00a0l\u00e9nyeg\u00e9ben v\u00e9ve egy nonprofit platform, melyet Gunnar Gr\u00edmsson \u00e9s R\u00f3bert Bjarnason ind\u00edtott \u00fatj\u00e1ra, azonban m\u0171k\u00f6dtet\u00e9s\u00e9\u00e9rt 2011-t\u0151l a mindenkori v\u00e1rosi tan\u00e1cs a felel\u0151s. A civil kezdem\u00e9nyez\u00e9sre l\u00e9trehozott fel\u00fclet integr\u00e1l\u00f3dott a v\u00e1rosi tan\u00e1cs m\u0171k\u00f6d\u00e9s\u00e9be, \u00e9s a r\u00e9szv\u00e9teli d\u00f6nt\u00e9shozatal eszk\u00f6z\u00e9v\u00e9 v\u00e1lt. A 2010-ben l\u00e9trehozott fel\u00fclet kialak\u00edt\u00e1sa sor\u00e1n a deliberat\u00edv \u00e9s a r\u00e9szv\u00e9teli demokr\u00e1cia m\u00f3dszer\u00e9t kombin\u00e1lva, egyszersmind teret biztos\u00edtanak az \u00e1llampolg\u00e1rok sz\u00e1m\u00e1ra, hogy nyilv\u00e1nosan megossz\u00e1k innovat\u00edv javaslataikat, v\u00e9lem\u00e9ny\u00fcket egy-egy \u00fcgy (t\u00e9mak\u00f6r) ment\u00e9n, ez\u00faton is lehet\u0151s\u00e9get teremtve minden ember sz\u00e1m\u00e1ra, hogy r\u00e9szt vegyen a politikai d\u00f6nt\u00e9shozatalban. Az \u00e1llampolg\u00e1rok nyomon k\u00f6vethetik a honlapon k\u00f6zz\u00e9tett inform\u00e1ci\u00f3kat, azonban tev\u0151legesen r\u00e9szt v\u00e1llalni csak a regisztr\u00e1ci\u00f3t k\u00f6vet\u0151en tudnak, melyet elektronikus szem\u00e9lyi igazolv\u00e1nnyal lehet elv\u00e9gezni, ezzel is el\u0151seg\u00edtve a honlap rendeltet\u00e9sszer\u0171 alkalmaz\u00e1s\u00e1t. A regisztr\u00e1ci\u00f3t k\u00f6vet\u0151en a tagok szabadon megoszthatj\u00e1k a k\u00f6z\u00f6ss\u00e9g fejl\u0151d\u00e9s\u00e9t szolg\u00e1l\u00f3 javaslataikat, melyet egy publikus fel\u00fcleten vit\u00e1ra bocs\u00e1thatnak: a javaslathoz v\u00e9lem\u00e9nyt f\u0171zhetnek, \u00e9s a f\u00f3rumon tov\u00e1bb is besz\u00e9lgethetnek a r\u00e9sztvev\u0151k. A javaslat megvitat\u00e1s\u00e1n t\u00fal lehet\u0151s\u00e9g van szavazni is: t\u00e1mogatni vagy elvetni az adott \u00f6tletet (<\/span><i><span style=\"font-family: Arial;\">like<\/span><\/i><span style=\"font-family: Arial;\">\u00a0\u00e9s\u00a0<\/span><i><span style=\"font-family: Arial;\">dislike<\/span><\/i><span style=\"font-family: Arial;\">\u00a0funkci\u00f3val). Minden h\u00f3napban megvitat\u00e1sra ker\u00fcl a legt\u00f6bb t\u00e1mogat\u00e1st nyert \u00e1tlagosan 16 \u00f6tlet a v\u00e1rosi tan\u00e1cs \u00e1ltal, egy k\u00fcl\u00f6n, erre a c\u00e9lra szervezett megbesz\u00e9l\u00e9s keret\u00e9n bel\u00fcl, melynek k\u00f6sz\u00f6nhet\u0151en az izlandi \u00e1llampolg\u00e1rok es\u00e9lyt kapnak arra, hogy k\u00f6zvetlen\u00fcl is r\u00e9szt v\u00e1llaljanak a politikai d\u00f6nt\u00e9shozatalban.<\/span><\/p>\n<p><b><span style=\"font-family: Arial;\">A\u00a0<\/span><\/b><b><i><span style=\"font-family: Arial;\">Better Neighbourhoods<\/span><\/i><\/b><b><span style=\"font-family: Arial;\">\u00a0(Jobb szomsz\u00e9ds\u00e1gok) projekt<\/span><\/b><br \/>\n<span style=\"font-family: Arial;\">A\u00a0<\/span><i><span style=\"font-family: Arial;\">Better Reykjav\u00edk<\/span><\/i><span style=\"font-family: Arial;\">-program r\u00e9szek\u00e9nt, erre \u00e9p\u00fclve dolgozt\u00e1k ki a r\u00e9szv\u00e9teli k\u00f6lts\u00e9gvet\u00e9s rendszer\u00e9t, melyet\u00a0<\/span><i><span style=\"font-family: Arial;\">Better Neighbourhood<\/span><\/i><span style=\"font-family: Arial;\">-nak neveztek el. A reykjav\u00edki r\u00e9szv\u00e9teli k\u00f6lts\u00e9gvet\u00e9s egy id\u0151szakos projekt, mely, a megval\u00f3s\u00edt\u00e1st is sz\u00e1mba v\u00e9ve minden esetben egy \u00e9vet \u00f6lel fel. A v\u00e1rosvezet\u00e9s j\u00f3v\u00e1hagy\u00e1s\u00e1val, \u00e9vente 300 milli\u00f3 izlandi korona, vagyis k\u00f6r\u00fclbel\u00fcl hatsz\u00e1z milli\u00f3 forint sors\u00e1r\u00f3l d\u00f6nthetnek az \u00e1llampolg\u00e1rok az erre kialak\u00edtott szavaz\u00f3fel\u00fcleten, amely a r\u00e9sz\u00e9t k\u00e9pezi az eg\u00e9sz \u00e9vben m\u0171k\u00f6d\u0151\u00a0<\/span><i><span style=\"font-family: Arial;\">Better Reykjav\u00edk<\/span><\/i><span style=\"font-family: Arial;\">\u00a0v\u00e1rosfejleszt\u00e9si programnak. Minden ker\u00fcletnek k\u00fcl\u00f6n r\u00e9szlege van, ahov\u00e1 bel\u00e9pve, az adott ker\u00fcletben \u00e9l\u0151 szomsz\u00e9ds\u00e1gok tagjai k\u00f6z\u00f6sen d\u00f6nthetnek a megadott keret\u00f6sszeg sors\u00e1r\u00f3l. E folyamat t\u00f6bb f\u00e1zisban zajlik. A 2014-es, legut\u00f3bbi r\u00e9szv\u00e9teli k\u00f6lts\u00e9gvet\u00e9si folyamat a k\u00f6vetkez\u0151 hat\u00e1rid\u0151ket foglalta mag\u00e1ban.<\/span><\/p>\n<p><b><span style=\"font-family: Arial;\">I. f\u00e1zis: \u00d6tletek, javaslatok k\u00f6zz\u00e9 t\u00e9tele a r\u00e9szv\u00e9teli k\u00f6lts\u00e9gvet\u00e9sre vonatkoz\u00f3an<\/span><\/b><br \/>\n<span style=\"font-family: Arial;\">2013. november 30-t\u00f3l volt esed\u00e9kes az aktu\u00e1lis, 2014-es \u00e9vre vonatkoz\u00f3 r\u00e9szv\u00e9teli k\u00f6lts\u00e9gvet\u00e9s tartalm\u00e1t illet\u0151 javaslatok, innovat\u00edv \u00f6tletek megoszt\u00e1sa \u00e9s lakoss\u00e1gi megvitat\u00e1sa. 2013 december\u00e9ig 500 egy\u00e9ni \u00f6tletet regisztr\u00e1ltak az erre kialak\u00edtott\u00a0<\/span><i><span style=\"font-family: Arial;\">Your Priorities<\/span><\/i><span style=\"font-family: Arial;\">\u00a0fel\u00fcleten. Az \u00e1llampolg\u00e1rok el\u0151sz\u00f6r teh\u00e1t az \u00f6tleteiket, megval\u00f3s\u00edtand\u00f3 \u00faj\u00edt\u00e1saiknak a terv\u00e9t oszthatj\u00e1k meg. Ez az id\u0151szak megadja annak a lehet\u0151s\u00e9g\u00e9t, hogy az \u00e1llampolg\u00e1rok javaslatot tegyenek: mire k\u00f6lts\u00e9k a r\u00e9szv\u00e9teli k\u00f6lts\u00e9gvet\u00e9sre elk\u00fcl\u00f6n\u00edtett \u00e1llami keret\u00f6sszeget.<\/span><\/p>\n<p><b><span style=\"font-family: Arial;\">II. f\u00e1zis: A legt\u00e1mogatottabb \u00f6tletek megvitat\u00e1sa a v\u00e1rosfejleszt\u00e9si m\u0171hely \u00e1ltal<\/span><\/b><br \/>\n<span style=\"font-family: Arial;\">2013 december\u00e9t\u0151l a legt\u00f6bb szavazatot elnyert reformjavaslatokr\u00f3l, amennyiben illeszkednek az aktu\u00e1lis v\u00e1rosfejleszt\u00e9si koncepci\u00f3hoz, a r\u00e9szv\u00e9teli k\u00f6lts\u00e9gvet\u00e9s lebonyol\u00edt\u00e1s\u00e1\u00e9rt felel\u0151s technikai st\u00e1b \u00fcl\u00e9sez\u00e9s\u00e9t k\u00f6vet\u0151en k\u00f6lts\u00e9gvet\u00e9s k\u00e9sz\u00fcl.<\/span><\/p>\n<p><b><span style=\"font-family: Arial;\">III. f\u00e1zis: A szomsz\u00e9ds\u00e1gi tan\u00e1cs javaslatt\u00e9tele<\/span><\/b><br \/>\n<span style=\"font-family: Arial;\">2014. febru\u00e1r 1\u201314.-e k\u00f6z\u00f6tt az elfogadott javaslatokat, a p\u00e9nz\u00fcgyi keret\u00f6sszeget mell\u00e9 rendelve, a szomsz\u00e9ds\u00e1gi tan\u00e1cs t\u00e1rgyalja. A szomsz\u00e9ds\u00e1gi tan\u00e1cs tagjainak lehet\u0151s\u00e9ge van fel\u00fclb\u00edr\u00e1lni azt, \u00e9s \u00faj javaslatot k\u00f6zz\u00e9tenni, melyet \u00fajra tov\u00e1bb\u00edt az ezt koordin\u00e1l\u00f3 m\u0171helynek. V\u00e9gs\u0151 form\u00e1ban ker\u00fcletenk\u00e9nt 20 \u00e1llampolg\u00e1ri javaslatot v\u00e1lasztanak ki, melyek, egy kidolgozott k\u00f6lts\u00e9gvet\u00e9st hozz\u00e1rendelve, alapj\u00e1t k\u00e9pezik majd a r\u00e9szv\u00e9teli k\u00f6lts\u00e9gvet\u00e9s szavaz\u00e1s\u00e1nak. Am\u00edg teh\u00e1t a 20 v\u00e9gs\u0151 javaslatig eljutnak, t\u00f6bbfordul\u00f3s tan\u00e1cskoz\u00e1s is v\u00e9gbemehet.<\/span><\/p>\n<p><b><span style=\"font-family: Arial;\">IV. f\u00e1zis: R\u00e9szv\u00e9teli d\u00f6nt\u00e9shozatal \u2013 szavaz\u00e1s<\/span><\/b><br \/>\n<span style=\"font-family: Arial;\">A\u00a0<\/span><i><span style=\"font-family: Arial;\">Better Neighbourhoods<\/span><\/i><span style=\"font-family: Arial;\">\u00a0fel\u00fclet\u00e9n l\u00e9trehozott online szavaz\u00e1s a szem\u00e9lyazonoss\u00e1g megad\u00e1s\u00e1val t\u00f6rt\u00e9nik. A szavaz\u00e1s 2014-ben m\u00e1rciusra esett. Minden ember csak egyszer voksolhat, \u00e1m azt mindaddig szerkesztheti, m\u00edg le nem telik a szavaz\u00e1si id\u0151. A legt\u00e1mogatottabb \u00f6tletek pedig a megval\u00f3s\u00edt\u00e1s mezej\u00e9re l\u00e9pnek: 313 javaslat 3 \u00e9v alatt.<\/span><br \/>\n<span style=\"font-family: Arial;\">A k\u00f6vetkez\u0151kben n\u00e9h\u00e1ny megval\u00f3sult fejleszt\u00e9s k\u00e9pe l\u00e1that\u00f3:<\/span><\/p>\n<p><img loading=\"lazy\" decoding=\"async\" src=\"http:\/\/kka.hu\/_Kozossegi_Adattar\/PAROLAAR.NSF\/b84c8c861998671e8525670c00815721\/8458e2859a9132eac1257dc30046652a\/file\/538.462A?OpenElement&amp;FieldElemFormat=gif\" width=\"400\" height=\"267\" align=\"left\" \/><img loading=\"lazy\" decoding=\"async\" src=\"http:\/\/kka.hu\/_Kozossegi_Adattar\/PAROLAAR.NSF\/b84c8c861998671e8525670c00815721\/8458e2859a9132eac1257dc30046652a\/file\/790.26A8?OpenElement&amp;FieldElemFormat=gif\" width=\"400\" height=\"267\" align=\"top\" \/><br \/>\n<span style=\"font-family: Arial; font-size: small;\"><br \/>\n<\/span><span style=\"font-family: Arial;\">L\u00e9pcs\u0151 a tengerhez (kor\u00e1bban probl\u00e9mak\u00e9nt mer\u00fclt fel, hogy J\u00e1t\u00e9kt\u00e9r a v\u00e1rosi parkban<br \/>\na v\u00e1rosban nem lehet megk\u00f6zel\u00edteni a tengert, erre sz\u00fcletett Fot\u00f3: Citizens Foundation<br \/>\nmegold\u00e1sk\u00e9pp ez az \u00e1llampolg\u00e1ri javaslat)<br \/>\nFot\u00f3: Citizens Foundation<\/span><\/p>\n<p><span style=\"font-family: Arial;\">No de ki \u00e1ll e folyamat m\u00f6g\u00f6tt? Hilmar Magn\u00fasson szerint a legfontosabb, hogy egy j\u00f3l egy\u00fcttm\u0171k\u00f6d\u0151 csapat koordin\u00e1lja mindezt, ebben l\u00e1tja a r\u00e9szv\u00e9teli k\u00f6lts\u00e9gvet\u00e9s sikeress\u00e9g\u00e9t. Egyr\u00e9szt teh\u00e1t a v\u00e1rosfejleszt\u00e9si m\u0171hely tagjai, egy technikai st\u00e1b (tagjai k\u00f6z\u00f6tt helyi civil szervezetek, t\u00f6bbek k\u00f6z\u00f6tt\u00a0<\/span><i><span style=\"font-family: Arial;\">a Citizens Foundation<\/span><\/i><span style=\"font-family: Arial;\">\u00a0is), valamint a helyi szomsz\u00e9ds\u00e1gi tan\u00e1cs tagjai, minden felt\u00fcntetett szomsz\u00e9ds\u00e1gb\u00f3l \u00f6t lakoss\u00e1gi k\u00e9pvisel\u0151vel, akik kapcsolatban \u00e1llnak a szomsz\u00e9ds\u00e1ghoz tartoz\u00f3 k\u00f6z\u00f6ss\u00e9gi h\u00e1z munkat\u00e1rsaival. Hilmar szerint e h\u00e1rmas \u00f6sszj\u00e1t\u00e9kb\u00f3l mindeddig hi\u00e1nyzott az egyetem, s \u00fagy v\u00e9li, csak \u00fagy lehet eredm\u00e9nyes \u00e9s igaz\u00e1n fenntarthat\u00f3 a folyamat, amennyiben az egyetem szoci\u00e1lis szakemberei \u00e9s hallgat\u00f3i is r\u00e9szei az ezt koordin\u00e1l\u00f3 csapatnak. Erre a tapasztalatra \u00e9p\u00edtkezve a k\u00f6vetkez\u0151 ciklusban m\u00e1r be szeretn\u00e9 \u0151ket is vonni az egy\u00fcttm\u0171k\u00f6d\u00e9sbe.<\/span><br \/>\n<span style=\"font-family: Arial;\">Egy m\u00e1sik fontos eleme ennek a folyamatnak, hogy mindek\u00f6zben k\u00f6nnyen, erre a c\u00e9lra j\u00f3l haszn\u00e1lhat\u00f3, mindenki sz\u00e1m\u00e1ra hozz\u00e1f\u00e9rhet\u0151 \u00e9s \u00e9rtelmezhet\u0151 fel\u00fcletet kezelhessenek, amire a\u00a0<\/span><i><span style=\"font-family: Arial;\">Your Priorities<\/span><\/i><span style=\"font-family: Arial;\">\u00a0alkalmasnak is bizonyult. E p\u00e9ld\u00e1ra \u00e9p\u00edtve m\u00e1r sz\u00e1mos orsz\u00e1gban haszn\u00e1lj\u00e1k ezt az online fel\u00fcletet a v\u00e1rosi r\u00e9szv\u00e9teli k\u00f6lts\u00e9gvet\u00e9s, illetve d\u00f6nt\u00e9shozatal k\u00e9sz\u00edt\u00e9s\u00e9re: csak n\u00e9h\u00e1ny p\u00e9ld\u00e1t eml\u00edtve, akikkel partners\u00e9gben van a szervezet: \u00c9sztorsz\u00e1g, Lengyelorsz\u00e1g \u00e9s Rom\u00e1nia.<\/span><\/p>\n<p><b><span style=\"font-family: Arial;\">\u00c9let Izlandon t\u00fal \u2013 avagy a\u00a0<\/span><\/b><b><i><span style=\"font-family: Arial;\">Your Priorities<\/span><\/i><\/b><b><span style=\"font-family: Arial;\">\u00a0k\u00fclf\u00f6ldi adapt\u00e1ci\u00f3i<\/span><\/b><\/p>\n<p><b><span style=\"font-family: Arial;\">Lengyelorsz\u00e1g<\/span><\/b><br \/>\n<span style=\"font-family: Arial;\">A wroc\u0142awi sz\u00e9khely\u0171 egyes\u00fclet (<\/span><i><span style=\"font-family: Arial;\">Association Centre for Systems\u00a0<\/span><\/i><i><u><span style=\"color: #0000ff; font-family: Arial;\">Solutions<\/span><\/u><\/i><span style=\"font-family: Arial;\">), az izlandi szervezettel partners\u00e9gben, az EGT\/Norv\u00e9g Civil T\u00e1mogat\u00e1si Alap t\u00e1mogat\u00e1s seg\u00edts\u00e9g\u00e9vel egy r\u00e9szv\u00e9teli k\u00f6lts\u00e9gvet\u00e9si programot dolgozott ki. A projekten 2014 m\u00e1rcius\u00e1t\u00f3l kezdtek el dolgozni, Jakub Damurski projektkoordin\u00e1tor vezet\u00e9s\u00e9vel, s a megval\u00f3s\u00edt\u00e1s 2016-ig tart. A k\u00f6lts\u00e9gvet\u00e9s mintegy 349 490,00 z\u0142otyt (PLN) tesz ki. A\u00a0<\/span><i><span style=\"font-family: Arial;\">The Budget Game<\/span><\/i><span style=\"font-family: Arial;\">\u00a0nevet visel\u0151 projektj\u00fck a r\u00e9szv\u00e9teli k\u00f6lts\u00e9gvet\u00e9s bevezet\u00e9s\u00e9re ir\u00e1nyul Lublinban, szoci\u00e1lis konzult\u00e1ci\u00f3 keret\u00e9n bel\u00fcl, melyhez a\u00a0<\/span><i><span style=\"font-family: Arial;\">Your Priorities<\/span><\/i><span style=\"font-family: Arial;\">-fel\u00fcletet kezdt\u00e9k alkalmazni. Maga a modellprogram a 2011-es amerikai\u00a0<\/span><i><span style=\"font-family: Arial;\">Budget Game<\/span><\/i><span style=\"font-family: Arial;\">-b\u0151l inspir\u00e1l\u00f3dott, melyet San Joseban vezettek be.<\/span><br \/>\n<span style=\"font-family: Arial;\">Programjuk sor\u00e1n c\u00e9lk\u00e9nt t\u0171zt\u00e9k ki a val\u00f3di p\u00e1rbesz\u00e9d el\u0151seg\u00edt\u00e9s\u00e9t a lakosok, a d\u00f6nt\u00e9shoz\u00f3k \u00e9s a civil szervezetek k\u00f6z\u00f6tt. A projekttel szeretn\u00e9k el\u00e9rni, hogy a k\u00f6lts\u00e9gvet\u00e9si tervez\u00e9s \u00e9s az azt k\u00f6vet\u0151 javaslatokat \u00e9rint\u0151 nyomonk\u00f6vet\u00e9s sor\u00e1n az az \u00e9rz\u00e9s alakuljon ki az \u00e1llampolg\u00e1rokban, hogy bizonyos m\u00e9rt\u00e9kben tulajdonosai a v\u00e1ros vagyon\u00e1nak. E m\u0171k\u00f6d\u00e9si m\u00f3d egy\u00fattal k\u00f6zvetetten el\u0151seg\u00edti a kommunik\u00e1ci\u00f3 fejleszt\u00e9s\u00e9t is a d\u00f6nt\u00e9shoz\u00f3k \u00e9s a civil szervezetek k\u00f6z\u00f6tt. A folyamat egyik el\u0151nye annak \u00e1tl\u00e1that\u00f3s\u00e1ga. A Lublinban tervezett r\u00e9szv\u00e9teli k\u00f6lts\u00e9gvet\u00e9s projekt partnere a helyi \u00f6nkorm\u00e1nyzat, aki r\u00e9szt v\u00e1llal a szervez\u00e9sben, valamint felaj\u00e1nlotta seg\u00edts\u00e9g\u00e9t a n\u00e9pszer\u0171s\u00edt\u00e9sben is. A\u00a0<\/span><i><span style=\"font-family: Arial;\">Citizens Foundation<\/span><\/i><span style=\"font-family: Arial;\">\u00a0ebben a projektben v\u00e1llalta a\u00a0<\/span><i><span style=\"font-family: Arial;\">Your Priorities<\/span><\/i><span style=\"font-family: Arial;\">re \u00e9p\u00fcl\u0151 m\u00f3dszertan \u00e9s a r\u00e9szv\u00e9teli k\u00f6lts\u00e9gvet\u00e9s ter\u00fclet\u00e9n szerzett tapasztalatainak \u00e1tad\u00e1s\u00e1t.<\/span><\/p>\n<p><b><span style=\"font-family: Arial;\">Szlov\u00e9nia<\/span><\/b><br \/>\n<span style=\"font-family: Arial;\">A szlov\u00e9niai Mariborban az alulr\u00f3l szervez\u0151d\u0151 k\u00f6z\u00f6ss\u00e9gek k\u00f6zvetlen demokr\u00e1ci\u00e1hoz val\u00f3 hozz\u00e1seg\u00edt\u00e9s\u00e9t t\u0171zt\u00e9k ki c\u00e9lul az\u00a0<\/span><i><span style=\"font-family: Arial;\">Association for Support to Radio Mar\u0161\u00a0<\/span><\/i><span style=\"font-family: Arial;\">elnevez\u00e9s\u0171 szervezet munkat\u00e1rsai. Szint\u00e9n az EGT\/Norv\u00e9g Civil T\u00e1mogat\u00e1si Alap keretein bel\u00fcl tudj\u00e1k megval\u00f3s\u00edtani elk\u00e9pzel\u00e9s\u00fcket, a\u00a0<\/span><i><span style=\"font-family: Arial;\">Citizens Foudnation<\/span><\/i><span style=\"font-family: Arial;\">nel partners\u00e9gben, a\u00a0<\/span><i><span style=\"font-family: Arial;\">Your Priorities<\/span><\/i><span style=\"font-family: Arial;\">-szoftvert alkalmazva. Projektj\u00fckkel szeretn\u00e9nek r\u00e1vil\u00e1g\u00edtani a k\u00f6zvetlen demokr\u00e1cia el\u0151ny\u00f6s hat\u00e1saira. A 2012-es t\u00e9li t\u00fcntet\u00e9seket k\u00f6vet\u0151en a r\u00e9szv\u00e9teli demokr\u00e1cia \u00faj form\u00e1iban kezdtek gondolkozni, a szomsz\u00e9ds\u00e1gi egy\u00fcttm\u0171k\u00f6d\u00e9sekre \u00e9p\u00edtkezve. Els\u0151dleges c\u00e9ljuk a k\u00f6zvetlen demokr\u00e1cia form\u00e1inak t\u00e1mogat\u00e1sa. A projekt c\u00e9lja egy r\u00e9szv\u00e9teli demokr\u00e1ci\u00e1ra \u00e9p\u00fcl\u0151 j\u00f3 gyakorlat megval\u00f3s\u00edt\u00e1sa, mely \u00e1ltal hozz\u00e1seg\u00edtik az akt\u00edv \u00e1llampolg\u00e1rokat, hogy t\u00e9nylegesen lehet\u0151s\u00e9g\u00fck ny\u00edljon a v\u00e1ros ir\u00e1ny\u00edt\u00e1s\u00e1ban val\u00f3 szerepv\u00e1llal\u00e1shoz. A\u00a0<\/span><i><span style=\"font-family: Arial;\">Citizens Foundation<\/span><\/i><span style=\"font-family: Arial;\">nel partners\u00e9gben val\u00f3s\u00edtj\u00e1k meg projektterv\u00fcket, az \u0151 szakmai tapasztalatukat szeretn\u00e9k ig\u00e9nybe venni, melynek k\u00f6sz\u00f6nhet\u0151en \u00e1tj\u00e1rhat\u00f3 hidat tudnak kialak\u00edtani a form\u00e1lis politikai strukt\u00far\u00e1k \u00e9s a r\u00e9szv\u00e9teli demokr\u00e1cia form\u00e1i k\u00f6z\u00f6tt, hozz\u00e1seg\u00edtve ezzel Maribor lakosainak akt\u00edv \u00e1llampolg\u00e1rr\u00e1 v\u00e1l\u00e1s\u00e1t.<\/span><\/p>\n<p><b><span style=\"font-family: Arial;\">\u00c9sztorsz\u00e1g<\/span><\/b><br \/>\n<span style=\"font-family: Arial;\">A 2012-es v\u00e1laszt\u00e1sokat k\u00f6vet\u0151en Toomas Hendrik Ilves eln\u00f6k arra k\u00e9rte a civil szervezeteket, hogy olyan m\u00f3dszertant dolgozzanak ki, mellyel az orsz\u00e1gban el\u0151seg\u00edtik a demokr\u00e1cia er\u0151s\u00f6d\u00e9s\u00e9t.<\/span><br \/>\n<span style=\"font-family: Arial;\">Az \u00e9szt\u00a0<\/span><i><span style=\"font-family: Arial;\">Open Government Partnership<\/span><\/i><span style=\"font-family: Arial;\">-projekt keret\u00e9n bel\u00fcl, Kristina Reinsalu koordin\u00e1l\u00e1s\u00e1val, a nyitott korm\u00e1nyz\u00e1s elv\u00e9t vallva dolgozt\u00e1k ki a r\u00e9szv\u00e9teli d\u00f6nt\u00e9shozatal helyi j\u00f3 gyakorlat\u00e1t. Az EGT\/Norv\u00e9g Civil T\u00e1mogat\u00e1si Alap projektj\u00fck f\u0151 c\u00e9ljai k\u00f6z\u00f6tt szerepel a helyi korm\u00e1nyz\u00e1s \u00e1tl\u00e1that\u00f3s\u00e1g\u00e1nak n\u00f6vel\u00e9se, a r\u00e9szv\u00e9teli kult\u00fara er\u0151s\u00edt\u00e9se.<\/span><br \/>\n<span style=\"font-family: Arial;\">A projekt 2014 \u00e1prilis\u00e1ban indult \u00e9s a lebonyol\u00edt\u00e1s 2016. m\u00e1rcius v\u00e9g\u00e9ig tart. A k\u00f6lts\u00e9gvet\u00e9si tervezet 96,550 eur\u00f3. A projekt sor\u00e1n, egy partners\u00e9gen alapul\u00f3, nyitott korm\u00e1nyz\u00e1sra alkalmas kommunik\u00e1ci\u00f3s fel\u00fclet kialak\u00edt\u00e1s\u00e1t t\u0171zt\u00e9k ki c\u00e9lul, melynek eszk\u00f6ze a\u00a0<\/span><i><span style=\"font-family: Arial;\">Your Priorities<\/span><\/i><span style=\"font-family: Arial;\">-szoftver.<\/span><br \/>\n<span style=\"font-family: Arial;\">A\u00a0<\/span><i><u><span style=\"color: #0000ff; font-family: Arial;\">Rahvakogu<\/span><\/u><\/i><span style=\"font-family: Arial;\">\u00a0\u00e9s\u00a0<\/span><span style=\"font-family: Arial;\"><a href=\"http:\/\/participedia.net\/en\/cases\/rahvakogu-peoples-assembly\">http:\/\/participedia.net\/en\/cases\/rahvakogu-peoples-assembly<\/a><\/span><span style=\"font-family: Arial;\">\u00a0elnevez\u00e9s\u0171 online fel\u00fcletet a\u00a0<\/span><i><span style=\"font-family: Arial;\">Citizens Foundation<\/span><\/i><span style=\"font-family: Arial;\">\u00a0munkat\u00e1rsai k\u00fcl\u00f6n erre a c\u00e9lra alak\u00edtott\u00e1k ki, amely lehet\u0151v\u00e9 teszi az \u00e1llampolg\u00e1rok sz\u00e1m\u00e1ra, hogy javaslatokat tegyenek k\u00f6zz\u00e9, melynek sor\u00e1n az \u00e9szt t\u00f6rv\u00e9nyhoz\u00e1sra is befoly\u00e1ssal lehetnek.<\/span><\/p>\n<p><b><span style=\"font-family: Arial;\">E-demokr\u00e1cia kezdem\u00e9nyez\u00e9sek a Balk\u00e1non<\/span><\/b><br \/>\n<span style=\"font-family: Arial;\">Kor\u00e1bban a\u00a0<\/span><i><span style=\"font-family: Arial;\">Balkan eDemocracy Startup\u00a0<\/span><\/i><i><u><span style=\"color: #0000ff; font-family: Arial;\">Project<\/span><\/u><\/i><span style=\"font-family: Arial;\">\u00a0keret\u00e9n bel\u00fcl 12 civil szervezet v\u00e1llalkozott arra, hogy a\u00a0<\/span><i><span style=\"font-family: Arial;\">Citizens Foundation<\/span><\/i><span style=\"font-family: Arial;\">\u00a0szakmai t\u00e1mogat\u00e1s\u00e1val elind\u00edtja a\u00a0<\/span><i><span style=\"font-family: Arial;\">Your Priorities<\/span><\/i><span style=\"font-family: Arial;\">-modell balk\u00e1ni ki\u00e9p\u00edt\u00e9s\u00e9t. Mindez lehet\u0151s\u00e9get teremt a civil t\u00e1rsadalom meger\u0151s\u00edt\u00e9se a balk\u00e1ni ter\u00fcleteken is.<\/span><\/p>\n<p><b><span style=\"font-family: Arial;\">eDemocracy Startup Network<\/span><\/b><br \/>\n<span style=\"font-family: Arial;\">A\u00a0<\/span><i><span style=\"font-family: Arial;\">Balkan eDemocracy Start-up Project<\/span><\/i><span style=\"font-family: Arial;\">-et kezdetben az egyes k\u00fclf\u00f6ldi adapt\u00e1ci\u00f3kat \u00e1tfog\u00f3 szakmai h\u00e1l\u00f3zat ki\u00e9p\u00edt\u00e9s\u00e9re hozt\u00e1k l\u00e9tre, azonban a kor\u00e1bban balk\u00e1ni orsz\u00e1gokra korl\u00e1toz\u00f3dott e-demokr\u00e1cia h\u00e1l\u00f3zatot meg\u00faj\u00edtva, 2014 j\u00falius\u00e1t\u00f3l m\u00e1r egy \u00e1tfog\u00f3 nemzetk\u00f6zi h\u00e1l\u00f3zatr\u00f3l besz\u00e9l\u00fcnk, a\u00a0<\/span><i><span style=\"font-family: Arial;\">Citizens Foundation<\/span><\/i><span style=\"font-family: Arial;\">\u00a0\u00e9gisze alatt. Els\u0151dleges c\u00e9lja, hogy er\u0151s partneri kapcsolatot seg\u00edtsen el\u0151 azok k\u00f6z\u00f6tt a szervezetek k\u00f6z\u00f6tt, amelyek a\u00a0<\/span><i><span style=\"font-family: Arial;\">Your Priorities<\/span><\/i><span style=\"font-family: Arial;\">-szoftverre \u00e9p\u00fcl\u0151 modellprogramot dolgoztak ki az e-demokr\u00e1cia ter\u00fclet\u00e9n.<\/span><br \/>\n<span style=\"font-family: Arial;\">Ez a fajta nemzetk\u00f6zi h\u00e1l\u00f3zat m\u00e9g ki\u00e9p\u00fcl\u0151ben van, azonban minden olyan partnerszervezet sz\u00e1m\u00e1ra nyitott, mely \u00e9rdekl\u0151dik az online r\u00e9szv\u00e9teli eszk\u00f6z\u00f6k \u00e1ltali demokr\u00e1ciafejleszt\u00e9s ir\u00e1nt.<\/span><br \/>\n<span style=\"font-family: Arial;\">Az Alap\u00edtv\u00e1ny e h\u00e1l\u00f3zatban egy szakmai mentori szerepet t\u00f6lt be, melynek az e-demokr\u00e1ci\u00e1hoz k\u00f6t\u0151d\u0151 eszk\u00f6z\u00f6k fejleszt\u00e9se, \u00e9s a partnerszervezetek szakmai t\u00e1mogat\u00e1sa a feladata.<\/span><b><span style=\"font-family: Arial;\">Z\u00e1rsz\u00f3<\/span><\/b><br \/>\n<span style=\"font-family: Arial;\">A hazai k\u00f6z\u00f6ss\u00e9gfejleszt\u00e9s t\u00f6rt\u00e9net\u00e9ben meg\u00e9rett az id\u0151 arra, hogy az internetet mint seg\u00edt\u0151 eszk\u00f6zt, szervesen alkalmazzuk a fejleszt\u00e9si folyamat sor\u00e1n. Mindazon\u00e1ltal hangs\u00falyozom, hogy az e-demokr\u00e1cia kapcs\u00e1n kialak\u00edtott\u00a0<\/span><i><span style=\"font-family: Arial;\">Your Priorities<\/span><\/i><span style=\"font-family: Arial;\">-modell \u00e1t\u00fcltet\u00e9se \u00e1ltal l\u00e9trehozott, online kommunik\u00e1ci\u00f3s csatorna csup\u00e1n eszk\u00f6ze e folyamatnak, \u00e9s a szem\u00e9lyes k\u00f6z\u00f6ss\u00e9gi egy\u00fcttm\u0171k\u00f6d\u00e9s, a helyi d\u00f6nt\u00e9shozatalban val\u00f3 r\u00e9szv\u00e9tel el\u0151seg\u00edt\u00e9s\u00e9re szolg\u00e1l. Egy olyan h\u00edd, melynek alkalmaz\u00e1sa \u00e1ltal ki\u00e9p\u00fcl egy k\u00f6z\u00f6s nyelv, er\u0151s\u00f6dik a vitakult\u00fara, \u00e9s lehet\u0151s\u00e9g ad\u00f3dik a k\u00f6zvetlen v\u00e9lem\u00e9nyform\u00e1l\u00e1s \u00e1ltal l\u00e9trej\u00f6v\u0151 r\u00e9szv\u00e9teli d\u00f6nt\u00e9shozatali folyamatra.<\/span><br \/>\n<span style=\"font-family: Arial;\">Az online k\u00f6z\u00f6ss\u00e9gi oldalak t\u00e9rh\u00f3d\u00edt\u00e1sa hozz\u00e1j\u00e1rul ahhoz, hogy e fel\u00fclet kezel\u00e9se napi rutinn\u00e1 v\u00e1ljon, ak\u00e1rcsak m\u00e1s k\u00f6z\u00f6ss\u00e9gi alkalmaz\u00e1s. Az izlandi e-demokr\u00e1cia gyakorlat\u00e1nak hazai adapt\u00e1l\u00e1s\u00e1val utat nyitunk a modern technik\u00e1k t\u00e9rnyer\u00e9se fel\u00e9, amelyek a hagyom\u00e1nyos k\u00f6z\u00f6ss\u00e9gfejleszt\u00e9si folyamatnak \u00faj lend\u00fcletet adva, el\u0151seg\u00edthetik az aktu\u00e1lis viszonyokhoz igazod\u00f3 korszer\u0171 k\u00f6z\u00f6ss\u00e9gi cselekv\u00e9st, egyszersmind egy olyan kommunik\u00e1ci\u00f3s csatorn\u00e1t biztos\u00edt, mely lehet\u0151v\u00e9 teszi az \u00e1llampolg\u00e1ri szerepv\u00e1llal\u00e1s min\u00e9l akt\u00edvabb form\u00e1j\u00e1t.<\/span><\/p>\n","protected":false},"excerpt":{"rendered":"<p>Az EGT\/Norv\u00e9g Civil T\u00e1mogat\u00e1si Alap \u00f6szt\u00f6nd\u00edjas programj\u00e1nak keret\u00e9ben megval\u00f3sul\u00f3 tanulm\u00e1nyutam c\u00e9lj\u00e1t k\u00e9pezte a Reykjav\u00edkban m\u0171k\u00f6d\u0151 hat\u00e9kony, partneri alapon m\u0171k\u00f6d\u0151, alulr\u00f3l szervez\u0151d\u0151 online k\u00f6z\u00f6ss\u00e9gi tervez\u00e9s folyamat\u00e1ba val\u00f3 betekint\u00e9s, ennek k\u00f6zvetlen megtapasztal\u00e1sa. \u00dagy v\u00e9ltem, fontos szakmai tapasztalatot ny\u00fajthat k\u00fcld\u0151 szervezetem, a K\u00f6z\u00f6ss\u00e9gfejleszt\u0151k Egyes\u00fclete \u00e9s a magam sz\u00e1m\u00e1ra is egy val\u00f3ban m\u0171k\u00f6d\u0151 e-demokr\u00e1cia folyamat\u00e1nak megismer\u00e9se, s az ennek [&hellip;]<\/p>\n","protected":false},"author":27,"featured_media":1731,"comment_status":"open","ping_status":"open","sticky":false,"template":"","format":"standard","meta":{"_acf_changed":false,"footnotes":""},"categories":[179,8,7],"tags":[],"coauthors":[27],"class_list":["post-1730","post","type-post","status-publish","format-standard","has-post-thumbnail","hentry","category-parola-2014-4","category-parola-folyoirat","category-repertorium"],"acf":[],"yoast_head":"<!-- This site is optimized with the Yoast SEO plugin v26.7 - https:\/\/yoast.com\/wordpress\/plugins\/seo\/ -->\n<title>A vir\u00e1gz\u00f3 izlandi e-demokr\u00e1cia - Parola Foly\u00f3irat<\/title>\n<meta name=\"robots\" content=\"index, follow, max-snippet:-1, max-image-preview:large, max-video-preview:-1\" \/>\n<link rel=\"canonical\" href=\"https:\/\/kofe.hu\/parola\/parola-folyoirat\/a-viragzo-izlandi-e-demokracia\/\" \/>\n<meta property=\"og:locale\" content=\"hu_HU\" \/>\n<meta property=\"og:type\" content=\"article\" \/>\n<meta property=\"og:title\" content=\"A vir\u00e1gz\u00f3 izlandi e-demokr\u00e1cia - Parola Foly\u00f3irat\" \/>\n<meta property=\"og:description\" content=\"Az EGT\/Norv\u00e9g Civil T\u00e1mogat\u00e1si Alap \u00f6szt\u00f6nd\u00edjas programj\u00e1nak keret\u00e9ben megval\u00f3sul\u00f3 tanulm\u00e1nyutam c\u00e9lj\u00e1t k\u00e9pezte a Reykjav\u00edkban m\u0171k\u00f6d\u0151 hat\u00e9kony, partneri alapon m\u0171k\u00f6d\u0151, alulr\u00f3l szervez\u0151d\u0151 online k\u00f6z\u00f6ss\u00e9gi tervez\u00e9s folyamat\u00e1ba val\u00f3 betekint\u00e9s, ennek k\u00f6zvetlen megtapasztal\u00e1sa. \u00dagy v\u00e9ltem, fontos szakmai tapasztalatot ny\u00fajthat k\u00fcld\u0151 szervezetem, a K\u00f6z\u00f6ss\u00e9gfejleszt\u0151k Egyes\u00fclete \u00e9s a magam sz\u00e1m\u00e1ra is egy val\u00f3ban m\u0171k\u00f6d\u0151 e-demokr\u00e1cia folyamat\u00e1nak megismer\u00e9se, s az ennek [&hellip;]\" \/>\n<meta property=\"og:url\" content=\"https:\/\/kofe.hu\/parola\/parola-folyoirat\/a-viragzo-izlandi-e-demokracia\/\" \/>\n<meta property=\"og:site_name\" content=\"Parola Foly\u00f3irat\" \/>\n<meta property=\"article:published_time\" content=\"2020-06-12T09:09:11+00:00\" \/>\n<meta property=\"article:modified_time\" content=\"2020-07-30T11:08:44+00:00\" \/>\n<meta property=\"og:image\" content=\"https:\/\/kofe.hu\/parola\/wp-content\/uploads\/2020\/06\/Csabai-Lucia.gif\" \/>\n\t<meta property=\"og:image:width\" content=\"313\" \/>\n\t<meta property=\"og:image:height\" content=\"382\" \/>\n\t<meta property=\"og:image:type\" content=\"image\/gif\" \/>\n<meta name=\"author\" content=\"Csabai Lucia\" \/>\n<meta name=\"twitter:card\" content=\"summary_large_image\" \/>\n<meta name=\"twitter:label1\" content=\"Szerz\u0151:\" \/>\n\t<meta name=\"twitter:data1\" content=\"Csabai Lucia\" \/>\n\t<meta name=\"twitter:label2\" content=\"Becs\u00fclt olvas\u00e1si id\u0151\" \/>\n\t<meta name=\"twitter:data2\" content=\"23 perc\" \/>\n\t<meta name=\"twitter:label3\" content=\"Written by\" \/>\n\t<meta name=\"twitter:data3\" content=\"Csabai Lucia\" \/>\n<script type=\"application\/ld+json\" class=\"yoast-schema-graph\">{\"@context\":\"https:\/\/schema.org\",\"@graph\":[{\"@type\":\"Article\",\"@id\":\"https:\/\/kofe.hu\/parola\/parola-folyoirat\/a-viragzo-izlandi-e-demokracia\/#article\",\"isPartOf\":{\"@id\":\"https:\/\/kofe.hu\/parola\/parola-folyoirat\/a-viragzo-izlandi-e-demokracia\/\"},\"author\":{\"name\":\"Csabai Lucia\",\"@id\":\"https:\/\/kofe.hu\/parola\/#\/schema\/person\/edc9ca20faa654fdc596a014c8ac3241\"},\"headline\":\"A vir\u00e1gz\u00f3 izlandi e-demokr\u00e1cia\",\"datePublished\":\"2020-06-12T09:09:11+00:00\",\"dateModified\":\"2020-07-30T11:08:44+00:00\",\"mainEntityOfPage\":{\"@id\":\"https:\/\/kofe.hu\/parola\/parola-folyoirat\/a-viragzo-izlandi-e-demokracia\/\"},\"wordCount\":4703,\"commentCount\":0,\"image\":{\"@id\":\"https:\/\/kofe.hu\/parola\/parola-folyoirat\/a-viragzo-izlandi-e-demokracia\/#primaryimage\"},\"thumbnailUrl\":\"https:\/\/kofe.hu\/parola\/wp-content\/uploads\/2020\/06\/Csabai-Lucia.gif\",\"articleSection\":[\"Parola 2014\/4\",\"Parola Foly\u00f3irat\",\"Repert\u00f3rium\"],\"inLanguage\":\"hu\",\"potentialAction\":[{\"@type\":\"CommentAction\",\"name\":\"Comment\",\"target\":[\"https:\/\/kofe.hu\/parola\/parola-folyoirat\/a-viragzo-izlandi-e-demokracia\/#respond\"]}]},{\"@type\":\"WebPage\",\"@id\":\"https:\/\/kofe.hu\/parola\/parola-folyoirat\/a-viragzo-izlandi-e-demokracia\/\",\"url\":\"https:\/\/kofe.hu\/parola\/parola-folyoirat\/a-viragzo-izlandi-e-demokracia\/\",\"name\":\"A vir\u00e1gz\u00f3 izlandi e-demokr\u00e1cia - Parola Foly\u00f3irat\",\"isPartOf\":{\"@id\":\"https:\/\/kofe.hu\/parola\/#website\"},\"primaryImageOfPage\":{\"@id\":\"https:\/\/kofe.hu\/parola\/parola-folyoirat\/a-viragzo-izlandi-e-demokracia\/#primaryimage\"},\"image\":{\"@id\":\"https:\/\/kofe.hu\/parola\/parola-folyoirat\/a-viragzo-izlandi-e-demokracia\/#primaryimage\"},\"thumbnailUrl\":\"https:\/\/kofe.hu\/parola\/wp-content\/uploads\/2020\/06\/Csabai-Lucia.gif\",\"datePublished\":\"2020-06-12T09:09:11+00:00\",\"dateModified\":\"2020-07-30T11:08:44+00:00\",\"author\":{\"@id\":\"https:\/\/kofe.hu\/parola\/#\/schema\/person\/edc9ca20faa654fdc596a014c8ac3241\"},\"breadcrumb\":{\"@id\":\"https:\/\/kofe.hu\/parola\/parola-folyoirat\/a-viragzo-izlandi-e-demokracia\/#breadcrumb\"},\"inLanguage\":\"hu\",\"potentialAction\":[{\"@type\":\"ReadAction\",\"target\":[\"https:\/\/kofe.hu\/parola\/parola-folyoirat\/a-viragzo-izlandi-e-demokracia\/\"]}]},{\"@type\":\"ImageObject\",\"inLanguage\":\"hu\",\"@id\":\"https:\/\/kofe.hu\/parola\/parola-folyoirat\/a-viragzo-izlandi-e-demokracia\/#primaryimage\",\"url\":\"https:\/\/kofe.hu\/parola\/wp-content\/uploads\/2020\/06\/Csabai-Lucia.gif\",\"contentUrl\":\"https:\/\/kofe.hu\/parola\/wp-content\/uploads\/2020\/06\/Csabai-Lucia.gif\",\"width\":313,\"height\":382},{\"@type\":\"BreadcrumbList\",\"@id\":\"https:\/\/kofe.hu\/parola\/parola-folyoirat\/a-viragzo-izlandi-e-demokracia\/#breadcrumb\",\"itemListElement\":[{\"@type\":\"ListItem\",\"position\":1,\"name\":\"Home\",\"item\":\"https:\/\/kofe.hu\/parola\/\"},{\"@type\":\"ListItem\",\"position\":2,\"name\":\"A vir\u00e1gz\u00f3 izlandi e-demokr\u00e1cia\"}]},{\"@type\":\"WebSite\",\"@id\":\"https:\/\/kofe.hu\/parola\/#website\",\"url\":\"https:\/\/kofe.hu\/parola\/\",\"name\":\"Parola Foly\u00f3irat\",\"description\":\"\",\"potentialAction\":[{\"@type\":\"SearchAction\",\"target\":{\"@type\":\"EntryPoint\",\"urlTemplate\":\"https:\/\/kofe.hu\/parola\/?s={search_term_string}\"},\"query-input\":{\"@type\":\"PropertyValueSpecification\",\"valueRequired\":true,\"valueName\":\"search_term_string\"}}],\"inLanguage\":\"hu\"},{\"@type\":\"Person\",\"@id\":\"https:\/\/kofe.hu\/parola\/#\/schema\/person\/edc9ca20faa654fdc596a014c8ac3241\",\"name\":\"Csabai Lucia\",\"image\":{\"@type\":\"ImageObject\",\"inLanguage\":\"hu\",\"@id\":\"https:\/\/kofe.hu\/parola\/#\/schema\/person\/image\/58089476c79c3a790c7a7b61f604df2a\",\"url\":\"https:\/\/secure.gravatar.com\/avatar\/9806a55a3d06a7bd2189e071d80a5f460e1aa04a86c8bc8fa064cd4e8c852294?s=96&d=mm&r=g\",\"contentUrl\":\"https:\/\/secure.gravatar.com\/avatar\/9806a55a3d06a7bd2189e071d80a5f460e1aa04a86c8bc8fa064cd4e8c852294?s=96&d=mm&r=g\",\"caption\":\"Csabai Lucia\"},\"url\":\"https:\/\/kofe.hu\/parola\/szerzok\/csabai-lucia\/\"}]}<\/script>\n<!-- \/ Yoast SEO plugin. -->","yoast_head_json":{"title":"A vir\u00e1gz\u00f3 izlandi e-demokr\u00e1cia - Parola Foly\u00f3irat","robots":{"index":"index","follow":"follow","max-snippet":"max-snippet:-1","max-image-preview":"max-image-preview:large","max-video-preview":"max-video-preview:-1"},"canonical":"https:\/\/kofe.hu\/parola\/parola-folyoirat\/a-viragzo-izlandi-e-demokracia\/","og_locale":"hu_HU","og_type":"article","og_title":"A vir\u00e1gz\u00f3 izlandi e-demokr\u00e1cia - Parola Foly\u00f3irat","og_description":"Az EGT\/Norv\u00e9g Civil T\u00e1mogat\u00e1si Alap \u00f6szt\u00f6nd\u00edjas programj\u00e1nak keret\u00e9ben megval\u00f3sul\u00f3 tanulm\u00e1nyutam c\u00e9lj\u00e1t k\u00e9pezte a Reykjav\u00edkban m\u0171k\u00f6d\u0151 hat\u00e9kony, partneri alapon m\u0171k\u00f6d\u0151, alulr\u00f3l szervez\u0151d\u0151 online k\u00f6z\u00f6ss\u00e9gi tervez\u00e9s folyamat\u00e1ba val\u00f3 betekint\u00e9s, ennek k\u00f6zvetlen megtapasztal\u00e1sa. \u00dagy v\u00e9ltem, fontos szakmai tapasztalatot ny\u00fajthat k\u00fcld\u0151 szervezetem, a K\u00f6z\u00f6ss\u00e9gfejleszt\u0151k Egyes\u00fclete \u00e9s a magam sz\u00e1m\u00e1ra is egy val\u00f3ban m\u0171k\u00f6d\u0151 e-demokr\u00e1cia folyamat\u00e1nak megismer\u00e9se, s az ennek [&hellip;]","og_url":"https:\/\/kofe.hu\/parola\/parola-folyoirat\/a-viragzo-izlandi-e-demokracia\/","og_site_name":"Parola Foly\u00f3irat","article_published_time":"2020-06-12T09:09:11+00:00","article_modified_time":"2020-07-30T11:08:44+00:00","og_image":[{"width":313,"height":382,"url":"https:\/\/kofe.hu\/parola\/wp-content\/uploads\/2020\/06\/Csabai-Lucia.gif","type":"image\/gif"}],"author":"Csabai Lucia","twitter_card":"summary_large_image","twitter_misc":{"Szerz\u0151:":"Csabai Lucia","Becs\u00fclt olvas\u00e1si id\u0151":"23 perc","Written by":"Csabai Lucia"},"schema":{"@context":"https:\/\/schema.org","@graph":[{"@type":"Article","@id":"https:\/\/kofe.hu\/parola\/parola-folyoirat\/a-viragzo-izlandi-e-demokracia\/#article","isPartOf":{"@id":"https:\/\/kofe.hu\/parola\/parola-folyoirat\/a-viragzo-izlandi-e-demokracia\/"},"author":{"name":"Csabai Lucia","@id":"https:\/\/kofe.hu\/parola\/#\/schema\/person\/edc9ca20faa654fdc596a014c8ac3241"},"headline":"A vir\u00e1gz\u00f3 izlandi e-demokr\u00e1cia","datePublished":"2020-06-12T09:09:11+00:00","dateModified":"2020-07-30T11:08:44+00:00","mainEntityOfPage":{"@id":"https:\/\/kofe.hu\/parola\/parola-folyoirat\/a-viragzo-izlandi-e-demokracia\/"},"wordCount":4703,"commentCount":0,"image":{"@id":"https:\/\/kofe.hu\/parola\/parola-folyoirat\/a-viragzo-izlandi-e-demokracia\/#primaryimage"},"thumbnailUrl":"https:\/\/kofe.hu\/parola\/wp-content\/uploads\/2020\/06\/Csabai-Lucia.gif","articleSection":["Parola 2014\/4","Parola Foly\u00f3irat","Repert\u00f3rium"],"inLanguage":"hu","potentialAction":[{"@type":"CommentAction","name":"Comment","target":["https:\/\/kofe.hu\/parola\/parola-folyoirat\/a-viragzo-izlandi-e-demokracia\/#respond"]}]},{"@type":"WebPage","@id":"https:\/\/kofe.hu\/parola\/parola-folyoirat\/a-viragzo-izlandi-e-demokracia\/","url":"https:\/\/kofe.hu\/parola\/parola-folyoirat\/a-viragzo-izlandi-e-demokracia\/","name":"A vir\u00e1gz\u00f3 izlandi e-demokr\u00e1cia - Parola Foly\u00f3irat","isPartOf":{"@id":"https:\/\/kofe.hu\/parola\/#website"},"primaryImageOfPage":{"@id":"https:\/\/kofe.hu\/parola\/parola-folyoirat\/a-viragzo-izlandi-e-demokracia\/#primaryimage"},"image":{"@id":"https:\/\/kofe.hu\/parola\/parola-folyoirat\/a-viragzo-izlandi-e-demokracia\/#primaryimage"},"thumbnailUrl":"https:\/\/kofe.hu\/parola\/wp-content\/uploads\/2020\/06\/Csabai-Lucia.gif","datePublished":"2020-06-12T09:09:11+00:00","dateModified":"2020-07-30T11:08:44+00:00","author":{"@id":"https:\/\/kofe.hu\/parola\/#\/schema\/person\/edc9ca20faa654fdc596a014c8ac3241"},"breadcrumb":{"@id":"https:\/\/kofe.hu\/parola\/parola-folyoirat\/a-viragzo-izlandi-e-demokracia\/#breadcrumb"},"inLanguage":"hu","potentialAction":[{"@type":"ReadAction","target":["https:\/\/kofe.hu\/parola\/parola-folyoirat\/a-viragzo-izlandi-e-demokracia\/"]}]},{"@type":"ImageObject","inLanguage":"hu","@id":"https:\/\/kofe.hu\/parola\/parola-folyoirat\/a-viragzo-izlandi-e-demokracia\/#primaryimage","url":"https:\/\/kofe.hu\/parola\/wp-content\/uploads\/2020\/06\/Csabai-Lucia.gif","contentUrl":"https:\/\/kofe.hu\/parola\/wp-content\/uploads\/2020\/06\/Csabai-Lucia.gif","width":313,"height":382},{"@type":"BreadcrumbList","@id":"https:\/\/kofe.hu\/parola\/parola-folyoirat\/a-viragzo-izlandi-e-demokracia\/#breadcrumb","itemListElement":[{"@type":"ListItem","position":1,"name":"Home","item":"https:\/\/kofe.hu\/parola\/"},{"@type":"ListItem","position":2,"name":"A vir\u00e1gz\u00f3 izlandi e-demokr\u00e1cia"}]},{"@type":"WebSite","@id":"https:\/\/kofe.hu\/parola\/#website","url":"https:\/\/kofe.hu\/parola\/","name":"Parola Foly\u00f3irat","description":"","potentialAction":[{"@type":"SearchAction","target":{"@type":"EntryPoint","urlTemplate":"https:\/\/kofe.hu\/parola\/?s={search_term_string}"},"query-input":{"@type":"PropertyValueSpecification","valueRequired":true,"valueName":"search_term_string"}}],"inLanguage":"hu"},{"@type":"Person","@id":"https:\/\/kofe.hu\/parola\/#\/schema\/person\/edc9ca20faa654fdc596a014c8ac3241","name":"Csabai Lucia","image":{"@type":"ImageObject","inLanguage":"hu","@id":"https:\/\/kofe.hu\/parola\/#\/schema\/person\/image\/58089476c79c3a790c7a7b61f604df2a","url":"https:\/\/secure.gravatar.com\/avatar\/9806a55a3d06a7bd2189e071d80a5f460e1aa04a86c8bc8fa064cd4e8c852294?s=96&d=mm&r=g","contentUrl":"https:\/\/secure.gravatar.com\/avatar\/9806a55a3d06a7bd2189e071d80a5f460e1aa04a86c8bc8fa064cd4e8c852294?s=96&d=mm&r=g","caption":"Csabai Lucia"},"url":"https:\/\/kofe.hu\/parola\/szerzok\/csabai-lucia\/"}]}},"_links":{"self":[{"href":"https:\/\/kofe.hu\/parola\/wp-json\/wp\/v2\/posts\/1730","targetHints":{"allow":["GET"]}}],"collection":[{"href":"https:\/\/kofe.hu\/parola\/wp-json\/wp\/v2\/posts"}],"about":[{"href":"https:\/\/kofe.hu\/parola\/wp-json\/wp\/v2\/types\/post"}],"author":[{"embeddable":true,"href":"https:\/\/kofe.hu\/parola\/wp-json\/wp\/v2\/users\/27"}],"replies":[{"embeddable":true,"href":"https:\/\/kofe.hu\/parola\/wp-json\/wp\/v2\/comments?post=1730"}],"version-history":[{"count":2,"href":"https:\/\/kofe.hu\/parola\/wp-json\/wp\/v2\/posts\/1730\/revisions"}],"predecessor-version":[{"id":4112,"href":"https:\/\/kofe.hu\/parola\/wp-json\/wp\/v2\/posts\/1730\/revisions\/4112"}],"wp:featuredmedia":[{"embeddable":true,"href":"https:\/\/kofe.hu\/parola\/wp-json\/wp\/v2\/media\/1731"}],"wp:attachment":[{"href":"https:\/\/kofe.hu\/parola\/wp-json\/wp\/v2\/media?parent=1730"}],"wp:term":[{"taxonomy":"category","embeddable":true,"href":"https:\/\/kofe.hu\/parola\/wp-json\/wp\/v2\/categories?post=1730"},{"taxonomy":"post_tag","embeddable":true,"href":"https:\/\/kofe.hu\/parola\/wp-json\/wp\/v2\/tags?post=1730"},{"taxonomy":"author","embeddable":true,"href":"https:\/\/kofe.hu\/parola\/wp-json\/wp\/v2\/coauthors?post=1730"}],"curies":[{"name":"wp","href":"https:\/\/api.w.org\/{rel}","templated":true}]}}