{"id":1724,"date":"2020-06-12T08:59:42","date_gmt":"2020-06-12T08:59:42","guid":{"rendered":"https:\/\/kofe.hu\/parola\/?p=1724"},"modified":"2020-07-30T11:08:56","modified_gmt":"2020-07-30T11:08:56","slug":"czestochowa-lengyelorszag-a-limanowski-utca-felelesztese","status":"publish","type":"post","link":"https:\/\/kofe.hu\/parola\/parola-folyoirat\/czestochowa-lengyelorszag-a-limanowski-utca-felelesztese\/","title":{"rendered":"Czestochowa, Lengyelorsz\u00e1g: A Limanowski utca fel\u00e9leszt\u00e9se"},"content":{"rendered":"<p><b><span style=\"font-family: Arial; font-size: xx-large;\">K\u00c9T ESETTANULM\u00c1NY<\/span><\/b><br \/>\n<b><span style=\"font-family: Arial; font-size: xx-large;\">az EuCDN kiadv\u00e1nyb\u00f3l<\/span><\/b><\/p>\n<p><span style=\"font-family: Arial;\">A tov\u00e1bbiakban k\u00e9t esettanulm\u00e1nyt, egy lengyelt \u00e9s egy magyart mutatunk be, amelyek az European Community Development Network (kor\u00e1bban CEBSD) 2012\u20132013-ban zajl\u00f3 \u201eK\u00f6z\u00f6ss\u00e9gfejleszt\u00e9s Eur\u00f3p\u00e1ban \u2013 k\u00f6z\u00f6s keretrendszer \u00e9s egyet\u00e9rt\u00e9s fel\u00e9\u201d (Community Development in Europe. Towards a Common Framework and Understanding) projektje z\u00e1r\u00f3jelent\u00e9s\u00e9ben jelentek meg. A teljes jelent\u00e9s angolul\u00a0<\/span><u><span style=\"color: #0000ff; font-family: Arial;\">itt<\/span><\/u><span style=\"font-family: Arial;\">\u00a0olvashat\u00f3.<\/span><br \/>\n<span style=\"font-family: Arial;\">A 2015-\u00f6s sz\u00e1mokban folytatni szeretn\u00e9nk tov\u00e1bbi eur\u00f3pai esettanulm\u00e1nyok bemutat\u00e1s\u00e1t, mindez azonban \u00f6nk\u00e9ntes ford\u00edt\u00f3i kapacit\u00e1sunk f\u00fcggv\u00e9nye<\/span><i><span style=\"font-family: Arial;\">. A szerk.<\/span><\/i><\/p>\n<p><!--more--><b><span style=\"font-family: Arial; font-size: x-large;\">Pawe\u0142 Jordan: Czestochowa, Lengyelorsz\u00e1g<\/span><\/b><br \/>\n<b><span style=\"font-family: Arial; font-size: x-large;\">\u2013 A Limanowski utca fel\u00e9leszt\u00e9se<\/span><\/b><\/p>\n<p><img loading=\"lazy\" decoding=\"async\" src=\"http:\/\/kka.hu\/_Kozossegi_Adattar\/PAROLAAR.NSF\/b84c8c861998671e8525670c00815721\/90f543834c8089eac1257dc200719911\/file\/279.35B6?OpenElement&amp;FieldElemFormat=gif\" width=\"223\" height=\"223\" align=\"left\" \/><span style=\"font-family: Arial;\">Ez a p\u00e9lda egy sokarc\u00fa kih\u00edv\u00e1ssal szemben\u00e9z\u0151 k\u00f6z\u00f6ss\u00e9gben v\u00e9gzett munk\u00e1t mutat be. A feladat<br \/>\nCzestochowa v\u00e1ros Rak\u00f3w ker\u00fclet\u00e9ben a Limanowski utca lakosainak mobiliz\u00e1l\u00e1sa volt annak \u00e9rdek\u00e9ben,<br \/>\nhogy jav\u00edtsanak lak\u00f3k\u00f6rnyezet\u00fck \u00e9letfelt\u00e9telein. A munka 2011 \u00e9s 2013 k\u00f6z\u00f6tt zajlott egy \u201eA j\u00f3ll\u00e9t \u00e9s a<br \/>\nt\u00e1rsadalmi integr\u00e1ci\u00f3 szabv\u00e1nyainak meghat\u00e1roz\u00e1sa \u00e9s kifejleszt\u00e9se\u201d c\u00edm\u0171, az Eur\u00f3pai Uni\u00f3 \u00e1ltal<br \/>\nt\u00e1rsfinansz\u00edrozott projekt keret\u00e9ben, \u00e9s amelyet egy orsz\u00e1gos, a helyi k\u00f6z\u00f6ss\u00e9gek aktivit\u00e1s\u00e1t \u00e9s<br \/>\nfejleszt\u00e9s\u00e9t kezdem\u00e9nyez\u0151 oktat\u00e1si civil szervezet \u2013 a\u00a0<\/span><u><span style=\"color: #0000ff; font-family: Arial;\">CAL<\/span><\/u><u><span style=\"font-family: Arial;\">\u00a0<\/span><\/u><span style=\"font-family: Arial;\">Egyes\u00fclet \u2013 t\u00e1mogatott oktat\u00e1si \u00e9s<br \/>\nkonzult\u00e1ci\u00f3s tev\u00e9kenys\u00e9geivel.<\/span><\/p>\n<p>A Limanowski utca 47. \u00e9s 49. sz\u00e1m\u00fa h\u00e1z\u00e1nak k\u00f6z\u00f6ss\u00e9ge, mintegy 500 lak\u00f3, egyfajta \u201eszeg\u00e9nytelepnek\u201d<br \/>\ntekinthet\u0151. Jellemz\u0151 probl\u00e9m\u00e1k a tart\u00f3s munkan\u00e9lk\u00fclis\u00e9g, az alkoholf\u00fcgg\u0151s\u00e9g, a csal\u00e1don bel\u00fcli er\u0151szak \u00e9s<br \/>\naz alacsony iskol\u00e1zotts\u00e1g. Ez a v\u00e1ros egyik legvesz\u00e9lyesebb ter\u00fclete, ahol a legt\u00f6bb rend\u0151rs\u00e9gi<br \/>\nbeavatkoz\u00e1s t\u00f6rt\u00e9nik. A k\u00f6zint\u00e9zm\u00e9nyek k\u00e9pvisel\u0151i, a t\u00e1rsash\u00e1z-kezel\u0151k, a rend\u0151rs\u00e9g gyakran arra az<br \/>\n\u00e1ll\u00e1spontra helyezkedik, hogy \u201eitt nem \u00e9rdemes semmit sem tenni, kidobott p\u00e9nz, id\u0151 \u00e9s energia,<\/p>\n<p><i><span style=\"font-family: Arial;\">Pawe\u0142 Jordan<\/span><\/i><\/p>\n<p><span style=\"font-family: Arial;\">az itt \u00e9l\u0151 emberek \u00fagyis mindent t\u00f6nkretesznek \u00e9s nem t\u00f6r\u0151dnek semmivel\u201d. Az \u00e9rintett lak\u00f3k saj\u00e1t erej\u00fckb\u0151l nem tudnak k\u00f6z\u00f6s megold\u00e1sokat tal\u00e1lni a probl\u00e9m\u00e1kra, \u00e9s a k\u00fcls\u0151 k\u00f6rnyezet negat\u00edv hozz\u00e1\u00e1ll\u00e1sa, illetve a kor\u00e1bbi kudarcok miatt olyan tev\u00e9kenys\u00e9geket sem k\u00e9pesek kezdem\u00e9nyezni, amelyek a partners\u00e9gen, az egy\u00fcttm\u0171k\u00f6d\u00e9sen vagy az int\u00e9zm\u00e9nyk\u00f6zi \u00f6sszefog\u00e1son alapuln\u00e1nak. A folyamatosan zajl\u00f3 lakoss\u00e1gcsere miatt az itt \u00e9l\u0151k l\u00e1that\u00f3an nem igaz\u00e1n elk\u00f6telezettek egym\u00e1s vagy a k\u00f6z\u00f6ss\u00e9g ir\u00e1nt, \u00e9s emiatt a gyeng\u00e9k vagy sz\u00fcks\u00e9get szenved\u0151k ir\u00e1nti szolidarit\u00e1s sem jellemz\u0151. Az a kisebbs\u00e9g, amely r\u00e9gebb \u00f3ta a ter\u00fcleten lakik, \u00f6sszetart, m\u00edg a m\u00e1s telep\u00fcl\u00e9sr\u00e9szekr\u0151l kilakoltatott \u00fajonnan \u00e9rke<\/span><span style=\"font-family: Arial;\">z\u0151k legink\u00e1bb az alkohol fel\u00e9 fordulnak. Mindezek miatt v\u00e1lasztott\u00e1k ezt a v\u00e1rosr\u00e9szt a k\u00f6z\u00f6ss\u00e9gi munka helysz\u00edn\u00e9\u00fcl.<\/span><\/p>\n<p><b><span style=\"color: #009f82; font-family: Arial;\">C\u00e9lok<\/span><\/b><br \/>\n<span style=\"font-family: Arial;\">A Cz\u0119stochowai V\u00e1rosi Szoci\u00e1lis Seg\u00edt\u0151 K\u00f6zpont k\u00f6z\u00f6ss\u00e9gfejleszt\u0151i \u00e1ltal felv\u00e1llalt tev\u00e9kenys\u00e9gek c\u00e9lja, hogy a lak\u00f3kat seg\u00edtse a k\u00f6z\u00f6ss\u00e9g leg\u00e9get\u0151bb probl\u00e9m\u00e1inak megold\u00e1s\u00e1ban.<\/span><\/p>\n<p><b><span style=\"color: #009f82; font-family: Arial;\">M\u00f3dszerek \u00e9s eszk\u00f6z\u00f6k<\/span><\/b><br \/>\n<span style=\"font-family: Arial;\">A k\u00f6z\u00f6ss\u00e9gben elv\u00e9gzett munka a kezdetekt\u0151l a lak\u00f3k \u00e9s a partnerek egy\u00fcttm\u0171k\u00f6d\u00e9s\u00e9n alapult. Akci\u00f3kutat\u00e1si m\u00f3dszerek seg\u00edts\u00e9g\u00e9vel<\/span><br \/>\n<span style=\"font-family: Arial;\">elk\u00e9sz\u00fclt egy diagn\u00f3zis egy 80 kiv\u00e1lasztott szem\u00e9lyb\u0151l \u00e1ll\u00f3 csoporttal. A tanulm\u00e1ny arra vezetett, hogy fel kell m\u00e9rni a Limanowski utca 47. \u00e9s 49. lak\u00f3k\u00f6z\u00f6ss\u00e9g\u00e9nek er\u0151forr\u00e1sait \u00e9s sz\u00fcks\u00e9gleteit. A k\u00f6z\u00f6ss\u00e9gfejleszt\u0151k tev\u00e9kenys\u00e9g\u00e9t helyi partnerek t\u00e1mogatt\u00e1k. T\u00f6bb mint egy tucat fontosabb int\u00e9zm\u00e9ny \u00e9s szervezet jelezte azon sz\u00e1nd\u00e9k\u00e1t, hogy al\u00e1\u00edrjon egy partners\u00e9gi meg\u00e1llapod\u00e1st, majd folyamatos t\u00e1mogassa a kezdem\u00e9nyez\u00e9seket.<\/span><br \/>\n<span style=\"font-family: Arial;\">A legfontosabb kih\u00edv\u00e1s az volt, hogy mik\u00e9nt lehet bevonni a lak\u00f3kat \u00e9s r\u00e1b\u00edrni \u0151ket az egy\u00fcttm\u0171k\u00f6d\u00e9sre. A k\u00f6z\u00f6ss\u00e9g tagjai eleinte igen \u00f3vatosak voltak, \u00e9s nem igen hittek abban, hogy meg tudj\u00e1k v\u00e1ltoztatni \u00e9let\u00fcket, k\u00f6rnyezet\u00fcket. A k\u00f6z\u00f6ss\u00e9gfejleszt\u0151k csak lassan, t\u00f6bb l\u00e9p\u00e9sben tudt\u00e1k elnyerni a bizalmukat, mik\u00f6zben tal\u00e1lkoz\u00f3kat szerveztek, szem\u00e9lyes vit\u00e1kat vezettek le, illetve m\u0171helymunk\u00e1k keret\u00e9ben oktat\u00e1st, szeml\u00e9letform\u00e1l\u00e1st v\u00e9geztek. Kezdetben a lak\u00f3k k\u00f6rnyezet\u00fck rendbet\u00e9tel\u00e9ben, kitakar\u00edt\u00e1s\u00e1ban vettek r\u00e9szt, melynek sor\u00e1n eszk\u00f6zeik<\/span><br \/>\n<span style=\"font-family: Arial;\">megoszt\u00e1s\u00e1val seg\u00edtett\u00e9k egym\u00e1st. Emellett kitiszt\u00edtott\u00e1k a k\u00f6z\u00f6s teret is, amely tev\u00e9kenys\u00e9gben mintegy 60-an vettek r\u00e9szt. Majd vend\u00e9gl\u00e1t\u00f3k\u00e9nt k\u00f6z\u00f6ss\u00e9gi esem\u00e9nyeket is szerveztek, egy\u00fctt v\u00e9gezve az el\u0151k\u00e9sz\u00fcleteket: elrendezt\u00e9k \u00e9s kidekor\u00e1lt\u00e1k a teret, ennival\u00f3t k\u00e9sz\u00edtettek, fel\u00fcgyelt\u00e9k a ter\u00fcletet, szervez\u0151k\u00e9nt, \u00fcgyel\u0151k\u00e9nt \u00e9s takar\u00edt\u00f3k\u00e9nt is k\u00f6zrem\u0171k\u00f6dtek.<\/span><br \/>\n<span style=\"font-family: Arial;\">K\u00e9s\u0151bb a k\u00f6z\u00f6ss\u00e9gi t\u00e9r megtervez\u00e9s\u00e9ben \u00e9s az udvar \u00e1talak\u00edt\u00e1s\u00e1nak m\u0171veleteiben is akt\u00edvak voltak. Fel\u00e1ll\u00edtottak egy strand-r\u00f6plabda p\u00e1ly\u00e1t, vir\u00e1gokat \u00fcltettek, kitiszt\u00edtott\u00e1k a homokoz\u00f3t, \u00faj padokat \u00e9s szemeteseket telep\u00edtettek \u00e9s fel\u00faj\u00edtottak sz\u00e1mos l\u00e9pcs\u0151h\u00e1zat. A lak\u00f3k elkezdtek kommunik\u00e1lni \u00e9s ezzel egy\u00fctt bar\u00e1ts\u00e1gosabbak is lettek egym\u00e1ssal, a k\u00f6z\u00f6s munk\u00e1nak k\u00f6sz\u00f6nhet\u0151en pedig az egyes l\u00e9pcs\u0151h\u00e1zak \u00e9s bej\u00e1ratok lak\u00f3i k\u00f6z\u00f6tti elszigetel\u0151d\u00e9s is elkezdett felold\u00f3dni. A biztons\u00e1g\u00e9rzet javult, amit a rend\u0151rs\u00e9gi statisztik\u00e1k is t\u00fckr\u00f6znek. Az alkoholt \u00e1rus\u00edt\u00f3 boltok sz\u00e1ma is cs\u00f6kkent. Mindezek mellett siker\u00fclt haszn\u00e1latba venni egy ingatlant, ahol az\u00f3ta a k\u00f6z\u00f6ss\u00e9gi klub m\u0171k\u00f6dik, s amelynek fel\u00faj\u00edt\u00e1s\u00e1ban \u00e9s dekor\u00e1l\u00e1s\u00e1ban a lak\u00f3k is r\u00e9szt vettek. A klub h\u00e1romszor egy h\u00e9ten k\u00edn\u00e1l elfoglalts\u00e1gokat gyerekeknek \u00e9s kamaszoknak h\u00e1rom \u00f6nk\u00e9ntes munkaer\u0151 seg\u00edts\u00e9g\u00e9vel. A ny\u00e1ri sz\u00fcnetben rekre\u00e1ci\u00f3s tev\u00e9kenys\u00e9geket, cirkuszl\u00e1togat\u00e1st \u00e9s angol\u00f3r\u00e1kat szerveztek. A m\u00e1sodik \u00e9vben a klub m\u00e1r az iskolai h\u00e1zi feladatok megold\u00e1s\u00e1ban is seg\u00edtett, k\u00e9zm\u0171ves foglalkoz\u00e1sokat, felolvas\u00f3 d\u00e9lut\u00e1nokat, zene \u00e9s mozg\u00e1s\u00f3r\u00e1kat k\u00edn\u00e1l. 2013 febru\u00e1rj\u00e1t\u00f3l emellett a nyugd\u00edjas koroszt\u00e1ly sz\u00e1m\u00e1ra is tal\u00e1lkoz\u00f3hely\u00fcl szolg\u00e1l, m\u0171helytal\u00e1lkoz\u00f3kon, kultur\u00e1lis \u00e9s oktat\u00e1si esem\u00e9nyekben vesz r\u00e9szt.<\/span><\/p>\n<p><img loading=\"lazy\" decoding=\"async\" src=\"http:\/\/kka.hu\/_Kozossegi_Adattar\/PAROLAAR.NSF\/b84c8c861998671e8525670c00815721\/90f543834c8089eac1257dc200719911\/file\/620.4DF0?OpenElement&amp;FieldElemFormat=gif\" width=\"378\" height=\"244\" align=\"top\" \/><b><span style=\"color: #009f82; font-family: Arial;\">\u00a0<\/span><\/b><b><span style=\"color: #009f82; font-family: Arial;\">Eredm\u00e9nyek<\/span><\/b><b><u><span style=\"color: #009f82; font-family: Arial;\"><br \/>\n<\/span><\/u><\/b><b><\/b><span style=\"font-family: Arial;\">A fejleszt\u0151k k\u00e9t\u00e9ves munk\u00e1ja sor\u00e1n a k\u00f6z\u00f6s tev\u00e9kenys\u00e9gekben val\u00f3 r\u00e9szv\u00e9tel ir\u00e1nt<br \/>\n\u00e9rdekl\u0151d\u0151 lakosok sz\u00e1ma lassan emelkedett, \u00e9s a m\u00e1r lezajlott tev\u00e9kenys\u00e9gek<br \/>\njav\u00edtott\u00e1k a lak\u00f3k k\u00f6zti kommunik\u00e1ci\u00f3t \u00e9s az egy\u00fcttm\u0171k\u00f6d\u00e9si k\u00e9szs\u00e9geket. A<br \/>\nkapcsolat a k\u00fcl\u00f6nb\u00f6z\u0151 helyi int\u00e9zm\u00e9nyekkel \u2013 k\u00fcl\u00f6n\u00f6s tekintettel a v\u00e1ros<br \/>\nlak\u00e1soszt\u00e1ly\u00e1ra \u2013 \u00faj alapokra helyez\u0151d\u00f6tt. Egy helyi k\u00f6z\u00f6ss\u00e9gfejleszt\u00e9si bizotts\u00e1g<br \/>\nkinevez\u00e9se pozit\u00edv reakci\u00f3t v\u00e1ltott ki mind a lak\u00f3kb\u00f3l, mind a partnerekb\u0151l \u00e9s a<br \/>\nk\u00f6rny\u00e9ken m\u0171k\u00f6d\u0151 int\u00e9zm\u00e9nyekb\u0151l. Az emberek motiv\u00e1ltak a cselekv\u00e9sre,<br \/>\nmegv\u00e1ltozott a szoci\u00e1lis munk\u00e1val kapcsolatos tudatoss\u00e1guk \u00e9s hozz\u00e1\u00e1ll\u00e1suk, \u00e9s<br \/>\n\u00e9rz\u00e9kenny\u00e9 v\u00e1ltak a k\u00f6z\u00f6ss\u00e9g tagjainak sz\u00fcks\u00e9gleteire. A beavatkoz\u00e1s<br \/>\nmegmutatta, hogy alapvet\u0151en p\u00e9nz\u00fcgyi forr\u00e1sok n\u00e9lk\u00fcl, de szakmai t\u00e1mogat\u00e1ssal,<br \/>\nelk\u00f6telezetten \u00e9s bizalommal a l\u00e1tsz\u00f3lag lehetetlent is el lehet \u00e9rni. Jelenleg 6<br \/>\nember dolgozik a czestochowai Szoci\u00e1lis Seg\u00edt\u0151 K\u00f6zpont helyi<br \/>\nk\u00f6z\u00f6ss\u00e9gfejleszt\u00e9si csapat\u00e1ban, akik t\u00e1mogatj\u00e1k \u00e9s mobiliz\u00e1lj\u00e1k az embereket<br \/>\nk\u00f6z\u00f6ss\u00e9g\u00fck megv\u00e1ltoztat\u00e1sa \u00e9rdek\u00e9ben.<\/span><\/p>\n<div align=\"right\"><span style=\"font-family: Arial;\">Pawe\u0142 Jordan<\/span><br \/>\n<i><u><span style=\"color: #0000ff; font-family: Arial;\">pawelj@boris.org.pl<\/span><\/u><\/i><i><\/i><br \/>\n<i><span style=\"font-family: Arial; font-size: large;\">Ford\u00edtotta Sain M\u00e1ty\u00e1s<\/span><\/i><\/div>\n","protected":false},"excerpt":{"rendered":"<p>K\u00c9T ESETTANULM\u00c1NY az EuCDN kiadv\u00e1nyb\u00f3l A tov\u00e1bbiakban k\u00e9t esettanulm\u00e1nyt, egy lengyelt \u00e9s egy magyart mutatunk be, amelyek az European Community Development Network (kor\u00e1bban CEBSD) 2012\u20132013-ban zajl\u00f3 \u201eK\u00f6z\u00f6ss\u00e9gfejleszt\u00e9s Eur\u00f3p\u00e1ban \u2013 k\u00f6z\u00f6s keretrendszer \u00e9s egyet\u00e9rt\u00e9s fel\u00e9\u201d (Community Development in Europe. Towards a Common Framework and Understanding) projektje z\u00e1r\u00f3jelent\u00e9s\u00e9ben jelentek meg. A teljes jelent\u00e9s angolul\u00a0itt\u00a0olvashat\u00f3. A 2015-\u00f6s sz\u00e1mokban [&hellip;]<\/p>\n","protected":false},"author":117,"featured_media":1725,"comment_status":"open","ping_status":"open","sticky":false,"template":"","format":"standard","meta":{"_acf_changed":false,"footnotes":""},"categories":[179,8,7],"tags":[],"coauthors":[139],"class_list":["post-1724","post","type-post","status-publish","format-standard","has-post-thumbnail","hentry","category-parola-2014-4","category-parola-folyoirat","category-repertorium"],"acf":[],"yoast_head":"<!-- This site is optimized with the Yoast SEO plugin v26.7 - https:\/\/yoast.com\/wordpress\/plugins\/seo\/ -->\n<title>Czestochowa, Lengyelorsz\u00e1g: A Limanowski utca fel\u00e9leszt\u00e9se - Parola Foly\u00f3irat<\/title>\n<meta name=\"robots\" content=\"index, follow, max-snippet:-1, max-image-preview:large, max-video-preview:-1\" \/>\n<link rel=\"canonical\" href=\"https:\/\/kofe.hu\/parola\/parola-folyoirat\/czestochowa-lengyelorszag-a-limanowski-utca-felelesztese\/\" \/>\n<meta property=\"og:locale\" content=\"hu_HU\" \/>\n<meta property=\"og:type\" content=\"article\" \/>\n<meta property=\"og:title\" content=\"Czestochowa, Lengyelorsz\u00e1g: A Limanowski utca fel\u00e9leszt\u00e9se - Parola Foly\u00f3irat\" \/>\n<meta property=\"og:description\" content=\"K\u00c9T ESETTANULM\u00c1NY az EuCDN kiadv\u00e1nyb\u00f3l A tov\u00e1bbiakban k\u00e9t esettanulm\u00e1nyt, egy lengyelt \u00e9s egy magyart mutatunk be, amelyek az European Community Development Network (kor\u00e1bban CEBSD) 2012\u20132013-ban zajl\u00f3 \u201eK\u00f6z\u00f6ss\u00e9gfejleszt\u00e9s Eur\u00f3p\u00e1ban \u2013 k\u00f6z\u00f6s keretrendszer \u00e9s egyet\u00e9rt\u00e9s fel\u00e9\u201d (Community Development in Europe. Towards a Common Framework and Understanding) projektje z\u00e1r\u00f3jelent\u00e9s\u00e9ben jelentek meg. A teljes jelent\u00e9s angolul\u00a0itt\u00a0olvashat\u00f3. A 2015-\u00f6s sz\u00e1mokban [&hellip;]\" \/>\n<meta property=\"og:url\" content=\"https:\/\/kofe.hu\/parola\/parola-folyoirat\/czestochowa-lengyelorszag-a-limanowski-utca-felelesztese\/\" \/>\n<meta property=\"og:site_name\" content=\"Parola Foly\u00f3irat\" \/>\n<meta property=\"article:published_time\" content=\"2020-06-12T08:59:42+00:00\" \/>\n<meta property=\"article:modified_time\" content=\"2020-07-30T11:08:56+00:00\" \/>\n<meta property=\"og:image\" content=\"https:\/\/kofe.hu\/parola\/wp-content\/uploads\/2020\/06\/2014-4-czestochowa.gif\" \/>\n\t<meta property=\"og:image:width\" content=\"896\" \/>\n\t<meta property=\"og:image:height\" content=\"680\" \/>\n\t<meta property=\"og:image:type\" content=\"image\/gif\" \/>\n<meta name=\"author\" content=\"Pawel Jordan\" \/>\n<meta name=\"twitter:card\" content=\"summary_large_image\" \/>\n<meta name=\"twitter:label1\" content=\"Szerz\u0151:\" \/>\n\t<meta name=\"twitter:data1\" content=\"Pawel Jordan\" \/>\n\t<meta name=\"twitter:label2\" content=\"Becs\u00fclt olvas\u00e1si id\u0151\" \/>\n\t<meta name=\"twitter:data2\" content=\"7 perc\" \/>\n\t<meta name=\"twitter:label3\" content=\"Written by\" \/>\n\t<meta name=\"twitter:data3\" content=\"Pawel Jordan\" \/>\n<script type=\"application\/ld+json\" class=\"yoast-schema-graph\">{\"@context\":\"https:\/\/schema.org\",\"@graph\":[{\"@type\":\"Article\",\"@id\":\"https:\/\/kofe.hu\/parola\/parola-folyoirat\/czestochowa-lengyelorszag-a-limanowski-utca-felelesztese\/#article\",\"isPartOf\":{\"@id\":\"https:\/\/kofe.hu\/parola\/parola-folyoirat\/czestochowa-lengyelorszag-a-limanowski-utca-felelesztese\/\"},\"author\":{\"name\":\"Pawel Jordan\",\"@id\":\"https:\/\/kofe.hu\/parola\/#\/schema\/person\/96aacd55112d53dd0bde20fec97a5574\"},\"headline\":\"Czestochowa, Lengyelorsz\u00e1g: A Limanowski utca fel\u00e9leszt\u00e9se\",\"datePublished\":\"2020-06-12T08:59:42+00:00\",\"dateModified\":\"2020-07-30T11:08:56+00:00\",\"mainEntityOfPage\":{\"@id\":\"https:\/\/kofe.hu\/parola\/parola-folyoirat\/czestochowa-lengyelorszag-a-limanowski-utca-felelesztese\/\"},\"wordCount\":1457,\"commentCount\":0,\"image\":{\"@id\":\"https:\/\/kofe.hu\/parola\/parola-folyoirat\/czestochowa-lengyelorszag-a-limanowski-utca-felelesztese\/#primaryimage\"},\"thumbnailUrl\":\"https:\/\/kofe.hu\/parola\/wp-content\/uploads\/2020\/06\/2014-4-czestochowa.gif\",\"articleSection\":[\"Parola 2014\/4\",\"Parola Foly\u00f3irat\",\"Repert\u00f3rium\"],\"inLanguage\":\"hu\",\"potentialAction\":[{\"@type\":\"CommentAction\",\"name\":\"Comment\",\"target\":[\"https:\/\/kofe.hu\/parola\/parola-folyoirat\/czestochowa-lengyelorszag-a-limanowski-utca-felelesztese\/#respond\"]}]},{\"@type\":\"WebPage\",\"@id\":\"https:\/\/kofe.hu\/parola\/parola-folyoirat\/czestochowa-lengyelorszag-a-limanowski-utca-felelesztese\/\",\"url\":\"https:\/\/kofe.hu\/parola\/parola-folyoirat\/czestochowa-lengyelorszag-a-limanowski-utca-felelesztese\/\",\"name\":\"Czestochowa, Lengyelorsz\u00e1g: A Limanowski utca fel\u00e9leszt\u00e9se - Parola Foly\u00f3irat\",\"isPartOf\":{\"@id\":\"https:\/\/kofe.hu\/parola\/#website\"},\"primaryImageOfPage\":{\"@id\":\"https:\/\/kofe.hu\/parola\/parola-folyoirat\/czestochowa-lengyelorszag-a-limanowski-utca-felelesztese\/#primaryimage\"},\"image\":{\"@id\":\"https:\/\/kofe.hu\/parola\/parola-folyoirat\/czestochowa-lengyelorszag-a-limanowski-utca-felelesztese\/#primaryimage\"},\"thumbnailUrl\":\"https:\/\/kofe.hu\/parola\/wp-content\/uploads\/2020\/06\/2014-4-czestochowa.gif\",\"datePublished\":\"2020-06-12T08:59:42+00:00\",\"dateModified\":\"2020-07-30T11:08:56+00:00\",\"author\":{\"@id\":\"https:\/\/kofe.hu\/parola\/#\/schema\/person\/96aacd55112d53dd0bde20fec97a5574\"},\"breadcrumb\":{\"@id\":\"https:\/\/kofe.hu\/parola\/parola-folyoirat\/czestochowa-lengyelorszag-a-limanowski-utca-felelesztese\/#breadcrumb\"},\"inLanguage\":\"hu\",\"potentialAction\":[{\"@type\":\"ReadAction\",\"target\":[\"https:\/\/kofe.hu\/parola\/parola-folyoirat\/czestochowa-lengyelorszag-a-limanowski-utca-felelesztese\/\"]}]},{\"@type\":\"ImageObject\",\"inLanguage\":\"hu\",\"@id\":\"https:\/\/kofe.hu\/parola\/parola-folyoirat\/czestochowa-lengyelorszag-a-limanowski-utca-felelesztese\/#primaryimage\",\"url\":\"https:\/\/kofe.hu\/parola\/wp-content\/uploads\/2020\/06\/2014-4-czestochowa.gif\",\"contentUrl\":\"https:\/\/kofe.hu\/parola\/wp-content\/uploads\/2020\/06\/2014-4-czestochowa.gif\",\"width\":896,\"height\":680},{\"@type\":\"BreadcrumbList\",\"@id\":\"https:\/\/kofe.hu\/parola\/parola-folyoirat\/czestochowa-lengyelorszag-a-limanowski-utca-felelesztese\/#breadcrumb\",\"itemListElement\":[{\"@type\":\"ListItem\",\"position\":1,\"name\":\"Home\",\"item\":\"https:\/\/kofe.hu\/parola\/\"},{\"@type\":\"ListItem\",\"position\":2,\"name\":\"Czestochowa, Lengyelorsz\u00e1g: A Limanowski utca fel\u00e9leszt\u00e9se\"}]},{\"@type\":\"WebSite\",\"@id\":\"https:\/\/kofe.hu\/parola\/#website\",\"url\":\"https:\/\/kofe.hu\/parola\/\",\"name\":\"Parola Foly\u00f3irat\",\"description\":\"\",\"potentialAction\":[{\"@type\":\"SearchAction\",\"target\":{\"@type\":\"EntryPoint\",\"urlTemplate\":\"https:\/\/kofe.hu\/parola\/?s={search_term_string}\"},\"query-input\":{\"@type\":\"PropertyValueSpecification\",\"valueRequired\":true,\"valueName\":\"search_term_string\"}}],\"inLanguage\":\"hu\"},{\"@type\":\"Person\",\"@id\":\"https:\/\/kofe.hu\/parola\/#\/schema\/person\/96aacd55112d53dd0bde20fec97a5574\",\"name\":\"Pawel Jordan\",\"image\":{\"@type\":\"ImageObject\",\"inLanguage\":\"hu\",\"@id\":\"https:\/\/kofe.hu\/parola\/#\/schema\/person\/image\/23494c9101089ad44ae88ce9d2f56aac\",\"url\":\"https:\/\/secure.gravatar.com\/avatar\/?s=96&d=mm&r=g\",\"contentUrl\":\"https:\/\/secure.gravatar.com\/avatar\/?s=96&d=mm&r=g\",\"caption\":\"Pawel Jordan\"},\"url\":\"https:\/\/kofe.hu\/parola\/szerzok\/pawel-jordan\/\"}]}<\/script>\n<!-- \/ Yoast SEO plugin. -->","yoast_head_json":{"title":"Czestochowa, Lengyelorsz\u00e1g: A Limanowski utca fel\u00e9leszt\u00e9se - Parola Foly\u00f3irat","robots":{"index":"index","follow":"follow","max-snippet":"max-snippet:-1","max-image-preview":"max-image-preview:large","max-video-preview":"max-video-preview:-1"},"canonical":"https:\/\/kofe.hu\/parola\/parola-folyoirat\/czestochowa-lengyelorszag-a-limanowski-utca-felelesztese\/","og_locale":"hu_HU","og_type":"article","og_title":"Czestochowa, Lengyelorsz\u00e1g: A Limanowski utca fel\u00e9leszt\u00e9se - Parola Foly\u00f3irat","og_description":"K\u00c9T ESETTANULM\u00c1NY az EuCDN kiadv\u00e1nyb\u00f3l A tov\u00e1bbiakban k\u00e9t esettanulm\u00e1nyt, egy lengyelt \u00e9s egy magyart mutatunk be, amelyek az European Community Development Network (kor\u00e1bban CEBSD) 2012\u20132013-ban zajl\u00f3 \u201eK\u00f6z\u00f6ss\u00e9gfejleszt\u00e9s Eur\u00f3p\u00e1ban \u2013 k\u00f6z\u00f6s keretrendszer \u00e9s egyet\u00e9rt\u00e9s fel\u00e9\u201d (Community Development in Europe. Towards a Common Framework and Understanding) projektje z\u00e1r\u00f3jelent\u00e9s\u00e9ben jelentek meg. A teljes jelent\u00e9s angolul\u00a0itt\u00a0olvashat\u00f3. A 2015-\u00f6s sz\u00e1mokban [&hellip;]","og_url":"https:\/\/kofe.hu\/parola\/parola-folyoirat\/czestochowa-lengyelorszag-a-limanowski-utca-felelesztese\/","og_site_name":"Parola Foly\u00f3irat","article_published_time":"2020-06-12T08:59:42+00:00","article_modified_time":"2020-07-30T11:08:56+00:00","og_image":[{"width":896,"height":680,"url":"https:\/\/kofe.hu\/parola\/wp-content\/uploads\/2020\/06\/2014-4-czestochowa.gif","type":"image\/gif"}],"author":"Pawel Jordan","twitter_card":"summary_large_image","twitter_misc":{"Szerz\u0151:":"Pawel Jordan","Becs\u00fclt olvas\u00e1si id\u0151":"7 perc","Written by":"Pawel Jordan"},"schema":{"@context":"https:\/\/schema.org","@graph":[{"@type":"Article","@id":"https:\/\/kofe.hu\/parola\/parola-folyoirat\/czestochowa-lengyelorszag-a-limanowski-utca-felelesztese\/#article","isPartOf":{"@id":"https:\/\/kofe.hu\/parola\/parola-folyoirat\/czestochowa-lengyelorszag-a-limanowski-utca-felelesztese\/"},"author":{"name":"Pawel Jordan","@id":"https:\/\/kofe.hu\/parola\/#\/schema\/person\/96aacd55112d53dd0bde20fec97a5574"},"headline":"Czestochowa, Lengyelorsz\u00e1g: A Limanowski utca fel\u00e9leszt\u00e9se","datePublished":"2020-06-12T08:59:42+00:00","dateModified":"2020-07-30T11:08:56+00:00","mainEntityOfPage":{"@id":"https:\/\/kofe.hu\/parola\/parola-folyoirat\/czestochowa-lengyelorszag-a-limanowski-utca-felelesztese\/"},"wordCount":1457,"commentCount":0,"image":{"@id":"https:\/\/kofe.hu\/parola\/parola-folyoirat\/czestochowa-lengyelorszag-a-limanowski-utca-felelesztese\/#primaryimage"},"thumbnailUrl":"https:\/\/kofe.hu\/parola\/wp-content\/uploads\/2020\/06\/2014-4-czestochowa.gif","articleSection":["Parola 2014\/4","Parola Foly\u00f3irat","Repert\u00f3rium"],"inLanguage":"hu","potentialAction":[{"@type":"CommentAction","name":"Comment","target":["https:\/\/kofe.hu\/parola\/parola-folyoirat\/czestochowa-lengyelorszag-a-limanowski-utca-felelesztese\/#respond"]}]},{"@type":"WebPage","@id":"https:\/\/kofe.hu\/parola\/parola-folyoirat\/czestochowa-lengyelorszag-a-limanowski-utca-felelesztese\/","url":"https:\/\/kofe.hu\/parola\/parola-folyoirat\/czestochowa-lengyelorszag-a-limanowski-utca-felelesztese\/","name":"Czestochowa, Lengyelorsz\u00e1g: A Limanowski utca fel\u00e9leszt\u00e9se - Parola Foly\u00f3irat","isPartOf":{"@id":"https:\/\/kofe.hu\/parola\/#website"},"primaryImageOfPage":{"@id":"https:\/\/kofe.hu\/parola\/parola-folyoirat\/czestochowa-lengyelorszag-a-limanowski-utca-felelesztese\/#primaryimage"},"image":{"@id":"https:\/\/kofe.hu\/parola\/parola-folyoirat\/czestochowa-lengyelorszag-a-limanowski-utca-felelesztese\/#primaryimage"},"thumbnailUrl":"https:\/\/kofe.hu\/parola\/wp-content\/uploads\/2020\/06\/2014-4-czestochowa.gif","datePublished":"2020-06-12T08:59:42+00:00","dateModified":"2020-07-30T11:08:56+00:00","author":{"@id":"https:\/\/kofe.hu\/parola\/#\/schema\/person\/96aacd55112d53dd0bde20fec97a5574"},"breadcrumb":{"@id":"https:\/\/kofe.hu\/parola\/parola-folyoirat\/czestochowa-lengyelorszag-a-limanowski-utca-felelesztese\/#breadcrumb"},"inLanguage":"hu","potentialAction":[{"@type":"ReadAction","target":["https:\/\/kofe.hu\/parola\/parola-folyoirat\/czestochowa-lengyelorszag-a-limanowski-utca-felelesztese\/"]}]},{"@type":"ImageObject","inLanguage":"hu","@id":"https:\/\/kofe.hu\/parola\/parola-folyoirat\/czestochowa-lengyelorszag-a-limanowski-utca-felelesztese\/#primaryimage","url":"https:\/\/kofe.hu\/parola\/wp-content\/uploads\/2020\/06\/2014-4-czestochowa.gif","contentUrl":"https:\/\/kofe.hu\/parola\/wp-content\/uploads\/2020\/06\/2014-4-czestochowa.gif","width":896,"height":680},{"@type":"BreadcrumbList","@id":"https:\/\/kofe.hu\/parola\/parola-folyoirat\/czestochowa-lengyelorszag-a-limanowski-utca-felelesztese\/#breadcrumb","itemListElement":[{"@type":"ListItem","position":1,"name":"Home","item":"https:\/\/kofe.hu\/parola\/"},{"@type":"ListItem","position":2,"name":"Czestochowa, Lengyelorsz\u00e1g: A Limanowski utca fel\u00e9leszt\u00e9se"}]},{"@type":"WebSite","@id":"https:\/\/kofe.hu\/parola\/#website","url":"https:\/\/kofe.hu\/parola\/","name":"Parola Foly\u00f3irat","description":"","potentialAction":[{"@type":"SearchAction","target":{"@type":"EntryPoint","urlTemplate":"https:\/\/kofe.hu\/parola\/?s={search_term_string}"},"query-input":{"@type":"PropertyValueSpecification","valueRequired":true,"valueName":"search_term_string"}}],"inLanguage":"hu"},{"@type":"Person","@id":"https:\/\/kofe.hu\/parola\/#\/schema\/person\/96aacd55112d53dd0bde20fec97a5574","name":"Pawel Jordan","image":{"@type":"ImageObject","inLanguage":"hu","@id":"https:\/\/kofe.hu\/parola\/#\/schema\/person\/image\/23494c9101089ad44ae88ce9d2f56aac","url":"https:\/\/secure.gravatar.com\/avatar\/?s=96&d=mm&r=g","contentUrl":"https:\/\/secure.gravatar.com\/avatar\/?s=96&d=mm&r=g","caption":"Pawel Jordan"},"url":"https:\/\/kofe.hu\/parola\/szerzok\/pawel-jordan\/"}]}},"_links":{"self":[{"href":"https:\/\/kofe.hu\/parola\/wp-json\/wp\/v2\/posts\/1724","targetHints":{"allow":["GET"]}}],"collection":[{"href":"https:\/\/kofe.hu\/parola\/wp-json\/wp\/v2\/posts"}],"about":[{"href":"https:\/\/kofe.hu\/parola\/wp-json\/wp\/v2\/types\/post"}],"author":[{"embeddable":true,"href":"https:\/\/kofe.hu\/parola\/wp-json\/wp\/v2\/users\/117"}],"replies":[{"embeddable":true,"href":"https:\/\/kofe.hu\/parola\/wp-json\/wp\/v2\/comments?post=1724"}],"version-history":[{"count":2,"href":"https:\/\/kofe.hu\/parola\/wp-json\/wp\/v2\/posts\/1724\/revisions"}],"predecessor-version":[{"id":4114,"href":"https:\/\/kofe.hu\/parola\/wp-json\/wp\/v2\/posts\/1724\/revisions\/4114"}],"wp:featuredmedia":[{"embeddable":true,"href":"https:\/\/kofe.hu\/parola\/wp-json\/wp\/v2\/media\/1725"}],"wp:attachment":[{"href":"https:\/\/kofe.hu\/parola\/wp-json\/wp\/v2\/media?parent=1724"}],"wp:term":[{"taxonomy":"category","embeddable":true,"href":"https:\/\/kofe.hu\/parola\/wp-json\/wp\/v2\/categories?post=1724"},{"taxonomy":"post_tag","embeddable":true,"href":"https:\/\/kofe.hu\/parola\/wp-json\/wp\/v2\/tags?post=1724"},{"taxonomy":"author","embeddable":true,"href":"https:\/\/kofe.hu\/parola\/wp-json\/wp\/v2\/coauthors?post=1724"}],"curies":[{"name":"wp","href":"https:\/\/api.w.org\/{rel}","templated":true}]}}