{"id":1719,"date":"2020-06-12T08:48:10","date_gmt":"2020-06-12T08:48:10","guid":{"rendered":"https:\/\/kofe.hu\/parola\/?p=1719"},"modified":"2020-07-30T11:09:20","modified_gmt":"2020-07-30T11:09:20","slug":"eloszo-a-kozossegfejlesztes-europaban-kozos-keretrendszer-es-egyetertes-fele-cimet-viselo-europai-kiadvanyhoz","status":"publish","type":"post","link":"https:\/\/kofe.hu\/parola\/parola-folyoirat\/eloszo-a-kozossegfejlesztes-europaban-kozos-keretrendszer-es-egyetertes-fele-cimet-viselo-europai-kiadvanyhoz\/","title":{"rendered":"El\u0151sz\u00f3 a K\u00f6z\u00f6ss\u00e9gfejleszt\u00e9s Eur\u00f3p\u00e1ban \u2013 K\u00f6z\u00f6s keretrendszer \u00e9s egyet\u00e9rt\u00e9s fel\u00e9 c\u00edmet visel\u0151 eur\u00f3pai kiadv\u00e1nyhoz"},"content":{"rendered":"<p><span style=\"font-family: Arial;\">A Combined European Bureau for Social Development elnevez\u00e9s\u0171 szervezetet (Egyes\u00edtett Iroda a<br \/>\nT\u00e1rsadalmi Fejl\u0151d\u00e9s\u00e9\u00e9rt) 1990-ben Swansea-ban alap\u00edtott\u00e1k azzal a c\u00e9llal, hogy az eur\u00f3pai szint\u0171<br \/>\nk\u00f6z\u00f6ss\u00e9gfejleszt\u00e9st el\u0151seg\u00edtend\u0151 eur\u00f3pai kontextusban szervezzenek cser\u00e9ket, hozzanak l\u00e9te<br \/>\nk\u00f6z\u00f6s programokat \u00e9s alkalmaz\u00e1sokat az eur\u00f3pai k\u00f6z\u00f6ss\u00e9gi munka nemzeti szervezetei k\u00f6z\u00f6tt. A 3<br \/>\nalap\u00edt\u00f3val megsz\u00fcletett szervezet fokozatosan egy 11 tagszervezetb\u0151l \u00e1ll\u00f3 NGO-v\u00e1 n\u0151tte ki mag\u00e1t.<br \/>\n2011-ben, a k\u00f6z\u00f6ss\u00e9gfejleszt\u00e9ssel kapcsolatos ismerts\u00e9g \u00e9s hozz\u00e1\u00e9rt\u00e9s n\u00f6veked\u00e9s\u00e9vel<br \/>\nmegv\u00e1ltoztattuk a nev\u00fcnket European Community Development\u00a0<\/span><u><span style=\"color: #0000ff; font-family: Arial;\">Network<\/span><\/u><span style=\"font-family: Arial;\">-re (Eur\u00f3pai<br \/>\nK\u00f6z\u00f6ss\u00e9gfejleszt\u0151 H\u00e1l\u00f3zat), kifejezend\u0151, hogy a h\u00e1l\u00f3zat kimondottan a k\u00f6z\u00f6ss\u00e9gfejleszt\u00e9sre, a<br \/>\nt\u00e1rsadalmi igazs\u00e1goss\u00e1got \u00e9s befogad\u00e1st c\u00e9lz\u00f3 beavatkoz\u00e1s eszk\u00f6z\u00e9re vonatkozik.<\/span><\/p>\n<p><!--more--><i><span style=\"font-family: Arial;\">Hans Andersson, az EuCDN eln\u00f6ke<\/span><\/i><\/p>\n<p><span style=\"font-family: Arial;\">2004-ben a CEBSD \u00e9s magyar partnere, a K\u00f6z\u00f6ss\u00e9gfejleszt\u0151k Egyes\u00fclete, az International Association for Community Development\u00a0<\/span><u><span style=\"color: #0000ff; font-family: Arial;\">IACD<\/span><\/u><span style=\"font-family: Arial;\">\u00a0nevet visel\u0151 k\u00f6z\u00f6ss\u00e9gfejleszt\u0151 vil\u00e1gszervezettel k\u00f6z\u00f6sen konferenci\u00e1t szervezett Budapesten\u00a0<\/span><i><span style=\"font-family: Arial;\">Building Civil Society in Europe through Community Development\u00a0<\/span><\/i><span style=\"font-family: Arial;\">(Az eur\u00f3pai civil t\u00e1rsadalom fejleszt\u00e9se a k\u00f6z\u00f6ss\u00e9gfejleszt\u00e9s eszk\u00f6zeivel).<\/span><br \/>\n<span style=\"font-family: Arial;\">A konferenci\u00e1hoz 33 orsz\u00e1g 130 k\u00fcld\u00f6tte csatlakozott, s kibocs\u00e1tott\u00e1k a<\/span><i><span style=\"font-family: Arial;\">\u00a0Budapesti\u00a0<\/span><\/i><i><u><span style=\"color: #0000ff; font-family: Arial;\">Nyilatkozatot<\/span><\/u><\/i><span style=\"font-family: Arial;\">, a CEBSD munk\u00e1j\u00e1nak \u00e9p\u00edt\u0151k\u00f6v\u00e9t.<\/span><br \/>\n<span style=\"font-family: Arial;\">Ez a ki\u00e1ltv\u00e1ny, a Budapesti Nyilatkozat, t\u00fckr\u00f6zi a k\u00f6z\u00f6ss\u00e9gfejleszt\u00e9si alapelveket \u00e9s alkalmaz\u00e1sukat a vid\u00e9ki \u00e9s v\u00e1rosi k\u00f6z\u00f6ss\u00e9gekben folytatott munka sor\u00e1n, tov\u00e1bb\u00e1 olyan specifikus \u00fcgyekben is, amelyek nem csup\u00e1n a f\u00f6ldrajzilag meghat\u00e1rozott k\u00f6z\u00f6ss\u00e9gekre, hanem az identit\u00e1s \u00e9s \u00e9rdekl\u0151d\u00e9si, vagy \u00e9rdekk\u00f6z\u00f6ss\u00e9gekre is vonatkoznak.<\/span><br \/>\n<span style=\"font-family: Arial;\">Az itt k\u00f6vetkez\u0151 projekt erre a manifesztumra \u00e9p\u00fcl, \u00e9letk\u00f6zelbe hozva a k\u00f6z\u00f6ss\u00e9gfejleszt\u00e9s saj\u00e1tos c\u00e9ljait, megval\u00f3sul\u00f3 folyamatait, haszn\u00e1latos eszk\u00f6zeit \u00e9s folyamatainak eredm\u00e9nyeit. \u00dagy v\u00e9lj\u00fck, hogy a lejjebb olvashat\u00f3 keretrendszer, amit megfontolt p\u00e1rbesz\u00e9dek sor\u00e1n dolgoztak ki tizenegy orsz\u00e1gban, a j\u00f3 k\u00f6z\u00f6ss\u00e9gfejleszt\u0151 munka sz\u00e9lesk\u00f6r\u0171 \u00f6sszef\u00fcgg\u00e9seit k\u00edn\u00e1lja alkalmaz\u00e1sra az EuCDN orsz\u00e1gok szervezetei sz\u00e1m\u00e1ra, \u00e9s azokon is t\u00fal.<\/span><\/p>\n","protected":false},"excerpt":{"rendered":"<p>A Combined European Bureau for Social Development elnevez\u00e9s\u0171 szervezetet (Egyes\u00edtett Iroda a T\u00e1rsadalmi Fejl\u0151d\u00e9s\u00e9\u00e9rt) 1990-ben Swansea-ban alap\u00edtott\u00e1k azzal a c\u00e9llal, hogy az eur\u00f3pai szint\u0171 k\u00f6z\u00f6ss\u00e9gfejleszt\u00e9st el\u0151seg\u00edtend\u0151 eur\u00f3pai kontextusban szervezzenek cser\u00e9ket, hozzanak l\u00e9te k\u00f6z\u00f6s programokat \u00e9s alkalmaz\u00e1sokat az eur\u00f3pai k\u00f6z\u00f6ss\u00e9gi munka nemzeti szervezetei k\u00f6z\u00f6tt. A 3 alap\u00edt\u00f3val megsz\u00fcletett szervezet fokozatosan egy 11 tagszervezetb\u0151l \u00e1ll\u00f3 NGO-v\u00e1 n\u0151tte [&hellip;]<\/p>\n","protected":false},"author":153,"featured_media":1720,"comment_status":"open","ping_status":"open","sticky":false,"template":"","format":"standard","meta":{"_acf_changed":false,"footnotes":""},"categories":[179,8,7],"tags":[],"coauthors":[185],"class_list":["post-1719","post","type-post","status-publish","format-standard","has-post-thumbnail","hentry","category-parola-2014-4","category-parola-folyoirat","category-repertorium"],"acf":[],"yoast_head":"<!-- This site is optimized with the Yoast SEO plugin v26.7 - https:\/\/yoast.com\/wordpress\/plugins\/seo\/ -->\n<title>El\u0151sz\u00f3 a K\u00f6z\u00f6ss\u00e9gfejleszt\u00e9s Eur\u00f3p\u00e1ban \u2013 K\u00f6z\u00f6s keretrendszer \u00e9s egyet\u00e9rt\u00e9s fel\u00e9 c\u00edmet visel\u0151 eur\u00f3pai kiadv\u00e1nyhoz - Parola Foly\u00f3irat<\/title>\n<meta name=\"robots\" content=\"index, follow, max-snippet:-1, max-image-preview:large, max-video-preview:-1\" \/>\n<link rel=\"canonical\" href=\"https:\/\/kofe.hu\/parola\/parola-folyoirat\/eloszo-a-kozossegfejlesztes-europaban-kozos-keretrendszer-es-egyetertes-fele-cimet-viselo-europai-kiadvanyhoz\/\" \/>\n<meta property=\"og:locale\" content=\"hu_HU\" \/>\n<meta property=\"og:type\" content=\"article\" \/>\n<meta property=\"og:title\" content=\"El\u0151sz\u00f3 a K\u00f6z\u00f6ss\u00e9gfejleszt\u00e9s Eur\u00f3p\u00e1ban \u2013 K\u00f6z\u00f6s keretrendszer \u00e9s egyet\u00e9rt\u00e9s fel\u00e9 c\u00edmet visel\u0151 eur\u00f3pai kiadv\u00e1nyhoz - Parola Foly\u00f3irat\" \/>\n<meta property=\"og:description\" content=\"A Combined European Bureau for Social Development elnevez\u00e9s\u0171 szervezetet (Egyes\u00edtett Iroda a T\u00e1rsadalmi Fejl\u0151d\u00e9s\u00e9\u00e9rt) 1990-ben Swansea-ban alap\u00edtott\u00e1k azzal a c\u00e9llal, hogy az eur\u00f3pai szint\u0171 k\u00f6z\u00f6ss\u00e9gfejleszt\u00e9st el\u0151seg\u00edtend\u0151 eur\u00f3pai kontextusban szervezzenek cser\u00e9ket, hozzanak l\u00e9te k\u00f6z\u00f6s programokat \u00e9s alkalmaz\u00e1sokat az eur\u00f3pai k\u00f6z\u00f6ss\u00e9gi munka nemzeti szervezetei k\u00f6z\u00f6tt. A 3 alap\u00edt\u00f3val megsz\u00fcletett szervezet fokozatosan egy 11 tagszervezetb\u0151l \u00e1ll\u00f3 NGO-v\u00e1 n\u0151tte [&hellip;]\" \/>\n<meta property=\"og:url\" content=\"https:\/\/kofe.hu\/parola\/parola-folyoirat\/eloszo-a-kozossegfejlesztes-europaban-kozos-keretrendszer-es-egyetertes-fele-cimet-viselo-europai-kiadvanyhoz\/\" \/>\n<meta property=\"og:site_name\" content=\"Parola Foly\u00f3irat\" \/>\n<meta property=\"article:published_time\" content=\"2020-06-12T08:48:10+00:00\" \/>\n<meta property=\"article:modified_time\" content=\"2020-07-30T11:09:20+00:00\" \/>\n<meta property=\"og:image\" content=\"https:\/\/kofe.hu\/parola\/wp-content\/uploads\/2020\/06\/Hans-Andersson.gif\" \/>\n\t<meta property=\"og:image:width\" content=\"262\" \/>\n\t<meta property=\"og:image:height\" content=\"174\" \/>\n\t<meta property=\"og:image:type\" content=\"image\/gif\" \/>\n<meta name=\"author\" content=\"Andersson Hans\" \/>\n<meta name=\"twitter:card\" content=\"summary_large_image\" \/>\n<meta name=\"twitter:label1\" content=\"Szerz\u0151:\" \/>\n\t<meta name=\"twitter:data1\" content=\"Andersson Hans\" \/>\n\t<meta name=\"twitter:label2\" content=\"Becs\u00fclt olvas\u00e1si id\u0151\" \/>\n\t<meta name=\"twitter:data2\" content=\"2 perc\" \/>\n\t<meta name=\"twitter:label3\" content=\"Written by\" \/>\n\t<meta name=\"twitter:data3\" content=\"Andersson Hans\" \/>\n<script type=\"application\/ld+json\" class=\"yoast-schema-graph\">{\"@context\":\"https:\/\/schema.org\",\"@graph\":[{\"@type\":\"Article\",\"@id\":\"https:\/\/kofe.hu\/parola\/parola-folyoirat\/eloszo-a-kozossegfejlesztes-europaban-kozos-keretrendszer-es-egyetertes-fele-cimet-viselo-europai-kiadvanyhoz\/#article\",\"isPartOf\":{\"@id\":\"https:\/\/kofe.hu\/parola\/parola-folyoirat\/eloszo-a-kozossegfejlesztes-europaban-kozos-keretrendszer-es-egyetertes-fele-cimet-viselo-europai-kiadvanyhoz\/\"},\"author\":{\"name\":\"Andersson Hans\",\"@id\":\"https:\/\/kofe.hu\/parola\/#\/schema\/person\/87232487271cc1d69d44a6aab679856f\"},\"headline\":\"El\u0151sz\u00f3 a K\u00f6z\u00f6ss\u00e9gfejleszt\u00e9s Eur\u00f3p\u00e1ban \u2013 K\u00f6z\u00f6s keretrendszer \u00e9s egyet\u00e9rt\u00e9s fel\u00e9 c\u00edmet visel\u0151 eur\u00f3pai kiadv\u00e1nyhoz\",\"datePublished\":\"2020-06-12T08:48:10+00:00\",\"dateModified\":\"2020-07-30T11:09:20+00:00\",\"mainEntityOfPage\":{\"@id\":\"https:\/\/kofe.hu\/parola\/parola-folyoirat\/eloszo-a-kozossegfejlesztes-europaban-kozos-keretrendszer-es-egyetertes-fele-cimet-viselo-europai-kiadvanyhoz\/\"},\"wordCount\":430,\"commentCount\":0,\"image\":{\"@id\":\"https:\/\/kofe.hu\/parola\/parola-folyoirat\/eloszo-a-kozossegfejlesztes-europaban-kozos-keretrendszer-es-egyetertes-fele-cimet-viselo-europai-kiadvanyhoz\/#primaryimage\"},\"thumbnailUrl\":\"https:\/\/kofe.hu\/parola\/wp-content\/uploads\/2020\/06\/Hans-Andersson.gif\",\"articleSection\":[\"Parola 2014\/4\",\"Parola Foly\u00f3irat\",\"Repert\u00f3rium\"],\"inLanguage\":\"hu\",\"potentialAction\":[{\"@type\":\"CommentAction\",\"name\":\"Comment\",\"target\":[\"https:\/\/kofe.hu\/parola\/parola-folyoirat\/eloszo-a-kozossegfejlesztes-europaban-kozos-keretrendszer-es-egyetertes-fele-cimet-viselo-europai-kiadvanyhoz\/#respond\"]}]},{\"@type\":\"WebPage\",\"@id\":\"https:\/\/kofe.hu\/parola\/parola-folyoirat\/eloszo-a-kozossegfejlesztes-europaban-kozos-keretrendszer-es-egyetertes-fele-cimet-viselo-europai-kiadvanyhoz\/\",\"url\":\"https:\/\/kofe.hu\/parola\/parola-folyoirat\/eloszo-a-kozossegfejlesztes-europaban-kozos-keretrendszer-es-egyetertes-fele-cimet-viselo-europai-kiadvanyhoz\/\",\"name\":\"El\u0151sz\u00f3 a K\u00f6z\u00f6ss\u00e9gfejleszt\u00e9s Eur\u00f3p\u00e1ban \u2013 K\u00f6z\u00f6s keretrendszer \u00e9s egyet\u00e9rt\u00e9s fel\u00e9 c\u00edmet visel\u0151 eur\u00f3pai kiadv\u00e1nyhoz - Parola Foly\u00f3irat\",\"isPartOf\":{\"@id\":\"https:\/\/kofe.hu\/parola\/#website\"},\"primaryImageOfPage\":{\"@id\":\"https:\/\/kofe.hu\/parola\/parola-folyoirat\/eloszo-a-kozossegfejlesztes-europaban-kozos-keretrendszer-es-egyetertes-fele-cimet-viselo-europai-kiadvanyhoz\/#primaryimage\"},\"image\":{\"@id\":\"https:\/\/kofe.hu\/parola\/parola-folyoirat\/eloszo-a-kozossegfejlesztes-europaban-kozos-keretrendszer-es-egyetertes-fele-cimet-viselo-europai-kiadvanyhoz\/#primaryimage\"},\"thumbnailUrl\":\"https:\/\/kofe.hu\/parola\/wp-content\/uploads\/2020\/06\/Hans-Andersson.gif\",\"datePublished\":\"2020-06-12T08:48:10+00:00\",\"dateModified\":\"2020-07-30T11:09:20+00:00\",\"author\":{\"@id\":\"https:\/\/kofe.hu\/parola\/#\/schema\/person\/87232487271cc1d69d44a6aab679856f\"},\"breadcrumb\":{\"@id\":\"https:\/\/kofe.hu\/parola\/parola-folyoirat\/eloszo-a-kozossegfejlesztes-europaban-kozos-keretrendszer-es-egyetertes-fele-cimet-viselo-europai-kiadvanyhoz\/#breadcrumb\"},\"inLanguage\":\"hu\",\"potentialAction\":[{\"@type\":\"ReadAction\",\"target\":[\"https:\/\/kofe.hu\/parola\/parola-folyoirat\/eloszo-a-kozossegfejlesztes-europaban-kozos-keretrendszer-es-egyetertes-fele-cimet-viselo-europai-kiadvanyhoz\/\"]}]},{\"@type\":\"ImageObject\",\"inLanguage\":\"hu\",\"@id\":\"https:\/\/kofe.hu\/parola\/parola-folyoirat\/eloszo-a-kozossegfejlesztes-europaban-kozos-keretrendszer-es-egyetertes-fele-cimet-viselo-europai-kiadvanyhoz\/#primaryimage\",\"url\":\"https:\/\/kofe.hu\/parola\/wp-content\/uploads\/2020\/06\/Hans-Andersson.gif\",\"contentUrl\":\"https:\/\/kofe.hu\/parola\/wp-content\/uploads\/2020\/06\/Hans-Andersson.gif\",\"width\":262,\"height\":174},{\"@type\":\"BreadcrumbList\",\"@id\":\"https:\/\/kofe.hu\/parola\/parola-folyoirat\/eloszo-a-kozossegfejlesztes-europaban-kozos-keretrendszer-es-egyetertes-fele-cimet-viselo-europai-kiadvanyhoz\/#breadcrumb\",\"itemListElement\":[{\"@type\":\"ListItem\",\"position\":1,\"name\":\"Home\",\"item\":\"https:\/\/kofe.hu\/parola\/\"},{\"@type\":\"ListItem\",\"position\":2,\"name\":\"El\u0151sz\u00f3 a K\u00f6z\u00f6ss\u00e9gfejleszt\u00e9s Eur\u00f3p\u00e1ban \u2013 K\u00f6z\u00f6s keretrendszer \u00e9s egyet\u00e9rt\u00e9s fel\u00e9 c\u00edmet visel\u0151 eur\u00f3pai kiadv\u00e1nyhoz\"}]},{\"@type\":\"WebSite\",\"@id\":\"https:\/\/kofe.hu\/parola\/#website\",\"url\":\"https:\/\/kofe.hu\/parola\/\",\"name\":\"Parola Foly\u00f3irat\",\"description\":\"\",\"potentialAction\":[{\"@type\":\"SearchAction\",\"target\":{\"@type\":\"EntryPoint\",\"urlTemplate\":\"https:\/\/kofe.hu\/parola\/?s={search_term_string}\"},\"query-input\":{\"@type\":\"PropertyValueSpecification\",\"valueRequired\":true,\"valueName\":\"search_term_string\"}}],\"inLanguage\":\"hu\"},{\"@type\":\"Person\",\"@id\":\"https:\/\/kofe.hu\/parola\/#\/schema\/person\/87232487271cc1d69d44a6aab679856f\",\"name\":\"Andersson Hans\",\"image\":{\"@type\":\"ImageObject\",\"inLanguage\":\"hu\",\"@id\":\"https:\/\/kofe.hu\/parola\/#\/schema\/person\/image\/23494c9101089ad44ae88ce9d2f56aac\",\"url\":\"https:\/\/secure.gravatar.com\/avatar\/?s=96&d=mm&r=g\",\"contentUrl\":\"https:\/\/secure.gravatar.com\/avatar\/?s=96&d=mm&r=g\",\"caption\":\"Andersson Hans\"},\"url\":\"https:\/\/kofe.hu\/parola\/szerzok\/andersson-hans\/\"}]}<\/script>\n<!-- \/ Yoast SEO plugin. -->","yoast_head_json":{"title":"El\u0151sz\u00f3 a K\u00f6z\u00f6ss\u00e9gfejleszt\u00e9s Eur\u00f3p\u00e1ban \u2013 K\u00f6z\u00f6s keretrendszer \u00e9s egyet\u00e9rt\u00e9s fel\u00e9 c\u00edmet visel\u0151 eur\u00f3pai kiadv\u00e1nyhoz - Parola Foly\u00f3irat","robots":{"index":"index","follow":"follow","max-snippet":"max-snippet:-1","max-image-preview":"max-image-preview:large","max-video-preview":"max-video-preview:-1"},"canonical":"https:\/\/kofe.hu\/parola\/parola-folyoirat\/eloszo-a-kozossegfejlesztes-europaban-kozos-keretrendszer-es-egyetertes-fele-cimet-viselo-europai-kiadvanyhoz\/","og_locale":"hu_HU","og_type":"article","og_title":"El\u0151sz\u00f3 a K\u00f6z\u00f6ss\u00e9gfejleszt\u00e9s Eur\u00f3p\u00e1ban \u2013 K\u00f6z\u00f6s keretrendszer \u00e9s egyet\u00e9rt\u00e9s fel\u00e9 c\u00edmet visel\u0151 eur\u00f3pai kiadv\u00e1nyhoz - Parola Foly\u00f3irat","og_description":"A Combined European Bureau for Social Development elnevez\u00e9s\u0171 szervezetet (Egyes\u00edtett Iroda a T\u00e1rsadalmi Fejl\u0151d\u00e9s\u00e9\u00e9rt) 1990-ben Swansea-ban alap\u00edtott\u00e1k azzal a c\u00e9llal, hogy az eur\u00f3pai szint\u0171 k\u00f6z\u00f6ss\u00e9gfejleszt\u00e9st el\u0151seg\u00edtend\u0151 eur\u00f3pai kontextusban szervezzenek cser\u00e9ket, hozzanak l\u00e9te k\u00f6z\u00f6s programokat \u00e9s alkalmaz\u00e1sokat az eur\u00f3pai k\u00f6z\u00f6ss\u00e9gi munka nemzeti szervezetei k\u00f6z\u00f6tt. A 3 alap\u00edt\u00f3val megsz\u00fcletett szervezet fokozatosan egy 11 tagszervezetb\u0151l \u00e1ll\u00f3 NGO-v\u00e1 n\u0151tte [&hellip;]","og_url":"https:\/\/kofe.hu\/parola\/parola-folyoirat\/eloszo-a-kozossegfejlesztes-europaban-kozos-keretrendszer-es-egyetertes-fele-cimet-viselo-europai-kiadvanyhoz\/","og_site_name":"Parola Foly\u00f3irat","article_published_time":"2020-06-12T08:48:10+00:00","article_modified_time":"2020-07-30T11:09:20+00:00","og_image":[{"width":262,"height":174,"url":"https:\/\/kofe.hu\/parola\/wp-content\/uploads\/2020\/06\/Hans-Andersson.gif","type":"image\/gif"}],"author":"Andersson Hans","twitter_card":"summary_large_image","twitter_misc":{"Szerz\u0151:":"Andersson Hans","Becs\u00fclt olvas\u00e1si id\u0151":"2 perc","Written by":"Andersson Hans"},"schema":{"@context":"https:\/\/schema.org","@graph":[{"@type":"Article","@id":"https:\/\/kofe.hu\/parola\/parola-folyoirat\/eloszo-a-kozossegfejlesztes-europaban-kozos-keretrendszer-es-egyetertes-fele-cimet-viselo-europai-kiadvanyhoz\/#article","isPartOf":{"@id":"https:\/\/kofe.hu\/parola\/parola-folyoirat\/eloszo-a-kozossegfejlesztes-europaban-kozos-keretrendszer-es-egyetertes-fele-cimet-viselo-europai-kiadvanyhoz\/"},"author":{"name":"Andersson Hans","@id":"https:\/\/kofe.hu\/parola\/#\/schema\/person\/87232487271cc1d69d44a6aab679856f"},"headline":"El\u0151sz\u00f3 a K\u00f6z\u00f6ss\u00e9gfejleszt\u00e9s Eur\u00f3p\u00e1ban \u2013 K\u00f6z\u00f6s keretrendszer \u00e9s egyet\u00e9rt\u00e9s fel\u00e9 c\u00edmet visel\u0151 eur\u00f3pai kiadv\u00e1nyhoz","datePublished":"2020-06-12T08:48:10+00:00","dateModified":"2020-07-30T11:09:20+00:00","mainEntityOfPage":{"@id":"https:\/\/kofe.hu\/parola\/parola-folyoirat\/eloszo-a-kozossegfejlesztes-europaban-kozos-keretrendszer-es-egyetertes-fele-cimet-viselo-europai-kiadvanyhoz\/"},"wordCount":430,"commentCount":0,"image":{"@id":"https:\/\/kofe.hu\/parola\/parola-folyoirat\/eloszo-a-kozossegfejlesztes-europaban-kozos-keretrendszer-es-egyetertes-fele-cimet-viselo-europai-kiadvanyhoz\/#primaryimage"},"thumbnailUrl":"https:\/\/kofe.hu\/parola\/wp-content\/uploads\/2020\/06\/Hans-Andersson.gif","articleSection":["Parola 2014\/4","Parola Foly\u00f3irat","Repert\u00f3rium"],"inLanguage":"hu","potentialAction":[{"@type":"CommentAction","name":"Comment","target":["https:\/\/kofe.hu\/parola\/parola-folyoirat\/eloszo-a-kozossegfejlesztes-europaban-kozos-keretrendszer-es-egyetertes-fele-cimet-viselo-europai-kiadvanyhoz\/#respond"]}]},{"@type":"WebPage","@id":"https:\/\/kofe.hu\/parola\/parola-folyoirat\/eloszo-a-kozossegfejlesztes-europaban-kozos-keretrendszer-es-egyetertes-fele-cimet-viselo-europai-kiadvanyhoz\/","url":"https:\/\/kofe.hu\/parola\/parola-folyoirat\/eloszo-a-kozossegfejlesztes-europaban-kozos-keretrendszer-es-egyetertes-fele-cimet-viselo-europai-kiadvanyhoz\/","name":"El\u0151sz\u00f3 a K\u00f6z\u00f6ss\u00e9gfejleszt\u00e9s Eur\u00f3p\u00e1ban \u2013 K\u00f6z\u00f6s keretrendszer \u00e9s egyet\u00e9rt\u00e9s fel\u00e9 c\u00edmet visel\u0151 eur\u00f3pai kiadv\u00e1nyhoz - Parola Foly\u00f3irat","isPartOf":{"@id":"https:\/\/kofe.hu\/parola\/#website"},"primaryImageOfPage":{"@id":"https:\/\/kofe.hu\/parola\/parola-folyoirat\/eloszo-a-kozossegfejlesztes-europaban-kozos-keretrendszer-es-egyetertes-fele-cimet-viselo-europai-kiadvanyhoz\/#primaryimage"},"image":{"@id":"https:\/\/kofe.hu\/parola\/parola-folyoirat\/eloszo-a-kozossegfejlesztes-europaban-kozos-keretrendszer-es-egyetertes-fele-cimet-viselo-europai-kiadvanyhoz\/#primaryimage"},"thumbnailUrl":"https:\/\/kofe.hu\/parola\/wp-content\/uploads\/2020\/06\/Hans-Andersson.gif","datePublished":"2020-06-12T08:48:10+00:00","dateModified":"2020-07-30T11:09:20+00:00","author":{"@id":"https:\/\/kofe.hu\/parola\/#\/schema\/person\/87232487271cc1d69d44a6aab679856f"},"breadcrumb":{"@id":"https:\/\/kofe.hu\/parola\/parola-folyoirat\/eloszo-a-kozossegfejlesztes-europaban-kozos-keretrendszer-es-egyetertes-fele-cimet-viselo-europai-kiadvanyhoz\/#breadcrumb"},"inLanguage":"hu","potentialAction":[{"@type":"ReadAction","target":["https:\/\/kofe.hu\/parola\/parola-folyoirat\/eloszo-a-kozossegfejlesztes-europaban-kozos-keretrendszer-es-egyetertes-fele-cimet-viselo-europai-kiadvanyhoz\/"]}]},{"@type":"ImageObject","inLanguage":"hu","@id":"https:\/\/kofe.hu\/parola\/parola-folyoirat\/eloszo-a-kozossegfejlesztes-europaban-kozos-keretrendszer-es-egyetertes-fele-cimet-viselo-europai-kiadvanyhoz\/#primaryimage","url":"https:\/\/kofe.hu\/parola\/wp-content\/uploads\/2020\/06\/Hans-Andersson.gif","contentUrl":"https:\/\/kofe.hu\/parola\/wp-content\/uploads\/2020\/06\/Hans-Andersson.gif","width":262,"height":174},{"@type":"BreadcrumbList","@id":"https:\/\/kofe.hu\/parola\/parola-folyoirat\/eloszo-a-kozossegfejlesztes-europaban-kozos-keretrendszer-es-egyetertes-fele-cimet-viselo-europai-kiadvanyhoz\/#breadcrumb","itemListElement":[{"@type":"ListItem","position":1,"name":"Home","item":"https:\/\/kofe.hu\/parola\/"},{"@type":"ListItem","position":2,"name":"El\u0151sz\u00f3 a K\u00f6z\u00f6ss\u00e9gfejleszt\u00e9s Eur\u00f3p\u00e1ban \u2013 K\u00f6z\u00f6s keretrendszer \u00e9s egyet\u00e9rt\u00e9s fel\u00e9 c\u00edmet visel\u0151 eur\u00f3pai kiadv\u00e1nyhoz"}]},{"@type":"WebSite","@id":"https:\/\/kofe.hu\/parola\/#website","url":"https:\/\/kofe.hu\/parola\/","name":"Parola Foly\u00f3irat","description":"","potentialAction":[{"@type":"SearchAction","target":{"@type":"EntryPoint","urlTemplate":"https:\/\/kofe.hu\/parola\/?s={search_term_string}"},"query-input":{"@type":"PropertyValueSpecification","valueRequired":true,"valueName":"search_term_string"}}],"inLanguage":"hu"},{"@type":"Person","@id":"https:\/\/kofe.hu\/parola\/#\/schema\/person\/87232487271cc1d69d44a6aab679856f","name":"Andersson Hans","image":{"@type":"ImageObject","inLanguage":"hu","@id":"https:\/\/kofe.hu\/parola\/#\/schema\/person\/image\/23494c9101089ad44ae88ce9d2f56aac","url":"https:\/\/secure.gravatar.com\/avatar\/?s=96&d=mm&r=g","contentUrl":"https:\/\/secure.gravatar.com\/avatar\/?s=96&d=mm&r=g","caption":"Andersson Hans"},"url":"https:\/\/kofe.hu\/parola\/szerzok\/andersson-hans\/"}]}},"_links":{"self":[{"href":"https:\/\/kofe.hu\/parola\/wp-json\/wp\/v2\/posts\/1719","targetHints":{"allow":["GET"]}}],"collection":[{"href":"https:\/\/kofe.hu\/parola\/wp-json\/wp\/v2\/posts"}],"about":[{"href":"https:\/\/kofe.hu\/parola\/wp-json\/wp\/v2\/types\/post"}],"author":[{"embeddable":true,"href":"https:\/\/kofe.hu\/parola\/wp-json\/wp\/v2\/users\/153"}],"replies":[{"embeddable":true,"href":"https:\/\/kofe.hu\/parola\/wp-json\/wp\/v2\/comments?post=1719"}],"version-history":[{"count":1,"href":"https:\/\/kofe.hu\/parola\/wp-json\/wp\/v2\/posts\/1719\/revisions"}],"predecessor-version":[{"id":1721,"href":"https:\/\/kofe.hu\/parola\/wp-json\/wp\/v2\/posts\/1719\/revisions\/1721"}],"wp:featuredmedia":[{"embeddable":true,"href":"https:\/\/kofe.hu\/parola\/wp-json\/wp\/v2\/media\/1720"}],"wp:attachment":[{"href":"https:\/\/kofe.hu\/parola\/wp-json\/wp\/v2\/media?parent=1719"}],"wp:term":[{"taxonomy":"category","embeddable":true,"href":"https:\/\/kofe.hu\/parola\/wp-json\/wp\/v2\/categories?post=1719"},{"taxonomy":"post_tag","embeddable":true,"href":"https:\/\/kofe.hu\/parola\/wp-json\/wp\/v2\/tags?post=1719"},{"taxonomy":"author","embeddable":true,"href":"https:\/\/kofe.hu\/parola\/wp-json\/wp\/v2\/coauthors?post=1719"}],"curies":[{"name":"wp","href":"https:\/\/api.w.org\/{rel}","templated":true}]}}