{"id":1705,"date":"2020-06-11T19:54:12","date_gmt":"2020-06-11T19:54:12","guid":{"rendered":"https:\/\/kofe.hu\/parola\/?p=1705"},"modified":"2020-07-30T11:07:49","modified_gmt":"2020-07-30T11:07:49","slug":"hogy-volt-a-faluhazak-lorant-jozsef-koszontoje-a-zalaszentlaszloi-faluhaz-fennallasanak-30-evfordulojara-rendezett-unnepsegen","status":"publish","type":"post","link":"https:\/\/kofe.hu\/parola\/parola-folyoirat\/hogy-volt-a-faluhazak-lorant-jozsef-koszontoje-a-zalaszentlaszloi-faluhaz-fennallasanak-30-evfordulojara-rendezett-unnepsegen\/","title":{"rendered":"Hogy volt&#8230; A faluh\u00e1zak. L\u00f3r\u00e1nt J\u00f3zsef k\u00f6sz\u00f6nt\u0151je a Zalaszentl\u00e1szl\u00f3i Faluh\u00e1z fenn\u00e1ll\u00e1s\u00e1nak 30. \u00e9vfordul\u00f3j\u00e1ra rendezett \u00fcnneps\u00e9gen"},"content":{"rendered":"<p><span style=\"font-family: Arial; font-size: x-large;\">Hogy volt&#8230;<\/span><\/p>\n<p><i><span style=\"font-family: Arial;\">M\u00e1sodik k\u00f6zl\u00e9s\u00fcnk egy \u00fcnnepi besz\u00e9d, amely a Zalaszentl\u00e1szl\u00f3i Faluh\u00e1z fenn\u00e1ll\u00e1s\u00e1nak 30. \u00e9vfordul\u00f3j\u00e1ra rendezett \u00fcnneps\u00e9gen hangzott el 2015. febru\u00e1r 28.-\u00e1n, melynek keret\u00e9ben az \u00e9p\u00edt\u00e9sz-tervez\u0151, Makovecz Imre eml\u00e9kt\u00e1bl\u00e1j\u00e1t is felavatt\u00e1k. A besz\u00e9d harmincn\u00e1l is t\u00f6bb \u00e9v t\u00f6rt\u00e9n\u00e9seit, k\u00f6z\u00f6ss\u00e9gi munk\u00e1j\u00e1t eleven\u00edti fel. Az akkori helyzet meg\u00e9rt\u00e9s\u00e9t el\u0151seg\u00edtend\u0151 n\u00e9h\u00e1ny sorban \u00f6sszefoglaljuk a faluh\u00e1z-mozgalom l\u00e9nyeg\u00e9t. A szerk.<\/span><\/i><br \/>\n<!--more--><b><i><span style=\"font-family: Arial; font-size: x-large;\">A faluh\u00e1zak<\/span><\/i><\/b><br \/>\n<b><i><span style=\"font-family: Arial; font-size: x-large;\">P\u00e9terfi Ferenc jegyzete<\/span><\/i><\/b><\/p>\n<p><i><span style=\"font-family: Arial;\">\u00cdgy h\u00edvt\u00e1k azokat a kultur\u00e1lis \u2013 k\u00f6z\u00f6ss\u00e9gi int\u00e9zm\u00e9nyeket, amelyek a 80-as \u00e9vekben el\u00e9g nagy sz\u00e1mban \u00e9p\u00fcltek Magyarorsz\u00e1gon, t\u00f6bbnyire kis falvakban, sokak helyi \u00f6sszefog\u00e1s\u00e1nak eredm\u00e9nyek\u00e9nt. Az akkori N\u00e9pm\u0171vel\u00e9si Int\u00e9zet egyik jelent\u0151s szakmai innov\u00e1ci\u00f3s teljes\u00edtm\u00e9nye is volt ez a kezdem\u00e9nyez\u00e9s. T\u00f6bb funkci\u00f3t fogadtak be ezek az \u00e9p\u00fcletek, hasonlatosan a \u201eNyitott h\u00e1z\u201d m\u0171vel\u0151d\u00e9si otthoni k\u00eds\u00e9rlethez, amelyet a zalaszentl\u00e1szl\u00f3i faluh\u00e1z elk\u00e9sz\u00fclte el\u0151tt mintegy t\u00edz \u00e9vvel vezetett a N\u00e9pm\u0171vel\u00e9si Int\u00e9zet az orsz\u00e1g h\u00fasz m\u0171vel\u0151d\u00e9si otthon\u00e1ban. Sok szempontb\u00f3l a settlement-szer\u0171 m\u0171k\u00f6d\u00e9s is jellemezte ezeket, de a ma haszn\u00e1lt integr\u00e1lt k\u00f6z\u00f6ss\u00e9gi szolg\u00e1ltat\u00f3 terekre (IKSZT) is sok ponton hajaznak ezek az int\u00e9zm\u00e9nyek. Csak \u00e9ppen magyarul besz\u00e9ltek r\u00f3la, akkor m\u00e9g magyar elnevez\u00e9ssel. Fontos jellemz\u0151j\u00fck volt, hogy funkci\u00f3ikat tekintve a telep\u00fcl\u00e9s \u00e9let\u00e9b\u0151l szervesen \u00e9p\u00edtkeztek \u00e9s \u00e9p\u00edt\u00e9szetileg is igyekeztek szervesen illeszkedni az adott t\u00e1jhoz, k\u00f6z\u00f6ss\u00e9ghez.<\/span><\/i><br \/>\n<i><span style=\"font-family: Arial;\">Tal\u00e1n a legsiker\u00fcltebb ezek k\u00f6z\u00fcl a Zalaszentl\u00e1szl\u00f3n \u00e9p\u00fclt faluh\u00e1z lett. Most \u00fcnnepelt\u00fck ennek a 30. \u00e9vfordul\u00f3j\u00e1t. A m\u0171vel\u0151d\u00e9s- \u00e9s szakmat\u00f6rt\u00e9netileg is fontos \u00e9p\u00fclet \u00fcnnep\u00e9n hangzott el az al\u00e1bbi k\u00f6sz\u00f6nt\u0151 L\u00f3r\u00e1nt J\u00f3zseft\u0151l, az akkori tan\u00e1cstitk\u00e1rt\u00f3l.<\/span><\/i><\/p>\n<p>&nbsp;<\/p>\n<p><b><i><span style=\"font-family: Arial; font-size: x-large;\">L\u00f3r\u00e1nt J\u00f3zsef k\u00f6sz\u00f6nt\u0151je<br \/>\na Zalaszentl\u00e1szl\u00f3i Faluh\u00e1z fenn\u00e1ll\u00e1s\u00e1nak 30. \u00e9vfordul\u00f3j\u00e1ra rendezett \u00fcnneps\u00e9gen<\/span><\/i><\/b><\/p>\n<p><span style=\"font-family: Arial;\">Tisztelt \u00fcnnepl\u0151k, kedves megjelentek!<\/span><\/p>\n<p><span style=\"font-family: Arial;\">E nemes \u00fcnnepre k\u00e9sz\u00fclve azon gondolkoztam, hogy mi is legyen a c\u00edme mai megeml\u00e9kez\u00e9semnek. K\u00e9t sz\u00f3, egy n\u00e9v jutott eszembe:\u00a0<\/span><span style=\"font-family: Arial;\">Makovecz Imre<\/span><span style=\"font-family: Arial;\">!<\/span><br \/>\n<span style=\"font-family: Arial;\">E k\u00e9t sz\u00f3, e n\u00e9v elegend\u0151 arra, hogy a jelenl\u00e9v\u0151k\u00f6n t\u00fal az orsz\u00e1g lakoss\u00e1g\u00e1nak nagyobb r\u00e9sze, tov\u00e1bb\u00e1 sokan a vil\u00e1gon azonnal tudj\u00e1k, hogy egy kiv\u00e1l\u00f3 emberr\u0151l, egy nemes gondolkod\u00f3r\u00f3l, egy csod\u00e1latos \u00e9p\u00edt\u00e9szr\u0151l van sz\u00f3. Besz\u00e9dek, el\u0151ad\u00e1sok, \u00edr\u00e1sok, filmek, riportok, \u00f6r\u00f6k\u00edtett\u00e9k meg az \u0151 tev\u00e9kenys\u00e9g\u00e9t, az \u0151 \u00e9letm\u0171v\u00e9t, melyr\u0151l szebben \u00e9s jobban sz\u00f3lni nem tudhatok.<\/span><br \/>\n<span style=\"font-family: Arial;\">\u00c9ppen ez\u00e9rt ma, amikor az \u00e1ltala tervezett \u00e9s \u00e9p\u00edtett Zalaszentl\u00e1szl\u00f3i Faluh\u00e1zon eml\u00e9kt\u00e1bl\u00e1j\u00e1t felavatjuk, arra szeretn\u00e9k eml\u00e9kezni, ahogy \u0151t megismert\u00fck, ahogy t\u00e1rsak \u00e9s j\u00f3 bar\u00e1tok lett\u00fcnk.<\/span><br \/>\n<span style=\"font-family: Arial;\">Hogy fentiekr\u0151l teljes k\u00e9pet kapjunk, mindenekel\u0151tt sz\u00f3lni kell az el\u0151zm\u00e9nyekr\u0151l, azokr\u00f3l a neh\u00e9zs\u00e9gekr\u0151l, melyet csak rendk\u00edv\u00fcli akarattal, er\u0151s \u00f6sszefog\u00e1ssal \u00e9s lakoss\u00e1gi r\u00e9szv\u00e9tellel tudtunk legy\u0151zni.<\/span><br \/>\n<span style=\"font-family: Arial;\">Az \u00e9p\u00edtkez\u00e9st megel\u0151z\u0151en m\u00e1r a 70-es \u00e9vekben felmer\u00fclt egy \u00faj faluh\u00e1z, akkori nev\u00e9n kult\u00farh\u00e1z fel\u00e9p\u00edt\u00e9s\u00e9nek ig\u00e9nye. Ezen ig\u00e9ny\u00fcnket t\u00e1pl\u00e1lta, er\u0151s\u00edtette az a kultur\u00e1lis \u00e9let, amely k\u00f6zs\u00e9g\u00fcnkben megval\u00f3sult. Azokban az \u00e9vekben rendszeresek voltak a sz\u00ednh\u00e1zi el\u0151ad\u00e1sok (D\u00e9ryn\u00e9 sz\u00ednh\u00e1z), el\u0151ad\u00f3i estek sok j\u00f3 sz\u00edn\u00e9sszel, el\u0151ad\u00f3 m\u0171v\u00e9szekkel, neves szerepl\u0151kkel, Kossuth, J\u00e1szai \u00e9s egy\u00e9b d\u00edjjal kit\u00fcntetett m\u0171v\u00e9szek fell\u00e9p\u00e9s\u00e9vel. Heti 3 moziel\u0151ad\u00e1s volt. Az orsz\u00e1gosan elismert n\u00e9pdalk\u00f6r mellett a helyi klub rendszeres el\u0151ad\u00e1sokat szervezett, melynek eredm\u00e9nyess\u00e9g\u00e9t jelzi, hogy a Budapesti Sz\u00e9pm\u0171v\u00e9szeti M\u00fazeum munkat\u00e1rsai 5 \u00e9ven \u00e1t el\u0151ad\u00e1s-sorozatot tartottak n\u00e1lunk.<\/span><br \/>\n<span style=\"font-family: Arial;\">Lakoss\u00e1gunk b\u00edztat\u00e1sa mellett t\u00f6bbsz\u00f6r fordultunk felettes szerveinkhez \u00faj kult\u00farh\u00e1z \u00e9p\u00edt\u00e9s\u00e9nek enged\u00e9lyez\u00e9se \u00e9s anyagi t\u00e1mogat\u00e1sa v\u00e9gett. T\u00f6bbsz\u00f6ri elutas\u00edt\u00e1s ut\u00e1n, keresve a megold\u00e1s lehet\u0151s\u00e9g\u00e9t, eljutottunk a M\u0171egyetemre, ahol hallgat\u00f3i seg\u00edts\u00e9ggel k\u00e9sz\u00fclt egy k\u00f6lts\u00e9ges \u00e9s megval\u00f3s\u00edthatatlan terv, melyet senki sem t\u00e1mogatott, s \u00edgy keseregtek kudarcunkon \u00fajs\u00e1g\u00edr\u00f3k, tv-riportot k\u00e9sz\u00edt\u0151 filmesek. Gondjaink ismertek lettek. Akkor figyeltek fel r\u00e1nk a N\u00e9pm\u0171vel\u00e9si Int\u00e9zet munkat\u00e1rsai, Beke P\u00e1l \u00e9s Varga Tam\u00e1s. \u0150k akkor kapcsolatban \u00e1lltak Makovecz Imr\u00e9vel, kor\u00e1bbi kultur\u00e1lis l\u00e9tes\u00edtm\u00e9nyei kapcs\u00e1n.<\/span><br \/>\n<span style=\"font-family: Arial;\">\u00cdgy tal\u00e1ltunk egym\u00e1sra, Zalaszentl\u00e1szl\u00f3 \u00e9s Makovecz Imre, akiben a j\u00f3 munkakapcsolat mellett seg\u00edt\u0151k\u00e9sz \u00e9s mindenben egy\u00fcttm\u0171k\u00f6d\u0151, igaz bar\u00e1tot ismert\u00fcnk meg.<\/span><br \/>\n<span style=\"font-family: Arial;\">Fenti kis csapat\u00a0<\/span><i><span style=\"font-family: Arial;\">\u2013\u00a0<\/span><\/i><span style=\"font-family: Arial;\">velem kieg\u00e9sz\u00fclve\u00a0<\/span><i><span style=\"font-family: Arial;\">\u2013\u00a0<\/span><\/i><span style=\"font-family: Arial;\">Targuba Mikl\u00f3s tan\u00e1cseln\u00f6k vezet\u00e9se mellett, k\u00e9tnapos tanakod\u00e1s ut\u00e1n arra a k\u00f6vetkeztet\u00e9sre jutott, hogy \u00faj \u00e9p\u00fcletet nem lehet \u00e9p\u00edteni, ez\u00e9rt a r\u00e9gi \u00e9p\u00fcletet kell fel\u00faj\u00edtani \u00e9s b\u0151v\u00edteni. Ekkor form\u00e1l\u00f3dott a v\u00e9gleges elk\u00e9pzel\u00e9s, mely szerint a faluba nem ill\u0151 lapostet\u0151s boltokra is ki kell terjeszteni az \u00e9p\u00edtkez\u00e9st, vend\u00e9gszob\u00e1k kialak\u00edt\u00e1s\u00e1val.<\/span><br \/>\n<span style=\"font-family: Arial;\">Makovecz Imre kitart\u00f3an b\u00e1tor\u00edtott benn\u00fcnket, mondv\u00e1n, hogy nem a sz\u00e9llel, hanem a hatalommal kell szembeszeg\u00fclni \u00e9s meg kell pr\u00f3b\u00e1lni a lehetetlent. Tudta, hogy a k\u00f6rny\u00e9kbeli erd\u0151k olcs\u00f3n megszerezhet\u0151 faanyagot rejtenek, kifejtette v\u00e9lem\u00e9ny\u00e9t a cselekv\u00e9si k\u00e9nyszerr\u0151l, a nyomaszt\u00f3 tehetetlens\u00e9gr\u0151l, a b\u00e1tor hely\u00e1ll\u00e1sr\u00f3l. V\u00e9g\u00fcl l\u00e1tva a jelenl\u00e9v\u0151k\u00f6n az elsz\u00e1nts\u00e1got, a tettrek\u00e9szs\u00e9get \u00e9s seg\u00edteni akar\u00e1st, d\u00f6nt\u00f6tt, majd r\u00f6vid id\u0151n bel\u00fcl bemutatta a h\u00e1zr\u00f3l k\u00e9sz\u00fclt v\u00e1zlatokat. Els\u0151 l\u00e1t\u00e1sra alaposan meglep\u0151dt\u00fcnk, elk\u00e9pzelve a belt\u00e9ri faoszlopokat, de b\u00edztunk benne \u00e9s k\u00e9telyeink sem mer\u00fcltek fel. Igen r\u00f6vid id\u0151n bel\u00fcl hozta is a k\u00e9sz terveket, melynek \u00e1tad\u00e1sa sor\u00e1n bejelentette, hogy a terveket t\u00e1rsadalmi munk\u00e1ban k\u00e9sz\u00edtette, ezzel j\u00e1rul hozz\u00e1 az \u00e9p\u00edtkez\u00e9shez. Egyben v\u00e1llalta az \u00e9p\u00edtkez\u00e9s m\u0171szaki-szakmai ir\u00e1ny\u00edt\u00e1s\u00e1t.<\/span><br \/>\n<span style=\"font-family: Arial;\">Mindez 1984-ben t\u00f6rt\u00e9nt, \u00e9s a fel\u00faj\u00edt\u00e1si enged\u00e9lyt is viszonylag gyorsan megkaptuk, miut\u00e1n a N\u00e9pm\u0171vel\u00e9si Int\u00e9zet is \u00edg\u00e9rt 1,2 milli\u00f3 forint t\u00e1mogat\u00e1st. Ezut\u00e1n nem volt meg\u00e1ll\u00e1s, Imre rendszeresen j\u00f6tt hozz\u00e1nk, \u00e1ltal\u00e1ban 2-3 napra, amikor vagy a tan\u00e1cs \u00e9p\u00fclet\u00e9ben, vagy n\u00e1lunk aludt. Sokszor kis\u00e9rt\u00e9k \u0151t el a N\u00e9pm\u0171vel\u00e9si Int\u00e9zet munkat\u00e1rsai, igazi j\u00f3 bar\u00e1tok lett\u00fcnk. Zalainak is \u00e9rezte mag\u00e1t, szerette a zalai \u00edzeket \u00e9s a j\u00f3 otell\u00f3t. Ez\u00e9rt azt\u00e1n a kis pinceszeri tan\u00e1cskoz\u00e1sok mellett megismert\u00fck \u00e9s meg\u00e9rtett\u00fck az \u0151 szellemi nagys\u00e1g\u00e1t, \u00e9letfiloz\u00f3fi\u00e1j\u00e1t. Volt, amikor csak reggel tudtunk hazaj\u00f6nni, olyan nagy volt a h\u00f3vihar. De \u0151t ez sem zavarta, \u00e9ppen ezen a h\u00f3viharos d\u00e9lut\u00e1n v\u00e1lasztottuk ki az erd\u0151ben az \u00e1gasf\u00e1nak val\u00f3 t\u00f6lgyeket, melyet a helyi tsz hozz\u00e1j\u00e1rul\u00e1sk\u00e9nt adott az \u00e9p\u00edtkez\u00e9shez. Olyan magasak voltak ezek a f\u00e1k, hogy az als\u00f3 v\u00e9g\u00e9b\u0151l<\/span><br \/>\n<span style=\"font-family: Arial;\">6-8 m\u00e9tert le kellett v\u00e1gni. K\u00e9s\u0151bb ezekb\u0151l a v\u00e9gekb\u0151l k\u00e9sz\u00fcltek a padok, az asztalok, burkol\u00f3 anyagok. (Imre megjegyezte, hogy az orsz\u00e1g legszebb t\u00f6lgyerdej\u00e9ben j\u00e1rt.) Az \u00e1gasf\u00e1k besz\u00e1ll\u00edt\u00e1sa ut\u00e1n a falu \u201e\u00f6regjei\u201d megkezdt\u00e9k azok b\u0151r\u00f6z\u00e9s\u00e9t, hogy miel\u0151bb be\u00e9p\u00edt\u00e9sre ker\u00fclhessenek. A falu minden munkak\u00e9pes lak\u00f3ja 12 nap t\u00e1rsadalmi munk\u00e1t aj\u00e1nlott fel, melyet sokat t\u00fal is teljes\u00edtettek. Mindemellett a N\u00e9pm\u0171vel\u00e9si Int\u00e9zet szervezett sz\u00e1munkra k\u00e9tnapos orsz\u00e1gj\u00e1r\u00e1st, Makovecz Imre m\u00e1r elk\u00e9sz\u00fclt s\u00e1rospataki, j\u00e1szszentl\u00e1szl\u00f3i \u00e9s tov\u00e1bbi faluh\u00e1zainak megtekint\u00e9s\u00e9re.<\/span><br \/>\n<span style=\"font-family: Arial;\">Imre\u00a0<\/span><i><span style=\"font-family: Arial;\">\u2013\u00a0<\/span><\/i><span style=\"font-family: Arial;\">mint az \u00e9p\u00edt\u0151mesterek k\u00e9s\u0151i ut\u00f3da\u00a0<\/span><i><span style=\"font-family: Arial;\">\u2013\u00a0<\/span><\/i><span style=\"font-family: Arial;\">\u00fagy vezette le az \u00e9p\u00edtkez\u00e9st, hogy kez\u00e9ben gyakran ott volt a rajz \u00e9s ceruza mellett a balta, vagy a f\u0171r\u00e9sz. Tervekb\u0151l, pontoss\u00e1gb\u00f3l soha nem engedett, ha kellett, nagy hanggal utas\u00edtotta a kivitelez\u0151ket a prec\u00edz munk\u00e1ra. A fiatal Rezneki J\u00f3ska volt a faszerzetetek \u00e9p\u00edt\u0151je, aki Imre mellett nagyon sokat tanult, olyan gyakorlatra tett szert, hogy megh\u00edvta \u0151t a sevillai pavilon kivitelez\u00e9si munk\u00e1inak v\u00e9gz\u00e9s\u00e9re is, melyet azonban nem tudott elfogadni. Egy\u00fctt m\u0171k\u00f6d\u00f6tt Berecz Csaba, Balogh Mih\u00e1ly \u00e9s t\u00e1rsaik, zalai fafarag\u00f3 m\u0171v\u00e9szek csapat\u00e1val a faragott b\u00fatorok, a n\u00e9pi kandall\u00f3 tervez\u00e9s\u00e9ben, megval\u00f3s\u00edt\u00e1s\u00e1ban, gyakorlatilag minden munkaf\u00e1zisban jelen volt.<\/span><br \/>\n<span style=\"font-family: Arial;\">Nagyon sokan dolgoztak a faluh\u00e1z \u00e9p\u00edtkez\u00e9s\u00e9n, \u0151ket itt megeml\u00edteni id\u0151 hi\u00e1ny\u00e1ban sem tudom, de nem hagyhatom ki, hogy ne eml\u00edtsem a KPM Ter\u00fcleti M\u00e9rn\u00f6ks\u00e9ge, valamint a D\u00c9D\u00c1SZ \u00e1ramszolg\u00e1ltat\u00f3 Keszthelyi Kirendelts\u00e9ge \u00e1ltal v\u00e9gzett t\u00e1rsadalmi munk\u00e1t. A m\u00e1r eml\u00edtett KPM dolgoz\u00f3i\u00a0<\/span><i><span style=\"font-family: Arial;\">\u2013<\/span><\/i><span style=\"font-family: Arial;\">\u00a0mintegy 30 f\u0151\u00a0<\/span><i><span style=\"font-family: Arial;\">\u2013\u00a0<\/span><\/i><span style=\"font-family: Arial;\">a teljes g\u00e9ppark felaj\u00e1nl\u00e1sa mellett v\u00e1llalt\u00e1k az \u00e9p\u00fclet alapjainak ki\u00e1s\u00e1s\u00e1t, annak bebetonoz\u00e1s\u00e1t, valamint a l\u00e1bazati beton elk\u00e9sz\u00edt\u00e9s\u00e9t, tov\u00e1bb\u00e1 az \u00e1gasf\u00e1k fel\u00e1ll\u00edt\u00e1s\u00e1t \u00e9s bebetonoz\u00e1s\u00e1t. Ezt k\u00f6vet\u0151en \u0151k k\u00e9sz\u00edtett\u00e9k el az eg\u00e9sz \u00e9p\u00fclet s\u00edkalap betonoz\u00e1s\u00e1t, mindezt \u00f6sszesen egy szombat-vas\u00e1rnapi h\u00e9tv\u00e9g\u00e9n, \u00fagy, hogy ezeken a napokon\u00a0<\/span><i><span style=\"font-family: Arial;\">\u2013<\/span><\/i><span style=\"font-family: Arial;\">\u00a0nem l\u00e9v\u00e9n el\u00e9g cement \u00e9s s\u00f3der\u00a0<\/span><i><span style=\"font-family: Arial;\">\u2013<\/span><\/i><span style=\"font-family: Arial;\">\u00a0ind\u00edtott\u00e1k a g\u00e9pkocsikat a s\u00f3derb\u00e1ny\u00e1ba \u00e9s a T\u00dcZ\u00c9P-re. (Meg is \u00e9rdemelt\u00e9k a r\u00e9sz\u00fckre adott vadvacsor\u00e1t a hozz\u00e1val\u00f3 itallal egy\u00fctt.) A D\u00c9DASZ dolgoz\u00f3i ugyan\u00edgy elv\u00e9gezt\u00e9k a bels\u0151 szerel\u00e9s egy r\u00e9sz\u00e9t, valamint a teljes k\u00fcls\u0151 szerel\u00e9st. Fiatalok v\u00e1llalt\u00e1k a r\u00e9gi \u00e9p\u00fclet lebont\u00e1s\u00e1t \u00e9s \u00fajrafalaz\u00e1s\u00e1t, melyet p\u00e1r nap alatt megval\u00f3s\u00edtottak. (A \u201efel\u00faj\u00edt\u00e1si\u201d elv miatt is gyorsan kellett dolgozni, hogy az val\u00f3ban annak l\u00e1sson).<\/span><br \/>\n<span style=\"font-family: Arial;\">Makovecz Imre ezt a faluh\u00e1zat saj\u00e1tjak\u00e9nt szerette, ebben az \u00e9p\u00fcletben hangs\u00falyozottan jelenik meg az \u00e1ltala meg\u00e1lmodott \u201eorganikus \u00e9p\u00edt\u00e9szet.\u201d Megjelenik az \u0151 m\u0171v\u00e9szete, embers\u00e9ge, szellemi nagys\u00e1ga is. Paolo Porthogesi olasz \u00e9p\u00edt\u00e9szprofesszor m\u00falt \u00e9vben megjelent k\u00f6nyv\u00e9ben \u00f6sszefoglalta Makovecz Imre \u00e9letm\u0171v\u00e9t. V\u00e9lem\u00e9nye szerint \u0151 az organikus \u00e9p\u00edt\u00e9szet\u00e9vel \u00e9vtizedekkel megel\u0151zte kor\u00e1t, mely a szem\u00e9lytelen formavil\u00e1gb\u00f3l kiutat mutat a ma \u00e9l\u0151 \u00e9s a j\u00f6v\u0151 \u00e9p\u00edt\u00e9szei sz\u00e1m\u00e1ra is.<\/span><br \/>\n<span style=\"font-family: Arial;\">Sok el\u0151k\u00e9sz\u00edt\u0151 munka, sok ut\u00e1nj\u00e1r\u00e1s, a tervez\u0151 a szakemberek \u00e9s a lakoss\u00e1g \u00f6nzetlen munk\u00e1j\u00e1nak k\u00f6sz\u00f6nhet\u0151en a faluh\u00e1z 30 \u00e9vvel ezel\u0151tt fel\u00e9p\u00fclt, \u00e1tad\u00e1s\u00e1ra 1985. \u00e1prilis 30.-\u00e1n 16 \u00f3ra 30 perckor ker\u00fclt sor. A jelenl\u00e9v\u0151ket kit\u0171n\u0151 \u00e9telek \u00e9s 2 db 50 literes csapra \u00fct\u00f6tt boroshord\u00f3 fogadta. Ekkor ker\u00fclt sor a hagyom\u00e1nyos m\u00e1jusfa \u00e1ll\u00edt\u00e1s\u00e1ra, azzal a kieg\u00e9sz\u00edt\u00e9ssel, hogy szinte minden csal\u00e1d szalagot k\u00f6t\u00f6tt a fel\u00e1ll\u00edtand\u00f3 f\u00e1ra. A nagyszer\u0171 m\u0171sor ut\u00e1n rendezett b\u00e1lon kb. 600 szem\u00e9ly vett r\u00e9szt.<\/span><br \/>\n<span style=\"font-family: Arial;\">Makovecz Imr\u00e9vel teljes m\u00e9rt\u00e9kben egyet\u00e9rtve Pozsgai Imr\u00e9t, a Hazafias N\u00e9pfront Orsz\u00e1gos Tan\u00e1cs\u00e1nak f\u0151titk\u00e1r\u00e1t k\u00e9rt\u00fck fel a Faluh\u00e1z \u00fcnnep\u00e9lyes felavat\u00e1s\u00e1ra, aki felk\u00e9r\u00e9s\u00fcnket sz\u00edvesen fogadta. K\u00fcl\u00f6n \u00f6r\u00f6m sz\u00e1munkra, hogy ezen a mai megeml\u00e9kez\u00e9sen szem\u00e9lyesen is r\u00e9sz tud venni. Nagyszer\u0171 avat\u00f3besz\u00e9de elt\u00e9rt a kor\u00e1bban megszokott avat\u00f3besz\u00e9dekt\u0151l, hallani, \u00e9rezni lehetett a leveg\u0151ben l\u00f3g\u00f3 v\u00e1ltoz\u00e1sok lehelet\u00e9t.<\/span><br \/>\n<span style=\"font-family: Arial;\">Avat\u00e1s ut\u00e1n j\u00f3 bar\u00e1ts\u00e1ggal sokat besz\u00e9lgett\u00fcnk jelen\u00fcnkr\u0151l \u00e9s j\u00f6v\u0151nkr\u0151l.<\/span><br \/>\n<span style=\"font-family: Arial;\">Engedj\u00e9k meg, hogy itt eml\u00e9kezzek meg azokr\u00f3l, akik ma m\u00e1r nem tudnak jelen lenni ezen a sz\u00e9p \u00fcnnepen, azokr\u00f3l, akik ez\u00e9rt a h\u00e1z\u00e9rt olyan sokat tettek \u00e9let\u00fckben. Azokr\u00f3l, akik az\u00f3ta m\u00e1r az \u00f6r\u00f6k b\u00e9ke hon\u00e1ban nyugszanak.<\/span><br \/>\n<span style=\"font-family: Arial;\">Mindenekel\u0151tt Targuba Mikl\u00f3s tan\u00e1cseln\u00f6kre gondolok, akinek sz\u00edv\u00fcgye volt a faluh\u00e1z fel\u00e9p\u00edt\u00e9se. Akad\u00e1lyt nem ismerve, \u00e9jt nappall\u00e1 t\u00e9ve t\u00f6rekedett e terv megval\u00f3s\u00edt\u00e1s\u00e1ra. Ment j\u00e1r\u00e1sra, megy\u00e9re, miniszt\u00e9riumba, ha nem j\u00e1rt sikerrel, \u00fajrakezdte. K\u00e9s\u0151bb, a h\u00e1z elk\u00e9sz\u00fclte ut\u00e1n, k\u00e9t \u00e9vtizeden kereszt\u00fcl rendszeresen ismertet\u0151t tartott a faluh\u00e1z \u00e9p\u00edt\u00e9s\u00e9r\u0151l \u00e9s m\u0171k\u00f6d\u00e9s\u00e9r\u0151l egyetemi \u00e9p\u00edt\u00e9sz \u00e9s k\u00f6zm\u0171vel\u0151d\u00e9si csoportok r\u00e9sz\u00e9re. Makovecz Imre munk\u00e1ss\u00e1g\u00e1t, a h\u00e1z \u00e9p\u00edt\u00e9s\u00e9ben bet\u00f6lt\u00f6tt szerep\u00e9t ismertettem, sajnos m\u00e1r \u0151 sem lehet k\u00f6z\u00f6tt\u00fcnk. Bar\u00e1ts\u00e1g\u00e1t hal\u00e1l\u00e1ig meg\u0151rizt\u00fck, temet\u00e9s\u00e9n t\u00f6bben r\u00e9szt vett\u00fcnk. Szint\u00e9n elk\u00f6lt\u00f6z\u00f6tt k\u00f6z\u00fcl\u00fcnk Beke P\u00e1l, Varga Tam\u00e1s, tov\u00e1bb\u00e1 Kov\u00e1ts Fl\u00f3ri\u00e1n \u00e9s<\/span><br \/>\n<span style=\"font-family: Arial;\">T\u00f3th J\u00e1nos, akik terv megval\u00f3s\u00edt\u00e1sa mellett a kultur\u00e1lis \u00e9let ter\u00fclet\u00e9n t\u00e1mogattak benn\u00fcnket. \u00c9s m\u00e9g sokan m\u00e1sok, azok az egyszer\u0171 falusi emberek, vagy vid\u00e9kiek, akik \u00f6nzetlen munk\u00e1val vettek r\u00e9szt e feladatban.<\/span><br \/>\n<span style=\"font-family: Arial;\">El kell m\u00e9g mondanom, hogy faluh\u00e1zunknak igen gyorsan elterjedt a h\u00edre bel \u00e9s k\u00fclf\u00f6ld\u00f6n egyar\u00e1nt. Egym\u00e1s ut\u00e1n \u00e9rkeztek csoportos kir\u00e1ndul\u00f3k, csal\u00e1dok, egy\u00e9nek, akik l\u00e1tni szerett\u00e9k volna a falu \u00e9s Makovecz Imre szer\u00e9nyen b\u00fcszke \u00e9p\u00fclet\u00e9t. M\u00e9g az \u00e1tad\u00e1s \u00e9v\u00e9ben volt a Kair\u00f3i Nemzetk\u00f6zi \u00c9p\u00edt\u00e9sz Kongresszus, ahol e h\u00e1z terveit a jelenl\u00e9v\u0151k megismert\u00e9k, majd nagyon sokan meg is l\u00e1togatt\u00e1k. T\u00f6bbek k\u00f6z\u00f6tt Eur\u00f3pa legt\u00f6bb orsz\u00e1g\u00e1b\u00f3l, Kanad\u00e1b\u00f3l, \u00c9szak- \u00e9s D\u00e9l-Amerik\u00e1b\u00f3l, Jap\u00e1nb\u00f3l, Ausztr\u00e1li\u00e1b\u00f3l, D\u00e9l-Afrik\u00e1b\u00f3l \u00e9s m\u00e1s orsz\u00e1gokb\u00f3l \u00e9rkeztek l\u00e1togat\u00f3k.<\/span><br \/>\n<span style=\"font-family: Arial;\">Tisztelt jelenl\u00e9v\u0151k! Faluh\u00e1zunk fel\u00faj\u00edtsa befejez\u00e9s el\u0151tt \u00e1ll, de \u00e1llag\u00e1nak meg\u00f3v\u00e1s\u00e1ra tov\u00e1bbi seg\u00edts\u00e9get v\u00e1runk az arra illet\u00e9kes szervekt\u0151l. Itt kell megk\u00f6sz\u00f6nn\u00fcnk azt a seg\u00edts\u00e9get, amit eddig a fel\u00faj\u00edt\u00e1shoz kaptunk \u00e9s \u00f6r\u00f6mmel vett\u00fck a h\u00edrt, hogy a kistelep\u00fcl\u00e9sek 1,2 milli\u00f3 Ft \u00e1llami t\u00e1mogat\u00e1st kapnak kultur\u00e1lis feladataik ell\u00e1t\u00e1s\u00e1ra.<\/span><br \/>\n<span style=\"font-family: Arial;\">Tisztelt megjelentek, m\u00e9g-egyszer k\u00f6sz\u00f6n\u00f6m a r\u00e9szv\u00e9t\u00fcket, az egy\u00fctt\u00e9rz\u00e9s\u00fcket \u00e9s azt a seg\u00edts\u00e9get, mely a mai nap siker\u00e9t hozta! K\u00f6z\u00f6s feladatunk \u00f3vni \u00e9s v\u00e9deni ezt a h\u00e1zat, vigy\u00e1zni arra, hogy majd amikor m\u0171eml\u00e9kk\u00e9 nyilv\u00e1n\u00edtj\u00e1k, akkor is ilyen j\u00f3 \u00e1llapotban legyen, addig is szolg\u00e1lja lakoss\u00e1gunk k\u00f6zm\u0171vel\u0151d\u00e9s\u00e9t, k\u00f6zpontja legyen a k\u00f6z\u00f6ss\u00e9gi \u00e9letnek, melyre az elmag\u00e1nyosod\u00e1s idej\u00e9n egyre nagyobb sz\u00fcks\u00e9g\u00fcnk lesz.<\/span><\/p>\n<p><img loading=\"lazy\" decoding=\"async\" src=\"http:\/\/kka.hu\/_Kozossegi_Adattar\/PAROLAAR.NSF\/b84c8c861998671e8525670c00815721\/ffe08f22518a1a58c1257e1b0032193d\/file\/350.37BE?OpenElement&amp;FieldElemFormat=gif\" width=\"480\" height=\"360\" align=\"left\" \/><span style=\"font-family: Arial;\">Kedves \u00dcnnepl\u0151k!<\/span><\/p>\n<p>A ma m\u00e9g \u00e9l\u0151 szervez\u0151k, tervez\u0151k \u00e9s kivitelez\u0151k,<br \/>\nvalamint az \u00e9p\u00fcletet felavat\u00f3 \u00e9s ma is jelenl\u00e9v\u0151<br \/>\nPozsgai Imre nev\u00e9ben arra k\u00e9rem \u00d6n\u00f6ket, hogy<br \/>\nn\u00e9ma f\u0151hajt\u00e1ssal eml\u00e9kezz\u00fcnk azokra, akik ma m\u00e1r<br \/>\nnincsenek k\u00f6z\u00f6tt\u00fcnk, t\u00f6bbek k\u00f6z\u00f6tt Makovecz<br \/>\nImr\u00e9re, Targuba Mikl\u00f3sra, Beke P\u00e1lra, Varga<br \/>\nTam\u00e1sra, Kov\u00e1ts Fl\u00f3ri\u00e1nra, T\u00f3th J\u00e1nosra<br \/>\n\u00e9s minden elhunyt k\u00f6zrem\u0171k\u00f6d\u0151re, azzal, hogy<br \/>\naz \u00f6r\u00f6k b\u00e9ke hon\u00e1ban \u00e1lmodj\u00e1k \u00fajra ezt a sz\u00e9p<br \/>\nfaluh\u00e1zat.<\/p>\n<p>Zalaszentl\u00e1szl\u00f3, 2015. m\u00e1rcius 1-j\u00e9n<\/p>\n<p>L\u00f3r\u00e1nt J\u00f3zsef<br \/>\nZalaszentl\u00e1szl\u00f3<\/p>\n<p><i><span style=\"font-family: Arial;\">Zalaszentl\u00e1szl\u00f3, Faluh\u00e1z \u00fcnnep<\/span><\/i><\/p>\n","protected":false},"excerpt":{"rendered":"<p>Hogy volt&#8230; M\u00e1sodik k\u00f6zl\u00e9s\u00fcnk egy \u00fcnnepi besz\u00e9d, amely a Zalaszentl\u00e1szl\u00f3i Faluh\u00e1z fenn\u00e1ll\u00e1s\u00e1nak 30. \u00e9vfordul\u00f3j\u00e1ra rendezett \u00fcnneps\u00e9gen hangzott el 2015. febru\u00e1r 28.-\u00e1n, melynek keret\u00e9ben az \u00e9p\u00edt\u00e9sz-tervez\u0151, Makovecz Imre eml\u00e9kt\u00e1bl\u00e1j\u00e1t is felavatt\u00e1k. A besz\u00e9d harmincn\u00e1l is t\u00f6bb \u00e9v t\u00f6rt\u00e9n\u00e9seit, k\u00f6z\u00f6ss\u00e9gi munk\u00e1j\u00e1t eleven\u00edti fel. Az akkori helyzet meg\u00e9rt\u00e9s\u00e9t el\u0151seg\u00edtend\u0151 n\u00e9h\u00e1ny sorban \u00f6sszefoglaljuk a faluh\u00e1z-mozgalom l\u00e9nyeg\u00e9t. A szerk.<\/p>\n","protected":false},"author":15,"featured_media":1706,"comment_status":"open","ping_status":"open","sticky":false,"template":"","format":"standard","meta":{"_acf_changed":false,"footnotes":""},"categories":[154,8,7],"tags":[],"coauthors":[23,178],"class_list":["post-1705","post","type-post","status-publish","format-standard","has-post-thumbnail","hentry","category-parola-2015-1","category-parola-folyoirat","category-repertorium"],"acf":[],"yoast_head":"<!-- This site is optimized with the Yoast SEO plugin v26.7 - https:\/\/yoast.com\/wordpress\/plugins\/seo\/ -->\n<title>Hogy volt... A faluh\u00e1zak. L\u00f3r\u00e1nt J\u00f3zsef k\u00f6sz\u00f6nt\u0151je a Zalaszentl\u00e1szl\u00f3i Faluh\u00e1z fenn\u00e1ll\u00e1s\u00e1nak 30. \u00e9vfordul\u00f3j\u00e1ra rendezett \u00fcnneps\u00e9gen - Parola Foly\u00f3irat<\/title>\n<meta name=\"robots\" content=\"index, follow, max-snippet:-1, max-image-preview:large, max-video-preview:-1\" \/>\n<link rel=\"canonical\" href=\"https:\/\/kofe.hu\/parola\/parola-folyoirat\/hogy-volt-a-faluhazak-lorant-jozsef-koszontoje-a-zalaszentlaszloi-faluhaz-fennallasanak-30-evfordulojara-rendezett-unnepsegen\/\" \/>\n<meta property=\"og:locale\" content=\"hu_HU\" \/>\n<meta property=\"og:type\" content=\"article\" \/>\n<meta property=\"og:title\" content=\"Hogy volt... A faluh\u00e1zak. L\u00f3r\u00e1nt J\u00f3zsef k\u00f6sz\u00f6nt\u0151je a Zalaszentl\u00e1szl\u00f3i Faluh\u00e1z fenn\u00e1ll\u00e1s\u00e1nak 30. \u00e9vfordul\u00f3j\u00e1ra rendezett \u00fcnneps\u00e9gen - Parola Foly\u00f3irat\" \/>\n<meta property=\"og:description\" content=\"Hogy volt&#8230; M\u00e1sodik k\u00f6zl\u00e9s\u00fcnk egy \u00fcnnepi besz\u00e9d, amely a Zalaszentl\u00e1szl\u00f3i Faluh\u00e1z fenn\u00e1ll\u00e1s\u00e1nak 30. \u00e9vfordul\u00f3j\u00e1ra rendezett \u00fcnneps\u00e9gen hangzott el 2015. febru\u00e1r 28.-\u00e1n, melynek keret\u00e9ben az \u00e9p\u00edt\u00e9sz-tervez\u0151, Makovecz Imre eml\u00e9kt\u00e1bl\u00e1j\u00e1t is felavatt\u00e1k. A besz\u00e9d harmincn\u00e1l is t\u00f6bb \u00e9v t\u00f6rt\u00e9n\u00e9seit, k\u00f6z\u00f6ss\u00e9gi munk\u00e1j\u00e1t eleven\u00edti fel. Az akkori helyzet meg\u00e9rt\u00e9s\u00e9t el\u0151seg\u00edtend\u0151 n\u00e9h\u00e1ny sorban \u00f6sszefoglaljuk a faluh\u00e1z-mozgalom l\u00e9nyeg\u00e9t. A szerk.\" \/>\n<meta property=\"og:url\" content=\"https:\/\/kofe.hu\/parola\/parola-folyoirat\/hogy-volt-a-faluhazak-lorant-jozsef-koszontoje-a-zalaszentlaszloi-faluhaz-fennallasanak-30-evfordulojara-rendezett-unnepsegen\/\" \/>\n<meta property=\"og:site_name\" content=\"Parola Foly\u00f3irat\" \/>\n<meta property=\"article:published_time\" content=\"2020-06-11T19:54:12+00:00\" \/>\n<meta property=\"article:modified_time\" content=\"2020-07-30T11:07:49+00:00\" \/>\n<meta property=\"og:image\" content=\"https:\/\/kofe.hu\/parola\/wp-content\/uploads\/2020\/06\/2015-1-hogy-volt2.gif\" \/>\n\t<meta property=\"og:image:width\" content=\"480\" \/>\n\t<meta property=\"og:image:height\" content=\"360\" \/>\n\t<meta property=\"og:image:type\" content=\"image\/gif\" \/>\n<meta name=\"author\" content=\"P\u00e9terfi Ferenc, L\u00f3r\u00e1nt J\u00f3zsef\" \/>\n<meta name=\"twitter:card\" content=\"summary_large_image\" \/>\n<meta name=\"twitter:label1\" content=\"Szerz\u0151:\" \/>\n\t<meta name=\"twitter:data1\" content=\"P\u00e9terfi Ferenc\" \/>\n\t<meta name=\"twitter:label2\" content=\"Becs\u00fclt olvas\u00e1si id\u0151\" \/>\n\t<meta name=\"twitter:data2\" content=\"15 perc\" \/>\n\t<meta name=\"twitter:label3\" content=\"Written by\" \/>\n\t<meta name=\"twitter:data3\" content=\"P\u00e9terfi Ferenc, L\u00f3r\u00e1nt J\u00f3zsef\" \/>\n<script type=\"application\/ld+json\" class=\"yoast-schema-graph\">{\"@context\":\"https:\/\/schema.org\",\"@graph\":[{\"@type\":\"Article\",\"@id\":\"https:\/\/kofe.hu\/parola\/parola-folyoirat\/hogy-volt-a-faluhazak-lorant-jozsef-koszontoje-a-zalaszentlaszloi-faluhaz-fennallasanak-30-evfordulojara-rendezett-unnepsegen\/#article\",\"isPartOf\":{\"@id\":\"https:\/\/kofe.hu\/parola\/parola-folyoirat\/hogy-volt-a-faluhazak-lorant-jozsef-koszontoje-a-zalaszentlaszloi-faluhaz-fennallasanak-30-evfordulojara-rendezett-unnepsegen\/\"},\"author\":{\"name\":\"P\u00e9terfi Ferenc\",\"@id\":\"https:\/\/kofe.hu\/parola\/#\/schema\/person\/46297a12b269c035523fdcd019f91711\"},\"headline\":\"Hogy volt&#8230; A faluh\u00e1zak. L\u00f3r\u00e1nt J\u00f3zsef k\u00f6sz\u00f6nt\u0151je a Zalaszentl\u00e1szl\u00f3i Faluh\u00e1z fenn\u00e1ll\u00e1s\u00e1nak 30. \u00e9vfordul\u00f3j\u00e1ra rendezett \u00fcnneps\u00e9gen\",\"datePublished\":\"2020-06-11T19:54:12+00:00\",\"dateModified\":\"2020-07-30T11:07:49+00:00\",\"mainEntityOfPage\":{\"@id\":\"https:\/\/kofe.hu\/parola\/parola-folyoirat\/hogy-volt-a-faluhazak-lorant-jozsef-koszontoje-a-zalaszentlaszloi-faluhaz-fennallasanak-30-evfordulojara-rendezett-unnepsegen\/\"},\"wordCount\":2944,\"commentCount\":0,\"image\":{\"@id\":\"https:\/\/kofe.hu\/parola\/parola-folyoirat\/hogy-volt-a-faluhazak-lorant-jozsef-koszontoje-a-zalaszentlaszloi-faluhaz-fennallasanak-30-evfordulojara-rendezett-unnepsegen\/#primaryimage\"},\"thumbnailUrl\":\"https:\/\/kofe.hu\/parola\/wp-content\/uploads\/2020\/06\/2015-1-hogy-volt2.gif\",\"articleSection\":[\"Parola 2015\/1\",\"Parola Foly\u00f3irat\",\"Repert\u00f3rium\"],\"inLanguage\":\"hu\",\"potentialAction\":[{\"@type\":\"CommentAction\",\"name\":\"Comment\",\"target\":[\"https:\/\/kofe.hu\/parola\/parola-folyoirat\/hogy-volt-a-faluhazak-lorant-jozsef-koszontoje-a-zalaszentlaszloi-faluhaz-fennallasanak-30-evfordulojara-rendezett-unnepsegen\/#respond\"]}]},{\"@type\":\"WebPage\",\"@id\":\"https:\/\/kofe.hu\/parola\/parola-folyoirat\/hogy-volt-a-faluhazak-lorant-jozsef-koszontoje-a-zalaszentlaszloi-faluhaz-fennallasanak-30-evfordulojara-rendezett-unnepsegen\/\",\"url\":\"https:\/\/kofe.hu\/parola\/parola-folyoirat\/hogy-volt-a-faluhazak-lorant-jozsef-koszontoje-a-zalaszentlaszloi-faluhaz-fennallasanak-30-evfordulojara-rendezett-unnepsegen\/\",\"name\":\"Hogy volt... A faluh\u00e1zak. L\u00f3r\u00e1nt J\u00f3zsef k\u00f6sz\u00f6nt\u0151je a Zalaszentl\u00e1szl\u00f3i Faluh\u00e1z fenn\u00e1ll\u00e1s\u00e1nak 30. \u00e9vfordul\u00f3j\u00e1ra rendezett \u00fcnneps\u00e9gen - Parola Foly\u00f3irat\",\"isPartOf\":{\"@id\":\"https:\/\/kofe.hu\/parola\/#website\"},\"primaryImageOfPage\":{\"@id\":\"https:\/\/kofe.hu\/parola\/parola-folyoirat\/hogy-volt-a-faluhazak-lorant-jozsef-koszontoje-a-zalaszentlaszloi-faluhaz-fennallasanak-30-evfordulojara-rendezett-unnepsegen\/#primaryimage\"},\"image\":{\"@id\":\"https:\/\/kofe.hu\/parola\/parola-folyoirat\/hogy-volt-a-faluhazak-lorant-jozsef-koszontoje-a-zalaszentlaszloi-faluhaz-fennallasanak-30-evfordulojara-rendezett-unnepsegen\/#primaryimage\"},\"thumbnailUrl\":\"https:\/\/kofe.hu\/parola\/wp-content\/uploads\/2020\/06\/2015-1-hogy-volt2.gif\",\"datePublished\":\"2020-06-11T19:54:12+00:00\",\"dateModified\":\"2020-07-30T11:07:49+00:00\",\"author\":{\"@id\":\"https:\/\/kofe.hu\/parola\/#\/schema\/person\/46297a12b269c035523fdcd019f91711\"},\"breadcrumb\":{\"@id\":\"https:\/\/kofe.hu\/parola\/parola-folyoirat\/hogy-volt-a-faluhazak-lorant-jozsef-koszontoje-a-zalaszentlaszloi-faluhaz-fennallasanak-30-evfordulojara-rendezett-unnepsegen\/#breadcrumb\"},\"inLanguage\":\"hu\",\"potentialAction\":[{\"@type\":\"ReadAction\",\"target\":[\"https:\/\/kofe.hu\/parola\/parola-folyoirat\/hogy-volt-a-faluhazak-lorant-jozsef-koszontoje-a-zalaszentlaszloi-faluhaz-fennallasanak-30-evfordulojara-rendezett-unnepsegen\/\"]}]},{\"@type\":\"ImageObject\",\"inLanguage\":\"hu\",\"@id\":\"https:\/\/kofe.hu\/parola\/parola-folyoirat\/hogy-volt-a-faluhazak-lorant-jozsef-koszontoje-a-zalaszentlaszloi-faluhaz-fennallasanak-30-evfordulojara-rendezett-unnepsegen\/#primaryimage\",\"url\":\"https:\/\/kofe.hu\/parola\/wp-content\/uploads\/2020\/06\/2015-1-hogy-volt2.gif\",\"contentUrl\":\"https:\/\/kofe.hu\/parola\/wp-content\/uploads\/2020\/06\/2015-1-hogy-volt2.gif\",\"width\":480,\"height\":360},{\"@type\":\"BreadcrumbList\",\"@id\":\"https:\/\/kofe.hu\/parola\/parola-folyoirat\/hogy-volt-a-faluhazak-lorant-jozsef-koszontoje-a-zalaszentlaszloi-faluhaz-fennallasanak-30-evfordulojara-rendezett-unnepsegen\/#breadcrumb\",\"itemListElement\":[{\"@type\":\"ListItem\",\"position\":1,\"name\":\"Home\",\"item\":\"https:\/\/kofe.hu\/parola\/\"},{\"@type\":\"ListItem\",\"position\":2,\"name\":\"Hogy volt&#8230; A faluh\u00e1zak. L\u00f3r\u00e1nt J\u00f3zsef k\u00f6sz\u00f6nt\u0151je a Zalaszentl\u00e1szl\u00f3i Faluh\u00e1z fenn\u00e1ll\u00e1s\u00e1nak 30. \u00e9vfordul\u00f3j\u00e1ra rendezett \u00fcnneps\u00e9gen\"}]},{\"@type\":\"WebSite\",\"@id\":\"https:\/\/kofe.hu\/parola\/#website\",\"url\":\"https:\/\/kofe.hu\/parola\/\",\"name\":\"Parola Foly\u00f3irat\",\"description\":\"\",\"potentialAction\":[{\"@type\":\"SearchAction\",\"target\":{\"@type\":\"EntryPoint\",\"urlTemplate\":\"https:\/\/kofe.hu\/parola\/?s={search_term_string}\"},\"query-input\":{\"@type\":\"PropertyValueSpecification\",\"valueRequired\":true,\"valueName\":\"search_term_string\"}}],\"inLanguage\":\"hu\"},{\"@type\":\"Person\",\"@id\":\"https:\/\/kofe.hu\/parola\/#\/schema\/person\/46297a12b269c035523fdcd019f91711\",\"name\":\"P\u00e9terfi Ferenc\",\"image\":{\"@type\":\"ImageObject\",\"inLanguage\":\"hu\",\"@id\":\"https:\/\/kofe.hu\/parola\/#\/schema\/person\/image\/d173d0cf20d3d8748a6819cd4d17d68c\",\"url\":\"https:\/\/secure.gravatar.com\/avatar\/523e0b801b986785c16f8e37b642a318cb28abdc4915fa26e5b257b5a3902afc?s=96&d=mm&r=g\",\"contentUrl\":\"https:\/\/secure.gravatar.com\/avatar\/523e0b801b986785c16f8e37b642a318cb28abdc4915fa26e5b257b5a3902afc?s=96&d=mm&r=g\",\"caption\":\"P\u00e9terfi Ferenc\"},\"url\":\"https:\/\/kofe.hu\/parola\/szerzok\/peterfi-ferenc\/\"}]}<\/script>\n<!-- \/ Yoast SEO plugin. -->","yoast_head_json":{"title":"Hogy volt... A faluh\u00e1zak. L\u00f3r\u00e1nt J\u00f3zsef k\u00f6sz\u00f6nt\u0151je a Zalaszentl\u00e1szl\u00f3i Faluh\u00e1z fenn\u00e1ll\u00e1s\u00e1nak 30. \u00e9vfordul\u00f3j\u00e1ra rendezett \u00fcnneps\u00e9gen - Parola Foly\u00f3irat","robots":{"index":"index","follow":"follow","max-snippet":"max-snippet:-1","max-image-preview":"max-image-preview:large","max-video-preview":"max-video-preview:-1"},"canonical":"https:\/\/kofe.hu\/parola\/parola-folyoirat\/hogy-volt-a-faluhazak-lorant-jozsef-koszontoje-a-zalaszentlaszloi-faluhaz-fennallasanak-30-evfordulojara-rendezett-unnepsegen\/","og_locale":"hu_HU","og_type":"article","og_title":"Hogy volt... A faluh\u00e1zak. L\u00f3r\u00e1nt J\u00f3zsef k\u00f6sz\u00f6nt\u0151je a Zalaszentl\u00e1szl\u00f3i Faluh\u00e1z fenn\u00e1ll\u00e1s\u00e1nak 30. \u00e9vfordul\u00f3j\u00e1ra rendezett \u00fcnneps\u00e9gen - Parola Foly\u00f3irat","og_description":"Hogy volt&#8230; M\u00e1sodik k\u00f6zl\u00e9s\u00fcnk egy \u00fcnnepi besz\u00e9d, amely a Zalaszentl\u00e1szl\u00f3i Faluh\u00e1z fenn\u00e1ll\u00e1s\u00e1nak 30. \u00e9vfordul\u00f3j\u00e1ra rendezett \u00fcnneps\u00e9gen hangzott el 2015. febru\u00e1r 28.-\u00e1n, melynek keret\u00e9ben az \u00e9p\u00edt\u00e9sz-tervez\u0151, Makovecz Imre eml\u00e9kt\u00e1bl\u00e1j\u00e1t is felavatt\u00e1k. A besz\u00e9d harmincn\u00e1l is t\u00f6bb \u00e9v t\u00f6rt\u00e9n\u00e9seit, k\u00f6z\u00f6ss\u00e9gi munk\u00e1j\u00e1t eleven\u00edti fel. Az akkori helyzet meg\u00e9rt\u00e9s\u00e9t el\u0151seg\u00edtend\u0151 n\u00e9h\u00e1ny sorban \u00f6sszefoglaljuk a faluh\u00e1z-mozgalom l\u00e9nyeg\u00e9t. A szerk.","og_url":"https:\/\/kofe.hu\/parola\/parola-folyoirat\/hogy-volt-a-faluhazak-lorant-jozsef-koszontoje-a-zalaszentlaszloi-faluhaz-fennallasanak-30-evfordulojara-rendezett-unnepsegen\/","og_site_name":"Parola Foly\u00f3irat","article_published_time":"2020-06-11T19:54:12+00:00","article_modified_time":"2020-07-30T11:07:49+00:00","og_image":[{"width":480,"height":360,"url":"https:\/\/kofe.hu\/parola\/wp-content\/uploads\/2020\/06\/2015-1-hogy-volt2.gif","type":"image\/gif"}],"author":"P\u00e9terfi Ferenc, L\u00f3r\u00e1nt J\u00f3zsef","twitter_card":"summary_large_image","twitter_misc":{"Szerz\u0151:":"P\u00e9terfi Ferenc","Becs\u00fclt olvas\u00e1si id\u0151":"15 perc","Written by":"P\u00e9terfi Ferenc, L\u00f3r\u00e1nt J\u00f3zsef"},"schema":{"@context":"https:\/\/schema.org","@graph":[{"@type":"Article","@id":"https:\/\/kofe.hu\/parola\/parola-folyoirat\/hogy-volt-a-faluhazak-lorant-jozsef-koszontoje-a-zalaszentlaszloi-faluhaz-fennallasanak-30-evfordulojara-rendezett-unnepsegen\/#article","isPartOf":{"@id":"https:\/\/kofe.hu\/parola\/parola-folyoirat\/hogy-volt-a-faluhazak-lorant-jozsef-koszontoje-a-zalaszentlaszloi-faluhaz-fennallasanak-30-evfordulojara-rendezett-unnepsegen\/"},"author":{"name":"P\u00e9terfi Ferenc","@id":"https:\/\/kofe.hu\/parola\/#\/schema\/person\/46297a12b269c035523fdcd019f91711"},"headline":"Hogy volt&#8230; A faluh\u00e1zak. L\u00f3r\u00e1nt J\u00f3zsef k\u00f6sz\u00f6nt\u0151je a Zalaszentl\u00e1szl\u00f3i Faluh\u00e1z fenn\u00e1ll\u00e1s\u00e1nak 30. \u00e9vfordul\u00f3j\u00e1ra rendezett \u00fcnneps\u00e9gen","datePublished":"2020-06-11T19:54:12+00:00","dateModified":"2020-07-30T11:07:49+00:00","mainEntityOfPage":{"@id":"https:\/\/kofe.hu\/parola\/parola-folyoirat\/hogy-volt-a-faluhazak-lorant-jozsef-koszontoje-a-zalaszentlaszloi-faluhaz-fennallasanak-30-evfordulojara-rendezett-unnepsegen\/"},"wordCount":2944,"commentCount":0,"image":{"@id":"https:\/\/kofe.hu\/parola\/parola-folyoirat\/hogy-volt-a-faluhazak-lorant-jozsef-koszontoje-a-zalaszentlaszloi-faluhaz-fennallasanak-30-evfordulojara-rendezett-unnepsegen\/#primaryimage"},"thumbnailUrl":"https:\/\/kofe.hu\/parola\/wp-content\/uploads\/2020\/06\/2015-1-hogy-volt2.gif","articleSection":["Parola 2015\/1","Parola Foly\u00f3irat","Repert\u00f3rium"],"inLanguage":"hu","potentialAction":[{"@type":"CommentAction","name":"Comment","target":["https:\/\/kofe.hu\/parola\/parola-folyoirat\/hogy-volt-a-faluhazak-lorant-jozsef-koszontoje-a-zalaszentlaszloi-faluhaz-fennallasanak-30-evfordulojara-rendezett-unnepsegen\/#respond"]}]},{"@type":"WebPage","@id":"https:\/\/kofe.hu\/parola\/parola-folyoirat\/hogy-volt-a-faluhazak-lorant-jozsef-koszontoje-a-zalaszentlaszloi-faluhaz-fennallasanak-30-evfordulojara-rendezett-unnepsegen\/","url":"https:\/\/kofe.hu\/parola\/parola-folyoirat\/hogy-volt-a-faluhazak-lorant-jozsef-koszontoje-a-zalaszentlaszloi-faluhaz-fennallasanak-30-evfordulojara-rendezett-unnepsegen\/","name":"Hogy volt... A faluh\u00e1zak. L\u00f3r\u00e1nt J\u00f3zsef k\u00f6sz\u00f6nt\u0151je a Zalaszentl\u00e1szl\u00f3i Faluh\u00e1z fenn\u00e1ll\u00e1s\u00e1nak 30. \u00e9vfordul\u00f3j\u00e1ra rendezett \u00fcnneps\u00e9gen - Parola Foly\u00f3irat","isPartOf":{"@id":"https:\/\/kofe.hu\/parola\/#website"},"primaryImageOfPage":{"@id":"https:\/\/kofe.hu\/parola\/parola-folyoirat\/hogy-volt-a-faluhazak-lorant-jozsef-koszontoje-a-zalaszentlaszloi-faluhaz-fennallasanak-30-evfordulojara-rendezett-unnepsegen\/#primaryimage"},"image":{"@id":"https:\/\/kofe.hu\/parola\/parola-folyoirat\/hogy-volt-a-faluhazak-lorant-jozsef-koszontoje-a-zalaszentlaszloi-faluhaz-fennallasanak-30-evfordulojara-rendezett-unnepsegen\/#primaryimage"},"thumbnailUrl":"https:\/\/kofe.hu\/parola\/wp-content\/uploads\/2020\/06\/2015-1-hogy-volt2.gif","datePublished":"2020-06-11T19:54:12+00:00","dateModified":"2020-07-30T11:07:49+00:00","author":{"@id":"https:\/\/kofe.hu\/parola\/#\/schema\/person\/46297a12b269c035523fdcd019f91711"},"breadcrumb":{"@id":"https:\/\/kofe.hu\/parola\/parola-folyoirat\/hogy-volt-a-faluhazak-lorant-jozsef-koszontoje-a-zalaszentlaszloi-faluhaz-fennallasanak-30-evfordulojara-rendezett-unnepsegen\/#breadcrumb"},"inLanguage":"hu","potentialAction":[{"@type":"ReadAction","target":["https:\/\/kofe.hu\/parola\/parola-folyoirat\/hogy-volt-a-faluhazak-lorant-jozsef-koszontoje-a-zalaszentlaszloi-faluhaz-fennallasanak-30-evfordulojara-rendezett-unnepsegen\/"]}]},{"@type":"ImageObject","inLanguage":"hu","@id":"https:\/\/kofe.hu\/parola\/parola-folyoirat\/hogy-volt-a-faluhazak-lorant-jozsef-koszontoje-a-zalaszentlaszloi-faluhaz-fennallasanak-30-evfordulojara-rendezett-unnepsegen\/#primaryimage","url":"https:\/\/kofe.hu\/parola\/wp-content\/uploads\/2020\/06\/2015-1-hogy-volt2.gif","contentUrl":"https:\/\/kofe.hu\/parola\/wp-content\/uploads\/2020\/06\/2015-1-hogy-volt2.gif","width":480,"height":360},{"@type":"BreadcrumbList","@id":"https:\/\/kofe.hu\/parola\/parola-folyoirat\/hogy-volt-a-faluhazak-lorant-jozsef-koszontoje-a-zalaszentlaszloi-faluhaz-fennallasanak-30-evfordulojara-rendezett-unnepsegen\/#breadcrumb","itemListElement":[{"@type":"ListItem","position":1,"name":"Home","item":"https:\/\/kofe.hu\/parola\/"},{"@type":"ListItem","position":2,"name":"Hogy volt&#8230; A faluh\u00e1zak. L\u00f3r\u00e1nt J\u00f3zsef k\u00f6sz\u00f6nt\u0151je a Zalaszentl\u00e1szl\u00f3i Faluh\u00e1z fenn\u00e1ll\u00e1s\u00e1nak 30. \u00e9vfordul\u00f3j\u00e1ra rendezett \u00fcnneps\u00e9gen"}]},{"@type":"WebSite","@id":"https:\/\/kofe.hu\/parola\/#website","url":"https:\/\/kofe.hu\/parola\/","name":"Parola Foly\u00f3irat","description":"","potentialAction":[{"@type":"SearchAction","target":{"@type":"EntryPoint","urlTemplate":"https:\/\/kofe.hu\/parola\/?s={search_term_string}"},"query-input":{"@type":"PropertyValueSpecification","valueRequired":true,"valueName":"search_term_string"}}],"inLanguage":"hu"},{"@type":"Person","@id":"https:\/\/kofe.hu\/parola\/#\/schema\/person\/46297a12b269c035523fdcd019f91711","name":"P\u00e9terfi Ferenc","image":{"@type":"ImageObject","inLanguage":"hu","@id":"https:\/\/kofe.hu\/parola\/#\/schema\/person\/image\/d173d0cf20d3d8748a6819cd4d17d68c","url":"https:\/\/secure.gravatar.com\/avatar\/523e0b801b986785c16f8e37b642a318cb28abdc4915fa26e5b257b5a3902afc?s=96&d=mm&r=g","contentUrl":"https:\/\/secure.gravatar.com\/avatar\/523e0b801b986785c16f8e37b642a318cb28abdc4915fa26e5b257b5a3902afc?s=96&d=mm&r=g","caption":"P\u00e9terfi Ferenc"},"url":"https:\/\/kofe.hu\/parola\/szerzok\/peterfi-ferenc\/"}]}},"_links":{"self":[{"href":"https:\/\/kofe.hu\/parola\/wp-json\/wp\/v2\/posts\/1705","targetHints":{"allow":["GET"]}}],"collection":[{"href":"https:\/\/kofe.hu\/parola\/wp-json\/wp\/v2\/posts"}],"about":[{"href":"https:\/\/kofe.hu\/parola\/wp-json\/wp\/v2\/types\/post"}],"author":[{"embeddable":true,"href":"https:\/\/kofe.hu\/parola\/wp-json\/wp\/v2\/users\/15"}],"replies":[{"embeddable":true,"href":"https:\/\/kofe.hu\/parola\/wp-json\/wp\/v2\/comments?post=1705"}],"version-history":[{"count":2,"href":"https:\/\/kofe.hu\/parola\/wp-json\/wp\/v2\/posts\/1705\/revisions"}],"predecessor-version":[{"id":1708,"href":"https:\/\/kofe.hu\/parola\/wp-json\/wp\/v2\/posts\/1705\/revisions\/1708"}],"wp:featuredmedia":[{"embeddable":true,"href":"https:\/\/kofe.hu\/parola\/wp-json\/wp\/v2\/media\/1706"}],"wp:attachment":[{"href":"https:\/\/kofe.hu\/parola\/wp-json\/wp\/v2\/media?parent=1705"}],"wp:term":[{"taxonomy":"category","embeddable":true,"href":"https:\/\/kofe.hu\/parola\/wp-json\/wp\/v2\/categories?post=1705"},{"taxonomy":"post_tag","embeddable":true,"href":"https:\/\/kofe.hu\/parola\/wp-json\/wp\/v2\/tags?post=1705"},{"taxonomy":"author","embeddable":true,"href":"https:\/\/kofe.hu\/parola\/wp-json\/wp\/v2\/coauthors?post=1705"}],"curies":[{"name":"wp","href":"https:\/\/api.w.org\/{rel}","templated":true}]}}