{"id":1692,"date":"2020-06-11T19:22:16","date_gmt":"2020-06-11T19:22:16","guid":{"rendered":"https:\/\/kofe.hu\/parola\/?p=1692"},"modified":"2020-07-30T11:07:12","modified_gmt":"2020-07-30T11:07:12","slug":"kozbizalom-2014","status":"publish","type":"post","link":"https:\/\/kofe.hu\/parola\/parola-folyoirat\/kozbizalom-2014\/","title":{"rendered":"K\u00f6zbizalom 2014"},"content":{"rendered":"<p><b><i><span style=\"font-family: Arial; font-size: x-large;\">Nincs v\u00e1ltoz\u00e1s, de\u2026 tal\u00e1n a civilek<\/span><\/i><\/b><br \/>\n<span style=\"font-family: Arial;\">T\u00edz \u00e9ve kezdt\u00e9k el hazai k\u00f6z\u00f6ss\u00e9gfejleszt\u0151 szervezetek<\/span><span style=\"font-family: Arial; font-size: small;\">\u00a0(A K\u00f6z\u00f6ss\u00e9gfejleszt\u0151k Egyes\u00fclete, a Civil Koll\u00e9gium Alap\u00edtv\u00e1ny, a SZ\u00d6VETS\u00c9G a K\u00f6z\u00f6ss\u00e9gi R\u00e9szv\u00e9tel Fejleszt\u00e9s\u00e9\u00e9rt elnevez\u00e9s\u0171 civil szervezetek \u00e9s a hozz\u00e1juk kapcsol\u00f3d\u00f3 netPUBLICA Alap\u00edtv\u00e1ny \u00e1llnak els\u0151sorban a kutat\u00e1s m\u00f6g\u00f6tt.)<\/span><span style=\"font-family: Arial;\">\u00a0felm\u00e9rni, vizsg\u00e1lni a k\u00f6zbizalom magyarorsz\u00e1gi \u00e1llapot\u00e1t. Az \u00e9let\u00fcnket k\u00f6r\u00fclvev\u0151 legfontosabb t\u00e1rsadalmi int\u00e9zm\u00e9nyekhez f\u0171z\u0151d\u0151 viszonyokat vizsg\u00e1ljuk; k\u00e9rd\u00e9seink a vel\u00fck kapcsolatos bizalom, illetve bizalmatlans\u00e1g m\u00e9rt\u00e9k\u00e9re ir\u00e1nyultak. Az \u00f6sszes\u00edt\u00e9sb\u0151l kiolvashat\u00f3 k\u00f6zv\u00e9leked\u00e9st nevezz\u00fck elemz\u00e9s\u00fcnkben \u00f6sszefoglal\u00f3an k\u00f6zbizalomnak. 2014. szeptember-okt\u00f3ber h\u00f3napokban 1600 v\u00e1laszad\u00f3 v\u00e9lem\u00e9nye szolg\u00e1lt 2014-es elemz\u00e9s\u00fcnk alapj\u00e1ul. Nem reprezentat\u00edv mint\u00e1n t\u00f6rt\u00e9nt kutat\u00e1sr\u00f3l van sz\u00f3, vizsg\u00e1latunk sz\u00far\u00f3pr\u00f3ba szer\u0171 mintav\u00e9telre \u00e9p\u00fclt.<\/span><\/p>\n<p><!--more--><span style=\"font-family: Arial;\">A v\u00e1laszok \u00f6sszes\u00edt\u00e9se alapj\u00e1n \u00e9rv\u00e9nyes a kor\u00e1bbi \u00e9vek meg\u00e1llap\u00edt\u00e1sa: <\/span><i><span style=\"font-family: Arial;\">a bizalom \u00e1ltal\u00e1nos hi\u00e1nya, tart\u00f3s, m\u00e9lyponti stagn\u00e1l\u00e1s jellemezte a magyar t\u00e1rsadalmat 2014-ben is<\/span><\/i><span style=\"font-family: Arial;\">.<\/span><br \/>\n<span style=\"font-family: Arial;\">Tov\u00e1bbra is els\u0151 helyen \u00e9s fokozatosan er\u0151s\u00f6d\u0151ben van a civil-nonprofit szervezetek ir\u00e1nti bizalom Magyarorsz\u00e1gon. A legink\u00e1bb bizalommal jelzett int\u00e9zm\u00e9nyek k\u00f6z\u00f6tt volt a hazai rend\u0151rs\u00e9g, viszonylag elfogadhat\u00f3 bizalmi jelz\u00e9st kaptak a megk\u00e9rdezettek \u00e1ltal az \u00f6nkorm\u00e1nyzatok is.<\/span><br \/>\n<span style=\"font-family: Arial;\">A m\u00e1sik v\u00e9gletk\u00e9nt azt tapasztaljuk, hogy tov\u00e1bbra is m\u00e9lyen les\u00fajt\u00f3 a hazai politikusok \u00e9s a parlament bizalom indexe. Lassan k\u00f6zhelly\u00e9 v\u00e1lik ez a tapasztalat: a politikai elit bizalmi m\u00e9lyrep\u00fcl\u00e9se. Agg\u00e1lyosnak tartjuk, hogy ez a jelens\u00e9g a bizalmatlans\u00e1g \u00e9lm\u00e9ny\u00e9t a magyar polg\u00e1rok folyamatosan \u00e9r\u0151, er\u0151s inger\u00e9v\u00e9 tette.<\/span><br \/>\n<span style=\"font-family: Arial;\">Kutat\u00e1sunknak m\u00e1sik fontos ir\u00e1nya a helyi, kit\u00fcntetetten a lak\u00f3helyi \u00fcgyekben val\u00f3 r\u00e9szv\u00e9telhez val\u00f3 viszonyul\u00e1sunk. A \u201e<\/span><i><span style=\"font-family: Arial;\">Mit gondol, tud-e valamilyen befoly\u00e1ssal lenni a lak\u00f3hely\u00e9t \u00e9rint\u0151 d\u00f6nt\u00e9sekre?<\/span><\/i><span style=\"font-family: Arial;\">\u201d k\u00e9rd\u00e9s\u00fcnkre, az ink\u00e1bb pozit\u00edv \u2013 teh\u00e1t a befoly\u00e1s es\u00e9ly\u00e9t \u00e9rz\u00e9kel\u0151 \u2013 v\u00e1laszok ar\u00e1nya 2014-ben n\u00e9mileg emelkedett, \u00e9s valamelyest cs\u00f6kkent az ezekre adott v\u00e1laszok k\u00f6z\u00f6tt az ink\u00e1bb negat\u00edv meg\u00edt\u00e9l\u00e9s.<\/span><\/p>\n<p><u><span style=\"color: #0000ff; font-family: Times New Roman;\">2014-es K\u00f6zbizalom felm\u00e9r\u00e9s\u00fcnkben<\/span><\/u><span style=\"font-family: Arial;\">\u00a0nem tudunk megnyugtat\u00f3 k\u00e9pet v\u00e1zolni. Fontosnak tartjuk, hogy, b\u00e1r m\u00e9g messze nem besz\u00e9lhet\u00fcnk szervezett \u00e9s er\u0151s civil t\u00e1rsadalomr\u00f3l Magyarorsz\u00e1gon,\u00a0<\/span><i><span style=\"font-family: Arial;\">javul\u00f3ban van a civil nonprofit szervezetekkel kapcsolatos bizalmi index.<\/span><\/i><span style=\"font-family: Arial;\">\u00a0Tal\u00e1n \u2013 tudattalanul, vagy nagyon is tudatosan \u2013 ez\u00e9rt is v\u00e1ltak j\u00f3val gyakoribb\u00e1 2014 tavasza \u00f3ta a politikusok \u00e9s a hatalmi szerepl\u0151k t\u00e1mad\u00e1sai a magyar civilek ir\u00e1ny\u00e1ban. Ezekkel azoknak a szervezeteknek a legitimit\u00e1s\u00e1t, j\u00f3 h\u00edr\u00e9t, az ir\u00e1ntuk val\u00f3 bizalmat igyekeznek \u2013 sz\u00e9les m\u00e9diafel\u00fcleteken is \u2013 let\u00f6rni, akik a k\u00f6zbizalom tekintet\u00e9ben vel\u00fck ellent\u00e9tben \u00e9ppen felfel\u00e9 tartanak a t\u00e1rsadalom meg\u00edt\u00e9l\u00e9s\u00e9ben. \u00dagy l\u00e1tjuk azonban, hogy mindezzel\u00a0<\/span><i><span style=\"font-family: Arial;\">m\u00e9gsem siker\u00fclt a politikai-hatalmi elitet k\u00e9pvisel\u0151knek magukkal r\u00e1ntaniuk a bizalmatlans\u00e1g ir\u00e1ny\u00e1ba a civilekr\u0151l val\u00f3 k\u00f6zv\u00e9leked\u00e9st<\/span><\/i><span style=\"font-family: Arial;\">.<\/span><\/p>\n<p><span style=\"font-family: Arial;\">Budapest, 2015. febru\u00e1r<\/span><\/p>\n<div align=\"right\"><span style=\"font-family: Arial;\">\u00d6ssze\u00e1ll\u00edtotta:<\/span><br \/>\n<i><span style=\"font-family: Arial;\">P\u00e9terfi Ferenc\u00a0<\/span><\/i><span style=\"font-family: Arial;\">k\u00f6z\u00f6ss\u00e9gfejleszt\u0151<\/span><br \/>\n<span style=\"font-family: Arial;\">Tov\u00e1bbi inform\u00e1ci\u00f3k:\u00a0<\/span><u><span style=\"color: #0000ff; font-family: Times New Roman;\">peterfi@kkapcsolat.hu<\/span><\/u><\/div>\n<p><span style=\"font-family: Arial;\">\u00c1llampolg\u00e1ri R\u00e9sz\u00e9tel Hete:\u00a0<\/span><u><span style=\"color: #0000ff; font-family: Times New Roman;\"><a href=\"http:\/\/reszvetelhete.net\/\">http:\/\/reszvetelhete.net<\/a><\/span><\/u><br \/>\n<span style=\"font-family: Arial;\">Civil Koll\u00e9gium Alap\u00edtv\u00e1ny:\u00a0<\/span><u><span style=\"color: #0000ff; font-family: Times New Roman;\"><a href=\"http:\/\/civilkollegium.hu\/\">http:\/\/civilkollegium.hu<\/a><\/span><\/u><br \/>\n<span style=\"font-family: Arial;\">K\u00f6z\u00f6ss\u00e9gfejleszt\u0151k Egyes\u00fclete:\u00a0<\/span><u><span style=\"color: #0000ff; font-family: Times New Roman;\"><a href=\"http:\/\/kozossegfejlesztes.hu\/\">http:\/\/kozossegfejlesztes.hu<\/a><\/span><\/u><\/p>\n","protected":false},"excerpt":{"rendered":"<p>Nincs v\u00e1ltoz\u00e1s, de\u2026 tal\u00e1n a civilek T\u00edz \u00e9ve kezdt\u00e9k el hazai k\u00f6z\u00f6ss\u00e9gfejleszt\u0151 szervezetek\u00a0(A K\u00f6z\u00f6ss\u00e9gfejleszt\u0151k Egyes\u00fclete, a Civil Koll\u00e9gium Alap\u00edtv\u00e1ny, a SZ\u00d6VETS\u00c9G a K\u00f6z\u00f6ss\u00e9gi R\u00e9szv\u00e9tel Fejleszt\u00e9s\u00e9\u00e9rt elnevez\u00e9s\u0171 civil szervezetek \u00e9s a hozz\u00e1juk kapcsol\u00f3d\u00f3 netPUBLICA Alap\u00edtv\u00e1ny \u00e1llnak els\u0151sorban a kutat\u00e1s m\u00f6g\u00f6tt.)\u00a0felm\u00e9rni, vizsg\u00e1lni a k\u00f6zbizalom magyarorsz\u00e1gi \u00e1llapot\u00e1t. Az \u00e9let\u00fcnket k\u00f6r\u00fclvev\u0151 legfontosabb t\u00e1rsadalmi int\u00e9zm\u00e9nyekhez f\u0171z\u0151d\u0151 viszonyokat vizsg\u00e1ljuk; k\u00e9rd\u00e9seink a [&hellip;]<\/p>\n","protected":false},"author":15,"featured_media":1693,"comment_status":"open","ping_status":"open","sticky":false,"template":"","format":"standard","meta":{"_acf_changed":false,"footnotes":""},"categories":[154,8,7],"tags":[],"coauthors":[23],"class_list":["post-1692","post","type-post","status-publish","format-standard","has-post-thumbnail","hentry","category-parola-2015-1","category-parola-folyoirat","category-repertorium"],"acf":[],"yoast_head":"<!-- This site is optimized with the Yoast SEO plugin v26.7 - https:\/\/yoast.com\/wordpress\/plugins\/seo\/ -->\n<title>K\u00f6zbizalom 2014 - Parola Foly\u00f3irat<\/title>\n<meta name=\"robots\" content=\"index, follow, max-snippet:-1, max-image-preview:large, max-video-preview:-1\" \/>\n<link rel=\"canonical\" href=\"https:\/\/kofe.hu\/parola\/parola-folyoirat\/kozbizalom-2014\/\" \/>\n<meta property=\"og:locale\" content=\"hu_HU\" \/>\n<meta property=\"og:type\" content=\"article\" \/>\n<meta property=\"og:title\" content=\"K\u00f6zbizalom 2014 - Parola Foly\u00f3irat\" \/>\n<meta property=\"og:description\" content=\"Nincs v\u00e1ltoz\u00e1s, de\u2026 tal\u00e1n a civilek T\u00edz \u00e9ve kezdt\u00e9k el hazai k\u00f6z\u00f6ss\u00e9gfejleszt\u0151 szervezetek\u00a0(A K\u00f6z\u00f6ss\u00e9gfejleszt\u0151k Egyes\u00fclete, a Civil Koll\u00e9gium Alap\u00edtv\u00e1ny, a SZ\u00d6VETS\u00c9G a K\u00f6z\u00f6ss\u00e9gi R\u00e9szv\u00e9tel Fejleszt\u00e9s\u00e9\u00e9rt elnevez\u00e9s\u0171 civil szervezetek \u00e9s a hozz\u00e1juk kapcsol\u00f3d\u00f3 netPUBLICA Alap\u00edtv\u00e1ny \u00e1llnak els\u0151sorban a kutat\u00e1s m\u00f6g\u00f6tt.)\u00a0felm\u00e9rni, vizsg\u00e1lni a k\u00f6zbizalom magyarorsz\u00e1gi \u00e1llapot\u00e1t. Az \u00e9let\u00fcnket k\u00f6r\u00fclvev\u0151 legfontosabb t\u00e1rsadalmi int\u00e9zm\u00e9nyekhez f\u0171z\u0151d\u0151 viszonyokat vizsg\u00e1ljuk; k\u00e9rd\u00e9seink a [&hellip;]\" \/>\n<meta property=\"og:url\" content=\"https:\/\/kofe.hu\/parola\/parola-folyoirat\/kozbizalom-2014\/\" \/>\n<meta property=\"og:site_name\" content=\"Parola Foly\u00f3irat\" \/>\n<meta property=\"article:published_time\" content=\"2020-06-11T19:22:16+00:00\" \/>\n<meta property=\"article:modified_time\" content=\"2020-07-30T11:07:12+00:00\" \/>\n<meta property=\"og:image\" content=\"https:\/\/kofe.hu\/parola\/wp-content\/uploads\/2020\/06\/2015-1-k\u00f6zbizalom.gif\" \/>\n\t<meta property=\"og:image:width\" content=\"132\" \/>\n\t<meta property=\"og:image:height\" content=\"97\" \/>\n\t<meta property=\"og:image:type\" content=\"image\/gif\" \/>\n<meta name=\"author\" content=\"P\u00e9terfi Ferenc\" \/>\n<meta name=\"twitter:card\" content=\"summary_large_image\" \/>\n<meta name=\"twitter:label1\" content=\"Szerz\u0151:\" \/>\n\t<meta name=\"twitter:data1\" content=\"P\u00e9terfi Ferenc\" \/>\n\t<meta name=\"twitter:label2\" content=\"Becs\u00fclt olvas\u00e1si id\u0151\" \/>\n\t<meta name=\"twitter:data2\" content=\"3 perc\" \/>\n\t<meta name=\"twitter:label3\" content=\"Written by\" \/>\n\t<meta name=\"twitter:data3\" content=\"P\u00e9terfi Ferenc\" \/>\n<script type=\"application\/ld+json\" class=\"yoast-schema-graph\">{\"@context\":\"https:\/\/schema.org\",\"@graph\":[{\"@type\":\"Article\",\"@id\":\"https:\/\/kofe.hu\/parola\/parola-folyoirat\/kozbizalom-2014\/#article\",\"isPartOf\":{\"@id\":\"https:\/\/kofe.hu\/parola\/parola-folyoirat\/kozbizalom-2014\/\"},\"author\":{\"name\":\"P\u00e9terfi Ferenc\",\"@id\":\"https:\/\/kofe.hu\/parola\/#\/schema\/person\/46297a12b269c035523fdcd019f91711\"},\"headline\":\"K\u00f6zbizalom 2014\",\"datePublished\":\"2020-06-11T19:22:16+00:00\",\"dateModified\":\"2020-07-30T11:07:12+00:00\",\"mainEntityOfPage\":{\"@id\":\"https:\/\/kofe.hu\/parola\/parola-folyoirat\/kozbizalom-2014\/\"},\"wordCount\":630,\"commentCount\":0,\"image\":{\"@id\":\"https:\/\/kofe.hu\/parola\/parola-folyoirat\/kozbizalom-2014\/#primaryimage\"},\"thumbnailUrl\":\"https:\/\/kofe.hu\/parola\/wp-content\/uploads\/2020\/06\/2015-1-k\u00f6zbizalom.gif\",\"articleSection\":[\"Parola 2015\/1\",\"Parola Foly\u00f3irat\",\"Repert\u00f3rium\"],\"inLanguage\":\"hu\",\"potentialAction\":[{\"@type\":\"CommentAction\",\"name\":\"Comment\",\"target\":[\"https:\/\/kofe.hu\/parola\/parola-folyoirat\/kozbizalom-2014\/#respond\"]}]},{\"@type\":\"WebPage\",\"@id\":\"https:\/\/kofe.hu\/parola\/parola-folyoirat\/kozbizalom-2014\/\",\"url\":\"https:\/\/kofe.hu\/parola\/parola-folyoirat\/kozbizalom-2014\/\",\"name\":\"K\u00f6zbizalom 2014 - Parola Foly\u00f3irat\",\"isPartOf\":{\"@id\":\"https:\/\/kofe.hu\/parola\/#website\"},\"primaryImageOfPage\":{\"@id\":\"https:\/\/kofe.hu\/parola\/parola-folyoirat\/kozbizalom-2014\/#primaryimage\"},\"image\":{\"@id\":\"https:\/\/kofe.hu\/parola\/parola-folyoirat\/kozbizalom-2014\/#primaryimage\"},\"thumbnailUrl\":\"https:\/\/kofe.hu\/parola\/wp-content\/uploads\/2020\/06\/2015-1-k\u00f6zbizalom.gif\",\"datePublished\":\"2020-06-11T19:22:16+00:00\",\"dateModified\":\"2020-07-30T11:07:12+00:00\",\"author\":{\"@id\":\"https:\/\/kofe.hu\/parola\/#\/schema\/person\/46297a12b269c035523fdcd019f91711\"},\"breadcrumb\":{\"@id\":\"https:\/\/kofe.hu\/parola\/parola-folyoirat\/kozbizalom-2014\/#breadcrumb\"},\"inLanguage\":\"hu\",\"potentialAction\":[{\"@type\":\"ReadAction\",\"target\":[\"https:\/\/kofe.hu\/parola\/parola-folyoirat\/kozbizalom-2014\/\"]}]},{\"@type\":\"ImageObject\",\"inLanguage\":\"hu\",\"@id\":\"https:\/\/kofe.hu\/parola\/parola-folyoirat\/kozbizalom-2014\/#primaryimage\",\"url\":\"https:\/\/kofe.hu\/parola\/wp-content\/uploads\/2020\/06\/2015-1-k\u00f6zbizalom.gif\",\"contentUrl\":\"https:\/\/kofe.hu\/parola\/wp-content\/uploads\/2020\/06\/2015-1-k\u00f6zbizalom.gif\",\"width\":132,\"height\":97},{\"@type\":\"BreadcrumbList\",\"@id\":\"https:\/\/kofe.hu\/parola\/parola-folyoirat\/kozbizalom-2014\/#breadcrumb\",\"itemListElement\":[{\"@type\":\"ListItem\",\"position\":1,\"name\":\"Home\",\"item\":\"https:\/\/kofe.hu\/parola\/\"},{\"@type\":\"ListItem\",\"position\":2,\"name\":\"K\u00f6zbizalom 2014\"}]},{\"@type\":\"WebSite\",\"@id\":\"https:\/\/kofe.hu\/parola\/#website\",\"url\":\"https:\/\/kofe.hu\/parola\/\",\"name\":\"Parola Foly\u00f3irat\",\"description\":\"\",\"potentialAction\":[{\"@type\":\"SearchAction\",\"target\":{\"@type\":\"EntryPoint\",\"urlTemplate\":\"https:\/\/kofe.hu\/parola\/?s={search_term_string}\"},\"query-input\":{\"@type\":\"PropertyValueSpecification\",\"valueRequired\":true,\"valueName\":\"search_term_string\"}}],\"inLanguage\":\"hu\"},{\"@type\":\"Person\",\"@id\":\"https:\/\/kofe.hu\/parola\/#\/schema\/person\/46297a12b269c035523fdcd019f91711\",\"name\":\"P\u00e9terfi Ferenc\",\"image\":{\"@type\":\"ImageObject\",\"inLanguage\":\"hu\",\"@id\":\"https:\/\/kofe.hu\/parola\/#\/schema\/person\/image\/d173d0cf20d3d8748a6819cd4d17d68c\",\"url\":\"https:\/\/secure.gravatar.com\/avatar\/523e0b801b986785c16f8e37b642a318cb28abdc4915fa26e5b257b5a3902afc?s=96&d=mm&r=g\",\"contentUrl\":\"https:\/\/secure.gravatar.com\/avatar\/523e0b801b986785c16f8e37b642a318cb28abdc4915fa26e5b257b5a3902afc?s=96&d=mm&r=g\",\"caption\":\"P\u00e9terfi Ferenc\"},\"url\":\"https:\/\/kofe.hu\/parola\/szerzok\/peterfi-ferenc\/\"}]}<\/script>\n<!-- \/ Yoast SEO plugin. -->","yoast_head_json":{"title":"K\u00f6zbizalom 2014 - Parola Foly\u00f3irat","robots":{"index":"index","follow":"follow","max-snippet":"max-snippet:-1","max-image-preview":"max-image-preview:large","max-video-preview":"max-video-preview:-1"},"canonical":"https:\/\/kofe.hu\/parola\/parola-folyoirat\/kozbizalom-2014\/","og_locale":"hu_HU","og_type":"article","og_title":"K\u00f6zbizalom 2014 - Parola Foly\u00f3irat","og_description":"Nincs v\u00e1ltoz\u00e1s, de\u2026 tal\u00e1n a civilek T\u00edz \u00e9ve kezdt\u00e9k el hazai k\u00f6z\u00f6ss\u00e9gfejleszt\u0151 szervezetek\u00a0(A K\u00f6z\u00f6ss\u00e9gfejleszt\u0151k Egyes\u00fclete, a Civil Koll\u00e9gium Alap\u00edtv\u00e1ny, a SZ\u00d6VETS\u00c9G a K\u00f6z\u00f6ss\u00e9gi R\u00e9szv\u00e9tel Fejleszt\u00e9s\u00e9\u00e9rt elnevez\u00e9s\u0171 civil szervezetek \u00e9s a hozz\u00e1juk kapcsol\u00f3d\u00f3 netPUBLICA Alap\u00edtv\u00e1ny \u00e1llnak els\u0151sorban a kutat\u00e1s m\u00f6g\u00f6tt.)\u00a0felm\u00e9rni, vizsg\u00e1lni a k\u00f6zbizalom magyarorsz\u00e1gi \u00e1llapot\u00e1t. Az \u00e9let\u00fcnket k\u00f6r\u00fclvev\u0151 legfontosabb t\u00e1rsadalmi int\u00e9zm\u00e9nyekhez f\u0171z\u0151d\u0151 viszonyokat vizsg\u00e1ljuk; k\u00e9rd\u00e9seink a [&hellip;]","og_url":"https:\/\/kofe.hu\/parola\/parola-folyoirat\/kozbizalom-2014\/","og_site_name":"Parola Foly\u00f3irat","article_published_time":"2020-06-11T19:22:16+00:00","article_modified_time":"2020-07-30T11:07:12+00:00","og_image":[{"width":132,"height":97,"url":"https:\/\/kofe.hu\/parola\/wp-content\/uploads\/2020\/06\/2015-1-k\u00f6zbizalom.gif","type":"image\/gif"}],"author":"P\u00e9terfi Ferenc","twitter_card":"summary_large_image","twitter_misc":{"Szerz\u0151:":"P\u00e9terfi Ferenc","Becs\u00fclt olvas\u00e1si id\u0151":"3 perc","Written by":"P\u00e9terfi Ferenc"},"schema":{"@context":"https:\/\/schema.org","@graph":[{"@type":"Article","@id":"https:\/\/kofe.hu\/parola\/parola-folyoirat\/kozbizalom-2014\/#article","isPartOf":{"@id":"https:\/\/kofe.hu\/parola\/parola-folyoirat\/kozbizalom-2014\/"},"author":{"name":"P\u00e9terfi Ferenc","@id":"https:\/\/kofe.hu\/parola\/#\/schema\/person\/46297a12b269c035523fdcd019f91711"},"headline":"K\u00f6zbizalom 2014","datePublished":"2020-06-11T19:22:16+00:00","dateModified":"2020-07-30T11:07:12+00:00","mainEntityOfPage":{"@id":"https:\/\/kofe.hu\/parola\/parola-folyoirat\/kozbizalom-2014\/"},"wordCount":630,"commentCount":0,"image":{"@id":"https:\/\/kofe.hu\/parola\/parola-folyoirat\/kozbizalom-2014\/#primaryimage"},"thumbnailUrl":"https:\/\/kofe.hu\/parola\/wp-content\/uploads\/2020\/06\/2015-1-k\u00f6zbizalom.gif","articleSection":["Parola 2015\/1","Parola Foly\u00f3irat","Repert\u00f3rium"],"inLanguage":"hu","potentialAction":[{"@type":"CommentAction","name":"Comment","target":["https:\/\/kofe.hu\/parola\/parola-folyoirat\/kozbizalom-2014\/#respond"]}]},{"@type":"WebPage","@id":"https:\/\/kofe.hu\/parola\/parola-folyoirat\/kozbizalom-2014\/","url":"https:\/\/kofe.hu\/parola\/parola-folyoirat\/kozbizalom-2014\/","name":"K\u00f6zbizalom 2014 - Parola Foly\u00f3irat","isPartOf":{"@id":"https:\/\/kofe.hu\/parola\/#website"},"primaryImageOfPage":{"@id":"https:\/\/kofe.hu\/parola\/parola-folyoirat\/kozbizalom-2014\/#primaryimage"},"image":{"@id":"https:\/\/kofe.hu\/parola\/parola-folyoirat\/kozbizalom-2014\/#primaryimage"},"thumbnailUrl":"https:\/\/kofe.hu\/parola\/wp-content\/uploads\/2020\/06\/2015-1-k\u00f6zbizalom.gif","datePublished":"2020-06-11T19:22:16+00:00","dateModified":"2020-07-30T11:07:12+00:00","author":{"@id":"https:\/\/kofe.hu\/parola\/#\/schema\/person\/46297a12b269c035523fdcd019f91711"},"breadcrumb":{"@id":"https:\/\/kofe.hu\/parola\/parola-folyoirat\/kozbizalom-2014\/#breadcrumb"},"inLanguage":"hu","potentialAction":[{"@type":"ReadAction","target":["https:\/\/kofe.hu\/parola\/parola-folyoirat\/kozbizalom-2014\/"]}]},{"@type":"ImageObject","inLanguage":"hu","@id":"https:\/\/kofe.hu\/parola\/parola-folyoirat\/kozbizalom-2014\/#primaryimage","url":"https:\/\/kofe.hu\/parola\/wp-content\/uploads\/2020\/06\/2015-1-k\u00f6zbizalom.gif","contentUrl":"https:\/\/kofe.hu\/parola\/wp-content\/uploads\/2020\/06\/2015-1-k\u00f6zbizalom.gif","width":132,"height":97},{"@type":"BreadcrumbList","@id":"https:\/\/kofe.hu\/parola\/parola-folyoirat\/kozbizalom-2014\/#breadcrumb","itemListElement":[{"@type":"ListItem","position":1,"name":"Home","item":"https:\/\/kofe.hu\/parola\/"},{"@type":"ListItem","position":2,"name":"K\u00f6zbizalom 2014"}]},{"@type":"WebSite","@id":"https:\/\/kofe.hu\/parola\/#website","url":"https:\/\/kofe.hu\/parola\/","name":"Parola Foly\u00f3irat","description":"","potentialAction":[{"@type":"SearchAction","target":{"@type":"EntryPoint","urlTemplate":"https:\/\/kofe.hu\/parola\/?s={search_term_string}"},"query-input":{"@type":"PropertyValueSpecification","valueRequired":true,"valueName":"search_term_string"}}],"inLanguage":"hu"},{"@type":"Person","@id":"https:\/\/kofe.hu\/parola\/#\/schema\/person\/46297a12b269c035523fdcd019f91711","name":"P\u00e9terfi Ferenc","image":{"@type":"ImageObject","inLanguage":"hu","@id":"https:\/\/kofe.hu\/parola\/#\/schema\/person\/image\/d173d0cf20d3d8748a6819cd4d17d68c","url":"https:\/\/secure.gravatar.com\/avatar\/523e0b801b986785c16f8e37b642a318cb28abdc4915fa26e5b257b5a3902afc?s=96&d=mm&r=g","contentUrl":"https:\/\/secure.gravatar.com\/avatar\/523e0b801b986785c16f8e37b642a318cb28abdc4915fa26e5b257b5a3902afc?s=96&d=mm&r=g","caption":"P\u00e9terfi Ferenc"},"url":"https:\/\/kofe.hu\/parola\/szerzok\/peterfi-ferenc\/"}]}},"_links":{"self":[{"href":"https:\/\/kofe.hu\/parola\/wp-json\/wp\/v2\/posts\/1692","targetHints":{"allow":["GET"]}}],"collection":[{"href":"https:\/\/kofe.hu\/parola\/wp-json\/wp\/v2\/posts"}],"about":[{"href":"https:\/\/kofe.hu\/parola\/wp-json\/wp\/v2\/types\/post"}],"author":[{"embeddable":true,"href":"https:\/\/kofe.hu\/parola\/wp-json\/wp\/v2\/users\/15"}],"replies":[{"embeddable":true,"href":"https:\/\/kofe.hu\/parola\/wp-json\/wp\/v2\/comments?post=1692"}],"version-history":[{"count":1,"href":"https:\/\/kofe.hu\/parola\/wp-json\/wp\/v2\/posts\/1692\/revisions"}],"predecessor-version":[{"id":1694,"href":"https:\/\/kofe.hu\/parola\/wp-json\/wp\/v2\/posts\/1692\/revisions\/1694"}],"wp:featuredmedia":[{"embeddable":true,"href":"https:\/\/kofe.hu\/parola\/wp-json\/wp\/v2\/media\/1693"}],"wp:attachment":[{"href":"https:\/\/kofe.hu\/parola\/wp-json\/wp\/v2\/media?parent=1692"}],"wp:term":[{"taxonomy":"category","embeddable":true,"href":"https:\/\/kofe.hu\/parola\/wp-json\/wp\/v2\/categories?post=1692"},{"taxonomy":"post_tag","embeddable":true,"href":"https:\/\/kofe.hu\/parola\/wp-json\/wp\/v2\/tags?post=1692"},{"taxonomy":"author","embeddable":true,"href":"https:\/\/kofe.hu\/parola\/wp-json\/wp\/v2\/coauthors?post=1692"}],"curies":[{"name":"wp","href":"https:\/\/api.w.org\/{rel}","templated":true}]}}