{"id":1686,"date":"2020-06-11T18:55:05","date_gmt":"2020-06-11T18:55:05","guid":{"rendered":"https:\/\/kofe.hu\/parola\/?p=1686"},"modified":"2020-07-30T11:07:00","modified_gmt":"2020-07-30T11:07:00","slug":"kozossegi-tervezessel-budafokert","status":"publish","type":"post","link":"https:\/\/kofe.hu\/parola\/parola-folyoirat\/kozossegi-tervezessel-budafokert\/","title":{"rendered":"K\u00f6z\u00f6ss\u00e9gi tervez\u00e9ssel Budafok\u00e9rt"},"content":{"rendered":"<p><span style=\"font-family: Arial;\">A\u00a0<\/span><i><span style=\"font-family: Arial;\">k\u00f6z\u00f6ss\u00e9gi tervez\u00e9s<\/span><\/i><span style=\"font-family: Arial;\">, \u00e9rts\u00fcnk alatta b\u00e1rmit is (\u00e9s m\u00e1ris helyben vagyunk, mert e cikk egyik t\u00e9m\u00e1ja \u00e9ppen ez: mik\u00e9nt<br \/>\n\u00e9rtelmezz\u00fcnk egy k\u00f6z\u00f6ss\u00e9gi tervez\u00e9si folyamatot?), igen nehezen megfoghat\u00f3 valami. Egyr\u00e9szt gondolunk itt egy<br \/>\nar\u00e1nylag j\u00f3l behat\u00e1rolhat\u00f3 tervez\u00e9si, egy\u00fctt-gondolkod\u00e1si m\u00f3dszertanra \u00e9s eszk\u00f6zk\u00e9szletre, de egyben egy tervez\u00e9si<br \/>\nparadigm\u00e1ra, s\u0151t, ak\u00e1r egy korm\u00e1nyz\u00e1si modellre is.<\/span><span style=\"font-family: Arial; font-size: large;\">\u00a0<\/span><span style=\"font-family: Arial;\">Abban, hogy ezt a m\u00f3dszertant ki, milyen motiv\u00e1ci\u00f3val \u00e9s milyen<br \/>\nc\u00e9lra haszn\u00e1lja, nyilv\u00e1nval\u00f3an jelent\u0151s elt\u00e9r\u00e9seket fogunk l\u00e1tni, ha elkezd\u00fcnk k\u00f6z\u00f6ss\u00e9gi tervez\u00e9si akci\u00f3kat, projekteket<br \/>\nelemezni.<\/span><\/p>\n<p><!--more--><span style=\"font-family: Arial;\">Tal\u00e1n seg\u00edt eligazodni a fogalmi, a fogalmak m\u00f6g\u00f6tt \u00e1ll\u00f3 gondolati, \u00e9s a sz\u00f3haszn\u00e1lati z\u0171rzavarban, ha a k\u00f6telez\u0151en,<br \/>\nmenetrend szerint lefolytatand\u00f3\u00a0<\/span><i><span style=\"font-family: Arial;\">t\u00e1rsadalmas\u00edt\u00e1st<\/span><\/i><span style=\"font-family: Arial;\">\u00a0eleve k\u00fcl\u00f6n bugyorba tessz\u00fck. Persze a rokons\u00e1g elvitathatatlan, de<br \/>\nk\u00e9t olyan l\u00e9nyegi k\u00fcl\u00f6nbs\u00e9g is van, ami indokolhatja, hogy ne mossuk \u00f6ssze e k\u00e9t fogalmat. Az egyik a motiv\u00e1ci\u00f3s<br \/>\nh\u00e1tt\u00e9r: a t\u00e1rsadalmas\u00edt\u00e1st k\u00fcl\u00f6n\u00f6sk\u00e9ppen senki sem szeretn\u00e9, azt egyszer\u0171en kell. A m\u00e1sik a dolog merevs\u00e9g\u00e9b\u0151l, az<br \/>\nel\u0151\u00edrt hat\u00e1rid\u0151k k\u00f6telez\u0151 betart\u00e1s\u00e1b\u00f3l k\u00f6vetkezik. A k\u00f6z\u00f6ss\u00e9gi tervez\u00e9s egy k\u00f6z\u00f6s tanul\u00e1si folyamat, ami er\u0151sen s\u00e9r\u00fcl,<br \/>\nha korl\u00e1tok k\u00f6z\u00e9 k\u00e9nyszer\u00edtik, \u00e9s l\u00e9nyege a rugalmass\u00e1g, a folyamatos \u00fajratervez\u00e9s.<\/span><br \/>\n<span style=\"font-family: Arial;\">A k\u00f6z\u00f6ss\u00e9gi tervez\u00e9s egyik alapvet\u0151 krit\u00e9riuma \u00e9s felt\u00e9tele, hogy valaki, valakik azt nagyon akarj\u00e1k. Egyr\u00e9szt t\u00fal sok \u00e9s folyamatos finomhangol\u00e1st ig\u00e9nyel, m\u00e1sr\u00e9szt t\u00fal k\u00f6nny\u0171 elcsalni\/lepap\u00edrozni ahhoz, hogy igazi motiv\u00e1ci\u00f3 n\u00e9lk\u00fcl eredm\u00e9nyeket hozzon, vagy ak\u00e1rcsak a legalapvet\u0151bb elv\u00e1r\u00e1sokat teljes\u00edtse. A k\u00f6vetkez\u0151kben vizsg\u00e1ljunk meg a fenti gondolatok t\u00fckr\u00e9ben egy nemr\u00e9g lez\u00e1rult, egy\u00e9ves, Norv\u00e9g Civil Alapb\u00f3l t\u00e1mogatott tervez\u00e9si folyamatot, amelyet a Promontorium Polg\u00e1ri Casino nev\u0171 budafoki civil szervezet val\u00f3s\u00edtott meg.<\/span><br \/>\n<span style=\"font-family: Arial;\">Tov\u00e1bbra is az elm\u00e9let fel\u0151l k\u00f6zel\u00edtve a konkr\u00e9t p\u00e9ld\u00e1hoz, n\u00e9zz\u00fck meg, milyen motiv\u00e1ci\u00f3s h\u00e1tt\u00e9r lehet vagy szokott lenni a k\u00f6z\u00f6ss\u00e9gi tervez\u00e9s kezdem\u00e9nyez\u00e9se m\u00f6g\u00f6tt. \u00c1lljon itt h\u00e1rom verzi\u00f3:<\/span><br \/>\n<span style=\"font-family: Symbol;\">\u00b7\u00a0<\/span><span style=\"font-family: Arial;\">egy konkr\u00e9t \u00e9rdeks\u00e9relem miatt \u00e1llampolg\u00e1ri vagy civil aktivit\u00e1s kezd\u0151dik (ez persze t\u00f6rt\u00e9nhet k\u00f6z\u00f6ss\u00e9gfejleszt\u0151k, k\u00f6z\u00f6ss\u00e9gszervez\u0151k, vagyis k\u00fcls\u0151 \u201ebeavatkoz\u00f3k\u201d hat\u00e1s\u00e1ra), \u00e9s a k\u00f6z\u00f6ss\u00e9g szeretne egy olyan konszenzusos, a r\u00e9sztvev\u0151k nagy sz\u00e1ma \u00e1ltal legitim\u00e1lt alternat\u00edv\u00e1t letenni az asztalra, amivel kik\u00e9nyszer\u00edthet egy sz\u00e1m\u00e1ra kedvez\u0151bb d\u00f6nt\u00e9st egy adott \u00fcgyben;<\/span><br \/>\n<span style=\"font-family: Symbol;\">\u00b7\u00a0<\/span><span style=\"font-family: Arial;\">egy megl\u00e9v\u0151 helyi t\u00e1rsadalmi szervez\u0151d\u00e9s, civil szervezet az \u00e1ltala k\u00e9pviselt \u00fcgyekhez szeretne sz\u00e9lesebb t\u00e1rsadalmi b\u00e1zist teremteni, ezzel saj\u00e1t poz\u00edci\u00f3j\u00e1t, szervezet\u00e9t is meger\u0151s\u00edteni;<\/span><br \/>\n<span style=\"font-family: Symbol;\">\u00b7\u00a0<\/span><span style=\"font-family: Arial;\">egy konkr\u00e9t \u00fcgyben a d\u00f6nt\u00e9si poz\u00edci\u00f3ban l\u00e9v\u0151 csoport szeretn\u00e9 a d\u00f6nt\u00e9shozatali (vagyis tervez\u00e9si) folyamatba bevonni az \u00e9rintetteket, \u00e9s ennek seg\u00edts\u00e9g\u00e9vel jobb, mindenki sz\u00e1m\u00e1ra el\u0151ny\u00f6sebb d\u00f6nt\u00e9seket hozni.<\/span><\/p>\n<p><span style=\"font-family: Arial;\">A budafoki p\u00e9ld\u00e1ban az els\u0151 k\u00e9t t\u00e9nyez\u0151 bizonyosan tetten \u00e9rhet\u0151. Kezdve a m\u00e1sodikkal: a Promontorium Polg\u00e1ri Casino \u00e9vek \u00f3ta pr\u00f3b\u00e1l hat\u00e1st gyakorolni a mindenkori ker\u00fcleti vezet\u00e9sre annak \u00e9rdek\u00e9ben, hogy Budafok haszn\u00e1lja ki a m\u00faltj\u00e1ban \u00e9s els\u0151sorban is a belv\u00e1ros \u00e9p\u00edt\u00e9szeti \u00f6r\u00f6ks\u00e9g\u00e9ben rejl\u0151 potenci\u00e1lt, a zavar\u00f3 t\u00e9nyez\u0151kkel pedig foglalkozzon \u00e9rdemi m\u00f3don, \u00e1tgondoltan, integr\u00e1ltan. A Casino, b\u00e1r a saj\u00e1t er\u0151forr\u00e1sain fel\u00fcl t\u00f6bb neves szak\u00e9rt\u0151t is bevont a munk\u00e1ba, a kor\u00e1bbi \u00e9vekben nem tudott a d\u00f6nt\u00e9shoz\u00f3khoz \u00e9rdemben eljutni. A ker\u00fclet vezet\u00e9se, ha nem is szimpatikus, de valamennyire \u00e9rthet\u0151 m\u00f3don riv\u00e1list, k\u00e9retlen v\u00e9lem\u00e9nyez\u0151t l\u00e1tott az egyes\u00fcletben. \u00c9rett teh\u00e1t a helyzet ahhoz, hogy a Casino saj\u00e1t \u00e1ll\u00e1spontj\u00e1t a sz\u00e9lesebb nyilv\u00e1noss\u00e1g erej\u00e9vel t\u00e1mogassa meg, \u00e9s ezzel utat tal\u00e1ljon a d\u00f6nt\u00e9shoz\u00f3khoz.<\/span><br \/>\n<span style=\"font-family: Arial;\">A konkr\u00e9t l\u00f6k\u00e9st azonban m\u00e9giscsak az \u201eegyes t\u00edpus\u00fa\u201d motiv\u00e1ci\u00f3 adta: 2013-ban a piac fel\u00faj\u00edt\u00e1sa, illetve a kor\u00e1bbi mozi\u00e9p\u00fclet \u00fajrahasznos\u00edt\u00e1sa kapcs\u00e1n az \u00f6nkorm\u00e1nyzat olyan ir\u00e1nyba indult el, amely sz\u00e9lesebb k\u00f6rben is kiverte a biztos\u00edt\u00e9kot. A felh\u00e1borod\u00e1s \u00e9s a k\u00f6zv\u00e9lem\u00e9ny felbolydul\u00e1sa kell\u0151 motiv\u00e1ci\u00f3t jelentett a Casino n\u00e9mileg m\u00e1r megf\u00e1radt tagjai sz\u00e1m\u00e1ra ahhoz, hogy megfogalmazz\u00e1k \u00e9s t\u00e1mogat\u00e1sra beny\u00fajts\u00e1k azt a k\u00f6z\u00f6ss\u00e9gi tervez\u00e9si projektet, amely v\u00e9g\u00fcl 2014 sor\u00e1n megval\u00f3sult.<\/span><br \/>\n<span style=\"font-family: Arial;\">A tervez\u00e9s menet\u00e9t, eredm\u00e9nyeit azonban alapvet\u0151en m\u00e9giscsak meghat\u00e1rozta a m\u00e1sodik pontban jel\u00f6lt motiv\u00e1ci\u00f3s h\u00e1tt\u00e9r, vagyis az a t\u00e9ny, hogy az egyes\u00fclet \u00e9vek \u00f3ta k\u00e9pviselt egy v\u00e9lem\u00e9nyt, amelyre tanulm\u00e1nyokat is k\u00e9sz\u00edtett vagy k\u00e9sz\u00edttetett, \u00e9s amely a budafoki k\u00f6z\u00e9letben a Casino szimpatiz\u00e1nsai sz\u00e1m\u00e1ra m\u00e1r ismert volt. A k\u00f6z\u00f6ss\u00e9gi tervez\u00e9si folyamat teh\u00e1t ezt a v\u00e9lem\u00e9nyt \u00e9s \u00e1ll\u00e1spontot volt hivatott bemutatni a sz\u00e9lesebb k\u00f6z\u00f6ss\u00e9gnek, \u00e9s a m\u0171helymunk\u00e1k, besz\u00e9lget\u00e9sek sor\u00e1n ennek szerezni helyi t\u00e1mogatotts\u00e1got.<\/span><br \/>\n<span style=\"font-family: Arial;\">E sorok \u00edr\u00f3j\u00e1nak, aki a folyamatban k\u00fcls\u0151s, a helyzetr\u0151l nem sokat tud\u00f3 \u00e9s \u00e1ltala egy\u00e1ltal\u00e1n nem \u00e9rintett facilit\u00e1tork\u00e9nt vett r\u00e9szt, eleinte n\u00e9mi meghasonlotts\u00e1got jelentett, hogy az egyes\u00fclet \u2013 a folyamat gazd\u00e1jak\u00e9nt \u2013 a m\u00e1r elk\u00e9sz\u00fclt tervek \u00e9s \u00f6tletek ismertet\u00e9s\u00e9vel l\u00e9p a helyi t\u00e1rsadalom el\u00e9. Ez, ha k\u00f6z\u00f6ss\u00e9gi tervez\u00e9sr\u0151l besz\u00e9l\u00fcnk, elvileg nem t\u00fal szerencs\u00e9s, hiszen a null\u00e1r\u00f3l val\u00f3 k\u00f6z\u00f6s \u00e9p\u00edtkez\u00e9shez k\u00e9pest n\u00e9mileg a t\u00e1rsadalmas\u00edt\u00e1s m\u00f3dszereire hajaz. A megfelel\u0151 f\u00f3rumok \u00e9s eszk\u00f6z\u00f6k biztos\u00edt\u00e1s\u00e1val azonban m\u00e9gis \u00fagy alakult a tervez\u00e9si folyamat, hogy ar\u00e1nylag szabad teret kaptak a r\u00e9sztvev\u0151 \u00e9rintettek, partnerek, bele\u00e9rtve az iskol\u00e1s koroszt\u00e1lyt is, amely erre alkalmas eszk\u00f6z\u00f6kkel k\u00fcl\u00f6n is meg lett sz\u00f3l\u00edtva.<\/span><br \/>\n<span style=\"font-family: Arial;\">Az eg\u00e9sz egy\u00e9ves folyamatnak, kicsit tal\u00e1n egyszer\u0171s\u00edtve, az volt teh\u00e1t a c\u00e9lja, hogy a Casino \u00e9s a k\u00f6reibe vont szakemberek \u00e1ltal letett fejleszt\u00e9si koncepci\u00f3 valamik\u00e9ppen \u00e1tjusson azon a falon, amely a ker\u00fclet vezet\u00e9se \u00e9s a civil szf\u00e9ra k\u00f6z\u00f6tt h\u00faz\u00f3dott. Ehhez a legf\u0151bb eszk\u00f6znek a helyi t\u00e1rsadalom, a helyi szerepl\u0151k t\u00e1mogat\u00e1s\u00e1nak megnyer\u00e9se \u00edg\u00e9rkezett. A sikerhez azonban hozz\u00e1j\u00e1rul m\u00e9g egy t\u00e9nyez\u0151, amellyel tal\u00e1n a projekt tervez\u0151i sem sz\u00e1moltak. Ez a t\u00e9nyez\u0151 pedig a k\u00f6z\u00f6ss\u00e9gi tervez\u00e9s eszk\u00f6zt\u00e1r\u00e1ban volt k\u00f3dolva, \u00e9s az \u00e1ltala l\u00e9trej\u00f6v\u0151 siker egyben a k\u00f6z\u00f6ss\u00e9gi tervez\u00e9s m\u00f3dszertan\u00e1nak eredm\u00e9nyess\u00e9g\u00e9r\u0151l, siker\u00e9r\u0151l is sz\u00f3l.<\/span><\/p>\n<p><img loading=\"lazy\" decoding=\"async\" src=\"http:\/\/kka.hu\/_Kozossegi_Adattar\/PAROLAAR.NSF\/b84c8c861998671e8525670c00815721\/3525c69611f7282dc1257e1a002b428f\/file\/292.263C?OpenElement&amp;FieldElemFormat=gif\" width=\"543\" height=\"375\" align=\"top\" \/><span style=\"font-family: Arial; font-size: large;\">\u00a0<\/span><span style=\"font-family: Arial;\">A tervez\u00e9si folyamat legels\u0151 \u00e1llom\u00e1sa egy vezet\u0151i<br \/>\nkerekasztal volt, amelyen a ker\u00fclet k\u00fcl\u00f6nb\u00f6z\u0151<br \/>\ner\u0151vonalainak kulcsszerepl\u0151i vettek r\u00e9szt.<br \/>\nAz el\u0151zm\u00e9nyek ismeret\u00e9ben \u00e9rthet\u0151 m\u00f3don<br \/>\na rendezv\u00e9ny szervez\u00e9s\u00e9t sok stressz \u00e9s aggodalom<br \/>\nk\u00eds\u00e9rte. A gy\u00fclekez\u00e9s alatt a leveg\u0151ben is vibr\u00e1l\u00f3<br \/>\nfesz\u00fclts\u00e9g egy\u00e9rtelm\u0171en annak sz\u00f3lt, hogy vajon a<br \/>\nCasino \u00e9s szimpatiz\u00e1nsai, illetve a ker\u00fclet vezet\u00e9se<br \/>\nhogyan fognak kij\u00f6nni ebb\u0151l az els\u0151 \u00f6sszecsap\u00e1sb\u00f3l. A<br \/>\nf\u00f3rum levezet\u00e9s\u00e9t ugyanakkor egy olyan facilit\u00e1torra<br \/>\n\u2013 e cikk \u00edr\u00f3j\u00e1ra \u2013 b\u00edzt\u00e1k, akinek nem csak es\u00e9lye nem volt<br \/>\na helyi viszonyok \u00e1tl\u00e1t\u00e1s\u00e1ra, de nem is t\u00f6rekedett erre,<br \/>\nmind\u00f6ssze el\u0151h\u00fazta a nemzetk\u00f6zi szakirodalomban az<br \/>\nilyen t\u00edpus\u00fa \u00f6sszej\u00f6vetelekre \u201ehiteles\u00edtett\u201d eszk\u00f6zt \u2013 az<br \/>\n\u00f6tletb\u00f6rze k\u00e9t v\u00e1ltozat\u00e1t \u2013 \u00e9s minden el\u0151zetes intelem<br \/>\nellen\u00e9re, hiszen m\u00e1s nem is tudott volna tenni, belefogott<br \/>\na k\u00f6z\u00f6s \u00f6tletel\u00e9sbe.<br \/>\nAz els\u0151 k\u00e9rd\u00e9s a v\u00e1rosr\u00e9sz \u00e9rt\u00e9keir\u0151l, a m\u00e1sodik<br \/>\na fejlesztend\u0151 ter\u00fcletekr\u0151l sz\u00f3lt. A m\u00f3dszertan pedig<br \/>\nk\u00f6vette a szok\u00e1sos el\u0151\u00edr\u00e1st, azaz mindenki egyforma<br \/>\nm\u00f3don \u00e9s m\u00e9rt\u00e9kben kapott lehet\u0151s\u00e9get az \u00f6tleteinek<br \/>\nfelsorol\u00e1s\u00e1ra, az elhangzottakat pedig a facilit\u00e1tor nagy<\/span><\/p>\n<p>csomagol\u00f3-pap\u00edrokon r\u00f6gz\u00edtette. A helyzet pozit\u00edvumainak, er\u0151forr\u00e1sainak \u00f6ssze\u00edr\u00e1sa \u00e1ltal\u00e1ban kellemes konszenzust teremt. Itt sem volt m\u00e1sk\u00e9pp, hiszen a politikai er\u0151vonalakt\u00f3l f\u00fcggetlen\u00fcl a v\u00e1rosr\u00e9sz meg\u00edt\u00e9l\u00e9s\u00e9ben nem voltak l\u00e9nyeges elt\u00e9r\u00e9sek; vil\u00e1goss\u00e1 v\u00e1lt teh\u00e1t, hogy az \u00e9rdekek gyakorlatilag egyeznek. A k\u00f6z\u00f6s gondolkod\u00e1s sor\u00e1n a mintegy 50 f\u0151s l\u00e9tsz\u00e1m sem volt akad\u00e1ly.<\/p>\n<p><img loading=\"lazy\" decoding=\"async\" src=\"http:\/\/kka.hu\/_Kozossegi_Adattar\/PAROLAAR.NSF\/b84c8c861998671e8525670c00815721\/3525c69611f7282dc1257e1a002b428f\/file\/613.30C2?OpenElement&amp;FieldElemFormat=gif\" width=\"536\" height=\"364\" align=\"top\" \/><span style=\"font-family: Arial; font-size: large;\">\u00a0<\/span><span style=\"font-family: Arial;\">A l\u00e9gk\u00f6r hamar oldott\u00e1 v\u00e1lt, a r\u00e9sztvev\u0151k tal\u00e1n meg is<br \/>\nfeledkeztek kezdeti f\u00e9lelmeikr\u0151l, a t\u00e1bl\u00e1n gyarapod\u00f3<br \/>\ner\u0151forr\u00e1sok \u00e9s beavatkoz\u00e1si ter\u00fcletek l\u00e1tv\u00e1nya pedig<br \/>\n\u00e9rezhet\u0151 motiv\u00e1ci\u00f3t teremtett a konstrukt\u00edv<br \/>\negy\u00fcttm\u0171k\u00f6d\u00e9shez. A f\u00f3rum v\u00e9g\u00e9n mind a szervez\u0151k,<br \/>\nmind a v\u00e1rosvezet\u00e9s k\u00e9pvisel\u0151je kifejezte szimp\u00e1ti\u00e1j\u00e1t<br \/>\naz ilyen jelleg\u0171 egy\u00fcttm\u0171k\u00f6d\u00e9ssel kapcsolatban, \u00e9s ez a<br \/>\npozit\u00edv felhang tal\u00e1n \u2013 legal\u00e1bbis a kor\u00e1bbi \u00e9vek<br \/>\ncsat\u00e1roz\u00e1saihoz k\u00e9pest \u2013 fennmaradt a tervez\u00e9si<br \/>\nfolyamat v\u00e9g\u00e9ig.<br \/>\nA projekt sikeress\u00e9g\u00e9t pedig j\u00f3l mutatja, hogy<br \/>\na helyhat\u00f3s\u00e1gi v\u00e1laszt\u00e1sok ut\u00e1ni programalkot\u00f3 l\u00e9gk\u00f6rben<br \/>\na Casino \u00e1ltal tett javaslatok szinte \u00e9szrev\u00e9tlen\u00fcl<br \/>\nbe\u00e9p\u00fcltek a ker\u00fclet hivatalos programj\u00e1ba.<br \/>\nZ\u00e1r\u00e1sk\u00e9nt el kell mondani, hogy ez a r\u00f6vid \u00f6sszefoglal\u00f3<br \/>\negy szubjekt\u00edv, n\u00e9h\u00e1ny benyom\u00e1son alapul\u00f3 leirata az<br \/>\negy\u00e9ves munk\u00e1nak, amely kor\u00e1ntsem t\u00fckr\u00f6zi annak<br \/>\nvalamennyi aspektus\u00e1t \u00e9s \u00e1rnyalat\u00e1t. Az \u00edr\u00e1s c\u00e9lja nem is<br \/>\nels\u0151sorban a budafoki munka akkur\u00e1tus bemutat\u00e1sa,<br \/>\nhanem csak egy r\u00f6pke pillant\u00e1s a k\u00f6z\u00f6ss\u00e9gi tervez\u00e9s<br \/>\nperspekt\u00edv\u00e1ira, bukkan\u00f3ira egy friss, t\u00f6bb\u00e9-kev\u00e9sb\u00e9<br \/>\nsikeres projekt kapcs\u00e1n.<\/span><br \/>\n<b><i><span style=\"font-family: Arial;\">Tov\u00e1bbi r\u00e9szletek:<\/span><\/i><\/b><\/p>\n<p><span style=\"font-family: Arial;\">A projekt r\u00e9szletes bemutat\u00e1sa a Promontorium Polg\u00e1ri Casino honlapj\u00e1n:\u00a0<\/span><u><span style=\"color: #0000ff; font-family: Arial;\"><a href=\"http:\/\/www.promontoriumcasino.hu\/kozossegi-tervezes-belvarosi-ter\/\">http:\/\/www.promontoriumcasino.hu\/kozossegi-tervezes-belvarosi-ter\/<\/a><\/span><\/u><\/p>\n<p><span style=\"font-family: Arial;\">A munka z\u00e1r\u00f3tanulm\u00e1nya:\u00a0<\/span><u><span style=\"color: #0000ff; font-family: Arial;\"><a href=\"http:\/\/www.promontoriumcasino.hu\/wp-content\/uploads\/Budafok-jovoje_final_honlap.pdf\">http:\/\/www.promontoriumcasino.hu\/wp-content\/uploads\/Budafok-jovoje_final_honlap.pdf<\/a><\/span><\/u><\/p>\n<p><span style=\"font-family: Arial;\">\u00d6sszefoglal\u00f3 cikk az \u00c9p\u00edt\u00e9szf\u00f3rumon:\u00a0<\/span><u><span style=\"color: #0000ff; font-family: Arial;\"><a href=\"http:\/\/epiteszforum.hu\/megjelent-a-promontorium-polgari-casino-budafok-belvarosara-megfogalmazott-civil-szakertoi-kiadvanya\">http:\/\/epiteszforum.hu\/megjelent-a-promontorium-polgari-casino-budafok-belvarosara-megfogalmazott-civil-szakertoi-kiadvanya<\/a><\/span><\/u><\/p>\n<p><span style=\"font-family: Arial;\">2015. janu\u00e1r 26.<\/span><br \/>\n<u><span style=\"color: #0000ff; font-family: Arial;\">sainmatyas@lltk.hu<\/span><\/u><\/p>\n","protected":false},"excerpt":{"rendered":"<p>A\u00a0k\u00f6z\u00f6ss\u00e9gi tervez\u00e9s, \u00e9rts\u00fcnk alatta b\u00e1rmit is (\u00e9s m\u00e1ris helyben vagyunk, mert e cikk egyik t\u00e9m\u00e1ja \u00e9ppen ez: mik\u00e9nt \u00e9rtelmezz\u00fcnk egy k\u00f6z\u00f6ss\u00e9gi tervez\u00e9si folyamatot?), igen nehezen megfoghat\u00f3 valami. Egyr\u00e9szt gondolunk itt egy ar\u00e1nylag j\u00f3l behat\u00e1rolhat\u00f3 tervez\u00e9si, egy\u00fctt-gondolkod\u00e1si m\u00f3dszertanra \u00e9s eszk\u00f6zk\u00e9szletre, de egyben egy tervez\u00e9si paradigm\u00e1ra, s\u0151t, ak\u00e1r egy korm\u00e1nyz\u00e1si modellre is.\u00a0Abban, hogy ezt a m\u00f3dszertant ki, [&hellip;]<\/p>\n","protected":false},"author":12,"featured_media":787,"comment_status":"open","ping_status":"open","sticky":false,"template":"","format":"standard","meta":{"_acf_changed":false,"footnotes":""},"categories":[154,8,7],"tags":[],"coauthors":[15],"class_list":["post-1686","post","type-post","status-publish","format-standard","has-post-thumbnail","hentry","category-parola-2015-1","category-parola-folyoirat","category-repertorium"],"acf":[],"yoast_head":"<!-- This site is optimized with the Yoast SEO plugin v26.7 - https:\/\/yoast.com\/wordpress\/plugins\/seo\/ -->\n<title>K\u00f6z\u00f6ss\u00e9gi tervez\u00e9ssel Budafok\u00e9rt - Parola Foly\u00f3irat<\/title>\n<meta name=\"robots\" content=\"index, follow, max-snippet:-1, max-image-preview:large, max-video-preview:-1\" \/>\n<link rel=\"canonical\" href=\"https:\/\/kofe.hu\/parola\/parola-folyoirat\/kozossegi-tervezessel-budafokert\/\" \/>\n<meta property=\"og:locale\" content=\"hu_HU\" \/>\n<meta property=\"og:type\" content=\"article\" \/>\n<meta property=\"og:title\" content=\"K\u00f6z\u00f6ss\u00e9gi tervez\u00e9ssel Budafok\u00e9rt - Parola Foly\u00f3irat\" \/>\n<meta property=\"og:description\" content=\"A\u00a0k\u00f6z\u00f6ss\u00e9gi tervez\u00e9s, \u00e9rts\u00fcnk alatta b\u00e1rmit is (\u00e9s m\u00e1ris helyben vagyunk, mert e cikk egyik t\u00e9m\u00e1ja \u00e9ppen ez: mik\u00e9nt \u00e9rtelmezz\u00fcnk egy k\u00f6z\u00f6ss\u00e9gi tervez\u00e9si folyamatot?), igen nehezen megfoghat\u00f3 valami. Egyr\u00e9szt gondolunk itt egy ar\u00e1nylag j\u00f3l behat\u00e1rolhat\u00f3 tervez\u00e9si, egy\u00fctt-gondolkod\u00e1si m\u00f3dszertanra \u00e9s eszk\u00f6zk\u00e9szletre, de egyben egy tervez\u00e9si paradigm\u00e1ra, s\u0151t, ak\u00e1r egy korm\u00e1nyz\u00e1si modellre is.\u00a0Abban, hogy ezt a m\u00f3dszertant ki, [&hellip;]\" \/>\n<meta property=\"og:url\" content=\"https:\/\/kofe.hu\/parola\/parola-folyoirat\/kozossegi-tervezessel-budafokert\/\" \/>\n<meta property=\"og:site_name\" content=\"Parola Foly\u00f3irat\" \/>\n<meta property=\"article:published_time\" content=\"2020-06-11T18:55:05+00:00\" \/>\n<meta property=\"article:modified_time\" content=\"2020-07-30T11:07:00+00:00\" \/>\n<meta property=\"og:image\" content=\"https:\/\/kofe.hu\/parola\/wp-content\/uploads\/2019\/07\/user_Sain-Matyi.jpg\" \/>\n\t<meta property=\"og:image:width\" content=\"150\" \/>\n\t<meta property=\"og:image:height\" content=\"150\" \/>\n\t<meta property=\"og:image:type\" content=\"image\/jpeg\" \/>\n<meta name=\"author\" content=\"Sain M\u00e1ty\u00e1s\" \/>\n<meta name=\"twitter:card\" content=\"summary_large_image\" \/>\n<meta name=\"twitter:label1\" content=\"Szerz\u0151:\" \/>\n\t<meta name=\"twitter:data1\" content=\"Sain M\u00e1ty\u00e1s\" \/>\n\t<meta name=\"twitter:label2\" content=\"Becs\u00fclt olvas\u00e1si id\u0151\" \/>\n\t<meta name=\"twitter:data2\" content=\"10 perc\" \/>\n\t<meta name=\"twitter:label3\" content=\"Written by\" \/>\n\t<meta name=\"twitter:data3\" content=\"Sain M\u00e1ty\u00e1s\" \/>\n<script type=\"application\/ld+json\" class=\"yoast-schema-graph\">{\"@context\":\"https:\/\/schema.org\",\"@graph\":[{\"@type\":\"Article\",\"@id\":\"https:\/\/kofe.hu\/parola\/parola-folyoirat\/kozossegi-tervezessel-budafokert\/#article\",\"isPartOf\":{\"@id\":\"https:\/\/kofe.hu\/parola\/parola-folyoirat\/kozossegi-tervezessel-budafokert\/\"},\"author\":{\"name\":\"Sain M\u00e1ty\u00e1s\",\"@id\":\"https:\/\/kofe.hu\/parola\/#\/schema\/person\/9ef93425583aa45ba78544c06def2087\"},\"headline\":\"K\u00f6z\u00f6ss\u00e9gi tervez\u00e9ssel Budafok\u00e9rt\",\"datePublished\":\"2020-06-11T18:55:05+00:00\",\"dateModified\":\"2020-07-30T11:07:00+00:00\",\"mainEntityOfPage\":{\"@id\":\"https:\/\/kofe.hu\/parola\/parola-folyoirat\/kozossegi-tervezessel-budafokert\/\"},\"wordCount\":1928,\"commentCount\":0,\"image\":{\"@id\":\"https:\/\/kofe.hu\/parola\/parola-folyoirat\/kozossegi-tervezessel-budafokert\/#primaryimage\"},\"thumbnailUrl\":\"https:\/\/kofe.hu\/parola\/wp-content\/uploads\/2019\/07\/user_Sain-Matyi.jpg\",\"articleSection\":[\"Parola 2015\/1\",\"Parola Foly\u00f3irat\",\"Repert\u00f3rium\"],\"inLanguage\":\"hu\",\"potentialAction\":[{\"@type\":\"CommentAction\",\"name\":\"Comment\",\"target\":[\"https:\/\/kofe.hu\/parola\/parola-folyoirat\/kozossegi-tervezessel-budafokert\/#respond\"]}]},{\"@type\":\"WebPage\",\"@id\":\"https:\/\/kofe.hu\/parola\/parola-folyoirat\/kozossegi-tervezessel-budafokert\/\",\"url\":\"https:\/\/kofe.hu\/parola\/parola-folyoirat\/kozossegi-tervezessel-budafokert\/\",\"name\":\"K\u00f6z\u00f6ss\u00e9gi tervez\u00e9ssel Budafok\u00e9rt - Parola Foly\u00f3irat\",\"isPartOf\":{\"@id\":\"https:\/\/kofe.hu\/parola\/#website\"},\"primaryImageOfPage\":{\"@id\":\"https:\/\/kofe.hu\/parola\/parola-folyoirat\/kozossegi-tervezessel-budafokert\/#primaryimage\"},\"image\":{\"@id\":\"https:\/\/kofe.hu\/parola\/parola-folyoirat\/kozossegi-tervezessel-budafokert\/#primaryimage\"},\"thumbnailUrl\":\"https:\/\/kofe.hu\/parola\/wp-content\/uploads\/2019\/07\/user_Sain-Matyi.jpg\",\"datePublished\":\"2020-06-11T18:55:05+00:00\",\"dateModified\":\"2020-07-30T11:07:00+00:00\",\"author\":{\"@id\":\"https:\/\/kofe.hu\/parola\/#\/schema\/person\/9ef93425583aa45ba78544c06def2087\"},\"breadcrumb\":{\"@id\":\"https:\/\/kofe.hu\/parola\/parola-folyoirat\/kozossegi-tervezessel-budafokert\/#breadcrumb\"},\"inLanguage\":\"hu\",\"potentialAction\":[{\"@type\":\"ReadAction\",\"target\":[\"https:\/\/kofe.hu\/parola\/parola-folyoirat\/kozossegi-tervezessel-budafokert\/\"]}]},{\"@type\":\"ImageObject\",\"inLanguage\":\"hu\",\"@id\":\"https:\/\/kofe.hu\/parola\/parola-folyoirat\/kozossegi-tervezessel-budafokert\/#primaryimage\",\"url\":\"https:\/\/kofe.hu\/parola\/wp-content\/uploads\/2019\/07\/user_Sain-Matyi.jpg\",\"contentUrl\":\"https:\/\/kofe.hu\/parola\/wp-content\/uploads\/2019\/07\/user_Sain-Matyi.jpg\",\"width\":150,\"height\":150},{\"@type\":\"BreadcrumbList\",\"@id\":\"https:\/\/kofe.hu\/parola\/parola-folyoirat\/kozossegi-tervezessel-budafokert\/#breadcrumb\",\"itemListElement\":[{\"@type\":\"ListItem\",\"position\":1,\"name\":\"Home\",\"item\":\"https:\/\/kofe.hu\/parola\/\"},{\"@type\":\"ListItem\",\"position\":2,\"name\":\"K\u00f6z\u00f6ss\u00e9gi tervez\u00e9ssel Budafok\u00e9rt\"}]},{\"@type\":\"WebSite\",\"@id\":\"https:\/\/kofe.hu\/parola\/#website\",\"url\":\"https:\/\/kofe.hu\/parola\/\",\"name\":\"Parola Foly\u00f3irat\",\"description\":\"\",\"potentialAction\":[{\"@type\":\"SearchAction\",\"target\":{\"@type\":\"EntryPoint\",\"urlTemplate\":\"https:\/\/kofe.hu\/parola\/?s={search_term_string}\"},\"query-input\":{\"@type\":\"PropertyValueSpecification\",\"valueRequired\":true,\"valueName\":\"search_term_string\"}}],\"inLanguage\":\"hu\"},{\"@type\":\"Person\",\"@id\":\"https:\/\/kofe.hu\/parola\/#\/schema\/person\/9ef93425583aa45ba78544c06def2087\",\"name\":\"Sain M\u00e1ty\u00e1s\",\"image\":{\"@type\":\"ImageObject\",\"inLanguage\":\"hu\",\"@id\":\"https:\/\/kofe.hu\/parola\/#\/schema\/person\/image\/7c10f087e80253b980142820f637d7ef\",\"url\":\"https:\/\/secure.gravatar.com\/avatar\/08180844b1adfbf37b4894d8f936a44b3cb642ed46255e81ec820dd98d384032?s=96&d=mm&r=g\",\"contentUrl\":\"https:\/\/secure.gravatar.com\/avatar\/08180844b1adfbf37b4894d8f936a44b3cb642ed46255e81ec820dd98d384032?s=96&d=mm&r=g\",\"caption\":\"Sain M\u00e1ty\u00e1s\"},\"url\":\"https:\/\/kofe.hu\/parola\/szerzok\/sain-matyas\/\"}]}<\/script>\n<!-- \/ Yoast SEO plugin. -->","yoast_head_json":{"title":"K\u00f6z\u00f6ss\u00e9gi tervez\u00e9ssel Budafok\u00e9rt - Parola Foly\u00f3irat","robots":{"index":"index","follow":"follow","max-snippet":"max-snippet:-1","max-image-preview":"max-image-preview:large","max-video-preview":"max-video-preview:-1"},"canonical":"https:\/\/kofe.hu\/parola\/parola-folyoirat\/kozossegi-tervezessel-budafokert\/","og_locale":"hu_HU","og_type":"article","og_title":"K\u00f6z\u00f6ss\u00e9gi tervez\u00e9ssel Budafok\u00e9rt - Parola Foly\u00f3irat","og_description":"A\u00a0k\u00f6z\u00f6ss\u00e9gi tervez\u00e9s, \u00e9rts\u00fcnk alatta b\u00e1rmit is (\u00e9s m\u00e1ris helyben vagyunk, mert e cikk egyik t\u00e9m\u00e1ja \u00e9ppen ez: mik\u00e9nt \u00e9rtelmezz\u00fcnk egy k\u00f6z\u00f6ss\u00e9gi tervez\u00e9si folyamatot?), igen nehezen megfoghat\u00f3 valami. Egyr\u00e9szt gondolunk itt egy ar\u00e1nylag j\u00f3l behat\u00e1rolhat\u00f3 tervez\u00e9si, egy\u00fctt-gondolkod\u00e1si m\u00f3dszertanra \u00e9s eszk\u00f6zk\u00e9szletre, de egyben egy tervez\u00e9si paradigm\u00e1ra, s\u0151t, ak\u00e1r egy korm\u00e1nyz\u00e1si modellre is.\u00a0Abban, hogy ezt a m\u00f3dszertant ki, [&hellip;]","og_url":"https:\/\/kofe.hu\/parola\/parola-folyoirat\/kozossegi-tervezessel-budafokert\/","og_site_name":"Parola Foly\u00f3irat","article_published_time":"2020-06-11T18:55:05+00:00","article_modified_time":"2020-07-30T11:07:00+00:00","og_image":[{"width":150,"height":150,"url":"https:\/\/kofe.hu\/parola\/wp-content\/uploads\/2019\/07\/user_Sain-Matyi.jpg","type":"image\/jpeg"}],"author":"Sain M\u00e1ty\u00e1s","twitter_card":"summary_large_image","twitter_misc":{"Szerz\u0151:":"Sain M\u00e1ty\u00e1s","Becs\u00fclt olvas\u00e1si id\u0151":"10 perc","Written by":"Sain M\u00e1ty\u00e1s"},"schema":{"@context":"https:\/\/schema.org","@graph":[{"@type":"Article","@id":"https:\/\/kofe.hu\/parola\/parola-folyoirat\/kozossegi-tervezessel-budafokert\/#article","isPartOf":{"@id":"https:\/\/kofe.hu\/parola\/parola-folyoirat\/kozossegi-tervezessel-budafokert\/"},"author":{"name":"Sain M\u00e1ty\u00e1s","@id":"https:\/\/kofe.hu\/parola\/#\/schema\/person\/9ef93425583aa45ba78544c06def2087"},"headline":"K\u00f6z\u00f6ss\u00e9gi tervez\u00e9ssel Budafok\u00e9rt","datePublished":"2020-06-11T18:55:05+00:00","dateModified":"2020-07-30T11:07:00+00:00","mainEntityOfPage":{"@id":"https:\/\/kofe.hu\/parola\/parola-folyoirat\/kozossegi-tervezessel-budafokert\/"},"wordCount":1928,"commentCount":0,"image":{"@id":"https:\/\/kofe.hu\/parola\/parola-folyoirat\/kozossegi-tervezessel-budafokert\/#primaryimage"},"thumbnailUrl":"https:\/\/kofe.hu\/parola\/wp-content\/uploads\/2019\/07\/user_Sain-Matyi.jpg","articleSection":["Parola 2015\/1","Parola Foly\u00f3irat","Repert\u00f3rium"],"inLanguage":"hu","potentialAction":[{"@type":"CommentAction","name":"Comment","target":["https:\/\/kofe.hu\/parola\/parola-folyoirat\/kozossegi-tervezessel-budafokert\/#respond"]}]},{"@type":"WebPage","@id":"https:\/\/kofe.hu\/parola\/parola-folyoirat\/kozossegi-tervezessel-budafokert\/","url":"https:\/\/kofe.hu\/parola\/parola-folyoirat\/kozossegi-tervezessel-budafokert\/","name":"K\u00f6z\u00f6ss\u00e9gi tervez\u00e9ssel Budafok\u00e9rt - Parola Foly\u00f3irat","isPartOf":{"@id":"https:\/\/kofe.hu\/parola\/#website"},"primaryImageOfPage":{"@id":"https:\/\/kofe.hu\/parola\/parola-folyoirat\/kozossegi-tervezessel-budafokert\/#primaryimage"},"image":{"@id":"https:\/\/kofe.hu\/parola\/parola-folyoirat\/kozossegi-tervezessel-budafokert\/#primaryimage"},"thumbnailUrl":"https:\/\/kofe.hu\/parola\/wp-content\/uploads\/2019\/07\/user_Sain-Matyi.jpg","datePublished":"2020-06-11T18:55:05+00:00","dateModified":"2020-07-30T11:07:00+00:00","author":{"@id":"https:\/\/kofe.hu\/parola\/#\/schema\/person\/9ef93425583aa45ba78544c06def2087"},"breadcrumb":{"@id":"https:\/\/kofe.hu\/parola\/parola-folyoirat\/kozossegi-tervezessel-budafokert\/#breadcrumb"},"inLanguage":"hu","potentialAction":[{"@type":"ReadAction","target":["https:\/\/kofe.hu\/parola\/parola-folyoirat\/kozossegi-tervezessel-budafokert\/"]}]},{"@type":"ImageObject","inLanguage":"hu","@id":"https:\/\/kofe.hu\/parola\/parola-folyoirat\/kozossegi-tervezessel-budafokert\/#primaryimage","url":"https:\/\/kofe.hu\/parola\/wp-content\/uploads\/2019\/07\/user_Sain-Matyi.jpg","contentUrl":"https:\/\/kofe.hu\/parola\/wp-content\/uploads\/2019\/07\/user_Sain-Matyi.jpg","width":150,"height":150},{"@type":"BreadcrumbList","@id":"https:\/\/kofe.hu\/parola\/parola-folyoirat\/kozossegi-tervezessel-budafokert\/#breadcrumb","itemListElement":[{"@type":"ListItem","position":1,"name":"Home","item":"https:\/\/kofe.hu\/parola\/"},{"@type":"ListItem","position":2,"name":"K\u00f6z\u00f6ss\u00e9gi tervez\u00e9ssel Budafok\u00e9rt"}]},{"@type":"WebSite","@id":"https:\/\/kofe.hu\/parola\/#website","url":"https:\/\/kofe.hu\/parola\/","name":"Parola Foly\u00f3irat","description":"","potentialAction":[{"@type":"SearchAction","target":{"@type":"EntryPoint","urlTemplate":"https:\/\/kofe.hu\/parola\/?s={search_term_string}"},"query-input":{"@type":"PropertyValueSpecification","valueRequired":true,"valueName":"search_term_string"}}],"inLanguage":"hu"},{"@type":"Person","@id":"https:\/\/kofe.hu\/parola\/#\/schema\/person\/9ef93425583aa45ba78544c06def2087","name":"Sain M\u00e1ty\u00e1s","image":{"@type":"ImageObject","inLanguage":"hu","@id":"https:\/\/kofe.hu\/parola\/#\/schema\/person\/image\/7c10f087e80253b980142820f637d7ef","url":"https:\/\/secure.gravatar.com\/avatar\/08180844b1adfbf37b4894d8f936a44b3cb642ed46255e81ec820dd98d384032?s=96&d=mm&r=g","contentUrl":"https:\/\/secure.gravatar.com\/avatar\/08180844b1adfbf37b4894d8f936a44b3cb642ed46255e81ec820dd98d384032?s=96&d=mm&r=g","caption":"Sain M\u00e1ty\u00e1s"},"url":"https:\/\/kofe.hu\/parola\/szerzok\/sain-matyas\/"}]}},"_links":{"self":[{"href":"https:\/\/kofe.hu\/parola\/wp-json\/wp\/v2\/posts\/1686","targetHints":{"allow":["GET"]}}],"collection":[{"href":"https:\/\/kofe.hu\/parola\/wp-json\/wp\/v2\/posts"}],"about":[{"href":"https:\/\/kofe.hu\/parola\/wp-json\/wp\/v2\/types\/post"}],"author":[{"embeddable":true,"href":"https:\/\/kofe.hu\/parola\/wp-json\/wp\/v2\/users\/12"}],"replies":[{"embeddable":true,"href":"https:\/\/kofe.hu\/parola\/wp-json\/wp\/v2\/comments?post=1686"}],"version-history":[{"count":2,"href":"https:\/\/kofe.hu\/parola\/wp-json\/wp\/v2\/posts\/1686\/revisions"}],"predecessor-version":[{"id":4109,"href":"https:\/\/kofe.hu\/parola\/wp-json\/wp\/v2\/posts\/1686\/revisions\/4109"}],"wp:featuredmedia":[{"embeddable":true,"href":"https:\/\/kofe.hu\/parola\/wp-json\/wp\/v2\/media\/787"}],"wp:attachment":[{"href":"https:\/\/kofe.hu\/parola\/wp-json\/wp\/v2\/media?parent=1686"}],"wp:term":[{"taxonomy":"category","embeddable":true,"href":"https:\/\/kofe.hu\/parola\/wp-json\/wp\/v2\/categories?post=1686"},{"taxonomy":"post_tag","embeddable":true,"href":"https:\/\/kofe.hu\/parola\/wp-json\/wp\/v2\/tags?post=1686"},{"taxonomy":"author","embeddable":true,"href":"https:\/\/kofe.hu\/parola\/wp-json\/wp\/v2\/coauthors?post=1686"}],"curies":[{"name":"wp","href":"https:\/\/api.w.org\/{rel}","templated":true}]}}