{"id":1582,"date":"2020-06-11T06:16:17","date_gmt":"2020-06-11T06:16:17","guid":{"rendered":"https:\/\/kofe.hu\/parola\/?p=1582"},"modified":"2020-07-30T10:59:08","modified_gmt":"2020-07-30T10:59:08","slug":"ket-kozossegi-kezdemenyezes-kecskemeten","status":"publish","type":"post","link":"https:\/\/kofe.hu\/parola\/parola-folyoirat\/ket-kozossegi-kezdemenyezes-kecskemeten\/","title":{"rendered":"K\u00e9t k\u00f6z\u00f6ss\u00e9gi kezdem\u00e9nyez\u00e9s Kecskem\u00e9ten"},"content":{"rendered":"<p><span style=\"font-family: Arial;\">Kecskem\u00e9ten \u00e9lek, ez\u00e9rt dolgozatom t\u00e9m\u00e1ja k\u00e9t kecskem\u00e9ti k\u00f6z\u00f6ss\u00e9gi kezdem\u00e9nyez\u00e9s. Az egyik k\u00f6z\u00f6ss\u00e9gi munka szem\u00e9lyesen is \u00e9rint, a m\u00e1sik pedig egy klasszikus civil szervez\u0151d\u00e9s.<\/span><\/p>\n<p><b><span style=\"font-family: Arial; font-size: large;\">Nemzetk\u00f6zi \u00f6nk\u00e9ntes t\u00e1bor Helv\u00e9ci\u00e1n (Kecskem\u00e9t k\u00fclter\u00fclet\u00e9n)<\/span><\/b><b><span style=\"font-family: Arial;\"><br \/>\n<\/span><\/b><span style=\"font-family: Arial;\">Ez a nemzetk\u00f6zi t\u00e1bor h\u00e1rom szervezet \u00f6sszefog\u00e1s\u00e1val val\u00f3sult meg 2015 nyar\u00e1n: az SOS Gyermekfalvak Magyarorsz\u00e1gi Alap\u00edtv\u00e1nya, az \u00datilapu H\u00e1l\u00f3zat \u00e9s a Helv\u00e9ciai \u00d6nkorm\u00e1nyzat \u00c1ltal\u00e1nos Iskol\u00e1ja egy\u00fcttm\u0171k\u00f6d\u00e9s\u00e9ben. A t\u00e1bor fiatalok \u00f6nk\u00e9ntess\u00e9g\u00e9n alapszik \u00e9s c\u00e9lja a k\u00f6z jav\u00e1t szolg\u00e1lni. Ebben az \u00e9vben a helyi iskola kifest\u00e9se, d\u00edsz\u00edt\u00e9se \u00e9s a kert rendez\u00e9se volt a feladat. Az \u00datilapu H\u00e1l\u00f3zat r\u00e9v\u00e9n k\u00fclf\u00f6ldi fiatalok vettek r\u00e9szt a Kecskem\u00e9ti Ifj\u00fas\u00e1g H\u00e1za fiataljaival \u00f6sszefogva. A t\u00e1bor 10 napos volt, \u00e9s a fiatalok napi 10 \u00f3r\u00e1t dolgoztak \u00e9s az SOS Alap\u00edtv\u00e1ny helv\u00e9ciai lak\u00e1sotthon\u00e1ban laktak. A t\u00e1bor c\u00e9lja volt a fiatalok munk\u00e1ra nevel\u00e9se, a nyelvtanul\u00e1s, a kultur\u00e1lis soksz\u00edn\u0171s\u00e9g megismer\u00e9se, a lak\u00e1sotthonos fiatalok integr\u00e1l\u00e1sa a helv\u00e9ciai kisk\u00f6z\u00f6ss\u00e9gbe \u00e9s term\u00e9szetesen k\u00f6z\u00f6ss\u00e9gi \u00e9lm\u00e9ny meg\u00e9l\u00e9se.<\/span><br \/>\n<!--more--><img loading=\"lazy\" decoding=\"async\" src=\"http:\/\/kka.hu\/_Kozossegi_Adattar\/PAROLAAR.NSF\/b84c8c861998671e8525670c00815721\/ae02acc5c7fe45fcc12581020031e1e7\/file\/288.2FF6?OpenElement&amp;FieldElemFormat=gif\" width=\"396\" height=\"263\" align=\"left\" \/><span style=\"font-family: Arial;\">Munk\u00e1juk sor\u00e1n arra t\u00f6rekedtek, hogy biztos\u00edts\u00e1k a sz\u00e9p, rendezett iskolai k\u00f6rnyezetet; hogy bevonj\u00e1k a helyi k\u00f6z\u00f6ss\u00e9get: sz\u00fcl\u0151ket, pedag\u00f3gusokat, iskol\u00e1ba j\u00e1r\u00f3 gyerekeket, helyi lakosokat. Figyelembe vett\u00e9k a k\u00f6z\u00f6ss\u00e9g ig\u00e9nyeit is, p\u00e9ld\u00e1ul a dekor\u00e1ci\u00f3val kapcsolatban. Egyszeri akci\u00f3nk folyamatt\u00e1 v\u00e1lik, mert a telep\u00fcl\u00e9s a j\u00f6v\u0151ben is sz\u00e1m\u00edthat a t\u00e1bor munk\u00e1j\u00e1ra, s ez a szervez\u0151k c\u00e9ljaival is egybecseng, hiszen a gyermekotthonban \u00e9l\u0151k \u00e9s a telep\u00fcl\u00e9s lakosai k\u00f6z\u00f6tt egy befogad\u00f3 jelleg\u0171 kapcsolat j\u00f6n l\u00e9tre, s az elv\u00e9gzett munka oldja a kor\u00e1bbi el\u0151\u00edt\u00e9leteket is. Van m\u00e9g egy pozit\u00edv eredm\u00e9nye ennek az egy\u00fcttm\u0171k\u00f6d\u00e9snek: a k\u00fclf\u00f6ldi fiatalok jelenl\u00e9te a kistelep\u00fcl\u00e9sen n\u00f6veli a helyiek toleranci\u00e1j\u00e1t.<\/span><\/p>\n<p><i><span style=\"font-family: Arial;\">A k\u00f6z\u00f6ss\u00e9gi munka szerepl\u0151i<br \/>\n<\/span><\/i><span style=\"font-family: Arial;\">A vonatkoz\u00f3 szakirodalmak a seg\u00edt\u0151k szerepeit a k\u00f6vetkez\u0151 al\u00e1bbi k\u00e9t csoportra bontj\u00e1k: a tev\u00e9kenys\u00e9g kezdem\u00e9nyez\u0151je \u00e9s a tev\u00e9kenys\u00e9g seg\u00edt\u0151je.<br \/>\nA kezdem\u00e9nyez\u0151 szerepek k\u00f6z\u00e9 a kezdem\u00e9nyez\u0151, b\u00e1tor\u00edt\u00f3, \u00f6szt\u00f6nz\u0151, kataliz\u00e1l\u00f3, t\u00e1mogat\u00f3, meger\u0151s\u00edt\u0151, stb. szerepek tartoznak, s ezek a folyamat kezdeti f\u00e1zisaira jellemz\u0151ek a legink\u00e1bb. A mi eset\u00fcnkben ez a kezdem\u00e9nyez\u0151 szerepl\u0151 az SOS Lak\u00e1sotthonainak szakmai vezet\u0151je volt, aki m\u00e1r t\u00f6bbsz\u00f6r szervezett hasonl\u00f3 t\u00e1borokat \u00e9s r\u00e9g\u00f3ta szorosan egy\u00fcttm\u0171k\u00f6dik az \u00datilapu H\u00e1l\u00f3zattal. Neki az eg\u00e9sz t\u00e1bor koncepci\u00f3j\u00e1nak kital\u00e1l\u00e1sa \u00e9s a szerepl\u0151k \u00f6sszehoz\u00e1sa volt a feladata, \u00edgy a t\u00e1bor el\u0151k\u00e9sz\u00edt\u0151 szakasz\u00e1ban volt a legnagyobb szerepe.<\/span><br \/>\n<span style=\"font-family: Arial;\">A megval\u00f3s\u00edt\u00f3 szakaszban a seg\u00edt\u0151 szerep er\u0151s\u00f6d\u00f6tt fel: szervez\u0151, kapcsolat- \u00e9s inform\u00e1ci\u00f3szervez\u0151, h\u00e1l\u00f3zat\u00e9p\u00edt\u0151, m\u00f3dszertani szak\u00e9rt\u0151, koordin\u00e1l\u00f3, elemz\u0151, tervez\u0151, k\u00e9pz\u00e9sszervez\u0151 vagy k\u00e9pz\u0151, tan\u00e1csad\u00f3, stb. Ezt a szerepet a helv\u00e9ciai lak\u00e1sotthon vezet\u0151je, a kecskem\u00e9ti ifj\u00fas\u00e1gi h\u00e1z nevel\u0151je, \u00e9s a k\u00fclf\u00f6ldi fiatalok csoportj\u00e1nak vezet\u0151je testes\u00edtette meg. \u0150k gondoskodtak az \u00f6sszes eszk\u00f6zr\u0151l, sz\u00e1ll\u00edt\u00e1sr\u00f3l, \u00e9lelmez\u00e9sr\u0151l \u00e9s munkaid\u0151 ut\u00e1ni kultur\u00e1lis programokr\u00f3l. Egysz\u00f3val minden olyan k\u00f6r\u00fclm\u00e9nyr\u0151l, ami a munka sikeres elv\u00e9gz\u00e9s\u00e9t seg\u00edtette.<\/span><\/p>\n<p><img loading=\"lazy\" decoding=\"async\" src=\"http:\/\/kka.hu\/_Kozossegi_Adattar\/PAROLAAR.NSF\/b84c8c861998671e8525670c00815721\/ae02acc5c7fe45fcc12581020031e1e7\/file\/488.3AAA?OpenElement&amp;FieldElemFormat=gif\" width=\"360\" height=\"270\" align=\"left\" \/><span style=\"font-family: Arial;\">A seg\u00edt\u0151 szerepben voltak tov\u00e1bb\u00e1 a t\u00e1borvezet\u0151 asszisztensek, akik maguk is r\u00e9szt vettek az \u00f6nk\u00e9ntes munk\u00e1kban \u00e9s a fiatalok k\u00f6z\u00fcl szervez\u0151dtek. Egy afg\u00e1n fiatal \u00e9s j\u00f3magam lehett\u00fcnk ebben a poz\u00edci\u00f3ban. Az volt a feladatunk, hogy a magyar \u00e9s a k\u00fclf\u00f6ldi fiatalokat ir\u00e1ny\u00edtsuk, feladataikat kiosszuk, ford\u00edtsunk, tolm\u00e1csoljunk, szervezz\u00fck a szabadid\u0151s programokat, \u00e9s mi voltunk a h\u00edd az \u00f6nk\u00e9ntesek \u00e9s a helyi k\u00f6z\u00f6ss\u00e9g k\u00f6z\u00f6tt.<\/span><\/p>\n<p>Nagyobb nyilv\u00e1noss\u00e1got is kapott a t\u00f6rt\u00e9net, megjelent\u00fcnk a helyi \u00fajs\u00e1gban, az indexen, \u00e9s a k\u00f6zszolg\u00e1lati telev\u00edzi\u00f3ban is szerepelt\u00fcnk. \u201eK\u00fclf\u00f6ldi professzor, gyermekv\u00e9delmi gondoskod\u00e1sban \u00e9l\u0151 gyerek \u00e9s helv\u00e9ciai kisiskol\u00e1s egy\u00fctt dolgoznak \u00e9s kapcsol\u00f3dnak ki j\u00falius 4-t\u0151l k\u00e9t h\u00e9ten \u00e1t a telep\u00fcl\u00e9sen. A t\u00e1bor keret\u00e9ben 12 k\u00fclf\u00f6ldi \u00f6nk\u00e9ntes \u00e9rkezik Tajvanb\u00f3l, T\u00f6r\u00f6korsz\u00e1gb\u00f3l, Spanyolorsz\u00e1gb\u00f3l, \u00cdrorsz\u00e1gb\u00f3l, Olaszorsz\u00e1gb\u00f3l \u00e9s Afganiszt\u00e1nb\u00f3l. A d\u00e9lel\u0151tt\u00f6t munk\u00e1val t\u00f6ltik a t\u00e1borlak\u00f3k, est\u00e9nk\u00e9nt a k\u00fcl\u00f6nb\u00f6z\u0151 orsz\u00e1gok kult\u00far\u00e1ja, zen\u00e9je, \u00e9telei mutatkoznak be\u201d \u2013 \u00edrja a Kecskem\u00e9t Online, a KEOL.<u><span style=\"color: #0000ff; font-family: Arial; font-size: small;\"><a href=\"http:\/\/keol.hu\/kecskemet\/kulfoldi-onkentesek-festik-ki-az-iskolat-helvecian\">http:\/\/keol.hu\/kecskemet\/kulfoldi-onkentesek-festik-ki-az-iskolat-helvecian<\/a><\/span><\/u><span style=\"font-family: Arial; font-size: small;\">\u00a0,<br \/>\n<\/span><u><span style=\"color: #0000ff; font-family: Arial; font-size: small;\"><a href=\"http:\/\/www.baon.hu\/bacs-kiskun\/kozelet\/epitotabor-utilapu-modra-565242\">http:\/\/www.baon.hu\/bacs-kiskun\/kozelet\/epitotabor-utilapu-modra-565242<\/a><\/span><\/u><\/p>\n<p><img loading=\"lazy\" decoding=\"async\" src=\"http:\/\/kka.hu\/_Kozossegi_Adattar\/PAROLAAR.NSF\/b84c8c861998671e8525670c00815721\/ae02acc5c7fe45fcc12581020031e1e7\/file\/543.2758?OpenElement&amp;FieldElemFormat=gif\" width=\"354\" height=\"270\" align=\"left\" \/><span style=\"font-family: Arial;\">A folyamat sor\u00e1n meg\u00e9lhettem azt, hogy az \u00f6sszefog\u00e1snak \u00e9s a k\u00f6z\u00f6ss\u00e9gben val\u00f3 munk\u00e1nak nagyon nagy ereje van. \u00c9rezhet\u0151en ott nyilv\u00e1nult meg ez az er\u0151, amikor mindenki csin\u00e1lta a neki kiadott feladatot \u00e9s hangos zen\u00e9re t\u00e1ncolva, sz\u00f3rakozva dolgoztunk. Ezek a pillanatok megmutatt\u00e1k, hogy lehet \u00e9lvezni a munk\u00e1t, hogy kitart\u00e1ssal \u00e9s kem\u00e9ny akarattal minden falat, akad\u00e1lyt led\u00f6nthet\u00fcnk. Napi 10 \u00f3rai munk\u00e1t sem \u00e9rezt\u00fcnk neh\u00e9zs\u00e9gnek, mert j\u00f3 volt t\u00e1rsas\u00e1g, a hangulat \u00e9s l\u00e1ttuk a mindennapi munk\u00e1nk eredm\u00e9ny\u00e9t. Ez bebizony\u00edtotta sz\u00e1munkra azt, hogy ha egy k\u00f6z\u00f6ss\u00e9g minden tagja beletesz egy kicsit mag\u00e1b\u00f3l, milyen nagyot alkothatunk.<\/span><br \/>\n<span style=\"font-family: Arial;\">Ez a k\u00f6z\u00f6ss\u00e9gi munka l\u00e9nyege \u00e9s mozgat\u00f3rug\u00f3ja. A helyi \u00e9s az ifj\u00fas\u00e1gi h\u00e1zban \u00e9l\u0151k k\u00f6z\u00f6tti bar\u00e1ts\u00e1got er\u0151s\u00edtett\u00e9k azok a szabadid\u0151s j\u00e1t\u00e9kok, amelyek az ismerked\u00e9st seg\u00edtett\u00e9k el\u0151 \u00e9s a sok \u00e9lm\u00e9ny is sz\u00e1mos k\u00f6z\u00f6s pontot adott. Ezek \u00e1ltal Helv\u00e9ci\u00e1n egy er\u0151s, a mai napig \u00e9l\u0151 k\u00f6z\u00f6ss\u00e9g alakult ki, ami v\u00e9lem\u00e9nyem szerint id\u0151vel \u00f6n\u00e1ll\u00f3 kisebb kezdem\u00e9nyez\u00e9sekhez is kezd.<\/span><\/p>\n<p><i><span style=\"color: #008080; font-family: Arial;\">Megl\u00e1tszik az eredm\u00e9ny: a h\u00e1z el\u0151l elt\u0171nt az \u00e9p\u00edtkez\u00e9si t\u00f6rmel\u00e9k,<br \/>\na ker\u00edt\u00e9s t\u00f6v\u00e9ben vir\u00e1gok ny\u00edlnak, az udvarban is lett kiskert,<br \/>\nk\u00e9sz\u00fcl a medence.<\/span><\/i><\/p>\n<p><img loading=\"lazy\" decoding=\"async\" src=\"http:\/\/kka.hu\/_Kozossegi_Adattar\/PAROLAAR.NSF\/b84c8c861998671e8525670c00815721\/ae02acc5c7fe45fcc12581020031e1e7\/file\/696.2A0A?OpenElement&amp;FieldElemFormat=gif\" width=\"353\" height=\"198\" align=\"left\" \/><span style=\"font-family: Arial;\">Az egy\u00e9ni fejl\u0151d\u00e9semet sokban seg\u00edtette ez t\u00e1bor, ugyanis r\u00e1\u00e9bredtem arra, hogy a szoci\u00e1lis munka \u00fagy teljes, ha egy\u00e9nben, csoportban, \u00e9s k\u00f6z\u00f6ss\u00e9gben is gondolkodunk. Itt is megmutatkozott az, hogy a k\u00f6z\u00f6ss\u00e9gi munka motiv\u00e1l a r\u00e9szv\u00e9telre, az \u00f6nseg\u00edt\u00e9sre, a cselekv\u00e9sre, meg\u00e9rleli a v\u00e1ltoztat\u00e1sra val\u00f3 ig\u00e9nyt \u00e9s k\u00e9pess\u00e9 tesz a v\u00e1ltoztat\u00e1sok v\u00e9gig vitel\u00e9re.<br \/>\nEngem abban is seg\u00edt ez az \u00e9lm\u00e9nyem, hogy a k\u00f6vetkez\u0151 t\u00e1bor szervez\u00e9s\u00e9ben sikeres legyen (mert azt m\u00e1r \u00e9n szervezem).<\/span><\/p>\n<p><i><span style=\"color: #008080; font-family: Arial;\">Szurkol\u00f3k<\/span><\/i><\/p>\n<p><b><span style=\"font-family: Arial; font-size: large;\">A Kecskem\u00e9ti M\u00e9lyszeg\u00e9nyek\u00e9rt Facebook Csoportb\u00f3l Civil Szervezet<\/span><\/b><span style=\"font-family: Arial; font-size: small;\"><a href=\"http:\/\/kecskemetitv.hu\/sa_hirek\/i_kecskemet_2\/i_szegenyeket_segito_egyesulet_alakult_kecskemeten_103867\/t_Kecskem%C3%A9t%20-%20Szeg%C3%A9nyeket%20seg%C3%ADt%C5%91%20egyes%C3%BClet%20alakult%20Kecskem%C3%A9ten%20\/index.html\">http:\/\/kecskemetitv.hu\/sa_hirek\/i_kecskemet_2\/i_szegenyeket_segito_egyesulet_alakult_kecskemeten_103867\/t_Kecskem%C3%A9t%20-%20Szeg%C3%A9nyeket%20seg%C3%ADt%C5%91%20egyes%C3%BClet%20alakult%20Kecskem%C3%A9ten%20\/index.html<\/a><\/span><br \/>\n<span style=\"font-family: Arial;\">A Kecskem\u00e9ti M\u00e9lyszeg\u00e9nyek\u00e9rt szervezet egy civil kezdem\u00e9nyez\u00e9s, amit egy gyesen l\u00e9v\u0151 anyuka ind\u00edtott el k\u00f6r\u00fclbel\u00fcl egy \u00e9ve. Az a misszi\u00f3juk, hogy a Kecskem\u00e9ten \u00e9s k\u00f6rny\u00e9ken \u00e9l\u0151 embert\u00e1rsainknak seg\u00edts\u00e9get ny\u00fajtsanak, els\u0151sorban saj\u00e1t feleslegess\u00e9 v\u00e1lt haszn\u00e1lati t\u00e1rgyakkal, \u00f6nk\u00e9ntesen.<\/span><br \/>\n<span style=\"font-family: Arial;\">Ez az anyuka a Facebook k\u00f6z\u00f6ss\u00e9gi oldalon kezdett el posztolni arr\u00f3l, hogy tal\u00e1lkozott egy csal\u00e1ddal, amelyiknek sz\u00fcks\u00e9ge lenne seg\u00edts\u00e9gre, \u00e9s azt is le\u00edrta, hogy pontosan mik is azok az adom\u00e1nyok, amikre ig\u00e9ny lenne. Nagyon hamar v\u00e1laszok sz\u00fclettek, meg is lett az adom\u00e1ny \u00e9s el is juttatt\u00e1k a r\u00e1szorul\u00f3 csal\u00e1dnak. V\u00e9lem\u00e9nyem szerint csod\u00e1latos dolog az, hogy egy civil (nem szakember) k\u00f6zvet\u00edt\u00e9s\u00e9vel \u00f6sszefogott egy egym\u00e1st t\u00e1volr\u00f3l ismer\u0151 k\u00f6z\u00f6ss\u00e9g, \u00e9s m\u00e1ris seg\u00edts\u00e9get tudott adni.<\/span><br \/>\n<span style=\"font-family: Arial;\">Egym\u00e1st k\u00f6vett\u00e9k a posztok, \u00fajabb \u00e9s \u00fajabb r\u00e1szorul\u00f3 csal\u00e1dok kaptak ilyen m\u00f3don seg\u00edts\u00e9get. Nagyon hamar kialakult egy \u00f6nk\u00e9ntesekb\u0151l \u00e1ll\u00f3 k\u00f6z\u00f6ss\u00e9g, \u00e9s akkora h\u00edre ment ennek a seg\u00edt\u0151 any\u00e1nak, hogy a r\u00e1szorul\u00f3k m\u00e1r k\u00f6zvetlen\u00fcl \u0151t kerest\u00e9k meg.<\/span><br \/>\n<span style=\"font-family: Arial;\">Elindult ez a teljesen alulr\u00f3l j\u00f6v\u0151 szervez\u0151d\u00e9s, ami kifejezetten a helyi, Kecskem\u00e9ten \u00e9l\u0151 embereket c\u00e9lozta \u00e9s gyorsan kin\u0151tte mag\u00e1t. L\u00e9trej\u00f6tt a Kecskem\u00e9ti M\u00e9lyszeg\u00e9nyek\u00e9rt Civilszervezet. Hamarosan olyan sok adom\u00e1ny gy\u0171lt \u00f6ssze hogy rakt\u00e1rt kellett keresni, de azt\u00e1n m\u00e1r az sem volt elegend\u0151, ez\u00e9rt megalakult a Medina adom\u00e1nybolt.<\/span><span style=\"font-family: Arial; font-size: small;\"><a href=\"https:\/\/www.facebook.com\/A-Kecskem%C3%A9ti-M%C3%A9lyszeg%C3%A9nyek%C3%A9rt-895090723837495\/?fref=ts&amp;__mref=message_bubble\">https:\/\/www.facebook.com\/A-Kecskem%C3%A9ti-M%C3%A9lyszeg%C3%A9nyek%C3%A9rt-895090723837495\/?fref=ts&amp;__mref=message_bubble<\/a><\/span><\/p>\n<p><img loading=\"lazy\" decoding=\"async\" src=\"http:\/\/kka.hu\/_Kozossegi_Adattar\/PAROLAAR.NSF\/b84c8c861998671e8525670c00815721\/ae02acc5c7fe45fcc12581020031e1e7\/file\/1045.321A?OpenElement&amp;FieldElemFormat=gif\" width=\"384\" height=\"285\" align=\"left\" \/><span style=\"font-family: Arial;\">A boltba a b\u00fatorokt\u00f3l a h\u00e1ztart\u00e1si g\u00e9pekig, a ruh\u00e1t\u00f3l az \u00e9lelmiszerig mindent odavisznek az adom\u00e1nyoz\u00f3k \u00e9s p\u00e1r sz\u00e1z forint\u00e9rt adj\u00e1k el. A bev\u00e9tel is a szeg\u00e9nyeket t\u00e1mogatja.<br \/>\nAz \u00f6nk\u00e9ntesek k\u00f6z\u00fcl sokan maguk is olyan szeg\u00e9ny emberek, akik kor\u00e1bban adom\u00e1nyt kaptak, s most \u0151k szerveznek adom\u00e1nyt hasonl\u00f3 sors\u00fa t\u00e1rsaiknak. Az adom\u00e1nyboltot t\u00e1mogatja a v\u00e1rosi \u00f6nkorm\u00e1nyzat, a helyi egyh\u00e1zi vezet\u0151k \u00e9s a hasonl\u00f3 c\u00e9l\u00fa civil szervezetek. Hiteless\u00e9g\u00fcket az is n\u00f6veli, hogy minden adom\u00e1ny c\u00e9lba \u00e9r\u00e9s\u00e9t \u00e1tl\u00e1that\u00f3an kommunik\u00e1lj\u00e1k: ki, hol \u00e9s mi\u00e9rt kapta meg, s ezt f\u00e9nyk\u00e9peket posztolva osztj\u00e1k meg a Facebook-on.<br \/>\nAz \u00f6nk\u00e9ntesek sz\u00e1ma folyamatosan n\u0151, minden hozz\u00e1juk fordul\u00f3, neh\u00e9z helyzetben l\u00e9v\u0151 csal\u00e1dokat megl\u00e1togatnak, elbesz\u00e9lgetnek vel\u00fck, felm\u00e9rik, hogy val\u00f3ban sz\u00fcks\u00e9g van e seg\u00edts\u00e9gre, \u00e9s hogy j\u00f3 helyre ker\u00fcl-e az adom\u00e1ny. Az adom\u00e1nygy\u0171jt\u00e9s folyamat\u00e1ban is hitelesek: elmes\u00e9lik a csal\u00e1d t\u00f6rt\u00e9net\u00e9t, meger\u0151s\u00edtik, hogy t\u00e1mogat\u00e1sra \u00e9rdemes, \u00e9s a c\u00e9lzott adom\u00e1ny eljuttat\u00e1s\u00e1r\u00f3l is t\u00e1j\u00e9koztat\u00e1st adnak, fot\u00f3kkal.<br \/>\nFontos, hogy mindez egy kisk\u00f6z\u00f6ss\u00e9gben zajlik. Az adom\u00e1nyoz\u00f3 nem egy sz\u00e1m\u00e1ra l\u00e1thatatlan, ismeretlen k\u00f6z\u00f6ss\u00e9gnek ad, hanem a szomsz\u00e9dj\u00e1ban \u00e9l\u0151 szeg\u00e9ny embernek, s ez \u00e1ltal k\u00f6zel \u00e9rzi mag\u00e1hoz a probl\u00e9m\u00e1t. A megseg\u00edtett emberek, az \u00f6nk\u00e9ntesek szem\u00e9lyes l\u00e1togat\u00e1sa miatt \u00e9s az\u00e9rt, mert kecskem\u00e9ti szem\u00e9lyekt\u0151l kapj\u00e1k az adom\u00e1nyt, jobban megbecs\u00fclik a seg\u00edts\u00e9get \u00e9s jobban ki tudj\u00e1k fejezni a k\u00f6sz\u00f6net\u00fcket is. T\u00f6bbek k\u00f6z\u00f6tt azzal, hogy \u0151k maguk is \u00f6nk\u00e9ntes munk\u00e1t v\u00e1llalnak ebben a szervezetben. A szeg\u00e9ny embereknek \u00edgy nincs az az \u00e9rz\u00e9s\u00fck, hogy alacsonyabb rend\u0171ek, vagy al\u00e1rendeltek a seg\u00edt\u0151vel szemben, mert \u0151k is tudnak adni a k\u00f6z\u00f6ss\u00e9g\u00e9rt, mert minden adom\u00e1ny lehet jelent\u0151s valaki m\u00e1s sz\u00e1m\u00e1ra.<\/span><\/p>\n<p><img loading=\"lazy\" decoding=\"async\" src=\"http:\/\/kka.hu\/_Kozossegi_Adattar\/PAROLAAR.NSF\/b84c8c861998671e8525670c00815721\/ae02acc5c7fe45fcc12581020031e1e7\/file\/1326.320A?OpenElement&amp;FieldElemFormat=gif\" width=\"384\" height=\"222\" align=\"left\" \/><span style=\"font-family: Arial;\">Az \u00f6nk\u00e9ntes munka is lehet olyan \u00e9rt\u00e9k\u0171, mint a hivat\u00e1sb\u00e9li. Egyetlen ember kezdem\u00e9nyez\u00e9s\u00e9b\u0151l t\u00e1rsas, k\u00f6z\u00f6ss\u00e9gi v\u00e1llalkoz\u00e1s lett, amiben benne vannak a szeg\u00e9nyek is a munk\u00e1jukkal.<br \/>\n,,Egy gyesen l\u00e9v\u0151 \u00fajs\u00e1g\u00edr\u00f3n\u0151 nagyot gondolt, \u00e9s l\u00e9trehozott egy csoportot a Facebookon a kecskem\u00e9ti m\u00e9lyszeg\u00e9nyek\u00e9rt. A csoportb\u00f3l egyes\u00fclet lett, az egyes\u00fclet adom\u00e1nyboltot nyitott, \u00e9s ehhez alig t\u00f6bb mint egy \u00e9vre volt sz\u00fcks\u00e9g. \u201eAz eg\u00e9sz \u00fagy kezd\u0151d\u00f6tt, hogy megismertem \u00faj szomsz\u00e9domat, Kocsis<\/span><span style=\"color: #2f2f2f; font-family: Arial;\">\u00a0<\/span><span style=\"font-family: Arial;\">P\u00e1ln\u00e9 Zs\u00f3k\u00e1t, aki csal\u00e1dseg\u00edt\u0151 volt, \u00e9s amikor nyugd\u00edjba ment, otthon folytatta a munk\u00e1t\u201d &#8211; id\u00e9zi fel a kezdeteket a kezdem\u00e9nyez\u0151 G\u00e1l Zita. \u201eKor\u00e1bban nem igaz\u00e1n voltam szoci\u00e1lisan \u00e9rz\u00e9keny, ez az \u00faj bar\u00e1ts\u00e1g azonban felnyitotta a szememet. Saj\u00e1t szememmel l\u00e1ttam, hogy \u00f6nk\u00e9ntesk\u00e9nt is lehet seg\u00edteni a bajba jutott embereken. \u00cdgy azt\u00e1n, amikor egy nap arra mentem haza, hogy egy cig\u00e1nyasszony der\u00e9kig turk\u00e1l a kuk\u00e1mban, nem s\u00e9t\u00e1ltam el egyszer\u0171en mellette, mint kor\u00e1bban tettem volna. Percekig agyaltam, mit tegyek, v\u00e9g\u00fcl megsz\u00f3l\u00edtottam: mondja meg, mi kell neki, \u00e9s adok. Engem is meglepett, amikor bevallotta, hogy \u00e9hes. Most menek\u00fclt el otthonr\u00f3l alkoholista f\u00e9rje el\u0151l, \u00e9s valami alkalmi ruh\u00e1t is keres, hogy elmehessen a gyereke heged\u0171koncertj\u00e9re. Zs\u00f3k\u00e1val egy\u00fctt seg\u00edtett\u00fcnk neki, ekkor kapott el g\u00e9psz\u00edj, \u00e9s innen m\u00e1r nem volt meg\u00e1ll\u00e1s.\u201d<\/span><br \/>\n<span style=\"font-family: Arial;\">\u00d6sszegezve: a Kecskem\u00e9ti M\u00e9lyszeg\u00e9nyek\u00e9rt csoport mozgalomk\u00e9nt indult \u00e9s empowerment-szervezett\u00e9 n\u0151tte ki mag\u00e1t.<\/span><span style=\"color: #002060; font-family: Arial;\">\u00a0<\/span><span style=\"font-family: Arial;\">A k\u00f6z\u00f6ss\u00e9gfejleszt\u0151 k\u00e9pes kataliz\u00e1lni a sikeres cselekv\u00e9st \u00e9s az \u00faj szerepk\u00f6r\u00f6k kialakul\u00e1s\u00e1t, serkenti a helyi \u00f6nszervez\u0151d\u00e9st, egyszer\u0171en t\u00e1rja fel \u00e9s foglalja rendszerbe a k\u00f6z\u00f6ss\u00e9gi seg\u00edt\u00e9st.<\/span><br \/>\n<span style=\"font-family: Arial;\">Haz\u00e1nkban is egyre t\u00f6bb olyan szervezet van, amelyik a k\u00e9pess\u00e9 t\u00e9telre \u00e9p\u00edti a munk\u00e1j\u00e1t \u00e9s ehhez a k\u00f6z\u00f6ss\u00e9g erej\u00e9t haszn\u00e1lja fel. Ilyen p\u00e9ld\u00e1ul az Igazgy\u00f6ngy Alap\u00edtv\u00e1ny beretty\u00f3\u00fajfalu-toldi kezdem\u00e9nyez\u00e9se \u00e9s a Szuno webshop<\/span><span style=\"font-family: Arial; font-size: small;\"><a href=\"http:\/\/autonomia.hu\/sites\/default\/files\/files\/1301\/3998\/igazgyongy_alapitvany.pdf\">http:\/\/autonomia.hu\/sites\/default\/files\/files\/1301\/3998\/igazgyongy_alapitvany.pdf<\/a><\/span><span style=\"font-family: Arial;\">. A toldi h\u00e1tr\u00e1nyos helyzet\u0171 gyerekek alapfok\u00fa m\u0171v\u00e9szeti oktat\u00e1sban vesznek r\u00e9szt \u00e9s az ott alkotott rajzokat az anyuk\u00e1k r\u00e1h\u00edmzik t\u00e1sk\u00e1kra, k\u00f6nyvbor\u00edt\u00f3kra \u00e9s l\u00e1dik\u00e1kra festik, kirak\u00f3kra nyomj\u00e1k \u00e9s ezeket a term\u00e9keket eladj\u00e1k.<\/span><br \/>\n<span style=\"font-family: Arial;\">A k\u00f6z\u00f6ss\u00e9ggel, a k\u00f6z\u00f6ss\u00e9get \u00e9rint\u0151 probl\u00e9m\u00e1kkal nagyon fontos foglalkozni. A k\u00f6z\u00f6ss\u00e9gi munka fel\u00fclr\u0151l \u00e1ltal\u00e1nosan ad k\u00e9pet a probl\u00e9m\u00e1kra \u00e9s r\u00e1\u00e9breszti a r\u00e9sztvev\u0151ket arra, hogy nagy er\u0151 van az \u00f6sszefog\u00e1sban. Nek\u00fcnk, fiataloknak nagy felel\u0151ss\u00e9g\u00fcnk van abban, hogy mi is folyik k\u00f6r\u00fcl\u00f6tt\u00fcnk. Nem j\u00e1rhatunk csukott szemmel, mi is tehet\u00fcnk a jelenlegi probl\u00e9m\u00e1k ellen, \u00f6ssze kell fognunk \u00e9s k\u00f6z\u00f6ss\u00e9get alkotnunk \u2013 hangot adni a vil\u00e1gnak arr\u00f3l, hogy mi is a fontos.<\/span><br \/>\n<u><span style=\"color: #0000ff; font-family: Arial;\">sara.balint1995@gmail.com<\/span><\/u><\/p>\n","protected":false},"excerpt":{"rendered":"<p>Kecskem\u00e9ten \u00e9lek, ez\u00e9rt dolgozatom t\u00e9m\u00e1ja k\u00e9t kecskem\u00e9ti k\u00f6z\u00f6ss\u00e9gi kezdem\u00e9nyez\u00e9s. Az egyik k\u00f6z\u00f6ss\u00e9gi munka szem\u00e9lyesen is \u00e9rint, a m\u00e1sik pedig egy klasszikus civil szervez\u0151d\u00e9s. Nemzetk\u00f6zi \u00f6nk\u00e9ntes t\u00e1bor Helv\u00e9ci\u00e1n (Kecskem\u00e9t k\u00fclter\u00fclet\u00e9n) Ez a nemzetk\u00f6zi t\u00e1bor h\u00e1rom szervezet \u00f6sszefog\u00e1s\u00e1val val\u00f3sult meg 2015 nyar\u00e1n: az SOS Gyermekfalvak Magyarorsz\u00e1gi Alap\u00edtv\u00e1nya, az \u00datilapu H\u00e1l\u00f3zat \u00e9s a Helv\u00e9ciai \u00d6nkorm\u00e1nyzat \u00c1ltal\u00e1nos Iskol\u00e1ja egy\u00fcttm\u0171k\u00f6d\u00e9s\u00e9ben. [&hellip;]<\/p>\n","protected":false},"author":125,"featured_media":1583,"comment_status":"open","ping_status":"open","sticky":false,"template":"","format":"standard","meta":{"_acf_changed":false,"footnotes":""},"categories":[133,8,7],"tags":[],"coauthors":[148],"class_list":["post-1582","post","type-post","status-publish","format-standard","has-post-thumbnail","hentry","category-parola-2016-1","category-parola-folyoirat","category-repertorium"],"acf":[],"yoast_head":"<!-- This site is optimized with the Yoast SEO plugin v26.7 - https:\/\/yoast.com\/wordpress\/plugins\/seo\/ -->\n<title>K\u00e9t k\u00f6z\u00f6ss\u00e9gi kezdem\u00e9nyez\u00e9s Kecskem\u00e9ten - Parola Foly\u00f3irat<\/title>\n<meta name=\"robots\" content=\"index, follow, max-snippet:-1, max-image-preview:large, max-video-preview:-1\" \/>\n<link rel=\"canonical\" href=\"https:\/\/kofe.hu\/parola\/parola-folyoirat\/ket-kozossegi-kezdemenyezes-kecskemeten\/\" \/>\n<meta property=\"og:locale\" content=\"hu_HU\" \/>\n<meta property=\"og:type\" content=\"article\" \/>\n<meta property=\"og:title\" content=\"K\u00e9t k\u00f6z\u00f6ss\u00e9gi kezdem\u00e9nyez\u00e9s Kecskem\u00e9ten - Parola Foly\u00f3irat\" \/>\n<meta property=\"og:description\" content=\"Kecskem\u00e9ten \u00e9lek, ez\u00e9rt dolgozatom t\u00e9m\u00e1ja k\u00e9t kecskem\u00e9ti k\u00f6z\u00f6ss\u00e9gi kezdem\u00e9nyez\u00e9s. Az egyik k\u00f6z\u00f6ss\u00e9gi munka szem\u00e9lyesen is \u00e9rint, a m\u00e1sik pedig egy klasszikus civil szervez\u0151d\u00e9s. Nemzetk\u00f6zi \u00f6nk\u00e9ntes t\u00e1bor Helv\u00e9ci\u00e1n (Kecskem\u00e9t k\u00fclter\u00fclet\u00e9n) Ez a nemzetk\u00f6zi t\u00e1bor h\u00e1rom szervezet \u00f6sszefog\u00e1s\u00e1val val\u00f3sult meg 2015 nyar\u00e1n: az SOS Gyermekfalvak Magyarorsz\u00e1gi Alap\u00edtv\u00e1nya, az \u00datilapu H\u00e1l\u00f3zat \u00e9s a Helv\u00e9ciai \u00d6nkorm\u00e1nyzat \u00c1ltal\u00e1nos Iskol\u00e1ja egy\u00fcttm\u0171k\u00f6d\u00e9s\u00e9ben. [&hellip;]\" \/>\n<meta property=\"og:url\" content=\"https:\/\/kofe.hu\/parola\/parola-folyoirat\/ket-kozossegi-kezdemenyezes-kecskemeten\/\" \/>\n<meta property=\"og:site_name\" content=\"Parola Foly\u00f3irat\" \/>\n<meta property=\"article:published_time\" content=\"2020-06-11T06:16:17+00:00\" \/>\n<meta property=\"article:modified_time\" content=\"2020-07-30T10:59:08+00:00\" \/>\n<meta property=\"og:image\" content=\"https:\/\/kofe.hu\/parola\/wp-content\/uploads\/2020\/06\/B\u00e1lint-S\u00e1ra.gif\" \/>\n\t<meta property=\"og:image:width\" content=\"264\" \/>\n\t<meta property=\"og:image:height\" content=\"264\" \/>\n\t<meta property=\"og:image:type\" content=\"image\/gif\" \/>\n<meta name=\"author\" content=\"B\u00e1lint S\u00e1ra\" \/>\n<meta name=\"twitter:card\" content=\"summary_large_image\" \/>\n<meta name=\"twitter:label1\" content=\"Szerz\u0151:\" \/>\n\t<meta name=\"twitter:data1\" content=\"B\u00e1lint S\u00e1ra\" \/>\n\t<meta name=\"twitter:label2\" content=\"Becs\u00fclt olvas\u00e1si id\u0151\" \/>\n\t<meta name=\"twitter:data2\" content=\"13 perc\" \/>\n\t<meta name=\"twitter:label3\" content=\"Written by\" \/>\n\t<meta name=\"twitter:data3\" content=\"B\u00e1lint S\u00e1ra\" \/>\n<script type=\"application\/ld+json\" class=\"yoast-schema-graph\">{\"@context\":\"https:\/\/schema.org\",\"@graph\":[{\"@type\":\"Article\",\"@id\":\"https:\/\/kofe.hu\/parola\/parola-folyoirat\/ket-kozossegi-kezdemenyezes-kecskemeten\/#article\",\"isPartOf\":{\"@id\":\"https:\/\/kofe.hu\/parola\/parola-folyoirat\/ket-kozossegi-kezdemenyezes-kecskemeten\/\"},\"author\":{\"name\":\"B\u00e1lint S\u00e1ra\",\"@id\":\"https:\/\/kofe.hu\/parola\/#\/schema\/person\/7590629b7f3f5873feb8d275f0c09174\"},\"headline\":\"K\u00e9t k\u00f6z\u00f6ss\u00e9gi kezdem\u00e9nyez\u00e9s Kecskem\u00e9ten\",\"datePublished\":\"2020-06-11T06:16:17+00:00\",\"dateModified\":\"2020-07-30T10:59:08+00:00\",\"mainEntityOfPage\":{\"@id\":\"https:\/\/kofe.hu\/parola\/parola-folyoirat\/ket-kozossegi-kezdemenyezes-kecskemeten\/\"},\"wordCount\":2594,\"commentCount\":0,\"image\":{\"@id\":\"https:\/\/kofe.hu\/parola\/parola-folyoirat\/ket-kozossegi-kezdemenyezes-kecskemeten\/#primaryimage\"},\"thumbnailUrl\":\"https:\/\/kofe.hu\/parola\/wp-content\/uploads\/2020\/06\/B\u00e1lint-S\u00e1ra.gif\",\"articleSection\":[\"Parola 2016\/1\",\"Parola Foly\u00f3irat\",\"Repert\u00f3rium\"],\"inLanguage\":\"hu\",\"potentialAction\":[{\"@type\":\"CommentAction\",\"name\":\"Comment\",\"target\":[\"https:\/\/kofe.hu\/parola\/parola-folyoirat\/ket-kozossegi-kezdemenyezes-kecskemeten\/#respond\"]}]},{\"@type\":\"WebPage\",\"@id\":\"https:\/\/kofe.hu\/parola\/parola-folyoirat\/ket-kozossegi-kezdemenyezes-kecskemeten\/\",\"url\":\"https:\/\/kofe.hu\/parola\/parola-folyoirat\/ket-kozossegi-kezdemenyezes-kecskemeten\/\",\"name\":\"K\u00e9t k\u00f6z\u00f6ss\u00e9gi kezdem\u00e9nyez\u00e9s Kecskem\u00e9ten - Parola Foly\u00f3irat\",\"isPartOf\":{\"@id\":\"https:\/\/kofe.hu\/parola\/#website\"},\"primaryImageOfPage\":{\"@id\":\"https:\/\/kofe.hu\/parola\/parola-folyoirat\/ket-kozossegi-kezdemenyezes-kecskemeten\/#primaryimage\"},\"image\":{\"@id\":\"https:\/\/kofe.hu\/parola\/parola-folyoirat\/ket-kozossegi-kezdemenyezes-kecskemeten\/#primaryimage\"},\"thumbnailUrl\":\"https:\/\/kofe.hu\/parola\/wp-content\/uploads\/2020\/06\/B\u00e1lint-S\u00e1ra.gif\",\"datePublished\":\"2020-06-11T06:16:17+00:00\",\"dateModified\":\"2020-07-30T10:59:08+00:00\",\"author\":{\"@id\":\"https:\/\/kofe.hu\/parola\/#\/schema\/person\/7590629b7f3f5873feb8d275f0c09174\"},\"breadcrumb\":{\"@id\":\"https:\/\/kofe.hu\/parola\/parola-folyoirat\/ket-kozossegi-kezdemenyezes-kecskemeten\/#breadcrumb\"},\"inLanguage\":\"hu\",\"potentialAction\":[{\"@type\":\"ReadAction\",\"target\":[\"https:\/\/kofe.hu\/parola\/parola-folyoirat\/ket-kozossegi-kezdemenyezes-kecskemeten\/\"]}]},{\"@type\":\"ImageObject\",\"inLanguage\":\"hu\",\"@id\":\"https:\/\/kofe.hu\/parola\/parola-folyoirat\/ket-kozossegi-kezdemenyezes-kecskemeten\/#primaryimage\",\"url\":\"https:\/\/kofe.hu\/parola\/wp-content\/uploads\/2020\/06\/B\u00e1lint-S\u00e1ra.gif\",\"contentUrl\":\"https:\/\/kofe.hu\/parola\/wp-content\/uploads\/2020\/06\/B\u00e1lint-S\u00e1ra.gif\",\"width\":264,\"height\":264},{\"@type\":\"BreadcrumbList\",\"@id\":\"https:\/\/kofe.hu\/parola\/parola-folyoirat\/ket-kozossegi-kezdemenyezes-kecskemeten\/#breadcrumb\",\"itemListElement\":[{\"@type\":\"ListItem\",\"position\":1,\"name\":\"Home\",\"item\":\"https:\/\/kofe.hu\/parola\/\"},{\"@type\":\"ListItem\",\"position\":2,\"name\":\"K\u00e9t k\u00f6z\u00f6ss\u00e9gi kezdem\u00e9nyez\u00e9s Kecskem\u00e9ten\"}]},{\"@type\":\"WebSite\",\"@id\":\"https:\/\/kofe.hu\/parola\/#website\",\"url\":\"https:\/\/kofe.hu\/parola\/\",\"name\":\"Parola Foly\u00f3irat\",\"description\":\"\",\"potentialAction\":[{\"@type\":\"SearchAction\",\"target\":{\"@type\":\"EntryPoint\",\"urlTemplate\":\"https:\/\/kofe.hu\/parola\/?s={search_term_string}\"},\"query-input\":{\"@type\":\"PropertyValueSpecification\",\"valueRequired\":true,\"valueName\":\"search_term_string\"}}],\"inLanguage\":\"hu\"},{\"@type\":\"Person\",\"@id\":\"https:\/\/kofe.hu\/parola\/#\/schema\/person\/7590629b7f3f5873feb8d275f0c09174\",\"name\":\"B\u00e1lint S\u00e1ra\",\"image\":{\"@type\":\"ImageObject\",\"inLanguage\":\"hu\",\"@id\":\"https:\/\/kofe.hu\/parola\/#\/schema\/person\/image\/23494c9101089ad44ae88ce9d2f56aac\",\"url\":\"https:\/\/secure.gravatar.com\/avatar\/?s=96&d=mm&r=g\",\"contentUrl\":\"https:\/\/secure.gravatar.com\/avatar\/?s=96&d=mm&r=g\",\"caption\":\"B\u00e1lint S\u00e1ra\"},\"url\":\"https:\/\/kofe.hu\/parola\/szerzok\/balint-sara\/\"}]}<\/script>\n<!-- \/ Yoast SEO plugin. -->","yoast_head_json":{"title":"K\u00e9t k\u00f6z\u00f6ss\u00e9gi kezdem\u00e9nyez\u00e9s Kecskem\u00e9ten - Parola Foly\u00f3irat","robots":{"index":"index","follow":"follow","max-snippet":"max-snippet:-1","max-image-preview":"max-image-preview:large","max-video-preview":"max-video-preview:-1"},"canonical":"https:\/\/kofe.hu\/parola\/parola-folyoirat\/ket-kozossegi-kezdemenyezes-kecskemeten\/","og_locale":"hu_HU","og_type":"article","og_title":"K\u00e9t k\u00f6z\u00f6ss\u00e9gi kezdem\u00e9nyez\u00e9s Kecskem\u00e9ten - Parola Foly\u00f3irat","og_description":"Kecskem\u00e9ten \u00e9lek, ez\u00e9rt dolgozatom t\u00e9m\u00e1ja k\u00e9t kecskem\u00e9ti k\u00f6z\u00f6ss\u00e9gi kezdem\u00e9nyez\u00e9s. Az egyik k\u00f6z\u00f6ss\u00e9gi munka szem\u00e9lyesen is \u00e9rint, a m\u00e1sik pedig egy klasszikus civil szervez\u0151d\u00e9s. Nemzetk\u00f6zi \u00f6nk\u00e9ntes t\u00e1bor Helv\u00e9ci\u00e1n (Kecskem\u00e9t k\u00fclter\u00fclet\u00e9n) Ez a nemzetk\u00f6zi t\u00e1bor h\u00e1rom szervezet \u00f6sszefog\u00e1s\u00e1val val\u00f3sult meg 2015 nyar\u00e1n: az SOS Gyermekfalvak Magyarorsz\u00e1gi Alap\u00edtv\u00e1nya, az \u00datilapu H\u00e1l\u00f3zat \u00e9s a Helv\u00e9ciai \u00d6nkorm\u00e1nyzat \u00c1ltal\u00e1nos Iskol\u00e1ja egy\u00fcttm\u0171k\u00f6d\u00e9s\u00e9ben. [&hellip;]","og_url":"https:\/\/kofe.hu\/parola\/parola-folyoirat\/ket-kozossegi-kezdemenyezes-kecskemeten\/","og_site_name":"Parola Foly\u00f3irat","article_published_time":"2020-06-11T06:16:17+00:00","article_modified_time":"2020-07-30T10:59:08+00:00","og_image":[{"width":264,"height":264,"url":"https:\/\/kofe.hu\/parola\/wp-content\/uploads\/2020\/06\/B\u00e1lint-S\u00e1ra.gif","type":"image\/gif"}],"author":"B\u00e1lint S\u00e1ra","twitter_card":"summary_large_image","twitter_misc":{"Szerz\u0151:":"B\u00e1lint S\u00e1ra","Becs\u00fclt olvas\u00e1si id\u0151":"13 perc","Written by":"B\u00e1lint S\u00e1ra"},"schema":{"@context":"https:\/\/schema.org","@graph":[{"@type":"Article","@id":"https:\/\/kofe.hu\/parola\/parola-folyoirat\/ket-kozossegi-kezdemenyezes-kecskemeten\/#article","isPartOf":{"@id":"https:\/\/kofe.hu\/parola\/parola-folyoirat\/ket-kozossegi-kezdemenyezes-kecskemeten\/"},"author":{"name":"B\u00e1lint S\u00e1ra","@id":"https:\/\/kofe.hu\/parola\/#\/schema\/person\/7590629b7f3f5873feb8d275f0c09174"},"headline":"K\u00e9t k\u00f6z\u00f6ss\u00e9gi kezdem\u00e9nyez\u00e9s Kecskem\u00e9ten","datePublished":"2020-06-11T06:16:17+00:00","dateModified":"2020-07-30T10:59:08+00:00","mainEntityOfPage":{"@id":"https:\/\/kofe.hu\/parola\/parola-folyoirat\/ket-kozossegi-kezdemenyezes-kecskemeten\/"},"wordCount":2594,"commentCount":0,"image":{"@id":"https:\/\/kofe.hu\/parola\/parola-folyoirat\/ket-kozossegi-kezdemenyezes-kecskemeten\/#primaryimage"},"thumbnailUrl":"https:\/\/kofe.hu\/parola\/wp-content\/uploads\/2020\/06\/B\u00e1lint-S\u00e1ra.gif","articleSection":["Parola 2016\/1","Parola Foly\u00f3irat","Repert\u00f3rium"],"inLanguage":"hu","potentialAction":[{"@type":"CommentAction","name":"Comment","target":["https:\/\/kofe.hu\/parola\/parola-folyoirat\/ket-kozossegi-kezdemenyezes-kecskemeten\/#respond"]}]},{"@type":"WebPage","@id":"https:\/\/kofe.hu\/parola\/parola-folyoirat\/ket-kozossegi-kezdemenyezes-kecskemeten\/","url":"https:\/\/kofe.hu\/parola\/parola-folyoirat\/ket-kozossegi-kezdemenyezes-kecskemeten\/","name":"K\u00e9t k\u00f6z\u00f6ss\u00e9gi kezdem\u00e9nyez\u00e9s Kecskem\u00e9ten - Parola Foly\u00f3irat","isPartOf":{"@id":"https:\/\/kofe.hu\/parola\/#website"},"primaryImageOfPage":{"@id":"https:\/\/kofe.hu\/parola\/parola-folyoirat\/ket-kozossegi-kezdemenyezes-kecskemeten\/#primaryimage"},"image":{"@id":"https:\/\/kofe.hu\/parola\/parola-folyoirat\/ket-kozossegi-kezdemenyezes-kecskemeten\/#primaryimage"},"thumbnailUrl":"https:\/\/kofe.hu\/parola\/wp-content\/uploads\/2020\/06\/B\u00e1lint-S\u00e1ra.gif","datePublished":"2020-06-11T06:16:17+00:00","dateModified":"2020-07-30T10:59:08+00:00","author":{"@id":"https:\/\/kofe.hu\/parola\/#\/schema\/person\/7590629b7f3f5873feb8d275f0c09174"},"breadcrumb":{"@id":"https:\/\/kofe.hu\/parola\/parola-folyoirat\/ket-kozossegi-kezdemenyezes-kecskemeten\/#breadcrumb"},"inLanguage":"hu","potentialAction":[{"@type":"ReadAction","target":["https:\/\/kofe.hu\/parola\/parola-folyoirat\/ket-kozossegi-kezdemenyezes-kecskemeten\/"]}]},{"@type":"ImageObject","inLanguage":"hu","@id":"https:\/\/kofe.hu\/parola\/parola-folyoirat\/ket-kozossegi-kezdemenyezes-kecskemeten\/#primaryimage","url":"https:\/\/kofe.hu\/parola\/wp-content\/uploads\/2020\/06\/B\u00e1lint-S\u00e1ra.gif","contentUrl":"https:\/\/kofe.hu\/parola\/wp-content\/uploads\/2020\/06\/B\u00e1lint-S\u00e1ra.gif","width":264,"height":264},{"@type":"BreadcrumbList","@id":"https:\/\/kofe.hu\/parola\/parola-folyoirat\/ket-kozossegi-kezdemenyezes-kecskemeten\/#breadcrumb","itemListElement":[{"@type":"ListItem","position":1,"name":"Home","item":"https:\/\/kofe.hu\/parola\/"},{"@type":"ListItem","position":2,"name":"K\u00e9t k\u00f6z\u00f6ss\u00e9gi kezdem\u00e9nyez\u00e9s Kecskem\u00e9ten"}]},{"@type":"WebSite","@id":"https:\/\/kofe.hu\/parola\/#website","url":"https:\/\/kofe.hu\/parola\/","name":"Parola Foly\u00f3irat","description":"","potentialAction":[{"@type":"SearchAction","target":{"@type":"EntryPoint","urlTemplate":"https:\/\/kofe.hu\/parola\/?s={search_term_string}"},"query-input":{"@type":"PropertyValueSpecification","valueRequired":true,"valueName":"search_term_string"}}],"inLanguage":"hu"},{"@type":"Person","@id":"https:\/\/kofe.hu\/parola\/#\/schema\/person\/7590629b7f3f5873feb8d275f0c09174","name":"B\u00e1lint S\u00e1ra","image":{"@type":"ImageObject","inLanguage":"hu","@id":"https:\/\/kofe.hu\/parola\/#\/schema\/person\/image\/23494c9101089ad44ae88ce9d2f56aac","url":"https:\/\/secure.gravatar.com\/avatar\/?s=96&d=mm&r=g","contentUrl":"https:\/\/secure.gravatar.com\/avatar\/?s=96&d=mm&r=g","caption":"B\u00e1lint S\u00e1ra"},"url":"https:\/\/kofe.hu\/parola\/szerzok\/balint-sara\/"}]}},"_links":{"self":[{"href":"https:\/\/kofe.hu\/parola\/wp-json\/wp\/v2\/posts\/1582","targetHints":{"allow":["GET"]}}],"collection":[{"href":"https:\/\/kofe.hu\/parola\/wp-json\/wp\/v2\/posts"}],"about":[{"href":"https:\/\/kofe.hu\/parola\/wp-json\/wp\/v2\/types\/post"}],"author":[{"embeddable":true,"href":"https:\/\/kofe.hu\/parola\/wp-json\/wp\/v2\/users\/125"}],"replies":[{"embeddable":true,"href":"https:\/\/kofe.hu\/parola\/wp-json\/wp\/v2\/comments?post=1582"}],"version-history":[{"count":2,"href":"https:\/\/kofe.hu\/parola\/wp-json\/wp\/v2\/posts\/1582\/revisions"}],"predecessor-version":[{"id":1585,"href":"https:\/\/kofe.hu\/parola\/wp-json\/wp\/v2\/posts\/1582\/revisions\/1585"}],"wp:featuredmedia":[{"embeddable":true,"href":"https:\/\/kofe.hu\/parola\/wp-json\/wp\/v2\/media\/1583"}],"wp:attachment":[{"href":"https:\/\/kofe.hu\/parola\/wp-json\/wp\/v2\/media?parent=1582"}],"wp:term":[{"taxonomy":"category","embeddable":true,"href":"https:\/\/kofe.hu\/parola\/wp-json\/wp\/v2\/categories?post=1582"},{"taxonomy":"post_tag","embeddable":true,"href":"https:\/\/kofe.hu\/parola\/wp-json\/wp\/v2\/tags?post=1582"},{"taxonomy":"author","embeddable":true,"href":"https:\/\/kofe.hu\/parola\/wp-json\/wp\/v2\/coauthors?post=1582"}],"curies":[{"name":"wp","href":"https:\/\/api.w.org\/{rel}","templated":true}]}}