{"id":1579,"date":"2020-06-11T06:10:47","date_gmt":"2020-06-11T06:10:47","guid":{"rendered":"https:\/\/kofe.hu\/parola\/?p=1579"},"modified":"2020-07-30T10:59:02","modified_gmt":"2020-07-30T10:59:02","slug":"jolet-es-onbecsules-a-kozossegi-munka-fenyeben","status":"publish","type":"post","link":"https:\/\/kofe.hu\/parola\/parola-folyoirat\/jolet-es-onbecsules-a-kozossegi-munka-fenyeben\/","title":{"rendered":"J\u00f3l\u00e9t \u00e9s \u00f6nbecs\u00fcl\u00e9s a k\u00f6z\u00f6ss\u00e9gi munka f\u00e9ny\u00e9ben"},"content":{"rendered":"<p><span style=\"font-family: Arial;\"><b><i><span style=\"font-family: Arial; font-size: x-large;\">Essz\u00e9f\u00fcz\u00e9r<\/span><\/i><\/b><span style=\"font-family: Arial; font-size: x-large;\"> az ELTE I. \u00e9ves nappali tagozatos, k\u00f6z\u00f6ss\u00e9gi munk\u00e1t hallgat\u00f3k essz\u00e9i\u00a0<\/span><\/span><\/p>\n<p><span style=\"font-family: Arial;\">A kollekt\u00edv t\u00edpus\u00fa, k\u00f6z\u00f6s tudaton alapul\u00f3 szolidarit\u00e1s a modern t\u00e1rsadalmakban minden\u00fctt visszaszorul\u00f3ban van, de a k\u00f6z\u00e9p- kelet-eur\u00f3pai r\u00e9gi\u00f3ban szinte egy csap\u00e1sra omlott \u00f6ssze. (Vercseg 2011) A piacgazdas\u00e1g k\u00f6r\u00fclm\u00e9nyeinek sokkter\u00e1pia-szer\u0171 bevezet\u00e9se nem hozta meg a v\u00e1rt eredm\u00e9nyt, az itt-ott m\u00e1r kor\u00e1bban is felbukkan\u00f3 an\u00f3mia teljesen elhatalmasodott a magyar t\u00e1rsadalmon \u00e9s a rendszerv\u00e1lt\u00e1s \u00f3ta is tart\u00f3san depriv\u00e1lt, mor\u00e1lis \u00e9s szoci\u00e1lis v\u00e1ls\u00e1ggal k\u00fczd\u0151 orsz\u00e1gban \u00e9l\u00fcnk.<\/span><\/p>\n<p><!--more--><span style=\"font-family: Arial;\">Ernst Friedrich Schumacher munk\u00e1ss\u00e1ga m\u00e1ig alapja a z\u00f6ld k\u00f6zgazdas\u00e1gi \u00e9s etikai gondolkod\u00e1snak. Burmai tapasztalatai adt\u00e1k meg azt a szellemi ind\u00edt\u00e1st, mely arra \u00f6szt\u00f6k\u00e9lte, hogy fel\u00fclvizsg\u00e1lja a modern k\u00f6zgazdas\u00e1gtan \u00f6r\u00f6k\u00e9rv\u00e9ny\u0171nek t\u00e9telezett t\u00f6rv\u00e9nyeit, \u00e9s felv\u00e1zoljon egy olyan gazdas\u00e1gi szeml\u00e9letet, amely nem a javak felhalmoz\u00e1s\u00e1t tekinti fejl\u0151d\u00e9snek, hanem az ember nemesebb\u00e9 v\u00e1l\u00e1s\u00e1t, amelynek szerves r\u00e9sze az \u00f6r\u00f6mmel v\u00e9gzett munka, \u00e9s az a helyi k\u00f6z\u00f6ss\u00e9g, ahol ezt a munk\u00e1t v\u00e9gzi.<\/span><br \/>\n<span style=\"font-family: Arial;\">Az olyan buddhista orsz\u00e1gok, mint Burma, nem l\u00e1ttak ellentmond\u00e1st a vall\u00e1si hagyom\u00e1nyok \u00e9s a nyugatias felfog\u00e1s\u00fa gazdas\u00e1gi fejl\u0151d\u00e9s k\u00f6z\u00f6tt. \u00dagy v\u00e9lt\u00e9k, \u00e9s nyilv\u00e1n \u00fagy v\u00e9lik ma is, hogy a szellemi eg\u00e9szs\u00e9g \u00e9s az anyagi j\u00f3l\u00e9t nem ellens\u00e9gei egym\u00e1snak, hanem \u00e9pp hogy sz\u00f6vets\u00e9gesei, \u00e9s a buddhista vall\u00e1si, szellemi \u00f6r\u00f6ks\u00e9geiket sikerrel \u00f6tv\u00f6zhetik a modern technol\u00f3gia \u201ej\u00f3t\u00e9tem\u00e9nyeivel\u201d. Nyugatr\u00f3l k\u00f6zgazd\u00e1szokat h\u00edvtak tan\u00e1csad\u00f3kat, hogy seg\u00edts\u00e9k kidolgozni a moderniz\u00e1ci\u00f3 k\u00f6vetkez\u0151 \u00f6t\u00e9ves terv\u00e9t. \u00cdgy ker\u00fclt 1955-ben Schumacher is Burm\u00e1ba. E munka sor\u00e1n szembes\u00fclt azzal, hogy itt eg\u00e9szen m\u00e1sk\u00e9nt gondolkodnak a j\u00f3l\u00e9tr\u0151l, gazdas\u00e1goss\u00e1gr\u00f3l, mint Nyugaton, a buddhista \u00e9letvitel buddhista k\u00f6zgazdas\u00e1gtant ig\u00e9nyel, k\u00f6vetkez\u00e9sk\u00e9ppen a modern nyugati k\u00f6zgazdas\u00e1gtan t\u00e9telei nem felt\u00e9tlen\u00fcl \u00e1ltal\u00e1nos \u00e9rv\u00e9ny\u0171ek.<\/span><br \/>\n<span style=\"font-family: Arial;\">Ilyen p\u00e9ld\u00e1ul a munk\u00e1hoz val\u00f3 viszony alapvet\u0151 k\u00fcl\u00f6nbs\u00e9ge a nyugati \u00e9s a buddhista k\u00f6zgazdas\u00e1gtanban. Abban \u00e1ltal\u00e1nos az egyet\u00e9rt\u00e9s, hogy a gazdas\u00e1g egyik alapvet\u0151 forr\u00e1sa az emberi munka. A nyugati k\u00f6zgazd\u00e1sz erre \u00fagy tekint, mint sz\u00fcks\u00e9ges rosszra. A munk\u00e1ltat\u00f3 szempontj\u00e1b\u00f3l az emberi munka puszta k\u00f6lts\u00e9g, amit ha automatiz\u00e1ci\u00f3val nem is lehet teljesen kik\u00fcsz\u00f6b\u00f6lni, de mindenk\u00e9ppen minimaliz\u00e1lni kell. A munk\u00e1s sz\u00e1m\u00e1ra a munka kellemetlens\u00e9g, dolgozni annyi, mint fel\u00e1ldozni a szabad id\u0151t \u00e9s a k\u00e9nyelmet a munkab\u00e9r\u00e9rt cser\u00e9be. A munk\u00e1ltat\u00f3 szempontj\u00e1b\u00f3l az ide\u00e1lis \u00e1llapot az volna, ha alkalmazott n\u00e9lk\u00fcl tudna termelni, a munkav\u00e1llal\u00f3nak pedig az, ha munkav\u00e9gz\u00e9s n\u00e9lk\u00fcl jutna j\u00f6vedelemhez. Amennyiben a munka olyasmi, amit\u0151l szabadulni kell, minden j\u00f3, ami \u201ecs\u00f6kkent a munkaterheket\u201d. Ilyen eszerint a gy\u00e1rt\u00f3sor is, ami a termel\u00e9s folyamategys\u00e9geit par\u00e1nyi r\u00e9szekre osztja, hogy mindenkinek csak a v\u00e9gtagjai jelent\u00e9ktelen \u00e9s szakk\u00e9pzetts\u00e9get nem ig\u00e9nyl\u0151 mozdulat\u00e1val kelljen a folyamathoz hozz\u00e1j\u00e1rulni. (Schumacher 1973:2014)<\/span><br \/>\n<span style=\"font-family: Arial;\">A buddhista felfog\u00e1s szerint a munk\u00e1nak legal\u00e1bb h\u00e1rom funkci\u00f3ja van. Egyfel\u0151l lehet\u0151s\u00e9get ad arra, hogy az ember haszn\u00e1lja \u00e9s fejlessze k\u00e9pess\u00e9git, m\u00e1sfel\u0151l alkalma ny\u00edlik arra, hogy legy\u0151zze az \u00f6nz\u00e9st a m\u00e1sokkal val\u00f3 egy\u00fcttm\u0171k\u00f6d\u00e9s sor\u00e1n, v\u00e9g\u00fcl pedig megtermeli azokat a javakat, amelyek az emberhez m\u00e9lt\u00f3 \u00e9lethez sz\u00fcks\u00e9gesek. E felfog\u00e1s szerint ha \u00fagy szervezz\u00fck a munk\u00e1t, hogy az unalmas \u00e9s ideg\u0151rl\u0151 az ember sz\u00e1m\u00e1ra, az alig k\u00fcl\u00f6nb\u00f6zik a b\u0171ncselekm\u00e9nyt\u0151l. Ez ugyanis arra utal, hogy az el\u0151\u00e1ll\u00edtott javakat fontosabbnak tartjuk az embern\u00e9l, gonoszs\u00e1gig h\u00edj\u00e1n vagyunk az egy\u00fctt\u00e9rz\u00e9snek, \u00e9s l\u00e9lekpuszt\u00edt\u00f3 m\u00e9rt\u00e9kig ragaszkodunk az evil\u00e1gi l\u00e9t legprimit\u00edvebb oldal\u00e1hoz. Aki pedig szabadid\u0151t akar nyerni a munka rov\u00e1s\u00e1ra, az nem \u00e9rti, hogy munka \u00e9s szabadid\u0151 ugyannak az \u00e9letfolyamatnak az egym\u00e1st kieg\u00e9sz\u00edt\u0151 r\u00e9szei, mint a kil\u00e9gz\u00e9s \u00e9s a bel\u00e9gz\u00e9s. A buddhista felfog\u00e1s szerint ez\u00e9rt a g\u00e9pes\u00edt\u00e9snek k\u00e9t v\u00e1lfaja van, mely k\u00f6z\u00f6tt \u00e9les k\u00fcl\u00f6nbs\u00e9get kell tenni. Az egyik fokozza a munk\u00e1s \u00fcgyess\u00e9g\u00e9t, a m\u00e1sik kiszolg\u00e1ltatja az embert a g\u00e9pnek. A manu\u00e1lis sz\u00f6v\u0151sz\u00e9k egy olyan szersz\u00e1m, mely seg\u00edt feszesen tartani a felvet\u00e9st, a g\u00e9pi sz\u00f6v\u0151sz\u00e9k viszont kult\u00fararombol\u00f3, mert a munka emberi r\u00e9sz\u00e9t v\u00e9gzi. A buddhista k\u00f6zgazdas\u00e1gtan teh\u00e1t l\u00e9nyegesen k\u00fcl\u00f6nb\u00f6zik a nyugatit\u00f3l, hisz nem a javak felhalmoz\u00e1s\u00e1ban l\u00e1tja a civiliz\u00e1ci\u00f3 l\u00e9nyeg\u00e9t, hanem az emberi jellem megtiszt\u00edt\u00e1s\u00e1ban. Az emberi m\u00e9lt\u00f3s\u00e1g \u00e9s szabads\u00e1g k\u00f6r\u00fclm\u00e9nyei k\u00f6zt v\u00e9gzett munka jav\u00e1ra v\u00e1lik a munk\u00e1snak \u00e9s a term\u00e9knek egyar\u00e1nt. (Schumacher 1973:2014)<\/span><br \/>\n<span style=\"font-family: Arial;\">Az egyik ok, ami\u00e9rt Schumacherre hivatkozom, az az, hogy j\u00f3l l\u00e1that\u00f3 mindebb\u0151l: amit j\u00f3l\u00e9tnek, fejletts\u00e9gnek nevez\u00fcnk, azt a kult\u00fara hat\u00e1rozza meg. A munkav\u00e9gz\u00e9s nem puszta termel\u00e9s, hanem k\u00f6z\u00f6ss\u00e9gi tev\u00e9kenys\u00e9g. A hozz\u00e1 f\u0171z\u0151d\u0151 viszonyban a munkav\u00e9gz\u00e9s k\u00f6r\u00fclm\u00e9nyeiben \u00e9s m\u00f3dj\u00e1ban kifejezi a k\u00f6z\u00f6ss\u00e9g \u00e9rt\u00e9krendj\u00e9t, eszm\u00e9nyeit, vil\u00e1ghoz val\u00f3 viszony\u00e1t. Ott, ahol az \u00e9rt\u00e9kek tekintet\u00e9ben megvan az alapvet\u0151 minim\u00e1lis konszenzus, k\u00f6nnyen kialak\u00edthat\u00f3 egy gyakorlati strat\u00e9gia, amely szerint emberhez m\u00e9lt\u00f3 k\u00f6r\u00fclm\u00e9nyeket k\u00eds\u00e9relhet\u00fcnk meg magunknak teremteni. Ahol ilyen nincs, ott az energi\u00e1k sz\u00e9ttartanak \u00e9s nincs el\u0151rehalad\u00e1s. Ezt a magyarorsz\u00e1gi civil \u00e9letben l\u00e9pten, nyomon tapasztaltam magam is. A rendszerv\u00e1lt\u00e1st k\u00f6vet\u0151en, uni\u00f3s tagg\u00e1 v\u00e1l\u00e1sunkat k\u00f6vet\u0151n m\u00e9g ink\u00e1bb igaz, hogy jelent\u0151s anyagi forr\u00e1sok \u00e1lltak rendelkez\u00e9sre, melyb\u0151l m\u00e1ra vir\u00e1gz\u00f3 civil t\u00e1rsadalmat lehetett volna l\u00e9trehozni. Annak okait, hogy ez ma nincs, nem anyagi t\u00e9ren kell v\u00e9lem\u00e9nyem szerint keresni. A korrupci\u00f3t szok\u00e1s itt emlegetni, de ez is t\u00fcnete az an\u00f3mi\u00e1nak.<\/span><br \/>\n<span style=\"font-family: Arial;\">A CEORG an\u00f3mia kutat\u00e1sai az an\u00f3mia k\u00f6vetkez\u0151 dimenzi\u00f3ira terjedt ki: mag\u00e1nyoss\u00e1g, orient\u00e1ci\u00f3hi\u00e1ny, hatalomn\u00e9lk\u00fclis\u00e9g, munk\u00e1t\u00f3l val\u00f3 elidegened\u00e9s, normaszeg\u00e9s, a t\u00e1rsadalom tagjaival val\u00f3 kapcsolat hi\u00e1nya, m\u00e1sok probl\u00e9m\u00e1ival val\u00f3 \u00e9rz\u00e9ketlens\u00e9g. (Vercseg 2011)<\/span><\/p>\n<table border=\"1\">\n<tbody>\n<tr valign=\"top\">\n<td width=\"310\"><\/td>\n<td width=\"270\">\n<div align=\"center\"><span style=\"font-family: Times New Roman; font-size: large;\">Magyarorsz\u00e1g (N=1512)<\/span><\/div>\n<\/td>\n<\/tr>\n<tr valign=\"top\">\n<td width=\"310\"><\/td>\n<td width=\"270\">\n<div align=\"center\"><span style=\"font-family: Times New Roman; font-size: large;\">Teljesen igaz R\u00e9szben igaz<\/span><\/div>\n<\/td>\n<\/tr>\n<tr valign=\"top\">\n<td width=\"310\"><span style=\"font-family: Times New Roman; font-size: large;\">Mindennapi dolgaimat nem tudom befoly\u00e1solni<\/span><\/td>\n<td width=\"270\">\n<div align=\"center\"><span style=\"font-family: Times New Roman; font-size: large;\">10 36<\/span><\/div>\n<\/td>\n<\/tr>\n<tr valign=\"top\">\n<td width=\"310\"><span style=\"font-family: Times New Roman; font-size: large;\">Gyakran \u00e9rzem mag\u00e1nyosnak magam<\/span><\/td>\n<td width=\"270\">\n<div align=\"center\"><span style=\"font-family: Times New Roman; font-size: large;\">8 16<\/span><\/div>\n<\/td>\n<\/tr>\n<tr valign=\"top\">\n<td width=\"310\"><span style=\"font-family: Times New Roman; font-size: large;\">Manaps\u00e1g alig tudok eligazodni az \u00e9let dolgaiban<\/span><\/td>\n<td width=\"270\">\n<div align=\"center\"><span style=\"font-family: Times New Roman; font-size: large;\">16 38<\/span><\/div>\n<\/td>\n<\/tr>\n<tr valign=\"top\">\n<td width=\"310\"><span style=\"font-family: Times New Roman; font-size: large;\">A munk\u00e1ban \u00e1ltal\u00e1ban nem lelem \u00f6r\u00f6m\u00f6met (a foglalkoztatottak k\u00f6z\u00f6tt)<\/span><\/td>\n<td width=\"270\">\n<div align=\"center\"><span style=\"font-family: Times New Roman; font-size: large;\">6 15<\/span><\/div>\n<\/td>\n<\/tr>\n<tr valign=\"top\">\n<td width=\"310\"><span style=\"font-family: Times New Roman; font-size: large;\">A t\u00f6rv\u00e9nys\u00e9rt\u0151k manaps\u00e1g elker\u00fclik, hogy megb\u00fcntess\u00e9k \u0151ket<\/span><\/td>\n<td width=\"270\">\n<div align=\"center\"><span style=\"font-family: Times New Roman; font-size: large;\">38 53<\/span><\/div>\n<\/td>\n<\/tr>\n<tr valign=\"top\">\n<td width=\"310\"><span style=\"font-family: Times New Roman; font-size: large;\">Aki vinni akarja valamire, r\u00e1k\u00e9nyszer\u00fcl arra, hogy egyes szab\u00e1lyokat \u00e1th\u00e1gjon<\/span><\/td>\n<td width=\"270\">\n<div align=\"center\"><span style=\"font-family: Times New Roman; font-size: large;\">36 41<\/span><\/div>\n<\/td>\n<\/tr>\n<tr valign=\"top\">\n<td width=\"310\"><span style=\"font-family: Times New Roman; font-size: large;\">Senki sem t\u00f6r\u0151dik azzal, hogy mi t\u00f6rt\u00e9nik a m\u00e1sik emberrel<\/span><\/td>\n<td width=\"270\">\n<div align=\"center\"><span style=\"font-family: Times New Roman; font-size: large;\">37 47<\/span><\/div>\n<\/td>\n<\/tr>\n<\/tbody>\n<\/table>\n<p><span style=\"font-family: Arial;\">(T\u00e1rki 2001)<\/span><br \/>\n<span style=\"font-family: Arial;\">\u201eEgy, a pedag\u00f3gusok \u00e9rt\u00e9kv\u00e1laszt\u00e1s\u00e1ra vonatkoz\u00f3 kutat\u00e1s nem tudott l\u00e1tens strukt\u00far\u00e1t, vez\u00e9rl\u0151 elvet tal\u00e1lni a pedag\u00f3gus t\u00e1rsadalom \u00e9rt\u00e9kv\u00e1laszt\u00e1sa m\u00f6g\u00f6tt. Ez azt jelenti, hogy az egyes nevel\u00e9si elvek atomiz\u00e1ltan, nem pedig a pedag\u00f3gus t\u00e1rsadalom \u00e1ltal k\u00e9pviselt orient\u00e1ci\u00f3k ment\u00e9n \u00f6sszekapcsol\u00f3dva jelennek meg a tan\u00e1rok gondolkod\u00e1s\u00e1ban. A kutat\u00e1s \u00f6sszecseng\u0151nek v\u00e9li a teljes n\u00e9pess\u00e9g orient\u00e1ci\u00f3 hi\u00e1ny\u00e1val, vagyis azzal hogy az emberek alig tudnak eligazodni az \u00e9let dolgaiban.\u201d A k\u00f6z\u00f6s norm\u00e1k hi\u00e1nya r\u00e1mutat arra, hogy a helyi k\u00f6z\u00f6ss\u00e9gek nem vagy csak kism\u00e9rt\u00e9kben tudj\u00e1k bet\u00f6lteni funkci\u00f3jukat. (Vercseg 2011)<\/span><br \/>\n<span style=\"font-family: Arial;\">Buda B\u00e9la meghat\u00e1roz\u00e1s\u00e1ban a k\u00f6z\u00f6ss\u00e9g els\u0151dlegesen olyan emberi kapcsolatrendszert jelent, amelyben az emberek rendszeresen vagy gyakran \u00e9rintkeznek egym\u00e1ssal. Ismer\u0151si viszonyban \u00e1llnak, \u00e9s a k\u00f6z\u00f6ss\u00e9g f\u00f6ldrajzi hely\u00e9hez, hagyom\u00e1nyaihoz \u00e9s \u00e9rt\u00e9keihez viszony\u00edtva hat\u00e1rozz\u00e1k meg \u00f6nmagukat. (Buda 1994) Ronald L. Warren a k\u00f6z\u00f6ss\u00e9gnek \u00f6t funkci\u00f3j\u00e1t k\u00fcl\u00f6n\u00edtette el: szocializ\u00e1l; gazdas\u00e1gi boldogul\u00e1st biztos\u00edt tagjainak; teret ad a t\u00e1rsas\u00e1gi \u00e9s t\u00e1rsadalmi \u00e9letre, \u00e9s a jogok \u00e9s k\u00f6telezetts\u00e9gek gyakorl\u00e1s\u00e1ra; lehet\u0151v\u00e9 teszi a t\u00e1rsadalmi kontroll funkci\u00f3j\u00e1t, valamint a k\u00f6lcs\u00f6n\u00f6s t\u00e1mogat\u00e1s \u00e9s egy\u00fcttm\u0171k\u00f6d\u00e9s sz\u00edntere is. (Vercseg 2011) Buda B\u00e9la k\u00fcl\u00f6n kiemeli a k\u00f6z\u00f6ss\u00e9get a bar\u00e1ti \u00e9s intim kapcsolatok l\u00e9trej\u00f6tt\u00e9ben. A Warren-f\u00e9le k\u00f6z\u00f6ss\u00e9g-funkci\u00f3k az \u00e9rzelmi k\u00f6t\u0151d\u00e9s r\u00e9v\u00e9n j\u00f6nnek l\u00e9tre. A k\u00f6z\u00f6ss\u00e9g a szem\u00e9lyis\u00e9g \u00e9s az antropol\u00f3giai \u00e9rtelemben vett kult\u00fara els\u0151dleges \u00e9lettere. A diktat\u00far\u00e1k kult\u00fararombol\u00f3 hat\u00e1sa teh\u00e1t nem a \u201evigy\u00e1zz, k\u00e9sz, t\u0171z!\u201d-ben \u00e9rhet\u0151 tetten, hanem a manipul\u00e1ci\u00f3ban \u00e9s megf\u00e9leml\u00edt\u00e9sben, ami az organikusan l\u00e9trej\u00f6v\u0151 k\u00f6z\u00f6ss\u00e9geket al\u00e1\u00e1ssa, vagy ny\u00edltan rombolja. A k\u00f6z\u00f6ss\u00e9gi munk\u00e1nak teh\u00e1t Magyarorsz\u00e1gon nem kisebb a feladata, mint hogy meghat\u00e1roz\u00f3 szerepet v\u00e1llaljon a t\u00e1rsadalom \u00fajb\u00f3li \u00f6nmag\u00e1ra tal\u00e1l\u00e1s\u00e1ban.<\/span><br \/>\n<span style=\"font-family: Arial;\">Schumacher nem csak az\u00e9rt mutatta be a buddhist\u00e1k felfog\u00e1s\u00e1t j\u00f3l\u00e9tr\u0151l \u00e9s gazdas\u00e1gr\u00f3l, hogy r\u00e1mutasson az err\u0151l val\u00f3 gondolkod\u00e1s kult\u00far\u00e1ba \u00e1gyazotts\u00e1g\u00e1ba, ezzel relativiz\u00e1lva a nyugati k\u00f6zgazdas\u00e1gtan egyes \u00e1ltal\u00e1nosnak v\u00e9lt t\u00e9teleit. Egyfel\u0151l val\u00f3ban r\u00e1mutat a nyugati felfog\u00e1s ellentmond\u00e1soss\u00e1g\u00e1ra, m\u00e1sfel\u0151l viszont felmutat egy olyan alternat\u00edv\u00e1t, melyben a munkatev\u00e9kenys\u00e9g nem robotol\u00e1s, hanem emberhez m\u00e9lt\u00f3 alkot\u00f3, \u00e9p\u00edt\u0151 tev\u00e9kenys\u00e9g. Ez eszmei alapot adhat azon t\u00f6rekv\u00e9seknek, melyek a helyi k\u00f6z\u00f6ss\u00e9geket arra \u00f6szt\u00f6nzik, hogy gazdas\u00e1gi, infrastrukt\u00fara hi\u00e1nyoss\u00e1gaib\u00f3l ad\u00f3d\u00f3 probl\u00e9m\u00e1ikat k\u00f6z\u00f6ss\u00e9gi \u00f6sszefog\u00e1ssal orvosolj\u00e1k. Ez k\u00fcl\u00f6n\u00f6sen vid\u00e9ken tapasztalhat\u00f3, ahol az apr\u00f3 telep\u00fcl\u00e9sek gyakran sz\u00f3 szerint a l\u00e9t\u00fck\u00e9rt k\u00fczdenek. 2014 nyar\u00e1n volt szerencs\u00e9m bekapcsol\u00f3dni egy p\u00e1ly\u00e1zat\u00edr\u00f3 iroda tev\u00e9kenys\u00e9g\u00e9be, ahol t\u00f6bbnyire szoci\u00e1lis sz\u00f6vetkezetek tev\u00e9kenys\u00e9g\u00e9hez seg\u00edtett\u00fcnk forr\u00e1st teremteni. \u00c9rdekes m\u00f3don egyre ink\u00e1bb motiv\u00e1ci\u00f3s er\u0151vel b\u00edr a magyar k\u00f6z\u00e9letb\u0151l val\u00f3 ki\u00e1br\u00e1ndults\u00e1g is. Nem v\u00e1rj\u00e1k a messi\u00e1st, egyre ink\u00e1bb szembes\u00fclnek azzal, hogy magukra vannak utalva. A besz\u0171k\u00fcl\u0151 lehet\u0151s\u00e9gek megmozgatj\u00e1k nem csak az egy\u00e9n, de egy k\u00f6z\u00f6ss\u00e9g t\u00fal\u00e9l\u00e9si \u00f6szt\u00f6neit. Vagy \u0151k tal\u00e1lnak megold\u00e1st, vagy senki. Ez m\u00e1r el\u00e9gs\u00e9ges k\u00f6z\u00f6s alap lehet ahhoz, hogy egy faluk\u00f6z\u00f6ss\u00e9g elinduljon az egy\u00fcttm\u0171k\u00f6d\u00e9s fel\u00e9. A magyar n\u00e9p, tapasztalatom szerint, rafin\u00e1lt, tud, ha akar, \u00e9s ha energi\u00e1it nem az \u00f6nsajn\u00e1latba fekteti. Itt lehet k\u00fcl\u00f6nleges szerepe egy j\u00f3 k\u00f6z\u00f6ss\u00e9gfejleszt\u0151nek.<\/span><br \/>\n<span style=\"font-family: Arial;\">Ha egy k\u00f6z\u00f6ss\u00e9g meg\u00e9p\u00edti saj\u00e1t mag\u00e1nak az utat az utc\u00e1j\u00e1ban, vagy vend\u00e9gh\u00e1zat m\u0171k\u00f6dtetnek egy\u00fctt, vagy sz\u00f6vetkezetbe t\u00f6m\u00f6r\u00fclve kerti \u00e9s \u00e9p\u00edt\u0151ipari munk\u00e1kat v\u00e1llalnak a k\u00f6rny\u00e9ken, az el\u0151sz\u00f6r is n\u00f6veli a t\u00e1rsadalmi t\u0151k\u00e9t. Lassul, majd megsz\u0171nik a nyersanyag, a munkaer\u0151, a fiatalok \u00e9s a p\u00e9nz ki\u00e1raml\u00e1sa, \u00e9s elindul az az \u00e1h\u00edtott kommunik\u00e1ci\u00f3 munkaad\u00f3k, v\u00e1llalkoz\u00f3k \u00e9s munkav\u00e1llal\u00f3k k\u00f6z\u00f6tt, amelyet a k\u00f6z\u00f6ss\u00e9gfejleszt\u0151k annyira hi\u00e1nyolnak. (Vercseg 2011)<\/span><br \/>\n<span style=\"font-family: Arial;\">Az olyan egy\u00fctt v\u00e9gzett munka sor\u00e1n, amelyben a r\u00e9sztvev\u0151k kapcsolatban vannak a munka ok\u00e1val \u00e9s c\u00e9lj\u00e1val, teh\u00e1t a k\u00f6z\u00f6ss\u00e9g \u00f6nmag\u00e1\u00e9rt dolgozik, l\u00e9tre j\u00f6n a bizalom egym\u00e1s ir\u00e1nt, a k\u00f6lcs\u00f6n\u00f6s t\u00e1mogat\u00e1s, a form\u00e1lis int\u00e9zm\u00e9nyeken k\u00edv\u00fcl is \u00e9rv\u00e9nyes szab\u00e1lyok, k\u00f6z\u00f6s norm\u00e1k, viszonoss\u00e1g. Az egy\u00fcttes sikereket el\u00e9r\u0151 k\u00f6z\u00f6ss\u00e9g elkezd m\u00e1shogyan gondolkodni \u00f6nmaga \u00e9s a helyi vezet\u00e9s viszony\u00e1r\u00f3l. Jobban kih\u00fazza mag\u00e1t azon az \u00faton, amit maga \u00e9p\u00edtett k\u00f6z\u00f6s er\u0151vel, mint azon, amelyet a megyei el\u0151j\u00e1r\u00f3s\u00e1g csin\u00e1ltatott a talpa al\u00e1. Lassan talp\u00e1ra \u00e1ll fej\u00e9ben a vil\u00e1g, az \u00f6nkorm\u00e1nyzatban nem urakat l\u00e1t, aki\u00e9rt \u0151 van, hanem hivatalnokokat, akik \u0151\u00e9rte vannak. A t\u00e1rsadalmi t\u0151ke n\u00f6veked\u00e9s\u00e9vel egyre ink\u00e1bb megsz\u0171nik a tehetetlens\u00e9g \u00e9rz\u00e9se, megny\u00edlik a lehet\u0151s\u00e9g a tapasztalatok megoszt\u00e1s\u00e1nak, \u00e9s nyitott\u00e1 v\u00e1lik az egy\u00e9n a lehet\u0151s\u00e9gek megismer\u00e9s\u00e9re. \u00cdgy j\u00f6het l\u00e9tre az a bels\u0151 tart\u00e1s, empowerment, ami egy alulr\u00f3l \u00e9p\u00edtkez\u0151 b\u00e1zis-demokr\u00e1ci\u00e1nak alapfelt\u00e9tele.<\/span><\/p>\n<p><span style=\"font-family: Arial;\">Forr\u00e1sok:<\/span><br \/>\n<span style=\"font-family: Arial;\">Vercseg Ilona (2011): K\u00f6z\u00f6ss\u00e9g \u00e9s r\u00e9szv\u00e9tel. A k\u00f6z\u00f6ss\u00e9gfejleszt\u00e9s \u00e9s a k\u00f6z\u00f6ss\u00e9gi munka gyakorlat\u00e1nak elm\u00e9lete. ELTE Szoci\u00e1lis Munka Tansz\u00e9k \u00e9s Hilscher Dezs\u0151 Szoci\u00e1lpolitikai Egyes\u00fclet, Budapest<\/span><br \/>\n<span style=\"font-family: Arial;\">Ernst Friedrich Schumacher [1973] 2014): A buddhista k\u00f6zgazdas\u00e1gtan. In: A kicsi sz\u00e9p. Kataliz\u00e1tor Kiad\u00f3, Budapest<\/span><br \/>\n<span style=\"font-family: Arial;\">Buda B\u00e9la: Ment\u00e1lhigi\u00e9n\u00e9. A lelki eg\u00e9szs\u00e9g t\u00e1rsadalmi, munkaszervezeti, pszichokultur\u00e1lis \u00e9s gyakorlati vet\u00fcletei. Budapest: Animula Kiad\u00f3, 1994<\/span><br \/>\n<span style=\"font-family: Arial;\">T\u00e1rki: Az an\u00f3mia elterjedts\u00e9ge \u00e9s a normaszeg\u00e9s elfogadotts\u00e1ga h\u00e1rom visegr\u00e1di orsz\u00e1gban: Magyarorsz\u00e1g, Csehorsz\u00e1g \u00e9s Lengyelorsz\u00e1g. A Central European Opinion Research Group (CEORG) havi rendszeres k\u00f6zv\u00e9lem\u00e9ny kutat\u00e1sa, 2001. febru\u00e1r<\/span><br \/>\n<span style=\"font-family: Arial;\">www.tarki.hu\/adatbank-h\/kutjel\/pdf\/a552.pdf let\u00f6ltve 2016. janu\u00e1r 6. 18:51<\/span><\/p>\n","protected":false},"excerpt":{"rendered":"<p>Essz\u00e9f\u00fcz\u00e9r az ELTE I. \u00e9ves nappali tagozatos, k\u00f6z\u00f6ss\u00e9gi munk\u00e1t hallgat\u00f3k essz\u00e9i\u00a0 A kollekt\u00edv t\u00edpus\u00fa, k\u00f6z\u00f6s tudaton alapul\u00f3 szolidarit\u00e1s a modern t\u00e1rsadalmakban minden\u00fctt visszaszorul\u00f3ban van, de a k\u00f6z\u00e9p- kelet-eur\u00f3pai r\u00e9gi\u00f3ban szinte egy csap\u00e1sra omlott \u00f6ssze. (Vercseg 2011) A piacgazdas\u00e1g k\u00f6r\u00fclm\u00e9nyeinek sokkter\u00e1pia-szer\u0171 bevezet\u00e9se nem hozta meg a v\u00e1rt eredm\u00e9nyt, az itt-ott m\u00e1r kor\u00e1bban is felbukkan\u00f3 an\u00f3mia teljesen [&hellip;]<\/p>\n","protected":false},"author":124,"featured_media":1580,"comment_status":"open","ping_status":"open","sticky":false,"template":"","format":"standard","meta":{"_acf_changed":false,"footnotes":""},"categories":[133,8,7],"tags":[],"coauthors":[147],"class_list":["post-1579","post","type-post","status-publish","format-standard","has-post-thumbnail","hentry","category-parola-2016-1","category-parola-folyoirat","category-repertorium"],"acf":[],"yoast_head":"<!-- This site is optimized with the Yoast SEO plugin v26.7 - https:\/\/yoast.com\/wordpress\/plugins\/seo\/ -->\n<title>J\u00f3l\u00e9t \u00e9s \u00f6nbecs\u00fcl\u00e9s a k\u00f6z\u00f6ss\u00e9gi munka f\u00e9ny\u00e9ben - Parola Foly\u00f3irat<\/title>\n<meta name=\"robots\" content=\"index, follow, max-snippet:-1, max-image-preview:large, max-video-preview:-1\" \/>\n<link rel=\"canonical\" href=\"https:\/\/kofe.hu\/parola\/parola-folyoirat\/jolet-es-onbecsules-a-kozossegi-munka-fenyeben\/\" \/>\n<meta property=\"og:locale\" content=\"hu_HU\" \/>\n<meta property=\"og:type\" content=\"article\" \/>\n<meta property=\"og:title\" content=\"J\u00f3l\u00e9t \u00e9s \u00f6nbecs\u00fcl\u00e9s a k\u00f6z\u00f6ss\u00e9gi munka f\u00e9ny\u00e9ben - Parola Foly\u00f3irat\" \/>\n<meta property=\"og:description\" content=\"Essz\u00e9f\u00fcz\u00e9r az ELTE I. \u00e9ves nappali tagozatos, k\u00f6z\u00f6ss\u00e9gi munk\u00e1t hallgat\u00f3k essz\u00e9i\u00a0 A kollekt\u00edv t\u00edpus\u00fa, k\u00f6z\u00f6s tudaton alapul\u00f3 szolidarit\u00e1s a modern t\u00e1rsadalmakban minden\u00fctt visszaszorul\u00f3ban van, de a k\u00f6z\u00e9p- kelet-eur\u00f3pai r\u00e9gi\u00f3ban szinte egy csap\u00e1sra omlott \u00f6ssze. (Vercseg 2011) A piacgazdas\u00e1g k\u00f6r\u00fclm\u00e9nyeinek sokkter\u00e1pia-szer\u0171 bevezet\u00e9se nem hozta meg a v\u00e1rt eredm\u00e9nyt, az itt-ott m\u00e1r kor\u00e1bban is felbukkan\u00f3 an\u00f3mia teljesen [&hellip;]\" \/>\n<meta property=\"og:url\" content=\"https:\/\/kofe.hu\/parola\/parola-folyoirat\/jolet-es-onbecsules-a-kozossegi-munka-fenyeben\/\" \/>\n<meta property=\"og:site_name\" content=\"Parola Foly\u00f3irat\" \/>\n<meta property=\"article:published_time\" content=\"2020-06-11T06:10:47+00:00\" \/>\n<meta property=\"article:modified_time\" content=\"2020-07-30T10:59:02+00:00\" \/>\n<meta property=\"og:image\" content=\"https:\/\/kofe.hu\/parola\/wp-content\/uploads\/2020\/06\/Kem\u00e9ny-Andr\u00e1s.gif\" \/>\n\t<meta property=\"og:image:width\" content=\"160\" \/>\n\t<meta property=\"og:image:height\" content=\"192\" \/>\n\t<meta property=\"og:image:type\" content=\"image\/gif\" \/>\n<meta name=\"author\" content=\"Kem\u00e9ny Andr\u00e1s\" \/>\n<meta name=\"twitter:card\" content=\"summary_large_image\" \/>\n<meta name=\"twitter:label1\" content=\"Szerz\u0151:\" \/>\n\t<meta name=\"twitter:data1\" content=\"Kem\u00e9ny Andr\u00e1s\" \/>\n\t<meta name=\"twitter:label2\" content=\"Becs\u00fclt olvas\u00e1si id\u0151\" \/>\n\t<meta name=\"twitter:data2\" content=\"13 perc\" \/>\n\t<meta name=\"twitter:label3\" content=\"Written by\" \/>\n\t<meta name=\"twitter:data3\" content=\"Kem\u00e9ny Andr\u00e1s\" \/>\n<script type=\"application\/ld+json\" class=\"yoast-schema-graph\">{\"@context\":\"https:\/\/schema.org\",\"@graph\":[{\"@type\":\"Article\",\"@id\":\"https:\/\/kofe.hu\/parola\/parola-folyoirat\/jolet-es-onbecsules-a-kozossegi-munka-fenyeben\/#article\",\"isPartOf\":{\"@id\":\"https:\/\/kofe.hu\/parola\/parola-folyoirat\/jolet-es-onbecsules-a-kozossegi-munka-fenyeben\/\"},\"author\":{\"name\":\"Kem\u00e9ny Andr\u00e1s\",\"@id\":\"https:\/\/kofe.hu\/parola\/#\/schema\/person\/0e5d112dba6f121b10f01a2a19962a05\"},\"headline\":\"J\u00f3l\u00e9t \u00e9s \u00f6nbecs\u00fcl\u00e9s a k\u00f6z\u00f6ss\u00e9gi munka f\u00e9ny\u00e9ben\",\"datePublished\":\"2020-06-11T06:10:47+00:00\",\"dateModified\":\"2020-07-30T10:59:02+00:00\",\"mainEntityOfPage\":{\"@id\":\"https:\/\/kofe.hu\/parola\/parola-folyoirat\/jolet-es-onbecsules-a-kozossegi-munka-fenyeben\/\"},\"wordCount\":2519,\"commentCount\":0,\"image\":{\"@id\":\"https:\/\/kofe.hu\/parola\/parola-folyoirat\/jolet-es-onbecsules-a-kozossegi-munka-fenyeben\/#primaryimage\"},\"thumbnailUrl\":\"https:\/\/kofe.hu\/parola\/wp-content\/uploads\/2020\/06\/Kem\u00e9ny-Andr\u00e1s.gif\",\"articleSection\":[\"Parola 2016\/1\",\"Parola Foly\u00f3irat\",\"Repert\u00f3rium\"],\"inLanguage\":\"hu\",\"potentialAction\":[{\"@type\":\"CommentAction\",\"name\":\"Comment\",\"target\":[\"https:\/\/kofe.hu\/parola\/parola-folyoirat\/jolet-es-onbecsules-a-kozossegi-munka-fenyeben\/#respond\"]}]},{\"@type\":\"WebPage\",\"@id\":\"https:\/\/kofe.hu\/parola\/parola-folyoirat\/jolet-es-onbecsules-a-kozossegi-munka-fenyeben\/\",\"url\":\"https:\/\/kofe.hu\/parola\/parola-folyoirat\/jolet-es-onbecsules-a-kozossegi-munka-fenyeben\/\",\"name\":\"J\u00f3l\u00e9t \u00e9s \u00f6nbecs\u00fcl\u00e9s a k\u00f6z\u00f6ss\u00e9gi munka f\u00e9ny\u00e9ben - Parola Foly\u00f3irat\",\"isPartOf\":{\"@id\":\"https:\/\/kofe.hu\/parola\/#website\"},\"primaryImageOfPage\":{\"@id\":\"https:\/\/kofe.hu\/parola\/parola-folyoirat\/jolet-es-onbecsules-a-kozossegi-munka-fenyeben\/#primaryimage\"},\"image\":{\"@id\":\"https:\/\/kofe.hu\/parola\/parola-folyoirat\/jolet-es-onbecsules-a-kozossegi-munka-fenyeben\/#primaryimage\"},\"thumbnailUrl\":\"https:\/\/kofe.hu\/parola\/wp-content\/uploads\/2020\/06\/Kem\u00e9ny-Andr\u00e1s.gif\",\"datePublished\":\"2020-06-11T06:10:47+00:00\",\"dateModified\":\"2020-07-30T10:59:02+00:00\",\"author\":{\"@id\":\"https:\/\/kofe.hu\/parola\/#\/schema\/person\/0e5d112dba6f121b10f01a2a19962a05\"},\"breadcrumb\":{\"@id\":\"https:\/\/kofe.hu\/parola\/parola-folyoirat\/jolet-es-onbecsules-a-kozossegi-munka-fenyeben\/#breadcrumb\"},\"inLanguage\":\"hu\",\"potentialAction\":[{\"@type\":\"ReadAction\",\"target\":[\"https:\/\/kofe.hu\/parola\/parola-folyoirat\/jolet-es-onbecsules-a-kozossegi-munka-fenyeben\/\"]}]},{\"@type\":\"ImageObject\",\"inLanguage\":\"hu\",\"@id\":\"https:\/\/kofe.hu\/parola\/parola-folyoirat\/jolet-es-onbecsules-a-kozossegi-munka-fenyeben\/#primaryimage\",\"url\":\"https:\/\/kofe.hu\/parola\/wp-content\/uploads\/2020\/06\/Kem\u00e9ny-Andr\u00e1s.gif\",\"contentUrl\":\"https:\/\/kofe.hu\/parola\/wp-content\/uploads\/2020\/06\/Kem\u00e9ny-Andr\u00e1s.gif\",\"width\":160,\"height\":192},{\"@type\":\"BreadcrumbList\",\"@id\":\"https:\/\/kofe.hu\/parola\/parola-folyoirat\/jolet-es-onbecsules-a-kozossegi-munka-fenyeben\/#breadcrumb\",\"itemListElement\":[{\"@type\":\"ListItem\",\"position\":1,\"name\":\"Home\",\"item\":\"https:\/\/kofe.hu\/parola\/\"},{\"@type\":\"ListItem\",\"position\":2,\"name\":\"J\u00f3l\u00e9t \u00e9s \u00f6nbecs\u00fcl\u00e9s a k\u00f6z\u00f6ss\u00e9gi munka f\u00e9ny\u00e9ben\"}]},{\"@type\":\"WebSite\",\"@id\":\"https:\/\/kofe.hu\/parola\/#website\",\"url\":\"https:\/\/kofe.hu\/parola\/\",\"name\":\"Parola Foly\u00f3irat\",\"description\":\"\",\"potentialAction\":[{\"@type\":\"SearchAction\",\"target\":{\"@type\":\"EntryPoint\",\"urlTemplate\":\"https:\/\/kofe.hu\/parola\/?s={search_term_string}\"},\"query-input\":{\"@type\":\"PropertyValueSpecification\",\"valueRequired\":true,\"valueName\":\"search_term_string\"}}],\"inLanguage\":\"hu\"},{\"@type\":\"Person\",\"@id\":\"https:\/\/kofe.hu\/parola\/#\/schema\/person\/0e5d112dba6f121b10f01a2a19962a05\",\"name\":\"Kem\u00e9ny Andr\u00e1s\",\"image\":{\"@type\":\"ImageObject\",\"inLanguage\":\"hu\",\"@id\":\"https:\/\/kofe.hu\/parola\/#\/schema\/person\/image\/23494c9101089ad44ae88ce9d2f56aac\",\"url\":\"https:\/\/secure.gravatar.com\/avatar\/?s=96&d=mm&r=g\",\"contentUrl\":\"https:\/\/secure.gravatar.com\/avatar\/?s=96&d=mm&r=g\",\"caption\":\"Kem\u00e9ny Andr\u00e1s\"},\"url\":\"https:\/\/kofe.hu\/parola\/szerzok\/kemeny-andras\/\"}]}<\/script>\n<!-- \/ Yoast SEO plugin. -->","yoast_head_json":{"title":"J\u00f3l\u00e9t \u00e9s \u00f6nbecs\u00fcl\u00e9s a k\u00f6z\u00f6ss\u00e9gi munka f\u00e9ny\u00e9ben - Parola Foly\u00f3irat","robots":{"index":"index","follow":"follow","max-snippet":"max-snippet:-1","max-image-preview":"max-image-preview:large","max-video-preview":"max-video-preview:-1"},"canonical":"https:\/\/kofe.hu\/parola\/parola-folyoirat\/jolet-es-onbecsules-a-kozossegi-munka-fenyeben\/","og_locale":"hu_HU","og_type":"article","og_title":"J\u00f3l\u00e9t \u00e9s \u00f6nbecs\u00fcl\u00e9s a k\u00f6z\u00f6ss\u00e9gi munka f\u00e9ny\u00e9ben - Parola Foly\u00f3irat","og_description":"Essz\u00e9f\u00fcz\u00e9r az ELTE I. \u00e9ves nappali tagozatos, k\u00f6z\u00f6ss\u00e9gi munk\u00e1t hallgat\u00f3k essz\u00e9i\u00a0 A kollekt\u00edv t\u00edpus\u00fa, k\u00f6z\u00f6s tudaton alapul\u00f3 szolidarit\u00e1s a modern t\u00e1rsadalmakban minden\u00fctt visszaszorul\u00f3ban van, de a k\u00f6z\u00e9p- kelet-eur\u00f3pai r\u00e9gi\u00f3ban szinte egy csap\u00e1sra omlott \u00f6ssze. (Vercseg 2011) A piacgazdas\u00e1g k\u00f6r\u00fclm\u00e9nyeinek sokkter\u00e1pia-szer\u0171 bevezet\u00e9se nem hozta meg a v\u00e1rt eredm\u00e9nyt, az itt-ott m\u00e1r kor\u00e1bban is felbukkan\u00f3 an\u00f3mia teljesen [&hellip;]","og_url":"https:\/\/kofe.hu\/parola\/parola-folyoirat\/jolet-es-onbecsules-a-kozossegi-munka-fenyeben\/","og_site_name":"Parola Foly\u00f3irat","article_published_time":"2020-06-11T06:10:47+00:00","article_modified_time":"2020-07-30T10:59:02+00:00","og_image":[{"width":160,"height":192,"url":"https:\/\/kofe.hu\/parola\/wp-content\/uploads\/2020\/06\/Kem\u00e9ny-Andr\u00e1s.gif","type":"image\/gif"}],"author":"Kem\u00e9ny Andr\u00e1s","twitter_card":"summary_large_image","twitter_misc":{"Szerz\u0151:":"Kem\u00e9ny Andr\u00e1s","Becs\u00fclt olvas\u00e1si id\u0151":"13 perc","Written by":"Kem\u00e9ny Andr\u00e1s"},"schema":{"@context":"https:\/\/schema.org","@graph":[{"@type":"Article","@id":"https:\/\/kofe.hu\/parola\/parola-folyoirat\/jolet-es-onbecsules-a-kozossegi-munka-fenyeben\/#article","isPartOf":{"@id":"https:\/\/kofe.hu\/parola\/parola-folyoirat\/jolet-es-onbecsules-a-kozossegi-munka-fenyeben\/"},"author":{"name":"Kem\u00e9ny Andr\u00e1s","@id":"https:\/\/kofe.hu\/parola\/#\/schema\/person\/0e5d112dba6f121b10f01a2a19962a05"},"headline":"J\u00f3l\u00e9t \u00e9s \u00f6nbecs\u00fcl\u00e9s a k\u00f6z\u00f6ss\u00e9gi munka f\u00e9ny\u00e9ben","datePublished":"2020-06-11T06:10:47+00:00","dateModified":"2020-07-30T10:59:02+00:00","mainEntityOfPage":{"@id":"https:\/\/kofe.hu\/parola\/parola-folyoirat\/jolet-es-onbecsules-a-kozossegi-munka-fenyeben\/"},"wordCount":2519,"commentCount":0,"image":{"@id":"https:\/\/kofe.hu\/parola\/parola-folyoirat\/jolet-es-onbecsules-a-kozossegi-munka-fenyeben\/#primaryimage"},"thumbnailUrl":"https:\/\/kofe.hu\/parola\/wp-content\/uploads\/2020\/06\/Kem\u00e9ny-Andr\u00e1s.gif","articleSection":["Parola 2016\/1","Parola Foly\u00f3irat","Repert\u00f3rium"],"inLanguage":"hu","potentialAction":[{"@type":"CommentAction","name":"Comment","target":["https:\/\/kofe.hu\/parola\/parola-folyoirat\/jolet-es-onbecsules-a-kozossegi-munka-fenyeben\/#respond"]}]},{"@type":"WebPage","@id":"https:\/\/kofe.hu\/parola\/parola-folyoirat\/jolet-es-onbecsules-a-kozossegi-munka-fenyeben\/","url":"https:\/\/kofe.hu\/parola\/parola-folyoirat\/jolet-es-onbecsules-a-kozossegi-munka-fenyeben\/","name":"J\u00f3l\u00e9t \u00e9s \u00f6nbecs\u00fcl\u00e9s a k\u00f6z\u00f6ss\u00e9gi munka f\u00e9ny\u00e9ben - Parola Foly\u00f3irat","isPartOf":{"@id":"https:\/\/kofe.hu\/parola\/#website"},"primaryImageOfPage":{"@id":"https:\/\/kofe.hu\/parola\/parola-folyoirat\/jolet-es-onbecsules-a-kozossegi-munka-fenyeben\/#primaryimage"},"image":{"@id":"https:\/\/kofe.hu\/parola\/parola-folyoirat\/jolet-es-onbecsules-a-kozossegi-munka-fenyeben\/#primaryimage"},"thumbnailUrl":"https:\/\/kofe.hu\/parola\/wp-content\/uploads\/2020\/06\/Kem\u00e9ny-Andr\u00e1s.gif","datePublished":"2020-06-11T06:10:47+00:00","dateModified":"2020-07-30T10:59:02+00:00","author":{"@id":"https:\/\/kofe.hu\/parola\/#\/schema\/person\/0e5d112dba6f121b10f01a2a19962a05"},"breadcrumb":{"@id":"https:\/\/kofe.hu\/parola\/parola-folyoirat\/jolet-es-onbecsules-a-kozossegi-munka-fenyeben\/#breadcrumb"},"inLanguage":"hu","potentialAction":[{"@type":"ReadAction","target":["https:\/\/kofe.hu\/parola\/parola-folyoirat\/jolet-es-onbecsules-a-kozossegi-munka-fenyeben\/"]}]},{"@type":"ImageObject","inLanguage":"hu","@id":"https:\/\/kofe.hu\/parola\/parola-folyoirat\/jolet-es-onbecsules-a-kozossegi-munka-fenyeben\/#primaryimage","url":"https:\/\/kofe.hu\/parola\/wp-content\/uploads\/2020\/06\/Kem\u00e9ny-Andr\u00e1s.gif","contentUrl":"https:\/\/kofe.hu\/parola\/wp-content\/uploads\/2020\/06\/Kem\u00e9ny-Andr\u00e1s.gif","width":160,"height":192},{"@type":"BreadcrumbList","@id":"https:\/\/kofe.hu\/parola\/parola-folyoirat\/jolet-es-onbecsules-a-kozossegi-munka-fenyeben\/#breadcrumb","itemListElement":[{"@type":"ListItem","position":1,"name":"Home","item":"https:\/\/kofe.hu\/parola\/"},{"@type":"ListItem","position":2,"name":"J\u00f3l\u00e9t \u00e9s \u00f6nbecs\u00fcl\u00e9s a k\u00f6z\u00f6ss\u00e9gi munka f\u00e9ny\u00e9ben"}]},{"@type":"WebSite","@id":"https:\/\/kofe.hu\/parola\/#website","url":"https:\/\/kofe.hu\/parola\/","name":"Parola Foly\u00f3irat","description":"","potentialAction":[{"@type":"SearchAction","target":{"@type":"EntryPoint","urlTemplate":"https:\/\/kofe.hu\/parola\/?s={search_term_string}"},"query-input":{"@type":"PropertyValueSpecification","valueRequired":true,"valueName":"search_term_string"}}],"inLanguage":"hu"},{"@type":"Person","@id":"https:\/\/kofe.hu\/parola\/#\/schema\/person\/0e5d112dba6f121b10f01a2a19962a05","name":"Kem\u00e9ny Andr\u00e1s","image":{"@type":"ImageObject","inLanguage":"hu","@id":"https:\/\/kofe.hu\/parola\/#\/schema\/person\/image\/23494c9101089ad44ae88ce9d2f56aac","url":"https:\/\/secure.gravatar.com\/avatar\/?s=96&d=mm&r=g","contentUrl":"https:\/\/secure.gravatar.com\/avatar\/?s=96&d=mm&r=g","caption":"Kem\u00e9ny Andr\u00e1s"},"url":"https:\/\/kofe.hu\/parola\/szerzok\/kemeny-andras\/"}]}},"_links":{"self":[{"href":"https:\/\/kofe.hu\/parola\/wp-json\/wp\/v2\/posts\/1579","targetHints":{"allow":["GET"]}}],"collection":[{"href":"https:\/\/kofe.hu\/parola\/wp-json\/wp\/v2\/posts"}],"about":[{"href":"https:\/\/kofe.hu\/parola\/wp-json\/wp\/v2\/types\/post"}],"author":[{"embeddable":true,"href":"https:\/\/kofe.hu\/parola\/wp-json\/wp\/v2\/users\/124"}],"replies":[{"embeddable":true,"href":"https:\/\/kofe.hu\/parola\/wp-json\/wp\/v2\/comments?post=1579"}],"version-history":[{"count":1,"href":"https:\/\/kofe.hu\/parola\/wp-json\/wp\/v2\/posts\/1579\/revisions"}],"predecessor-version":[{"id":1581,"href":"https:\/\/kofe.hu\/parola\/wp-json\/wp\/v2\/posts\/1579\/revisions\/1581"}],"wp:featuredmedia":[{"embeddable":true,"href":"https:\/\/kofe.hu\/parola\/wp-json\/wp\/v2\/media\/1580"}],"wp:attachment":[{"href":"https:\/\/kofe.hu\/parola\/wp-json\/wp\/v2\/media?parent=1579"}],"wp:term":[{"taxonomy":"category","embeddable":true,"href":"https:\/\/kofe.hu\/parola\/wp-json\/wp\/v2\/categories?post=1579"},{"taxonomy":"post_tag","embeddable":true,"href":"https:\/\/kofe.hu\/parola\/wp-json\/wp\/v2\/tags?post=1579"},{"taxonomy":"author","embeddable":true,"href":"https:\/\/kofe.hu\/parola\/wp-json\/wp\/v2\/coauthors?post=1579"}],"curies":[{"name":"wp","href":"https:\/\/api.w.org\/{rel}","templated":true}]}}