{"id":1577,"date":"2020-06-11T06:04:42","date_gmt":"2020-06-11T06:04:42","guid":{"rendered":"https:\/\/kofe.hu\/parola\/?p=1577"},"modified":"2020-07-30T10:58:54","modified_gmt":"2020-07-30T10:58:54","slug":"hajozas-a-szivarvany-alatt","status":"publish","type":"post","link":"https:\/\/kofe.hu\/parola\/parola-folyoirat\/hajozas-a-szivarvany-alatt\/","title":{"rendered":"Haj\u00f3z\u00e1s a sziv\u00e1rv\u00e1ny alatt"},"content":{"rendered":"<p><span style=\"font-family: Arial;\">A posztadoleszcencia jelens\u00e9ge j\u00f3l megfigyelhet\u0151 a mai Magyarorsz\u00e1g ter\u00fclet\u00e9n is. Mint k\u00f6zel huszon\u00f6t \u00e9ves egyetemista di\u00e1kl\u00e1nynak, nekem sincsen m\u00e9g gyermekem, \u00edgy az anyak\u00f6zpontok m\u0171k\u00f6d\u00e9se, szervez\u0151d\u00e9se t\u00e1vol \u00e1ll t\u0151lem. Mint m\u00e1sod\u00e9ves szociol\u00f3gus mesterszakos hallgat\u00f3, \u00fagy gondolom, hogy az ismeretlen dolgokkal szemben az ember kez\u00e9ben az egyetlen haszn\u00e1lhat\u00f3 \u201efegyver\u201d a\u00a0<\/span><i><span style=\"font-family: Arial;\">megismer\u00e9s<\/span><\/i><span style=\"font-family: Arial;\">. A K\u00f6z\u00f6ss\u00e9gfejleszt\u0151k Egyes\u00fclet\u00e9n\u00e9l teljes\u00edtett terepgyakorlatom keretein bel\u00fcl k\u00e9t budapesti civil szervez\u0151d\u00e9s meghat\u00e1roz\u00f3 alakj\u00e1val k\u00e9sz\u00edtettem interj\u00fat, hogy behat\u00f3bb k\u00e9pet nyerhessek mindennapos \u00e9let\u00fckbe.<\/span><\/p>\n<p><!--more--><span style=\"font-family: Arial;\">Mindk\u00e9t csoport \u2013 az <\/span><i><span style=\"font-family: Arial;\">\u00cdrisz Csal\u00e1di K\u00f6r<\/span><\/i><span style=\"font-family: Arial;\">\u00a0(tov\u00e1bbiakban: \u00cdrisz) \u00e9s az\u00a0<\/span><i><span style=\"font-family: Arial;\">Anyahaj\u00f3<\/span><\/i><span style=\"font-family: Arial;\">\u00a0\u2013 a Ferencv\u00e1rosi ker\u00fcletben m\u0171k\u00f6dik, nagyj\u00e1b\u00f3l azonos c\u00e9lcsoporttal. Az \u00cdrisz 2007-ben, egy akkor megrendez\u00e9sre ker\u00fclt Sz\u00fclet\u00e9s Hete rendezv\u00e9nysorozatb\u00f3l indult n\u00f6veked\u00e9snek. A program els\u0151dleges c\u00e9lja, hogy oly m\u00f3don inform\u00e1lja a v\u00e1rand\u00f3s anyuk\u00e1kat, illetve a kisgyermekes anyuk\u00e1kat, hogy a gyermekek, illetve a csal\u00e1d \u00e9let\u00e9re jelent\u0151s hat\u00e1st gyakorl\u00f3 k\u00e9rd\u00e9sekben maguk is felel\u0151s, kompetens d\u00f6nt\u00e9seke tudjanak hozni. Ez \u00e1ltal a n\u0151 \u00e9s a csal\u00e1d eg\u00e9sze is felel\u0151ss\u00e9get tud v\u00e1llalni mag\u00e1\u00e9rt \u00e9s a gyermek\u00e9\u00e9rt, k\u00e9pesek ki\u00e1llni a min\u00e9l h\u00e1bor\u00edtatlanabb gyermekv\u00e1llal\u00e1s\u00e9rt \u00e9s gyermeksz\u00fcl\u00e9s\u00e9rt. A program a D\u00e9si Huber Istv\u00e1n M\u0171vel\u0151d\u00e9si H\u00e1zban ker\u00fclt megrendez\u00e9sre, mely az\u00f3ta is kulcsszerepet j\u00e1tszik a csapat \u00e9let\u00e9ben. Ekkor val\u00f3sult meg els\u0151 \u00edzben a Bab\u00e1k R\u00f3zsaparkja nev\u0171 k\u00f6z\u00f6ss\u00e9gi kert kialak\u00edt\u00e1sa is; a r\u00f3zsaparkban az itt sz\u00fcletett bab\u00e1k minden \u00e9vben kapnak egy \u00fajonnan \u00fcltetett r\u00f3zsat\u00f6vet, mivel az \u00d6nkorm\u00e1nyzat nyert egy p\u00e1ly\u00e1zatot k\u00e9t park kialak\u00edt\u00e1s\u00e1ra. Az\u00a0<\/span><b><span style=\"font-family: Arial;\">\u00cdrisz Csal\u00e1di K\u00f6r<\/span><\/b><span style=\"font-family: Arial;\">\u00a0az\u00f3ta is minden \u00e9vben tev\u00e9kenyen r\u00e9szt vesz a bab\u00e1k r\u00f3zsaparkja \u00e9s a sz\u00fclet\u00e9s hete megszervez\u00e9s\u00e9ben \u00e9s lebonyol\u00edt\u00e1s\u00e1ban.<\/span><br \/>\n<span style=\"font-family: Arial;\">A csoport tagjaival szervezett besz\u00e9lget\u00e9sekb\u0151l lesz\u0171rt tapasztalatom az, hogy b\u00e1rmilyen k\u00f6z\u00f6ss\u00e9g megszervez\u00e9s\u00e9hez legkevesebb k\u00e9t nagyon fontos dolog sz\u00fcks\u00e9ges. Egyr\u00e9szt legyen legal\u00e1bb egy olyan akt\u00edv szem\u00e9lyis\u00e9g, aki bels\u0151leg is motiv\u00e1lt arra, hogy egyre bez\u00e1rk\u00f3z\u00f3bb vil\u00e1gunkban pr\u00f3b\u00e1ljon akt\u00edv k\u00f6z\u00f6ss\u00e9get l\u00e9trehozni, \u00e9s ez\u00e9rt tev\u00e9kenyen l\u00e9pni is tudjon, m\u00e1sr\u00e9szt pedig, hogy a k\u00f6z\u00f6ss\u00e9gnek legyen egy olyan k\u00f6z\u00f6s \u00e9rdeke, amely ment\u00e9n aktiviz\u00e1l\u00f3dni tudnak. Az \u00cdrisz l\u00e9trej\u00f6ttekor nagyon fontos szempont volt, hogy a v\u00e1ltoz\u00f3 \u00e9lethelyzetben l\u00e9v\u0151 kismam\u00e1k \u00e9s GYES-en (vagy GYED-en, GYET-en) l\u00e9v\u0151 anyuk\u00e1k egy olyan befogad\u00f3 b\u00e1zist hozzanak l\u00e9tre, melyben k\u00f6lcs\u00f6n\u00f6sen kieg\u00e9sz\u00edthetik egym\u00e1st: betehetik a k\u00f6z\u00f6sbe, amij\u00fck van, legyen az ak\u00e1r tud\u00e1s vagy anyagi javak, \u00e9s kivehetik, amire \u00e9pp sz\u00fcks\u00e9g\u00fck van.<\/span><br \/>\n<span style=\"font-family: Arial;\">Az \u00cdrisz egyik nagy \u00e9s folyamatosan jelen l\u00e9v\u0151 neh\u00e9zs\u00e9ge, hogy az anyuk\u00e1k v\u00e1ltoz\u00f3 \u00e9lethelyzetben vannak, \u00e9s t\u00f6bbs\u00e9g\u00fck, amint visszat\u00e9r dolgozni, megsz\u0171nik a k\u00f6z\u00f6ss\u00e9g tev\u00e9keny tagj\u00e1nak lenni. B\u00e1r akadnak kiv\u00e9telek, a legt\u00f6bben egy id\u0151 ut\u00e1n m\u00e1r csak az \u00e9vente p\u00e1rszor megrendez\u00e9sre ker\u00fcl\u0151 nagyobb programokat l\u00e1togatj\u00e1k, vagy m\u00e9g azokat sem. A probl\u00e9m\u00e1t t\u00f6bbek k\u00f6z\u00f6tt a dolgoz\u00f3k \u00e9s a GYES-en l\u00e9v\u0151k elt\u00e9r\u0151 id\u0151beoszt\u00e1sa jelenti. Emiatt a k\u00f6z\u00f6ss\u00e9g \u00f6sszet\u00e9tele sem \u00e1lland\u00f3, \u00edgy folyamatosan r\u00e1 van k\u00e9nyszer\u00fclve arra, hogy \u00faj tagokat toborozzon. Erre kiforrott \u00e9s mai napig j\u00f3 m\u0171k\u00f6d\u0151 strat\u00e9gi\u00e1juk a bab\u00e1k r\u00f3zsaparkja, amelynek \u00f6tlet\u00e9vel egy az\u00f3ta m\u00e1r nyugd\u00edjas b\u00f6lcs\u0151devezet\u0151 \u00e1llt el\u0151 \u00e9vekkel ezel\u0151tt, \u00e9s k\u00e9rte az \u00f6nkorm\u00e1nyzatot a program megval\u00f3s\u00edt\u00e1s\u00e1ra. A park l\u00e9trej\u00f6tte nagyszer\u0171 teret k\u00edn\u00e1l az \u00cdrisz sz\u00e1m\u00e1ra, megteremti ugyanis azt a k\u00f6zeget, ahol megismerkedhetnek azokkal, akiknek bab\u00e1juk sz\u00fcletett, \u00e9s akiket \u00edgy bevonzhatnak a k\u00f6z\u00f6ss\u00e9gbe. Az k\u00f6z\u00f6ss\u00e9ghez csatlakoz\u00f3k el\u0151sz\u00f6r csak a programok rendszeres r\u00e9sztvev\u0151i, majd n\u00e9h\u00e1nyan azok szervez\u0151iv\u00e9 is v\u00e1lhatnak. Ezen k\u00edv\u00fcl a v\u00e9d\u0151n\u0151kn\u00e9l kihelyezett plak\u00e1tok, a honlap<\/span><span style=\"font-family: Arial; font-size: small;\"><a href=\"http:\/\/www.ferencvarosiszuletes.gportal.hu\/\">http:\/\/www.ferencvarosiszuletes.gportal.hu\/<\/a><\/span><span style=\"font-family: Arial;\">\u00a0\u00e9s a Facebook<\/span><span style=\"font-family: Arial; font-size: small;\"><a href=\"https:\/\/www.facebook.com\/pages\/%C3%8Drisz-Csal%C3%A1di-K%C3%B6r\/726942720667290\">https:\/\/www.facebook.com\/pages\/%C3%8Drisz-Csal%C3%A1di-K%C3%B6r\/726942720667290<\/a><\/span><span style=\"font-family: Arial;\">\u00a0seg\u00edts\u00e9g\u00e9vel pr\u00f3b\u00e1lj\u00e1k magukat hirdetni \u00e9s megismertetni c\u00e9lk\u00f6z\u00f6ns\u00e9g\u00fckkel.<\/span><br \/>\n<span style=\"font-family: Arial;\">Az \u00cdrisz Csal\u00e1di K\u00f6r 2008 \u00f3ta l\u00e9tezik, akkor kapta nev\u00e9t \u00e9s embl\u00e9m\u00e1j\u00e1t a m\u00e1r benne l\u00e9v\u0151 tagokt\u00f3l. M\u00e1r akkor is fontosnak \u00e9rezt\u00e9k, hogy ez nem n\u0151i csoport, hanem csal\u00e1di k\u00f6r, \u00e9s ezt mind a mai napig szem el\u0151tt tartj\u00e1k: \u00edgy el\u0151fordul, hogy egy-egy programra az apuka megy el, vagy \u00e9ppen \u0151k is felaj\u00e1nlj\u00e1k \u00f6nk\u00e9ntes munk\u00e1jukat egy-egy program megval\u00f3s\u00edt\u00e1s\u00e1hoz. El\u0151fordul, hogy a hivatalos program v\u00e9g\u00e9n m\u00e9g apuka-focit is szerveznek az \u00e9desap\u00e1k. Az \u00cdrisz alapvet\u00e9se, hogy nem kell arra v\u00e1rni, hogy valaki szolg\u00e1ltat\u00e1s-szer\u0171en megval\u00f3s\u00edtson valamit, amire lenne ig\u00e9ny. Ha a csapaton bel\u00fcl van valamire ig\u00e9ny, amihez rendelkez\u00e9sre \u00e1ll el\u00e9g tud\u00e1s, k\u00e9szs\u00e9g, k\u00e9pess\u00e9g \u00e9s id\u0151, akkor a r\u00e1\u00e9r\u00e9s f\u00fcggv\u00e9ny\u00e9ben azt megval\u00f3s\u00edtj\u00e1k. A k\u00f6z\u00f6ss\u00e9gfejleszt\u00e9s egyik fontos mozzanata, hogy tagjai ne csak azt v\u00e1rj\u00e1k el, hogy programokat szervezzenek sz\u00e1mukra, hanem \u00f6nmaguk is adjanak \u00f6tleteket, legyen v\u00e9lem\u00e9ny\u00fck, tudj\u00e1k megfogalmazni v\u00e1gyaikat \u00e9s ig\u00e9nyeiket, majd az elk\u00e9pzel\u00e9seik megszervez\u00e9s\u00e9ben akt\u00edvan vegyenek r\u00e9szt.<\/span><br \/>\n<span style=\"font-family: Arial;\">Ahogy az \u00cdrisz tagjai egyre jobban megismert\u00e9k egym\u00e1st, egyre t\u00f6bb olyan \u00f6tlettel jelentkeztek, amelyek a tagok akt\u00edv tev\u00e9kenys\u00e9ge r\u00e9v\u00e9n val\u00f3sultak meg. Ez a t\u00e9nyez\u0151, az emberi er\u0151 rendelkez\u00e9sre \u00e1ll\u00e1sa kulcsfontoss\u00e1g\u00fa az \u00cdrisz \u00e9let\u00e9ben, hiszen a D\u00e9si Huber Istv\u00e1n M\u0171vel\u0151d\u00e9si H\u00e1z programf\u00fczet\u00e9be beker\u00fcl\u0151 programok megtart\u00e1sa k\u00f6teless\u00e9gg\u00e9 v\u00e1lik: ha valaki arra j\u00e1r, \u00e9s szeretne bet\u00e9rni r\u00e1, nem szembes\u00fclhet azzal, hogy a program elmarad, mert a szervez\u0151k nem akarnak id\u0151t \u00e9s energi\u00e1t ford\u00edtani r\u00e1 \u2013 nem okozhatnak csal\u00f3d\u00e1st, hiszen ezzel esetleges \u00faj, akt\u00edv tagokt\u00f3l fosztan\u00e1k meg magukat. Ebb\u0151l kor\u00e1bban volt m\u00e1r konfliktus, de azok, akiket akkor nem siker\u00fclt kell\u0151k\u00e9ppen motiv\u00e1lni, m\u00e1ra m\u00e1r az Anyahaj\u00f3 tagjai. Egyik interj\u00faalanyom szerint az Anyahaj\u00f3ban m\u00e1sfajta technik\u00e1val pr\u00f3b\u00e1lnak csin\u00e1lni dolgokat, de az az ig\u00e9ny, hogy legyenek rendszeresen programok, \u00e9s hogy ezekre lehessen sz\u00e1m\u00edtani, ott is megjelenik. Az el\u0151zm\u00e9nyek miatt bizonytalan, hogy ez ott hogyan fog m\u0171k\u00f6dni. Az \u00cdrisz m\u0171k\u00f6d\u00e9se szempontj\u00e1b\u00f3l l\u00e9tfontoss\u00e1g\u00fa, hogy mindig el\u00e9g tag legyen, akik k\u00f6z\u00fcl t\u00f6bben k\u00e9szek akt\u00edvan is hozz\u00e1j\u00e1rulni a k\u00f6z\u00f6ss\u00e9g \u00e9p\u00edt\u00e9s\u00e9hez \u00e9s fejleszt\u00e9s\u00e9hez. Ez az egyik legs\u00falyosabb, \u00e1lland\u00f3 probl\u00e9ma \u00e9s kih\u00edv\u00e1s az \u00cdrisz sz\u00e1m\u00e1ra.<\/span><br \/>\n<span style=\"font-family: Arial;\">Az \u00cdrisz rendszeresen megszervez bizonyos programokat. Ezekre j\u00f3l \u00e9rezhet\u0151 ig\u00e9ny van: egy, az \u00cdriszt\u0151l f\u00fcggetlen n\u0151 szeretett volna baba-mama klubot ind\u00edtani a m\u0171vel\u0151d\u00e9si h\u00e1zban, annak vezet\u0151je r\u00e9v\u00e9n ker\u00fclt kapcsolatba az \u00cdrisszel. Megszervez\u0151d\u00f6tt a baba-mama klub, melyet az\u00f3ta is rendszeresen megtartanak. Programjaik k\u00f6z\u00e9 tartozik teh\u00e1t a havi egyszeri alkalommal megszervezett baba-mama klub, a szint\u00e9n havi egyszeri alkalommal megszervezett szoptat\u00e1st t\u00e1mogat\u00f3 baba-mama klub \u00e9s v\u00e1rand\u00f3s besz\u00e9lget\u0151 k\u00f6r, valamint a minden h\u00f3nap utols\u00f3 cs\u00fct\u00f6rt\u00f6kj\u00e9n megrendez\u00e9sre ker\u00fcl\u0151 kuck\u00f3 program. Erre volt, illetve van energia. \u00c1lland\u00f3 k\u00f6z\u00f6s programjaik nem jelentenek napi szint\u0171 elfoglalts\u00e1got, programot. Laza k\u00f6z\u00f6ss\u00e9gi egy\u00fcttl\u00e9t, \u00edgy t\u00f6bb olyan momentum van, amelyeket nem siker\u00fcl megval\u00f3s\u00edtaniuk. Ilyen p\u00e9ld\u00e1ul a komat\u00e1laz\u00e1s, amit az Anyahaj\u00f3 sikerrel val\u00f3s\u00edtott meg \u2013 ez egyfajta \u00e9r\u00e9si folyamat eredm\u00e9nye lehet. Ezen k\u00edv\u00fcl vannak bizonyos nagyobb esem\u00e9nyek, programok is, melyek megszervez\u00e9s\u00e9ben \u00e9s lebonyol\u00edt\u00e1s\u00e1ban az \u00cdrisz tev\u00e9keny szerepet v\u00e1llal. Ilyen t\u00f6bbek k\u00f6z\u00f6tt a bab\u00e1k r\u00f3zsaparkj\u00e1ban a r\u00f3zsat\u00f6vek \u00e1tad\u00e1sa, az \u00e1llampolg\u00e1ri r\u00e9szv\u00e9tel heti programsorozat, a sz\u00fclet\u00e9s het\u00e9nek megszervez\u00e9se a ker\u00fcletben, az anyatejes vil\u00e1gh\u00e9t. Az ezek ir\u00e1nti ig\u00e9ny k\u00e9zzelfoghat\u00f3 \u2013 magyar\u00e1zta az \u00cdrisz \u201emotorj\u00e1t\u201d jelent\u0151 interj\u00faalany \u2013, mert amikor \u0151 maga egy f\u00e9l \u00e9vre mag\u00e1n\u00e9leti okok miatt visszavonult, az \u00cdrisz ment tov\u00e1bb, a f\u0151bb feladatokat azonnal \u00e1tv\u00e1llalt\u00e1k t\u0151le.<\/span><br \/>\n<span style=\"font-family: Arial;\">Amikor felmer\u00fclt az a probl\u00e9ma, hogy a rendezv\u00e9nyek anyagi fedezet\u00e9t is biztos\u00edtani kell, a tagd\u00edj szed\u00e9s\u00e9t elvetett\u00e9k. E helyett olyan alternat\u00edv megold\u00e1sok val\u00f3sultak meg, mint a zs\u00e1kbamacska, amelyhez b\u00e1rki hozhatott megunt dolgokat, \u00e9s p\u00e1r sz\u00e1z forint\u00e9rt vihetett el bel\u0151le, nagy rendezv\u00e9nyeikn\u00e9l a s\u00fcti b\u00fcf\u00e9vel val\u00f3 adom\u00e1nygy\u0171jt\u00e9s, vagy \u00e9ppen a limon\u00e1d\u00e9\u00e1rus\u00edt\u00e1s, k\u00e9s\u0151bb pedig rendszeres t\u00e1mogat\u00f3ik is akadtak. Erre sz\u00fcks\u00e9g is van, hiszen m\u00edg 2010-ig ingyenesen lehettek a k\u00f6z\u00f6ss\u00e9gi h\u00e1zban, az\u00f3ta egy rendelet nyom\u00e1n b\u00e9rleti d\u00edjat kell fizetni\u00fck, m\u00e9g ha az kifejezetten kedvezm\u00e9nyes is sz\u00e1mukra. Az \u00cdrisz k\u00f6z\u00f6ss\u00e9gi csoport t\u00f6bb \u00e9ves fejl\u0151d\u00e9se bizony\u00edtja, hogy lehets\u00e9ges meg\u0151rizni civils\u00e9g\u00fcket, j\u00f3 partneri viszonyt kialak\u00edtani mindazokkal, akik nem befoly\u00e1solni, hanem t\u00e1mogatni akarj\u00e1k c\u00e9lkit\u0171z\u00e9seiket. J\u00f3 kapcsolatuk van a ker\u00fclet \u00f6nkorm\u00e1nyzat\u00e1val, valamint t\u00f6bb helyi szervezettel, de a TAVAM<\/span><span style=\"font-family: Arial; font-size: small;\">A TAVAM egy erny\u0151szervezet, ami n\u0151i szervezeteket pr\u00f3b\u00e1l \u00f6sszegy\u0171jteni, lehet\u0151s\u00e9get biztos\u00edtva sz\u00e1mukra, hogy egym\u00e1st ismerve, egym\u00e1ssal kapcsolatot tartva tudjanak programokat csin\u00e1lni. Ezzel megteremti a felt\u00e9teleit, hogy seg\u00edts\u00e9k egym\u00e1st ak\u00e1r szakemberrel, k\u00f6z\u00f6ns\u00e9ggel, ak\u00e1r k\u00e9rd\u00e9ssekkel vagy \u00f6tletekkel, www.tavam.hu<\/span><span style=\"font-family: Arial;\">\u00a0r\u00e9v\u00e9n orsz\u00e1gszerte laza kapcsolat f\u0171zi \u0151ket \u00f6ssze k\u00fcl\u00f6nf\u00e9le n\u0151i szervezetekkel. Ezek k\u00f6z\u00f6tt kiemelend\u0151 a miskolci HOLDAM<\/span><span style=\"font-family: Arial; font-size: small;\">Holdam Egyes\u00fclet: miskolci n\u0151k \u00e9s any\u00e1k k\u00f6z\u00f6ss\u00e9ge,\u00a0<\/span><span style=\"font-family: Arial; font-size: small;\"><a href=\"http:\/\/www.holdam.hu\/\">http:\/\/www.holdam.hu\/<\/a><\/span><span style=\"font-family: Arial;\">, mely 2007-es indul\u00e1s\u00e1val az els\u0151 magyarorsz\u00e1gi anyak\u00f6zpont.<\/span><br \/>\n<span style=\"font-family: Arial;\">Bizonyos \u00fcgyek m\u00f6g\u00e9 az \u00cdrisz tagjai egyk\u00e9nt sorakoznak fel, \u00e9s gyakorolnak nyom\u00e1st az \u00f6nkorm\u00e1nyzatra, ha \u00fagy \u00edt\u00e9lik meg, hogy ez sz\u00fcks\u00e9ges. \u00cdgy p\u00e9ld\u00e1ul szorgalmazt\u00e1k a m\u0171vel\u0151d\u00e9si h\u00e1z r\u00e1mp\u00e1j\u00e1nak ki\u00e9p\u00edt\u00e9s\u00e9t, mert a l\u00e9pcs\u0151n babakocsival, f\u0151leg t\u00e9len, neh\u00e9zkesen lehetett feljutni. M\u00e1rpedig f\u0151leg az es\u0151sebb, h\u0171v\u00f6sebb id\u0151szakokban haszn\u00e1lj\u00e1k a h\u00e1zat: ny\u00e1ron szabadt\u00e9ri programokat szerveznek a k\u00f6zeli j\u00e1tsz\u00f3t\u00e9ren, ami j\u00f3l megk\u00f6zel\u00edthet\u0151, \u00e9s amely \u00edgy k\u00fcls\u0151s\u00f6ket is be tud vonzani. Az \u00f6nkorm\u00e1nyzathoz f\u0171z\u0151d\u0151 viszonya ellen\u00e9re az \u00cdrisz politikailag f\u00fcggetlen. Ez az egyik r\u00f3zsaparki fot\u00f3 ut\u00e1n meg is fogalmaz\u00f3dott, amelyet a kor\u00e1bbiak mell\u00e9 t\u00e9ve j\u00f3l l\u00e1that\u00f3, hogy m\u00edg a politikai r\u00e9sztvev\u0151k v\u00e1ltoznak, a civilek ugyanazok.<\/span><br \/>\n<span style=\"font-family: Arial;\">Az \u00cdrisz k\u00f6z\u00f6ss\u00e9ge arra t\u00f6rekszik, hogy meg\u0151rizze civils\u00e9g\u00e9t \u00e9s f\u00fcggetlens\u00e9g\u00e9t. Nem k\u00edv\u00e1nnak egyes\u00fclett\u00e9 fejl\u0151dni, rendszeres szervezetts\u00e9ggel nagy programokat l\u00e9trehozni, mert \u00fagy \u00e9rzik, hogy az adminisztr\u00e1ci\u00f3 elvonn\u00e1 az er\u0151t \u00e9s a figyelmet az \u00e1ltaluk fontosabbnak \u00edt\u00e9lt dolgokt\u00f3l. Tov\u00e1bbi probl\u00e9ma, hogy egy egyes\u00fcletben mindig meghat\u00e1rozott sz\u00e1m\u00fa tagnak kell lennie, \u00e9s m\u00edg az otthon l\u00e9v\u0151 anyuk\u00e1k sz\u00edvesen \u00e1ldozz\u00e1k erre idej\u00fcket \u00e9s energi\u00e1ikat, munka mellett m\u00e1r kev\u00e9sb\u00e9. Ez\u00e9rt nem indultak nagyobb civil p\u00e1ly\u00e1zatokon sem, legfeljebb m\u00e1s szervezetekkel k\u00f6z\u00f6sen: 2008 \u00f3ta m\u0171k\u00f6dnek. Akkor m\u00e9g a Ferencv\u00e1rosi K\u00f6z\u00f6ss\u00e9gi Alap\u00edtv\u00e1ny nem volt bejegyezve, mivel azt csak 2011 v\u00e9g\u00e9n jegyezt\u00e9k be, \u00edgy nem volt lehet\u0151s\u00e9g vel\u00fck k\u00f6z\u00f6sen p\u00e1ly\u00e1zni. Rendezv\u00e9nyeikre a k\u00f6z\u00f6ss\u00e9g \u00f6tletes b\u00f6rz\u00e9kkel, \u00f6nk\u00e9ntes adom\u00e1nyokkal, leg\u00fajabban pedig m\u00e1r a t\u00e1mogat\u00f3k alap\u00edtv\u00e1nyi hozz\u00e1j\u00e1rul\u00e1s\u00e1val szerzi meg a sz\u00fcks\u00e9ges anyagiakat.<\/span><br \/>\n<span style=\"font-family: Arial;\">Mivel az \u00cdrisz k\u00f6z\u00f6ss\u00e9ge nem k\u00edv\u00e1nt form\u00e1lis egyes\u00fclett\u00e9 v\u00e1lni, sem pedig a programok s\u0171r\u0171s\u00e9g\u00e9n v\u00e1ltoztatni, a lak\u00f3k\u00f6z\u00f6ss\u00e9gb\u0151l t\u00f6bben elhat\u00e1rozt\u00e1k, hogy l\u00e9trehoznak egy \u00faj szervezetet, amely az\u00a0<\/span><b><span style=\"font-family: Arial;\">Anyahaj\u00f3\u00a0<\/span><\/b><span style=\"font-family: Arial;\">nevet viseli, s amely elindult az egyes\u00fclett\u00e9 v\u00e1l\u00e1s \u00fatj\u00e1n. Az Anyahaj\u00f3 az \u00cdrisszel azonos c\u00e9lk\u00f6z\u00f6ns\u00e9get, de m\u00e1s utakat, m\u00e1s jelleg\u0171 szervezetts\u00e9get v\u00e1lasztott. F\u0151 c\u00e9lkit\u0171z\u00e9se, hogy a lak\u00f3telepen \u00e9l\u0151 kismam\u00e1kat kiszak\u00edtsa az elszigetelts\u00e9g\u00fckb\u0151l, \u00fagy, hogy ne csak havi rendszeress\u00e9ggel biztos\u00edtsanak programokat, hanem minden napra jusson legal\u00e1bb egy. Ennek megval\u00f3sul\u00e1sa term\u00e9szetesen a tagok aktivit\u00e1s\u00e1t\u00f3l is f\u00fcgg: volt, hogy p\u00e1r h\u00f3napra ez m\u00e1r meg tudott val\u00f3sulni, most csendesebb id\u0151szak van. Mindehhez az egyes\u00fcleti jogi form\u00e1t v\u00e1lasztott\u00e1k, amely alkalmass\u00e1 teszi \u0151ket arra, hogy nagyobb p\u00e1ly\u00e1zatokon induljanak. Jelenleg egy norv\u00e9g p\u00e1ly\u00e1zaton nyert \u00f6sszegb\u0151l gazd\u00e1lkodnak, az ott v\u00e1llaltaknak megfelel\u0151en, mivel a Norv\u00e9g Civil T\u00e1mogat\u00e1si Alap<\/span><span style=\"font-family: Arial; font-size: small;\">norvegcivilalap.hu<\/span><span style=\"font-family: Arial;\">\u00a0t\u00e1mogat\u00e1sa szervez\u0151d\u00e9sben foglalt, rendszeres k\u00f6telezetts\u00e9ggel j\u00e1r. Ez azt jelenti, hogy napi szint\u0171 legyen a m\u0171k\u00f6d\u00e9s, fix programokkal, havi programterv alapj\u00e1n, \u00edgy jelenleg ez hat\u00e1rozza meg a leger\u0151sebben, hogy merre tart a szervezet. Azonban kider\u00fclt, hogy m\u00e1st l\u00e1ttak akkor \u2013 decemberben \u2013 fontosnak, \u00e9s m\u00e1st l\u00e1tnak most, de m\u00e1r azon az \u00faton kell haladniuk, amit akkor kijel\u00f6ltek. Akkor nagyon kiemelt feladatk\u00e9nt l\u00e1tt\u00e1k, hogy sok nagy rendezv\u00e9ny\u00fck, \u00e9s ezek mindegyike jelent\u0151s legyen. Most, hogy m\u00e1r az \u00f6sszeset megszervezt\u00e9k, \u00fagy \u00e9rz\u0151dik, hogy t\u00fal sok energia ment el r\u00e1juk, \u00e9s vagy nem hoztak vissza annyit, mint v\u00e1rt\u00e1k, vagy m\u00e9g nem l\u00e1tszik, hogy az energi\u00e1k megt\u00e9r\u00fcln\u00e9nek. Ma m\u00e1r ink\u00e1bb arra fektetn\u00e9nek hangs\u00falyt, hogy akik m\u00e1r benne vannak, \u00e9s csin\u00e1lj\u00e1k, azok k\u00f6z\u00f6tt szem\u00e9lyes kapcsolat \u00e9p\u00fclj\u00f6n, er\u0151s\u00f6dj\u00f6n, \u00e9s ez egy\u00fcttm\u0171k\u00f6d\u00e9sre sarkallja \u0151ket: szeretn\u00e9k, hogy a m\u00e1r \u201ebent\u201d munk\u00e1lkod\u00f3k \u00e9rezz\u00e9k ennek haszn\u00e1t, \u00e1ld\u00e1s\u00e1t, \u00e9s ne csak kifel\u00e9 kommunik\u00e1lj\u00e1k, milyen j\u00f3 tagnak lenni. \u00dagy l\u00e1tj\u00e1k, hogy ha a szervezeten bel\u00fcl l\u00e9v\u0151k t\u00e9nyleg nagyon j\u00f3l \u00e9rzik magukat, akkor ez \u00f6nmag\u00e1ban is el\u00e9gs\u00e9ges kommunik\u00e1ci\u00f3v\u00e1 v\u00e1lhat. Ezzel egy\u00fctt is nagyon hasznosnak l\u00e1tj\u00e1k a norv\u00e9g p\u00e1ly\u00e1zatot, hiszen a n\u00e9lk\u00fcl sehol sem lenn\u00e9nek, r\u00e1ad\u00e1sul a p\u00e1ly\u00e1zat besz\u00e1mol\u00e1si id\u0151szak\u00e1nak szor\u00edt\u00f3 k\u00f6telezetts\u00e9ge r\u00e1k\u00e9nyszer\u00edtette \u0151ket, hogy csin\u00e1lj\u00e1k is meg, amit elk\u00e9pzeltek. Interj\u00faalanyom hozz\u00e1tette, hogy az \u00f6nkorm\u00e1nyzati p\u00e1ly\u00e1zatokat nagyon k\u00e9s\u0151n \u00edrt\u00e1k ki, \u00edgy nem volt r\u00e1 el\u00e9g idej\u00fck \u00e9s erej\u00fck, de a k\u00e9s\u0151bbiekben ilyen t\u00edpus\u00fa p\u00e1ly\u00e1zatokon is terveznek majd indulni.<\/span><br \/>\n<span style=\"font-family: Arial;\">C\u00e9ljuk alapvet\u0151en az, hogy a szervezetet a civil k\u00f6z\u00f6ss\u00e9g m\u0171k\u00f6dtesse, \u00e9s ne csak n\u00e9h\u00e1ny akt\u00edv tag dolgozzon a k\u00f6z\u00f6ss\u00e9g\u00e9rt. Ez nem kis feladat, hiszen k\u00e9t-h\u00e1rom \u00e9v ut\u00e1n, hacsak nem sz\u00fcletik \u00fajabb gyermek, az anyuk\u00e1k \u00e1ltal\u00e1ban visszamennek dolgozni, \u00e9s a v\u00e1ltoz\u00f3 tags\u00e1got \u00fajra \u00e9s \u00fajra \u00f6ssze kell fogni. Ez jelen pillanatban mindk\u00e9t csoportban jelent\u0151s probl\u00e9ma. Mivel az Anyahaj\u00f3 az \u00cdriszb\u0151l v\u00e1lt ki, \u00edgy annak akt\u00edv magja jelent\u0151sen megcsappant. B\u00e1r az\u00f3ta sokan mindk\u00e9t kezdem\u00e9nyez\u00e9sben szerepet v\u00e1llalnak, kezdetben a k\u00e9t szervezet viszonya viharosan indult, mivel az Anyahaj\u00f3 l\u00e9trej\u00f6ttekor az hangzott el, hogy a Ferencv\u00e1rosban eddig nem volt semmi. Ez az \u00cdriszben tev\u00e9kenyen r\u00e9sztvev\u0151 tagokat megb\u00e1ntotta, az egy\u00fcttm\u0171k\u00f6d\u00e9st pedig megnehez\u00edtette, azzal egy\u00fctt is, hogy mindv\u00e9gig volt, aki mindk\u00e9t egys\u00e9gben v\u00e1llalt valamilyen feladatk\u00f6rt.<\/span><br \/>\n<span style=\"font-family: Arial;\">Az Anyahaj\u00f3ban, tal\u00e1n pont frissess\u00e9ge ok\u00e1n, a szerepek \u00e9s feladatk\u00f6r\u00f6k kioszt\u00e1sa egyel\u0151re nem zajlik probl\u00e9mamentesen. Az egyik alap\u00edt\u00f3 tag elmondta, mennyi mindent v\u00e9gez jelen pillanatban egyed\u00fcl, s hogy emiatt t\u00falterheltnek \u00e9rzi mag\u00e1t, feladatai egy jelent\u0151s r\u00e9sz\u00e9t sz\u00edvesen b\u00edzn\u00e1 m\u00e1sokra, m\u00edg van, amit term\u00e9szetesen csin\u00e1lna tov\u00e1bb is. Hozz\u00e1tette, hogy aki elv\u00e1llal egy adott programot, az egy\u00fattal azt is v\u00e1llalja, hogy azt legal\u00e1bb egy-k\u00e9t h\u00f3napig biztosan csin\u00e1lni, m\u0171k\u00f6dtetni is fogja \u2013 neki p\u00e9ld\u00e1ul ilyen a horgol\u00f3 k\u00f6r, amit imm\u00e1ron m\u00e1sf\u00e9l \u00e9ve minden h\u00e9tf\u0151n megtart. Rendszeres programjuk m\u00e9g a hordoz\u00f3 k\u00f6r, amit k\u00e9thetente tartanak meg, a f\u00e9l p\u00e1r evez\u0151s klub, ami minden kedden d\u00e9lut\u00e1n van. E mell\u00e9, ha az idej\u00fck engedi, megszervezik az \u00fagynevezett szabad kik\u00f6t\u0151t: ekkor nincs megadott t\u00e9ma, csup\u00e1n a lehet\u0151s\u00e9g az egy\u00fcttl\u00e9tre, de term\u00e9szetesen ehhez is sz\u00fcks\u00e9g van h\u00e1zigazd\u00e1ra. Tavaly \u00e1lland\u00f3 h\u00e1zigazda volt, \u00e9s fix id\u0151pontot rendeltek az esem\u00e9nyhez, ez azonban nem m\u0171k\u00f6d\u00f6tt olyan j\u00f3l, mint v\u00e1rt\u00e1k. Terveik szerint sok h\u00e1zigazda lesz: ehhez k\u00e9sz\u00fclt egy t\u00e1bl\u00e1zat, melybe mindenki be\u00edrhatja, melyik d\u00e9lel\u0151tt\u00f6t, avagy d\u00e9lut\u00e1nt v\u00e1llalja el \u2013 s \u00edgy amelyik id\u0151pontnak lesz \u201egazd\u00e1ja\u201d, az ker\u00fcl megrendez\u00e9sre. Szoktak tartani v\u00e1s\u00e1rokat, Mikul\u00e1s bulit, p\u00f3tszilvesztert, h\u00fasv\u00e9ti mulats\u00e1got (ekkor toj\u00e1skeres\u00e9st szerveznek a ny\u00faldombon), farsangot. Mivel folyamatosan mennek el r\u00e9gebbi, illetve j\u00f6nnek \u00fajabb tagok, a szervezet maga is dinamikus: az alakul, amire van energia, vagy \u00e9ppen szaktud\u00e1s, \u00e9s a felmer\u00fcl\u0151 ig\u00e9nyek is v\u00e1ltoznak, amihez rugalmasan alkalmazkodni kell.<\/span><br \/>\n<span style=\"font-family: Arial;\">Interj\u00faalanyom elmond\u00e1sa szerint m\u00e9g ki kell tapasztalniuk, meg kell tanulniuk, hogyan lehet hat\u00e9konyan m\u0171k\u00f6detni egy ilyen szervezetet, \u00e9s egyszersmind \u00f6sszetartani, aktiviz\u00e1lni \u00e9s felel\u0151ss\u00e9gv\u00e1llal\u00e1sra buzd\u00edtani a k\u00f6z\u00f6ss\u00e9get. Ezzel egy\u00fctt, m\u00e1r siker\u00fclt megval\u00f3s\u00edtaniuk a k\u00f6z\u00f6ss\u00e9gen bel\u00fcl a komat\u00e1laz\u00e1st \u2013 ami legink\u00e1bb csak a m\u00e1sodik gyermek\u00fcket v\u00e1r\u00f3k eset\u00e9ben lehets\u00e9ges, hiszen az anyuk\u00e1k rendszerint csak az els\u0151 gyermek megsz\u00fclet\u00e9se ut\u00e1n csatlakoznak a k\u00f6z\u00f6ss\u00e9ghez. A m\u00e1sik komoly eredm\u00e9ny, hogy siker\u00fclt kapcsolatot teremteni\u00fck a Plat\u00e1n id\u0151sek otthon\u00e1val, ahol helyet kaptak, s ahol a koroszt\u00e1lyok elkezdtek nyitni egym\u00e1s fel\u00e9. Az interj\u00fak alapj\u00e1n kider\u00fclt, hogy a lak\u00f3telepen nagyon jellemz\u0151 az, hogy olyan kisgyerekes csal\u00e1dok vannak jelen, akikt\u0151l a nagysz\u00fcl\u0151k t\u00e1vol laknak, teh\u00e1t nincs meg az a t\u00e1mogat\u00e1s, amit a nagysz\u00fcl\u0151k biztos\u00edtani tudn\u00e1nak, m\u00e1sfel\u0151l olyan id\u0151sek is laknak itt, akiknek viszont t\u00e1vol laknak a gyerekeik: ezt a k\u00e9t korcsoportot pr\u00f3b\u00e1lj\u00e1k kicsit \u00f6sszehozni. Az Anyahaj\u00f3 egy m\u00e1sik jelent\u0151s probl\u00e9m\u00e1ja megold\u00f3dni l\u00e1tszik: eleddig nem \u00e1llt rendelkez\u00e9s\u00fckre semmilyen helysz\u00edn, amivel szabadon rendelkezhettek volna, id\u0151pontt\u00f3l f\u00fcggetlen\u00fcl. Amint az interj\u00fab\u00f3l az kider\u00fclt, komoly \u00edg\u00e9retet kaptak az \u00f6nkorm\u00e1nyzatt\u00f3l, mely szerint a k\u00f6zelj\u00f6v\u0151ben rendelkez\u00e9s\u00fckre bocs\u00e1jtanak egy az ig\u00e9nyeiknek megfelel\u0151 (minimum f\u00fcrd\u0151szob\u00e1val \u00e9s konyh\u00e1val ell\u00e1tott) helyis\u00e9get. Az Anyahaj\u00f3 \u00e9let\u00e9ben is fontos szerepet t\u00f6lt be a bab\u00e1k r\u00f3zsaparkja. Ezen k\u00edv\u00fcl nagy hangs\u00falyt fektetnek az elektronikus kapcsolattart\u00e1sra, \u00edgy a Facebook<\/span><span style=\"font-family: Arial; font-size: small;\"><a href=\"https:\/\/www.facebook.com\/pages\/Anyahaj%C3%B3-Anyak%C3%B6zpont\/518392078336935\">https:\/\/www.facebook.com\/pages\/Anyahaj%C3%B3-Anyak%C3%B6zpont\/518392078336935<\/a><\/span><span style=\"font-family: Arial; font-size: small;\">\u00a0<\/span><span style=\"font-family: Arial;\">csoportjukra, a weboldalukra<\/span><span style=\"font-family: Arial; font-size: small;\"><a href=\"http:\/\/anyahajokozpont.hu\/\">http:\/\/anyahajokozpont.hu\/<\/a><\/span><span style=\"font-family: Arial;\">, valamint blogot is vezetnek.<\/span><br \/>\n<span style=\"font-family: Arial;\">A k\u00e9t k\u00f6z\u00f6ss\u00e9gi csoport megismer\u00e9se alapj\u00e1n neh\u00e9z eld\u00f6nteni, hogy egy lak\u00f3k\u00f6z\u00f6ss\u00e9g sz\u00e1m\u00e1ra melyik a hasznosabb szervez\u0151d\u00e9s. Ez\u00e9rt is fontos az \u2013 ahogy a nyilatkoz\u00f3k mondt\u00e1k \u2013, hogy ma m\u00e1r j\u00f3 kapcsolat van a k\u00e9t szervezet k\u00f6z\u00f6tt, egym\u00e1s rendezv\u00e9nyein r\u00e9szt vesznek, \u00e9s t\u00e1mogatj\u00e1k egym\u00e1st. Tal\u00e1n nem is \u00e9rdemes \u00f6sszehasonl\u00edt\u00e1st tenn\u00fcnk, hogy a laz\u00e1bb, k\u00f6tetlenebb, vagy a szervezettebb civil k\u00f6z\u00f6ss\u00e9g az eredm\u00e9nyesebb, hiszen egy k\u00f6z\u00f6ss\u00e9g erej\u00e9t a benne r\u00e9szt vev\u0151 tagok ig\u00e9nye, aktivit\u00e1sa adja meg: jelen pillanatban pedig \u00fagy t\u0171nik, mindkett\u0151re van ig\u00e9ny.<\/span><br \/>\n<span style=\"font-family: Arial;\">A civil k\u00f6z\u00f6ss\u00e9gek sikeress\u00e9g\u00e9re igaz az a mond\u00e1s, amelyet Makarenko \u00edgy fogalmazott meg: \u201e<\/span><i><span style=\"font-family: Arial;\">Hi\u00e1ba besz\u00e9lek \u00e9n az embereknek arr\u00f3l, hogy legyenek b\u00e1trak, legfeljebb azt \u00e9rem el, hogy ugyanolyan sz\u00e9pen fognak besz\u00e9lni a b\u00e1tors\u00e1gr\u00f3l, mint \u00e9n. De ha olyan feladatok el\u00e9 \u00e1ll\u00edtom az egy\u00e9nt, amely b\u00e1tors\u00e1got ig\u00e9nyel, akkor kialakul minden egy\u00e9nben a b\u00e1tors\u00e1g.<\/span><\/i><span style=\"font-family: Arial;\">\u201d<\/span><br \/>\n<span style=\"font-family: Arial;\">Az ilyen t\u00edpus\u00fa civil k\u00f6z\u00f6ss\u00e9gek olyan terepek, amelyek lehet\u0151s\u00e9get adnak arra, hogy a k\u00f6z\u00f6ss\u00e9gben r\u00e9szt vev\u0151k egy\u00e9nis\u00e9ge pozit\u00edv ir\u00e1nyba fejl\u0151dj\u00f6n, \u00e9s ez ne csak \u00f6nmag\u00e1nak, hanem a csal\u00e1dj\u00e1nak, s\u0151t a t\u00e1gabb k\u00f6rnyezet\u00e9nek is haszn\u00e1ra v\u00e1ljon. A J\u00f3zsef Attila lak\u00f3telepen dolgoz\u00f3 szervezetek j\u00f3l m\u0171k\u00f6dnek. Arra a k\u00e9rd\u00e9semre, hogy tev\u00e9kenys\u00e9g\u00fcket jobb sz\u00ednvonalon l\u00e1ss\u00e1k el, miben seg\u00edthetne nekik a K\u00f6z\u00f6ss\u00e9gfejleszt\u0151k Egyes\u00fclete, a k\u00f6vetkez\u0151ket fogalmazt\u00e1k meg: szakmai tan\u00e1csok a szervez\u00e9sekhez, szociol\u00f3giai felm\u00e9r\u00e9sek, vezet\u0151i tr\u00e9ningek a konfliktuskezel\u00e9sekr\u0151l, valamint a kommunik\u00e1ci\u00f3s technik\u00e1r\u00f3l, \u00e9s a k\u00f6z\u00f6ss\u00e9gek \u00f6sszetart\u00e1s\u00e1r\u00f3l.<\/span><br \/>\n<span style=\"font-family: Arial;\">Ahogy John F. Kennedy mondta: \u201e<\/span><i><span style=\"font-family: Arial;\">Ne azt k\u00e9rdezd, mit tehet \u00e9rted a haz\u00e1d, hanem hogy mit tehetsz te a haz\u00e1d\u00e9rt.<\/span><\/i><span style=\"font-family: Arial;\">\u201d \u00c1tfogalmazva mindezt azt hiszem, megkapjuk e k\u00e9t kezdem\u00e9nyez\u00e9s jelmondat\u00e1t: Ne azt k\u00e9rdezd, mit tehet \u00e9rted a k\u00f6z\u00f6ss\u00e9g, hanem hogy mit tehetsz te a k\u00f6z\u00f6ss\u00e9g\u00e9rt.<\/span><\/p>\n<p>&nbsp;<\/p>\n","protected":false},"excerpt":{"rendered":"<p>A posztadoleszcencia jelens\u00e9ge j\u00f3l megfigyelhet\u0151 a mai Magyarorsz\u00e1g ter\u00fclet\u00e9n is. Mint k\u00f6zel huszon\u00f6t \u00e9ves egyetemista di\u00e1kl\u00e1nynak, nekem sincsen m\u00e9g gyermekem, \u00edgy az anyak\u00f6zpontok m\u0171k\u00f6d\u00e9se, szervez\u0151d\u00e9se t\u00e1vol \u00e1ll t\u0151lem. Mint m\u00e1sod\u00e9ves szociol\u00f3gus mesterszakos hallgat\u00f3, \u00fagy gondolom, hogy az ismeretlen dolgokkal szemben az ember kez\u00e9ben az egyetlen haszn\u00e1lhat\u00f3 \u201efegyver\u201d a\u00a0megismer\u00e9s. A K\u00f6z\u00f6ss\u00e9gfejleszt\u0151k Egyes\u00fclet\u00e9n\u00e9l teljes\u00edtett terepgyakorlatom keretein bel\u00fcl [&hellip;]<\/p>\n","protected":false},"author":123,"featured_media":3706,"comment_status":"open","ping_status":"open","sticky":false,"template":"","format":"standard","meta":{"_acf_changed":false,"footnotes":""},"categories":[133,8,7],"tags":[],"coauthors":[146],"class_list":["post-1577","post","type-post","status-publish","format-standard","has-post-thumbnail","hentry","category-parola-2016-1","category-parola-folyoirat","category-repertorium"],"acf":[],"yoast_head":"<!-- This site is optimized with the Yoast SEO plugin v26.7 - https:\/\/yoast.com\/wordpress\/plugins\/seo\/ -->\n<title>Haj\u00f3z\u00e1s a sziv\u00e1rv\u00e1ny alatt - Parola Foly\u00f3irat<\/title>\n<meta name=\"robots\" content=\"index, follow, max-snippet:-1, max-image-preview:large, max-video-preview:-1\" \/>\n<link rel=\"canonical\" href=\"https:\/\/kofe.hu\/parola\/parola-folyoirat\/hajozas-a-szivarvany-alatt\/\" \/>\n<meta property=\"og:locale\" content=\"hu_HU\" \/>\n<meta property=\"og:type\" content=\"article\" \/>\n<meta property=\"og:title\" content=\"Haj\u00f3z\u00e1s a sziv\u00e1rv\u00e1ny alatt - Parola Foly\u00f3irat\" \/>\n<meta property=\"og:description\" content=\"A posztadoleszcencia jelens\u00e9ge j\u00f3l megfigyelhet\u0151 a mai Magyarorsz\u00e1g ter\u00fclet\u00e9n is. Mint k\u00f6zel huszon\u00f6t \u00e9ves egyetemista di\u00e1kl\u00e1nynak, nekem sincsen m\u00e9g gyermekem, \u00edgy az anyak\u00f6zpontok m\u0171k\u00f6d\u00e9se, szervez\u0151d\u00e9se t\u00e1vol \u00e1ll t\u0151lem. Mint m\u00e1sod\u00e9ves szociol\u00f3gus mesterszakos hallgat\u00f3, \u00fagy gondolom, hogy az ismeretlen dolgokkal szemben az ember kez\u00e9ben az egyetlen haszn\u00e1lhat\u00f3 \u201efegyver\u201d a\u00a0megismer\u00e9s. A K\u00f6z\u00f6ss\u00e9gfejleszt\u0151k Egyes\u00fclet\u00e9n\u00e9l teljes\u00edtett terepgyakorlatom keretein bel\u00fcl [&hellip;]\" \/>\n<meta property=\"og:url\" content=\"https:\/\/kofe.hu\/parola\/parola-folyoirat\/hajozas-a-szivarvany-alatt\/\" \/>\n<meta property=\"og:site_name\" content=\"Parola Foly\u00f3irat\" \/>\n<meta property=\"article:published_time\" content=\"2020-06-11T06:04:42+00:00\" \/>\n<meta property=\"article:modified_time\" content=\"2020-07-30T10:58:54+00:00\" \/>\n<meta property=\"og:image\" content=\"https:\/\/kofe.hu\/parola\/wp-content\/uploads\/2020\/07\/2016-1_cim_xxvii-1.jpg\" \/>\n\t<meta property=\"og:image:width\" content=\"1241\" \/>\n\t<meta property=\"og:image:height\" content=\"1755\" \/>\n\t<meta property=\"og:image:type\" content=\"image\/jpeg\" \/>\n<meta name=\"author\" content=\"Kov\u00e1cs Ildik\u00f3\" \/>\n<meta name=\"twitter:card\" content=\"summary_large_image\" \/>\n<meta name=\"twitter:label1\" content=\"Szerz\u0151:\" \/>\n\t<meta name=\"twitter:data1\" content=\"Kov\u00e1cs Ildik\u00f3\" \/>\n\t<meta name=\"twitter:label2\" content=\"Becs\u00fclt olvas\u00e1si id\u0151\" \/>\n\t<meta name=\"twitter:data2\" content=\"20 perc\" \/>\n\t<meta name=\"twitter:label3\" content=\"Written by\" \/>\n\t<meta name=\"twitter:data3\" content=\"Kov\u00e1cs Ildik\u00f3\" \/>\n<script type=\"application\/ld+json\" class=\"yoast-schema-graph\">{\"@context\":\"https:\/\/schema.org\",\"@graph\":[{\"@type\":\"Article\",\"@id\":\"https:\/\/kofe.hu\/parola\/parola-folyoirat\/hajozas-a-szivarvany-alatt\/#article\",\"isPartOf\":{\"@id\":\"https:\/\/kofe.hu\/parola\/parola-folyoirat\/hajozas-a-szivarvany-alatt\/\"},\"author\":{\"name\":\"Kov\u00e1cs Ildik\u00f3\",\"@id\":\"https:\/\/kofe.hu\/parola\/#\/schema\/person\/9487901020af60669a108b59728441c7\"},\"headline\":\"Haj\u00f3z\u00e1s a sziv\u00e1rv\u00e1ny alatt\",\"datePublished\":\"2020-06-11T06:04:42+00:00\",\"dateModified\":\"2020-07-30T10:58:54+00:00\",\"mainEntityOfPage\":{\"@id\":\"https:\/\/kofe.hu\/parola\/parola-folyoirat\/hajozas-a-szivarvany-alatt\/\"},\"wordCount\":4053,\"commentCount\":0,\"image\":{\"@id\":\"https:\/\/kofe.hu\/parola\/parola-folyoirat\/hajozas-a-szivarvany-alatt\/#primaryimage\"},\"thumbnailUrl\":\"https:\/\/kofe.hu\/parola\/wp-content\/uploads\/2020\/07\/2016-1_cim_xxvii-1.jpg\",\"articleSection\":[\"Parola 2016\/1\",\"Parola Foly\u00f3irat\",\"Repert\u00f3rium\"],\"inLanguage\":\"hu\",\"potentialAction\":[{\"@type\":\"CommentAction\",\"name\":\"Comment\",\"target\":[\"https:\/\/kofe.hu\/parola\/parola-folyoirat\/hajozas-a-szivarvany-alatt\/#respond\"]}]},{\"@type\":\"WebPage\",\"@id\":\"https:\/\/kofe.hu\/parola\/parola-folyoirat\/hajozas-a-szivarvany-alatt\/\",\"url\":\"https:\/\/kofe.hu\/parola\/parola-folyoirat\/hajozas-a-szivarvany-alatt\/\",\"name\":\"Haj\u00f3z\u00e1s a sziv\u00e1rv\u00e1ny alatt - Parola Foly\u00f3irat\",\"isPartOf\":{\"@id\":\"https:\/\/kofe.hu\/parola\/#website\"},\"primaryImageOfPage\":{\"@id\":\"https:\/\/kofe.hu\/parola\/parola-folyoirat\/hajozas-a-szivarvany-alatt\/#primaryimage\"},\"image\":{\"@id\":\"https:\/\/kofe.hu\/parola\/parola-folyoirat\/hajozas-a-szivarvany-alatt\/#primaryimage\"},\"thumbnailUrl\":\"https:\/\/kofe.hu\/parola\/wp-content\/uploads\/2020\/07\/2016-1_cim_xxvii-1.jpg\",\"datePublished\":\"2020-06-11T06:04:42+00:00\",\"dateModified\":\"2020-07-30T10:58:54+00:00\",\"author\":{\"@id\":\"https:\/\/kofe.hu\/parola\/#\/schema\/person\/9487901020af60669a108b59728441c7\"},\"breadcrumb\":{\"@id\":\"https:\/\/kofe.hu\/parola\/parola-folyoirat\/hajozas-a-szivarvany-alatt\/#breadcrumb\"},\"inLanguage\":\"hu\",\"potentialAction\":[{\"@type\":\"ReadAction\",\"target\":[\"https:\/\/kofe.hu\/parola\/parola-folyoirat\/hajozas-a-szivarvany-alatt\/\"]}]},{\"@type\":\"ImageObject\",\"inLanguage\":\"hu\",\"@id\":\"https:\/\/kofe.hu\/parola\/parola-folyoirat\/hajozas-a-szivarvany-alatt\/#primaryimage\",\"url\":\"https:\/\/kofe.hu\/parola\/wp-content\/uploads\/2020\/07\/2016-1_cim_xxvii-1.jpg\",\"contentUrl\":\"https:\/\/kofe.hu\/parola\/wp-content\/uploads\/2020\/07\/2016-1_cim_xxvii-1.jpg\",\"width\":1241,\"height\":1755},{\"@type\":\"BreadcrumbList\",\"@id\":\"https:\/\/kofe.hu\/parola\/parola-folyoirat\/hajozas-a-szivarvany-alatt\/#breadcrumb\",\"itemListElement\":[{\"@type\":\"ListItem\",\"position\":1,\"name\":\"Home\",\"item\":\"https:\/\/kofe.hu\/parola\/\"},{\"@type\":\"ListItem\",\"position\":2,\"name\":\"Haj\u00f3z\u00e1s a sziv\u00e1rv\u00e1ny alatt\"}]},{\"@type\":\"WebSite\",\"@id\":\"https:\/\/kofe.hu\/parola\/#website\",\"url\":\"https:\/\/kofe.hu\/parola\/\",\"name\":\"Parola Foly\u00f3irat\",\"description\":\"\",\"potentialAction\":[{\"@type\":\"SearchAction\",\"target\":{\"@type\":\"EntryPoint\",\"urlTemplate\":\"https:\/\/kofe.hu\/parola\/?s={search_term_string}\"},\"query-input\":{\"@type\":\"PropertyValueSpecification\",\"valueRequired\":true,\"valueName\":\"search_term_string\"}}],\"inLanguage\":\"hu\"},{\"@type\":\"Person\",\"@id\":\"https:\/\/kofe.hu\/parola\/#\/schema\/person\/9487901020af60669a108b59728441c7\",\"name\":\"Kov\u00e1cs Ildik\u00f3\",\"image\":{\"@type\":\"ImageObject\",\"inLanguage\":\"hu\",\"@id\":\"https:\/\/kofe.hu\/parola\/#\/schema\/person\/image\/23494c9101089ad44ae88ce9d2f56aac\",\"url\":\"https:\/\/secure.gravatar.com\/avatar\/?s=96&d=mm&r=g\",\"contentUrl\":\"https:\/\/secure.gravatar.com\/avatar\/?s=96&d=mm&r=g\",\"caption\":\"Kov\u00e1cs Ildik\u00f3\"},\"url\":\"https:\/\/kofe.hu\/parola\/szerzok\/kovacs-ildiko\/\"}]}<\/script>\n<!-- \/ Yoast SEO plugin. -->","yoast_head_json":{"title":"Haj\u00f3z\u00e1s a sziv\u00e1rv\u00e1ny alatt - Parola Foly\u00f3irat","robots":{"index":"index","follow":"follow","max-snippet":"max-snippet:-1","max-image-preview":"max-image-preview:large","max-video-preview":"max-video-preview:-1"},"canonical":"https:\/\/kofe.hu\/parola\/parola-folyoirat\/hajozas-a-szivarvany-alatt\/","og_locale":"hu_HU","og_type":"article","og_title":"Haj\u00f3z\u00e1s a sziv\u00e1rv\u00e1ny alatt - Parola Foly\u00f3irat","og_description":"A posztadoleszcencia jelens\u00e9ge j\u00f3l megfigyelhet\u0151 a mai Magyarorsz\u00e1g ter\u00fclet\u00e9n is. Mint k\u00f6zel huszon\u00f6t \u00e9ves egyetemista di\u00e1kl\u00e1nynak, nekem sincsen m\u00e9g gyermekem, \u00edgy az anyak\u00f6zpontok m\u0171k\u00f6d\u00e9se, szervez\u0151d\u00e9se t\u00e1vol \u00e1ll t\u0151lem. Mint m\u00e1sod\u00e9ves szociol\u00f3gus mesterszakos hallgat\u00f3, \u00fagy gondolom, hogy az ismeretlen dolgokkal szemben az ember kez\u00e9ben az egyetlen haszn\u00e1lhat\u00f3 \u201efegyver\u201d a\u00a0megismer\u00e9s. A K\u00f6z\u00f6ss\u00e9gfejleszt\u0151k Egyes\u00fclet\u00e9n\u00e9l teljes\u00edtett terepgyakorlatom keretein bel\u00fcl [&hellip;]","og_url":"https:\/\/kofe.hu\/parola\/parola-folyoirat\/hajozas-a-szivarvany-alatt\/","og_site_name":"Parola Foly\u00f3irat","article_published_time":"2020-06-11T06:04:42+00:00","article_modified_time":"2020-07-30T10:58:54+00:00","og_image":[{"width":1241,"height":1755,"url":"https:\/\/kofe.hu\/parola\/wp-content\/uploads\/2020\/07\/2016-1_cim_xxvii-1.jpg","type":"image\/jpeg"}],"author":"Kov\u00e1cs Ildik\u00f3","twitter_card":"summary_large_image","twitter_misc":{"Szerz\u0151:":"Kov\u00e1cs Ildik\u00f3","Becs\u00fclt olvas\u00e1si id\u0151":"20 perc","Written by":"Kov\u00e1cs Ildik\u00f3"},"schema":{"@context":"https:\/\/schema.org","@graph":[{"@type":"Article","@id":"https:\/\/kofe.hu\/parola\/parola-folyoirat\/hajozas-a-szivarvany-alatt\/#article","isPartOf":{"@id":"https:\/\/kofe.hu\/parola\/parola-folyoirat\/hajozas-a-szivarvany-alatt\/"},"author":{"name":"Kov\u00e1cs Ildik\u00f3","@id":"https:\/\/kofe.hu\/parola\/#\/schema\/person\/9487901020af60669a108b59728441c7"},"headline":"Haj\u00f3z\u00e1s a sziv\u00e1rv\u00e1ny alatt","datePublished":"2020-06-11T06:04:42+00:00","dateModified":"2020-07-30T10:58:54+00:00","mainEntityOfPage":{"@id":"https:\/\/kofe.hu\/parola\/parola-folyoirat\/hajozas-a-szivarvany-alatt\/"},"wordCount":4053,"commentCount":0,"image":{"@id":"https:\/\/kofe.hu\/parola\/parola-folyoirat\/hajozas-a-szivarvany-alatt\/#primaryimage"},"thumbnailUrl":"https:\/\/kofe.hu\/parola\/wp-content\/uploads\/2020\/07\/2016-1_cim_xxvii-1.jpg","articleSection":["Parola 2016\/1","Parola Foly\u00f3irat","Repert\u00f3rium"],"inLanguage":"hu","potentialAction":[{"@type":"CommentAction","name":"Comment","target":["https:\/\/kofe.hu\/parola\/parola-folyoirat\/hajozas-a-szivarvany-alatt\/#respond"]}]},{"@type":"WebPage","@id":"https:\/\/kofe.hu\/parola\/parola-folyoirat\/hajozas-a-szivarvany-alatt\/","url":"https:\/\/kofe.hu\/parola\/parola-folyoirat\/hajozas-a-szivarvany-alatt\/","name":"Haj\u00f3z\u00e1s a sziv\u00e1rv\u00e1ny alatt - Parola Foly\u00f3irat","isPartOf":{"@id":"https:\/\/kofe.hu\/parola\/#website"},"primaryImageOfPage":{"@id":"https:\/\/kofe.hu\/parola\/parola-folyoirat\/hajozas-a-szivarvany-alatt\/#primaryimage"},"image":{"@id":"https:\/\/kofe.hu\/parola\/parola-folyoirat\/hajozas-a-szivarvany-alatt\/#primaryimage"},"thumbnailUrl":"https:\/\/kofe.hu\/parola\/wp-content\/uploads\/2020\/07\/2016-1_cim_xxvii-1.jpg","datePublished":"2020-06-11T06:04:42+00:00","dateModified":"2020-07-30T10:58:54+00:00","author":{"@id":"https:\/\/kofe.hu\/parola\/#\/schema\/person\/9487901020af60669a108b59728441c7"},"breadcrumb":{"@id":"https:\/\/kofe.hu\/parola\/parola-folyoirat\/hajozas-a-szivarvany-alatt\/#breadcrumb"},"inLanguage":"hu","potentialAction":[{"@type":"ReadAction","target":["https:\/\/kofe.hu\/parola\/parola-folyoirat\/hajozas-a-szivarvany-alatt\/"]}]},{"@type":"ImageObject","inLanguage":"hu","@id":"https:\/\/kofe.hu\/parola\/parola-folyoirat\/hajozas-a-szivarvany-alatt\/#primaryimage","url":"https:\/\/kofe.hu\/parola\/wp-content\/uploads\/2020\/07\/2016-1_cim_xxvii-1.jpg","contentUrl":"https:\/\/kofe.hu\/parola\/wp-content\/uploads\/2020\/07\/2016-1_cim_xxvii-1.jpg","width":1241,"height":1755},{"@type":"BreadcrumbList","@id":"https:\/\/kofe.hu\/parola\/parola-folyoirat\/hajozas-a-szivarvany-alatt\/#breadcrumb","itemListElement":[{"@type":"ListItem","position":1,"name":"Home","item":"https:\/\/kofe.hu\/parola\/"},{"@type":"ListItem","position":2,"name":"Haj\u00f3z\u00e1s a sziv\u00e1rv\u00e1ny alatt"}]},{"@type":"WebSite","@id":"https:\/\/kofe.hu\/parola\/#website","url":"https:\/\/kofe.hu\/parola\/","name":"Parola Foly\u00f3irat","description":"","potentialAction":[{"@type":"SearchAction","target":{"@type":"EntryPoint","urlTemplate":"https:\/\/kofe.hu\/parola\/?s={search_term_string}"},"query-input":{"@type":"PropertyValueSpecification","valueRequired":true,"valueName":"search_term_string"}}],"inLanguage":"hu"},{"@type":"Person","@id":"https:\/\/kofe.hu\/parola\/#\/schema\/person\/9487901020af60669a108b59728441c7","name":"Kov\u00e1cs Ildik\u00f3","image":{"@type":"ImageObject","inLanguage":"hu","@id":"https:\/\/kofe.hu\/parola\/#\/schema\/person\/image\/23494c9101089ad44ae88ce9d2f56aac","url":"https:\/\/secure.gravatar.com\/avatar\/?s=96&d=mm&r=g","contentUrl":"https:\/\/secure.gravatar.com\/avatar\/?s=96&d=mm&r=g","caption":"Kov\u00e1cs Ildik\u00f3"},"url":"https:\/\/kofe.hu\/parola\/szerzok\/kovacs-ildiko\/"}]}},"_links":{"self":[{"href":"https:\/\/kofe.hu\/parola\/wp-json\/wp\/v2\/posts\/1577","targetHints":{"allow":["GET"]}}],"collection":[{"href":"https:\/\/kofe.hu\/parola\/wp-json\/wp\/v2\/posts"}],"about":[{"href":"https:\/\/kofe.hu\/parola\/wp-json\/wp\/v2\/types\/post"}],"author":[{"embeddable":true,"href":"https:\/\/kofe.hu\/parola\/wp-json\/wp\/v2\/users\/123"}],"replies":[{"embeddable":true,"href":"https:\/\/kofe.hu\/parola\/wp-json\/wp\/v2\/comments?post=1577"}],"version-history":[{"count":1,"href":"https:\/\/kofe.hu\/parola\/wp-json\/wp\/v2\/posts\/1577\/revisions"}],"predecessor-version":[{"id":1578,"href":"https:\/\/kofe.hu\/parola\/wp-json\/wp\/v2\/posts\/1577\/revisions\/1578"}],"wp:featuredmedia":[{"embeddable":true,"href":"https:\/\/kofe.hu\/parola\/wp-json\/wp\/v2\/media\/3706"}],"wp:attachment":[{"href":"https:\/\/kofe.hu\/parola\/wp-json\/wp\/v2\/media?parent=1577"}],"wp:term":[{"taxonomy":"category","embeddable":true,"href":"https:\/\/kofe.hu\/parola\/wp-json\/wp\/v2\/categories?post=1577"},{"taxonomy":"post_tag","embeddable":true,"href":"https:\/\/kofe.hu\/parola\/wp-json\/wp\/v2\/tags?post=1577"},{"taxonomy":"author","embeddable":true,"href":"https:\/\/kofe.hu\/parola\/wp-json\/wp\/v2\/coauthors?post=1577"}],"curies":[{"name":"wp","href":"https:\/\/api.w.org\/{rel}","templated":true}]}}