{"id":1573,"date":"2020-06-11T05:59:28","date_gmt":"2020-06-11T05:59:28","guid":{"rendered":"https:\/\/kofe.hu\/parola\/?p=1573"},"modified":"2020-07-30T10:58:33","modified_gmt":"2020-07-30T10:58:33","slug":"vissza-a-pal-utcaba-a-modern-grund","status":"publish","type":"post","link":"https:\/\/kofe.hu\/parola\/parola-folyoirat\/vissza-a-pal-utcaba-a-modern-grund\/","title":{"rendered":"Vissza a P\u00e1l utc\u00e1ba! A modern grund"},"content":{"rendered":"<p><b><span style=\"font-family: Arial; font-size: x-large;\"><br \/>\n<\/span><\/b><b><span style=\"font-family: Arial;\"><br \/>\n<\/span><\/b><span style=\"font-family: Arial;\">Moln\u00e1r Ferenc m\u00e1r 1907-ben meg\u00edrta, hogy mekkora \u00e9rt\u00e9ke van egy pici z\u00f6ld ter\u00fcletnek az \u00e9p\u00fcletdzsungel k\u00f6zep\u00e9n. A P\u00e1l utcai fi\u00faknak is ez volt a legnagyobb kincs\u00fck 1889-ben. A grund, mely egy kis szabad ter\u00fcletet jelentett a b\u00e9rh\u00e1zak k\u00f6z\u00f6tt, hatalmi harc t\u00e1rgy\u00e1v\u00e1 v\u00e1lt. Az volt a j\u00e1tsz\u00f3t\u00e9r, a focip\u00e1lya, a fatelepi \u00fatveszt\u0151 \u00e9s nem utols\u00f3 sorban a csatat\u00e9r. Ez a hely sok kis tizen\u00e9ves fi\u00fanak szolg\u00e1lt b\u00e1zisul. Sokaknak t\u00f6bbet jelentett az otthon\u00e1n\u00e1l, m\u00e1s az \u00e9let\u00e9t adta \u00e9rte. A kis f\u00f6ld v\u00e9delme igazi csapatt\u00e1 kov\u00e1csolta a fi\u00fakat.<\/span><\/p>\n<p><!--more--><span style=\"font-family: Arial;\">Tudt\u00e1k, csak egy\u00fcttes er\u0151vel v\u00e9dhetik meg.Ennek \u00e9rdek\u00e9ben saj\u00e1tos szab\u00e1lyokat hoztak l\u00e9tre, a kapit\u00e1nyv\u00e1laszt\u00e1st\u00f3l a fekete noteszig.<br \/>\nNem tudom, hogy sz\u00e1nd\u00e9kos vagy v\u00e9letlen, de az biztos, hogy k\u00eds\u00e9rtetiesen sok a hasonl\u00f3s\u00e1g a 19. sz\u00e1zadi P\u00e1l utcai grund, \u00e9s a mai, 21. sz\u00e1zadi, VIII. ker\u00fcleti Grundkert k\u00f6z\u00f6tt. Err\u0151l a kertr\u0151l nem reg\u00e9nyben olvastam, hanem a val\u00f3s\u00e1gban ismertem meg. A k\u00f6z\u00f6ss\u00e9g egyik oszlopos tagj\u00e1val,\u00a0<\/span><i><span style=\"font-family: Arial;\">Tak\u00e1cs Vikivel<\/span><\/i><span style=\"font-family: Arial;\">\u00a0besz\u00e9lgettem.<br \/>\nA f\u0151v\u00e1ros egyre ink\u00e1bb terjeszked\u0151 agglomer\u00e1ci\u00f3ja mellett az elm\u00falt \u00e9vekben Budapesten \u00e9s k\u00f6rny\u00e9k\u00e9n is ig\u00e9ny jelentkezett z\u00f6ld ter\u00fcletek megtart\u00e1s\u00e1ra. Az erre val\u00f3 hajlam legink\u00e1bb a belv\u00e1rosban \u00e9rezhet\u0151, hiszen itt van igaz\u00e1n \u00e9rt\u00e9ke a b\u00e9rh\u00e1zak, a bev\u00e1s\u00e1rl\u00f3 k\u00f6zpontok, modern \u00e9p\u00fcletek k\u00f6z\u00f6tt egy kis \u00fcres f\u00f6ldter\u00fcletnek. Ezeken a ter\u00fcleteken megid\u00e9zik a vid\u00e9ki gazdas\u00e1g hangulat\u00e1t: milyen is az, ha nap, mint nap tenni kell az\u00e9rt, hogy legyen \u201ebetev\u0151\u201d. Erre a folyamatra a\u00a0<\/span><i><span style=\"font-family: Arial;\">k\u00f6z\u00f6ss\u00e9gi kertek<\/span><\/i><span style=\"font-family: Arial;\">\u00a0gy\u0171jt\u0151nevet haszn\u00e1lj\u00e1k. Mint ahogy ez a nev\u00e9ben is benne van, c\u00e9lja, hogy \u00e9p\u00edtse a helyi k\u00f6z\u00f6ss\u00e9get. Egy\u00fcttes er\u0151vel hozzanak l\u00e9tre valami olyat, amihez mindenkinek a seg\u00edts\u00e9g\u00e9re sz\u00fcks\u00e9g van, mik\u00f6zben k\u00f6zelebb ker\u00fclnek egym\u00e1shoz \u00e9s k\u00f6z\u00f6s \u00fcgy\u00fckk\u00e9 v\u00e1lik a kert gondoz\u00e1sa.<\/span><\/p>\n<p><b><span style=\"font-family: Arial; font-size: large;\">A kert \u00e9let\u00fatja<br \/>\n<\/span><\/b><span style=\"font-family: Arial;\">\u00cdgy kelt \u00e9ltre 2012-ben a Grundkert is. Egy civilekb\u0151l \u00e1ll\u00f3 bar\u00e1ti t\u00e1rsas\u00e1g \u00fagy gondolta, hogy a saj\u00e1t k\u00f6r\u00fck\u00f6n k\u00edv\u00fcl a helyiek bevon\u00e1s\u00e1val gondozz\u00e1k a kis kertet. Ehhez toborz\u00e1sokba kezdtek, mely t\u00f6bb\u00e9-kev\u00e9sb\u00e9 sikeres volt. Ak\u00e1r csak reg\u00e9ny\u00fcnk f\u0151h\u0151seinek, a Grundkert szerepl\u0151inek is folyamatosan a szabad ter\u00fcletek\u00e9rt kell\/kellett k\u00fczdeni\u00fck. Az els\u0151 hely\u00e9n a kert k\u00e9t \u00e9vadot \u00e9lt meg, majd od\u00e9bb kellett \u00e1llniuk, mert a ter\u00fclet be\u00e9p\u00edt\u00e9sre ker\u00fclt. A kis kertet a Futureal ingatlan befektet\u0151 c\u00e9g t\u00e1mogatta, hiszen \u00faj ter\u00fcltet is adott a kezdem\u00e9nyez\u00e9snek. Az \u00fajonnan kapott ter\u00fclet a B\u00f3kay J\u00e1nos utc\u00e1ban volt, pont a G\u00f3lya<\/span><span style=\"font-family: Times New Roman; font-size: small;\">A G\u00f3lya l\u00e9nyeg\u00e9ben egy romkocsma, mely a civil szervez\u0151d\u00e9sek b\u00e1zis\u00e1ul szolg\u00e1l.\u00a0<\/span><u><span style=\"color: #0000ff; font-family: Times New Roman; font-size: small;\"><a href=\"https:\/\/www.facebook.com\/roncskocsma\">https:\/\/www.facebook.com\/roncskocsma<\/a><\/span><\/u><br \/>\n<span style=\"font-family: Arial;\">mellett. Interj\u00faalanyom ekkor kapcsol\u00f3dott be a kert \u00e9let\u00e9be, tavaly febru\u00e1rban. Ekkor kezdt\u00e9k el az \u00faj kert fel\u00e9p\u00edt\u00e9s\u00e9t. Ennek megval\u00f3s\u00edt\u00e1s\u00e1ra nagy ter\u00fclet \u00e1llt a rendelkez\u00e9s\u00fckre, \u00edgy hamar saj\u00e1t \u00edzl\u00e9s\u00fckre form\u00e1lt\u00e1k azt. A kert olyan hamar \u00e9letre kelt, hogy \u00e1prilist\u00f3l m\u00e1r termeltek is. A gyors fejl\u0151d\u00e9shez az is hozz\u00e1j\u00e1rult, hogy a G\u00f3lya sokban seg\u00edtette a tagokat. Ott tudt\u00e1k t\u00e1rolni a szersz\u00e1mokat, be tudtak j\u00e1rni enni\/inni, k\u00f6z\u00f6s tal\u00e1lkoz\u00f3hely\u00fcl szolg\u00e1lt \u00e9s nem utols\u00f3 sorban a mosd\u00f3 k\u00e9rd\u00e9se is megold\u00f3dott. S ha azt hinn\u00e9nk, hogy a kert \u00e9lete itt kiteljesedett \u00e9s mindenki boldogan \u00e1polja a parcell\u00e1j\u00e1t, csal\u00f3dn\u00e1nk, hisz ism\u00e9t j\u00f6tt egy beruh\u00e1z\u00f3, aki kiszor\u00edtotta \u0151ket a ter\u00fcletr\u0151l. Els\u0151 megold\u00e1sk\u00e9nt a G\u00f3ly\u00e1val szembeni \u00fcres placcra gondoltak, hiszen akkor minim\u00e1lis k\u00f6lt\u00f6z\u00e9ssel meg tudt\u00e1k volna oldani a probl\u00e9m\u00e1t \u00e9s m\u00e9g a G\u00f3lya ny\u00fajtotta el\u0151ny\u00f6k is megmaradtak volna.<\/span><br \/>\n<span style=\"font-family: Arial;\">\u00c1m ez az elk\u00e9pzel\u00e9s m\u00e9g le\u00edrva is t\u00fal sz\u00e9pnek hangzik, s a gyakorlatban sem val\u00f3sult meg. A B\u00f3kay utcai csapat ekkor pr\u00f3b\u00e1lt meg keresni egy olyan helyet, ami m\u00e1r v\u00e9gleges lesz, s \u00edgy k\u00f6t\u00f6ttek ki mai, harmadik hely\u00fck\u00f6n, az Ap\u00e1ti utc\u00e1ban.<\/span><\/p>\n<p><b><span style=\"font-family: Arial; font-size: large;\">Szervezet a kert m\u00f6g\u00f6tt<\/span><\/b><br \/>\n<span style=\"font-family: Arial;\">Az \u00faj hely megszerz\u00e9se sok neh\u00e9zs\u00e9get hozott mag\u00e1val, hiszen a Grundkert nagyon speci\u00e1lis. Semmilyen szervezet nem \u00e1ll m\u00f6g\u00f6tte, \u00edgy bonyodalmas a szerz\u0151d\u00e9sk\u00f6t\u00e9s. Az alap\u00edt\u00f3 civilek k\u00f6z\u00fcl p\u00e1r l\u00e1ny tagja a Messzel\u00e1t\u00f3k Egyes\u00fclet\u00e9nek, \u00e9s \u0151k v\u00e1llalt\u00e1k els\u0151 k\u00f6rben, hogy t\u00e1mogatj\u00e1k a kertet. Majd ez sem ment olyan sim\u00e1n, mert az Egyes\u00fclet m\u00e9gsem akarta v\u00e1llalni a feladatot, viszont egy \u201em\u00e1sik\u201d szervezet felkeres\u00e9se sem volt egyszer\u0171 feladat. Mindenki a buktat\u00f3t kereste a dologban. Ha a \u201em\u00e1sik\u201d egyes\u00fclet nem v\u00e1llalta, akkor biztosan van ott egy \u201eapr\u00f3 bet\u0171s\u201d r\u00e9sz\u2026 V\u00e9g\u00fcl a Messzel\u00e1t\u00f3k m\u00e9giscsak bev\u00e1llalt\u00e1k a Grundkertet, s \u00edgy most van szervezet a kert m\u00f6g\u00f6tt. A h\u00e1tt\u00e9rben megh\u00faz\u00f3d\u00f3 egyes\u00fcletnek kett\u0151s szerepe van, ugyanis ugyanolyan parcella-tulajdonos, mint b\u00e1rmely m\u00e1sik tag, viszont t\u00f6bbletfelel\u0151ss\u00e9g van rajta.<\/span><br \/>\n<span style=\"font-family: Arial;\">Az egyes\u00fclet k\u00f6lcs\u00f6n\u00f6ss\u00e9gi viszonyba l\u00e9pett a kerttel azzal, hogy v\u00e1llalta: t\u00e1mogatj\u00e1k \u0151ket. A Messzel\u00e1t\u00f3sok eleve z\u00f6ld- \u00e9s \u00f6ko-k\u00f6r\u00f6kben mozognak, \u00edgy nem nagyon kellett keresg\u00e9lni a k\u00fcl\u00f6nb\u00f6z\u0151 p\u00e1ly\u00e1zatok ut\u00e1n, hiszen els\u0151 k\u00e9zb\u0151l \u00e9rtes\u00fcltek r\u00f3la. Val\u00f3j\u00e1ban a Messzel\u00e1t\u00f3k tudnak p\u00e1ly\u00e1zni a kert n\u00e9lk\u00fcl, de a kert nem tud a Messzel\u00e1t\u00f3k n\u00e9lk\u00fcl. Ez az egyik f\u0151 szempontja annak, hogy a kert egyes\u00fclett\u00e9 szeretne v\u00e1lni.<\/span><br \/>\n<span style=\"font-family: Arial;\">K\u00f6zben a Messzel\u00e1t\u00f3k szerz\u0151d\u00e9st k\u00f6t\u00f6ttek a Futureallal. A c\u00e9g \u00edgy v\u00e1llalta a t\u00f6bblet- felel\u0151ss\u00e9get a kert ir\u00e1nt, s hogy mindenkinek pozit\u00edv legyen ez a kapcsolat, k\u00fcls\u0151s munkahelysz\u00ednn\u00e9 tett\u00e9k a kertet. Ezzel az int\u00e9zked\u00e9ssel lehet\u0151v\u00e9 tett\u00e9k, hogy a c\u00e9g is p\u00e1ly\u00e1zzon a kerten kereszt\u00fcl.<\/span><br \/>\n<span style=\"font-family: Arial;\">Nagyon j\u00f3 \u00e9s hasznos, hogy ilyen szervezetek \u00e1llnak a kert m\u00f6g\u00f6tt, \u00e9s \u00fagy t\u0171nik, hogy ez\u00e9rt a kert k\u00f6z\u00f6ss\u00e9g\u00e9nek k\u00e9ne h\u00e1l\u00e1val tartoznia, azonban nagyon sokszor elcs\u00fasznak az ar\u00e1nyok. Gondolok itt arra, hogy volt egy p\u00e1ly\u00e1zati ki\u00edr\u00e1s, amelyre a kert jelezte, hogy szeretne indulni, mire \u00fagy reag\u00e1lt a t\u00e1mogat\u00f3 szervezet<\/span><span style=\"color: #ff0000; font-family: Arial;\">,\u00a0<\/span><span style=\"font-family: Arial;\">hogy rendben, csak keressenek maguk m\u00f6g\u00e9 egy m\u00e1sik szervezetet, mert erre \u0151k is p\u00e1ly\u00e1znak. Egy m\u00e1sik esetben \u00fagy val\u00f3s\u00edtottak meg egy projektet, hogy el\u0151zetesen nem egyeztetettek a kerttagokkal, \u00e9s a meg\u00e1lmodott j\u00e1tsz\u00f3 hely\u00e9re egy kemence \u00e9p\u00fclt. L\u00e1that\u00f3, hogy neh\u00e9z megtal\u00e1lni az egy\u00fcttm\u0171k\u00f6d\u00e9sben az egyens\u00falyt \u2013 nem lenne szabad elfelejteni, hogy egyik sem tudna m\u0171k\u00f6dni a m\u00e1sik n\u00e9lk\u00fcl.<\/span><\/p>\n<p><b><span style=\"font-family: Arial; font-size: large;\">Feladatk\u00f6r\u00f6k<\/span><\/b><br \/>\n<span style=\"font-family: Arial;\">Viki elmond\u00e1sa szerint a Grundkertben, sok m\u00e1sik k\u00f6z\u00f6ss\u00e9gi kerttel ellent\u00e9tben, nem uralkodik vasszigor. Sokkal ink\u00e1bb \u00edratlan szab\u00e1lyok vannak \u00e9rv\u00e9nyben, melyek, v\u00e9lem\u00e9nyem szerint, sokszor t\u00f6bbet \u00e9rnek, mint a \u201ek\u0151be v\u00e9sett\u201d t\u00f6rv\u00e9nyek. Persze, mint minden k\u00f6z\u00f6ss\u00e9gben, itt is vannak olyan szem\u00e9lyek, akik egyben tartj\u00e1k a csapatot. Jelen esetben \u0151k a kertkoordin\u00e1torok.<\/span><br \/>\n<span style=\"font-family: Arial;\">Ezt a feladatk\u00f6rt 3 szem\u00e9ly t\u00f6lti be, az\u00e9rt 3, hogy ha valamiben d\u00f6nteni kell, egy\u00e9rtelm\u0171 legyen az eredm\u00e9ny. Eleinte a koordin\u00e1torok minden feladatot ell\u00e1ttak \u00e9s magukra v\u00e1llaltak, azonban tavaly megjelent az ig\u00e9ny arra, hogy j\u00f3 lenne, ha mindenki tenne valamit a k\u00f6z\u00f6ss\u00e9g\u00e9rt. B\u00e1r ez az elk\u00e9pzel\u00e9s nagyon sz\u00e9p, a gyakorlatban m\u00e9g mindig a koordin\u00e1torok csin\u00e1lj\u00e1k a munka z\u00f6m\u00e9t. Az egy\u00fcttes munka \u00fagy szokott m\u0171k\u00f6dni, hogy ha van valamilyen feladat, akkor azt a koordin\u00e1torok meghirdetik, majd v\u00e1rj\u00e1k a lelkes jelentkez\u0151ket. S szerencs\u00e9re mindig akadnak olyan szorgos tagok, akik sz\u00edvesen vesznek r\u00e9szt az \u00e9rdemi munk\u00e1ban. Szerintem mindenki \u00f6r\u00f6mmel n\u00e9z egy olyan dologra, amit k\u00f6z\u00f6s er\u0151vel hoztak l\u00e9tre, \u00e9s nem csak el\u00e9j\u00fck tettek. Arr\u00f3l nem is besz\u00e9lve, hogy ilyenkor jobban mag\u00e1\u00e9nak \u00e9rzi az ember a v\u00e9geredm\u00e9nyt, \u00edgy jobban is vigy\u00e1z r\u00e1.<\/span><br \/>\n<span style=\"font-family: Arial;\">A koordin\u00e1tori feladat mellett eml\u00edt\u00e9st \u00e9rdemel m\u00e9g a hetes rendszer. A heteseket h\u00e9tr\u0151l h\u00e9tre osztj\u00e1k be, egyszerre 2-3 f\u0151t. Az \u0151 feladatuk, hogy karbantarts\u00e1k a k\u00f6z\u00f6ss\u00e9gi helyis\u00e9geket.<\/span><br \/>\n<span style=\"font-family: Arial;\">Ezek mellett van m\u00e9g a p\u00e9nzt\u00e1ros, aki a tagd\u00edjakat szedi; a kish\u00e1z felel\u0151s, aki rendet tart a szersz\u00e1mok k\u00f6z\u00f6tt; \u00e9s a blog-\u00edr\u00f3, aki a kert n\u00e9pszer\u0171s\u00edt\u00e9s\u00e9\u00e9rt felel. Persze ezek mellett mindig van egy-k\u00e9t olyan feladatk\u00f6r, amiket az \u00e9let hoz mag\u00e1val \u00e9s menetk\u00f6zben alakulnak ki. Az egyik akt\u00edv kerti tag p\u00e9ld\u00e1ul \u00f6nk\u00e9ntesen elv\u00e1llalta, hogy \u0151 lesz a v\u00edzfelel\u0151s, egy m\u00e1sik pedig lefestette a kish\u00e1zat.<\/span><br \/>\n<span style=\"font-family: Arial;\">Ezeken az apr\u00f3 dolgokon l\u00e1tszik, ha valaki igazi k\u00f6z\u00f6ss\u00e9gk\u00e9nt gondol a parcell\u00e1kat m\u0171vel\u0151 emberekre.<\/span><br \/>\n<span style=\"font-family: Arial;\">A kert l\u00e9tsz\u00e1ma a k\u00f6r\u00fclm\u00e9nyekkel egy\u00fctt folyamatosan v\u00e1ltozik. Jelenleg 28 parcella \u00e1ll megm\u0171vel\u00e9s alatt, ezekb\u0151l kett\u0151t t\u00f6bben gondoznak, \u00edgy k\u00f6r\u00fclbel\u00fcl 45 f\u0151t tudhat mag\u00e1\u00e9nak a kert. Ebb\u0151l sajnos nagyon csek\u00e9ly, csup\u00e1n 5-6 f\u0151 az akt\u00edv r\u00e9sztvev\u0151k sz\u00e1ma. Ennek ok\u00e1r\u00f3l a k\u00e9s\u0151bbiekben \u00edrok.<\/span><\/p>\n<p><b><span style=\"font-family: Arial; font-size: large;\">Rendezv\u00e9nyek<\/span><\/b><br \/>\n<span style=\"font-family: Arial;\">A kert rendezv\u00e9nyei \u00e9s lehet\u0151s\u00e9gei nagyban f\u00fcggnek a kert aktu\u00e1lis hely\u00e9t\u0151l \u00e9s a k\u00f6z\u00f6ss\u00e9gi \u00e9lett\u0151l. Ha nem lehet hol, nincs kivel \u00e9s kiknek szervezni rendezv\u00e9nyt, \u00fagy el\u00e9g neh\u00e9zkes b\u00e1rmilyen programot megval\u00f3s\u00edtani. Ez bizony \u00e9rv\u00e9nyes a Grundkertre is, hiszen az \u00e1lland\u00f3 k\u00f6lt\u00f6z\u00e9s a k\u00f6z\u00f6ss\u00e9g rov\u00e1s\u00e1ra ment. Minden helysz\u00ednen \u00fajra kellett szervezni a csapatot. Szerencs\u00e9re, p\u00e1r kitart\u00f3 parcella-tulajdonosnak h\u00e1la, mindig siker\u00fclt talpra \u00e1ll\u00edtani a m\u00e1r elveszettnek l\u00e1tsz\u00f3 csapatszellemet.<\/span><br \/>\n<span style=\"font-family: Arial;\">A tavalyi programsorozat f\u0151 t\u00e1mogat\u00f3ja a Messzel\u00e1t\u00f3k voltak, hiszen p\u00e1ly\u00e1ztak a kert r\u00e9sz\u00e9re, \u00e9s egy-egy nyertes projekt megval\u00f3s\u00edt\u00e1sa k\u00f6z\u00f6s program lett. S jelen volt a m\u00e1r eml\u00edtett Futureal is, hiszen k\u00fcls\u0151s munkahelysz\u00edn\u00fckk\u00e9 tett\u00e9k a kertet. Ekkor havonta k\u00f6r\u00fclbel\u00fcl k\u00e9t esem\u00e9ny ker\u00fclt megrendez\u00e9sre.<\/span><br \/>\n<span style=\"font-family: Arial;\">Id\u00e9n, az \u00fajabb k\u00f6lt\u00f6z\u00e9s miatt, m\u00e1r j\u00f3val kevesebb program val\u00f3sult meg. Sokan otthagyt\u00e1k a kertet, majd j\u00f6tt a v\u00edzhi\u00e1ny, aminek hat\u00e1s\u00e1ra m\u00e9g a megmaradt tagoknak is csak t\u00f6red\u00e9ke j\u00e1rt a kertbe. Majd \u00fajb\u00f3l el\u0151t\u0171ntek az es\u0151felh\u0151k \u00e9s \u00e9letre kezdett kelni a kert. Augusztust\u00f3l okt\u00f3berig n\u00e9gy esem\u00e9ny ker\u00fclt megrendez\u00e9sre:<\/span><br \/>\n<span style=\"font-family: Arial;\">\u2013 Kertnyit\u00f3 buli;<\/span><br \/>\n<span style=\"font-family: Arial;\">\u2013 Viki szervezett egy z\u00e1rtk\u00f6r\u0171 esem\u00e9nyt a Mened\u00e9k Egyes\u00fcletnek, mely egy ny\u00e1ri t\u00e1borz\u00e1r\u00f3 piknik form\u00e1j\u00e1ban val\u00f3sult meg;<\/span><br \/>\n<span style=\"font-family: Arial;\">\u2013 Volt egy projektbesz\u00e1mol\u00f3, melyet szint\u00e9n a Messzel\u00e1t\u00f3k p\u00e1ly\u00e1ztak meg: itt a kerttel mint k\u00fcls\u0151s munkahelysz\u00ednnel p\u00e1ly\u00e1ztak. 5 orsz\u00e1g vett r\u00e9szt a p\u00e1ly\u00e1zatban, \u00e9s a projekt keretein bel\u00fcl lehet\u0151s\u00e9g ny\u00edlt a p\u00e1ly\u00e1z\u00f3 orsz\u00e1gok megismer\u00e9s\u00e9re: \u0151k mit tesznek a v\u00e1roson bel\u00fcli z\u00f6ld\u00edt\u00e9s\u00e9rt;<\/span><br \/>\n<span style=\"font-family: Arial;\">\u2013 Okt\u00f3ber els\u0151 h\u00e9tv\u00e9g\u00e9j\u00e9n pedig a magyar n\u00e9pmese kapcs\u00e1n volt egy program, ami m\u00e1r tavaly is megrendez\u00e9sre ker\u00fclt.<\/span><br \/>\n<span style=\"font-family: Arial;\">E programok mellett a tagok minden szerd\u00e1n \u201ekifli-parti\u201d-t tartanak. Ilyenkor \u00f6sszegy\u0171lnek \u00e9s az elk\u00e9sz\u00edtett s\u00fctem\u00e9nyek mellett ves\u00e9zik ki az \u00e9let nagy dolgait.<\/span><br \/>\n<span style=\"font-family: Arial;\">Az utols\u00f3 k\u00f6lt\u00f6z\u00e9s el\u0151tt, amikor m\u00e9g \u00fagy volt, hogy a G\u00f3ly\u00e1val szemk\u00f6zti ter\u00fcletet kapj\u00e1k meg, elindult egy kezdem\u00e9nyez\u00e9s, miszerint k\u00e9thetente legyenek tal\u00e1lkoz\u00f3ik. Ennek az lett volna a c\u00e9lja, ha a c\u00e9gek k\u00f6zbe nem sz\u00f3lnak, hogy egy kicsit \u201egaty\u00e1ba r\u00e1zz\u00e1k\u201d a kertet. \u00d6sszegezz\u00e9k a tavalyi \u00e9vet, mi volt benne a j\u00f3, a rossz, min kellene v\u00e1ltoztatni, hogyan lehetne igazi k\u00f6z\u00f6ss\u00e9gi kertet var\u00e1zsolni a k\u00fcl\u00f6n\u00e1ll\u00f3 parcell\u00e1kb\u00f3l. Ezeken a gy\u0171l\u00e9seken mindenki kivehette volna a r\u00e9sz\u00e9t mind a tervez\u00e9sben, szervez\u00e9sben, mind pedig a kivitelez\u00e9sben. S ahogy egy j\u00f3 mond\u00e1s tartja: \u201eez mind nagyon sz\u00e9p lett volna, ha az a volna ott nem volna\u201d.<\/span><\/p>\n<p><b><span style=\"font-family: Arial; font-size: large;\">Probl\u00e9m\u00e1k<\/span><\/b><br \/>\n<span style=\"font-family: Arial;\">Amikor az interj\u00faalanyomnak feltettem azt a k\u00e9rd\u00e9s, hogy milyen probl\u00e9m\u00e1kkal k\u00fczd a kert, akkor a k\u00f6vetkez\u0151 v\u00e1laszt kaptam: \u201eFolyamatosan a \u201ehol a k\u00f6z\u00f6ss\u00e9g\u201d k\u00e9rd\u00e9ssel.\u201d Fura ezt hallani egy k\u00f6z\u00f6ss\u00e9gi kertr\u0151l, melynek a k\u00f6z\u00f6ss\u00e9g\u00e9p\u00edt\u00e9s a misszi\u00f3ja. \u00dagy gondoltam, itt el\u00e9g sok probl\u00e9ma lehet, ha a mozgat\u00f3rug\u00f3 sem m\u0171k\u00f6dik j\u00f3l, hiszen ha van egy j\u00f3l m\u0171k\u00f6d\u0151 k\u00f6z\u00f6ss\u00e9g, akkor minden neh\u00e9zs\u00e9get \u00e1t lehet hidalni. De mint tudjuk, sokszor nem a probl\u00e9ma a probl\u00e9ma, hanem a probl\u00e9m\u00e1hoz val\u00f3 hozz\u00e1\u00e1ll\u00e1s.<\/span><br \/>\n<span style=\"font-family: Arial;\">Ha jobban belegondolunk, el\u00e9g sok megpr\u00f3b\u00e1ltat\u00e1s \u00e9rte a kis kertet, m\u00e9g \u00e9lete kezdet\u00e9n. Igaz\u00e1b\u00f3l m\u00e1r azel\u0151tt sz\u00e9tesett, hogy igaz\u00e1n \u00f6ssze\u00e1llt volna. Ennek szinte teljes m\u00e9rt\u00e9kben a sok k\u00f6lt\u00f6z\u00e9s volt az oka. Neh\u00e9z \u00fagy v\u00e1rat \u00e9p\u00edteni, hogy m\u00edg \u00e9n \u00e9p\u00edtem a v\u00e9g\u00e9t, valaki folyamatosan bontja az elej\u00e9t. A v\u00e1ndorl\u00e1sok alkalm\u00e1val sz\u00e1mos tag kiesett a kert \u00e9let\u00e9b\u0151l. A tagoknak m\u00e1r nem volt kapacit\u00e1suk egy messzebb fekv\u0151 kert rendszeres l\u00e1togat\u00e1s\u00e1hoz, vagy m\u00e1r nem l\u00e1ttak \u00e9rtelm\u00e9t ennek a gondoz\u00e1snak, ugyanis addigi munk\u00e1ik sem maradtak fent.<\/span><br \/>\n<span style=\"font-family: Arial;\">Ha volt hely, akkor biztos, hogy hi\u00e1nyzott valami, ami l\u00e9tfontoss\u00e1g\u00fa a m\u0171k\u00f6d\u00e9shez. Ilyen volt p\u00e9ld\u00e1ul a v\u00edzk\u00e9rd\u00e9s. A r\u00e9gi helyen ez \u00fagy volt megoldva, hogy a talajvizet haszn\u00e1lt\u00e1k a locsol\u00e1shoz, azonban az Ap\u00e1ti utc\u00e1ban ez nem lehets\u00e9ges. Ez\u00e1ltal, egy-k\u00e9t kitart\u00f3 \u00e9s igaz\u00e1n lelkes parcella-tulajdonoson k\u00edv\u00fcl, akik \u00e1sv\u00e1nyvizes palackokkal oldott\u00e1k meg a locsol\u00e1st, nem sokan j\u00e1rtak le a kertbe. V\u00e9g\u00fcl, mint a mes\u00e9kben, ezen a t\u00e9ren is minden j\u00f3ra fordult, mert egy t\u0171zcsap seg\u00edts\u00e9g\u00e9vel siker\u00fclt orvosolni a probl\u00e9m\u00e1t.<\/span><br \/>\n<span style=\"font-family: Arial;\">Ezen k\u00edv\u00fcl az is hozz\u00e1j\u00e1rul a sz\u00e9th\u00faz\u00e1shoz, hogy m\u00e9g maga a kert, teh\u00e1t a k\u00f6z\u00f6ss\u00e9g sem tudja, hogy mennyire szeretne nyitni m\u00e1sok fel\u00e9. S am\u00edg ezt nem tiszt\u00e1zz\u00e1k, nem is tudnak tov\u00e1bb l\u00e9pni a k\u00f6vetkez\u0151 l\u00e9pcs\u0151fokra. Ha nyitottabb kert szeretn\u00e9nek lenni, \u00e9s hozz\u00e1j\u00e1rulni a k\u00f6rny\u00e9k k\u00f6z\u00f6ss\u00e9g\u00e9hez, akkor sokkal jobban kellene aktiviz\u00e1lniuk magukat. Az blogon \u00e9s a Facebook-os oldalon k\u00edv\u00fcl fel kellene venni a kapcsolatot a helyi iskol\u00e1val, a k\u00f6zeli lak\u00f3\u00f6vezetekkel, hogy elterjedjen a kert h\u00edre. Ez a ma m\u00e9g nyitott k\u00e9rd\u00e9s nagyban befoly\u00e1solja a rendezv\u00e9nyeket is, mert ameddig nem d\u00f6ntik el, hogy akarnak e nyitni, addig nem fognak \u00e9rkezni \u00faj \u00e9rdekl\u0151d\u0151k, hiszen a kertkapu z\u00e1rva van el\u0151tt\u00fck.<\/span><\/p>\n<p><b><span style=\"font-family: Arial; font-size: large;\">J\u00f6v\u0151k\u00e9p<\/span><\/b><br \/>\n<span style=\"font-family: Arial;\">A kert bakancslist\u00e1j\u00e1nak els\u0151 pontja, hogyan \u00e9lessz\u00e9k \u00fajj\u00e1 a ter\u00fcletet, \u00e9p\u00edtsenek k\u00f6z\u00f6ss\u00e9get, lend\u00fclj\u00f6n be a termel\u00e9s. Ha ezek megvannak, akkor a k\u00f6z\u00f6ss\u00e9g mint tart\u00f3oszlop lesz jelen, amire m\u00e1r b\u00e1tran lehet \u00e9p\u00edteni.<\/span><br \/>\n<span style=\"font-family: Arial;\">T\u00e9li tervk\u00e9nt szerepel egy filmklub megalap\u00edt\u00e1sa, melynek a G\u00f3lya adna otthont. Ez kiemelked\u0151en j\u00f3 lehet\u0151s\u00e9g lenne arra, hogy sokakkal megismertess\u00e9k a kertet.<\/span><br \/>\n<span style=\"font-family: Arial;\">Ezut\u00e1n a Grundkert szeretn\u00e9, ha a budapesti k\u00f6z\u00f6ss\u00e9gi kertek valamilyen szinten kapcsolatba tudn\u00e1nak l\u00e9pni egym\u00e1ssal, s egy\u00fctt tudn\u00e1nak tervezni, dolgozni. Ha a v\u00e1ros minden pontj\u00e1nak k\u00f6zel\u00e9ben el\u00e9rhet\u0151 lenne egy k\u00f6z\u00f6ss\u00e9gi kert, akkor nagyon hamar p\u00f3kh\u00e1l\u00f3k\u00e9nt sz\u0151n\u00e9 be mag\u00e1t az emberek gondolkod\u00e1sm\u00f3dj\u00e1ba a z\u00f6ld ter\u00fcletek gondoz\u00e1s\u00e1nak lehet\u0151s\u00e9ge. Nagy ereje lenne, ha az ember mindenhol tudna tal\u00e1lkozni egy plak\u00e1ttal, egy sz\u00f3r\u00f3lappal, egy felh\u00edv\u00e1ssal, f\u0151leg ha a lak\u00f3helye k\u00f6zel\u00e9ben is r\u00e1tal\u00e1lna egy ilyen nagyszer\u0171 szabadid\u0151s tev\u00e9kenys\u00e9gre.<\/span><br \/>\n<span style=\"font-family: Arial;\">Ha minden eddigi terv az elk\u00e9pzel\u00e9sek szerint halad, akkor m\u00e1r nem \u00e1llhat semmi a kert \u00fatj\u00e1ba annak \u00e9rdek\u00e9ben, hogy megval\u00f3s\u00edts\u00e1k a nagy elk\u00e9pzel\u00e9st: egy \u00e9jszak\u00e1t a k\u00f6z\u00f6ss\u00e9gi kerteknek szenteln\u00e9nek, a Budapesten tal\u00e1lhat\u00f3 mindegy 25-30 kert sz\u00e1m\u00e1ra,\u00a0<\/span><i><span style=\"font-family: Arial;\">K\u00f6z\u00f6ss\u00e9gi Kertek \u00c9jszak\u00e1ja<\/span><\/i><span style=\"font-family: Arial;\">\u00a0elnevez\u00e9ssel.<\/span><\/p>\n<p><b><span style=\"font-family: Arial; font-size: large;\">\u00d6sszegz\u00e9s<\/span><\/b><br \/>\n<span style=\"font-family: Arial;\">Egy tervezett, a K\u00f6z\u00f6ss\u00e9gfejleszt\u0151k Egyes\u00fclet\u00e9vel (K\u00d6FE) val\u00f3 k\u00f6z\u00f6s programt\u00f3l arra sz\u00e1m\u00edtanak, hogy az esetleg olyan kapukat nyitna meg el\u0151tt\u00fck, melyek seg\u00edten\u00e9k a k\u00f6z\u00f6ss\u00e9g meger\u0151s\u00f6d\u00e9s\u00e9t. K\u00e9ts\u00e9gtelen, hogy a kertnek sz\u00fcks\u00e9ge van egy kis \u201erenov\u00e1l\u00e1sra\u201d, melyben a k\u00f6z\u00f6ss\u00e9gfejleszt\u0151k tudn\u00e1k \u0151ket seg\u00edteni. Ha a k\u00f6vetkez\u0151 szezonban \u00fagy d\u00f6ntene a kert, hogy m\u00e9gis jobban bele\u00e1ssa mag\u00e1t a szomsz\u00e9ds\u00e1gi programokba \u00e9s jobban aktiviz\u00e1lja mag\u00e1t a k\u00f6rny\u00e9ken, akkor sokat tanulna m\u00e1sokt\u00f3l az ilyen f\u00f3rumokon. Nem besz\u00e9lve arr\u00f3l, hogy a K\u00d6FE-nek nem kev\u00e9s tapasztalata van ilyen t\u00e9ren, \u00e9s n\u00e9mileg tudn\u00e1 egyengeti a kert \u00fatj\u00e1t.<\/span><br \/>\n<span style=\"font-family: Arial;\">Az Egyes\u00fclet \u00e9s a Grundkert j\u00f3l ki tudn\u00e1k eg\u00e9sz\u00edteni egym\u00e1st, ak\u00e1r hosszabb t\u00e1von is. Ha a K\u00d6FE \u00e1ltal t\u00e1mogatott valamely szervezet vagy k\u00f6z\u00f6ss\u00e9g eljutna oda, hogy szeretn\u00e9nek egy kertet, akkor abban tudn\u00e1 \u0151ket a seg\u00edteni a Grundkert, m\u00edg a Grundkert fejl\u0151d\u00e9s\u00e9hez \u00e9s sikeress\u00e9g\u00e9hez a K\u00d6FE j\u00e1rulna hozz\u00e1.<\/span><br \/>\n<span style=\"font-family: Arial;\">Nem k\u00f6nny\u0171 egy kis k\u00f6z\u00f6ss\u00e9gnek ki\u00e1llni ezt a sok pr\u00f3b\u00e1t, amin \u00e1tmentek. Nagyon j\u00f3nak l\u00e1tom ezt a kezdem\u00e9nyez\u00e9st, viszont \u00fagy \u00e9rzem, hogy most egy kis seg\u00edts\u00e9gre van sz\u00fcks\u00e9ge a kertnek ahhoz, hogy egy hossz\u00fat\u00e1von m\u0171k\u00f6d\u0151k\u00e9pes civil szervezet legyen. Tal\u00e1n a j\u00f6v\u0151 az \u00f6nfenntart\u00f3 szervezetekben van, amihez egy ilyen kezdem\u00e9nyez\u00e9snek minden adotts\u00e1ga megvan, csak nem szabad veszni hagyni \u0151ket.<\/span><br \/>\n<span style=\"font-family: Arial;\">Rem\u00e9lem, a Kedves Olvas\u00f3 el\u00e9g komplex k\u00e9pet kapott egy XXI. sz\u00e1zadi grund \u00e9let\u00e9r\u0151l. B\u00e1r a tanulm\u00e1ny v\u00e9g\u00e9re r\u00e1j\u00f6ttem, hogy k\u00f6zel sincs akkora hasonl\u00f3s\u00e1g a P\u00e1l utcai fi\u00fak \u00e9s a \u2013 most m\u00e1r \u2013 Ap\u00e1ti utcai csapat k\u00f6z\u00f6tt, mint eleinte gondoltam. A c\u00e9ljuk \u00e9s harcuk viszont hasonl\u00f3: teremteni maguknak egy kis z\u00f6ld ter\u00fcletet, ahol kedv\u00fckre tev\u00e9kenykedhetnek, de amely\u00e9rt folyamatosan harcolni kell. Nagyon fontos, hogy kitart\u00f3an k\u00fczdjenek a kit\u0171z\u00f6tt c\u00e9l\u00e9rt, mert akad\u00e1lyok mindig fognak el\u00e9j\u00fck ker\u00fclni. Viszont ha el\u00e9g er\u0151sek a\u00a0<\/span><i><span style=\"font-family: Arial;\">grund<\/span><\/i><span style=\"font-family: Arial;\">\u00a0falai, akkor nem fogj\u00e1k \u0151ket led\u00f6nteni. Megeshet, hogy s\u00e9r\u00fclni fognak \u00e9s toldani-foldani kell \u0151ket, de az alapjai ott lesznek, amire azt\u00e1n \u00fajb\u00f3l lehet \u00e9p\u00edteni.<\/span><\/p>\n<p><u><span style=\"color: #0000ff; font-family: Arial;\">ordasi.agines@gmail.com<\/span><\/u><\/p>\n","protected":false},"excerpt":{"rendered":"<p>Moln\u00e1r Ferenc m\u00e1r 1907-ben meg\u00edrta, hogy mekkora \u00e9rt\u00e9ke van egy pici z\u00f6ld ter\u00fcletnek az \u00e9p\u00fcletdzsungel k\u00f6zep\u00e9n. A P\u00e1l utcai fi\u00faknak is ez volt a legnagyobb kincs\u00fck 1889-ben. A grund, mely egy kis szabad ter\u00fcletet jelentett a b\u00e9rh\u00e1zak k\u00f6z\u00f6tt, hatalmi harc t\u00e1rgy\u00e1v\u00e1 v\u00e1lt. Az volt a j\u00e1tsz\u00f3t\u00e9r, a focip\u00e1lya, a fatelepi \u00fatveszt\u0151 \u00e9s nem utols\u00f3 sorban [&hellip;]<\/p>\n","protected":false},"author":122,"featured_media":1574,"comment_status":"open","ping_status":"open","sticky":false,"template":"","format":"standard","meta":{"_acf_changed":false,"footnotes":""},"categories":[133,8,7],"tags":[],"coauthors":[145],"class_list":["post-1573","post","type-post","status-publish","format-standard","has-post-thumbnail","hentry","category-parola-2016-1","category-parola-folyoirat","category-repertorium"],"acf":[],"yoast_head":"<!-- This site is optimized with the Yoast SEO plugin v26.7 - https:\/\/yoast.com\/wordpress\/plugins\/seo\/ -->\n<title>Vissza a P\u00e1l utc\u00e1ba! A modern grund - Parola Foly\u00f3irat<\/title>\n<meta name=\"robots\" content=\"index, follow, max-snippet:-1, max-image-preview:large, max-video-preview:-1\" \/>\n<link rel=\"canonical\" href=\"https:\/\/kofe.hu\/parola\/parola-folyoirat\/vissza-a-pal-utcaba-a-modern-grund\/\" \/>\n<meta property=\"og:locale\" content=\"hu_HU\" \/>\n<meta property=\"og:type\" content=\"article\" \/>\n<meta property=\"og:title\" content=\"Vissza a P\u00e1l utc\u00e1ba! A modern grund - Parola Foly\u00f3irat\" \/>\n<meta property=\"og:description\" content=\"Moln\u00e1r Ferenc m\u00e1r 1907-ben meg\u00edrta, hogy mekkora \u00e9rt\u00e9ke van egy pici z\u00f6ld ter\u00fcletnek az \u00e9p\u00fcletdzsungel k\u00f6zep\u00e9n. A P\u00e1l utcai fi\u00faknak is ez volt a legnagyobb kincs\u00fck 1889-ben. A grund, mely egy kis szabad ter\u00fcletet jelentett a b\u00e9rh\u00e1zak k\u00f6z\u00f6tt, hatalmi harc t\u00e1rgy\u00e1v\u00e1 v\u00e1lt. Az volt a j\u00e1tsz\u00f3t\u00e9r, a focip\u00e1lya, a fatelepi \u00fatveszt\u0151 \u00e9s nem utols\u00f3 sorban [&hellip;]\" \/>\n<meta property=\"og:url\" content=\"https:\/\/kofe.hu\/parola\/parola-folyoirat\/vissza-a-pal-utcaba-a-modern-grund\/\" \/>\n<meta property=\"og:site_name\" content=\"Parola Foly\u00f3irat\" \/>\n<meta property=\"article:published_time\" content=\"2020-06-11T05:59:28+00:00\" \/>\n<meta property=\"article:modified_time\" content=\"2020-07-30T10:58:33+00:00\" \/>\n<meta property=\"og:image\" content=\"https:\/\/kofe.hu\/parola\/wp-content\/uploads\/2020\/06\/Ordasi-\u00c1gnes.gif\" \/>\n\t<meta property=\"og:image:width\" content=\"225\" \/>\n\t<meta property=\"og:image:height\" content=\"400\" \/>\n\t<meta property=\"og:image:type\" content=\"image\/gif\" \/>\n<meta name=\"author\" content=\"Ordasi \u00c1gnes\" \/>\n<meta name=\"twitter:card\" content=\"summary_large_image\" \/>\n<meta name=\"twitter:label1\" content=\"Szerz\u0151:\" \/>\n\t<meta name=\"twitter:data1\" content=\"Ordasi \u00c1gnes\" \/>\n\t<meta name=\"twitter:label2\" content=\"Becs\u00fclt olvas\u00e1si id\u0151\" \/>\n\t<meta name=\"twitter:data2\" content=\"18 perc\" \/>\n\t<meta name=\"twitter:label3\" content=\"Written by\" \/>\n\t<meta name=\"twitter:data3\" content=\"Ordasi \u00c1gnes\" \/>\n<script type=\"application\/ld+json\" class=\"yoast-schema-graph\">{\"@context\":\"https:\/\/schema.org\",\"@graph\":[{\"@type\":\"Article\",\"@id\":\"https:\/\/kofe.hu\/parola\/parola-folyoirat\/vissza-a-pal-utcaba-a-modern-grund\/#article\",\"isPartOf\":{\"@id\":\"https:\/\/kofe.hu\/parola\/parola-folyoirat\/vissza-a-pal-utcaba-a-modern-grund\/\"},\"author\":{\"name\":\"Ordasi \u00c1gnes\",\"@id\":\"https:\/\/kofe.hu\/parola\/#\/schema\/person\/52595cdc57d9eb4f013a2c9f8b453aa3\"},\"headline\":\"Vissza a P\u00e1l utc\u00e1ba! A modern grund\",\"datePublished\":\"2020-06-11T05:59:28+00:00\",\"dateModified\":\"2020-07-30T10:58:33+00:00\",\"mainEntityOfPage\":{\"@id\":\"https:\/\/kofe.hu\/parola\/parola-folyoirat\/vissza-a-pal-utcaba-a-modern-grund\/\"},\"wordCount\":3574,\"commentCount\":0,\"image\":{\"@id\":\"https:\/\/kofe.hu\/parola\/parola-folyoirat\/vissza-a-pal-utcaba-a-modern-grund\/#primaryimage\"},\"thumbnailUrl\":\"https:\/\/kofe.hu\/parola\/wp-content\/uploads\/2020\/06\/Ordasi-\u00c1gnes.gif\",\"articleSection\":[\"Parola 2016\/1\",\"Parola Foly\u00f3irat\",\"Repert\u00f3rium\"],\"inLanguage\":\"hu\",\"potentialAction\":[{\"@type\":\"CommentAction\",\"name\":\"Comment\",\"target\":[\"https:\/\/kofe.hu\/parola\/parola-folyoirat\/vissza-a-pal-utcaba-a-modern-grund\/#respond\"]}]},{\"@type\":\"WebPage\",\"@id\":\"https:\/\/kofe.hu\/parola\/parola-folyoirat\/vissza-a-pal-utcaba-a-modern-grund\/\",\"url\":\"https:\/\/kofe.hu\/parola\/parola-folyoirat\/vissza-a-pal-utcaba-a-modern-grund\/\",\"name\":\"Vissza a P\u00e1l utc\u00e1ba! A modern grund - Parola Foly\u00f3irat\",\"isPartOf\":{\"@id\":\"https:\/\/kofe.hu\/parola\/#website\"},\"primaryImageOfPage\":{\"@id\":\"https:\/\/kofe.hu\/parola\/parola-folyoirat\/vissza-a-pal-utcaba-a-modern-grund\/#primaryimage\"},\"image\":{\"@id\":\"https:\/\/kofe.hu\/parola\/parola-folyoirat\/vissza-a-pal-utcaba-a-modern-grund\/#primaryimage\"},\"thumbnailUrl\":\"https:\/\/kofe.hu\/parola\/wp-content\/uploads\/2020\/06\/Ordasi-\u00c1gnes.gif\",\"datePublished\":\"2020-06-11T05:59:28+00:00\",\"dateModified\":\"2020-07-30T10:58:33+00:00\",\"author\":{\"@id\":\"https:\/\/kofe.hu\/parola\/#\/schema\/person\/52595cdc57d9eb4f013a2c9f8b453aa3\"},\"breadcrumb\":{\"@id\":\"https:\/\/kofe.hu\/parola\/parola-folyoirat\/vissza-a-pal-utcaba-a-modern-grund\/#breadcrumb\"},\"inLanguage\":\"hu\",\"potentialAction\":[{\"@type\":\"ReadAction\",\"target\":[\"https:\/\/kofe.hu\/parola\/parola-folyoirat\/vissza-a-pal-utcaba-a-modern-grund\/\"]}]},{\"@type\":\"ImageObject\",\"inLanguage\":\"hu\",\"@id\":\"https:\/\/kofe.hu\/parola\/parola-folyoirat\/vissza-a-pal-utcaba-a-modern-grund\/#primaryimage\",\"url\":\"https:\/\/kofe.hu\/parola\/wp-content\/uploads\/2020\/06\/Ordasi-\u00c1gnes.gif\",\"contentUrl\":\"https:\/\/kofe.hu\/parola\/wp-content\/uploads\/2020\/06\/Ordasi-\u00c1gnes.gif\",\"width\":225,\"height\":400},{\"@type\":\"BreadcrumbList\",\"@id\":\"https:\/\/kofe.hu\/parola\/parola-folyoirat\/vissza-a-pal-utcaba-a-modern-grund\/#breadcrumb\",\"itemListElement\":[{\"@type\":\"ListItem\",\"position\":1,\"name\":\"Home\",\"item\":\"https:\/\/kofe.hu\/parola\/\"},{\"@type\":\"ListItem\",\"position\":2,\"name\":\"Vissza a P\u00e1l utc\u00e1ba! A modern grund\"}]},{\"@type\":\"WebSite\",\"@id\":\"https:\/\/kofe.hu\/parola\/#website\",\"url\":\"https:\/\/kofe.hu\/parola\/\",\"name\":\"Parola Foly\u00f3irat\",\"description\":\"\",\"potentialAction\":[{\"@type\":\"SearchAction\",\"target\":{\"@type\":\"EntryPoint\",\"urlTemplate\":\"https:\/\/kofe.hu\/parola\/?s={search_term_string}\"},\"query-input\":{\"@type\":\"PropertyValueSpecification\",\"valueRequired\":true,\"valueName\":\"search_term_string\"}}],\"inLanguage\":\"hu\"},{\"@type\":\"Person\",\"@id\":\"https:\/\/kofe.hu\/parola\/#\/schema\/person\/52595cdc57d9eb4f013a2c9f8b453aa3\",\"name\":\"Ordasi \u00c1gnes\",\"image\":{\"@type\":\"ImageObject\",\"inLanguage\":\"hu\",\"@id\":\"https:\/\/kofe.hu\/parola\/#\/schema\/person\/image\/23494c9101089ad44ae88ce9d2f56aac\",\"url\":\"https:\/\/secure.gravatar.com\/avatar\/?s=96&d=mm&r=g\",\"contentUrl\":\"https:\/\/secure.gravatar.com\/avatar\/?s=96&d=mm&r=g\",\"caption\":\"Ordasi \u00c1gnes\"},\"url\":\"https:\/\/kofe.hu\/parola\/szerzok\/ordasi-agnes\/\"}]}<\/script>\n<!-- \/ Yoast SEO plugin. -->","yoast_head_json":{"title":"Vissza a P\u00e1l utc\u00e1ba! A modern grund - Parola Foly\u00f3irat","robots":{"index":"index","follow":"follow","max-snippet":"max-snippet:-1","max-image-preview":"max-image-preview:large","max-video-preview":"max-video-preview:-1"},"canonical":"https:\/\/kofe.hu\/parola\/parola-folyoirat\/vissza-a-pal-utcaba-a-modern-grund\/","og_locale":"hu_HU","og_type":"article","og_title":"Vissza a P\u00e1l utc\u00e1ba! A modern grund - Parola Foly\u00f3irat","og_description":"Moln\u00e1r Ferenc m\u00e1r 1907-ben meg\u00edrta, hogy mekkora \u00e9rt\u00e9ke van egy pici z\u00f6ld ter\u00fcletnek az \u00e9p\u00fcletdzsungel k\u00f6zep\u00e9n. A P\u00e1l utcai fi\u00faknak is ez volt a legnagyobb kincs\u00fck 1889-ben. A grund, mely egy kis szabad ter\u00fcletet jelentett a b\u00e9rh\u00e1zak k\u00f6z\u00f6tt, hatalmi harc t\u00e1rgy\u00e1v\u00e1 v\u00e1lt. Az volt a j\u00e1tsz\u00f3t\u00e9r, a focip\u00e1lya, a fatelepi \u00fatveszt\u0151 \u00e9s nem utols\u00f3 sorban [&hellip;]","og_url":"https:\/\/kofe.hu\/parola\/parola-folyoirat\/vissza-a-pal-utcaba-a-modern-grund\/","og_site_name":"Parola Foly\u00f3irat","article_published_time":"2020-06-11T05:59:28+00:00","article_modified_time":"2020-07-30T10:58:33+00:00","og_image":[{"width":225,"height":400,"url":"https:\/\/kofe.hu\/parola\/wp-content\/uploads\/2020\/06\/Ordasi-\u00c1gnes.gif","type":"image\/gif"}],"author":"Ordasi \u00c1gnes","twitter_card":"summary_large_image","twitter_misc":{"Szerz\u0151:":"Ordasi \u00c1gnes","Becs\u00fclt olvas\u00e1si id\u0151":"18 perc","Written by":"Ordasi \u00c1gnes"},"schema":{"@context":"https:\/\/schema.org","@graph":[{"@type":"Article","@id":"https:\/\/kofe.hu\/parola\/parola-folyoirat\/vissza-a-pal-utcaba-a-modern-grund\/#article","isPartOf":{"@id":"https:\/\/kofe.hu\/parola\/parola-folyoirat\/vissza-a-pal-utcaba-a-modern-grund\/"},"author":{"name":"Ordasi \u00c1gnes","@id":"https:\/\/kofe.hu\/parola\/#\/schema\/person\/52595cdc57d9eb4f013a2c9f8b453aa3"},"headline":"Vissza a P\u00e1l utc\u00e1ba! A modern grund","datePublished":"2020-06-11T05:59:28+00:00","dateModified":"2020-07-30T10:58:33+00:00","mainEntityOfPage":{"@id":"https:\/\/kofe.hu\/parola\/parola-folyoirat\/vissza-a-pal-utcaba-a-modern-grund\/"},"wordCount":3574,"commentCount":0,"image":{"@id":"https:\/\/kofe.hu\/parola\/parola-folyoirat\/vissza-a-pal-utcaba-a-modern-grund\/#primaryimage"},"thumbnailUrl":"https:\/\/kofe.hu\/parola\/wp-content\/uploads\/2020\/06\/Ordasi-\u00c1gnes.gif","articleSection":["Parola 2016\/1","Parola Foly\u00f3irat","Repert\u00f3rium"],"inLanguage":"hu","potentialAction":[{"@type":"CommentAction","name":"Comment","target":["https:\/\/kofe.hu\/parola\/parola-folyoirat\/vissza-a-pal-utcaba-a-modern-grund\/#respond"]}]},{"@type":"WebPage","@id":"https:\/\/kofe.hu\/parola\/parola-folyoirat\/vissza-a-pal-utcaba-a-modern-grund\/","url":"https:\/\/kofe.hu\/parola\/parola-folyoirat\/vissza-a-pal-utcaba-a-modern-grund\/","name":"Vissza a P\u00e1l utc\u00e1ba! A modern grund - Parola Foly\u00f3irat","isPartOf":{"@id":"https:\/\/kofe.hu\/parola\/#website"},"primaryImageOfPage":{"@id":"https:\/\/kofe.hu\/parola\/parola-folyoirat\/vissza-a-pal-utcaba-a-modern-grund\/#primaryimage"},"image":{"@id":"https:\/\/kofe.hu\/parola\/parola-folyoirat\/vissza-a-pal-utcaba-a-modern-grund\/#primaryimage"},"thumbnailUrl":"https:\/\/kofe.hu\/parola\/wp-content\/uploads\/2020\/06\/Ordasi-\u00c1gnes.gif","datePublished":"2020-06-11T05:59:28+00:00","dateModified":"2020-07-30T10:58:33+00:00","author":{"@id":"https:\/\/kofe.hu\/parola\/#\/schema\/person\/52595cdc57d9eb4f013a2c9f8b453aa3"},"breadcrumb":{"@id":"https:\/\/kofe.hu\/parola\/parola-folyoirat\/vissza-a-pal-utcaba-a-modern-grund\/#breadcrumb"},"inLanguage":"hu","potentialAction":[{"@type":"ReadAction","target":["https:\/\/kofe.hu\/parola\/parola-folyoirat\/vissza-a-pal-utcaba-a-modern-grund\/"]}]},{"@type":"ImageObject","inLanguage":"hu","@id":"https:\/\/kofe.hu\/parola\/parola-folyoirat\/vissza-a-pal-utcaba-a-modern-grund\/#primaryimage","url":"https:\/\/kofe.hu\/parola\/wp-content\/uploads\/2020\/06\/Ordasi-\u00c1gnes.gif","contentUrl":"https:\/\/kofe.hu\/parola\/wp-content\/uploads\/2020\/06\/Ordasi-\u00c1gnes.gif","width":225,"height":400},{"@type":"BreadcrumbList","@id":"https:\/\/kofe.hu\/parola\/parola-folyoirat\/vissza-a-pal-utcaba-a-modern-grund\/#breadcrumb","itemListElement":[{"@type":"ListItem","position":1,"name":"Home","item":"https:\/\/kofe.hu\/parola\/"},{"@type":"ListItem","position":2,"name":"Vissza a P\u00e1l utc\u00e1ba! A modern grund"}]},{"@type":"WebSite","@id":"https:\/\/kofe.hu\/parola\/#website","url":"https:\/\/kofe.hu\/parola\/","name":"Parola Foly\u00f3irat","description":"","potentialAction":[{"@type":"SearchAction","target":{"@type":"EntryPoint","urlTemplate":"https:\/\/kofe.hu\/parola\/?s={search_term_string}"},"query-input":{"@type":"PropertyValueSpecification","valueRequired":true,"valueName":"search_term_string"}}],"inLanguage":"hu"},{"@type":"Person","@id":"https:\/\/kofe.hu\/parola\/#\/schema\/person\/52595cdc57d9eb4f013a2c9f8b453aa3","name":"Ordasi \u00c1gnes","image":{"@type":"ImageObject","inLanguage":"hu","@id":"https:\/\/kofe.hu\/parola\/#\/schema\/person\/image\/23494c9101089ad44ae88ce9d2f56aac","url":"https:\/\/secure.gravatar.com\/avatar\/?s=96&d=mm&r=g","contentUrl":"https:\/\/secure.gravatar.com\/avatar\/?s=96&d=mm&r=g","caption":"Ordasi \u00c1gnes"},"url":"https:\/\/kofe.hu\/parola\/szerzok\/ordasi-agnes\/"}]}},"_links":{"self":[{"href":"https:\/\/kofe.hu\/parola\/wp-json\/wp\/v2\/posts\/1573","targetHints":{"allow":["GET"]}}],"collection":[{"href":"https:\/\/kofe.hu\/parola\/wp-json\/wp\/v2\/posts"}],"about":[{"href":"https:\/\/kofe.hu\/parola\/wp-json\/wp\/v2\/types\/post"}],"author":[{"embeddable":true,"href":"https:\/\/kofe.hu\/parola\/wp-json\/wp\/v2\/users\/122"}],"replies":[{"embeddable":true,"href":"https:\/\/kofe.hu\/parola\/wp-json\/wp\/v2\/comments?post=1573"}],"version-history":[{"count":2,"href":"https:\/\/kofe.hu\/parola\/wp-json\/wp\/v2\/posts\/1573\/revisions"}],"predecessor-version":[{"id":1576,"href":"https:\/\/kofe.hu\/parola\/wp-json\/wp\/v2\/posts\/1573\/revisions\/1576"}],"wp:featuredmedia":[{"embeddable":true,"href":"https:\/\/kofe.hu\/parola\/wp-json\/wp\/v2\/media\/1574"}],"wp:attachment":[{"href":"https:\/\/kofe.hu\/parola\/wp-json\/wp\/v2\/media?parent=1573"}],"wp:term":[{"taxonomy":"category","embeddable":true,"href":"https:\/\/kofe.hu\/parola\/wp-json\/wp\/v2\/categories?post=1573"},{"taxonomy":"post_tag","embeddable":true,"href":"https:\/\/kofe.hu\/parola\/wp-json\/wp\/v2\/tags?post=1573"},{"taxonomy":"author","embeddable":true,"href":"https:\/\/kofe.hu\/parola\/wp-json\/wp\/v2\/coauthors?post=1573"}],"curies":[{"name":"wp","href":"https:\/\/api.w.org\/{rel}","templated":true}]}}