{"id":1568,"date":"2020-06-11T05:47:57","date_gmt":"2020-06-11T05:47:57","guid":{"rendered":"https:\/\/kofe.hu\/parola\/?p=1568"},"modified":"2020-07-30T10:58:14","modified_gmt":"2020-07-30T10:58:14","slug":"terepgyakornokok-beszamoloi-farkas-gabriella-gyakorlatvezeto-bevezetoje","status":"publish","type":"post","link":"https:\/\/kofe.hu\/parola\/parola-folyoirat\/terepgyakornokok-beszamoloi-farkas-gabriella-gyakorlatvezeto-bevezetoje\/","title":{"rendered":"Terepgyakornokok besz\u00e1mol\u00f3i Farkas Gabriella gyakorlatvezet\u0151 bevezet\u0151je"},"content":{"rendered":"<p><span style=\"font-family: Arial;\">A K\u00f6z\u00f6ss\u00e9gfejleszt\u0151k Egyes\u00fclete kezdett\u0151l fogva kiemelt figyelmet ford\u00edtott a feln\u00f6vekv\u0151 \u00e9s felt\u00f6rekv\u0151 \u00faj gener\u00e1ci\u00f3 tan\u00edt\u00e1s\u00e1ra, nevel\u00e9s\u00e9re, a fiatalok v\u00e1ltozatos szakmai tev\u00e9kenys\u00e9gekbe val\u00f3 bevon\u00e1s\u00e1ra. J\u00f3 ideje m\u00e1r ugyancsak folyamatosan el\u0151t\u00e9rben tartott szempont a t\u00e1rsszakm\u00e1k megsz\u00f3l\u00edt\u00e1sa, szakmak\u00f6zi egy\u00fcttm\u0171k\u00f6d\u00e9sek \u00e9s egy\u00fcttgondolkod\u00e1sok lehet\u0151s\u00e9g\u00e9nek megteremt\u00e9se, illetve a k\u00f6z\u00f6ss\u00e9gfejleszt\u0151i szeml\u00e9letm\u00f3d terjeszt\u00e9se a vid\u00e9ki \u00e9s v\u00e1rosi k\u00f6z\u00f6ss\u00e9geket \u00e9rint\u0151 szakmater\u00fcleteken dolgoz\u00f3 szakemberek k\u00f6r\u00e9ben. <\/span><\/p>\n<p><!--more--><span style=\"font-family: Arial;\">Egyik legut\u00f3bbi nagy k\u00f6z\u00f6s munk\u00e1nk, a szervezeti strat\u00e9gia meg\u00faj\u00edt\u00e1sa sor\u00e1n tagjaink szakmai, illetve szervezeti c\u00e9lk\u00e9nt \u00e9s elv\u00e1rt eredm\u00e9nyk\u00e9nt neves\u00edtett\u00e9k is ezeket a ter\u00fcleteket.<\/span><br \/>\n<span style=\"font-family: Arial;\">A fenti alapvet\u00e9sekb\u0151l kiindulva, valamint a szervezet fels\u0151oktat\u00e1shoz kapcsol\u00f3d\u00f3 tev\u00e9kenys\u00e9geinek er\u0151s\u00f6d\u00e9se nyom\u00e1n az elm\u00falt id\u0151szakban sz\u00e1mos egyetemi gyakornokot fogadtunk. Az elm\u00falt \u00e9v \u0151sz\u00e9n t\u00f6bb hallgat\u00f3 is \u00e9rkezett hozz\u00e1nk a Debreceni Egyetemr\u0151l, szoci\u00e1lis munka, illetve szociol\u00f3gia szakr\u00f3l. A szociol\u00f3gus hallgat\u00f3k gyakorlati ideje viszonylag r\u00f6vid volt, fontos szempont volt azonban, hogy ezalatt a r\u00f6vid (\u00e9s k\u00f6t\u00f6tt) id\u0151 alatt is legyen lehet\u0151s\u00e9g\u00fck val\u00f3s helyi kezdem\u00e9nyez\u00e9sek megismer\u00e9s\u00e9re, illetve m\u00f3dszertani tud\u00e1saik gyakorl\u00e1s\u00e1ra. M\u00e1s terepl\u00e1togat\u00e1si lehet\u0151s\u00e9gek mellett \u00edgy feladatuk az lett, hogy l\u00e1togassanak el 1-1 budapesti k\u00f6z\u00f6ss\u00e9gi kezdem\u00e9nyez\u00e9s, helysz\u00edn\u00e9re, az el\u0151re megbesz\u00e9lt szempontok alapj\u00e1n a kezdem\u00e9nyez\u00e9sek k\u00e9pvisel\u0151ivel k\u00e9sz\u00edtsenek interj\u00fat, majd tapasztalataikat r\u00f6vid esettanulm\u00e1nyban dolgozz\u00e1k fel. Az al\u00e1bbiakban Kov\u00e1cs Ildik\u00f3 \u00e9s Ordasi \u00c1gnes \u00edgy sz\u00fcletett munk\u00e1it mutatjuk be.<\/span><\/p>\n<p><i><span style=\"font-family: Arial;\">Farkas Gabriella gyakorlatvezet\u0151<\/span><\/i><\/p>\n","protected":false},"excerpt":{"rendered":"<p>A K\u00f6z\u00f6ss\u00e9gfejleszt\u0151k Egyes\u00fclete kezdett\u0151l fogva kiemelt figyelmet ford\u00edtott a feln\u00f6vekv\u0151 \u00e9s felt\u00f6rekv\u0151 \u00faj gener\u00e1ci\u00f3 tan\u00edt\u00e1s\u00e1ra, nevel\u00e9s\u00e9re, a fiatalok v\u00e1ltozatos szakmai tev\u00e9kenys\u00e9gekbe val\u00f3 bevon\u00e1s\u00e1ra. J\u00f3 ideje m\u00e1r ugyancsak folyamatosan el\u0151t\u00e9rben tartott szempont a t\u00e1rsszakm\u00e1k megsz\u00f3l\u00edt\u00e1sa, szakmak\u00f6zi egy\u00fcttm\u0171k\u00f6d\u00e9sek \u00e9s egy\u00fcttgondolkod\u00e1sok lehet\u0151s\u00e9g\u00e9nek megteremt\u00e9se, illetve a k\u00f6z\u00f6ss\u00e9gfejleszt\u0151i szeml\u00e9letm\u00f3d terjeszt\u00e9se a vid\u00e9ki \u00e9s v\u00e1rosi k\u00f6z\u00f6ss\u00e9geket \u00e9rint\u0151 szakmater\u00fcleteken dolgoz\u00f3 szakemberek k\u00f6r\u00e9ben.<\/p>\n","protected":false},"author":13,"featured_media":1542,"comment_status":"open","ping_status":"open","sticky":false,"template":"","format":"standard","meta":{"_acf_changed":false,"footnotes":""},"categories":[133,8,7],"tags":[],"coauthors":[19],"class_list":["post-1568","post","type-post","status-publish","format-standard","has-post-thumbnail","hentry","category-parola-2016-1","category-parola-folyoirat","category-repertorium"],"acf":[],"yoast_head":"<!-- This site is optimized with the Yoast SEO plugin v26.7 - https:\/\/yoast.com\/wordpress\/plugins\/seo\/ -->\n<title>Terepgyakornokok besz\u00e1mol\u00f3i Farkas Gabriella gyakorlatvezet\u0151 bevezet\u0151je - Parola Foly\u00f3irat<\/title>\n<meta name=\"robots\" content=\"index, follow, max-snippet:-1, max-image-preview:large, max-video-preview:-1\" \/>\n<link rel=\"canonical\" href=\"https:\/\/kofe.hu\/parola\/parola-folyoirat\/terepgyakornokok-beszamoloi-farkas-gabriella-gyakorlatvezeto-bevezetoje\/\" \/>\n<meta property=\"og:locale\" content=\"hu_HU\" \/>\n<meta property=\"og:type\" content=\"article\" \/>\n<meta property=\"og:title\" content=\"Terepgyakornokok besz\u00e1mol\u00f3i Farkas Gabriella gyakorlatvezet\u0151 bevezet\u0151je - Parola Foly\u00f3irat\" \/>\n<meta property=\"og:description\" content=\"A K\u00f6z\u00f6ss\u00e9gfejleszt\u0151k Egyes\u00fclete kezdett\u0151l fogva kiemelt figyelmet ford\u00edtott a feln\u00f6vekv\u0151 \u00e9s felt\u00f6rekv\u0151 \u00faj gener\u00e1ci\u00f3 tan\u00edt\u00e1s\u00e1ra, nevel\u00e9s\u00e9re, a fiatalok v\u00e1ltozatos szakmai tev\u00e9kenys\u00e9gekbe val\u00f3 bevon\u00e1s\u00e1ra. J\u00f3 ideje m\u00e1r ugyancsak folyamatosan el\u0151t\u00e9rben tartott szempont a t\u00e1rsszakm\u00e1k megsz\u00f3l\u00edt\u00e1sa, szakmak\u00f6zi egy\u00fcttm\u0171k\u00f6d\u00e9sek \u00e9s egy\u00fcttgondolkod\u00e1sok lehet\u0151s\u00e9g\u00e9nek megteremt\u00e9se, illetve a k\u00f6z\u00f6ss\u00e9gfejleszt\u0151i szeml\u00e9letm\u00f3d terjeszt\u00e9se a vid\u00e9ki \u00e9s v\u00e1rosi k\u00f6z\u00f6ss\u00e9geket \u00e9rint\u0151 szakmater\u00fcleteken dolgoz\u00f3 szakemberek k\u00f6r\u00e9ben.\" \/>\n<meta property=\"og:url\" content=\"https:\/\/kofe.hu\/parola\/parola-folyoirat\/terepgyakornokok-beszamoloi-farkas-gabriella-gyakorlatvezeto-bevezetoje\/\" \/>\n<meta property=\"og:site_name\" content=\"Parola Foly\u00f3irat\" \/>\n<meta property=\"article:published_time\" content=\"2020-06-11T05:47:57+00:00\" \/>\n<meta property=\"article:modified_time\" content=\"2020-07-30T10:58:14+00:00\" \/>\n<meta property=\"og:image\" content=\"https:\/\/kofe.hu\/parola\/wp-content\/uploads\/2020\/06\/Farkas-Gabriella.gif\" \/>\n\t<meta property=\"og:image:width\" content=\"191\" \/>\n\t<meta property=\"og:image:height\" content=\"205\" \/>\n\t<meta property=\"og:image:type\" content=\"image\/gif\" \/>\n<meta name=\"author\" content=\"Farkas Gabriella\" \/>\n<meta name=\"twitter:card\" content=\"summary_large_image\" \/>\n<meta name=\"twitter:label1\" content=\"Szerz\u0151:\" \/>\n\t<meta name=\"twitter:data1\" content=\"Farkas Gabriella\" \/>\n\t<meta name=\"twitter:label2\" content=\"Becs\u00fclt olvas\u00e1si id\u0151\" \/>\n\t<meta name=\"twitter:data2\" content=\"2 perc\" \/>\n\t<meta name=\"twitter:label3\" content=\"Written by\" \/>\n\t<meta name=\"twitter:data3\" content=\"Farkas Gabriella\" \/>\n<script type=\"application\/ld+json\" class=\"yoast-schema-graph\">{\"@context\":\"https:\/\/schema.org\",\"@graph\":[{\"@type\":\"Article\",\"@id\":\"https:\/\/kofe.hu\/parola\/parola-folyoirat\/terepgyakornokok-beszamoloi-farkas-gabriella-gyakorlatvezeto-bevezetoje\/#article\",\"isPartOf\":{\"@id\":\"https:\/\/kofe.hu\/parola\/parola-folyoirat\/terepgyakornokok-beszamoloi-farkas-gabriella-gyakorlatvezeto-bevezetoje\/\"},\"author\":{\"name\":\"Farkas Gabriella\",\"@id\":\"https:\/\/kofe.hu\/parola\/#\/schema\/person\/6da6ca1b598c1b072a59f51e13f8c53f\"},\"headline\":\"Terepgyakornokok besz\u00e1mol\u00f3i Farkas Gabriella gyakorlatvezet\u0151 bevezet\u0151je\",\"datePublished\":\"2020-06-11T05:47:57+00:00\",\"dateModified\":\"2020-07-30T10:58:14+00:00\",\"mainEntityOfPage\":{\"@id\":\"https:\/\/kofe.hu\/parola\/parola-folyoirat\/terepgyakornokok-beszamoloi-farkas-gabriella-gyakorlatvezeto-bevezetoje\/\"},\"wordCount\":342,\"commentCount\":0,\"image\":{\"@id\":\"https:\/\/kofe.hu\/parola\/parola-folyoirat\/terepgyakornokok-beszamoloi-farkas-gabriella-gyakorlatvezeto-bevezetoje\/#primaryimage\"},\"thumbnailUrl\":\"https:\/\/kofe.hu\/parola\/wp-content\/uploads\/2020\/06\/Farkas-Gabriella.gif\",\"articleSection\":[\"Parola 2016\/1\",\"Parola Foly\u00f3irat\",\"Repert\u00f3rium\"],\"inLanguage\":\"hu\",\"potentialAction\":[{\"@type\":\"CommentAction\",\"name\":\"Comment\",\"target\":[\"https:\/\/kofe.hu\/parola\/parola-folyoirat\/terepgyakornokok-beszamoloi-farkas-gabriella-gyakorlatvezeto-bevezetoje\/#respond\"]}]},{\"@type\":\"WebPage\",\"@id\":\"https:\/\/kofe.hu\/parola\/parola-folyoirat\/terepgyakornokok-beszamoloi-farkas-gabriella-gyakorlatvezeto-bevezetoje\/\",\"url\":\"https:\/\/kofe.hu\/parola\/parola-folyoirat\/terepgyakornokok-beszamoloi-farkas-gabriella-gyakorlatvezeto-bevezetoje\/\",\"name\":\"Terepgyakornokok besz\u00e1mol\u00f3i Farkas Gabriella gyakorlatvezet\u0151 bevezet\u0151je - Parola Foly\u00f3irat\",\"isPartOf\":{\"@id\":\"https:\/\/kofe.hu\/parola\/#website\"},\"primaryImageOfPage\":{\"@id\":\"https:\/\/kofe.hu\/parola\/parola-folyoirat\/terepgyakornokok-beszamoloi-farkas-gabriella-gyakorlatvezeto-bevezetoje\/#primaryimage\"},\"image\":{\"@id\":\"https:\/\/kofe.hu\/parola\/parola-folyoirat\/terepgyakornokok-beszamoloi-farkas-gabriella-gyakorlatvezeto-bevezetoje\/#primaryimage\"},\"thumbnailUrl\":\"https:\/\/kofe.hu\/parola\/wp-content\/uploads\/2020\/06\/Farkas-Gabriella.gif\",\"datePublished\":\"2020-06-11T05:47:57+00:00\",\"dateModified\":\"2020-07-30T10:58:14+00:00\",\"author\":{\"@id\":\"https:\/\/kofe.hu\/parola\/#\/schema\/person\/6da6ca1b598c1b072a59f51e13f8c53f\"},\"breadcrumb\":{\"@id\":\"https:\/\/kofe.hu\/parola\/parola-folyoirat\/terepgyakornokok-beszamoloi-farkas-gabriella-gyakorlatvezeto-bevezetoje\/#breadcrumb\"},\"inLanguage\":\"hu\",\"potentialAction\":[{\"@type\":\"ReadAction\",\"target\":[\"https:\/\/kofe.hu\/parola\/parola-folyoirat\/terepgyakornokok-beszamoloi-farkas-gabriella-gyakorlatvezeto-bevezetoje\/\"]}]},{\"@type\":\"ImageObject\",\"inLanguage\":\"hu\",\"@id\":\"https:\/\/kofe.hu\/parola\/parola-folyoirat\/terepgyakornokok-beszamoloi-farkas-gabriella-gyakorlatvezeto-bevezetoje\/#primaryimage\",\"url\":\"https:\/\/kofe.hu\/parola\/wp-content\/uploads\/2020\/06\/Farkas-Gabriella.gif\",\"contentUrl\":\"https:\/\/kofe.hu\/parola\/wp-content\/uploads\/2020\/06\/Farkas-Gabriella.gif\",\"width\":191,\"height\":205},{\"@type\":\"BreadcrumbList\",\"@id\":\"https:\/\/kofe.hu\/parola\/parola-folyoirat\/terepgyakornokok-beszamoloi-farkas-gabriella-gyakorlatvezeto-bevezetoje\/#breadcrumb\",\"itemListElement\":[{\"@type\":\"ListItem\",\"position\":1,\"name\":\"Home\",\"item\":\"https:\/\/kofe.hu\/parola\/\"},{\"@type\":\"ListItem\",\"position\":2,\"name\":\"Terepgyakornokok besz\u00e1mol\u00f3i Farkas Gabriella gyakorlatvezet\u0151 bevezet\u0151je\"}]},{\"@type\":\"WebSite\",\"@id\":\"https:\/\/kofe.hu\/parola\/#website\",\"url\":\"https:\/\/kofe.hu\/parola\/\",\"name\":\"Parola Foly\u00f3irat\",\"description\":\"\",\"potentialAction\":[{\"@type\":\"SearchAction\",\"target\":{\"@type\":\"EntryPoint\",\"urlTemplate\":\"https:\/\/kofe.hu\/parola\/?s={search_term_string}\"},\"query-input\":{\"@type\":\"PropertyValueSpecification\",\"valueRequired\":true,\"valueName\":\"search_term_string\"}}],\"inLanguage\":\"hu\"},{\"@type\":\"Person\",\"@id\":\"https:\/\/kofe.hu\/parola\/#\/schema\/person\/6da6ca1b598c1b072a59f51e13f8c53f\",\"name\":\"Farkas Gabriella\",\"image\":{\"@type\":\"ImageObject\",\"inLanguage\":\"hu\",\"@id\":\"https:\/\/kofe.hu\/parola\/#\/schema\/person\/image\/e0108a535d53d9e4e27d0cb71d5bf0b1\",\"url\":\"https:\/\/secure.gravatar.com\/avatar\/92762ab39657bedca0296891af0fd57e4caad99277cd3266d6684887b7d1b930?s=96&d=mm&r=g\",\"contentUrl\":\"https:\/\/secure.gravatar.com\/avatar\/92762ab39657bedca0296891af0fd57e4caad99277cd3266d6684887b7d1b930?s=96&d=mm&r=g\",\"caption\":\"Farkas Gabriella\"},\"url\":\"https:\/\/kofe.hu\/parola\/szerzok\/farkas-gabriella\/\"}]}<\/script>\n<!-- \/ Yoast SEO plugin. -->","yoast_head_json":{"title":"Terepgyakornokok besz\u00e1mol\u00f3i Farkas Gabriella gyakorlatvezet\u0151 bevezet\u0151je - Parola Foly\u00f3irat","robots":{"index":"index","follow":"follow","max-snippet":"max-snippet:-1","max-image-preview":"max-image-preview:large","max-video-preview":"max-video-preview:-1"},"canonical":"https:\/\/kofe.hu\/parola\/parola-folyoirat\/terepgyakornokok-beszamoloi-farkas-gabriella-gyakorlatvezeto-bevezetoje\/","og_locale":"hu_HU","og_type":"article","og_title":"Terepgyakornokok besz\u00e1mol\u00f3i Farkas Gabriella gyakorlatvezet\u0151 bevezet\u0151je - Parola Foly\u00f3irat","og_description":"A K\u00f6z\u00f6ss\u00e9gfejleszt\u0151k Egyes\u00fclete kezdett\u0151l fogva kiemelt figyelmet ford\u00edtott a feln\u00f6vekv\u0151 \u00e9s felt\u00f6rekv\u0151 \u00faj gener\u00e1ci\u00f3 tan\u00edt\u00e1s\u00e1ra, nevel\u00e9s\u00e9re, a fiatalok v\u00e1ltozatos szakmai tev\u00e9kenys\u00e9gekbe val\u00f3 bevon\u00e1s\u00e1ra. J\u00f3 ideje m\u00e1r ugyancsak folyamatosan el\u0151t\u00e9rben tartott szempont a t\u00e1rsszakm\u00e1k megsz\u00f3l\u00edt\u00e1sa, szakmak\u00f6zi egy\u00fcttm\u0171k\u00f6d\u00e9sek \u00e9s egy\u00fcttgondolkod\u00e1sok lehet\u0151s\u00e9g\u00e9nek megteremt\u00e9se, illetve a k\u00f6z\u00f6ss\u00e9gfejleszt\u0151i szeml\u00e9letm\u00f3d terjeszt\u00e9se a vid\u00e9ki \u00e9s v\u00e1rosi k\u00f6z\u00f6ss\u00e9geket \u00e9rint\u0151 szakmater\u00fcleteken dolgoz\u00f3 szakemberek k\u00f6r\u00e9ben.","og_url":"https:\/\/kofe.hu\/parola\/parola-folyoirat\/terepgyakornokok-beszamoloi-farkas-gabriella-gyakorlatvezeto-bevezetoje\/","og_site_name":"Parola Foly\u00f3irat","article_published_time":"2020-06-11T05:47:57+00:00","article_modified_time":"2020-07-30T10:58:14+00:00","og_image":[{"width":191,"height":205,"url":"https:\/\/kofe.hu\/parola\/wp-content\/uploads\/2020\/06\/Farkas-Gabriella.gif","type":"image\/gif"}],"author":"Farkas Gabriella","twitter_card":"summary_large_image","twitter_misc":{"Szerz\u0151:":"Farkas Gabriella","Becs\u00fclt olvas\u00e1si id\u0151":"2 perc","Written by":"Farkas Gabriella"},"schema":{"@context":"https:\/\/schema.org","@graph":[{"@type":"Article","@id":"https:\/\/kofe.hu\/parola\/parola-folyoirat\/terepgyakornokok-beszamoloi-farkas-gabriella-gyakorlatvezeto-bevezetoje\/#article","isPartOf":{"@id":"https:\/\/kofe.hu\/parola\/parola-folyoirat\/terepgyakornokok-beszamoloi-farkas-gabriella-gyakorlatvezeto-bevezetoje\/"},"author":{"name":"Farkas Gabriella","@id":"https:\/\/kofe.hu\/parola\/#\/schema\/person\/6da6ca1b598c1b072a59f51e13f8c53f"},"headline":"Terepgyakornokok besz\u00e1mol\u00f3i Farkas Gabriella gyakorlatvezet\u0151 bevezet\u0151je","datePublished":"2020-06-11T05:47:57+00:00","dateModified":"2020-07-30T10:58:14+00:00","mainEntityOfPage":{"@id":"https:\/\/kofe.hu\/parola\/parola-folyoirat\/terepgyakornokok-beszamoloi-farkas-gabriella-gyakorlatvezeto-bevezetoje\/"},"wordCount":342,"commentCount":0,"image":{"@id":"https:\/\/kofe.hu\/parola\/parola-folyoirat\/terepgyakornokok-beszamoloi-farkas-gabriella-gyakorlatvezeto-bevezetoje\/#primaryimage"},"thumbnailUrl":"https:\/\/kofe.hu\/parola\/wp-content\/uploads\/2020\/06\/Farkas-Gabriella.gif","articleSection":["Parola 2016\/1","Parola Foly\u00f3irat","Repert\u00f3rium"],"inLanguage":"hu","potentialAction":[{"@type":"CommentAction","name":"Comment","target":["https:\/\/kofe.hu\/parola\/parola-folyoirat\/terepgyakornokok-beszamoloi-farkas-gabriella-gyakorlatvezeto-bevezetoje\/#respond"]}]},{"@type":"WebPage","@id":"https:\/\/kofe.hu\/parola\/parola-folyoirat\/terepgyakornokok-beszamoloi-farkas-gabriella-gyakorlatvezeto-bevezetoje\/","url":"https:\/\/kofe.hu\/parola\/parola-folyoirat\/terepgyakornokok-beszamoloi-farkas-gabriella-gyakorlatvezeto-bevezetoje\/","name":"Terepgyakornokok besz\u00e1mol\u00f3i Farkas Gabriella gyakorlatvezet\u0151 bevezet\u0151je - Parola Foly\u00f3irat","isPartOf":{"@id":"https:\/\/kofe.hu\/parola\/#website"},"primaryImageOfPage":{"@id":"https:\/\/kofe.hu\/parola\/parola-folyoirat\/terepgyakornokok-beszamoloi-farkas-gabriella-gyakorlatvezeto-bevezetoje\/#primaryimage"},"image":{"@id":"https:\/\/kofe.hu\/parola\/parola-folyoirat\/terepgyakornokok-beszamoloi-farkas-gabriella-gyakorlatvezeto-bevezetoje\/#primaryimage"},"thumbnailUrl":"https:\/\/kofe.hu\/parola\/wp-content\/uploads\/2020\/06\/Farkas-Gabriella.gif","datePublished":"2020-06-11T05:47:57+00:00","dateModified":"2020-07-30T10:58:14+00:00","author":{"@id":"https:\/\/kofe.hu\/parola\/#\/schema\/person\/6da6ca1b598c1b072a59f51e13f8c53f"},"breadcrumb":{"@id":"https:\/\/kofe.hu\/parola\/parola-folyoirat\/terepgyakornokok-beszamoloi-farkas-gabriella-gyakorlatvezeto-bevezetoje\/#breadcrumb"},"inLanguage":"hu","potentialAction":[{"@type":"ReadAction","target":["https:\/\/kofe.hu\/parola\/parola-folyoirat\/terepgyakornokok-beszamoloi-farkas-gabriella-gyakorlatvezeto-bevezetoje\/"]}]},{"@type":"ImageObject","inLanguage":"hu","@id":"https:\/\/kofe.hu\/parola\/parola-folyoirat\/terepgyakornokok-beszamoloi-farkas-gabriella-gyakorlatvezeto-bevezetoje\/#primaryimage","url":"https:\/\/kofe.hu\/parola\/wp-content\/uploads\/2020\/06\/Farkas-Gabriella.gif","contentUrl":"https:\/\/kofe.hu\/parola\/wp-content\/uploads\/2020\/06\/Farkas-Gabriella.gif","width":191,"height":205},{"@type":"BreadcrumbList","@id":"https:\/\/kofe.hu\/parola\/parola-folyoirat\/terepgyakornokok-beszamoloi-farkas-gabriella-gyakorlatvezeto-bevezetoje\/#breadcrumb","itemListElement":[{"@type":"ListItem","position":1,"name":"Home","item":"https:\/\/kofe.hu\/parola\/"},{"@type":"ListItem","position":2,"name":"Terepgyakornokok besz\u00e1mol\u00f3i Farkas Gabriella gyakorlatvezet\u0151 bevezet\u0151je"}]},{"@type":"WebSite","@id":"https:\/\/kofe.hu\/parola\/#website","url":"https:\/\/kofe.hu\/parola\/","name":"Parola Foly\u00f3irat","description":"","potentialAction":[{"@type":"SearchAction","target":{"@type":"EntryPoint","urlTemplate":"https:\/\/kofe.hu\/parola\/?s={search_term_string}"},"query-input":{"@type":"PropertyValueSpecification","valueRequired":true,"valueName":"search_term_string"}}],"inLanguage":"hu"},{"@type":"Person","@id":"https:\/\/kofe.hu\/parola\/#\/schema\/person\/6da6ca1b598c1b072a59f51e13f8c53f","name":"Farkas Gabriella","image":{"@type":"ImageObject","inLanguage":"hu","@id":"https:\/\/kofe.hu\/parola\/#\/schema\/person\/image\/e0108a535d53d9e4e27d0cb71d5bf0b1","url":"https:\/\/secure.gravatar.com\/avatar\/92762ab39657bedca0296891af0fd57e4caad99277cd3266d6684887b7d1b930?s=96&d=mm&r=g","contentUrl":"https:\/\/secure.gravatar.com\/avatar\/92762ab39657bedca0296891af0fd57e4caad99277cd3266d6684887b7d1b930?s=96&d=mm&r=g","caption":"Farkas Gabriella"},"url":"https:\/\/kofe.hu\/parola\/szerzok\/farkas-gabriella\/"}]}},"_links":{"self":[{"href":"https:\/\/kofe.hu\/parola\/wp-json\/wp\/v2\/posts\/1568","targetHints":{"allow":["GET"]}}],"collection":[{"href":"https:\/\/kofe.hu\/parola\/wp-json\/wp\/v2\/posts"}],"about":[{"href":"https:\/\/kofe.hu\/parola\/wp-json\/wp\/v2\/types\/post"}],"author":[{"embeddable":true,"href":"https:\/\/kofe.hu\/parola\/wp-json\/wp\/v2\/users\/13"}],"replies":[{"embeddable":true,"href":"https:\/\/kofe.hu\/parola\/wp-json\/wp\/v2\/comments?post=1568"}],"version-history":[{"count":1,"href":"https:\/\/kofe.hu\/parola\/wp-json\/wp\/v2\/posts\/1568\/revisions"}],"predecessor-version":[{"id":1569,"href":"https:\/\/kofe.hu\/parola\/wp-json\/wp\/v2\/posts\/1568\/revisions\/1569"}],"wp:featuredmedia":[{"embeddable":true,"href":"https:\/\/kofe.hu\/parola\/wp-json\/wp\/v2\/media\/1542"}],"wp:attachment":[{"href":"https:\/\/kofe.hu\/parola\/wp-json\/wp\/v2\/media?parent=1568"}],"wp:term":[{"taxonomy":"category","embeddable":true,"href":"https:\/\/kofe.hu\/parola\/wp-json\/wp\/v2\/categories?post=1568"},{"taxonomy":"post_tag","embeddable":true,"href":"https:\/\/kofe.hu\/parola\/wp-json\/wp\/v2\/tags?post=1568"},{"taxonomy":"author","embeddable":true,"href":"https:\/\/kofe.hu\/parola\/wp-json\/wp\/v2\/coauthors?post=1568"}],"curies":[{"name":"wp","href":"https:\/\/api.w.org\/{rel}","templated":true}]}}