{"id":1384,"date":"2020-05-28T17:02:18","date_gmt":"2020-05-28T17:02:18","guid":{"rendered":"https:\/\/kofe.hu\/parola\/?p=1384"},"modified":"2020-07-30T07:17:30","modified_gmt":"2020-07-30T07:17:30","slug":"azonossag-kulonbseg-erdekkepviselet","status":"publish","type":"post","link":"https:\/\/kofe.hu\/parola\/parola-folyoirat\/azonossag-kulonbseg-erdekkepviselet\/","title":{"rendered":"Azonoss\u00e1g-k\u00fcl\u00f6nbs\u00e9g-\u00e9rdekk\u00e9pviselet"},"content":{"rendered":"<p><span style=\"font-family: Times New Roman CE;\">Azonoss\u00e1g<\/span><br \/>\n<span style=\"font-family: Times New Roman CE;\">\u00a6 k\u00fcl\u00f6nbs\u00e9g<\/span><br \/>\n<span style=\"font-family: Times New Roman CE;\">\u00a6 \u00e9rdekk\u00e9pviselet<\/span><\/p>\n<p><span style=\"font-family: Times New Roman CE;\">c\u00edmmel k\u00e9t f\u00fczet jelent meg a Heves Megyei Tan\u00e1cs \u00e9s a M\u0171vel\u0151d\u00e9si K\u00f6zpont kiad\u00e1s\u00e1ban.<\/span><br \/>\n<span style=\"font-family: Times New Roman CE;\">A f\u00fczetekben t\u00f6bbek k\u00f6z\u00f6tt az 1945 el\u0151tti \u00e9s a mai egyes\u00fcletekr\u0151l, ifj\u00fas\u00e1gi szervezetekr\u0151l szerepelnek r\u00e9szletes ismertet\u0151k, de az egyes\u00fcletalak\u00edt\u00e1s gondolat\u00e1val foglalkoz\u00f3k is sok hasznos inform\u00e1ci\u00f3t tal\u00e1lnak a kiadv\u00e1nyban.<\/span><br \/>\n<span style=\"font-family: Times New Roman CE;\">Beszerezhet\u0151:<\/span><br \/>\n<span style=\"font-family: Times New Roman CE;\">a Heves Megyei Tan\u00e1cs Ifj\u00fas\u00e1gi \u00e9s<\/span><br \/>\n<span style=\"font-family: Times New Roman CE;\">Sportoszt\u00e1ly\u00e1n.<\/span><\/p>\n","protected":false},"excerpt":{"rendered":"<p>Azonoss\u00e1g \u00a6 k\u00fcl\u00f6nbs\u00e9g \u00a6 \u00e9rdekk\u00e9pviselet c\u00edmmel k\u00e9t f\u00fczet jelent meg a Heves Megyei Tan\u00e1cs \u00e9s a M\u0171vel\u0151d\u00e9si K\u00f6zpont kiad\u00e1s\u00e1ban. A f\u00fczetekben t\u00f6bbek k\u00f6z\u00f6tt az 1945 el\u0151tti \u00e9s a mai egyes\u00fcletekr\u0151l, ifj\u00fas\u00e1gi szervezetekr\u0151l szerepelnek r\u00e9szletes ismertet\u0151k, de az egyes\u00fcletalak\u00edt\u00e1s gondolat\u00e1val foglalkoz\u00f3k is sok hasznos inform\u00e1ci\u00f3t tal\u00e1lnak a kiadv\u00e1nyban. Beszerezhet\u0151: a Heves Megyei Tan\u00e1cs Ifj\u00fas\u00e1gi \u00e9s Sportoszt\u00e1ly\u00e1n.<\/p>\n","protected":false},"author":4,"featured_media":3941,"comment_status":"open","ping_status":"open","sticky":false,"template":"","format":"standard","meta":{"_acf_changed":false,"footnotes":""},"categories":[87,8,7],"tags":[],"coauthors":[47],"class_list":["post-1384","post","type-post","status-publish","format-standard","has-post-thumbnail","hentry","category-parola-1990-2","category-parola-folyoirat","category-repertorium"],"acf":[],"yoast_head":"<!-- This site is optimized with the Yoast SEO plugin v26.7 - https:\/\/yoast.com\/wordpress\/plugins\/seo\/ -->\n<title>Azonoss\u00e1g-k\u00fcl\u00f6nbs\u00e9g-\u00e9rdekk\u00e9pviselet - Parola Foly\u00f3irat<\/title>\n<meta name=\"robots\" content=\"index, follow, max-snippet:-1, max-image-preview:large, max-video-preview:-1\" \/>\n<link rel=\"canonical\" href=\"https:\/\/kofe.hu\/parola\/parola-folyoirat\/azonossag-kulonbseg-erdekkepviselet\/\" \/>\n<meta property=\"og:locale\" content=\"hu_HU\" \/>\n<meta property=\"og:type\" content=\"article\" \/>\n<meta property=\"og:title\" content=\"Azonoss\u00e1g-k\u00fcl\u00f6nbs\u00e9g-\u00e9rdekk\u00e9pviselet - Parola Foly\u00f3irat\" \/>\n<meta property=\"og:description\" content=\"Azonoss\u00e1g \u00a6 k\u00fcl\u00f6nbs\u00e9g \u00a6 \u00e9rdekk\u00e9pviselet c\u00edmmel k\u00e9t f\u00fczet jelent meg a Heves Megyei Tan\u00e1cs \u00e9s a M\u0171vel\u0151d\u00e9si K\u00f6zpont kiad\u00e1s\u00e1ban. A f\u00fczetekben t\u00f6bbek k\u00f6z\u00f6tt az 1945 el\u0151tti \u00e9s a mai egyes\u00fcletekr\u0151l, ifj\u00fas\u00e1gi szervezetekr\u0151l szerepelnek r\u00e9szletes ismertet\u0151k, de az egyes\u00fcletalak\u00edt\u00e1s gondolat\u00e1val foglalkoz\u00f3k is sok hasznos inform\u00e1ci\u00f3t tal\u00e1lnak a kiadv\u00e1nyban. Beszerezhet\u0151: a Heves Megyei Tan\u00e1cs Ifj\u00fas\u00e1gi \u00e9s Sportoszt\u00e1ly\u00e1n.\" \/>\n<meta property=\"og:url\" content=\"https:\/\/kofe.hu\/parola\/parola-folyoirat\/azonossag-kulonbseg-erdekkepviselet\/\" \/>\n<meta property=\"og:site_name\" content=\"Parola Foly\u00f3irat\" \/>\n<meta property=\"article:published_time\" content=\"2020-05-28T17:02:18+00:00\" \/>\n<meta property=\"article:modified_time\" content=\"2020-07-30T07:17:30+00:00\" \/>\n<meta property=\"og:image\" content=\"https:\/\/kofe.hu\/parola\/wp-content\/uploads\/2020\/05\/90.2.jpeg\" \/>\n\t<meta property=\"og:image:width\" content=\"1339\" \/>\n\t<meta property=\"og:image:height\" content=\"1871\" \/>\n\t<meta property=\"og:image:type\" content=\"image\/jpeg\" \/>\n<meta name=\"author\" content=\"Parola\" \/>\n<meta name=\"twitter:card\" content=\"summary_large_image\" \/>\n<meta name=\"twitter:label1\" content=\"Szerz\u0151:\" \/>\n\t<meta name=\"twitter:data1\" content=\"Parola\" \/>\n\t<meta name=\"twitter:label2\" content=\"Written by\" \/>\n\t<meta name=\"twitter:data2\" content=\"Parola\" \/>\n<script type=\"application\/ld+json\" class=\"yoast-schema-graph\">{\"@context\":\"https:\/\/schema.org\",\"@graph\":[{\"@type\":\"Article\",\"@id\":\"https:\/\/kofe.hu\/parola\/parola-folyoirat\/azonossag-kulonbseg-erdekkepviselet\/#article\",\"isPartOf\":{\"@id\":\"https:\/\/kofe.hu\/parola\/parola-folyoirat\/azonossag-kulonbseg-erdekkepviselet\/\"},\"author\":{\"name\":\"Parola\",\"@id\":\"https:\/\/kofe.hu\/parola\/#\/schema\/person\/b39ea6ec0995233537351d7e33281aeb\"},\"headline\":\"Azonoss\u00e1g-k\u00fcl\u00f6nbs\u00e9g-\u00e9rdekk\u00e9pviselet\",\"datePublished\":\"2020-05-28T17:02:18+00:00\",\"dateModified\":\"2020-07-30T07:17:30+00:00\",\"mainEntityOfPage\":{\"@id\":\"https:\/\/kofe.hu\/parola\/parola-folyoirat\/azonossag-kulonbseg-erdekkepviselet\/\"},\"wordCount\":100,\"commentCount\":0,\"image\":{\"@id\":\"https:\/\/kofe.hu\/parola\/parola-folyoirat\/azonossag-kulonbseg-erdekkepviselet\/#primaryimage\"},\"thumbnailUrl\":\"https:\/\/kofe.hu\/parola\/wp-content\/uploads\/2020\/05\/90.2.jpeg\",\"articleSection\":[\"Parola 1990\/2\",\"Parola Foly\u00f3irat\",\"Repert\u00f3rium\"],\"inLanguage\":\"hu\",\"potentialAction\":[{\"@type\":\"CommentAction\",\"name\":\"Comment\",\"target\":[\"https:\/\/kofe.hu\/parola\/parola-folyoirat\/azonossag-kulonbseg-erdekkepviselet\/#respond\"]}]},{\"@type\":\"WebPage\",\"@id\":\"https:\/\/kofe.hu\/parola\/parola-folyoirat\/azonossag-kulonbseg-erdekkepviselet\/\",\"url\":\"https:\/\/kofe.hu\/parola\/parola-folyoirat\/azonossag-kulonbseg-erdekkepviselet\/\",\"name\":\"Azonoss\u00e1g-k\u00fcl\u00f6nbs\u00e9g-\u00e9rdekk\u00e9pviselet - Parola Foly\u00f3irat\",\"isPartOf\":{\"@id\":\"https:\/\/kofe.hu\/parola\/#website\"},\"primaryImageOfPage\":{\"@id\":\"https:\/\/kofe.hu\/parola\/parola-folyoirat\/azonossag-kulonbseg-erdekkepviselet\/#primaryimage\"},\"image\":{\"@id\":\"https:\/\/kofe.hu\/parola\/parola-folyoirat\/azonossag-kulonbseg-erdekkepviselet\/#primaryimage\"},\"thumbnailUrl\":\"https:\/\/kofe.hu\/parola\/wp-content\/uploads\/2020\/05\/90.2.jpeg\",\"datePublished\":\"2020-05-28T17:02:18+00:00\",\"dateModified\":\"2020-07-30T07:17:30+00:00\",\"author\":{\"@id\":\"https:\/\/kofe.hu\/parola\/#\/schema\/person\/b39ea6ec0995233537351d7e33281aeb\"},\"breadcrumb\":{\"@id\":\"https:\/\/kofe.hu\/parola\/parola-folyoirat\/azonossag-kulonbseg-erdekkepviselet\/#breadcrumb\"},\"inLanguage\":\"hu\",\"potentialAction\":[{\"@type\":\"ReadAction\",\"target\":[\"https:\/\/kofe.hu\/parola\/parola-folyoirat\/azonossag-kulonbseg-erdekkepviselet\/\"]}]},{\"@type\":\"ImageObject\",\"inLanguage\":\"hu\",\"@id\":\"https:\/\/kofe.hu\/parola\/parola-folyoirat\/azonossag-kulonbseg-erdekkepviselet\/#primaryimage\",\"url\":\"https:\/\/kofe.hu\/parola\/wp-content\/uploads\/2020\/05\/90.2.jpeg\",\"contentUrl\":\"https:\/\/kofe.hu\/parola\/wp-content\/uploads\/2020\/05\/90.2.jpeg\",\"width\":1339,\"height\":1871},{\"@type\":\"BreadcrumbList\",\"@id\":\"https:\/\/kofe.hu\/parola\/parola-folyoirat\/azonossag-kulonbseg-erdekkepviselet\/#breadcrumb\",\"itemListElement\":[{\"@type\":\"ListItem\",\"position\":1,\"name\":\"Home\",\"item\":\"https:\/\/kofe.hu\/parola\/\"},{\"@type\":\"ListItem\",\"position\":2,\"name\":\"Azonoss\u00e1g-k\u00fcl\u00f6nbs\u00e9g-\u00e9rdekk\u00e9pviselet\"}]},{\"@type\":\"WebSite\",\"@id\":\"https:\/\/kofe.hu\/parola\/#website\",\"url\":\"https:\/\/kofe.hu\/parola\/\",\"name\":\"Parola Foly\u00f3irat\",\"description\":\"\",\"potentialAction\":[{\"@type\":\"SearchAction\",\"target\":{\"@type\":\"EntryPoint\",\"urlTemplate\":\"https:\/\/kofe.hu\/parola\/?s={search_term_string}\"},\"query-input\":{\"@type\":\"PropertyValueSpecification\",\"valueRequired\":true,\"valueName\":\"search_term_string\"}}],\"inLanguage\":\"hu\"},{\"@type\":\"Person\",\"@id\":\"https:\/\/kofe.hu\/parola\/#\/schema\/person\/b39ea6ec0995233537351d7e33281aeb\",\"name\":\"Parola\",\"image\":{\"@type\":\"ImageObject\",\"inLanguage\":\"hu\",\"@id\":\"https:\/\/kofe.hu\/parola\/#\/schema\/person\/image\/ef1d7dc4d1949d5457aa415351763853\",\"url\":\"https:\/\/secure.gravatar.com\/avatar\/c18c00ea50048aa7adb99e5d11e4250d05111e33b2bea02671439eb7912c945e?s=96&d=mm&r=g\",\"contentUrl\":\"https:\/\/secure.gravatar.com\/avatar\/c18c00ea50048aa7adb99e5d11e4250d05111e33b2bea02671439eb7912c945e?s=96&d=mm&r=g\",\"caption\":\"Parola\"},\"url\":\"https:\/\/kofe.hu\/parola\/szerzok\/parola\/\"}]}<\/script>\n<!-- \/ Yoast SEO plugin. -->","yoast_head_json":{"title":"Azonoss\u00e1g-k\u00fcl\u00f6nbs\u00e9g-\u00e9rdekk\u00e9pviselet - Parola Foly\u00f3irat","robots":{"index":"index","follow":"follow","max-snippet":"max-snippet:-1","max-image-preview":"max-image-preview:large","max-video-preview":"max-video-preview:-1"},"canonical":"https:\/\/kofe.hu\/parola\/parola-folyoirat\/azonossag-kulonbseg-erdekkepviselet\/","og_locale":"hu_HU","og_type":"article","og_title":"Azonoss\u00e1g-k\u00fcl\u00f6nbs\u00e9g-\u00e9rdekk\u00e9pviselet - Parola Foly\u00f3irat","og_description":"Azonoss\u00e1g \u00a6 k\u00fcl\u00f6nbs\u00e9g \u00a6 \u00e9rdekk\u00e9pviselet c\u00edmmel k\u00e9t f\u00fczet jelent meg a Heves Megyei Tan\u00e1cs \u00e9s a M\u0171vel\u0151d\u00e9si K\u00f6zpont kiad\u00e1s\u00e1ban. A f\u00fczetekben t\u00f6bbek k\u00f6z\u00f6tt az 1945 el\u0151tti \u00e9s a mai egyes\u00fcletekr\u0151l, ifj\u00fas\u00e1gi szervezetekr\u0151l szerepelnek r\u00e9szletes ismertet\u0151k, de az egyes\u00fcletalak\u00edt\u00e1s gondolat\u00e1val foglalkoz\u00f3k is sok hasznos inform\u00e1ci\u00f3t tal\u00e1lnak a kiadv\u00e1nyban. Beszerezhet\u0151: a Heves Megyei Tan\u00e1cs Ifj\u00fas\u00e1gi \u00e9s Sportoszt\u00e1ly\u00e1n.","og_url":"https:\/\/kofe.hu\/parola\/parola-folyoirat\/azonossag-kulonbseg-erdekkepviselet\/","og_site_name":"Parola Foly\u00f3irat","article_published_time":"2020-05-28T17:02:18+00:00","article_modified_time":"2020-07-30T07:17:30+00:00","og_image":[{"width":1339,"height":1871,"url":"https:\/\/kofe.hu\/parola\/wp-content\/uploads\/2020\/05\/90.2.jpeg","type":"image\/jpeg"}],"author":"Parola","twitter_card":"summary_large_image","twitter_misc":{"Szerz\u0151:":"Parola","Written by":"Parola"},"schema":{"@context":"https:\/\/schema.org","@graph":[{"@type":"Article","@id":"https:\/\/kofe.hu\/parola\/parola-folyoirat\/azonossag-kulonbseg-erdekkepviselet\/#article","isPartOf":{"@id":"https:\/\/kofe.hu\/parola\/parola-folyoirat\/azonossag-kulonbseg-erdekkepviselet\/"},"author":{"name":"Parola","@id":"https:\/\/kofe.hu\/parola\/#\/schema\/person\/b39ea6ec0995233537351d7e33281aeb"},"headline":"Azonoss\u00e1g-k\u00fcl\u00f6nbs\u00e9g-\u00e9rdekk\u00e9pviselet","datePublished":"2020-05-28T17:02:18+00:00","dateModified":"2020-07-30T07:17:30+00:00","mainEntityOfPage":{"@id":"https:\/\/kofe.hu\/parola\/parola-folyoirat\/azonossag-kulonbseg-erdekkepviselet\/"},"wordCount":100,"commentCount":0,"image":{"@id":"https:\/\/kofe.hu\/parola\/parola-folyoirat\/azonossag-kulonbseg-erdekkepviselet\/#primaryimage"},"thumbnailUrl":"https:\/\/kofe.hu\/parola\/wp-content\/uploads\/2020\/05\/90.2.jpeg","articleSection":["Parola 1990\/2","Parola Foly\u00f3irat","Repert\u00f3rium"],"inLanguage":"hu","potentialAction":[{"@type":"CommentAction","name":"Comment","target":["https:\/\/kofe.hu\/parola\/parola-folyoirat\/azonossag-kulonbseg-erdekkepviselet\/#respond"]}]},{"@type":"WebPage","@id":"https:\/\/kofe.hu\/parola\/parola-folyoirat\/azonossag-kulonbseg-erdekkepviselet\/","url":"https:\/\/kofe.hu\/parola\/parola-folyoirat\/azonossag-kulonbseg-erdekkepviselet\/","name":"Azonoss\u00e1g-k\u00fcl\u00f6nbs\u00e9g-\u00e9rdekk\u00e9pviselet - Parola Foly\u00f3irat","isPartOf":{"@id":"https:\/\/kofe.hu\/parola\/#website"},"primaryImageOfPage":{"@id":"https:\/\/kofe.hu\/parola\/parola-folyoirat\/azonossag-kulonbseg-erdekkepviselet\/#primaryimage"},"image":{"@id":"https:\/\/kofe.hu\/parola\/parola-folyoirat\/azonossag-kulonbseg-erdekkepviselet\/#primaryimage"},"thumbnailUrl":"https:\/\/kofe.hu\/parola\/wp-content\/uploads\/2020\/05\/90.2.jpeg","datePublished":"2020-05-28T17:02:18+00:00","dateModified":"2020-07-30T07:17:30+00:00","author":{"@id":"https:\/\/kofe.hu\/parola\/#\/schema\/person\/b39ea6ec0995233537351d7e33281aeb"},"breadcrumb":{"@id":"https:\/\/kofe.hu\/parola\/parola-folyoirat\/azonossag-kulonbseg-erdekkepviselet\/#breadcrumb"},"inLanguage":"hu","potentialAction":[{"@type":"ReadAction","target":["https:\/\/kofe.hu\/parola\/parola-folyoirat\/azonossag-kulonbseg-erdekkepviselet\/"]}]},{"@type":"ImageObject","inLanguage":"hu","@id":"https:\/\/kofe.hu\/parola\/parola-folyoirat\/azonossag-kulonbseg-erdekkepviselet\/#primaryimage","url":"https:\/\/kofe.hu\/parola\/wp-content\/uploads\/2020\/05\/90.2.jpeg","contentUrl":"https:\/\/kofe.hu\/parola\/wp-content\/uploads\/2020\/05\/90.2.jpeg","width":1339,"height":1871},{"@type":"BreadcrumbList","@id":"https:\/\/kofe.hu\/parola\/parola-folyoirat\/azonossag-kulonbseg-erdekkepviselet\/#breadcrumb","itemListElement":[{"@type":"ListItem","position":1,"name":"Home","item":"https:\/\/kofe.hu\/parola\/"},{"@type":"ListItem","position":2,"name":"Azonoss\u00e1g-k\u00fcl\u00f6nbs\u00e9g-\u00e9rdekk\u00e9pviselet"}]},{"@type":"WebSite","@id":"https:\/\/kofe.hu\/parola\/#website","url":"https:\/\/kofe.hu\/parola\/","name":"Parola Foly\u00f3irat","description":"","potentialAction":[{"@type":"SearchAction","target":{"@type":"EntryPoint","urlTemplate":"https:\/\/kofe.hu\/parola\/?s={search_term_string}"},"query-input":{"@type":"PropertyValueSpecification","valueRequired":true,"valueName":"search_term_string"}}],"inLanguage":"hu"},{"@type":"Person","@id":"https:\/\/kofe.hu\/parola\/#\/schema\/person\/b39ea6ec0995233537351d7e33281aeb","name":"Parola","image":{"@type":"ImageObject","inLanguage":"hu","@id":"https:\/\/kofe.hu\/parola\/#\/schema\/person\/image\/ef1d7dc4d1949d5457aa415351763853","url":"https:\/\/secure.gravatar.com\/avatar\/c18c00ea50048aa7adb99e5d11e4250d05111e33b2bea02671439eb7912c945e?s=96&d=mm&r=g","contentUrl":"https:\/\/secure.gravatar.com\/avatar\/c18c00ea50048aa7adb99e5d11e4250d05111e33b2bea02671439eb7912c945e?s=96&d=mm&r=g","caption":"Parola"},"url":"https:\/\/kofe.hu\/parola\/szerzok\/parola\/"}]}},"_links":{"self":[{"href":"https:\/\/kofe.hu\/parola\/wp-json\/wp\/v2\/posts\/1384","targetHints":{"allow":["GET"]}}],"collection":[{"href":"https:\/\/kofe.hu\/parola\/wp-json\/wp\/v2\/posts"}],"about":[{"href":"https:\/\/kofe.hu\/parola\/wp-json\/wp\/v2\/types\/post"}],"author":[{"embeddable":true,"href":"https:\/\/kofe.hu\/parola\/wp-json\/wp\/v2\/users\/4"}],"replies":[{"embeddable":true,"href":"https:\/\/kofe.hu\/parola\/wp-json\/wp\/v2\/comments?post=1384"}],"version-history":[{"count":2,"href":"https:\/\/kofe.hu\/parola\/wp-json\/wp\/v2\/posts\/1384\/revisions"}],"predecessor-version":[{"id":3945,"href":"https:\/\/kofe.hu\/parola\/wp-json\/wp\/v2\/posts\/1384\/revisions\/3945"}],"wp:featuredmedia":[{"embeddable":true,"href":"https:\/\/kofe.hu\/parola\/wp-json\/wp\/v2\/media\/3941"}],"wp:attachment":[{"href":"https:\/\/kofe.hu\/parola\/wp-json\/wp\/v2\/media?parent=1384"}],"wp:term":[{"taxonomy":"category","embeddable":true,"href":"https:\/\/kofe.hu\/parola\/wp-json\/wp\/v2\/categories?post=1384"},{"taxonomy":"post_tag","embeddable":true,"href":"https:\/\/kofe.hu\/parola\/wp-json\/wp\/v2\/tags?post=1384"},{"taxonomy":"author","embeddable":true,"href":"https:\/\/kofe.hu\/parola\/wp-json\/wp\/v2\/coauthors?post=1384"}],"curies":[{"name":"wp","href":"https:\/\/api.w.org\/{rel}","templated":true}]}}