{"id":1381,"date":"2020-05-28T17:00:06","date_gmt":"2020-05-28T17:00:06","guid":{"rendered":"https:\/\/kofe.hu\/parola\/?p=1381"},"modified":"2020-07-30T07:18:02","modified_gmt":"2020-07-30T07:18:02","slug":"embertol-emberig-gondolkodj-globalisan-cselekedj-lokalisan","status":"publish","type":"post","link":"https:\/\/kofe.hu\/parola\/parola-folyoirat\/embertol-emberig-gondolkodj-globalisan-cselekedj-lokalisan\/","title":{"rendered":"Embert\u0151l emberig: Gondolkodj glob\u00e1lisan cselekedj lok\u00e1lisan"},"content":{"rendered":"<p><span style=\"font-family: Times New Roman CE;\">MI AZ ICEA?<\/span><br \/>\n<span style=\"font-family: Times New Roman CE;\">Egy nemzetk\u00f6zi, nem hivatalos, k\u00f6z\u00f6ss\u00e9gi nevel\u00e9ssel foglalkoz\u00f3 egyes\u00fclet. 1974-ben alap\u00edtott\u00e1k az USA-ban \u00e9s ma m\u00e1r t\u00f6bb, mint 80 tagorsz\u00e1g\u00e1val az eg\u00e9sz vil\u00e1gra kiterjed tev\u00e9kenys\u00e9ge. A szervezet c\u00e9lja, hogy felkarolja a j\u00f3 gyakorlati kezdem\u00e9nyez\u00e9seket \u00e9s a mind jobban sz\u00e9lesed\u0151 h\u00e1l\u00f3zaton kereszt\u00fcl elterjessze azokat.<\/span><br \/>\n<!--more--><br \/>\n<span style=\"font-family: Times New Roman CE;\">MIVEL FOGLALKOZIK?<\/span><br \/>\n<span style=\"font-family: Times New Roman CE;\">&#8211; helyi k\u00f6z\u00f6ss\u00e9gek felismert sz\u00fcks\u00e9gleteit \u00e9s akarat\u00e1t fejleszt\u0151 folyamatokkal \u00e9s a probl\u00e9m\u00e1k megold\u00e1s\u00e1ban val\u00f3 seg\u00edt\u00e9ssel;<\/span><br \/>\n<span style=\"font-family: Times New Roman CE;\">&#8211; egy\u00e9nek \u00e9s csoportok felkarol\u00e1s\u00e1val a c\u00e9lb\u00f3l, hogy vegyenek r\u00e9szt a megfelel\u0151 programok tervez\u00e9s\u00e9ben \u00e9s megval\u00f3s\u00edt\u00e1s\u00e1ban;<\/span><br \/>\n<span style=\"font-family: Times New Roman CE;\">&#8211; egy\u00e9nek, int\u00e9zm\u00e9nyek \u00e9s szervezetek egy\u00fcttm\u0171k\u00f6d\u00e9s\u00e9nek el\u0151seg\u00edt\u00e9s\u00e9vel;<\/span><br \/>\n<span style=\"font-family: Times New Roman CE;\">&#8211; kisebbs\u00e9gi- \u00e9s m\u00e1s, speci\u00e1lis csoportok t\u00e1mogat\u00e1s\u00e1val;<\/span><br \/>\n<span style=\"font-family: Times New Roman CE;\">&#8211; f\u00f3rumot ny\u00fajt az eszm\u00e9k, fejleszt\u00e9si technik\u00e1k \u00e9s programok cser\u00e9j\u00e9nek, amelyek egy\u00e9nek \u00e9s k\u00f6z\u00f6ss\u00e9gek jav\u00e1ra szolg\u00e1lnak;<\/span><br \/>\n<span style=\"font-family: Times New Roman CE;\">&#8211; b\u00e1tor\u00edtja a k\u00fcl\u00f6nf\u00e9le kult\u00far\u00e1k k\u00f6z\u00f6tti meg\u00e9rt\u00e9st \u00e9s megbecs\u00fcl\u00e9st.<\/span><\/p>\n","protected":false},"excerpt":{"rendered":"<p>MI AZ ICEA? Egy nemzetk\u00f6zi, nem hivatalos, k\u00f6z\u00f6ss\u00e9gi nevel\u00e9ssel foglalkoz\u00f3 egyes\u00fclet. 1974-ben alap\u00edtott\u00e1k az USA-ban \u00e9s ma m\u00e1r t\u00f6bb, mint 80 tagorsz\u00e1g\u00e1val az eg\u00e9sz vil\u00e1gra kiterjed tev\u00e9kenys\u00e9ge. A szervezet c\u00e9lja, hogy felkarolja a j\u00f3 gyakorlati kezdem\u00e9nyez\u00e9seket \u00e9s a mind jobban sz\u00e9lesed\u0151 h\u00e1l\u00f3zaton kereszt\u00fcl elterjessze azokat.<\/p>\n","protected":false},"author":4,"featured_media":3941,"comment_status":"open","ping_status":"open","sticky":false,"template":"","format":"standard","meta":{"_acf_changed":false,"footnotes":""},"categories":[87,8,7],"tags":[],"coauthors":[47],"class_list":["post-1381","post","type-post","status-publish","format-standard","has-post-thumbnail","hentry","category-parola-1990-2","category-parola-folyoirat","category-repertorium"],"acf":[],"yoast_head":"<!-- This site is optimized with the Yoast SEO plugin v26.7 - https:\/\/yoast.com\/wordpress\/plugins\/seo\/ -->\n<title>Embert\u0151l emberig: Gondolkodj glob\u00e1lisan cselekedj lok\u00e1lisan - Parola Foly\u00f3irat<\/title>\n<meta name=\"robots\" content=\"index, follow, max-snippet:-1, max-image-preview:large, max-video-preview:-1\" \/>\n<link rel=\"canonical\" href=\"https:\/\/kofe.hu\/parola\/parola-folyoirat\/embertol-emberig-gondolkodj-globalisan-cselekedj-lokalisan\/\" \/>\n<meta property=\"og:locale\" content=\"hu_HU\" \/>\n<meta property=\"og:type\" content=\"article\" \/>\n<meta property=\"og:title\" content=\"Embert\u0151l emberig: Gondolkodj glob\u00e1lisan cselekedj lok\u00e1lisan - Parola Foly\u00f3irat\" \/>\n<meta property=\"og:description\" content=\"MI AZ ICEA? Egy nemzetk\u00f6zi, nem hivatalos, k\u00f6z\u00f6ss\u00e9gi nevel\u00e9ssel foglalkoz\u00f3 egyes\u00fclet. 1974-ben alap\u00edtott\u00e1k az USA-ban \u00e9s ma m\u00e1r t\u00f6bb, mint 80 tagorsz\u00e1g\u00e1val az eg\u00e9sz vil\u00e1gra kiterjed tev\u00e9kenys\u00e9ge. A szervezet c\u00e9lja, hogy felkarolja a j\u00f3 gyakorlati kezdem\u00e9nyez\u00e9seket \u00e9s a mind jobban sz\u00e9lesed\u0151 h\u00e1l\u00f3zaton kereszt\u00fcl elterjessze azokat.\" \/>\n<meta property=\"og:url\" content=\"https:\/\/kofe.hu\/parola\/parola-folyoirat\/embertol-emberig-gondolkodj-globalisan-cselekedj-lokalisan\/\" \/>\n<meta property=\"og:site_name\" content=\"Parola Foly\u00f3irat\" \/>\n<meta property=\"article:published_time\" content=\"2020-05-28T17:00:06+00:00\" \/>\n<meta property=\"article:modified_time\" content=\"2020-07-30T07:18:02+00:00\" \/>\n<meta property=\"og:image\" content=\"https:\/\/kofe.hu\/parola\/wp-content\/uploads\/2020\/05\/90.2.jpeg\" \/>\n\t<meta property=\"og:image:width\" content=\"1339\" \/>\n\t<meta property=\"og:image:height\" content=\"1871\" \/>\n\t<meta property=\"og:image:type\" content=\"image\/jpeg\" \/>\n<meta name=\"author\" content=\"Parola\" \/>\n<meta name=\"twitter:card\" content=\"summary_large_image\" \/>\n<meta name=\"twitter:label1\" content=\"Szerz\u0151:\" \/>\n\t<meta name=\"twitter:data1\" content=\"Parola\" \/>\n\t<meta name=\"twitter:label2\" content=\"Becs\u00fclt olvas\u00e1si id\u0151\" \/>\n\t<meta name=\"twitter:data2\" content=\"1 perc\" \/>\n\t<meta name=\"twitter:label3\" content=\"Written by\" \/>\n\t<meta name=\"twitter:data3\" content=\"Parola\" \/>\n<script type=\"application\/ld+json\" class=\"yoast-schema-graph\">{\"@context\":\"https:\/\/schema.org\",\"@graph\":[{\"@type\":\"Article\",\"@id\":\"https:\/\/kofe.hu\/parola\/parola-folyoirat\/embertol-emberig-gondolkodj-globalisan-cselekedj-lokalisan\/#article\",\"isPartOf\":{\"@id\":\"https:\/\/kofe.hu\/parola\/parola-folyoirat\/embertol-emberig-gondolkodj-globalisan-cselekedj-lokalisan\/\"},\"author\":{\"name\":\"Parola\",\"@id\":\"https:\/\/kofe.hu\/parola\/#\/schema\/person\/b39ea6ec0995233537351d7e33281aeb\"},\"headline\":\"Embert\u0151l emberig: Gondolkodj glob\u00e1lisan cselekedj lok\u00e1lisan\",\"datePublished\":\"2020-05-28T17:00:06+00:00\",\"dateModified\":\"2020-07-30T07:18:02+00:00\",\"mainEntityOfPage\":{\"@id\":\"https:\/\/kofe.hu\/parola\/parola-folyoirat\/embertol-emberig-gondolkodj-globalisan-cselekedj-lokalisan\/\"},\"wordCount\":216,\"commentCount\":0,\"image\":{\"@id\":\"https:\/\/kofe.hu\/parola\/parola-folyoirat\/embertol-emberig-gondolkodj-globalisan-cselekedj-lokalisan\/#primaryimage\"},\"thumbnailUrl\":\"https:\/\/kofe.hu\/parola\/wp-content\/uploads\/2020\/05\/90.2.jpeg\",\"articleSection\":[\"Parola 1990\/2\",\"Parola Foly\u00f3irat\",\"Repert\u00f3rium\"],\"inLanguage\":\"hu\",\"potentialAction\":[{\"@type\":\"CommentAction\",\"name\":\"Comment\",\"target\":[\"https:\/\/kofe.hu\/parola\/parola-folyoirat\/embertol-emberig-gondolkodj-globalisan-cselekedj-lokalisan\/#respond\"]}]},{\"@type\":\"WebPage\",\"@id\":\"https:\/\/kofe.hu\/parola\/parola-folyoirat\/embertol-emberig-gondolkodj-globalisan-cselekedj-lokalisan\/\",\"url\":\"https:\/\/kofe.hu\/parola\/parola-folyoirat\/embertol-emberig-gondolkodj-globalisan-cselekedj-lokalisan\/\",\"name\":\"Embert\u0151l emberig: Gondolkodj glob\u00e1lisan cselekedj lok\u00e1lisan - Parola Foly\u00f3irat\",\"isPartOf\":{\"@id\":\"https:\/\/kofe.hu\/parola\/#website\"},\"primaryImageOfPage\":{\"@id\":\"https:\/\/kofe.hu\/parola\/parola-folyoirat\/embertol-emberig-gondolkodj-globalisan-cselekedj-lokalisan\/#primaryimage\"},\"image\":{\"@id\":\"https:\/\/kofe.hu\/parola\/parola-folyoirat\/embertol-emberig-gondolkodj-globalisan-cselekedj-lokalisan\/#primaryimage\"},\"thumbnailUrl\":\"https:\/\/kofe.hu\/parola\/wp-content\/uploads\/2020\/05\/90.2.jpeg\",\"datePublished\":\"2020-05-28T17:00:06+00:00\",\"dateModified\":\"2020-07-30T07:18:02+00:00\",\"author\":{\"@id\":\"https:\/\/kofe.hu\/parola\/#\/schema\/person\/b39ea6ec0995233537351d7e33281aeb\"},\"breadcrumb\":{\"@id\":\"https:\/\/kofe.hu\/parola\/parola-folyoirat\/embertol-emberig-gondolkodj-globalisan-cselekedj-lokalisan\/#breadcrumb\"},\"inLanguage\":\"hu\",\"potentialAction\":[{\"@type\":\"ReadAction\",\"target\":[\"https:\/\/kofe.hu\/parola\/parola-folyoirat\/embertol-emberig-gondolkodj-globalisan-cselekedj-lokalisan\/\"]}]},{\"@type\":\"ImageObject\",\"inLanguage\":\"hu\",\"@id\":\"https:\/\/kofe.hu\/parola\/parola-folyoirat\/embertol-emberig-gondolkodj-globalisan-cselekedj-lokalisan\/#primaryimage\",\"url\":\"https:\/\/kofe.hu\/parola\/wp-content\/uploads\/2020\/05\/90.2.jpeg\",\"contentUrl\":\"https:\/\/kofe.hu\/parola\/wp-content\/uploads\/2020\/05\/90.2.jpeg\",\"width\":1339,\"height\":1871},{\"@type\":\"BreadcrumbList\",\"@id\":\"https:\/\/kofe.hu\/parola\/parola-folyoirat\/embertol-emberig-gondolkodj-globalisan-cselekedj-lokalisan\/#breadcrumb\",\"itemListElement\":[{\"@type\":\"ListItem\",\"position\":1,\"name\":\"Home\",\"item\":\"https:\/\/kofe.hu\/parola\/\"},{\"@type\":\"ListItem\",\"position\":2,\"name\":\"Embert\u0151l emberig: Gondolkodj glob\u00e1lisan cselekedj lok\u00e1lisan\"}]},{\"@type\":\"WebSite\",\"@id\":\"https:\/\/kofe.hu\/parola\/#website\",\"url\":\"https:\/\/kofe.hu\/parola\/\",\"name\":\"Parola Foly\u00f3irat\",\"description\":\"\",\"potentialAction\":[{\"@type\":\"SearchAction\",\"target\":{\"@type\":\"EntryPoint\",\"urlTemplate\":\"https:\/\/kofe.hu\/parola\/?s={search_term_string}\"},\"query-input\":{\"@type\":\"PropertyValueSpecification\",\"valueRequired\":true,\"valueName\":\"search_term_string\"}}],\"inLanguage\":\"hu\"},{\"@type\":\"Person\",\"@id\":\"https:\/\/kofe.hu\/parola\/#\/schema\/person\/b39ea6ec0995233537351d7e33281aeb\",\"name\":\"Parola\",\"image\":{\"@type\":\"ImageObject\",\"inLanguage\":\"hu\",\"@id\":\"https:\/\/kofe.hu\/parola\/#\/schema\/person\/image\/ef1d7dc4d1949d5457aa415351763853\",\"url\":\"https:\/\/secure.gravatar.com\/avatar\/c18c00ea50048aa7adb99e5d11e4250d05111e33b2bea02671439eb7912c945e?s=96&d=mm&r=g\",\"contentUrl\":\"https:\/\/secure.gravatar.com\/avatar\/c18c00ea50048aa7adb99e5d11e4250d05111e33b2bea02671439eb7912c945e?s=96&d=mm&r=g\",\"caption\":\"Parola\"},\"url\":\"https:\/\/kofe.hu\/parola\/szerzok\/parola\/\"}]}<\/script>\n<!-- \/ Yoast SEO plugin. -->","yoast_head_json":{"title":"Embert\u0151l emberig: Gondolkodj glob\u00e1lisan cselekedj lok\u00e1lisan - Parola Foly\u00f3irat","robots":{"index":"index","follow":"follow","max-snippet":"max-snippet:-1","max-image-preview":"max-image-preview:large","max-video-preview":"max-video-preview:-1"},"canonical":"https:\/\/kofe.hu\/parola\/parola-folyoirat\/embertol-emberig-gondolkodj-globalisan-cselekedj-lokalisan\/","og_locale":"hu_HU","og_type":"article","og_title":"Embert\u0151l emberig: Gondolkodj glob\u00e1lisan cselekedj lok\u00e1lisan - Parola Foly\u00f3irat","og_description":"MI AZ ICEA? Egy nemzetk\u00f6zi, nem hivatalos, k\u00f6z\u00f6ss\u00e9gi nevel\u00e9ssel foglalkoz\u00f3 egyes\u00fclet. 1974-ben alap\u00edtott\u00e1k az USA-ban \u00e9s ma m\u00e1r t\u00f6bb, mint 80 tagorsz\u00e1g\u00e1val az eg\u00e9sz vil\u00e1gra kiterjed tev\u00e9kenys\u00e9ge. A szervezet c\u00e9lja, hogy felkarolja a j\u00f3 gyakorlati kezdem\u00e9nyez\u00e9seket \u00e9s a mind jobban sz\u00e9lesed\u0151 h\u00e1l\u00f3zaton kereszt\u00fcl elterjessze azokat.","og_url":"https:\/\/kofe.hu\/parola\/parola-folyoirat\/embertol-emberig-gondolkodj-globalisan-cselekedj-lokalisan\/","og_site_name":"Parola Foly\u00f3irat","article_published_time":"2020-05-28T17:00:06+00:00","article_modified_time":"2020-07-30T07:18:02+00:00","og_image":[{"width":1339,"height":1871,"url":"https:\/\/kofe.hu\/parola\/wp-content\/uploads\/2020\/05\/90.2.jpeg","type":"image\/jpeg"}],"author":"Parola","twitter_card":"summary_large_image","twitter_misc":{"Szerz\u0151:":"Parola","Becs\u00fclt olvas\u00e1si id\u0151":"1 perc","Written by":"Parola"},"schema":{"@context":"https:\/\/schema.org","@graph":[{"@type":"Article","@id":"https:\/\/kofe.hu\/parola\/parola-folyoirat\/embertol-emberig-gondolkodj-globalisan-cselekedj-lokalisan\/#article","isPartOf":{"@id":"https:\/\/kofe.hu\/parola\/parola-folyoirat\/embertol-emberig-gondolkodj-globalisan-cselekedj-lokalisan\/"},"author":{"name":"Parola","@id":"https:\/\/kofe.hu\/parola\/#\/schema\/person\/b39ea6ec0995233537351d7e33281aeb"},"headline":"Embert\u0151l emberig: Gondolkodj glob\u00e1lisan cselekedj lok\u00e1lisan","datePublished":"2020-05-28T17:00:06+00:00","dateModified":"2020-07-30T07:18:02+00:00","mainEntityOfPage":{"@id":"https:\/\/kofe.hu\/parola\/parola-folyoirat\/embertol-emberig-gondolkodj-globalisan-cselekedj-lokalisan\/"},"wordCount":216,"commentCount":0,"image":{"@id":"https:\/\/kofe.hu\/parola\/parola-folyoirat\/embertol-emberig-gondolkodj-globalisan-cselekedj-lokalisan\/#primaryimage"},"thumbnailUrl":"https:\/\/kofe.hu\/parola\/wp-content\/uploads\/2020\/05\/90.2.jpeg","articleSection":["Parola 1990\/2","Parola Foly\u00f3irat","Repert\u00f3rium"],"inLanguage":"hu","potentialAction":[{"@type":"CommentAction","name":"Comment","target":["https:\/\/kofe.hu\/parola\/parola-folyoirat\/embertol-emberig-gondolkodj-globalisan-cselekedj-lokalisan\/#respond"]}]},{"@type":"WebPage","@id":"https:\/\/kofe.hu\/parola\/parola-folyoirat\/embertol-emberig-gondolkodj-globalisan-cselekedj-lokalisan\/","url":"https:\/\/kofe.hu\/parola\/parola-folyoirat\/embertol-emberig-gondolkodj-globalisan-cselekedj-lokalisan\/","name":"Embert\u0151l emberig: Gondolkodj glob\u00e1lisan cselekedj lok\u00e1lisan - Parola Foly\u00f3irat","isPartOf":{"@id":"https:\/\/kofe.hu\/parola\/#website"},"primaryImageOfPage":{"@id":"https:\/\/kofe.hu\/parola\/parola-folyoirat\/embertol-emberig-gondolkodj-globalisan-cselekedj-lokalisan\/#primaryimage"},"image":{"@id":"https:\/\/kofe.hu\/parola\/parola-folyoirat\/embertol-emberig-gondolkodj-globalisan-cselekedj-lokalisan\/#primaryimage"},"thumbnailUrl":"https:\/\/kofe.hu\/parola\/wp-content\/uploads\/2020\/05\/90.2.jpeg","datePublished":"2020-05-28T17:00:06+00:00","dateModified":"2020-07-30T07:18:02+00:00","author":{"@id":"https:\/\/kofe.hu\/parola\/#\/schema\/person\/b39ea6ec0995233537351d7e33281aeb"},"breadcrumb":{"@id":"https:\/\/kofe.hu\/parola\/parola-folyoirat\/embertol-emberig-gondolkodj-globalisan-cselekedj-lokalisan\/#breadcrumb"},"inLanguage":"hu","potentialAction":[{"@type":"ReadAction","target":["https:\/\/kofe.hu\/parola\/parola-folyoirat\/embertol-emberig-gondolkodj-globalisan-cselekedj-lokalisan\/"]}]},{"@type":"ImageObject","inLanguage":"hu","@id":"https:\/\/kofe.hu\/parola\/parola-folyoirat\/embertol-emberig-gondolkodj-globalisan-cselekedj-lokalisan\/#primaryimage","url":"https:\/\/kofe.hu\/parola\/wp-content\/uploads\/2020\/05\/90.2.jpeg","contentUrl":"https:\/\/kofe.hu\/parola\/wp-content\/uploads\/2020\/05\/90.2.jpeg","width":1339,"height":1871},{"@type":"BreadcrumbList","@id":"https:\/\/kofe.hu\/parola\/parola-folyoirat\/embertol-emberig-gondolkodj-globalisan-cselekedj-lokalisan\/#breadcrumb","itemListElement":[{"@type":"ListItem","position":1,"name":"Home","item":"https:\/\/kofe.hu\/parola\/"},{"@type":"ListItem","position":2,"name":"Embert\u0151l emberig: Gondolkodj glob\u00e1lisan cselekedj lok\u00e1lisan"}]},{"@type":"WebSite","@id":"https:\/\/kofe.hu\/parola\/#website","url":"https:\/\/kofe.hu\/parola\/","name":"Parola Foly\u00f3irat","description":"","potentialAction":[{"@type":"SearchAction","target":{"@type":"EntryPoint","urlTemplate":"https:\/\/kofe.hu\/parola\/?s={search_term_string}"},"query-input":{"@type":"PropertyValueSpecification","valueRequired":true,"valueName":"search_term_string"}}],"inLanguage":"hu"},{"@type":"Person","@id":"https:\/\/kofe.hu\/parola\/#\/schema\/person\/b39ea6ec0995233537351d7e33281aeb","name":"Parola","image":{"@type":"ImageObject","inLanguage":"hu","@id":"https:\/\/kofe.hu\/parola\/#\/schema\/person\/image\/ef1d7dc4d1949d5457aa415351763853","url":"https:\/\/secure.gravatar.com\/avatar\/c18c00ea50048aa7adb99e5d11e4250d05111e33b2bea02671439eb7912c945e?s=96&d=mm&r=g","contentUrl":"https:\/\/secure.gravatar.com\/avatar\/c18c00ea50048aa7adb99e5d11e4250d05111e33b2bea02671439eb7912c945e?s=96&d=mm&r=g","caption":"Parola"},"url":"https:\/\/kofe.hu\/parola\/szerzok\/parola\/"}]}},"_links":{"self":[{"href":"https:\/\/kofe.hu\/parola\/wp-json\/wp\/v2\/posts\/1381","targetHints":{"allow":["GET"]}}],"collection":[{"href":"https:\/\/kofe.hu\/parola\/wp-json\/wp\/v2\/posts"}],"about":[{"href":"https:\/\/kofe.hu\/parola\/wp-json\/wp\/v2\/types\/post"}],"author":[{"embeddable":true,"href":"https:\/\/kofe.hu\/parola\/wp-json\/wp\/v2\/users\/4"}],"replies":[{"embeddable":true,"href":"https:\/\/kofe.hu\/parola\/wp-json\/wp\/v2\/comments?post=1381"}],"version-history":[{"count":2,"href":"https:\/\/kofe.hu\/parola\/wp-json\/wp\/v2\/posts\/1381\/revisions"}],"predecessor-version":[{"id":3946,"href":"https:\/\/kofe.hu\/parola\/wp-json\/wp\/v2\/posts\/1381\/revisions\/3946"}],"wp:featuredmedia":[{"embeddable":true,"href":"https:\/\/kofe.hu\/parola\/wp-json\/wp\/v2\/media\/3941"}],"wp:attachment":[{"href":"https:\/\/kofe.hu\/parola\/wp-json\/wp\/v2\/media?parent=1381"}],"wp:term":[{"taxonomy":"category","embeddable":true,"href":"https:\/\/kofe.hu\/parola\/wp-json\/wp\/v2\/categories?post=1381"},{"taxonomy":"post_tag","embeddable":true,"href":"https:\/\/kofe.hu\/parola\/wp-json\/wp\/v2\/tags?post=1381"},{"taxonomy":"author","embeddable":true,"href":"https:\/\/kofe.hu\/parola\/wp-json\/wp\/v2\/coauthors?post=1381"}],"curies":[{"name":"wp","href":"https:\/\/api.w.org\/{rel}","templated":true}]}}