{"id":1379,"date":"2020-05-28T16:57:28","date_gmt":"2020-05-28T16:57:28","guid":{"rendered":"https:\/\/kofe.hu\/parola\/?p=1379"},"modified":"2020-07-30T07:18:33","modified_gmt":"2020-07-30T07:18:33","slug":"hogyan-allithato-vissza-egy-telepulesen-az-altalanos-iskola","status":"publish","type":"post","link":"https:\/\/kofe.hu\/parola\/parola-folyoirat\/hogyan-allithato-vissza-egy-telepulesen-az-altalanos-iskola\/","title":{"rendered":"Hogyan \u00e1ll\u00edthat\u00f3 vissza egy telep\u00fcl\u00e9sen az \u00e1ltal\u00e1nos iskola?"},"content":{"rendered":"<p><span style=\"font-family: Times New Roman CE;\">Helyi int\u00e9zm\u00e9nyt &#8211; \u00edgy iskol\u00e1t is &#8211; a jelenlegi jogszab\u00e1lyok \u00e9rtelm\u00e9ben a helyi tan\u00e1cs test\u00fclete hozhat l\u00e9tre, sz\u00fcntethet meg vagy szervezhet \u00e1t. Ez a hat\u00e1sk\u00f6r jelenleg egy\u00e9rtelm\u0171en a tan\u00e1cstest\u00fclet d\u00f6nt\u00e9si jogk\u00f6r\u00e9be tartozik.<\/span><\/p>\n<p><!--more--><br \/>\n<span style=\"font-family: Times New Roman CE;\">Abban az esetben, ha a tan\u00e1cstest\u00fclet kedvez\u0151tlen d\u00f6nt\u00e9st hoz &#8211; pl. nem enged\u00e9lyezi azt, hogy a fels\u0151tagozatos iskola a lakoss\u00e1g kezdem\u00e9nyez\u00e9s\u00e9re visszaker\u00fclj\u00f6n -, akkor a kezdem\u00e9nyez\u0151k (pl. egy helyi egyes\u00fclet) a helyi n\u00e9pszavaz\u00e1st szorgalmazhatnak. Ha a helyben \u00e9rintett lakoss\u00e1g itt a tan\u00e1cs ellen\u00e9ben d\u00f6nt (teh\u00e1t megszavazza az iskola viszsza\u00e1ll\u00edt\u00e1s\u00e1t), akkor az a tan\u00e1csra n\u00e9zve k\u00f6telez\u0151. A helyi n\u00e9pszavaz\u00e1s \u00edgy p\u00f3tolhatja, amit a tan\u00e1cstest\u00fclet nem tett meg.<\/span><span style=\"font-family: Times New Roman CE;\">(Az iskol\u00e1k sz\u00e9tv\u00e1l\u00e1s\u00e1nak szakmai seg\u00edt\u00e9s\u00e9re az OPI kezdem\u00e9nyez\u00e9s\u00e9re \u0151szt\u0151l egy munkacsoport alakul, amely konkr\u00e9t egy\u00fcttm\u0171k\u00f6d\u00e9sre k\u00e9rhet\u0151. R\u00e9szletes inform\u00e1ci\u00f3 err\u0151l a K\u00f6z\u00f6ss\u00e9gszolg\u00e1latn\u00e1l<\/span><br \/>\n<span style=\"font-family: Times New Roman CE;\">1011. Bp. Corvin t\u00e9r 8.)<\/span><\/p>\n","protected":false},"excerpt":{"rendered":"<p>Helyi int\u00e9zm\u00e9nyt &#8211; \u00edgy iskol\u00e1t is &#8211; a jelenlegi jogszab\u00e1lyok \u00e9rtelm\u00e9ben a helyi tan\u00e1cs test\u00fclete hozhat l\u00e9tre, sz\u00fcntethet meg vagy szervezhet \u00e1t. Ez a hat\u00e1sk\u00f6r jelenleg egy\u00e9rtelm\u0171en a tan\u00e1cstest\u00fclet d\u00f6nt\u00e9si jogk\u00f6r\u00e9be tartozik.<\/p>\n","protected":false},"author":4,"featured_media":3941,"comment_status":"open","ping_status":"open","sticky":false,"template":"","format":"standard","meta":{"_acf_changed":false,"footnotes":""},"categories":[87,8,7],"tags":[],"coauthors":[47],"class_list":["post-1379","post","type-post","status-publish","format-standard","has-post-thumbnail","hentry","category-parola-1990-2","category-parola-folyoirat","category-repertorium"],"acf":[],"yoast_head":"<!-- This site is optimized with the Yoast SEO plugin v26.7 - https:\/\/yoast.com\/wordpress\/plugins\/seo\/ -->\n<title>Hogyan \u00e1ll\u00edthat\u00f3 vissza egy telep\u00fcl\u00e9sen az \u00e1ltal\u00e1nos iskola? - Parola Foly\u00f3irat<\/title>\n<meta name=\"robots\" content=\"index, follow, max-snippet:-1, max-image-preview:large, max-video-preview:-1\" \/>\n<link rel=\"canonical\" href=\"https:\/\/kofe.hu\/parola\/parola-folyoirat\/hogyan-allithato-vissza-egy-telepulesen-az-altalanos-iskola\/\" \/>\n<meta property=\"og:locale\" content=\"hu_HU\" \/>\n<meta property=\"og:type\" content=\"article\" \/>\n<meta property=\"og:title\" content=\"Hogyan \u00e1ll\u00edthat\u00f3 vissza egy telep\u00fcl\u00e9sen az \u00e1ltal\u00e1nos iskola? - Parola Foly\u00f3irat\" \/>\n<meta property=\"og:description\" content=\"Helyi int\u00e9zm\u00e9nyt &#8211; \u00edgy iskol\u00e1t is &#8211; a jelenlegi jogszab\u00e1lyok \u00e9rtelm\u00e9ben a helyi tan\u00e1cs test\u00fclete hozhat l\u00e9tre, sz\u00fcntethet meg vagy szervezhet \u00e1t. Ez a hat\u00e1sk\u00f6r jelenleg egy\u00e9rtelm\u0171en a tan\u00e1cstest\u00fclet d\u00f6nt\u00e9si jogk\u00f6r\u00e9be tartozik.\" \/>\n<meta property=\"og:url\" content=\"https:\/\/kofe.hu\/parola\/parola-folyoirat\/hogyan-allithato-vissza-egy-telepulesen-az-altalanos-iskola\/\" \/>\n<meta property=\"og:site_name\" content=\"Parola Foly\u00f3irat\" \/>\n<meta property=\"article:published_time\" content=\"2020-05-28T16:57:28+00:00\" \/>\n<meta property=\"article:modified_time\" content=\"2020-07-30T07:18:33+00:00\" \/>\n<meta property=\"og:image\" content=\"https:\/\/kofe.hu\/parola\/wp-content\/uploads\/2020\/05\/90.2.jpeg\" \/>\n\t<meta property=\"og:image:width\" content=\"1339\" \/>\n\t<meta property=\"og:image:height\" content=\"1871\" \/>\n\t<meta property=\"og:image:type\" content=\"image\/jpeg\" \/>\n<meta name=\"author\" content=\"Parola\" \/>\n<meta name=\"twitter:card\" content=\"summary_large_image\" \/>\n<meta name=\"twitter:label1\" content=\"Szerz\u0151:\" \/>\n\t<meta name=\"twitter:data1\" content=\"Parola\" \/>\n\t<meta name=\"twitter:label2\" content=\"Becs\u00fclt olvas\u00e1si id\u0151\" \/>\n\t<meta name=\"twitter:data2\" content=\"1 perc\" \/>\n\t<meta name=\"twitter:label3\" content=\"Written by\" \/>\n\t<meta name=\"twitter:data3\" content=\"Parola\" \/>\n<script type=\"application\/ld+json\" class=\"yoast-schema-graph\">{\"@context\":\"https:\/\/schema.org\",\"@graph\":[{\"@type\":\"Article\",\"@id\":\"https:\/\/kofe.hu\/parola\/parola-folyoirat\/hogyan-allithato-vissza-egy-telepulesen-az-altalanos-iskola\/#article\",\"isPartOf\":{\"@id\":\"https:\/\/kofe.hu\/parola\/parola-folyoirat\/hogyan-allithato-vissza-egy-telepulesen-az-altalanos-iskola\/\"},\"author\":{\"name\":\"Parola\",\"@id\":\"https:\/\/kofe.hu\/parola\/#\/schema\/person\/b39ea6ec0995233537351d7e33281aeb\"},\"headline\":\"Hogyan \u00e1ll\u00edthat\u00f3 vissza egy telep\u00fcl\u00e9sen az \u00e1ltal\u00e1nos iskola?\",\"datePublished\":\"2020-05-28T16:57:28+00:00\",\"dateModified\":\"2020-07-30T07:18:33+00:00\",\"mainEntityOfPage\":{\"@id\":\"https:\/\/kofe.hu\/parola\/parola-folyoirat\/hogyan-allithato-vissza-egy-telepulesen-az-altalanos-iskola\/\"},\"wordCount\":215,\"commentCount\":0,\"image\":{\"@id\":\"https:\/\/kofe.hu\/parola\/parola-folyoirat\/hogyan-allithato-vissza-egy-telepulesen-az-altalanos-iskola\/#primaryimage\"},\"thumbnailUrl\":\"https:\/\/kofe.hu\/parola\/wp-content\/uploads\/2020\/05\/90.2.jpeg\",\"articleSection\":[\"Parola 1990\/2\",\"Parola Foly\u00f3irat\",\"Repert\u00f3rium\"],\"inLanguage\":\"hu\",\"potentialAction\":[{\"@type\":\"CommentAction\",\"name\":\"Comment\",\"target\":[\"https:\/\/kofe.hu\/parola\/parola-folyoirat\/hogyan-allithato-vissza-egy-telepulesen-az-altalanos-iskola\/#respond\"]}]},{\"@type\":\"WebPage\",\"@id\":\"https:\/\/kofe.hu\/parola\/parola-folyoirat\/hogyan-allithato-vissza-egy-telepulesen-az-altalanos-iskola\/\",\"url\":\"https:\/\/kofe.hu\/parola\/parola-folyoirat\/hogyan-allithato-vissza-egy-telepulesen-az-altalanos-iskola\/\",\"name\":\"Hogyan \u00e1ll\u00edthat\u00f3 vissza egy telep\u00fcl\u00e9sen az \u00e1ltal\u00e1nos iskola? - Parola Foly\u00f3irat\",\"isPartOf\":{\"@id\":\"https:\/\/kofe.hu\/parola\/#website\"},\"primaryImageOfPage\":{\"@id\":\"https:\/\/kofe.hu\/parola\/parola-folyoirat\/hogyan-allithato-vissza-egy-telepulesen-az-altalanos-iskola\/#primaryimage\"},\"image\":{\"@id\":\"https:\/\/kofe.hu\/parola\/parola-folyoirat\/hogyan-allithato-vissza-egy-telepulesen-az-altalanos-iskola\/#primaryimage\"},\"thumbnailUrl\":\"https:\/\/kofe.hu\/parola\/wp-content\/uploads\/2020\/05\/90.2.jpeg\",\"datePublished\":\"2020-05-28T16:57:28+00:00\",\"dateModified\":\"2020-07-30T07:18:33+00:00\",\"author\":{\"@id\":\"https:\/\/kofe.hu\/parola\/#\/schema\/person\/b39ea6ec0995233537351d7e33281aeb\"},\"breadcrumb\":{\"@id\":\"https:\/\/kofe.hu\/parola\/parola-folyoirat\/hogyan-allithato-vissza-egy-telepulesen-az-altalanos-iskola\/#breadcrumb\"},\"inLanguage\":\"hu\",\"potentialAction\":[{\"@type\":\"ReadAction\",\"target\":[\"https:\/\/kofe.hu\/parola\/parola-folyoirat\/hogyan-allithato-vissza-egy-telepulesen-az-altalanos-iskola\/\"]}]},{\"@type\":\"ImageObject\",\"inLanguage\":\"hu\",\"@id\":\"https:\/\/kofe.hu\/parola\/parola-folyoirat\/hogyan-allithato-vissza-egy-telepulesen-az-altalanos-iskola\/#primaryimage\",\"url\":\"https:\/\/kofe.hu\/parola\/wp-content\/uploads\/2020\/05\/90.2.jpeg\",\"contentUrl\":\"https:\/\/kofe.hu\/parola\/wp-content\/uploads\/2020\/05\/90.2.jpeg\",\"width\":1339,\"height\":1871},{\"@type\":\"BreadcrumbList\",\"@id\":\"https:\/\/kofe.hu\/parola\/parola-folyoirat\/hogyan-allithato-vissza-egy-telepulesen-az-altalanos-iskola\/#breadcrumb\",\"itemListElement\":[{\"@type\":\"ListItem\",\"position\":1,\"name\":\"Home\",\"item\":\"https:\/\/kofe.hu\/parola\/\"},{\"@type\":\"ListItem\",\"position\":2,\"name\":\"Hogyan \u00e1ll\u00edthat\u00f3 vissza egy telep\u00fcl\u00e9sen az \u00e1ltal\u00e1nos iskola?\"}]},{\"@type\":\"WebSite\",\"@id\":\"https:\/\/kofe.hu\/parola\/#website\",\"url\":\"https:\/\/kofe.hu\/parola\/\",\"name\":\"Parola Foly\u00f3irat\",\"description\":\"\",\"potentialAction\":[{\"@type\":\"SearchAction\",\"target\":{\"@type\":\"EntryPoint\",\"urlTemplate\":\"https:\/\/kofe.hu\/parola\/?s={search_term_string}\"},\"query-input\":{\"@type\":\"PropertyValueSpecification\",\"valueRequired\":true,\"valueName\":\"search_term_string\"}}],\"inLanguage\":\"hu\"},{\"@type\":\"Person\",\"@id\":\"https:\/\/kofe.hu\/parola\/#\/schema\/person\/b39ea6ec0995233537351d7e33281aeb\",\"name\":\"Parola\",\"image\":{\"@type\":\"ImageObject\",\"inLanguage\":\"hu\",\"@id\":\"https:\/\/kofe.hu\/parola\/#\/schema\/person\/image\/ef1d7dc4d1949d5457aa415351763853\",\"url\":\"https:\/\/secure.gravatar.com\/avatar\/c18c00ea50048aa7adb99e5d11e4250d05111e33b2bea02671439eb7912c945e?s=96&d=mm&r=g\",\"contentUrl\":\"https:\/\/secure.gravatar.com\/avatar\/c18c00ea50048aa7adb99e5d11e4250d05111e33b2bea02671439eb7912c945e?s=96&d=mm&r=g\",\"caption\":\"Parola\"},\"url\":\"https:\/\/kofe.hu\/parola\/szerzok\/parola\/\"}]}<\/script>\n<!-- \/ Yoast SEO plugin. -->","yoast_head_json":{"title":"Hogyan \u00e1ll\u00edthat\u00f3 vissza egy telep\u00fcl\u00e9sen az \u00e1ltal\u00e1nos iskola? - Parola Foly\u00f3irat","robots":{"index":"index","follow":"follow","max-snippet":"max-snippet:-1","max-image-preview":"max-image-preview:large","max-video-preview":"max-video-preview:-1"},"canonical":"https:\/\/kofe.hu\/parola\/parola-folyoirat\/hogyan-allithato-vissza-egy-telepulesen-az-altalanos-iskola\/","og_locale":"hu_HU","og_type":"article","og_title":"Hogyan \u00e1ll\u00edthat\u00f3 vissza egy telep\u00fcl\u00e9sen az \u00e1ltal\u00e1nos iskola? - Parola Foly\u00f3irat","og_description":"Helyi int\u00e9zm\u00e9nyt &#8211; \u00edgy iskol\u00e1t is &#8211; a jelenlegi jogszab\u00e1lyok \u00e9rtelm\u00e9ben a helyi tan\u00e1cs test\u00fclete hozhat l\u00e9tre, sz\u00fcntethet meg vagy szervezhet \u00e1t. Ez a hat\u00e1sk\u00f6r jelenleg egy\u00e9rtelm\u0171en a tan\u00e1cstest\u00fclet d\u00f6nt\u00e9si jogk\u00f6r\u00e9be tartozik.","og_url":"https:\/\/kofe.hu\/parola\/parola-folyoirat\/hogyan-allithato-vissza-egy-telepulesen-az-altalanos-iskola\/","og_site_name":"Parola Foly\u00f3irat","article_published_time":"2020-05-28T16:57:28+00:00","article_modified_time":"2020-07-30T07:18:33+00:00","og_image":[{"width":1339,"height":1871,"url":"https:\/\/kofe.hu\/parola\/wp-content\/uploads\/2020\/05\/90.2.jpeg","type":"image\/jpeg"}],"author":"Parola","twitter_card":"summary_large_image","twitter_misc":{"Szerz\u0151:":"Parola","Becs\u00fclt olvas\u00e1si id\u0151":"1 perc","Written by":"Parola"},"schema":{"@context":"https:\/\/schema.org","@graph":[{"@type":"Article","@id":"https:\/\/kofe.hu\/parola\/parola-folyoirat\/hogyan-allithato-vissza-egy-telepulesen-az-altalanos-iskola\/#article","isPartOf":{"@id":"https:\/\/kofe.hu\/parola\/parola-folyoirat\/hogyan-allithato-vissza-egy-telepulesen-az-altalanos-iskola\/"},"author":{"name":"Parola","@id":"https:\/\/kofe.hu\/parola\/#\/schema\/person\/b39ea6ec0995233537351d7e33281aeb"},"headline":"Hogyan \u00e1ll\u00edthat\u00f3 vissza egy telep\u00fcl\u00e9sen az \u00e1ltal\u00e1nos iskola?","datePublished":"2020-05-28T16:57:28+00:00","dateModified":"2020-07-30T07:18:33+00:00","mainEntityOfPage":{"@id":"https:\/\/kofe.hu\/parola\/parola-folyoirat\/hogyan-allithato-vissza-egy-telepulesen-az-altalanos-iskola\/"},"wordCount":215,"commentCount":0,"image":{"@id":"https:\/\/kofe.hu\/parola\/parola-folyoirat\/hogyan-allithato-vissza-egy-telepulesen-az-altalanos-iskola\/#primaryimage"},"thumbnailUrl":"https:\/\/kofe.hu\/parola\/wp-content\/uploads\/2020\/05\/90.2.jpeg","articleSection":["Parola 1990\/2","Parola Foly\u00f3irat","Repert\u00f3rium"],"inLanguage":"hu","potentialAction":[{"@type":"CommentAction","name":"Comment","target":["https:\/\/kofe.hu\/parola\/parola-folyoirat\/hogyan-allithato-vissza-egy-telepulesen-az-altalanos-iskola\/#respond"]}]},{"@type":"WebPage","@id":"https:\/\/kofe.hu\/parola\/parola-folyoirat\/hogyan-allithato-vissza-egy-telepulesen-az-altalanos-iskola\/","url":"https:\/\/kofe.hu\/parola\/parola-folyoirat\/hogyan-allithato-vissza-egy-telepulesen-az-altalanos-iskola\/","name":"Hogyan \u00e1ll\u00edthat\u00f3 vissza egy telep\u00fcl\u00e9sen az \u00e1ltal\u00e1nos iskola? - Parola Foly\u00f3irat","isPartOf":{"@id":"https:\/\/kofe.hu\/parola\/#website"},"primaryImageOfPage":{"@id":"https:\/\/kofe.hu\/parola\/parola-folyoirat\/hogyan-allithato-vissza-egy-telepulesen-az-altalanos-iskola\/#primaryimage"},"image":{"@id":"https:\/\/kofe.hu\/parola\/parola-folyoirat\/hogyan-allithato-vissza-egy-telepulesen-az-altalanos-iskola\/#primaryimage"},"thumbnailUrl":"https:\/\/kofe.hu\/parola\/wp-content\/uploads\/2020\/05\/90.2.jpeg","datePublished":"2020-05-28T16:57:28+00:00","dateModified":"2020-07-30T07:18:33+00:00","author":{"@id":"https:\/\/kofe.hu\/parola\/#\/schema\/person\/b39ea6ec0995233537351d7e33281aeb"},"breadcrumb":{"@id":"https:\/\/kofe.hu\/parola\/parola-folyoirat\/hogyan-allithato-vissza-egy-telepulesen-az-altalanos-iskola\/#breadcrumb"},"inLanguage":"hu","potentialAction":[{"@type":"ReadAction","target":["https:\/\/kofe.hu\/parola\/parola-folyoirat\/hogyan-allithato-vissza-egy-telepulesen-az-altalanos-iskola\/"]}]},{"@type":"ImageObject","inLanguage":"hu","@id":"https:\/\/kofe.hu\/parola\/parola-folyoirat\/hogyan-allithato-vissza-egy-telepulesen-az-altalanos-iskola\/#primaryimage","url":"https:\/\/kofe.hu\/parola\/wp-content\/uploads\/2020\/05\/90.2.jpeg","contentUrl":"https:\/\/kofe.hu\/parola\/wp-content\/uploads\/2020\/05\/90.2.jpeg","width":1339,"height":1871},{"@type":"BreadcrumbList","@id":"https:\/\/kofe.hu\/parola\/parola-folyoirat\/hogyan-allithato-vissza-egy-telepulesen-az-altalanos-iskola\/#breadcrumb","itemListElement":[{"@type":"ListItem","position":1,"name":"Home","item":"https:\/\/kofe.hu\/parola\/"},{"@type":"ListItem","position":2,"name":"Hogyan \u00e1ll\u00edthat\u00f3 vissza egy telep\u00fcl\u00e9sen az \u00e1ltal\u00e1nos iskola?"}]},{"@type":"WebSite","@id":"https:\/\/kofe.hu\/parola\/#website","url":"https:\/\/kofe.hu\/parola\/","name":"Parola Foly\u00f3irat","description":"","potentialAction":[{"@type":"SearchAction","target":{"@type":"EntryPoint","urlTemplate":"https:\/\/kofe.hu\/parola\/?s={search_term_string}"},"query-input":{"@type":"PropertyValueSpecification","valueRequired":true,"valueName":"search_term_string"}}],"inLanguage":"hu"},{"@type":"Person","@id":"https:\/\/kofe.hu\/parola\/#\/schema\/person\/b39ea6ec0995233537351d7e33281aeb","name":"Parola","image":{"@type":"ImageObject","inLanguage":"hu","@id":"https:\/\/kofe.hu\/parola\/#\/schema\/person\/image\/ef1d7dc4d1949d5457aa415351763853","url":"https:\/\/secure.gravatar.com\/avatar\/c18c00ea50048aa7adb99e5d11e4250d05111e33b2bea02671439eb7912c945e?s=96&d=mm&r=g","contentUrl":"https:\/\/secure.gravatar.com\/avatar\/c18c00ea50048aa7adb99e5d11e4250d05111e33b2bea02671439eb7912c945e?s=96&d=mm&r=g","caption":"Parola"},"url":"https:\/\/kofe.hu\/parola\/szerzok\/parola\/"}]}},"_links":{"self":[{"href":"https:\/\/kofe.hu\/parola\/wp-json\/wp\/v2\/posts\/1379","targetHints":{"allow":["GET"]}}],"collection":[{"href":"https:\/\/kofe.hu\/parola\/wp-json\/wp\/v2\/posts"}],"about":[{"href":"https:\/\/kofe.hu\/parola\/wp-json\/wp\/v2\/types\/post"}],"author":[{"embeddable":true,"href":"https:\/\/kofe.hu\/parola\/wp-json\/wp\/v2\/users\/4"}],"replies":[{"embeddable":true,"href":"https:\/\/kofe.hu\/parola\/wp-json\/wp\/v2\/comments?post=1379"}],"version-history":[{"count":2,"href":"https:\/\/kofe.hu\/parola\/wp-json\/wp\/v2\/posts\/1379\/revisions"}],"predecessor-version":[{"id":3947,"href":"https:\/\/kofe.hu\/parola\/wp-json\/wp\/v2\/posts\/1379\/revisions\/3947"}],"wp:featuredmedia":[{"embeddable":true,"href":"https:\/\/kofe.hu\/parola\/wp-json\/wp\/v2\/media\/3941"}],"wp:attachment":[{"href":"https:\/\/kofe.hu\/parola\/wp-json\/wp\/v2\/media?parent=1379"}],"wp:term":[{"taxonomy":"category","embeddable":true,"href":"https:\/\/kofe.hu\/parola\/wp-json\/wp\/v2\/categories?post=1379"},{"taxonomy":"post_tag","embeddable":true,"href":"https:\/\/kofe.hu\/parola\/wp-json\/wp\/v2\/tags?post=1379"},{"taxonomy":"author","embeddable":true,"href":"https:\/\/kofe.hu\/parola\/wp-json\/wp\/v2\/coauthors?post=1379"}],"curies":[{"name":"wp","href":"https:\/\/api.w.org\/{rel}","templated":true}]}}