{"id":1375,"date":"2020-05-28T16:54:10","date_gmt":"2020-05-28T16:54:10","guid":{"rendered":"https:\/\/kofe.hu\/parola\/?p=1375"},"modified":"2020-07-30T07:19:40","modified_gmt":"2020-07-30T07:19:40","slug":"nyilatkozat","status":"publish","type":"post","link":"https:\/\/kofe.hu\/parola\/parola-folyoirat\/nyilatkozat\/","title":{"rendered":"Nyilatkozat"},"content":{"rendered":"<p><span style=\"font-family: Times New Roman CE;\">A Csepeli Szabadm\u0171vel\u0151d\u00e9si Konferenci\u00e1n megjelentek kinyilv\u00e1n\u00edtj\u00e1k azt a sz\u00e1nd\u00e9kukat, hogy Sz\u00f6vets\u00e9get hoznak l\u00e9tre a telep\u00fcl\u00e9si \u00f6nkorm\u00e1nyzatok megalakul\u00e1sa el\u0151tt, azok kultur\u00e1lis \u00f6nkorm\u00e1nyzat\u00e1nak l\u00e9trej\u00f6tte \u00e9s t\u00e1mogat\u00e1sa \u00e9rdek\u00e9ben. A Sz\u00f6vets\u00e9ghez a m\u00e1r megalakult Szabadm\u0171vel\u0151d\u00e9si Tan\u00e1csok, az Ideiglenes Szabad M\u0171vel\u0151d\u00e9si Tan\u00e1csok, mint telep\u00fcl\u00e9si kultur\u00e1lis \u00f6nkorm\u00e1nyzatok, a k\u00fcl\u00f6nf\u00e9le kultur\u00e1lis egyes\u00fcletek, szervezetek \u00e9s \u00e9rdekl\u0151d\u0151 mag\u00e1nszem\u00e9lyek csatlakozhatnak.<\/span><br \/>\n<!--more--><br \/>\n<span style=\"font-family: Times New Roman CE;\">A Sz\u00f6vets\u00e9get a jelenl\u00e9v\u0151k az al\u00e1bbi k\u00f6z\u00f6s t\u00f6rekv\u00e9seik \u00e9rv\u00e9nyes\u00edt\u00e9se c\u00e9lj\u00e1b\u00f3l hozt\u00e1k l\u00e9tre:<\/span><\/p>\n<p><span style=\"font-family: Times New Roman CE;\">1. Biztos\u00edtani k\u00edv\u00e1nj\u00e1k, hogy a rendszerv\u00e1ltoz\u00e1s sor\u00e1n kialakul\u00f3 \u00f6nkorm\u00e1nyzatok tarts\u00e1k tiszteletben \u00e9s m\u00e9lt\u00f3 m\u00f3don kezelj\u00e9k a m\u0171vel\u0151d\u00e9sben \u00e9s a kultur\u00e1lis aktivit\u00e1sban rejl\u0151 nemzeti, szellemi vagyont.<\/span><br \/>\n<span style=\"font-family: Times New Roman CE;\">2. \u00d6szt\u00f6nz\u00e9st \u00e9s t\u00e1mogat\u00e1st ny\u00fajtanak a kultur\u00e1lis \u00f6nkorm\u00e1nyzatok megteremt\u00e9s\u00e9hez \u00e9s m\u0171k\u00f6dtet\u00e9s\u00e9hez.<\/span><br \/>\n<span style=\"font-family: Times New Roman CE;\">3. Szorgalmazz\u00e1k az olyan ad\u00f3z\u00e1si rendszer kialak\u00edt\u00e1s\u00e1t, amely lehet\u0151v\u00e9 teszi az orsz\u00e1gos \u00e9s a helyi kultur\u00e1lis tev\u00e9kenys\u00e9gek anyagi t\u00e1mogat\u00e1s\u00e1nak ad\u00f3mentess\u00e9g\u00e9t.<\/span><br \/>\n<span style=\"font-family: Times New Roman CE;\">4. Hat\u00e1rozott jogi, politikai garanci\u00e1t k\u00e9rnek arra, hogy a helyi \u00f6nkorm\u00e1nyzatok megalakul\u00e1s\u00e1ig a m\u0171vel\u0151d\u00e9si vagy kultur\u00e1lis int\u00e9zm\u00e9nyeket semmilyen fenntart\u00f3 ne adhassa el, m\u00e1s c\u00e9lra ne hasznos\u00edthassa, b\u00e9rbe ne adhassa.<\/span><br \/>\n<span style=\"font-family: Times New Roman CE;\">5. \u0106ll\u00e1spontunk szerint a hazai kibontakoz\u00e1s alapja a szellemi, a tudom\u00e1nyos \u00e9s a kultur\u00e1lis szf\u00e9ra er\u0151teljes fejleszt\u00e9se, az eddig gyakorolt &#8222;marad\u00e9kelv&#8221; fel\u00fclb\u00edr\u00e1lata, megsz\u00fcntet\u00e9se. A konferenci\u00e1n megjelentek elv\u00e1rj\u00e1k, hogy az anyagi infrastrukt\u00fara fejleszt\u00e9s\u00e9re vonatkoz\u00f3 d\u00f6nt\u00e9seket a politik\u00e1ban \u00e9s a t\u00f6rv\u00e9nykez\u00e9sben is el\u0151zze meg a d\u00f6nt\u00e9s kultur\u00e1lis felt\u00e9teleinek \u00e9s k\u00f6vetkezm\u00e9nyeinek szisztematikus \u00e1ttekint\u00e9se.<\/span><br \/>\n<span style=\"font-family: Times New Roman CE;\">A Sz\u00f6vets\u00e9g erk\u00f6lcsi, politikai \u00e9s szellemi t\u00e1mogat\u00e1s\u00e9rt fordul mindazokhoz, akik c\u00e9lkit\u0171z\u00e9seiket elfogadj\u00e1k \u00e9s orsz\u00e1gos, valamint helyi kultur\u00e1lis fejl\u0151d\u00e9s\u00fcnk \u00e9rdek\u00e9ben tenni \u00e9s cselekedni \u00f3hajtanak.<\/span><\/p>\n<p><span style=\"font-family: Times New Roman CE;\">Budapest, 1990. m\u00e1jus 5.<\/span><\/p>\n","protected":false},"excerpt":{"rendered":"<p>A Csepeli Szabadm\u0171vel\u0151d\u00e9si Konferenci\u00e1n megjelentek kinyilv\u00e1n\u00edtj\u00e1k azt a sz\u00e1nd\u00e9kukat, hogy Sz\u00f6vets\u00e9get hoznak l\u00e9tre a telep\u00fcl\u00e9si \u00f6nkorm\u00e1nyzatok megalakul\u00e1sa el\u0151tt, azok kultur\u00e1lis \u00f6nkorm\u00e1nyzat\u00e1nak l\u00e9trej\u00f6tte \u00e9s t\u00e1mogat\u00e1sa \u00e9rdek\u00e9ben. A Sz\u00f6vets\u00e9ghez a m\u00e1r megalakult Szabadm\u0171vel\u0151d\u00e9si Tan\u00e1csok, az Ideiglenes Szabad M\u0171vel\u0151d\u00e9si Tan\u00e1csok, mint telep\u00fcl\u00e9si kultur\u00e1lis \u00f6nkorm\u00e1nyzatok, a k\u00fcl\u00f6nf\u00e9le kultur\u00e1lis egyes\u00fcletek, szervezetek \u00e9s \u00e9rdekl\u0151d\u0151 mag\u00e1nszem\u00e9lyek csatlakozhatnak.<\/p>\n","protected":false},"author":4,"featured_media":3941,"comment_status":"open","ping_status":"open","sticky":false,"template":"","format":"standard","meta":{"_acf_changed":false,"footnotes":""},"categories":[87,8,7],"tags":[],"coauthors":[47],"class_list":["post-1375","post","type-post","status-publish","format-standard","has-post-thumbnail","hentry","category-parola-1990-2","category-parola-folyoirat","category-repertorium"],"acf":[],"yoast_head":"<!-- This site is optimized with the Yoast SEO plugin v26.7 - https:\/\/yoast.com\/wordpress\/plugins\/seo\/ -->\n<title>Nyilatkozat - Parola Foly\u00f3irat<\/title>\n<meta name=\"robots\" content=\"index, follow, max-snippet:-1, max-image-preview:large, max-video-preview:-1\" \/>\n<link rel=\"canonical\" href=\"https:\/\/kofe.hu\/parola\/parola-folyoirat\/nyilatkozat\/\" \/>\n<meta property=\"og:locale\" content=\"hu_HU\" \/>\n<meta property=\"og:type\" content=\"article\" \/>\n<meta property=\"og:title\" content=\"Nyilatkozat - Parola Foly\u00f3irat\" \/>\n<meta property=\"og:description\" content=\"A Csepeli Szabadm\u0171vel\u0151d\u00e9si Konferenci\u00e1n megjelentek kinyilv\u00e1n\u00edtj\u00e1k azt a sz\u00e1nd\u00e9kukat, hogy Sz\u00f6vets\u00e9get hoznak l\u00e9tre a telep\u00fcl\u00e9si \u00f6nkorm\u00e1nyzatok megalakul\u00e1sa el\u0151tt, azok kultur\u00e1lis \u00f6nkorm\u00e1nyzat\u00e1nak l\u00e9trej\u00f6tte \u00e9s t\u00e1mogat\u00e1sa \u00e9rdek\u00e9ben. A Sz\u00f6vets\u00e9ghez a m\u00e1r megalakult Szabadm\u0171vel\u0151d\u00e9si Tan\u00e1csok, az Ideiglenes Szabad M\u0171vel\u0151d\u00e9si Tan\u00e1csok, mint telep\u00fcl\u00e9si kultur\u00e1lis \u00f6nkorm\u00e1nyzatok, a k\u00fcl\u00f6nf\u00e9le kultur\u00e1lis egyes\u00fcletek, szervezetek \u00e9s \u00e9rdekl\u0151d\u0151 mag\u00e1nszem\u00e9lyek csatlakozhatnak.\" \/>\n<meta property=\"og:url\" content=\"https:\/\/kofe.hu\/parola\/parola-folyoirat\/nyilatkozat\/\" \/>\n<meta property=\"og:site_name\" content=\"Parola Foly\u00f3irat\" \/>\n<meta property=\"article:published_time\" content=\"2020-05-28T16:54:10+00:00\" \/>\n<meta property=\"article:modified_time\" content=\"2020-07-30T07:19:40+00:00\" \/>\n<meta property=\"og:image\" content=\"https:\/\/kofe.hu\/parola\/wp-content\/uploads\/2020\/05\/90.2.jpeg\" \/>\n\t<meta property=\"og:image:width\" content=\"1339\" \/>\n\t<meta property=\"og:image:height\" content=\"1871\" \/>\n\t<meta property=\"og:image:type\" content=\"image\/jpeg\" \/>\n<meta name=\"author\" content=\"Parola\" \/>\n<meta name=\"twitter:card\" content=\"summary_large_image\" \/>\n<meta name=\"twitter:label1\" content=\"Szerz\u0151:\" \/>\n\t<meta name=\"twitter:data1\" content=\"Parola\" \/>\n\t<meta name=\"twitter:label2\" content=\"Becs\u00fclt olvas\u00e1si id\u0151\" \/>\n\t<meta name=\"twitter:data2\" content=\"2 perc\" \/>\n\t<meta name=\"twitter:label3\" content=\"Written by\" \/>\n\t<meta name=\"twitter:data3\" content=\"Parola\" \/>\n<script type=\"application\/ld+json\" class=\"yoast-schema-graph\">{\"@context\":\"https:\/\/schema.org\",\"@graph\":[{\"@type\":\"Article\",\"@id\":\"https:\/\/kofe.hu\/parola\/parola-folyoirat\/nyilatkozat\/#article\",\"isPartOf\":{\"@id\":\"https:\/\/kofe.hu\/parola\/parola-folyoirat\/nyilatkozat\/\"},\"author\":{\"name\":\"Parola\",\"@id\":\"https:\/\/kofe.hu\/parola\/#\/schema\/person\/b39ea6ec0995233537351d7e33281aeb\"},\"headline\":\"Nyilatkozat\",\"datePublished\":\"2020-05-28T16:54:10+00:00\",\"dateModified\":\"2020-07-30T07:19:40+00:00\",\"mainEntityOfPage\":{\"@id\":\"https:\/\/kofe.hu\/parola\/parola-folyoirat\/nyilatkozat\/\"},\"wordCount\":396,\"commentCount\":0,\"image\":{\"@id\":\"https:\/\/kofe.hu\/parola\/parola-folyoirat\/nyilatkozat\/#primaryimage\"},\"thumbnailUrl\":\"https:\/\/kofe.hu\/parola\/wp-content\/uploads\/2020\/05\/90.2.jpeg\",\"articleSection\":[\"Parola 1990\/2\",\"Parola Foly\u00f3irat\",\"Repert\u00f3rium\"],\"inLanguage\":\"hu\",\"potentialAction\":[{\"@type\":\"CommentAction\",\"name\":\"Comment\",\"target\":[\"https:\/\/kofe.hu\/parola\/parola-folyoirat\/nyilatkozat\/#respond\"]}]},{\"@type\":\"WebPage\",\"@id\":\"https:\/\/kofe.hu\/parola\/parola-folyoirat\/nyilatkozat\/\",\"url\":\"https:\/\/kofe.hu\/parola\/parola-folyoirat\/nyilatkozat\/\",\"name\":\"Nyilatkozat - Parola Foly\u00f3irat\",\"isPartOf\":{\"@id\":\"https:\/\/kofe.hu\/parola\/#website\"},\"primaryImageOfPage\":{\"@id\":\"https:\/\/kofe.hu\/parola\/parola-folyoirat\/nyilatkozat\/#primaryimage\"},\"image\":{\"@id\":\"https:\/\/kofe.hu\/parola\/parola-folyoirat\/nyilatkozat\/#primaryimage\"},\"thumbnailUrl\":\"https:\/\/kofe.hu\/parola\/wp-content\/uploads\/2020\/05\/90.2.jpeg\",\"datePublished\":\"2020-05-28T16:54:10+00:00\",\"dateModified\":\"2020-07-30T07:19:40+00:00\",\"author\":{\"@id\":\"https:\/\/kofe.hu\/parola\/#\/schema\/person\/b39ea6ec0995233537351d7e33281aeb\"},\"breadcrumb\":{\"@id\":\"https:\/\/kofe.hu\/parola\/parola-folyoirat\/nyilatkozat\/#breadcrumb\"},\"inLanguage\":\"hu\",\"potentialAction\":[{\"@type\":\"ReadAction\",\"target\":[\"https:\/\/kofe.hu\/parola\/parola-folyoirat\/nyilatkozat\/\"]}]},{\"@type\":\"ImageObject\",\"inLanguage\":\"hu\",\"@id\":\"https:\/\/kofe.hu\/parola\/parola-folyoirat\/nyilatkozat\/#primaryimage\",\"url\":\"https:\/\/kofe.hu\/parola\/wp-content\/uploads\/2020\/05\/90.2.jpeg\",\"contentUrl\":\"https:\/\/kofe.hu\/parola\/wp-content\/uploads\/2020\/05\/90.2.jpeg\",\"width\":1339,\"height\":1871},{\"@type\":\"BreadcrumbList\",\"@id\":\"https:\/\/kofe.hu\/parola\/parola-folyoirat\/nyilatkozat\/#breadcrumb\",\"itemListElement\":[{\"@type\":\"ListItem\",\"position\":1,\"name\":\"Home\",\"item\":\"https:\/\/kofe.hu\/parola\/\"},{\"@type\":\"ListItem\",\"position\":2,\"name\":\"Nyilatkozat\"}]},{\"@type\":\"WebSite\",\"@id\":\"https:\/\/kofe.hu\/parola\/#website\",\"url\":\"https:\/\/kofe.hu\/parola\/\",\"name\":\"Parola Foly\u00f3irat\",\"description\":\"\",\"potentialAction\":[{\"@type\":\"SearchAction\",\"target\":{\"@type\":\"EntryPoint\",\"urlTemplate\":\"https:\/\/kofe.hu\/parola\/?s={search_term_string}\"},\"query-input\":{\"@type\":\"PropertyValueSpecification\",\"valueRequired\":true,\"valueName\":\"search_term_string\"}}],\"inLanguage\":\"hu\"},{\"@type\":\"Person\",\"@id\":\"https:\/\/kofe.hu\/parola\/#\/schema\/person\/b39ea6ec0995233537351d7e33281aeb\",\"name\":\"Parola\",\"image\":{\"@type\":\"ImageObject\",\"inLanguage\":\"hu\",\"@id\":\"https:\/\/kofe.hu\/parola\/#\/schema\/person\/image\/ef1d7dc4d1949d5457aa415351763853\",\"url\":\"https:\/\/secure.gravatar.com\/avatar\/c18c00ea50048aa7adb99e5d11e4250d05111e33b2bea02671439eb7912c945e?s=96&d=mm&r=g\",\"contentUrl\":\"https:\/\/secure.gravatar.com\/avatar\/c18c00ea50048aa7adb99e5d11e4250d05111e33b2bea02671439eb7912c945e?s=96&d=mm&r=g\",\"caption\":\"Parola\"},\"url\":\"https:\/\/kofe.hu\/parola\/szerzok\/parola\/\"}]}<\/script>\n<!-- \/ Yoast SEO plugin. -->","yoast_head_json":{"title":"Nyilatkozat - Parola Foly\u00f3irat","robots":{"index":"index","follow":"follow","max-snippet":"max-snippet:-1","max-image-preview":"max-image-preview:large","max-video-preview":"max-video-preview:-1"},"canonical":"https:\/\/kofe.hu\/parola\/parola-folyoirat\/nyilatkozat\/","og_locale":"hu_HU","og_type":"article","og_title":"Nyilatkozat - Parola Foly\u00f3irat","og_description":"A Csepeli Szabadm\u0171vel\u0151d\u00e9si Konferenci\u00e1n megjelentek kinyilv\u00e1n\u00edtj\u00e1k azt a sz\u00e1nd\u00e9kukat, hogy Sz\u00f6vets\u00e9get hoznak l\u00e9tre a telep\u00fcl\u00e9si \u00f6nkorm\u00e1nyzatok megalakul\u00e1sa el\u0151tt, azok kultur\u00e1lis \u00f6nkorm\u00e1nyzat\u00e1nak l\u00e9trej\u00f6tte \u00e9s t\u00e1mogat\u00e1sa \u00e9rdek\u00e9ben. A Sz\u00f6vets\u00e9ghez a m\u00e1r megalakult Szabadm\u0171vel\u0151d\u00e9si Tan\u00e1csok, az Ideiglenes Szabad M\u0171vel\u0151d\u00e9si Tan\u00e1csok, mint telep\u00fcl\u00e9si kultur\u00e1lis \u00f6nkorm\u00e1nyzatok, a k\u00fcl\u00f6nf\u00e9le kultur\u00e1lis egyes\u00fcletek, szervezetek \u00e9s \u00e9rdekl\u0151d\u0151 mag\u00e1nszem\u00e9lyek csatlakozhatnak.","og_url":"https:\/\/kofe.hu\/parola\/parola-folyoirat\/nyilatkozat\/","og_site_name":"Parola Foly\u00f3irat","article_published_time":"2020-05-28T16:54:10+00:00","article_modified_time":"2020-07-30T07:19:40+00:00","og_image":[{"width":1339,"height":1871,"url":"https:\/\/kofe.hu\/parola\/wp-content\/uploads\/2020\/05\/90.2.jpeg","type":"image\/jpeg"}],"author":"Parola","twitter_card":"summary_large_image","twitter_misc":{"Szerz\u0151:":"Parola","Becs\u00fclt olvas\u00e1si id\u0151":"2 perc","Written by":"Parola"},"schema":{"@context":"https:\/\/schema.org","@graph":[{"@type":"Article","@id":"https:\/\/kofe.hu\/parola\/parola-folyoirat\/nyilatkozat\/#article","isPartOf":{"@id":"https:\/\/kofe.hu\/parola\/parola-folyoirat\/nyilatkozat\/"},"author":{"name":"Parola","@id":"https:\/\/kofe.hu\/parola\/#\/schema\/person\/b39ea6ec0995233537351d7e33281aeb"},"headline":"Nyilatkozat","datePublished":"2020-05-28T16:54:10+00:00","dateModified":"2020-07-30T07:19:40+00:00","mainEntityOfPage":{"@id":"https:\/\/kofe.hu\/parola\/parola-folyoirat\/nyilatkozat\/"},"wordCount":396,"commentCount":0,"image":{"@id":"https:\/\/kofe.hu\/parola\/parola-folyoirat\/nyilatkozat\/#primaryimage"},"thumbnailUrl":"https:\/\/kofe.hu\/parola\/wp-content\/uploads\/2020\/05\/90.2.jpeg","articleSection":["Parola 1990\/2","Parola Foly\u00f3irat","Repert\u00f3rium"],"inLanguage":"hu","potentialAction":[{"@type":"CommentAction","name":"Comment","target":["https:\/\/kofe.hu\/parola\/parola-folyoirat\/nyilatkozat\/#respond"]}]},{"@type":"WebPage","@id":"https:\/\/kofe.hu\/parola\/parola-folyoirat\/nyilatkozat\/","url":"https:\/\/kofe.hu\/parola\/parola-folyoirat\/nyilatkozat\/","name":"Nyilatkozat - Parola Foly\u00f3irat","isPartOf":{"@id":"https:\/\/kofe.hu\/parola\/#website"},"primaryImageOfPage":{"@id":"https:\/\/kofe.hu\/parola\/parola-folyoirat\/nyilatkozat\/#primaryimage"},"image":{"@id":"https:\/\/kofe.hu\/parola\/parola-folyoirat\/nyilatkozat\/#primaryimage"},"thumbnailUrl":"https:\/\/kofe.hu\/parola\/wp-content\/uploads\/2020\/05\/90.2.jpeg","datePublished":"2020-05-28T16:54:10+00:00","dateModified":"2020-07-30T07:19:40+00:00","author":{"@id":"https:\/\/kofe.hu\/parola\/#\/schema\/person\/b39ea6ec0995233537351d7e33281aeb"},"breadcrumb":{"@id":"https:\/\/kofe.hu\/parola\/parola-folyoirat\/nyilatkozat\/#breadcrumb"},"inLanguage":"hu","potentialAction":[{"@type":"ReadAction","target":["https:\/\/kofe.hu\/parola\/parola-folyoirat\/nyilatkozat\/"]}]},{"@type":"ImageObject","inLanguage":"hu","@id":"https:\/\/kofe.hu\/parola\/parola-folyoirat\/nyilatkozat\/#primaryimage","url":"https:\/\/kofe.hu\/parola\/wp-content\/uploads\/2020\/05\/90.2.jpeg","contentUrl":"https:\/\/kofe.hu\/parola\/wp-content\/uploads\/2020\/05\/90.2.jpeg","width":1339,"height":1871},{"@type":"BreadcrumbList","@id":"https:\/\/kofe.hu\/parola\/parola-folyoirat\/nyilatkozat\/#breadcrumb","itemListElement":[{"@type":"ListItem","position":1,"name":"Home","item":"https:\/\/kofe.hu\/parola\/"},{"@type":"ListItem","position":2,"name":"Nyilatkozat"}]},{"@type":"WebSite","@id":"https:\/\/kofe.hu\/parola\/#website","url":"https:\/\/kofe.hu\/parola\/","name":"Parola Foly\u00f3irat","description":"","potentialAction":[{"@type":"SearchAction","target":{"@type":"EntryPoint","urlTemplate":"https:\/\/kofe.hu\/parola\/?s={search_term_string}"},"query-input":{"@type":"PropertyValueSpecification","valueRequired":true,"valueName":"search_term_string"}}],"inLanguage":"hu"},{"@type":"Person","@id":"https:\/\/kofe.hu\/parola\/#\/schema\/person\/b39ea6ec0995233537351d7e33281aeb","name":"Parola","image":{"@type":"ImageObject","inLanguage":"hu","@id":"https:\/\/kofe.hu\/parola\/#\/schema\/person\/image\/ef1d7dc4d1949d5457aa415351763853","url":"https:\/\/secure.gravatar.com\/avatar\/c18c00ea50048aa7adb99e5d11e4250d05111e33b2bea02671439eb7912c945e?s=96&d=mm&r=g","contentUrl":"https:\/\/secure.gravatar.com\/avatar\/c18c00ea50048aa7adb99e5d11e4250d05111e33b2bea02671439eb7912c945e?s=96&d=mm&r=g","caption":"Parola"},"url":"https:\/\/kofe.hu\/parola\/szerzok\/parola\/"}]}},"_links":{"self":[{"href":"https:\/\/kofe.hu\/parola\/wp-json\/wp\/v2\/posts\/1375","targetHints":{"allow":["GET"]}}],"collection":[{"href":"https:\/\/kofe.hu\/parola\/wp-json\/wp\/v2\/posts"}],"about":[{"href":"https:\/\/kofe.hu\/parola\/wp-json\/wp\/v2\/types\/post"}],"author":[{"embeddable":true,"href":"https:\/\/kofe.hu\/parola\/wp-json\/wp\/v2\/users\/4"}],"replies":[{"embeddable":true,"href":"https:\/\/kofe.hu\/parola\/wp-json\/wp\/v2\/comments?post=1375"}],"version-history":[{"count":2,"href":"https:\/\/kofe.hu\/parola\/wp-json\/wp\/v2\/posts\/1375\/revisions"}],"predecessor-version":[{"id":3949,"href":"https:\/\/kofe.hu\/parola\/wp-json\/wp\/v2\/posts\/1375\/revisions\/3949"}],"wp:featuredmedia":[{"embeddable":true,"href":"https:\/\/kofe.hu\/parola\/wp-json\/wp\/v2\/media\/3941"}],"wp:attachment":[{"href":"https:\/\/kofe.hu\/parola\/wp-json\/wp\/v2\/media?parent=1375"}],"wp:term":[{"taxonomy":"category","embeddable":true,"href":"https:\/\/kofe.hu\/parola\/wp-json\/wp\/v2\/categories?post=1375"},{"taxonomy":"post_tag","embeddable":true,"href":"https:\/\/kofe.hu\/parola\/wp-json\/wp\/v2\/tags?post=1375"},{"taxonomy":"author","embeddable":true,"href":"https:\/\/kofe.hu\/parola\/wp-json\/wp\/v2\/coauthors?post=1375"}],"curies":[{"name":"wp","href":"https:\/\/api.w.org\/{rel}","templated":true}]}}