{"id":1363,"date":"2020-05-28T16:41:09","date_gmt":"2020-05-28T16:41:09","guid":{"rendered":"https:\/\/kofe.hu\/parola\/?p=1363"},"modified":"2020-07-30T07:22:56","modified_gmt":"2020-07-30T07:22:56","slug":"jezussal-egy-fedel-alatt-kulturotthon-avatasra","status":"publish","type":"post","link":"https:\/\/kofe.hu\/parola\/parola-folyoirat\/jezussal-egy-fedel-alatt-kulturotthon-avatasra\/","title":{"rendered":"J\u00e9zussal egy fed\u00e9l alatt: Kult\u00farotthon avat\u00e1sra"},"content":{"rendered":"<p><span style=\"font-family: Times New Roman CE;\">J\u00f3l eml\u00e9kszem, hogy amikor h\u00edr\u00e9t hallottam (tal\u00e1n Kamar\u00e1s Pist\u00e1t\u00f3l? Deme Tam\u00e1st\u00f3l?), hogy katolikus kult\u00farotthont szeretn\u00e9nek valakik Budapesten, egy megyei tov\u00e1bbk\u00e9pz\u00e9sen azonnal elmondtam a h\u00edrt. Megmosolyogtak. Magam is bizonytalan voltam, hiszen onnan n\u00e9zv\u00e9st bizony mindegy volt, hogy R\u00e1kospalot\u00e1n-e vagy Budafokon. A k\u00e9telked\u0151knek sem adhattam pontos v\u00e1laszt, csak a fejemet vakartam helyette. A sz\u00fcnetben egy hivatalnok meg is morgott, hogy csak a hangulatot keltem s ez ilyen bonyolult id\u0151kben nem sz\u00e9p dolog.<\/span><\/p>\n<p><!--more--><br \/>\n<span style=\"font-family: Times New Roman CE;\">Egy \u00e9ve ennek.<\/span><\/p>\n<p><span style=\"font-family: Times New Roman CE;\">\u00dczenhetem: nem R\u00e1kospalot\u00e1n \u00e9s nem Budafokon, hanem \u00e9ppen Angyalf\u00f6ld\u00f6n alakult \u00fajj\u00e1, alakult meg \u00fajra a Szent L\u00e1szl\u00f3 nev\u00e9re keresztelt s e n\u00e9ven f\u00f6l is szentelt kult\u00farotthon. Am\u00fagy tal\u00e1n nem is nagy \u00fcgy: sz\u00e9p kis n\u00e9z\u0151t\u00e9r, sz\u00ednpad, kiszolg\u00e1l\u00f3 helyis\u00e9g s mindez a f\u00f6ldszinten; f\u00f6l\u00f6tte a templom. Nem nagyobb, mint egy falusi kult\u00farotthonka, noha legal\u00e1bb annyira takaros, mint azok \u00fajkorukban. \u00c9s legal\u00e1bb akkora \u00fcnnep az avat\u00e1sa.<\/span><\/p>\n<p><span style=\"font-family: Times New Roman CE;\">Hogy \u00fcnnep, azt nemcsak a b\u00edboros \u00far \u00fcnnepi szentmis\u00e9je, az alkalomhoz keresett evang\u00e9lium \u00e9s szentbesz\u00e9d s nemcsak a mis\u00e9t k\u00f6vet\u0151 int\u00e9zm\u00e9nyi \u00e1ld\u00e1s mutatja, hanem a tolong\u00f3 t\u00f6meg, amelyben bizonyosan csak mi n\u00e9h\u00e1nyan vagyunk a t\u00e1volabbr\u00f3l j\u00f6v\u0151k: alig \u00e1ll aut\u00f3 a Rokolya utc\u00e1ban. Az egyh\u00e1zk\u00f6zs\u00e9g viszszakapta az 1942-ben avatott, de n\u00e9h\u00e1ny \u00e9v m\u00falva elvett s az\u00f3ta rakt\u00e1rnak haszn\u00e1lt helyis\u00e9geit; nem \u00faj \u00e9p\u00fclet \u00e9p\u00fclt teh\u00e1t. \u0106m az, hogy az \u00f6v\u00e9k \u00fajra a saj\u00e1tjuk, k\u00fcl\u00f6n\u00f6s \u00e9rzetet kelt s szinte l\u00e1that\u00f3, mik\u00e9nt ny\u00fajt kezet itt a m\u00e1nak a m\u00falt; a k\u00f6r\u00fclm\u00e9nyek m\u00e9lt\u00f3s\u00e1ga, az avat\u00f3 m\u0171sor \u00fcnnep\u00e9lyess\u00e9ge mindezt term\u00e9szetess\u00e9, k\u00fcl\u00f6n\u00f6ss\u00e9gekt\u0151l mentess\u00e9 teszi. Pedig k\u00fcl\u00f6nleges a t\u00e9ny, a helyzet, a szitu\u00e1ci\u00f3: egy k\u00f6z\u00f6ss\u00e9g visszakapta, mert visszakaphatta m\u0171k\u00f6d\u00e9si ter\u00fclet\u00e9t s birtokba veszi nemcsak az\u00e9rt, mert a koszb\u00f3l is \u0151k var\u00e1zsolt\u00e1k ilyenn\u00e9, hanem mert eleve nekik is k\u00e9sz\u00fclt. Helyesebben: k\u00e9t nemzed\u00e9kkel kor\u00e1bbi t\u00e1rsas\u00e1gnak, a mai fiatalok nagysz\u00fcleinek.<\/span><\/p>\n<p><span style=\"font-family: Times New Roman CE;\">Hogy ki p\u00f3tolja az itt negyven \u00e9vig meg nem sz\u00fcletett bar\u00e1ts\u00e1gokat; hogy ki p\u00f3tolja az el nem hangzott ismeretet, dalt, verset \u00e9s zen\u00e9t; hogy ki p\u00f3tolja az elvesztett j\u00f3kedvet, a meg nem sz\u00fcletett mosolyt, nevet\u00e9st, meghatotts\u00e1got, katarzist, arr\u00f3l nem esett sz\u00f3 az avat\u00e1son. Bizonyosan \u00fcnnepront\u00e1s lett volna ez. B\u00e1r magam sem b\u00e1nom, hogy csak \u00f6r\u00f6m \u00e9s biztat\u00e1s sz\u00f3lt, azt az\u00e9rt tudni kell: van mit p\u00f3tolni valamennyi k\u00f6rny\u00e9kbelinek. \u00c9s imm\u00e1r csak rajtuk m\u00falik.<\/span><\/p>\n<p><span style=\"font-family: Times New Roman CE;\">B\u00e1rha R\u00e1kospalot\u00e1n, Budafokon, a J\u00f3zsefv\u00e1rosban, Csepelen, Pesthidegk\u00faton \u00e9s szerte Magyarorsz\u00e1gon is csak a helyben \u00e9l\u0151k\u00f6n m\u00falna, hogy \u00e1llami, egyes\u00fcleti vagy egyh\u00e1zi k\u00f6z\u00f6ss\u00e9gi \u00e9p\u00fcletbe t\u00e9rnek be alkalmasint! B\u00e1rcsak vissza\u00e1llna miel\u0151bb egy elveszett-elfeledett, mert le- \u00e9s megtagadott int\u00e9zm\u00e9nyrendszer, amely nem al\u00e1-f\u00f6l\u00e9rendelts\u00e9g\u00e9ben nyeri \u00e9rtelm\u00e9t, hanem azzal, hogy sokf\u00e9le aj\u00e1nlatot, k\u00edn\u00e1latot, lehet\u0151s\u00e9get ny\u00fajt p\u00e1rhuzamosan \u00e9s egyidej\u0171leg a helybelieknek. B\u00e1rcsak kezdet lenne ez az \u00e1prilis v\u00e9gi sz\u00e9p angyalf\u00f6ldi \u00fcnnep, \u00e9s folytat\u00e1sa k\u00f6vetkezn\u00e9k minden\u00fctt, ahol csak akarj\u00e1k, ahol ezt akarj\u00e1k az emberek!<\/span><\/p>\n","protected":false},"excerpt":{"rendered":"<p>J\u00f3l eml\u00e9kszem, hogy amikor h\u00edr\u00e9t hallottam (tal\u00e1n Kamar\u00e1s Pist\u00e1t\u00f3l? Deme Tam\u00e1st\u00f3l?), hogy katolikus kult\u00farotthont szeretn\u00e9nek valakik Budapesten, egy megyei tov\u00e1bbk\u00e9pz\u00e9sen azonnal elmondtam a h\u00edrt. Megmosolyogtak. Magam is bizonytalan voltam, hiszen onnan n\u00e9zv\u00e9st bizony mindegy volt, hogy R\u00e1kospalot\u00e1n-e vagy Budafokon. A k\u00e9telked\u0151knek sem adhattam pontos v\u00e1laszt, csak a fejemet vakartam helyette. A sz\u00fcnetben egy hivatalnok meg [&hellip;]<\/p>\n","protected":false},"author":45,"featured_media":3941,"comment_status":"open","ping_status":"open","sticky":false,"template":"","format":"standard","meta":{"_acf_changed":false,"footnotes":""},"categories":[87,8,7],"tags":[],"coauthors":[62],"class_list":["post-1363","post","type-post","status-publish","format-standard","has-post-thumbnail","hentry","category-parola-1990-2","category-parola-folyoirat","category-repertorium"],"acf":[],"yoast_head":"<!-- This site is optimized with the Yoast SEO plugin v26.7 - https:\/\/yoast.com\/wordpress\/plugins\/seo\/ -->\n<title>J\u00e9zussal egy fed\u00e9l alatt: Kult\u00farotthon avat\u00e1sra - Parola Foly\u00f3irat<\/title>\n<meta name=\"robots\" content=\"index, follow, max-snippet:-1, max-image-preview:large, max-video-preview:-1\" \/>\n<link rel=\"canonical\" href=\"https:\/\/kofe.hu\/parola\/parola-folyoirat\/jezussal-egy-fedel-alatt-kulturotthon-avatasra\/\" \/>\n<meta property=\"og:locale\" content=\"hu_HU\" \/>\n<meta property=\"og:type\" content=\"article\" \/>\n<meta property=\"og:title\" content=\"J\u00e9zussal egy fed\u00e9l alatt: Kult\u00farotthon avat\u00e1sra - Parola Foly\u00f3irat\" \/>\n<meta property=\"og:description\" content=\"J\u00f3l eml\u00e9kszem, hogy amikor h\u00edr\u00e9t hallottam (tal\u00e1n Kamar\u00e1s Pist\u00e1t\u00f3l? Deme Tam\u00e1st\u00f3l?), hogy katolikus kult\u00farotthont szeretn\u00e9nek valakik Budapesten, egy megyei tov\u00e1bbk\u00e9pz\u00e9sen azonnal elmondtam a h\u00edrt. Megmosolyogtak. Magam is bizonytalan voltam, hiszen onnan n\u00e9zv\u00e9st bizony mindegy volt, hogy R\u00e1kospalot\u00e1n-e vagy Budafokon. A k\u00e9telked\u0151knek sem adhattam pontos v\u00e1laszt, csak a fejemet vakartam helyette. A sz\u00fcnetben egy hivatalnok meg [&hellip;]\" \/>\n<meta property=\"og:url\" content=\"https:\/\/kofe.hu\/parola\/parola-folyoirat\/jezussal-egy-fedel-alatt-kulturotthon-avatasra\/\" \/>\n<meta property=\"og:site_name\" content=\"Parola Foly\u00f3irat\" \/>\n<meta property=\"article:published_time\" content=\"2020-05-28T16:41:09+00:00\" \/>\n<meta property=\"article:modified_time\" content=\"2020-07-30T07:22:56+00:00\" \/>\n<meta property=\"og:image\" content=\"https:\/\/kofe.hu\/parola\/wp-content\/uploads\/2020\/05\/90.2.jpeg\" \/>\n\t<meta property=\"og:image:width\" content=\"1339\" \/>\n\t<meta property=\"og:image:height\" content=\"1871\" \/>\n\t<meta property=\"og:image:type\" content=\"image\/jpeg\" \/>\n<meta name=\"author\" content=\"Beke P\u00e1l\" \/>\n<meta name=\"twitter:card\" content=\"summary_large_image\" \/>\n<meta name=\"twitter:label1\" content=\"Szerz\u0151:\" \/>\n\t<meta name=\"twitter:data1\" content=\"Beke P\u00e1l\" \/>\n\t<meta name=\"twitter:label2\" content=\"Becs\u00fclt olvas\u00e1si id\u0151\" \/>\n\t<meta name=\"twitter:data2\" content=\"3 perc\" \/>\n\t<meta name=\"twitter:label3\" content=\"Written by\" \/>\n\t<meta name=\"twitter:data3\" content=\"Beke P\u00e1l\" \/>\n<script type=\"application\/ld+json\" class=\"yoast-schema-graph\">{\"@context\":\"https:\/\/schema.org\",\"@graph\":[{\"@type\":\"Article\",\"@id\":\"https:\/\/kofe.hu\/parola\/parola-folyoirat\/jezussal-egy-fedel-alatt-kulturotthon-avatasra\/#article\",\"isPartOf\":{\"@id\":\"https:\/\/kofe.hu\/parola\/parola-folyoirat\/jezussal-egy-fedel-alatt-kulturotthon-avatasra\/\"},\"author\":{\"name\":\"Beke P\u00e1l\",\"@id\":\"https:\/\/kofe.hu\/parola\/#\/schema\/person\/e218f9357a879ddd7f2cc215cbc1f9e4\"},\"headline\":\"J\u00e9zussal egy fed\u00e9l alatt: Kult\u00farotthon avat\u00e1sra\",\"datePublished\":\"2020-05-28T16:41:09+00:00\",\"dateModified\":\"2020-07-30T07:22:56+00:00\",\"mainEntityOfPage\":{\"@id\":\"https:\/\/kofe.hu\/parola\/parola-folyoirat\/jezussal-egy-fedel-alatt-kulturotthon-avatasra\/\"},\"wordCount\":636,\"commentCount\":0,\"image\":{\"@id\":\"https:\/\/kofe.hu\/parola\/parola-folyoirat\/jezussal-egy-fedel-alatt-kulturotthon-avatasra\/#primaryimage\"},\"thumbnailUrl\":\"https:\/\/kofe.hu\/parola\/wp-content\/uploads\/2020\/05\/90.2.jpeg\",\"articleSection\":[\"Parola 1990\/2\",\"Parola Foly\u00f3irat\",\"Repert\u00f3rium\"],\"inLanguage\":\"hu\",\"potentialAction\":[{\"@type\":\"CommentAction\",\"name\":\"Comment\",\"target\":[\"https:\/\/kofe.hu\/parola\/parola-folyoirat\/jezussal-egy-fedel-alatt-kulturotthon-avatasra\/#respond\"]}]},{\"@type\":\"WebPage\",\"@id\":\"https:\/\/kofe.hu\/parola\/parola-folyoirat\/jezussal-egy-fedel-alatt-kulturotthon-avatasra\/\",\"url\":\"https:\/\/kofe.hu\/parola\/parola-folyoirat\/jezussal-egy-fedel-alatt-kulturotthon-avatasra\/\",\"name\":\"J\u00e9zussal egy fed\u00e9l alatt: Kult\u00farotthon avat\u00e1sra - Parola Foly\u00f3irat\",\"isPartOf\":{\"@id\":\"https:\/\/kofe.hu\/parola\/#website\"},\"primaryImageOfPage\":{\"@id\":\"https:\/\/kofe.hu\/parola\/parola-folyoirat\/jezussal-egy-fedel-alatt-kulturotthon-avatasra\/#primaryimage\"},\"image\":{\"@id\":\"https:\/\/kofe.hu\/parola\/parola-folyoirat\/jezussal-egy-fedel-alatt-kulturotthon-avatasra\/#primaryimage\"},\"thumbnailUrl\":\"https:\/\/kofe.hu\/parola\/wp-content\/uploads\/2020\/05\/90.2.jpeg\",\"datePublished\":\"2020-05-28T16:41:09+00:00\",\"dateModified\":\"2020-07-30T07:22:56+00:00\",\"author\":{\"@id\":\"https:\/\/kofe.hu\/parola\/#\/schema\/person\/e218f9357a879ddd7f2cc215cbc1f9e4\"},\"breadcrumb\":{\"@id\":\"https:\/\/kofe.hu\/parola\/parola-folyoirat\/jezussal-egy-fedel-alatt-kulturotthon-avatasra\/#breadcrumb\"},\"inLanguage\":\"hu\",\"potentialAction\":[{\"@type\":\"ReadAction\",\"target\":[\"https:\/\/kofe.hu\/parola\/parola-folyoirat\/jezussal-egy-fedel-alatt-kulturotthon-avatasra\/\"]}]},{\"@type\":\"ImageObject\",\"inLanguage\":\"hu\",\"@id\":\"https:\/\/kofe.hu\/parola\/parola-folyoirat\/jezussal-egy-fedel-alatt-kulturotthon-avatasra\/#primaryimage\",\"url\":\"https:\/\/kofe.hu\/parola\/wp-content\/uploads\/2020\/05\/90.2.jpeg\",\"contentUrl\":\"https:\/\/kofe.hu\/parola\/wp-content\/uploads\/2020\/05\/90.2.jpeg\",\"width\":1339,\"height\":1871},{\"@type\":\"BreadcrumbList\",\"@id\":\"https:\/\/kofe.hu\/parola\/parola-folyoirat\/jezussal-egy-fedel-alatt-kulturotthon-avatasra\/#breadcrumb\",\"itemListElement\":[{\"@type\":\"ListItem\",\"position\":1,\"name\":\"Home\",\"item\":\"https:\/\/kofe.hu\/parola\/\"},{\"@type\":\"ListItem\",\"position\":2,\"name\":\"J\u00e9zussal egy fed\u00e9l alatt: Kult\u00farotthon avat\u00e1sra\"}]},{\"@type\":\"WebSite\",\"@id\":\"https:\/\/kofe.hu\/parola\/#website\",\"url\":\"https:\/\/kofe.hu\/parola\/\",\"name\":\"Parola Foly\u00f3irat\",\"description\":\"\",\"potentialAction\":[{\"@type\":\"SearchAction\",\"target\":{\"@type\":\"EntryPoint\",\"urlTemplate\":\"https:\/\/kofe.hu\/parola\/?s={search_term_string}\"},\"query-input\":{\"@type\":\"PropertyValueSpecification\",\"valueRequired\":true,\"valueName\":\"search_term_string\"}}],\"inLanguage\":\"hu\"},{\"@type\":\"Person\",\"@id\":\"https:\/\/kofe.hu\/parola\/#\/schema\/person\/e218f9357a879ddd7f2cc215cbc1f9e4\",\"name\":\"Beke P\u00e1l\",\"image\":{\"@type\":\"ImageObject\",\"inLanguage\":\"hu\",\"@id\":\"https:\/\/kofe.hu\/parola\/#\/schema\/person\/image\/23494c9101089ad44ae88ce9d2f56aac\",\"url\":\"https:\/\/secure.gravatar.com\/avatar\/?s=96&d=mm&r=g\",\"contentUrl\":\"https:\/\/secure.gravatar.com\/avatar\/?s=96&d=mm&r=g\",\"caption\":\"Beke P\u00e1l\"},\"url\":\"https:\/\/kofe.hu\/parola\/szerzok\/beke-pal\/\"}]}<\/script>\n<!-- \/ Yoast SEO plugin. -->","yoast_head_json":{"title":"J\u00e9zussal egy fed\u00e9l alatt: Kult\u00farotthon avat\u00e1sra - Parola Foly\u00f3irat","robots":{"index":"index","follow":"follow","max-snippet":"max-snippet:-1","max-image-preview":"max-image-preview:large","max-video-preview":"max-video-preview:-1"},"canonical":"https:\/\/kofe.hu\/parola\/parola-folyoirat\/jezussal-egy-fedel-alatt-kulturotthon-avatasra\/","og_locale":"hu_HU","og_type":"article","og_title":"J\u00e9zussal egy fed\u00e9l alatt: Kult\u00farotthon avat\u00e1sra - Parola Foly\u00f3irat","og_description":"J\u00f3l eml\u00e9kszem, hogy amikor h\u00edr\u00e9t hallottam (tal\u00e1n Kamar\u00e1s Pist\u00e1t\u00f3l? Deme Tam\u00e1st\u00f3l?), hogy katolikus kult\u00farotthont szeretn\u00e9nek valakik Budapesten, egy megyei tov\u00e1bbk\u00e9pz\u00e9sen azonnal elmondtam a h\u00edrt. Megmosolyogtak. Magam is bizonytalan voltam, hiszen onnan n\u00e9zv\u00e9st bizony mindegy volt, hogy R\u00e1kospalot\u00e1n-e vagy Budafokon. A k\u00e9telked\u0151knek sem adhattam pontos v\u00e1laszt, csak a fejemet vakartam helyette. A sz\u00fcnetben egy hivatalnok meg [&hellip;]","og_url":"https:\/\/kofe.hu\/parola\/parola-folyoirat\/jezussal-egy-fedel-alatt-kulturotthon-avatasra\/","og_site_name":"Parola Foly\u00f3irat","article_published_time":"2020-05-28T16:41:09+00:00","article_modified_time":"2020-07-30T07:22:56+00:00","og_image":[{"width":1339,"height":1871,"url":"https:\/\/kofe.hu\/parola\/wp-content\/uploads\/2020\/05\/90.2.jpeg","type":"image\/jpeg"}],"author":"Beke P\u00e1l","twitter_card":"summary_large_image","twitter_misc":{"Szerz\u0151:":"Beke P\u00e1l","Becs\u00fclt olvas\u00e1si id\u0151":"3 perc","Written by":"Beke P\u00e1l"},"schema":{"@context":"https:\/\/schema.org","@graph":[{"@type":"Article","@id":"https:\/\/kofe.hu\/parola\/parola-folyoirat\/jezussal-egy-fedel-alatt-kulturotthon-avatasra\/#article","isPartOf":{"@id":"https:\/\/kofe.hu\/parola\/parola-folyoirat\/jezussal-egy-fedel-alatt-kulturotthon-avatasra\/"},"author":{"name":"Beke P\u00e1l","@id":"https:\/\/kofe.hu\/parola\/#\/schema\/person\/e218f9357a879ddd7f2cc215cbc1f9e4"},"headline":"J\u00e9zussal egy fed\u00e9l alatt: Kult\u00farotthon avat\u00e1sra","datePublished":"2020-05-28T16:41:09+00:00","dateModified":"2020-07-30T07:22:56+00:00","mainEntityOfPage":{"@id":"https:\/\/kofe.hu\/parola\/parola-folyoirat\/jezussal-egy-fedel-alatt-kulturotthon-avatasra\/"},"wordCount":636,"commentCount":0,"image":{"@id":"https:\/\/kofe.hu\/parola\/parola-folyoirat\/jezussal-egy-fedel-alatt-kulturotthon-avatasra\/#primaryimage"},"thumbnailUrl":"https:\/\/kofe.hu\/parola\/wp-content\/uploads\/2020\/05\/90.2.jpeg","articleSection":["Parola 1990\/2","Parola Foly\u00f3irat","Repert\u00f3rium"],"inLanguage":"hu","potentialAction":[{"@type":"CommentAction","name":"Comment","target":["https:\/\/kofe.hu\/parola\/parola-folyoirat\/jezussal-egy-fedel-alatt-kulturotthon-avatasra\/#respond"]}]},{"@type":"WebPage","@id":"https:\/\/kofe.hu\/parola\/parola-folyoirat\/jezussal-egy-fedel-alatt-kulturotthon-avatasra\/","url":"https:\/\/kofe.hu\/parola\/parola-folyoirat\/jezussal-egy-fedel-alatt-kulturotthon-avatasra\/","name":"J\u00e9zussal egy fed\u00e9l alatt: Kult\u00farotthon avat\u00e1sra - Parola Foly\u00f3irat","isPartOf":{"@id":"https:\/\/kofe.hu\/parola\/#website"},"primaryImageOfPage":{"@id":"https:\/\/kofe.hu\/parola\/parola-folyoirat\/jezussal-egy-fedel-alatt-kulturotthon-avatasra\/#primaryimage"},"image":{"@id":"https:\/\/kofe.hu\/parola\/parola-folyoirat\/jezussal-egy-fedel-alatt-kulturotthon-avatasra\/#primaryimage"},"thumbnailUrl":"https:\/\/kofe.hu\/parola\/wp-content\/uploads\/2020\/05\/90.2.jpeg","datePublished":"2020-05-28T16:41:09+00:00","dateModified":"2020-07-30T07:22:56+00:00","author":{"@id":"https:\/\/kofe.hu\/parola\/#\/schema\/person\/e218f9357a879ddd7f2cc215cbc1f9e4"},"breadcrumb":{"@id":"https:\/\/kofe.hu\/parola\/parola-folyoirat\/jezussal-egy-fedel-alatt-kulturotthon-avatasra\/#breadcrumb"},"inLanguage":"hu","potentialAction":[{"@type":"ReadAction","target":["https:\/\/kofe.hu\/parola\/parola-folyoirat\/jezussal-egy-fedel-alatt-kulturotthon-avatasra\/"]}]},{"@type":"ImageObject","inLanguage":"hu","@id":"https:\/\/kofe.hu\/parola\/parola-folyoirat\/jezussal-egy-fedel-alatt-kulturotthon-avatasra\/#primaryimage","url":"https:\/\/kofe.hu\/parola\/wp-content\/uploads\/2020\/05\/90.2.jpeg","contentUrl":"https:\/\/kofe.hu\/parola\/wp-content\/uploads\/2020\/05\/90.2.jpeg","width":1339,"height":1871},{"@type":"BreadcrumbList","@id":"https:\/\/kofe.hu\/parola\/parola-folyoirat\/jezussal-egy-fedel-alatt-kulturotthon-avatasra\/#breadcrumb","itemListElement":[{"@type":"ListItem","position":1,"name":"Home","item":"https:\/\/kofe.hu\/parola\/"},{"@type":"ListItem","position":2,"name":"J\u00e9zussal egy fed\u00e9l alatt: Kult\u00farotthon avat\u00e1sra"}]},{"@type":"WebSite","@id":"https:\/\/kofe.hu\/parola\/#website","url":"https:\/\/kofe.hu\/parola\/","name":"Parola Foly\u00f3irat","description":"","potentialAction":[{"@type":"SearchAction","target":{"@type":"EntryPoint","urlTemplate":"https:\/\/kofe.hu\/parola\/?s={search_term_string}"},"query-input":{"@type":"PropertyValueSpecification","valueRequired":true,"valueName":"search_term_string"}}],"inLanguage":"hu"},{"@type":"Person","@id":"https:\/\/kofe.hu\/parola\/#\/schema\/person\/e218f9357a879ddd7f2cc215cbc1f9e4","name":"Beke P\u00e1l","image":{"@type":"ImageObject","inLanguage":"hu","@id":"https:\/\/kofe.hu\/parola\/#\/schema\/person\/image\/23494c9101089ad44ae88ce9d2f56aac","url":"https:\/\/secure.gravatar.com\/avatar\/?s=96&d=mm&r=g","contentUrl":"https:\/\/secure.gravatar.com\/avatar\/?s=96&d=mm&r=g","caption":"Beke P\u00e1l"},"url":"https:\/\/kofe.hu\/parola\/szerzok\/beke-pal\/"}]}},"_links":{"self":[{"href":"https:\/\/kofe.hu\/parola\/wp-json\/wp\/v2\/posts\/1363","targetHints":{"allow":["GET"]}}],"collection":[{"href":"https:\/\/kofe.hu\/parola\/wp-json\/wp\/v2\/posts"}],"about":[{"href":"https:\/\/kofe.hu\/parola\/wp-json\/wp\/v2\/types\/post"}],"author":[{"embeddable":true,"href":"https:\/\/kofe.hu\/parola\/wp-json\/wp\/v2\/users\/45"}],"replies":[{"embeddable":true,"href":"https:\/\/kofe.hu\/parola\/wp-json\/wp\/v2\/comments?post=1363"}],"version-history":[{"count":2,"href":"https:\/\/kofe.hu\/parola\/wp-json\/wp\/v2\/posts\/1363\/revisions"}],"predecessor-version":[{"id":3955,"href":"https:\/\/kofe.hu\/parola\/wp-json\/wp\/v2\/posts\/1363\/revisions\/3955"}],"wp:featuredmedia":[{"embeddable":true,"href":"https:\/\/kofe.hu\/parola\/wp-json\/wp\/v2\/media\/3941"}],"wp:attachment":[{"href":"https:\/\/kofe.hu\/parola\/wp-json\/wp\/v2\/media?parent=1363"}],"wp:term":[{"taxonomy":"category","embeddable":true,"href":"https:\/\/kofe.hu\/parola\/wp-json\/wp\/v2\/categories?post=1363"},{"taxonomy":"post_tag","embeddable":true,"href":"https:\/\/kofe.hu\/parola\/wp-json\/wp\/v2\/tags?post=1363"},{"taxonomy":"author","embeddable":true,"href":"https:\/\/kofe.hu\/parola\/wp-json\/wp\/v2\/coauthors?post=1363"}],"curies":[{"name":"wp","href":"https:\/\/api.w.org\/{rel}","templated":true}]}}