{"id":1341,"date":"2020-05-28T15:34:38","date_gmt":"2020-05-28T15:34:38","guid":{"rendered":"https:\/\/kofe.hu\/parola\/?p=1341"},"modified":"2020-07-30T07:28:06","modified_gmt":"2020-07-30T07:28:06","slug":"folyamatokban-gondolkodni","status":"publish","type":"post","link":"https:\/\/kofe.hu\/parola\/parola-folyoirat\/folyamatokban-gondolkodni\/","title":{"rendered":"Folyamatokban gondolkodni"},"content":{"rendered":"<p><span style=\"font-family: Times New Roman CE;\">R\u00f6vid h\u00edrad\u00e1st k\u00f6z\u00f6lt\u00fcnk el\u0151z\u0151 sz\u00e1munkban az Iv\u00e1ncs\u00e1n elindult gazdaiskol\u00e1r\u00f3l. Ennek r\u00e9szleteir\u0151l k\u00e9rdeztem a kezdem\u00e9nyez\u0151t, R\u00e9dli L\u00e1szl\u00f3t.<\/span><\/p>\n<p><!--more--><br \/>\n<span style=\"font-family: Times New Roman CE;\">&#8211; \u00c9n el\u0151sz\u00f6r arra gondoltam, hogy az Aranykal\u00e1szos tanfolyamok mint\u00e1j\u00e1ra szakmai ismeretek k\u00f6zvet\u00edt\u00e9s\u00e9re szervezek egy gazdaiskol\u00e1t. De amikor egy-k\u00e9t embernek eml\u00edtettem, hogy milyen j\u00f3k is voltak azok a tank\u00f6nyvek, \u00e9s egy kis korszer\u0171s\u00edt\u00e9ssel ma is lehetne ezekb\u0151l tanulni, akkor j\u00f6ttek el\u0151 a k\u00f6vetkez\u0151 probl\u00e9m\u00e1k: nincsen p\u00e9nz\u00fcnk, nincsen f\u00f6ld\u00fcnk, nincsen g\u00e9p\u00fcnk stb. Tulajdonk\u00e9ppen a j\u00f3zan paraszti reag\u00e1l\u00e1sb\u00f3l k\u00f6vetkezett, hogy 89 \u0151sz\u00e9n &#8211; 90 elej\u00e9n egy gazdaiskol\u00e1nak a gazd\u00e1lkod\u00e1s-v\u00e1llalkoz\u00e1s felt\u00e9telrendszereivel, azok megteremt\u00e9s\u00e9nek lehet\u0151s\u00e9geivel kell foglalkozni. \u00c9s ha &#8222;be\u00e1ll&#8221; valamilyen ir\u00e1nyba ez az orsz\u00e1g &#8211; teh\u00e1t f\u00f6ldt\u00f6rv\u00e9ny, \u00f6nkorm\u00e1nyzati t\u00f6rv\u00e9ny sz\u00fcletik, amely hosszabb t\u00e1vra stabil, biztons\u00e1gos szab\u00e1lyoz\u00e1st jelent &#8211; akkor lehet a szakmai ismeretekkel r\u00e9szletesebben foglalkozni.<\/span><\/p>\n<p><span style=\"font-family: Times New Roman CE;\">Most, \u00edgy ut\u00f3lag m\u00e1r nem vagyok elkeseredve azon, hogy a kezdet kezdet\u00e9n nem ujjongtak az \u00f6tleteimt\u0151l az emberek. Most m\u00e1r term\u00e9szetes reakci\u00f3nak \u00e9rzem, hogy k\u00e9telkedtek, hitetlenkedtek, hogy pesszimist\u00e1k voltak, k\u00e9rett\u00e9k magukat. S\u0151t az els\u0151 el\u0151ad\u00e1sok alkalm\u00e1val a t\u00e9m\u00e1kat, illetve az el\u0151ad\u00f3kat &#8222;kij\u00e1tszott\u00e1k&#8221; egym\u00e1s ellen, mert amikor a f\u00f6ldjoggal foglalkoz\u00f3 szak\u00e9rt\u0151 j\u00f6tt, akkor az emberek nem a f\u00f6lddel kapcsolatos jogi \u00e9s egy\u00e9b k\u00e9rd\u00e9seket firtatt\u00e1k, nem arra &#8222;haszn\u00e1lt\u00e1k&#8221; a f\u00f6ldjog\u00e1szt, ami\u00e9rt \u0151 odaj\u00f6tt, hanem elkezdtek panaszkodni: hi\u00e1ba lesz is f\u00f6ld\u00fcnk, de nincsen p\u00e9nz\u00fcnk, g\u00e9p\u00fcnk, \u00e9s amikor a kisg\u00e9pekkel kapcsolatos szakember j\u00f6tt, akkor panaszkodtak a f\u00f6ldr\u0151l \u00e9s a t\u00f6bbi probl\u00e9m\u00e1r\u00f3l. Ez\u00e9rt is m\u00f3dos\u00edtottunk a tematik\u00e1n, amint szembes\u00fcltem ezzel a jelens\u00e9ggel, s a tervezetthez k\u00e9pest soron k\u00edv\u00fcl a gazd\u00e1k \u00e9rdekk\u00e9pviselet\u00e9vel kezdt\u00fcnk foglalkozni. Azonnal h\u00edvtam az Orsz\u00e1gos Gazdasz\u00f6vets\u00e9g vezet\u0151j\u00e9t, hogy az \u00e9rdekk\u00e9pviseletr\u0151l besz\u00e9ljen. R\u00e1j\u00f6ttem, hogy ez el\u0151l nem lehet kib\u00fajni, az \u00e9rdekk\u00e9pviselet az egyik legelemibb, legalapvet\u0151bb t\u00e9ma ebben a k\u00f6rben.<\/span><br \/>\n<span style=\"font-family: Times New Roman CE;\">&#8211; Ez a p\u00e1rtok megjelen\u00e9s\u00e9t is jelentette?<\/span><\/p>\n<p><span style=\"font-family: Times New Roman CE;\">&#8211; Nem. Itt van egy, az elm\u00falt negyven \u00e9v gyakorlat\u00e1b\u00f3l k\u00f6vetkez\u0151 term\u00e9szetes tiltakoz\u00e1s &#8211; tapasztalatom szerint &#8211; a p\u00e1rtokkal szemben. A m\u00e1sik ilyen \u00e9rz\u00e9keny pont a sz\u00f6vetkez\u00e9s, az hogy k\u00e9t-h\u00e1rom ember valamire \u00f6ssze\u00e1lljon. Emiatt \u00fagy l\u00e1tom, lesz egy kis &#8222;visszamozdul\u00e1s&#8221;. Bek\u00e9nyszer\u00edtett\u00e9k sz\u00f6vetkezetekbe az embereket &#8211; most mindenki egyed\u00fcl akar indulni, \u00e9s azt\u00e1n majd k\u00f6zben r\u00e1j\u00f6nnek, hogy \u00f6ssze kell fogni, de most m\u00e1r saj\u00e1t akaratukb\u00f3l, ami m\u00e1r m\u00e1s min\u0151s\u00e9get jelent.<\/span><br \/>\n<span style=\"font-family: Times New Roman CE;\">Az \u00e9rdekk\u00e9pviseletre visszat\u00e9rve Iv\u00e1ncs\u00e1n is megalakult a Gazdasz\u00f6vets\u00e9g helyi szervezete. Itt el\u0151sz\u00f6r is a bel\u00e9p\u00e9s t\u00e9nye, a valakihez tartoz\u00e1s &#8211; ha csak szimb\u00f3likusan is &#8211; egy nagy er\u0151, hogy mi m\u00e1r bel\u00e9pt\u00fcnk valahova, egy\u00fctt vagyunk. De ezzel nem azt \u00e9rt\u00e9k el az iv\u00e1ncsai gazdasz\u00f6vets\u00e9g-beliek, hogy van egy nagyobb szervezet, aki a kebl\u00e9re \u00f6leli az \u0151 probl\u00e9m\u00e1ikat; arra kellett r\u00e1j\u00f6nni\u00fck, hogy a maguk dolgait maguknak kell k\u00e9pviselni, hogy \u00f6nmaguknak kell megszervezni\u00fck magukat.<\/span><br \/>\n<span style=\"font-family: Times New Roman CE;\">&#8211; Volt-e m\u00e1s felt\u0171n\u0151 tapasztalatod?<\/span><\/p>\n<p><span style=\"font-family: Times New Roman CE;\">&#8211; Igen. Amikor a h\u00e1zakat, csal\u00e1dokat j\u00e1rtam a faluban, \u00e9s az emberek b\u0151vebben besz\u00e9ltek az \u00e9let\u00fckr\u0151l, akkor megmutatkozott, hogy az asszonyok a 8 \u00f3r\u00e1s munk\u00e1n t\u00fal 4 \u00f3r\u00e1t utaznak, meglehet\u0151sen embertelen, l\u00e9lek\u00f6l\u0151, le\u00e9p\u00edt\u0151 betan\u00edtott munk\u00e1t v\u00e9geznek, s igen keveset 5-6000,-Ft-ot keresnek. A besz\u00e9lget\u00e9sek sor\u00e1n p\u00e9nz- \u00e9s id\u0151elsz\u00e1mol\u00e1st pr\u00f3b\u00e1ltunk k\u00f6z\u00f6sen k\u00e9sz\u00edteni. A p\u00e9nzelsz\u00e1mol\u00e1sn\u00e1l azt kellett v\u00e9giggondolnunk, hogy abb\u00f3l az 5000,-Ft-b\u00f3l mire k\u00f6ltenek. F\u0151k\u00e9nt az \u00e9lelmez\u00e9sre: az egyre dr\u00e1gul\u00f3 \u00e9lelmiszerekre, tejre, keny\u00e9rre, z\u00f6lds\u00e9gf\u00e9l\u00e9kre. Akkor &#8211; sz\u00e1moltuk &#8211; a b\u00e9r nagyr\u00e9szt \u00e9lelmiszerre plusz a saj\u00e1t menz\u00e1j\u00e1ra megy el. Amikor \u00edgy v\u00e9gigsz\u00e1moltuk, hogy az asszony kereset\u00e9b\u0151l mennyi megy el a csal\u00e1d t\u00e1pl\u00e1lkoz\u00e1s\u00e1ra, \u00e9s hogy milyen min\u0151s\u00e9g\u0171 ez a t\u00e1pl\u00e1l\u00e9k, akkor kezdt\u00fck el kisz\u00e1molni, hogy ha az asszony otthon maradna, megtermelhetn\u00e9 az asztalra ker\u00fcl\u0151 t\u00e1pl\u00e1l\u00e9k nagy r\u00e9sz\u00e9t, mindazt, amire a v\u00e1rosban keresett kis j\u00f6vedelm\u00e9t ford\u00edtotta.<\/span><br \/>\n<span style=\"font-family: Times New Roman CE;\">Ebben az esetben nemcsak gazdas\u00e1gi hozad\u00e9ka lehetne a v\u00e1ltoz\u00e1snak, hanem a hagyom\u00e1nyos csal\u00e1d\u00f6sszetart\u00f3, h\u00e1ziasszonyi funkci\u00f3 is vissza\u00e1ll\u00edthat\u00f3 lenne a faluban.<\/span><\/p>\n<p><span style=\"font-family: Times New Roman CE;\">&#8211; V\u00e9g\u00fcl is mit l\u00e1tsz a besz\u00e9lget\u00e9s\u00fcnk els\u0151 fel\u00e9ben eml\u00edtett gazdaiskola lez\u00e1r\u00e1sakor, milyen tov\u00e1bbi lehet\u0151s\u00e9g k\u00edn\u00e1lkozik most?<\/span><br \/>\n<span style=\"font-family: Times New Roman CE;\">&#8211; A mi sorsunkat is meghat\u00e1rozz\u00e1k egyr\u00e9szt a v\u00e1laszt\u00e1sok, az \u00faj f\u00f6ldt\u00f6rv\u00e9ny, az \u00faj korm\u00e1ny. M\u00e1sr\u00e9szt a gazdaiskol\u00e1t mindenk\u00e9pp folytatni fogjuk \u0151szt\u0151l &#8211; hogy milyen ismeretek tanul\u00e1s\u00e1val, azt az \u00e9let, a sz\u00fcks\u00e9gletek szabj\u00e1k meg. A gazdaiskola folytat\u00e1s\u00e1nak gondolata nem bennem fogalmaz\u00f3dott meg, azt az utols\u00f3 el\u0151ad\u00e1son a hallgat\u00f3k szorgalmazt\u00e1k.<\/span><br \/>\n<span style=\"font-family: Times New Roman CE;\">Nagyon \u00e9rdekes, hogy m\u00e1r az els\u0151 5-6 alkalom sor\u00e1n r\u00e1d\u00f6bbent\u00fcnk arra, hogy val\u00f3ban nincsen p\u00e9nz\u00fcnk, f\u00f6ld\u00fcnk, g\u00e9p\u00fcnk ahhoz, hogy hirtelen v\u00e1llalkoz\u00e1sokba kezdj\u00fcnk \u00e9s m\u00e9gsem esett sz\u00e9t az iskola ebben a f\u00e1zisban a kurzus kell\u0151s k\u00f6zep\u00e9n, mert k\u00f6zben kialakult a m\u00e1r eml\u00edtett \u00e9rdekv\u00e9delmi szervezet, form\u00e1l\u00f3dni kezdett a hallgat\u00f3kb\u00f3l egy biokult\u00fara csoport &#8211; szeml\u00e9letm\u00f3dbeli, \u00e9rt\u00e9krendszerbeli v\u00e1ltoz\u00e1s is \u00e9rz\u00e9kelhet\u0151 lett. Kezdtek olyan k\u00e9rd\u00e9sekr\u0151l felel\u0151sen gondolkodni, amelyek m\u00e1r nem csak a saj\u00e1t \u00fcgy\u00fcket \u00e9rintett\u00e9k: az egyik gazd\u00e1lkod\u00f3 f\u00f6lvetette a f\u00f6ldhasznos\u00edt\u00f3 bizotts\u00e1gok sz\u00fcks\u00e9gess\u00e9g\u00e9t \u00e9s ez m\u00e1r az eg\u00e9sz falunak a probl\u00e9m\u00e1j\u00e1t is \u00e9rintette. Elkezdtek j\u00e1rni falusi, k\u00f6z\u00e9leti rendezv\u00e9nyekre &#8211; amelyeknek az \u0151 \u00e9let\u00fckre is kihat\u00e1suk volt, \u00e9s \u00fagy alakult a dolog, hogy az utols\u00f3 el\u0151tti foglalkoz\u00e1son megalakult a Biokult\u00fara Egyes\u00fclet iv\u00e1ncsai csoportja. Az\u00f3ta ezek k\u00f6z\u00fcl t\u00f6bben biokult\u00fara rendezv\u00e9nyekre j\u00e1rnak, 15 f\u0151 sz\u00e1m\u00e1ra az Egyes\u00fclet magbankj\u00e1b\u00f3l rendelt\u00fcnk nagyobb mennyis\u00e9g\u0171 vet\u0151magot. Ebben a pillanatban megfogalmaz\u00f3dott a piac, hogy itt t\u00f6bb lesz a term\u00e9s, mint a saj\u00e1t ig\u00e9ny\u00fcnk, s annak Duna\u00fajv\u00e1rosban a reformt\u00e1pl\u00e1lkoz\u00e1s ir\u00e1nt \u00e9rdekl\u0151d\u0151kb\u0151l konkr\u00e9t felvev\u0151 piacot is tal\u00e1ltunk.<\/span><br \/>\n<span style=\"font-family: Times New Roman CE;\">Teh\u00e1t nem olyan form\u00e1ban fog beindulni a helyi v\u00e1llalkoz\u00e1s, mint ahogy azt gondotuk; hiteleket vesz\u00fcnk fel, nagy ter\u00fcleteket b\u00e9rel\u00fcnk, azt\u00e1n g\u00e9pes\u00edt\u00fcnk \u00e9s gyorsan farmergazdas\u00e1gok teremnek. A h\u00e1zt\u00e1jiban egy kis bioterm\u00e9keket termel\u0151 csoport kezd el dolgozni \u00e9s ha \u0151szt\u0151l lesz egy kis felesleg is, akkor annak a piac\u00e1t is elkezdj\u00fck kutatni. Ha \u00fagy alakulnak a felt\u00e9telek a f\u00f6lddel kapcsolatban, id\u0151vel komoly v\u00e1llalkoz\u00f3k lehetnek ezekb\u0151l az emberekb\u0151l.<\/span><\/p>\n<p><span style=\"font-family: Times New Roman CE;\">A j\u00e1tszma semmik\u00e9pp nincs befejezve, nemcsak az\u00e9rt, mert \u0151sszel folytatjuk, hanem az\u00e9rt sem, mert itt apr\u00f3 l\u00e9p\u00e9sek sorozat\u00e1r\u00f3l van sz\u00f3. Minden ember, aki r\u00e9szt vett a gazdaiskol\u00e1n, naponta \u00e9s \u00f3r\u00e1nk\u00e9nt \u00fajabb \u00e9s \u00fajabb meglepet\u00e9sekkel, \u00f6tletekkel \u00e9s elk\u00e9pzel\u00e9sekkel j\u00f6n el\u0151, \u00e9s \u00edgy t\u00f6bb \u00e9rtelemben is igaz, hogy nem tudjuk, mit hoz a j\u00f6v\u0151.<\/span><span style=\"font-family: Times New Roman CE;\">&#8211; \u00dagy gondolom, ezek az emberek a saj\u00e1t szerep\u00fcket is keresik majd az \u00faj telep\u00fcl\u00e9si \u00f6nkorm\u00e1nyzat kialak\u00edt\u00e1s\u00e1n\u00e1l&#8230;<\/span><br \/>\n<span style=\"font-family: Times New Roman CE;\">&#8211; A legutols\u00f3 tal\u00e1lkoz\u00e1sunk id\u0151pontja egybeesett a k\u00f6rny\u00e9ket ural\u00f3 \u00f6sszevont Tsz eln\u00f6ke vezet\u0151i uralm\u00e1nak buk\u00e1s\u00e1val. Egy Tsz-en bel\u00fcli \u00faj hatalmi harc indult, \u00faj hatalom sz\u00fcletett, \u00e9s ez a tan\u00e1csi vezet\u00e9ssel l\u00e1that\u00f3an jobb kapcsolatot keres. R\u00e9szben ebb\u0151l ad\u00f3d\u00f3tt, hogy a Tsz a tan\u00e1csi vezet\u00e9snek, a helyben form\u00e1l\u00f3d\u00f3 kisgazdap\u00e1rti csoportnak, a gazdak\u00f6rnek \u00e9s a biokult\u00fara csoportnak siker\u00fcl \u00f6ssze\u00fclnie egy oldottabb kerekasztal-besz\u00e9lget\u00e9sre a j\u00f6v\u0151r\u0151l. Iv\u00e1ncs\u00e1n a k\u00fcl\u00f6nb\u00f6z\u0151 \u00e9rdekek kommunik\u00e1ci\u00f3ja kezd\u0151dhet meg.<\/span><\/p>\n","protected":false},"excerpt":{"rendered":"<p>R\u00f6vid h\u00edrad\u00e1st k\u00f6z\u00f6lt\u00fcnk el\u0151z\u0151 sz\u00e1munkban az Iv\u00e1ncs\u00e1n elindult gazdaiskol\u00e1r\u00f3l. Ennek r\u00e9szleteir\u0151l k\u00e9rdeztem a kezdem\u00e9nyez\u0151t, R\u00e9dli L\u00e1szl\u00f3t.<\/p>\n","protected":false},"author":15,"featured_media":3941,"comment_status":"open","ping_status":"open","sticky":false,"template":"","format":"standard","meta":{"_acf_changed":false,"footnotes":""},"categories":[87,8,7],"tags":[],"coauthors":[23],"class_list":["post-1341","post","type-post","status-publish","format-standard","has-post-thumbnail","hentry","category-parola-1990-2","category-parola-folyoirat","category-repertorium"],"acf":[],"yoast_head":"<!-- This site is optimized with the Yoast SEO plugin v26.7 - https:\/\/yoast.com\/wordpress\/plugins\/seo\/ -->\n<title>Folyamatokban gondolkodni - Parola Foly\u00f3irat<\/title>\n<meta name=\"robots\" content=\"index, follow, max-snippet:-1, max-image-preview:large, max-video-preview:-1\" \/>\n<link rel=\"canonical\" href=\"https:\/\/kofe.hu\/parola\/parola-folyoirat\/folyamatokban-gondolkodni\/\" \/>\n<meta property=\"og:locale\" content=\"hu_HU\" \/>\n<meta property=\"og:type\" content=\"article\" \/>\n<meta property=\"og:title\" content=\"Folyamatokban gondolkodni - Parola Foly\u00f3irat\" \/>\n<meta property=\"og:description\" content=\"R\u00f6vid h\u00edrad\u00e1st k\u00f6z\u00f6lt\u00fcnk el\u0151z\u0151 sz\u00e1munkban az Iv\u00e1ncs\u00e1n elindult gazdaiskol\u00e1r\u00f3l. Ennek r\u00e9szleteir\u0151l k\u00e9rdeztem a kezdem\u00e9nyez\u0151t, R\u00e9dli L\u00e1szl\u00f3t.\" \/>\n<meta property=\"og:url\" content=\"https:\/\/kofe.hu\/parola\/parola-folyoirat\/folyamatokban-gondolkodni\/\" \/>\n<meta property=\"og:site_name\" content=\"Parola Foly\u00f3irat\" \/>\n<meta property=\"article:published_time\" content=\"2020-05-28T15:34:38+00:00\" \/>\n<meta property=\"article:modified_time\" content=\"2020-07-30T07:28:06+00:00\" \/>\n<meta property=\"og:image\" content=\"https:\/\/kofe.hu\/parola\/wp-content\/uploads\/2020\/05\/90.2.jpeg\" \/>\n\t<meta property=\"og:image:width\" content=\"1339\" \/>\n\t<meta property=\"og:image:height\" content=\"1871\" \/>\n\t<meta property=\"og:image:type\" content=\"image\/jpeg\" \/>\n<meta name=\"author\" content=\"P\u00e9terfi Ferenc\" \/>\n<meta name=\"twitter:card\" content=\"summary_large_image\" \/>\n<meta name=\"twitter:label1\" content=\"Szerz\u0151:\" \/>\n\t<meta name=\"twitter:data1\" content=\"P\u00e9terfi Ferenc\" \/>\n\t<meta name=\"twitter:label2\" content=\"Becs\u00fclt olvas\u00e1si id\u0151\" \/>\n\t<meta name=\"twitter:data2\" content=\"8 perc\" \/>\n\t<meta name=\"twitter:label3\" content=\"Written by\" \/>\n\t<meta name=\"twitter:data3\" content=\"P\u00e9terfi Ferenc\" \/>\n<script type=\"application\/ld+json\" class=\"yoast-schema-graph\">{\"@context\":\"https:\/\/schema.org\",\"@graph\":[{\"@type\":\"Article\",\"@id\":\"https:\/\/kofe.hu\/parola\/parola-folyoirat\/folyamatokban-gondolkodni\/#article\",\"isPartOf\":{\"@id\":\"https:\/\/kofe.hu\/parola\/parola-folyoirat\/folyamatokban-gondolkodni\/\"},\"author\":{\"name\":\"P\u00e9terfi Ferenc\",\"@id\":\"https:\/\/kofe.hu\/parola\/#\/schema\/person\/46297a12b269c035523fdcd019f91711\"},\"headline\":\"Folyamatokban gondolkodni\",\"datePublished\":\"2020-05-28T15:34:38+00:00\",\"dateModified\":\"2020-07-30T07:28:06+00:00\",\"mainEntityOfPage\":{\"@id\":\"https:\/\/kofe.hu\/parola\/parola-folyoirat\/folyamatokban-gondolkodni\/\"},\"wordCount\":1547,\"commentCount\":0,\"image\":{\"@id\":\"https:\/\/kofe.hu\/parola\/parola-folyoirat\/folyamatokban-gondolkodni\/#primaryimage\"},\"thumbnailUrl\":\"https:\/\/kofe.hu\/parola\/wp-content\/uploads\/2020\/05\/90.2.jpeg\",\"articleSection\":[\"Parola 1990\/2\",\"Parola Foly\u00f3irat\",\"Repert\u00f3rium\"],\"inLanguage\":\"hu\",\"potentialAction\":[{\"@type\":\"CommentAction\",\"name\":\"Comment\",\"target\":[\"https:\/\/kofe.hu\/parola\/parola-folyoirat\/folyamatokban-gondolkodni\/#respond\"]}]},{\"@type\":\"WebPage\",\"@id\":\"https:\/\/kofe.hu\/parola\/parola-folyoirat\/folyamatokban-gondolkodni\/\",\"url\":\"https:\/\/kofe.hu\/parola\/parola-folyoirat\/folyamatokban-gondolkodni\/\",\"name\":\"Folyamatokban gondolkodni - Parola Foly\u00f3irat\",\"isPartOf\":{\"@id\":\"https:\/\/kofe.hu\/parola\/#website\"},\"primaryImageOfPage\":{\"@id\":\"https:\/\/kofe.hu\/parola\/parola-folyoirat\/folyamatokban-gondolkodni\/#primaryimage\"},\"image\":{\"@id\":\"https:\/\/kofe.hu\/parola\/parola-folyoirat\/folyamatokban-gondolkodni\/#primaryimage\"},\"thumbnailUrl\":\"https:\/\/kofe.hu\/parola\/wp-content\/uploads\/2020\/05\/90.2.jpeg\",\"datePublished\":\"2020-05-28T15:34:38+00:00\",\"dateModified\":\"2020-07-30T07:28:06+00:00\",\"author\":{\"@id\":\"https:\/\/kofe.hu\/parola\/#\/schema\/person\/46297a12b269c035523fdcd019f91711\"},\"breadcrumb\":{\"@id\":\"https:\/\/kofe.hu\/parola\/parola-folyoirat\/folyamatokban-gondolkodni\/#breadcrumb\"},\"inLanguage\":\"hu\",\"potentialAction\":[{\"@type\":\"ReadAction\",\"target\":[\"https:\/\/kofe.hu\/parola\/parola-folyoirat\/folyamatokban-gondolkodni\/\"]}]},{\"@type\":\"ImageObject\",\"inLanguage\":\"hu\",\"@id\":\"https:\/\/kofe.hu\/parola\/parola-folyoirat\/folyamatokban-gondolkodni\/#primaryimage\",\"url\":\"https:\/\/kofe.hu\/parola\/wp-content\/uploads\/2020\/05\/90.2.jpeg\",\"contentUrl\":\"https:\/\/kofe.hu\/parola\/wp-content\/uploads\/2020\/05\/90.2.jpeg\",\"width\":1339,\"height\":1871},{\"@type\":\"BreadcrumbList\",\"@id\":\"https:\/\/kofe.hu\/parola\/parola-folyoirat\/folyamatokban-gondolkodni\/#breadcrumb\",\"itemListElement\":[{\"@type\":\"ListItem\",\"position\":1,\"name\":\"Home\",\"item\":\"https:\/\/kofe.hu\/parola\/\"},{\"@type\":\"ListItem\",\"position\":2,\"name\":\"Folyamatokban gondolkodni\"}]},{\"@type\":\"WebSite\",\"@id\":\"https:\/\/kofe.hu\/parola\/#website\",\"url\":\"https:\/\/kofe.hu\/parola\/\",\"name\":\"Parola Foly\u00f3irat\",\"description\":\"\",\"potentialAction\":[{\"@type\":\"SearchAction\",\"target\":{\"@type\":\"EntryPoint\",\"urlTemplate\":\"https:\/\/kofe.hu\/parola\/?s={search_term_string}\"},\"query-input\":{\"@type\":\"PropertyValueSpecification\",\"valueRequired\":true,\"valueName\":\"search_term_string\"}}],\"inLanguage\":\"hu\"},{\"@type\":\"Person\",\"@id\":\"https:\/\/kofe.hu\/parola\/#\/schema\/person\/46297a12b269c035523fdcd019f91711\",\"name\":\"P\u00e9terfi Ferenc\",\"image\":{\"@type\":\"ImageObject\",\"inLanguage\":\"hu\",\"@id\":\"https:\/\/kofe.hu\/parola\/#\/schema\/person\/image\/d173d0cf20d3d8748a6819cd4d17d68c\",\"url\":\"https:\/\/secure.gravatar.com\/avatar\/523e0b801b986785c16f8e37b642a318cb28abdc4915fa26e5b257b5a3902afc?s=96&d=mm&r=g\",\"contentUrl\":\"https:\/\/secure.gravatar.com\/avatar\/523e0b801b986785c16f8e37b642a318cb28abdc4915fa26e5b257b5a3902afc?s=96&d=mm&r=g\",\"caption\":\"P\u00e9terfi Ferenc\"},\"url\":\"https:\/\/kofe.hu\/parola\/szerzok\/peterfi-ferenc\/\"}]}<\/script>\n<!-- \/ Yoast SEO plugin. -->","yoast_head_json":{"title":"Folyamatokban gondolkodni - Parola Foly\u00f3irat","robots":{"index":"index","follow":"follow","max-snippet":"max-snippet:-1","max-image-preview":"max-image-preview:large","max-video-preview":"max-video-preview:-1"},"canonical":"https:\/\/kofe.hu\/parola\/parola-folyoirat\/folyamatokban-gondolkodni\/","og_locale":"hu_HU","og_type":"article","og_title":"Folyamatokban gondolkodni - Parola Foly\u00f3irat","og_description":"R\u00f6vid h\u00edrad\u00e1st k\u00f6z\u00f6lt\u00fcnk el\u0151z\u0151 sz\u00e1munkban az Iv\u00e1ncs\u00e1n elindult gazdaiskol\u00e1r\u00f3l. Ennek r\u00e9szleteir\u0151l k\u00e9rdeztem a kezdem\u00e9nyez\u0151t, R\u00e9dli L\u00e1szl\u00f3t.","og_url":"https:\/\/kofe.hu\/parola\/parola-folyoirat\/folyamatokban-gondolkodni\/","og_site_name":"Parola Foly\u00f3irat","article_published_time":"2020-05-28T15:34:38+00:00","article_modified_time":"2020-07-30T07:28:06+00:00","og_image":[{"width":1339,"height":1871,"url":"https:\/\/kofe.hu\/parola\/wp-content\/uploads\/2020\/05\/90.2.jpeg","type":"image\/jpeg"}],"author":"P\u00e9terfi Ferenc","twitter_card":"summary_large_image","twitter_misc":{"Szerz\u0151:":"P\u00e9terfi Ferenc","Becs\u00fclt olvas\u00e1si id\u0151":"8 perc","Written by":"P\u00e9terfi Ferenc"},"schema":{"@context":"https:\/\/schema.org","@graph":[{"@type":"Article","@id":"https:\/\/kofe.hu\/parola\/parola-folyoirat\/folyamatokban-gondolkodni\/#article","isPartOf":{"@id":"https:\/\/kofe.hu\/parola\/parola-folyoirat\/folyamatokban-gondolkodni\/"},"author":{"name":"P\u00e9terfi Ferenc","@id":"https:\/\/kofe.hu\/parola\/#\/schema\/person\/46297a12b269c035523fdcd019f91711"},"headline":"Folyamatokban gondolkodni","datePublished":"2020-05-28T15:34:38+00:00","dateModified":"2020-07-30T07:28:06+00:00","mainEntityOfPage":{"@id":"https:\/\/kofe.hu\/parola\/parola-folyoirat\/folyamatokban-gondolkodni\/"},"wordCount":1547,"commentCount":0,"image":{"@id":"https:\/\/kofe.hu\/parola\/parola-folyoirat\/folyamatokban-gondolkodni\/#primaryimage"},"thumbnailUrl":"https:\/\/kofe.hu\/parola\/wp-content\/uploads\/2020\/05\/90.2.jpeg","articleSection":["Parola 1990\/2","Parola Foly\u00f3irat","Repert\u00f3rium"],"inLanguage":"hu","potentialAction":[{"@type":"CommentAction","name":"Comment","target":["https:\/\/kofe.hu\/parola\/parola-folyoirat\/folyamatokban-gondolkodni\/#respond"]}]},{"@type":"WebPage","@id":"https:\/\/kofe.hu\/parola\/parola-folyoirat\/folyamatokban-gondolkodni\/","url":"https:\/\/kofe.hu\/parola\/parola-folyoirat\/folyamatokban-gondolkodni\/","name":"Folyamatokban gondolkodni - Parola Foly\u00f3irat","isPartOf":{"@id":"https:\/\/kofe.hu\/parola\/#website"},"primaryImageOfPage":{"@id":"https:\/\/kofe.hu\/parola\/parola-folyoirat\/folyamatokban-gondolkodni\/#primaryimage"},"image":{"@id":"https:\/\/kofe.hu\/parola\/parola-folyoirat\/folyamatokban-gondolkodni\/#primaryimage"},"thumbnailUrl":"https:\/\/kofe.hu\/parola\/wp-content\/uploads\/2020\/05\/90.2.jpeg","datePublished":"2020-05-28T15:34:38+00:00","dateModified":"2020-07-30T07:28:06+00:00","author":{"@id":"https:\/\/kofe.hu\/parola\/#\/schema\/person\/46297a12b269c035523fdcd019f91711"},"breadcrumb":{"@id":"https:\/\/kofe.hu\/parola\/parola-folyoirat\/folyamatokban-gondolkodni\/#breadcrumb"},"inLanguage":"hu","potentialAction":[{"@type":"ReadAction","target":["https:\/\/kofe.hu\/parola\/parola-folyoirat\/folyamatokban-gondolkodni\/"]}]},{"@type":"ImageObject","inLanguage":"hu","@id":"https:\/\/kofe.hu\/parola\/parola-folyoirat\/folyamatokban-gondolkodni\/#primaryimage","url":"https:\/\/kofe.hu\/parola\/wp-content\/uploads\/2020\/05\/90.2.jpeg","contentUrl":"https:\/\/kofe.hu\/parola\/wp-content\/uploads\/2020\/05\/90.2.jpeg","width":1339,"height":1871},{"@type":"BreadcrumbList","@id":"https:\/\/kofe.hu\/parola\/parola-folyoirat\/folyamatokban-gondolkodni\/#breadcrumb","itemListElement":[{"@type":"ListItem","position":1,"name":"Home","item":"https:\/\/kofe.hu\/parola\/"},{"@type":"ListItem","position":2,"name":"Folyamatokban gondolkodni"}]},{"@type":"WebSite","@id":"https:\/\/kofe.hu\/parola\/#website","url":"https:\/\/kofe.hu\/parola\/","name":"Parola Foly\u00f3irat","description":"","potentialAction":[{"@type":"SearchAction","target":{"@type":"EntryPoint","urlTemplate":"https:\/\/kofe.hu\/parola\/?s={search_term_string}"},"query-input":{"@type":"PropertyValueSpecification","valueRequired":true,"valueName":"search_term_string"}}],"inLanguage":"hu"},{"@type":"Person","@id":"https:\/\/kofe.hu\/parola\/#\/schema\/person\/46297a12b269c035523fdcd019f91711","name":"P\u00e9terfi Ferenc","image":{"@type":"ImageObject","inLanguage":"hu","@id":"https:\/\/kofe.hu\/parola\/#\/schema\/person\/image\/d173d0cf20d3d8748a6819cd4d17d68c","url":"https:\/\/secure.gravatar.com\/avatar\/523e0b801b986785c16f8e37b642a318cb28abdc4915fa26e5b257b5a3902afc?s=96&d=mm&r=g","contentUrl":"https:\/\/secure.gravatar.com\/avatar\/523e0b801b986785c16f8e37b642a318cb28abdc4915fa26e5b257b5a3902afc?s=96&d=mm&r=g","caption":"P\u00e9terfi Ferenc"},"url":"https:\/\/kofe.hu\/parola\/szerzok\/peterfi-ferenc\/"}]}},"_links":{"self":[{"href":"https:\/\/kofe.hu\/parola\/wp-json\/wp\/v2\/posts\/1341","targetHints":{"allow":["GET"]}}],"collection":[{"href":"https:\/\/kofe.hu\/parola\/wp-json\/wp\/v2\/posts"}],"about":[{"href":"https:\/\/kofe.hu\/parola\/wp-json\/wp\/v2\/types\/post"}],"author":[{"embeddable":true,"href":"https:\/\/kofe.hu\/parola\/wp-json\/wp\/v2\/users\/15"}],"replies":[{"embeddable":true,"href":"https:\/\/kofe.hu\/parola\/wp-json\/wp\/v2\/comments?post=1341"}],"version-history":[{"count":2,"href":"https:\/\/kofe.hu\/parola\/wp-json\/wp\/v2\/posts\/1341\/revisions"}],"predecessor-version":[{"id":3965,"href":"https:\/\/kofe.hu\/parola\/wp-json\/wp\/v2\/posts\/1341\/revisions\/3965"}],"wp:featuredmedia":[{"embeddable":true,"href":"https:\/\/kofe.hu\/parola\/wp-json\/wp\/v2\/media\/3941"}],"wp:attachment":[{"href":"https:\/\/kofe.hu\/parola\/wp-json\/wp\/v2\/media?parent=1341"}],"wp:term":[{"taxonomy":"category","embeddable":true,"href":"https:\/\/kofe.hu\/parola\/wp-json\/wp\/v2\/categories?post=1341"},{"taxonomy":"post_tag","embeddable":true,"href":"https:\/\/kofe.hu\/parola\/wp-json\/wp\/v2\/tags?post=1341"},{"taxonomy":"author","embeddable":true,"href":"https:\/\/kofe.hu\/parola\/wp-json\/wp\/v2\/coauthors?post=1341"}],"curies":[{"name":"wp","href":"https:\/\/api.w.org\/{rel}","templated":true}]}}