{"id":1337,"date":"2020-05-28T15:26:24","date_gmt":"2020-05-28T15:26:24","guid":{"rendered":"https:\/\/kofe.hu\/parola\/?p=1337"},"modified":"2020-07-30T07:29:13","modified_gmt":"2020-07-30T07:29:13","slug":"kozossegfejlesztes-nograd-megyeben","status":"publish","type":"post","link":"https:\/\/kofe.hu\/parola\/parola-folyoirat\/kozossegfejlesztes-nograd-megyeben\/","title":{"rendered":"K\u00f6z\u00f6ss\u00e9gfejleszt\u00e9s N\u00f3gr\u00e1d megy\u00e9ben"},"content":{"rendered":"<p><span style=\"font-family: Times New Roman CE;\">A K\u00f6z\u00f6ss\u00e9gfejleszt\u0151k Egyes\u00fclete 1989. \u00e1prilis 8-\u00e1n alakult meg.<\/span><br \/>\n<span style=\"font-family: Times New Roman CE;\">Az orsz\u00e1gos egyes\u00fclet a k\u00f6z\u00f6ss\u00e9ghi\u00e1nyos t\u00e9rs\u00e9gek fejleszt\u00e9s\u00e9\u00e9rt dolgozik.<\/span><br \/>\n<span style=\"font-family: Times New Roman CE;\">Int\u00e9zm\u00e9ny\u00fcnk tagja e szervezetnek, a n\u00f3gr\u00e1di fejleszt\u0151k<\/span><br \/>\n<span style=\"font-family: Times New Roman CE;\">helyi \u00f6ntev\u00e9keny k\u00f6z\u00f6ss\u00e9gek l\u00e9trehoz\u00e1s\u00e1n f\u00e1radoznak m\u00e1r t\u00f6bb \u00e9ve.<\/span><\/p>\n<p><!--more--><\/p>\n<p><span style=\"font-family: Times New Roman CE;\">N\u00e9zz\u00fcnk n\u00e9h\u00e1ny konkr\u00e9t<\/span><br \/>\n<span style=\"font-family: Times New Roman CE;\">k\u00f6z\u00f6ss\u00e9gi \u00e9s kult\u00farafejleszt\u00e9si<\/span><br \/>\n<span style=\"font-family: Times New Roman CE;\">p\u00e9ld\u00e1t telep\u00fcl\u00e9seinkr\u0151l:<\/span><\/p>\n<p><span style=\"font-family: Times New Roman CE;\">Patak helyi \u00fajs\u00e1got jelentetett meg, a fontosabb \u00fcnnepekr\u0151l, esem\u00e9nyekr\u0151l videofelv\u00e9teleket k\u00e9sz\u00edtenek, t\u00e1rsadalmi munk\u00e1ban fel\u00faj\u00edtott\u00e1k, illetve faluh\u00e1zz\u00e1 alak\u00edtott\u00e1k a helyi &#8211; kor\u00e1bban rendk\u00edv\u00fcl rossz \u00e1llapotban l\u00e9v\u0151 &#8211; m\u0171vel\u0151d\u00e9si h\u00e1zat. Jelenleg a sportp\u00e1lya befejez\u00e9s\u00e9n munk\u00e1lkodnak.<\/span><br \/>\n<span style=\"font-family: Times New Roman CE;\">Mindezt a munk\u00e1t a helyi K\u00f6zm\u0171vel\u0151d\u00e9si Egyes\u00fclet szervezi, melynek tev\u00e9kenys\u00e9ge nyilv\u00e1nos, s amely v\u00e1llalja a falu politikai-t\u00e1rsadalmi k\u00f6z\u00e9let\u00e9nek befoly\u00e1sol\u00e1s\u00e1t.<\/span><br \/>\n<span style=\"font-family: Times New Roman CE;\">Helyi fejleszt\u0151k: Koszor\u00fas S\u00e1ndor tan\u00e1r, Koszor\u00fas S\u00e1ndorn\u00e9, Kop\u00f3 Rita \u00e9s Mojzsik M\u00e1ria tan\u00e1csi dolgoz\u00f3k, valamint Barna S\u00e1ndor mez\u0151gazd\u00e1sz.<\/span><\/p>\n<p><span style=\"font-family: Times New Roman CE;\">N\u00f3gr\u00e1dsipeken elk\u00e9sz\u00edtett\u00e9k a telep\u00fcl\u00e9s r\u00f6vid- \u00e9s hossz\u00fat\u00e1v\u00fa fejleszt\u00e9si programj\u00e1t, melyet kist\u00e9rs\u00e9gi (sz\u00e9khely \u00e9s t\u00e1rsk\u00f6zs\u00e9g) b\u00edr\u00e1latra bocs\u00e1tottak. Szint\u00e9n fel\u00faj\u00edtott\u00e1k \u00e9s \u00e1talak\u00edtott\u00e1k a m\u0171vel\u0151d\u00e9si h\u00e1zukat. Filmet k\u00e9sz\u00edtenek minden jelent\u0151sebb esem\u00e9nyr\u0151l (h\u00f3vir\u00e1gt\u00fara, maj\u00e1lis, farsang), melyek vet\u00edt\u00e9se nyilv\u00e1nos. Megalak\u00edtott\u00e1k a N\u00f3gr\u00e1dsipek\u00e9rt eml\u00e9k\u00e9rmet, amelyet minden \u00e9vben a telep\u00fcl\u00e9s\u00e9rt legt\u00f6bbet tev\u0151 \u00e1llampolg\u00e1rnak ad \u00e1t \u00fcnnep\u00e9lyes falugy\u0171l\u00e9sen az egyes\u00fclet k\u00e9pvisel\u0151je.<\/span><br \/>\n<span style=\"font-family: Times New Roman CE;\">Erd\u0151k\u00fcrt\u00f6n imm\u00e1r negyedik \u00e9ve m\u0171k\u00f6dik a N\u00e9pf\u0151iskola. Ehhez k\u00fcl\u00f6nf\u00e9le programok kapcsol\u00f3dnak (sz\u00ednh\u00e1zl\u00e1togat\u00e1sok, kir\u00e1ndul\u00e1sok, k\u00f6z\u00f6s vacsor\u00e1k, az \u00fcnnepek \u00fajra\u00e9l\u00e9se). \u00dagy gondolom, az erd\u0151k\u00fcrti egyes\u00fcletnek is k\u00f6sz\u00f6nhet\u0151, hogy az iskola \u00fajra \u00f6n\u00e1ll\u00f3, s tal\u00e1n az is, hogy a n\u00e9pf\u0151iskolai gondolat \u00e9s mozgalom N\u00f3gr\u00e1d megy\u00e9ben terjed\u0151ben van.<\/span><br \/>\n<span style=\"font-family: Times New Roman CE;\">Ha nincs erd\u0151k\u00fcrti faluszemin\u00e1rium, akkor tal\u00e1n nehezebben szervez\u0151d\u00f6tt volna meg az orsz\u00e1gban is els\u0151k\u00e9nt K\u00e1ll\u00f3n a Katolikus N\u00e9pf\u0151iskola, amelynek legf\u0151bb c\u00e9lja a &#8222;krisztusibb ember kialak\u00edt\u00e1sa&#8221;. A bentlak\u00e1sos n\u00e9pf\u0151iskola hat\u00e1ssal volt a telep\u00fcl\u00e9sre, hiszen ennek eredm\u00e9nyek\u00e9ppen j\u00f6tt l\u00e9tre \u00e9s m\u0171k\u00f6dik a cig\u00e1ny fiatalokat \u00f6sszefog\u00f3 n\u00e9pf\u0151iskola.<\/span><br \/>\n<span style=\"font-family: Times New Roman CE;\">Patvarc k\u00f6zs\u00e9gben a Pal\u00f3c Lovasok Bar\u00e1ti K\u00f6re szervez\u00e9s\u00e9ben indult meg a paraszt n\u00e9pf\u0151iskola. A n\u00e9pf\u0151iskola r\u00e9sztvev\u0151i a bar\u00e1ti k\u00f6r tagjai mellett azok a k\u00f6rny\u00e9ken \u00e9l\u0151 emberek, akik sz\u00e1m\u00e1ra a f\u00f6ld szeretete m\u00e9g nem idegen, parasztpolg\u00e1rs\u00e1gukat b\u00fcszk\u00e9n v\u00e1llalj\u00e1k.<\/span><\/p>\n<p><span style=\"font-family: Times New Roman CE;\">Tudunk m\u00e9g t\u00f6bb n\u00e9pf\u0151iskolai kezdem\u00e9nyez\u00e9sr\u0151l, ahol csak b\u00e1tor\u00edt\u00e1st, meger\u0151s\u00edt\u00e9st \u00e9s egy kis k\u00fcls\u0151 seg\u00edts\u00e9get v\u00e1rnak, hogy munk\u00e1jukat el tudj\u00e1k kezdeni. P\u00e9ld\u00e1ul Patakon, ahol a csal\u00e1d, az erk\u00f6lcs \u00e9s az iskola kapcsolat\u00e1val szeretn\u00e9nek foglalkozni. Palot\u00e1shalmon \u00e9s Szarvasged\u00e9n a v\u00e1llalkoz\u00f3k \u00e9s leend\u0151 v\u00e1llalkoz\u00f3k n\u00e9pf\u0151iskol\u00e1j\u00e1t k\u00edv\u00e1nj\u00e1k elind\u00edtani.<\/span><br \/>\n<span style=\"font-family: Times New Roman CE;\">T\u00f6bb telep\u00fcl\u00e9s leend\u0151 \u00f6nkorm\u00e1nyzat\u00e1t szeretn\u00e9 felk\u00e9sz\u00edteni, hogy t\u00f6rv\u00e9nyadta jogaikkal min\u00e9l jobban \u00e9lni tudjanak. Vannak telep\u00fcl\u00e9sek, amelyek az elszakad\u00e1st, a sz\u00f6vetkezett\u0151l val\u00f3 lev\u00e1l\u00e1st latolgatj\u00e1k, az infrastrukt\u00fara fejleszt\u00e9s\u00e9nek, val\u00f3di sz\u00f6vetkezetek alak\u00edt\u00e1s\u00e1nak gondolat\u00e1val foglalkoznak.<\/span><\/p>\n<p><span style=\"font-family: Times New Roman CE;\">Galgaguta telep\u00fcl\u00e9sen egy m\u00e1sfajta fejleszt\u0151i munka folyik: Gy\u00fcrki Tibor vezet\u00e9s\u00e9vel imm\u00e1r tizennyolc \u00e9ve \u00edrj\u00e1k a falu kr\u00f3nik\u00e1j\u00e1t. E munka a kezdet kezdet\u00e9n abb\u00f3l \u00e1llt, hogy Gy\u00fcrki Tibor minden \u00e9vben k\u00e9sz\u00edtett diafelv\u00e9teleket a falu t\u00e1rsadalmi \u00fcnnepeir\u0151l. Ebb\u0151l az egyszer\u0171 tev\u00e9kenys\u00e9gb\u0151l fejl\u0151d\u00f6tt ki azt\u00e1n, hogy ma m\u00e1r minden jelent\u0151sebb esem\u00e9nyr\u0151l (\u00faj h\u00e1zak \u00e9p\u00fcl\u00e9se, a telep\u00fcl\u00e9s \u00e9let\u00e9t befoly\u00e1sol\u00f3 t\u00e1rsadalmi, csal\u00e1di esem\u00e9nyekr\u0151l, az \u00e9vszakokhoz k\u00f6t\u0151d\u0151 munk\u00e1kr\u00f3l stb.) k\u00e9sz\u00fclnek felv\u00e9telek a Kr\u00f3nika sz\u00e1m\u00e1ra. Gy\u00fcrki Tibor mellett ma m\u00e1r sokan dolgoznak, akik val\u00f3s\u00e1ggal megkompon\u00e1lj\u00e1k &#8211; \u00edrj\u00e1k, szerkesztik, v\u00e1gj\u00e1k &#8211; m\u00e1s-m\u00e1s profil\u00fav\u00e1 teszik &#8211; a helyieknek sz\u00f3l\u00f3 videofilmet \u00e9s illesztik bele Galgaguta helyi nyilv\u00e1noss\u00e1g\u00e1ba.<\/span><\/p>\n<p><span style=\"font-family: Times New Roman CE;\">A m\u00e1sik p\u00e9lda Galgagut\u00e1r\u00f3l az id\u0151s emberek &#8211; \u00e9s rajtuk kereszt\u00fcl a m\u00falt &#8211; bekapcsol\u00e1sa a telep\u00fcl\u00e9s mindennapi \u00e9let\u00e9be. M\u00edg t\u00f6bb telep\u00fcl\u00e9sen az \u00f6regekkel val\u00f3 t\u00f6r\u0151d\u00e9s csak mint szoci\u00e1lis probl\u00e9ma vet\u0151dik fel, addig itt Hugyecz Andr\u00e1sn\u00e9 tan\u00edt\u00f3n\u0151 megszervezi sz\u00e1mukra a nyugd\u00edjas klubot, ahol meg\u00fcnneplik a sz\u00fclet\u00e9s- \u00e9s n\u00e9vnapokat, megeml\u00e9keznek az elt\u00e1vozottakr\u00f3l, teh\u00e1t nem \u00e9rzik mag\u00e1nyosnak magukat. Sz\u00e1mukra megadatott az is, hogy elmondhass\u00e1k a fiataloknak a csal\u00e1d, a falu sors\u00e1t, besz\u00e9lhetnek szok\u00e1saikr\u00f3l, \u00fcnnepeikr\u0151l, viselet\u00fckr\u0151l, az iskol\u00e1r\u00f3l, mert a k\u00f6z\u00f6ss\u00e9g vezet\u0151i felismert\u00e9k, hogy a m\u00falt m\u00e1ra sz\u00f3l\u00f3 \u00fczeneteket is tartalmaz.<\/span><\/p>\n<p><span style=\"font-family: Times New Roman CE;\">Amennyire fontos Galgagut\u00e1n a helyi nyilv\u00e1noss\u00e1g megteremt\u00e9se, a m\u00falt \u00e9s jelen \u00f6sszekapcsol\u00e1sa, ugyanilyen fontos \u00e9letter\u00fck hat\u00e1rainak kit\u00e1g\u00edt\u00e1sa. A gutaiak sokat utaznak az orsz\u00e1gban \u00e9s k\u00fclf\u00f6ld\u00f6n is. Voltak m\u00e1r Csehszlov\u00e1ki\u00e1ban \u00e9s Ausztri\u00e1ban. Hogy mit jelentenek sz\u00e1mukra ezek az utak, \u00e1lljon itt egy r\u00f6vid id\u00e9zet egy lev\u00e9lb\u0151l:<\/span><br \/>\n<span style=\"font-family: Times New Roman CE;\">&#8222;Csod\u00e1latosan siker\u00fclt a nyugd\u00edjas kir\u00e1ndul\u00e1s is. Tal\u00e1n \u00edrtam m\u00e1r Neked a m\u00faltkor, hogy volt olyan, aki s\u00edrt is. Egy b\u00e1csika (szinte teljesen vak) ugyancsak elj\u00f6tt vel\u00fcnk. Elmondhatatlan, hogy milyen \u00f6r\u00f6mteli k\u00e9t nap volt ez az \u00e9let\u00e9ben. Sz\u00f3val ezek \u00e9s ilyenek \u00e9ltetnek benn\u00fcnket. (&#8230;) Reggel, indul\u00e1skor egy hatalmas mazsol\u00e1s \u00f6r\u00f6mkal\u00e1csot szegt\u00fcnk fel egy kis p\u00e1link\u00e1val f\u0171szerezve.&#8221;<\/span><\/p>\n<p><span style=\"font-family: Times New Roman CE;\">Szendehelyen Schmidt Istv\u00e1n kezdem\u00e9nyez\u00e9s\u00e9vel indult el a helyi fejleszt\u00e9s. A m\u0171vel\u0151d\u00e9si h\u00e1zat egyes\u00fcleti kezel\u00e9sbe vett\u00e9k, fel\u00faj\u00edtott\u00e1k \u00e9s a falu ig\u00e9nyei szerint m\u0171k\u00f6dtetik. Az iskol\u00e1t j\u00f3r\u00e9szt t\u00e1rsadalmi munk\u00e1ban b\u0151v\u00edtett\u00e9k, aut\u00f3busz v\u00e1s\u00e1rl\u00e1s\u00e1val pedig lehet\u0151v\u00e9 v\u00e1lt, hogy kapcsolatrendszer\u00fcket \u00e9s mozg\u00e1ster\u00fcket kit\u00e1g\u00edts\u00e1k.<\/span><br \/>\n<span style=\"font-family: Times New Roman CE;\">(Schmidt Istv\u00e1n e tev\u00e9kenys\u00e9g\u00e9\u00e9rt az 1990. \u00e9vben Mad\u00e1ch d\u00edjat kapott. \/szerk.\/)<\/span><br \/>\n<span style=\"font-family: Times New Roman CE;\">S\u00e1g\u00fajfaluban a Falusz\u00e9p\u00edt\u0151 Egyes\u00fclet faluv\u00e9delemmel, k\u00f6rnyezetv\u00e9delemmel foglalkozik. A r\u00e9gi k\u00fari\u00e1t szeretn\u00e9k megmenteni \u00e9s a telep\u00fcl\u00e9st bekapcsolni a h\u0151n \u00f3hajtott falusi turizmusba. Kapcsolatba l\u00e9ptek a falu- \u00e9s v\u00e1rossz\u00e9p\u00edt\u0151 egyes\u00fcletekkel \u00e9s Cs\u00e1ky Csab\u00e1val, a falusi turizmust szervez\u0151 sz\u00f6vetkezet vezet\u0151j\u00e9vel. Pincz\u00e9s Rudolfn\u00e9, Kl\u00e1rika, az egyes\u00fclet vezet\u0151je, felv\u00e9teleket k\u00e9sz\u00edtett a falu sz\u00e9p h\u00e1zair\u00f3l, nevezetess\u00e9geir\u0151l, foglalkozik a csereturizmus gondolat\u00e1val is.<\/span><br \/>\n<span style=\"font-family: Times New Roman CE;\">&#8222;Most igyekszem alaposan felk\u00e9sz\u00fclni a k\u00f6zs\u00e9gb\u0151l &#8211; mondja &#8211; \u00e9s egy\u00e1ltal\u00e1n a megy\u00e9b\u0151l. Sajnos alig tudnak r\u00f3la valamit, csak Holl\u00f3k\u0151 neve hallat\u00e1n csillan meg a szem\u00fck.&#8221;<\/span><\/p>\n<p><span style=\"font-family: Times New Roman CE;\">Tenniakar\u00e1sukat azonban m\u00e1r elismerik, s\u0151t a helyi t\u00e1mogat\u00f3k k\u00f6re is egyre b\u0151v\u00fcl.<\/span><br \/>\n<span style=\"font-family: Times New Roman CE;\">A sort folytathatn\u00e1nk: Borsosber\u00e9ny, Kisterenye, S\u00e1msonh\u00e1za, Csit\u00e1r, Piliny, N\u00f3gr\u00e1dmarcal, Karancsalja, nemzetis\u00e9gi telep\u00fcl\u00e9seink nagyr\u00e9sze, ahol a fentiekhez hasonl\u00f3 fejleszt\u00e9si folyamat indult el.<\/span><br \/>\n<span style=\"font-family: Times New Roman CE;\">Ezek a telep\u00fcl\u00e9sek az \u00fagynevezett &#8222;szerepk\u00f6r n\u00e9lk\u00fcli&#8221; kateg\u00f3ri\u00e1ba tartoznak, szinte k\u00edn\u00e1lj\u00e1k magukat a fejleszt\u0151 sz\u00e1m\u00e1ra. \u00c1ltal\u00e1ban azokon a telep\u00fcl\u00e9sekn\u00e9l tal\u00e1ltunk partnereket &#8211; helyi seg\u00edt\u0151ket &#8211; amelyek nagys\u00e1grendj\u00fck miatt az \u00e9vek sor\u00e1n a legkiszolg\u00e1ltatottabb\u00e1 v\u00e1ltak. \u017ek azok, akik b\u00e1rkit \u00f6r\u00f6mmel fogadnak, aki seg\u00edt\u0151 sz\u00e1nd\u00e9kkal k\u00f6zeledik fel\u00e9j\u00fck. Nem b\u00edznak sem a k\u00f6zponti, sem a helyi hatalomban, mely a legjobb esetben is legfeljebb k\u00f6z\u00f6mb\u00f6s, de olykor ink\u00e1bb rosszindulat\u00fa. Ezen k\u00edv\u00fcl nincsenek orsz\u00e1gos kapcsolataik, inform\u00e1ci\u00f3ik, teljesen magukra utaltak.<\/span><br \/>\n<span style=\"font-family: Times New Roman CE;\">Fejleszt\u0151i munk\u00e1nk els\u0151 szakasz\u00e1ban tev\u00e9kenys\u00e9g\u00fcnk javar\u00e9szt inform\u00e1ci\u00f3s munka. C\u00e9lunk a hat\u00e1rok kit\u00e1g\u00edt\u00e1sa, az inform\u00e1ci\u00f3k h\u00edjj\u00e1n hamar megtorpan\u00f3, vagy el sem indul\u00f3 cselekv\u00e9s tov\u00e1bbi lehet\u0151s\u00e9geinek megmutat\u00e1sa \u00e9s a cselekv\u00e9si kedv \u00e1lland\u00f3 \u00e9brentart\u00e1sa, anim\u00e1l\u00e1sa. Igyeksz\u00fcnk a legmagasabb szint\u0171 inform\u00e1ci\u00f3t, szakembert, utaz\u00e1si lehet\u0151s\u00e9get, stb. hozz\u00e1rendelni a helyi akarathoz, mert csak \u00edgy lehet elind\u00edtani a cselekv\u00e9seket.<\/span><br \/>\n<span style=\"font-family: Times New Roman CE;\">A probl\u00e9m\u00e1k, konfliktusok megfogalmaz\u00e1sa az\u00e9rt fontos, mert cselekv\u00e9seket id\u00e9znek el\u0151. Persze ez csak a munka beind\u00edt\u00e1s\u00e1nak az els\u0151 r\u00e9sze. Egy k\u00edv\u00fclr\u0151l j\u00f6tt fejleszt\u0151nek fontos tudnia azt is, mikor l\u00e9pjen ki egy folyamatb\u00f3l, mikor lehet mag\u00e1ra hagyni a k\u00f6z\u00f6ss\u00e9get. Sz\u00e1momra ma ez m\u00e9g megv\u00e1laszolatlan szakmai k\u00e9rd\u00e9s.<\/span><br \/>\n<span style=\"font-family: Times New Roman CE;\">Felvet\u0151dik az is, hogy int\u00e9zm\u00e9nyekben v\u00e9gezhet\u0151-e fejleszt\u0151i munka? Ugyanis a p\u00e9ldak\u00e9nt hozott telep\u00fcl\u00e9sek nagyr\u00e9sz\u00e9n nincs f\u0151foglalkoz\u00e1s\u00fa, s\u0151t m\u00e9g tiszteletd\u00edjas n\u00e9pm\u0171vel\u0151 sem. Val\u00f3 igaz, hogy az int\u00e9zm\u00e9nyes\u00edtett n\u00e9pm\u0171vel\u00e9s nehezen viseli el a k\u00f6z\u00f6ss\u00e9gfejleszt\u00e9st, de az\u00e9rt b\u00edztat\u00f3 p\u00e9ld\u00e1kat is tal\u00e1lunk.<\/span><br \/>\n<span style=\"font-family: Times New Roman CE;\">M\u00e1travereb\u00e9lyben, ahol az int\u00e9zm\u00e9ny t\u00e1rgyi felt\u00e9telei igaz\u00e1n nem mondhat\u00f3k j\u00f3nak, Vereb\u00e9lyi Lajosn\u00e9, Kl\u00e1rika, igazi otthont tudott teremteni az Asszonyk\u00f6rnek. Ki\u00e1ll\u00edt\u00e1sokat, kir\u00e1ndul\u00e1sokat, k\u00f6z\u00f6s \u00fcnnepeket szerveznek. A h\u00e9tk\u00f6znapi kult\u00fara, a k\u00f6zhaszn\u00fa foglalkoz\u00e1sok, az int\u00e9zm\u00e9ny \u00e9s a lakoss\u00e1g kapcsolata, a cig\u00e1nygyermekekkel val\u00f3 foglalkoz\u00e1s jelzi a fejleszt\u0151-seg\u00edt\u0151-szolg\u00e1ltat\u00f3 munka f\u0151bb \u00e1llom\u00e1sait.<\/span><br \/>\n<span style=\"font-family: Times New Roman CE;\">Eml\u00edt\u00e9sre m\u00e9lt\u00f3 a m\u00e1traterenyei \u00c1MK ezir\u00e1ny\u00fa tev\u00e9kenys\u00e9ge is. Gy\u00f6rgy Istv\u00e1n igazgat\u00f3 javasolta a helyi tan\u00e1csnak, hogy a m\u00e1tracserpusztai iskola\u00e9p\u00fcletb\u0151l alak\u00edtsanak ki egy turistah\u00e1zat, mert az \u00e9p\u00fclet &#8211; ha nem haszn\u00e1lj\u00e1k &#8211; \u00fagyis t\u00f6nkremenne. A rendk\u00edv\u00fcl sz\u00e9p k\u00f6rnyezetben, term\u00e9szetv\u00e9delmi ter\u00fcleten \u00e1ll\u00f3 \u00e9p\u00fclethez j\u00e1rnak a falu lak\u00f3i kir\u00e1ndulni, ott szervezik a maj\u00e1lisokat is. A tan\u00e1cs t\u00e1mogatta az elk\u00e9pzel\u00e9st, az \u00c1MK a terv megval\u00f3s\u00edt\u00e1s\u00e1hoz partnert keresett \u00e9s tal\u00e1lt a j\u00e1szber\u00e9nyi Kossuth Lajos \u00c1ltal\u00e1nos Iskola Di\u00e1k Sport Egyes\u00fclet\u00e9ben. A kulcsosh\u00e1z ez \u00e9v m\u00e1jus\u00e1ra elk\u00e9sz\u00fcl, v\u00e1rj\u00e1k a turista vend\u00e9geket. Terveik k\u00f6z\u00f6tt szerepel helyi k\u00e1belTV ki\u00e9p\u00edt\u00e9se, n\u00e9pf\u0151iskola szervez\u00e9se, a k\u00f6nyvt\u00e1r sz\u00e1m\u00edt\u00f3g\u00e9pes szolg\u00e1ltat\u00e1sainak b\u0151v\u00edt\u00e9se, helyi ig\u00e9ny\u0171 programok k\u00e9sz\u00edt\u00e9se stb.<\/span><br \/>\n<span style=\"font-family: Times New Roman CE;\">Az int\u00e9zm\u00e9nyekben megindul\u00f3 fejleszt\u0151i munk\u00e1k p\u00e9ld\u00e1j\u00e1t m\u00e9g lehetne b\u0151v\u00edteni. Magyarn\u00e1ndorban kaszin\u00f3 l\u00e9trehoz\u00e1sa \u00e9s a helyi egyes\u00fclettel k\u00f6z\u00f6sen t\u00f6rt\u00e9n\u0151 \u00fczemeltet\u00e9se. A hagyom\u00e1nyokra \u00e9p\u00edt\u0151, azt felv\u00e1llal\u00f3 kiadv\u00e1nyok, kalend\u00e1riumok megjelentet\u00e9s\u00e9nek tervez\u00e9se Kaz\u00e1ron, Di\u00f3sjen\u0151n \u00e9s Magyarn\u00e1ndorban.<\/span><br \/>\n<span style=\"font-family: Times New Roman CE;\">Fontos, hogy az int\u00e9zm\u00e9nyekn\u00e9l kezd kialakulni az a szeml\u00e9let, mely szerint a helyi akaratnak, ig\u00e9nyeknek kell legink\u00e1bb megfelelni\u00fck.<\/span><\/p>\n<p><span style=\"font-family: Times New Roman CE;\">A nagyobb telep\u00fcl\u00e9seken &#8211; Sz\u00e9cs\u00e9nyben, B\u00e1tonytereny\u00e9n &#8211; m\u00e1r bontogatja sz\u00e1rny\u00e1t a szabadm\u0171vel\u0151d\u00e9si tan\u00e1cs, melyhez az int\u00e9zm\u00e9nyek \u00e9s a B\u00e1tonyterenyeiek Bar\u00e1ti K\u00f6re felaj\u00e1nlott\u00e1k seg\u00edts\u00e9g\u00fcket.<\/span><br \/>\n<span style=\"font-family: Times New Roman CE;\">A k\u00f6z\u00f6ss\u00e9gfejleszt\u00e9s szeml\u00e9let \u00e9s m\u00f3dszer is egyben, s a hagyom\u00e1nyos int\u00e9zm\u00e9nyi munk\u00e1tnehezen t\u0171ri. A Megyei K\u00f6zm\u0171vel\u0151d\u00e9si K\u00f6zpont egyik f\u0151 feladata a helyi k\u00f6z\u00f6ss\u00e9gek seg\u00edt\u00e9se, t\u00e1mogat\u00e1sa, inform\u00e1ci\u00f3k \u00e1ramoltat\u00e1sa, k\u00e9pz\u00e9sek, tapasztalatcser\u00e9k szervez\u00e9se. Mindez az\u00e9rt t\u00f6rt\u00e9nik, hogy a magukra maradt k\u00f6z\u00f6ss\u00e9geket elind\u00edtsuk az \u00e9rtelmes helyi cselekv\u00e9sek fel\u00e9, s ahol m\u00e1r elindult valami, tov\u00e1bb seg\u00edts\u00fck \u0151ket &#8211; esetleg egy \u00fajabb fejleszt\u0151i folyamat elind\u00edt\u00e1s\u00e1ban.<\/span><\/p>\n<p><span style=\"font-family: Times New Roman CE;\">Felhaszn\u00e1lt irodalom:<\/span><br \/>\n<span style=\"font-family: Times New Roman CE;\">A k\u00f6z\u00f6ss\u00e9gfejleszt\u00e9si folyamat<\/span><br \/>\n<span style=\"font-family: Times New Roman CE;\">(r\u00e9szletek W.W. Biddle &#8211; L.S. Biddle k\u00f6nyv\u00e9b\u0151l)<\/span><br \/>\n<span style=\"font-family: Times New Roman CE;\">K\u00f6z\u00f6ss\u00e9gfejleszt\u00e9si p\u00e9ldat\u00e1r<\/span><br \/>\n<span style=\"font-family: Times New Roman CE;\">(k\u00e9sz\u00edtett\u00e9k: Beke P\u00e1l, P\u00e9terfi Ferenc, Varga A. Tam\u00e1s, Vercseg Ilona)<\/span><br \/>\n<span style=\"font-family: Times New Roman CE;\">Varga A. Tam\u00e1s &#8211; Vercseg Ilona:<\/span><br \/>\n<span style=\"font-family: Times New Roman CE;\">A k\u00f6z\u00f6ss\u00e9gfejleszt\u00e9s hazai saj\u00e1toss\u00e1gai.<\/span><\/p>\n<p><span style=\"font-family: Times New Roman CE;\">(R\u00e9szlet a N\u00f3gr\u00e1di Levelek c. kiadv\u00e1ny 8. sz\u00e1m\u00e1b\u00f3l)<\/span><\/p>\n","protected":false},"excerpt":{"rendered":"<p>A K\u00f6z\u00f6ss\u00e9gfejleszt\u0151k Egyes\u00fclete 1989. \u00e1prilis 8-\u00e1n alakult meg. Az orsz\u00e1gos egyes\u00fclet a k\u00f6z\u00f6ss\u00e9ghi\u00e1nyos t\u00e9rs\u00e9gek fejleszt\u00e9s\u00e9\u00e9rt dolgozik. Int\u00e9zm\u00e9ny\u00fcnk tagja e szervezetnek, a n\u00f3gr\u00e1di fejleszt\u0151k helyi \u00f6ntev\u00e9keny k\u00f6z\u00f6ss\u00e9gek l\u00e9trehoz\u00e1s\u00e1n f\u00e1radoznak m\u00e1r t\u00f6bb \u00e9ve.<\/p>\n","protected":false},"author":57,"featured_media":3941,"comment_status":"open","ping_status":"open","sticky":false,"template":"","format":"standard","meta":{"_acf_changed":false,"footnotes":""},"categories":[87,8,7],"tags":[],"coauthors":[78],"class_list":["post-1337","post","type-post","status-publish","format-standard","has-post-thumbnail","hentry","category-parola-1990-2","category-parola-folyoirat","category-repertorium"],"acf":[],"yoast_head":"<!-- This site is optimized with the Yoast SEO plugin v26.7 - https:\/\/yoast.com\/wordpress\/plugins\/seo\/ -->\n<title>K\u00f6z\u00f6ss\u00e9gfejleszt\u00e9s N\u00f3gr\u00e1d megy\u00e9ben - Parola Foly\u00f3irat<\/title>\n<meta name=\"robots\" content=\"index, follow, max-snippet:-1, max-image-preview:large, max-video-preview:-1\" \/>\n<link rel=\"canonical\" href=\"https:\/\/kofe.hu\/parola\/parola-folyoirat\/kozossegfejlesztes-nograd-megyeben\/\" \/>\n<meta property=\"og:locale\" content=\"hu_HU\" \/>\n<meta property=\"og:type\" content=\"article\" \/>\n<meta property=\"og:title\" content=\"K\u00f6z\u00f6ss\u00e9gfejleszt\u00e9s N\u00f3gr\u00e1d megy\u00e9ben - Parola Foly\u00f3irat\" \/>\n<meta property=\"og:description\" content=\"A K\u00f6z\u00f6ss\u00e9gfejleszt\u0151k Egyes\u00fclete 1989. \u00e1prilis 8-\u00e1n alakult meg. Az orsz\u00e1gos egyes\u00fclet a k\u00f6z\u00f6ss\u00e9ghi\u00e1nyos t\u00e9rs\u00e9gek fejleszt\u00e9s\u00e9\u00e9rt dolgozik. Int\u00e9zm\u00e9ny\u00fcnk tagja e szervezetnek, a n\u00f3gr\u00e1di fejleszt\u0151k helyi \u00f6ntev\u00e9keny k\u00f6z\u00f6ss\u00e9gek l\u00e9trehoz\u00e1s\u00e1n f\u00e1radoznak m\u00e1r t\u00f6bb \u00e9ve.\" \/>\n<meta property=\"og:url\" content=\"https:\/\/kofe.hu\/parola\/parola-folyoirat\/kozossegfejlesztes-nograd-megyeben\/\" \/>\n<meta property=\"og:site_name\" content=\"Parola Foly\u00f3irat\" \/>\n<meta property=\"article:published_time\" content=\"2020-05-28T15:26:24+00:00\" \/>\n<meta property=\"article:modified_time\" content=\"2020-07-30T07:29:13+00:00\" \/>\n<meta property=\"og:image\" content=\"https:\/\/kofe.hu\/parola\/wp-content\/uploads\/2020\/05\/90.2.jpeg\" \/>\n\t<meta property=\"og:image:width\" content=\"1339\" \/>\n\t<meta property=\"og:image:height\" content=\"1871\" \/>\n\t<meta property=\"og:image:type\" content=\"image\/jpeg\" \/>\n<meta name=\"author\" content=\"P\u00e1link\u00e1s S\u00e1ndorn\u00e9\" \/>\n<meta name=\"twitter:card\" content=\"summary_large_image\" \/>\n<meta name=\"twitter:label1\" content=\"Szerz\u0151:\" \/>\n\t<meta name=\"twitter:data1\" content=\"P\u00e1link\u00e1s S\u00e1ndorn\u00e9\" \/>\n\t<meta name=\"twitter:label2\" content=\"Becs\u00fclt olvas\u00e1si id\u0151\" \/>\n\t<meta name=\"twitter:data2\" content=\"12 perc\" \/>\n\t<meta name=\"twitter:label3\" content=\"Written by\" \/>\n\t<meta name=\"twitter:data3\" content=\"P\u00e1link\u00e1s S\u00e1ndorn\u00e9\" \/>\n<script type=\"application\/ld+json\" class=\"yoast-schema-graph\">{\"@context\":\"https:\/\/schema.org\",\"@graph\":[{\"@type\":\"Article\",\"@id\":\"https:\/\/kofe.hu\/parola\/parola-folyoirat\/kozossegfejlesztes-nograd-megyeben\/#article\",\"isPartOf\":{\"@id\":\"https:\/\/kofe.hu\/parola\/parola-folyoirat\/kozossegfejlesztes-nograd-megyeben\/\"},\"author\":{\"name\":\"P\u00e1link\u00e1s S\u00e1ndorn\u00e9\",\"@id\":\"https:\/\/kofe.hu\/parola\/#\/schema\/person\/3006baa80c15ba383b51184858ca9d78\"},\"headline\":\"K\u00f6z\u00f6ss\u00e9gfejleszt\u00e9s N\u00f3gr\u00e1d megy\u00e9ben\",\"datePublished\":\"2020-05-28T15:26:24+00:00\",\"dateModified\":\"2020-07-30T07:29:13+00:00\",\"mainEntityOfPage\":{\"@id\":\"https:\/\/kofe.hu\/parola\/parola-folyoirat\/kozossegfejlesztes-nograd-megyeben\/\"},\"wordCount\":2357,\"commentCount\":0,\"image\":{\"@id\":\"https:\/\/kofe.hu\/parola\/parola-folyoirat\/kozossegfejlesztes-nograd-megyeben\/#primaryimage\"},\"thumbnailUrl\":\"https:\/\/kofe.hu\/parola\/wp-content\/uploads\/2020\/05\/90.2.jpeg\",\"articleSection\":[\"Parola 1990\/2\",\"Parola Foly\u00f3irat\",\"Repert\u00f3rium\"],\"inLanguage\":\"hu\",\"potentialAction\":[{\"@type\":\"CommentAction\",\"name\":\"Comment\",\"target\":[\"https:\/\/kofe.hu\/parola\/parola-folyoirat\/kozossegfejlesztes-nograd-megyeben\/#respond\"]}]},{\"@type\":\"WebPage\",\"@id\":\"https:\/\/kofe.hu\/parola\/parola-folyoirat\/kozossegfejlesztes-nograd-megyeben\/\",\"url\":\"https:\/\/kofe.hu\/parola\/parola-folyoirat\/kozossegfejlesztes-nograd-megyeben\/\",\"name\":\"K\u00f6z\u00f6ss\u00e9gfejleszt\u00e9s N\u00f3gr\u00e1d megy\u00e9ben - Parola Foly\u00f3irat\",\"isPartOf\":{\"@id\":\"https:\/\/kofe.hu\/parola\/#website\"},\"primaryImageOfPage\":{\"@id\":\"https:\/\/kofe.hu\/parola\/parola-folyoirat\/kozossegfejlesztes-nograd-megyeben\/#primaryimage\"},\"image\":{\"@id\":\"https:\/\/kofe.hu\/parola\/parola-folyoirat\/kozossegfejlesztes-nograd-megyeben\/#primaryimage\"},\"thumbnailUrl\":\"https:\/\/kofe.hu\/parola\/wp-content\/uploads\/2020\/05\/90.2.jpeg\",\"datePublished\":\"2020-05-28T15:26:24+00:00\",\"dateModified\":\"2020-07-30T07:29:13+00:00\",\"author\":{\"@id\":\"https:\/\/kofe.hu\/parola\/#\/schema\/person\/3006baa80c15ba383b51184858ca9d78\"},\"breadcrumb\":{\"@id\":\"https:\/\/kofe.hu\/parola\/parola-folyoirat\/kozossegfejlesztes-nograd-megyeben\/#breadcrumb\"},\"inLanguage\":\"hu\",\"potentialAction\":[{\"@type\":\"ReadAction\",\"target\":[\"https:\/\/kofe.hu\/parola\/parola-folyoirat\/kozossegfejlesztes-nograd-megyeben\/\"]}]},{\"@type\":\"ImageObject\",\"inLanguage\":\"hu\",\"@id\":\"https:\/\/kofe.hu\/parola\/parola-folyoirat\/kozossegfejlesztes-nograd-megyeben\/#primaryimage\",\"url\":\"https:\/\/kofe.hu\/parola\/wp-content\/uploads\/2020\/05\/90.2.jpeg\",\"contentUrl\":\"https:\/\/kofe.hu\/parola\/wp-content\/uploads\/2020\/05\/90.2.jpeg\",\"width\":1339,\"height\":1871},{\"@type\":\"BreadcrumbList\",\"@id\":\"https:\/\/kofe.hu\/parola\/parola-folyoirat\/kozossegfejlesztes-nograd-megyeben\/#breadcrumb\",\"itemListElement\":[{\"@type\":\"ListItem\",\"position\":1,\"name\":\"Home\",\"item\":\"https:\/\/kofe.hu\/parola\/\"},{\"@type\":\"ListItem\",\"position\":2,\"name\":\"K\u00f6z\u00f6ss\u00e9gfejleszt\u00e9s N\u00f3gr\u00e1d megy\u00e9ben\"}]},{\"@type\":\"WebSite\",\"@id\":\"https:\/\/kofe.hu\/parola\/#website\",\"url\":\"https:\/\/kofe.hu\/parola\/\",\"name\":\"Parola Foly\u00f3irat\",\"description\":\"\",\"potentialAction\":[{\"@type\":\"SearchAction\",\"target\":{\"@type\":\"EntryPoint\",\"urlTemplate\":\"https:\/\/kofe.hu\/parola\/?s={search_term_string}\"},\"query-input\":{\"@type\":\"PropertyValueSpecification\",\"valueRequired\":true,\"valueName\":\"search_term_string\"}}],\"inLanguage\":\"hu\"},{\"@type\":\"Person\",\"@id\":\"https:\/\/kofe.hu\/parola\/#\/schema\/person\/3006baa80c15ba383b51184858ca9d78\",\"name\":\"P\u00e1link\u00e1s S\u00e1ndorn\u00e9\",\"image\":{\"@type\":\"ImageObject\",\"inLanguage\":\"hu\",\"@id\":\"https:\/\/kofe.hu\/parola\/#\/schema\/person\/image\/23494c9101089ad44ae88ce9d2f56aac\",\"url\":\"https:\/\/secure.gravatar.com\/avatar\/?s=96&d=mm&r=g\",\"contentUrl\":\"https:\/\/secure.gravatar.com\/avatar\/?s=96&d=mm&r=g\",\"caption\":\"P\u00e1link\u00e1s S\u00e1ndorn\u00e9\"},\"url\":\"https:\/\/kofe.hu\/parola\/szerzok\/palinkas-sandorne\/\"}]}<\/script>\n<!-- \/ Yoast SEO plugin. -->","yoast_head_json":{"title":"K\u00f6z\u00f6ss\u00e9gfejleszt\u00e9s N\u00f3gr\u00e1d megy\u00e9ben - Parola Foly\u00f3irat","robots":{"index":"index","follow":"follow","max-snippet":"max-snippet:-1","max-image-preview":"max-image-preview:large","max-video-preview":"max-video-preview:-1"},"canonical":"https:\/\/kofe.hu\/parola\/parola-folyoirat\/kozossegfejlesztes-nograd-megyeben\/","og_locale":"hu_HU","og_type":"article","og_title":"K\u00f6z\u00f6ss\u00e9gfejleszt\u00e9s N\u00f3gr\u00e1d megy\u00e9ben - Parola Foly\u00f3irat","og_description":"A K\u00f6z\u00f6ss\u00e9gfejleszt\u0151k Egyes\u00fclete 1989. \u00e1prilis 8-\u00e1n alakult meg. Az orsz\u00e1gos egyes\u00fclet a k\u00f6z\u00f6ss\u00e9ghi\u00e1nyos t\u00e9rs\u00e9gek fejleszt\u00e9s\u00e9\u00e9rt dolgozik. Int\u00e9zm\u00e9ny\u00fcnk tagja e szervezetnek, a n\u00f3gr\u00e1di fejleszt\u0151k helyi \u00f6ntev\u00e9keny k\u00f6z\u00f6ss\u00e9gek l\u00e9trehoz\u00e1s\u00e1n f\u00e1radoznak m\u00e1r t\u00f6bb \u00e9ve.","og_url":"https:\/\/kofe.hu\/parola\/parola-folyoirat\/kozossegfejlesztes-nograd-megyeben\/","og_site_name":"Parola Foly\u00f3irat","article_published_time":"2020-05-28T15:26:24+00:00","article_modified_time":"2020-07-30T07:29:13+00:00","og_image":[{"width":1339,"height":1871,"url":"https:\/\/kofe.hu\/parola\/wp-content\/uploads\/2020\/05\/90.2.jpeg","type":"image\/jpeg"}],"author":"P\u00e1link\u00e1s S\u00e1ndorn\u00e9","twitter_card":"summary_large_image","twitter_misc":{"Szerz\u0151:":"P\u00e1link\u00e1s S\u00e1ndorn\u00e9","Becs\u00fclt olvas\u00e1si id\u0151":"12 perc","Written by":"P\u00e1link\u00e1s S\u00e1ndorn\u00e9"},"schema":{"@context":"https:\/\/schema.org","@graph":[{"@type":"Article","@id":"https:\/\/kofe.hu\/parola\/parola-folyoirat\/kozossegfejlesztes-nograd-megyeben\/#article","isPartOf":{"@id":"https:\/\/kofe.hu\/parola\/parola-folyoirat\/kozossegfejlesztes-nograd-megyeben\/"},"author":{"name":"P\u00e1link\u00e1s S\u00e1ndorn\u00e9","@id":"https:\/\/kofe.hu\/parola\/#\/schema\/person\/3006baa80c15ba383b51184858ca9d78"},"headline":"K\u00f6z\u00f6ss\u00e9gfejleszt\u00e9s N\u00f3gr\u00e1d megy\u00e9ben","datePublished":"2020-05-28T15:26:24+00:00","dateModified":"2020-07-30T07:29:13+00:00","mainEntityOfPage":{"@id":"https:\/\/kofe.hu\/parola\/parola-folyoirat\/kozossegfejlesztes-nograd-megyeben\/"},"wordCount":2357,"commentCount":0,"image":{"@id":"https:\/\/kofe.hu\/parola\/parola-folyoirat\/kozossegfejlesztes-nograd-megyeben\/#primaryimage"},"thumbnailUrl":"https:\/\/kofe.hu\/parola\/wp-content\/uploads\/2020\/05\/90.2.jpeg","articleSection":["Parola 1990\/2","Parola Foly\u00f3irat","Repert\u00f3rium"],"inLanguage":"hu","potentialAction":[{"@type":"CommentAction","name":"Comment","target":["https:\/\/kofe.hu\/parola\/parola-folyoirat\/kozossegfejlesztes-nograd-megyeben\/#respond"]}]},{"@type":"WebPage","@id":"https:\/\/kofe.hu\/parola\/parola-folyoirat\/kozossegfejlesztes-nograd-megyeben\/","url":"https:\/\/kofe.hu\/parola\/parola-folyoirat\/kozossegfejlesztes-nograd-megyeben\/","name":"K\u00f6z\u00f6ss\u00e9gfejleszt\u00e9s N\u00f3gr\u00e1d megy\u00e9ben - Parola Foly\u00f3irat","isPartOf":{"@id":"https:\/\/kofe.hu\/parola\/#website"},"primaryImageOfPage":{"@id":"https:\/\/kofe.hu\/parola\/parola-folyoirat\/kozossegfejlesztes-nograd-megyeben\/#primaryimage"},"image":{"@id":"https:\/\/kofe.hu\/parola\/parola-folyoirat\/kozossegfejlesztes-nograd-megyeben\/#primaryimage"},"thumbnailUrl":"https:\/\/kofe.hu\/parola\/wp-content\/uploads\/2020\/05\/90.2.jpeg","datePublished":"2020-05-28T15:26:24+00:00","dateModified":"2020-07-30T07:29:13+00:00","author":{"@id":"https:\/\/kofe.hu\/parola\/#\/schema\/person\/3006baa80c15ba383b51184858ca9d78"},"breadcrumb":{"@id":"https:\/\/kofe.hu\/parola\/parola-folyoirat\/kozossegfejlesztes-nograd-megyeben\/#breadcrumb"},"inLanguage":"hu","potentialAction":[{"@type":"ReadAction","target":["https:\/\/kofe.hu\/parola\/parola-folyoirat\/kozossegfejlesztes-nograd-megyeben\/"]}]},{"@type":"ImageObject","inLanguage":"hu","@id":"https:\/\/kofe.hu\/parola\/parola-folyoirat\/kozossegfejlesztes-nograd-megyeben\/#primaryimage","url":"https:\/\/kofe.hu\/parola\/wp-content\/uploads\/2020\/05\/90.2.jpeg","contentUrl":"https:\/\/kofe.hu\/parola\/wp-content\/uploads\/2020\/05\/90.2.jpeg","width":1339,"height":1871},{"@type":"BreadcrumbList","@id":"https:\/\/kofe.hu\/parola\/parola-folyoirat\/kozossegfejlesztes-nograd-megyeben\/#breadcrumb","itemListElement":[{"@type":"ListItem","position":1,"name":"Home","item":"https:\/\/kofe.hu\/parola\/"},{"@type":"ListItem","position":2,"name":"K\u00f6z\u00f6ss\u00e9gfejleszt\u00e9s N\u00f3gr\u00e1d megy\u00e9ben"}]},{"@type":"WebSite","@id":"https:\/\/kofe.hu\/parola\/#website","url":"https:\/\/kofe.hu\/parola\/","name":"Parola Foly\u00f3irat","description":"","potentialAction":[{"@type":"SearchAction","target":{"@type":"EntryPoint","urlTemplate":"https:\/\/kofe.hu\/parola\/?s={search_term_string}"},"query-input":{"@type":"PropertyValueSpecification","valueRequired":true,"valueName":"search_term_string"}}],"inLanguage":"hu"},{"@type":"Person","@id":"https:\/\/kofe.hu\/parola\/#\/schema\/person\/3006baa80c15ba383b51184858ca9d78","name":"P\u00e1link\u00e1s S\u00e1ndorn\u00e9","image":{"@type":"ImageObject","inLanguage":"hu","@id":"https:\/\/kofe.hu\/parola\/#\/schema\/person\/image\/23494c9101089ad44ae88ce9d2f56aac","url":"https:\/\/secure.gravatar.com\/avatar\/?s=96&d=mm&r=g","contentUrl":"https:\/\/secure.gravatar.com\/avatar\/?s=96&d=mm&r=g","caption":"P\u00e1link\u00e1s S\u00e1ndorn\u00e9"},"url":"https:\/\/kofe.hu\/parola\/szerzok\/palinkas-sandorne\/"}]}},"_links":{"self":[{"href":"https:\/\/kofe.hu\/parola\/wp-json\/wp\/v2\/posts\/1337","targetHints":{"allow":["GET"]}}],"collection":[{"href":"https:\/\/kofe.hu\/parola\/wp-json\/wp\/v2\/posts"}],"about":[{"href":"https:\/\/kofe.hu\/parola\/wp-json\/wp\/v2\/types\/post"}],"author":[{"embeddable":true,"href":"https:\/\/kofe.hu\/parola\/wp-json\/wp\/v2\/users\/57"}],"replies":[{"embeddable":true,"href":"https:\/\/kofe.hu\/parola\/wp-json\/wp\/v2\/comments?post=1337"}],"version-history":[{"count":2,"href":"https:\/\/kofe.hu\/parola\/wp-json\/wp\/v2\/posts\/1337\/revisions"}],"predecessor-version":[{"id":3967,"href":"https:\/\/kofe.hu\/parola\/wp-json\/wp\/v2\/posts\/1337\/revisions\/3967"}],"wp:featuredmedia":[{"embeddable":true,"href":"https:\/\/kofe.hu\/parola\/wp-json\/wp\/v2\/media\/3941"}],"wp:attachment":[{"href":"https:\/\/kofe.hu\/parola\/wp-json\/wp\/v2\/media?parent=1337"}],"wp:term":[{"taxonomy":"category","embeddable":true,"href":"https:\/\/kofe.hu\/parola\/wp-json\/wp\/v2\/categories?post=1337"},{"taxonomy":"post_tag","embeddable":true,"href":"https:\/\/kofe.hu\/parola\/wp-json\/wp\/v2\/tags?post=1337"},{"taxonomy":"author","embeddable":true,"href":"https:\/\/kofe.hu\/parola\/wp-json\/wp\/v2\/coauthors?post=1337"}],"curies":[{"name":"wp","href":"https:\/\/api.w.org\/{rel}","templated":true}]}}