{"id":1302,"date":"2020-05-27T15:49:03","date_gmt":"2020-05-27T15:49:03","guid":{"rendered":"https:\/\/kofe.hu\/parola\/?p=1302"},"modified":"2020-07-30T07:11:57","modified_gmt":"2020-07-30T07:11:57","slug":"gyokeres-szennyviztisztitas","status":"publish","type":"post","link":"https:\/\/kofe.hu\/parola\/parola-folyoirat\/gyokeres-szennyviztisztitas\/","title":{"rendered":"Gy\u00f6keres szennyv\u00edztiszt\u00edt\u00e1s"},"content":{"rendered":"<p><span style=\"font-family: Times New Roman CE;\">Tavaly novemberben magam is szem\u00fcgyre vehettem a Kasselhez k\u00f6zeli Melchiorsgrunban, egy szel\u00edd dombh\u00e1tra telep\u00edtett szoci\u00e1lis telepen azt a bioi\u00f3giai szannyv\u00edztiszt\u00edt\u00f3t, amely egy 40-50 tehenet tart\u00f3 tehen\u00e9szet \u00e9s tejfeldolgoz\u00f3 (alapvet\u0151en sajtokat k\u00e9sz\u00edt\u0151) \u00fczem, valamint az ott \u00e9l\u0151 60-80 ember szennyviz\u00e9t tiszt\u00edtja meg. <\/span><\/p>\n<p><!--more--><\/p>\n<p><span style=\"font-family: Times New Roman CE;\">Az eg\u00e9szb\u0151l persze nem sokat l\u00e1ttam: jobb\u00e1ra n\u00e1das n\u0151tt; azon a 8-10 m\u00e9ter sz\u00e9les \u00e9s mintegy a Szil\u00e1gyi Dezs\u0151 t\u00e9rt\u0151l a Hal\u00e1sz utc\u00e1ig tart\u00f3 hossz\u00fas\u00e1g\u00fa ter\u00fcleten, amelynek v\u00e9g\u00e9n kicsiny patakk\u00e9nt cs\u00f6rgedezett a megtiszt\u00edtott v\u00edz a v\u00f6lgy alj\u00e1ban. A tiszt\u00edt\u00f3m\u0171 ott egy vil\u00e1gl\u00e1t\u00e1s, az antropnz\u00f3fuss\u00e1g logik\u00e1ja szerinti, alig n\u00e9h\u00e1ny \u00e9ves \u00f6n\u00e1ll\u00f3 telep\u00fcl\u00e9sen m\u0171k\u00f6dik, ahol imm\u00e1r \u00fajb\u00f3l terem a domboldal s ahol hatalmas, gy\u00f6ny\u00f6r\u0171 fa\u00e9p\u00fcleteket emeltek maga-maguknak az \u00f6nk\u00e9ntes \u00e1pol\u00e1son r\u00e9sztvev\u0151 volt k\u00e1b\u00edt\u00f3szeresek \u00e9s alkoholist\u00e1k (\u0151k \u00fagy mondj\u00e1k: vend\u00e9gek), akiknek gy\u00f3gy\u00edt\u00e1sa is ink\u00e1bb hum\u00e1nus, a szervezet regener\u00e1l\u00f3k\u00e9pess\u00e9g\u00e9nek fokoz\u00e1s\u00e1ra alapoz\u00f3d\u00f3 gy\u00f3gy\u00e1szati elv\u00e9n alapul, semmint a k\u00e9mi\u00e1n \u00e9s az er\u0151szakon. A legk\u00fcl\u00f6nf\u00e9l\u00e9bb dolgok, a term\u00e9szet \u00e9s az emberek norm\u00e1lis \u00e9s logikus egy\u00fcttm\u0171k\u00f6d\u00e9s\u00e9re, e meg\u00e9rt\u00e9sre, a szeretetre \u00e9s az egyszer\u0171s\u00e9gre alapozott vil\u00e1gukba term\u00e9szetes k\u00f6vetkezetess\u00e9ggel simul a k\u00e9mi\u00e1t \u00e9s a&#8217; mechanik\u00e1t n\u00e9lk\u00fcl\u00f6z\u0151 tiszt\u00edt\u00f3rendszer, mintegy a t\u00e1j r\u00e9szek\u00e9nt \u00e9szrev\u00e9tlen\u00fcl.<\/span><\/p>\n<p><span style=\"font-family: Times New Roman CE;\">A tiszt\u00edt\u00e1si elj\u00e1r\u00e1s az \u00f6kol\u00f3giai rendszer \u00f6nszab\u00e1lyozott k\u00f6lcs\u00f6nhat\u00e1s\u00e1t haszn\u00e1lj\u00e1k ki. A szennyv\u00edz ezen gy\u00f6k\u00e9rt\u00e9r tiszt\u00edt\u00f3 elj\u00e1r\u00e1sn\u00e1l egy n\u00e1dgy\u00f6k\u00e9rre! \u00e1tsz\u0151tt mintegy 60 cm vastag f\u00f6ldt\u00f6megen folyik \u00e1t v\u00edzszintes ir\u00e1nyban, a talajv\u00edzb\u0151l .elszigetel\u0151 r\u00e9teg felett. A n\u00f6v\u00e9nyek, a talaj \u00e9s az abban \u00e9l\u0151 mikroorganizmusok egy\u00fcttm\u0171k\u00f6d\u00e9se id\u00e9zi el\u0151 a szennyv\u00edz tiszt\u00edt\u00e1s\u00e1t. A legnagyobb r\u00e9szar\u00e1nyban ez az oldott szerves anyagok lebont\u00e1s\u00e1b\u00f3l ad\u00f3dik (mindenekel\u0151tt a nagy sz\u00e1m\u00fa talajbakt\u00e9rium r\u00e9v\u00e9n), tov\u00e1bb\u00e1 lerak\u00f3d\u00e1s. \u00e9s tart\u00f3s k\u00f6t\u0151d\u00e9s (pl. a foszf\u00e1tokn\u00e1l) a talaj- alkatr\u00e9szekhez, a talaj v\u00edzvezet\u0151 k\u00e9pess\u00e9geinek n\u00f6veked\u00e9se, valamint oxig\u00e9n bevitel\u00e9vel a n\u00e1dn\u00f6v\u00e9ny r\u00e9v\u00e9n.<\/span><\/p>\n<p><span style=\"font-family: Times New Roman CE;\">K\u00f6nnyen bel\u00e1that\u00f3, hogy a sz\u00e1zad h\u00faszas \u00e9veiben kidolgozott, de alkalmaz\u00e1s\u00e1t csak a k\u00f6rnyezetv\u00e9delmi gondolat megjelen\u00e9s\u00e9t\u0151l rem\u00e9l\u0151 sziszt\u00e9ma l\u00e9nyegesen olcs\u00f3bb az eddig ismert tiszt\u00edt\u00f3rendszerekn\u00e9l s jobban simul a megl\u00e9v\u0151 k\u00f6rnyezetbe. Persze csak ott, ahol m\u00e9g van egy\u00e1ltal\u00e1n k\u00f6rnyezet: a falvak, a kisv\u00e1rosok eset\u00e9ben. Miut\u00e1n a term\u00e9szethez idomul\u00f3, a domborzati viszonyokhoz sz\u00fcks\u00e9gk\u00e9ppen alkalmazkod\u00f3 egy\u00fcttesr\u0151l van sz\u00f3, a helysz\u00edni konkr\u00e9t tervez\u00e9s elengedhetetlen. Magyarorsz\u00e1gon imm\u00e1r \u00e9p\u00fcl a referencia-telep: elk\u00e9sz\u00fclte ut\u00e1n 3 \u00e9vvel k\u00e9pes tervezett teljes\u00edtm\u00e9ny\u00e9re, egy ezer lelkes falu teljes szennyviz\u00e9nek folyamatos tiszt\u00edt\u00e1s\u00e1ra. Nyugat-N\u00e9metorsz\u00e1gban a legk\u00fcl\u00f6nf\u00e9l\u00e9bb szitu\u00e1ci\u00f3kban alkalmazz\u00e1k; imm\u00e1r v\u00e1g\u00f3h\u00eddi telep\u00edt\u00e9se is ismert. Megjegyzem: az ott m\u00e1r r\u00e9gen nem f\u00f6llelhet\u0151 n\u00e1dat pal\u00e1nt\u00e1nk\u00e9nt 6 m\u00e1rk\u00e1\u00e9rt veszik az ezt \u00e9p\u00edteni k\u00edv\u00e1n\u00f3k: ez a n\u00e1d n\u00e1lunk m\u00e9g minden\u00fctt f\u00f6llelhet\u0151. Mint a szennyv\u00edz is alattunk, vizeinket fert\u0151zve-mocskolva.<\/span><br \/>\n<span style=\"font-family: Times New Roman CE;\">Egyes\u00fclet\u00fcnk rendelkez\u00e9sre \u00e1ll minden telep\u00fcl\u00e9snek, telep\u00fcl\u00e9sr\u00e9sznek e rendszer telep\u00edt\u00e9s\u00e9t, a telep\u00edt\u00e9s k\u00f6r\u00fclm\u00e9nyeit megbesz\u00e9lend\u0151. Kell\u0151 sz\u00e1m\u00fa \u00e9rdekl\u0151d\u00e9s eset\u00e9n a Nugat-Berlini tervez\u0151int\u00e9zet k\u00e9pvisel\u0151je febru\u00e1r v\u00e9get\u00e1jt sz\u00edvesen ad v\u00e1laszt az \u00e9rdekl\u0151d\u0151k k\u00f6z\u00f6sen f\u00f6ltett k\u00e9rd\u00e9seire.<\/span><\/p>\n","protected":false},"excerpt":{"rendered":"<p>Tavaly novemberben magam is szem\u00fcgyre vehettem a Kasselhez k\u00f6zeli Melchiorsgrunban, egy szel\u00edd dombh\u00e1tra telep\u00edtett szoci\u00e1lis telepen azt a bioi\u00f3giai szannyv\u00edztiszt\u00edt\u00f3t, amely egy 40-50 tehenet tart\u00f3 tehen\u00e9szet \u00e9s tejfeldolgoz\u00f3 (alapvet\u0151en sajtokat k\u00e9sz\u00edt\u0151) \u00fczem, valamint az ott \u00e9l\u0151 60-80 ember szennyviz\u00e9t tiszt\u00edtja meg.<\/p>\n","protected":false},"author":45,"featured_media":3917,"comment_status":"open","ping_status":"open","sticky":false,"template":"","format":"standard","meta":{"_acf_changed":false,"footnotes":""},"categories":[72,8,7],"tags":[],"coauthors":[62],"class_list":["post-1302","post","type-post","status-publish","format-standard","has-post-thumbnail","hentry","category-parola-1990-1","category-parola-folyoirat","category-repertorium"],"acf":[],"yoast_head":"<!-- This site is optimized with the Yoast SEO plugin v26.7 - https:\/\/yoast.com\/wordpress\/plugins\/seo\/ -->\n<title>Gy\u00f6keres szennyv\u00edztiszt\u00edt\u00e1s - Parola Foly\u00f3irat<\/title>\n<meta name=\"robots\" content=\"index, follow, max-snippet:-1, max-image-preview:large, max-video-preview:-1\" \/>\n<link rel=\"canonical\" href=\"https:\/\/kofe.hu\/parola\/parola-folyoirat\/gyokeres-szennyviztisztitas\/\" \/>\n<meta property=\"og:locale\" content=\"hu_HU\" \/>\n<meta property=\"og:type\" content=\"article\" \/>\n<meta property=\"og:title\" content=\"Gy\u00f6keres szennyv\u00edztiszt\u00edt\u00e1s - Parola Foly\u00f3irat\" \/>\n<meta property=\"og:description\" content=\"Tavaly novemberben magam is szem\u00fcgyre vehettem a Kasselhez k\u00f6zeli Melchiorsgrunban, egy szel\u00edd dombh\u00e1tra telep\u00edtett szoci\u00e1lis telepen azt a bioi\u00f3giai szannyv\u00edztiszt\u00edt\u00f3t, amely egy 40-50 tehenet tart\u00f3 tehen\u00e9szet \u00e9s tejfeldolgoz\u00f3 (alapvet\u0151en sajtokat k\u00e9sz\u00edt\u0151) \u00fczem, valamint az ott \u00e9l\u0151 60-80 ember szennyviz\u00e9t tiszt\u00edtja meg.\" \/>\n<meta property=\"og:url\" content=\"https:\/\/kofe.hu\/parola\/parola-folyoirat\/gyokeres-szennyviztisztitas\/\" \/>\n<meta property=\"og:site_name\" content=\"Parola Foly\u00f3irat\" \/>\n<meta property=\"article:published_time\" content=\"2020-05-27T15:49:03+00:00\" \/>\n<meta property=\"article:modified_time\" content=\"2020-07-30T07:11:57+00:00\" \/>\n<meta property=\"og:image\" content=\"https:\/\/kofe.hu\/parola\/wp-content\/uploads\/2020\/05\/90.1.jpeg\" \/>\n\t<meta property=\"og:image:width\" content=\"1328\" \/>\n\t<meta property=\"og:image:height\" content=\"1904\" \/>\n\t<meta property=\"og:image:type\" content=\"image\/jpeg\" \/>\n<meta name=\"author\" content=\"Beke P\u00e1l\" \/>\n<meta name=\"twitter:card\" content=\"summary_large_image\" \/>\n<meta name=\"twitter:label1\" content=\"Szerz\u0151:\" \/>\n\t<meta name=\"twitter:data1\" content=\"Beke P\u00e1l\" \/>\n\t<meta name=\"twitter:label2\" content=\"Becs\u00fclt olvas\u00e1si id\u0151\" \/>\n\t<meta name=\"twitter:data2\" content=\"4 perc\" \/>\n\t<meta name=\"twitter:label3\" content=\"Written by\" \/>\n\t<meta name=\"twitter:data3\" content=\"Beke P\u00e1l\" \/>\n<script type=\"application\/ld+json\" class=\"yoast-schema-graph\">{\"@context\":\"https:\/\/schema.org\",\"@graph\":[{\"@type\":\"Article\",\"@id\":\"https:\/\/kofe.hu\/parola\/parola-folyoirat\/gyokeres-szennyviztisztitas\/#article\",\"isPartOf\":{\"@id\":\"https:\/\/kofe.hu\/parola\/parola-folyoirat\/gyokeres-szennyviztisztitas\/\"},\"author\":{\"name\":\"Beke P\u00e1l\",\"@id\":\"https:\/\/kofe.hu\/parola\/#\/schema\/person\/e218f9357a879ddd7f2cc215cbc1f9e4\"},\"headline\":\"Gy\u00f6keres szennyv\u00edztiszt\u00edt\u00e1s\",\"datePublished\":\"2020-05-27T15:49:03+00:00\",\"dateModified\":\"2020-07-30T07:11:57+00:00\",\"mainEntityOfPage\":{\"@id\":\"https:\/\/kofe.hu\/parola\/parola-folyoirat\/gyokeres-szennyviztisztitas\/\"},\"wordCount\":730,\"commentCount\":0,\"image\":{\"@id\":\"https:\/\/kofe.hu\/parola\/parola-folyoirat\/gyokeres-szennyviztisztitas\/#primaryimage\"},\"thumbnailUrl\":\"https:\/\/kofe.hu\/parola\/wp-content\/uploads\/2020\/05\/90.1.jpeg\",\"articleSection\":[\"Parola 1990\/1\",\"Parola Foly\u00f3irat\",\"Repert\u00f3rium\"],\"inLanguage\":\"hu\",\"potentialAction\":[{\"@type\":\"CommentAction\",\"name\":\"Comment\",\"target\":[\"https:\/\/kofe.hu\/parola\/parola-folyoirat\/gyokeres-szennyviztisztitas\/#respond\"]}]},{\"@type\":\"WebPage\",\"@id\":\"https:\/\/kofe.hu\/parola\/parola-folyoirat\/gyokeres-szennyviztisztitas\/\",\"url\":\"https:\/\/kofe.hu\/parola\/parola-folyoirat\/gyokeres-szennyviztisztitas\/\",\"name\":\"Gy\u00f6keres szennyv\u00edztiszt\u00edt\u00e1s - Parola Foly\u00f3irat\",\"isPartOf\":{\"@id\":\"https:\/\/kofe.hu\/parola\/#website\"},\"primaryImageOfPage\":{\"@id\":\"https:\/\/kofe.hu\/parola\/parola-folyoirat\/gyokeres-szennyviztisztitas\/#primaryimage\"},\"image\":{\"@id\":\"https:\/\/kofe.hu\/parola\/parola-folyoirat\/gyokeres-szennyviztisztitas\/#primaryimage\"},\"thumbnailUrl\":\"https:\/\/kofe.hu\/parola\/wp-content\/uploads\/2020\/05\/90.1.jpeg\",\"datePublished\":\"2020-05-27T15:49:03+00:00\",\"dateModified\":\"2020-07-30T07:11:57+00:00\",\"author\":{\"@id\":\"https:\/\/kofe.hu\/parola\/#\/schema\/person\/e218f9357a879ddd7f2cc215cbc1f9e4\"},\"breadcrumb\":{\"@id\":\"https:\/\/kofe.hu\/parola\/parola-folyoirat\/gyokeres-szennyviztisztitas\/#breadcrumb\"},\"inLanguage\":\"hu\",\"potentialAction\":[{\"@type\":\"ReadAction\",\"target\":[\"https:\/\/kofe.hu\/parola\/parola-folyoirat\/gyokeres-szennyviztisztitas\/\"]}]},{\"@type\":\"ImageObject\",\"inLanguage\":\"hu\",\"@id\":\"https:\/\/kofe.hu\/parola\/parola-folyoirat\/gyokeres-szennyviztisztitas\/#primaryimage\",\"url\":\"https:\/\/kofe.hu\/parola\/wp-content\/uploads\/2020\/05\/90.1.jpeg\",\"contentUrl\":\"https:\/\/kofe.hu\/parola\/wp-content\/uploads\/2020\/05\/90.1.jpeg\",\"width\":1328,\"height\":1904},{\"@type\":\"BreadcrumbList\",\"@id\":\"https:\/\/kofe.hu\/parola\/parola-folyoirat\/gyokeres-szennyviztisztitas\/#breadcrumb\",\"itemListElement\":[{\"@type\":\"ListItem\",\"position\":1,\"name\":\"Home\",\"item\":\"https:\/\/kofe.hu\/parola\/\"},{\"@type\":\"ListItem\",\"position\":2,\"name\":\"Gy\u00f6keres szennyv\u00edztiszt\u00edt\u00e1s\"}]},{\"@type\":\"WebSite\",\"@id\":\"https:\/\/kofe.hu\/parola\/#website\",\"url\":\"https:\/\/kofe.hu\/parola\/\",\"name\":\"Parola Foly\u00f3irat\",\"description\":\"\",\"potentialAction\":[{\"@type\":\"SearchAction\",\"target\":{\"@type\":\"EntryPoint\",\"urlTemplate\":\"https:\/\/kofe.hu\/parola\/?s={search_term_string}\"},\"query-input\":{\"@type\":\"PropertyValueSpecification\",\"valueRequired\":true,\"valueName\":\"search_term_string\"}}],\"inLanguage\":\"hu\"},{\"@type\":\"Person\",\"@id\":\"https:\/\/kofe.hu\/parola\/#\/schema\/person\/e218f9357a879ddd7f2cc215cbc1f9e4\",\"name\":\"Beke P\u00e1l\",\"image\":{\"@type\":\"ImageObject\",\"inLanguage\":\"hu\",\"@id\":\"https:\/\/kofe.hu\/parola\/#\/schema\/person\/image\/23494c9101089ad44ae88ce9d2f56aac\",\"url\":\"https:\/\/secure.gravatar.com\/avatar\/?s=96&d=mm&r=g\",\"contentUrl\":\"https:\/\/secure.gravatar.com\/avatar\/?s=96&d=mm&r=g\",\"caption\":\"Beke P\u00e1l\"},\"url\":\"https:\/\/kofe.hu\/parola\/szerzok\/beke-pal\/\"}]}<\/script>\n<!-- \/ Yoast SEO plugin. -->","yoast_head_json":{"title":"Gy\u00f6keres szennyv\u00edztiszt\u00edt\u00e1s - Parola Foly\u00f3irat","robots":{"index":"index","follow":"follow","max-snippet":"max-snippet:-1","max-image-preview":"max-image-preview:large","max-video-preview":"max-video-preview:-1"},"canonical":"https:\/\/kofe.hu\/parola\/parola-folyoirat\/gyokeres-szennyviztisztitas\/","og_locale":"hu_HU","og_type":"article","og_title":"Gy\u00f6keres szennyv\u00edztiszt\u00edt\u00e1s - Parola Foly\u00f3irat","og_description":"Tavaly novemberben magam is szem\u00fcgyre vehettem a Kasselhez k\u00f6zeli Melchiorsgrunban, egy szel\u00edd dombh\u00e1tra telep\u00edtett szoci\u00e1lis telepen azt a bioi\u00f3giai szannyv\u00edztiszt\u00edt\u00f3t, amely egy 40-50 tehenet tart\u00f3 tehen\u00e9szet \u00e9s tejfeldolgoz\u00f3 (alapvet\u0151en sajtokat k\u00e9sz\u00edt\u0151) \u00fczem, valamint az ott \u00e9l\u0151 60-80 ember szennyviz\u00e9t tiszt\u00edtja meg.","og_url":"https:\/\/kofe.hu\/parola\/parola-folyoirat\/gyokeres-szennyviztisztitas\/","og_site_name":"Parola Foly\u00f3irat","article_published_time":"2020-05-27T15:49:03+00:00","article_modified_time":"2020-07-30T07:11:57+00:00","og_image":[{"width":1328,"height":1904,"url":"https:\/\/kofe.hu\/parola\/wp-content\/uploads\/2020\/05\/90.1.jpeg","type":"image\/jpeg"}],"author":"Beke P\u00e1l","twitter_card":"summary_large_image","twitter_misc":{"Szerz\u0151:":"Beke P\u00e1l","Becs\u00fclt olvas\u00e1si id\u0151":"4 perc","Written by":"Beke P\u00e1l"},"schema":{"@context":"https:\/\/schema.org","@graph":[{"@type":"Article","@id":"https:\/\/kofe.hu\/parola\/parola-folyoirat\/gyokeres-szennyviztisztitas\/#article","isPartOf":{"@id":"https:\/\/kofe.hu\/parola\/parola-folyoirat\/gyokeres-szennyviztisztitas\/"},"author":{"name":"Beke P\u00e1l","@id":"https:\/\/kofe.hu\/parola\/#\/schema\/person\/e218f9357a879ddd7f2cc215cbc1f9e4"},"headline":"Gy\u00f6keres szennyv\u00edztiszt\u00edt\u00e1s","datePublished":"2020-05-27T15:49:03+00:00","dateModified":"2020-07-30T07:11:57+00:00","mainEntityOfPage":{"@id":"https:\/\/kofe.hu\/parola\/parola-folyoirat\/gyokeres-szennyviztisztitas\/"},"wordCount":730,"commentCount":0,"image":{"@id":"https:\/\/kofe.hu\/parola\/parola-folyoirat\/gyokeres-szennyviztisztitas\/#primaryimage"},"thumbnailUrl":"https:\/\/kofe.hu\/parola\/wp-content\/uploads\/2020\/05\/90.1.jpeg","articleSection":["Parola 1990\/1","Parola Foly\u00f3irat","Repert\u00f3rium"],"inLanguage":"hu","potentialAction":[{"@type":"CommentAction","name":"Comment","target":["https:\/\/kofe.hu\/parola\/parola-folyoirat\/gyokeres-szennyviztisztitas\/#respond"]}]},{"@type":"WebPage","@id":"https:\/\/kofe.hu\/parola\/parola-folyoirat\/gyokeres-szennyviztisztitas\/","url":"https:\/\/kofe.hu\/parola\/parola-folyoirat\/gyokeres-szennyviztisztitas\/","name":"Gy\u00f6keres szennyv\u00edztiszt\u00edt\u00e1s - Parola Foly\u00f3irat","isPartOf":{"@id":"https:\/\/kofe.hu\/parola\/#website"},"primaryImageOfPage":{"@id":"https:\/\/kofe.hu\/parola\/parola-folyoirat\/gyokeres-szennyviztisztitas\/#primaryimage"},"image":{"@id":"https:\/\/kofe.hu\/parola\/parola-folyoirat\/gyokeres-szennyviztisztitas\/#primaryimage"},"thumbnailUrl":"https:\/\/kofe.hu\/parola\/wp-content\/uploads\/2020\/05\/90.1.jpeg","datePublished":"2020-05-27T15:49:03+00:00","dateModified":"2020-07-30T07:11:57+00:00","author":{"@id":"https:\/\/kofe.hu\/parola\/#\/schema\/person\/e218f9357a879ddd7f2cc215cbc1f9e4"},"breadcrumb":{"@id":"https:\/\/kofe.hu\/parola\/parola-folyoirat\/gyokeres-szennyviztisztitas\/#breadcrumb"},"inLanguage":"hu","potentialAction":[{"@type":"ReadAction","target":["https:\/\/kofe.hu\/parola\/parola-folyoirat\/gyokeres-szennyviztisztitas\/"]}]},{"@type":"ImageObject","inLanguage":"hu","@id":"https:\/\/kofe.hu\/parola\/parola-folyoirat\/gyokeres-szennyviztisztitas\/#primaryimage","url":"https:\/\/kofe.hu\/parola\/wp-content\/uploads\/2020\/05\/90.1.jpeg","contentUrl":"https:\/\/kofe.hu\/parola\/wp-content\/uploads\/2020\/05\/90.1.jpeg","width":1328,"height":1904},{"@type":"BreadcrumbList","@id":"https:\/\/kofe.hu\/parola\/parola-folyoirat\/gyokeres-szennyviztisztitas\/#breadcrumb","itemListElement":[{"@type":"ListItem","position":1,"name":"Home","item":"https:\/\/kofe.hu\/parola\/"},{"@type":"ListItem","position":2,"name":"Gy\u00f6keres szennyv\u00edztiszt\u00edt\u00e1s"}]},{"@type":"WebSite","@id":"https:\/\/kofe.hu\/parola\/#website","url":"https:\/\/kofe.hu\/parola\/","name":"Parola Foly\u00f3irat","description":"","potentialAction":[{"@type":"SearchAction","target":{"@type":"EntryPoint","urlTemplate":"https:\/\/kofe.hu\/parola\/?s={search_term_string}"},"query-input":{"@type":"PropertyValueSpecification","valueRequired":true,"valueName":"search_term_string"}}],"inLanguage":"hu"},{"@type":"Person","@id":"https:\/\/kofe.hu\/parola\/#\/schema\/person\/e218f9357a879ddd7f2cc215cbc1f9e4","name":"Beke P\u00e1l","image":{"@type":"ImageObject","inLanguage":"hu","@id":"https:\/\/kofe.hu\/parola\/#\/schema\/person\/image\/23494c9101089ad44ae88ce9d2f56aac","url":"https:\/\/secure.gravatar.com\/avatar\/?s=96&d=mm&r=g","contentUrl":"https:\/\/secure.gravatar.com\/avatar\/?s=96&d=mm&r=g","caption":"Beke P\u00e1l"},"url":"https:\/\/kofe.hu\/parola\/szerzok\/beke-pal\/"}]}},"_links":{"self":[{"href":"https:\/\/kofe.hu\/parola\/wp-json\/wp\/v2\/posts\/1302","targetHints":{"allow":["GET"]}}],"collection":[{"href":"https:\/\/kofe.hu\/parola\/wp-json\/wp\/v2\/posts"}],"about":[{"href":"https:\/\/kofe.hu\/parola\/wp-json\/wp\/v2\/types\/post"}],"author":[{"embeddable":true,"href":"https:\/\/kofe.hu\/parola\/wp-json\/wp\/v2\/users\/45"}],"replies":[{"embeddable":true,"href":"https:\/\/kofe.hu\/parola\/wp-json\/wp\/v2\/comments?post=1302"}],"version-history":[{"count":2,"href":"https:\/\/kofe.hu\/parola\/wp-json\/wp\/v2\/posts\/1302\/revisions"}],"predecessor-version":[{"id":3937,"href":"https:\/\/kofe.hu\/parola\/wp-json\/wp\/v2\/posts\/1302\/revisions\/3937"}],"wp:featuredmedia":[{"embeddable":true,"href":"https:\/\/kofe.hu\/parola\/wp-json\/wp\/v2\/media\/3917"}],"wp:attachment":[{"href":"https:\/\/kofe.hu\/parola\/wp-json\/wp\/v2\/media?parent=1302"}],"wp:term":[{"taxonomy":"category","embeddable":true,"href":"https:\/\/kofe.hu\/parola\/wp-json\/wp\/v2\/categories?post=1302"},{"taxonomy":"post_tag","embeddable":true,"href":"https:\/\/kofe.hu\/parola\/wp-json\/wp\/v2\/tags?post=1302"},{"taxonomy":"author","embeddable":true,"href":"https:\/\/kofe.hu\/parola\/wp-json\/wp\/v2\/coauthors?post=1302"}],"curies":[{"name":"wp","href":"https:\/\/api.w.org\/{rel}","templated":true}]}}