{"id":1283,"date":"2020-05-27T15:14:32","date_gmt":"2020-05-27T15:14:32","guid":{"rendered":"https:\/\/kofe.hu\/parola\/?p=1283"},"modified":"2020-07-30T09:34:04","modified_gmt":"2020-07-30T09:34:04","slug":"kezunk-ugyeben-a-tortenelem","status":"publish","type":"post","link":"https:\/\/kofe.hu\/parola\/parola-folyoirat\/kezunk-ugyeben-a-tortenelem\/","title":{"rendered":"Kez\u00fcnk \u00fcgy\u00e9ben a t\u00f6rt\u00e9nelem"},"content":{"rendered":"<p><span style=\"font-family: Times New Roman CE;\">M\u00e9g berzenkedek, nehezen fogom f\u00f6l, de lassan be kell l\u00e1tnom, hogy el\u00e9rkeztem azok k\u00f6z\u00e9 \u00e9n is, akiknek a h\u00e1ta m\u00f6g\u00f6tt m\u00e1r \u00f6sszes\u00faghatnak olykor csillog\u00f3bb tekintet\u0171 ifj\u00fa emberek: no, ez is megette m\u00e1r a kenyere jav\u00e1t&#8230;!<\/span><\/p>\n<p><!--more--><\/p>\n<p><span style=\"font-family: Times New Roman CE;\"> (B\u00e1r l\u00e1tn\u00e9k sok ilyen szemet magam k\u00f6r\u00fcl!) Sok m\u00e1s t\u00e1rsammal egy\u00fctt e p\u00e1ly\u00e1n, azt is elmondhatom: ez a keny\u00e9r sz\u00e1momra legnagyobb m\u00e9rt\u00e9kben a n\u00e9pm\u0171vel\u0151k, a n\u00e9pm\u0171vel\u00e9s kenyere volt. (Tal\u00e1n j\u00f3 volna, ha lenne id\u0151, kedv \u00e9s tehets\u00e9g benn\u00fcnk egyszer elmondani m\u00e9g, hogy ebben a l\u00e9lekcser\u00e9lget\u0151 korban mikor milyen \u00edz\u00e9t is \u00e9rezt\u00fck meg mi ennek a keny\u00e9rnek&#8230;!)<\/span><\/p>\n<p><span style=\"font-family: Times New Roman CE;\">\u00c9vei m\u00fal\u00e1s\u00e1t akk\u00e9nt is \u00e9szreveszi az ember, hogy m\u00e1r gondol vel\u00fck. Ha meg \u00faj jelens\u00e9gekkel tal\u00e1lkozik, felr\u00e9mlenek el\u0151tte r\u00e9gebbiek, hasonl\u00f3ak vagy ellent\u00e9tesek. Mostan\u00e1ban, amikor a kult\u00fara, a m\u0171vel\u0151d\u00e9s dolgai (mint minden m\u00e1s is persze) \u00f6sszegubancol\u00f3dnak, f\u00e9lteni \u00e9s menteni val\u00f3ja tal\u00e1n jobban \u00e9s t\u00f6bb is akad annak, aki nagyobb r\u00e9sz\u00e9t elfogyasztotta m\u00e1r ama bizonyos kenyer\u00e9nek. S \u00e9rz\u00e9kenyebb, aggod\u00f3bb is tal\u00e1n, ha tetter\u0151s, de \u00f6nmagukat felk\u00e9sz\u00fcltnek tart\u00f3 &#8222;szakembereket&#8221; a v\u00e1ltoz\u00e1sok sodr\u00e1ban csak tehetetlenkedve jajongani l\u00e1t.<\/span><\/p>\n<p><span style=\"font-family: Times New Roman CE;\">Mert olyan f\u00f6ldm\u0171vessel m\u00e9g sohasem tal\u00e1lkoztam az\u00e9rt, aki &#8211; b\u00e1rhogyan is t\u00e9pte sz\u00e9l, verte vihar, szikkasztotta asz\u00e1ly a f\u00f6ldj\u00e9t &#8211; egyszer csak arra az \u00e1ll\u00e1spontra jutott volna, hogy mindezek miatt itt nem lehet, vagy t\u00f6bb\u00e9 nem \u00e9rdemes egy kapav\u00e1g\u00e1st sem tennie. De olyan \u00e9pesz\u0171 orvosr\u00f3l sem hallottam m\u00e9g mindezideig, aki p\u00e1nikszer\u0171 sir\u00e1nkoz\u00e1sba, majd eszeveszett menek\u00fcl\u00e9sbe kezdett volna, amikor egy s\u00falyosabban beteg p\u00e1ciens ker\u00fclt el\u00e9je. \u00c9s egyetlen asztalosnak a h\u00edre se jutott el hozz\u00e1m, aki nem volt k\u00e9pes \u00f6sszeeszk\u00e1b\u00e1lni &#8211; mondjuk &#8211; egy j\u00f3 ker\u00edt\u00e9st a kicsit sil\u00e1nyabbnak mutatkoz\u00f3 deszk\u00e1b\u00f3l, amit eredeti sz\u00e1nd\u00e9ka szerint pedig egy takaros szekr\u00e9ny remekbeteremt\u00e9s\u00e9re sz\u00e1nt.<\/span><\/p>\n<p><span style=\"font-family: Times New Roman CE;\">H\u00fasz \u00e9vn\u00e9l r\u00e9gebben l\u00e9v\u00e9n a n\u00e9pm\u0171vel\u0151p\u00e1ly\u00e1n, olyan szakmab\u00e9li cimbor\u00e1val azonban igencsak sokkal volt tal\u00e1lkoz\u00e1som, akiknek mindig akadt valami m\u00falhatatlan \u00e9s v\u00edgasztalhatatlan sir\u00e1nkozni val\u00f3juk. Melyekr\u0151l el\u0151adott sz\u00e1mos b\u00fasul\u00f3 ballad\u00e1juknak, meg panaszosan tekerg\u0151 keserg\u0151j\u00fcknek v\u00e9ge-hossza nem volt. Sz\u00f3ltak e minezengerek a legt\u00f6bbsz\u00f6r arr\u00f3l, hogy most megint \u00e9ppen mi az, ami miatt \u0151k, a n\u00e9p m\u0171vel\u00e9s\u00e9re (\u00e9rtsd: megv\u00e1lt\u00e1s\u00e1ra, f\u00f6lemel\u00e9s\u00e9re, meg\u00fcdv\u00f6z\u00edt\u00e9s\u00e9re stb.), valahol, valamikor, valakik \u00e1ltal f\u00f6lkent sz\u00e9plelkek egyszer\u0171en nem k\u00e9pesek beteljes\u00edteni a r\u00e1juk osztott magasztos k\u00fcldet\u00e9st. Az \u00e9let, ez a nyomorult \u00e9s nyomor\u00edt\u00f3, mindig belezavart belezagyv\u00e1lt ebbe a h\u00f3selymes \u00e9s rem\u00e9nyteljes k\u00fcldet\u00e9sbe.<\/span><\/p>\n<p><span style=\"font-family: Times New Roman CE;\">\u00c9s ez a rettenetesen sok egym\u00e1sba gabalyodott kusza v\u00e1ltoz\u00e1s most is, ezekben a terhesterhelt id\u0151kben is kil\u00e1t\u00e1stalann\u00e1 tesz itt k\u00e9rem mindent. Halljuk, szinte m\u00e1r szakma-szerte ezeket a keser\u0171 szavakat. K\u00fcl\u00f6n\u00f6sen ellazulni meg \u00f6sszeomlani \u00e9rzi-\u00e9rezheti maga k\u00f6r\u00fcl a vil\u00e1got az, akinek soha nem volt el\u00e9g a f\u00f6ls\u0151bbs\u00e9gekt\u0151l r\u00e1aggatott f\u00fcgg\u00e9s, hanem \u0151 m\u00e9g &#8222;\u00f6nk\u00e9nt s k\u00e9jjel&#8221; maga is folyton \u00fajabbakkal sz\u0151tte s\u0171r\u0171bbre maga k\u00f6r\u00fcl kiszolg\u00e1ltatotts\u00e1ga h\u00e1l\u00f3j\u00e1t. F\u00f6lfel\u00e9 persze, mert biztons\u00e1gban csak akkor \u00e9rezte mag\u00e1t, ha valakik aty\u00e1skodtak f\u00f6l\u00f6tte, gondoskodtak r\u00f3la, ha a ny\u00e1jba tartozott. Ha az ir\u00e1ny\u00edt\u00e1s, az ellen\u0151rz\u00e9s, a fenntart\u00e1s, a fel\u00fcgyelet(!) az \u0151 ir\u00e1ny\u00e1ba, az \u0151 munk\u00e1j\u00e1val kapcsolatban (s\u0151t: az \u0151 gondolataival kapcsolatban) pontosan \u00e9s mindenre kiterjed\u0151en &#8211; tot\u00e1lisan &#8211; m\u0171k\u00f6d\u00f6tt.<\/span><\/p>\n<p><span style=\"font-family: Times New Roman CE;\">Nos, Kedves Koll\u00e9g\u00e1im, ennek a k\u00e9nyelmes kitartotts\u00e1gnak \u00e9s kiszolg\u00e1ltatotts\u00e1gnak, azt hiszem, lassan val\u00f3ban v\u00e9ge lesz. A kuf\u00e1rok, k\u00f3klerek, a szellemi-politikai toprongyok \u00e9s kurv\u00e1k kora lej\u00e1rt. (Persze, hogy j\u0151-e jobb kor, s f\u0151leg, hogy m\u00e1r itt is van-e &#8211; azt, t\u00e1n m\u00e9g a Mindenhat\u00f3 se tudn\u00e1 ebben a kavalk\u00e1dban megmondani.) A kult\u00fara v\u00e9gre hazaballag az \u00f6v\u00e9ihez, \u00fagy, ahogyan, \u00e9s amilyen. A cirkuszs\u00e1tor \u00f6sszeomlik, a sz\u00e9tsz\u00f3rt konfettit belepi a s\u00e1r. A m\u0171f\u00e9nyek, m\u0171hajak, m\u0171istenek,<\/span><br \/>\n<span style=\"font-family: Times New Roman CE;\">m\u0171m\u0171vek karnev\u00e1lja v\u00e9get\u00e9rt. Most, \u00e9s ezegyszer. \u00c9s bizonyos, hogy nem egyszer s mindenkorra.<\/span><\/p>\n<p><span style=\"font-family: Times New Roman CE;\">Ebben a s\u0171r\u0171 k\u00f6dben, szmogban, benzin- \u00e9s eszmeg\u0151zben Magyarorsz\u00e1gon most m\u00e9gis \u00fajra hajnalodik. Akarjuk vagy nem, k\u00e9pesek lesz\u00fcnk r\u00e1, vagy tehetetlenek &#8211; akkoris olyan vil\u00e1g \u00e9p\u00fcl itt, amire a kult\u00fara (az \u00e1ltaluk birtokolt kult\u00fara!) k\u00e9pess\u00e9 teszi az embereket. Ha nem szobab\u00fator-, h\u00e1t akkor ker\u00edt\u00e9s-szer\u0171. Vel\u00fcnk vagy n\u00e9lk\u00fcl\u00fcnk.<\/span><\/p>\n<p><span style=\"font-family: Times New Roman CE;\">A val\u00f3s\u00e1g, a vil\u00e1g, a v\u00e1ltoz\u00e1sok itt vannak &#8211; ott vannak &#8211; mindannyiunk keze\u00fcgy\u00e9ben. A t\u00f6rt\u00e9nelem is kez\u00fcnk \u00fcgy\u00e9be ker\u00fclt. N\u00e9pm\u0171vel\u0151t\u00e1rsaim: \u00e9breszt\u0151 &#8211; s dologra!<\/span><\/p>\n","protected":false},"excerpt":{"rendered":"<p>M\u00e9g berzenkedek, nehezen fogom f\u00f6l, de lassan be kell l\u00e1tnom, hogy el\u00e9rkeztem azok k\u00f6z\u00e9 \u00e9n is, akiknek a h\u00e1ta m\u00f6g\u00f6tt m\u00e1r \u00f6sszes\u00faghatnak olykor csillog\u00f3bb tekintet\u0171 ifj\u00fa emberek: no, ez is megette m\u00e1r a kenyere jav\u00e1t&#8230;!<\/p>\n","protected":false},"author":49,"featured_media":3989,"comment_status":"open","ping_status":"open","sticky":false,"template":"","format":"standard","meta":{"_acf_changed":false,"footnotes":""},"categories":[51,8,7],"tags":[],"coauthors":[66],"class_list":["post-1283","post","type-post","status-publish","format-standard","has-post-thumbnail","hentry","category-parola-1990-4","category-parola-folyoirat","category-repertorium"],"acf":[],"yoast_head":"<!-- This site is optimized with the Yoast SEO plugin v26.7 - https:\/\/yoast.com\/wordpress\/plugins\/seo\/ -->\n<title>Kez\u00fcnk \u00fcgy\u00e9ben a t\u00f6rt\u00e9nelem - Parola Foly\u00f3irat<\/title>\n<meta name=\"robots\" content=\"index, follow, max-snippet:-1, max-image-preview:large, max-video-preview:-1\" \/>\n<link rel=\"canonical\" href=\"https:\/\/kofe.hu\/parola\/parola-folyoirat\/kezunk-ugyeben-a-tortenelem\/\" \/>\n<meta property=\"og:locale\" content=\"hu_HU\" \/>\n<meta property=\"og:type\" content=\"article\" \/>\n<meta property=\"og:title\" content=\"Kez\u00fcnk \u00fcgy\u00e9ben a t\u00f6rt\u00e9nelem - Parola Foly\u00f3irat\" \/>\n<meta property=\"og:description\" content=\"M\u00e9g berzenkedek, nehezen fogom f\u00f6l, de lassan be kell l\u00e1tnom, hogy el\u00e9rkeztem azok k\u00f6z\u00e9 \u00e9n is, akiknek a h\u00e1ta m\u00f6g\u00f6tt m\u00e1r \u00f6sszes\u00faghatnak olykor csillog\u00f3bb tekintet\u0171 ifj\u00fa emberek: no, ez is megette m\u00e1r a kenyere jav\u00e1t&#8230;!\" \/>\n<meta property=\"og:url\" content=\"https:\/\/kofe.hu\/parola\/parola-folyoirat\/kezunk-ugyeben-a-tortenelem\/\" \/>\n<meta property=\"og:site_name\" content=\"Parola Foly\u00f3irat\" \/>\n<meta property=\"article:published_time\" content=\"2020-05-27T15:14:32+00:00\" \/>\n<meta property=\"article:modified_time\" content=\"2020-07-30T09:34:04+00:00\" \/>\n<meta property=\"og:image\" content=\"https:\/\/kofe.hu\/parola\/wp-content\/uploads\/2020\/05\/90.4.jpeg\" \/>\n\t<meta property=\"og:image:width\" content=\"1410\" \/>\n\t<meta property=\"og:image:height\" content=\"1980\" \/>\n\t<meta property=\"og:image:type\" content=\"image\/jpeg\" \/>\n<meta name=\"author\" content=\"dr. Balipap Ferenc\" \/>\n<meta name=\"twitter:card\" content=\"summary_large_image\" \/>\n<meta name=\"twitter:label1\" content=\"Szerz\u0151:\" \/>\n\t<meta name=\"twitter:data1\" content=\"dr. Balipap Ferenc\" \/>\n\t<meta name=\"twitter:label2\" content=\"Becs\u00fclt olvas\u00e1si id\u0151\" \/>\n\t<meta name=\"twitter:data2\" content=\"5 perc\" \/>\n\t<meta name=\"twitter:label3\" content=\"Written by\" \/>\n\t<meta name=\"twitter:data3\" content=\"dr. Balipap Ferenc\" \/>\n<script type=\"application\/ld+json\" class=\"yoast-schema-graph\">{\"@context\":\"https:\/\/schema.org\",\"@graph\":[{\"@type\":\"Article\",\"@id\":\"https:\/\/kofe.hu\/parola\/parola-folyoirat\/kezunk-ugyeben-a-tortenelem\/#article\",\"isPartOf\":{\"@id\":\"https:\/\/kofe.hu\/parola\/parola-folyoirat\/kezunk-ugyeben-a-tortenelem\/\"},\"author\":{\"name\":\"dr. Balipap Ferenc\",\"@id\":\"https:\/\/kofe.hu\/parola\/#\/schema\/person\/3e8190c2c2bb0272951001e3c1ed442e\"},\"headline\":\"Kez\u00fcnk \u00fcgy\u00e9ben a t\u00f6rt\u00e9nelem\",\"datePublished\":\"2020-05-27T15:14:32+00:00\",\"dateModified\":\"2020-07-30T09:34:04+00:00\",\"mainEntityOfPage\":{\"@id\":\"https:\/\/kofe.hu\/parola\/parola-folyoirat\/kezunk-ugyeben-a-tortenelem\/\"},\"wordCount\":936,\"commentCount\":0,\"image\":{\"@id\":\"https:\/\/kofe.hu\/parola\/parola-folyoirat\/kezunk-ugyeben-a-tortenelem\/#primaryimage\"},\"thumbnailUrl\":\"https:\/\/kofe.hu\/parola\/wp-content\/uploads\/2020\/05\/90.4.jpeg\",\"articleSection\":[\"Parola 1990\/4\",\"Parola Foly\u00f3irat\",\"Repert\u00f3rium\"],\"inLanguage\":\"hu\",\"potentialAction\":[{\"@type\":\"CommentAction\",\"name\":\"Comment\",\"target\":[\"https:\/\/kofe.hu\/parola\/parola-folyoirat\/kezunk-ugyeben-a-tortenelem\/#respond\"]}]},{\"@type\":\"WebPage\",\"@id\":\"https:\/\/kofe.hu\/parola\/parola-folyoirat\/kezunk-ugyeben-a-tortenelem\/\",\"url\":\"https:\/\/kofe.hu\/parola\/parola-folyoirat\/kezunk-ugyeben-a-tortenelem\/\",\"name\":\"Kez\u00fcnk \u00fcgy\u00e9ben a t\u00f6rt\u00e9nelem - Parola Foly\u00f3irat\",\"isPartOf\":{\"@id\":\"https:\/\/kofe.hu\/parola\/#website\"},\"primaryImageOfPage\":{\"@id\":\"https:\/\/kofe.hu\/parola\/parola-folyoirat\/kezunk-ugyeben-a-tortenelem\/#primaryimage\"},\"image\":{\"@id\":\"https:\/\/kofe.hu\/parola\/parola-folyoirat\/kezunk-ugyeben-a-tortenelem\/#primaryimage\"},\"thumbnailUrl\":\"https:\/\/kofe.hu\/parola\/wp-content\/uploads\/2020\/05\/90.4.jpeg\",\"datePublished\":\"2020-05-27T15:14:32+00:00\",\"dateModified\":\"2020-07-30T09:34:04+00:00\",\"author\":{\"@id\":\"https:\/\/kofe.hu\/parola\/#\/schema\/person\/3e8190c2c2bb0272951001e3c1ed442e\"},\"breadcrumb\":{\"@id\":\"https:\/\/kofe.hu\/parola\/parola-folyoirat\/kezunk-ugyeben-a-tortenelem\/#breadcrumb\"},\"inLanguage\":\"hu\",\"potentialAction\":[{\"@type\":\"ReadAction\",\"target\":[\"https:\/\/kofe.hu\/parola\/parola-folyoirat\/kezunk-ugyeben-a-tortenelem\/\"]}]},{\"@type\":\"ImageObject\",\"inLanguage\":\"hu\",\"@id\":\"https:\/\/kofe.hu\/parola\/parola-folyoirat\/kezunk-ugyeben-a-tortenelem\/#primaryimage\",\"url\":\"https:\/\/kofe.hu\/parola\/wp-content\/uploads\/2020\/05\/90.4.jpeg\",\"contentUrl\":\"https:\/\/kofe.hu\/parola\/wp-content\/uploads\/2020\/05\/90.4.jpeg\",\"width\":1410,\"height\":1980},{\"@type\":\"BreadcrumbList\",\"@id\":\"https:\/\/kofe.hu\/parola\/parola-folyoirat\/kezunk-ugyeben-a-tortenelem\/#breadcrumb\",\"itemListElement\":[{\"@type\":\"ListItem\",\"position\":1,\"name\":\"Home\",\"item\":\"https:\/\/kofe.hu\/parola\/\"},{\"@type\":\"ListItem\",\"position\":2,\"name\":\"Kez\u00fcnk \u00fcgy\u00e9ben a t\u00f6rt\u00e9nelem\"}]},{\"@type\":\"WebSite\",\"@id\":\"https:\/\/kofe.hu\/parola\/#website\",\"url\":\"https:\/\/kofe.hu\/parola\/\",\"name\":\"Parola Foly\u00f3irat\",\"description\":\"\",\"potentialAction\":[{\"@type\":\"SearchAction\",\"target\":{\"@type\":\"EntryPoint\",\"urlTemplate\":\"https:\/\/kofe.hu\/parola\/?s={search_term_string}\"},\"query-input\":{\"@type\":\"PropertyValueSpecification\",\"valueRequired\":true,\"valueName\":\"search_term_string\"}}],\"inLanguage\":\"hu\"},{\"@type\":\"Person\",\"@id\":\"https:\/\/kofe.hu\/parola\/#\/schema\/person\/3e8190c2c2bb0272951001e3c1ed442e\",\"name\":\"dr. Balipap Ferenc\",\"image\":{\"@type\":\"ImageObject\",\"inLanguage\":\"hu\",\"@id\":\"https:\/\/kofe.hu\/parola\/#\/schema\/person\/image\/23494c9101089ad44ae88ce9d2f56aac\",\"url\":\"https:\/\/secure.gravatar.com\/avatar\/?s=96&d=mm&r=g\",\"contentUrl\":\"https:\/\/secure.gravatar.com\/avatar\/?s=96&d=mm&r=g\",\"caption\":\"dr. Balipap Ferenc\"},\"url\":\"https:\/\/kofe.hu\/parola\/szerzok\/dr-balipap-ferenc\/\"}]}<\/script>\n<!-- \/ Yoast SEO plugin. -->","yoast_head_json":{"title":"Kez\u00fcnk \u00fcgy\u00e9ben a t\u00f6rt\u00e9nelem - Parola Foly\u00f3irat","robots":{"index":"index","follow":"follow","max-snippet":"max-snippet:-1","max-image-preview":"max-image-preview:large","max-video-preview":"max-video-preview:-1"},"canonical":"https:\/\/kofe.hu\/parola\/parola-folyoirat\/kezunk-ugyeben-a-tortenelem\/","og_locale":"hu_HU","og_type":"article","og_title":"Kez\u00fcnk \u00fcgy\u00e9ben a t\u00f6rt\u00e9nelem - Parola Foly\u00f3irat","og_description":"M\u00e9g berzenkedek, nehezen fogom f\u00f6l, de lassan be kell l\u00e1tnom, hogy el\u00e9rkeztem azok k\u00f6z\u00e9 \u00e9n is, akiknek a h\u00e1ta m\u00f6g\u00f6tt m\u00e1r \u00f6sszes\u00faghatnak olykor csillog\u00f3bb tekintet\u0171 ifj\u00fa emberek: no, ez is megette m\u00e1r a kenyere jav\u00e1t&#8230;!","og_url":"https:\/\/kofe.hu\/parola\/parola-folyoirat\/kezunk-ugyeben-a-tortenelem\/","og_site_name":"Parola Foly\u00f3irat","article_published_time":"2020-05-27T15:14:32+00:00","article_modified_time":"2020-07-30T09:34:04+00:00","og_image":[{"width":1410,"height":1980,"url":"https:\/\/kofe.hu\/parola\/wp-content\/uploads\/2020\/05\/90.4.jpeg","type":"image\/jpeg"}],"author":"dr. Balipap Ferenc","twitter_card":"summary_large_image","twitter_misc":{"Szerz\u0151:":"dr. Balipap Ferenc","Becs\u00fclt olvas\u00e1si id\u0151":"5 perc","Written by":"dr. Balipap Ferenc"},"schema":{"@context":"https:\/\/schema.org","@graph":[{"@type":"Article","@id":"https:\/\/kofe.hu\/parola\/parola-folyoirat\/kezunk-ugyeben-a-tortenelem\/#article","isPartOf":{"@id":"https:\/\/kofe.hu\/parola\/parola-folyoirat\/kezunk-ugyeben-a-tortenelem\/"},"author":{"name":"dr. Balipap Ferenc","@id":"https:\/\/kofe.hu\/parola\/#\/schema\/person\/3e8190c2c2bb0272951001e3c1ed442e"},"headline":"Kez\u00fcnk \u00fcgy\u00e9ben a t\u00f6rt\u00e9nelem","datePublished":"2020-05-27T15:14:32+00:00","dateModified":"2020-07-30T09:34:04+00:00","mainEntityOfPage":{"@id":"https:\/\/kofe.hu\/parola\/parola-folyoirat\/kezunk-ugyeben-a-tortenelem\/"},"wordCount":936,"commentCount":0,"image":{"@id":"https:\/\/kofe.hu\/parola\/parola-folyoirat\/kezunk-ugyeben-a-tortenelem\/#primaryimage"},"thumbnailUrl":"https:\/\/kofe.hu\/parola\/wp-content\/uploads\/2020\/05\/90.4.jpeg","articleSection":["Parola 1990\/4","Parola Foly\u00f3irat","Repert\u00f3rium"],"inLanguage":"hu","potentialAction":[{"@type":"CommentAction","name":"Comment","target":["https:\/\/kofe.hu\/parola\/parola-folyoirat\/kezunk-ugyeben-a-tortenelem\/#respond"]}]},{"@type":"WebPage","@id":"https:\/\/kofe.hu\/parola\/parola-folyoirat\/kezunk-ugyeben-a-tortenelem\/","url":"https:\/\/kofe.hu\/parola\/parola-folyoirat\/kezunk-ugyeben-a-tortenelem\/","name":"Kez\u00fcnk \u00fcgy\u00e9ben a t\u00f6rt\u00e9nelem - Parola Foly\u00f3irat","isPartOf":{"@id":"https:\/\/kofe.hu\/parola\/#website"},"primaryImageOfPage":{"@id":"https:\/\/kofe.hu\/parola\/parola-folyoirat\/kezunk-ugyeben-a-tortenelem\/#primaryimage"},"image":{"@id":"https:\/\/kofe.hu\/parola\/parola-folyoirat\/kezunk-ugyeben-a-tortenelem\/#primaryimage"},"thumbnailUrl":"https:\/\/kofe.hu\/parola\/wp-content\/uploads\/2020\/05\/90.4.jpeg","datePublished":"2020-05-27T15:14:32+00:00","dateModified":"2020-07-30T09:34:04+00:00","author":{"@id":"https:\/\/kofe.hu\/parola\/#\/schema\/person\/3e8190c2c2bb0272951001e3c1ed442e"},"breadcrumb":{"@id":"https:\/\/kofe.hu\/parola\/parola-folyoirat\/kezunk-ugyeben-a-tortenelem\/#breadcrumb"},"inLanguage":"hu","potentialAction":[{"@type":"ReadAction","target":["https:\/\/kofe.hu\/parola\/parola-folyoirat\/kezunk-ugyeben-a-tortenelem\/"]}]},{"@type":"ImageObject","inLanguage":"hu","@id":"https:\/\/kofe.hu\/parola\/parola-folyoirat\/kezunk-ugyeben-a-tortenelem\/#primaryimage","url":"https:\/\/kofe.hu\/parola\/wp-content\/uploads\/2020\/05\/90.4.jpeg","contentUrl":"https:\/\/kofe.hu\/parola\/wp-content\/uploads\/2020\/05\/90.4.jpeg","width":1410,"height":1980},{"@type":"BreadcrumbList","@id":"https:\/\/kofe.hu\/parola\/parola-folyoirat\/kezunk-ugyeben-a-tortenelem\/#breadcrumb","itemListElement":[{"@type":"ListItem","position":1,"name":"Home","item":"https:\/\/kofe.hu\/parola\/"},{"@type":"ListItem","position":2,"name":"Kez\u00fcnk \u00fcgy\u00e9ben a t\u00f6rt\u00e9nelem"}]},{"@type":"WebSite","@id":"https:\/\/kofe.hu\/parola\/#website","url":"https:\/\/kofe.hu\/parola\/","name":"Parola Foly\u00f3irat","description":"","potentialAction":[{"@type":"SearchAction","target":{"@type":"EntryPoint","urlTemplate":"https:\/\/kofe.hu\/parola\/?s={search_term_string}"},"query-input":{"@type":"PropertyValueSpecification","valueRequired":true,"valueName":"search_term_string"}}],"inLanguage":"hu"},{"@type":"Person","@id":"https:\/\/kofe.hu\/parola\/#\/schema\/person\/3e8190c2c2bb0272951001e3c1ed442e","name":"dr. Balipap Ferenc","image":{"@type":"ImageObject","inLanguage":"hu","@id":"https:\/\/kofe.hu\/parola\/#\/schema\/person\/image\/23494c9101089ad44ae88ce9d2f56aac","url":"https:\/\/secure.gravatar.com\/avatar\/?s=96&d=mm&r=g","contentUrl":"https:\/\/secure.gravatar.com\/avatar\/?s=96&d=mm&r=g","caption":"dr. Balipap Ferenc"},"url":"https:\/\/kofe.hu\/parola\/szerzok\/dr-balipap-ferenc\/"}]}},"_links":{"self":[{"href":"https:\/\/kofe.hu\/parola\/wp-json\/wp\/v2\/posts\/1283","targetHints":{"allow":["GET"]}}],"collection":[{"href":"https:\/\/kofe.hu\/parola\/wp-json\/wp\/v2\/posts"}],"about":[{"href":"https:\/\/kofe.hu\/parola\/wp-json\/wp\/v2\/types\/post"}],"author":[{"embeddable":true,"href":"https:\/\/kofe.hu\/parola\/wp-json\/wp\/v2\/users\/49"}],"replies":[{"embeddable":true,"href":"https:\/\/kofe.hu\/parola\/wp-json\/wp\/v2\/comments?post=1283"}],"version-history":[{"count":2,"href":"https:\/\/kofe.hu\/parola\/wp-json\/wp\/v2\/posts\/1283\/revisions"}],"predecessor-version":[{"id":4009,"href":"https:\/\/kofe.hu\/parola\/wp-json\/wp\/v2\/posts\/1283\/revisions\/4009"}],"wp:featuredmedia":[{"embeddable":true,"href":"https:\/\/kofe.hu\/parola\/wp-json\/wp\/v2\/media\/3989"}],"wp:attachment":[{"href":"https:\/\/kofe.hu\/parola\/wp-json\/wp\/v2\/media?parent=1283"}],"wp:term":[{"taxonomy":"category","embeddable":true,"href":"https:\/\/kofe.hu\/parola\/wp-json\/wp\/v2\/categories?post=1283"},{"taxonomy":"post_tag","embeddable":true,"href":"https:\/\/kofe.hu\/parola\/wp-json\/wp\/v2\/tags?post=1283"},{"taxonomy":"author","embeddable":true,"href":"https:\/\/kofe.hu\/parola\/wp-json\/wp\/v2\/coauthors?post=1283"}],"curies":[{"name":"wp","href":"https:\/\/api.w.org\/{rel}","templated":true}]}}